{"id":715,"date":"2009-10-23T10:55:00","date_gmt":"2009-10-23T10:55:00","guid":{"rendered":"http:\/\/carideal.com\/blog\/?p=715"},"modified":"2016-06-25T13:00:59","modified_gmt":"2016-06-25T11:00:59","slug":"prime-a-la-casse-2","status":"publish","type":"post","link":"https:\/\/www.carideal.com\/blog\/2009\/10\/23\/prime-a-la-casse-2\/","title":{"rendered":"Prime \u00e0 la casse de 1000\u20ac"},"content":{"rendered":"<figure style=\"width: 392px\" class=\"wp-caption alignnone\"><img loading=\"lazy\" decoding=\"async\" style=\"display: block; margin: 0 auto;\" title=\"Christian Estrosi confirme la Prime \u00e0 la casse de 1000\u20ac\" src=\"\/blog\/public\/.christian-estrosi_carideal_m.jpg\" alt=\"Christian Estrosi confirme la Prime \u00e0 la casse de 1000\u20ac\" width=\"402\" height=\"448\" \/><figcaption class=\"wp-caption-text\">Christian Estrosi confirme la Prime \u00e0 la casse de 1000\u20ac<\/figcaption><\/figure>\n<h1><strong>Prime \u00e0 la casse de 1000\u20ac maintenu \u00e0 la date de commande<\/strong><\/h1>\n<p>Le ministre de l'industrie Christian Estrosi a tenu a rassurer les consommateurs, constructeurs automobiles et Concessionnaires. Le Ministre a d\u00e9clar\u00e9 \u00e0 la presse, que la prime \u00e0 la casse de 1000 \u20ac s'appliquerait \u00e0 tous les v\u00e9hicules command\u00e9s avant le 31 d\u00e9cembre 2009. C'est donc la date de commande qui fera foi. De facto le super bonus passera \u00e0 700 \u20ac au 1er Janvier 2010.<\/p>\n","protected":false},"excerpt":{"rendered":"<p>Prime \u00e0 la casse de 1000\u20ac maintenu \u00e0 la date de commande Le ministre de l&rsquo;industrie Christian Estrosi a tenu a rassurer les consommateurs, constructeurs automobiles et Concessionnaires. Le Ministre a d\u00e9clar\u00e9 \u00e0 la presse, que la prime \u00e0 la casse de 1000 \u20ac s&rsquo;appliquerait \u00e0 tous les v\u00e9hicules command\u00e9s avant le 31 d\u00e9cembre 2009. &#8230; <a title=\"Prime \u00e0 la casse de 1000\u20ac\" class=\"read-more\" href=\"https:\/\/www.carideal.com\/blog\/2009\/10\/23\/prime-a-la-casse-2\/\" aria-label=\"En savoir plus sur Prime \u00e0 la casse de 1000\u20ac\">Lire plus<\/a><\/p>\n","protected":false},"author":1,"featured_media":0,"comment_status":"open","ping_status":"open","sticky":false,"template":"","format":"standard","meta":{"_uag_custom_page_level_css":"","_themeisle_gutenberg_block_has_review":false,"footnotes":""},"categories":[3,10],"tags":[255],"class_list":["post-715","post","type-post","status-publish","format-standard","hentry","category-actualites-financieres","category-marche-automobile-voiture-neuve-occasion-4x4-suv","tag-prime-a-la-casse"],"wppr_data":[],"yoast_head":"<!-- This site is optimized with the Yoast SEO plugin v24.8.1 - https:\/\/yoast.com\/wordpress\/plugins\/seo\/ -->\n<title>Prime \u00e0 la casse de 1000\u20ac - Blog auto Carid\u00e9al<\/title>\n<meta name=\"robots\" content=\"index, follow, max-snippet:-1, max-image-preview:large, max-video-preview:-1\" \/>\n<link rel=\"canonical\" href=\"https:\/\/www.carideal.com\/blog\/2009\/10\/23\/prime-a-la-casse-2\/\" \/>\n<meta property=\"og:locale\" content=\"fr_FR\" \/>\n<meta property=\"og:type\" content=\"article\" \/>\n<meta property=\"og:title\" content=\"Prime \u00e0 la casse de 1000\u20ac - Blog auto Carid\u00e9al\" \/>\n<meta property=\"og:description\" content=\"Prime \u00e0 la casse de 1000\u20ac maintenu \u00e0 la date de commande Le ministre de l&#039;industrie Christian Estrosi a tenu a rassurer les consommateurs, constructeurs automobiles et Concessionnaires. Le Ministre a d\u00e9clar\u00e9 \u00e0 la presse, que la prime \u00e0 la casse de 1000 \u20ac s&#039;appliquerait \u00e0 tous les v\u00e9hicules command\u00e9s avant le 31 d\u00e9cembre 2009. ... Lire plus\" \/>\n<meta property=\"og:url\" content=\"https:\/\/www.carideal.com\/blog\/2009\/10\/23\/prime-a-la-casse-2\/\" \/>\n<meta property=\"og:site_name\" content=\"Blog auto Carid\u00e9al\" \/>\n<meta property=\"article:publisher\" content=\"https:\/\/www.facebook.com\/Carideal.mandataire.automobile\" \/>\n<meta property=\"article:author\" content=\"https:\/\/www.facebook.com\/Carideal.mandataire.automobile\/\" \/>\n<meta property=\"article:published_time\" content=\"2009-10-23T10:55:00+00:00\" \/>\n<meta property=\"article:modified_time\" content=\"2016-06-25T11:00:59+00:00\" \/>\n<meta property=\"og:image\" content=\"https:\/\/www.carideal.com\/blog\/wp-content\/uploads\/2016\/03\/logo-carideal-mandataire-automobile.png\" \/>\n\t<meta property=\"og:image:width\" content=\"300\" \/>\n\t<meta property=\"og:image:height\" content=\"300\" \/>\n\t<meta property=\"og:image:type\" content=\"image\/png\" \/>\n<meta name=\"author\" content=\"N.S Carideal\" \/>\n<meta name=\"twitter:card\" content=\"summary_large_image\" \/>\n<meta name=\"twitter:creator\" content=\"@caridealauto\" \/>\n<meta name=\"twitter:site\" content=\"@caridealauto\" \/>\n<meta name=\"twitter:label1\" content=\"\u00c9crit par\" \/>\n\t<meta name=\"twitter:data1\" content=\"N.S Carideal\" \/>\n<script type=\"application\/ld+json\" class=\"yoast-schema-graph\">{\"@context\":\"https:\/\/schema.org\",\"@graph\":[{\"@type\":\"Article\",\"@id\":\"https:\/\/www.carideal.com\/blog\/2009\/10\/23\/prime-a-la-casse-2\/#article\",\"isPartOf\":{\"@id\":\"https:\/\/www.carideal.com\/blog\/2009\/10\/23\/prime-a-la-casse-2\/\"},\"author\":{\"name\":\"N.S Carideal\",\"@id\":\"https:\/\/www.carideal.com\/blog\/#\/schema\/person\/985c7e757d1042d647f21bfaf8d41ebc\"},\"headline\":\"Prime \u00e0 la casse de 1000\u20ac\",\"datePublished\":\"2009-10-23T10:55:00+00:00\",\"dateModified\":\"2016-06-25T11:00:59+00:00\",\"mainEntityOfPage\":{\"@id\":\"https:\/\/www.carideal.com\/blog\/2009\/10\/23\/prime-a-la-casse-2\/\"},\"wordCount\":85,\"commentCount\":0,\"publisher\":{\"@id\":\"https:\/\/www.carideal.com\/blog\/#organization\"},\"keywords\":[\"prime \u00e0 la casse\"],\"articleSection\":[\"Actualit\u00e9 Financi\u00e8re\",\"March\u00e9 automobile\"],\"inLanguage\":\"fr-FR\",\"potentialAction\":[{\"@type\":\"CommentAction\",\"name\":\"Comment\",\"target\":[\"https:\/\/www.carideal.com\/blog\/2009\/10\/23\/prime-a-la-casse-2\/#respond\"]}]},{\"@type\":\"WebPage\",\"@id\":\"https:\/\/www.carideal.com\/blog\/2009\/10\/23\/prime-a-la-casse-2\/\",\"url\":\"https:\/\/www.carideal.com\/blog\/2009\/10\/23\/prime-a-la-casse-2\/\",\"name\":\"Prime \u00e0 la casse de 1000\u20ac - Blog auto Carid\u00e9al\",\"isPartOf\":{\"@id\":\"https:\/\/www.carideal.com\/blog\/#website\"},\"datePublished\":\"2009-10-23T10:55:00+00:00\",\"dateModified\":\"2016-06-25T11:00:59+00:00\",\"breadcrumb\":{\"@id\":\"https:\/\/www.carideal.com\/blog\/2009\/10\/23\/prime-a-la-casse-2\/#breadcrumb\"},\"inLanguage\":\"fr-FR\",\"potentialAction\":[{\"@type\":\"ReadAction\",\"target\":[\"https:\/\/www.carideal.com\/blog\/2009\/10\/23\/prime-a-la-casse-2\/\"]}]},{\"@type\":\"BreadcrumbList\",\"@id\":\"https:\/\/www.carideal.com\/blog\/2009\/10\/23\/prime-a-la-casse-2\/#breadcrumb\",\"itemListElement\":[{\"@type\":\"ListItem\",\"position\":1,\"name\":\"Blog Carid\u00e9al\",\"item\":\"https:\/\/www.carideal.com\/blog\/\"},{\"@type\":\"ListItem\",\"position\":2,\"name\":\"March\u00e9 automobile\",\"item\":\"https:\/\/www.carideal.com\/blog\/marche-automobile-voiture-neuve-occasion-4x4-suv\/\"},{\"@type\":\"ListItem\",\"position\":3,\"name\":\"Prime \u00e0 la casse de 1000\u20ac\"}]},{\"@type\":\"WebSite\",\"@id\":\"https:\/\/www.carideal.com\/blog\/#website\",\"url\":\"https:\/\/www.carideal.com\/blog\/\",\"name\":\"Blog auto Carid\u00e9al\",\"description\":\"Actualit\u00e9 auto par des passionn\u00e9s\",\"publisher\":{\"@id\":\"https:\/\/www.carideal.com\/blog\/#organization\"},\"potentialAction\":[{\"@type\":\"SearchAction\",\"target\":{\"@type\":\"EntryPoint\",\"urlTemplate\":\"https:\/\/www.carideal.com\/blog\/?s={search_term_string}\"},\"query-input\":{\"@type\":\"PropertyValueSpecification\",\"valueRequired\":true,\"valueName\":\"search_term_string\"}}],\"inLanguage\":\"fr-FR\"},{\"@type\":\"Organization\",\"@id\":\"https:\/\/www.carideal.com\/blog\/#organization\",\"name\":\"Carideal\",\"url\":\"https:\/\/www.carideal.com\/blog\/\",\"logo\":{\"@type\":\"ImageObject\",\"inLanguage\":\"fr-FR\",\"@id\":\"https:\/\/www.carideal.com\/blog\/#\/schema\/logo\/image\/\",\"url\":\"http:\/\/www.carideal.com\/blog\/wp-content\/uploads\/2016\/03\/logo-carideal-mandataire-automobile.png\",\"contentUrl\":\"http:\/\/www.carideal.com\/blog\/wp-content\/uploads\/2016\/03\/logo-carideal-mandataire-automobile.png\",\"width\":300,\"height\":300,\"caption\":\"Carideal\"},\"image\":{\"@id\":\"https:\/\/www.carideal.com\/blog\/#\/schema\/logo\/image\/\"},\"sameAs\":[\"https:\/\/www.facebook.com\/Carideal.mandataire.automobile\",\"https:\/\/x.com\/caridealauto\",\"https:\/\/www.instagram.com\/carideal1\/\",\"https:\/\/www.linkedin.com\/company\/carideal.com\",\"https:\/\/fr.pinterest.com\/schiavonsas\/\",\"https:\/\/www.youtube.com\/user\/caridealsas\"]},{\"@type\":\"Person\",\"@id\":\"https:\/\/www.carideal.com\/blog\/#\/schema\/person\/985c7e757d1042d647f21bfaf8d41ebc\",\"name\":\"N.S Carideal\",\"image\":{\"@type\":\"ImageObject\",\"inLanguage\":\"fr-FR\",\"@id\":\"https:\/\/www.carideal.com\/blog\/#\/schema\/person\/image\/\",\"url\":\"https:\/\/secure.gravatar.com\/avatar\/edb7ccdf1a4e3d14aef967760d354d0e?s=96&r=g\",\"contentUrl\":\"https:\/\/secure.gravatar.com\/avatar\/edb7ccdf1a4e3d14aef967760d354d0e?s=96&r=g\",\"caption\":\"N.S Carideal\"},\"description\":\"Depuis tout petit fan d'automobile. Il est question d'essayer et de comparer toutes ces voitures qui nous ont fait r\u00e9ver, avant que celles-ci ne devient uniquement des voitures de collection.\",\"sameAs\":[\"http:\/\/www.carideal.com\/blog\",\"https:\/\/www.facebook.com\/Carideal.mandataire.automobile\/\",\"https:\/\/www.linkedin.com\/in\/nschiavon\/\",\"https:\/\/www.youtube.com\/user\/caridealsas\/\"],\"url\":\"https:\/\/www.carideal.com\/blog\/author\/admin_carideal\/\"}]}<\/script>\n<!-- \/ Yoast SEO plugin. -->","yoast_head_json":{"title":"Prime \u00e0 la casse de 1000\u20ac - Blog auto Carid\u00e9al","robots":{"index":"index","follow":"follow","max-snippet":"max-snippet:-1","max-image-preview":"max-image-preview:large","max-video-preview":"max-video-preview:-1"},"canonical":"https:\/\/www.carideal.com\/blog\/2009\/10\/23\/prime-a-la-casse-2\/","og_locale":"fr_FR","og_type":"article","og_title":"Prime \u00e0 la casse de 1000\u20ac - Blog auto Carid\u00e9al","og_description":"Prime \u00e0 la casse de 1000\u20ac maintenu \u00e0 la date de commande Le ministre de l'industrie Christian Estrosi a tenu a rassurer les consommateurs, constructeurs automobiles et Concessionnaires. Le Ministre a d\u00e9clar\u00e9 \u00e0 la presse, que la prime \u00e0 la casse de 1000 \u20ac s'appliquerait \u00e0 tous les v\u00e9hicules command\u00e9s avant le 31 d\u00e9cembre 2009. ... Lire plus","og_url":"https:\/\/www.carideal.com\/blog\/2009\/10\/23\/prime-a-la-casse-2\/","og_site_name":"Blog auto Carid\u00e9al","article_publisher":"https:\/\/www.facebook.com\/Carideal.mandataire.automobile","article_author":"https:\/\/www.facebook.com\/Carideal.mandataire.automobile\/","article_published_time":"2009-10-23T10:55:00+00:00","article_modified_time":"2016-06-25T11:00:59+00:00","og_image":[{"width":300,"height":300,"url":"https:\/\/www.carideal.com\/blog\/wp-content\/uploads\/2016\/03\/logo-carideal-mandataire-automobile.png","type":"image\/png"}],"author":"N.S Carideal","twitter_card":"summary_large_image","twitter_creator":"@caridealauto","twitter_site":"@caridealauto","twitter_misc":{"\u00c9crit par":"N.S Carideal"},"schema":{"@context":"https:\/\/schema.org","@graph":[{"@type":"Article","@id":"https:\/\/www.carideal.com\/blog\/2009\/10\/23\/prime-a-la-casse-2\/#article","isPartOf":{"@id":"https:\/\/www.carideal.com\/blog\/2009\/10\/23\/prime-a-la-casse-2\/"},"author":{"name":"N.S Carideal","@id":"https:\/\/www.carideal.com\/blog\/#\/schema\/person\/985c7e757d1042d647f21bfaf8d41ebc"},"headline":"Prime \u00e0 la casse de 1000\u20ac","datePublished":"2009-10-23T10:55:00+00:00","dateModified":"2016-06-25T11:00:59+00:00","mainEntityOfPage":{"@id":"https:\/\/www.carideal.com\/blog\/2009\/10\/23\/prime-a-la-casse-2\/"},"wordCount":85,"commentCount":0,"publisher":{"@id":"https:\/\/www.carideal.com\/blog\/#organization"},"keywords":["prime \u00e0 la casse"],"articleSection":["Actualit\u00e9 Financi\u00e8re","March\u00e9 automobile"],"inLanguage":"fr-FR","potentialAction":[{"@type":"CommentAction","name":"Comment","target":["https:\/\/www.carideal.com\/blog\/2009\/10\/23\/prime-a-la-casse-2\/#respond"]}]},{"@type":"WebPage","@id":"https:\/\/www.carideal.com\/blog\/2009\/10\/23\/prime-a-la-casse-2\/","url":"https:\/\/www.carideal.com\/blog\/2009\/10\/23\/prime-a-la-casse-2\/","name":"Prime \u00e0 la casse de 1000\u20ac - Blog auto Carid\u00e9al","isPartOf":{"@id":"https:\/\/www.carideal.com\/blog\/#website"},"datePublished":"2009-10-23T10:55:00+00:00","dateModified":"2016-06-25T11:00:59+00:00","breadcrumb":{"@id":"https:\/\/www.carideal.com\/blog\/2009\/10\/23\/prime-a-la-casse-2\/#breadcrumb"},"inLanguage":"fr-FR","potentialAction":[{"@type":"ReadAction","target":["https:\/\/www.carideal.com\/blog\/2009\/10\/23\/prime-a-la-casse-2\/"]}]},{"@type":"BreadcrumbList","@id":"https:\/\/www.carideal.com\/blog\/2009\/10\/23\/prime-a-la-casse-2\/#breadcrumb","itemListElement":[{"@type":"ListItem","position":1,"name":"Blog Carid\u00e9al","item":"https:\/\/www.carideal.com\/blog\/"},{"@type":"ListItem","position":2,"name":"March\u00e9 automobile","item":"https:\/\/www.carideal.com\/blog\/marche-automobile-voiture-neuve-occasion-4x4-suv\/"},{"@type":"ListItem","position":3,"name":"Prime \u00e0 la casse de 1000\u20ac"}]},{"@type":"WebSite","@id":"https:\/\/www.carideal.com\/blog\/#website","url":"https:\/\/www.carideal.com\/blog\/","name":"Blog auto Carid\u00e9al","description":"Actualit\u00e9 auto par des passionn\u00e9s","publisher":{"@id":"https:\/\/www.carideal.com\/blog\/#organization"},"potentialAction":[{"@type":"SearchAction","target":{"@type":"EntryPoint","urlTemplate":"https:\/\/www.carideal.com\/blog\/?s={search_term_string}"},"query-input":{"@type":"PropertyValueSpecification","valueRequired":true,"valueName":"search_term_string"}}],"inLanguage":"fr-FR"},{"@type":"Organization","@id":"https:\/\/www.carideal.com\/blog\/#organization","name":"Carideal","url":"https:\/\/www.carideal.com\/blog\/","logo":{"@type":"ImageObject","inLanguage":"fr-FR","@id":"https:\/\/www.carideal.com\/blog\/#\/schema\/logo\/image\/","url":"http:\/\/www.carideal.com\/blog\/wp-content\/uploads\/2016\/03\/logo-carideal-mandataire-automobile.png","contentUrl":"http:\/\/www.carideal.com\/blog\/wp-content\/uploads\/2016\/03\/logo-carideal-mandataire-automobile.png","width":300,"height":300,"caption":"Carideal"},"image":{"@id":"https:\/\/www.carideal.com\/blog\/#\/schema\/logo\/image\/"},"sameAs":["https:\/\/www.facebook.com\/Carideal.mandataire.automobile","https:\/\/x.com\/caridealauto","https:\/\/www.instagram.com\/carideal1\/","https:\/\/www.linkedin.com\/company\/carideal.com","https:\/\/fr.pinterest.com\/schiavonsas\/","https:\/\/www.youtube.com\/user\/caridealsas"]},{"@type":"Person","@id":"https:\/\/www.carideal.com\/blog\/#\/schema\/person\/985c7e757d1042d647f21bfaf8d41ebc","name":"N.S Carideal","image":{"@type":"ImageObject","inLanguage":"fr-FR","@id":"https:\/\/www.carideal.com\/blog\/#\/schema\/person\/image\/","url":"https:\/\/secure.gravatar.com\/avatar\/edb7ccdf1a4e3d14aef967760d354d0e?s=96&r=g","contentUrl":"https:\/\/secure.gravatar.com\/avatar\/edb7ccdf1a4e3d14aef967760d354d0e?s=96&r=g","caption":"N.S Carideal"},"description":"Depuis tout petit fan d'automobile. Il est question d'essayer et de comparer toutes ces voitures qui nous ont fait r\u00e9ver, avant que celles-ci ne devient uniquement des voitures de collection.","sameAs":["http:\/\/www.carideal.com\/blog","https:\/\/www.facebook.com\/Carideal.mandataire.automobile\/","https:\/\/www.linkedin.com\/in\/nschiavon\/","https:\/\/www.youtube.com\/user\/caridealsas\/"],"url":"https:\/\/www.carideal.com\/blog\/author\/admin_carideal\/"}]}},"uagb_featured_image_src":{"full":false,"thumbnail":false,"medium":false,"medium_large":false,"large":false,"1536x1536":false,"2048x2048":false,"wppr-widget":false},"uagb_author_info":{"display_name":"N.S Carideal","author_link":"https:\/\/www.carideal.com\/blog\/author\/admin_carideal\/"},"uagb_comment_info":0,"uagb_excerpt":"Prime \u00e0 la casse de 1000\u20ac maintenu \u00e0 la date de commande Le ministre de l'industrie Christian Estrosi a tenu a rassurer les consommateurs, constructeurs automobiles et Concessionnaires. Le Ministre a d\u00e9clar\u00e9 \u00e0 la presse, que la prime \u00e0 la casse de 1000 \u20ac s'appliquerait \u00e0 tous les v\u00e9hicules command\u00e9s avant le 31 d\u00e9cembre 2009.\u2026","_links":{"self":[{"href":"https:\/\/www.carideal.com\/blog\/wp-json\/wp\/v2\/posts\/715"}],"collection":[{"href":"https:\/\/www.carideal.com\/blog\/wp-json\/wp\/v2\/posts"}],"about":[{"href":"https:\/\/www.carideal.com\/blog\/wp-json\/wp\/v2\/types\/post"}],"author":[{"embeddable":true,"href":"https:\/\/www.carideal.com\/blog\/wp-json\/wp\/v2\/users\/1"}],"replies":[{"embeddable":true,"href":"https:\/\/www.carideal.com\/blog\/wp-json\/wp\/v2\/comments?post=715"}],"version-history":[{"count":0,"href":"https:\/\/www.carideal.com\/blog\/wp-json\/wp\/v2\/posts\/715\/revisions"}],"wp:attachment":[{"href":"https:\/\/www.carideal.com\/blog\/wp-json\/wp\/v2\/media?parent=715"}],"wp:term":[{"taxonomy":"category","embeddable":true,"href":"https:\/\/www.carideal.com\/blog\/wp-json\/wp\/v2\/categories?post=715"},{"taxonomy":"post_tag","embeddable":true,"href":"https:\/\/www.carideal.com\/blog\/wp-json\/wp\/v2\/tags?post=715"}],"curies":[{"name":"wp","href":"https:\/\/api.w.org\/{rel}","templated":true}]}}