{"id":713,"date":"2009-10-09T14:05:00","date_gmt":"2009-10-09T14:05:00","guid":{"rendered":"http:\/\/carideal.com\/blog\/?p=713"},"modified":"2019-12-18T17:13:49","modified_gmt":"2019-12-18T16:13:49","slug":"nouvelle-citroen-c3-2","status":"publish","type":"post","link":"https:\/\/www.carideal.com\/blog\/2009\/10\/09\/nouvelle-citroen-c3-2\/","title":{"rendered":"Nouvelle Citroen C3 2009 restyl\u00e9e"},"content":{"rendered":"<h2>Nouvelle Citroen C3 2009 enfin disponible<\/h2>\n<p><strong>La nouvelle Citroen C3 2009 est arriv\u00e9e, elle est enfin disponible au catalogue.<\/strong><\/p>\n<figure id=\"attachment_11746\" aria-describedby=\"caption-attachment-11746\" style=\"width: 590px\" class=\"wp-caption alignnone\"><img loading=\"lazy\" decoding=\"async\" class=\"wp-image-11746 size-full\" title=\"Nouvelle Citroen C3 2009\" src=\"http:\/\/www.carideal.com\/blog\/wp-content\/uploads\/2009\/10\/achat-citroen-c3-occasion-4-e1576682945610.jpg\" alt=\"Nouvelle Citroen C3 2009\" width=\"600\" height=\"399\" \/><figcaption id=\"caption-attachment-11746\" class=\"wp-caption-text\">Nouvelle Citroen C3 2009<\/figcaption><\/figure>\n<p>La nouvelle C3 2009 m\u00e9rite \u00e0 coup s\u00fbr son ticket d\u2019entr\u00e9e dans le club des meilleures nouvelles citadines. Ses atouts : une silhouette agr\u00e9able, des motorisations performantes et sobres, un confort de haut niveau, une finition en hausse plus que sensible... et un lumineux pare-brise panoramique.<br \/>\nLa premi\u00e8re <a href=\"http:\/\/www.carideal.com\/blog\/marque-de-voiture-actualites-essais\/citroen\/c3\/\"><span style=\"text-decoration: underline;\">Citroen C3<\/span><\/a> a\u00a0\u00e9t\u00e9 lanc\u00e9e en 2002. Elle s'est vendu \u00e0 plus de deux millions d\u2019exemplaires. Si certaines marques de voiture, r\u00e9v\u00e9raient de ce score plus qu\u2019honn\u00eate, il est quand m\u00eame insuffisant pour inqui\u00e9ter, les t\u00e9nors\u00a0de la cat\u00e9gorie des citadines qu'ont \u00e9t\u00e9\u00a0les <a href=\"http:\/\/www.carideal.com\/blog\/marque-de-voiture-actualites-essais\/peugeot\/\">Peugeot<\/a> 206, <a href=\"http:\/\/www.carideal.com\/blog\/marque-de-voiture-actualites-essais\/renault\/\">Renault<\/a> Clio 2, <a href=\"http:\/\/www.carideal.com\/blog\/marque-de-voiture-actualites-essais\/peugeot\/\">Peugeot<\/a> 207 et Renault Clio 3.<\/p>\n<h2>La nouvelle Citroen C3 2009 ne remplace pas l'actuelle C3<\/h2>\n<figure id=\"attachment_11747\" aria-describedby=\"caption-attachment-11747\" style=\"width: 590px\" class=\"wp-caption alignnone\"><img loading=\"lazy\" decoding=\"async\" class=\"wp-image-11747 size-full\" title=\"Nouvelle Citroen C3 2009\" src=\"http:\/\/www.carideal.com\/blog\/wp-content\/uploads\/2009\/10\/achat-citroen-c3-occasion-5-e1576683012657.jpg\" alt=\"Nouvelle Citroen C3 2009\" width=\"600\" height=\"399\" \/><figcaption id=\"caption-attachment-11747\" class=\"wp-caption-text\">Nouvelle Citroen C3 2009<\/figcaption><\/figure>\n<p>Comme on a pu le remarquer derni\u00e8rement, les constructeurs fran\u00e7ais choisisse de garder au catalogue l'ancienne C3 pendant que <a href=\"http:\/\/www.carideal.com\/blog\/marque-de-voiture-actualites-essais\/citroen\/\">Citroen<\/a> lance sa nouvelle C3 2009. La carri\u00e8re de l'ancienne C3 continue avec une gamme simplifi\u00e9e et des tarifs plus comp\u00e9titifs que la nouvelle Citroen C3 2009. L'ancienne C3 se nomme maintenant\u00a0<strong>C3 G\u00e9n\u00e9ration<\/strong>.<\/p>\n<p>La nouvelle C3 2009 reprend\u00a0la plate-forme technique de l\u2019ancienne C3 et de la Peugeot 207. Citroen a augment\u00e9 l\u2019empattement de sa nouvelle Citroen C3 2009 de 6 cm et les voies avant et arri\u00e8re ont \u00e9t\u00e9\u00a0\u00e9largies de 2,5 cm. La voiture gagne ainsi en stabilit\u00e9 et en volume int\u00e9rieur. La carrosserie a elle aussi \u00e9t\u00e9 \u00e9largie de 6 centim\u00e8tres.<\/p>\n<p><strong>Retrouvez l'<a href=\"http:\/\/www.carideal.com\/blog\/2013\/09\/23\/essai-nouvelle-citroen-c3-restylee\/\"><span style=\"text-decoration: underline;\">essai<\/span>\u00a0de la Citroen C3 2009<\/a>.<\/strong><\/p>\n<ul>\n<li>Trouvez votre <a href=\"http:\/\/www.carideal.com\/blog\/voitures-occasions\/\"><span style=\"text-decoration: underline;\">voiture d'occasion<\/span><\/a> sur carideal.com <span style=\"text-decoration: underline;\"><a href=\"http:\/\/www.carideal.com\/\" target=\"_blank\" rel=\"noopener\">mandataire auto<\/a><\/span>.<\/li>\n<\/ul>\n<p>La nouvelle Citroen C3 2009 mesure 3.94 m de long. Ce qui la rend plus longue de 10 cm par rapport \u00e0 l'ancienne. Elle ne d\u00e9passe pas les 4 m\u00e8tres, le seuil au-del\u00e0 duquel cette nouvelle Citroen C3 2009, se rapprocherait plus d'une voiture compacte. La nouvelle Citroen C3 2009, est mieux \u00e9quip\u00e9e, elle poss\u00e8de un meilleur \u00e9quipement, ses mat\u00e9riaux sont de meilleure qualit\u00e9, pourtant le poids n'augmente pas trop. Citro\u00ebn a traqu\u00e9 le poids superflu partout o\u00f9 cela \u00e9tait possible.\u00a0Le Constructeur a gagn\u00e9 13 kilos sur le seul train arri\u00e8re. Le gain est imm\u00e9diat : la nouvelle C3 2009 ne p\u00e8se que quarante kilos de plus que la vieille g\u00e9n\u00e9ration de C3.<\/p>\n<p>Si l'on regarde bien, esth\u00e9tiquement, la nouvelle Citroen C3 2009 reprend les code stylistique de l'ancienne g\u00e9n\u00e9ration, avec ses rondeurs.\u00a0Elles plus modernes, avec des formes plus dynamiques et des lignes plus tendues. La calandre est plus importante, les feux avants sont plus modernes en forme de boomerang, et les ailes sont plus marqu\u00e9es.<\/p>\n<h2>Le style de la nouvelle Citroen C3 2009<\/h2>\n<figure id=\"attachment_11752\" aria-describedby=\"caption-attachment-11752\" style=\"width: 590px\" class=\"wp-caption alignnone\"><img loading=\"lazy\" decoding=\"async\" class=\"wp-image-11752 size-full\" title=\"Pare-brise Z\u00e9nith Citroen C3 2009\" src=\"http:\/\/www.carideal.com\/blog\/wp-content\/uploads\/2009\/10\/achat-citroen-c3-occasion-11-e1576685131955.jpg\" alt=\"Pare-brise Z\u00e9nith Citroen C3 2009\" width=\"600\" height=\"399\" \/><figcaption id=\"caption-attachment-11752\" class=\"wp-caption-text\">Pare-brise Z\u00e9nith Citroen C3 2009<\/figcaption><\/figure>\n<p>Citroen a trouv\u00e9 une astuce stylistique, avec un <strong>pare-brise Z\u00e9nith<\/strong>, c'est-\u00e0-dire panoramique qui remonte au-dessus de la t\u00eate des passagers avants. Ce\u00a0pare-brise z\u00e9nith est d\u2019une longueur exceptionnelle de 1.350 mm. Cela permet d'augmenter le champ de vision des passagers avant de 80\u00b0 vers le haut et qui permet \u00e0 tous les occupants de b\u00e9n\u00e9ficier, par beau temps, d\u2019une b\u00e9n\u00e9fique cure de luminoth\u00e9rapie. Par contre il n'est pas de s\u00e9rie sur toute les versions.<\/p>\n<p>La nouvelle Citroen C3 est encore plus haute de 2 cm que la C3 G\u00e9n\u00e9ration. Elle appara\u00eet pourtant mieux pos\u00e9e sur la route gr\u00e2ce \u00e0 ses voies \u00e9largies. La version haut de gamme Exclusive, \u00e9quip\u00e9e de\u00a0magnifiques jantes alliages de 17\u2019\u2019 renforce cette impression.<br \/>\nles passagers arri\u00e8re de la Nouvelle C3 2009, profite de plus de place, gr\u00e2ce \u00e0 l'augmentation de l'empattement, ce qui a permis de reculer la banquette arri\u00e8re. De plus Citro\u00ebn a travaill\u00e9 l'ergonomie en r\u00e9tr\u00e9cissant le tableau de bord et les si\u00e8ges avant. On gagne de la place de partout pour augmenter l'habitabilit\u00e9. La bo\u00eete \u00e0 gants de 13 litres est r\u00e9frig\u00e9r\u00e9e. L'espace aux jambes des passagers arri\u00e8res augmente donc.<\/p>\n<figure id=\"attachment_11750\" aria-describedby=\"caption-attachment-11750\" style=\"width: 590px\" class=\"wp-caption alignnone\"><img loading=\"lazy\" decoding=\"async\" class=\"wp-image-11750 size-full\" title=\"int\u00e9rieur avant Citroen C3 2009\" src=\"http:\/\/www.carideal.com\/blog\/wp-content\/uploads\/2009\/10\/achat-citroen-c3-occasion-9-e1576685234770.jpg\" alt=\"Int\u00e9rieur Citroen C3 2009\" width=\"600\" height=\"399\" \/><figcaption id=\"caption-attachment-11750\" class=\"wp-caption-text\">Int\u00e9rieur Citroen C3 2009<\/figcaption><\/figure>\n<p>La position de conduite est id\u00e9ale. Le Volant de r\u00e8gle en hauteur et en profondeur. Le si\u00e8ge conducteur est r\u00e9glable en hauteur. On ne manquera pas d'espace \u00e0 l'avant pour les coudes avec des accoudoirs. On a de la place pour les jambes. La position de conduite de la nouvelle Citroen C3 est id\u00e9ale.<\/p>\n<p>Les rangements sont nombreux (bo\u00eete \u00e0 gant r\u00e9frig\u00e9r\u00e9, bacs de portes avant et arri\u00e8re, console centrale, rangement sur la fa\u00e7ade) et peuvent \u00eatre compl\u00e9t\u00e9s par un accoudoir central int\u00e9grant deux espaces, ou encore d\u2019un tiroir coulissant sous le si\u00e8ge passager avant.<\/p>\n<p>le Volume du Coffre reste fig\u00e9 \u00e0 300 litres, \u00e0 cause du recul de la banquette arri\u00e8re. Cela \u00a0le volume du coffre n\u2019\u00e9volue pas et reste fix\u00e9 \u00e0 300 litres, cela reste dans la bonne moyenne. Le chargement du coffre\u00a0est facilit\u00e9 par sa grande largeur de 104 cm. \u00a0La hauteur du seuil du coffre a \u00e9t\u00e9 un peu r\u00e9duite\u00a0de\u00a022,7 cm, ce qui n'est pas rien. Il poss\u00e8de\u00a0quatre crochets d\u2019ancrage et\u00a0un filet amovible en version haut de gamme.<\/p>\n<p>Les dossiers de la banquette fractionn\u00e9e 2\/3-1\/3 peuvent se rabattre. Mais pas l'assise qui reste fixe. L'op\u00e9ration se fait d\u2019une seule main et d\u2019un seul geste, ce qui est pratique. Dommage alors que le plancher ne soit pas compl\u00e8tement plat.<\/p>\n<h2>Galerie photos Nouvelle Citroen C3 2009<\/h2>\n<div id='gallery-1' class='gallery galleryid-713 gallery-columns-3 gallery-size-thumbnail'><figure class='gallery-item'>\n\t\t\t<div class='gallery-icon landscape'>\n\t\t\t\t<a href='https:\/\/www.carideal.com\/blog\/2009\/10\/09\/nouvelle-citroen-c3-2\/achat-citroen-c3-occasion-3-2\/#main'><img loading=\"lazy\" decoding=\"async\" width=\"150\" height=\"150\" src=\"https:\/\/www.carideal.com\/blog\/wp-content\/uploads\/2009\/10\/achat-citroen-c3-occasion-3-150x150.jpg\" class=\"attachment-thumbnail size-thumbnail\" alt=\"Nouvelle Citroen C3 2009\" aria-describedby=\"gallery-1-11745\" \/><\/a>\n\t\t\t<\/div>\n\t\t\t\t<figcaption class='wp-caption-text gallery-caption' id='gallery-1-11745'>\n\t\t\t\tNouvelle Citroen C3 2009\n\t\t\t\t<\/figcaption><\/figure><figure class='gallery-item'>\n\t\t\t<div class='gallery-icon landscape'>\n\t\t\t\t<a href='https:\/\/www.carideal.com\/blog\/2009\/10\/09\/nouvelle-citroen-c3-2\/achat-citroen-c3-occasion-4\/#main'><img loading=\"lazy\" decoding=\"async\" width=\"150\" height=\"150\" src=\"https:\/\/www.carideal.com\/blog\/wp-content\/uploads\/2009\/10\/achat-citroen-c3-occasion-4-150x150.jpg\" class=\"attachment-thumbnail size-thumbnail\" alt=\"Nouvelle Citroen C3 2009\" aria-describedby=\"gallery-1-11746\" \/><\/a>\n\t\t\t<\/div>\n\t\t\t\t<figcaption class='wp-caption-text gallery-caption' id='gallery-1-11746'>\n\t\t\t\tNouvelle Citroen C3 2009\n\t\t\t\t<\/figcaption><\/figure><figure class='gallery-item'>\n\t\t\t<div class='gallery-icon landscape'>\n\t\t\t\t<a href='https:\/\/www.carideal.com\/blog\/2009\/10\/09\/nouvelle-citroen-c3-2\/achat-citroen-c3-occasion-5\/#main'><img loading=\"lazy\" decoding=\"async\" width=\"150\" height=\"150\" src=\"https:\/\/www.carideal.com\/blog\/wp-content\/uploads\/2009\/10\/achat-citroen-c3-occasion-5-150x150.jpg\" class=\"attachment-thumbnail size-thumbnail\" alt=\"Nouvelle Citroen C3 2009\" \/><\/a>\n\t\t\t<\/div><\/figure><figure class='gallery-item'>\n\t\t\t<div class='gallery-icon landscape'>\n\t\t\t\t<a href='https:\/\/www.carideal.com\/blog\/2009\/10\/09\/nouvelle-citroen-c3-2\/achat-citroen-c3-occasion-7\/#main'><img loading=\"lazy\" decoding=\"async\" width=\"150\" height=\"150\" src=\"https:\/\/www.carideal.com\/blog\/wp-content\/uploads\/2009\/10\/achat-citroen-c3-occasion-7-150x150.jpg\" class=\"attachment-thumbnail size-thumbnail\" alt=\"Nouvelle Citroen C3 2009\" \/><\/a>\n\t\t\t<\/div><\/figure><figure class='gallery-item'>\n\t\t\t<div class='gallery-icon landscape'>\n\t\t\t\t<a href='https:\/\/www.carideal.com\/blog\/2009\/10\/09\/nouvelle-citroen-c3-2\/achat-citroen-c3-occasion-8\/#main'><img loading=\"lazy\" decoding=\"async\" width=\"150\" height=\"150\" src=\"https:\/\/www.carideal.com\/blog\/wp-content\/uploads\/2009\/10\/achat-citroen-c3-occasion-8-150x150.jpg\" class=\"attachment-thumbnail size-thumbnail\" alt=\"Nouvelle Citroen C3 2009\" \/><\/a>\n\t\t\t<\/div><\/figure><figure class='gallery-item'>\n\t\t\t<div class='gallery-icon landscape'>\n\t\t\t\t<a href='https:\/\/www.carideal.com\/blog\/2009\/10\/09\/nouvelle-citroen-c3-2\/achat-citroen-c3-occasion-9\/#main'><img loading=\"lazy\" decoding=\"async\" width=\"150\" height=\"150\" src=\"https:\/\/www.carideal.com\/blog\/wp-content\/uploads\/2009\/10\/achat-citroen-c3-occasion-9-150x150.jpg\" class=\"attachment-thumbnail size-thumbnail\" alt=\"Int\u00e9rieur Citroen C3 2009\" aria-describedby=\"gallery-1-11750\" \/><\/a>\n\t\t\t<\/div>\n\t\t\t\t<figcaption class='wp-caption-text gallery-caption' id='gallery-1-11750'>\n\t\t\t\tInt\u00e9rieur Citroen C3 2009\n\t\t\t\t<\/figcaption><\/figure><figure class='gallery-item'>\n\t\t\t<div class='gallery-icon landscape'>\n\t\t\t\t<a href='https:\/\/www.carideal.com\/blog\/2009\/10\/09\/nouvelle-citroen-c3-2\/achat-citroen-c3-occasion-10\/#main'><img loading=\"lazy\" decoding=\"async\" width=\"150\" height=\"150\" src=\"https:\/\/www.carideal.com\/blog\/wp-content\/uploads\/2009\/10\/achat-citroen-c3-occasion-10-150x150.jpg\" class=\"attachment-thumbnail size-thumbnail\" alt=\"banquette arri\u00e8re Citroen C3 2009\" aria-describedby=\"gallery-1-11751\" \/><\/a>\n\t\t\t<\/div>\n\t\t\t\t<figcaption class='wp-caption-text gallery-caption' id='gallery-1-11751'>\n\t\t\t\tbanquette arri\u00e8re Citroen C3 2009\n\t\t\t\t<\/figcaption><\/figure><figure class='gallery-item'>\n\t\t\t<div class='gallery-icon landscape'>\n\t\t\t\t<a href='https:\/\/www.carideal.com\/blog\/2009\/10\/09\/nouvelle-citroen-c3-2\/achat-citroen-c3-occasion-11\/#main'><img loading=\"lazy\" decoding=\"async\" width=\"150\" height=\"150\" src=\"https:\/\/www.carideal.com\/blog\/wp-content\/uploads\/2009\/10\/achat-citroen-c3-occasion-11-150x150.jpg\" class=\"attachment-thumbnail size-thumbnail\" alt=\"Pare-brise Z\u00e9nith Citroen C3 2009\" aria-describedby=\"gallery-1-11752\" \/><\/a>\n\t\t\t<\/div>\n\t\t\t\t<figcaption class='wp-caption-text gallery-caption' id='gallery-1-11752'>\n\t\t\t\tPare-brise Z\u00e9nith Citroen C3 2009\n\t\t\t\t<\/figcaption><\/figure>\n\t\t<\/div>\n\n<h2>Vid\u00e9o Nouvelle Citroen C3 2009<\/h2>\n<p><iframe loading=\"lazy\" src=\"https:\/\/www.youtube.com\/embed\/9zE5-M4yb38\" width=\"420\" height=\"315\" frameborder=\"0\" allowfullscreen=\"allowfullscreen\"><\/iframe><\/p>\n","protected":false},"excerpt":{"rendered":"<p>Nouvelle Citroen C3 2009 enfin disponible La nouvelle Citroen C3 2009 est arriv\u00e9e, elle est enfin disponible au catalogue. La nouvelle C3 2009 m\u00e9rite \u00e0 coup s\u00fbr son ticket d\u2019entr\u00e9e dans le club des meilleures nouvelles citadines. Ses atouts : une silhouette agr\u00e9able, des motorisations performantes et sobres, un confort de haut niveau, une finition &#8230; <a title=\"Nouvelle Citroen C3 2009 restyl\u00e9e\" class=\"read-more\" href=\"https:\/\/www.carideal.com\/blog\/2009\/10\/09\/nouvelle-citroen-c3-2\/\" aria-label=\"En savoir plus sur Nouvelle Citroen C3 2009 restyl\u00e9e\">Lire plus<\/a><\/p>\n","protected":false},"author":1,"featured_media":11745,"comment_status":"open","ping_status":"open","sticky":false,"template":"","format":"standard","meta":{"_uag_custom_page_level_css":"","_themeisle_gutenberg_block_has_review":false,"footnotes":""},"categories":[5,6211,17178,5950,6212,18],"tags":[],"class_list":["post-713","post","type-post","status-publish","format-standard","has-post-thumbnail","hentry","category-citroen","category-actualite-citroen-c3","category-citadine","category-citroen-essai","category-essais-citroen-c3","category-videos"],"wppr_data":{"cwp_meta_box_check":"No"},"yoast_head":"<!-- This site is optimized with the Yoast SEO plugin v24.8.1 - https:\/\/yoast.com\/wordpress\/plugins\/seo\/ -->\n<title>Nouvelle Citroen C3 2009 restyl\u00e9e - Blog auto Carid\u00e9al<\/title>\n<meta name=\"description\" content=\"La nouvelle Citroen C3 2009 m\u00e9rite \u00e0 coup s\u00fbr son ticket d\u2019entr\u00e9e dans le club des meilleures nouvelles citadines. Ses atouts : une silhouette agr\u00e9able etc.\" \/>\n<meta name=\"robots\" content=\"index, follow, max-snippet:-1, max-image-preview:large, max-video-preview:-1\" \/>\n<link rel=\"canonical\" href=\"https:\/\/www.carideal.com\/blog\/2009\/10\/09\/nouvelle-citroen-c3-2\/\" \/>\n<meta property=\"og:locale\" content=\"fr_FR\" \/>\n<meta property=\"og:type\" content=\"article\" \/>\n<meta property=\"og:title\" content=\"Nouvelle Citroen C3 2009 restyl\u00e9e - Blog auto Carid\u00e9al\" \/>\n<meta property=\"og:description\" content=\"La nouvelle Citroen C3 2009 m\u00e9rite \u00e0 coup s\u00fbr son ticket d\u2019entr\u00e9e dans le club des meilleures nouvelles citadines. Ses atouts : une silhouette agr\u00e9able etc.\" \/>\n<meta property=\"og:url\" content=\"https:\/\/www.carideal.com\/blog\/2009\/10\/09\/nouvelle-citroen-c3-2\/\" \/>\n<meta property=\"og:site_name\" content=\"Blog auto Carid\u00e9al\" \/>\n<meta property=\"article:publisher\" content=\"https:\/\/www.facebook.com\/Carideal.mandataire.automobile\" \/>\n<meta property=\"article:author\" content=\"https:\/\/www.facebook.com\/Carideal.mandataire.automobile\/\" \/>\n<meta property=\"article:published_time\" content=\"2009-10-09T14:05:00+00:00\" \/>\n<meta property=\"article:modified_time\" content=\"2019-12-18T16:13:49+00:00\" \/>\n<meta property=\"og:image\" content=\"https:\/\/www.carideal.com\/blog\/wp-content\/uploads\/2009\/10\/achat-citroen-c3-occasion-3-e1576685454186.jpg\" \/>\n\t<meta property=\"og:image:width\" content=\"600\" \/>\n\t<meta property=\"og:image:height\" content=\"399\" \/>\n\t<meta property=\"og:image:type\" content=\"image\/jpeg\" \/>\n<meta name=\"author\" content=\"N.S Carideal\" \/>\n<meta name=\"twitter:card\" content=\"summary_large_image\" \/>\n<meta name=\"twitter:creator\" content=\"@caridealauto\" \/>\n<meta name=\"twitter:site\" content=\"@caridealauto\" \/>\n<meta name=\"twitter:label1\" content=\"\u00c9crit par\" \/>\n\t<meta name=\"twitter:data1\" content=\"N.S Carideal\" \/>\n\t<meta name=\"twitter:label2\" content=\"Dur\u00e9e de lecture estim\u00e9e\" \/>\n\t<meta name=\"twitter:data2\" content=\"5 minutes\" \/>\n<script type=\"application\/ld+json\" class=\"yoast-schema-graph\">{\"@context\":\"https:\/\/schema.org\",\"@graph\":[{\"@type\":\"Article\",\"@id\":\"https:\/\/www.carideal.com\/blog\/2009\/10\/09\/nouvelle-citroen-c3-2\/#article\",\"isPartOf\":{\"@id\":\"https:\/\/www.carideal.com\/blog\/2009\/10\/09\/nouvelle-citroen-c3-2\/\"},\"author\":{\"name\":\"N.S Carideal\",\"@id\":\"https:\/\/www.carideal.com\/blog\/#\/schema\/person\/985c7e757d1042d647f21bfaf8d41ebc\"},\"headline\":\"Nouvelle Citroen C3 2009 restyl\u00e9e\",\"datePublished\":\"2009-10-09T14:05:00+00:00\",\"dateModified\":\"2019-12-18T16:13:49+00:00\",\"mainEntityOfPage\":{\"@id\":\"https:\/\/www.carideal.com\/blog\/2009\/10\/09\/nouvelle-citroen-c3-2\/\"},\"wordCount\":951,\"commentCount\":0,\"publisher\":{\"@id\":\"https:\/\/www.carideal.com\/blog\/#organization\"},\"image\":{\"@id\":\"https:\/\/www.carideal.com\/blog\/2009\/10\/09\/nouvelle-citroen-c3-2\/#primaryimage\"},\"thumbnailUrl\":\"https:\/\/www.carideal.com\/blog\/wp-content\/uploads\/2009\/10\/achat-citroen-c3-occasion-3-e1576685454186.jpg\",\"articleSection\":[\"Actualit\u00e9 Citroen\",\"Actualit\u00e9 Citroen C3\",\"Citadine\",\"Essais Citroen\",\"Essais Citroen C3\",\"Vid\u00e9o voiture : vid\u00e9o automobile\"],\"inLanguage\":\"fr-FR\",\"potentialAction\":[{\"@type\":\"CommentAction\",\"name\":\"Comment\",\"target\":[\"https:\/\/www.carideal.com\/blog\/2009\/10\/09\/nouvelle-citroen-c3-2\/#respond\"]}]},{\"@type\":\"WebPage\",\"@id\":\"https:\/\/www.carideal.com\/blog\/2009\/10\/09\/nouvelle-citroen-c3-2\/\",\"url\":\"https:\/\/www.carideal.com\/blog\/2009\/10\/09\/nouvelle-citroen-c3-2\/\",\"name\":\"Nouvelle Citroen C3 2009 restyl\u00e9e - Blog auto Carid\u00e9al\",\"isPartOf\":{\"@id\":\"https:\/\/www.carideal.com\/blog\/#website\"},\"primaryImageOfPage\":{\"@id\":\"https:\/\/www.carideal.com\/blog\/2009\/10\/09\/nouvelle-citroen-c3-2\/#primaryimage\"},\"image\":{\"@id\":\"https:\/\/www.carideal.com\/blog\/2009\/10\/09\/nouvelle-citroen-c3-2\/#primaryimage\"},\"thumbnailUrl\":\"https:\/\/www.carideal.com\/blog\/wp-content\/uploads\/2009\/10\/achat-citroen-c3-occasion-3-e1576685454186.jpg\",\"datePublished\":\"2009-10-09T14:05:00+00:00\",\"dateModified\":\"2019-12-18T16:13:49+00:00\",\"description\":\"La nouvelle Citroen C3 2009 m\u00e9rite \u00e0 coup s\u00fbr son ticket d\u2019entr\u00e9e dans le club des meilleures nouvelles citadines. Ses atouts : une silhouette agr\u00e9able etc.\",\"breadcrumb\":{\"@id\":\"https:\/\/www.carideal.com\/blog\/2009\/10\/09\/nouvelle-citroen-c3-2\/#breadcrumb\"},\"inLanguage\":\"fr-FR\",\"potentialAction\":[{\"@type\":\"ReadAction\",\"target\":[\"https:\/\/www.carideal.com\/blog\/2009\/10\/09\/nouvelle-citroen-c3-2\/\"]}]},{\"@type\":\"ImageObject\",\"inLanguage\":\"fr-FR\",\"@id\":\"https:\/\/www.carideal.com\/blog\/2009\/10\/09\/nouvelle-citroen-c3-2\/#primaryimage\",\"url\":\"https:\/\/www.carideal.com\/blog\/wp-content\/uploads\/2009\/10\/achat-citroen-c3-occasion-3-e1576685454186.jpg\",\"contentUrl\":\"https:\/\/www.carideal.com\/blog\/wp-content\/uploads\/2009\/10\/achat-citroen-c3-occasion-3-e1576685454186.jpg\",\"width\":600,\"height\":399,\"caption\":\"Nouvelle Citroen C3 2009\"},{\"@type\":\"BreadcrumbList\",\"@id\":\"https:\/\/www.carideal.com\/blog\/2009\/10\/09\/nouvelle-citroen-c3-2\/#breadcrumb\",\"itemListElement\":[{\"@type\":\"ListItem\",\"position\":1,\"name\":\"Blog Carid\u00e9al\",\"item\":\"https:\/\/www.carideal.com\/blog\/\"},{\"@type\":\"ListItem\",\"position\":2,\"name\":\"Actualit\u00e9 constructeur automobile\",\"item\":\"https:\/\/www.carideal.com\/blog\/constructeur\/\"},{\"@type\":\"ListItem\",\"position\":3,\"name\":\"Actualit\u00e9 Citroen\",\"item\":\"https:\/\/www.carideal.com\/blog\/constructeur\/citroen\/\"},{\"@type\":\"ListItem\",\"position\":4,\"name\":\"C3\",\"item\":\"https:\/\/www.carideal.com\/blog\/constructeur\/citroen\/actualite-citroen-c3\/\"},{\"@type\":\"ListItem\",\"position\":5,\"name\":\"Nouvelle Citroen C3 2009 restyl\u00e9e\"}]},{\"@type\":\"WebSite\",\"@id\":\"https:\/\/www.carideal.com\/blog\/#website\",\"url\":\"https:\/\/www.carideal.com\/blog\/\",\"name\":\"Blog auto Carid\u00e9al\",\"description\":\"Actualit\u00e9 auto par des passionn\u00e9s\",\"publisher\":{\"@id\":\"https:\/\/www.carideal.com\/blog\/#organization\"},\"potentialAction\":[{\"@type\":\"SearchAction\",\"target\":{\"@type\":\"EntryPoint\",\"urlTemplate\":\"https:\/\/www.carideal.com\/blog\/?s={search_term_string}\"},\"query-input\":{\"@type\":\"PropertyValueSpecification\",\"valueRequired\":true,\"valueName\":\"search_term_string\"}}],\"inLanguage\":\"fr-FR\"},{\"@type\":\"Organization\",\"@id\":\"https:\/\/www.carideal.com\/blog\/#organization\",\"name\":\"Carideal\",\"url\":\"https:\/\/www.carideal.com\/blog\/\",\"logo\":{\"@type\":\"ImageObject\",\"inLanguage\":\"fr-FR\",\"@id\":\"https:\/\/www.carideal.com\/blog\/#\/schema\/logo\/image\/\",\"url\":\"http:\/\/www.carideal.com\/blog\/wp-content\/uploads\/2016\/03\/logo-carideal-mandataire-automobile.png\",\"contentUrl\":\"http:\/\/www.carideal.com\/blog\/wp-content\/uploads\/2016\/03\/logo-carideal-mandataire-automobile.png\",\"width\":300,\"height\":300,\"caption\":\"Carideal\"},\"image\":{\"@id\":\"https:\/\/www.carideal.com\/blog\/#\/schema\/logo\/image\/\"},\"sameAs\":[\"https:\/\/www.facebook.com\/Carideal.mandataire.automobile\",\"https:\/\/x.com\/caridealauto\",\"https:\/\/www.instagram.com\/carideal1\/\",\"https:\/\/www.linkedin.com\/company\/carideal.com\",\"https:\/\/fr.pinterest.com\/schiavonsas\/\",\"https:\/\/www.youtube.com\/user\/caridealsas\"]},{\"@type\":\"Person\",\"@id\":\"https:\/\/www.carideal.com\/blog\/#\/schema\/person\/985c7e757d1042d647f21bfaf8d41ebc\",\"name\":\"N.S Carideal\",\"image\":{\"@type\":\"ImageObject\",\"inLanguage\":\"fr-FR\",\"@id\":\"https:\/\/www.carideal.com\/blog\/#\/schema\/person\/image\/\",\"url\":\"https:\/\/secure.gravatar.com\/avatar\/edb7ccdf1a4e3d14aef967760d354d0e?s=96&r=g\",\"contentUrl\":\"https:\/\/secure.gravatar.com\/avatar\/edb7ccdf1a4e3d14aef967760d354d0e?s=96&r=g\",\"caption\":\"N.S Carideal\"},\"description\":\"Depuis tout petit fan d'automobile. Il est question d'essayer et de comparer toutes ces voitures qui nous ont fait r\u00e9ver, avant que celles-ci ne devient uniquement des voitures de collection.\",\"sameAs\":[\"http:\/\/www.carideal.com\/blog\",\"https:\/\/www.facebook.com\/Carideal.mandataire.automobile\/\",\"https:\/\/www.linkedin.com\/in\/nschiavon\/\",\"https:\/\/www.youtube.com\/user\/caridealsas\/\"],\"url\":\"https:\/\/www.carideal.com\/blog\/author\/admin_carideal\/\"}]}<\/script>\n<!-- \/ Yoast SEO plugin. -->","yoast_head_json":{"title":"Nouvelle Citroen C3 2009 restyl\u00e9e - Blog auto Carid\u00e9al","description":"La nouvelle Citroen C3 2009 m\u00e9rite \u00e0 coup s\u00fbr son ticket d\u2019entr\u00e9e dans le club des meilleures nouvelles citadines. Ses atouts : une silhouette agr\u00e9able etc.","robots":{"index":"index","follow":"follow","max-snippet":"max-snippet:-1","max-image-preview":"max-image-preview:large","max-video-preview":"max-video-preview:-1"},"canonical":"https:\/\/www.carideal.com\/blog\/2009\/10\/09\/nouvelle-citroen-c3-2\/","og_locale":"fr_FR","og_type":"article","og_title":"Nouvelle Citroen C3 2009 restyl\u00e9e - Blog auto Carid\u00e9al","og_description":"La nouvelle Citroen C3 2009 m\u00e9rite \u00e0 coup s\u00fbr son ticket d\u2019entr\u00e9e dans le club des meilleures nouvelles citadines. Ses atouts : une silhouette agr\u00e9able etc.","og_url":"https:\/\/www.carideal.com\/blog\/2009\/10\/09\/nouvelle-citroen-c3-2\/","og_site_name":"Blog auto Carid\u00e9al","article_publisher":"https:\/\/www.facebook.com\/Carideal.mandataire.automobile","article_author":"https:\/\/www.facebook.com\/Carideal.mandataire.automobile\/","article_published_time":"2009-10-09T14:05:00+00:00","article_modified_time":"2019-12-18T16:13:49+00:00","og_image":[{"width":600,"height":399,"url":"https:\/\/www.carideal.com\/blog\/wp-content\/uploads\/2009\/10\/achat-citroen-c3-occasion-3-e1576685454186.jpg","type":"image\/jpeg"}],"author":"N.S Carideal","twitter_card":"summary_large_image","twitter_creator":"@caridealauto","twitter_site":"@caridealauto","twitter_misc":{"\u00c9crit par":"N.S Carideal","Dur\u00e9e de lecture estim\u00e9e":"5 minutes"},"schema":{"@context":"https:\/\/schema.org","@graph":[{"@type":"Article","@id":"https:\/\/www.carideal.com\/blog\/2009\/10\/09\/nouvelle-citroen-c3-2\/#article","isPartOf":{"@id":"https:\/\/www.carideal.com\/blog\/2009\/10\/09\/nouvelle-citroen-c3-2\/"},"author":{"name":"N.S Carideal","@id":"https:\/\/www.carideal.com\/blog\/#\/schema\/person\/985c7e757d1042d647f21bfaf8d41ebc"},"headline":"Nouvelle Citroen C3 2009 restyl\u00e9e","datePublished":"2009-10-09T14:05:00+00:00","dateModified":"2019-12-18T16:13:49+00:00","mainEntityOfPage":{"@id":"https:\/\/www.carideal.com\/blog\/2009\/10\/09\/nouvelle-citroen-c3-2\/"},"wordCount":951,"commentCount":0,"publisher":{"@id":"https:\/\/www.carideal.com\/blog\/#organization"},"image":{"@id":"https:\/\/www.carideal.com\/blog\/2009\/10\/09\/nouvelle-citroen-c3-2\/#primaryimage"},"thumbnailUrl":"https:\/\/www.carideal.com\/blog\/wp-content\/uploads\/2009\/10\/achat-citroen-c3-occasion-3-e1576685454186.jpg","articleSection":["Actualit\u00e9 Citroen","Actualit\u00e9 Citroen C3","Citadine","Essais Citroen","Essais Citroen C3","Vid\u00e9o voiture : vid\u00e9o automobile"],"inLanguage":"fr-FR","potentialAction":[{"@type":"CommentAction","name":"Comment","target":["https:\/\/www.carideal.com\/blog\/2009\/10\/09\/nouvelle-citroen-c3-2\/#respond"]}]},{"@type":"WebPage","@id":"https:\/\/www.carideal.com\/blog\/2009\/10\/09\/nouvelle-citroen-c3-2\/","url":"https:\/\/www.carideal.com\/blog\/2009\/10\/09\/nouvelle-citroen-c3-2\/","name":"Nouvelle Citroen C3 2009 restyl\u00e9e - Blog auto Carid\u00e9al","isPartOf":{"@id":"https:\/\/www.carideal.com\/blog\/#website"},"primaryImageOfPage":{"@id":"https:\/\/www.carideal.com\/blog\/2009\/10\/09\/nouvelle-citroen-c3-2\/#primaryimage"},"image":{"@id":"https:\/\/www.carideal.com\/blog\/2009\/10\/09\/nouvelle-citroen-c3-2\/#primaryimage"},"thumbnailUrl":"https:\/\/www.carideal.com\/blog\/wp-content\/uploads\/2009\/10\/achat-citroen-c3-occasion-3-e1576685454186.jpg","datePublished":"2009-10-09T14:05:00+00:00","dateModified":"2019-12-18T16:13:49+00:00","description":"La nouvelle Citroen C3 2009 m\u00e9rite \u00e0 coup s\u00fbr son ticket d\u2019entr\u00e9e dans le club des meilleures nouvelles citadines. Ses atouts : une silhouette agr\u00e9able etc.","breadcrumb":{"@id":"https:\/\/www.carideal.com\/blog\/2009\/10\/09\/nouvelle-citroen-c3-2\/#breadcrumb"},"inLanguage":"fr-FR","potentialAction":[{"@type":"ReadAction","target":["https:\/\/www.carideal.com\/blog\/2009\/10\/09\/nouvelle-citroen-c3-2\/"]}]},{"@type":"ImageObject","inLanguage":"fr-FR","@id":"https:\/\/www.carideal.com\/blog\/2009\/10\/09\/nouvelle-citroen-c3-2\/#primaryimage","url":"https:\/\/www.carideal.com\/blog\/wp-content\/uploads\/2009\/10\/achat-citroen-c3-occasion-3-e1576685454186.jpg","contentUrl":"https:\/\/www.carideal.com\/blog\/wp-content\/uploads\/2009\/10\/achat-citroen-c3-occasion-3-e1576685454186.jpg","width":600,"height":399,"caption":"Nouvelle Citroen C3 2009"},{"@type":"BreadcrumbList","@id":"https:\/\/www.carideal.com\/blog\/2009\/10\/09\/nouvelle-citroen-c3-2\/#breadcrumb","itemListElement":[{"@type":"ListItem","position":1,"name":"Blog Carid\u00e9al","item":"https:\/\/www.carideal.com\/blog\/"},{"@type":"ListItem","position":2,"name":"Actualit\u00e9 constructeur automobile","item":"https:\/\/www.carideal.com\/blog\/constructeur\/"},{"@type":"ListItem","position":3,"name":"Actualit\u00e9 Citroen","item":"https:\/\/www.carideal.com\/blog\/constructeur\/citroen\/"},{"@type":"ListItem","position":4,"name":"C3","item":"https:\/\/www.carideal.com\/blog\/constructeur\/citroen\/actualite-citroen-c3\/"},{"@type":"ListItem","position":5,"name":"Nouvelle Citroen C3 2009 restyl\u00e9e"}]},{"@type":"WebSite","@id":"https:\/\/www.carideal.com\/blog\/#website","url":"https:\/\/www.carideal.com\/blog\/","name":"Blog auto Carid\u00e9al","description":"Actualit\u00e9 auto par des passionn\u00e9s","publisher":{"@id":"https:\/\/www.carideal.com\/blog\/#organization"},"potentialAction":[{"@type":"SearchAction","target":{"@type":"EntryPoint","urlTemplate":"https:\/\/www.carideal.com\/blog\/?s={search_term_string}"},"query-input":{"@type":"PropertyValueSpecification","valueRequired":true,"valueName":"search_term_string"}}],"inLanguage":"fr-FR"},{"@type":"Organization","@id":"https:\/\/www.carideal.com\/blog\/#organization","name":"Carideal","url":"https:\/\/www.carideal.com\/blog\/","logo":{"@type":"ImageObject","inLanguage":"fr-FR","@id":"https:\/\/www.carideal.com\/blog\/#\/schema\/logo\/image\/","url":"http:\/\/www.carideal.com\/blog\/wp-content\/uploads\/2016\/03\/logo-carideal-mandataire-automobile.png","contentUrl":"http:\/\/www.carideal.com\/blog\/wp-content\/uploads\/2016\/03\/logo-carideal-mandataire-automobile.png","width":300,"height":300,"caption":"Carideal"},"image":{"@id":"https:\/\/www.carideal.com\/blog\/#\/schema\/logo\/image\/"},"sameAs":["https:\/\/www.facebook.com\/Carideal.mandataire.automobile","https:\/\/x.com\/caridealauto","https:\/\/www.instagram.com\/carideal1\/","https:\/\/www.linkedin.com\/company\/carideal.com","https:\/\/fr.pinterest.com\/schiavonsas\/","https:\/\/www.youtube.com\/user\/caridealsas"]},{"@type":"Person","@id":"https:\/\/www.carideal.com\/blog\/#\/schema\/person\/985c7e757d1042d647f21bfaf8d41ebc","name":"N.S Carideal","image":{"@type":"ImageObject","inLanguage":"fr-FR","@id":"https:\/\/www.carideal.com\/blog\/#\/schema\/person\/image\/","url":"https:\/\/secure.gravatar.com\/avatar\/edb7ccdf1a4e3d14aef967760d354d0e?s=96&r=g","contentUrl":"https:\/\/secure.gravatar.com\/avatar\/edb7ccdf1a4e3d14aef967760d354d0e?s=96&r=g","caption":"N.S Carideal"},"description":"Depuis tout petit fan d'automobile. Il est question d'essayer et de comparer toutes ces voitures qui nous ont fait r\u00e9ver, avant que celles-ci ne devient uniquement des voitures de collection.","sameAs":["http:\/\/www.carideal.com\/blog","https:\/\/www.facebook.com\/Carideal.mandataire.automobile\/","https:\/\/www.linkedin.com\/in\/nschiavon\/","https:\/\/www.youtube.com\/user\/caridealsas\/"],"url":"https:\/\/www.carideal.com\/blog\/author\/admin_carideal\/"}]}},"uagb_featured_image_src":{"full":["https:\/\/www.carideal.com\/blog\/wp-content\/uploads\/2009\/10\/achat-citroen-c3-occasion-3-e1576685454186.jpg",600,399,false],"thumbnail":["https:\/\/www.carideal.com\/blog\/wp-content\/uploads\/2009\/10\/achat-citroen-c3-occasion-3-150x150.jpg",150,150,true],"medium":["https:\/\/www.carideal.com\/blog\/wp-content\/uploads\/2009\/10\/achat-citroen-c3-occasion-3-300x200.jpg",300,200,true],"medium_large":["https:\/\/www.carideal.com\/blog\/wp-content\/uploads\/2009\/10\/achat-citroen-c3-occasion-3-768x511.jpg",768,511,true],"large":["https:\/\/www.carideal.com\/blog\/wp-content\/uploads\/2009\/10\/achat-citroen-c3-occasion-3-e1576685454186.jpg",600,399,false],"1536x1536":["https:\/\/www.carideal.com\/blog\/wp-content\/uploads\/2009\/10\/achat-citroen-c3-occasion-3-e1576685454186.jpg",600,399,false],"2048x2048":["https:\/\/www.carideal.com\/blog\/wp-content\/uploads\/2009\/10\/achat-citroen-c3-occasion-3-e1576685454186.jpg",600,399,false],"wppr-widget":["https:\/\/www.carideal.com\/blog\/wp-content\/uploads\/2009\/10\/achat-citroen-c3-occasion-3-e1576685454186.jpg",50,33,false]},"uagb_author_info":{"display_name":"N.S Carideal","author_link":"https:\/\/www.carideal.com\/blog\/author\/admin_carideal\/"},"uagb_comment_info":0,"uagb_excerpt":"Nouvelle Citroen C3 2009 enfin disponible La nouvelle Citroen C3 2009 est arriv\u00e9e, elle est enfin disponible au catalogue. La nouvelle C3 2009 m\u00e9rite \u00e0 coup s\u00fbr son ticket d\u2019entr\u00e9e dans le club des meilleures nouvelles citadines. Ses atouts : une silhouette agr\u00e9able, des motorisations performantes et sobres, un confort de haut niveau, une finition\u2026","_links":{"self":[{"href":"https:\/\/www.carideal.com\/blog\/wp-json\/wp\/v2\/posts\/713"}],"collection":[{"href":"https:\/\/www.carideal.com\/blog\/wp-json\/wp\/v2\/posts"}],"about":[{"href":"https:\/\/www.carideal.com\/blog\/wp-json\/wp\/v2\/types\/post"}],"author":[{"embeddable":true,"href":"https:\/\/www.carideal.com\/blog\/wp-json\/wp\/v2\/users\/1"}],"replies":[{"embeddable":true,"href":"https:\/\/www.carideal.com\/blog\/wp-json\/wp\/v2\/comments?post=713"}],"version-history":[{"count":0,"href":"https:\/\/www.carideal.com\/blog\/wp-json\/wp\/v2\/posts\/713\/revisions"}],"wp:featuredmedia":[{"embeddable":true,"href":"https:\/\/www.carideal.com\/blog\/wp-json\/wp\/v2\/media\/11745"}],"wp:attachment":[{"href":"https:\/\/www.carideal.com\/blog\/wp-json\/wp\/v2\/media?parent=713"}],"wp:term":[{"taxonomy":"category","embeddable":true,"href":"https:\/\/www.carideal.com\/blog\/wp-json\/wp\/v2\/categories?post=713"},{"taxonomy":"post_tag","embeddable":true,"href":"https:\/\/www.carideal.com\/blog\/wp-json\/wp\/v2\/tags?post=713"}],"curies":[{"name":"wp","href":"https:\/\/api.w.org\/{rel}","templated":true}]}}