{"id":710,"date":"2009-09-22T14:05:00","date_gmt":"2009-09-22T14:05:00","guid":{"rendered":"http:\/\/carideal.com\/blog\/?p=710"},"modified":"2020-05-26T12:56:58","modified_gmt":"2020-05-26T10:56:58","slug":"citroen-ds3-les-prix","status":"publish","type":"post","link":"https:\/\/www.carideal.com\/blog\/2009\/09\/22\/citroen-ds3-les-prix\/","title":{"rendered":"Citro\u00ebn DS3 pr\u00e9sentation des prix"},"content":{"rendered":"\n<h2 class=\"wp-block-heading\">Citro\u00ebn pr\u00e9sente les prix de sa DS3<\/h2>\n\n\n\n<p>On vient juste de mettre en ligne les <strong>tarifs de la nouvelle Citro\u00ebn DS3<\/strong>. La particularit\u00e9 de cette gamme DS3 est que chaque moteur est associ\u00e9 \u00e0 un seul niveau de finition. Ainsi\u00a0: La motorisation VTI 95 est associ\u00e9e \u00e0 la finition CHIC. La motorisation VTI 120 et HDI 90 FAP sont associ\u00e9es \u00e0 la finition SO CHIC. Les motorisations THP 150 et HDI 110 FAP sont associ\u00e9es \u00e0 la finition SPORT CHIC.<\/p>\n\n\n\n<div class=\"wp-block-image\"><figure class=\"aligncenter size-large\"><img loading=\"lazy\" decoding=\"async\" width=\"448\" height=\"290\" src=\"http:\/\/www.carideal.com\/blog\/wp-content\/uploads\/2009\/09\/02394234-photo-salon-francfort-2009-citroen-ds3_m.jpg\" alt=\"Les prix de la citroen DS3 2009\" class=\"wp-image-25404\" srcset=\"https:\/\/www.carideal.com\/blog\/wp-content\/uploads\/2009\/09\/02394234-photo-salon-francfort-2009-citroen-ds3_m.jpg 448w, https:\/\/www.carideal.com\/blog\/wp-content\/uploads\/2009\/09\/02394234-photo-salon-francfort-2009-citroen-ds3_m-300x194.jpg 300w, https:\/\/www.carideal.com\/blog\/wp-content\/uploads\/2009\/09\/02394234-photo-salon-francfort-2009-citroen-ds3_m-50x32.jpg 50w, https:\/\/www.carideal.com\/blog\/wp-content\/uploads\/2009\/09\/02394234-photo-salon-francfort-2009-citroen-ds3_m-110x71.jpg 110w, https:\/\/www.carideal.com\/blog\/wp-content\/uploads\/2009\/09\/02394234-photo-salon-francfort-2009-citroen-ds3_m-420x272.jpg 420w\" sizes=\"(max-width: 448px) 100vw, 448px\" \/><figcaption>Les prix de la Citro\u00ebn DS3 2009<\/figcaption><\/figure><\/div>\n\n\n\n<p>Con\u00e7ue pour r\u00e9pondre aux besoins des connaisseurs les plus exigeants, la <a href=\"http:\/\/www.carideal.com\/blog\/2012\/06\/25\/citroen-ds3\/\">DS3<\/a> offre un large \u00e9ventail de styles, de personnalisations et de mat\u00e9riaux de qualit\u00e9 pour une exp\u00e9rience de conduite sur mesure et raffin\u00e9e, tout en int\u00e9grant les toutes derni\u00e8res technologies Citro\u00ebn, notamment des moteurs \u00e9conomes en carburant et respectueux de l'environnement.<\/p>\n\n\n\n<ul class=\"wp-block-list\"><li><a href=\"http:\/\/www.carideal.com\/blog\/2018\/03\/18\/meilleures-citadines-polyvalentes-2018\/\">Les meilleures citadines<\/a><\/li><\/ul>\n\n\n\n<h3 class=\"wp-block-heading\">STUDIO STYLING<\/h3>\n\n\n\n<p>Le talent cr\u00e9atif de <a href=\"http:\/\/www.carideal.com\/blog\/marque-de-voiture-actualites-essais\/citroen\/\">Citro\u00ebn<\/a> pour la conception de v\u00e9hicules innovants se manifeste sur chaque caract\u00e9ristique de la DS3.<\/p>\n\n\n\n<p>Sous tous les angles, la pr\u00e9sence ind\u00e9niable de la voiture sur la route et son style rafra\u00eechissant sont \u00e9vidents avec des \u00e9l\u00e9ments remarquables tels que le \"toit flottant\" contrast\u00e9, le montant B en \"aileron de requin\" et le design \u00e9l\u00e9gant des feux avant \u00e0 LED - une caract\u00e9ristique souhaitable que l'on retrouve g\u00e9n\u00e9ralement sur les mod\u00e8les haut de gamme.<\/p>\n\n\n\n<p>\u00c0 l'int\u00e9rieur, l'atmosph\u00e8re dans la cabine est empreinte de classe et d'\u00e9l\u00e9gance contemporaine, avec une attention exceptionnelle aux d\u00e9tails et une utilisation \u00e9tendue de mat\u00e9riaux de luxe tels que le cuir et le chrome. La partie sup\u00e9rieure du tableau de bord fluide fait \u00e9cho au toit flottant. Des composants recouverts d'un rev\u00eatement thermique sont utilis\u00e9s partout - un mat\u00e9riau organique au grain doux, qui contraste parfaitement avec l'effet lisse et laqu\u00e9 de la bande qui court sur toute la largeur du tableau de bord, du c\u00f4t\u00e9 conducteur au c\u00f4t\u00e9 passager.<\/p>\n\n\n\n<h2 class=\"wp-block-heading\">Prix de la Citro\u00ebn DS3<\/h2>\n\n\n\n<h3 class=\"wp-block-heading\">Les prix de la Citro\u00ebn DS3 essence<\/h3>\n\n\n\n<figure class=\"wp-block-table is-style-stripes\"><table><tbody><tr><th>Prix Citro\u00ebn DS3 VTi 95 BV5 Chic<\/th><th>Prix Citro\u00ebn DS3 VTi120 BV5 So Chic<\/th><th>Prix Citro\u00ebn DS3 VTi 120 BVA So Chic<\/th><th>Prix Citro\u00ebn DS3 THP 150 Sport Chic<\/th><\/tr><tr><td>Tarif<\/td><td>15.400 \u20ac<\/td><td>17.700 \u20ac<\/td><td>18.800 \u20ac<\/td><td>20.000 \u20ac<\/td><\/tr><tr><td>CV<\/td><td>5<\/td><td>7<\/td><td>7<\/td><td>9<\/td><\/tr><tr><td>Bonus\/malus<\/td><td>0 \u20ac<\/td><td>0 \u20ac<\/td><td>0 \u20ac*<\/td><td>0 \u20ac<\/td><\/tr><tr><td>CO2 g\/km<\/td><td>134\/136<\/td><td>136\/138<\/td><td>158\/160<\/td><td>NC\/155<\/td><\/tr><\/tbody><\/table><figcaption>Prix Citro\u00ebn DS3 essence<\/figcaption><\/figure>\n\n\n\n<h3 class=\"wp-block-heading\">Les prix de la Citro\u00ebn DS3 diesel<\/h3>\n\n\n\n<figure class=\"wp-block-table is-style-stripes\"><table><tbody><tr><th>&nbsp;<\/th><th>Prix Citro\u00ebn DS3 HDi 90 FAP So Chic<\/th><th>Prix Citro\u00ebn DS3 HDi 110 FAP Sport Chic<\/th><\/tr><tr><td>Tarif<\/td><td>18.900 \u20ac<\/td><td>21.200 \u20ac<\/td><\/tr><tr><td>CV<\/td><td>5<\/td><td>5<\/td><\/tr><tr><td>Bonus\/malus<\/td><td>B 700 \u20ac*<\/td><td>B 200 \u20ac**<\/td><\/tr><tr><td>CO2 g\/km<\/td><td>104\/107<\/td><td>NC\/118<\/td><\/tr><\/tbody><\/table><figcaption>Prix Citro\u00ebn DS3 diesel<\/figcaption><\/figure>\n\n\n\n<h2 class=\"wp-block-heading\">\"MY DS3 !\"<\/h2>\n\n\n\n<p>Offrant une grande libert\u00e9 d'expression, le DS3 innovant offre de nombreux niveaux de personnalisation, tant \u00e0 l'int\u00e9rieur qu'\u00e0 l'ext\u00e9rieur.<\/p>\n\n\n\n<p>En plus d'une gamme de teintes de carrosserie, le toit \"flottant\" caract\u00e9ristique de la DS3 est disponible en quatre couleurs - noir, blanc, bleu et rouge - pour contraster avec le corps principal de la voiture. Les r\u00e9troviseurs lat\u00e9raux et les bandes de frottement peuvent \u00e9galement \u00eatre personnalis\u00e9s dans des couleurs ou une finition chrom\u00e9e \u00e9l\u00e9gante, et les roues et les centres de roues sont disponibles dans un large \u00e9ventail de couleurs.<\/p>\n\n\n\n<p>\u00c0 l'int\u00e9rieur, DS3 peut offrir une personnalisation suppl\u00e9mentaire avec la bande du tableau de bord - qui comprend les bouches d'a\u00e9ration, le tableau de bord, les \u00e9crans multifonctions et m\u00eame un rafra\u00eechisseur d'air parfum\u00e9 - dans un choix de six finitions.<\/p>\n\n\n\n<p>Le design moderne des si\u00e8ges est disponible dans une vari\u00e9t\u00e9 de tissus et de cuirs color\u00e9s ; m\u00eame le pommeau de vitesse peut \u00eatre personnalis\u00e9 en cinq finitions diff\u00e9rentes, combinant le chrome satin\u00e9 avec un \u00e9ventail de couleurs et de cuirs. Les \u00e9l\u00e9gantes touches chrom\u00e9es qui ornent la cabine de la DS3 seront \u00e9galement disponibles en finition satin\u00e9e. Vous pourrez m\u00eame emporter un peu de votre DS3 avec vous gr\u00e2ce \u00e0 chaque porte-cl\u00e9s DS3 au style distinct, avec un disque color\u00e9 en fonction de la peinture de la carrosserie que vous aurez choisie.<\/p>\n\n\n\n<h2 class=\"wp-block-heading\">\u00c9NERGIE ET \u00c9L\u00c9GANCE<\/h2>\n\n\n\n<p>Prouvant qu'une conduite respectueuse de l'environnement n'implique pas de compromis sur le style ou les performances, la DS3 sera disponible avec un choix de cinq moteurs Euro V \u00e0 faible \u00e9mission de CO2, compos\u00e9es de deux unit\u00e9s diesel HDi et de trois moteurs \u00e0 essence d\u00e9velopp\u00e9s conjointement par <a href=\"http:\/\/www.carideal.com\/blog\/marque-de-voiture-actualites-essais\/bmw\/\">BMW<\/a>, combinant des performances raffin\u00e9es et une forte \u00e9conomie de carburant.<\/p>\n\n\n\n<p>Les deux diesels HDi - un de 90 ch et un de 110 ch - sont \u00e9quip\u00e9s du fameux DPFS (Diesel Particulate Filter System) de Citro\u00ebn et les trois moteurs \u00e0 essence - VTi 95, VTi 120 et THP 150 - sont \u00e9quip\u00e9s de bo\u00eetes de vitesses manuelles \u00e0 5 ou 6 rapports.<\/p>\n\n\n\n<p>Dans le droit fil de l'engagement de Citro\u00ebn \u00e0 produire des v\u00e9hicules plus propres et plus respectueux de l'environnement, les deux moteurs FAP HDi produiront des \u00e9missions de CO2 ultra-faibles de seulement 99g\/km et 115\/g km, tandis que les moteurs essence \u00e9mettront entre 136 et 160g\/km.<\/p>\n\n\n\n<h2 class=\"wp-block-heading\">PERDU DANS L'ESPACE<\/h2>\n\n\n\n<p>A la fois agr\u00e9able et facile \u00e0 vivre, la DS3 associe un style haut de gamme \u00e0 une polyvalence pratique, cr\u00e9ant une cabine exceptionnellement spacieuse gr\u00e2ce \u00e0 ses dimensions ext\u00e9rieures compactes - une sp\u00e9cialit\u00e9 de Citro\u00ebn.<\/p>\n\n\n\n<p>L'un des plus petits v\u00e9hicules de sa cat\u00e9gorie - 3,95 m de long, 1,71 m de large et 1,46 m de haut -, l'int\u00e9rieur de la DS3 est \u00e0 l'image de son cadre soign\u00e9, \u00e9tablissant une nouvelle norme de classe en mati\u00e8re d'espace. Fruit d'un travail approfondi sur l'architecture de l'am\u00e9nagement int\u00e9rieur de la voiture, les occupants peuvent profiter de niveaux d'espace normalement associ\u00e9s aux mod\u00e8les du segment ci-dessus.<br>Un tableau de bord \"sur\u00e9lev\u00e9\" offre plus d'espace pour les jambes \u00e0 l'avant, tandis que les si\u00e8ges avant \u00e9lanc\u00e9s et la conception intelligente de l'arri\u00e8re augmentent l'espace pour les occupants arri\u00e8re, tous les passagers pouvant profiter de cinq si\u00e8ges de taille normale et d'un espace g\u00e9n\u00e9reux pour les bras, les jambes et la t\u00eate.<\/p>\n\n\n\n<p>La DS3 dispose \u00e9galement du plus grand coffre de sa cat\u00e9gorie, avec 285 litres, et pour une capacit\u00e9 de chargement suppl\u00e9mentaire, la banquette arri\u00e8re rabattable en deux parties (60:40) peut \u00eatre rabattue vers l'avant en un seul mouvement sans effort.<\/p>\n\n\n\n<h2 class=\"wp-block-heading\">LE PLAISIR AU VOLANT<\/h2>\n\n\n\n<p>Une position de conduite inspir\u00e9e du cockpit permet au conducteur de garder le contr\u00f4le gr\u00e2ce \u00e0 un tableau de bord de style sportif comprenant trois cadrans coniques, un volant de petit diam\u00e8tre et des si\u00e8ges bas et enveloppants. La DS3 offre une exp\u00e9rience de conduite agile avec un rayon de braquage d'environ 10,3 m, ce qui en fait \u00e9galement un compagnon s\u00fbr pour man\u0153uvrer dans des environnements urbains exigus.<\/p>\n\n\n\n<p>S'appuyant sur la grande exp\u00e9rience de Citro\u00ebn dans la production de bo\u00eetes de vitesses \u00e0 fonctionnement souple, la DS3 offre un confort de conduite impressionnant ainsi qu'une tenue de route r\u00e9active et un \u00e9quilibre dynamique. Les conducteurs b\u00e9n\u00e9ficient \u00e9galement d'une excellente ma\u00eetrise du roulis de caisse, d'une conduite s\u00fbre et \u00e9panouie dans les virages.<\/p>\n\n\n\n<h2 class=\"wp-block-heading\">I.C.E. COOL<\/h2>\n\n\n\n<p>La DS3 est disponible avec les derni\u00e8res technologies embarqu\u00e9es de Citro\u00ebn telles que l'unit\u00e9 de navigation par satellite <a href=\"http:\/\/www.carideal.com\/blog\/garage-automobile\/mise-a-jour-gps-citroen-peugeot\/\">MyWay<\/a> int\u00e9gr\u00e9e qui int\u00e8gre un syst\u00e8me audio et multim\u00e9dia sophistiqu\u00e9, un \u00e9cran couleur grand format, un lecteur CD compatible MP3 et WMA et un kit mains libres Bluetooth\u00ae. Offrant une clart\u00e9 acoustique exceptionnelle, le syst\u00e8me audio b\u00e9n\u00e9ficie d'un troisi\u00e8me haut-parleur au milieu de la partie sup\u00e9rieure du tableau de bord ainsi que d'un caisson de basses amplifi\u00e9 mont\u00e9 dans le coffre pour une r\u00e9ponse en fr\u00e9quence plus large et une exp\u00e9rience audio immersive.<\/p>\n\n\n\n<p>Une gamme pratique d'aides \u00e0 la conduite sera \u00e9galement disponible, notamment un r\u00e9gulateur de vitesse avec limiteur de vitesse et un indicateur intelligent qui recommande le moment optimal pour les changements de vitesse, permettant aux conducteurs d'am\u00e9liorer leur \u00e9conomie de carburant et de r\u00e9duire les \u00e9missions de CO2.<\/p>\n\n\n\n<h2 class=\"wp-block-heading\">JOUEZ EN TOUTE S\u00c9CURIT\u00c9<\/h2>\n\n\n\n<p>Le DS3 est con\u00e7u en mettant l'accent sur la robustesse, la r\u00e9sistance et la s\u00e9curit\u00e9 optimale pour assurer la protection de tous les occupants. Pour un contr\u00f4le rassurant dans toutes les situations de conduite, les mod\u00e8les DS3 seront \u00e9quip\u00e9s en s\u00e9rie de l'ESP, de l'ABS avec r\u00e9partiteur \u00e9lectronique de force de freinage (EBD) et de l'EBA (assistance au freinage d'urgence) ainsi que de six airbags et de points d'ancrage Isofix sur les si\u00e8ges lat\u00e9raux arri\u00e8re.<\/p>\n\n\n\n<p>La DS3 arrivera en France au printemps 2010. La date de mise en vente, les prix et d'autres d\u00e9tails sur ce nouveau mod\u00e8le Citro\u00ebn seront annonc\u00e9s dans les prochains mois. La DS3 rejoindra la derni\u00e8re gamme de v\u00e9hicules Citro\u00ebn alors que la soci\u00e9t\u00e9 poursuit les c\u00e9l\u00e9brations de son 90e anniversaire au Salon de l'automobile de Francfort qui se d\u00e9roule du 15 au 27 septembre.<\/p>\n\n\n\n<p>La nouvelle DS3 sera fabriqu\u00e9e dans l'usine PSA Peugeot Citro\u00ebn de Poissy en France. Centre de production certifi\u00e9 ISO 9001, il est \u00e9quip\u00e9 des outils et des technologies de production les plus r\u00e9cents.<\/p>\n\n\n\n<p><\/p>\n","protected":false},"excerpt":{"rendered":"<p>Citro\u00ebn pr\u00e9sente les prix de sa DS3 On vient juste de mettre en ligne les tarifs de la nouvelle Citro\u00ebn DS3. La particularit\u00e9 de cette gamme DS3 est que chaque moteur est associ\u00e9 \u00e0 un seul niveau de finition. Ainsi\u00a0: La motorisation VTI 95 est associ\u00e9e \u00e0 la finition CHIC. La motorisation VTI 120 et &#8230; <a title=\"Citro\u00ebn DS3 pr\u00e9sentation des prix\" class=\"read-more\" href=\"https:\/\/www.carideal.com\/blog\/2009\/09\/22\/citroen-ds3-les-prix\/\" aria-label=\"En savoir plus sur Citro\u00ebn DS3 pr\u00e9sentation des prix\">Lire plus<\/a><\/p>\n","protected":false},"author":1,"featured_media":25404,"comment_status":"open","ping_status":"open","sticky":false,"template":"","format":"standard","meta":{"_uag_custom_page_level_css":"","_themeisle_gutenberg_block_has_review":false,"footnotes":""},"categories":[10],"tags":[],"class_list":["post-710","post","type-post","status-publish","format-standard","has-post-thumbnail","hentry","category-marche-automobile-voiture-neuve-occasion-4x4-suv"],"wppr_data":{"cwp_meta_box_check":"No"},"yoast_head":"<!-- This site is optimized with the Yoast SEO plugin v24.8.1 - https:\/\/yoast.com\/wordpress\/plugins\/seo\/ -->\n<title>Citro\u00ebn DS3 pr\u00e9sentation des prix - Blog auto Carid\u00e9al<\/title>\n<meta name=\"robots\" content=\"index, follow, max-snippet:-1, max-image-preview:large, max-video-preview:-1\" \/>\n<link rel=\"canonical\" href=\"https:\/\/www.carideal.com\/blog\/2009\/09\/22\/citroen-ds3-les-prix\/\" \/>\n<meta property=\"og:locale\" content=\"fr_FR\" \/>\n<meta property=\"og:type\" content=\"article\" \/>\n<meta property=\"og:title\" content=\"Citro\u00ebn DS3 pr\u00e9sentation des prix - Blog auto Carid\u00e9al\" \/>\n<meta property=\"og:description\" content=\"Citro\u00ebn pr\u00e9sente les prix de sa DS3 On vient juste de mettre en ligne les tarifs de la nouvelle Citro\u00ebn DS3. La particularit\u00e9 de cette gamme DS3 est que chaque moteur est associ\u00e9 \u00e0 un seul niveau de finition. Ainsi\u00a0: La motorisation VTI 95 est associ\u00e9e \u00e0 la finition CHIC. La motorisation VTI 120 et ... Lire plus\" \/>\n<meta property=\"og:url\" content=\"https:\/\/www.carideal.com\/blog\/2009\/09\/22\/citroen-ds3-les-prix\/\" \/>\n<meta property=\"og:site_name\" content=\"Blog auto Carid\u00e9al\" \/>\n<meta property=\"article:publisher\" content=\"https:\/\/www.facebook.com\/Carideal.mandataire.automobile\" \/>\n<meta property=\"article:author\" content=\"https:\/\/www.facebook.com\/Carideal.mandataire.automobile\/\" \/>\n<meta property=\"article:published_time\" content=\"2009-09-22T14:05:00+00:00\" \/>\n<meta property=\"article:modified_time\" content=\"2020-05-26T10:56:58+00:00\" \/>\n<meta property=\"og:image\" content=\"https:\/\/www.carideal.com\/blog\/wp-content\/uploads\/2009\/09\/02394234-photo-salon-francfort-2009-citroen-ds3_m.jpg\" \/>\n\t<meta property=\"og:image:width\" content=\"448\" \/>\n\t<meta property=\"og:image:height\" content=\"290\" \/>\n\t<meta property=\"og:image:type\" content=\"image\/jpeg\" \/>\n<meta name=\"author\" content=\"N.S Carideal\" \/>\n<meta name=\"twitter:card\" content=\"summary_large_image\" \/>\n<meta name=\"twitter:creator\" content=\"@caridealauto\" \/>\n<meta name=\"twitter:site\" content=\"@caridealauto\" \/>\n<meta name=\"twitter:label1\" content=\"\u00c9crit par\" \/>\n\t<meta name=\"twitter:data1\" content=\"N.S Carideal\" \/>\n\t<meta name=\"twitter:label2\" content=\"Dur\u00e9e de lecture estim\u00e9e\" \/>\n\t<meta name=\"twitter:data2\" content=\"8 minutes\" \/>\n<script type=\"application\/ld+json\" class=\"yoast-schema-graph\">{\"@context\":\"https:\/\/schema.org\",\"@graph\":[{\"@type\":\"Article\",\"@id\":\"https:\/\/www.carideal.com\/blog\/2009\/09\/22\/citroen-ds3-les-prix\/#article\",\"isPartOf\":{\"@id\":\"https:\/\/www.carideal.com\/blog\/2009\/09\/22\/citroen-ds3-les-prix\/\"},\"author\":{\"name\":\"N.S Carideal\",\"@id\":\"https:\/\/www.carideal.com\/blog\/#\/schema\/person\/985c7e757d1042d647f21bfaf8d41ebc\"},\"headline\":\"Citro\u00ebn DS3 pr\u00e9sentation des prix\",\"datePublished\":\"2009-09-22T14:05:00+00:00\",\"dateModified\":\"2020-05-26T10:56:58+00:00\",\"mainEntityOfPage\":{\"@id\":\"https:\/\/www.carideal.com\/blog\/2009\/09\/22\/citroen-ds3-les-prix\/\"},\"wordCount\":1570,\"commentCount\":0,\"publisher\":{\"@id\":\"https:\/\/www.carideal.com\/blog\/#organization\"},\"image\":{\"@id\":\"https:\/\/www.carideal.com\/blog\/2009\/09\/22\/citroen-ds3-les-prix\/#primaryimage\"},\"thumbnailUrl\":\"https:\/\/www.carideal.com\/blog\/wp-content\/uploads\/2009\/09\/02394234-photo-salon-francfort-2009-citroen-ds3_m.jpg\",\"articleSection\":[\"March\u00e9 automobile\"],\"inLanguage\":\"fr-FR\",\"potentialAction\":[{\"@type\":\"CommentAction\",\"name\":\"Comment\",\"target\":[\"https:\/\/www.carideal.com\/blog\/2009\/09\/22\/citroen-ds3-les-prix\/#respond\"]}]},{\"@type\":\"WebPage\",\"@id\":\"https:\/\/www.carideal.com\/blog\/2009\/09\/22\/citroen-ds3-les-prix\/\",\"url\":\"https:\/\/www.carideal.com\/blog\/2009\/09\/22\/citroen-ds3-les-prix\/\",\"name\":\"Citro\u00ebn DS3 pr\u00e9sentation des prix - Blog auto Carid\u00e9al\",\"isPartOf\":{\"@id\":\"https:\/\/www.carideal.com\/blog\/#website\"},\"primaryImageOfPage\":{\"@id\":\"https:\/\/www.carideal.com\/blog\/2009\/09\/22\/citroen-ds3-les-prix\/#primaryimage\"},\"image\":{\"@id\":\"https:\/\/www.carideal.com\/blog\/2009\/09\/22\/citroen-ds3-les-prix\/#primaryimage\"},\"thumbnailUrl\":\"https:\/\/www.carideal.com\/blog\/wp-content\/uploads\/2009\/09\/02394234-photo-salon-francfort-2009-citroen-ds3_m.jpg\",\"datePublished\":\"2009-09-22T14:05:00+00:00\",\"dateModified\":\"2020-05-26T10:56:58+00:00\",\"breadcrumb\":{\"@id\":\"https:\/\/www.carideal.com\/blog\/2009\/09\/22\/citroen-ds3-les-prix\/#breadcrumb\"},\"inLanguage\":\"fr-FR\",\"potentialAction\":[{\"@type\":\"ReadAction\",\"target\":[\"https:\/\/www.carideal.com\/blog\/2009\/09\/22\/citroen-ds3-les-prix\/\"]}]},{\"@type\":\"ImageObject\",\"inLanguage\":\"fr-FR\",\"@id\":\"https:\/\/www.carideal.com\/blog\/2009\/09\/22\/citroen-ds3-les-prix\/#primaryimage\",\"url\":\"https:\/\/www.carideal.com\/blog\/wp-content\/uploads\/2009\/09\/02394234-photo-salon-francfort-2009-citroen-ds3_m.jpg\",\"contentUrl\":\"https:\/\/www.carideal.com\/blog\/wp-content\/uploads\/2009\/09\/02394234-photo-salon-francfort-2009-citroen-ds3_m.jpg\",\"width\":448,\"height\":290,\"caption\":\"Les prix de la Citro\u00ebn DS3 2009\"},{\"@type\":\"BreadcrumbList\",\"@id\":\"https:\/\/www.carideal.com\/blog\/2009\/09\/22\/citroen-ds3-les-prix\/#breadcrumb\",\"itemListElement\":[{\"@type\":\"ListItem\",\"position\":1,\"name\":\"Blog Carid\u00e9al\",\"item\":\"https:\/\/www.carideal.com\/blog\/\"},{\"@type\":\"ListItem\",\"position\":2,\"name\":\"March\u00e9 automobile\",\"item\":\"https:\/\/www.carideal.com\/blog\/marche-automobile-voiture-neuve-occasion-4x4-suv\/\"},{\"@type\":\"ListItem\",\"position\":3,\"name\":\"Citro\u00ebn DS3 pr\u00e9sentation des prix\"}]},{\"@type\":\"WebSite\",\"@id\":\"https:\/\/www.carideal.com\/blog\/#website\",\"url\":\"https:\/\/www.carideal.com\/blog\/\",\"name\":\"Blog auto Carid\u00e9al\",\"description\":\"Actualit\u00e9 auto par des passionn\u00e9s\",\"publisher\":{\"@id\":\"https:\/\/www.carideal.com\/blog\/#organization\"},\"potentialAction\":[{\"@type\":\"SearchAction\",\"target\":{\"@type\":\"EntryPoint\",\"urlTemplate\":\"https:\/\/www.carideal.com\/blog\/?s={search_term_string}\"},\"query-input\":{\"@type\":\"PropertyValueSpecification\",\"valueRequired\":true,\"valueName\":\"search_term_string\"}}],\"inLanguage\":\"fr-FR\"},{\"@type\":\"Organization\",\"@id\":\"https:\/\/www.carideal.com\/blog\/#organization\",\"name\":\"Carideal\",\"url\":\"https:\/\/www.carideal.com\/blog\/\",\"logo\":{\"@type\":\"ImageObject\",\"inLanguage\":\"fr-FR\",\"@id\":\"https:\/\/www.carideal.com\/blog\/#\/schema\/logo\/image\/\",\"url\":\"http:\/\/www.carideal.com\/blog\/wp-content\/uploads\/2016\/03\/logo-carideal-mandataire-automobile.png\",\"contentUrl\":\"http:\/\/www.carideal.com\/blog\/wp-content\/uploads\/2016\/03\/logo-carideal-mandataire-automobile.png\",\"width\":300,\"height\":300,\"caption\":\"Carideal\"},\"image\":{\"@id\":\"https:\/\/www.carideal.com\/blog\/#\/schema\/logo\/image\/\"},\"sameAs\":[\"https:\/\/www.facebook.com\/Carideal.mandataire.automobile\",\"https:\/\/x.com\/caridealauto\",\"https:\/\/www.instagram.com\/carideal1\/\",\"https:\/\/www.linkedin.com\/company\/carideal.com\",\"https:\/\/fr.pinterest.com\/schiavonsas\/\",\"https:\/\/www.youtube.com\/user\/caridealsas\"]},{\"@type\":\"Person\",\"@id\":\"https:\/\/www.carideal.com\/blog\/#\/schema\/person\/985c7e757d1042d647f21bfaf8d41ebc\",\"name\":\"N.S Carideal\",\"image\":{\"@type\":\"ImageObject\",\"inLanguage\":\"fr-FR\",\"@id\":\"https:\/\/www.carideal.com\/blog\/#\/schema\/person\/image\/\",\"url\":\"https:\/\/secure.gravatar.com\/avatar\/edb7ccdf1a4e3d14aef967760d354d0e?s=96&r=g\",\"contentUrl\":\"https:\/\/secure.gravatar.com\/avatar\/edb7ccdf1a4e3d14aef967760d354d0e?s=96&r=g\",\"caption\":\"N.S Carideal\"},\"description\":\"Depuis tout petit fan d'automobile. Il est question d'essayer et de comparer toutes ces voitures qui nous ont fait r\u00e9ver, avant que celles-ci ne devient uniquement des voitures de collection.\",\"sameAs\":[\"http:\/\/www.carideal.com\/blog\",\"https:\/\/www.facebook.com\/Carideal.mandataire.automobile\/\",\"https:\/\/www.linkedin.com\/in\/nschiavon\/\",\"https:\/\/www.youtube.com\/user\/caridealsas\/\"],\"url\":\"https:\/\/www.carideal.com\/blog\/author\/admin_carideal\/\"}]}<\/script>\n<!-- \/ Yoast SEO plugin. -->","yoast_head_json":{"title":"Citro\u00ebn DS3 pr\u00e9sentation des prix - Blog auto Carid\u00e9al","robots":{"index":"index","follow":"follow","max-snippet":"max-snippet:-1","max-image-preview":"max-image-preview:large","max-video-preview":"max-video-preview:-1"},"canonical":"https:\/\/www.carideal.com\/blog\/2009\/09\/22\/citroen-ds3-les-prix\/","og_locale":"fr_FR","og_type":"article","og_title":"Citro\u00ebn DS3 pr\u00e9sentation des prix - Blog auto Carid\u00e9al","og_description":"Citro\u00ebn pr\u00e9sente les prix de sa DS3 On vient juste de mettre en ligne les tarifs de la nouvelle Citro\u00ebn DS3. La particularit\u00e9 de cette gamme DS3 est que chaque moteur est associ\u00e9 \u00e0 un seul niveau de finition. Ainsi\u00a0: La motorisation VTI 95 est associ\u00e9e \u00e0 la finition CHIC. La motorisation VTI 120 et ... Lire plus","og_url":"https:\/\/www.carideal.com\/blog\/2009\/09\/22\/citroen-ds3-les-prix\/","og_site_name":"Blog auto Carid\u00e9al","article_publisher":"https:\/\/www.facebook.com\/Carideal.mandataire.automobile","article_author":"https:\/\/www.facebook.com\/Carideal.mandataire.automobile\/","article_published_time":"2009-09-22T14:05:00+00:00","article_modified_time":"2020-05-26T10:56:58+00:00","og_image":[{"width":448,"height":290,"url":"https:\/\/www.carideal.com\/blog\/wp-content\/uploads\/2009\/09\/02394234-photo-salon-francfort-2009-citroen-ds3_m.jpg","type":"image\/jpeg"}],"author":"N.S Carideal","twitter_card":"summary_large_image","twitter_creator":"@caridealauto","twitter_site":"@caridealauto","twitter_misc":{"\u00c9crit par":"N.S Carideal","Dur\u00e9e de lecture estim\u00e9e":"8 minutes"},"schema":{"@context":"https:\/\/schema.org","@graph":[{"@type":"Article","@id":"https:\/\/www.carideal.com\/blog\/2009\/09\/22\/citroen-ds3-les-prix\/#article","isPartOf":{"@id":"https:\/\/www.carideal.com\/blog\/2009\/09\/22\/citroen-ds3-les-prix\/"},"author":{"name":"N.S Carideal","@id":"https:\/\/www.carideal.com\/blog\/#\/schema\/person\/985c7e757d1042d647f21bfaf8d41ebc"},"headline":"Citro\u00ebn DS3 pr\u00e9sentation des prix","datePublished":"2009-09-22T14:05:00+00:00","dateModified":"2020-05-26T10:56:58+00:00","mainEntityOfPage":{"@id":"https:\/\/www.carideal.com\/blog\/2009\/09\/22\/citroen-ds3-les-prix\/"},"wordCount":1570,"commentCount":0,"publisher":{"@id":"https:\/\/www.carideal.com\/blog\/#organization"},"image":{"@id":"https:\/\/www.carideal.com\/blog\/2009\/09\/22\/citroen-ds3-les-prix\/#primaryimage"},"thumbnailUrl":"https:\/\/www.carideal.com\/blog\/wp-content\/uploads\/2009\/09\/02394234-photo-salon-francfort-2009-citroen-ds3_m.jpg","articleSection":["March\u00e9 automobile"],"inLanguage":"fr-FR","potentialAction":[{"@type":"CommentAction","name":"Comment","target":["https:\/\/www.carideal.com\/blog\/2009\/09\/22\/citroen-ds3-les-prix\/#respond"]}]},{"@type":"WebPage","@id":"https:\/\/www.carideal.com\/blog\/2009\/09\/22\/citroen-ds3-les-prix\/","url":"https:\/\/www.carideal.com\/blog\/2009\/09\/22\/citroen-ds3-les-prix\/","name":"Citro\u00ebn DS3 pr\u00e9sentation des prix - Blog auto Carid\u00e9al","isPartOf":{"@id":"https:\/\/www.carideal.com\/blog\/#website"},"primaryImageOfPage":{"@id":"https:\/\/www.carideal.com\/blog\/2009\/09\/22\/citroen-ds3-les-prix\/#primaryimage"},"image":{"@id":"https:\/\/www.carideal.com\/blog\/2009\/09\/22\/citroen-ds3-les-prix\/#primaryimage"},"thumbnailUrl":"https:\/\/www.carideal.com\/blog\/wp-content\/uploads\/2009\/09\/02394234-photo-salon-francfort-2009-citroen-ds3_m.jpg","datePublished":"2009-09-22T14:05:00+00:00","dateModified":"2020-05-26T10:56:58+00:00","breadcrumb":{"@id":"https:\/\/www.carideal.com\/blog\/2009\/09\/22\/citroen-ds3-les-prix\/#breadcrumb"},"inLanguage":"fr-FR","potentialAction":[{"@type":"ReadAction","target":["https:\/\/www.carideal.com\/blog\/2009\/09\/22\/citroen-ds3-les-prix\/"]}]},{"@type":"ImageObject","inLanguage":"fr-FR","@id":"https:\/\/www.carideal.com\/blog\/2009\/09\/22\/citroen-ds3-les-prix\/#primaryimage","url":"https:\/\/www.carideal.com\/blog\/wp-content\/uploads\/2009\/09\/02394234-photo-salon-francfort-2009-citroen-ds3_m.jpg","contentUrl":"https:\/\/www.carideal.com\/blog\/wp-content\/uploads\/2009\/09\/02394234-photo-salon-francfort-2009-citroen-ds3_m.jpg","width":448,"height":290,"caption":"Les prix de la Citro\u00ebn DS3 2009"},{"@type":"BreadcrumbList","@id":"https:\/\/www.carideal.com\/blog\/2009\/09\/22\/citroen-ds3-les-prix\/#breadcrumb","itemListElement":[{"@type":"ListItem","position":1,"name":"Blog Carid\u00e9al","item":"https:\/\/www.carideal.com\/blog\/"},{"@type":"ListItem","position":2,"name":"March\u00e9 automobile","item":"https:\/\/www.carideal.com\/blog\/marche-automobile-voiture-neuve-occasion-4x4-suv\/"},{"@type":"ListItem","position":3,"name":"Citro\u00ebn DS3 pr\u00e9sentation des prix"}]},{"@type":"WebSite","@id":"https:\/\/www.carideal.com\/blog\/#website","url":"https:\/\/www.carideal.com\/blog\/","name":"Blog auto Carid\u00e9al","description":"Actualit\u00e9 auto par des passionn\u00e9s","publisher":{"@id":"https:\/\/www.carideal.com\/blog\/#organization"},"potentialAction":[{"@type":"SearchAction","target":{"@type":"EntryPoint","urlTemplate":"https:\/\/www.carideal.com\/blog\/?s={search_term_string}"},"query-input":{"@type":"PropertyValueSpecification","valueRequired":true,"valueName":"search_term_string"}}],"inLanguage":"fr-FR"},{"@type":"Organization","@id":"https:\/\/www.carideal.com\/blog\/#organization","name":"Carideal","url":"https:\/\/www.carideal.com\/blog\/","logo":{"@type":"ImageObject","inLanguage":"fr-FR","@id":"https:\/\/www.carideal.com\/blog\/#\/schema\/logo\/image\/","url":"http:\/\/www.carideal.com\/blog\/wp-content\/uploads\/2016\/03\/logo-carideal-mandataire-automobile.png","contentUrl":"http:\/\/www.carideal.com\/blog\/wp-content\/uploads\/2016\/03\/logo-carideal-mandataire-automobile.png","width":300,"height":300,"caption":"Carideal"},"image":{"@id":"https:\/\/www.carideal.com\/blog\/#\/schema\/logo\/image\/"},"sameAs":["https:\/\/www.facebook.com\/Carideal.mandataire.automobile","https:\/\/x.com\/caridealauto","https:\/\/www.instagram.com\/carideal1\/","https:\/\/www.linkedin.com\/company\/carideal.com","https:\/\/fr.pinterest.com\/schiavonsas\/","https:\/\/www.youtube.com\/user\/caridealsas"]},{"@type":"Person","@id":"https:\/\/www.carideal.com\/blog\/#\/schema\/person\/985c7e757d1042d647f21bfaf8d41ebc","name":"N.S Carideal","image":{"@type":"ImageObject","inLanguage":"fr-FR","@id":"https:\/\/www.carideal.com\/blog\/#\/schema\/person\/image\/","url":"https:\/\/secure.gravatar.com\/avatar\/edb7ccdf1a4e3d14aef967760d354d0e?s=96&r=g","contentUrl":"https:\/\/secure.gravatar.com\/avatar\/edb7ccdf1a4e3d14aef967760d354d0e?s=96&r=g","caption":"N.S Carideal"},"description":"Depuis tout petit fan d'automobile. Il est question d'essayer et de comparer toutes ces voitures qui nous ont fait r\u00e9ver, avant que celles-ci ne devient uniquement des voitures de collection.","sameAs":["http:\/\/www.carideal.com\/blog","https:\/\/www.facebook.com\/Carideal.mandataire.automobile\/","https:\/\/www.linkedin.com\/in\/nschiavon\/","https:\/\/www.youtube.com\/user\/caridealsas\/"],"url":"https:\/\/www.carideal.com\/blog\/author\/admin_carideal\/"}]}},"uagb_featured_image_src":{"full":["https:\/\/www.carideal.com\/blog\/wp-content\/uploads\/2009\/09\/02394234-photo-salon-francfort-2009-citroen-ds3_m.jpg",448,290,false],"thumbnail":["https:\/\/www.carideal.com\/blog\/wp-content\/uploads\/2009\/09\/02394234-photo-salon-francfort-2009-citroen-ds3_m-150x150.jpg",150,150,true],"medium":["https:\/\/www.carideal.com\/blog\/wp-content\/uploads\/2009\/09\/02394234-photo-salon-francfort-2009-citroen-ds3_m-300x194.jpg",300,194,true],"medium_large":["https:\/\/www.carideal.com\/blog\/wp-content\/uploads\/2009\/09\/02394234-photo-salon-francfort-2009-citroen-ds3_m.jpg",448,290,false],"large":["https:\/\/www.carideal.com\/blog\/wp-content\/uploads\/2009\/09\/02394234-photo-salon-francfort-2009-citroen-ds3_m.jpg",448,290,false],"1536x1536":["https:\/\/www.carideal.com\/blog\/wp-content\/uploads\/2009\/09\/02394234-photo-salon-francfort-2009-citroen-ds3_m.jpg",448,290,false],"2048x2048":["https:\/\/www.carideal.com\/blog\/wp-content\/uploads\/2009\/09\/02394234-photo-salon-francfort-2009-citroen-ds3_m.jpg",448,290,false],"wppr-widget":["https:\/\/www.carideal.com\/blog\/wp-content\/uploads\/2009\/09\/02394234-photo-salon-francfort-2009-citroen-ds3_m-50x32.jpg",50,32,true]},"uagb_author_info":{"display_name":"N.S Carideal","author_link":"https:\/\/www.carideal.com\/blog\/author\/admin_carideal\/"},"uagb_comment_info":0,"uagb_excerpt":"Citro\u00ebn pr\u00e9sente les prix de sa DS3 On vient juste de mettre en ligne les tarifs de la nouvelle Citro\u00ebn DS3. La particularit\u00e9 de cette gamme DS3 est que chaque moteur est associ\u00e9 \u00e0 un seul niveau de finition. Ainsi\u00a0: La motorisation VTI 95 est associ\u00e9e \u00e0 la finition CHIC. La motorisation VTI 120 et\u2026","_links":{"self":[{"href":"https:\/\/www.carideal.com\/blog\/wp-json\/wp\/v2\/posts\/710"}],"collection":[{"href":"https:\/\/www.carideal.com\/blog\/wp-json\/wp\/v2\/posts"}],"about":[{"href":"https:\/\/www.carideal.com\/blog\/wp-json\/wp\/v2\/types\/post"}],"author":[{"embeddable":true,"href":"https:\/\/www.carideal.com\/blog\/wp-json\/wp\/v2\/users\/1"}],"replies":[{"embeddable":true,"href":"https:\/\/www.carideal.com\/blog\/wp-json\/wp\/v2\/comments?post=710"}],"version-history":[{"count":0,"href":"https:\/\/www.carideal.com\/blog\/wp-json\/wp\/v2\/posts\/710\/revisions"}],"wp:featuredmedia":[{"embeddable":true,"href":"https:\/\/www.carideal.com\/blog\/wp-json\/wp\/v2\/media\/25404"}],"wp:attachment":[{"href":"https:\/\/www.carideal.com\/blog\/wp-json\/wp\/v2\/media?parent=710"}],"wp:term":[{"taxonomy":"category","embeddable":true,"href":"https:\/\/www.carideal.com\/blog\/wp-json\/wp\/v2\/categories?post=710"},{"taxonomy":"post_tag","embeddable":true,"href":"https:\/\/www.carideal.com\/blog\/wp-json\/wp\/v2\/tags?post=710"}],"curies":[{"name":"wp","href":"https:\/\/api.w.org\/{rel}","templated":true}]}}