{"id":7088,"date":"2015-10-17T14:53:53","date_gmt":"2015-10-17T12:53:53","guid":{"rendered":"http:\/\/www.carideal.com\/blog\/?p=7088"},"modified":"2020-03-08T18:02:33","modified_gmt":"2020-03-08T17:02:33","slug":"le-hyundal-tuscon-arrive-dans-les-concessions","status":"publish","type":"post","link":"https:\/\/www.carideal.com\/blog\/2015\/10\/17\/le-hyundal-tuscon-arrive-dans-les-concessions\/","title":{"rendered":"Le Hyundai Tucson 2015 dans les concessions"},"content":{"rendered":"<figure id=\"attachment_7090\" aria-describedby=\"caption-attachment-7090\" style=\"width: 449px\" class=\"wp-caption alignnone\"><a href=\"http:\/\/www.carideal.com\/blog\/wp-content\/uploads\/2015\/10\/hyundai-tucson-2015-carideal-blog.jpg\"><img loading=\"lazy\" decoding=\"async\" class=\"wp-image-7090 size-full\" src=\"http:\/\/www.carideal.com\/blog\/wp-content\/uploads\/2015\/10\/hyundai-tucson-2015-carideal-blog.jpg\" alt=\"Le Hyundai Tucson 2015 arrive\" width=\"459\" height=\"216\" srcset=\"https:\/\/www.carideal.com\/blog\/wp-content\/uploads\/2015\/10\/hyundai-tucson-2015-carideal-blog.jpg 459w, https:\/\/www.carideal.com\/blog\/wp-content\/uploads\/2015\/10\/hyundai-tucson-2015-carideal-blog-300x141.jpg 300w\" sizes=\"(max-width: 459px) 100vw, 459px\" \/><\/a><figcaption id=\"caption-attachment-7090\" class=\"wp-caption-text\">Le Hyundai Tucson 2015 arrive<\/figcaption><\/figure>\n<h1>Le Hyundai Tucson 2015 est disponible dans les concessions<\/h1>\n<p>Hyundai poursuit sa reconqu\u00eate avec le Tucson, rempla\u00e7ant de l'ix35, longtemps best-seller de la marque cor\u00e9enne en France. La pression est forte, mais le premier accueil s'av\u00e8re tr\u00e8s positif<br \/>\nNe l'appelez plus ix35, mais Tucson ! La troisi\u00e8me g\u00e9n\u00e9ration du SUV compact du constructeur cor\u00e9en a d\u00e9barqu\u00e9 dans les concessions depuis le 12 septembre, en reprenant le patro\u00adnyme du premier mod\u00e8le, qui date de l'automne 2004. \u00ab Cette d\u00e9cision de re\u00adprendre l'appellation Tucson permet de capitaliser sur le mod\u00e8le, comme c'est le cas pour le <span style=\"text-decoration: underline;\">Santa Fe<\/span> \u00bb, explique Lionel French-Keogh, directeur de Hyundai Motor France. Du coup, dans une ap\u00adproche de globalisation, la marque semble abandonner, du moins en par\u00adtie, l'appellation alphanum\u00e9rique ini\u00adti\u00e9e il y a quelques ann\u00e9es.<br \/>\nHyundai a de grandes ambitions pour le Tucson. En effet, ce segment a tou\u00adjours repr\u00e9sent\u00e9 le top des ventes.<\/p>\n<p>Sauf l'ann\u00e9e derni\u00e8re, quand, exceptionnellement, la nouvelle g\u00e9n\u00e9ration d'i20 a d\u00e9tr\u00f4n\u00e9 pour la premi\u00e8re fois l'ix35. \u00abNous avons pour projet de commercia\u00adliser entre 7 000 et 10 000 voitures sur une ann\u00e9e pleine, sachant que le premier Tucson se vendait \u00e0 8 000 unit\u00e9s lors de ses meilleures ann\u00e9es, dans un march\u00e9 o\u00f9 la concurrence \u00e9tait bien moindre qu'aujourd'hui, pr\u00e9sente Lionel French- \u00e0 Keogh. Nous avons une v\u00e9ritable l\u00e9giti\u00admit\u00e9 sur ce segment, car un client sur trois qui nous rend visite vient pour acheter un <a href=\"http:\/\/www.carideal.com\/blog\/type-de-vehicule\/suv\/\">SUV<\/a>. \u00bb<\/p>\n<p>Et de rappeler que l'ix35, en fin de vie et sans aucune com\u00admunication, s'\u00e9coule encore \u00e0 400- 500 exemplaires par mois. Entre 2000, date du premier Santa Fe, et l'an dernier, Hyundai a en effet vendu 110000 4x4 et SUV en France, tous mod\u00e8les confondus. Le lancement du Tucson est \u00e9galement l'occasion pour Hyundai de d\u00e9velopper sa politique de fid\u00e9lisation, sujet pour l'instant \u00e0 la peine chez le constructeur. \u00ab En France, le taux de fid\u00e9lisation est d'environ 50 %. Chez Hyundai, nous sommes seulement \u00e0 20 % \u00bb, constate Lionel French-Keogh. La marque se donne donc les moyens d'augmenter ce pourcentage. En juin dernier, elle a en effet pilot\u00e9 une op\u00e9ration de fid\u00e9lisa\u00adtion s\u00e9duisante. \u00ab Nous avons envoy\u00e9 un courrier \u00e0 20 000 clients d'ix35 (sur environ 30 000 mod\u00e8les vendus en cinq ans, NDLR)pour leur proposer une offre de reprise int\u00e9ressante et 3100 \u20ac de re\u00admise sur le nouveau Tucson. \u00bb<\/p>\n<h2><strong>Hyundai Tucson 2015 Conqu\u00eate pour moiti\u00e9<\/strong><\/h2>\n<p>L'offre atout de suite s\u00e9duit. \u00abPlusieurs semaines avant le lancement officiel, j'en ai d\u00e9j\u00e0 vendu pr\u00e8s d'une quinzaine\u00bb, compte une vendeuse\u00a0\u00e0 Bayonne (64). M\u00eame engoue\u00adment \u00e0 Chartres (28). Au total, pr\u00e8s de 400 mod\u00e8les ont \u00e9t\u00e9 vendus ainsi. Les premi\u00e8res com\u00admandes* proviennent pour moiti\u00e9 de conqu\u00eate, avec des reprises de monos\u00adpaces compacts ou SUV concurrents, et pour l'autre de la reprise d'ix35. Pas de Tucson de premi\u00e8re g\u00e9n\u00e9ration. \u00ab Je pense que nos clients qui en ont un vont le garder jusqu'au bout \u00bb, constate Estelle R\u00e9thoret, qui estime que ses principales reprises se feront sur de l'ix35, \u00ab d'autant que nous avons chez nous une client\u00e8le assez \u00e2g\u00e9e, dot\u00e9e d'un pouvoir d'achat important, qui aime se faire plaisir et qui renouvelle souvent son v\u00e9hicule \u00bb.<br \/>\n\u00ab Gagnants suries deux tableaux \u00bb L'arriv\u00e9e de l'ix35 sur le march\u00e9 du v\u00e9hicule d'occasion\u00a0est aussi une aubaine, la demande sur ce mod\u00e8le \u00e9tant de plus en plus impor\u00adtante. \u00ab Nous sommes gagnants sur les deux tableaux \u00bb, se r\u00e9jouissent les concessionnaires interrog\u00e9s. Cette prime \u00e0 la fid\u00e9lit\u00e9 va se d\u00e9ployer sur l'ensemble de la gamme, ce qui permet\u00adtra de d\u00e9velopper l'offre en occasion. Toujours pour fid\u00e9liser sa client\u00e8le, Hyundai travaille activement sur le financement. \u00ab Nous avons des offres de LOA tr\u00e8s bien plac\u00e9es \u00bb, estime Estelle R\u00e9thoret : 265 \u20ac\/mois avec entretien et sans condition de reprise pour le diesel d'entr\u00e9e de gamme, le 1.7 CRDi de 115 ch.<\/p>\n<p>En janvier, le Tucson 2.0 CRDI disposera d'une bo\u00eete de vitesses \u00e0 double embrayage, un \u00e9quipement que certaines des meilleures ventes du segment ont d\u00e9j\u00e0. Le mod\u00e8le passera \u00e0 l'occasion de 136 \u00e0 141 ch.<\/p>\n<p><strong>L'univers de la concurrence :<\/strong> Pour Hyundai, le lancement en septembre du Hyundai Tucson 2015 est le timing id\u00e9al.\" Nous allons profiter naturellement de la communication qui va exister autour du <span style=\"text-decoration: underline;\">Renault Kadjar<\/span>, observe Lionel French-Keogh, patron de la marque en France. Cela<br \/>\nva donc susciter de la curiosit\u00e9 pour le produit et faire venir du monde dans les concessions. \" De plus, Kia et Volkswagen pr\u00e9sentent aussi leur nouvelle g\u00e9n\u00e9ration de <span style=\"text-decoration: underline;\">Sportage<\/span> et de <span style=\"text-decoration: underline;\">Tiguan<\/span>. Aujourd'hui, une voiture sur quatre vendue en France est un tout-chemin ou SUV, cat\u00e9gorie boost\u00e9e, il est vrai, par les SUV urbains, type <span style=\"text-decoration: underline;\">Renault Captur<\/span>.<br \/>\nSur le segment du Tucson, le march\u00e9 \u00e0 fin ao\u00fbt est domin\u00e9 par le <span style=\"text-decoration: underline;\">Peugeot 3008<\/span> (22 754 immatriculations, 1,8% de part), suivi par le <span style=\"text-decoration: underline;\">Nissan Qashqai<\/span> (18 849,1,5%), te Volkswagen Tiguan (10 605, 0,8%) et le Renault Kadjar, qui d\u00e9marre tr\u00e8s fort (7932, 0,6 0\/0).<\/p>\n","protected":false},"excerpt":{"rendered":"<p>Le Hyundai Tucson 2015 est disponible dans les concessions Hyundai poursuit sa reconqu\u00eate avec le Tucson, rempla\u00e7ant de l&rsquo;ix35, longtemps best-seller de la marque cor\u00e9enne en France. La pression est forte, mais le premier accueil s&rsquo;av\u00e8re tr\u00e8s positif Ne l&rsquo;appelez plus ix35, mais Tucson ! La troisi\u00e8me g\u00e9n\u00e9ration du SUV compact du constructeur cor\u00e9en a &#8230; <a title=\"Le Hyundai Tucson 2015 dans les concessions\" class=\"read-more\" href=\"https:\/\/www.carideal.com\/blog\/2015\/10\/17\/le-hyundal-tuscon-arrive-dans-les-concessions\/\" aria-label=\"En savoir plus sur Le Hyundai Tucson 2015 dans les concessions\">Lire plus<\/a><\/p>\n","protected":false},"author":3,"featured_media":16943,"comment_status":"open","ping_status":"open","sticky":false,"template":"","format":"standard","meta":{"_uag_custom_page_level_css":"","_themeisle_gutenberg_block_has_review":false,"footnotes":""},"categories":[21,5944,6009,6241,9,6242,10,6010],"tags":[],"class_list":["post-7088","post","type-post","status-publish","format-standard","has-post-thumbnail","hentry","category-actualites-auto","category-constructeur","category-hyundai","category-hyundai-tucson","category-divers","category-essai-hyundai-tucson","category-marche-automobile-voiture-neuve-occasion-4x4-suv","category-suv"],"wppr_data":{"cwp_meta_box_check":"No"},"yoast_head":"<!-- This site is optimized with the Yoast SEO plugin v24.8.1 - https:\/\/yoast.com\/wordpress\/plugins\/seo\/ -->\n<title>Le Hyundai Tucson 2015 dans les concessions - Blog auto Carid\u00e9al<\/title>\n<meta name=\"description\" content=\"Le Hyundai Tucson 2015 arrive et se succ\u00e8de \u00e0 lui-m\u00eam et \u00e0 l&#039;IX 35. Il plait et se vend aussi bien en conqu\u00eate qu&#039;en fid\u00e9lisation des clients de l&#039; IX35.\" \/>\n<meta name=\"robots\" content=\"index, follow, max-snippet:-1, max-image-preview:large, max-video-preview:-1\" \/>\n<link rel=\"canonical\" href=\"https:\/\/www.carideal.com\/blog\/2015\/10\/17\/le-hyundal-tuscon-arrive-dans-les-concessions\/\" \/>\n<meta property=\"og:locale\" content=\"fr_FR\" \/>\n<meta property=\"og:type\" content=\"article\" \/>\n<meta property=\"og:title\" content=\"Le Hyundai Tucson 2015 dans les concessions - Blog auto Carid\u00e9al\" \/>\n<meta property=\"og:description\" content=\"Le Hyundai Tucson 2015 arrive et se succ\u00e8de \u00e0 lui-m\u00eam et \u00e0 l&#039;IX 35. Il plait et se vend aussi bien en conqu\u00eate qu&#039;en fid\u00e9lisation des clients de l&#039; IX35.\" \/>\n<meta property=\"og:url\" content=\"https:\/\/www.carideal.com\/blog\/2015\/10\/17\/le-hyundal-tuscon-arrive-dans-les-concessions\/\" \/>\n<meta property=\"og:site_name\" content=\"Blog auto Carid\u00e9al\" \/>\n<meta property=\"article:publisher\" content=\"https:\/\/www.facebook.com\/Carideal.mandataire.automobile\" \/>\n<meta property=\"article:author\" content=\"https:\/\/www.facebook.com\/nicolas.schiavon.39\" \/>\n<meta property=\"article:published_time\" content=\"2015-10-17T12:53:53+00:00\" \/>\n<meta property=\"article:modified_time\" content=\"2020-03-08T17:02:33+00:00\" \/>\n<meta property=\"og:image\" content=\"https:\/\/www.carideal.com\/blog\/wp-content\/uploads\/2015\/10\/hyundai-tucson-2015-carideal-blog-1.jpg\" \/>\n\t<meta property=\"og:image:width\" content=\"459\" \/>\n\t<meta property=\"og:image:height\" content=\"216\" \/>\n\t<meta property=\"og:image:type\" content=\"image\/jpeg\" \/>\n<meta name=\"author\" content=\"Nicolas SCHIAVON\" \/>\n<meta name=\"twitter:card\" content=\"summary_large_image\" \/>\n<meta name=\"twitter:creator\" content=\"@caridealauto\" \/>\n<meta name=\"twitter:site\" content=\"@caridealauto\" \/>\n<meta name=\"twitter:label1\" content=\"\u00c9crit par\" \/>\n\t<meta name=\"twitter:data1\" content=\"Nicolas SCHIAVON\" \/>\n\t<meta name=\"twitter:label2\" content=\"Dur\u00e9e de lecture estim\u00e9e\" \/>\n\t<meta name=\"twitter:data2\" content=\"4 minutes\" \/>\n<script type=\"application\/ld+json\" class=\"yoast-schema-graph\">{\"@context\":\"https:\/\/schema.org\",\"@graph\":[{\"@type\":\"Article\",\"@id\":\"https:\/\/www.carideal.com\/blog\/2015\/10\/17\/le-hyundal-tuscon-arrive-dans-les-concessions\/#article\",\"isPartOf\":{\"@id\":\"https:\/\/www.carideal.com\/blog\/2015\/10\/17\/le-hyundal-tuscon-arrive-dans-les-concessions\/\"},\"author\":{\"name\":\"Nicolas SCHIAVON\",\"@id\":\"https:\/\/www.carideal.com\/blog\/#\/schema\/person\/cd95dc7919660de90d31b366f85be1ec\"},\"headline\":\"Le Hyundai Tucson 2015 dans les concessions\",\"datePublished\":\"2015-10-17T12:53:53+00:00\",\"dateModified\":\"2020-03-08T17:02:33+00:00\",\"mainEntityOfPage\":{\"@id\":\"https:\/\/www.carideal.com\/blog\/2015\/10\/17\/le-hyundal-tuscon-arrive-dans-les-concessions\/\"},\"wordCount\":852,\"commentCount\":0,\"publisher\":{\"@id\":\"https:\/\/www.carideal.com\/blog\/#organization\"},\"image\":{\"@id\":\"https:\/\/www.carideal.com\/blog\/2015\/10\/17\/le-hyundal-tuscon-arrive-dans-les-concessions\/#primaryimage\"},\"thumbnailUrl\":\"https:\/\/www.carideal.com\/blog\/wp-content\/uploads\/2015\/10\/hyundai-tucson-2015-carideal-blog-1.jpg\",\"articleSection\":[\"Actualit\u00e9 automobile\",\"Actualit\u00e9 Constructeur automobile\",\"Actualit\u00e9 Hyundai\",\"Actualit\u00e9 Hyundai Tucson\",\"Divers\",\"Essais Hyundai Tucson\",\"March\u00e9 automobile\",\"SUV\"],\"inLanguage\":\"fr-FR\",\"potentialAction\":[{\"@type\":\"CommentAction\",\"name\":\"Comment\",\"target\":[\"https:\/\/www.carideal.com\/blog\/2015\/10\/17\/le-hyundal-tuscon-arrive-dans-les-concessions\/#respond\"]}]},{\"@type\":\"WebPage\",\"@id\":\"https:\/\/www.carideal.com\/blog\/2015\/10\/17\/le-hyundal-tuscon-arrive-dans-les-concessions\/\",\"url\":\"https:\/\/www.carideal.com\/blog\/2015\/10\/17\/le-hyundal-tuscon-arrive-dans-les-concessions\/\",\"name\":\"Le Hyundai Tucson 2015 dans les concessions - Blog auto Carid\u00e9al\",\"isPartOf\":{\"@id\":\"https:\/\/www.carideal.com\/blog\/#website\"},\"primaryImageOfPage\":{\"@id\":\"https:\/\/www.carideal.com\/blog\/2015\/10\/17\/le-hyundal-tuscon-arrive-dans-les-concessions\/#primaryimage\"},\"image\":{\"@id\":\"https:\/\/www.carideal.com\/blog\/2015\/10\/17\/le-hyundal-tuscon-arrive-dans-les-concessions\/#primaryimage\"},\"thumbnailUrl\":\"https:\/\/www.carideal.com\/blog\/wp-content\/uploads\/2015\/10\/hyundai-tucson-2015-carideal-blog-1.jpg\",\"datePublished\":\"2015-10-17T12:53:53+00:00\",\"dateModified\":\"2020-03-08T17:02:33+00:00\",\"description\":\"Le Hyundai Tucson 2015 arrive et se succ\u00e8de \u00e0 lui-m\u00eam et \u00e0 l'IX 35. Il plait et se vend aussi bien en conqu\u00eate qu'en fid\u00e9lisation des clients de l' IX35.\",\"breadcrumb\":{\"@id\":\"https:\/\/www.carideal.com\/blog\/2015\/10\/17\/le-hyundal-tuscon-arrive-dans-les-concessions\/#breadcrumb\"},\"inLanguage\":\"fr-FR\",\"potentialAction\":[{\"@type\":\"ReadAction\",\"target\":[\"https:\/\/www.carideal.com\/blog\/2015\/10\/17\/le-hyundal-tuscon-arrive-dans-les-concessions\/\"]}]},{\"@type\":\"ImageObject\",\"inLanguage\":\"fr-FR\",\"@id\":\"https:\/\/www.carideal.com\/blog\/2015\/10\/17\/le-hyundal-tuscon-arrive-dans-les-concessions\/#primaryimage\",\"url\":\"https:\/\/www.carideal.com\/blog\/wp-content\/uploads\/2015\/10\/hyundai-tucson-2015-carideal-blog-1.jpg\",\"contentUrl\":\"https:\/\/www.carideal.com\/blog\/wp-content\/uploads\/2015\/10\/hyundai-tucson-2015-carideal-blog-1.jpg\",\"width\":459,\"height\":216,\"caption\":\"Hyundai Tucson 2015\"},{\"@type\":\"BreadcrumbList\",\"@id\":\"https:\/\/www.carideal.com\/blog\/2015\/10\/17\/le-hyundal-tuscon-arrive-dans-les-concessions\/#breadcrumb\",\"itemListElement\":[{\"@type\":\"ListItem\",\"position\":1,\"name\":\"Blog Carid\u00e9al\",\"item\":\"https:\/\/www.carideal.com\/blog\/\"},{\"@type\":\"ListItem\",\"position\":2,\"name\":\"Actualit\u00e9 constructeur automobile\",\"item\":\"https:\/\/www.carideal.com\/blog\/constructeur\/\"},{\"@type\":\"ListItem\",\"position\":3,\"name\":\"Actualit\u00e9 Hyundai\",\"item\":\"https:\/\/www.carideal.com\/blog\/constructeur\/hyundai\/\"},{\"@type\":\"ListItem\",\"position\":4,\"name\":\"Actualit\u00e9 Hyundai Tucson\",\"item\":\"https:\/\/www.carideal.com\/blog\/constructeur\/hyundai\/hyundai-tucson\/\"},{\"@type\":\"ListItem\",\"position\":5,\"name\":\"Le Hyundai Tucson 2015 dans les concessions\"}]},{\"@type\":\"WebSite\",\"@id\":\"https:\/\/www.carideal.com\/blog\/#website\",\"url\":\"https:\/\/www.carideal.com\/blog\/\",\"name\":\"Blog auto Carid\u00e9al\",\"description\":\"Actualit\u00e9 auto par des passionn\u00e9s\",\"publisher\":{\"@id\":\"https:\/\/www.carideal.com\/blog\/#organization\"},\"potentialAction\":[{\"@type\":\"SearchAction\",\"target\":{\"@type\":\"EntryPoint\",\"urlTemplate\":\"https:\/\/www.carideal.com\/blog\/?s={search_term_string}\"},\"query-input\":{\"@type\":\"PropertyValueSpecification\",\"valueRequired\":true,\"valueName\":\"search_term_string\"}}],\"inLanguage\":\"fr-FR\"},{\"@type\":\"Organization\",\"@id\":\"https:\/\/www.carideal.com\/blog\/#organization\",\"name\":\"Carideal\",\"url\":\"https:\/\/www.carideal.com\/blog\/\",\"logo\":{\"@type\":\"ImageObject\",\"inLanguage\":\"fr-FR\",\"@id\":\"https:\/\/www.carideal.com\/blog\/#\/schema\/logo\/image\/\",\"url\":\"http:\/\/www.carideal.com\/blog\/wp-content\/uploads\/2016\/03\/logo-carideal-mandataire-automobile.png\",\"contentUrl\":\"http:\/\/www.carideal.com\/blog\/wp-content\/uploads\/2016\/03\/logo-carideal-mandataire-automobile.png\",\"width\":300,\"height\":300,\"caption\":\"Carideal\"},\"image\":{\"@id\":\"https:\/\/www.carideal.com\/blog\/#\/schema\/logo\/image\/\"},\"sameAs\":[\"https:\/\/www.facebook.com\/Carideal.mandataire.automobile\",\"https:\/\/x.com\/caridealauto\",\"https:\/\/www.instagram.com\/carideal1\/\",\"https:\/\/www.linkedin.com\/company\/carideal.com\",\"https:\/\/fr.pinterest.com\/schiavonsas\/\",\"https:\/\/www.youtube.com\/user\/caridealsas\"]},{\"@type\":\"Person\",\"@id\":\"https:\/\/www.carideal.com\/blog\/#\/schema\/person\/cd95dc7919660de90d31b366f85be1ec\",\"name\":\"Nicolas SCHIAVON\",\"image\":{\"@type\":\"ImageObject\",\"inLanguage\":\"fr-FR\",\"@id\":\"https:\/\/www.carideal.com\/blog\/#\/schema\/person\/image\/\",\"url\":\"https:\/\/secure.gravatar.com\/avatar\/c17e55009e671d92cc7f5dc837dc418a?s=96&r=g\",\"contentUrl\":\"https:\/\/secure.gravatar.com\/avatar\/c17e55009e671d92cc7f5dc837dc418a?s=96&r=g\",\"caption\":\"Nicolas SCHIAVON\"},\"description\":\"Nicolas Schiavon est tomb\u00e9 tout petit dans la marmite automobile. Ayant eu un garage de marque automobile, mandataire automobile de la premi\u00e8re heure d\u00e8s 1999. Nicolas a cr\u00e9\u00e9 ces premiers sites de vente de voiture et blog automobile d\u00e8s 1994. Carideal est n\u00e9 le 15 d\u00e9cembre 2000 de la volont\u00e9 de vendre des voitures d'occasions en ligne puis des voitures neuves. Il a pu essayer beaucoup de voitures tr\u00e8s diff\u00e9rentes et ayant eu personnellement quelques belles autos, Subaru Impreza, Mitsubishi Lancer Evo 7, Porsche 911, Ferrari Testarrossa, Audi RS3, RS4 et j'en passe...\",\"sameAs\":[\"http:\/\/www.carideal.com\",\"https:\/\/www.facebook.com\/nicolas.schiavon.39\",\"https:\/\/www.instagram.com\/carideal1\/\",\"https:\/\/www.linkedin.com\/in\/nschiavon\/\",\"https:\/\/x.com\/caridealauto\",\"https:\/\/www.youtube.com\/user\/caridealsas\/\"],\"url\":\"https:\/\/www.carideal.com\/blog\/author\/nschiavon\/\"}]}<\/script>\n<!-- \/ Yoast SEO plugin. -->","yoast_head_json":{"title":"Le Hyundai Tucson 2015 dans les concessions - Blog auto Carid\u00e9al","description":"Le Hyundai Tucson 2015 arrive et se succ\u00e8de \u00e0 lui-m\u00eam et \u00e0 l'IX 35. Il plait et se vend aussi bien en conqu\u00eate qu'en fid\u00e9lisation des clients de l' IX35.","robots":{"index":"index","follow":"follow","max-snippet":"max-snippet:-1","max-image-preview":"max-image-preview:large","max-video-preview":"max-video-preview:-1"},"canonical":"https:\/\/www.carideal.com\/blog\/2015\/10\/17\/le-hyundal-tuscon-arrive-dans-les-concessions\/","og_locale":"fr_FR","og_type":"article","og_title":"Le Hyundai Tucson 2015 dans les concessions - Blog auto Carid\u00e9al","og_description":"Le Hyundai Tucson 2015 arrive et se succ\u00e8de \u00e0 lui-m\u00eam et \u00e0 l'IX 35. Il plait et se vend aussi bien en conqu\u00eate qu'en fid\u00e9lisation des clients de l' IX35.","og_url":"https:\/\/www.carideal.com\/blog\/2015\/10\/17\/le-hyundal-tuscon-arrive-dans-les-concessions\/","og_site_name":"Blog auto Carid\u00e9al","article_publisher":"https:\/\/www.facebook.com\/Carideal.mandataire.automobile","article_author":"https:\/\/www.facebook.com\/nicolas.schiavon.39","article_published_time":"2015-10-17T12:53:53+00:00","article_modified_time":"2020-03-08T17:02:33+00:00","og_image":[{"width":459,"height":216,"url":"https:\/\/www.carideal.com\/blog\/wp-content\/uploads\/2015\/10\/hyundai-tucson-2015-carideal-blog-1.jpg","type":"image\/jpeg"}],"author":"Nicolas SCHIAVON","twitter_card":"summary_large_image","twitter_creator":"@caridealauto","twitter_site":"@caridealauto","twitter_misc":{"\u00c9crit par":"Nicolas SCHIAVON","Dur\u00e9e de lecture estim\u00e9e":"4 minutes"},"schema":{"@context":"https:\/\/schema.org","@graph":[{"@type":"Article","@id":"https:\/\/www.carideal.com\/blog\/2015\/10\/17\/le-hyundal-tuscon-arrive-dans-les-concessions\/#article","isPartOf":{"@id":"https:\/\/www.carideal.com\/blog\/2015\/10\/17\/le-hyundal-tuscon-arrive-dans-les-concessions\/"},"author":{"name":"Nicolas SCHIAVON","@id":"https:\/\/www.carideal.com\/blog\/#\/schema\/person\/cd95dc7919660de90d31b366f85be1ec"},"headline":"Le Hyundai Tucson 2015 dans les concessions","datePublished":"2015-10-17T12:53:53+00:00","dateModified":"2020-03-08T17:02:33+00:00","mainEntityOfPage":{"@id":"https:\/\/www.carideal.com\/blog\/2015\/10\/17\/le-hyundal-tuscon-arrive-dans-les-concessions\/"},"wordCount":852,"commentCount":0,"publisher":{"@id":"https:\/\/www.carideal.com\/blog\/#organization"},"image":{"@id":"https:\/\/www.carideal.com\/blog\/2015\/10\/17\/le-hyundal-tuscon-arrive-dans-les-concessions\/#primaryimage"},"thumbnailUrl":"https:\/\/www.carideal.com\/blog\/wp-content\/uploads\/2015\/10\/hyundai-tucson-2015-carideal-blog-1.jpg","articleSection":["Actualit\u00e9 automobile","Actualit\u00e9 Constructeur automobile","Actualit\u00e9 Hyundai","Actualit\u00e9 Hyundai Tucson","Divers","Essais Hyundai Tucson","March\u00e9 automobile","SUV"],"inLanguage":"fr-FR","potentialAction":[{"@type":"CommentAction","name":"Comment","target":["https:\/\/www.carideal.com\/blog\/2015\/10\/17\/le-hyundal-tuscon-arrive-dans-les-concessions\/#respond"]}]},{"@type":"WebPage","@id":"https:\/\/www.carideal.com\/blog\/2015\/10\/17\/le-hyundal-tuscon-arrive-dans-les-concessions\/","url":"https:\/\/www.carideal.com\/blog\/2015\/10\/17\/le-hyundal-tuscon-arrive-dans-les-concessions\/","name":"Le Hyundai Tucson 2015 dans les concessions - Blog auto Carid\u00e9al","isPartOf":{"@id":"https:\/\/www.carideal.com\/blog\/#website"},"primaryImageOfPage":{"@id":"https:\/\/www.carideal.com\/blog\/2015\/10\/17\/le-hyundal-tuscon-arrive-dans-les-concessions\/#primaryimage"},"image":{"@id":"https:\/\/www.carideal.com\/blog\/2015\/10\/17\/le-hyundal-tuscon-arrive-dans-les-concessions\/#primaryimage"},"thumbnailUrl":"https:\/\/www.carideal.com\/blog\/wp-content\/uploads\/2015\/10\/hyundai-tucson-2015-carideal-blog-1.jpg","datePublished":"2015-10-17T12:53:53+00:00","dateModified":"2020-03-08T17:02:33+00:00","description":"Le Hyundai Tucson 2015 arrive et se succ\u00e8de \u00e0 lui-m\u00eam et \u00e0 l'IX 35. Il plait et se vend aussi bien en conqu\u00eate qu'en fid\u00e9lisation des clients de l' IX35.","breadcrumb":{"@id":"https:\/\/www.carideal.com\/blog\/2015\/10\/17\/le-hyundal-tuscon-arrive-dans-les-concessions\/#breadcrumb"},"inLanguage":"fr-FR","potentialAction":[{"@type":"ReadAction","target":["https:\/\/www.carideal.com\/blog\/2015\/10\/17\/le-hyundal-tuscon-arrive-dans-les-concessions\/"]}]},{"@type":"ImageObject","inLanguage":"fr-FR","@id":"https:\/\/www.carideal.com\/blog\/2015\/10\/17\/le-hyundal-tuscon-arrive-dans-les-concessions\/#primaryimage","url":"https:\/\/www.carideal.com\/blog\/wp-content\/uploads\/2015\/10\/hyundai-tucson-2015-carideal-blog-1.jpg","contentUrl":"https:\/\/www.carideal.com\/blog\/wp-content\/uploads\/2015\/10\/hyundai-tucson-2015-carideal-blog-1.jpg","width":459,"height":216,"caption":"Hyundai Tucson 2015"},{"@type":"BreadcrumbList","@id":"https:\/\/www.carideal.com\/blog\/2015\/10\/17\/le-hyundal-tuscon-arrive-dans-les-concessions\/#breadcrumb","itemListElement":[{"@type":"ListItem","position":1,"name":"Blog Carid\u00e9al","item":"https:\/\/www.carideal.com\/blog\/"},{"@type":"ListItem","position":2,"name":"Actualit\u00e9 constructeur automobile","item":"https:\/\/www.carideal.com\/blog\/constructeur\/"},{"@type":"ListItem","position":3,"name":"Actualit\u00e9 Hyundai","item":"https:\/\/www.carideal.com\/blog\/constructeur\/hyundai\/"},{"@type":"ListItem","position":4,"name":"Actualit\u00e9 Hyundai Tucson","item":"https:\/\/www.carideal.com\/blog\/constructeur\/hyundai\/hyundai-tucson\/"},{"@type":"ListItem","position":5,"name":"Le Hyundai Tucson 2015 dans les concessions"}]},{"@type":"WebSite","@id":"https:\/\/www.carideal.com\/blog\/#website","url":"https:\/\/www.carideal.com\/blog\/","name":"Blog auto Carid\u00e9al","description":"Actualit\u00e9 auto par des passionn\u00e9s","publisher":{"@id":"https:\/\/www.carideal.com\/blog\/#organization"},"potentialAction":[{"@type":"SearchAction","target":{"@type":"EntryPoint","urlTemplate":"https:\/\/www.carideal.com\/blog\/?s={search_term_string}"},"query-input":{"@type":"PropertyValueSpecification","valueRequired":true,"valueName":"search_term_string"}}],"inLanguage":"fr-FR"},{"@type":"Organization","@id":"https:\/\/www.carideal.com\/blog\/#organization","name":"Carideal","url":"https:\/\/www.carideal.com\/blog\/","logo":{"@type":"ImageObject","inLanguage":"fr-FR","@id":"https:\/\/www.carideal.com\/blog\/#\/schema\/logo\/image\/","url":"http:\/\/www.carideal.com\/blog\/wp-content\/uploads\/2016\/03\/logo-carideal-mandataire-automobile.png","contentUrl":"http:\/\/www.carideal.com\/blog\/wp-content\/uploads\/2016\/03\/logo-carideal-mandataire-automobile.png","width":300,"height":300,"caption":"Carideal"},"image":{"@id":"https:\/\/www.carideal.com\/blog\/#\/schema\/logo\/image\/"},"sameAs":["https:\/\/www.facebook.com\/Carideal.mandataire.automobile","https:\/\/x.com\/caridealauto","https:\/\/www.instagram.com\/carideal1\/","https:\/\/www.linkedin.com\/company\/carideal.com","https:\/\/fr.pinterest.com\/schiavonsas\/","https:\/\/www.youtube.com\/user\/caridealsas"]},{"@type":"Person","@id":"https:\/\/www.carideal.com\/blog\/#\/schema\/person\/cd95dc7919660de90d31b366f85be1ec","name":"Nicolas SCHIAVON","image":{"@type":"ImageObject","inLanguage":"fr-FR","@id":"https:\/\/www.carideal.com\/blog\/#\/schema\/person\/image\/","url":"https:\/\/secure.gravatar.com\/avatar\/c17e55009e671d92cc7f5dc837dc418a?s=96&r=g","contentUrl":"https:\/\/secure.gravatar.com\/avatar\/c17e55009e671d92cc7f5dc837dc418a?s=96&r=g","caption":"Nicolas SCHIAVON"},"description":"Nicolas Schiavon est tomb\u00e9 tout petit dans la marmite automobile. Ayant eu un garage de marque automobile, mandataire automobile de la premi\u00e8re heure d\u00e8s 1999. Nicolas a cr\u00e9\u00e9 ces premiers sites de vente de voiture et blog automobile d\u00e8s 1994. Carideal est n\u00e9 le 15 d\u00e9cembre 2000 de la volont\u00e9 de vendre des voitures d'occasions en ligne puis des voitures neuves. Il a pu essayer beaucoup de voitures tr\u00e8s diff\u00e9rentes et ayant eu personnellement quelques belles autos, Subaru Impreza, Mitsubishi Lancer Evo 7, Porsche 911, Ferrari Testarrossa, Audi RS3, RS4 et j'en passe...","sameAs":["http:\/\/www.carideal.com","https:\/\/www.facebook.com\/nicolas.schiavon.39","https:\/\/www.instagram.com\/carideal1\/","https:\/\/www.linkedin.com\/in\/nschiavon\/","https:\/\/x.com\/caridealauto","https:\/\/www.youtube.com\/user\/caridealsas\/"],"url":"https:\/\/www.carideal.com\/blog\/author\/nschiavon\/"}]}},"uagb_featured_image_src":{"full":["https:\/\/www.carideal.com\/blog\/wp-content\/uploads\/2015\/10\/hyundai-tucson-2015-carideal-blog-1.jpg",459,216,false],"thumbnail":["https:\/\/www.carideal.com\/blog\/wp-content\/uploads\/2015\/10\/hyundai-tucson-2015-carideal-blog-1-150x150.jpg",150,150,true],"medium":["https:\/\/www.carideal.com\/blog\/wp-content\/uploads\/2015\/10\/hyundai-tucson-2015-carideal-blog-1-300x141.jpg",300,141,true],"medium_large":["https:\/\/www.carideal.com\/blog\/wp-content\/uploads\/2015\/10\/hyundai-tucson-2015-carideal-blog-1.jpg",459,216,false],"large":["https:\/\/www.carideal.com\/blog\/wp-content\/uploads\/2015\/10\/hyundai-tucson-2015-carideal-blog-1.jpg",459,216,false],"1536x1536":["https:\/\/www.carideal.com\/blog\/wp-content\/uploads\/2015\/10\/hyundai-tucson-2015-carideal-blog-1.jpg",459,216,false],"2048x2048":["https:\/\/www.carideal.com\/blog\/wp-content\/uploads\/2015\/10\/hyundai-tucson-2015-carideal-blog-1.jpg",459,216,false],"wppr-widget":["https:\/\/www.carideal.com\/blog\/wp-content\/uploads\/2015\/10\/hyundai-tucson-2015-carideal-blog-1.jpg",50,24,false]},"uagb_author_info":{"display_name":"Nicolas SCHIAVON","author_link":"https:\/\/www.carideal.com\/blog\/author\/nschiavon\/"},"uagb_comment_info":0,"uagb_excerpt":"Le Hyundai Tucson 2015 est disponible dans les concessions Hyundai poursuit sa reconqu\u00eate avec le Tucson, rempla\u00e7ant de l'ix35, longtemps best-seller de la marque cor\u00e9enne en France. La pression est forte, mais le premier accueil s'av\u00e8re tr\u00e8s positif Ne l'appelez plus ix35, mais Tucson ! La troisi\u00e8me g\u00e9n\u00e9ration du SUV compact du constructeur cor\u00e9en a\u2026","_links":{"self":[{"href":"https:\/\/www.carideal.com\/blog\/wp-json\/wp\/v2\/posts\/7088"}],"collection":[{"href":"https:\/\/www.carideal.com\/blog\/wp-json\/wp\/v2\/posts"}],"about":[{"href":"https:\/\/www.carideal.com\/blog\/wp-json\/wp\/v2\/types\/post"}],"author":[{"embeddable":true,"href":"https:\/\/www.carideal.com\/blog\/wp-json\/wp\/v2\/users\/3"}],"replies":[{"embeddable":true,"href":"https:\/\/www.carideal.com\/blog\/wp-json\/wp\/v2\/comments?post=7088"}],"version-history":[{"count":0,"href":"https:\/\/www.carideal.com\/blog\/wp-json\/wp\/v2\/posts\/7088\/revisions"}],"wp:featuredmedia":[{"embeddable":true,"href":"https:\/\/www.carideal.com\/blog\/wp-json\/wp\/v2\/media\/16943"}],"wp:attachment":[{"href":"https:\/\/www.carideal.com\/blog\/wp-json\/wp\/v2\/media?parent=7088"}],"wp:term":[{"taxonomy":"category","embeddable":true,"href":"https:\/\/www.carideal.com\/blog\/wp-json\/wp\/v2\/categories?post=7088"},{"taxonomy":"post_tag","embeddable":true,"href":"https:\/\/www.carideal.com\/blog\/wp-json\/wp\/v2\/tags?post=7088"}],"curies":[{"name":"wp","href":"https:\/\/api.w.org\/{rel}","templated":true}]}}