{"id":708,"date":"2009-09-19T14:12:00","date_gmt":"2009-09-19T14:12:00","guid":{"rendered":"http:\/\/carideal.com\/blog\/?p=708"},"modified":"2020-02-07T12:18:26","modified_gmt":"2020-02-07T11:18:26","slug":"nouvelle-citroen-ds3","status":"publish","type":"post","link":"https:\/\/www.carideal.com\/blog\/2009\/09\/19\/nouvelle-citroen-ds3\/","title":{"rendered":"Nouvelle Citroen DS3 au salon de Francfort"},"content":{"rendered":"<h2>Citro\u00ebn lance officiellement sa nouvelle Citro\u00ebn DS3 au salon de Francfort<\/h2>\n<p><strong>Citro\u00ebn Profite du salon de Francfort pour lancer sa nouvelle <a href=\"http:\/\/www.carideal.com\/blog\/2016\/01\/22\/nouvelle-ds3-2016\/\">DS3<\/a><\/strong>. La France a la r\u00e9putation mondiale du luxe sauf dans l'automobile et les les constructeurs fran\u00e7ais ont pay\u00e9 cher, <a href=\"http:\/\/www.carideal.com\/blog\/marque-de-voiture-actualites-essais\/renault\/\"><span style=\"text-decoration: underline;\">Renault<\/span><\/a> arr\u00e8te sa <span style=\"text-decoration: underline;\">Vel Satis<\/span>, <a href=\"http:\/\/www.carideal.com\/blog\/marque-de-voiture-actualites-essais\/citroen\/\">Citro\u00ebn<\/a> sa C6 et <a href=\"http:\/\/www.carideal.com\/blog\/marque-de-voiture-actualites-essais\/peugeot\/\"><span style=\"text-decoration: underline;\">Peugeot<\/span><\/a> sa 607. Mais Citro\u00ebn n'a pas renonc\u00e9 au cr\u00e9neau du luxe, il semble arm\u00e9 pour lutter sur le cr\u00e9neau des citadines premium. Sa marque DS a la bonne notori\u00e9t\u00e9 pour cela.<\/p>\n<p><iframe loading=\"lazy\" src=\"https:\/\/www.youtube.com\/embed\/UvpvlqxyjBI\" width=\"560\" height=\"315\" frameborder=\"0\" allowfullscreen=\"allowfullscreen\"><\/iframe><\/p>\n<p>Citro\u00ebn n'a pas voulu surfer sur la vague du n\u00e9o r\u00e9tro mais pr\u00e9sente un produit neuf et innovant, bien actuel. Jean Pierre Plou\u00e9, directeur du style chez Citro\u00ebn, insiste et enfonce le clou les franc aise n'ont pas \u00e0 rougir ! et veut \"faire de la voiture un bijou automobile\".<\/p>\n<p>Le mod\u00e8le final tient ses promesses, la DS3 flatte l'\u0153il. Plus basse de 6 cm que la <a href=\"http:\/\/www.carideal.com\/blog\/marque-de-voiture-actualites-essais\/citroen\/c3\/\">nouvelle C3<\/a> et dot\u00e9e d'une calandre plus accentu\u00e9e, la citadine apparait ainsi plus ramass\u00e9e et dynamique. Avec sa longueur de 3,95 m, elle vient \u00e9galement titiller les 3,70 m de la Mini. La DS3 propose un coffre plus petit que celui de la C3 285 l contre 300 pour la <a href=\"http:\/\/www.carideal.com\/blog\/marque-de-voiture-actualites-essais\/citroen\/c3\/\">C3<\/a>.<\/p>\n<p>Avec quatre teintes de toit distinctes du reste de la carrosserie (noir, blanc, bleu Botticelli ou rouge Carmen), des coques de r\u00e9troviseur et bas de portes color\u00e9s ou chrom\u00e9s, des roues et leurs centres personnalisables, sans compter les stickers de toit (tatouage tribal, z\u00e9br\u00e9, ondes ou petits pois) les capacit\u00e9s de transformation sont in\u00e9dites.<\/p>\n<h2>Pr\u00e9sentation de la nouvelle&nbsp;Citroen DS3 au salon de Francfort<\/h2>\n<p>La rivale de la <span style=\"text-decoration: underline;\">Mini<\/span> est lanc\u00e9e au salon de Francfort : Citro\u00ebn DS3<br \/>\nCeci est la citadine Citro\u00ebn DS3, la premi\u00e8re voiture dans une gamme <a href=\"http:\/\/www.carideal.com\/blog\/marque-de-voiture-actualites-essais\/ds\/\"><span style=\"text-decoration: underline;\">DS<\/span><\/a> qui a \u00e9t\u00e9 lanc\u00e9 au salon de l'automobile de Francfort.<\/p>\n<p>La firme fran\u00e7aise esp\u00e8re que cette concurrente pour la Mini et <a href=\"http:\/\/www.carideal.com\/blog\/2015\/08\/16\/fiat-500-restylee\/\"><span style=\"text-decoration: underline;\">Fiat 500<\/span><\/a> donnera \u00e0 la marque Citro\u00ebn un regain d'image. Le constructeur&nbsp;a annonc\u00e9 que 100 voitures seront disponibles en pr\u00e9-commande en ligne \u00e0 partir d'aujourd'hui, avec des livraisons pr\u00e9vues pour commencer au&nbsp;printemps prochain.<\/p>\n<h2>Voir la galerie de photos Citroen DS3<\/h2>\n<p>Les photos de la nouvelle Citro\u00ebn DS3<\/p>\n<div id='gallery-1' class='gallery galleryid-708 gallery-columns-3 gallery-size-medium'><figure class='gallery-item'>\n\t\t\t<div class='gallery-icon landscape'>\n\t\t\t\t<a href='https:\/\/www.carideal.com\/blog\/2009\/09\/19\/nouvelle-citroen-ds3\/citroen-ds3-voiture-client-schiavon-chambery-31\/#main'><img loading=\"lazy\" decoding=\"async\" width=\"300\" height=\"225\" src=\"https:\/\/www.carideal.com\/blog\/wp-content\/uploads\/2009\/09\/citroen-ds3-voiture-client-schiavon-chambery-31-300x225.jpg\" class=\"attachment-medium size-medium\" alt=\"Nouvelle Citroen DS3\" aria-describedby=\"gallery-1-12543\" srcset=\"https:\/\/www.carideal.com\/blog\/wp-content\/uploads\/2009\/09\/citroen-ds3-voiture-client-schiavon-chambery-31-300x225.jpg 300w, https:\/\/www.carideal.com\/blog\/wp-content\/uploads\/2009\/09\/citroen-ds3-voiture-client-schiavon-chambery-31-768x577.jpg 768w, https:\/\/www.carideal.com\/blog\/wp-content\/uploads\/2009\/09\/citroen-ds3-voiture-client-schiavon-chambery-31-624x468.jpg 624w, https:\/\/www.carideal.com\/blog\/wp-content\/uploads\/2009\/09\/citroen-ds3-voiture-client-schiavon-chambery-31.jpg 1023w\" sizes=\"(max-width: 300px) 100vw, 300px\" \/><\/a>\n\t\t\t<\/div>\n\t\t\t\t<figcaption class='wp-caption-text gallery-caption' id='gallery-1-12543'>\n\t\t\t\tNouvelle Citroen DS3\n\t\t\t\t<\/figcaption><\/figure><figure class='gallery-item'>\n\t\t\t<div class='gallery-icon landscape'>\n\t\t\t\t<a href='https:\/\/www.carideal.com\/blog\/2009\/09\/19\/nouvelle-citroen-ds3\/citroen-ds3-voiture-client-schiavon-chambery-11\/#main'><img loading=\"lazy\" decoding=\"async\" width=\"300\" height=\"225\" src=\"https:\/\/www.carideal.com\/blog\/wp-content\/uploads\/2009\/09\/citroen-ds3-voiture-client-schiavon-chambery-11-300x225.jpg\" class=\"attachment-medium size-medium\" alt=\"Nouvelle Citroen DS3\" aria-describedby=\"gallery-1-12542\" srcset=\"https:\/\/www.carideal.com\/blog\/wp-content\/uploads\/2009\/09\/citroen-ds3-voiture-client-schiavon-chambery-11-300x225.jpg 300w, https:\/\/www.carideal.com\/blog\/wp-content\/uploads\/2009\/09\/citroen-ds3-voiture-client-schiavon-chambery-11-768x576.jpg 768w, https:\/\/www.carideal.com\/blog\/wp-content\/uploads\/2009\/09\/citroen-ds3-voiture-client-schiavon-chambery-11-624x468.jpg 624w, https:\/\/www.carideal.com\/blog\/wp-content\/uploads\/2009\/09\/citroen-ds3-voiture-client-schiavon-chambery-11.jpg 800w\" sizes=\"(max-width: 300px) 100vw, 300px\" \/><\/a>\n\t\t\t<\/div>\n\t\t\t\t<figcaption class='wp-caption-text gallery-caption' id='gallery-1-12542'>\n\t\t\t\tNouvelle Citroen DS3\n\t\t\t\t<\/figcaption><\/figure><figure class='gallery-item'>\n\t\t\t<div class='gallery-icon landscape'>\n\t\t\t\t<a href='https:\/\/www.carideal.com\/blog\/2009\/09\/19\/nouvelle-citroen-ds3\/citroen-ds3-voiture-client-schiavon-chambery-10\/#main'><img loading=\"lazy\" decoding=\"async\" width=\"300\" height=\"225\" src=\"https:\/\/www.carideal.com\/blog\/wp-content\/uploads\/2009\/09\/citroen-ds3-voiture-client-schiavon-chambery-10-300x225.jpg\" class=\"attachment-medium size-medium\" alt=\"Nouvelle Citroen DS3\" aria-describedby=\"gallery-1-12541\" srcset=\"https:\/\/www.carideal.com\/blog\/wp-content\/uploads\/2009\/09\/citroen-ds3-voiture-client-schiavon-chambery-10-300x225.jpg 300w, https:\/\/www.carideal.com\/blog\/wp-content\/uploads\/2009\/09\/citroen-ds3-voiture-client-schiavon-chambery-10-768x576.jpg 768w, https:\/\/www.carideal.com\/blog\/wp-content\/uploads\/2009\/09\/citroen-ds3-voiture-client-schiavon-chambery-10-624x468.jpg 624w, https:\/\/www.carideal.com\/blog\/wp-content\/uploads\/2009\/09\/citroen-ds3-voiture-client-schiavon-chambery-10.jpg 800w\" sizes=\"(max-width: 300px) 100vw, 300px\" \/><\/a>\n\t\t\t<\/div>\n\t\t\t\t<figcaption class='wp-caption-text gallery-caption' id='gallery-1-12541'>\n\t\t\t\tNouvelle Citroen DS3\n\t\t\t\t<\/figcaption><\/figure><figure class='gallery-item'>\n\t\t\t<div class='gallery-icon landscape'>\n\t\t\t\t<a href='https:\/\/www.carideal.com\/blog\/2009\/09\/19\/nouvelle-citroen-ds3\/citroen-ds3-voiture-client-schiavon-chambery-9\/#main'><img loading=\"lazy\" decoding=\"async\" width=\"300\" height=\"225\" src=\"https:\/\/www.carideal.com\/blog\/wp-content\/uploads\/2009\/09\/citroen-ds3-voiture-client-schiavon-chambery-9-300x225.jpg\" class=\"attachment-medium size-medium\" alt=\"Nouvelle Citroen DS3\" aria-describedby=\"gallery-1-12540\" srcset=\"https:\/\/www.carideal.com\/blog\/wp-content\/uploads\/2009\/09\/citroen-ds3-voiture-client-schiavon-chambery-9-300x225.jpg 300w, https:\/\/www.carideal.com\/blog\/wp-content\/uploads\/2009\/09\/citroen-ds3-voiture-client-schiavon-chambery-9-768x576.jpg 768w, https:\/\/www.carideal.com\/blog\/wp-content\/uploads\/2009\/09\/citroen-ds3-voiture-client-schiavon-chambery-9-624x468.jpg 624w, https:\/\/www.carideal.com\/blog\/wp-content\/uploads\/2009\/09\/citroen-ds3-voiture-client-schiavon-chambery-9.jpg 800w\" sizes=\"(max-width: 300px) 100vw, 300px\" \/><\/a>\n\t\t\t<\/div>\n\t\t\t\t<figcaption class='wp-caption-text gallery-caption' id='gallery-1-12540'>\n\t\t\t\tNouvelle Citroen DS3\n\t\t\t\t<\/figcaption><\/figure><figure class='gallery-item'>\n\t\t\t<div class='gallery-icon landscape'>\n\t\t\t\t<a href='https:\/\/www.carideal.com\/blog\/2009\/09\/19\/nouvelle-citroen-ds3\/citroen-ds3-voiture-client-schiavon-chambery-8\/#main'><img loading=\"lazy\" decoding=\"async\" width=\"300\" height=\"225\" src=\"https:\/\/www.carideal.com\/blog\/wp-content\/uploads\/2009\/09\/citroen-ds3-voiture-client-schiavon-chambery-8-300x225.jpg\" class=\"attachment-medium size-medium\" alt=\"Nouvelle Citroen DS3\" aria-describedby=\"gallery-1-12539\" srcset=\"https:\/\/www.carideal.com\/blog\/wp-content\/uploads\/2009\/09\/citroen-ds3-voiture-client-schiavon-chambery-8-300x225.jpg 300w, https:\/\/www.carideal.com\/blog\/wp-content\/uploads\/2009\/09\/citroen-ds3-voiture-client-schiavon-chambery-8-768x576.jpg 768w, https:\/\/www.carideal.com\/blog\/wp-content\/uploads\/2009\/09\/citroen-ds3-voiture-client-schiavon-chambery-8-624x468.jpg 624w, https:\/\/www.carideal.com\/blog\/wp-content\/uploads\/2009\/09\/citroen-ds3-voiture-client-schiavon-chambery-8.jpg 800w\" sizes=\"(max-width: 300px) 100vw, 300px\" \/><\/a>\n\t\t\t<\/div>\n\t\t\t\t<figcaption class='wp-caption-text gallery-caption' id='gallery-1-12539'>\n\t\t\t\tNouvelle Citroen DS3\n\t\t\t\t<\/figcaption><\/figure><figure class='gallery-item'>\n\t\t\t<div class='gallery-icon landscape'>\n\t\t\t\t<a href='https:\/\/www.carideal.com\/blog\/2009\/09\/19\/nouvelle-citroen-ds3\/citroen-ds3-voiture-client-schiavon-chambery-7\/#main'><img loading=\"lazy\" decoding=\"async\" width=\"300\" height=\"225\" src=\"https:\/\/www.carideal.com\/blog\/wp-content\/uploads\/2009\/09\/citroen-ds3-voiture-client-schiavon-chambery-7-300x225.jpg\" class=\"attachment-medium size-medium\" alt=\"Nouvelle Citroen DS3\" aria-describedby=\"gallery-1-12538\" srcset=\"https:\/\/www.carideal.com\/blog\/wp-content\/uploads\/2009\/09\/citroen-ds3-voiture-client-schiavon-chambery-7-300x225.jpg 300w, https:\/\/www.carideal.com\/blog\/wp-content\/uploads\/2009\/09\/citroen-ds3-voiture-client-schiavon-chambery-7-768x576.jpg 768w, https:\/\/www.carideal.com\/blog\/wp-content\/uploads\/2009\/09\/citroen-ds3-voiture-client-schiavon-chambery-7-624x468.jpg 624w, https:\/\/www.carideal.com\/blog\/wp-content\/uploads\/2009\/09\/citroen-ds3-voiture-client-schiavon-chambery-7.jpg 800w\" sizes=\"(max-width: 300px) 100vw, 300px\" \/><\/a>\n\t\t\t<\/div>\n\t\t\t\t<figcaption class='wp-caption-text gallery-caption' id='gallery-1-12538'>\n\t\t\t\tNouvelle Citroen DS3\n\t\t\t\t<\/figcaption><\/figure><figure class='gallery-item'>\n\t\t\t<div class='gallery-icon landscape'>\n\t\t\t\t<a href='https:\/\/www.carideal.com\/blog\/2009\/09\/19\/nouvelle-citroen-ds3\/citroen-ds3-voiture-client-schiavon-chambery-6\/#main'><img loading=\"lazy\" decoding=\"async\" width=\"300\" height=\"225\" src=\"https:\/\/www.carideal.com\/blog\/wp-content\/uploads\/2009\/09\/citroen-ds3-voiture-client-schiavon-chambery-6-300x225.jpg\" class=\"attachment-medium size-medium\" alt=\"Nouvelle Citroen DS3\" aria-describedby=\"gallery-1-12537\" srcset=\"https:\/\/www.carideal.com\/blog\/wp-content\/uploads\/2009\/09\/citroen-ds3-voiture-client-schiavon-chambery-6-300x225.jpg 300w, https:\/\/www.carideal.com\/blog\/wp-content\/uploads\/2009\/09\/citroen-ds3-voiture-client-schiavon-chambery-6-768x576.jpg 768w, https:\/\/www.carideal.com\/blog\/wp-content\/uploads\/2009\/09\/citroen-ds3-voiture-client-schiavon-chambery-6-624x468.jpg 624w, https:\/\/www.carideal.com\/blog\/wp-content\/uploads\/2009\/09\/citroen-ds3-voiture-client-schiavon-chambery-6.jpg 800w\" sizes=\"(max-width: 300px) 100vw, 300px\" \/><\/a>\n\t\t\t<\/div>\n\t\t\t\t<figcaption class='wp-caption-text gallery-caption' id='gallery-1-12537'>\n\t\t\t\tNouvelle Citroen DS3\n\t\t\t\t<\/figcaption><\/figure><figure class='gallery-item'>\n\t\t\t<div class='gallery-icon landscape'>\n\t\t\t\t<a href='https:\/\/www.carideal.com\/blog\/2009\/09\/19\/nouvelle-citroen-ds3\/citroen-ds3-voiture-client-schiavon-chambery-5\/#main'><img loading=\"lazy\" decoding=\"async\" width=\"300\" height=\"225\" src=\"https:\/\/www.carideal.com\/blog\/wp-content\/uploads\/2009\/09\/citroen-ds3-voiture-client-schiavon-chambery-5-300x225.jpg\" class=\"attachment-medium size-medium\" alt=\"Nouvelle Citroen DS3\" aria-describedby=\"gallery-1-12536\" srcset=\"https:\/\/www.carideal.com\/blog\/wp-content\/uploads\/2009\/09\/citroen-ds3-voiture-client-schiavon-chambery-5-300x225.jpg 300w, https:\/\/www.carideal.com\/blog\/wp-content\/uploads\/2009\/09\/citroen-ds3-voiture-client-schiavon-chambery-5-768x576.jpg 768w, https:\/\/www.carideal.com\/blog\/wp-content\/uploads\/2009\/09\/citroen-ds3-voiture-client-schiavon-chambery-5-624x468.jpg 624w, https:\/\/www.carideal.com\/blog\/wp-content\/uploads\/2009\/09\/citroen-ds3-voiture-client-schiavon-chambery-5.jpg 800w\" sizes=\"(max-width: 300px) 100vw, 300px\" \/><\/a>\n\t\t\t<\/div>\n\t\t\t\t<figcaption class='wp-caption-text gallery-caption' id='gallery-1-12536'>\n\t\t\t\tNouvelle Citroen DS3\n\t\t\t\t<\/figcaption><\/figure><figure class='gallery-item'>\n\t\t\t<div class='gallery-icon landscape'>\n\t\t\t\t<a href='https:\/\/www.carideal.com\/blog\/2009\/09\/19\/nouvelle-citroen-ds3\/citroen-ds3-voiture-client-schiavon-chambery-4\/#main'><img loading=\"lazy\" decoding=\"async\" width=\"300\" height=\"225\" src=\"https:\/\/www.carideal.com\/blog\/wp-content\/uploads\/2009\/09\/citroen-ds3-voiture-client-schiavon-chambery-4-300x225.jpg\" class=\"attachment-medium size-medium\" alt=\"Nouvelle Citroen DS3\" aria-describedby=\"gallery-1-12535\" srcset=\"https:\/\/www.carideal.com\/blog\/wp-content\/uploads\/2009\/09\/citroen-ds3-voiture-client-schiavon-chambery-4-300x225.jpg 300w, https:\/\/www.carideal.com\/blog\/wp-content\/uploads\/2009\/09\/citroen-ds3-voiture-client-schiavon-chambery-4-768x576.jpg 768w, https:\/\/www.carideal.com\/blog\/wp-content\/uploads\/2009\/09\/citroen-ds3-voiture-client-schiavon-chambery-4-624x468.jpg 624w, https:\/\/www.carideal.com\/blog\/wp-content\/uploads\/2009\/09\/citroen-ds3-voiture-client-schiavon-chambery-4.jpg 800w\" sizes=\"(max-width: 300px) 100vw, 300px\" \/><\/a>\n\t\t\t<\/div>\n\t\t\t\t<figcaption class='wp-caption-text gallery-caption' id='gallery-1-12535'>\n\t\t\t\tNouvelle Citroen DS3\n\t\t\t\t<\/figcaption><\/figure><figure class='gallery-item'>\n\t\t\t<div class='gallery-icon landscape'>\n\t\t\t\t<a href='https:\/\/www.carideal.com\/blog\/2009\/09\/19\/nouvelle-citroen-ds3\/citroen-ds3-voiture-client-schiavon-chambery-3\/#main'><img loading=\"lazy\" decoding=\"async\" width=\"300\" height=\"225\" src=\"https:\/\/www.carideal.com\/blog\/wp-content\/uploads\/2009\/09\/citroen-ds3-voiture-client-schiavon-chambery-3-300x225.jpg\" class=\"attachment-medium size-medium\" alt=\"Nouvelle Citroen DS3\" aria-describedby=\"gallery-1-12534\" srcset=\"https:\/\/www.carideal.com\/blog\/wp-content\/uploads\/2009\/09\/citroen-ds3-voiture-client-schiavon-chambery-3-300x225.jpg 300w, https:\/\/www.carideal.com\/blog\/wp-content\/uploads\/2009\/09\/citroen-ds3-voiture-client-schiavon-chambery-3-768x577.jpg 768w, https:\/\/www.carideal.com\/blog\/wp-content\/uploads\/2009\/09\/citroen-ds3-voiture-client-schiavon-chambery-3-624x468.jpg 624w, https:\/\/www.carideal.com\/blog\/wp-content\/uploads\/2009\/09\/citroen-ds3-voiture-client-schiavon-chambery-3.jpg 1023w\" sizes=\"(max-width: 300px) 100vw, 300px\" \/><\/a>\n\t\t\t<\/div>\n\t\t\t\t<figcaption class='wp-caption-text gallery-caption' id='gallery-1-12534'>\n\t\t\t\tNouvelle Citroen DS3\n\t\t\t\t<\/figcaption><\/figure><figure class='gallery-item'>\n\t\t\t<div class='gallery-icon landscape'>\n\t\t\t\t<a href='https:\/\/www.carideal.com\/blog\/2009\/09\/19\/nouvelle-citroen-ds3\/citroen-ds3-voiture-client-schiavon-chambery-2\/#main'><img loading=\"lazy\" decoding=\"async\" width=\"300\" height=\"225\" src=\"https:\/\/www.carideal.com\/blog\/wp-content\/uploads\/2009\/09\/citroen-ds3-voiture-client-schiavon-chambery-2-300x225.jpg\" class=\"attachment-medium size-medium\" alt=\"Nouvelle Citroen DS3\" aria-describedby=\"gallery-1-12533\" srcset=\"https:\/\/www.carideal.com\/blog\/wp-content\/uploads\/2009\/09\/citroen-ds3-voiture-client-schiavon-chambery-2-300x225.jpg 300w, https:\/\/www.carideal.com\/blog\/wp-content\/uploads\/2009\/09\/citroen-ds3-voiture-client-schiavon-chambery-2-768x577.jpg 768w, https:\/\/www.carideal.com\/blog\/wp-content\/uploads\/2009\/09\/citroen-ds3-voiture-client-schiavon-chambery-2-624x468.jpg 624w, https:\/\/www.carideal.com\/blog\/wp-content\/uploads\/2009\/09\/citroen-ds3-voiture-client-schiavon-chambery-2.jpg 1023w\" sizes=\"(max-width: 300px) 100vw, 300px\" \/><\/a>\n\t\t\t<\/div>\n\t\t\t\t<figcaption class='wp-caption-text gallery-caption' id='gallery-1-12533'>\n\t\t\t\tNouvelle Citroen DS3\n\t\t\t\t<\/figcaption><\/figure><figure class='gallery-item'>\n\t\t\t<div class='gallery-icon landscape'>\n\t\t\t\t<a href='https:\/\/www.carideal.com\/blog\/2009\/09\/19\/nouvelle-citroen-ds3\/citroen-ds3-voiture-client-schiavon-chambery\/#main'><img loading=\"lazy\" decoding=\"async\" width=\"300\" height=\"225\" src=\"https:\/\/www.carideal.com\/blog\/wp-content\/uploads\/2009\/09\/citroen-ds3-voiture-client-schiavon-chambery-300x225.jpg\" class=\"attachment-medium size-medium\" alt=\"Nouvelle Citroen DS3\" aria-describedby=\"gallery-1-12532\" srcset=\"https:\/\/www.carideal.com\/blog\/wp-content\/uploads\/2009\/09\/citroen-ds3-voiture-client-schiavon-chambery-300x225.jpg 300w, https:\/\/www.carideal.com\/blog\/wp-content\/uploads\/2009\/09\/citroen-ds3-voiture-client-schiavon-chambery-768x576.jpg 768w, https:\/\/www.carideal.com\/blog\/wp-content\/uploads\/2009\/09\/citroen-ds3-voiture-client-schiavon-chambery.jpg 1024w, https:\/\/www.carideal.com\/blog\/wp-content\/uploads\/2009\/09\/citroen-ds3-voiture-client-schiavon-chambery-624x468.jpg 624w\" sizes=\"(max-width: 300px) 100vw, 300px\" \/><\/a>\n\t\t\t<\/div>\n\t\t\t\t<figcaption class='wp-caption-text gallery-caption' id='gallery-1-12532'>\n\t\t\t\tNouvelle Citroen DS3\n\t\t\t\t<\/figcaption><\/figure><figure class='gallery-item'>\n\t\t\t<div class='gallery-icon landscape'>\n\t\t\t\t<a href='https:\/\/www.carideal.com\/blog\/2009\/09\/19\/nouvelle-citroen-ds3\/nouvelle-citroen-ds3-francfort-2009-2\/#main'><img loading=\"lazy\" decoding=\"async\" width=\"300\" height=\"202\" src=\"https:\/\/www.carideal.com\/blog\/wp-content\/uploads\/2009\/09\/nouvelle-citroen-ds3-francfort-2009-2-300x202.jpg\" class=\"attachment-medium size-medium\" alt=\"Nouvelle Citroen DS3 int\u00e9rieur\" aria-describedby=\"gallery-1-12531\" srcset=\"https:\/\/www.carideal.com\/blog\/wp-content\/uploads\/2009\/09\/nouvelle-citroen-ds3-francfort-2009-2-300x202.jpg 300w, https:\/\/www.carideal.com\/blog\/wp-content\/uploads\/2009\/09\/nouvelle-citroen-ds3-francfort-2009-2.jpg 448w\" sizes=\"(max-width: 300px) 100vw, 300px\" \/><\/a>\n\t\t\t<\/div>\n\t\t\t\t<figcaption class='wp-caption-text gallery-caption' id='gallery-1-12531'>\n\t\t\t\tNouvelle Citroen DS3 int\u00e9rieur\n\t\t\t\t<\/figcaption><\/figure><figure class='gallery-item'>\n\t\t\t<div class='gallery-icon landscape'>\n\t\t\t\t<a href='https:\/\/www.carideal.com\/blog\/2009\/09\/19\/nouvelle-citroen-ds3\/nouvelle-citroen-ds3-francfort-2009\/#main'><img loading=\"lazy\" decoding=\"async\" width=\"300\" height=\"194\" src=\"https:\/\/www.carideal.com\/blog\/wp-content\/uploads\/2009\/09\/nouvelle-citroen-ds3-francfort-2009-300x194.jpg\" class=\"attachment-medium size-medium\" alt=\"Nouvelle Citroen DS3 salon de Francfort 2009\" aria-describedby=\"gallery-1-12527\" srcset=\"https:\/\/www.carideal.com\/blog\/wp-content\/uploads\/2009\/09\/nouvelle-citroen-ds3-francfort-2009-300x194.jpg 300w, https:\/\/www.carideal.com\/blog\/wp-content\/uploads\/2009\/09\/nouvelle-citroen-ds3-francfort-2009.jpg 448w\" sizes=\"(max-width: 300px) 100vw, 300px\" \/><\/a>\n\t\t\t<\/div>\n\t\t\t\t<figcaption class='wp-caption-text gallery-caption' id='gallery-1-12527'>\n\t\t\t\tNouvelle Citroen DS3 salon de Francfort 2009\n\t\t\t\t<\/figcaption><\/figure>\n\t\t<\/div>\n\n<h2>Le style de la nouvelle Citroen DS3<\/h2>\n<p>La nouvelle Citro\u00ebn DS3 est bas\u00e9e sur la prochaine C3, qui elle-m\u00eame ne sera pas l\u00e0 avant l'ann\u00e9e prochaine. La voiture de production est rest\u00e9e remarquablement proche du concept qui a \u00e9t\u00e9 la star du <a href=\"http:\/\/www.carideal.com\/blog\/category\/salons\/salon-de-geneve\/\" target=\"_blank\" rel=\"noopener noreferrer\">Salon&nbsp;de Gen\u00e8ve<\/a> cette ann\u00e9e.<\/p>\n<p>Mark lloyd, concepteur en chef, a d\u00e9clar\u00e9 : \"L'int\u00e9rieur de la DS3 a \u00e9t\u00e9 cr\u00e9\u00e9 pour cette voiture, puis nous avons d\u00e9cid\u00e9 de le mettre dans le C3 Nous avons choisi des couleurs diff\u00e9rentes et les garnitures pour la C3.<\/p>\n<p>\"Le pied milieu est la caract\u00e9ristique la plus emphatique du style, ce sera peut-\u00eatre copi\u00e9 - c'est flatteur.\"<\/p>\n<p>Les seules diff\u00e9rences externes \u00e9videntes sont les sorties d'\u00e9chappement, une sortie double remplace l'unique grosse sortie du concept, et un style classique a\u00e9rien au lieu du style <a href=\"http:\/\/www.carideal.com\/blog\/marque-de-voiture-actualites-essais\/bmw\/\">BMW<\/a> du concept. M\u00eame les roues sont les m\u00eames.<\/p>\n<figure id=\"attachment_12531\" aria-describedby=\"caption-attachment-12531\" style=\"width: 438px\" class=\"wp-caption alignnone\"><img loading=\"lazy\" decoding=\"async\" class=\"wp-image-12531 size-full\" src=\"http:\/\/www.carideal.com\/blog\/wp-content\/uploads\/2009\/09\/nouvelle-citroen-ds3-francfort-2009-2.jpg\" alt=\"Nouvelle Citroen DS3 int\u00e9rieur\" width=\"448\" height=\"301\" srcset=\"https:\/\/www.carideal.com\/blog\/wp-content\/uploads\/2009\/09\/nouvelle-citroen-ds3-francfort-2009-2.jpg 448w, https:\/\/www.carideal.com\/blog\/wp-content\/uploads\/2009\/09\/nouvelle-citroen-ds3-francfort-2009-2-300x202.jpg 300w\" sizes=\"(max-width: 448px) 100vw, 448px\" \/><figcaption id=\"caption-attachment-12531\" class=\"wp-caption-text\">Nouvelle Citroen DS3 int\u00e9rieur<\/figcaption><\/figure>\n<p>La carrosserie complexe dispose d'un arri\u00e8re enti\u00e8rement vitr\u00e9, avec des custodes et un hayon traditionnel remplac\u00e9s par la lunette arri\u00e8re. \u00c0 3,95 m de long et 1,71 m de large, elle est tr\u00e8s similaire en taille \u00e0 la <a href=\"http:\/\/www.carideal.com\/blog\/2013\/03\/22\/ford-fiesta-2\/\"><span style=\"text-decoration: underline;\">Ford Fiesta<\/span><\/a>, bien que Citro\u00ebn pr\u00e9tend qu'il a travaill\u00e9 dur pour r\u00e9duire le poids de la voiture.<\/p>\n<p>Les acheteurs seront en mesure de personnaliser l'ext\u00e9rieur et l'int\u00e9rieur de leurs voitures. Il existe quatre mod\u00e8les de couleurs pour le toit - noir, blanc, bleu et rouge - et les graphiques sont \u00e9galement disponibles. Les r\u00e9troviseurs ext\u00e9rieurs peuvent \u00eatre sp\u00e9cifi\u00e9es dans la couleur de la carrosserie ou&nbsp;chrom\u00e9s, et les centres de roue de couleur sont disponibles dans ce que Citro\u00ebn d\u00e9crit comme \u00abune vari\u00e9t\u00e9 infinie de couleurs\".<\/p>\n<p>A l'int\u00e9rieur, l'insert du tableau de bord est disponible en six finitions diff\u00e9rentes, avec cinq garnitures diff\u00e9rentes de levier de vitesses \u00e0 choisir. Et la cl\u00e9 dispose d'un petit disque peint dans la m\u00eame couleur que le corps de la voiture.<\/p>\n<p><iframe loading=\"lazy\" width=\"560\" height=\"315\" src=\"https:\/\/www.youtube.com\/embed\/Pq55xBqdWBk\" frameborder=\"0\" allow=\"accelerometer; autoplay; encrypted-media; gyroscope; picture-in-picture\" allowfullscreen=\"\"><\/iframe><\/p>\n<h2>Le choix des moteurs de la nouvelle Citroen DS3<\/h2>\n<p>Les choix du moteur se composent de deux diesels et de trois moteurs \u00e0 essence. Les diesels sont les moteurs 1,6 litre HDi avec soit 90 ch ou 110 ch ; le plus petit des moteurs \u00e9met seulement 99 g de CO2 \/ km. Les moteurs \u00e0 quatre cylindres essences d\u00e9livrent des puissances de 150 ch, 120 ch et 95 ch. Tous les moteurs sont livr\u00e9s avec des boites de vitesses manuelles \u00e0 cinq ou six bo\u00eetes rapports.<\/p>\n<p>Sous la DS3 se trouve la nouvelle plateforme de la C3, qui utilise des suspensions de type MacPherson \u00e0 l'avant et un essieu arri\u00e8re semi-rigide. Citro\u00ebn d\u00e9clare que la suspension a \u00e9t\u00e9 retravaill\u00e9e pour augmenter le confort, mais il sera r\u00e9gl\u00e9 pour \u00eatre plus sportif que le C3.<\/p>\n<p>Citro\u00ebn a fait grand cas de l'espace int\u00e9rieur de la nouvelle DS3. La voiture dispose d'un coffre de 285 litres, comparable \u00e0 celui de la Fiesta. Mais il y a plus d'espace de chargement que dans la Fiat 500 et la Mini et Citro\u00ebn promet \u00e9galement que la DS3 offrira \u00abcinq vraies places \u00bb.<\/p>\n<p>La nouvelle Citro\u00ebn DS3 sera rejoint par deux autres mod\u00e8les DS : la <a href=\"http:\/\/www.carideal.com\/blog\/2015\/09\/04\/nouvelle-ds-4-berline-et-ds-4-crossback\/\"><span style=\"text-decoration: underline;\">DS4<\/span><\/a> en 2011 et, un an plus tard, la <a href=\"http:\/\/www.carideal.com\/blog\/marque-de-voiture-actualites-essais\/ds\/ds5\/\"><span style=\"text-decoration: underline;\">DS5<\/span><\/a>, un grand break <span style=\"text-decoration: underline;\"><a href=\"http:\/\/www.carideal.com\/blog\/2009\/02\/04\/le-retour-de-la-citroen-ds\/\" target=\"_blank\" rel=\"noopener noreferrer\">inspir\u00e9 par le concept C-Sportlounge de 2005<\/a><\/span>. Les voitures pourraient ajouter jusqu'\u00e0 40 pour cent aux ventes des mod\u00e8les traditionnels sur lesquels ils sont bas\u00e9s.<\/p>\n<p>La nouvelle Citro\u00ebn DS3 sera en vente Mars prochain, et son prix devrait permettre de concurrencer la Mini.<\/p>\n","protected":false},"excerpt":{"rendered":"<p>Citro\u00ebn lance officiellement sa nouvelle Citro\u00ebn DS3 au salon de Francfort Citro\u00ebn Profite du salon de Francfort pour lancer sa nouvelle DS3. La France a la r\u00e9putation mondiale du luxe sauf dans l&rsquo;automobile et les les constructeurs fran\u00e7ais ont pay\u00e9 cher, Renault arr\u00e8te sa Vel Satis, Citro\u00ebn sa C6 et Peugeot sa 607. Mais Citro\u00ebn &#8230; <a title=\"Nouvelle Citroen DS3 au salon de Francfort\" class=\"read-more\" href=\"https:\/\/www.carideal.com\/blog\/2009\/09\/19\/nouvelle-citroen-ds3\/\" aria-label=\"En savoir plus sur Nouvelle Citroen DS3 au salon de Francfort\">Lire plus<\/a><\/p>\n","protected":false},"author":1,"featured_media":12527,"comment_status":"open","ping_status":"open","sticky":false,"template":"","format":"standard","meta":{"_uag_custom_page_level_css":"","_themeisle_gutenberg_block_has_review":false,"footnotes":""},"categories":[5,5972,6054],"tags":[],"class_list":["post-708","post","type-post","status-publish","format-standard","has-post-thumbnail","hentry","category-citroen","category-salons","category-salon-de-francfort"],"wppr_data":{"cwp_meta_box_check":"No"},"yoast_head":"<!-- This site is optimized with the Yoast SEO plugin v24.8.1 - https:\/\/yoast.com\/wordpress\/plugins\/seo\/ -->\n<title>Nouvelle Citroen DS3 au salon de Francfort - Blog auto Carid\u00e9al<\/title>\n<meta name=\"description\" content=\"Citroen Profite du salon de Frankfort pour lancer sa nouvelle Citroen DS3. La France a la r\u00e9putation mondiale du luxe luxe mais cela va changer.\" \/>\n<meta name=\"robots\" content=\"index, follow, max-snippet:-1, max-image-preview:large, max-video-preview:-1\" \/>\n<link rel=\"canonical\" href=\"https:\/\/www.carideal.com\/blog\/2009\/09\/19\/nouvelle-citroen-ds3\/\" \/>\n<meta property=\"og:locale\" content=\"fr_FR\" \/>\n<meta property=\"og:type\" content=\"article\" \/>\n<meta property=\"og:title\" content=\"Nouvelle Citroen DS3 au salon de Francfort - Blog auto Carid\u00e9al\" \/>\n<meta property=\"og:description\" content=\"Citroen Profite du salon de Frankfort pour lancer sa nouvelle Citroen DS3. La France a la r\u00e9putation mondiale du luxe luxe mais cela va changer.\" \/>\n<meta property=\"og:url\" content=\"https:\/\/www.carideal.com\/blog\/2009\/09\/19\/nouvelle-citroen-ds3\/\" \/>\n<meta property=\"og:site_name\" content=\"Blog auto Carid\u00e9al\" \/>\n<meta property=\"article:publisher\" content=\"https:\/\/www.facebook.com\/Carideal.mandataire.automobile\" \/>\n<meta property=\"article:author\" content=\"https:\/\/www.facebook.com\/Carideal.mandataire.automobile\/\" \/>\n<meta property=\"article:published_time\" content=\"2009-09-19T14:12:00+00:00\" \/>\n<meta property=\"article:modified_time\" content=\"2020-02-07T11:18:26+00:00\" \/>\n<meta property=\"og:image\" content=\"https:\/\/www.carideal.com\/blog\/wp-content\/uploads\/2009\/09\/nouvelle-citroen-ds3-francfort-2009.jpg\" \/>\n\t<meta property=\"og:image:width\" content=\"448\" \/>\n\t<meta property=\"og:image:height\" content=\"290\" \/>\n\t<meta property=\"og:image:type\" content=\"image\/jpeg\" \/>\n<meta name=\"author\" content=\"N.S Carideal\" \/>\n<meta name=\"twitter:card\" content=\"summary_large_image\" \/>\n<meta name=\"twitter:creator\" content=\"@caridealauto\" \/>\n<meta name=\"twitter:site\" content=\"@caridealauto\" \/>\n<meta name=\"twitter:label1\" content=\"\u00c9crit par\" \/>\n\t<meta name=\"twitter:data1\" content=\"N.S Carideal\" \/>\n\t<meta name=\"twitter:label2\" content=\"Dur\u00e9e de lecture estim\u00e9e\" \/>\n\t<meta name=\"twitter:data2\" content=\"5 minutes\" \/>\n<script type=\"application\/ld+json\" class=\"yoast-schema-graph\">{\"@context\":\"https:\/\/schema.org\",\"@graph\":[{\"@type\":\"Article\",\"@id\":\"https:\/\/www.carideal.com\/blog\/2009\/09\/19\/nouvelle-citroen-ds3\/#article\",\"isPartOf\":{\"@id\":\"https:\/\/www.carideal.com\/blog\/2009\/09\/19\/nouvelle-citroen-ds3\/\"},\"author\":{\"name\":\"N.S Carideal\",\"@id\":\"https:\/\/www.carideal.com\/blog\/#\/schema\/person\/985c7e757d1042d647f21bfaf8d41ebc\"},\"headline\":\"Nouvelle Citroen DS3 au salon de Francfort\",\"datePublished\":\"2009-09-19T14:12:00+00:00\",\"dateModified\":\"2020-02-07T11:18:26+00:00\",\"mainEntityOfPage\":{\"@id\":\"https:\/\/www.carideal.com\/blog\/2009\/09\/19\/nouvelle-citroen-ds3\/\"},\"wordCount\":1008,\"commentCount\":0,\"publisher\":{\"@id\":\"https:\/\/www.carideal.com\/blog\/#organization\"},\"image\":{\"@id\":\"https:\/\/www.carideal.com\/blog\/2009\/09\/19\/nouvelle-citroen-ds3\/#primaryimage\"},\"thumbnailUrl\":\"https:\/\/www.carideal.com\/blog\/wp-content\/uploads\/2009\/09\/nouvelle-citroen-ds3-francfort-2009.jpg\",\"articleSection\":[\"Actualit\u00e9 Citroen\",\"Salon automobile\",\"Salon de Francfort\"],\"inLanguage\":\"fr-FR\",\"potentialAction\":[{\"@type\":\"CommentAction\",\"name\":\"Comment\",\"target\":[\"https:\/\/www.carideal.com\/blog\/2009\/09\/19\/nouvelle-citroen-ds3\/#respond\"]}]},{\"@type\":\"WebPage\",\"@id\":\"https:\/\/www.carideal.com\/blog\/2009\/09\/19\/nouvelle-citroen-ds3\/\",\"url\":\"https:\/\/www.carideal.com\/blog\/2009\/09\/19\/nouvelle-citroen-ds3\/\",\"name\":\"Nouvelle Citroen DS3 au salon de Francfort - Blog auto Carid\u00e9al\",\"isPartOf\":{\"@id\":\"https:\/\/www.carideal.com\/blog\/#website\"},\"primaryImageOfPage\":{\"@id\":\"https:\/\/www.carideal.com\/blog\/2009\/09\/19\/nouvelle-citroen-ds3\/#primaryimage\"},\"image\":{\"@id\":\"https:\/\/www.carideal.com\/blog\/2009\/09\/19\/nouvelle-citroen-ds3\/#primaryimage\"},\"thumbnailUrl\":\"https:\/\/www.carideal.com\/blog\/wp-content\/uploads\/2009\/09\/nouvelle-citroen-ds3-francfort-2009.jpg\",\"datePublished\":\"2009-09-19T14:12:00+00:00\",\"dateModified\":\"2020-02-07T11:18:26+00:00\",\"description\":\"Citroen Profite du salon de Frankfort pour lancer sa nouvelle Citroen DS3. La France a la r\u00e9putation mondiale du luxe luxe mais cela va changer.\",\"breadcrumb\":{\"@id\":\"https:\/\/www.carideal.com\/blog\/2009\/09\/19\/nouvelle-citroen-ds3\/#breadcrumb\"},\"inLanguage\":\"fr-FR\",\"potentialAction\":[{\"@type\":\"ReadAction\",\"target\":[\"https:\/\/www.carideal.com\/blog\/2009\/09\/19\/nouvelle-citroen-ds3\/\"]}]},{\"@type\":\"ImageObject\",\"inLanguage\":\"fr-FR\",\"@id\":\"https:\/\/www.carideal.com\/blog\/2009\/09\/19\/nouvelle-citroen-ds3\/#primaryimage\",\"url\":\"https:\/\/www.carideal.com\/blog\/wp-content\/uploads\/2009\/09\/nouvelle-citroen-ds3-francfort-2009.jpg\",\"contentUrl\":\"https:\/\/www.carideal.com\/blog\/wp-content\/uploads\/2009\/09\/nouvelle-citroen-ds3-francfort-2009.jpg\",\"width\":448,\"height\":290,\"caption\":\"Nouvelle Citroen DS3 salon de Francfort 2009\"},{\"@type\":\"BreadcrumbList\",\"@id\":\"https:\/\/www.carideal.com\/blog\/2009\/09\/19\/nouvelle-citroen-ds3\/#breadcrumb\",\"itemListElement\":[{\"@type\":\"ListItem\",\"position\":1,\"name\":\"Blog Carid\u00e9al\",\"item\":\"https:\/\/www.carideal.com\/blog\/\"},{\"@type\":\"ListItem\",\"position\":2,\"name\":\"Actualit\u00e9 constructeur automobile\",\"item\":\"https:\/\/www.carideal.com\/blog\/constructeur\/\"},{\"@type\":\"ListItem\",\"position\":3,\"name\":\"Actualit\u00e9 Citroen\",\"item\":\"https:\/\/www.carideal.com\/blog\/constructeur\/citroen\/\"},{\"@type\":\"ListItem\",\"position\":4,\"name\":\"Nouvelle Citroen DS3 au salon de Francfort\"}]},{\"@type\":\"WebSite\",\"@id\":\"https:\/\/www.carideal.com\/blog\/#website\",\"url\":\"https:\/\/www.carideal.com\/blog\/\",\"name\":\"Blog auto Carid\u00e9al\",\"description\":\"Actualit\u00e9 auto par des passionn\u00e9s\",\"publisher\":{\"@id\":\"https:\/\/www.carideal.com\/blog\/#organization\"},\"potentialAction\":[{\"@type\":\"SearchAction\",\"target\":{\"@type\":\"EntryPoint\",\"urlTemplate\":\"https:\/\/www.carideal.com\/blog\/?s={search_term_string}\"},\"query-input\":{\"@type\":\"PropertyValueSpecification\",\"valueRequired\":true,\"valueName\":\"search_term_string\"}}],\"inLanguage\":\"fr-FR\"},{\"@type\":\"Organization\",\"@id\":\"https:\/\/www.carideal.com\/blog\/#organization\",\"name\":\"Carideal\",\"url\":\"https:\/\/www.carideal.com\/blog\/\",\"logo\":{\"@type\":\"ImageObject\",\"inLanguage\":\"fr-FR\",\"@id\":\"https:\/\/www.carideal.com\/blog\/#\/schema\/logo\/image\/\",\"url\":\"http:\/\/www.carideal.com\/blog\/wp-content\/uploads\/2016\/03\/logo-carideal-mandataire-automobile.png\",\"contentUrl\":\"http:\/\/www.carideal.com\/blog\/wp-content\/uploads\/2016\/03\/logo-carideal-mandataire-automobile.png\",\"width\":300,\"height\":300,\"caption\":\"Carideal\"},\"image\":{\"@id\":\"https:\/\/www.carideal.com\/blog\/#\/schema\/logo\/image\/\"},\"sameAs\":[\"https:\/\/www.facebook.com\/Carideal.mandataire.automobile\",\"https:\/\/x.com\/caridealauto\",\"https:\/\/www.instagram.com\/carideal1\/\",\"https:\/\/www.linkedin.com\/company\/carideal.com\",\"https:\/\/fr.pinterest.com\/schiavonsas\/\",\"https:\/\/www.youtube.com\/user\/caridealsas\"]},{\"@type\":\"Person\",\"@id\":\"https:\/\/www.carideal.com\/blog\/#\/schema\/person\/985c7e757d1042d647f21bfaf8d41ebc\",\"name\":\"N.S Carideal\",\"image\":{\"@type\":\"ImageObject\",\"inLanguage\":\"fr-FR\",\"@id\":\"https:\/\/www.carideal.com\/blog\/#\/schema\/person\/image\/\",\"url\":\"https:\/\/secure.gravatar.com\/avatar\/edb7ccdf1a4e3d14aef967760d354d0e?s=96&r=g\",\"contentUrl\":\"https:\/\/secure.gravatar.com\/avatar\/edb7ccdf1a4e3d14aef967760d354d0e?s=96&r=g\",\"caption\":\"N.S Carideal\"},\"description\":\"Depuis tout petit fan d'automobile. Il est question d'essayer et de comparer toutes ces voitures qui nous ont fait r\u00e9ver, avant que celles-ci ne devient uniquement des voitures de collection.\",\"sameAs\":[\"http:\/\/www.carideal.com\/blog\",\"https:\/\/www.facebook.com\/Carideal.mandataire.automobile\/\",\"https:\/\/www.linkedin.com\/in\/nschiavon\/\",\"https:\/\/www.youtube.com\/user\/caridealsas\/\"],\"url\":\"https:\/\/www.carideal.com\/blog\/author\/admin_carideal\/\"}]}<\/script>\n<!-- \/ Yoast SEO plugin. -->","yoast_head_json":{"title":"Nouvelle Citroen DS3 au salon de Francfort - Blog auto Carid\u00e9al","description":"Citroen Profite du salon de Frankfort pour lancer sa nouvelle Citroen DS3. La France a la r\u00e9putation mondiale du luxe luxe mais cela va changer.","robots":{"index":"index","follow":"follow","max-snippet":"max-snippet:-1","max-image-preview":"max-image-preview:large","max-video-preview":"max-video-preview:-1"},"canonical":"https:\/\/www.carideal.com\/blog\/2009\/09\/19\/nouvelle-citroen-ds3\/","og_locale":"fr_FR","og_type":"article","og_title":"Nouvelle Citroen DS3 au salon de Francfort - Blog auto Carid\u00e9al","og_description":"Citroen Profite du salon de Frankfort pour lancer sa nouvelle Citroen DS3. La France a la r\u00e9putation mondiale du luxe luxe mais cela va changer.","og_url":"https:\/\/www.carideal.com\/blog\/2009\/09\/19\/nouvelle-citroen-ds3\/","og_site_name":"Blog auto Carid\u00e9al","article_publisher":"https:\/\/www.facebook.com\/Carideal.mandataire.automobile","article_author":"https:\/\/www.facebook.com\/Carideal.mandataire.automobile\/","article_published_time":"2009-09-19T14:12:00+00:00","article_modified_time":"2020-02-07T11:18:26+00:00","og_image":[{"width":448,"height":290,"url":"https:\/\/www.carideal.com\/blog\/wp-content\/uploads\/2009\/09\/nouvelle-citroen-ds3-francfort-2009.jpg","type":"image\/jpeg"}],"author":"N.S Carideal","twitter_card":"summary_large_image","twitter_creator":"@caridealauto","twitter_site":"@caridealauto","twitter_misc":{"\u00c9crit par":"N.S Carideal","Dur\u00e9e de lecture estim\u00e9e":"5 minutes"},"schema":{"@context":"https:\/\/schema.org","@graph":[{"@type":"Article","@id":"https:\/\/www.carideal.com\/blog\/2009\/09\/19\/nouvelle-citroen-ds3\/#article","isPartOf":{"@id":"https:\/\/www.carideal.com\/blog\/2009\/09\/19\/nouvelle-citroen-ds3\/"},"author":{"name":"N.S Carideal","@id":"https:\/\/www.carideal.com\/blog\/#\/schema\/person\/985c7e757d1042d647f21bfaf8d41ebc"},"headline":"Nouvelle Citroen DS3 au salon de Francfort","datePublished":"2009-09-19T14:12:00+00:00","dateModified":"2020-02-07T11:18:26+00:00","mainEntityOfPage":{"@id":"https:\/\/www.carideal.com\/blog\/2009\/09\/19\/nouvelle-citroen-ds3\/"},"wordCount":1008,"commentCount":0,"publisher":{"@id":"https:\/\/www.carideal.com\/blog\/#organization"},"image":{"@id":"https:\/\/www.carideal.com\/blog\/2009\/09\/19\/nouvelle-citroen-ds3\/#primaryimage"},"thumbnailUrl":"https:\/\/www.carideal.com\/blog\/wp-content\/uploads\/2009\/09\/nouvelle-citroen-ds3-francfort-2009.jpg","articleSection":["Actualit\u00e9 Citroen","Salon automobile","Salon de Francfort"],"inLanguage":"fr-FR","potentialAction":[{"@type":"CommentAction","name":"Comment","target":["https:\/\/www.carideal.com\/blog\/2009\/09\/19\/nouvelle-citroen-ds3\/#respond"]}]},{"@type":"WebPage","@id":"https:\/\/www.carideal.com\/blog\/2009\/09\/19\/nouvelle-citroen-ds3\/","url":"https:\/\/www.carideal.com\/blog\/2009\/09\/19\/nouvelle-citroen-ds3\/","name":"Nouvelle Citroen DS3 au salon de Francfort - Blog auto Carid\u00e9al","isPartOf":{"@id":"https:\/\/www.carideal.com\/blog\/#website"},"primaryImageOfPage":{"@id":"https:\/\/www.carideal.com\/blog\/2009\/09\/19\/nouvelle-citroen-ds3\/#primaryimage"},"image":{"@id":"https:\/\/www.carideal.com\/blog\/2009\/09\/19\/nouvelle-citroen-ds3\/#primaryimage"},"thumbnailUrl":"https:\/\/www.carideal.com\/blog\/wp-content\/uploads\/2009\/09\/nouvelle-citroen-ds3-francfort-2009.jpg","datePublished":"2009-09-19T14:12:00+00:00","dateModified":"2020-02-07T11:18:26+00:00","description":"Citroen Profite du salon de Frankfort pour lancer sa nouvelle Citroen DS3. La France a la r\u00e9putation mondiale du luxe luxe mais cela va changer.","breadcrumb":{"@id":"https:\/\/www.carideal.com\/blog\/2009\/09\/19\/nouvelle-citroen-ds3\/#breadcrumb"},"inLanguage":"fr-FR","potentialAction":[{"@type":"ReadAction","target":["https:\/\/www.carideal.com\/blog\/2009\/09\/19\/nouvelle-citroen-ds3\/"]}]},{"@type":"ImageObject","inLanguage":"fr-FR","@id":"https:\/\/www.carideal.com\/blog\/2009\/09\/19\/nouvelle-citroen-ds3\/#primaryimage","url":"https:\/\/www.carideal.com\/blog\/wp-content\/uploads\/2009\/09\/nouvelle-citroen-ds3-francfort-2009.jpg","contentUrl":"https:\/\/www.carideal.com\/blog\/wp-content\/uploads\/2009\/09\/nouvelle-citroen-ds3-francfort-2009.jpg","width":448,"height":290,"caption":"Nouvelle Citroen DS3 salon de Francfort 2009"},{"@type":"BreadcrumbList","@id":"https:\/\/www.carideal.com\/blog\/2009\/09\/19\/nouvelle-citroen-ds3\/#breadcrumb","itemListElement":[{"@type":"ListItem","position":1,"name":"Blog Carid\u00e9al","item":"https:\/\/www.carideal.com\/blog\/"},{"@type":"ListItem","position":2,"name":"Actualit\u00e9 constructeur automobile","item":"https:\/\/www.carideal.com\/blog\/constructeur\/"},{"@type":"ListItem","position":3,"name":"Actualit\u00e9 Citroen","item":"https:\/\/www.carideal.com\/blog\/constructeur\/citroen\/"},{"@type":"ListItem","position":4,"name":"Nouvelle Citroen DS3 au salon de Francfort"}]},{"@type":"WebSite","@id":"https:\/\/www.carideal.com\/blog\/#website","url":"https:\/\/www.carideal.com\/blog\/","name":"Blog auto Carid\u00e9al","description":"Actualit\u00e9 auto par des passionn\u00e9s","publisher":{"@id":"https:\/\/www.carideal.com\/blog\/#organization"},"potentialAction":[{"@type":"SearchAction","target":{"@type":"EntryPoint","urlTemplate":"https:\/\/www.carideal.com\/blog\/?s={search_term_string}"},"query-input":{"@type":"PropertyValueSpecification","valueRequired":true,"valueName":"search_term_string"}}],"inLanguage":"fr-FR"},{"@type":"Organization","@id":"https:\/\/www.carideal.com\/blog\/#organization","name":"Carideal","url":"https:\/\/www.carideal.com\/blog\/","logo":{"@type":"ImageObject","inLanguage":"fr-FR","@id":"https:\/\/www.carideal.com\/blog\/#\/schema\/logo\/image\/","url":"http:\/\/www.carideal.com\/blog\/wp-content\/uploads\/2016\/03\/logo-carideal-mandataire-automobile.png","contentUrl":"http:\/\/www.carideal.com\/blog\/wp-content\/uploads\/2016\/03\/logo-carideal-mandataire-automobile.png","width":300,"height":300,"caption":"Carideal"},"image":{"@id":"https:\/\/www.carideal.com\/blog\/#\/schema\/logo\/image\/"},"sameAs":["https:\/\/www.facebook.com\/Carideal.mandataire.automobile","https:\/\/x.com\/caridealauto","https:\/\/www.instagram.com\/carideal1\/","https:\/\/www.linkedin.com\/company\/carideal.com","https:\/\/fr.pinterest.com\/schiavonsas\/","https:\/\/www.youtube.com\/user\/caridealsas"]},{"@type":"Person","@id":"https:\/\/www.carideal.com\/blog\/#\/schema\/person\/985c7e757d1042d647f21bfaf8d41ebc","name":"N.S Carideal","image":{"@type":"ImageObject","inLanguage":"fr-FR","@id":"https:\/\/www.carideal.com\/blog\/#\/schema\/person\/image\/","url":"https:\/\/secure.gravatar.com\/avatar\/edb7ccdf1a4e3d14aef967760d354d0e?s=96&r=g","contentUrl":"https:\/\/secure.gravatar.com\/avatar\/edb7ccdf1a4e3d14aef967760d354d0e?s=96&r=g","caption":"N.S Carideal"},"description":"Depuis tout petit fan d'automobile. Il est question d'essayer et de comparer toutes ces voitures qui nous ont fait r\u00e9ver, avant que celles-ci ne devient uniquement des voitures de collection.","sameAs":["http:\/\/www.carideal.com\/blog","https:\/\/www.facebook.com\/Carideal.mandataire.automobile\/","https:\/\/www.linkedin.com\/in\/nschiavon\/","https:\/\/www.youtube.com\/user\/caridealsas\/"],"url":"https:\/\/www.carideal.com\/blog\/author\/admin_carideal\/"}]}},"uagb_featured_image_src":{"full":["https:\/\/www.carideal.com\/blog\/wp-content\/uploads\/2009\/09\/nouvelle-citroen-ds3-francfort-2009.jpg",448,290,false],"thumbnail":["https:\/\/www.carideal.com\/blog\/wp-content\/uploads\/2009\/09\/nouvelle-citroen-ds3-francfort-2009-150x150.jpg",150,150,true],"medium":["https:\/\/www.carideal.com\/blog\/wp-content\/uploads\/2009\/09\/nouvelle-citroen-ds3-francfort-2009-300x194.jpg",300,194,true],"medium_large":["https:\/\/www.carideal.com\/blog\/wp-content\/uploads\/2009\/09\/nouvelle-citroen-ds3-francfort-2009.jpg",448,290,false],"large":["https:\/\/www.carideal.com\/blog\/wp-content\/uploads\/2009\/09\/nouvelle-citroen-ds3-francfort-2009.jpg",448,290,false],"1536x1536":["https:\/\/www.carideal.com\/blog\/wp-content\/uploads\/2009\/09\/nouvelle-citroen-ds3-francfort-2009.jpg",448,290,false],"2048x2048":["https:\/\/www.carideal.com\/blog\/wp-content\/uploads\/2009\/09\/nouvelle-citroen-ds3-francfort-2009.jpg",448,290,false],"wppr-widget":["https:\/\/www.carideal.com\/blog\/wp-content\/uploads\/2009\/09\/nouvelle-citroen-ds3-francfort-2009.jpg",50,32,false]},"uagb_author_info":{"display_name":"N.S Carideal","author_link":"https:\/\/www.carideal.com\/blog\/author\/admin_carideal\/"},"uagb_comment_info":0,"uagb_excerpt":"Citro\u00ebn lance officiellement sa nouvelle Citro\u00ebn DS3 au salon de Francfort Citro\u00ebn Profite du salon de Francfort pour lancer sa nouvelle DS3. La France a la r\u00e9putation mondiale du luxe sauf dans l'automobile et les les constructeurs fran\u00e7ais ont pay\u00e9 cher, Renault arr\u00e8te sa Vel Satis, Citro\u00ebn sa C6 et Peugeot sa 607. Mais Citro\u00ebn\u2026","_links":{"self":[{"href":"https:\/\/www.carideal.com\/blog\/wp-json\/wp\/v2\/posts\/708"}],"collection":[{"href":"https:\/\/www.carideal.com\/blog\/wp-json\/wp\/v2\/posts"}],"about":[{"href":"https:\/\/www.carideal.com\/blog\/wp-json\/wp\/v2\/types\/post"}],"author":[{"embeddable":true,"href":"https:\/\/www.carideal.com\/blog\/wp-json\/wp\/v2\/users\/1"}],"replies":[{"embeddable":true,"href":"https:\/\/www.carideal.com\/blog\/wp-json\/wp\/v2\/comments?post=708"}],"version-history":[{"count":0,"href":"https:\/\/www.carideal.com\/blog\/wp-json\/wp\/v2\/posts\/708\/revisions"}],"wp:featuredmedia":[{"embeddable":true,"href":"https:\/\/www.carideal.com\/blog\/wp-json\/wp\/v2\/media\/12527"}],"wp:attachment":[{"href":"https:\/\/www.carideal.com\/blog\/wp-json\/wp\/v2\/media?parent=708"}],"wp:term":[{"taxonomy":"category","embeddable":true,"href":"https:\/\/www.carideal.com\/blog\/wp-json\/wp\/v2\/categories?post=708"},{"taxonomy":"post_tag","embeddable":true,"href":"https:\/\/www.carideal.com\/blog\/wp-json\/wp\/v2\/tags?post=708"}],"curies":[{"name":"wp","href":"https:\/\/api.w.org\/{rel}","templated":true}]}}