{"id":706,"date":"2009-09-17T07:53:00","date_gmt":"2009-09-17T07:53:00","guid":{"rendered":"http:\/\/carideal.com\/blog\/?p=706"},"modified":"2020-05-28T12:14:52","modified_gmt":"2020-05-28T10:14:52","slug":"dacia-un-million-de-logan","status":"publish","type":"post","link":"https:\/\/www.carideal.com\/blog\/2009\/09\/17\/dacia-un-million-de-logan\/","title":{"rendered":"Un million de Logan le succ\u00e8s de Dacia"},"content":{"rendered":"\n<h2 class=\"wp-block-heading\">Dacia a produit un million de Logan<\/h2>\n\n\n\n<p><strong>Dacia f\u00eate un million de Logan produite.<\/strong> Le mod\u00e8le \u00e0 bas prix de <a href=\"http:\/\/www.carideal.com\/blog\/marque-de-voiture-actualites-essais\/dacia\/\">Dacia<\/a>, la Logan a vu son millioni\u00e8me exemplaire produit en Roumanie \u00e0 Mioveni. Dacia est parvenu \u00e0 ce chiffre en seulement cinq ans avec une production de 1340 v\u00e9hicules par jour. <\/p>\n\n\n\n<figure class=\"wp-block-image size-full\"><img loading=\"lazy\" decoding=\"async\" width=\"640\" height=\"461\" src=\"http:\/\/www.carideal.com\/blog\/wp-content\/uploads\/2009\/09\/dacia-logan-carideal-mandataire-automobile-1.jpg\" alt=\"D\u00e9j\u00e0 un Million de Dacia Logan produite\" class=\"wp-image-15178\" srcset=\"https:\/\/www.carideal.com\/blog\/wp-content\/uploads\/2009\/09\/dacia-logan-carideal-mandataire-automobile-1.jpg 640w, https:\/\/www.carideal.com\/blog\/wp-content\/uploads\/2009\/09\/dacia-logan-carideal-mandataire-automobile-1-300x216.jpg 300w, https:\/\/www.carideal.com\/blog\/wp-content\/uploads\/2009\/09\/dacia-logan-carideal-mandataire-automobile-1-110x79.jpg 110w, https:\/\/www.carideal.com\/blog\/wp-content\/uploads\/2009\/09\/dacia-logan-carideal-mandataire-automobile-1-420x303.jpg 420w, https:\/\/www.carideal.com\/blog\/wp-content\/uploads\/2009\/09\/dacia-logan-carideal-mandataire-automobile-1-597x430.jpg 597w, https:\/\/www.carideal.com\/blog\/wp-content\/uploads\/2009\/09\/dacia-logan-carideal-mandataire-automobile-1-50x36.jpg 50w\" sizes=\"(max-width: 640px) 100vw, 640px\" \/><figcaption>D\u00e9j\u00e0 un Million de Dacia Logan produite<\/figcaption><\/figure>\n\n\n\n<p>Pratiquement toutes les voitures fabriqu\u00e9es en Roumanie sont destin\u00e9es \u00e0 la France ou \u00e0 l'Allemagne. Pour en savoir plus sur la\u00a0Dacia Logan.<\/p>\n\n\n\n<ul class=\"wp-block-list\"><li>Trouvez votre Logan avec <a href=\"http:\/\/www.carideal.com\">Carideal mandataire auto<\/a><\/li><\/ul>\n\n\n\n<p>Dacia <a href=\"http:\/\/www.carideal.com\/blog\/marque-de-voiture-actualites-essais\/renault\/\">Renault<\/a> le constructeur automobile a pr\u00e9sent\u00e9 mardi la Logan avec le nombre d'un million \u00e9crit en gros sur le pare-brise. La Logan vient d'atteindre le million d'unit\u00e9s produites pr\u00e8s de six ans apr\u00e8s le d\u00e9but de sa production. La premi\u00e8re voiture de la gamme Logan est sortie de la ligne de production de l'usine Mioveni en Roumanie en 2004. <\/p>\n\n\n\n<p>Les officiels de Dacia Renault explique que cet anniversaire de la production de la Logan couvre quatre versions de Logan : berline, <a href=\"http:\/\/www.carideal.com\/blog\/2013\/08\/01\/nouvelle-dacia-logan-mcv\/\">MCV<\/a>, Van et Pick-Up, mais ne comprend pas les <a href=\"http:\/\/www.carideal.com\/blog\/2012\/12\/20\/dacia-sandero\/\">Sandero<\/a> ni le <a href=\"http:\/\/www.carideal.com\/blog\/2010\/05\/25\/le-dacia-duster-le-nouveau-crossover-de-renault\/\">Duster<\/a>.<\/p>\n\n\n\n<h2 class=\"wp-block-heading\">La millioni\u00e8me Logan<\/h2>\n\n\n\n<p>La millioni\u00e8me Dacia Logan\u00a0d\u00e9voil\u00e9 mardi est une berline blanche \u00e9quip\u00e9e d'un moteur 1.2 L, 16 V et 75 ch. Cette Voiture a\u00a0\u00e9t\u00e9 vendu \u00e0 une dame de Bucarest qui a pay\u00e9 5 470 EUR plus de la <a href=\"http:\/\/www.carideal.com\/blog\/2015\/02\/16\/reprise-de-votre-voiture\/\">reprise de trois vieilles voitures bonnes pour la casse<\/a>.<\/p>\n\n\n\n<p>Selon les donn\u00e9es officielles de Dacia Renault, le 12 Octobre 2010, l'usine de Mioveni avait produit : 636 212 Logan berline, 312 138 Logan MCV, 32 324 Logan Van et 19 326 unit\u00e9s Logan Pick-Up. Je me doute que personne chez Renault ou Dacia ne s'attendait \u00e0 un tel succ\u00e8s. Une chose est quasiment sur, c'est personne chez le constructeur n'avait pr\u00e9vu un tel succ\u00e8s dans nos pays d'Europe occidentale puisque la voiture \u00e9tait \u00e0 l'origine pr\u00e9vu pour les pays \u00e9mergents. Un million de Logan c'est en grande partie au march\u00e9 fran\u00e7ais et autre qui n'\u00e9taient pas cibl\u00e9s par la Logan en premier lieu.<\/p>\n","protected":false},"excerpt":{"rendered":"<p>Dacia a produit un million de Logan Dacia f\u00eate un million de Logan produite. Le mod\u00e8le \u00e0 bas prix de Dacia, la Logan a vu son millioni\u00e8me exemplaire produit en Roumanie \u00e0 Mioveni. Dacia est parvenu \u00e0 ce chiffre en seulement cinq ans avec une production de 1340 v\u00e9hicules par jour. Pratiquement toutes les voitures &#8230; <a title=\"Un million de Logan le succ\u00e8s de Dacia\" class=\"read-more\" href=\"https:\/\/www.carideal.com\/blog\/2009\/09\/17\/dacia-un-million-de-logan\/\" aria-label=\"En savoir plus sur Un million de Logan le succ\u00e8s de Dacia\">Lire plus<\/a><\/p>\n","protected":false},"author":1,"featured_media":15178,"comment_status":"open","ping_status":"open","sticky":false,"template":"","format":"standard","meta":{"_uag_custom_page_level_css":"","_themeisle_gutenberg_block_has_review":false,"footnotes":""},"categories":[5944,6007,6012,10,5974],"tags":[],"class_list":["post-706","post","type-post","status-publish","format-standard","has-post-thumbnail","hentry","category-constructeur","category-dacia","category-berlines","category-marche-automobile-voiture-neuve-occasion-4x4-suv","category-type-de-vehicule"],"wppr_data":{"cwp_meta_box_check":"No"},"yoast_head":"<!-- This site is optimized with the Yoast SEO plugin v24.8.1 - https:\/\/yoast.com\/wordpress\/plugins\/seo\/ -->\n<title>Un million de Logan le succ\u00e8s de Dacia - Blog auto Carid\u00e9al<\/title>\n<meta name=\"description\" content=\"Dacia f\u00eate un million de Logan produite. Le mod\u00e8le \u00e0 bas prix de Dacia, la Logan a vu son millioni\u00e8me exemplaire produit en Roumanie \u00e0 Mioveni\" \/>\n<meta name=\"robots\" content=\"index, follow, max-snippet:-1, max-image-preview:large, max-video-preview:-1\" \/>\n<link rel=\"canonical\" href=\"https:\/\/www.carideal.com\/blog\/2009\/09\/17\/dacia-un-million-de-logan\/\" \/>\n<meta property=\"og:locale\" content=\"fr_FR\" \/>\n<meta property=\"og:type\" content=\"article\" \/>\n<meta property=\"og:title\" content=\"Un million de Logan le succ\u00e8s de Dacia - Blog auto Carid\u00e9al\" \/>\n<meta property=\"og:description\" content=\"Dacia f\u00eate un million de Logan produite. Le mod\u00e8le \u00e0 bas prix de Dacia, la Logan a vu son millioni\u00e8me exemplaire produit en Roumanie \u00e0 Mioveni\" \/>\n<meta property=\"og:url\" content=\"https:\/\/www.carideal.com\/blog\/2009\/09\/17\/dacia-un-million-de-logan\/\" \/>\n<meta property=\"og:site_name\" content=\"Blog auto Carid\u00e9al\" \/>\n<meta property=\"article:publisher\" content=\"https:\/\/www.facebook.com\/Carideal.mandataire.automobile\" \/>\n<meta property=\"article:author\" content=\"https:\/\/www.facebook.com\/Carideal.mandataire.automobile\/\" \/>\n<meta property=\"article:published_time\" content=\"2009-09-17T07:53:00+00:00\" \/>\n<meta property=\"article:modified_time\" content=\"2020-05-28T10:14:52+00:00\" \/>\n<meta property=\"og:image\" content=\"https:\/\/www.carideal.com\/blog\/wp-content\/uploads\/2009\/09\/dacia-logan-carideal-mandataire-automobile-1.jpg\" \/>\n\t<meta property=\"og:image:width\" content=\"640\" \/>\n\t<meta property=\"og:image:height\" content=\"461\" \/>\n\t<meta property=\"og:image:type\" content=\"image\/jpeg\" \/>\n<meta name=\"author\" content=\"N.S Carideal\" \/>\n<meta name=\"twitter:card\" content=\"summary_large_image\" \/>\n<meta name=\"twitter:creator\" content=\"@caridealauto\" \/>\n<meta name=\"twitter:site\" content=\"@caridealauto\" \/>\n<meta name=\"twitter:label1\" content=\"\u00c9crit par\" \/>\n\t<meta name=\"twitter:data1\" content=\"N.S Carideal\" \/>\n\t<meta name=\"twitter:label2\" content=\"Dur\u00e9e de lecture estim\u00e9e\" \/>\n\t<meta name=\"twitter:data2\" content=\"2 minutes\" \/>\n<script type=\"application\/ld+json\" class=\"yoast-schema-graph\">{\"@context\":\"https:\/\/schema.org\",\"@graph\":[{\"@type\":\"Article\",\"@id\":\"https:\/\/www.carideal.com\/blog\/2009\/09\/17\/dacia-un-million-de-logan\/#article\",\"isPartOf\":{\"@id\":\"https:\/\/www.carideal.com\/blog\/2009\/09\/17\/dacia-un-million-de-logan\/\"},\"author\":{\"name\":\"N.S Carideal\",\"@id\":\"https:\/\/www.carideal.com\/blog\/#\/schema\/person\/985c7e757d1042d647f21bfaf8d41ebc\"},\"headline\":\"Un million de Logan le succ\u00e8s de Dacia\",\"datePublished\":\"2009-09-17T07:53:00+00:00\",\"dateModified\":\"2020-05-28T10:14:52+00:00\",\"mainEntityOfPage\":{\"@id\":\"https:\/\/www.carideal.com\/blog\/2009\/09\/17\/dacia-un-million-de-logan\/\"},\"wordCount\":346,\"commentCount\":0,\"publisher\":{\"@id\":\"https:\/\/www.carideal.com\/blog\/#organization\"},\"image\":{\"@id\":\"https:\/\/www.carideal.com\/blog\/2009\/09\/17\/dacia-un-million-de-logan\/#primaryimage\"},\"thumbnailUrl\":\"https:\/\/www.carideal.com\/blog\/wp-content\/uploads\/2009\/09\/dacia-logan-carideal-mandataire-automobile-1.jpg\",\"articleSection\":[\"Actualit\u00e9 Constructeur automobile\",\"Actualit\u00e9 Dacia\",\"Berlines\",\"March\u00e9 automobile\",\"Type de v\u00e9hicule\"],\"inLanguage\":\"fr-FR\",\"potentialAction\":[{\"@type\":\"CommentAction\",\"name\":\"Comment\",\"target\":[\"https:\/\/www.carideal.com\/blog\/2009\/09\/17\/dacia-un-million-de-logan\/#respond\"]}]},{\"@type\":\"WebPage\",\"@id\":\"https:\/\/www.carideal.com\/blog\/2009\/09\/17\/dacia-un-million-de-logan\/\",\"url\":\"https:\/\/www.carideal.com\/blog\/2009\/09\/17\/dacia-un-million-de-logan\/\",\"name\":\"Un million de Logan le succ\u00e8s de Dacia - Blog auto Carid\u00e9al\",\"isPartOf\":{\"@id\":\"https:\/\/www.carideal.com\/blog\/#website\"},\"primaryImageOfPage\":{\"@id\":\"https:\/\/www.carideal.com\/blog\/2009\/09\/17\/dacia-un-million-de-logan\/#primaryimage\"},\"image\":{\"@id\":\"https:\/\/www.carideal.com\/blog\/2009\/09\/17\/dacia-un-million-de-logan\/#primaryimage\"},\"thumbnailUrl\":\"https:\/\/www.carideal.com\/blog\/wp-content\/uploads\/2009\/09\/dacia-logan-carideal-mandataire-automobile-1.jpg\",\"datePublished\":\"2009-09-17T07:53:00+00:00\",\"dateModified\":\"2020-05-28T10:14:52+00:00\",\"description\":\"Dacia f\u00eate un million de Logan produite. Le mod\u00e8le \u00e0 bas prix de Dacia, la Logan a vu son millioni\u00e8me exemplaire produit en Roumanie \u00e0 Mioveni\",\"breadcrumb\":{\"@id\":\"https:\/\/www.carideal.com\/blog\/2009\/09\/17\/dacia-un-million-de-logan\/#breadcrumb\"},\"inLanguage\":\"fr-FR\",\"potentialAction\":[{\"@type\":\"ReadAction\",\"target\":[\"https:\/\/www.carideal.com\/blog\/2009\/09\/17\/dacia-un-million-de-logan\/\"]}]},{\"@type\":\"ImageObject\",\"inLanguage\":\"fr-FR\",\"@id\":\"https:\/\/www.carideal.com\/blog\/2009\/09\/17\/dacia-un-million-de-logan\/#primaryimage\",\"url\":\"https:\/\/www.carideal.com\/blog\/wp-content\/uploads\/2009\/09\/dacia-logan-carideal-mandataire-automobile-1.jpg\",\"contentUrl\":\"https:\/\/www.carideal.com\/blog\/wp-content\/uploads\/2009\/09\/dacia-logan-carideal-mandataire-automobile-1.jpg\",\"width\":640,\"height\":461,\"caption\":\"D\u00e9j\u00e0 un Million de Dacia Logan produite\"},{\"@type\":\"BreadcrumbList\",\"@id\":\"https:\/\/www.carideal.com\/blog\/2009\/09\/17\/dacia-un-million-de-logan\/#breadcrumb\",\"itemListElement\":[{\"@type\":\"ListItem\",\"position\":1,\"name\":\"Blog Carid\u00e9al\",\"item\":\"https:\/\/www.carideal.com\/blog\/\"},{\"@type\":\"ListItem\",\"position\":2,\"name\":\"Actualit\u00e9 constructeur automobile\",\"item\":\"https:\/\/www.carideal.com\/blog\/constructeur\/\"},{\"@type\":\"ListItem\",\"position\":3,\"name\":\"Actualit\u00e9 Dacia\",\"item\":\"https:\/\/www.carideal.com\/blog\/constructeur\/dacia\/\"},{\"@type\":\"ListItem\",\"position\":4,\"name\":\"Un million de Logan le succ\u00e8s de Dacia\"}]},{\"@type\":\"WebSite\",\"@id\":\"https:\/\/www.carideal.com\/blog\/#website\",\"url\":\"https:\/\/www.carideal.com\/blog\/\",\"name\":\"Blog auto Carid\u00e9al\",\"description\":\"Actualit\u00e9 auto par des passionn\u00e9s\",\"publisher\":{\"@id\":\"https:\/\/www.carideal.com\/blog\/#organization\"},\"potentialAction\":[{\"@type\":\"SearchAction\",\"target\":{\"@type\":\"EntryPoint\",\"urlTemplate\":\"https:\/\/www.carideal.com\/blog\/?s={search_term_string}\"},\"query-input\":{\"@type\":\"PropertyValueSpecification\",\"valueRequired\":true,\"valueName\":\"search_term_string\"}}],\"inLanguage\":\"fr-FR\"},{\"@type\":\"Organization\",\"@id\":\"https:\/\/www.carideal.com\/blog\/#organization\",\"name\":\"Carideal\",\"url\":\"https:\/\/www.carideal.com\/blog\/\",\"logo\":{\"@type\":\"ImageObject\",\"inLanguage\":\"fr-FR\",\"@id\":\"https:\/\/www.carideal.com\/blog\/#\/schema\/logo\/image\/\",\"url\":\"http:\/\/www.carideal.com\/blog\/wp-content\/uploads\/2016\/03\/logo-carideal-mandataire-automobile.png\",\"contentUrl\":\"http:\/\/www.carideal.com\/blog\/wp-content\/uploads\/2016\/03\/logo-carideal-mandataire-automobile.png\",\"width\":300,\"height\":300,\"caption\":\"Carideal\"},\"image\":{\"@id\":\"https:\/\/www.carideal.com\/blog\/#\/schema\/logo\/image\/\"},\"sameAs\":[\"https:\/\/www.facebook.com\/Carideal.mandataire.automobile\",\"https:\/\/x.com\/caridealauto\",\"https:\/\/www.instagram.com\/carideal1\/\",\"https:\/\/www.linkedin.com\/company\/carideal.com\",\"https:\/\/fr.pinterest.com\/schiavonsas\/\",\"https:\/\/www.youtube.com\/user\/caridealsas\"]},{\"@type\":\"Person\",\"@id\":\"https:\/\/www.carideal.com\/blog\/#\/schema\/person\/985c7e757d1042d647f21bfaf8d41ebc\",\"name\":\"N.S Carideal\",\"image\":{\"@type\":\"ImageObject\",\"inLanguage\":\"fr-FR\",\"@id\":\"https:\/\/www.carideal.com\/blog\/#\/schema\/person\/image\/\",\"url\":\"https:\/\/secure.gravatar.com\/avatar\/edb7ccdf1a4e3d14aef967760d354d0e?s=96&r=g\",\"contentUrl\":\"https:\/\/secure.gravatar.com\/avatar\/edb7ccdf1a4e3d14aef967760d354d0e?s=96&r=g\",\"caption\":\"N.S Carideal\"},\"description\":\"Depuis tout petit fan d'automobile. Il est question d'essayer et de comparer toutes ces voitures qui nous ont fait r\u00e9ver, avant que celles-ci ne devient uniquement des voitures de collection.\",\"sameAs\":[\"http:\/\/www.carideal.com\/blog\",\"https:\/\/www.facebook.com\/Carideal.mandataire.automobile\/\",\"https:\/\/www.linkedin.com\/in\/nschiavon\/\",\"https:\/\/www.youtube.com\/user\/caridealsas\/\"],\"url\":\"https:\/\/www.carideal.com\/blog\/author\/admin_carideal\/\"}]}<\/script>\n<!-- \/ Yoast SEO plugin. -->","yoast_head_json":{"title":"Un million de Logan le succ\u00e8s de Dacia - Blog auto Carid\u00e9al","description":"Dacia f\u00eate un million de Logan produite. Le mod\u00e8le \u00e0 bas prix de Dacia, la Logan a vu son millioni\u00e8me exemplaire produit en Roumanie \u00e0 Mioveni","robots":{"index":"index","follow":"follow","max-snippet":"max-snippet:-1","max-image-preview":"max-image-preview:large","max-video-preview":"max-video-preview:-1"},"canonical":"https:\/\/www.carideal.com\/blog\/2009\/09\/17\/dacia-un-million-de-logan\/","og_locale":"fr_FR","og_type":"article","og_title":"Un million de Logan le succ\u00e8s de Dacia - Blog auto Carid\u00e9al","og_description":"Dacia f\u00eate un million de Logan produite. Le mod\u00e8le \u00e0 bas prix de Dacia, la Logan a vu son millioni\u00e8me exemplaire produit en Roumanie \u00e0 Mioveni","og_url":"https:\/\/www.carideal.com\/blog\/2009\/09\/17\/dacia-un-million-de-logan\/","og_site_name":"Blog auto Carid\u00e9al","article_publisher":"https:\/\/www.facebook.com\/Carideal.mandataire.automobile","article_author":"https:\/\/www.facebook.com\/Carideal.mandataire.automobile\/","article_published_time":"2009-09-17T07:53:00+00:00","article_modified_time":"2020-05-28T10:14:52+00:00","og_image":[{"width":640,"height":461,"url":"https:\/\/www.carideal.com\/blog\/wp-content\/uploads\/2009\/09\/dacia-logan-carideal-mandataire-automobile-1.jpg","type":"image\/jpeg"}],"author":"N.S Carideal","twitter_card":"summary_large_image","twitter_creator":"@caridealauto","twitter_site":"@caridealauto","twitter_misc":{"\u00c9crit par":"N.S Carideal","Dur\u00e9e de lecture estim\u00e9e":"2 minutes"},"schema":{"@context":"https:\/\/schema.org","@graph":[{"@type":"Article","@id":"https:\/\/www.carideal.com\/blog\/2009\/09\/17\/dacia-un-million-de-logan\/#article","isPartOf":{"@id":"https:\/\/www.carideal.com\/blog\/2009\/09\/17\/dacia-un-million-de-logan\/"},"author":{"name":"N.S Carideal","@id":"https:\/\/www.carideal.com\/blog\/#\/schema\/person\/985c7e757d1042d647f21bfaf8d41ebc"},"headline":"Un million de Logan le succ\u00e8s de Dacia","datePublished":"2009-09-17T07:53:00+00:00","dateModified":"2020-05-28T10:14:52+00:00","mainEntityOfPage":{"@id":"https:\/\/www.carideal.com\/blog\/2009\/09\/17\/dacia-un-million-de-logan\/"},"wordCount":346,"commentCount":0,"publisher":{"@id":"https:\/\/www.carideal.com\/blog\/#organization"},"image":{"@id":"https:\/\/www.carideal.com\/blog\/2009\/09\/17\/dacia-un-million-de-logan\/#primaryimage"},"thumbnailUrl":"https:\/\/www.carideal.com\/blog\/wp-content\/uploads\/2009\/09\/dacia-logan-carideal-mandataire-automobile-1.jpg","articleSection":["Actualit\u00e9 Constructeur automobile","Actualit\u00e9 Dacia","Berlines","March\u00e9 automobile","Type de v\u00e9hicule"],"inLanguage":"fr-FR","potentialAction":[{"@type":"CommentAction","name":"Comment","target":["https:\/\/www.carideal.com\/blog\/2009\/09\/17\/dacia-un-million-de-logan\/#respond"]}]},{"@type":"WebPage","@id":"https:\/\/www.carideal.com\/blog\/2009\/09\/17\/dacia-un-million-de-logan\/","url":"https:\/\/www.carideal.com\/blog\/2009\/09\/17\/dacia-un-million-de-logan\/","name":"Un million de Logan le succ\u00e8s de Dacia - Blog auto Carid\u00e9al","isPartOf":{"@id":"https:\/\/www.carideal.com\/blog\/#website"},"primaryImageOfPage":{"@id":"https:\/\/www.carideal.com\/blog\/2009\/09\/17\/dacia-un-million-de-logan\/#primaryimage"},"image":{"@id":"https:\/\/www.carideal.com\/blog\/2009\/09\/17\/dacia-un-million-de-logan\/#primaryimage"},"thumbnailUrl":"https:\/\/www.carideal.com\/blog\/wp-content\/uploads\/2009\/09\/dacia-logan-carideal-mandataire-automobile-1.jpg","datePublished":"2009-09-17T07:53:00+00:00","dateModified":"2020-05-28T10:14:52+00:00","description":"Dacia f\u00eate un million de Logan produite. Le mod\u00e8le \u00e0 bas prix de Dacia, la Logan a vu son millioni\u00e8me exemplaire produit en Roumanie \u00e0 Mioveni","breadcrumb":{"@id":"https:\/\/www.carideal.com\/blog\/2009\/09\/17\/dacia-un-million-de-logan\/#breadcrumb"},"inLanguage":"fr-FR","potentialAction":[{"@type":"ReadAction","target":["https:\/\/www.carideal.com\/blog\/2009\/09\/17\/dacia-un-million-de-logan\/"]}]},{"@type":"ImageObject","inLanguage":"fr-FR","@id":"https:\/\/www.carideal.com\/blog\/2009\/09\/17\/dacia-un-million-de-logan\/#primaryimage","url":"https:\/\/www.carideal.com\/blog\/wp-content\/uploads\/2009\/09\/dacia-logan-carideal-mandataire-automobile-1.jpg","contentUrl":"https:\/\/www.carideal.com\/blog\/wp-content\/uploads\/2009\/09\/dacia-logan-carideal-mandataire-automobile-1.jpg","width":640,"height":461,"caption":"D\u00e9j\u00e0 un Million de Dacia Logan produite"},{"@type":"BreadcrumbList","@id":"https:\/\/www.carideal.com\/blog\/2009\/09\/17\/dacia-un-million-de-logan\/#breadcrumb","itemListElement":[{"@type":"ListItem","position":1,"name":"Blog Carid\u00e9al","item":"https:\/\/www.carideal.com\/blog\/"},{"@type":"ListItem","position":2,"name":"Actualit\u00e9 constructeur automobile","item":"https:\/\/www.carideal.com\/blog\/constructeur\/"},{"@type":"ListItem","position":3,"name":"Actualit\u00e9 Dacia","item":"https:\/\/www.carideal.com\/blog\/constructeur\/dacia\/"},{"@type":"ListItem","position":4,"name":"Un million de Logan le succ\u00e8s de Dacia"}]},{"@type":"WebSite","@id":"https:\/\/www.carideal.com\/blog\/#website","url":"https:\/\/www.carideal.com\/blog\/","name":"Blog auto Carid\u00e9al","description":"Actualit\u00e9 auto par des passionn\u00e9s","publisher":{"@id":"https:\/\/www.carideal.com\/blog\/#organization"},"potentialAction":[{"@type":"SearchAction","target":{"@type":"EntryPoint","urlTemplate":"https:\/\/www.carideal.com\/blog\/?s={search_term_string}"},"query-input":{"@type":"PropertyValueSpecification","valueRequired":true,"valueName":"search_term_string"}}],"inLanguage":"fr-FR"},{"@type":"Organization","@id":"https:\/\/www.carideal.com\/blog\/#organization","name":"Carideal","url":"https:\/\/www.carideal.com\/blog\/","logo":{"@type":"ImageObject","inLanguage":"fr-FR","@id":"https:\/\/www.carideal.com\/blog\/#\/schema\/logo\/image\/","url":"http:\/\/www.carideal.com\/blog\/wp-content\/uploads\/2016\/03\/logo-carideal-mandataire-automobile.png","contentUrl":"http:\/\/www.carideal.com\/blog\/wp-content\/uploads\/2016\/03\/logo-carideal-mandataire-automobile.png","width":300,"height":300,"caption":"Carideal"},"image":{"@id":"https:\/\/www.carideal.com\/blog\/#\/schema\/logo\/image\/"},"sameAs":["https:\/\/www.facebook.com\/Carideal.mandataire.automobile","https:\/\/x.com\/caridealauto","https:\/\/www.instagram.com\/carideal1\/","https:\/\/www.linkedin.com\/company\/carideal.com","https:\/\/fr.pinterest.com\/schiavonsas\/","https:\/\/www.youtube.com\/user\/caridealsas"]},{"@type":"Person","@id":"https:\/\/www.carideal.com\/blog\/#\/schema\/person\/985c7e757d1042d647f21bfaf8d41ebc","name":"N.S Carideal","image":{"@type":"ImageObject","inLanguage":"fr-FR","@id":"https:\/\/www.carideal.com\/blog\/#\/schema\/person\/image\/","url":"https:\/\/secure.gravatar.com\/avatar\/edb7ccdf1a4e3d14aef967760d354d0e?s=96&r=g","contentUrl":"https:\/\/secure.gravatar.com\/avatar\/edb7ccdf1a4e3d14aef967760d354d0e?s=96&r=g","caption":"N.S Carideal"},"description":"Depuis tout petit fan d'automobile. Il est question d'essayer et de comparer toutes ces voitures qui nous ont fait r\u00e9ver, avant que celles-ci ne devient uniquement des voitures de collection.","sameAs":["http:\/\/www.carideal.com\/blog","https:\/\/www.facebook.com\/Carideal.mandataire.automobile\/","https:\/\/www.linkedin.com\/in\/nschiavon\/","https:\/\/www.youtube.com\/user\/caridealsas\/"],"url":"https:\/\/www.carideal.com\/blog\/author\/admin_carideal\/"}]}},"uagb_featured_image_src":{"full":["https:\/\/www.carideal.com\/blog\/wp-content\/uploads\/2009\/09\/dacia-logan-carideal-mandataire-automobile-1.jpg",640,461,false],"thumbnail":["https:\/\/www.carideal.com\/blog\/wp-content\/uploads\/2009\/09\/dacia-logan-carideal-mandataire-automobile-1-150x150.jpg",150,150,true],"medium":["https:\/\/www.carideal.com\/blog\/wp-content\/uploads\/2009\/09\/dacia-logan-carideal-mandataire-automobile-1-300x216.jpg",300,216,true],"medium_large":["https:\/\/www.carideal.com\/blog\/wp-content\/uploads\/2009\/09\/dacia-logan-carideal-mandataire-automobile-1.jpg",640,461,false],"large":["https:\/\/www.carideal.com\/blog\/wp-content\/uploads\/2009\/09\/dacia-logan-carideal-mandataire-automobile-1.jpg",640,461,false],"1536x1536":["https:\/\/www.carideal.com\/blog\/wp-content\/uploads\/2009\/09\/dacia-logan-carideal-mandataire-automobile-1.jpg",640,461,false],"2048x2048":["https:\/\/www.carideal.com\/blog\/wp-content\/uploads\/2009\/09\/dacia-logan-carideal-mandataire-automobile-1.jpg",640,461,false],"wppr-widget":["https:\/\/www.carideal.com\/blog\/wp-content\/uploads\/2009\/09\/dacia-logan-carideal-mandataire-automobile-1.jpg",50,36,false]},"uagb_author_info":{"display_name":"N.S Carideal","author_link":"https:\/\/www.carideal.com\/blog\/author\/admin_carideal\/"},"uagb_comment_info":0,"uagb_excerpt":"Dacia a produit un million de Logan Dacia f\u00eate un million de Logan produite. Le mod\u00e8le \u00e0 bas prix de Dacia, la Logan a vu son millioni\u00e8me exemplaire produit en Roumanie \u00e0 Mioveni. Dacia est parvenu \u00e0 ce chiffre en seulement cinq ans avec une production de 1340 v\u00e9hicules par jour. Pratiquement toutes les voitures\u2026","_links":{"self":[{"href":"https:\/\/www.carideal.com\/blog\/wp-json\/wp\/v2\/posts\/706"}],"collection":[{"href":"https:\/\/www.carideal.com\/blog\/wp-json\/wp\/v2\/posts"}],"about":[{"href":"https:\/\/www.carideal.com\/blog\/wp-json\/wp\/v2\/types\/post"}],"author":[{"embeddable":true,"href":"https:\/\/www.carideal.com\/blog\/wp-json\/wp\/v2\/users\/1"}],"replies":[{"embeddable":true,"href":"https:\/\/www.carideal.com\/blog\/wp-json\/wp\/v2\/comments?post=706"}],"version-history":[{"count":0,"href":"https:\/\/www.carideal.com\/blog\/wp-json\/wp\/v2\/posts\/706\/revisions"}],"wp:featuredmedia":[{"embeddable":true,"href":"https:\/\/www.carideal.com\/blog\/wp-json\/wp\/v2\/media\/15178"}],"wp:attachment":[{"href":"https:\/\/www.carideal.com\/blog\/wp-json\/wp\/v2\/media?parent=706"}],"wp:term":[{"taxonomy":"category","embeddable":true,"href":"https:\/\/www.carideal.com\/blog\/wp-json\/wp\/v2\/categories?post=706"},{"taxonomy":"post_tag","embeddable":true,"href":"https:\/\/www.carideal.com\/blog\/wp-json\/wp\/v2\/tags?post=706"}],"curies":[{"name":"wp","href":"https:\/\/api.w.org\/{rel}","templated":true}]}}