{"id":704,"date":"2009-08-13T14:31:00","date_gmt":"2009-08-13T14:31:00","guid":{"rendered":"http:\/\/carideal.com\/blog\/?p=704"},"modified":"2015-12-03T09:33:08","modified_gmt":"2015-12-03T08:33:08","slug":"nissan-gt-r-485ch","status":"publish","type":"post","link":"https:\/\/www.carideal.com\/blog\/2009\/08\/13\/nissan-gt-r-485ch\/","title":{"rendered":"Nissan GT-R 485ch"},"content":{"rendered":"<p>A d\u00e9faut d'une ambiance raffin\u00e9e, la position de conduite est bonne et on a de la place. En bas de la console on trouve les contacteurs de r\u00e9glage moteur, de la suspension, la transmission et de l'ESP. Au sommet du tableau de bord se trouve l'\u00e9cran multifonction qui propose plusieurs configurations d\u00e9velopp\u00e9es par la soci\u00e9t\u00e9 Polyphonie qui est aussi la soci\u00e9t\u00e9 \u00e9ditrice du jeu \"<a href=\"http:\/\/www.carideal.com\/blog\/index.php?tag\/Gran Turismo\">Gran Turismo<\/a>\" qui a c\u00e9l\u00e9br\u00e9 la GT-R bien avant sa commercialisation.<\/p>\n<p>Elle est d\u00e9j\u00e0 une star des jeux vid\u00e9o depuis 2007 au japon o\u00f9 elle est adul\u00e9e. Elle a r\u00e9alis\u00e9e un temps cannon sur le circuit du\u00a0<a href=\"http:\/\/www.carideal.com\/blog\/index.php?tag\/Nurburgring\">Nurburgring<\/a> en Allemagne.<\/p>\n<p><iframe loading=\"lazy\" width=\"420\" height=\"315\" src=\"https:\/\/www.youtube.com\/embed\/UBZ5i15yVU8\" frameborder=\"0\" allowfullscreen><\/iframe><\/p>\n<p>On la Voyait de partout, sans la voir, ni l'essayer, ou l'acheter, maintenant c'est chose faite. On ne peut pas dire qu'elle soit belle, mais sa ligne est brutale et elle s\u00e9duit. Tout le monde se retourne \u00e0 son passage, les passionn\u00e9es de jeu vid\u00e9os voient enfin leur idole en vrai. Sa ligne massive cache un monstrueux V6 3.8 biturbo de 485 ch, une transmission int\u00e9grale avec arbre en carbonne, boite robotis\u00e9e \u00e0 double embrayage, amortisseurs pilot\u00e9s, et freins de TGV.<\/p>\n<p>Les dessous de la b\u00e8te ont \u00e9t\u00e9 travaill\u00e9es de mani\u00e8re \u00e0 gen\u00e9rer un effet de sol, et la r\u00e9partition des masses est r\u00e9gler au poil avec 53% pour l'avant et 47% pour l'arri\u00e8re. Tous les param\u00e8tres de la voiture sont r\u00e9glables \u00e0 souhait : moteur, boite, ESP et amortisseurs. OOUUUFFFF Ca promet !.<\/p>\n<p>Derri\u00e8re\u00a0son volant on en prend plein la poire , malgr\u00e9 son poid \u00e9lev\u00e9 de 1740 kg, le moteur envoie ! et \u00e7a se sent ! Il ne lui faut que 3.5 sec pour abattre le 0 \u00e0 100 km\/h. Entre le moteur et ses 485 ch et sa boite robotis\u00e9e \u00e0 double embrayage c'est l'accord parfait. Les passage de vitesse sont ultra rapides et sans coupures de charge. Heureusement la puissance est r\u00e9partie aux 4 roues par la transmission int\u00e9grale qui garde une r\u00e9partition l\u00e9g\u00e8rement sup\u00e9rieur sur l'arri\u00e8re.<\/p>\n<p>GODZILLA ! C'est ainsi que les Japonais l'ont surnom\u00e9e. La Nissan GT-R a r\u00e9alis\u00e9 7'26'' au tour sur le Nurbugring c'est mieux que les autres super sportives ! Elle fume une Porsche Carrera GT ! Gageons que les Constructeurs de supersportives ne tarderont pas \u00e0 r\u00e9agir \u00e0 ce pav\u00e9 que Nissan lance dans leur mare !<\/p>\n<p>C'est aussi une supersportive des familles avec ses 4 vraies places, ses programes de gestion moteur, suspension, transmission, boite \"soft\" qui permette \u00e0 la voiture de rouler cool en ville. Nissan enfonce le clou avec son prix de seulement 82550 \u20ac soit 62000 \u20ac de moins qu'une Porsche 911 Turbo !! rien que \u00e7\u00e0 ! Bon vous m'en mettrez deux alors : une blanche pour la semaine, une anthracite pour le WE ou l'inverse !<\/p>\n<p>DIABOLIQUE : Ce missile attire 200 acheteurs qui se sont fait connaitre en france et il n'y en aura que 100 de servis !<\/p>\n","protected":false},"excerpt":{"rendered":"<p>A d\u00e9faut d&rsquo;une ambiance raffin\u00e9e, la position de conduite est bonne et on a de la place. En bas de la console on trouve les contacteurs de r\u00e9glage moteur, de la suspension, la transmission et de l&rsquo;ESP. Au sommet du tableau de bord se trouve l&rsquo;\u00e9cran multifonction qui propose plusieurs configurations d\u00e9velopp\u00e9es par la soci\u00e9t\u00e9 &#8230; <a title=\"Nissan GT-R 485ch\" class=\"read-more\" href=\"https:\/\/www.carideal.com\/blog\/2009\/08\/13\/nissan-gt-r-485ch\/\" aria-label=\"En savoir plus sur Nissan GT-R 485ch\">Lire plus<\/a><\/p>\n","protected":false},"author":1,"featured_media":0,"comment_status":"open","ping_status":"open","sticky":false,"template":"","format":"standard","meta":{"_uag_custom_page_level_css":"","_themeisle_gutenberg_block_has_review":false,"footnotes":""},"categories":[10],"tags":[],"class_list":["post-704","post","type-post","status-publish","format-standard","hentry","category-marche-automobile-voiture-neuve-occasion-4x4-suv"],"wppr_data":[],"yoast_head":"<!-- This site is optimized with the Yoast SEO plugin v24.8.1 - https:\/\/yoast.com\/wordpress\/plugins\/seo\/ -->\n<title>Nissan GT-R 485ch - Blog auto Carid\u00e9al<\/title>\n<meta name=\"robots\" content=\"index, follow, max-snippet:-1, max-image-preview:large, max-video-preview:-1\" \/>\n<link rel=\"canonical\" href=\"https:\/\/www.carideal.com\/blog\/2009\/08\/13\/nissan-gt-r-485ch\/\" \/>\n<meta property=\"og:locale\" content=\"fr_FR\" \/>\n<meta property=\"og:type\" content=\"article\" \/>\n<meta property=\"og:title\" content=\"Nissan GT-R 485ch - Blog auto Carid\u00e9al\" \/>\n<meta property=\"og:description\" content=\"A d\u00e9faut d&#039;une ambiance raffin\u00e9e, la position de conduite est bonne et on a de la place. En bas de la console on trouve les contacteurs de r\u00e9glage moteur, de la suspension, la transmission et de l&#039;ESP. Au sommet du tableau de bord se trouve l&#039;\u00e9cran multifonction qui propose plusieurs configurations d\u00e9velopp\u00e9es par la soci\u00e9t\u00e9 ... Lire plus\" \/>\n<meta property=\"og:url\" content=\"https:\/\/www.carideal.com\/blog\/2009\/08\/13\/nissan-gt-r-485ch\/\" \/>\n<meta property=\"og:site_name\" content=\"Blog auto Carid\u00e9al\" \/>\n<meta property=\"article:publisher\" content=\"https:\/\/www.facebook.com\/Carideal.mandataire.automobile\" \/>\n<meta property=\"article:author\" content=\"https:\/\/www.facebook.com\/Carideal.mandataire.automobile\/\" \/>\n<meta property=\"article:published_time\" content=\"2009-08-13T14:31:00+00:00\" \/>\n<meta property=\"article:modified_time\" content=\"2015-12-03T08:33:08+00:00\" \/>\n<meta property=\"og:image\" content=\"https:\/\/www.carideal.com\/blog\/wp-content\/uploads\/2016\/03\/logo-carideal-mandataire-automobile.png\" \/>\n\t<meta property=\"og:image:width\" content=\"300\" \/>\n\t<meta property=\"og:image:height\" content=\"300\" \/>\n\t<meta property=\"og:image:type\" content=\"image\/png\" \/>\n<meta name=\"author\" content=\"N.S Carideal\" \/>\n<meta name=\"twitter:card\" content=\"summary_large_image\" \/>\n<meta name=\"twitter:creator\" content=\"@caridealauto\" \/>\n<meta name=\"twitter:site\" content=\"@caridealauto\" \/>\n<meta name=\"twitter:label1\" content=\"\u00c9crit par\" \/>\n\t<meta name=\"twitter:data1\" content=\"N.S Carideal\" \/>\n\t<meta name=\"twitter:label2\" content=\"Dur\u00e9e de lecture estim\u00e9e\" \/>\n\t<meta name=\"twitter:data2\" content=\"2 minutes\" \/>\n<script type=\"application\/ld+json\" class=\"yoast-schema-graph\">{\"@context\":\"https:\/\/schema.org\",\"@graph\":[{\"@type\":\"Article\",\"@id\":\"https:\/\/www.carideal.com\/blog\/2009\/08\/13\/nissan-gt-r-485ch\/#article\",\"isPartOf\":{\"@id\":\"https:\/\/www.carideal.com\/blog\/2009\/08\/13\/nissan-gt-r-485ch\/\"},\"author\":{\"name\":\"N.S Carideal\",\"@id\":\"https:\/\/www.carideal.com\/blog\/#\/schema\/person\/985c7e757d1042d647f21bfaf8d41ebc\"},\"headline\":\"Nissan GT-R 485ch\",\"datePublished\":\"2009-08-13T14:31:00+00:00\",\"dateModified\":\"2015-12-03T08:33:08+00:00\",\"mainEntityOfPage\":{\"@id\":\"https:\/\/www.carideal.com\/blog\/2009\/08\/13\/nissan-gt-r-485ch\/\"},\"wordCount\":485,\"commentCount\":1,\"publisher\":{\"@id\":\"https:\/\/www.carideal.com\/blog\/#organization\"},\"articleSection\":[\"March\u00e9 automobile\"],\"inLanguage\":\"fr-FR\",\"potentialAction\":[{\"@type\":\"CommentAction\",\"name\":\"Comment\",\"target\":[\"https:\/\/www.carideal.com\/blog\/2009\/08\/13\/nissan-gt-r-485ch\/#respond\"]}]},{\"@type\":\"WebPage\",\"@id\":\"https:\/\/www.carideal.com\/blog\/2009\/08\/13\/nissan-gt-r-485ch\/\",\"url\":\"https:\/\/www.carideal.com\/blog\/2009\/08\/13\/nissan-gt-r-485ch\/\",\"name\":\"Nissan GT-R 485ch - Blog auto Carid\u00e9al\",\"isPartOf\":{\"@id\":\"https:\/\/www.carideal.com\/blog\/#website\"},\"datePublished\":\"2009-08-13T14:31:00+00:00\",\"dateModified\":\"2015-12-03T08:33:08+00:00\",\"breadcrumb\":{\"@id\":\"https:\/\/www.carideal.com\/blog\/2009\/08\/13\/nissan-gt-r-485ch\/#breadcrumb\"},\"inLanguage\":\"fr-FR\",\"potentialAction\":[{\"@type\":\"ReadAction\",\"target\":[\"https:\/\/www.carideal.com\/blog\/2009\/08\/13\/nissan-gt-r-485ch\/\"]}]},{\"@type\":\"BreadcrumbList\",\"@id\":\"https:\/\/www.carideal.com\/blog\/2009\/08\/13\/nissan-gt-r-485ch\/#breadcrumb\",\"itemListElement\":[{\"@type\":\"ListItem\",\"position\":1,\"name\":\"Blog Carid\u00e9al\",\"item\":\"https:\/\/www.carideal.com\/blog\/\"},{\"@type\":\"ListItem\",\"position\":2,\"name\":\"March\u00e9 automobile\",\"item\":\"https:\/\/www.carideal.com\/blog\/marche-automobile-voiture-neuve-occasion-4x4-suv\/\"},{\"@type\":\"ListItem\",\"position\":3,\"name\":\"Nissan GT-R 485ch\"}]},{\"@type\":\"WebSite\",\"@id\":\"https:\/\/www.carideal.com\/blog\/#website\",\"url\":\"https:\/\/www.carideal.com\/blog\/\",\"name\":\"Blog auto Carid\u00e9al\",\"description\":\"Actualit\u00e9 auto par des passionn\u00e9s\",\"publisher\":{\"@id\":\"https:\/\/www.carideal.com\/blog\/#organization\"},\"potentialAction\":[{\"@type\":\"SearchAction\",\"target\":{\"@type\":\"EntryPoint\",\"urlTemplate\":\"https:\/\/www.carideal.com\/blog\/?s={search_term_string}\"},\"query-input\":{\"@type\":\"PropertyValueSpecification\",\"valueRequired\":true,\"valueName\":\"search_term_string\"}}],\"inLanguage\":\"fr-FR\"},{\"@type\":\"Organization\",\"@id\":\"https:\/\/www.carideal.com\/blog\/#organization\",\"name\":\"Carideal\",\"url\":\"https:\/\/www.carideal.com\/blog\/\",\"logo\":{\"@type\":\"ImageObject\",\"inLanguage\":\"fr-FR\",\"@id\":\"https:\/\/www.carideal.com\/blog\/#\/schema\/logo\/image\/\",\"url\":\"http:\/\/www.carideal.com\/blog\/wp-content\/uploads\/2016\/03\/logo-carideal-mandataire-automobile.png\",\"contentUrl\":\"http:\/\/www.carideal.com\/blog\/wp-content\/uploads\/2016\/03\/logo-carideal-mandataire-automobile.png\",\"width\":300,\"height\":300,\"caption\":\"Carideal\"},\"image\":{\"@id\":\"https:\/\/www.carideal.com\/blog\/#\/schema\/logo\/image\/\"},\"sameAs\":[\"https:\/\/www.facebook.com\/Carideal.mandataire.automobile\",\"https:\/\/x.com\/caridealauto\",\"https:\/\/www.instagram.com\/carideal1\/\",\"https:\/\/www.linkedin.com\/company\/carideal.com\",\"https:\/\/fr.pinterest.com\/schiavonsas\/\",\"https:\/\/www.youtube.com\/user\/caridealsas\"]},{\"@type\":\"Person\",\"@id\":\"https:\/\/www.carideal.com\/blog\/#\/schema\/person\/985c7e757d1042d647f21bfaf8d41ebc\",\"name\":\"N.S Carideal\",\"image\":{\"@type\":\"ImageObject\",\"inLanguage\":\"fr-FR\",\"@id\":\"https:\/\/www.carideal.com\/blog\/#\/schema\/person\/image\/\",\"url\":\"https:\/\/secure.gravatar.com\/avatar\/edb7ccdf1a4e3d14aef967760d354d0e?s=96&r=g\",\"contentUrl\":\"https:\/\/secure.gravatar.com\/avatar\/edb7ccdf1a4e3d14aef967760d354d0e?s=96&r=g\",\"caption\":\"N.S Carideal\"},\"description\":\"Depuis tout petit fan d'automobile. Il est question d'essayer et de comparer toutes ces voitures qui nous ont fait r\u00e9ver, avant que celles-ci ne devient uniquement des voitures de collection.\",\"sameAs\":[\"http:\/\/www.carideal.com\/blog\",\"https:\/\/www.facebook.com\/Carideal.mandataire.automobile\/\",\"https:\/\/www.linkedin.com\/in\/nschiavon\/\",\"https:\/\/www.youtube.com\/user\/caridealsas\/\"],\"url\":\"https:\/\/www.carideal.com\/blog\/author\/admin_carideal\/\"}]}<\/script>\n<!-- \/ Yoast SEO plugin. -->","yoast_head_json":{"title":"Nissan GT-R 485ch - Blog auto Carid\u00e9al","robots":{"index":"index","follow":"follow","max-snippet":"max-snippet:-1","max-image-preview":"max-image-preview:large","max-video-preview":"max-video-preview:-1"},"canonical":"https:\/\/www.carideal.com\/blog\/2009\/08\/13\/nissan-gt-r-485ch\/","og_locale":"fr_FR","og_type":"article","og_title":"Nissan GT-R 485ch - Blog auto Carid\u00e9al","og_description":"A d\u00e9faut d'une ambiance raffin\u00e9e, la position de conduite est bonne et on a de la place. En bas de la console on trouve les contacteurs de r\u00e9glage moteur, de la suspension, la transmission et de l'ESP. Au sommet du tableau de bord se trouve l'\u00e9cran multifonction qui propose plusieurs configurations d\u00e9velopp\u00e9es par la soci\u00e9t\u00e9 ... Lire plus","og_url":"https:\/\/www.carideal.com\/blog\/2009\/08\/13\/nissan-gt-r-485ch\/","og_site_name":"Blog auto Carid\u00e9al","article_publisher":"https:\/\/www.facebook.com\/Carideal.mandataire.automobile","article_author":"https:\/\/www.facebook.com\/Carideal.mandataire.automobile\/","article_published_time":"2009-08-13T14:31:00+00:00","article_modified_time":"2015-12-03T08:33:08+00:00","og_image":[{"width":300,"height":300,"url":"https:\/\/www.carideal.com\/blog\/wp-content\/uploads\/2016\/03\/logo-carideal-mandataire-automobile.png","type":"image\/png"}],"author":"N.S Carideal","twitter_card":"summary_large_image","twitter_creator":"@caridealauto","twitter_site":"@caridealauto","twitter_misc":{"\u00c9crit par":"N.S Carideal","Dur\u00e9e de lecture estim\u00e9e":"2 minutes"},"schema":{"@context":"https:\/\/schema.org","@graph":[{"@type":"Article","@id":"https:\/\/www.carideal.com\/blog\/2009\/08\/13\/nissan-gt-r-485ch\/#article","isPartOf":{"@id":"https:\/\/www.carideal.com\/blog\/2009\/08\/13\/nissan-gt-r-485ch\/"},"author":{"name":"N.S Carideal","@id":"https:\/\/www.carideal.com\/blog\/#\/schema\/person\/985c7e757d1042d647f21bfaf8d41ebc"},"headline":"Nissan GT-R 485ch","datePublished":"2009-08-13T14:31:00+00:00","dateModified":"2015-12-03T08:33:08+00:00","mainEntityOfPage":{"@id":"https:\/\/www.carideal.com\/blog\/2009\/08\/13\/nissan-gt-r-485ch\/"},"wordCount":485,"commentCount":1,"publisher":{"@id":"https:\/\/www.carideal.com\/blog\/#organization"},"articleSection":["March\u00e9 automobile"],"inLanguage":"fr-FR","potentialAction":[{"@type":"CommentAction","name":"Comment","target":["https:\/\/www.carideal.com\/blog\/2009\/08\/13\/nissan-gt-r-485ch\/#respond"]}]},{"@type":"WebPage","@id":"https:\/\/www.carideal.com\/blog\/2009\/08\/13\/nissan-gt-r-485ch\/","url":"https:\/\/www.carideal.com\/blog\/2009\/08\/13\/nissan-gt-r-485ch\/","name":"Nissan GT-R 485ch - Blog auto Carid\u00e9al","isPartOf":{"@id":"https:\/\/www.carideal.com\/blog\/#website"},"datePublished":"2009-08-13T14:31:00+00:00","dateModified":"2015-12-03T08:33:08+00:00","breadcrumb":{"@id":"https:\/\/www.carideal.com\/blog\/2009\/08\/13\/nissan-gt-r-485ch\/#breadcrumb"},"inLanguage":"fr-FR","potentialAction":[{"@type":"ReadAction","target":["https:\/\/www.carideal.com\/blog\/2009\/08\/13\/nissan-gt-r-485ch\/"]}]},{"@type":"BreadcrumbList","@id":"https:\/\/www.carideal.com\/blog\/2009\/08\/13\/nissan-gt-r-485ch\/#breadcrumb","itemListElement":[{"@type":"ListItem","position":1,"name":"Blog Carid\u00e9al","item":"https:\/\/www.carideal.com\/blog\/"},{"@type":"ListItem","position":2,"name":"March\u00e9 automobile","item":"https:\/\/www.carideal.com\/blog\/marche-automobile-voiture-neuve-occasion-4x4-suv\/"},{"@type":"ListItem","position":3,"name":"Nissan GT-R 485ch"}]},{"@type":"WebSite","@id":"https:\/\/www.carideal.com\/blog\/#website","url":"https:\/\/www.carideal.com\/blog\/","name":"Blog auto Carid\u00e9al","description":"Actualit\u00e9 auto par des passionn\u00e9s","publisher":{"@id":"https:\/\/www.carideal.com\/blog\/#organization"},"potentialAction":[{"@type":"SearchAction","target":{"@type":"EntryPoint","urlTemplate":"https:\/\/www.carideal.com\/blog\/?s={search_term_string}"},"query-input":{"@type":"PropertyValueSpecification","valueRequired":true,"valueName":"search_term_string"}}],"inLanguage":"fr-FR"},{"@type":"Organization","@id":"https:\/\/www.carideal.com\/blog\/#organization","name":"Carideal","url":"https:\/\/www.carideal.com\/blog\/","logo":{"@type":"ImageObject","inLanguage":"fr-FR","@id":"https:\/\/www.carideal.com\/blog\/#\/schema\/logo\/image\/","url":"http:\/\/www.carideal.com\/blog\/wp-content\/uploads\/2016\/03\/logo-carideal-mandataire-automobile.png","contentUrl":"http:\/\/www.carideal.com\/blog\/wp-content\/uploads\/2016\/03\/logo-carideal-mandataire-automobile.png","width":300,"height":300,"caption":"Carideal"},"image":{"@id":"https:\/\/www.carideal.com\/blog\/#\/schema\/logo\/image\/"},"sameAs":["https:\/\/www.facebook.com\/Carideal.mandataire.automobile","https:\/\/x.com\/caridealauto","https:\/\/www.instagram.com\/carideal1\/","https:\/\/www.linkedin.com\/company\/carideal.com","https:\/\/fr.pinterest.com\/schiavonsas\/","https:\/\/www.youtube.com\/user\/caridealsas"]},{"@type":"Person","@id":"https:\/\/www.carideal.com\/blog\/#\/schema\/person\/985c7e757d1042d647f21bfaf8d41ebc","name":"N.S Carideal","image":{"@type":"ImageObject","inLanguage":"fr-FR","@id":"https:\/\/www.carideal.com\/blog\/#\/schema\/person\/image\/","url":"https:\/\/secure.gravatar.com\/avatar\/edb7ccdf1a4e3d14aef967760d354d0e?s=96&r=g","contentUrl":"https:\/\/secure.gravatar.com\/avatar\/edb7ccdf1a4e3d14aef967760d354d0e?s=96&r=g","caption":"N.S Carideal"},"description":"Depuis tout petit fan d'automobile. Il est question d'essayer et de comparer toutes ces voitures qui nous ont fait r\u00e9ver, avant que celles-ci ne devient uniquement des voitures de collection.","sameAs":["http:\/\/www.carideal.com\/blog","https:\/\/www.facebook.com\/Carideal.mandataire.automobile\/","https:\/\/www.linkedin.com\/in\/nschiavon\/","https:\/\/www.youtube.com\/user\/caridealsas\/"],"url":"https:\/\/www.carideal.com\/blog\/author\/admin_carideal\/"}]}},"uagb_featured_image_src":{"full":false,"thumbnail":false,"medium":false,"medium_large":false,"large":false,"1536x1536":false,"2048x2048":false,"wppr-widget":false},"uagb_author_info":{"display_name":"N.S Carideal","author_link":"https:\/\/www.carideal.com\/blog\/author\/admin_carideal\/"},"uagb_comment_info":1,"uagb_excerpt":"A d\u00e9faut d'une ambiance raffin\u00e9e, la position de conduite est bonne et on a de la place. En bas de la console on trouve les contacteurs de r\u00e9glage moteur, de la suspension, la transmission et de l'ESP. Au sommet du tableau de bord se trouve l'\u00e9cran multifonction qui propose plusieurs configurations d\u00e9velopp\u00e9es par la soci\u00e9t\u00e9\u2026","_links":{"self":[{"href":"https:\/\/www.carideal.com\/blog\/wp-json\/wp\/v2\/posts\/704"}],"collection":[{"href":"https:\/\/www.carideal.com\/blog\/wp-json\/wp\/v2\/posts"}],"about":[{"href":"https:\/\/www.carideal.com\/blog\/wp-json\/wp\/v2\/types\/post"}],"author":[{"embeddable":true,"href":"https:\/\/www.carideal.com\/blog\/wp-json\/wp\/v2\/users\/1"}],"replies":[{"embeddable":true,"href":"https:\/\/www.carideal.com\/blog\/wp-json\/wp\/v2\/comments?post=704"}],"version-history":[{"count":0,"href":"https:\/\/www.carideal.com\/blog\/wp-json\/wp\/v2\/posts\/704\/revisions"}],"wp:attachment":[{"href":"https:\/\/www.carideal.com\/blog\/wp-json\/wp\/v2\/media?parent=704"}],"wp:term":[{"taxonomy":"category","embeddable":true,"href":"https:\/\/www.carideal.com\/blog\/wp-json\/wp\/v2\/categories?post=704"},{"taxonomy":"post_tag","embeddable":true,"href":"https:\/\/www.carideal.com\/blog\/wp-json\/wp\/v2\/tags?post=704"}],"curies":[{"name":"wp","href":"https:\/\/api.w.org\/{rel}","templated":true}]}}