{"id":703,"date":"2009-08-12T13:47:00","date_gmt":"2009-08-12T13:47:00","guid":{"rendered":"http:\/\/carideal.com\/blog\/?p=703"},"modified":"2020-03-07T16:54:50","modified_gmt":"2020-03-07T15:54:50","slug":"lourdes-pertes-pour-psa-et-renault-au-premier-semestre","status":"publish","type":"post","link":"https:\/\/www.carideal.com\/blog\/2009\/08\/12\/lourdes-pertes-pour-psa-et-renault-au-premier-semestre\/","title":{"rendered":"Lourdes pertes pour Psa et Renault au premier semestre"},"content":{"rendered":"<\/p>\n<p>Sur les premiers 6 mois de l'ann\u00e9e, les deux groupes francais ont cumul\u00e9s \u00e0 eux deux <a href=\"http:\/\/www.carideal.com\/blog\/index.php?tag\/3.7 Milliards d'euros\">3.7 Milliards d'euros <\/a>dont 2.7 Milliard pour&nbsp;<a href=\"http:\/\/www.carideal.com\/blog\/index.php?tag\/Renault\">Renault<\/a> seul. C'est le pire de Renault \u00e0 ce Jour. Renault explique cela par les mauvaises performances des ses filliales&nbsp;<a href=\"http:\/\/www.carideal.com\/blog\/index.php?tag\/Nissan\">Nissan<\/a> et&nbsp;<a href=\"http:\/\/www.carideal.com\/blog\/index.php?tag\/Volvo\">Volvo<\/a> qui pourtant lui permettait resister jusqu'\u00e0 ce jour. ses ventes mondiales ont recul\u00e9 de -16.5%.&nbsp;<a href=\"http:\/\/www.carideal.com\/blog\/index.php?tag\/Psa\">Psa<\/a> pour sa part recule de 14%. Donc tout le monde veut faire des \u00e9conomies ; Renault \u00e9conomise 25% sur la recherche et le d\u00e9veloppement, et arr\u00e8te les projets de nouvel&nbsp;<a href=\"http:\/\/www.carideal.com\/blog\/index.php?tag\/Espace\">Espace<\/a> ainsi que de sa petite marque sportive. Des rumeurs circulent sur l'arr\u00eat de sa division <a href=\"http:\/\/www.carideal.com\/blog\/index.php?tag\/Formule 1\">Formule 1<\/a>. Renault vient de supprimer 6700 postes, pendant que PSA vient de r\u00e9duire ses effectifs de 11000 personnes. Malgr\u00e9 tout tout le monde semblent optimiste sur la deuxi\u00e8me p\u00e9riode de l'ann\u00e9e qui devrait \u00eatre plus rentable, mais cela d\u00e9pendrait encore de la reconduction de la <a href=\"http:\/\/www.carideal.com\/blog\/index.php?tag\/prime \u00e0 la casse\">prime \u00e0 la casse<\/a>.<\/p>\n","protected":false},"excerpt":{"rendered":"<p>Sur les premiers 6 mois de l&rsquo;ann\u00e9e, les deux groupes francais ont cumul\u00e9s \u00e0 eux deux 3.7 Milliards d&rsquo;euros dont 2.7 Milliard pour&nbsp;Renault seul. C&rsquo;est le pire de Renault \u00e0 ce Jour. Renault explique cela par les mauvaises performances des ses filliales&nbsp;Nissan et&nbsp;Volvo qui pourtant lui permettait resister jusqu&rsquo;\u00e0 ce jour. ses ventes mondiales ont &#8230; <a title=\"Lourdes pertes pour Psa et Renault au premier semestre\" class=\"read-more\" href=\"https:\/\/www.carideal.com\/blog\/2009\/08\/12\/lourdes-pertes-pour-psa-et-renault-au-premier-semestre\/\" aria-label=\"En savoir plus sur Lourdes pertes pour Psa et Renault au premier semestre\">Lire plus<\/a><\/p>\n","protected":false},"author":1,"featured_media":0,"comment_status":"open","ping_status":"open","sticky":false,"template":"","format":"standard","meta":{"_uag_custom_page_level_css":"","_themeisle_gutenberg_block_has_review":false,"footnotes":""},"categories":[10],"tags":[255,35],"class_list":["post-703","post","type-post","status-publish","format-standard","hentry","category-marche-automobile-voiture-neuve-occasion-4x4-suv","tag-prime-a-la-casse","tag-psa"],"wppr_data":[],"yoast_head":"<!-- This site is optimized with the Yoast SEO plugin v24.8.1 - https:\/\/yoast.com\/wordpress\/plugins\/seo\/ -->\n<title>Lourdes pertes pour Psa et Renault au premier semestre - Blog auto Carid\u00e9al<\/title>\n<meta name=\"robots\" content=\"index, follow, max-snippet:-1, max-image-preview:large, max-video-preview:-1\" \/>\n<link rel=\"canonical\" href=\"https:\/\/www.carideal.com\/blog\/2009\/08\/12\/lourdes-pertes-pour-psa-et-renault-au-premier-semestre\/\" \/>\n<meta property=\"og:locale\" content=\"fr_FR\" \/>\n<meta property=\"og:type\" content=\"article\" \/>\n<meta property=\"og:title\" content=\"Lourdes pertes pour Psa et Renault au premier semestre - Blog auto Carid\u00e9al\" \/>\n<meta property=\"og:description\" content=\"Sur les premiers 6 mois de l&#039;ann\u00e9e, les deux groupes francais ont cumul\u00e9s \u00e0 eux deux 3.7 Milliards d&#039;euros dont 2.7 Milliard pour&nbsp;Renault seul. C&#039;est le pire de Renault \u00e0 ce Jour. Renault explique cela par les mauvaises performances des ses filliales&nbsp;Nissan et&nbsp;Volvo qui pourtant lui permettait resister jusqu&#039;\u00e0 ce jour. ses ventes mondiales ont ... Lire plus\" \/>\n<meta property=\"og:url\" content=\"https:\/\/www.carideal.com\/blog\/2009\/08\/12\/lourdes-pertes-pour-psa-et-renault-au-premier-semestre\/\" \/>\n<meta property=\"og:site_name\" content=\"Blog auto Carid\u00e9al\" \/>\n<meta property=\"article:publisher\" content=\"https:\/\/www.facebook.com\/Carideal.mandataire.automobile\" \/>\n<meta property=\"article:author\" content=\"https:\/\/www.facebook.com\/Carideal.mandataire.automobile\/\" \/>\n<meta property=\"article:published_time\" content=\"2009-08-12T13:47:00+00:00\" \/>\n<meta property=\"article:modified_time\" content=\"2020-03-07T15:54:50+00:00\" \/>\n<meta property=\"og:image\" content=\"https:\/\/www.carideal.com\/blog\/wp-content\/uploads\/2016\/03\/logo-carideal-mandataire-automobile.png\" \/>\n\t<meta property=\"og:image:width\" content=\"300\" \/>\n\t<meta property=\"og:image:height\" content=\"300\" \/>\n\t<meta property=\"og:image:type\" content=\"image\/png\" \/>\n<meta name=\"author\" content=\"N.S Carideal\" \/>\n<meta name=\"twitter:card\" content=\"summary_large_image\" \/>\n<meta name=\"twitter:creator\" content=\"@caridealauto\" \/>\n<meta name=\"twitter:site\" content=\"@caridealauto\" \/>\n<meta name=\"twitter:label1\" content=\"\u00c9crit par\" \/>\n\t<meta name=\"twitter:data1\" content=\"N.S Carideal\" \/>\n\t<meta name=\"twitter:label2\" content=\"Dur\u00e9e de lecture estim\u00e9e\" \/>\n\t<meta name=\"twitter:data2\" content=\"1 minute\" \/>\n<script type=\"application\/ld+json\" class=\"yoast-schema-graph\">{\"@context\":\"https:\/\/schema.org\",\"@graph\":[{\"@type\":\"Article\",\"@id\":\"https:\/\/www.carideal.com\/blog\/2009\/08\/12\/lourdes-pertes-pour-psa-et-renault-au-premier-semestre\/#article\",\"isPartOf\":{\"@id\":\"https:\/\/www.carideal.com\/blog\/2009\/08\/12\/lourdes-pertes-pour-psa-et-renault-au-premier-semestre\/\"},\"author\":{\"name\":\"N.S Carideal\",\"@id\":\"https:\/\/www.carideal.com\/blog\/#\/schema\/person\/985c7e757d1042d647f21bfaf8d41ebc\"},\"headline\":\"Lourdes pertes pour Psa et Renault au premier semestre\",\"datePublished\":\"2009-08-12T13:47:00+00:00\",\"dateModified\":\"2020-03-07T15:54:50+00:00\",\"mainEntityOfPage\":{\"@id\":\"https:\/\/www.carideal.com\/blog\/2009\/08\/12\/lourdes-pertes-pour-psa-et-renault-au-premier-semestre\/\"},\"wordCount\":170,\"commentCount\":0,\"publisher\":{\"@id\":\"https:\/\/www.carideal.com\/blog\/#organization\"},\"keywords\":[\"prime \u00e0 la casse\",\"PSA\"],\"articleSection\":[\"March\u00e9 automobile\"],\"inLanguage\":\"fr-FR\",\"potentialAction\":[{\"@type\":\"CommentAction\",\"name\":\"Comment\",\"target\":[\"https:\/\/www.carideal.com\/blog\/2009\/08\/12\/lourdes-pertes-pour-psa-et-renault-au-premier-semestre\/#respond\"]}]},{\"@type\":\"WebPage\",\"@id\":\"https:\/\/www.carideal.com\/blog\/2009\/08\/12\/lourdes-pertes-pour-psa-et-renault-au-premier-semestre\/\",\"url\":\"https:\/\/www.carideal.com\/blog\/2009\/08\/12\/lourdes-pertes-pour-psa-et-renault-au-premier-semestre\/\",\"name\":\"Lourdes pertes pour Psa et Renault au premier semestre - Blog auto Carid\u00e9al\",\"isPartOf\":{\"@id\":\"https:\/\/www.carideal.com\/blog\/#website\"},\"datePublished\":\"2009-08-12T13:47:00+00:00\",\"dateModified\":\"2020-03-07T15:54:50+00:00\",\"breadcrumb\":{\"@id\":\"https:\/\/www.carideal.com\/blog\/2009\/08\/12\/lourdes-pertes-pour-psa-et-renault-au-premier-semestre\/#breadcrumb\"},\"inLanguage\":\"fr-FR\",\"potentialAction\":[{\"@type\":\"ReadAction\",\"target\":[\"https:\/\/www.carideal.com\/blog\/2009\/08\/12\/lourdes-pertes-pour-psa-et-renault-au-premier-semestre\/\"]}]},{\"@type\":\"BreadcrumbList\",\"@id\":\"https:\/\/www.carideal.com\/blog\/2009\/08\/12\/lourdes-pertes-pour-psa-et-renault-au-premier-semestre\/#breadcrumb\",\"itemListElement\":[{\"@type\":\"ListItem\",\"position\":1,\"name\":\"Blog Carid\u00e9al\",\"item\":\"https:\/\/www.carideal.com\/blog\/\"},{\"@type\":\"ListItem\",\"position\":2,\"name\":\"March\u00e9 automobile\",\"item\":\"https:\/\/www.carideal.com\/blog\/marche-automobile-voiture-neuve-occasion-4x4-suv\/\"},{\"@type\":\"ListItem\",\"position\":3,\"name\":\"Lourdes pertes pour Psa et Renault au premier semestre\"}]},{\"@type\":\"WebSite\",\"@id\":\"https:\/\/www.carideal.com\/blog\/#website\",\"url\":\"https:\/\/www.carideal.com\/blog\/\",\"name\":\"Blog auto Carid\u00e9al\",\"description\":\"Actualit\u00e9 auto par des passionn\u00e9s\",\"publisher\":{\"@id\":\"https:\/\/www.carideal.com\/blog\/#organization\"},\"potentialAction\":[{\"@type\":\"SearchAction\",\"target\":{\"@type\":\"EntryPoint\",\"urlTemplate\":\"https:\/\/www.carideal.com\/blog\/?s={search_term_string}\"},\"query-input\":{\"@type\":\"PropertyValueSpecification\",\"valueRequired\":true,\"valueName\":\"search_term_string\"}}],\"inLanguage\":\"fr-FR\"},{\"@type\":\"Organization\",\"@id\":\"https:\/\/www.carideal.com\/blog\/#organization\",\"name\":\"Carideal\",\"url\":\"https:\/\/www.carideal.com\/blog\/\",\"logo\":{\"@type\":\"ImageObject\",\"inLanguage\":\"fr-FR\",\"@id\":\"https:\/\/www.carideal.com\/blog\/#\/schema\/logo\/image\/\",\"url\":\"http:\/\/www.carideal.com\/blog\/wp-content\/uploads\/2016\/03\/logo-carideal-mandataire-automobile.png\",\"contentUrl\":\"http:\/\/www.carideal.com\/blog\/wp-content\/uploads\/2016\/03\/logo-carideal-mandataire-automobile.png\",\"width\":300,\"height\":300,\"caption\":\"Carideal\"},\"image\":{\"@id\":\"https:\/\/www.carideal.com\/blog\/#\/schema\/logo\/image\/\"},\"sameAs\":[\"https:\/\/www.facebook.com\/Carideal.mandataire.automobile\",\"https:\/\/x.com\/caridealauto\",\"https:\/\/www.instagram.com\/carideal1\/\",\"https:\/\/www.linkedin.com\/company\/carideal.com\",\"https:\/\/fr.pinterest.com\/schiavonsas\/\",\"https:\/\/www.youtube.com\/user\/caridealsas\"]},{\"@type\":\"Person\",\"@id\":\"https:\/\/www.carideal.com\/blog\/#\/schema\/person\/985c7e757d1042d647f21bfaf8d41ebc\",\"name\":\"N.S Carideal\",\"image\":{\"@type\":\"ImageObject\",\"inLanguage\":\"fr-FR\",\"@id\":\"https:\/\/www.carideal.com\/blog\/#\/schema\/person\/image\/\",\"url\":\"https:\/\/secure.gravatar.com\/avatar\/edb7ccdf1a4e3d14aef967760d354d0e?s=96&r=g\",\"contentUrl\":\"https:\/\/secure.gravatar.com\/avatar\/edb7ccdf1a4e3d14aef967760d354d0e?s=96&r=g\",\"caption\":\"N.S Carideal\"},\"description\":\"Depuis tout petit fan d'automobile. Il est question d'essayer et de comparer toutes ces voitures qui nous ont fait r\u00e9ver, avant que celles-ci ne devient uniquement des voitures de collection.\",\"sameAs\":[\"http:\/\/www.carideal.com\/blog\",\"https:\/\/www.facebook.com\/Carideal.mandataire.automobile\/\",\"https:\/\/www.linkedin.com\/in\/nschiavon\/\",\"https:\/\/www.youtube.com\/user\/caridealsas\/\"],\"url\":\"https:\/\/www.carideal.com\/blog\/author\/admin_carideal\/\"}]}<\/script>\n<!-- \/ Yoast SEO plugin. -->","yoast_head_json":{"title":"Lourdes pertes pour Psa et Renault au premier semestre - Blog auto Carid\u00e9al","robots":{"index":"index","follow":"follow","max-snippet":"max-snippet:-1","max-image-preview":"max-image-preview:large","max-video-preview":"max-video-preview:-1"},"canonical":"https:\/\/www.carideal.com\/blog\/2009\/08\/12\/lourdes-pertes-pour-psa-et-renault-au-premier-semestre\/","og_locale":"fr_FR","og_type":"article","og_title":"Lourdes pertes pour Psa et Renault au premier semestre - Blog auto Carid\u00e9al","og_description":"Sur les premiers 6 mois de l'ann\u00e9e, les deux groupes francais ont cumul\u00e9s \u00e0 eux deux 3.7 Milliards d'euros dont 2.7 Milliard pour&nbsp;Renault seul. C'est le pire de Renault \u00e0 ce Jour. Renault explique cela par les mauvaises performances des ses filliales&nbsp;Nissan et&nbsp;Volvo qui pourtant lui permettait resister jusqu'\u00e0 ce jour. ses ventes mondiales ont ... Lire plus","og_url":"https:\/\/www.carideal.com\/blog\/2009\/08\/12\/lourdes-pertes-pour-psa-et-renault-au-premier-semestre\/","og_site_name":"Blog auto Carid\u00e9al","article_publisher":"https:\/\/www.facebook.com\/Carideal.mandataire.automobile","article_author":"https:\/\/www.facebook.com\/Carideal.mandataire.automobile\/","article_published_time":"2009-08-12T13:47:00+00:00","article_modified_time":"2020-03-07T15:54:50+00:00","og_image":[{"width":300,"height":300,"url":"https:\/\/www.carideal.com\/blog\/wp-content\/uploads\/2016\/03\/logo-carideal-mandataire-automobile.png","type":"image\/png"}],"author":"N.S Carideal","twitter_card":"summary_large_image","twitter_creator":"@caridealauto","twitter_site":"@caridealauto","twitter_misc":{"\u00c9crit par":"N.S Carideal","Dur\u00e9e de lecture estim\u00e9e":"1 minute"},"schema":{"@context":"https:\/\/schema.org","@graph":[{"@type":"Article","@id":"https:\/\/www.carideal.com\/blog\/2009\/08\/12\/lourdes-pertes-pour-psa-et-renault-au-premier-semestre\/#article","isPartOf":{"@id":"https:\/\/www.carideal.com\/blog\/2009\/08\/12\/lourdes-pertes-pour-psa-et-renault-au-premier-semestre\/"},"author":{"name":"N.S Carideal","@id":"https:\/\/www.carideal.com\/blog\/#\/schema\/person\/985c7e757d1042d647f21bfaf8d41ebc"},"headline":"Lourdes pertes pour Psa et Renault au premier semestre","datePublished":"2009-08-12T13:47:00+00:00","dateModified":"2020-03-07T15:54:50+00:00","mainEntityOfPage":{"@id":"https:\/\/www.carideal.com\/blog\/2009\/08\/12\/lourdes-pertes-pour-psa-et-renault-au-premier-semestre\/"},"wordCount":170,"commentCount":0,"publisher":{"@id":"https:\/\/www.carideal.com\/blog\/#organization"},"keywords":["prime \u00e0 la casse","PSA"],"articleSection":["March\u00e9 automobile"],"inLanguage":"fr-FR","potentialAction":[{"@type":"CommentAction","name":"Comment","target":["https:\/\/www.carideal.com\/blog\/2009\/08\/12\/lourdes-pertes-pour-psa-et-renault-au-premier-semestre\/#respond"]}]},{"@type":"WebPage","@id":"https:\/\/www.carideal.com\/blog\/2009\/08\/12\/lourdes-pertes-pour-psa-et-renault-au-premier-semestre\/","url":"https:\/\/www.carideal.com\/blog\/2009\/08\/12\/lourdes-pertes-pour-psa-et-renault-au-premier-semestre\/","name":"Lourdes pertes pour Psa et Renault au premier semestre - Blog auto Carid\u00e9al","isPartOf":{"@id":"https:\/\/www.carideal.com\/blog\/#website"},"datePublished":"2009-08-12T13:47:00+00:00","dateModified":"2020-03-07T15:54:50+00:00","breadcrumb":{"@id":"https:\/\/www.carideal.com\/blog\/2009\/08\/12\/lourdes-pertes-pour-psa-et-renault-au-premier-semestre\/#breadcrumb"},"inLanguage":"fr-FR","potentialAction":[{"@type":"ReadAction","target":["https:\/\/www.carideal.com\/blog\/2009\/08\/12\/lourdes-pertes-pour-psa-et-renault-au-premier-semestre\/"]}]},{"@type":"BreadcrumbList","@id":"https:\/\/www.carideal.com\/blog\/2009\/08\/12\/lourdes-pertes-pour-psa-et-renault-au-premier-semestre\/#breadcrumb","itemListElement":[{"@type":"ListItem","position":1,"name":"Blog Carid\u00e9al","item":"https:\/\/www.carideal.com\/blog\/"},{"@type":"ListItem","position":2,"name":"March\u00e9 automobile","item":"https:\/\/www.carideal.com\/blog\/marche-automobile-voiture-neuve-occasion-4x4-suv\/"},{"@type":"ListItem","position":3,"name":"Lourdes pertes pour Psa et Renault au premier semestre"}]},{"@type":"WebSite","@id":"https:\/\/www.carideal.com\/blog\/#website","url":"https:\/\/www.carideal.com\/blog\/","name":"Blog auto Carid\u00e9al","description":"Actualit\u00e9 auto par des passionn\u00e9s","publisher":{"@id":"https:\/\/www.carideal.com\/blog\/#organization"},"potentialAction":[{"@type":"SearchAction","target":{"@type":"EntryPoint","urlTemplate":"https:\/\/www.carideal.com\/blog\/?s={search_term_string}"},"query-input":{"@type":"PropertyValueSpecification","valueRequired":true,"valueName":"search_term_string"}}],"inLanguage":"fr-FR"},{"@type":"Organization","@id":"https:\/\/www.carideal.com\/blog\/#organization","name":"Carideal","url":"https:\/\/www.carideal.com\/blog\/","logo":{"@type":"ImageObject","inLanguage":"fr-FR","@id":"https:\/\/www.carideal.com\/blog\/#\/schema\/logo\/image\/","url":"http:\/\/www.carideal.com\/blog\/wp-content\/uploads\/2016\/03\/logo-carideal-mandataire-automobile.png","contentUrl":"http:\/\/www.carideal.com\/blog\/wp-content\/uploads\/2016\/03\/logo-carideal-mandataire-automobile.png","width":300,"height":300,"caption":"Carideal"},"image":{"@id":"https:\/\/www.carideal.com\/blog\/#\/schema\/logo\/image\/"},"sameAs":["https:\/\/www.facebook.com\/Carideal.mandataire.automobile","https:\/\/x.com\/caridealauto","https:\/\/www.instagram.com\/carideal1\/","https:\/\/www.linkedin.com\/company\/carideal.com","https:\/\/fr.pinterest.com\/schiavonsas\/","https:\/\/www.youtube.com\/user\/caridealsas"]},{"@type":"Person","@id":"https:\/\/www.carideal.com\/blog\/#\/schema\/person\/985c7e757d1042d647f21bfaf8d41ebc","name":"N.S Carideal","image":{"@type":"ImageObject","inLanguage":"fr-FR","@id":"https:\/\/www.carideal.com\/blog\/#\/schema\/person\/image\/","url":"https:\/\/secure.gravatar.com\/avatar\/edb7ccdf1a4e3d14aef967760d354d0e?s=96&r=g","contentUrl":"https:\/\/secure.gravatar.com\/avatar\/edb7ccdf1a4e3d14aef967760d354d0e?s=96&r=g","caption":"N.S Carideal"},"description":"Depuis tout petit fan d'automobile. Il est question d'essayer et de comparer toutes ces voitures qui nous ont fait r\u00e9ver, avant que celles-ci ne devient uniquement des voitures de collection.","sameAs":["http:\/\/www.carideal.com\/blog","https:\/\/www.facebook.com\/Carideal.mandataire.automobile\/","https:\/\/www.linkedin.com\/in\/nschiavon\/","https:\/\/www.youtube.com\/user\/caridealsas\/"],"url":"https:\/\/www.carideal.com\/blog\/author\/admin_carideal\/"}]}},"uagb_featured_image_src":{"full":false,"thumbnail":false,"medium":false,"medium_large":false,"large":false,"1536x1536":false,"2048x2048":false,"wppr-widget":false},"uagb_author_info":{"display_name":"N.S Carideal","author_link":"https:\/\/www.carideal.com\/blog\/author\/admin_carideal\/"},"uagb_comment_info":0,"uagb_excerpt":"Sur les premiers 6 mois de l'ann\u00e9e, les deux groupes francais ont cumul\u00e9s \u00e0 eux deux 3.7 Milliards d'euros dont 2.7 Milliard pour&nbsp;Renault seul. C'est le pire de Renault \u00e0 ce Jour. Renault explique cela par les mauvaises performances des ses filliales&nbsp;Nissan et&nbsp;Volvo qui pourtant lui permettait resister jusqu'\u00e0 ce jour. ses ventes mondiales ont\u2026","_links":{"self":[{"href":"https:\/\/www.carideal.com\/blog\/wp-json\/wp\/v2\/posts\/703"}],"collection":[{"href":"https:\/\/www.carideal.com\/blog\/wp-json\/wp\/v2\/posts"}],"about":[{"href":"https:\/\/www.carideal.com\/blog\/wp-json\/wp\/v2\/types\/post"}],"author":[{"embeddable":true,"href":"https:\/\/www.carideal.com\/blog\/wp-json\/wp\/v2\/users\/1"}],"replies":[{"embeddable":true,"href":"https:\/\/www.carideal.com\/blog\/wp-json\/wp\/v2\/comments?post=703"}],"version-history":[{"count":0,"href":"https:\/\/www.carideal.com\/blog\/wp-json\/wp\/v2\/posts\/703\/revisions"}],"wp:attachment":[{"href":"https:\/\/www.carideal.com\/blog\/wp-json\/wp\/v2\/media?parent=703"}],"wp:term":[{"taxonomy":"category","embeddable":true,"href":"https:\/\/www.carideal.com\/blog\/wp-json\/wp\/v2\/categories?post=703"},{"taxonomy":"post_tag","embeddable":true,"href":"https:\/\/www.carideal.com\/blog\/wp-json\/wp\/v2\/tags?post=703"}],"curies":[{"name":"wp","href":"https:\/\/api.w.org\/{rel}","templated":true}]}}