{"id":7014,"date":"2015-10-13T09:59:37","date_gmt":"2015-10-13T07:59:37","guid":{"rendered":"http:\/\/www.carideal.com\/blog\/?p=7014"},"modified":"2020-02-10T17:40:56","modified_gmt":"2020-02-10T16:40:56","slug":"citroen-le-remplacement-de-la-c5-est-assure-oui-mais","status":"publish","type":"post","link":"https:\/\/www.carideal.com\/blog\/2015\/10\/13\/citroen-le-remplacement-de-la-c5-est-assure-oui-mais\/","title":{"rendered":"Citroen C5 le remplacement est assur\u00e9.. oui mais"},"content":{"rendered":"<h2>Le remplacement de la Citro\u00ebn C5 est assur\u00e9.. mais pas forc\u00e9ment comme l'on s'y attend<\/h2>\n<p>Linda Jackson la directrice de la marque vient de confirmer que contrairement \u00e0 ce qui avait \u00e9t\u00e9 annonc\u00e9,\u00a0le projet de remplacement de la <a href=\"http:\/\/www.carideal.com\/blog\/marque-de-voiture-actualites-essais\/citroen\/c5\/\">Citro\u00ebn C5<\/a>, un temps abandonn\u00e9, \u00a0vient d'\u00eatre confirm\u00e9.<\/p>\n<figure id=\"attachment_7016\" aria-describedby=\"caption-attachment-7016\" style=\"width: 590px\" class=\"wp-caption aligncenter\"><img loading=\"lazy\" decoding=\"async\" class=\"size-full wp-image-7016\" src=\"http:\/\/www.carideal.com\/blog\/wp-content\/uploads\/2015\/10\/CITROEN_C5_TOURER_carideal-mandataire-automobile-e1581352791993.png\" alt=\"Le remplacement de la Citro\u00ebn C5 est assur\u00e9.. mais pas forc\u00e9ment comme l'on s'y attend\" width=\"600\" height=\"337\" \/><figcaption id=\"caption-attachment-7016\" class=\"wp-caption-text\">Le remplacement de la Citro\u00ebn C5 est assur\u00e9.. mais pas forc\u00e9ment comme l'on s'y attend<\/figcaption><\/figure>\n<p>Par contre les Citro\u00ebnistes vont \u00eatre d\u00e9\u00e7u, la voiture ne sera pas un haut de gamme, ni d'une berline cossue, mais une voiture \u00e0 la sauce \"<a href=\"http:\/\/www.carideal.com\/blog\/marque-de-voiture-actualites-essais\/citroen\/c4-cactus\/\"><span style=\"text-decoration: underline;\">C4 cactus<\/span><\/a>\", comme risquent de l'\u00eatre tous les mod\u00e8les de la gamme.<\/p>\n<p>On comprend vitre que la patronne de la <span style=\"text-decoration: underline;\">marque <a href=\"http:\/\/www.carideal.com\/blog\/marque-de-voiture-actualites-essais\/citroen\/\">Citroen<\/a><\/span> veut abandonner le signe distinctif de Citro\u00ebn, sa <span style=\"text-decoration: underline;\"><a href=\"http:\/\/www.carideal.com\/blog\/2015\/11\/27\/citroen-annonce-une-suspension-revolutionnaire-en-2017\/\">suspension hydraulique<\/a>,<\/span> se d\u00e9barrasser du superflu pour obtenir \"un mod\u00e8le qui fait sens\", oui mais les sens c'\u00e9tait aussi cette technologie invent\u00e9e il y a 60 ans avec la DS et qui a fait sa r\u00e9putation.<\/p>\n<p>Comment Citro\u00ebn compte positionner sa <span style=\"text-decoration: underline;\"><a href=\"http:\/\/www.carideal.com\/blog\/2013\/07\/15\/nouvelle-citroen-c5-en-2016\/\">future C5<\/a><\/span> \"d\u00e9cal\u00e9e\" face \u00e0 la concurrence haute de gamme de la <span style=\"text-decoration: underline;\">Peugeot 508<\/span> et des berlines Allemandes, reines du secteur, certes en r\u00e9cession face aux SUV qui prennent le pas ? Les rouleurs ne veulent pas de d\u00e9cal\u00e9e, jusqu'\u00e0 preuve du contraire, il veulent de l'assurance et du statut. On se pose des questions sur la strat\u00e9gie de Mme Jackson quand on voit les r\u00e9sultats du C4 Cactus.<\/p>\n","protected":false},"excerpt":{"rendered":"<p>Le remplacement de la Citro\u00ebn C5 est assur\u00e9.. mais pas forc\u00e9ment comme l&rsquo;on s&rsquo;y attend Linda Jackson la directrice de la marque vient de confirmer que contrairement \u00e0 ce qui avait \u00e9t\u00e9 annonc\u00e9,\u00a0le projet de remplacement de la Citro\u00ebn C5, un temps abandonn\u00e9, \u00a0vient d&rsquo;\u00eatre confirm\u00e9. Par contre les Citro\u00ebnistes vont \u00eatre d\u00e9\u00e7u, la voiture &#8230; <a title=\"Citroen C5 le remplacement est assur\u00e9.. oui mais\" class=\"read-more\" href=\"https:\/\/www.carideal.com\/blog\/2015\/10\/13\/citroen-le-remplacement-de-la-c5-est-assure-oui-mais\/\" aria-label=\"En savoir plus sur Citroen C5 le remplacement est assur\u00e9.. oui mais\">Lire plus<\/a><\/p>\n","protected":false},"author":3,"featured_media":7016,"comment_status":"open","ping_status":"open","sticky":false,"template":"","format":"standard","meta":{"_uag_custom_page_level_css":"","_themeisle_gutenberg_block_has_review":false,"footnotes":""},"categories":[5,17201,10],"tags":[],"class_list":["post-7014","post","type-post","status-publish","format-standard","has-post-thumbnail","hentry","category-citroen","category-actualite-citroen-c5","category-marche-automobile-voiture-neuve-occasion-4x4-suv"],"wppr_data":{"cwp_meta_box_check":"No"},"yoast_head":"<!-- This site is optimized with the Yoast SEO plugin v24.8.1 - https:\/\/yoast.com\/wordpress\/plugins\/seo\/ -->\n<title>Citroen C5 le remplacement est assur\u00e9.. oui mais - Blog auto Carid\u00e9al<\/title>\n<meta name=\"description\" content=\"Citroen C5 Linda Jackson la directrice de la marque Citroen annonce le renouvellement de la C5, mais pas forc\u00e9ment comme on pouvait s&#039;y attendre...\" \/>\n<meta name=\"robots\" content=\"index, follow, max-snippet:-1, max-image-preview:large, max-video-preview:-1\" \/>\n<link rel=\"canonical\" href=\"https:\/\/www.carideal.com\/blog\/2015\/10\/13\/citroen-le-remplacement-de-la-c5-est-assure-oui-mais\/\" \/>\n<meta property=\"og:locale\" content=\"fr_FR\" \/>\n<meta property=\"og:type\" content=\"article\" \/>\n<meta property=\"og:title\" content=\"Citroen C5 le remplacement est assur\u00e9.. oui mais - Blog auto Carid\u00e9al\" \/>\n<meta property=\"og:description\" content=\"Citroen C5 Linda Jackson la directrice de la marque Citroen annonce le renouvellement de la C5, mais pas forc\u00e9ment comme on pouvait s&#039;y attendre...\" \/>\n<meta property=\"og:url\" content=\"https:\/\/www.carideal.com\/blog\/2015\/10\/13\/citroen-le-remplacement-de-la-c5-est-assure-oui-mais\/\" \/>\n<meta property=\"og:site_name\" content=\"Blog auto Carid\u00e9al\" \/>\n<meta property=\"article:publisher\" content=\"https:\/\/www.facebook.com\/Carideal.mandataire.automobile\" \/>\n<meta property=\"article:author\" content=\"https:\/\/www.facebook.com\/nicolas.schiavon.39\" \/>\n<meta property=\"article:published_time\" content=\"2015-10-13T07:59:37+00:00\" \/>\n<meta property=\"article:modified_time\" content=\"2020-02-10T16:40:56+00:00\" \/>\n<meta property=\"og:image\" content=\"https:\/\/www.carideal.com\/blog\/wp-content\/uploads\/2015\/10\/CITROEN_C5_TOURER_carideal-mandataire-automobile-e1581352791993.png\" \/>\n\t<meta property=\"og:image:width\" content=\"600\" \/>\n\t<meta property=\"og:image:height\" content=\"337\" \/>\n\t<meta property=\"og:image:type\" content=\"image\/png\" \/>\n<meta name=\"author\" content=\"Nicolas SCHIAVON\" \/>\n<meta name=\"twitter:card\" content=\"summary_large_image\" \/>\n<meta name=\"twitter:creator\" content=\"@caridealauto\" \/>\n<meta name=\"twitter:site\" content=\"@caridealauto\" \/>\n<meta name=\"twitter:label1\" content=\"\u00c9crit par\" \/>\n\t<meta name=\"twitter:data1\" content=\"Nicolas SCHIAVON\" \/>\n\t<meta name=\"twitter:label2\" content=\"Dur\u00e9e de lecture estim\u00e9e\" \/>\n\t<meta name=\"twitter:data2\" content=\"1 minute\" \/>\n<script type=\"application\/ld+json\" class=\"yoast-schema-graph\">{\"@context\":\"https:\/\/schema.org\",\"@graph\":[{\"@type\":\"Article\",\"@id\":\"https:\/\/www.carideal.com\/blog\/2015\/10\/13\/citroen-le-remplacement-de-la-c5-est-assure-oui-mais\/#article\",\"isPartOf\":{\"@id\":\"https:\/\/www.carideal.com\/blog\/2015\/10\/13\/citroen-le-remplacement-de-la-c5-est-assure-oui-mais\/\"},\"author\":{\"name\":\"Nicolas SCHIAVON\",\"@id\":\"https:\/\/www.carideal.com\/blog\/#\/schema\/person\/cd95dc7919660de90d31b366f85be1ec\"},\"headline\":\"Citroen C5 le remplacement est assur\u00e9.. oui mais\",\"datePublished\":\"2015-10-13T07:59:37+00:00\",\"dateModified\":\"2020-02-10T16:40:56+00:00\",\"mainEntityOfPage\":{\"@id\":\"https:\/\/www.carideal.com\/blog\/2015\/10\/13\/citroen-le-remplacement-de-la-c5-est-assure-oui-mais\/\"},\"wordCount\":261,\"commentCount\":0,\"publisher\":{\"@id\":\"https:\/\/www.carideal.com\/blog\/#organization\"},\"image\":{\"@id\":\"https:\/\/www.carideal.com\/blog\/2015\/10\/13\/citroen-le-remplacement-de-la-c5-est-assure-oui-mais\/#primaryimage\"},\"thumbnailUrl\":\"https:\/\/www.carideal.com\/blog\/wp-content\/uploads\/2015\/10\/CITROEN_C5_TOURER_carideal-mandataire-automobile-e1581352791993.png\",\"articleSection\":[\"Actualit\u00e9 Citroen\",\"Actualit\u00e9 Citro\u00ebn C5\",\"March\u00e9 automobile\"],\"inLanguage\":\"fr-FR\",\"potentialAction\":[{\"@type\":\"CommentAction\",\"name\":\"Comment\",\"target\":[\"https:\/\/www.carideal.com\/blog\/2015\/10\/13\/citroen-le-remplacement-de-la-c5-est-assure-oui-mais\/#respond\"]}]},{\"@type\":\"WebPage\",\"@id\":\"https:\/\/www.carideal.com\/blog\/2015\/10\/13\/citroen-le-remplacement-de-la-c5-est-assure-oui-mais\/\",\"url\":\"https:\/\/www.carideal.com\/blog\/2015\/10\/13\/citroen-le-remplacement-de-la-c5-est-assure-oui-mais\/\",\"name\":\"Citroen C5 le remplacement est assur\u00e9.. oui mais - Blog auto Carid\u00e9al\",\"isPartOf\":{\"@id\":\"https:\/\/www.carideal.com\/blog\/#website\"},\"primaryImageOfPage\":{\"@id\":\"https:\/\/www.carideal.com\/blog\/2015\/10\/13\/citroen-le-remplacement-de-la-c5-est-assure-oui-mais\/#primaryimage\"},\"image\":{\"@id\":\"https:\/\/www.carideal.com\/blog\/2015\/10\/13\/citroen-le-remplacement-de-la-c5-est-assure-oui-mais\/#primaryimage\"},\"thumbnailUrl\":\"https:\/\/www.carideal.com\/blog\/wp-content\/uploads\/2015\/10\/CITROEN_C5_TOURER_carideal-mandataire-automobile-e1581352791993.png\",\"datePublished\":\"2015-10-13T07:59:37+00:00\",\"dateModified\":\"2020-02-10T16:40:56+00:00\",\"description\":\"Citroen C5 Linda Jackson la directrice de la marque Citroen annonce le renouvellement de la C5, mais pas forc\u00e9ment comme on pouvait s'y attendre...\",\"breadcrumb\":{\"@id\":\"https:\/\/www.carideal.com\/blog\/2015\/10\/13\/citroen-le-remplacement-de-la-c5-est-assure-oui-mais\/#breadcrumb\"},\"inLanguage\":\"fr-FR\",\"potentialAction\":[{\"@type\":\"ReadAction\",\"target\":[\"https:\/\/www.carideal.com\/blog\/2015\/10\/13\/citroen-le-remplacement-de-la-c5-est-assure-oui-mais\/\"]}]},{\"@type\":\"ImageObject\",\"inLanguage\":\"fr-FR\",\"@id\":\"https:\/\/www.carideal.com\/blog\/2015\/10\/13\/citroen-le-remplacement-de-la-c5-est-assure-oui-mais\/#primaryimage\",\"url\":\"https:\/\/www.carideal.com\/blog\/wp-content\/uploads\/2015\/10\/CITROEN_C5_TOURER_carideal-mandataire-automobile-e1581352791993.png\",\"contentUrl\":\"https:\/\/www.carideal.com\/blog\/wp-content\/uploads\/2015\/10\/CITROEN_C5_TOURER_carideal-mandataire-automobile-e1581352791993.png\",\"width\":600,\"height\":337,\"caption\":\"Le remplacement de la Citro\u00ebn C5 est assur\u00e9.. mais pas forc\u00e9ment comme l'on s'y attend\"},{\"@type\":\"BreadcrumbList\",\"@id\":\"https:\/\/www.carideal.com\/blog\/2015\/10\/13\/citroen-le-remplacement-de-la-c5-est-assure-oui-mais\/#breadcrumb\",\"itemListElement\":[{\"@type\":\"ListItem\",\"position\":1,\"name\":\"Blog Carid\u00e9al\",\"item\":\"https:\/\/www.carideal.com\/blog\/\"},{\"@type\":\"ListItem\",\"position\":2,\"name\":\"March\u00e9 automobile\",\"item\":\"https:\/\/www.carideal.com\/blog\/marche-automobile-voiture-neuve-occasion-4x4-suv\/\"},{\"@type\":\"ListItem\",\"position\":3,\"name\":\"Citroen C5 le remplacement est assur\u00e9.. oui mais\"}]},{\"@type\":\"WebSite\",\"@id\":\"https:\/\/www.carideal.com\/blog\/#website\",\"url\":\"https:\/\/www.carideal.com\/blog\/\",\"name\":\"Blog auto Carid\u00e9al\",\"description\":\"Actualit\u00e9 auto par des passionn\u00e9s\",\"publisher\":{\"@id\":\"https:\/\/www.carideal.com\/blog\/#organization\"},\"potentialAction\":[{\"@type\":\"SearchAction\",\"target\":{\"@type\":\"EntryPoint\",\"urlTemplate\":\"https:\/\/www.carideal.com\/blog\/?s={search_term_string}\"},\"query-input\":{\"@type\":\"PropertyValueSpecification\",\"valueRequired\":true,\"valueName\":\"search_term_string\"}}],\"inLanguage\":\"fr-FR\"},{\"@type\":\"Organization\",\"@id\":\"https:\/\/www.carideal.com\/blog\/#organization\",\"name\":\"Carideal\",\"url\":\"https:\/\/www.carideal.com\/blog\/\",\"logo\":{\"@type\":\"ImageObject\",\"inLanguage\":\"fr-FR\",\"@id\":\"https:\/\/www.carideal.com\/blog\/#\/schema\/logo\/image\/\",\"url\":\"http:\/\/www.carideal.com\/blog\/wp-content\/uploads\/2016\/03\/logo-carideal-mandataire-automobile.png\",\"contentUrl\":\"http:\/\/www.carideal.com\/blog\/wp-content\/uploads\/2016\/03\/logo-carideal-mandataire-automobile.png\",\"width\":300,\"height\":300,\"caption\":\"Carideal\"},\"image\":{\"@id\":\"https:\/\/www.carideal.com\/blog\/#\/schema\/logo\/image\/\"},\"sameAs\":[\"https:\/\/www.facebook.com\/Carideal.mandataire.automobile\",\"https:\/\/x.com\/caridealauto\",\"https:\/\/www.instagram.com\/carideal1\/\",\"https:\/\/www.linkedin.com\/company\/carideal.com\",\"https:\/\/fr.pinterest.com\/schiavonsas\/\",\"https:\/\/www.youtube.com\/user\/caridealsas\"]},{\"@type\":\"Person\",\"@id\":\"https:\/\/www.carideal.com\/blog\/#\/schema\/person\/cd95dc7919660de90d31b366f85be1ec\",\"name\":\"Nicolas SCHIAVON\",\"image\":{\"@type\":\"ImageObject\",\"inLanguage\":\"fr-FR\",\"@id\":\"https:\/\/www.carideal.com\/blog\/#\/schema\/person\/image\/\",\"url\":\"https:\/\/secure.gravatar.com\/avatar\/c17e55009e671d92cc7f5dc837dc418a?s=96&r=g\",\"contentUrl\":\"https:\/\/secure.gravatar.com\/avatar\/c17e55009e671d92cc7f5dc837dc418a?s=96&r=g\",\"caption\":\"Nicolas SCHIAVON\"},\"description\":\"Nicolas Schiavon est tomb\u00e9 tout petit dans la marmite automobile. Ayant eu un garage de marque automobile, mandataire automobile de la premi\u00e8re heure d\u00e8s 1999. Nicolas a cr\u00e9\u00e9 ces premiers sites de vente de voiture et blog automobile d\u00e8s 1994. Carideal est n\u00e9 le 15 d\u00e9cembre 2000 de la volont\u00e9 de vendre des voitures d'occasions en ligne puis des voitures neuves. Il a pu essayer beaucoup de voitures tr\u00e8s diff\u00e9rentes et ayant eu personnellement quelques belles autos, Subaru Impreza, Mitsubishi Lancer Evo 7, Porsche 911, Ferrari Testarrossa, Audi RS3, RS4 et j'en passe...\",\"sameAs\":[\"http:\/\/www.carideal.com\",\"https:\/\/www.facebook.com\/nicolas.schiavon.39\",\"https:\/\/www.instagram.com\/carideal1\/\",\"https:\/\/www.linkedin.com\/in\/nschiavon\/\",\"https:\/\/x.com\/caridealauto\",\"https:\/\/www.youtube.com\/user\/caridealsas\/\"],\"url\":\"https:\/\/www.carideal.com\/blog\/author\/nschiavon\/\"}]}<\/script>\n<!-- \/ Yoast SEO plugin. -->","yoast_head_json":{"title":"Citroen C5 le remplacement est assur\u00e9.. oui mais - Blog auto Carid\u00e9al","description":"Citroen C5 Linda Jackson la directrice de la marque Citroen annonce le renouvellement de la C5, mais pas forc\u00e9ment comme on pouvait s'y attendre...","robots":{"index":"index","follow":"follow","max-snippet":"max-snippet:-1","max-image-preview":"max-image-preview:large","max-video-preview":"max-video-preview:-1"},"canonical":"https:\/\/www.carideal.com\/blog\/2015\/10\/13\/citroen-le-remplacement-de-la-c5-est-assure-oui-mais\/","og_locale":"fr_FR","og_type":"article","og_title":"Citroen C5 le remplacement est assur\u00e9.. oui mais - Blog auto Carid\u00e9al","og_description":"Citroen C5 Linda Jackson la directrice de la marque Citroen annonce le renouvellement de la C5, mais pas forc\u00e9ment comme on pouvait s'y attendre...","og_url":"https:\/\/www.carideal.com\/blog\/2015\/10\/13\/citroen-le-remplacement-de-la-c5-est-assure-oui-mais\/","og_site_name":"Blog auto Carid\u00e9al","article_publisher":"https:\/\/www.facebook.com\/Carideal.mandataire.automobile","article_author":"https:\/\/www.facebook.com\/nicolas.schiavon.39","article_published_time":"2015-10-13T07:59:37+00:00","article_modified_time":"2020-02-10T16:40:56+00:00","og_image":[{"width":600,"height":337,"url":"https:\/\/www.carideal.com\/blog\/wp-content\/uploads\/2015\/10\/CITROEN_C5_TOURER_carideal-mandataire-automobile-e1581352791993.png","type":"image\/png"}],"author":"Nicolas SCHIAVON","twitter_card":"summary_large_image","twitter_creator":"@caridealauto","twitter_site":"@caridealauto","twitter_misc":{"\u00c9crit par":"Nicolas SCHIAVON","Dur\u00e9e de lecture estim\u00e9e":"1 minute"},"schema":{"@context":"https:\/\/schema.org","@graph":[{"@type":"Article","@id":"https:\/\/www.carideal.com\/blog\/2015\/10\/13\/citroen-le-remplacement-de-la-c5-est-assure-oui-mais\/#article","isPartOf":{"@id":"https:\/\/www.carideal.com\/blog\/2015\/10\/13\/citroen-le-remplacement-de-la-c5-est-assure-oui-mais\/"},"author":{"name":"Nicolas SCHIAVON","@id":"https:\/\/www.carideal.com\/blog\/#\/schema\/person\/cd95dc7919660de90d31b366f85be1ec"},"headline":"Citroen C5 le remplacement est assur\u00e9.. oui mais","datePublished":"2015-10-13T07:59:37+00:00","dateModified":"2020-02-10T16:40:56+00:00","mainEntityOfPage":{"@id":"https:\/\/www.carideal.com\/blog\/2015\/10\/13\/citroen-le-remplacement-de-la-c5-est-assure-oui-mais\/"},"wordCount":261,"commentCount":0,"publisher":{"@id":"https:\/\/www.carideal.com\/blog\/#organization"},"image":{"@id":"https:\/\/www.carideal.com\/blog\/2015\/10\/13\/citroen-le-remplacement-de-la-c5-est-assure-oui-mais\/#primaryimage"},"thumbnailUrl":"https:\/\/www.carideal.com\/blog\/wp-content\/uploads\/2015\/10\/CITROEN_C5_TOURER_carideal-mandataire-automobile-e1581352791993.png","articleSection":["Actualit\u00e9 Citroen","Actualit\u00e9 Citro\u00ebn C5","March\u00e9 automobile"],"inLanguage":"fr-FR","potentialAction":[{"@type":"CommentAction","name":"Comment","target":["https:\/\/www.carideal.com\/blog\/2015\/10\/13\/citroen-le-remplacement-de-la-c5-est-assure-oui-mais\/#respond"]}]},{"@type":"WebPage","@id":"https:\/\/www.carideal.com\/blog\/2015\/10\/13\/citroen-le-remplacement-de-la-c5-est-assure-oui-mais\/","url":"https:\/\/www.carideal.com\/blog\/2015\/10\/13\/citroen-le-remplacement-de-la-c5-est-assure-oui-mais\/","name":"Citroen C5 le remplacement est assur\u00e9.. oui mais - Blog auto Carid\u00e9al","isPartOf":{"@id":"https:\/\/www.carideal.com\/blog\/#website"},"primaryImageOfPage":{"@id":"https:\/\/www.carideal.com\/blog\/2015\/10\/13\/citroen-le-remplacement-de-la-c5-est-assure-oui-mais\/#primaryimage"},"image":{"@id":"https:\/\/www.carideal.com\/blog\/2015\/10\/13\/citroen-le-remplacement-de-la-c5-est-assure-oui-mais\/#primaryimage"},"thumbnailUrl":"https:\/\/www.carideal.com\/blog\/wp-content\/uploads\/2015\/10\/CITROEN_C5_TOURER_carideal-mandataire-automobile-e1581352791993.png","datePublished":"2015-10-13T07:59:37+00:00","dateModified":"2020-02-10T16:40:56+00:00","description":"Citroen C5 Linda Jackson la directrice de la marque Citroen annonce le renouvellement de la C5, mais pas forc\u00e9ment comme on pouvait s'y attendre...","breadcrumb":{"@id":"https:\/\/www.carideal.com\/blog\/2015\/10\/13\/citroen-le-remplacement-de-la-c5-est-assure-oui-mais\/#breadcrumb"},"inLanguage":"fr-FR","potentialAction":[{"@type":"ReadAction","target":["https:\/\/www.carideal.com\/blog\/2015\/10\/13\/citroen-le-remplacement-de-la-c5-est-assure-oui-mais\/"]}]},{"@type":"ImageObject","inLanguage":"fr-FR","@id":"https:\/\/www.carideal.com\/blog\/2015\/10\/13\/citroen-le-remplacement-de-la-c5-est-assure-oui-mais\/#primaryimage","url":"https:\/\/www.carideal.com\/blog\/wp-content\/uploads\/2015\/10\/CITROEN_C5_TOURER_carideal-mandataire-automobile-e1581352791993.png","contentUrl":"https:\/\/www.carideal.com\/blog\/wp-content\/uploads\/2015\/10\/CITROEN_C5_TOURER_carideal-mandataire-automobile-e1581352791993.png","width":600,"height":337,"caption":"Le remplacement de la Citro\u00ebn C5 est assur\u00e9.. mais pas forc\u00e9ment comme l'on s'y attend"},{"@type":"BreadcrumbList","@id":"https:\/\/www.carideal.com\/blog\/2015\/10\/13\/citroen-le-remplacement-de-la-c5-est-assure-oui-mais\/#breadcrumb","itemListElement":[{"@type":"ListItem","position":1,"name":"Blog Carid\u00e9al","item":"https:\/\/www.carideal.com\/blog\/"},{"@type":"ListItem","position":2,"name":"March\u00e9 automobile","item":"https:\/\/www.carideal.com\/blog\/marche-automobile-voiture-neuve-occasion-4x4-suv\/"},{"@type":"ListItem","position":3,"name":"Citroen C5 le remplacement est assur\u00e9.. oui mais"}]},{"@type":"WebSite","@id":"https:\/\/www.carideal.com\/blog\/#website","url":"https:\/\/www.carideal.com\/blog\/","name":"Blog auto Carid\u00e9al","description":"Actualit\u00e9 auto par des passionn\u00e9s","publisher":{"@id":"https:\/\/www.carideal.com\/blog\/#organization"},"potentialAction":[{"@type":"SearchAction","target":{"@type":"EntryPoint","urlTemplate":"https:\/\/www.carideal.com\/blog\/?s={search_term_string}"},"query-input":{"@type":"PropertyValueSpecification","valueRequired":true,"valueName":"search_term_string"}}],"inLanguage":"fr-FR"},{"@type":"Organization","@id":"https:\/\/www.carideal.com\/blog\/#organization","name":"Carideal","url":"https:\/\/www.carideal.com\/blog\/","logo":{"@type":"ImageObject","inLanguage":"fr-FR","@id":"https:\/\/www.carideal.com\/blog\/#\/schema\/logo\/image\/","url":"http:\/\/www.carideal.com\/blog\/wp-content\/uploads\/2016\/03\/logo-carideal-mandataire-automobile.png","contentUrl":"http:\/\/www.carideal.com\/blog\/wp-content\/uploads\/2016\/03\/logo-carideal-mandataire-automobile.png","width":300,"height":300,"caption":"Carideal"},"image":{"@id":"https:\/\/www.carideal.com\/blog\/#\/schema\/logo\/image\/"},"sameAs":["https:\/\/www.facebook.com\/Carideal.mandataire.automobile","https:\/\/x.com\/caridealauto","https:\/\/www.instagram.com\/carideal1\/","https:\/\/www.linkedin.com\/company\/carideal.com","https:\/\/fr.pinterest.com\/schiavonsas\/","https:\/\/www.youtube.com\/user\/caridealsas"]},{"@type":"Person","@id":"https:\/\/www.carideal.com\/blog\/#\/schema\/person\/cd95dc7919660de90d31b366f85be1ec","name":"Nicolas SCHIAVON","image":{"@type":"ImageObject","inLanguage":"fr-FR","@id":"https:\/\/www.carideal.com\/blog\/#\/schema\/person\/image\/","url":"https:\/\/secure.gravatar.com\/avatar\/c17e55009e671d92cc7f5dc837dc418a?s=96&r=g","contentUrl":"https:\/\/secure.gravatar.com\/avatar\/c17e55009e671d92cc7f5dc837dc418a?s=96&r=g","caption":"Nicolas SCHIAVON"},"description":"Nicolas Schiavon est tomb\u00e9 tout petit dans la marmite automobile. Ayant eu un garage de marque automobile, mandataire automobile de la premi\u00e8re heure d\u00e8s 1999. Nicolas a cr\u00e9\u00e9 ces premiers sites de vente de voiture et blog automobile d\u00e8s 1994. Carideal est n\u00e9 le 15 d\u00e9cembre 2000 de la volont\u00e9 de vendre des voitures d'occasions en ligne puis des voitures neuves. Il a pu essayer beaucoup de voitures tr\u00e8s diff\u00e9rentes et ayant eu personnellement quelques belles autos, Subaru Impreza, Mitsubishi Lancer Evo 7, Porsche 911, Ferrari Testarrossa, Audi RS3, RS4 et j'en passe...","sameAs":["http:\/\/www.carideal.com","https:\/\/www.facebook.com\/nicolas.schiavon.39","https:\/\/www.instagram.com\/carideal1\/","https:\/\/www.linkedin.com\/in\/nschiavon\/","https:\/\/x.com\/caridealauto","https:\/\/www.youtube.com\/user\/caridealsas\/"],"url":"https:\/\/www.carideal.com\/blog\/author\/nschiavon\/"}]}},"uagb_featured_image_src":{"full":["https:\/\/www.carideal.com\/blog\/wp-content\/uploads\/2015\/10\/CITROEN_C5_TOURER_carideal-mandataire-automobile-e1581352791993.png",600,337,false],"thumbnail":["https:\/\/www.carideal.com\/blog\/wp-content\/uploads\/2015\/10\/CITROEN_C5_TOURER_carideal-mandataire-automobile-150x150.png",150,150,true],"medium":["https:\/\/www.carideal.com\/blog\/wp-content\/uploads\/2015\/10\/CITROEN_C5_TOURER_carideal-mandataire-automobile-300x169.png",300,169,true],"medium_large":["https:\/\/www.carideal.com\/blog\/wp-content\/uploads\/2015\/10\/CITROEN_C5_TOURER_carideal-mandataire-automobile-e1581352791993.png",600,337,false],"large":["https:\/\/www.carideal.com\/blog\/wp-content\/uploads\/2015\/10\/CITROEN_C5_TOURER_carideal-mandataire-automobile-e1581352791993.png",600,337,false],"1536x1536":["https:\/\/www.carideal.com\/blog\/wp-content\/uploads\/2015\/10\/CITROEN_C5_TOURER_carideal-mandataire-automobile-e1581352791993.png",600,337,false],"2048x2048":["https:\/\/www.carideal.com\/blog\/wp-content\/uploads\/2015\/10\/CITROEN_C5_TOURER_carideal-mandataire-automobile-e1581352791993.png",600,337,false],"wppr-widget":["https:\/\/www.carideal.com\/blog\/wp-content\/uploads\/2015\/10\/CITROEN_C5_TOURER_carideal-mandataire-automobile-e1581352791993.png",50,28,false]},"uagb_author_info":{"display_name":"Nicolas SCHIAVON","author_link":"https:\/\/www.carideal.com\/blog\/author\/nschiavon\/"},"uagb_comment_info":0,"uagb_excerpt":"Le remplacement de la Citro\u00ebn C5 est assur\u00e9.. mais pas forc\u00e9ment comme l'on s'y attend Linda Jackson la directrice de la marque vient de confirmer que contrairement \u00e0 ce qui avait \u00e9t\u00e9 annonc\u00e9,\u00a0le projet de remplacement de la Citro\u00ebn C5, un temps abandonn\u00e9, \u00a0vient d'\u00eatre confirm\u00e9. Par contre les Citro\u00ebnistes vont \u00eatre d\u00e9\u00e7u, la voiture\u2026","_links":{"self":[{"href":"https:\/\/www.carideal.com\/blog\/wp-json\/wp\/v2\/posts\/7014"}],"collection":[{"href":"https:\/\/www.carideal.com\/blog\/wp-json\/wp\/v2\/posts"}],"about":[{"href":"https:\/\/www.carideal.com\/blog\/wp-json\/wp\/v2\/types\/post"}],"author":[{"embeddable":true,"href":"https:\/\/www.carideal.com\/blog\/wp-json\/wp\/v2\/users\/3"}],"replies":[{"embeddable":true,"href":"https:\/\/www.carideal.com\/blog\/wp-json\/wp\/v2\/comments?post=7014"}],"version-history":[{"count":0,"href":"https:\/\/www.carideal.com\/blog\/wp-json\/wp\/v2\/posts\/7014\/revisions"}],"wp:featuredmedia":[{"embeddable":true,"href":"https:\/\/www.carideal.com\/blog\/wp-json\/wp\/v2\/media\/7016"}],"wp:attachment":[{"href":"https:\/\/www.carideal.com\/blog\/wp-json\/wp\/v2\/media?parent=7014"}],"wp:term":[{"taxonomy":"category","embeddable":true,"href":"https:\/\/www.carideal.com\/blog\/wp-json\/wp\/v2\/categories?post=7014"},{"taxonomy":"post_tag","embeddable":true,"href":"https:\/\/www.carideal.com\/blog\/wp-json\/wp\/v2\/tags?post=7014"}],"curies":[{"name":"wp","href":"https:\/\/api.w.org\/{rel}","templated":true}]}}