{"id":7,"date":"2008-09-11T06:55:19","date_gmt":"2008-09-11T06:55:19","guid":{"rendered":"http:\/\/carideal.com\/blog\/?p=7"},"modified":"2020-03-07T16:33:05","modified_gmt":"2020-03-07T15:33:05","slug":"mini-crossman","status":"publish","type":"post","link":"https:\/\/www.carideal.com\/blog\/2008\/09\/11\/mini-crossman\/","title":{"rendered":"Mini Crossman pr\u00e9sentation"},"content":{"rendered":"<h1>Mini Crossman un 4x4 Mini pour 2009<\/h1>\n<figure id=\"attachment_8612\" aria-describedby=\"caption-attachment-8612\" style=\"width: 290px\" class=\"wp-caption alignleft\"><a href=\"http:\/\/www.carideal.com\/blog\/wp-content\/uploads\/2008\/09\/mini-crossman-carideal.jpg\"><img loading=\"lazy\" decoding=\"async\" class=\"wp-image-8612 size-medium\" title=\"Mini Crossman\" src=\"http:\/\/www.carideal.com\/blog\/wp-content\/uploads\/2008\/09\/mini-crossman-carideal-300x181.jpg\" alt=\"Mini Crossman\" width=\"300\" height=\"181\" srcset=\"https:\/\/www.carideal.com\/blog\/wp-content\/uploads\/2008\/09\/mini-crossman-carideal-300x181.jpg 300w, https:\/\/www.carideal.com\/blog\/wp-content\/uploads\/2008\/09\/mini-crossman-carideal.jpg 470w\" sizes=\"(max-width: 300px) 100vw, 300px\" \/><\/a><figcaption id=\"caption-attachment-8612\" class=\"wp-caption-text\">Mini Crossman<\/figcaption><\/figure>\n<p><span style=\"color: #000000;\">Mini <span style=\"text-decoration: underline; color: #0000ff;\">Crossman<\/span><\/span> Les urbains chics raffolent de la Mini berline comme du break Clubman. Mais pour garder une longueur d'avance, une version tout terrain Mini 4X4 Crossover baptis\u00e9e Crossman, est annonc\u00e9e pour la fin 2009. Produit d\u00e8s l'\u00e9t\u00e9 prochain, dans l'usine autrichienne de l'\u00e9quipementier Magna Steyr, le Crossman adoptera une transmission int\u00e9grale Xdrive que BMW , propri\u00e9taire de la marque, utilise d\u00e9j\u00e0 sur ses X3 et X5. Si l'on connait d\u00e9j\u00e0 la large calandre cercl\u00e9e de chrome, sp\u00e9cifique au Crossman, sa silhouette demeure un myst\u00e8re. Deux options sont avanc\u00e9es\u00a0: l'une \u00e9conomique, reprendrait la carrosserie deux portes et demie du Mini Clubman\u00a0; l'autre, plus on\u00e9reuse, avec une carrosserie quatre portes pour un format proche d'une BMW S\u00e9rie 1. Mais une Mini taill\u00e9e pour quatre adultes sera-t-elle encore une v\u00e9ritable Mini\u00a0? Pr\u00e9sentation des Mini Countryman mais on ne sait encore rien du Prix Mini Crossman.<\/p>\n","protected":false},"excerpt":{"rendered":"<p>Mini Crossman un 4&#215;4 Mini pour 2009 Mini Crossman Les urbains chics raffolent de la Mini berline comme du break Clubman. Mais pour garder une longueur d&rsquo;avance, une version tout terrain Mini 4X4 Crossover baptis\u00e9e Crossman, est annonc\u00e9e pour la fin 2009. Produit d\u00e8s l&rsquo;\u00e9t\u00e9 prochain, dans l&rsquo;usine autrichienne de l&rsquo;\u00e9quipementier Magna Steyr, le Crossman &#8230; <a title=\"Mini Crossman pr\u00e9sentation\" class=\"read-more\" href=\"https:\/\/www.carideal.com\/blog\/2008\/09\/11\/mini-crossman\/\" aria-label=\"En savoir plus sur Mini Crossman pr\u00e9sentation\">Lire plus<\/a><\/p>\n","protected":false},"author":1,"featured_media":0,"comment_status":"open","ping_status":"open","sticky":false,"template":"","format":"standard","meta":{"_uag_custom_page_level_css":"","_themeisle_gutenberg_block_has_review":false,"footnotes":""},"categories":[2],"tags":[],"class_list":["post-7","post","type-post","status-publish","format-standard","hentry","category-4x4-suv"],"wppr_data":[],"yoast_head":"<!-- This site is optimized with the Yoast SEO plugin v24.8.1 - https:\/\/yoast.com\/wordpress\/plugins\/seo\/ -->\n<title>Mini Crossman pr\u00e9sentation - Blog auto Carid\u00e9al<\/title>\n<meta name=\"description\" content=\"Mini Crossman un 4x4 dans la gamme Mini pr\u00e9vu pour fin 2009. Le crossover serait \u00e9quip\u00e9 de la transmission Xdrive des BMW X3.\" \/>\n<meta name=\"robots\" content=\"index, follow, max-snippet:-1, max-image-preview:large, max-video-preview:-1\" \/>\n<link rel=\"canonical\" href=\"https:\/\/www.carideal.com\/blog\/2008\/09\/11\/mini-crossman\/\" \/>\n<meta property=\"og:locale\" content=\"fr_FR\" \/>\n<meta property=\"og:type\" content=\"article\" \/>\n<meta property=\"og:title\" content=\"Mini Crossman pr\u00e9sentation - Blog auto Carid\u00e9al\" \/>\n<meta property=\"og:description\" content=\"Mini Crossman un 4x4 dans la gamme Mini pr\u00e9vu pour fin 2009. Le crossover serait \u00e9quip\u00e9 de la transmission Xdrive des BMW X3.\" \/>\n<meta property=\"og:url\" content=\"https:\/\/www.carideal.com\/blog\/2008\/09\/11\/mini-crossman\/\" \/>\n<meta property=\"og:site_name\" content=\"Blog auto Carid\u00e9al\" \/>\n<meta property=\"article:publisher\" content=\"https:\/\/www.facebook.com\/Carideal.mandataire.automobile\" \/>\n<meta property=\"article:author\" content=\"https:\/\/www.facebook.com\/Carideal.mandataire.automobile\/\" \/>\n<meta property=\"article:published_time\" content=\"2008-09-11T06:55:19+00:00\" \/>\n<meta property=\"article:modified_time\" content=\"2020-03-07T15:33:05+00:00\" \/>\n<meta property=\"og:image\" content=\"http:\/\/www.carideal.com\/blog\/wp-content\/uploads\/2008\/09\/mini-crossman-carideal-300x181.jpg\" \/>\n<meta name=\"author\" content=\"N.S Carideal\" \/>\n<meta name=\"twitter:card\" content=\"summary_large_image\" \/>\n<meta name=\"twitter:creator\" content=\"@caridealauto\" \/>\n<meta name=\"twitter:site\" content=\"@caridealauto\" \/>\n<meta name=\"twitter:label1\" content=\"\u00c9crit par\" \/>\n\t<meta name=\"twitter:data1\" content=\"N.S Carideal\" \/>\n\t<meta name=\"twitter:label2\" content=\"Dur\u00e9e de lecture estim\u00e9e\" \/>\n\t<meta name=\"twitter:data2\" content=\"1 minute\" \/>\n<script type=\"application\/ld+json\" class=\"yoast-schema-graph\">{\"@context\":\"https:\/\/schema.org\",\"@graph\":[{\"@type\":\"Article\",\"@id\":\"https:\/\/www.carideal.com\/blog\/2008\/09\/11\/mini-crossman\/#article\",\"isPartOf\":{\"@id\":\"https:\/\/www.carideal.com\/blog\/2008\/09\/11\/mini-crossman\/\"},\"author\":{\"name\":\"N.S Carideal\",\"@id\":\"https:\/\/www.carideal.com\/blog\/#\/schema\/person\/985c7e757d1042d647f21bfaf8d41ebc\"},\"headline\":\"Mini Crossman pr\u00e9sentation\",\"datePublished\":\"2008-09-11T06:55:19+00:00\",\"dateModified\":\"2020-03-07T15:33:05+00:00\",\"mainEntityOfPage\":{\"@id\":\"https:\/\/www.carideal.com\/blog\/2008\/09\/11\/mini-crossman\/\"},\"wordCount\":177,\"commentCount\":0,\"publisher\":{\"@id\":\"https:\/\/www.carideal.com\/blog\/#organization\"},\"image\":{\"@id\":\"https:\/\/www.carideal.com\/blog\/2008\/09\/11\/mini-crossman\/#primaryimage\"},\"thumbnailUrl\":\"http:\/\/www.carideal.com\/blog\/wp-content\/uploads\/2008\/09\/mini-crossman-carideal-300x181.jpg\",\"articleSection\":[\"4X4 Actualit\u00e9\"],\"inLanguage\":\"fr-FR\",\"potentialAction\":[{\"@type\":\"CommentAction\",\"name\":\"Comment\",\"target\":[\"https:\/\/www.carideal.com\/blog\/2008\/09\/11\/mini-crossman\/#respond\"]}]},{\"@type\":\"WebPage\",\"@id\":\"https:\/\/www.carideal.com\/blog\/2008\/09\/11\/mini-crossman\/\",\"url\":\"https:\/\/www.carideal.com\/blog\/2008\/09\/11\/mini-crossman\/\",\"name\":\"Mini Crossman pr\u00e9sentation - Blog auto Carid\u00e9al\",\"isPartOf\":{\"@id\":\"https:\/\/www.carideal.com\/blog\/#website\"},\"primaryImageOfPage\":{\"@id\":\"https:\/\/www.carideal.com\/blog\/2008\/09\/11\/mini-crossman\/#primaryimage\"},\"image\":{\"@id\":\"https:\/\/www.carideal.com\/blog\/2008\/09\/11\/mini-crossman\/#primaryimage\"},\"thumbnailUrl\":\"http:\/\/www.carideal.com\/blog\/wp-content\/uploads\/2008\/09\/mini-crossman-carideal-300x181.jpg\",\"datePublished\":\"2008-09-11T06:55:19+00:00\",\"dateModified\":\"2020-03-07T15:33:05+00:00\",\"description\":\"Mini Crossman un 4x4 dans la gamme Mini pr\u00e9vu pour fin 2009. Le crossover serait \u00e9quip\u00e9 de la transmission Xdrive des BMW X3.\",\"breadcrumb\":{\"@id\":\"https:\/\/www.carideal.com\/blog\/2008\/09\/11\/mini-crossman\/#breadcrumb\"},\"inLanguage\":\"fr-FR\",\"potentialAction\":[{\"@type\":\"ReadAction\",\"target\":[\"https:\/\/www.carideal.com\/blog\/2008\/09\/11\/mini-crossman\/\"]}]},{\"@type\":\"ImageObject\",\"inLanguage\":\"fr-FR\",\"@id\":\"https:\/\/www.carideal.com\/blog\/2008\/09\/11\/mini-crossman\/#primaryimage\",\"url\":\"http:\/\/www.carideal.com\/blog\/wp-content\/uploads\/2008\/09\/mini-crossman-carideal-300x181.jpg\",\"contentUrl\":\"http:\/\/www.carideal.com\/blog\/wp-content\/uploads\/2008\/09\/mini-crossman-carideal-300x181.jpg\"},{\"@type\":\"BreadcrumbList\",\"@id\":\"https:\/\/www.carideal.com\/blog\/2008\/09\/11\/mini-crossman\/#breadcrumb\",\"itemListElement\":[{\"@type\":\"ListItem\",\"position\":1,\"name\":\"Blog Carid\u00e9al\",\"item\":\"https:\/\/www.carideal.com\/blog\/\"},{\"@type\":\"ListItem\",\"position\":2,\"name\":\"Type de v\u00e9hicule\",\"item\":\"https:\/\/www.carideal.com\/blog\/type-de-vehicule\/\"},{\"@type\":\"ListItem\",\"position\":3,\"name\":\"4X4 Actualit\u00e9\",\"item\":\"https:\/\/www.carideal.com\/blog\/type-de-vehicule\/4x4-suv\/\"},{\"@type\":\"ListItem\",\"position\":4,\"name\":\"Mini Crossman pr\u00e9sentation\"}]},{\"@type\":\"WebSite\",\"@id\":\"https:\/\/www.carideal.com\/blog\/#website\",\"url\":\"https:\/\/www.carideal.com\/blog\/\",\"name\":\"Blog auto Carid\u00e9al\",\"description\":\"Actualit\u00e9 auto par des passionn\u00e9s\",\"publisher\":{\"@id\":\"https:\/\/www.carideal.com\/blog\/#organization\"},\"potentialAction\":[{\"@type\":\"SearchAction\",\"target\":{\"@type\":\"EntryPoint\",\"urlTemplate\":\"https:\/\/www.carideal.com\/blog\/?s={search_term_string}\"},\"query-input\":{\"@type\":\"PropertyValueSpecification\",\"valueRequired\":true,\"valueName\":\"search_term_string\"}}],\"inLanguage\":\"fr-FR\"},{\"@type\":\"Organization\",\"@id\":\"https:\/\/www.carideal.com\/blog\/#organization\",\"name\":\"Carideal\",\"url\":\"https:\/\/www.carideal.com\/blog\/\",\"logo\":{\"@type\":\"ImageObject\",\"inLanguage\":\"fr-FR\",\"@id\":\"https:\/\/www.carideal.com\/blog\/#\/schema\/logo\/image\/\",\"url\":\"http:\/\/www.carideal.com\/blog\/wp-content\/uploads\/2016\/03\/logo-carideal-mandataire-automobile.png\",\"contentUrl\":\"http:\/\/www.carideal.com\/blog\/wp-content\/uploads\/2016\/03\/logo-carideal-mandataire-automobile.png\",\"width\":300,\"height\":300,\"caption\":\"Carideal\"},\"image\":{\"@id\":\"https:\/\/www.carideal.com\/blog\/#\/schema\/logo\/image\/\"},\"sameAs\":[\"https:\/\/www.facebook.com\/Carideal.mandataire.automobile\",\"https:\/\/x.com\/caridealauto\",\"https:\/\/www.instagram.com\/carideal1\/\",\"https:\/\/www.linkedin.com\/company\/carideal.com\",\"https:\/\/fr.pinterest.com\/schiavonsas\/\",\"https:\/\/www.youtube.com\/user\/caridealsas\"]},{\"@type\":\"Person\",\"@id\":\"https:\/\/www.carideal.com\/blog\/#\/schema\/person\/985c7e757d1042d647f21bfaf8d41ebc\",\"name\":\"N.S Carideal\",\"image\":{\"@type\":\"ImageObject\",\"inLanguage\":\"fr-FR\",\"@id\":\"https:\/\/www.carideal.com\/blog\/#\/schema\/person\/image\/\",\"url\":\"https:\/\/secure.gravatar.com\/avatar\/edb7ccdf1a4e3d14aef967760d354d0e?s=96&r=g\",\"contentUrl\":\"https:\/\/secure.gravatar.com\/avatar\/edb7ccdf1a4e3d14aef967760d354d0e?s=96&r=g\",\"caption\":\"N.S Carideal\"},\"description\":\"Depuis tout petit fan d'automobile. Il est question d'essayer et de comparer toutes ces voitures qui nous ont fait r\u00e9ver, avant que celles-ci ne devient uniquement des voitures de collection.\",\"sameAs\":[\"http:\/\/www.carideal.com\/blog\",\"https:\/\/www.facebook.com\/Carideal.mandataire.automobile\/\",\"https:\/\/www.linkedin.com\/in\/nschiavon\/\",\"https:\/\/www.youtube.com\/user\/caridealsas\/\"],\"url\":\"https:\/\/www.carideal.com\/blog\/author\/admin_carideal\/\"}]}<\/script>\n<!-- \/ Yoast SEO plugin. -->","yoast_head_json":{"title":"Mini Crossman pr\u00e9sentation - Blog auto Carid\u00e9al","description":"Mini Crossman un 4x4 dans la gamme Mini pr\u00e9vu pour fin 2009. Le crossover serait \u00e9quip\u00e9 de la transmission Xdrive des BMW X3.","robots":{"index":"index","follow":"follow","max-snippet":"max-snippet:-1","max-image-preview":"max-image-preview:large","max-video-preview":"max-video-preview:-1"},"canonical":"https:\/\/www.carideal.com\/blog\/2008\/09\/11\/mini-crossman\/","og_locale":"fr_FR","og_type":"article","og_title":"Mini Crossman pr\u00e9sentation - Blog auto Carid\u00e9al","og_description":"Mini Crossman un 4x4 dans la gamme Mini pr\u00e9vu pour fin 2009. Le crossover serait \u00e9quip\u00e9 de la transmission Xdrive des BMW X3.","og_url":"https:\/\/www.carideal.com\/blog\/2008\/09\/11\/mini-crossman\/","og_site_name":"Blog auto Carid\u00e9al","article_publisher":"https:\/\/www.facebook.com\/Carideal.mandataire.automobile","article_author":"https:\/\/www.facebook.com\/Carideal.mandataire.automobile\/","article_published_time":"2008-09-11T06:55:19+00:00","article_modified_time":"2020-03-07T15:33:05+00:00","og_image":[{"url":"http:\/\/www.carideal.com\/blog\/wp-content\/uploads\/2008\/09\/mini-crossman-carideal-300x181.jpg","type":"","width":"","height":""}],"author":"N.S Carideal","twitter_card":"summary_large_image","twitter_creator":"@caridealauto","twitter_site":"@caridealauto","twitter_misc":{"\u00c9crit par":"N.S Carideal","Dur\u00e9e de lecture estim\u00e9e":"1 minute"},"schema":{"@context":"https:\/\/schema.org","@graph":[{"@type":"Article","@id":"https:\/\/www.carideal.com\/blog\/2008\/09\/11\/mini-crossman\/#article","isPartOf":{"@id":"https:\/\/www.carideal.com\/blog\/2008\/09\/11\/mini-crossman\/"},"author":{"name":"N.S Carideal","@id":"https:\/\/www.carideal.com\/blog\/#\/schema\/person\/985c7e757d1042d647f21bfaf8d41ebc"},"headline":"Mini Crossman pr\u00e9sentation","datePublished":"2008-09-11T06:55:19+00:00","dateModified":"2020-03-07T15:33:05+00:00","mainEntityOfPage":{"@id":"https:\/\/www.carideal.com\/blog\/2008\/09\/11\/mini-crossman\/"},"wordCount":177,"commentCount":0,"publisher":{"@id":"https:\/\/www.carideal.com\/blog\/#organization"},"image":{"@id":"https:\/\/www.carideal.com\/blog\/2008\/09\/11\/mini-crossman\/#primaryimage"},"thumbnailUrl":"http:\/\/www.carideal.com\/blog\/wp-content\/uploads\/2008\/09\/mini-crossman-carideal-300x181.jpg","articleSection":["4X4 Actualit\u00e9"],"inLanguage":"fr-FR","potentialAction":[{"@type":"CommentAction","name":"Comment","target":["https:\/\/www.carideal.com\/blog\/2008\/09\/11\/mini-crossman\/#respond"]}]},{"@type":"WebPage","@id":"https:\/\/www.carideal.com\/blog\/2008\/09\/11\/mini-crossman\/","url":"https:\/\/www.carideal.com\/blog\/2008\/09\/11\/mini-crossman\/","name":"Mini Crossman pr\u00e9sentation - Blog auto Carid\u00e9al","isPartOf":{"@id":"https:\/\/www.carideal.com\/blog\/#website"},"primaryImageOfPage":{"@id":"https:\/\/www.carideal.com\/blog\/2008\/09\/11\/mini-crossman\/#primaryimage"},"image":{"@id":"https:\/\/www.carideal.com\/blog\/2008\/09\/11\/mini-crossman\/#primaryimage"},"thumbnailUrl":"http:\/\/www.carideal.com\/blog\/wp-content\/uploads\/2008\/09\/mini-crossman-carideal-300x181.jpg","datePublished":"2008-09-11T06:55:19+00:00","dateModified":"2020-03-07T15:33:05+00:00","description":"Mini Crossman un 4x4 dans la gamme Mini pr\u00e9vu pour fin 2009. Le crossover serait \u00e9quip\u00e9 de la transmission Xdrive des BMW X3.","breadcrumb":{"@id":"https:\/\/www.carideal.com\/blog\/2008\/09\/11\/mini-crossman\/#breadcrumb"},"inLanguage":"fr-FR","potentialAction":[{"@type":"ReadAction","target":["https:\/\/www.carideal.com\/blog\/2008\/09\/11\/mini-crossman\/"]}]},{"@type":"ImageObject","inLanguage":"fr-FR","@id":"https:\/\/www.carideal.com\/blog\/2008\/09\/11\/mini-crossman\/#primaryimage","url":"http:\/\/www.carideal.com\/blog\/wp-content\/uploads\/2008\/09\/mini-crossman-carideal-300x181.jpg","contentUrl":"http:\/\/www.carideal.com\/blog\/wp-content\/uploads\/2008\/09\/mini-crossman-carideal-300x181.jpg"},{"@type":"BreadcrumbList","@id":"https:\/\/www.carideal.com\/blog\/2008\/09\/11\/mini-crossman\/#breadcrumb","itemListElement":[{"@type":"ListItem","position":1,"name":"Blog Carid\u00e9al","item":"https:\/\/www.carideal.com\/blog\/"},{"@type":"ListItem","position":2,"name":"Type de v\u00e9hicule","item":"https:\/\/www.carideal.com\/blog\/type-de-vehicule\/"},{"@type":"ListItem","position":3,"name":"4X4 Actualit\u00e9","item":"https:\/\/www.carideal.com\/blog\/type-de-vehicule\/4x4-suv\/"},{"@type":"ListItem","position":4,"name":"Mini Crossman pr\u00e9sentation"}]},{"@type":"WebSite","@id":"https:\/\/www.carideal.com\/blog\/#website","url":"https:\/\/www.carideal.com\/blog\/","name":"Blog auto Carid\u00e9al","description":"Actualit\u00e9 auto par des passionn\u00e9s","publisher":{"@id":"https:\/\/www.carideal.com\/blog\/#organization"},"potentialAction":[{"@type":"SearchAction","target":{"@type":"EntryPoint","urlTemplate":"https:\/\/www.carideal.com\/blog\/?s={search_term_string}"},"query-input":{"@type":"PropertyValueSpecification","valueRequired":true,"valueName":"search_term_string"}}],"inLanguage":"fr-FR"},{"@type":"Organization","@id":"https:\/\/www.carideal.com\/blog\/#organization","name":"Carideal","url":"https:\/\/www.carideal.com\/blog\/","logo":{"@type":"ImageObject","inLanguage":"fr-FR","@id":"https:\/\/www.carideal.com\/blog\/#\/schema\/logo\/image\/","url":"http:\/\/www.carideal.com\/blog\/wp-content\/uploads\/2016\/03\/logo-carideal-mandataire-automobile.png","contentUrl":"http:\/\/www.carideal.com\/blog\/wp-content\/uploads\/2016\/03\/logo-carideal-mandataire-automobile.png","width":300,"height":300,"caption":"Carideal"},"image":{"@id":"https:\/\/www.carideal.com\/blog\/#\/schema\/logo\/image\/"},"sameAs":["https:\/\/www.facebook.com\/Carideal.mandataire.automobile","https:\/\/x.com\/caridealauto","https:\/\/www.instagram.com\/carideal1\/","https:\/\/www.linkedin.com\/company\/carideal.com","https:\/\/fr.pinterest.com\/schiavonsas\/","https:\/\/www.youtube.com\/user\/caridealsas"]},{"@type":"Person","@id":"https:\/\/www.carideal.com\/blog\/#\/schema\/person\/985c7e757d1042d647f21bfaf8d41ebc","name":"N.S Carideal","image":{"@type":"ImageObject","inLanguage":"fr-FR","@id":"https:\/\/www.carideal.com\/blog\/#\/schema\/person\/image\/","url":"https:\/\/secure.gravatar.com\/avatar\/edb7ccdf1a4e3d14aef967760d354d0e?s=96&r=g","contentUrl":"https:\/\/secure.gravatar.com\/avatar\/edb7ccdf1a4e3d14aef967760d354d0e?s=96&r=g","caption":"N.S Carideal"},"description":"Depuis tout petit fan d'automobile. Il est question d'essayer et de comparer toutes ces voitures qui nous ont fait r\u00e9ver, avant que celles-ci ne devient uniquement des voitures de collection.","sameAs":["http:\/\/www.carideal.com\/blog","https:\/\/www.facebook.com\/Carideal.mandataire.automobile\/","https:\/\/www.linkedin.com\/in\/nschiavon\/","https:\/\/www.youtube.com\/user\/caridealsas\/"],"url":"https:\/\/www.carideal.com\/blog\/author\/admin_carideal\/"}]}},"uagb_featured_image_src":{"full":false,"thumbnail":false,"medium":false,"medium_large":false,"large":false,"1536x1536":false,"2048x2048":false,"wppr-widget":false},"uagb_author_info":{"display_name":"N.S Carideal","author_link":"https:\/\/www.carideal.com\/blog\/author\/admin_carideal\/"},"uagb_comment_info":0,"uagb_excerpt":"Mini Crossman un 4x4 Mini pour 2009 Mini Crossman Les urbains chics raffolent de la Mini berline comme du break Clubman. Mais pour garder une longueur d'avance, une version tout terrain Mini 4X4 Crossover baptis\u00e9e Crossman, est annonc\u00e9e pour la fin 2009. Produit d\u00e8s l'\u00e9t\u00e9 prochain, dans l'usine autrichienne de l'\u00e9quipementier Magna Steyr, le Crossman\u2026","_links":{"self":[{"href":"https:\/\/www.carideal.com\/blog\/wp-json\/wp\/v2\/posts\/7"}],"collection":[{"href":"https:\/\/www.carideal.com\/blog\/wp-json\/wp\/v2\/posts"}],"about":[{"href":"https:\/\/www.carideal.com\/blog\/wp-json\/wp\/v2\/types\/post"}],"author":[{"embeddable":true,"href":"https:\/\/www.carideal.com\/blog\/wp-json\/wp\/v2\/users\/1"}],"replies":[{"embeddable":true,"href":"https:\/\/www.carideal.com\/blog\/wp-json\/wp\/v2\/comments?post=7"}],"version-history":[{"count":0,"href":"https:\/\/www.carideal.com\/blog\/wp-json\/wp\/v2\/posts\/7\/revisions"}],"wp:attachment":[{"href":"https:\/\/www.carideal.com\/blog\/wp-json\/wp\/v2\/media?parent=7"}],"wp:term":[{"taxonomy":"category","embeddable":true,"href":"https:\/\/www.carideal.com\/blog\/wp-json\/wp\/v2\/categories?post=7"},{"taxonomy":"post_tag","embeddable":true,"href":"https:\/\/www.carideal.com\/blog\/wp-json\/wp\/v2\/tags?post=7"}],"curies":[{"name":"wp","href":"https:\/\/api.w.org\/{rel}","templated":true}]}}