{"id":699,"date":"2009-07-04T11:09:00","date_gmt":"2009-07-04T11:09:00","guid":{"rendered":"http:\/\/carideal.com\/blog\/?p=699"},"modified":"2020-06-12T09:19:04","modified_gmt":"2020-06-12T07:19:04","slug":"porsche-baisse-la-cadence-de-la-911","status":"publish","type":"post","link":"https:\/\/www.carideal.com\/blog\/2009\/07\/04\/porsche-baisse-la-cadence-de-la-911\/","title":{"rendered":"Les ventes de Porsche 911 en baissent !"},"content":{"rendered":"\n<h2 class=\"wp-block-heading\">Les ventes de Porsche 911 en baissent !<\/h2>\n\n\n\n<p class=\"has-medium-font-size\">Rien n'est officiel, mais officieux, au c\u0153ur de la tourmente qui secoue le monde automobile en ce moment, et en m\u00eame temps que ses rapports avec&nbsp;Volkswagen deviennent tendues,&nbsp;<strong>Porsche voit ses ventes encore baisser<\/strong>. <\/p>\n\n\n\n<div class=\"wp-block-image\"><figure class=\"aligncenter size-large\"><img loading=\"lazy\" decoding=\"async\" width=\"448\" height=\"298\" src=\"http:\/\/www.carideal.com\/blog\/wp-content\/uploads\/2009\/07\/Porsche-911_carideal_m.jpg\" alt=\"Les ventes de Porsche 911 en baissent !\" class=\"wp-image-25495\" srcset=\"https:\/\/www.carideal.com\/blog\/wp-content\/uploads\/2009\/07\/Porsche-911_carideal_m.jpg 448w, https:\/\/www.carideal.com\/blog\/wp-content\/uploads\/2009\/07\/Porsche-911_carideal_m-300x200.jpg 300w, https:\/\/www.carideal.com\/blog\/wp-content\/uploads\/2009\/07\/Porsche-911_carideal_m-50x33.jpg 50w, https:\/\/www.carideal.com\/blog\/wp-content\/uploads\/2009\/07\/Porsche-911_carideal_m-110x73.jpg 110w, https:\/\/www.carideal.com\/blog\/wp-content\/uploads\/2009\/07\/Porsche-911_carideal_m-420x279.jpg 420w, https:\/\/www.carideal.com\/blog\/wp-content\/uploads\/2009\/07\/Porsche-911_carideal_m-272x182.jpg 272w\" sizes=\"(max-width: 448px) 100vw, 448px\" \/><figcaption>Les ventes de Porsche 911 en baissent !<\/figcaption><\/figure><\/div>\n\n\n\n<p>C'est son mod\u00e8le embl\u00e9matique la <a href=\"http:\/\/www.carideal.com\/blog\/2012\/11\/28\/911-carrera-4-et-4s\/\">911<\/a>, qui souffre encore, et <a href=\"http:\/\/www.carideal.com\/blog\/marque-de-voiture-actualites-essais\/porsche\/\">Porsche<\/a> envisagerait de baisser encore sa production pour suivre ses ventes en baissent.<\/p>\n\n\n\n<ul class=\"wp-block-list\"><li><a href=\"http:\/\/www.carideal.com\/blog\/2019\/01\/25\/les-futurs-modeles-porsche\/\">Les futures Porsche<\/a><\/li><\/ul>\n\n\n\n<h2 class=\"wp-block-heading\">Les ventes de Porsche 911 en baissent !<\/h2>\n\n\n\n<p>Rien n'est officiel, mais officieux, au c\u0153ur de la tourmente qui secoue le monde automobile en ce moment, et en m\u00eame temps que ses rapports avec&nbsp;<a href=\"http:\/\/www.carideal.com\/blog\/marque-de-voiture-actualites-essais\/volkswagen\/\">Volkswagen<\/a> deviennent tendues,&nbsp;Porsche voit ses ventes encore baisser. C'est son mod\u00e8le embl\u00e9matique la 911, qui souffre encore, et Porsche envisagerait de baisser encore sa production pour suivre ses ventes en baissent.<\/p>\n\n\n\n<p>Porsche admet qu'il n'est pas invincible, affiche une baisse de 14% de ses ventes<\/p>\n\n\n\n<p>Les ventes de Porsche pour les six premiers mois de son ann\u00e9e fiscale (du 1er ao\u00fbt 2008 au 31 janvier 2009) ont diminu\u00e9 de 27,3 % pour un total de 34 000 unit\u00e9s vendues. L'effet financier qui en r\u00e9sulte est une baisse de 14,3 % des recettes, soit environ trois milliards d'euros (un peu moins de 4 milliards de dollars US).<\/p>\n\n\n\n<p>Bien que les dirigeants de Porsche admettent que le constructeur automobile n'est pas \u00e0 l'abri du ralentissement \u00e9conomique mondial, il n'a pas l'intention de supprimer des emplois. Toutefois, il r\u00e9duira de 19 jours cet \u00e9t\u00e9 le nombre de jours de travail \u00e0 l'usine de Zuffenhausen \u00e0 Stuttgart.<\/p>\n\n\n\n<p>Selon Porsche, l'un des principaux facteurs contribuant \u00e0 la chute des ventes est un changement dans la gamme de ses mod\u00e8les, notamment une augmentation des variantes de la 911 qui quittent les concessions et une diminution des ventes du <a href=\"http:\/\/www.carideal.com\/blog\/2012\/04\/11\/porsche-boxster\/\">Boxster<\/a> - l'un des plus gros vendeurs de la marque. \u00c0 en juger strictement par le premier essai de la Porsche Boxster 2009, nous nous attendons \u00e0 ce que la situation s'am\u00e9liore d'ici la fin du mois de juillet. Faites le saut pour le communiqu\u00e9 de presse de Porsche.<\/p>\n\n\n\n<h2 class=\"wp-block-heading\">Les ventes de Porsche plongent !<\/h2>\n\n\n\n<div class=\"wp-block-image\"><figure class=\"aligncenter size-full\"><img loading=\"lazy\" decoding=\"async\" width=\"470\" height=\"246\" src=\"http:\/\/www.carideal.com\/blog\/wp-content\/uploads\/2009\/07\/Porsche_derappe_carideal.jpg\" alt=\"Les ventes de Porsche plongent \u00e0 la baisse\" class=\"wp-image-25517\" srcset=\"https:\/\/www.carideal.com\/blog\/wp-content\/uploads\/2009\/07\/Porsche_derappe_carideal.jpg 470w, https:\/\/www.carideal.com\/blog\/wp-content\/uploads\/2009\/07\/Porsche_derappe_carideal-300x157.jpg 300w, https:\/\/www.carideal.com\/blog\/wp-content\/uploads\/2009\/07\/Porsche_derappe_carideal-50x26.jpg 50w, https:\/\/www.carideal.com\/blog\/wp-content\/uploads\/2009\/07\/Porsche_derappe_carideal-110x58.jpg 110w, https:\/\/www.carideal.com\/blog\/wp-content\/uploads\/2009\/07\/Porsche_derappe_carideal-420x220.jpg 420w\" sizes=\"(max-width: 470px) 100vw, 470px\" \/><figcaption>Les ventes de Porsche plongent \u00e0 la baisse<\/figcaption><\/figure><\/div>\n\n\n\n<p>Les ventes de Porsche plongent : -27 % sur les premiers mois de son exercice comptable, le chiffre d'affaires est donc en baisse, les Porsche Cayenne ne se vendent plus. Porsche n\u2019a gu\u00e8re vendu plus de 30000 voitures sur les premiers mois. Porsche sauve les meuble et son b\u00e9n\u00e9fice gr\u00e2ce \u00e0 sa prise de participation de 50.8% dans volkswagen qui lui permet d\u2019annoncer des bons r\u00e9sultats financiers.\u00a0<\/p>\n\n\n\n<blockquote class=\"wp-block-quote is-layout-flow wp-block-quote-is-layout-flow\"><p>Porsche d\u00e9rappe !<\/p><\/blockquote>\n\n\n\n<h2 class=\"wp-block-heading\">Porsche ne peut \u00e9chapper \u00e0 la tendance g\u00e9n\u00e9rale \u00e0 la baisse<\/h2>\n\n\n\n<p>A Stuttgart. Porsche Automobil Holding SE, n'a pas pu \u00e9chapper \u00e0 la tendance g\u00e9n\u00e9rale \u00e0 la baisse de l'industrie automobile mondiale au cours des six premiers mois de l'exercice 2008\/09 (1er ao\u00fbt 2008 - 31 janvier 2009) et affichera donc une baisse des recettes de 14,3 %, selon les chiffres provisoires, pour atteindre environ trois milliards d'euros. En prenant comme indicateur fondamental l'\u00e9volution des ventes \u00e0 la mi-janvier 2009, les ventes du premier semestre de l'exercice devraient avoir diminu\u00e9 de 27,3 % pour atteindre environ 34 000 unit\u00e9s. Cela a \u00e9t\u00e9 annonc\u00e9 ce vendredi par le pr\u00e9sident et directeur g\u00e9n\u00e9ral de Porsche Automobil Holding SE, le Dr Wendelin Wiedeking, lors de l'assembl\u00e9e g\u00e9n\u00e9rale annuelle de la soci\u00e9t\u00e9 dans la Porsche-Arena de Stuttgart.<\/p>\n\n\n\n<p>Les r\u00e9sultats des six premiers mois ne seront pas publi\u00e9s par Porsche SE avant la pr\u00e9sentation du rapport financier semestriel en mars, car, selon les normes internationales d'information financi\u00e8re (IFRS), les chiffres de Volkswagen pour le quatri\u00e8me trimestre 2008 doivent encore \u00eatre examin\u00e9s et ne sont pas encore disponibles. En outre, le rapport semestriel de Porsche Automobil Holding SE comprendra pour la premi\u00e8re fois des comptes consolid\u00e9s, puisque la part de Porsche Automobil Holding SE dans Volkswagen AG, atteignant 50,76 % du capital ordinaire de VW le 5 janvier 2009, a d\u00e9pass\u00e9 pour la premi\u00e8re fois le seuil de 50 %.<\/p>\n\n\n\n<p>La bien meilleure \u00e9volution des recettes par rapport aux ventes de v\u00e9hicules au cours du premier semestre est due, entre autres facteurs, \u00e0 un changement dans la composition des mod\u00e8les de voitures vendues. D'une part, la s\u00e9rie des mod\u00e8les 911 repr\u00e9sente une part plus importante des ventes globales, d'autre part, la part de la s\u00e9rie des mod\u00e8les Boxster a sensiblement diminu\u00e9. Selon les chiffres provisoires, la 911 repr\u00e9sente 13 500 unit\u00e9s vendues (ann\u00e9e pr\u00e9c\u00e9dente : 16 263 unit\u00e9s), tandis que les ventes de la voiture de sport \u00e0 moteur central de Porsche se sont \u00e9lev\u00e9es \u00e0 environ 3 900 unit\u00e9s (ann\u00e9e pr\u00e9c\u00e9dente : 9 835 unit\u00e9s).<\/p>\n\n\n\n<p>Ces chiffres refl\u00e8tent, d'une part, le succ\u00e8s commercial des nouveaux mod\u00e8les 911 \u00e9quip\u00e9s de l'injection directe de carburant \u00e0 haut rendement et de la bo\u00eete de vitesses \u00e0 double embrayage Porsche-Doppelkupplung (PDK) et, d'autre part, le passage prochain aux nouveaux Boxster et <a href=\"http:\/\/www.carideal.com\/blog\/2013\/04\/07\/porsche-cayman-2-7-pdk\/\">Cayman<\/a>, qui a un effet naturel sur les chiffres de vente actuels. L'introduction de ces nouvelles voitures de sport sur les march\u00e9s d\u00e9butera en f\u00e9vrier. Le Cayenne a affich\u00e9 des performances r\u00e9guli\u00e8res au cours du premier semestre de l'ann\u00e9e 2008\/09 et devrait avoir atteint un volume de ventes d'environ 16 600 unit\u00e9s (ann\u00e9e pr\u00e9c\u00e9dente : 20 638 unit\u00e9s).<\/p>\n\n\n\n<p>Si l'on examine les diff\u00e9rentes r\u00e9gions de march\u00e9, on constate que la tendance g\u00e9n\u00e9rale \u00e0 la baisse de l'industrie automobile se r\u00e9partit de mani\u00e8re assez homog\u00e8ne sur l'ensemble du globe. Les ventes de Porsche en Allemagne au cours de la p\u00e9riode consid\u00e9r\u00e9e devraient avoir atteint 4 150 unit\u00e9s, apr\u00e8s 5 630 unit\u00e9s au cours de la m\u00eame p\u00e9riode l'ann\u00e9e derni\u00e8re. En Am\u00e9rique du Nord, le chiffre correspondant devrait \u00eatre de 11 850 unit\u00e9s (ann\u00e9e pr\u00e9c\u00e9dente : 16 209 unit\u00e9s) et dans le reste du monde, d'environ 18 000 unit\u00e9s (ann\u00e9e pr\u00e9c\u00e9dente : 24 897 unit\u00e9s).<\/p>\n","protected":false},"excerpt":{"rendered":"<p>Les ventes de Porsche 911 en baissent ! Rien n&rsquo;est officiel, mais officieux, au c\u0153ur de la tourmente qui secoue le monde automobile en ce moment, et en m\u00eame temps que ses rapports avec&nbsp;Volkswagen deviennent tendues,&nbsp;Porsche voit ses ventes encore baisser. C&rsquo;est son mod\u00e8le embl\u00e9matique la 911, qui souffre encore, et Porsche envisagerait de baisser &#8230; <a title=\"Les ventes de Porsche 911 en baissent !\" class=\"read-more\" href=\"https:\/\/www.carideal.com\/blog\/2009\/07\/04\/porsche-baisse-la-cadence-de-la-911\/\" aria-label=\"En savoir plus sur Les ventes de Porsche 911 en baissent !\">Lire plus<\/a><\/p>\n","protected":false},"author":1,"featured_media":25495,"comment_status":"open","ping_status":"open","sticky":false,"template":"","format":"standard","meta":{"_uag_custom_page_level_css":"","_themeisle_gutenberg_block_has_review":false,"footnotes":""},"categories":[6062,10],"tags":[],"class_list":["post-699","post","type-post","status-publish","format-standard","has-post-thumbnail","hentry","category-porsche","category-marche-automobile-voiture-neuve-occasion-4x4-suv"],"wppr_data":{"cwp_meta_box_check":"No"},"yoast_head":"<!-- This site is optimized with the Yoast SEO plugin v24.8.1 - https:\/\/yoast.com\/wordpress\/plugins\/seo\/ -->\n<title>Les ventes de Porsche 911 en baissent ! - Blog auto Carid\u00e9al<\/title>\n<meta name=\"description\" content=\"Rien n&#039;est officiel, mais officieux, au c\u0153ur de la tourmente qui secoue le monde automobile en ce moment, Porsche voit ses ventes encore baisser.\" \/>\n<meta name=\"robots\" content=\"index, follow, max-snippet:-1, max-image-preview:large, max-video-preview:-1\" \/>\n<link rel=\"canonical\" href=\"https:\/\/www.carideal.com\/blog\/2009\/07\/04\/porsche-baisse-la-cadence-de-la-911\/\" \/>\n<meta property=\"og:locale\" content=\"fr_FR\" \/>\n<meta property=\"og:type\" content=\"article\" \/>\n<meta property=\"og:title\" content=\"Les ventes de Porsche 911 en baissent ! - Blog auto Carid\u00e9al\" \/>\n<meta property=\"og:description\" content=\"Rien n&#039;est officiel, mais officieux, au c\u0153ur de la tourmente qui secoue le monde automobile en ce moment, Porsche voit ses ventes encore baisser.\" \/>\n<meta property=\"og:url\" content=\"https:\/\/www.carideal.com\/blog\/2009\/07\/04\/porsche-baisse-la-cadence-de-la-911\/\" \/>\n<meta property=\"og:site_name\" content=\"Blog auto Carid\u00e9al\" \/>\n<meta property=\"article:publisher\" content=\"https:\/\/www.facebook.com\/Carideal.mandataire.automobile\" \/>\n<meta property=\"article:author\" content=\"https:\/\/www.facebook.com\/Carideal.mandataire.automobile\/\" \/>\n<meta property=\"article:published_time\" content=\"2009-07-04T11:09:00+00:00\" \/>\n<meta property=\"article:modified_time\" content=\"2020-06-12T07:19:04+00:00\" \/>\n<meta property=\"og:image\" content=\"https:\/\/www.carideal.com\/blog\/wp-content\/uploads\/2009\/07\/Porsche-911_carideal_m.jpg\" \/>\n\t<meta property=\"og:image:width\" content=\"448\" \/>\n\t<meta property=\"og:image:height\" content=\"298\" \/>\n\t<meta property=\"og:image:type\" content=\"image\/jpeg\" \/>\n<meta name=\"author\" content=\"N.S Carideal\" \/>\n<meta name=\"twitter:card\" content=\"summary_large_image\" \/>\n<meta name=\"twitter:creator\" content=\"@caridealauto\" \/>\n<meta name=\"twitter:site\" content=\"@caridealauto\" \/>\n<meta name=\"twitter:label1\" content=\"\u00c9crit par\" \/>\n\t<meta name=\"twitter:data1\" content=\"N.S Carideal\" \/>\n\t<meta name=\"twitter:label2\" content=\"Dur\u00e9e de lecture estim\u00e9e\" \/>\n\t<meta name=\"twitter:data2\" content=\"5 minutes\" \/>\n<script type=\"application\/ld+json\" class=\"yoast-schema-graph\">{\"@context\":\"https:\/\/schema.org\",\"@graph\":[{\"@type\":\"Article\",\"@id\":\"https:\/\/www.carideal.com\/blog\/2009\/07\/04\/porsche-baisse-la-cadence-de-la-911\/#article\",\"isPartOf\":{\"@id\":\"https:\/\/www.carideal.com\/blog\/2009\/07\/04\/porsche-baisse-la-cadence-de-la-911\/\"},\"author\":{\"name\":\"N.S Carideal\",\"@id\":\"https:\/\/www.carideal.com\/blog\/#\/schema\/person\/985c7e757d1042d647f21bfaf8d41ebc\"},\"headline\":\"Les ventes de Porsche 911 en baissent !\",\"datePublished\":\"2009-07-04T11:09:00+00:00\",\"dateModified\":\"2020-06-12T07:19:04+00:00\",\"mainEntityOfPage\":{\"@id\":\"https:\/\/www.carideal.com\/blog\/2009\/07\/04\/porsche-baisse-la-cadence-de-la-911\/\"},\"wordCount\":994,\"commentCount\":0,\"publisher\":{\"@id\":\"https:\/\/www.carideal.com\/blog\/#organization\"},\"image\":{\"@id\":\"https:\/\/www.carideal.com\/blog\/2009\/07\/04\/porsche-baisse-la-cadence-de-la-911\/#primaryimage\"},\"thumbnailUrl\":\"https:\/\/www.carideal.com\/blog\/wp-content\/uploads\/2009\/07\/Porsche-911_carideal_m.jpg\",\"articleSection\":[\"Actualit\u00e9 Porsche\",\"March\u00e9 automobile\"],\"inLanguage\":\"fr-FR\",\"potentialAction\":[{\"@type\":\"CommentAction\",\"name\":\"Comment\",\"target\":[\"https:\/\/www.carideal.com\/blog\/2009\/07\/04\/porsche-baisse-la-cadence-de-la-911\/#respond\"]}]},{\"@type\":\"WebPage\",\"@id\":\"https:\/\/www.carideal.com\/blog\/2009\/07\/04\/porsche-baisse-la-cadence-de-la-911\/\",\"url\":\"https:\/\/www.carideal.com\/blog\/2009\/07\/04\/porsche-baisse-la-cadence-de-la-911\/\",\"name\":\"Les ventes de Porsche 911 en baissent ! - Blog auto Carid\u00e9al\",\"isPartOf\":{\"@id\":\"https:\/\/www.carideal.com\/blog\/#website\"},\"primaryImageOfPage\":{\"@id\":\"https:\/\/www.carideal.com\/blog\/2009\/07\/04\/porsche-baisse-la-cadence-de-la-911\/#primaryimage\"},\"image\":{\"@id\":\"https:\/\/www.carideal.com\/blog\/2009\/07\/04\/porsche-baisse-la-cadence-de-la-911\/#primaryimage\"},\"thumbnailUrl\":\"https:\/\/www.carideal.com\/blog\/wp-content\/uploads\/2009\/07\/Porsche-911_carideal_m.jpg\",\"datePublished\":\"2009-07-04T11:09:00+00:00\",\"dateModified\":\"2020-06-12T07:19:04+00:00\",\"description\":\"Rien n'est officiel, mais officieux, au c\u0153ur de la tourmente qui secoue le monde automobile en ce moment, Porsche voit ses ventes encore baisser.\",\"breadcrumb\":{\"@id\":\"https:\/\/www.carideal.com\/blog\/2009\/07\/04\/porsche-baisse-la-cadence-de-la-911\/#breadcrumb\"},\"inLanguage\":\"fr-FR\",\"potentialAction\":[{\"@type\":\"ReadAction\",\"target\":[\"https:\/\/www.carideal.com\/blog\/2009\/07\/04\/porsche-baisse-la-cadence-de-la-911\/\"]}]},{\"@type\":\"ImageObject\",\"inLanguage\":\"fr-FR\",\"@id\":\"https:\/\/www.carideal.com\/blog\/2009\/07\/04\/porsche-baisse-la-cadence-de-la-911\/#primaryimage\",\"url\":\"https:\/\/www.carideal.com\/blog\/wp-content\/uploads\/2009\/07\/Porsche-911_carideal_m.jpg\",\"contentUrl\":\"https:\/\/www.carideal.com\/blog\/wp-content\/uploads\/2009\/07\/Porsche-911_carideal_m.jpg\",\"width\":448,\"height\":298,\"caption\":\"Les ventes de Porsche 911 en baissent !\"},{\"@type\":\"BreadcrumbList\",\"@id\":\"https:\/\/www.carideal.com\/blog\/2009\/07\/04\/porsche-baisse-la-cadence-de-la-911\/#breadcrumb\",\"itemListElement\":[{\"@type\":\"ListItem\",\"position\":1,\"name\":\"Blog Carid\u00e9al\",\"item\":\"https:\/\/www.carideal.com\/blog\/\"},{\"@type\":\"ListItem\",\"position\":2,\"name\":\"Actualit\u00e9 constructeur automobile\",\"item\":\"https:\/\/www.carideal.com\/blog\/constructeur\/\"},{\"@type\":\"ListItem\",\"position\":3,\"name\":\"Actualit\u00e9 Porsche\",\"item\":\"https:\/\/www.carideal.com\/blog\/constructeur\/porsche\/\"},{\"@type\":\"ListItem\",\"position\":4,\"name\":\"Les ventes de Porsche 911 en baissent !\"}]},{\"@type\":\"WebSite\",\"@id\":\"https:\/\/www.carideal.com\/blog\/#website\",\"url\":\"https:\/\/www.carideal.com\/blog\/\",\"name\":\"Blog auto Carid\u00e9al\",\"description\":\"Actualit\u00e9 auto par des passionn\u00e9s\",\"publisher\":{\"@id\":\"https:\/\/www.carideal.com\/blog\/#organization\"},\"potentialAction\":[{\"@type\":\"SearchAction\",\"target\":{\"@type\":\"EntryPoint\",\"urlTemplate\":\"https:\/\/www.carideal.com\/blog\/?s={search_term_string}\"},\"query-input\":{\"@type\":\"PropertyValueSpecification\",\"valueRequired\":true,\"valueName\":\"search_term_string\"}}],\"inLanguage\":\"fr-FR\"},{\"@type\":\"Organization\",\"@id\":\"https:\/\/www.carideal.com\/blog\/#organization\",\"name\":\"Carideal\",\"url\":\"https:\/\/www.carideal.com\/blog\/\",\"logo\":{\"@type\":\"ImageObject\",\"inLanguage\":\"fr-FR\",\"@id\":\"https:\/\/www.carideal.com\/blog\/#\/schema\/logo\/image\/\",\"url\":\"http:\/\/www.carideal.com\/blog\/wp-content\/uploads\/2016\/03\/logo-carideal-mandataire-automobile.png\",\"contentUrl\":\"http:\/\/www.carideal.com\/blog\/wp-content\/uploads\/2016\/03\/logo-carideal-mandataire-automobile.png\",\"width\":300,\"height\":300,\"caption\":\"Carideal\"},\"image\":{\"@id\":\"https:\/\/www.carideal.com\/blog\/#\/schema\/logo\/image\/\"},\"sameAs\":[\"https:\/\/www.facebook.com\/Carideal.mandataire.automobile\",\"https:\/\/x.com\/caridealauto\",\"https:\/\/www.instagram.com\/carideal1\/\",\"https:\/\/www.linkedin.com\/company\/carideal.com\",\"https:\/\/fr.pinterest.com\/schiavonsas\/\",\"https:\/\/www.youtube.com\/user\/caridealsas\"]},{\"@type\":\"Person\",\"@id\":\"https:\/\/www.carideal.com\/blog\/#\/schema\/person\/985c7e757d1042d647f21bfaf8d41ebc\",\"name\":\"N.S Carideal\",\"image\":{\"@type\":\"ImageObject\",\"inLanguage\":\"fr-FR\",\"@id\":\"https:\/\/www.carideal.com\/blog\/#\/schema\/person\/image\/\",\"url\":\"https:\/\/secure.gravatar.com\/avatar\/edb7ccdf1a4e3d14aef967760d354d0e?s=96&r=g\",\"contentUrl\":\"https:\/\/secure.gravatar.com\/avatar\/edb7ccdf1a4e3d14aef967760d354d0e?s=96&r=g\",\"caption\":\"N.S Carideal\"},\"description\":\"Depuis tout petit fan d'automobile. Il est question d'essayer et de comparer toutes ces voitures qui nous ont fait r\u00e9ver, avant que celles-ci ne devient uniquement des voitures de collection.\",\"sameAs\":[\"http:\/\/www.carideal.com\/blog\",\"https:\/\/www.facebook.com\/Carideal.mandataire.automobile\/\",\"https:\/\/www.linkedin.com\/in\/nschiavon\/\",\"https:\/\/www.youtube.com\/user\/caridealsas\/\"],\"url\":\"https:\/\/www.carideal.com\/blog\/author\/admin_carideal\/\"}]}<\/script>\n<!-- \/ Yoast SEO plugin. -->","yoast_head_json":{"title":"Les ventes de Porsche 911 en baissent ! - Blog auto Carid\u00e9al","description":"Rien n'est officiel, mais officieux, au c\u0153ur de la tourmente qui secoue le monde automobile en ce moment, Porsche voit ses ventes encore baisser.","robots":{"index":"index","follow":"follow","max-snippet":"max-snippet:-1","max-image-preview":"max-image-preview:large","max-video-preview":"max-video-preview:-1"},"canonical":"https:\/\/www.carideal.com\/blog\/2009\/07\/04\/porsche-baisse-la-cadence-de-la-911\/","og_locale":"fr_FR","og_type":"article","og_title":"Les ventes de Porsche 911 en baissent ! - Blog auto Carid\u00e9al","og_description":"Rien n'est officiel, mais officieux, au c\u0153ur de la tourmente qui secoue le monde automobile en ce moment, Porsche voit ses ventes encore baisser.","og_url":"https:\/\/www.carideal.com\/blog\/2009\/07\/04\/porsche-baisse-la-cadence-de-la-911\/","og_site_name":"Blog auto Carid\u00e9al","article_publisher":"https:\/\/www.facebook.com\/Carideal.mandataire.automobile","article_author":"https:\/\/www.facebook.com\/Carideal.mandataire.automobile\/","article_published_time":"2009-07-04T11:09:00+00:00","article_modified_time":"2020-06-12T07:19:04+00:00","og_image":[{"width":448,"height":298,"url":"https:\/\/www.carideal.com\/blog\/wp-content\/uploads\/2009\/07\/Porsche-911_carideal_m.jpg","type":"image\/jpeg"}],"author":"N.S Carideal","twitter_card":"summary_large_image","twitter_creator":"@caridealauto","twitter_site":"@caridealauto","twitter_misc":{"\u00c9crit par":"N.S Carideal","Dur\u00e9e de lecture estim\u00e9e":"5 minutes"},"schema":{"@context":"https:\/\/schema.org","@graph":[{"@type":"Article","@id":"https:\/\/www.carideal.com\/blog\/2009\/07\/04\/porsche-baisse-la-cadence-de-la-911\/#article","isPartOf":{"@id":"https:\/\/www.carideal.com\/blog\/2009\/07\/04\/porsche-baisse-la-cadence-de-la-911\/"},"author":{"name":"N.S Carideal","@id":"https:\/\/www.carideal.com\/blog\/#\/schema\/person\/985c7e757d1042d647f21bfaf8d41ebc"},"headline":"Les ventes de Porsche 911 en baissent !","datePublished":"2009-07-04T11:09:00+00:00","dateModified":"2020-06-12T07:19:04+00:00","mainEntityOfPage":{"@id":"https:\/\/www.carideal.com\/blog\/2009\/07\/04\/porsche-baisse-la-cadence-de-la-911\/"},"wordCount":994,"commentCount":0,"publisher":{"@id":"https:\/\/www.carideal.com\/blog\/#organization"},"image":{"@id":"https:\/\/www.carideal.com\/blog\/2009\/07\/04\/porsche-baisse-la-cadence-de-la-911\/#primaryimage"},"thumbnailUrl":"https:\/\/www.carideal.com\/blog\/wp-content\/uploads\/2009\/07\/Porsche-911_carideal_m.jpg","articleSection":["Actualit\u00e9 Porsche","March\u00e9 automobile"],"inLanguage":"fr-FR","potentialAction":[{"@type":"CommentAction","name":"Comment","target":["https:\/\/www.carideal.com\/blog\/2009\/07\/04\/porsche-baisse-la-cadence-de-la-911\/#respond"]}]},{"@type":"WebPage","@id":"https:\/\/www.carideal.com\/blog\/2009\/07\/04\/porsche-baisse-la-cadence-de-la-911\/","url":"https:\/\/www.carideal.com\/blog\/2009\/07\/04\/porsche-baisse-la-cadence-de-la-911\/","name":"Les ventes de Porsche 911 en baissent ! - Blog auto Carid\u00e9al","isPartOf":{"@id":"https:\/\/www.carideal.com\/blog\/#website"},"primaryImageOfPage":{"@id":"https:\/\/www.carideal.com\/blog\/2009\/07\/04\/porsche-baisse-la-cadence-de-la-911\/#primaryimage"},"image":{"@id":"https:\/\/www.carideal.com\/blog\/2009\/07\/04\/porsche-baisse-la-cadence-de-la-911\/#primaryimage"},"thumbnailUrl":"https:\/\/www.carideal.com\/blog\/wp-content\/uploads\/2009\/07\/Porsche-911_carideal_m.jpg","datePublished":"2009-07-04T11:09:00+00:00","dateModified":"2020-06-12T07:19:04+00:00","description":"Rien n'est officiel, mais officieux, au c\u0153ur de la tourmente qui secoue le monde automobile en ce moment, Porsche voit ses ventes encore baisser.","breadcrumb":{"@id":"https:\/\/www.carideal.com\/blog\/2009\/07\/04\/porsche-baisse-la-cadence-de-la-911\/#breadcrumb"},"inLanguage":"fr-FR","potentialAction":[{"@type":"ReadAction","target":["https:\/\/www.carideal.com\/blog\/2009\/07\/04\/porsche-baisse-la-cadence-de-la-911\/"]}]},{"@type":"ImageObject","inLanguage":"fr-FR","@id":"https:\/\/www.carideal.com\/blog\/2009\/07\/04\/porsche-baisse-la-cadence-de-la-911\/#primaryimage","url":"https:\/\/www.carideal.com\/blog\/wp-content\/uploads\/2009\/07\/Porsche-911_carideal_m.jpg","contentUrl":"https:\/\/www.carideal.com\/blog\/wp-content\/uploads\/2009\/07\/Porsche-911_carideal_m.jpg","width":448,"height":298,"caption":"Les ventes de Porsche 911 en baissent !"},{"@type":"BreadcrumbList","@id":"https:\/\/www.carideal.com\/blog\/2009\/07\/04\/porsche-baisse-la-cadence-de-la-911\/#breadcrumb","itemListElement":[{"@type":"ListItem","position":1,"name":"Blog Carid\u00e9al","item":"https:\/\/www.carideal.com\/blog\/"},{"@type":"ListItem","position":2,"name":"Actualit\u00e9 constructeur automobile","item":"https:\/\/www.carideal.com\/blog\/constructeur\/"},{"@type":"ListItem","position":3,"name":"Actualit\u00e9 Porsche","item":"https:\/\/www.carideal.com\/blog\/constructeur\/porsche\/"},{"@type":"ListItem","position":4,"name":"Les ventes de Porsche 911 en baissent !"}]},{"@type":"WebSite","@id":"https:\/\/www.carideal.com\/blog\/#website","url":"https:\/\/www.carideal.com\/blog\/","name":"Blog auto Carid\u00e9al","description":"Actualit\u00e9 auto par des passionn\u00e9s","publisher":{"@id":"https:\/\/www.carideal.com\/blog\/#organization"},"potentialAction":[{"@type":"SearchAction","target":{"@type":"EntryPoint","urlTemplate":"https:\/\/www.carideal.com\/blog\/?s={search_term_string}"},"query-input":{"@type":"PropertyValueSpecification","valueRequired":true,"valueName":"search_term_string"}}],"inLanguage":"fr-FR"},{"@type":"Organization","@id":"https:\/\/www.carideal.com\/blog\/#organization","name":"Carideal","url":"https:\/\/www.carideal.com\/blog\/","logo":{"@type":"ImageObject","inLanguage":"fr-FR","@id":"https:\/\/www.carideal.com\/blog\/#\/schema\/logo\/image\/","url":"http:\/\/www.carideal.com\/blog\/wp-content\/uploads\/2016\/03\/logo-carideal-mandataire-automobile.png","contentUrl":"http:\/\/www.carideal.com\/blog\/wp-content\/uploads\/2016\/03\/logo-carideal-mandataire-automobile.png","width":300,"height":300,"caption":"Carideal"},"image":{"@id":"https:\/\/www.carideal.com\/blog\/#\/schema\/logo\/image\/"},"sameAs":["https:\/\/www.facebook.com\/Carideal.mandataire.automobile","https:\/\/x.com\/caridealauto","https:\/\/www.instagram.com\/carideal1\/","https:\/\/www.linkedin.com\/company\/carideal.com","https:\/\/fr.pinterest.com\/schiavonsas\/","https:\/\/www.youtube.com\/user\/caridealsas"]},{"@type":"Person","@id":"https:\/\/www.carideal.com\/blog\/#\/schema\/person\/985c7e757d1042d647f21bfaf8d41ebc","name":"N.S Carideal","image":{"@type":"ImageObject","inLanguage":"fr-FR","@id":"https:\/\/www.carideal.com\/blog\/#\/schema\/person\/image\/","url":"https:\/\/secure.gravatar.com\/avatar\/edb7ccdf1a4e3d14aef967760d354d0e?s=96&r=g","contentUrl":"https:\/\/secure.gravatar.com\/avatar\/edb7ccdf1a4e3d14aef967760d354d0e?s=96&r=g","caption":"N.S Carideal"},"description":"Depuis tout petit fan d'automobile. Il est question d'essayer et de comparer toutes ces voitures qui nous ont fait r\u00e9ver, avant que celles-ci ne devient uniquement des voitures de collection.","sameAs":["http:\/\/www.carideal.com\/blog","https:\/\/www.facebook.com\/Carideal.mandataire.automobile\/","https:\/\/www.linkedin.com\/in\/nschiavon\/","https:\/\/www.youtube.com\/user\/caridealsas\/"],"url":"https:\/\/www.carideal.com\/blog\/author\/admin_carideal\/"}]}},"uagb_featured_image_src":{"full":["https:\/\/www.carideal.com\/blog\/wp-content\/uploads\/2009\/07\/Porsche-911_carideal_m.jpg",448,298,false],"thumbnail":["https:\/\/www.carideal.com\/blog\/wp-content\/uploads\/2009\/07\/Porsche-911_carideal_m-150x150.jpg",150,150,true],"medium":["https:\/\/www.carideal.com\/blog\/wp-content\/uploads\/2009\/07\/Porsche-911_carideal_m-300x200.jpg",300,200,true],"medium_large":["https:\/\/www.carideal.com\/blog\/wp-content\/uploads\/2009\/07\/Porsche-911_carideal_m.jpg",448,298,false],"large":["https:\/\/www.carideal.com\/blog\/wp-content\/uploads\/2009\/07\/Porsche-911_carideal_m.jpg",448,298,false],"1536x1536":["https:\/\/www.carideal.com\/blog\/wp-content\/uploads\/2009\/07\/Porsche-911_carideal_m.jpg",448,298,false],"2048x2048":["https:\/\/www.carideal.com\/blog\/wp-content\/uploads\/2009\/07\/Porsche-911_carideal_m.jpg",448,298,false],"wppr-widget":["https:\/\/www.carideal.com\/blog\/wp-content\/uploads\/2009\/07\/Porsche-911_carideal_m-50x33.jpg",50,33,true]},"uagb_author_info":{"display_name":"N.S Carideal","author_link":"https:\/\/www.carideal.com\/blog\/author\/admin_carideal\/"},"uagb_comment_info":0,"uagb_excerpt":"Les ventes de Porsche 911 en baissent ! Rien n'est officiel, mais officieux, au c\u0153ur de la tourmente qui secoue le monde automobile en ce moment, et en m\u00eame temps que ses rapports avec&nbsp;Volkswagen deviennent tendues,&nbsp;Porsche voit ses ventes encore baisser. C'est son mod\u00e8le embl\u00e9matique la 911, qui souffre encore, et Porsche envisagerait de baisser\u2026","_links":{"self":[{"href":"https:\/\/www.carideal.com\/blog\/wp-json\/wp\/v2\/posts\/699"}],"collection":[{"href":"https:\/\/www.carideal.com\/blog\/wp-json\/wp\/v2\/posts"}],"about":[{"href":"https:\/\/www.carideal.com\/blog\/wp-json\/wp\/v2\/types\/post"}],"author":[{"embeddable":true,"href":"https:\/\/www.carideal.com\/blog\/wp-json\/wp\/v2\/users\/1"}],"replies":[{"embeddable":true,"href":"https:\/\/www.carideal.com\/blog\/wp-json\/wp\/v2\/comments?post=699"}],"version-history":[{"count":0,"href":"https:\/\/www.carideal.com\/blog\/wp-json\/wp\/v2\/posts\/699\/revisions"}],"wp:featuredmedia":[{"embeddable":true,"href":"https:\/\/www.carideal.com\/blog\/wp-json\/wp\/v2\/media\/25495"}],"wp:attachment":[{"href":"https:\/\/www.carideal.com\/blog\/wp-json\/wp\/v2\/media?parent=699"}],"wp:term":[{"taxonomy":"category","embeddable":true,"href":"https:\/\/www.carideal.com\/blog\/wp-json\/wp\/v2\/categories?post=699"},{"taxonomy":"post_tag","embeddable":true,"href":"https:\/\/www.carideal.com\/blog\/wp-json\/wp\/v2\/tags?post=699"}],"curies":[{"name":"wp","href":"https:\/\/api.w.org\/{rel}","templated":true}]}}