{"id":6880,"date":"2015-10-07T09:20:25","date_gmt":"2015-10-07T07:20:25","guid":{"rendered":"http:\/\/www.carideal.com\/blog\/?p=6880"},"modified":"2015-12-31T13:32:22","modified_gmt":"2015-12-31T12:32:22","slug":"des-taxis-autonomes-au-japon","status":"publish","type":"post","link":"https:\/\/www.carideal.com\/blog\/2015\/10\/07\/des-taxis-autonomes-au-japon\/","title":{"rendered":"Taxi autonome au Japon d\u00e8s 2016"},"content":{"rendered":"<figure id=\"attachment_6881\" aria-describedby=\"caption-attachment-6881\" style=\"width: 290px\" class=\"wp-caption alignnone\"><a href=\"http:\/\/www.carideal.com\/blog\/wp-content\/uploads\/2015\/10\/taxi-autonome-japon-blog-carideal.jpg\"><img loading=\"lazy\" decoding=\"async\" class=\"wp-image-6881 size-medium\" title=\"Taxi autonome au Japon en 2016\" src=\"http:\/\/www.carideal.com\/blog\/wp-content\/uploads\/2015\/10\/taxi-autonome-japon-blog-carideal-300x130.jpg\" alt=\"Taxi autonome au Japon en 2016\" width=\"300\" height=\"130\" srcset=\"https:\/\/www.carideal.com\/blog\/wp-content\/uploads\/2015\/10\/taxi-autonome-japon-blog-carideal-300x130.jpg 300w, https:\/\/www.carideal.com\/blog\/wp-content\/uploads\/2015\/10\/taxi-autonome-japon-blog-carideal-624x271.jpg 624w, https:\/\/www.carideal.com\/blog\/wp-content\/uploads\/2015\/10\/taxi-autonome-japon-blog-carideal.jpg 660w\" sizes=\"(max-width: 300px) 100vw, 300px\" \/><\/a><figcaption id=\"caption-attachment-6881\" class=\"wp-caption-text\">Taxi autonome au Japon en 2016<\/figcaption><\/figure>\n<h1><strong>Taxi autonome au Japon \u00e0 partir de\u00a02016<\/strong><\/h1>\n<p><strong>La population est vieillissante au Japon<\/strong>, et la soci\u00e9t\u00e9 Japonaise Robot Taxi Inc. vient d'annoncer le lancement de taxi autonome dans les rue de Fujisawa, \u00e0 cot\u00e9 de Tokyo. Les robots ne semblent plus cantonn\u00e9s aux taches m\u00e9nag\u00e8res. Ainsi, les chauffeurs de taxi vont \u00eatre remplac\u00e9s.<\/p>\n<p>L'exp\u00e9rience devrait commencer en mars 2016, et \u00eatre cibl\u00e9 dans un premier temps pour aider les personnes \u00e2g\u00e9es s\u00e9sirant faire de petites courses. Dans un premier temps, une personne restera \u00e0 l\u2019avant du <span style=\"text-decoration: underline;\"><a href=\"http:\/\/www.carideal.com\/blog\/2015\/10\/07\/navya-arma-un-vehicule-de-transport-collectif-autonome-dune-capacite-de-15-personnes\/\">taxi<\/a><\/span> afin de pr\u00e9voir tout probl\u00e8me \u00e9ventuel. Les v\u00e9hicules servant de base \u00e0 ces taxis sont des minivans <span style=\"text-decoration: underline;\"><a href=\"http:\/\/www.carideal.com\/blog\/2015\/05\/05\/des-nouvelles-hybrides-avant-2019-pour-ds-citroen-peugeot\/\">hybrides<\/a><\/span> <a href=\"http:\/\/www.carideal.com\/blog\/2014\/06\/17\/toyota-depasse-gm\/\">Toyota<\/a> Estima remani\u00e9s, afin d'effectuer des trajets de 3 kilom\u00e8tres.<br \/>\nEn cas de r\u00e9ussite Robot Taxi Inc. g\u00e9n\u00e9ralisera ce service \u00e0 l\u2019ensemble de la population pour les jeux Olympiques de Tokyo en 2020.<\/p>\n<p>La population Japonaise est en phase de d\u00e9clin d\u00e9mographique depuis 2005, et perd 0,2 % de perte de population tout les ans. Le nombre de conducteurs \u00e2g\u00e9s de plus de 75 ans atteindra 5 millions en 2018... Cette tranche d'\u00e2ge repr\u00e9sente 20 % des <span style=\"text-decoration: underline;\"><a href=\"http:\/\/www.carideal.com\/blog\/2014\/06\/12\/baisse-des-accidents-de-la-route\/\">accident<\/a>s<\/span> depuis les derniers dix ans. d\u00e9cennie.<\/p>\n<p>Robot Taxi Inc., une joint venture entre DeNA Co. et ZMP Inc., vient de faire savoir qu'elle va exp\u00e9rimenter des essais de roulage de taxi autonome sur routes publiques en 2016.<\/p>\n<p><iframe loading=\"lazy\" src=\"https:\/\/www.youtube.com\/embed\/D6wgTIJ5e00\" width=\"560\" height=\"315\" frameborder=\"0\" allowfullscreen=\"allowfullscreen\"><\/iframe><\/p>\n","protected":false},"excerpt":{"rendered":"<p>Taxi autonome au Japon \u00e0 partir de\u00a02016 La population est vieillissante au Japon, et la soci\u00e9t\u00e9 Japonaise Robot Taxi Inc. vient d&rsquo;annoncer le lancement de taxi autonome dans les rue de Fujisawa, \u00e0 cot\u00e9 de Tokyo. Les robots ne semblent plus cantonn\u00e9s aux taches m\u00e9nag\u00e8res. Ainsi, les chauffeurs de taxi vont \u00eatre remplac\u00e9s. L&rsquo;exp\u00e9rience devrait &#8230; <a title=\"Taxi autonome au Japon d\u00e8s 2016\" class=\"read-more\" href=\"https:\/\/www.carideal.com\/blog\/2015\/10\/07\/des-taxis-autonomes-au-japon\/\" aria-label=\"En savoir plus sur Taxi autonome au Japon d\u00e8s 2016\">Lire plus<\/a><\/p>\n","protected":false},"author":3,"featured_media":0,"comment_status":"open","ping_status":"open","sticky":false,"template":"","format":"standard","meta":{"_uag_custom_page_level_css":"","_themeisle_gutenberg_block_has_review":false,"footnotes":""},"categories":[21,9,6041,5983,15,5974],"tags":[],"class_list":["post-6880","post","type-post","status-publish","format-standard","hentry","category-actualites-auto","category-divers","category-nouvelles-technologies","category-protypes","category-radar-et-securite-routiere","category-type-de-vehicule"],"wppr_data":[],"yoast_head":"<!-- This site is optimized with the Yoast SEO plugin v24.8.1 - https:\/\/yoast.com\/wordpress\/plugins\/seo\/ -->\n<title>Taxi autonome au Japon d\u00e8s 2016 - Blog auto Carid\u00e9al<\/title>\n<meta name=\"description\" content=\"Des Taxi autonome au Japon d\u00e8s 2016. La soci\u00e9t\u00e9\u00a0Japonaise Robot Taxi Inc. vient d&#039;annoncer le lancement de taxi autonome dans les rue de Fujisawa\" \/>\n<meta name=\"robots\" content=\"index, follow, max-snippet:-1, max-image-preview:large, max-video-preview:-1\" \/>\n<link rel=\"canonical\" href=\"https:\/\/www.carideal.com\/blog\/2015\/10\/07\/des-taxis-autonomes-au-japon\/\" \/>\n<meta property=\"og:locale\" content=\"fr_FR\" \/>\n<meta property=\"og:type\" content=\"article\" \/>\n<meta property=\"og:title\" content=\"Taxi autonome au Japon d\u00e8s 2016 - Blog auto Carid\u00e9al\" \/>\n<meta property=\"og:description\" content=\"Des Taxi autonome au Japon d\u00e8s 2016. La soci\u00e9t\u00e9\u00a0Japonaise Robot Taxi Inc. vient d&#039;annoncer le lancement de taxi autonome dans les rue de Fujisawa\" \/>\n<meta property=\"og:url\" content=\"https:\/\/www.carideal.com\/blog\/2015\/10\/07\/des-taxis-autonomes-au-japon\/\" \/>\n<meta property=\"og:site_name\" content=\"Blog auto Carid\u00e9al\" \/>\n<meta property=\"article:publisher\" content=\"https:\/\/www.facebook.com\/Carideal.mandataire.automobile\" \/>\n<meta property=\"article:author\" content=\"https:\/\/www.facebook.com\/nicolas.schiavon.39\" \/>\n<meta property=\"article:published_time\" content=\"2015-10-07T07:20:25+00:00\" \/>\n<meta property=\"article:modified_time\" content=\"2015-12-31T12:32:22+00:00\" \/>\n<meta property=\"og:image\" content=\"http:\/\/www.carideal.com\/blog\/wp-content\/uploads\/2015\/10\/taxi-autonome-japon-blog-carideal-300x130.jpg\" \/>\n<meta name=\"author\" content=\"Nicolas SCHIAVON\" \/>\n<meta name=\"twitter:card\" content=\"summary_large_image\" \/>\n<meta name=\"twitter:creator\" content=\"@caridealauto\" \/>\n<meta name=\"twitter:site\" content=\"@caridealauto\" \/>\n<meta name=\"twitter:label1\" content=\"\u00c9crit par\" \/>\n\t<meta name=\"twitter:data1\" content=\"Nicolas SCHIAVON\" \/>\n\t<meta name=\"twitter:label2\" content=\"Dur\u00e9e de lecture estim\u00e9e\" \/>\n\t<meta name=\"twitter:data2\" content=\"1 minute\" \/>\n<script type=\"application\/ld+json\" class=\"yoast-schema-graph\">{\"@context\":\"https:\/\/schema.org\",\"@graph\":[{\"@type\":\"Article\",\"@id\":\"https:\/\/www.carideal.com\/blog\/2015\/10\/07\/des-taxis-autonomes-au-japon\/#article\",\"isPartOf\":{\"@id\":\"https:\/\/www.carideal.com\/blog\/2015\/10\/07\/des-taxis-autonomes-au-japon\/\"},\"author\":{\"name\":\"Nicolas SCHIAVON\",\"@id\":\"https:\/\/www.carideal.com\/blog\/#\/schema\/person\/cd95dc7919660de90d31b366f85be1ec\"},\"headline\":\"Taxi autonome au Japon d\u00e8s 2016\",\"datePublished\":\"2015-10-07T07:20:25+00:00\",\"dateModified\":\"2015-12-31T12:32:22+00:00\",\"mainEntityOfPage\":{\"@id\":\"https:\/\/www.carideal.com\/blog\/2015\/10\/07\/des-taxis-autonomes-au-japon\/\"},\"wordCount\":246,\"commentCount\":0,\"publisher\":{\"@id\":\"https:\/\/www.carideal.com\/blog\/#organization\"},\"image\":{\"@id\":\"https:\/\/www.carideal.com\/blog\/2015\/10\/07\/des-taxis-autonomes-au-japon\/#primaryimage\"},\"thumbnailUrl\":\"http:\/\/www.carideal.com\/blog\/wp-content\/uploads\/2015\/10\/taxi-autonome-japon-blog-carideal-300x130.jpg\",\"articleSection\":[\"Actualit\u00e9 automobile\",\"Divers\",\"Nouvelles Technologies automobile\",\"Prototype voiture\",\"Radar et s\u00e9curit\u00e9 routi\u00e8re\",\"Type de v\u00e9hicule\"],\"inLanguage\":\"fr-FR\",\"potentialAction\":[{\"@type\":\"CommentAction\",\"name\":\"Comment\",\"target\":[\"https:\/\/www.carideal.com\/blog\/2015\/10\/07\/des-taxis-autonomes-au-japon\/#respond\"]}]},{\"@type\":\"WebPage\",\"@id\":\"https:\/\/www.carideal.com\/blog\/2015\/10\/07\/des-taxis-autonomes-au-japon\/\",\"url\":\"https:\/\/www.carideal.com\/blog\/2015\/10\/07\/des-taxis-autonomes-au-japon\/\",\"name\":\"Taxi autonome au Japon d\u00e8s 2016 - Blog auto Carid\u00e9al\",\"isPartOf\":{\"@id\":\"https:\/\/www.carideal.com\/blog\/#website\"},\"primaryImageOfPage\":{\"@id\":\"https:\/\/www.carideal.com\/blog\/2015\/10\/07\/des-taxis-autonomes-au-japon\/#primaryimage\"},\"image\":{\"@id\":\"https:\/\/www.carideal.com\/blog\/2015\/10\/07\/des-taxis-autonomes-au-japon\/#primaryimage\"},\"thumbnailUrl\":\"http:\/\/www.carideal.com\/blog\/wp-content\/uploads\/2015\/10\/taxi-autonome-japon-blog-carideal-300x130.jpg\",\"datePublished\":\"2015-10-07T07:20:25+00:00\",\"dateModified\":\"2015-12-31T12:32:22+00:00\",\"description\":\"Des Taxi autonome au Japon d\u00e8s 2016. La soci\u00e9t\u00e9\u00a0Japonaise Robot Taxi Inc. vient d'annoncer le lancement de taxi autonome dans les rue de Fujisawa\",\"breadcrumb\":{\"@id\":\"https:\/\/www.carideal.com\/blog\/2015\/10\/07\/des-taxis-autonomes-au-japon\/#breadcrumb\"},\"inLanguage\":\"fr-FR\",\"potentialAction\":[{\"@type\":\"ReadAction\",\"target\":[\"https:\/\/www.carideal.com\/blog\/2015\/10\/07\/des-taxis-autonomes-au-japon\/\"]}]},{\"@type\":\"ImageObject\",\"inLanguage\":\"fr-FR\",\"@id\":\"https:\/\/www.carideal.com\/blog\/2015\/10\/07\/des-taxis-autonomes-au-japon\/#primaryimage\",\"url\":\"http:\/\/www.carideal.com\/blog\/wp-content\/uploads\/2015\/10\/taxi-autonome-japon-blog-carideal-300x130.jpg\",\"contentUrl\":\"http:\/\/www.carideal.com\/blog\/wp-content\/uploads\/2015\/10\/taxi-autonome-japon-blog-carideal-300x130.jpg\"},{\"@type\":\"BreadcrumbList\",\"@id\":\"https:\/\/www.carideal.com\/blog\/2015\/10\/07\/des-taxis-autonomes-au-japon\/#breadcrumb\",\"itemListElement\":[{\"@type\":\"ListItem\",\"position\":1,\"name\":\"Blog Carid\u00e9al\",\"item\":\"https:\/\/www.carideal.com\/blog\/\"},{\"@type\":\"ListItem\",\"position\":2,\"name\":\"Divers\",\"item\":\"https:\/\/www.carideal.com\/blog\/divers\/\"},{\"@type\":\"ListItem\",\"position\":3,\"name\":\"Nouvelles Technologies automobile\",\"item\":\"https:\/\/www.carideal.com\/blog\/divers\/nouvelles-technologies\/\"},{\"@type\":\"ListItem\",\"position\":4,\"name\":\"Taxi autonome au Japon d\u00e8s 2016\"}]},{\"@type\":\"WebSite\",\"@id\":\"https:\/\/www.carideal.com\/blog\/#website\",\"url\":\"https:\/\/www.carideal.com\/blog\/\",\"name\":\"Blog auto Carid\u00e9al\",\"description\":\"Actualit\u00e9 auto par des passionn\u00e9s\",\"publisher\":{\"@id\":\"https:\/\/www.carideal.com\/blog\/#organization\"},\"potentialAction\":[{\"@type\":\"SearchAction\",\"target\":{\"@type\":\"EntryPoint\",\"urlTemplate\":\"https:\/\/www.carideal.com\/blog\/?s={search_term_string}\"},\"query-input\":{\"@type\":\"PropertyValueSpecification\",\"valueRequired\":true,\"valueName\":\"search_term_string\"}}],\"inLanguage\":\"fr-FR\"},{\"@type\":\"Organization\",\"@id\":\"https:\/\/www.carideal.com\/blog\/#organization\",\"name\":\"Carideal\",\"url\":\"https:\/\/www.carideal.com\/blog\/\",\"logo\":{\"@type\":\"ImageObject\",\"inLanguage\":\"fr-FR\",\"@id\":\"https:\/\/www.carideal.com\/blog\/#\/schema\/logo\/image\/\",\"url\":\"http:\/\/www.carideal.com\/blog\/wp-content\/uploads\/2016\/03\/logo-carideal-mandataire-automobile.png\",\"contentUrl\":\"http:\/\/www.carideal.com\/blog\/wp-content\/uploads\/2016\/03\/logo-carideal-mandataire-automobile.png\",\"width\":300,\"height\":300,\"caption\":\"Carideal\"},\"image\":{\"@id\":\"https:\/\/www.carideal.com\/blog\/#\/schema\/logo\/image\/\"},\"sameAs\":[\"https:\/\/www.facebook.com\/Carideal.mandataire.automobile\",\"https:\/\/x.com\/caridealauto\",\"https:\/\/www.instagram.com\/carideal1\/\",\"https:\/\/www.linkedin.com\/company\/carideal.com\",\"https:\/\/fr.pinterest.com\/schiavonsas\/\",\"https:\/\/www.youtube.com\/user\/caridealsas\"]},{\"@type\":\"Person\",\"@id\":\"https:\/\/www.carideal.com\/blog\/#\/schema\/person\/cd95dc7919660de90d31b366f85be1ec\",\"name\":\"Nicolas SCHIAVON\",\"image\":{\"@type\":\"ImageObject\",\"inLanguage\":\"fr-FR\",\"@id\":\"https:\/\/www.carideal.com\/blog\/#\/schema\/person\/image\/\",\"url\":\"https:\/\/secure.gravatar.com\/avatar\/c17e55009e671d92cc7f5dc837dc418a?s=96&r=g\",\"contentUrl\":\"https:\/\/secure.gravatar.com\/avatar\/c17e55009e671d92cc7f5dc837dc418a?s=96&r=g\",\"caption\":\"Nicolas SCHIAVON\"},\"description\":\"Nicolas Schiavon est tomb\u00e9 tout petit dans la marmite automobile. Ayant eu un garage de marque automobile, mandataire automobile de la premi\u00e8re heure d\u00e8s 1999. Nicolas a cr\u00e9\u00e9 ces premiers sites de vente de voiture et blog automobile d\u00e8s 1994. Carideal est n\u00e9 le 15 d\u00e9cembre 2000 de la volont\u00e9 de vendre des voitures d'occasions en ligne puis des voitures neuves. Il a pu essayer beaucoup de voitures tr\u00e8s diff\u00e9rentes et ayant eu personnellement quelques belles autos, Subaru Impreza, Mitsubishi Lancer Evo 7, Porsche 911, Ferrari Testarrossa, Audi RS3, RS4 et j'en passe...\",\"sameAs\":[\"http:\/\/www.carideal.com\",\"https:\/\/www.facebook.com\/nicolas.schiavon.39\",\"https:\/\/www.instagram.com\/carideal1\/\",\"https:\/\/www.linkedin.com\/in\/nschiavon\/\",\"https:\/\/x.com\/caridealauto\",\"https:\/\/www.youtube.com\/user\/caridealsas\/\"],\"url\":\"https:\/\/www.carideal.com\/blog\/author\/nschiavon\/\"}]}<\/script>\n<!-- \/ Yoast SEO plugin. -->","yoast_head_json":{"title":"Taxi autonome au Japon d\u00e8s 2016 - Blog auto Carid\u00e9al","description":"Des Taxi autonome au Japon d\u00e8s 2016. La soci\u00e9t\u00e9\u00a0Japonaise Robot Taxi Inc. vient d'annoncer le lancement de taxi autonome dans les rue de Fujisawa","robots":{"index":"index","follow":"follow","max-snippet":"max-snippet:-1","max-image-preview":"max-image-preview:large","max-video-preview":"max-video-preview:-1"},"canonical":"https:\/\/www.carideal.com\/blog\/2015\/10\/07\/des-taxis-autonomes-au-japon\/","og_locale":"fr_FR","og_type":"article","og_title":"Taxi autonome au Japon d\u00e8s 2016 - Blog auto Carid\u00e9al","og_description":"Des Taxi autonome au Japon d\u00e8s 2016. La soci\u00e9t\u00e9\u00a0Japonaise Robot Taxi Inc. vient d'annoncer le lancement de taxi autonome dans les rue de Fujisawa","og_url":"https:\/\/www.carideal.com\/blog\/2015\/10\/07\/des-taxis-autonomes-au-japon\/","og_site_name":"Blog auto Carid\u00e9al","article_publisher":"https:\/\/www.facebook.com\/Carideal.mandataire.automobile","article_author":"https:\/\/www.facebook.com\/nicolas.schiavon.39","article_published_time":"2015-10-07T07:20:25+00:00","article_modified_time":"2015-12-31T12:32:22+00:00","og_image":[{"url":"http:\/\/www.carideal.com\/blog\/wp-content\/uploads\/2015\/10\/taxi-autonome-japon-blog-carideal-300x130.jpg","type":"","width":"","height":""}],"author":"Nicolas SCHIAVON","twitter_card":"summary_large_image","twitter_creator":"@caridealauto","twitter_site":"@caridealauto","twitter_misc":{"\u00c9crit par":"Nicolas SCHIAVON","Dur\u00e9e de lecture estim\u00e9e":"1 minute"},"schema":{"@context":"https:\/\/schema.org","@graph":[{"@type":"Article","@id":"https:\/\/www.carideal.com\/blog\/2015\/10\/07\/des-taxis-autonomes-au-japon\/#article","isPartOf":{"@id":"https:\/\/www.carideal.com\/blog\/2015\/10\/07\/des-taxis-autonomes-au-japon\/"},"author":{"name":"Nicolas SCHIAVON","@id":"https:\/\/www.carideal.com\/blog\/#\/schema\/person\/cd95dc7919660de90d31b366f85be1ec"},"headline":"Taxi autonome au Japon d\u00e8s 2016","datePublished":"2015-10-07T07:20:25+00:00","dateModified":"2015-12-31T12:32:22+00:00","mainEntityOfPage":{"@id":"https:\/\/www.carideal.com\/blog\/2015\/10\/07\/des-taxis-autonomes-au-japon\/"},"wordCount":246,"commentCount":0,"publisher":{"@id":"https:\/\/www.carideal.com\/blog\/#organization"},"image":{"@id":"https:\/\/www.carideal.com\/blog\/2015\/10\/07\/des-taxis-autonomes-au-japon\/#primaryimage"},"thumbnailUrl":"http:\/\/www.carideal.com\/blog\/wp-content\/uploads\/2015\/10\/taxi-autonome-japon-blog-carideal-300x130.jpg","articleSection":["Actualit\u00e9 automobile","Divers","Nouvelles Technologies automobile","Prototype voiture","Radar et s\u00e9curit\u00e9 routi\u00e8re","Type de v\u00e9hicule"],"inLanguage":"fr-FR","potentialAction":[{"@type":"CommentAction","name":"Comment","target":["https:\/\/www.carideal.com\/blog\/2015\/10\/07\/des-taxis-autonomes-au-japon\/#respond"]}]},{"@type":"WebPage","@id":"https:\/\/www.carideal.com\/blog\/2015\/10\/07\/des-taxis-autonomes-au-japon\/","url":"https:\/\/www.carideal.com\/blog\/2015\/10\/07\/des-taxis-autonomes-au-japon\/","name":"Taxi autonome au Japon d\u00e8s 2016 - Blog auto Carid\u00e9al","isPartOf":{"@id":"https:\/\/www.carideal.com\/blog\/#website"},"primaryImageOfPage":{"@id":"https:\/\/www.carideal.com\/blog\/2015\/10\/07\/des-taxis-autonomes-au-japon\/#primaryimage"},"image":{"@id":"https:\/\/www.carideal.com\/blog\/2015\/10\/07\/des-taxis-autonomes-au-japon\/#primaryimage"},"thumbnailUrl":"http:\/\/www.carideal.com\/blog\/wp-content\/uploads\/2015\/10\/taxi-autonome-japon-blog-carideal-300x130.jpg","datePublished":"2015-10-07T07:20:25+00:00","dateModified":"2015-12-31T12:32:22+00:00","description":"Des Taxi autonome au Japon d\u00e8s 2016. La soci\u00e9t\u00e9\u00a0Japonaise Robot Taxi Inc. vient d'annoncer le lancement de taxi autonome dans les rue de Fujisawa","breadcrumb":{"@id":"https:\/\/www.carideal.com\/blog\/2015\/10\/07\/des-taxis-autonomes-au-japon\/#breadcrumb"},"inLanguage":"fr-FR","potentialAction":[{"@type":"ReadAction","target":["https:\/\/www.carideal.com\/blog\/2015\/10\/07\/des-taxis-autonomes-au-japon\/"]}]},{"@type":"ImageObject","inLanguage":"fr-FR","@id":"https:\/\/www.carideal.com\/blog\/2015\/10\/07\/des-taxis-autonomes-au-japon\/#primaryimage","url":"http:\/\/www.carideal.com\/blog\/wp-content\/uploads\/2015\/10\/taxi-autonome-japon-blog-carideal-300x130.jpg","contentUrl":"http:\/\/www.carideal.com\/blog\/wp-content\/uploads\/2015\/10\/taxi-autonome-japon-blog-carideal-300x130.jpg"},{"@type":"BreadcrumbList","@id":"https:\/\/www.carideal.com\/blog\/2015\/10\/07\/des-taxis-autonomes-au-japon\/#breadcrumb","itemListElement":[{"@type":"ListItem","position":1,"name":"Blog Carid\u00e9al","item":"https:\/\/www.carideal.com\/blog\/"},{"@type":"ListItem","position":2,"name":"Divers","item":"https:\/\/www.carideal.com\/blog\/divers\/"},{"@type":"ListItem","position":3,"name":"Nouvelles Technologies automobile","item":"https:\/\/www.carideal.com\/blog\/divers\/nouvelles-technologies\/"},{"@type":"ListItem","position":4,"name":"Taxi autonome au Japon d\u00e8s 2016"}]},{"@type":"WebSite","@id":"https:\/\/www.carideal.com\/blog\/#website","url":"https:\/\/www.carideal.com\/blog\/","name":"Blog auto Carid\u00e9al","description":"Actualit\u00e9 auto par des passionn\u00e9s","publisher":{"@id":"https:\/\/www.carideal.com\/blog\/#organization"},"potentialAction":[{"@type":"SearchAction","target":{"@type":"EntryPoint","urlTemplate":"https:\/\/www.carideal.com\/blog\/?s={search_term_string}"},"query-input":{"@type":"PropertyValueSpecification","valueRequired":true,"valueName":"search_term_string"}}],"inLanguage":"fr-FR"},{"@type":"Organization","@id":"https:\/\/www.carideal.com\/blog\/#organization","name":"Carideal","url":"https:\/\/www.carideal.com\/blog\/","logo":{"@type":"ImageObject","inLanguage":"fr-FR","@id":"https:\/\/www.carideal.com\/blog\/#\/schema\/logo\/image\/","url":"http:\/\/www.carideal.com\/blog\/wp-content\/uploads\/2016\/03\/logo-carideal-mandataire-automobile.png","contentUrl":"http:\/\/www.carideal.com\/blog\/wp-content\/uploads\/2016\/03\/logo-carideal-mandataire-automobile.png","width":300,"height":300,"caption":"Carideal"},"image":{"@id":"https:\/\/www.carideal.com\/blog\/#\/schema\/logo\/image\/"},"sameAs":["https:\/\/www.facebook.com\/Carideal.mandataire.automobile","https:\/\/x.com\/caridealauto","https:\/\/www.instagram.com\/carideal1\/","https:\/\/www.linkedin.com\/company\/carideal.com","https:\/\/fr.pinterest.com\/schiavonsas\/","https:\/\/www.youtube.com\/user\/caridealsas"]},{"@type":"Person","@id":"https:\/\/www.carideal.com\/blog\/#\/schema\/person\/cd95dc7919660de90d31b366f85be1ec","name":"Nicolas SCHIAVON","image":{"@type":"ImageObject","inLanguage":"fr-FR","@id":"https:\/\/www.carideal.com\/blog\/#\/schema\/person\/image\/","url":"https:\/\/secure.gravatar.com\/avatar\/c17e55009e671d92cc7f5dc837dc418a?s=96&r=g","contentUrl":"https:\/\/secure.gravatar.com\/avatar\/c17e55009e671d92cc7f5dc837dc418a?s=96&r=g","caption":"Nicolas SCHIAVON"},"description":"Nicolas Schiavon est tomb\u00e9 tout petit dans la marmite automobile. Ayant eu un garage de marque automobile, mandataire automobile de la premi\u00e8re heure d\u00e8s 1999. Nicolas a cr\u00e9\u00e9 ces premiers sites de vente de voiture et blog automobile d\u00e8s 1994. Carideal est n\u00e9 le 15 d\u00e9cembre 2000 de la volont\u00e9 de vendre des voitures d'occasions en ligne puis des voitures neuves. Il a pu essayer beaucoup de voitures tr\u00e8s diff\u00e9rentes et ayant eu personnellement quelques belles autos, Subaru Impreza, Mitsubishi Lancer Evo 7, Porsche 911, Ferrari Testarrossa, Audi RS3, RS4 et j'en passe...","sameAs":["http:\/\/www.carideal.com","https:\/\/www.facebook.com\/nicolas.schiavon.39","https:\/\/www.instagram.com\/carideal1\/","https:\/\/www.linkedin.com\/in\/nschiavon\/","https:\/\/x.com\/caridealauto","https:\/\/www.youtube.com\/user\/caridealsas\/"],"url":"https:\/\/www.carideal.com\/blog\/author\/nschiavon\/"}]}},"uagb_featured_image_src":{"full":false,"thumbnail":false,"medium":false,"medium_large":false,"large":false,"1536x1536":false,"2048x2048":false,"wppr-widget":false},"uagb_author_info":{"display_name":"Nicolas SCHIAVON","author_link":"https:\/\/www.carideal.com\/blog\/author\/nschiavon\/"},"uagb_comment_info":0,"uagb_excerpt":"Taxi autonome au Japon \u00e0 partir de\u00a02016 La population est vieillissante au Japon, et la soci\u00e9t\u00e9 Japonaise Robot Taxi Inc. vient d'annoncer le lancement de taxi autonome dans les rue de Fujisawa, \u00e0 cot\u00e9 de Tokyo. Les robots ne semblent plus cantonn\u00e9s aux taches m\u00e9nag\u00e8res. Ainsi, les chauffeurs de taxi vont \u00eatre remplac\u00e9s. L'exp\u00e9rience devrait\u2026","_links":{"self":[{"href":"https:\/\/www.carideal.com\/blog\/wp-json\/wp\/v2\/posts\/6880"}],"collection":[{"href":"https:\/\/www.carideal.com\/blog\/wp-json\/wp\/v2\/posts"}],"about":[{"href":"https:\/\/www.carideal.com\/blog\/wp-json\/wp\/v2\/types\/post"}],"author":[{"embeddable":true,"href":"https:\/\/www.carideal.com\/blog\/wp-json\/wp\/v2\/users\/3"}],"replies":[{"embeddable":true,"href":"https:\/\/www.carideal.com\/blog\/wp-json\/wp\/v2\/comments?post=6880"}],"version-history":[{"count":0,"href":"https:\/\/www.carideal.com\/blog\/wp-json\/wp\/v2\/posts\/6880\/revisions"}],"wp:attachment":[{"href":"https:\/\/www.carideal.com\/blog\/wp-json\/wp\/v2\/media?parent=6880"}],"wp:term":[{"taxonomy":"category","embeddable":true,"href":"https:\/\/www.carideal.com\/blog\/wp-json\/wp\/v2\/categories?post=6880"},{"taxonomy":"post_tag","embeddable":true,"href":"https:\/\/www.carideal.com\/blog\/wp-json\/wp\/v2\/tags?post=6880"}],"curies":[{"name":"wp","href":"https:\/\/api.w.org\/{rel}","templated":true}]}}