{"id":6865,"date":"2015-10-06T08:13:46","date_gmt":"2015-10-06T06:13:46","guid":{"rendered":"http:\/\/www.carideal.com\/blog\/?p=6865"},"modified":"2020-03-07T16:49:21","modified_gmt":"2020-03-07T15:49:21","slug":"psa-de-retour-en-inde","status":"publish","type":"post","link":"https:\/\/www.carideal.com\/blog\/2015\/10\/06\/psa-de-retour-en-inde\/","title":{"rendered":"PSA en Inde le retour avec Tata ?"},"content":{"rendered":"<figure id=\"attachment_6866\" aria-describedby=\"caption-attachment-6866\" style=\"width: 290px\" class=\"wp-caption alignnone\"><a href=\"http:\/\/www.carideal.com\/blog\/wp-content\/uploads\/2015\/10\/Tata_logo-carideal-blog.png\"><img loading=\"lazy\" decoding=\"async\" class=\"wp-image-6866 size-medium\" title=\"PSA en Inde\" src=\"http:\/\/www.carideal.com\/blog\/wp-content\/uploads\/2015\/10\/Tata_logo-carideal-blog-300x275.png\" alt=\"Tata Motors avec PSA en Inde pour fabriquer des 208 2008 et 308 ?\" width=\"300\" height=\"275\" srcset=\"https:\/\/www.carideal.com\/blog\/wp-content\/uploads\/2015\/10\/Tata_logo-carideal-blog-300x275.png 300w, https:\/\/www.carideal.com\/blog\/wp-content\/uploads\/2015\/10\/Tata_logo-carideal-blog.png 451w\" sizes=\"(max-width: 300px) 100vw, 300px\" \/><\/a><figcaption id=\"caption-attachment-6866\" class=\"wp-caption-text\">Tata Motors avec PSA en Inde pour fabriquer des 208 2008 et 308 ?<\/figcaption><\/figure>\n<h1>PSA en Inde avec Tata pour construire des 208, 2008 et 308<\/h1>\n<p>Des rumeurs courent depuis quelques jours, <span style=\"text-decoration: underline;\"><a href=\"http:\/\/www.carideal.com\/blog\/2015\/09\/17\/psa-va-developper-ses-futures-voitures-electriques-en-2020-avec-dongfeng\/\">PSA<\/a><\/span> et <span style=\"text-decoration: underline;\"><a href=\"http:\/\/www.carideal.com\/blog\/2008\/01\/11\/tata-presente-sa-voiture-a-1700\/\">Tata<\/a><\/span> seraient en pourparler pour construire des 208, <span style=\"text-decoration: underline;\">308<\/span> et <span style=\"text-decoration: underline;\">2008<\/span> sous licence dans l'usine de la <span style=\"text-decoration: underline;\"><a href=\"http:\/\/www.carideal.com\/blog\/2009\/08\/05\/la-premiere-tata-nano-livree\/\">Nano<\/a><\/span> en Inde, qui est un \u00e9chec commercial. PSA est organis\u00e9 par r\u00e9gion et l'inde Pacifique int\u00e9resse le groupe qui n'y est plus pr\u00e9sent depuis 1997 quand il avait jet\u00e9 cess\u00e9 la fabrication de la 309 qui avait \u00e9t\u00e9 un \u00e9chec.<\/p>\n<p>Aucun des deux groupes ne fait de commentaires, mais l'action de Tata \u00e9tait en forte hausse \u00e0 6.58 %.<\/p>\n","protected":false},"excerpt":{"rendered":"<p>PSA en Inde avec Tata pour construire des 208, 2008 et 308 Des rumeurs courent depuis quelques jours, PSA et Tata seraient en pourparler pour construire des 208, 308 et 2008 sous licence dans l&rsquo;usine de la Nano en Inde, qui est un \u00e9chec commercial. PSA est organis\u00e9 par r\u00e9gion et l&rsquo;inde Pacifique int\u00e9resse le &#8230; <a title=\"PSA en Inde le retour avec Tata ?\" class=\"read-more\" href=\"https:\/\/www.carideal.com\/blog\/2015\/10\/06\/psa-de-retour-en-inde\/\" aria-label=\"En savoir plus sur PSA en Inde le retour avec Tata ?\">Lire plus<\/a><\/p>\n","protected":false},"author":3,"featured_media":0,"comment_status":"open","ping_status":"open","sticky":false,"template":"","format":"standard","meta":{"_uag_custom_page_level_css":"","_themeisle_gutenberg_block_has_review":false,"footnotes":""},"categories":[5,5944,3,5946,10],"tags":[35],"class_list":["post-6865","post","type-post","status-publish","format-standard","hentry","category-citroen","category-constructeur","category-actualites-financieres","category-peugeot","category-marche-automobile-voiture-neuve-occasion-4x4-suv","tag-psa"],"wppr_data":[],"yoast_head":"<!-- This site is optimized with the Yoast SEO plugin v24.8.1 - https:\/\/yoast.com\/wordpress\/plugins\/seo\/ -->\n<title>PSA en Inde le retour avec Tata ? - Blog auto Carid\u00e9al<\/title>\n<meta name=\"description\" content=\"PSA en Inde le retour possible avec Tata pour construire des 308, 2008 et 208 ? PSA n&#039;y \u00e9tait plus pr\u00e9sent depuis 1997 apr\u00e8s l&#039;\u00e9chec de la 309.\" \/>\n<meta name=\"robots\" content=\"index, follow, max-snippet:-1, max-image-preview:large, max-video-preview:-1\" \/>\n<link rel=\"canonical\" href=\"https:\/\/www.carideal.com\/blog\/2015\/10\/06\/psa-de-retour-en-inde\/\" \/>\n<meta property=\"og:locale\" content=\"fr_FR\" \/>\n<meta property=\"og:type\" content=\"article\" \/>\n<meta property=\"og:title\" content=\"PSA en Inde le retour avec Tata ? - Blog auto Carid\u00e9al\" \/>\n<meta property=\"og:description\" content=\"PSA en Inde le retour possible avec Tata pour construire des 308, 2008 et 208 ? PSA n&#039;y \u00e9tait plus pr\u00e9sent depuis 1997 apr\u00e8s l&#039;\u00e9chec de la 309.\" \/>\n<meta property=\"og:url\" content=\"https:\/\/www.carideal.com\/blog\/2015\/10\/06\/psa-de-retour-en-inde\/\" \/>\n<meta property=\"og:site_name\" content=\"Blog auto Carid\u00e9al\" \/>\n<meta property=\"article:publisher\" content=\"https:\/\/www.facebook.com\/Carideal.mandataire.automobile\" \/>\n<meta property=\"article:author\" content=\"https:\/\/www.facebook.com\/nicolas.schiavon.39\" \/>\n<meta property=\"article:published_time\" content=\"2015-10-06T06:13:46+00:00\" \/>\n<meta property=\"article:modified_time\" content=\"2020-03-07T15:49:21+00:00\" \/>\n<meta property=\"og:image\" content=\"http:\/\/www.carideal.com\/blog\/wp-content\/uploads\/2015\/10\/Tata_logo-carideal-blog-300x275.png\" \/>\n<meta name=\"author\" content=\"Nicolas SCHIAVON\" \/>\n<meta name=\"twitter:card\" content=\"summary_large_image\" \/>\n<meta name=\"twitter:creator\" content=\"@caridealauto\" \/>\n<meta name=\"twitter:site\" content=\"@caridealauto\" \/>\n<meta name=\"twitter:label1\" content=\"\u00c9crit par\" \/>\n\t<meta name=\"twitter:data1\" content=\"Nicolas SCHIAVON\" \/>\n\t<meta name=\"twitter:label2\" content=\"Dur\u00e9e de lecture estim\u00e9e\" \/>\n\t<meta name=\"twitter:data2\" content=\"1 minute\" \/>\n<script type=\"application\/ld+json\" class=\"yoast-schema-graph\">{\"@context\":\"https:\/\/schema.org\",\"@graph\":[{\"@type\":\"Article\",\"@id\":\"https:\/\/www.carideal.com\/blog\/2015\/10\/06\/psa-de-retour-en-inde\/#article\",\"isPartOf\":{\"@id\":\"https:\/\/www.carideal.com\/blog\/2015\/10\/06\/psa-de-retour-en-inde\/\"},\"author\":{\"name\":\"Nicolas SCHIAVON\",\"@id\":\"https:\/\/www.carideal.com\/blog\/#\/schema\/person\/cd95dc7919660de90d31b366f85be1ec\"},\"headline\":\"PSA en Inde le retour avec Tata ?\",\"datePublished\":\"2015-10-06T06:13:46+00:00\",\"dateModified\":\"2020-03-07T15:49:21+00:00\",\"mainEntityOfPage\":{\"@id\":\"https:\/\/www.carideal.com\/blog\/2015\/10\/06\/psa-de-retour-en-inde\/\"},\"wordCount\":113,\"commentCount\":0,\"publisher\":{\"@id\":\"https:\/\/www.carideal.com\/blog\/#organization\"},\"image\":{\"@id\":\"https:\/\/www.carideal.com\/blog\/2015\/10\/06\/psa-de-retour-en-inde\/#primaryimage\"},\"thumbnailUrl\":\"http:\/\/www.carideal.com\/blog\/wp-content\/uploads\/2015\/10\/Tata_logo-carideal-blog-300x275.png\",\"keywords\":[\"PSA\"],\"articleSection\":[\"Actualit\u00e9 Citroen\",\"Actualit\u00e9 Constructeur automobile\",\"Actualit\u00e9 Financi\u00e8re\",\"Actualit\u00e9 Peugeot\",\"March\u00e9 automobile\"],\"inLanguage\":\"fr-FR\",\"potentialAction\":[{\"@type\":\"CommentAction\",\"name\":\"Comment\",\"target\":[\"https:\/\/www.carideal.com\/blog\/2015\/10\/06\/psa-de-retour-en-inde\/#respond\"]}]},{\"@type\":\"WebPage\",\"@id\":\"https:\/\/www.carideal.com\/blog\/2015\/10\/06\/psa-de-retour-en-inde\/\",\"url\":\"https:\/\/www.carideal.com\/blog\/2015\/10\/06\/psa-de-retour-en-inde\/\",\"name\":\"PSA en Inde le retour avec Tata ? - Blog auto Carid\u00e9al\",\"isPartOf\":{\"@id\":\"https:\/\/www.carideal.com\/blog\/#website\"},\"primaryImageOfPage\":{\"@id\":\"https:\/\/www.carideal.com\/blog\/2015\/10\/06\/psa-de-retour-en-inde\/#primaryimage\"},\"image\":{\"@id\":\"https:\/\/www.carideal.com\/blog\/2015\/10\/06\/psa-de-retour-en-inde\/#primaryimage\"},\"thumbnailUrl\":\"http:\/\/www.carideal.com\/blog\/wp-content\/uploads\/2015\/10\/Tata_logo-carideal-blog-300x275.png\",\"datePublished\":\"2015-10-06T06:13:46+00:00\",\"dateModified\":\"2020-03-07T15:49:21+00:00\",\"description\":\"PSA en Inde le retour possible avec Tata pour construire des 308, 2008 et 208 ? PSA n'y \u00e9tait plus pr\u00e9sent depuis 1997 apr\u00e8s l'\u00e9chec de la 309.\",\"breadcrumb\":{\"@id\":\"https:\/\/www.carideal.com\/blog\/2015\/10\/06\/psa-de-retour-en-inde\/#breadcrumb\"},\"inLanguage\":\"fr-FR\",\"potentialAction\":[{\"@type\":\"ReadAction\",\"target\":[\"https:\/\/www.carideal.com\/blog\/2015\/10\/06\/psa-de-retour-en-inde\/\"]}]},{\"@type\":\"ImageObject\",\"inLanguage\":\"fr-FR\",\"@id\":\"https:\/\/www.carideal.com\/blog\/2015\/10\/06\/psa-de-retour-en-inde\/#primaryimage\",\"url\":\"http:\/\/www.carideal.com\/blog\/wp-content\/uploads\/2015\/10\/Tata_logo-carideal-blog-300x275.png\",\"contentUrl\":\"http:\/\/www.carideal.com\/blog\/wp-content\/uploads\/2015\/10\/Tata_logo-carideal-blog-300x275.png\"},{\"@type\":\"BreadcrumbList\",\"@id\":\"https:\/\/www.carideal.com\/blog\/2015\/10\/06\/psa-de-retour-en-inde\/#breadcrumb\",\"itemListElement\":[{\"@type\":\"ListItem\",\"position\":1,\"name\":\"Blog Carid\u00e9al\",\"item\":\"https:\/\/www.carideal.com\/blog\/\"},{\"@type\":\"ListItem\",\"position\":2,\"name\":\"Actualit\u00e9 constructeur automobile\",\"item\":\"https:\/\/www.carideal.com\/blog\/constructeur\/\"},{\"@type\":\"ListItem\",\"position\":3,\"name\":\"Actualit\u00e9 Citroen\",\"item\":\"https:\/\/www.carideal.com\/blog\/constructeur\/citroen\/\"},{\"@type\":\"ListItem\",\"position\":4,\"name\":\"PSA en Inde le retour avec Tata ?\"}]},{\"@type\":\"WebSite\",\"@id\":\"https:\/\/www.carideal.com\/blog\/#website\",\"url\":\"https:\/\/www.carideal.com\/blog\/\",\"name\":\"Blog auto Carid\u00e9al\",\"description\":\"Actualit\u00e9 auto par des passionn\u00e9s\",\"publisher\":{\"@id\":\"https:\/\/www.carideal.com\/blog\/#organization\"},\"potentialAction\":[{\"@type\":\"SearchAction\",\"target\":{\"@type\":\"EntryPoint\",\"urlTemplate\":\"https:\/\/www.carideal.com\/blog\/?s={search_term_string}\"},\"query-input\":{\"@type\":\"PropertyValueSpecification\",\"valueRequired\":true,\"valueName\":\"search_term_string\"}}],\"inLanguage\":\"fr-FR\"},{\"@type\":\"Organization\",\"@id\":\"https:\/\/www.carideal.com\/blog\/#organization\",\"name\":\"Carideal\",\"url\":\"https:\/\/www.carideal.com\/blog\/\",\"logo\":{\"@type\":\"ImageObject\",\"inLanguage\":\"fr-FR\",\"@id\":\"https:\/\/www.carideal.com\/blog\/#\/schema\/logo\/image\/\",\"url\":\"http:\/\/www.carideal.com\/blog\/wp-content\/uploads\/2016\/03\/logo-carideal-mandataire-automobile.png\",\"contentUrl\":\"http:\/\/www.carideal.com\/blog\/wp-content\/uploads\/2016\/03\/logo-carideal-mandataire-automobile.png\",\"width\":300,\"height\":300,\"caption\":\"Carideal\"},\"image\":{\"@id\":\"https:\/\/www.carideal.com\/blog\/#\/schema\/logo\/image\/\"},\"sameAs\":[\"https:\/\/www.facebook.com\/Carideal.mandataire.automobile\",\"https:\/\/x.com\/caridealauto\",\"https:\/\/www.instagram.com\/carideal1\/\",\"https:\/\/www.linkedin.com\/company\/carideal.com\",\"https:\/\/fr.pinterest.com\/schiavonsas\/\",\"https:\/\/www.youtube.com\/user\/caridealsas\"]},{\"@type\":\"Person\",\"@id\":\"https:\/\/www.carideal.com\/blog\/#\/schema\/person\/cd95dc7919660de90d31b366f85be1ec\",\"name\":\"Nicolas SCHIAVON\",\"image\":{\"@type\":\"ImageObject\",\"inLanguage\":\"fr-FR\",\"@id\":\"https:\/\/www.carideal.com\/blog\/#\/schema\/person\/image\/\",\"url\":\"https:\/\/secure.gravatar.com\/avatar\/c17e55009e671d92cc7f5dc837dc418a?s=96&r=g\",\"contentUrl\":\"https:\/\/secure.gravatar.com\/avatar\/c17e55009e671d92cc7f5dc837dc418a?s=96&r=g\",\"caption\":\"Nicolas SCHIAVON\"},\"description\":\"Nicolas Schiavon est tomb\u00e9 tout petit dans la marmite automobile. Ayant eu un garage de marque automobile, mandataire automobile de la premi\u00e8re heure d\u00e8s 1999. Nicolas a cr\u00e9\u00e9 ces premiers sites de vente de voiture et blog automobile d\u00e8s 1994. Carideal est n\u00e9 le 15 d\u00e9cembre 2000 de la volont\u00e9 de vendre des voitures d'occasions en ligne puis des voitures neuves. Il a pu essayer beaucoup de voitures tr\u00e8s diff\u00e9rentes et ayant eu personnellement quelques belles autos, Subaru Impreza, Mitsubishi Lancer Evo 7, Porsche 911, Ferrari Testarrossa, Audi RS3, RS4 et j'en passe...\",\"sameAs\":[\"http:\/\/www.carideal.com\",\"https:\/\/www.facebook.com\/nicolas.schiavon.39\",\"https:\/\/www.instagram.com\/carideal1\/\",\"https:\/\/www.linkedin.com\/in\/nschiavon\/\",\"https:\/\/x.com\/caridealauto\",\"https:\/\/www.youtube.com\/user\/caridealsas\/\"],\"url\":\"https:\/\/www.carideal.com\/blog\/author\/nschiavon\/\"}]}<\/script>\n<!-- \/ Yoast SEO plugin. -->","yoast_head_json":{"title":"PSA en Inde le retour avec Tata ? - Blog auto Carid\u00e9al","description":"PSA en Inde le retour possible avec Tata pour construire des 308, 2008 et 208 ? PSA n'y \u00e9tait plus pr\u00e9sent depuis 1997 apr\u00e8s l'\u00e9chec de la 309.","robots":{"index":"index","follow":"follow","max-snippet":"max-snippet:-1","max-image-preview":"max-image-preview:large","max-video-preview":"max-video-preview:-1"},"canonical":"https:\/\/www.carideal.com\/blog\/2015\/10\/06\/psa-de-retour-en-inde\/","og_locale":"fr_FR","og_type":"article","og_title":"PSA en Inde le retour avec Tata ? - Blog auto Carid\u00e9al","og_description":"PSA en Inde le retour possible avec Tata pour construire des 308, 2008 et 208 ? PSA n'y \u00e9tait plus pr\u00e9sent depuis 1997 apr\u00e8s l'\u00e9chec de la 309.","og_url":"https:\/\/www.carideal.com\/blog\/2015\/10\/06\/psa-de-retour-en-inde\/","og_site_name":"Blog auto Carid\u00e9al","article_publisher":"https:\/\/www.facebook.com\/Carideal.mandataire.automobile","article_author":"https:\/\/www.facebook.com\/nicolas.schiavon.39","article_published_time":"2015-10-06T06:13:46+00:00","article_modified_time":"2020-03-07T15:49:21+00:00","og_image":[{"url":"http:\/\/www.carideal.com\/blog\/wp-content\/uploads\/2015\/10\/Tata_logo-carideal-blog-300x275.png","type":"","width":"","height":""}],"author":"Nicolas SCHIAVON","twitter_card":"summary_large_image","twitter_creator":"@caridealauto","twitter_site":"@caridealauto","twitter_misc":{"\u00c9crit par":"Nicolas SCHIAVON","Dur\u00e9e de lecture estim\u00e9e":"1 minute"},"schema":{"@context":"https:\/\/schema.org","@graph":[{"@type":"Article","@id":"https:\/\/www.carideal.com\/blog\/2015\/10\/06\/psa-de-retour-en-inde\/#article","isPartOf":{"@id":"https:\/\/www.carideal.com\/blog\/2015\/10\/06\/psa-de-retour-en-inde\/"},"author":{"name":"Nicolas SCHIAVON","@id":"https:\/\/www.carideal.com\/blog\/#\/schema\/person\/cd95dc7919660de90d31b366f85be1ec"},"headline":"PSA en Inde le retour avec Tata ?","datePublished":"2015-10-06T06:13:46+00:00","dateModified":"2020-03-07T15:49:21+00:00","mainEntityOfPage":{"@id":"https:\/\/www.carideal.com\/blog\/2015\/10\/06\/psa-de-retour-en-inde\/"},"wordCount":113,"commentCount":0,"publisher":{"@id":"https:\/\/www.carideal.com\/blog\/#organization"},"image":{"@id":"https:\/\/www.carideal.com\/blog\/2015\/10\/06\/psa-de-retour-en-inde\/#primaryimage"},"thumbnailUrl":"http:\/\/www.carideal.com\/blog\/wp-content\/uploads\/2015\/10\/Tata_logo-carideal-blog-300x275.png","keywords":["PSA"],"articleSection":["Actualit\u00e9 Citroen","Actualit\u00e9 Constructeur automobile","Actualit\u00e9 Financi\u00e8re","Actualit\u00e9 Peugeot","March\u00e9 automobile"],"inLanguage":"fr-FR","potentialAction":[{"@type":"CommentAction","name":"Comment","target":["https:\/\/www.carideal.com\/blog\/2015\/10\/06\/psa-de-retour-en-inde\/#respond"]}]},{"@type":"WebPage","@id":"https:\/\/www.carideal.com\/blog\/2015\/10\/06\/psa-de-retour-en-inde\/","url":"https:\/\/www.carideal.com\/blog\/2015\/10\/06\/psa-de-retour-en-inde\/","name":"PSA en Inde le retour avec Tata ? - Blog auto Carid\u00e9al","isPartOf":{"@id":"https:\/\/www.carideal.com\/blog\/#website"},"primaryImageOfPage":{"@id":"https:\/\/www.carideal.com\/blog\/2015\/10\/06\/psa-de-retour-en-inde\/#primaryimage"},"image":{"@id":"https:\/\/www.carideal.com\/blog\/2015\/10\/06\/psa-de-retour-en-inde\/#primaryimage"},"thumbnailUrl":"http:\/\/www.carideal.com\/blog\/wp-content\/uploads\/2015\/10\/Tata_logo-carideal-blog-300x275.png","datePublished":"2015-10-06T06:13:46+00:00","dateModified":"2020-03-07T15:49:21+00:00","description":"PSA en Inde le retour possible avec Tata pour construire des 308, 2008 et 208 ? PSA n'y \u00e9tait plus pr\u00e9sent depuis 1997 apr\u00e8s l'\u00e9chec de la 309.","breadcrumb":{"@id":"https:\/\/www.carideal.com\/blog\/2015\/10\/06\/psa-de-retour-en-inde\/#breadcrumb"},"inLanguage":"fr-FR","potentialAction":[{"@type":"ReadAction","target":["https:\/\/www.carideal.com\/blog\/2015\/10\/06\/psa-de-retour-en-inde\/"]}]},{"@type":"ImageObject","inLanguage":"fr-FR","@id":"https:\/\/www.carideal.com\/blog\/2015\/10\/06\/psa-de-retour-en-inde\/#primaryimage","url":"http:\/\/www.carideal.com\/blog\/wp-content\/uploads\/2015\/10\/Tata_logo-carideal-blog-300x275.png","contentUrl":"http:\/\/www.carideal.com\/blog\/wp-content\/uploads\/2015\/10\/Tata_logo-carideal-blog-300x275.png"},{"@type":"BreadcrumbList","@id":"https:\/\/www.carideal.com\/blog\/2015\/10\/06\/psa-de-retour-en-inde\/#breadcrumb","itemListElement":[{"@type":"ListItem","position":1,"name":"Blog Carid\u00e9al","item":"https:\/\/www.carideal.com\/blog\/"},{"@type":"ListItem","position":2,"name":"Actualit\u00e9 constructeur automobile","item":"https:\/\/www.carideal.com\/blog\/constructeur\/"},{"@type":"ListItem","position":3,"name":"Actualit\u00e9 Citroen","item":"https:\/\/www.carideal.com\/blog\/constructeur\/citroen\/"},{"@type":"ListItem","position":4,"name":"PSA en Inde le retour avec Tata ?"}]},{"@type":"WebSite","@id":"https:\/\/www.carideal.com\/blog\/#website","url":"https:\/\/www.carideal.com\/blog\/","name":"Blog auto Carid\u00e9al","description":"Actualit\u00e9 auto par des passionn\u00e9s","publisher":{"@id":"https:\/\/www.carideal.com\/blog\/#organization"},"potentialAction":[{"@type":"SearchAction","target":{"@type":"EntryPoint","urlTemplate":"https:\/\/www.carideal.com\/blog\/?s={search_term_string}"},"query-input":{"@type":"PropertyValueSpecification","valueRequired":true,"valueName":"search_term_string"}}],"inLanguage":"fr-FR"},{"@type":"Organization","@id":"https:\/\/www.carideal.com\/blog\/#organization","name":"Carideal","url":"https:\/\/www.carideal.com\/blog\/","logo":{"@type":"ImageObject","inLanguage":"fr-FR","@id":"https:\/\/www.carideal.com\/blog\/#\/schema\/logo\/image\/","url":"http:\/\/www.carideal.com\/blog\/wp-content\/uploads\/2016\/03\/logo-carideal-mandataire-automobile.png","contentUrl":"http:\/\/www.carideal.com\/blog\/wp-content\/uploads\/2016\/03\/logo-carideal-mandataire-automobile.png","width":300,"height":300,"caption":"Carideal"},"image":{"@id":"https:\/\/www.carideal.com\/blog\/#\/schema\/logo\/image\/"},"sameAs":["https:\/\/www.facebook.com\/Carideal.mandataire.automobile","https:\/\/x.com\/caridealauto","https:\/\/www.instagram.com\/carideal1\/","https:\/\/www.linkedin.com\/company\/carideal.com","https:\/\/fr.pinterest.com\/schiavonsas\/","https:\/\/www.youtube.com\/user\/caridealsas"]},{"@type":"Person","@id":"https:\/\/www.carideal.com\/blog\/#\/schema\/person\/cd95dc7919660de90d31b366f85be1ec","name":"Nicolas SCHIAVON","image":{"@type":"ImageObject","inLanguage":"fr-FR","@id":"https:\/\/www.carideal.com\/blog\/#\/schema\/person\/image\/","url":"https:\/\/secure.gravatar.com\/avatar\/c17e55009e671d92cc7f5dc837dc418a?s=96&r=g","contentUrl":"https:\/\/secure.gravatar.com\/avatar\/c17e55009e671d92cc7f5dc837dc418a?s=96&r=g","caption":"Nicolas SCHIAVON"},"description":"Nicolas Schiavon est tomb\u00e9 tout petit dans la marmite automobile. Ayant eu un garage de marque automobile, mandataire automobile de la premi\u00e8re heure d\u00e8s 1999. Nicolas a cr\u00e9\u00e9 ces premiers sites de vente de voiture et blog automobile d\u00e8s 1994. Carideal est n\u00e9 le 15 d\u00e9cembre 2000 de la volont\u00e9 de vendre des voitures d'occasions en ligne puis des voitures neuves. Il a pu essayer beaucoup de voitures tr\u00e8s diff\u00e9rentes et ayant eu personnellement quelques belles autos, Subaru Impreza, Mitsubishi Lancer Evo 7, Porsche 911, Ferrari Testarrossa, Audi RS3, RS4 et j'en passe...","sameAs":["http:\/\/www.carideal.com","https:\/\/www.facebook.com\/nicolas.schiavon.39","https:\/\/www.instagram.com\/carideal1\/","https:\/\/www.linkedin.com\/in\/nschiavon\/","https:\/\/x.com\/caridealauto","https:\/\/www.youtube.com\/user\/caridealsas\/"],"url":"https:\/\/www.carideal.com\/blog\/author\/nschiavon\/"}]}},"uagb_featured_image_src":{"full":false,"thumbnail":false,"medium":false,"medium_large":false,"large":false,"1536x1536":false,"2048x2048":false,"wppr-widget":false},"uagb_author_info":{"display_name":"Nicolas SCHIAVON","author_link":"https:\/\/www.carideal.com\/blog\/author\/nschiavon\/"},"uagb_comment_info":0,"uagb_excerpt":"PSA en Inde avec Tata pour construire des 208, 2008 et 308 Des rumeurs courent depuis quelques jours, PSA et Tata seraient en pourparler pour construire des 208, 308 et 2008 sous licence dans l'usine de la Nano en Inde, qui est un \u00e9chec commercial. PSA est organis\u00e9 par r\u00e9gion et l'inde Pacifique int\u00e9resse le\u2026","_links":{"self":[{"href":"https:\/\/www.carideal.com\/blog\/wp-json\/wp\/v2\/posts\/6865"}],"collection":[{"href":"https:\/\/www.carideal.com\/blog\/wp-json\/wp\/v2\/posts"}],"about":[{"href":"https:\/\/www.carideal.com\/blog\/wp-json\/wp\/v2\/types\/post"}],"author":[{"embeddable":true,"href":"https:\/\/www.carideal.com\/blog\/wp-json\/wp\/v2\/users\/3"}],"replies":[{"embeddable":true,"href":"https:\/\/www.carideal.com\/blog\/wp-json\/wp\/v2\/comments?post=6865"}],"version-history":[{"count":0,"href":"https:\/\/www.carideal.com\/blog\/wp-json\/wp\/v2\/posts\/6865\/revisions"}],"wp:attachment":[{"href":"https:\/\/www.carideal.com\/blog\/wp-json\/wp\/v2\/media?parent=6865"}],"wp:term":[{"taxonomy":"category","embeddable":true,"href":"https:\/\/www.carideal.com\/blog\/wp-json\/wp\/v2\/categories?post=6865"},{"taxonomy":"post_tag","embeddable":true,"href":"https:\/\/www.carideal.com\/blog\/wp-json\/wp\/v2\/tags?post=6865"}],"curies":[{"name":"wp","href":"https:\/\/api.w.org\/{rel}","templated":true}]}}