{"id":6795,"date":"2015-09-29T09:08:50","date_gmt":"2015-09-29T07:08:50","guid":{"rendered":"http:\/\/www.carideal.com\/blog\/?p=6795"},"modified":"2020-03-08T17:59:54","modified_gmt":"2020-03-08T16:59:54","slug":"volkswagengate-le-gouvernement-espagnol-veut-obliger-seat-a-rembourser-les-aides-percues","status":"publish","type":"post","link":"https:\/\/www.carideal.com\/blog\/2015\/09\/29\/volkswagengate-le-gouvernement-espagnol-veut-obliger-seat-a-rembourser-les-aides-percues\/","title":{"rendered":"Le gouvernement espagnol veut que Seat rembourse"},"content":{"rendered":"<h1>Volkswagengate Le gouvernement espagnol veut Obliger Seat \u00e0 rembourser les aides percues<\/h1>\n<figure id=\"attachment_8940\" aria-describedby=\"caption-attachment-8940\" style=\"width: 290px\" class=\"wp-caption alignleft\"><a href=\"http:\/\/www.carideal.com\/blog\/wp-content\/uploads\/2015\/09\/seat-moteur-truque.jpg\"><img loading=\"lazy\" decoding=\"async\" class=\"wp-image-8940 size-medium\" title=\"Le gouvernement espagnol veut que Seat rembourse les aides percues pour ses moteurs truqu\u00e9s\" src=\"http:\/\/www.carideal.com\/blog\/wp-content\/uploads\/2015\/09\/seat-moteur-truque-300x160.jpg\" alt=\"Le gouvernement espagnol veut que Seat rembourse les aides percues pour ses moteurs truqu\u00e9s\" width=\"300\" height=\"160\" srcset=\"https:\/\/www.carideal.com\/blog\/wp-content\/uploads\/2015\/09\/seat-moteur-truque-300x160.jpg 300w, https:\/\/www.carideal.com\/blog\/wp-content\/uploads\/2015\/09\/seat-moteur-truque.jpg 620w\" sizes=\"(max-width: 300px) 100vw, 300px\" \/><\/a><figcaption id=\"caption-attachment-8940\" class=\"wp-caption-text\">Le gouvernement espagnol veut que Seat rembourse les aides percues pour ses moteurs truqu\u00e9s<\/figcaption><\/figure>\n<p>Le gouvernement espagnol veut que <span style=\"text-decoration: underline;\">Seat<\/span> rembourse les aides per\u00e7ues. Les suites du Volkswagengate sont nombreuses et diverses et tous les pays semblent s'y mettre: Suivez l'actualit\u00e9 avec le Hashtag #volkswagengate sur notre compte Twitter <span style=\"text-decoration: underline;\"><a href=\"https:\/\/twitter.com\/schiavonsas\">@schiavonsas<\/a><\/span><\/p>\n<p>L'Espagne\u00a0envisage de demander \u00e0 Seat, le constructeur espagnol propri\u00e9t\u00e9 \u00a0de <span style=\"text-decoration: underline;\"><a href=\"http:\/\/www.carideal.com\/blog\/2015\/09\/22\/volkswagen-annonce-que-11-millions-de-voitures-sont-concernees-par-sa-tricherie-dans-le-monde\/\">Volkswagen<\/a><\/span>, de rembourser les aides per\u00e7ues pour favoriser l'achat\u00a0des voitures \u00e9quip\u00e9es des moteurs truqu\u00e9s et ne respectant pas les valeurs donn\u00e9es lors d'op\u00e9rations commerciales visant \u00e0 promouvoir les voitures propres .<\/p>\n<h2>Seat Moteur Truqu\u00e9s : le gouvernement espagnol veut le remboursement<\/h2>\n<p>Le\u00a0ministre espagnol de l\u2019Industrie Jos\u00e9 Manuel Soria a d\u00e9clar\u00e9 \"Dans la mesure o\u00f9 ces voitures ont \u00e9t\u00e9 vendues notamment gr\u00e2ce \u00e0 l\u2019aide accord\u00e9e aux v\u00e9hicules performants, nous allons logiquement proposer le remboursement de ces aides\", a affirm\u00e9 le . Il n'est pas dis non plus que l'\u00e9tat Espagnol ne prenne d'autre mesure contre le groupe <span style=\"text-decoration: underline;\">Volkswagen<\/span>.<\/p>\n","protected":false},"excerpt":{"rendered":"<p>Volkswagengate Le gouvernement espagnol veut Obliger Seat \u00e0 rembourser les aides percues Le gouvernement espagnol veut que Seat rembourse les aides per\u00e7ues. Les suites du Volkswagengate sont nombreuses et diverses et tous les pays semblent s&rsquo;y mettre: Suivez l&rsquo;actualit\u00e9 avec le Hashtag #volkswagengate sur notre compte Twitter @schiavonsas L&rsquo;Espagne\u00a0envisage de demander \u00e0 Seat, le constructeur &#8230; <a title=\"Le gouvernement espagnol veut que Seat rembourse\" class=\"read-more\" href=\"https:\/\/www.carideal.com\/blog\/2015\/09\/29\/volkswagengate-le-gouvernement-espagnol-veut-obliger-seat-a-rembourser-les-aides-percues\/\" aria-label=\"En savoir plus sur Le gouvernement espagnol veut que Seat rembourse\">Lire plus<\/a><\/p>\n","protected":false},"author":3,"featured_media":0,"comment_status":"open","ping_status":"open","sticky":false,"template":"","format":"standard","meta":{"_uag_custom_page_level_css":"","_themeisle_gutenberg_block_has_review":false,"footnotes":""},"categories":[21,5944,3,5965,9,6,5962],"tags":[5573],"class_list":["post-6795","post","type-post","status-publish","format-standard","hentry","category-actualites-auto","category-constructeur","category-actualites-financieres","category-seat","category-divers","category-ecologie","category-legislation","tag-volkswagengate"],"wppr_data":[],"yoast_head":"<!-- This site is optimized with the Yoast SEO plugin v24.8.1 - https:\/\/yoast.com\/wordpress\/plugins\/seo\/ -->\n<title>Le gouvernement espagnol veut que Seat rembourse - Blog auto Carid\u00e9al<\/title>\n<meta name=\"description\" content=\"Le gouvernement espagnol souhaite que Seat propri\u00e9t\u00e9 du groupe Volkswagen rembourse les aides percues pour vendre des voitures propres.\" \/>\n<meta name=\"robots\" content=\"index, follow, max-snippet:-1, max-image-preview:large, max-video-preview:-1\" \/>\n<link rel=\"canonical\" href=\"https:\/\/www.carideal.com\/blog\/2015\/09\/29\/volkswagengate-le-gouvernement-espagnol-veut-obliger-seat-a-rembourser-les-aides-percues\/\" \/>\n<meta property=\"og:locale\" content=\"fr_FR\" \/>\n<meta property=\"og:type\" content=\"article\" \/>\n<meta property=\"og:title\" content=\"Le gouvernement espagnol veut que Seat rembourse - Blog auto Carid\u00e9al\" \/>\n<meta property=\"og:description\" content=\"Le gouvernement espagnol souhaite que Seat propri\u00e9t\u00e9 du groupe Volkswagen rembourse les aides percues pour vendre des voitures propres.\" \/>\n<meta property=\"og:url\" content=\"https:\/\/www.carideal.com\/blog\/2015\/09\/29\/volkswagengate-le-gouvernement-espagnol-veut-obliger-seat-a-rembourser-les-aides-percues\/\" \/>\n<meta property=\"og:site_name\" content=\"Blog auto Carid\u00e9al\" \/>\n<meta property=\"article:publisher\" content=\"https:\/\/www.facebook.com\/Carideal.mandataire.automobile\" \/>\n<meta property=\"article:author\" content=\"https:\/\/www.facebook.com\/nicolas.schiavon.39\" \/>\n<meta property=\"article:published_time\" content=\"2015-09-29T07:08:50+00:00\" \/>\n<meta property=\"article:modified_time\" content=\"2020-03-08T16:59:54+00:00\" \/>\n<meta property=\"og:image\" content=\"http:\/\/www.carideal.com\/blog\/wp-content\/uploads\/2015\/09\/seat-moteur-truque-300x160.jpg\" \/>\n<meta name=\"author\" content=\"Nicolas SCHIAVON\" \/>\n<meta name=\"twitter:card\" content=\"summary_large_image\" \/>\n<meta name=\"twitter:creator\" content=\"@caridealauto\" \/>\n<meta name=\"twitter:site\" content=\"@caridealauto\" \/>\n<meta name=\"twitter:label1\" content=\"\u00c9crit par\" \/>\n\t<meta name=\"twitter:data1\" content=\"Nicolas SCHIAVON\" \/>\n\t<meta name=\"twitter:label2\" content=\"Dur\u00e9e de lecture estim\u00e9e\" \/>\n\t<meta name=\"twitter:data2\" content=\"1 minute\" \/>\n<script type=\"application\/ld+json\" class=\"yoast-schema-graph\">{\"@context\":\"https:\/\/schema.org\",\"@graph\":[{\"@type\":\"Article\",\"@id\":\"https:\/\/www.carideal.com\/blog\/2015\/09\/29\/volkswagengate-le-gouvernement-espagnol-veut-obliger-seat-a-rembourser-les-aides-percues\/#article\",\"isPartOf\":{\"@id\":\"https:\/\/www.carideal.com\/blog\/2015\/09\/29\/volkswagengate-le-gouvernement-espagnol-veut-obliger-seat-a-rembourser-les-aides-percues\/\"},\"author\":{\"name\":\"Nicolas SCHIAVON\",\"@id\":\"https:\/\/www.carideal.com\/blog\/#\/schema\/person\/cd95dc7919660de90d31b366f85be1ec\"},\"headline\":\"Le gouvernement espagnol veut que Seat rembourse\",\"datePublished\":\"2015-09-29T07:08:50+00:00\",\"dateModified\":\"2020-03-08T16:59:54+00:00\",\"mainEntityOfPage\":{\"@id\":\"https:\/\/www.carideal.com\/blog\/2015\/09\/29\/volkswagengate-le-gouvernement-espagnol-veut-obliger-seat-a-rembourser-les-aides-percues\/\"},\"wordCount\":195,\"commentCount\":0,\"publisher\":{\"@id\":\"https:\/\/www.carideal.com\/blog\/#organization\"},\"image\":{\"@id\":\"https:\/\/www.carideal.com\/blog\/2015\/09\/29\/volkswagengate-le-gouvernement-espagnol-veut-obliger-seat-a-rembourser-les-aides-percues\/#primaryimage\"},\"thumbnailUrl\":\"http:\/\/www.carideal.com\/blog\/wp-content\/uploads\/2015\/09\/seat-moteur-truque-300x160.jpg\",\"keywords\":[\"Volkswagengate\"],\"articleSection\":[\"Actualit\u00e9 automobile\",\"Actualit\u00e9 Constructeur automobile\",\"Actualit\u00e9 Financi\u00e8re\",\"Actualit\u00e9 Seat\",\"Divers\",\"Ecologie\",\"L\u00e9gislation Automobile\"],\"inLanguage\":\"fr-FR\",\"potentialAction\":[{\"@type\":\"CommentAction\",\"name\":\"Comment\",\"target\":[\"https:\/\/www.carideal.com\/blog\/2015\/09\/29\/volkswagengate-le-gouvernement-espagnol-veut-obliger-seat-a-rembourser-les-aides-percues\/#respond\"]}]},{\"@type\":\"WebPage\",\"@id\":\"https:\/\/www.carideal.com\/blog\/2015\/09\/29\/volkswagengate-le-gouvernement-espagnol-veut-obliger-seat-a-rembourser-les-aides-percues\/\",\"url\":\"https:\/\/www.carideal.com\/blog\/2015\/09\/29\/volkswagengate-le-gouvernement-espagnol-veut-obliger-seat-a-rembourser-les-aides-percues\/\",\"name\":\"Le gouvernement espagnol veut que Seat rembourse - Blog auto Carid\u00e9al\",\"isPartOf\":{\"@id\":\"https:\/\/www.carideal.com\/blog\/#website\"},\"primaryImageOfPage\":{\"@id\":\"https:\/\/www.carideal.com\/blog\/2015\/09\/29\/volkswagengate-le-gouvernement-espagnol-veut-obliger-seat-a-rembourser-les-aides-percues\/#primaryimage\"},\"image\":{\"@id\":\"https:\/\/www.carideal.com\/blog\/2015\/09\/29\/volkswagengate-le-gouvernement-espagnol-veut-obliger-seat-a-rembourser-les-aides-percues\/#primaryimage\"},\"thumbnailUrl\":\"http:\/\/www.carideal.com\/blog\/wp-content\/uploads\/2015\/09\/seat-moteur-truque-300x160.jpg\",\"datePublished\":\"2015-09-29T07:08:50+00:00\",\"dateModified\":\"2020-03-08T16:59:54+00:00\",\"description\":\"Le gouvernement espagnol souhaite que Seat propri\u00e9t\u00e9 du groupe Volkswagen rembourse les aides percues pour vendre des voitures propres.\",\"breadcrumb\":{\"@id\":\"https:\/\/www.carideal.com\/blog\/2015\/09\/29\/volkswagengate-le-gouvernement-espagnol-veut-obliger-seat-a-rembourser-les-aides-percues\/#breadcrumb\"},\"inLanguage\":\"fr-FR\",\"potentialAction\":[{\"@type\":\"ReadAction\",\"target\":[\"https:\/\/www.carideal.com\/blog\/2015\/09\/29\/volkswagengate-le-gouvernement-espagnol-veut-obliger-seat-a-rembourser-les-aides-percues\/\"]}]},{\"@type\":\"ImageObject\",\"inLanguage\":\"fr-FR\",\"@id\":\"https:\/\/www.carideal.com\/blog\/2015\/09\/29\/volkswagengate-le-gouvernement-espagnol-veut-obliger-seat-a-rembourser-les-aides-percues\/#primaryimage\",\"url\":\"http:\/\/www.carideal.com\/blog\/wp-content\/uploads\/2015\/09\/seat-moteur-truque-300x160.jpg\",\"contentUrl\":\"http:\/\/www.carideal.com\/blog\/wp-content\/uploads\/2015\/09\/seat-moteur-truque-300x160.jpg\"},{\"@type\":\"BreadcrumbList\",\"@id\":\"https:\/\/www.carideal.com\/blog\/2015\/09\/29\/volkswagengate-le-gouvernement-espagnol-veut-obliger-seat-a-rembourser-les-aides-percues\/#breadcrumb\",\"itemListElement\":[{\"@type\":\"ListItem\",\"position\":1,\"name\":\"Blog Carid\u00e9al\",\"item\":\"https:\/\/www.carideal.com\/blog\/\"},{\"@type\":\"ListItem\",\"position\":2,\"name\":\"Actualit\u00e9 constructeur automobile\",\"item\":\"https:\/\/www.carideal.com\/blog\/constructeur\/\"},{\"@type\":\"ListItem\",\"position\":3,\"name\":\"Actualit\u00e9 Seat\",\"item\":\"https:\/\/www.carideal.com\/blog\/constructeur\/seat\/\"},{\"@type\":\"ListItem\",\"position\":4,\"name\":\"Le gouvernement espagnol veut que Seat rembourse\"}]},{\"@type\":\"WebSite\",\"@id\":\"https:\/\/www.carideal.com\/blog\/#website\",\"url\":\"https:\/\/www.carideal.com\/blog\/\",\"name\":\"Blog auto Carid\u00e9al\",\"description\":\"Actualit\u00e9 auto par des passionn\u00e9s\",\"publisher\":{\"@id\":\"https:\/\/www.carideal.com\/blog\/#organization\"},\"potentialAction\":[{\"@type\":\"SearchAction\",\"target\":{\"@type\":\"EntryPoint\",\"urlTemplate\":\"https:\/\/www.carideal.com\/blog\/?s={search_term_string}\"},\"query-input\":{\"@type\":\"PropertyValueSpecification\",\"valueRequired\":true,\"valueName\":\"search_term_string\"}}],\"inLanguage\":\"fr-FR\"},{\"@type\":\"Organization\",\"@id\":\"https:\/\/www.carideal.com\/blog\/#organization\",\"name\":\"Carideal\",\"url\":\"https:\/\/www.carideal.com\/blog\/\",\"logo\":{\"@type\":\"ImageObject\",\"inLanguage\":\"fr-FR\",\"@id\":\"https:\/\/www.carideal.com\/blog\/#\/schema\/logo\/image\/\",\"url\":\"http:\/\/www.carideal.com\/blog\/wp-content\/uploads\/2016\/03\/logo-carideal-mandataire-automobile.png\",\"contentUrl\":\"http:\/\/www.carideal.com\/blog\/wp-content\/uploads\/2016\/03\/logo-carideal-mandataire-automobile.png\",\"width\":300,\"height\":300,\"caption\":\"Carideal\"},\"image\":{\"@id\":\"https:\/\/www.carideal.com\/blog\/#\/schema\/logo\/image\/\"},\"sameAs\":[\"https:\/\/www.facebook.com\/Carideal.mandataire.automobile\",\"https:\/\/x.com\/caridealauto\",\"https:\/\/www.instagram.com\/carideal1\/\",\"https:\/\/www.linkedin.com\/company\/carideal.com\",\"https:\/\/fr.pinterest.com\/schiavonsas\/\",\"https:\/\/www.youtube.com\/user\/caridealsas\"]},{\"@type\":\"Person\",\"@id\":\"https:\/\/www.carideal.com\/blog\/#\/schema\/person\/cd95dc7919660de90d31b366f85be1ec\",\"name\":\"Nicolas SCHIAVON\",\"image\":{\"@type\":\"ImageObject\",\"inLanguage\":\"fr-FR\",\"@id\":\"https:\/\/www.carideal.com\/blog\/#\/schema\/person\/image\/\",\"url\":\"https:\/\/secure.gravatar.com\/avatar\/c17e55009e671d92cc7f5dc837dc418a?s=96&r=g\",\"contentUrl\":\"https:\/\/secure.gravatar.com\/avatar\/c17e55009e671d92cc7f5dc837dc418a?s=96&r=g\",\"caption\":\"Nicolas SCHIAVON\"},\"description\":\"Nicolas Schiavon est tomb\u00e9 tout petit dans la marmite automobile. Ayant eu un garage de marque automobile, mandataire automobile de la premi\u00e8re heure d\u00e8s 1999. Nicolas a cr\u00e9\u00e9 ces premiers sites de vente de voiture et blog automobile d\u00e8s 1994. Carideal est n\u00e9 le 15 d\u00e9cembre 2000 de la volont\u00e9 de vendre des voitures d'occasions en ligne puis des voitures neuves. Il a pu essayer beaucoup de voitures tr\u00e8s diff\u00e9rentes et ayant eu personnellement quelques belles autos, Subaru Impreza, Mitsubishi Lancer Evo 7, Porsche 911, Ferrari Testarrossa, Audi RS3, RS4 et j'en passe...\",\"sameAs\":[\"http:\/\/www.carideal.com\",\"https:\/\/www.facebook.com\/nicolas.schiavon.39\",\"https:\/\/www.instagram.com\/carideal1\/\",\"https:\/\/www.linkedin.com\/in\/nschiavon\/\",\"https:\/\/x.com\/caridealauto\",\"https:\/\/www.youtube.com\/user\/caridealsas\/\"],\"url\":\"https:\/\/www.carideal.com\/blog\/author\/nschiavon\/\"}]}<\/script>\n<!-- \/ Yoast SEO plugin. -->","yoast_head_json":{"title":"Le gouvernement espagnol veut que Seat rembourse - Blog auto Carid\u00e9al","description":"Le gouvernement espagnol souhaite que Seat propri\u00e9t\u00e9 du groupe Volkswagen rembourse les aides percues pour vendre des voitures propres.","robots":{"index":"index","follow":"follow","max-snippet":"max-snippet:-1","max-image-preview":"max-image-preview:large","max-video-preview":"max-video-preview:-1"},"canonical":"https:\/\/www.carideal.com\/blog\/2015\/09\/29\/volkswagengate-le-gouvernement-espagnol-veut-obliger-seat-a-rembourser-les-aides-percues\/","og_locale":"fr_FR","og_type":"article","og_title":"Le gouvernement espagnol veut que Seat rembourse - Blog auto Carid\u00e9al","og_description":"Le gouvernement espagnol souhaite que Seat propri\u00e9t\u00e9 du groupe Volkswagen rembourse les aides percues pour vendre des voitures propres.","og_url":"https:\/\/www.carideal.com\/blog\/2015\/09\/29\/volkswagengate-le-gouvernement-espagnol-veut-obliger-seat-a-rembourser-les-aides-percues\/","og_site_name":"Blog auto Carid\u00e9al","article_publisher":"https:\/\/www.facebook.com\/Carideal.mandataire.automobile","article_author":"https:\/\/www.facebook.com\/nicolas.schiavon.39","article_published_time":"2015-09-29T07:08:50+00:00","article_modified_time":"2020-03-08T16:59:54+00:00","og_image":[{"url":"http:\/\/www.carideal.com\/blog\/wp-content\/uploads\/2015\/09\/seat-moteur-truque-300x160.jpg","type":"","width":"","height":""}],"author":"Nicolas SCHIAVON","twitter_card":"summary_large_image","twitter_creator":"@caridealauto","twitter_site":"@caridealauto","twitter_misc":{"\u00c9crit par":"Nicolas SCHIAVON","Dur\u00e9e de lecture estim\u00e9e":"1 minute"},"schema":{"@context":"https:\/\/schema.org","@graph":[{"@type":"Article","@id":"https:\/\/www.carideal.com\/blog\/2015\/09\/29\/volkswagengate-le-gouvernement-espagnol-veut-obliger-seat-a-rembourser-les-aides-percues\/#article","isPartOf":{"@id":"https:\/\/www.carideal.com\/blog\/2015\/09\/29\/volkswagengate-le-gouvernement-espagnol-veut-obliger-seat-a-rembourser-les-aides-percues\/"},"author":{"name":"Nicolas SCHIAVON","@id":"https:\/\/www.carideal.com\/blog\/#\/schema\/person\/cd95dc7919660de90d31b366f85be1ec"},"headline":"Le gouvernement espagnol veut que Seat rembourse","datePublished":"2015-09-29T07:08:50+00:00","dateModified":"2020-03-08T16:59:54+00:00","mainEntityOfPage":{"@id":"https:\/\/www.carideal.com\/blog\/2015\/09\/29\/volkswagengate-le-gouvernement-espagnol-veut-obliger-seat-a-rembourser-les-aides-percues\/"},"wordCount":195,"commentCount":0,"publisher":{"@id":"https:\/\/www.carideal.com\/blog\/#organization"},"image":{"@id":"https:\/\/www.carideal.com\/blog\/2015\/09\/29\/volkswagengate-le-gouvernement-espagnol-veut-obliger-seat-a-rembourser-les-aides-percues\/#primaryimage"},"thumbnailUrl":"http:\/\/www.carideal.com\/blog\/wp-content\/uploads\/2015\/09\/seat-moteur-truque-300x160.jpg","keywords":["Volkswagengate"],"articleSection":["Actualit\u00e9 automobile","Actualit\u00e9 Constructeur automobile","Actualit\u00e9 Financi\u00e8re","Actualit\u00e9 Seat","Divers","Ecologie","L\u00e9gislation Automobile"],"inLanguage":"fr-FR","potentialAction":[{"@type":"CommentAction","name":"Comment","target":["https:\/\/www.carideal.com\/blog\/2015\/09\/29\/volkswagengate-le-gouvernement-espagnol-veut-obliger-seat-a-rembourser-les-aides-percues\/#respond"]}]},{"@type":"WebPage","@id":"https:\/\/www.carideal.com\/blog\/2015\/09\/29\/volkswagengate-le-gouvernement-espagnol-veut-obliger-seat-a-rembourser-les-aides-percues\/","url":"https:\/\/www.carideal.com\/blog\/2015\/09\/29\/volkswagengate-le-gouvernement-espagnol-veut-obliger-seat-a-rembourser-les-aides-percues\/","name":"Le gouvernement espagnol veut que Seat rembourse - Blog auto Carid\u00e9al","isPartOf":{"@id":"https:\/\/www.carideal.com\/blog\/#website"},"primaryImageOfPage":{"@id":"https:\/\/www.carideal.com\/blog\/2015\/09\/29\/volkswagengate-le-gouvernement-espagnol-veut-obliger-seat-a-rembourser-les-aides-percues\/#primaryimage"},"image":{"@id":"https:\/\/www.carideal.com\/blog\/2015\/09\/29\/volkswagengate-le-gouvernement-espagnol-veut-obliger-seat-a-rembourser-les-aides-percues\/#primaryimage"},"thumbnailUrl":"http:\/\/www.carideal.com\/blog\/wp-content\/uploads\/2015\/09\/seat-moteur-truque-300x160.jpg","datePublished":"2015-09-29T07:08:50+00:00","dateModified":"2020-03-08T16:59:54+00:00","description":"Le gouvernement espagnol souhaite que Seat propri\u00e9t\u00e9 du groupe Volkswagen rembourse les aides percues pour vendre des voitures propres.","breadcrumb":{"@id":"https:\/\/www.carideal.com\/blog\/2015\/09\/29\/volkswagengate-le-gouvernement-espagnol-veut-obliger-seat-a-rembourser-les-aides-percues\/#breadcrumb"},"inLanguage":"fr-FR","potentialAction":[{"@type":"ReadAction","target":["https:\/\/www.carideal.com\/blog\/2015\/09\/29\/volkswagengate-le-gouvernement-espagnol-veut-obliger-seat-a-rembourser-les-aides-percues\/"]}]},{"@type":"ImageObject","inLanguage":"fr-FR","@id":"https:\/\/www.carideal.com\/blog\/2015\/09\/29\/volkswagengate-le-gouvernement-espagnol-veut-obliger-seat-a-rembourser-les-aides-percues\/#primaryimage","url":"http:\/\/www.carideal.com\/blog\/wp-content\/uploads\/2015\/09\/seat-moteur-truque-300x160.jpg","contentUrl":"http:\/\/www.carideal.com\/blog\/wp-content\/uploads\/2015\/09\/seat-moteur-truque-300x160.jpg"},{"@type":"BreadcrumbList","@id":"https:\/\/www.carideal.com\/blog\/2015\/09\/29\/volkswagengate-le-gouvernement-espagnol-veut-obliger-seat-a-rembourser-les-aides-percues\/#breadcrumb","itemListElement":[{"@type":"ListItem","position":1,"name":"Blog Carid\u00e9al","item":"https:\/\/www.carideal.com\/blog\/"},{"@type":"ListItem","position":2,"name":"Actualit\u00e9 constructeur automobile","item":"https:\/\/www.carideal.com\/blog\/constructeur\/"},{"@type":"ListItem","position":3,"name":"Actualit\u00e9 Seat","item":"https:\/\/www.carideal.com\/blog\/constructeur\/seat\/"},{"@type":"ListItem","position":4,"name":"Le gouvernement espagnol veut que Seat rembourse"}]},{"@type":"WebSite","@id":"https:\/\/www.carideal.com\/blog\/#website","url":"https:\/\/www.carideal.com\/blog\/","name":"Blog auto Carid\u00e9al","description":"Actualit\u00e9 auto par des passionn\u00e9s","publisher":{"@id":"https:\/\/www.carideal.com\/blog\/#organization"},"potentialAction":[{"@type":"SearchAction","target":{"@type":"EntryPoint","urlTemplate":"https:\/\/www.carideal.com\/blog\/?s={search_term_string}"},"query-input":{"@type":"PropertyValueSpecification","valueRequired":true,"valueName":"search_term_string"}}],"inLanguage":"fr-FR"},{"@type":"Organization","@id":"https:\/\/www.carideal.com\/blog\/#organization","name":"Carideal","url":"https:\/\/www.carideal.com\/blog\/","logo":{"@type":"ImageObject","inLanguage":"fr-FR","@id":"https:\/\/www.carideal.com\/blog\/#\/schema\/logo\/image\/","url":"http:\/\/www.carideal.com\/blog\/wp-content\/uploads\/2016\/03\/logo-carideal-mandataire-automobile.png","contentUrl":"http:\/\/www.carideal.com\/blog\/wp-content\/uploads\/2016\/03\/logo-carideal-mandataire-automobile.png","width":300,"height":300,"caption":"Carideal"},"image":{"@id":"https:\/\/www.carideal.com\/blog\/#\/schema\/logo\/image\/"},"sameAs":["https:\/\/www.facebook.com\/Carideal.mandataire.automobile","https:\/\/x.com\/caridealauto","https:\/\/www.instagram.com\/carideal1\/","https:\/\/www.linkedin.com\/company\/carideal.com","https:\/\/fr.pinterest.com\/schiavonsas\/","https:\/\/www.youtube.com\/user\/caridealsas"]},{"@type":"Person","@id":"https:\/\/www.carideal.com\/blog\/#\/schema\/person\/cd95dc7919660de90d31b366f85be1ec","name":"Nicolas SCHIAVON","image":{"@type":"ImageObject","inLanguage":"fr-FR","@id":"https:\/\/www.carideal.com\/blog\/#\/schema\/person\/image\/","url":"https:\/\/secure.gravatar.com\/avatar\/c17e55009e671d92cc7f5dc837dc418a?s=96&r=g","contentUrl":"https:\/\/secure.gravatar.com\/avatar\/c17e55009e671d92cc7f5dc837dc418a?s=96&r=g","caption":"Nicolas SCHIAVON"},"description":"Nicolas Schiavon est tomb\u00e9 tout petit dans la marmite automobile. Ayant eu un garage de marque automobile, mandataire automobile de la premi\u00e8re heure d\u00e8s 1999. Nicolas a cr\u00e9\u00e9 ces premiers sites de vente de voiture et blog automobile d\u00e8s 1994. Carideal est n\u00e9 le 15 d\u00e9cembre 2000 de la volont\u00e9 de vendre des voitures d'occasions en ligne puis des voitures neuves. Il a pu essayer beaucoup de voitures tr\u00e8s diff\u00e9rentes et ayant eu personnellement quelques belles autos, Subaru Impreza, Mitsubishi Lancer Evo 7, Porsche 911, Ferrari Testarrossa, Audi RS3, RS4 et j'en passe...","sameAs":["http:\/\/www.carideal.com","https:\/\/www.facebook.com\/nicolas.schiavon.39","https:\/\/www.instagram.com\/carideal1\/","https:\/\/www.linkedin.com\/in\/nschiavon\/","https:\/\/x.com\/caridealauto","https:\/\/www.youtube.com\/user\/caridealsas\/"],"url":"https:\/\/www.carideal.com\/blog\/author\/nschiavon\/"}]}},"uagb_featured_image_src":{"full":false,"thumbnail":false,"medium":false,"medium_large":false,"large":false,"1536x1536":false,"2048x2048":false,"wppr-widget":false},"uagb_author_info":{"display_name":"Nicolas SCHIAVON","author_link":"https:\/\/www.carideal.com\/blog\/author\/nschiavon\/"},"uagb_comment_info":0,"uagb_excerpt":"Volkswagengate Le gouvernement espagnol veut Obliger Seat \u00e0 rembourser les aides percues Le gouvernement espagnol veut que Seat rembourse les aides per\u00e7ues. Les suites du Volkswagengate sont nombreuses et diverses et tous les pays semblent s'y mettre: Suivez l'actualit\u00e9 avec le Hashtag #volkswagengate sur notre compte Twitter @schiavonsas L'Espagne\u00a0envisage de demander \u00e0 Seat, le constructeur\u2026","_links":{"self":[{"href":"https:\/\/www.carideal.com\/blog\/wp-json\/wp\/v2\/posts\/6795"}],"collection":[{"href":"https:\/\/www.carideal.com\/blog\/wp-json\/wp\/v2\/posts"}],"about":[{"href":"https:\/\/www.carideal.com\/blog\/wp-json\/wp\/v2\/types\/post"}],"author":[{"embeddable":true,"href":"https:\/\/www.carideal.com\/blog\/wp-json\/wp\/v2\/users\/3"}],"replies":[{"embeddable":true,"href":"https:\/\/www.carideal.com\/blog\/wp-json\/wp\/v2\/comments?post=6795"}],"version-history":[{"count":0,"href":"https:\/\/www.carideal.com\/blog\/wp-json\/wp\/v2\/posts\/6795\/revisions"}],"wp:attachment":[{"href":"https:\/\/www.carideal.com\/blog\/wp-json\/wp\/v2\/media?parent=6795"}],"wp:term":[{"taxonomy":"category","embeddable":true,"href":"https:\/\/www.carideal.com\/blog\/wp-json\/wp\/v2\/categories?post=6795"},{"taxonomy":"post_tag","embeddable":true,"href":"https:\/\/www.carideal.com\/blog\/wp-json\/wp\/v2\/tags?post=6795"}],"curies":[{"name":"wp","href":"https:\/\/api.w.org\/{rel}","templated":true}]}}