{"id":6779,"date":"2015-09-27T19:24:53","date_gmt":"2015-09-27T17:24:53","guid":{"rendered":"http:\/\/www.carideal.com\/blog\/?p=6779"},"modified":"2020-03-08T18:02:29","modified_gmt":"2020-03-08T17:02:29","slug":"nouvelle-mini-clubman-en-octobre","status":"publish","type":"post","link":"https:\/\/www.carideal.com\/blog\/2015\/09\/27\/nouvelle-mini-clubman-en-octobre\/","title":{"rendered":"Nouvelle Mini Clubman en Octobre"},"content":{"rendered":"<figure id=\"attachment_6780\" aria-describedby=\"caption-attachment-6780\" style=\"width: 290px\" class=\"wp-caption alignnone\"><a href=\"http:\/\/www.carideal.com\/blog\/wp-content\/uploads\/2015\/09\/Mini-Clubman-2016-blog-automobile-carideal.jpg\"><img loading=\"lazy\" decoding=\"async\" class=\"wp-image-6780 size-medium\" title=\"Nouvelle Mini Clubman 2016 en vente en Octobre\" src=\"http:\/\/www.carideal.com\/blog\/wp-content\/uploads\/2015\/09\/Mini-Clubman-2016-blog-automobile-carideal-300x169.jpg\" alt=\"Nouvelle Mini Clubman 2016 en vente en Octobre\" width=\"300\" height=\"169\" srcset=\"https:\/\/www.carideal.com\/blog\/wp-content\/uploads\/2015\/09\/Mini-Clubman-2016-blog-automobile-carideal-300x169.jpg 300w, https:\/\/www.carideal.com\/blog\/wp-content\/uploads\/2015\/09\/Mini-Clubman-2016-blog-automobile-carideal-624x351.jpg 624w, https:\/\/www.carideal.com\/blog\/wp-content\/uploads\/2015\/09\/Mini-Clubman-2016-blog-automobile-carideal.jpg 640w\" sizes=\"(max-width: 300px) 100vw, 300px\" \/><\/a><figcaption id=\"caption-attachment-6780\" class=\"wp-caption-text\">Nouvelle Mini Clubman 2016 en vente en Octobre<\/figcaption><\/figure>\n<h1><strong>Nouvelle Mini Clubman 2016 en vente en Octobre\u00a0<\/strong><\/h1>\n<p>Alors qu'elle arrivera en concession en octobre prochain, la nouvelle Mini Clubman est d'ores et d\u00e9j\u00e0 disponi\u00adble \u00e0 la commande vous pouvez d\u00e9j\u00e0 l'acheter. La gamme s'articule autour de trois mo\u00adtorisations. Il s'agit du 3 cylin\u00addres turbo 1.5 de 136 ch de la Cooper et du 2.0 turbo de 192 eh de la Cooper S en essence. En diesel, le Clubman Cooper D est anim\u00e9 par un 2.0 de 150 ch. Ces trois moteurs sont coupl\u00e9s \u00e0 une bo\u00eete manuelle \u00e0 6 rap\u00adports ou, en option, automa\u00adtique \u00e0 6 ou 8 rapports selon les versions. Pour vous offrir cette Mini Clubman II, il vous faudra d\u00e9bourser 24 900 \u20ac\u00a0minimum en essence (Cooper) et 27 900 \u20ac en diesel (<span style=\"text-decoration: underline;\"><a href=\"http:\/\/www.carideal.com\/blog\/2011\/10\/03\/mini-cooper-sd-un-diesel-sportif\/\">Cooper D<\/a><\/span>), Cette derni\u00e8re version devrait repr\u00e9senter le plus gros des ventes dans l'Hexagone.<\/p>\n<h2><strong>Nouvelle Mini Clubman Bien \u00e9quip\u00e9<\/strong><\/h2>\n<p>Si les prix de ce nouveau <span style=\"text-decoration: underline;\">break Mini<\/span> semblent \u00e9lev\u00e9s, il faut reconna\u00eetre que la dota\u00adtion de s\u00e9rie est assez bien fournie d\u00e8s l'entr\u00e9e de gamme (Cooper et Cooper D) qui re\u00e7oit la climatisation manuelle, le syst\u00e8me multim\u00e9dia Mini\u00a0Connect avec \u00e9cran de 6,5 pouces et connexion Blue\u00adtooth, le r\u00e9gulateur de vitesse, le volant Sport en cuir ou encore les jantes en alliage de 16 pouces. La version <span style=\"text-decoration: underline;\"><a href=\"http:\/\/www.carideal.com\/blog\/2010\/04\/07\/mini-cooper-s\/\">Cooper S<\/a><\/span> y ajoute, entre autres, la clima\u00adtisation automatique, les si\u00e8ges Sport et des attributs ext\u00e9\u00adrieurs et int\u00e9rieurs sp\u00e9cifiques pour un prix d\u00e9marrant \u00e0 29 500 \u20ac. Enfin, gr\u00e2ce aux diff\u00e9rents packs propos\u00e9s : Chili, Red Hot Chili, Exquisite, JCW (lire encadr\u00e9 ci-contre), il est possible d'enrichir \u00e0 l'envi l'\u00e9quipement de chacune de ces trois versions.<\/p>\n","protected":false},"excerpt":{"rendered":"<p>Nouvelle Mini Clubman 2016 en vente en Octobre\u00a0 Alors qu&rsquo;elle arrivera en concession en octobre prochain, la nouvelle Mini Clubman est d&rsquo;ores et d\u00e9j\u00e0 disponi\u00adble \u00e0 la commande vous pouvez d\u00e9j\u00e0 l&rsquo;acheter. La gamme s&rsquo;articule autour de trois mo\u00adtorisations. Il s&rsquo;agit du 3 cylin\u00addres turbo 1.5 de 136 ch de la Cooper et du 2.0 &#8230; <a title=\"Nouvelle Mini Clubman en Octobre\" class=\"read-more\" href=\"https:\/\/www.carideal.com\/blog\/2015\/09\/27\/nouvelle-mini-clubman-en-octobre\/\" aria-label=\"En savoir plus sur Nouvelle Mini Clubman en Octobre\">Lire plus<\/a><\/p>\n","protected":false},"author":3,"featured_media":0,"comment_status":"open","ping_status":"open","sticky":false,"template":"","format":"standard","meta":{"_uag_custom_page_level_css":"","_themeisle_gutenberg_block_has_review":false,"footnotes":""},"categories":[21,5944,6045,6013,5974],"tags":[],"class_list":["post-6779","post","type-post","status-publish","format-standard","hentry","category-actualites-auto","category-constructeur","category-mini","category-break","category-type-de-vehicule"],"wppr_data":[],"yoast_head":"<!-- This site is optimized with the Yoast SEO plugin v24.8.1 - https:\/\/yoast.com\/wordpress\/plugins\/seo\/ -->\n<title>Nouvelle Mini Clubman en Octobre - Blog auto Carid\u00e9al<\/title>\n<meta name=\"description\" content=\"Nouvelle Mini Clubman elle est d\u00e9j\u00e0 disponible \u00e0 la commande. Cette nouvelle version sera \u00e9quip\u00e9e de moteur essence et diesel boite auto jusque 8 rapports\" \/>\n<meta name=\"robots\" content=\"index, follow, max-snippet:-1, max-image-preview:large, max-video-preview:-1\" \/>\n<link rel=\"canonical\" href=\"https:\/\/www.carideal.com\/blog\/2015\/09\/27\/nouvelle-mini-clubman-en-octobre\/\" \/>\n<meta property=\"og:locale\" content=\"fr_FR\" \/>\n<meta property=\"og:type\" content=\"article\" \/>\n<meta property=\"og:title\" content=\"Nouvelle Mini Clubman en Octobre - Blog auto Carid\u00e9al\" \/>\n<meta property=\"og:description\" content=\"Nouvelle Mini Clubman elle est d\u00e9j\u00e0 disponible \u00e0 la commande. Cette nouvelle version sera \u00e9quip\u00e9e de moteur essence et diesel boite auto jusque 8 rapports\" \/>\n<meta property=\"og:url\" content=\"https:\/\/www.carideal.com\/blog\/2015\/09\/27\/nouvelle-mini-clubman-en-octobre\/\" \/>\n<meta property=\"og:site_name\" content=\"Blog auto Carid\u00e9al\" \/>\n<meta property=\"article:publisher\" content=\"https:\/\/www.facebook.com\/Carideal.mandataire.automobile\" \/>\n<meta property=\"article:author\" content=\"https:\/\/www.facebook.com\/nicolas.schiavon.39\" \/>\n<meta property=\"article:published_time\" content=\"2015-09-27T17:24:53+00:00\" \/>\n<meta property=\"article:modified_time\" content=\"2020-03-08T17:02:29+00:00\" \/>\n<meta property=\"og:image\" content=\"http:\/\/www.carideal.com\/blog\/wp-content\/uploads\/2015\/09\/Mini-Clubman-2016-blog-automobile-carideal-300x169.jpg\" \/>\n<meta name=\"author\" content=\"Nicolas SCHIAVON\" \/>\n<meta name=\"twitter:card\" content=\"summary_large_image\" \/>\n<meta name=\"twitter:creator\" content=\"@caridealauto\" \/>\n<meta name=\"twitter:site\" content=\"@caridealauto\" \/>\n<meta name=\"twitter:label1\" content=\"\u00c9crit par\" \/>\n\t<meta name=\"twitter:data1\" content=\"Nicolas SCHIAVON\" \/>\n\t<meta name=\"twitter:label2\" content=\"Dur\u00e9e de lecture estim\u00e9e\" \/>\n\t<meta name=\"twitter:data2\" content=\"1 minute\" \/>\n<script type=\"application\/ld+json\" class=\"yoast-schema-graph\">{\"@context\":\"https:\/\/schema.org\",\"@graph\":[{\"@type\":\"Article\",\"@id\":\"https:\/\/www.carideal.com\/blog\/2015\/09\/27\/nouvelle-mini-clubman-en-octobre\/#article\",\"isPartOf\":{\"@id\":\"https:\/\/www.carideal.com\/blog\/2015\/09\/27\/nouvelle-mini-clubman-en-octobre\/\"},\"author\":{\"name\":\"Nicolas SCHIAVON\",\"@id\":\"https:\/\/www.carideal.com\/blog\/#\/schema\/person\/cd95dc7919660de90d31b366f85be1ec\"},\"headline\":\"Nouvelle Mini Clubman en Octobre\",\"datePublished\":\"2015-09-27T17:24:53+00:00\",\"dateModified\":\"2020-03-08T17:02:29+00:00\",\"mainEntityOfPage\":{\"@id\":\"https:\/\/www.carideal.com\/blog\/2015\/09\/27\/nouvelle-mini-clubman-en-octobre\/\"},\"wordCount\":293,\"commentCount\":0,\"publisher\":{\"@id\":\"https:\/\/www.carideal.com\/blog\/#organization\"},\"image\":{\"@id\":\"https:\/\/www.carideal.com\/blog\/2015\/09\/27\/nouvelle-mini-clubman-en-octobre\/#primaryimage\"},\"thumbnailUrl\":\"http:\/\/www.carideal.com\/blog\/wp-content\/uploads\/2015\/09\/Mini-Clubman-2016-blog-automobile-carideal-300x169.jpg\",\"articleSection\":[\"Actualit\u00e9 automobile\",\"Actualit\u00e9 Constructeur automobile\",\"Actualit\u00e9 Mini\",\"Break\",\"Type de v\u00e9hicule\"],\"inLanguage\":\"fr-FR\",\"potentialAction\":[{\"@type\":\"CommentAction\",\"name\":\"Comment\",\"target\":[\"https:\/\/www.carideal.com\/blog\/2015\/09\/27\/nouvelle-mini-clubman-en-octobre\/#respond\"]}]},{\"@type\":\"WebPage\",\"@id\":\"https:\/\/www.carideal.com\/blog\/2015\/09\/27\/nouvelle-mini-clubman-en-octobre\/\",\"url\":\"https:\/\/www.carideal.com\/blog\/2015\/09\/27\/nouvelle-mini-clubman-en-octobre\/\",\"name\":\"Nouvelle Mini Clubman en Octobre - Blog auto Carid\u00e9al\",\"isPartOf\":{\"@id\":\"https:\/\/www.carideal.com\/blog\/#website\"},\"primaryImageOfPage\":{\"@id\":\"https:\/\/www.carideal.com\/blog\/2015\/09\/27\/nouvelle-mini-clubman-en-octobre\/#primaryimage\"},\"image\":{\"@id\":\"https:\/\/www.carideal.com\/blog\/2015\/09\/27\/nouvelle-mini-clubman-en-octobre\/#primaryimage\"},\"thumbnailUrl\":\"http:\/\/www.carideal.com\/blog\/wp-content\/uploads\/2015\/09\/Mini-Clubman-2016-blog-automobile-carideal-300x169.jpg\",\"datePublished\":\"2015-09-27T17:24:53+00:00\",\"dateModified\":\"2020-03-08T17:02:29+00:00\",\"description\":\"Nouvelle Mini Clubman elle est d\u00e9j\u00e0 disponible \u00e0 la commande. Cette nouvelle version sera \u00e9quip\u00e9e de moteur essence et diesel boite auto jusque 8 rapports\",\"breadcrumb\":{\"@id\":\"https:\/\/www.carideal.com\/blog\/2015\/09\/27\/nouvelle-mini-clubman-en-octobre\/#breadcrumb\"},\"inLanguage\":\"fr-FR\",\"potentialAction\":[{\"@type\":\"ReadAction\",\"target\":[\"https:\/\/www.carideal.com\/blog\/2015\/09\/27\/nouvelle-mini-clubman-en-octobre\/\"]}]},{\"@type\":\"ImageObject\",\"inLanguage\":\"fr-FR\",\"@id\":\"https:\/\/www.carideal.com\/blog\/2015\/09\/27\/nouvelle-mini-clubman-en-octobre\/#primaryimage\",\"url\":\"http:\/\/www.carideal.com\/blog\/wp-content\/uploads\/2015\/09\/Mini-Clubman-2016-blog-automobile-carideal-300x169.jpg\",\"contentUrl\":\"http:\/\/www.carideal.com\/blog\/wp-content\/uploads\/2015\/09\/Mini-Clubman-2016-blog-automobile-carideal-300x169.jpg\"},{\"@type\":\"BreadcrumbList\",\"@id\":\"https:\/\/www.carideal.com\/blog\/2015\/09\/27\/nouvelle-mini-clubman-en-octobre\/#breadcrumb\",\"itemListElement\":[{\"@type\":\"ListItem\",\"position\":1,\"name\":\"Blog Carid\u00e9al\",\"item\":\"https:\/\/www.carideal.com\/blog\/\"},{\"@type\":\"ListItem\",\"position\":2,\"name\":\"Actualit\u00e9 constructeur automobile\",\"item\":\"https:\/\/www.carideal.com\/blog\/constructeur\/\"},{\"@type\":\"ListItem\",\"position\":3,\"name\":\"Actualit\u00e9 Mini\",\"item\":\"https:\/\/www.carideal.com\/blog\/constructeur\/mini\/\"},{\"@type\":\"ListItem\",\"position\":4,\"name\":\"Nouvelle Mini Clubman en Octobre\"}]},{\"@type\":\"WebSite\",\"@id\":\"https:\/\/www.carideal.com\/blog\/#website\",\"url\":\"https:\/\/www.carideal.com\/blog\/\",\"name\":\"Blog auto Carid\u00e9al\",\"description\":\"Actualit\u00e9 auto par des passionn\u00e9s\",\"publisher\":{\"@id\":\"https:\/\/www.carideal.com\/blog\/#organization\"},\"potentialAction\":[{\"@type\":\"SearchAction\",\"target\":{\"@type\":\"EntryPoint\",\"urlTemplate\":\"https:\/\/www.carideal.com\/blog\/?s={search_term_string}\"},\"query-input\":{\"@type\":\"PropertyValueSpecification\",\"valueRequired\":true,\"valueName\":\"search_term_string\"}}],\"inLanguage\":\"fr-FR\"},{\"@type\":\"Organization\",\"@id\":\"https:\/\/www.carideal.com\/blog\/#organization\",\"name\":\"Carideal\",\"url\":\"https:\/\/www.carideal.com\/blog\/\",\"logo\":{\"@type\":\"ImageObject\",\"inLanguage\":\"fr-FR\",\"@id\":\"https:\/\/www.carideal.com\/blog\/#\/schema\/logo\/image\/\",\"url\":\"http:\/\/www.carideal.com\/blog\/wp-content\/uploads\/2016\/03\/logo-carideal-mandataire-automobile.png\",\"contentUrl\":\"http:\/\/www.carideal.com\/blog\/wp-content\/uploads\/2016\/03\/logo-carideal-mandataire-automobile.png\",\"width\":300,\"height\":300,\"caption\":\"Carideal\"},\"image\":{\"@id\":\"https:\/\/www.carideal.com\/blog\/#\/schema\/logo\/image\/\"},\"sameAs\":[\"https:\/\/www.facebook.com\/Carideal.mandataire.automobile\",\"https:\/\/x.com\/caridealauto\",\"https:\/\/www.instagram.com\/carideal1\/\",\"https:\/\/www.linkedin.com\/company\/carideal.com\",\"https:\/\/fr.pinterest.com\/schiavonsas\/\",\"https:\/\/www.youtube.com\/user\/caridealsas\"]},{\"@type\":\"Person\",\"@id\":\"https:\/\/www.carideal.com\/blog\/#\/schema\/person\/cd95dc7919660de90d31b366f85be1ec\",\"name\":\"Nicolas SCHIAVON\",\"image\":{\"@type\":\"ImageObject\",\"inLanguage\":\"fr-FR\",\"@id\":\"https:\/\/www.carideal.com\/blog\/#\/schema\/person\/image\/\",\"url\":\"https:\/\/secure.gravatar.com\/avatar\/c17e55009e671d92cc7f5dc837dc418a?s=96&r=g\",\"contentUrl\":\"https:\/\/secure.gravatar.com\/avatar\/c17e55009e671d92cc7f5dc837dc418a?s=96&r=g\",\"caption\":\"Nicolas SCHIAVON\"},\"description\":\"Nicolas Schiavon est tomb\u00e9 tout petit dans la marmite automobile. Ayant eu un garage de marque automobile, mandataire automobile de la premi\u00e8re heure d\u00e8s 1999. Nicolas a cr\u00e9\u00e9 ces premiers sites de vente de voiture et blog automobile d\u00e8s 1994. Carideal est n\u00e9 le 15 d\u00e9cembre 2000 de la volont\u00e9 de vendre des voitures d'occasions en ligne puis des voitures neuves. Il a pu essayer beaucoup de voitures tr\u00e8s diff\u00e9rentes et ayant eu personnellement quelques belles autos, Subaru Impreza, Mitsubishi Lancer Evo 7, Porsche 911, Ferrari Testarrossa, Audi RS3, RS4 et j'en passe...\",\"sameAs\":[\"http:\/\/www.carideal.com\",\"https:\/\/www.facebook.com\/nicolas.schiavon.39\",\"https:\/\/www.instagram.com\/carideal1\/\",\"https:\/\/www.linkedin.com\/in\/nschiavon\/\",\"https:\/\/x.com\/caridealauto\",\"https:\/\/www.youtube.com\/user\/caridealsas\/\"],\"url\":\"https:\/\/www.carideal.com\/blog\/author\/nschiavon\/\"}]}<\/script>\n<!-- \/ Yoast SEO plugin. -->","yoast_head_json":{"title":"Nouvelle Mini Clubman en Octobre - Blog auto Carid\u00e9al","description":"Nouvelle Mini Clubman elle est d\u00e9j\u00e0 disponible \u00e0 la commande. Cette nouvelle version sera \u00e9quip\u00e9e de moteur essence et diesel boite auto jusque 8 rapports","robots":{"index":"index","follow":"follow","max-snippet":"max-snippet:-1","max-image-preview":"max-image-preview:large","max-video-preview":"max-video-preview:-1"},"canonical":"https:\/\/www.carideal.com\/blog\/2015\/09\/27\/nouvelle-mini-clubman-en-octobre\/","og_locale":"fr_FR","og_type":"article","og_title":"Nouvelle Mini Clubman en Octobre - Blog auto Carid\u00e9al","og_description":"Nouvelle Mini Clubman elle est d\u00e9j\u00e0 disponible \u00e0 la commande. Cette nouvelle version sera \u00e9quip\u00e9e de moteur essence et diesel boite auto jusque 8 rapports","og_url":"https:\/\/www.carideal.com\/blog\/2015\/09\/27\/nouvelle-mini-clubman-en-octobre\/","og_site_name":"Blog auto Carid\u00e9al","article_publisher":"https:\/\/www.facebook.com\/Carideal.mandataire.automobile","article_author":"https:\/\/www.facebook.com\/nicolas.schiavon.39","article_published_time":"2015-09-27T17:24:53+00:00","article_modified_time":"2020-03-08T17:02:29+00:00","og_image":[{"url":"http:\/\/www.carideal.com\/blog\/wp-content\/uploads\/2015\/09\/Mini-Clubman-2016-blog-automobile-carideal-300x169.jpg","type":"","width":"","height":""}],"author":"Nicolas SCHIAVON","twitter_card":"summary_large_image","twitter_creator":"@caridealauto","twitter_site":"@caridealauto","twitter_misc":{"\u00c9crit par":"Nicolas SCHIAVON","Dur\u00e9e de lecture estim\u00e9e":"1 minute"},"schema":{"@context":"https:\/\/schema.org","@graph":[{"@type":"Article","@id":"https:\/\/www.carideal.com\/blog\/2015\/09\/27\/nouvelle-mini-clubman-en-octobre\/#article","isPartOf":{"@id":"https:\/\/www.carideal.com\/blog\/2015\/09\/27\/nouvelle-mini-clubman-en-octobre\/"},"author":{"name":"Nicolas SCHIAVON","@id":"https:\/\/www.carideal.com\/blog\/#\/schema\/person\/cd95dc7919660de90d31b366f85be1ec"},"headline":"Nouvelle Mini Clubman en Octobre","datePublished":"2015-09-27T17:24:53+00:00","dateModified":"2020-03-08T17:02:29+00:00","mainEntityOfPage":{"@id":"https:\/\/www.carideal.com\/blog\/2015\/09\/27\/nouvelle-mini-clubman-en-octobre\/"},"wordCount":293,"commentCount":0,"publisher":{"@id":"https:\/\/www.carideal.com\/blog\/#organization"},"image":{"@id":"https:\/\/www.carideal.com\/blog\/2015\/09\/27\/nouvelle-mini-clubman-en-octobre\/#primaryimage"},"thumbnailUrl":"http:\/\/www.carideal.com\/blog\/wp-content\/uploads\/2015\/09\/Mini-Clubman-2016-blog-automobile-carideal-300x169.jpg","articleSection":["Actualit\u00e9 automobile","Actualit\u00e9 Constructeur automobile","Actualit\u00e9 Mini","Break","Type de v\u00e9hicule"],"inLanguage":"fr-FR","potentialAction":[{"@type":"CommentAction","name":"Comment","target":["https:\/\/www.carideal.com\/blog\/2015\/09\/27\/nouvelle-mini-clubman-en-octobre\/#respond"]}]},{"@type":"WebPage","@id":"https:\/\/www.carideal.com\/blog\/2015\/09\/27\/nouvelle-mini-clubman-en-octobre\/","url":"https:\/\/www.carideal.com\/blog\/2015\/09\/27\/nouvelle-mini-clubman-en-octobre\/","name":"Nouvelle Mini Clubman en Octobre - Blog auto Carid\u00e9al","isPartOf":{"@id":"https:\/\/www.carideal.com\/blog\/#website"},"primaryImageOfPage":{"@id":"https:\/\/www.carideal.com\/blog\/2015\/09\/27\/nouvelle-mini-clubman-en-octobre\/#primaryimage"},"image":{"@id":"https:\/\/www.carideal.com\/blog\/2015\/09\/27\/nouvelle-mini-clubman-en-octobre\/#primaryimage"},"thumbnailUrl":"http:\/\/www.carideal.com\/blog\/wp-content\/uploads\/2015\/09\/Mini-Clubman-2016-blog-automobile-carideal-300x169.jpg","datePublished":"2015-09-27T17:24:53+00:00","dateModified":"2020-03-08T17:02:29+00:00","description":"Nouvelle Mini Clubman elle est d\u00e9j\u00e0 disponible \u00e0 la commande. Cette nouvelle version sera \u00e9quip\u00e9e de moteur essence et diesel boite auto jusque 8 rapports","breadcrumb":{"@id":"https:\/\/www.carideal.com\/blog\/2015\/09\/27\/nouvelle-mini-clubman-en-octobre\/#breadcrumb"},"inLanguage":"fr-FR","potentialAction":[{"@type":"ReadAction","target":["https:\/\/www.carideal.com\/blog\/2015\/09\/27\/nouvelle-mini-clubman-en-octobre\/"]}]},{"@type":"ImageObject","inLanguage":"fr-FR","@id":"https:\/\/www.carideal.com\/blog\/2015\/09\/27\/nouvelle-mini-clubman-en-octobre\/#primaryimage","url":"http:\/\/www.carideal.com\/blog\/wp-content\/uploads\/2015\/09\/Mini-Clubman-2016-blog-automobile-carideal-300x169.jpg","contentUrl":"http:\/\/www.carideal.com\/blog\/wp-content\/uploads\/2015\/09\/Mini-Clubman-2016-blog-automobile-carideal-300x169.jpg"},{"@type":"BreadcrumbList","@id":"https:\/\/www.carideal.com\/blog\/2015\/09\/27\/nouvelle-mini-clubman-en-octobre\/#breadcrumb","itemListElement":[{"@type":"ListItem","position":1,"name":"Blog Carid\u00e9al","item":"https:\/\/www.carideal.com\/blog\/"},{"@type":"ListItem","position":2,"name":"Actualit\u00e9 constructeur automobile","item":"https:\/\/www.carideal.com\/blog\/constructeur\/"},{"@type":"ListItem","position":3,"name":"Actualit\u00e9 Mini","item":"https:\/\/www.carideal.com\/blog\/constructeur\/mini\/"},{"@type":"ListItem","position":4,"name":"Nouvelle Mini Clubman en Octobre"}]},{"@type":"WebSite","@id":"https:\/\/www.carideal.com\/blog\/#website","url":"https:\/\/www.carideal.com\/blog\/","name":"Blog auto Carid\u00e9al","description":"Actualit\u00e9 auto par des passionn\u00e9s","publisher":{"@id":"https:\/\/www.carideal.com\/blog\/#organization"},"potentialAction":[{"@type":"SearchAction","target":{"@type":"EntryPoint","urlTemplate":"https:\/\/www.carideal.com\/blog\/?s={search_term_string}"},"query-input":{"@type":"PropertyValueSpecification","valueRequired":true,"valueName":"search_term_string"}}],"inLanguage":"fr-FR"},{"@type":"Organization","@id":"https:\/\/www.carideal.com\/blog\/#organization","name":"Carideal","url":"https:\/\/www.carideal.com\/blog\/","logo":{"@type":"ImageObject","inLanguage":"fr-FR","@id":"https:\/\/www.carideal.com\/blog\/#\/schema\/logo\/image\/","url":"http:\/\/www.carideal.com\/blog\/wp-content\/uploads\/2016\/03\/logo-carideal-mandataire-automobile.png","contentUrl":"http:\/\/www.carideal.com\/blog\/wp-content\/uploads\/2016\/03\/logo-carideal-mandataire-automobile.png","width":300,"height":300,"caption":"Carideal"},"image":{"@id":"https:\/\/www.carideal.com\/blog\/#\/schema\/logo\/image\/"},"sameAs":["https:\/\/www.facebook.com\/Carideal.mandataire.automobile","https:\/\/x.com\/caridealauto","https:\/\/www.instagram.com\/carideal1\/","https:\/\/www.linkedin.com\/company\/carideal.com","https:\/\/fr.pinterest.com\/schiavonsas\/","https:\/\/www.youtube.com\/user\/caridealsas"]},{"@type":"Person","@id":"https:\/\/www.carideal.com\/blog\/#\/schema\/person\/cd95dc7919660de90d31b366f85be1ec","name":"Nicolas SCHIAVON","image":{"@type":"ImageObject","inLanguage":"fr-FR","@id":"https:\/\/www.carideal.com\/blog\/#\/schema\/person\/image\/","url":"https:\/\/secure.gravatar.com\/avatar\/c17e55009e671d92cc7f5dc837dc418a?s=96&r=g","contentUrl":"https:\/\/secure.gravatar.com\/avatar\/c17e55009e671d92cc7f5dc837dc418a?s=96&r=g","caption":"Nicolas SCHIAVON"},"description":"Nicolas Schiavon est tomb\u00e9 tout petit dans la marmite automobile. Ayant eu un garage de marque automobile, mandataire automobile de la premi\u00e8re heure d\u00e8s 1999. Nicolas a cr\u00e9\u00e9 ces premiers sites de vente de voiture et blog automobile d\u00e8s 1994. Carideal est n\u00e9 le 15 d\u00e9cembre 2000 de la volont\u00e9 de vendre des voitures d'occasions en ligne puis des voitures neuves. Il a pu essayer beaucoup de voitures tr\u00e8s diff\u00e9rentes et ayant eu personnellement quelques belles autos, Subaru Impreza, Mitsubishi Lancer Evo 7, Porsche 911, Ferrari Testarrossa, Audi RS3, RS4 et j'en passe...","sameAs":["http:\/\/www.carideal.com","https:\/\/www.facebook.com\/nicolas.schiavon.39","https:\/\/www.instagram.com\/carideal1\/","https:\/\/www.linkedin.com\/in\/nschiavon\/","https:\/\/x.com\/caridealauto","https:\/\/www.youtube.com\/user\/caridealsas\/"],"url":"https:\/\/www.carideal.com\/blog\/author\/nschiavon\/"}]}},"uagb_featured_image_src":{"full":false,"thumbnail":false,"medium":false,"medium_large":false,"large":false,"1536x1536":false,"2048x2048":false,"wppr-widget":false},"uagb_author_info":{"display_name":"Nicolas SCHIAVON","author_link":"https:\/\/www.carideal.com\/blog\/author\/nschiavon\/"},"uagb_comment_info":0,"uagb_excerpt":"Nouvelle Mini Clubman 2016 en vente en Octobre\u00a0 Alors qu'elle arrivera en concession en octobre prochain, la nouvelle Mini Clubman est d'ores et d\u00e9j\u00e0 disponi\u00adble \u00e0 la commande vous pouvez d\u00e9j\u00e0 l'acheter. La gamme s'articule autour de trois mo\u00adtorisations. Il s'agit du 3 cylin\u00addres turbo 1.5 de 136 ch de la Cooper et du 2.0\u2026","_links":{"self":[{"href":"https:\/\/www.carideal.com\/blog\/wp-json\/wp\/v2\/posts\/6779"}],"collection":[{"href":"https:\/\/www.carideal.com\/blog\/wp-json\/wp\/v2\/posts"}],"about":[{"href":"https:\/\/www.carideal.com\/blog\/wp-json\/wp\/v2\/types\/post"}],"author":[{"embeddable":true,"href":"https:\/\/www.carideal.com\/blog\/wp-json\/wp\/v2\/users\/3"}],"replies":[{"embeddable":true,"href":"https:\/\/www.carideal.com\/blog\/wp-json\/wp\/v2\/comments?post=6779"}],"version-history":[{"count":0,"href":"https:\/\/www.carideal.com\/blog\/wp-json\/wp\/v2\/posts\/6779\/revisions"}],"wp:attachment":[{"href":"https:\/\/www.carideal.com\/blog\/wp-json\/wp\/v2\/media?parent=6779"}],"wp:term":[{"taxonomy":"category","embeddable":true,"href":"https:\/\/www.carideal.com\/blog\/wp-json\/wp\/v2\/categories?post=6779"},{"taxonomy":"post_tag","embeddable":true,"href":"https:\/\/www.carideal.com\/blog\/wp-json\/wp\/v2\/tags?post=6779"}],"curies":[{"name":"wp","href":"https:\/\/api.w.org\/{rel}","templated":true}]}}