{"id":675,"date":"2009-02-03T08:12:05","date_gmt":"2009-02-03T08:12:05","guid":{"rendered":"http:\/\/carideal.com\/blog\/?p=675"},"modified":"2020-03-07T16:47:20","modified_gmt":"2020-03-07T15:47:20","slug":"vers-une-fermeture-de-lusine-psa-de-madrid","status":"publish","type":"post","link":"https:\/\/www.carideal.com\/blog\/2009\/02\/03\/vers-une-fermeture-de-lusine-psa-de-madrid\/","title":{"rendered":"Vers une fermeture de l&rsquo;usine PSA de Madrid ?"},"content":{"rendered":"<h1><strong>L'usine PSA de Madrid va-t-elle fermer ?<\/strong><\/h1>\n<figure style=\"width: 441px\" class=\"wp-caption alignnone\"><img loading=\"lazy\" decoding=\"async\" title=\"L'usine PSA de Madrid\" src=\"\/blog\/images\/usine-psa-espagne-vigo-carideal.jpg\" alt=\"L'usine PSA de Madrid\" width=\"451\" height=\"300\" \/><figcaption class=\"wp-caption-text\">L'usine PSA de Madrid<\/figcaption><\/figure>\n<p>L'usine PSA espagnole\u00a0traverse actuellement une tr\u00e8s mauvaise passe \u00e0 l'image du march\u00e9 espagnol compl\u00e8tement en berne. L'usine qui fabrique les <span style=\"text-decoration: underline;\">Peugeot 207<\/span> et <span style=\"text-decoration: underline;\">Citroen C3<\/span> ne produit plus rien. Le constructeur envisage des solutions pour r\u00e9duire tout ou partie de sa production et n\u00e9gocie actuellement avec les syndicats. Toutes les solutions qui pourraient affecter les 2800 salari\u00e9s de ce site sont envisag\u00e9es : fermeture provisoire, d\u00e9finitive, ch\u00f4mage partiel, d\u00e9part volontaire etc. La direction de PSA a officiellement annonc\u00e9 qu'elle cherchait une solution. Les 9000 salari\u00e9s de l'usine PSA de Vigo non loin de l\u00e0 sont aussi inquiets, car ils pourraient bient\u00f4t \u00eatre concern\u00e9s.<\/p>\n<p>L'<span style=\"text-decoration: underline;\"><span style=\"color: #0000ff;\"><a style=\"color: #0000ff; text-decoration: underline;\" href=\"http:\/\/www.carideal.com\/blog\/2008\/07\/27\/conges-forces-pour-5000-ouvriers-de-psa-a-mulhouse\/\">usine de PSA<\/a><\/span><\/span> \u00e0 Mulhouse avait aussi \u00e9t\u00e9 touch\u00e9e.<\/p>\n","protected":false},"excerpt":{"rendered":"<p>L&rsquo;usine PSA de Madrid va-t-elle fermer ? L&rsquo;usine PSA espagnole\u00a0traverse actuellement une tr\u00e8s mauvaise passe \u00e0 l&rsquo;image du march\u00e9 espagnol compl\u00e8tement en berne. L&rsquo;usine qui fabrique les Peugeot 207 et Citroen C3 ne produit plus rien. Le constructeur envisage des solutions pour r\u00e9duire tout ou partie de sa production et n\u00e9gocie actuellement avec les syndicats. &#8230; <a title=\"Vers une fermeture de l&rsquo;usine PSA de Madrid ?\" class=\"read-more\" href=\"https:\/\/www.carideal.com\/blog\/2009\/02\/03\/vers-une-fermeture-de-lusine-psa-de-madrid\/\" aria-label=\"En savoir plus sur Vers une fermeture de l&rsquo;usine PSA de Madrid ?\">Lire plus<\/a><\/p>\n","protected":false},"author":1,"featured_media":0,"comment_status":"open","ping_status":"closed","sticky":false,"template":"","format":"standard","meta":{"_uag_custom_page_level_css":"","_themeisle_gutenberg_block_has_review":false,"footnotes":""},"categories":[5,5944,3,5946,10],"tags":[35],"class_list":["post-675","post","type-post","status-publish","format-standard","hentry","category-citroen","category-constructeur","category-actualites-financieres","category-peugeot","category-marche-automobile-voiture-neuve-occasion-4x4-suv","tag-psa"],"wppr_data":[],"yoast_head":"<!-- This site is optimized with the Yoast SEO plugin v24.8.1 - https:\/\/yoast.com\/wordpress\/plugins\/seo\/ -->\n<title>Vers une fermeture de l&#039;usine PSA de Madrid ? - Blog auto Carid\u00e9al<\/title>\n<meta name=\"description\" content=\"Vers une fermeture de l&#039;usine PSA de Madrid ? Le march\u00e9 automobile Espagnol s&#039;\u00e9ffondre, et les chaine de production sont vides.\" \/>\n<meta name=\"robots\" content=\"index, follow, max-snippet:-1, max-image-preview:large, max-video-preview:-1\" \/>\n<link rel=\"canonical\" href=\"https:\/\/www.carideal.com\/blog\/2009\/02\/03\/vers-une-fermeture-de-lusine-psa-de-madrid\/\" \/>\n<meta property=\"og:locale\" content=\"fr_FR\" \/>\n<meta property=\"og:type\" content=\"article\" \/>\n<meta property=\"og:title\" content=\"Vers une fermeture de l&#039;usine PSA de Madrid ? - Blog auto Carid\u00e9al\" \/>\n<meta property=\"og:description\" content=\"Vers une fermeture de l&#039;usine PSA de Madrid ? Le march\u00e9 automobile Espagnol s&#039;\u00e9ffondre, et les chaine de production sont vides.\" \/>\n<meta property=\"og:url\" content=\"https:\/\/www.carideal.com\/blog\/2009\/02\/03\/vers-une-fermeture-de-lusine-psa-de-madrid\/\" \/>\n<meta property=\"og:site_name\" content=\"Blog auto Carid\u00e9al\" \/>\n<meta property=\"article:publisher\" content=\"https:\/\/www.facebook.com\/Carideal.mandataire.automobile\" \/>\n<meta property=\"article:author\" content=\"https:\/\/www.facebook.com\/Carideal.mandataire.automobile\/\" \/>\n<meta property=\"article:published_time\" content=\"2009-02-03T08:12:05+00:00\" \/>\n<meta property=\"article:modified_time\" content=\"2020-03-07T15:47:20+00:00\" \/>\n<meta property=\"og:image\" content=\"https:\/\/www.carideal.com\/blog\/wp-content\/uploads\/2016\/03\/logo-carideal-mandataire-automobile.png\" \/>\n\t<meta property=\"og:image:width\" content=\"300\" \/>\n\t<meta property=\"og:image:height\" content=\"300\" \/>\n\t<meta property=\"og:image:type\" content=\"image\/png\" \/>\n<meta name=\"author\" content=\"N.S Carideal\" \/>\n<meta name=\"twitter:card\" content=\"summary_large_image\" \/>\n<meta name=\"twitter:creator\" content=\"@caridealauto\" \/>\n<meta name=\"twitter:site\" content=\"@caridealauto\" \/>\n<meta name=\"twitter:label1\" content=\"\u00c9crit par\" \/>\n\t<meta name=\"twitter:data1\" content=\"N.S Carideal\" \/>\n\t<meta name=\"twitter:label2\" content=\"Dur\u00e9e de lecture estim\u00e9e\" \/>\n\t<meta name=\"twitter:data2\" content=\"1 minute\" \/>\n<script type=\"application\/ld+json\" class=\"yoast-schema-graph\">{\"@context\":\"https:\/\/schema.org\",\"@graph\":[{\"@type\":\"Article\",\"@id\":\"https:\/\/www.carideal.com\/blog\/2009\/02\/03\/vers-une-fermeture-de-lusine-psa-de-madrid\/#article\",\"isPartOf\":{\"@id\":\"https:\/\/www.carideal.com\/blog\/2009\/02\/03\/vers-une-fermeture-de-lusine-psa-de-madrid\/\"},\"author\":{\"name\":\"N.S Carideal\",\"@id\":\"https:\/\/www.carideal.com\/blog\/#\/schema\/person\/985c7e757d1042d647f21bfaf8d41ebc\"},\"headline\":\"Vers une fermeture de l&rsquo;usine PSA de Madrid ?\",\"datePublished\":\"2009-02-03T08:12:05+00:00\",\"dateModified\":\"2020-03-07T15:47:20+00:00\",\"mainEntityOfPage\":{\"@id\":\"https:\/\/www.carideal.com\/blog\/2009\/02\/03\/vers-une-fermeture-de-lusine-psa-de-madrid\/\"},\"wordCount\":145,\"commentCount\":0,\"publisher\":{\"@id\":\"https:\/\/www.carideal.com\/blog\/#organization\"},\"keywords\":[\"PSA\"],\"articleSection\":[\"Actualit\u00e9 Citroen\",\"Actualit\u00e9 Constructeur automobile\",\"Actualit\u00e9 Financi\u00e8re\",\"Actualit\u00e9 Peugeot\",\"March\u00e9 automobile\"],\"inLanguage\":\"fr-FR\",\"potentialAction\":[{\"@type\":\"CommentAction\",\"name\":\"Comment\",\"target\":[\"https:\/\/www.carideal.com\/blog\/2009\/02\/03\/vers-une-fermeture-de-lusine-psa-de-madrid\/#respond\"]}]},{\"@type\":\"WebPage\",\"@id\":\"https:\/\/www.carideal.com\/blog\/2009\/02\/03\/vers-une-fermeture-de-lusine-psa-de-madrid\/\",\"url\":\"https:\/\/www.carideal.com\/blog\/2009\/02\/03\/vers-une-fermeture-de-lusine-psa-de-madrid\/\",\"name\":\"Vers une fermeture de l'usine PSA de Madrid ? - Blog auto Carid\u00e9al\",\"isPartOf\":{\"@id\":\"https:\/\/www.carideal.com\/blog\/#website\"},\"datePublished\":\"2009-02-03T08:12:05+00:00\",\"dateModified\":\"2020-03-07T15:47:20+00:00\",\"description\":\"Vers une fermeture de l'usine PSA de Madrid ? Le march\u00e9 automobile Espagnol s'\u00e9ffondre, et les chaine de production sont vides.\",\"breadcrumb\":{\"@id\":\"https:\/\/www.carideal.com\/blog\/2009\/02\/03\/vers-une-fermeture-de-lusine-psa-de-madrid\/#breadcrumb\"},\"inLanguage\":\"fr-FR\",\"potentialAction\":[{\"@type\":\"ReadAction\",\"target\":[\"https:\/\/www.carideal.com\/blog\/2009\/02\/03\/vers-une-fermeture-de-lusine-psa-de-madrid\/\"]}]},{\"@type\":\"BreadcrumbList\",\"@id\":\"https:\/\/www.carideal.com\/blog\/2009\/02\/03\/vers-une-fermeture-de-lusine-psa-de-madrid\/#breadcrumb\",\"itemListElement\":[{\"@type\":\"ListItem\",\"position\":1,\"name\":\"Blog Carid\u00e9al\",\"item\":\"https:\/\/www.carideal.com\/blog\/\"},{\"@type\":\"ListItem\",\"position\":2,\"name\":\"Actualit\u00e9 Financi\u00e8re\",\"item\":\"https:\/\/www.carideal.com\/blog\/actualites-financieres\/\"},{\"@type\":\"ListItem\",\"position\":3,\"name\":\"Vers une fermeture de l&rsquo;usine PSA de Madrid ?\"}]},{\"@type\":\"WebSite\",\"@id\":\"https:\/\/www.carideal.com\/blog\/#website\",\"url\":\"https:\/\/www.carideal.com\/blog\/\",\"name\":\"Blog auto Carid\u00e9al\",\"description\":\"Actualit\u00e9 auto par des passionn\u00e9s\",\"publisher\":{\"@id\":\"https:\/\/www.carideal.com\/blog\/#organization\"},\"potentialAction\":[{\"@type\":\"SearchAction\",\"target\":{\"@type\":\"EntryPoint\",\"urlTemplate\":\"https:\/\/www.carideal.com\/blog\/?s={search_term_string}\"},\"query-input\":{\"@type\":\"PropertyValueSpecification\",\"valueRequired\":true,\"valueName\":\"search_term_string\"}}],\"inLanguage\":\"fr-FR\"},{\"@type\":\"Organization\",\"@id\":\"https:\/\/www.carideal.com\/blog\/#organization\",\"name\":\"Carideal\",\"url\":\"https:\/\/www.carideal.com\/blog\/\",\"logo\":{\"@type\":\"ImageObject\",\"inLanguage\":\"fr-FR\",\"@id\":\"https:\/\/www.carideal.com\/blog\/#\/schema\/logo\/image\/\",\"url\":\"http:\/\/www.carideal.com\/blog\/wp-content\/uploads\/2016\/03\/logo-carideal-mandataire-automobile.png\",\"contentUrl\":\"http:\/\/www.carideal.com\/blog\/wp-content\/uploads\/2016\/03\/logo-carideal-mandataire-automobile.png\",\"width\":300,\"height\":300,\"caption\":\"Carideal\"},\"image\":{\"@id\":\"https:\/\/www.carideal.com\/blog\/#\/schema\/logo\/image\/\"},\"sameAs\":[\"https:\/\/www.facebook.com\/Carideal.mandataire.automobile\",\"https:\/\/x.com\/caridealauto\",\"https:\/\/www.instagram.com\/carideal1\/\",\"https:\/\/www.linkedin.com\/company\/carideal.com\",\"https:\/\/fr.pinterest.com\/schiavonsas\/\",\"https:\/\/www.youtube.com\/user\/caridealsas\"]},{\"@type\":\"Person\",\"@id\":\"https:\/\/www.carideal.com\/blog\/#\/schema\/person\/985c7e757d1042d647f21bfaf8d41ebc\",\"name\":\"N.S Carideal\",\"image\":{\"@type\":\"ImageObject\",\"inLanguage\":\"fr-FR\",\"@id\":\"https:\/\/www.carideal.com\/blog\/#\/schema\/person\/image\/\",\"url\":\"https:\/\/secure.gravatar.com\/avatar\/edb7ccdf1a4e3d14aef967760d354d0e?s=96&r=g\",\"contentUrl\":\"https:\/\/secure.gravatar.com\/avatar\/edb7ccdf1a4e3d14aef967760d354d0e?s=96&r=g\",\"caption\":\"N.S Carideal\"},\"description\":\"Depuis tout petit fan d'automobile. Il est question d'essayer et de comparer toutes ces voitures qui nous ont fait r\u00e9ver, avant que celles-ci ne devient uniquement des voitures de collection.\",\"sameAs\":[\"http:\/\/www.carideal.com\/blog\",\"https:\/\/www.facebook.com\/Carideal.mandataire.automobile\/\",\"https:\/\/www.linkedin.com\/in\/nschiavon\/\",\"https:\/\/www.youtube.com\/user\/caridealsas\/\"],\"url\":\"https:\/\/www.carideal.com\/blog\/author\/admin_carideal\/\"}]}<\/script>\n<!-- \/ Yoast SEO plugin. -->","yoast_head_json":{"title":"Vers une fermeture de l'usine PSA de Madrid ? - Blog auto Carid\u00e9al","description":"Vers une fermeture de l'usine PSA de Madrid ? Le march\u00e9 automobile Espagnol s'\u00e9ffondre, et les chaine de production sont vides.","robots":{"index":"index","follow":"follow","max-snippet":"max-snippet:-1","max-image-preview":"max-image-preview:large","max-video-preview":"max-video-preview:-1"},"canonical":"https:\/\/www.carideal.com\/blog\/2009\/02\/03\/vers-une-fermeture-de-lusine-psa-de-madrid\/","og_locale":"fr_FR","og_type":"article","og_title":"Vers une fermeture de l'usine PSA de Madrid ? - Blog auto Carid\u00e9al","og_description":"Vers une fermeture de l'usine PSA de Madrid ? Le march\u00e9 automobile Espagnol s'\u00e9ffondre, et les chaine de production sont vides.","og_url":"https:\/\/www.carideal.com\/blog\/2009\/02\/03\/vers-une-fermeture-de-lusine-psa-de-madrid\/","og_site_name":"Blog auto Carid\u00e9al","article_publisher":"https:\/\/www.facebook.com\/Carideal.mandataire.automobile","article_author":"https:\/\/www.facebook.com\/Carideal.mandataire.automobile\/","article_published_time":"2009-02-03T08:12:05+00:00","article_modified_time":"2020-03-07T15:47:20+00:00","og_image":[{"width":300,"height":300,"url":"https:\/\/www.carideal.com\/blog\/wp-content\/uploads\/2016\/03\/logo-carideal-mandataire-automobile.png","type":"image\/png"}],"author":"N.S Carideal","twitter_card":"summary_large_image","twitter_creator":"@caridealauto","twitter_site":"@caridealauto","twitter_misc":{"\u00c9crit par":"N.S Carideal","Dur\u00e9e de lecture estim\u00e9e":"1 minute"},"schema":{"@context":"https:\/\/schema.org","@graph":[{"@type":"Article","@id":"https:\/\/www.carideal.com\/blog\/2009\/02\/03\/vers-une-fermeture-de-lusine-psa-de-madrid\/#article","isPartOf":{"@id":"https:\/\/www.carideal.com\/blog\/2009\/02\/03\/vers-une-fermeture-de-lusine-psa-de-madrid\/"},"author":{"name":"N.S Carideal","@id":"https:\/\/www.carideal.com\/blog\/#\/schema\/person\/985c7e757d1042d647f21bfaf8d41ebc"},"headline":"Vers une fermeture de l&rsquo;usine PSA de Madrid ?","datePublished":"2009-02-03T08:12:05+00:00","dateModified":"2020-03-07T15:47:20+00:00","mainEntityOfPage":{"@id":"https:\/\/www.carideal.com\/blog\/2009\/02\/03\/vers-une-fermeture-de-lusine-psa-de-madrid\/"},"wordCount":145,"commentCount":0,"publisher":{"@id":"https:\/\/www.carideal.com\/blog\/#organization"},"keywords":["PSA"],"articleSection":["Actualit\u00e9 Citroen","Actualit\u00e9 Constructeur automobile","Actualit\u00e9 Financi\u00e8re","Actualit\u00e9 Peugeot","March\u00e9 automobile"],"inLanguage":"fr-FR","potentialAction":[{"@type":"CommentAction","name":"Comment","target":["https:\/\/www.carideal.com\/blog\/2009\/02\/03\/vers-une-fermeture-de-lusine-psa-de-madrid\/#respond"]}]},{"@type":"WebPage","@id":"https:\/\/www.carideal.com\/blog\/2009\/02\/03\/vers-une-fermeture-de-lusine-psa-de-madrid\/","url":"https:\/\/www.carideal.com\/blog\/2009\/02\/03\/vers-une-fermeture-de-lusine-psa-de-madrid\/","name":"Vers une fermeture de l'usine PSA de Madrid ? - Blog auto Carid\u00e9al","isPartOf":{"@id":"https:\/\/www.carideal.com\/blog\/#website"},"datePublished":"2009-02-03T08:12:05+00:00","dateModified":"2020-03-07T15:47:20+00:00","description":"Vers une fermeture de l'usine PSA de Madrid ? Le march\u00e9 automobile Espagnol s'\u00e9ffondre, et les chaine de production sont vides.","breadcrumb":{"@id":"https:\/\/www.carideal.com\/blog\/2009\/02\/03\/vers-une-fermeture-de-lusine-psa-de-madrid\/#breadcrumb"},"inLanguage":"fr-FR","potentialAction":[{"@type":"ReadAction","target":["https:\/\/www.carideal.com\/blog\/2009\/02\/03\/vers-une-fermeture-de-lusine-psa-de-madrid\/"]}]},{"@type":"BreadcrumbList","@id":"https:\/\/www.carideal.com\/blog\/2009\/02\/03\/vers-une-fermeture-de-lusine-psa-de-madrid\/#breadcrumb","itemListElement":[{"@type":"ListItem","position":1,"name":"Blog Carid\u00e9al","item":"https:\/\/www.carideal.com\/blog\/"},{"@type":"ListItem","position":2,"name":"Actualit\u00e9 Financi\u00e8re","item":"https:\/\/www.carideal.com\/blog\/actualites-financieres\/"},{"@type":"ListItem","position":3,"name":"Vers une fermeture de l&rsquo;usine PSA de Madrid ?"}]},{"@type":"WebSite","@id":"https:\/\/www.carideal.com\/blog\/#website","url":"https:\/\/www.carideal.com\/blog\/","name":"Blog auto Carid\u00e9al","description":"Actualit\u00e9 auto par des passionn\u00e9s","publisher":{"@id":"https:\/\/www.carideal.com\/blog\/#organization"},"potentialAction":[{"@type":"SearchAction","target":{"@type":"EntryPoint","urlTemplate":"https:\/\/www.carideal.com\/blog\/?s={search_term_string}"},"query-input":{"@type":"PropertyValueSpecification","valueRequired":true,"valueName":"search_term_string"}}],"inLanguage":"fr-FR"},{"@type":"Organization","@id":"https:\/\/www.carideal.com\/blog\/#organization","name":"Carideal","url":"https:\/\/www.carideal.com\/blog\/","logo":{"@type":"ImageObject","inLanguage":"fr-FR","@id":"https:\/\/www.carideal.com\/blog\/#\/schema\/logo\/image\/","url":"http:\/\/www.carideal.com\/blog\/wp-content\/uploads\/2016\/03\/logo-carideal-mandataire-automobile.png","contentUrl":"http:\/\/www.carideal.com\/blog\/wp-content\/uploads\/2016\/03\/logo-carideal-mandataire-automobile.png","width":300,"height":300,"caption":"Carideal"},"image":{"@id":"https:\/\/www.carideal.com\/blog\/#\/schema\/logo\/image\/"},"sameAs":["https:\/\/www.facebook.com\/Carideal.mandataire.automobile","https:\/\/x.com\/caridealauto","https:\/\/www.instagram.com\/carideal1\/","https:\/\/www.linkedin.com\/company\/carideal.com","https:\/\/fr.pinterest.com\/schiavonsas\/","https:\/\/www.youtube.com\/user\/caridealsas"]},{"@type":"Person","@id":"https:\/\/www.carideal.com\/blog\/#\/schema\/person\/985c7e757d1042d647f21bfaf8d41ebc","name":"N.S Carideal","image":{"@type":"ImageObject","inLanguage":"fr-FR","@id":"https:\/\/www.carideal.com\/blog\/#\/schema\/person\/image\/","url":"https:\/\/secure.gravatar.com\/avatar\/edb7ccdf1a4e3d14aef967760d354d0e?s=96&r=g","contentUrl":"https:\/\/secure.gravatar.com\/avatar\/edb7ccdf1a4e3d14aef967760d354d0e?s=96&r=g","caption":"N.S Carideal"},"description":"Depuis tout petit fan d'automobile. Il est question d'essayer et de comparer toutes ces voitures qui nous ont fait r\u00e9ver, avant que celles-ci ne devient uniquement des voitures de collection.","sameAs":["http:\/\/www.carideal.com\/blog","https:\/\/www.facebook.com\/Carideal.mandataire.automobile\/","https:\/\/www.linkedin.com\/in\/nschiavon\/","https:\/\/www.youtube.com\/user\/caridealsas\/"],"url":"https:\/\/www.carideal.com\/blog\/author\/admin_carideal\/"}]}},"uagb_featured_image_src":{"full":false,"thumbnail":false,"medium":false,"medium_large":false,"large":false,"1536x1536":false,"2048x2048":false,"wppr-widget":false},"uagb_author_info":{"display_name":"N.S Carideal","author_link":"https:\/\/www.carideal.com\/blog\/author\/admin_carideal\/"},"uagb_comment_info":0,"uagb_excerpt":"L'usine PSA de Madrid va-t-elle fermer ? L'usine PSA espagnole\u00a0traverse actuellement une tr\u00e8s mauvaise passe \u00e0 l'image du march\u00e9 espagnol compl\u00e8tement en berne. L'usine qui fabrique les Peugeot 207 et Citroen C3 ne produit plus rien. Le constructeur envisage des solutions pour r\u00e9duire tout ou partie de sa production et n\u00e9gocie actuellement avec les syndicats.\u2026","_links":{"self":[{"href":"https:\/\/www.carideal.com\/blog\/wp-json\/wp\/v2\/posts\/675"}],"collection":[{"href":"https:\/\/www.carideal.com\/blog\/wp-json\/wp\/v2\/posts"}],"about":[{"href":"https:\/\/www.carideal.com\/blog\/wp-json\/wp\/v2\/types\/post"}],"author":[{"embeddable":true,"href":"https:\/\/www.carideal.com\/blog\/wp-json\/wp\/v2\/users\/1"}],"replies":[{"embeddable":true,"href":"https:\/\/www.carideal.com\/blog\/wp-json\/wp\/v2\/comments?post=675"}],"version-history":[{"count":0,"href":"https:\/\/www.carideal.com\/blog\/wp-json\/wp\/v2\/posts\/675\/revisions"}],"wp:attachment":[{"href":"https:\/\/www.carideal.com\/blog\/wp-json\/wp\/v2\/media?parent=675"}],"wp:term":[{"taxonomy":"category","embeddable":true,"href":"https:\/\/www.carideal.com\/blog\/wp-json\/wp\/v2\/categories?post=675"},{"taxonomy":"post_tag","embeddable":true,"href":"https:\/\/www.carideal.com\/blog\/wp-json\/wp\/v2\/tags?post=675"}],"curies":[{"name":"wp","href":"https:\/\/api.w.org\/{rel}","templated":true}]}}