{"id":672,"date":"2009-01-07T10:56:15","date_gmt":"2009-01-07T10:56:15","guid":{"rendered":"http:\/\/carideal.com\/blog\/?p=672"},"modified":"2020-06-13T17:43:22","modified_gmt":"2020-06-13T15:43:22","slug":"carideal-une-fois-encore-cite-par-le-magazine-argus","status":"publish","type":"post","link":"https:\/\/www.carideal.com\/blog\/2009\/01\/07\/carideal-une-fois-encore-cite-par-le-magazine-argus\/","title":{"rendered":"Carideal une fois encore cit\u00e9 par le magazine Argus."},"content":{"rendered":"\n<h2 class=\"wp-block-heading\">Carideal une fois encore cit\u00e9 par le magazine Argus.<\/h2>\n\n\n\n<p class=\"has-medium-font-size\">Dans un article du <strong>journal l'Argus<\/strong> de mois de D\u00e9cembre 2008 sur \u00ab&nbsp;<strong>devenir vendeur multi marque<\/strong>&nbsp;\u00bb ou comment se diversifier, le journaliste mentionne l'exp\u00e9rience de <strong>Carideal<\/strong>.<\/p>\n\n\n\n<div class=\"wp-block-image\"><figure class=\"aligncenter size-large\"><img loading=\"lazy\" decoding=\"async\" width=\"311\" height=\"480\" src=\"http:\/\/www.carideal.com\/blog\/wp-content\/uploads\/2009\/01\/carideal-cite-par-argus-2009-Carideal.jpg\" alt=\"Carideal une fois encore cit\u00e9 par le magazine Argus.\" class=\"wp-image-25530\" srcset=\"https:\/\/www.carideal.com\/blog\/wp-content\/uploads\/2009\/01\/carideal-cite-par-argus-2009-Carideal.jpg 311w, https:\/\/www.carideal.com\/blog\/wp-content\/uploads\/2009\/01\/carideal-cite-par-argus-2009-Carideal-194x300.jpg 194w, https:\/\/www.carideal.com\/blog\/wp-content\/uploads\/2009\/01\/carideal-cite-par-argus-2009-Carideal-32x50.jpg 32w, https:\/\/www.carideal.com\/blog\/wp-content\/uploads\/2009\/01\/carideal-cite-par-argus-2009-Carideal-71x110.jpg 71w, https:\/\/www.carideal.com\/blog\/wp-content\/uploads\/2009\/01\/carideal-cite-par-argus-2009-Carideal-272x420.jpg 272w, https:\/\/www.carideal.com\/blog\/wp-content\/uploads\/2009\/01\/carideal-cite-par-argus-2009-Carideal-279x430.jpg 279w\" sizes=\"(max-width: 311px) 100vw, 311px\" \/><figcaption>Carideal une fois encore cit\u00e9 par le magazine Argus.<\/figcaption><\/figure><\/div>\n\n\n\n<p>Comment se diversifier afin de mieux r\u00e9sister \u00e0 la crise et conserver ses clients ? Carideal vend des voitures neuves et d'occasions de provenances de l'\u00e9tranger aussi bien aux particuliers qu'aux garagistes. Ces remises peuvent atteindre 35% en dessous des catalogues constructeurs. Certaines voitures sont aussi mieux \u00e9quip\u00e9es qu'en France. Nous pouvons aussi g\u00e9rer toutes les formalit\u00e9s pour nos confr\u00e8res.<\/p>\n\n\n\n<ul class=\"wp-block-list\"><li><a href=\"http:\/\/www.carideal.com\/blog\/2008\/12\/20\/carideal-present-dans-micro-hebdo-hors-serie-47\/\">Carideal cit\u00e9 par le magazine Micro Hebdo<\/a><\/li><\/ul>\n\n\n\n<p>La soci\u00e9t\u00e9 <a href=\"http:\/\/www.carideal.com\/\">mandataire automobile<\/a> Carideal cr\u00e9\u00e9 par un agent Citro\u00ebn offre pareillement aux garagistes d'acheter des voitures neuves \u00e0 prix inf\u00e9rieur de 15 \u00e0 20% inf\u00e9rieur aux tarifs des constructeurs. Le mandataire propose des lots de voitures neuves ou d'occasions aux garagistes ou des voitures au coup par coup. Carideal Propose aussi un partenariat \u00e0 ceux qui veulent d\u00e9velopper leur commerce de voiture. Le mandataire prend en charge le marketing sur internet pour son client garagiste ind\u00e9pendant sans lui facturer de frais. Par contre il lui faut un minimum de volume pour couvrir les frais.<\/p>\n\n\n\n<p>Le mandataire Carideal teste pour l'instant sa formule avant d'envisager de la d\u00e9velopper. <\/p>\n\n\n\n<p>Le mandataire s'occupe de toutes les d\u00e9marches administratives pour ses clients garagistes ce qui est un gage de s\u00e9curit\u00e9 pour ces petits commer\u00e7ants ind\u00e9pendants. Pour autant, Carideal nous certifie que parmi leurs clients figurent des Gros agents de Marque et m\u00eame parfois des concessionnaires ayant besoin de s'approvisionner sur certains mod\u00e8les.<\/p>\n\n\n\n<p>Il n'y a rien d'\u00e9tonnant \u00e0 cela, il y a quelques ann\u00e9es les plus gros importateurs de <a href=\"http:\/\/www.carideal.com\/blog\/voiture-neuve-region\/\">voitures \"0km\"<\/a> et de <a href=\"http:\/\/www.carideal.com\/blog\/voitures-occasions\/\">voiture d'occasion<\/a> dans la r\u00e9gion <a href=\"http:\/\/www.carideal.com\/blog\/voiture-neuve-region\/\">Rh\u00f4ne-Alpes<\/a> \u00e9taient les concessions de <a href=\"http:\/\/www.carideal.com\/blog\/2010\/01\/23\/garage-citroen-schiavon-13-av-de-turin-73000-bassens-chambery\/\">Citro\u00ebn Chambery<\/a> et Citro\u00ebn Albertville.<\/p>\n\n\n\n<h4 class=\"wp-block-heading\">Articles similaires<\/h4>\n\n\n\n\n\n<p>Le Magazine l'Argus pr\u00e9cise que Carideal g\u00e8re la logistique pour le garagiste ind\u00e9pendant, de mani\u00e8re \u00e0 ce que la voiture arrive directement chez lui sans perdre de temps.<\/p>\n\n\n\n<p>Cet Article mentionne aussi d'autre exp\u00e9rience avec d'autres entreprises : Delta et AD auto.<\/p>\n","protected":false},"excerpt":{"rendered":"<p>Carideal une fois encore cit\u00e9 par le magazine Argus. Dans un article du journal l&rsquo;Argus de mois de D\u00e9cembre 2008 sur \u00ab&nbsp;devenir vendeur multi marque&nbsp;\u00bb ou comment se diversifier, le journaliste mentionne l&rsquo;exp\u00e9rience de Carideal. Comment se diversifier afin de mieux r\u00e9sister \u00e0 la crise et conserver ses clients ? Carideal vend des voitures neuves &#8230; <a title=\"Carideal une fois encore cit\u00e9 par le magazine Argus.\" class=\"read-more\" href=\"https:\/\/www.carideal.com\/blog\/2009\/01\/07\/carideal-une-fois-encore-cite-par-le-magazine-argus\/\" aria-label=\"En savoir plus sur Carideal une fois encore cit\u00e9 par le magazine Argus.\">Lire plus<\/a><\/p>\n","protected":false},"author":1,"featured_media":25530,"comment_status":"open","ping_status":"closed","sticky":false,"template":"","format":"standard","meta":{"_uag_custom_page_level_css":"","_themeisle_gutenberg_block_has_review":false,"footnotes":""},"categories":[10],"tags":[],"class_list":["post-672","post","type-post","status-publish","format-standard","has-post-thumbnail","hentry","category-marche-automobile-voiture-neuve-occasion-4x4-suv"],"wppr_data":{"cwp_meta_box_check":"No"},"yoast_head":"<!-- This site is optimized with the Yoast SEO plugin v24.8.1 - https:\/\/yoast.com\/wordpress\/plugins\/seo\/ -->\n<title>Carideal une fois encore cit\u00e9 par le magazine Argus. - Blog auto Carid\u00e9al<\/title>\n<meta name=\"description\" content=\"Dans un article du journal l&#039;Argus de mois de D\u00e9cembre 2008 sur \u00ab devenir vendeur multi marque \u00bb ou comment se diversifier, le journaliste mentionne l&#039;exp\u00e9rience de Carideal.\" \/>\n<meta name=\"robots\" content=\"index, follow, max-snippet:-1, max-image-preview:large, max-video-preview:-1\" \/>\n<link rel=\"canonical\" href=\"https:\/\/www.carideal.com\/blog\/2009\/01\/07\/carideal-une-fois-encore-cite-par-le-magazine-argus\/\" \/>\n<meta property=\"og:locale\" content=\"fr_FR\" \/>\n<meta property=\"og:type\" content=\"article\" \/>\n<meta property=\"og:title\" content=\"Carideal une fois encore cit\u00e9 par le magazine Argus. - Blog auto Carid\u00e9al\" \/>\n<meta property=\"og:description\" content=\"Dans un article du journal l&#039;Argus de mois de D\u00e9cembre 2008 sur \u00ab devenir vendeur multi marque \u00bb ou comment se diversifier, le journaliste mentionne l&#039;exp\u00e9rience de Carideal.\" \/>\n<meta property=\"og:url\" content=\"https:\/\/www.carideal.com\/blog\/2009\/01\/07\/carideal-une-fois-encore-cite-par-le-magazine-argus\/\" \/>\n<meta property=\"og:site_name\" content=\"Blog auto Carid\u00e9al\" \/>\n<meta property=\"article:publisher\" content=\"https:\/\/www.facebook.com\/Carideal.mandataire.automobile\" \/>\n<meta property=\"article:author\" content=\"https:\/\/www.facebook.com\/Carideal.mandataire.automobile\/\" \/>\n<meta property=\"article:published_time\" content=\"2009-01-07T10:56:15+00:00\" \/>\n<meta property=\"article:modified_time\" content=\"2020-06-13T15:43:22+00:00\" \/>\n<meta property=\"og:image\" content=\"https:\/\/www.carideal.com\/blog\/wp-content\/uploads\/2009\/01\/carideal-cite-par-argus-2009-Carideal.jpg\" \/>\n\t<meta property=\"og:image:width\" content=\"311\" \/>\n\t<meta property=\"og:image:height\" content=\"480\" \/>\n\t<meta property=\"og:image:type\" content=\"image\/jpeg\" \/>\n<meta name=\"author\" content=\"N.S Carideal\" \/>\n<meta name=\"twitter:card\" content=\"summary_large_image\" \/>\n<meta name=\"twitter:creator\" content=\"@caridealauto\" \/>\n<meta name=\"twitter:site\" content=\"@caridealauto\" \/>\n<meta name=\"twitter:label1\" content=\"\u00c9crit par\" \/>\n\t<meta name=\"twitter:data1\" content=\"N.S Carideal\" \/>\n\t<meta name=\"twitter:label2\" content=\"Dur\u00e9e de lecture estim\u00e9e\" \/>\n\t<meta name=\"twitter:data2\" content=\"2 minutes\" \/>\n<script type=\"application\/ld+json\" class=\"yoast-schema-graph\">{\"@context\":\"https:\/\/schema.org\",\"@graph\":[{\"@type\":\"Article\",\"@id\":\"https:\/\/www.carideal.com\/blog\/2009\/01\/07\/carideal-une-fois-encore-cite-par-le-magazine-argus\/#article\",\"isPartOf\":{\"@id\":\"https:\/\/www.carideal.com\/blog\/2009\/01\/07\/carideal-une-fois-encore-cite-par-le-magazine-argus\/\"},\"author\":{\"name\":\"N.S Carideal\",\"@id\":\"https:\/\/www.carideal.com\/blog\/#\/schema\/person\/985c7e757d1042d647f21bfaf8d41ebc\"},\"headline\":\"Carideal une fois encore cit\u00e9 par le magazine Argus.\",\"datePublished\":\"2009-01-07T10:56:15+00:00\",\"dateModified\":\"2020-06-13T15:43:22+00:00\",\"mainEntityOfPage\":{\"@id\":\"https:\/\/www.carideal.com\/blog\/2009\/01\/07\/carideal-une-fois-encore-cite-par-le-magazine-argus\/\"},\"wordCount\":381,\"commentCount\":0,\"publisher\":{\"@id\":\"https:\/\/www.carideal.com\/blog\/#organization\"},\"image\":{\"@id\":\"https:\/\/www.carideal.com\/blog\/2009\/01\/07\/carideal-une-fois-encore-cite-par-le-magazine-argus\/#primaryimage\"},\"thumbnailUrl\":\"https:\/\/www.carideal.com\/blog\/wp-content\/uploads\/2009\/01\/carideal-cite-par-argus-2009-Carideal.jpg\",\"articleSection\":[\"March\u00e9 automobile\"],\"inLanguage\":\"fr-FR\",\"potentialAction\":[{\"@type\":\"CommentAction\",\"name\":\"Comment\",\"target\":[\"https:\/\/www.carideal.com\/blog\/2009\/01\/07\/carideal-une-fois-encore-cite-par-le-magazine-argus\/#respond\"]}]},{\"@type\":\"WebPage\",\"@id\":\"https:\/\/www.carideal.com\/blog\/2009\/01\/07\/carideal-une-fois-encore-cite-par-le-magazine-argus\/\",\"url\":\"https:\/\/www.carideal.com\/blog\/2009\/01\/07\/carideal-une-fois-encore-cite-par-le-magazine-argus\/\",\"name\":\"Carideal une fois encore cit\u00e9 par le magazine Argus. - Blog auto Carid\u00e9al\",\"isPartOf\":{\"@id\":\"https:\/\/www.carideal.com\/blog\/#website\"},\"primaryImageOfPage\":{\"@id\":\"https:\/\/www.carideal.com\/blog\/2009\/01\/07\/carideal-une-fois-encore-cite-par-le-magazine-argus\/#primaryimage\"},\"image\":{\"@id\":\"https:\/\/www.carideal.com\/blog\/2009\/01\/07\/carideal-une-fois-encore-cite-par-le-magazine-argus\/#primaryimage\"},\"thumbnailUrl\":\"https:\/\/www.carideal.com\/blog\/wp-content\/uploads\/2009\/01\/carideal-cite-par-argus-2009-Carideal.jpg\",\"datePublished\":\"2009-01-07T10:56:15+00:00\",\"dateModified\":\"2020-06-13T15:43:22+00:00\",\"description\":\"Dans un article du journal l'Argus de mois de D\u00e9cembre 2008 sur \u00ab devenir vendeur multi marque \u00bb ou comment se diversifier, le journaliste mentionne l'exp\u00e9rience de Carideal.\",\"breadcrumb\":{\"@id\":\"https:\/\/www.carideal.com\/blog\/2009\/01\/07\/carideal-une-fois-encore-cite-par-le-magazine-argus\/#breadcrumb\"},\"inLanguage\":\"fr-FR\",\"potentialAction\":[{\"@type\":\"ReadAction\",\"target\":[\"https:\/\/www.carideal.com\/blog\/2009\/01\/07\/carideal-une-fois-encore-cite-par-le-magazine-argus\/\"]}]},{\"@type\":\"ImageObject\",\"inLanguage\":\"fr-FR\",\"@id\":\"https:\/\/www.carideal.com\/blog\/2009\/01\/07\/carideal-une-fois-encore-cite-par-le-magazine-argus\/#primaryimage\",\"url\":\"https:\/\/www.carideal.com\/blog\/wp-content\/uploads\/2009\/01\/carideal-cite-par-argus-2009-Carideal.jpg\",\"contentUrl\":\"https:\/\/www.carideal.com\/blog\/wp-content\/uploads\/2009\/01\/carideal-cite-par-argus-2009-Carideal.jpg\",\"width\":311,\"height\":480,\"caption\":\"Carideal une fois encore cit\u00e9 par le magazine Argus.\"},{\"@type\":\"BreadcrumbList\",\"@id\":\"https:\/\/www.carideal.com\/blog\/2009\/01\/07\/carideal-une-fois-encore-cite-par-le-magazine-argus\/#breadcrumb\",\"itemListElement\":[{\"@type\":\"ListItem\",\"position\":1,\"name\":\"Blog Carid\u00e9al\",\"item\":\"https:\/\/www.carideal.com\/blog\/\"},{\"@type\":\"ListItem\",\"position\":2,\"name\":\"March\u00e9 automobile\",\"item\":\"https:\/\/www.carideal.com\/blog\/marche-automobile-voiture-neuve-occasion-4x4-suv\/\"},{\"@type\":\"ListItem\",\"position\":3,\"name\":\"Carideal une fois encore cit\u00e9 par le magazine Argus.\"}]},{\"@type\":\"WebSite\",\"@id\":\"https:\/\/www.carideal.com\/blog\/#website\",\"url\":\"https:\/\/www.carideal.com\/blog\/\",\"name\":\"Blog auto Carid\u00e9al\",\"description\":\"Actualit\u00e9 auto par des passionn\u00e9s\",\"publisher\":{\"@id\":\"https:\/\/www.carideal.com\/blog\/#organization\"},\"potentialAction\":[{\"@type\":\"SearchAction\",\"target\":{\"@type\":\"EntryPoint\",\"urlTemplate\":\"https:\/\/www.carideal.com\/blog\/?s={search_term_string}\"},\"query-input\":{\"@type\":\"PropertyValueSpecification\",\"valueRequired\":true,\"valueName\":\"search_term_string\"}}],\"inLanguage\":\"fr-FR\"},{\"@type\":\"Organization\",\"@id\":\"https:\/\/www.carideal.com\/blog\/#organization\",\"name\":\"Carideal\",\"url\":\"https:\/\/www.carideal.com\/blog\/\",\"logo\":{\"@type\":\"ImageObject\",\"inLanguage\":\"fr-FR\",\"@id\":\"https:\/\/www.carideal.com\/blog\/#\/schema\/logo\/image\/\",\"url\":\"http:\/\/www.carideal.com\/blog\/wp-content\/uploads\/2016\/03\/logo-carideal-mandataire-automobile.png\",\"contentUrl\":\"http:\/\/www.carideal.com\/blog\/wp-content\/uploads\/2016\/03\/logo-carideal-mandataire-automobile.png\",\"width\":300,\"height\":300,\"caption\":\"Carideal\"},\"image\":{\"@id\":\"https:\/\/www.carideal.com\/blog\/#\/schema\/logo\/image\/\"},\"sameAs\":[\"https:\/\/www.facebook.com\/Carideal.mandataire.automobile\",\"https:\/\/x.com\/caridealauto\",\"https:\/\/www.instagram.com\/carideal1\/\",\"https:\/\/www.linkedin.com\/company\/carideal.com\",\"https:\/\/fr.pinterest.com\/schiavonsas\/\",\"https:\/\/www.youtube.com\/user\/caridealsas\"]},{\"@type\":\"Person\",\"@id\":\"https:\/\/www.carideal.com\/blog\/#\/schema\/person\/985c7e757d1042d647f21bfaf8d41ebc\",\"name\":\"N.S Carideal\",\"image\":{\"@type\":\"ImageObject\",\"inLanguage\":\"fr-FR\",\"@id\":\"https:\/\/www.carideal.com\/blog\/#\/schema\/person\/image\/\",\"url\":\"https:\/\/secure.gravatar.com\/avatar\/edb7ccdf1a4e3d14aef967760d354d0e?s=96&r=g\",\"contentUrl\":\"https:\/\/secure.gravatar.com\/avatar\/edb7ccdf1a4e3d14aef967760d354d0e?s=96&r=g\",\"caption\":\"N.S Carideal\"},\"description\":\"Depuis tout petit fan d'automobile. Il est question d'essayer et de comparer toutes ces voitures qui nous ont fait r\u00e9ver, avant que celles-ci ne devient uniquement des voitures de collection.\",\"sameAs\":[\"http:\/\/www.carideal.com\/blog\",\"https:\/\/www.facebook.com\/Carideal.mandataire.automobile\/\",\"https:\/\/www.linkedin.com\/in\/nschiavon\/\",\"https:\/\/www.youtube.com\/user\/caridealsas\/\"],\"url\":\"https:\/\/www.carideal.com\/blog\/author\/admin_carideal\/\"}]}<\/script>\n<!-- \/ Yoast SEO plugin. -->","yoast_head_json":{"title":"Carideal une fois encore cit\u00e9 par le magazine Argus. - Blog auto Carid\u00e9al","description":"Dans un article du journal l'Argus de mois de D\u00e9cembre 2008 sur \u00ab devenir vendeur multi marque \u00bb ou comment se diversifier, le journaliste mentionne l'exp\u00e9rience de Carideal.","robots":{"index":"index","follow":"follow","max-snippet":"max-snippet:-1","max-image-preview":"max-image-preview:large","max-video-preview":"max-video-preview:-1"},"canonical":"https:\/\/www.carideal.com\/blog\/2009\/01\/07\/carideal-une-fois-encore-cite-par-le-magazine-argus\/","og_locale":"fr_FR","og_type":"article","og_title":"Carideal une fois encore cit\u00e9 par le magazine Argus. - Blog auto Carid\u00e9al","og_description":"Dans un article du journal l'Argus de mois de D\u00e9cembre 2008 sur \u00ab devenir vendeur multi marque \u00bb ou comment se diversifier, le journaliste mentionne l'exp\u00e9rience de Carideal.","og_url":"https:\/\/www.carideal.com\/blog\/2009\/01\/07\/carideal-une-fois-encore-cite-par-le-magazine-argus\/","og_site_name":"Blog auto Carid\u00e9al","article_publisher":"https:\/\/www.facebook.com\/Carideal.mandataire.automobile","article_author":"https:\/\/www.facebook.com\/Carideal.mandataire.automobile\/","article_published_time":"2009-01-07T10:56:15+00:00","article_modified_time":"2020-06-13T15:43:22+00:00","og_image":[{"width":311,"height":480,"url":"https:\/\/www.carideal.com\/blog\/wp-content\/uploads\/2009\/01\/carideal-cite-par-argus-2009-Carideal.jpg","type":"image\/jpeg"}],"author":"N.S Carideal","twitter_card":"summary_large_image","twitter_creator":"@caridealauto","twitter_site":"@caridealauto","twitter_misc":{"\u00c9crit par":"N.S Carideal","Dur\u00e9e de lecture estim\u00e9e":"2 minutes"},"schema":{"@context":"https:\/\/schema.org","@graph":[{"@type":"Article","@id":"https:\/\/www.carideal.com\/blog\/2009\/01\/07\/carideal-une-fois-encore-cite-par-le-magazine-argus\/#article","isPartOf":{"@id":"https:\/\/www.carideal.com\/blog\/2009\/01\/07\/carideal-une-fois-encore-cite-par-le-magazine-argus\/"},"author":{"name":"N.S Carideal","@id":"https:\/\/www.carideal.com\/blog\/#\/schema\/person\/985c7e757d1042d647f21bfaf8d41ebc"},"headline":"Carideal une fois encore cit\u00e9 par le magazine Argus.","datePublished":"2009-01-07T10:56:15+00:00","dateModified":"2020-06-13T15:43:22+00:00","mainEntityOfPage":{"@id":"https:\/\/www.carideal.com\/blog\/2009\/01\/07\/carideal-une-fois-encore-cite-par-le-magazine-argus\/"},"wordCount":381,"commentCount":0,"publisher":{"@id":"https:\/\/www.carideal.com\/blog\/#organization"},"image":{"@id":"https:\/\/www.carideal.com\/blog\/2009\/01\/07\/carideal-une-fois-encore-cite-par-le-magazine-argus\/#primaryimage"},"thumbnailUrl":"https:\/\/www.carideal.com\/blog\/wp-content\/uploads\/2009\/01\/carideal-cite-par-argus-2009-Carideal.jpg","articleSection":["March\u00e9 automobile"],"inLanguage":"fr-FR","potentialAction":[{"@type":"CommentAction","name":"Comment","target":["https:\/\/www.carideal.com\/blog\/2009\/01\/07\/carideal-une-fois-encore-cite-par-le-magazine-argus\/#respond"]}]},{"@type":"WebPage","@id":"https:\/\/www.carideal.com\/blog\/2009\/01\/07\/carideal-une-fois-encore-cite-par-le-magazine-argus\/","url":"https:\/\/www.carideal.com\/blog\/2009\/01\/07\/carideal-une-fois-encore-cite-par-le-magazine-argus\/","name":"Carideal une fois encore cit\u00e9 par le magazine Argus. - Blog auto Carid\u00e9al","isPartOf":{"@id":"https:\/\/www.carideal.com\/blog\/#website"},"primaryImageOfPage":{"@id":"https:\/\/www.carideal.com\/blog\/2009\/01\/07\/carideal-une-fois-encore-cite-par-le-magazine-argus\/#primaryimage"},"image":{"@id":"https:\/\/www.carideal.com\/blog\/2009\/01\/07\/carideal-une-fois-encore-cite-par-le-magazine-argus\/#primaryimage"},"thumbnailUrl":"https:\/\/www.carideal.com\/blog\/wp-content\/uploads\/2009\/01\/carideal-cite-par-argus-2009-Carideal.jpg","datePublished":"2009-01-07T10:56:15+00:00","dateModified":"2020-06-13T15:43:22+00:00","description":"Dans un article du journal l'Argus de mois de D\u00e9cembre 2008 sur \u00ab devenir vendeur multi marque \u00bb ou comment se diversifier, le journaliste mentionne l'exp\u00e9rience de Carideal.","breadcrumb":{"@id":"https:\/\/www.carideal.com\/blog\/2009\/01\/07\/carideal-une-fois-encore-cite-par-le-magazine-argus\/#breadcrumb"},"inLanguage":"fr-FR","potentialAction":[{"@type":"ReadAction","target":["https:\/\/www.carideal.com\/blog\/2009\/01\/07\/carideal-une-fois-encore-cite-par-le-magazine-argus\/"]}]},{"@type":"ImageObject","inLanguage":"fr-FR","@id":"https:\/\/www.carideal.com\/blog\/2009\/01\/07\/carideal-une-fois-encore-cite-par-le-magazine-argus\/#primaryimage","url":"https:\/\/www.carideal.com\/blog\/wp-content\/uploads\/2009\/01\/carideal-cite-par-argus-2009-Carideal.jpg","contentUrl":"https:\/\/www.carideal.com\/blog\/wp-content\/uploads\/2009\/01\/carideal-cite-par-argus-2009-Carideal.jpg","width":311,"height":480,"caption":"Carideal une fois encore cit\u00e9 par le magazine Argus."},{"@type":"BreadcrumbList","@id":"https:\/\/www.carideal.com\/blog\/2009\/01\/07\/carideal-une-fois-encore-cite-par-le-magazine-argus\/#breadcrumb","itemListElement":[{"@type":"ListItem","position":1,"name":"Blog Carid\u00e9al","item":"https:\/\/www.carideal.com\/blog\/"},{"@type":"ListItem","position":2,"name":"March\u00e9 automobile","item":"https:\/\/www.carideal.com\/blog\/marche-automobile-voiture-neuve-occasion-4x4-suv\/"},{"@type":"ListItem","position":3,"name":"Carideal une fois encore cit\u00e9 par le magazine Argus."}]},{"@type":"WebSite","@id":"https:\/\/www.carideal.com\/blog\/#website","url":"https:\/\/www.carideal.com\/blog\/","name":"Blog auto Carid\u00e9al","description":"Actualit\u00e9 auto par des passionn\u00e9s","publisher":{"@id":"https:\/\/www.carideal.com\/blog\/#organization"},"potentialAction":[{"@type":"SearchAction","target":{"@type":"EntryPoint","urlTemplate":"https:\/\/www.carideal.com\/blog\/?s={search_term_string}"},"query-input":{"@type":"PropertyValueSpecification","valueRequired":true,"valueName":"search_term_string"}}],"inLanguage":"fr-FR"},{"@type":"Organization","@id":"https:\/\/www.carideal.com\/blog\/#organization","name":"Carideal","url":"https:\/\/www.carideal.com\/blog\/","logo":{"@type":"ImageObject","inLanguage":"fr-FR","@id":"https:\/\/www.carideal.com\/blog\/#\/schema\/logo\/image\/","url":"http:\/\/www.carideal.com\/blog\/wp-content\/uploads\/2016\/03\/logo-carideal-mandataire-automobile.png","contentUrl":"http:\/\/www.carideal.com\/blog\/wp-content\/uploads\/2016\/03\/logo-carideal-mandataire-automobile.png","width":300,"height":300,"caption":"Carideal"},"image":{"@id":"https:\/\/www.carideal.com\/blog\/#\/schema\/logo\/image\/"},"sameAs":["https:\/\/www.facebook.com\/Carideal.mandataire.automobile","https:\/\/x.com\/caridealauto","https:\/\/www.instagram.com\/carideal1\/","https:\/\/www.linkedin.com\/company\/carideal.com","https:\/\/fr.pinterest.com\/schiavonsas\/","https:\/\/www.youtube.com\/user\/caridealsas"]},{"@type":"Person","@id":"https:\/\/www.carideal.com\/blog\/#\/schema\/person\/985c7e757d1042d647f21bfaf8d41ebc","name":"N.S Carideal","image":{"@type":"ImageObject","inLanguage":"fr-FR","@id":"https:\/\/www.carideal.com\/blog\/#\/schema\/person\/image\/","url":"https:\/\/secure.gravatar.com\/avatar\/edb7ccdf1a4e3d14aef967760d354d0e?s=96&r=g","contentUrl":"https:\/\/secure.gravatar.com\/avatar\/edb7ccdf1a4e3d14aef967760d354d0e?s=96&r=g","caption":"N.S Carideal"},"description":"Depuis tout petit fan d'automobile. Il est question d'essayer et de comparer toutes ces voitures qui nous ont fait r\u00e9ver, avant que celles-ci ne devient uniquement des voitures de collection.","sameAs":["http:\/\/www.carideal.com\/blog","https:\/\/www.facebook.com\/Carideal.mandataire.automobile\/","https:\/\/www.linkedin.com\/in\/nschiavon\/","https:\/\/www.youtube.com\/user\/caridealsas\/"],"url":"https:\/\/www.carideal.com\/blog\/author\/admin_carideal\/"}]}},"uagb_featured_image_src":{"full":["https:\/\/www.carideal.com\/blog\/wp-content\/uploads\/2009\/01\/carideal-cite-par-argus-2009-Carideal.jpg",311,480,false],"thumbnail":["https:\/\/www.carideal.com\/blog\/wp-content\/uploads\/2009\/01\/carideal-cite-par-argus-2009-Carideal-150x150.jpg",150,150,true],"medium":["https:\/\/www.carideal.com\/blog\/wp-content\/uploads\/2009\/01\/carideal-cite-par-argus-2009-Carideal-194x300.jpg",194,300,true],"medium_large":["https:\/\/www.carideal.com\/blog\/wp-content\/uploads\/2009\/01\/carideal-cite-par-argus-2009-Carideal.jpg",311,480,false],"large":["https:\/\/www.carideal.com\/blog\/wp-content\/uploads\/2009\/01\/carideal-cite-par-argus-2009-Carideal.jpg",311,480,false],"1536x1536":["https:\/\/www.carideal.com\/blog\/wp-content\/uploads\/2009\/01\/carideal-cite-par-argus-2009-Carideal.jpg",311,480,false],"2048x2048":["https:\/\/www.carideal.com\/blog\/wp-content\/uploads\/2009\/01\/carideal-cite-par-argus-2009-Carideal.jpg",311,480,false],"wppr-widget":["https:\/\/www.carideal.com\/blog\/wp-content\/uploads\/2009\/01\/carideal-cite-par-argus-2009-Carideal-32x50.jpg",32,50,true]},"uagb_author_info":{"display_name":"N.S Carideal","author_link":"https:\/\/www.carideal.com\/blog\/author\/admin_carideal\/"},"uagb_comment_info":1,"uagb_excerpt":"Carideal une fois encore cit\u00e9 par le magazine Argus. Dans un article du journal l'Argus de mois de D\u00e9cembre 2008 sur \u00ab&nbsp;devenir vendeur multi marque&nbsp;\u00bb ou comment se diversifier, le journaliste mentionne l'exp\u00e9rience de Carideal. Comment se diversifier afin de mieux r\u00e9sister \u00e0 la crise et conserver ses clients ? Carideal vend des voitures neuves\u2026","_links":{"self":[{"href":"https:\/\/www.carideal.com\/blog\/wp-json\/wp\/v2\/posts\/672"}],"collection":[{"href":"https:\/\/www.carideal.com\/blog\/wp-json\/wp\/v2\/posts"}],"about":[{"href":"https:\/\/www.carideal.com\/blog\/wp-json\/wp\/v2\/types\/post"}],"author":[{"embeddable":true,"href":"https:\/\/www.carideal.com\/blog\/wp-json\/wp\/v2\/users\/1"}],"replies":[{"embeddable":true,"href":"https:\/\/www.carideal.com\/blog\/wp-json\/wp\/v2\/comments?post=672"}],"version-history":[{"count":0,"href":"https:\/\/www.carideal.com\/blog\/wp-json\/wp\/v2\/posts\/672\/revisions"}],"wp:featuredmedia":[{"embeddable":true,"href":"https:\/\/www.carideal.com\/blog\/wp-json\/wp\/v2\/media\/25530"}],"wp:attachment":[{"href":"https:\/\/www.carideal.com\/blog\/wp-json\/wp\/v2\/media?parent=672"}],"wp:term":[{"taxonomy":"category","embeddable":true,"href":"https:\/\/www.carideal.com\/blog\/wp-json\/wp\/v2\/categories?post=672"},{"taxonomy":"post_tag","embeddable":true,"href":"https:\/\/www.carideal.com\/blog\/wp-json\/wp\/v2\/tags?post=672"}],"curies":[{"name":"wp","href":"https:\/\/api.w.org\/{rel}","templated":true}]}}