{"id":6699,"date":"2015-09-22T14:35:07","date_gmt":"2015-09-22T12:35:07","guid":{"rendered":"http:\/\/www.carideal.com\/blog\/?p=6699"},"modified":"2020-03-08T18:03:01","modified_gmt":"2020-03-08T17:03:01","slug":"volkswagen-annonce-que-11-millions-de-voitures-sont-concernees-par-sa-tricherie-dans-le-monde","status":"publish","type":"post","link":"https:\/\/www.carideal.com\/blog\/2015\/09\/22\/volkswagen-annonce-que-11-millions-de-voitures-sont-concernees-par-sa-tricherie-dans-le-monde\/","title":{"rendered":"Fraude Volkswagen 11 Millions de v\u00e9hicules"},"content":{"rendered":"<figure id=\"attachment_6700\" aria-describedby=\"caption-attachment-6700\" style=\"width: 290px\" class=\"wp-caption alignnone\"><a href=\"http:\/\/www.carideal.com\/blog\/wp-content\/uploads\/2015\/09\/Volkswagen-TDI-Blog-Carideal.jpg\"><img loading=\"lazy\" decoding=\"async\" class=\"wp-image-6700 size-medium\" title=\"Fraude Volkswagen 11 Millions de v\u00e9hicules\" src=\"http:\/\/www.carideal.com\/blog\/wp-content\/uploads\/2015\/09\/Volkswagen-TDI-Blog-Carideal-300x142.jpg\" alt=\"Fraude Volkswagen 11 Millions de v\u00e9hicules\" width=\"300\" height=\"142\" srcset=\"https:\/\/www.carideal.com\/blog\/wp-content\/uploads\/2015\/09\/Volkswagen-TDI-Blog-Carideal-300x142.jpg 300w, https:\/\/www.carideal.com\/blog\/wp-content\/uploads\/2015\/09\/Volkswagen-TDI-Blog-Carideal-624x296.jpg 624w, https:\/\/www.carideal.com\/blog\/wp-content\/uploads\/2015\/09\/Volkswagen-TDI-Blog-Carideal.jpg 685w\" sizes=\"(max-width: 300px) 100vw, 300px\" \/><\/a><figcaption id=\"caption-attachment-6700\" class=\"wp-caption-text\">Fraude Volkswagen 11 Millions de v\u00e9hicules<\/figcaption><\/figure>\n<h1><strong>Fraude Volkswagen 11 Millions de v\u00e9hicules\u00a0sont concern\u00e9es par sa tricherie dans le monde<\/strong><\/h1>\n<p>Fraude Volkswagen : C'est un s\u00e9isme, un cataclysme, le Groupe Volkswagen a reconnu ce matin que <strong>11 Millions de ses voitures \u00e9taient concern\u00e9es par sa tricherie au logiciel malveillant dans les calculateurs de ses moteurs TDI<\/strong>.<\/p>\n<p>Les r\u00e9sultats imm\u00e9diats : le PDG actuel fait les frais de la d\u00e9couverte malveillante et va se faire limoger et remplacer par l'actuel patron de Porsche.<\/p>\n<p>A cette \u00e9chelle, pour cette fraude Volkswagen, ce n'est pas qu'un seul moteur qui est concern\u00e9 mais sans doute plusieurs et dans plusieurs pays, mais combien ? <a href=\"http:\/\/www.carideal.com\/blog\/2015\/09\/21\/volkswagen-accuse-de-tricherie-aux-etats-unis-et-18-milliards-de-damende\/\" target=\"_blank\" rel=\"noopener noreferrer\">et depuis bien longtemps comme on le disait hier<\/a>.<\/p>\n<p>Le cours de l'action de Volkswagen d\u00e9j\u00e0 en Chute de 17 % hier \u00e0 la <span style=\"text-decoration: underline;\">bourse<\/span>, vient de nouveau de chuter de 20 % \u00e0 l'annonce du chiffre, il est \u00e0 106 \u20ac \u00e0 14H au lieu de 168 \u20ac il y a 5 jours.<\/p>\n<p>Volkswagen va provisionner 6.5 Milliards d'euros dans ses comptes pour cette affaires de fraude. Le groupe Volkswagen ne payera sans doute pas 18 Milliards d'euro d'amende aux USA, mais n\u00e9gociera une valeur moindre avec le gouvernement des Etats-Unis. Reste que la Cor\u00e9e a demand\u00e9 et pr\u00e9vu des tests des moteurs Volkswagen sur des <span style=\"text-decoration: underline;\">Golf<\/span>, <span style=\"text-decoration: underline;\">A3<\/span>, et <span style=\"text-decoration: underline;\">Passat<\/span> pour le mois d'octobre, L'italie a annonc\u00e9 de m\u00eame ce matin ainsi que Michel Sapin pour la commission Europ\u00e9enne. Le pire serait sans doute la Chine qui elle ne fait jamais aucun cadeau aux entreprises \u00e9trang\u00e8res.<\/p>\n<p>C'est le PDG actuel du groupe, Martin Winterkorn, va faire les frais de cette gigantesque fraude Volkswagen\u00a0alors qu'il n'y est sans doute pour rien et que les d\u00e9cisions ont \u00e9t\u00e9 certainement prises au plus haut niveau il y a des ann\u00e9es.<\/p>\n<p>L'image de Volkswagen en prend un sacr\u00e9 coup mais pas que ! C'est l'image de toute l'automobile qui en patie aussi, et d'autres constructeurs vont certainement \u00eatre audit\u00e9s.\u00a0Le Groupe Volkswagen c'est aussi\u00a0<span style=\"text-decoration: underline;\">Audi<\/span>, <span style=\"text-decoration: underline;\">Seat<\/span>, <span style=\"text-decoration: underline;\">\u0160koda<\/span> et <span style=\"text-decoration: underline;\"><a href=\"http:\/\/www.carideal.com\/47-porsche\">Porsche<\/a><\/span><\/p>\n<p>Reste \u00e0 savoir pourquoi un constructeur comme <span style=\"text-decoration: underline;\">Volkswagen<\/span> a pris cette d\u00e9cision et ce risque ?<\/p>\n<p>&nbsp;<\/p>\n<p>&nbsp;<\/p>\n","protected":false},"excerpt":{"rendered":"<p>Fraude Volkswagen 11 Millions de v\u00e9hicules\u00a0sont concern\u00e9es par sa tricherie dans le monde Fraude Volkswagen : C&rsquo;est un s\u00e9isme, un cataclysme, le Groupe Volkswagen a reconnu ce matin que 11 Millions de ses voitures \u00e9taient concern\u00e9es par sa tricherie au logiciel malveillant dans les calculateurs de ses moteurs TDI. Les r\u00e9sultats imm\u00e9diats : le PDG &#8230; <a title=\"Fraude Volkswagen 11 Millions de v\u00e9hicules\" class=\"read-more\" href=\"https:\/\/www.carideal.com\/blog\/2015\/09\/22\/volkswagen-annonce-que-11-millions-de-voitures-sont-concernees-par-sa-tricherie-dans-le-monde\/\" aria-label=\"En savoir plus sur Fraude Volkswagen 11 Millions de v\u00e9hicules\">Lire plus<\/a><\/p>\n","protected":false},"author":3,"featured_media":0,"comment_status":"open","ping_status":"open","sticky":false,"template":"","format":"standard","meta":{"_uag_custom_page_level_css":"","_themeisle_gutenberg_block_has_review":false,"footnotes":""},"categories":[21,5944,3,5985,10],"tags":[292,2558,407,163],"class_list":["post-6699","post","type-post","status-publish","format-standard","hentry","category-actualites-auto","category-constructeur","category-actualites-financieres","category-volkswagen","category-marche-automobile-voiture-neuve-occasion-4x4-suv","tag-etats-unis","tag-passat","tag-tdi","tag-chine"],"wppr_data":[],"yoast_head":"<!-- This site is optimized with the Yoast SEO plugin v24.8.1 - https:\/\/yoast.com\/wordpress\/plugins\/seo\/ -->\n<title>Fraude Volkswagen 11 Millions de v\u00e9hicules - Blog auto Carid\u00e9al<\/title>\n<meta name=\"description\" content=\"Fraude Volkswagen 11 Millions de V\u00e9hicules concern\u00e9s par le logiciel truqueur dans le monde, Audi Seat Skoda et Porsche sont concern\u00e9s\" \/>\n<meta name=\"robots\" content=\"index, follow, max-snippet:-1, max-image-preview:large, max-video-preview:-1\" \/>\n<link rel=\"canonical\" href=\"https:\/\/www.carideal.com\/blog\/2015\/09\/22\/volkswagen-annonce-que-11-millions-de-voitures-sont-concernees-par-sa-tricherie-dans-le-monde\/\" \/>\n<meta property=\"og:locale\" content=\"fr_FR\" \/>\n<meta property=\"og:type\" content=\"article\" \/>\n<meta property=\"og:title\" content=\"Fraude Volkswagen 11 Millions de v\u00e9hicules - Blog auto Carid\u00e9al\" \/>\n<meta property=\"og:description\" content=\"Fraude Volkswagen 11 Millions de V\u00e9hicules concern\u00e9s par le logiciel truqueur dans le monde, Audi Seat Skoda et Porsche sont concern\u00e9s\" \/>\n<meta property=\"og:url\" content=\"https:\/\/www.carideal.com\/blog\/2015\/09\/22\/volkswagen-annonce-que-11-millions-de-voitures-sont-concernees-par-sa-tricherie-dans-le-monde\/\" \/>\n<meta property=\"og:site_name\" content=\"Blog auto Carid\u00e9al\" \/>\n<meta property=\"article:publisher\" content=\"https:\/\/www.facebook.com\/Carideal.mandataire.automobile\" \/>\n<meta property=\"article:author\" content=\"https:\/\/www.facebook.com\/nicolas.schiavon.39\" \/>\n<meta property=\"article:published_time\" content=\"2015-09-22T12:35:07+00:00\" \/>\n<meta property=\"article:modified_time\" content=\"2020-03-08T17:03:01+00:00\" \/>\n<meta property=\"og:image\" content=\"http:\/\/www.carideal.com\/blog\/wp-content\/uploads\/2015\/09\/Volkswagen-TDI-Blog-Carideal-300x142.jpg\" \/>\n<meta name=\"author\" content=\"Nicolas SCHIAVON\" \/>\n<meta name=\"twitter:card\" content=\"summary_large_image\" \/>\n<meta name=\"twitter:creator\" content=\"@caridealauto\" \/>\n<meta name=\"twitter:site\" content=\"@caridealauto\" \/>\n<meta name=\"twitter:label1\" content=\"\u00c9crit par\" \/>\n\t<meta name=\"twitter:data1\" content=\"Nicolas SCHIAVON\" \/>\n\t<meta name=\"twitter:label2\" content=\"Dur\u00e9e de lecture estim\u00e9e\" \/>\n\t<meta name=\"twitter:data2\" content=\"2 minutes\" \/>\n<script type=\"application\/ld+json\" class=\"yoast-schema-graph\">{\"@context\":\"https:\/\/schema.org\",\"@graph\":[{\"@type\":\"Article\",\"@id\":\"https:\/\/www.carideal.com\/blog\/2015\/09\/22\/volkswagen-annonce-que-11-millions-de-voitures-sont-concernees-par-sa-tricherie-dans-le-monde\/#article\",\"isPartOf\":{\"@id\":\"https:\/\/www.carideal.com\/blog\/2015\/09\/22\/volkswagen-annonce-que-11-millions-de-voitures-sont-concernees-par-sa-tricherie-dans-le-monde\/\"},\"author\":{\"name\":\"Nicolas SCHIAVON\",\"@id\":\"https:\/\/www.carideal.com\/blog\/#\/schema\/person\/cd95dc7919660de90d31b366f85be1ec\"},\"headline\":\"Fraude Volkswagen 11 Millions de v\u00e9hicules\",\"datePublished\":\"2015-09-22T12:35:07+00:00\",\"dateModified\":\"2020-03-08T17:03:01+00:00\",\"mainEntityOfPage\":{\"@id\":\"https:\/\/www.carideal.com\/blog\/2015\/09\/22\/volkswagen-annonce-que-11-millions-de-voitures-sont-concernees-par-sa-tricherie-dans-le-monde\/\"},\"wordCount\":362,\"commentCount\":2,\"publisher\":{\"@id\":\"https:\/\/www.carideal.com\/blog\/#organization\"},\"image\":{\"@id\":\"https:\/\/www.carideal.com\/blog\/2015\/09\/22\/volkswagen-annonce-que-11-millions-de-voitures-sont-concernees-par-sa-tricherie-dans-le-monde\/#primaryimage\"},\"thumbnailUrl\":\"http:\/\/www.carideal.com\/blog\/wp-content\/uploads\/2015\/09\/Volkswagen-TDI-Blog-Carideal-300x142.jpg\",\"keywords\":[\"Etats-Unis march\u00e9 automobile am\u00e9ricain\",\"Passat\",\"TDI\",\"Voiture chinoise\"],\"articleSection\":[\"Actualit\u00e9 automobile\",\"Actualit\u00e9 Constructeur automobile\",\"Actualit\u00e9 Financi\u00e8re\",\"Actualit\u00e9 Volkswagen\",\"March\u00e9 automobile\"],\"inLanguage\":\"fr-FR\",\"potentialAction\":[{\"@type\":\"CommentAction\",\"name\":\"Comment\",\"target\":[\"https:\/\/www.carideal.com\/blog\/2015\/09\/22\/volkswagen-annonce-que-11-millions-de-voitures-sont-concernees-par-sa-tricherie-dans-le-monde\/#respond\"]}]},{\"@type\":\"WebPage\",\"@id\":\"https:\/\/www.carideal.com\/blog\/2015\/09\/22\/volkswagen-annonce-que-11-millions-de-voitures-sont-concernees-par-sa-tricherie-dans-le-monde\/\",\"url\":\"https:\/\/www.carideal.com\/blog\/2015\/09\/22\/volkswagen-annonce-que-11-millions-de-voitures-sont-concernees-par-sa-tricherie-dans-le-monde\/\",\"name\":\"Fraude Volkswagen 11 Millions de v\u00e9hicules - Blog auto Carid\u00e9al\",\"isPartOf\":{\"@id\":\"https:\/\/www.carideal.com\/blog\/#website\"},\"primaryImageOfPage\":{\"@id\":\"https:\/\/www.carideal.com\/blog\/2015\/09\/22\/volkswagen-annonce-que-11-millions-de-voitures-sont-concernees-par-sa-tricherie-dans-le-monde\/#primaryimage\"},\"image\":{\"@id\":\"https:\/\/www.carideal.com\/blog\/2015\/09\/22\/volkswagen-annonce-que-11-millions-de-voitures-sont-concernees-par-sa-tricherie-dans-le-monde\/#primaryimage\"},\"thumbnailUrl\":\"http:\/\/www.carideal.com\/blog\/wp-content\/uploads\/2015\/09\/Volkswagen-TDI-Blog-Carideal-300x142.jpg\",\"datePublished\":\"2015-09-22T12:35:07+00:00\",\"dateModified\":\"2020-03-08T17:03:01+00:00\",\"description\":\"Fraude Volkswagen 11 Millions de V\u00e9hicules concern\u00e9s par le logiciel truqueur dans le monde, Audi Seat Skoda et Porsche sont concern\u00e9s\",\"breadcrumb\":{\"@id\":\"https:\/\/www.carideal.com\/blog\/2015\/09\/22\/volkswagen-annonce-que-11-millions-de-voitures-sont-concernees-par-sa-tricherie-dans-le-monde\/#breadcrumb\"},\"inLanguage\":\"fr-FR\",\"potentialAction\":[{\"@type\":\"ReadAction\",\"target\":[\"https:\/\/www.carideal.com\/blog\/2015\/09\/22\/volkswagen-annonce-que-11-millions-de-voitures-sont-concernees-par-sa-tricherie-dans-le-monde\/\"]}]},{\"@type\":\"ImageObject\",\"inLanguage\":\"fr-FR\",\"@id\":\"https:\/\/www.carideal.com\/blog\/2015\/09\/22\/volkswagen-annonce-que-11-millions-de-voitures-sont-concernees-par-sa-tricherie-dans-le-monde\/#primaryimage\",\"url\":\"http:\/\/www.carideal.com\/blog\/wp-content\/uploads\/2015\/09\/Volkswagen-TDI-Blog-Carideal-300x142.jpg\",\"contentUrl\":\"http:\/\/www.carideal.com\/blog\/wp-content\/uploads\/2015\/09\/Volkswagen-TDI-Blog-Carideal-300x142.jpg\"},{\"@type\":\"BreadcrumbList\",\"@id\":\"https:\/\/www.carideal.com\/blog\/2015\/09\/22\/volkswagen-annonce-que-11-millions-de-voitures-sont-concernees-par-sa-tricherie-dans-le-monde\/#breadcrumb\",\"itemListElement\":[{\"@type\":\"ListItem\",\"position\":1,\"name\":\"Blog Carid\u00e9al\",\"item\":\"https:\/\/www.carideal.com\/blog\/\"},{\"@type\":\"ListItem\",\"position\":2,\"name\":\"Actualit\u00e9 constructeur automobile\",\"item\":\"https:\/\/www.carideal.com\/blog\/constructeur\/\"},{\"@type\":\"ListItem\",\"position\":3,\"name\":\"Actualit\u00e9 Volkswagen\",\"item\":\"https:\/\/www.carideal.com\/blog\/constructeur\/volkswagen\/\"},{\"@type\":\"ListItem\",\"position\":4,\"name\":\"Fraude Volkswagen 11 Millions de v\u00e9hicules\"}]},{\"@type\":\"WebSite\",\"@id\":\"https:\/\/www.carideal.com\/blog\/#website\",\"url\":\"https:\/\/www.carideal.com\/blog\/\",\"name\":\"Blog auto Carid\u00e9al\",\"description\":\"Actualit\u00e9 auto par des passionn\u00e9s\",\"publisher\":{\"@id\":\"https:\/\/www.carideal.com\/blog\/#organization\"},\"potentialAction\":[{\"@type\":\"SearchAction\",\"target\":{\"@type\":\"EntryPoint\",\"urlTemplate\":\"https:\/\/www.carideal.com\/blog\/?s={search_term_string}\"},\"query-input\":{\"@type\":\"PropertyValueSpecification\",\"valueRequired\":true,\"valueName\":\"search_term_string\"}}],\"inLanguage\":\"fr-FR\"},{\"@type\":\"Organization\",\"@id\":\"https:\/\/www.carideal.com\/blog\/#organization\",\"name\":\"Carideal\",\"url\":\"https:\/\/www.carideal.com\/blog\/\",\"logo\":{\"@type\":\"ImageObject\",\"inLanguage\":\"fr-FR\",\"@id\":\"https:\/\/www.carideal.com\/blog\/#\/schema\/logo\/image\/\",\"url\":\"http:\/\/www.carideal.com\/blog\/wp-content\/uploads\/2016\/03\/logo-carideal-mandataire-automobile.png\",\"contentUrl\":\"http:\/\/www.carideal.com\/blog\/wp-content\/uploads\/2016\/03\/logo-carideal-mandataire-automobile.png\",\"width\":300,\"height\":300,\"caption\":\"Carideal\"},\"image\":{\"@id\":\"https:\/\/www.carideal.com\/blog\/#\/schema\/logo\/image\/\"},\"sameAs\":[\"https:\/\/www.facebook.com\/Carideal.mandataire.automobile\",\"https:\/\/x.com\/caridealauto\",\"https:\/\/www.instagram.com\/carideal1\/\",\"https:\/\/www.linkedin.com\/company\/carideal.com\",\"https:\/\/fr.pinterest.com\/schiavonsas\/\",\"https:\/\/www.youtube.com\/user\/caridealsas\"]},{\"@type\":\"Person\",\"@id\":\"https:\/\/www.carideal.com\/blog\/#\/schema\/person\/cd95dc7919660de90d31b366f85be1ec\",\"name\":\"Nicolas SCHIAVON\",\"image\":{\"@type\":\"ImageObject\",\"inLanguage\":\"fr-FR\",\"@id\":\"https:\/\/www.carideal.com\/blog\/#\/schema\/person\/image\/\",\"url\":\"https:\/\/secure.gravatar.com\/avatar\/c17e55009e671d92cc7f5dc837dc418a?s=96&r=g\",\"contentUrl\":\"https:\/\/secure.gravatar.com\/avatar\/c17e55009e671d92cc7f5dc837dc418a?s=96&r=g\",\"caption\":\"Nicolas SCHIAVON\"},\"description\":\"Nicolas Schiavon est tomb\u00e9 tout petit dans la marmite automobile. Ayant eu un garage de marque automobile, mandataire automobile de la premi\u00e8re heure d\u00e8s 1999. Nicolas a cr\u00e9\u00e9 ces premiers sites de vente de voiture et blog automobile d\u00e8s 1994. Carideal est n\u00e9 le 15 d\u00e9cembre 2000 de la volont\u00e9 de vendre des voitures d'occasions en ligne puis des voitures neuves. Il a pu essayer beaucoup de voitures tr\u00e8s diff\u00e9rentes et ayant eu personnellement quelques belles autos, Subaru Impreza, Mitsubishi Lancer Evo 7, Porsche 911, Ferrari Testarrossa, Audi RS3, RS4 et j'en passe...\",\"sameAs\":[\"http:\/\/www.carideal.com\",\"https:\/\/www.facebook.com\/nicolas.schiavon.39\",\"https:\/\/www.instagram.com\/carideal1\/\",\"https:\/\/www.linkedin.com\/in\/nschiavon\/\",\"https:\/\/x.com\/caridealauto\",\"https:\/\/www.youtube.com\/user\/caridealsas\/\"],\"url\":\"https:\/\/www.carideal.com\/blog\/author\/nschiavon\/\"}]}<\/script>\n<!-- \/ Yoast SEO plugin. -->","yoast_head_json":{"title":"Fraude Volkswagen 11 Millions de v\u00e9hicules - Blog auto Carid\u00e9al","description":"Fraude Volkswagen 11 Millions de V\u00e9hicules concern\u00e9s par le logiciel truqueur dans le monde, Audi Seat Skoda et Porsche sont concern\u00e9s","robots":{"index":"index","follow":"follow","max-snippet":"max-snippet:-1","max-image-preview":"max-image-preview:large","max-video-preview":"max-video-preview:-1"},"canonical":"https:\/\/www.carideal.com\/blog\/2015\/09\/22\/volkswagen-annonce-que-11-millions-de-voitures-sont-concernees-par-sa-tricherie-dans-le-monde\/","og_locale":"fr_FR","og_type":"article","og_title":"Fraude Volkswagen 11 Millions de v\u00e9hicules - Blog auto Carid\u00e9al","og_description":"Fraude Volkswagen 11 Millions de V\u00e9hicules concern\u00e9s par le logiciel truqueur dans le monde, Audi Seat Skoda et Porsche sont concern\u00e9s","og_url":"https:\/\/www.carideal.com\/blog\/2015\/09\/22\/volkswagen-annonce-que-11-millions-de-voitures-sont-concernees-par-sa-tricherie-dans-le-monde\/","og_site_name":"Blog auto Carid\u00e9al","article_publisher":"https:\/\/www.facebook.com\/Carideal.mandataire.automobile","article_author":"https:\/\/www.facebook.com\/nicolas.schiavon.39","article_published_time":"2015-09-22T12:35:07+00:00","article_modified_time":"2020-03-08T17:03:01+00:00","og_image":[{"url":"http:\/\/www.carideal.com\/blog\/wp-content\/uploads\/2015\/09\/Volkswagen-TDI-Blog-Carideal-300x142.jpg","type":"","width":"","height":""}],"author":"Nicolas SCHIAVON","twitter_card":"summary_large_image","twitter_creator":"@caridealauto","twitter_site":"@caridealauto","twitter_misc":{"\u00c9crit par":"Nicolas SCHIAVON","Dur\u00e9e de lecture estim\u00e9e":"2 minutes"},"schema":{"@context":"https:\/\/schema.org","@graph":[{"@type":"Article","@id":"https:\/\/www.carideal.com\/blog\/2015\/09\/22\/volkswagen-annonce-que-11-millions-de-voitures-sont-concernees-par-sa-tricherie-dans-le-monde\/#article","isPartOf":{"@id":"https:\/\/www.carideal.com\/blog\/2015\/09\/22\/volkswagen-annonce-que-11-millions-de-voitures-sont-concernees-par-sa-tricherie-dans-le-monde\/"},"author":{"name":"Nicolas SCHIAVON","@id":"https:\/\/www.carideal.com\/blog\/#\/schema\/person\/cd95dc7919660de90d31b366f85be1ec"},"headline":"Fraude Volkswagen 11 Millions de v\u00e9hicules","datePublished":"2015-09-22T12:35:07+00:00","dateModified":"2020-03-08T17:03:01+00:00","mainEntityOfPage":{"@id":"https:\/\/www.carideal.com\/blog\/2015\/09\/22\/volkswagen-annonce-que-11-millions-de-voitures-sont-concernees-par-sa-tricherie-dans-le-monde\/"},"wordCount":362,"commentCount":2,"publisher":{"@id":"https:\/\/www.carideal.com\/blog\/#organization"},"image":{"@id":"https:\/\/www.carideal.com\/blog\/2015\/09\/22\/volkswagen-annonce-que-11-millions-de-voitures-sont-concernees-par-sa-tricherie-dans-le-monde\/#primaryimage"},"thumbnailUrl":"http:\/\/www.carideal.com\/blog\/wp-content\/uploads\/2015\/09\/Volkswagen-TDI-Blog-Carideal-300x142.jpg","keywords":["Etats-Unis march\u00e9 automobile am\u00e9ricain","Passat","TDI","Voiture chinoise"],"articleSection":["Actualit\u00e9 automobile","Actualit\u00e9 Constructeur automobile","Actualit\u00e9 Financi\u00e8re","Actualit\u00e9 Volkswagen","March\u00e9 automobile"],"inLanguage":"fr-FR","potentialAction":[{"@type":"CommentAction","name":"Comment","target":["https:\/\/www.carideal.com\/blog\/2015\/09\/22\/volkswagen-annonce-que-11-millions-de-voitures-sont-concernees-par-sa-tricherie-dans-le-monde\/#respond"]}]},{"@type":"WebPage","@id":"https:\/\/www.carideal.com\/blog\/2015\/09\/22\/volkswagen-annonce-que-11-millions-de-voitures-sont-concernees-par-sa-tricherie-dans-le-monde\/","url":"https:\/\/www.carideal.com\/blog\/2015\/09\/22\/volkswagen-annonce-que-11-millions-de-voitures-sont-concernees-par-sa-tricherie-dans-le-monde\/","name":"Fraude Volkswagen 11 Millions de v\u00e9hicules - Blog auto Carid\u00e9al","isPartOf":{"@id":"https:\/\/www.carideal.com\/blog\/#website"},"primaryImageOfPage":{"@id":"https:\/\/www.carideal.com\/blog\/2015\/09\/22\/volkswagen-annonce-que-11-millions-de-voitures-sont-concernees-par-sa-tricherie-dans-le-monde\/#primaryimage"},"image":{"@id":"https:\/\/www.carideal.com\/blog\/2015\/09\/22\/volkswagen-annonce-que-11-millions-de-voitures-sont-concernees-par-sa-tricherie-dans-le-monde\/#primaryimage"},"thumbnailUrl":"http:\/\/www.carideal.com\/blog\/wp-content\/uploads\/2015\/09\/Volkswagen-TDI-Blog-Carideal-300x142.jpg","datePublished":"2015-09-22T12:35:07+00:00","dateModified":"2020-03-08T17:03:01+00:00","description":"Fraude Volkswagen 11 Millions de V\u00e9hicules concern\u00e9s par le logiciel truqueur dans le monde, Audi Seat Skoda et Porsche sont concern\u00e9s","breadcrumb":{"@id":"https:\/\/www.carideal.com\/blog\/2015\/09\/22\/volkswagen-annonce-que-11-millions-de-voitures-sont-concernees-par-sa-tricherie-dans-le-monde\/#breadcrumb"},"inLanguage":"fr-FR","potentialAction":[{"@type":"ReadAction","target":["https:\/\/www.carideal.com\/blog\/2015\/09\/22\/volkswagen-annonce-que-11-millions-de-voitures-sont-concernees-par-sa-tricherie-dans-le-monde\/"]}]},{"@type":"ImageObject","inLanguage":"fr-FR","@id":"https:\/\/www.carideal.com\/blog\/2015\/09\/22\/volkswagen-annonce-que-11-millions-de-voitures-sont-concernees-par-sa-tricherie-dans-le-monde\/#primaryimage","url":"http:\/\/www.carideal.com\/blog\/wp-content\/uploads\/2015\/09\/Volkswagen-TDI-Blog-Carideal-300x142.jpg","contentUrl":"http:\/\/www.carideal.com\/blog\/wp-content\/uploads\/2015\/09\/Volkswagen-TDI-Blog-Carideal-300x142.jpg"},{"@type":"BreadcrumbList","@id":"https:\/\/www.carideal.com\/blog\/2015\/09\/22\/volkswagen-annonce-que-11-millions-de-voitures-sont-concernees-par-sa-tricherie-dans-le-monde\/#breadcrumb","itemListElement":[{"@type":"ListItem","position":1,"name":"Blog Carid\u00e9al","item":"https:\/\/www.carideal.com\/blog\/"},{"@type":"ListItem","position":2,"name":"Actualit\u00e9 constructeur automobile","item":"https:\/\/www.carideal.com\/blog\/constructeur\/"},{"@type":"ListItem","position":3,"name":"Actualit\u00e9 Volkswagen","item":"https:\/\/www.carideal.com\/blog\/constructeur\/volkswagen\/"},{"@type":"ListItem","position":4,"name":"Fraude Volkswagen 11 Millions de v\u00e9hicules"}]},{"@type":"WebSite","@id":"https:\/\/www.carideal.com\/blog\/#website","url":"https:\/\/www.carideal.com\/blog\/","name":"Blog auto Carid\u00e9al","description":"Actualit\u00e9 auto par des passionn\u00e9s","publisher":{"@id":"https:\/\/www.carideal.com\/blog\/#organization"},"potentialAction":[{"@type":"SearchAction","target":{"@type":"EntryPoint","urlTemplate":"https:\/\/www.carideal.com\/blog\/?s={search_term_string}"},"query-input":{"@type":"PropertyValueSpecification","valueRequired":true,"valueName":"search_term_string"}}],"inLanguage":"fr-FR"},{"@type":"Organization","@id":"https:\/\/www.carideal.com\/blog\/#organization","name":"Carideal","url":"https:\/\/www.carideal.com\/blog\/","logo":{"@type":"ImageObject","inLanguage":"fr-FR","@id":"https:\/\/www.carideal.com\/blog\/#\/schema\/logo\/image\/","url":"http:\/\/www.carideal.com\/blog\/wp-content\/uploads\/2016\/03\/logo-carideal-mandataire-automobile.png","contentUrl":"http:\/\/www.carideal.com\/blog\/wp-content\/uploads\/2016\/03\/logo-carideal-mandataire-automobile.png","width":300,"height":300,"caption":"Carideal"},"image":{"@id":"https:\/\/www.carideal.com\/blog\/#\/schema\/logo\/image\/"},"sameAs":["https:\/\/www.facebook.com\/Carideal.mandataire.automobile","https:\/\/x.com\/caridealauto","https:\/\/www.instagram.com\/carideal1\/","https:\/\/www.linkedin.com\/company\/carideal.com","https:\/\/fr.pinterest.com\/schiavonsas\/","https:\/\/www.youtube.com\/user\/caridealsas"]},{"@type":"Person","@id":"https:\/\/www.carideal.com\/blog\/#\/schema\/person\/cd95dc7919660de90d31b366f85be1ec","name":"Nicolas SCHIAVON","image":{"@type":"ImageObject","inLanguage":"fr-FR","@id":"https:\/\/www.carideal.com\/blog\/#\/schema\/person\/image\/","url":"https:\/\/secure.gravatar.com\/avatar\/c17e55009e671d92cc7f5dc837dc418a?s=96&r=g","contentUrl":"https:\/\/secure.gravatar.com\/avatar\/c17e55009e671d92cc7f5dc837dc418a?s=96&r=g","caption":"Nicolas SCHIAVON"},"description":"Nicolas Schiavon est tomb\u00e9 tout petit dans la marmite automobile. Ayant eu un garage de marque automobile, mandataire automobile de la premi\u00e8re heure d\u00e8s 1999. Nicolas a cr\u00e9\u00e9 ces premiers sites de vente de voiture et blog automobile d\u00e8s 1994. Carideal est n\u00e9 le 15 d\u00e9cembre 2000 de la volont\u00e9 de vendre des voitures d'occasions en ligne puis des voitures neuves. Il a pu essayer beaucoup de voitures tr\u00e8s diff\u00e9rentes et ayant eu personnellement quelques belles autos, Subaru Impreza, Mitsubishi Lancer Evo 7, Porsche 911, Ferrari Testarrossa, Audi RS3, RS4 et j'en passe...","sameAs":["http:\/\/www.carideal.com","https:\/\/www.facebook.com\/nicolas.schiavon.39","https:\/\/www.instagram.com\/carideal1\/","https:\/\/www.linkedin.com\/in\/nschiavon\/","https:\/\/x.com\/caridealauto","https:\/\/www.youtube.com\/user\/caridealsas\/"],"url":"https:\/\/www.carideal.com\/blog\/author\/nschiavon\/"}]}},"uagb_featured_image_src":{"full":false,"thumbnail":false,"medium":false,"medium_large":false,"large":false,"1536x1536":false,"2048x2048":false,"wppr-widget":false},"uagb_author_info":{"display_name":"Nicolas SCHIAVON","author_link":"https:\/\/www.carideal.com\/blog\/author\/nschiavon\/"},"uagb_comment_info":2,"uagb_excerpt":"Fraude Volkswagen 11 Millions de v\u00e9hicules\u00a0sont concern\u00e9es par sa tricherie dans le monde Fraude Volkswagen : C'est un s\u00e9isme, un cataclysme, le Groupe Volkswagen a reconnu ce matin que 11 Millions de ses voitures \u00e9taient concern\u00e9es par sa tricherie au logiciel malveillant dans les calculateurs de ses moteurs TDI. Les r\u00e9sultats imm\u00e9diats : le PDG\u2026","_links":{"self":[{"href":"https:\/\/www.carideal.com\/blog\/wp-json\/wp\/v2\/posts\/6699"}],"collection":[{"href":"https:\/\/www.carideal.com\/blog\/wp-json\/wp\/v2\/posts"}],"about":[{"href":"https:\/\/www.carideal.com\/blog\/wp-json\/wp\/v2\/types\/post"}],"author":[{"embeddable":true,"href":"https:\/\/www.carideal.com\/blog\/wp-json\/wp\/v2\/users\/3"}],"replies":[{"embeddable":true,"href":"https:\/\/www.carideal.com\/blog\/wp-json\/wp\/v2\/comments?post=6699"}],"version-history":[{"count":0,"href":"https:\/\/www.carideal.com\/blog\/wp-json\/wp\/v2\/posts\/6699\/revisions"}],"wp:attachment":[{"href":"https:\/\/www.carideal.com\/blog\/wp-json\/wp\/v2\/media?parent=6699"}],"wp:term":[{"taxonomy":"category","embeddable":true,"href":"https:\/\/www.carideal.com\/blog\/wp-json\/wp\/v2\/categories?post=6699"},{"taxonomy":"post_tag","embeddable":true,"href":"https:\/\/www.carideal.com\/blog\/wp-json\/wp\/v2\/tags?post=6699"}],"curies":[{"name":"wp","href":"https:\/\/api.w.org\/{rel}","templated":true}]}}