{"id":6692,"date":"2015-09-21T10:10:58","date_gmt":"2015-09-21T08:10:58","guid":{"rendered":"http:\/\/www.carideal.com\/blog\/?p=6692"},"modified":"2020-03-07T22:41:54","modified_gmt":"2020-03-07T21:41:54","slug":"volkswagen-accuse-de-tricherie-aux-etats-unis-et-18-milliards-de-damende","status":"publish","type":"post","link":"https:\/\/www.carideal.com\/blog\/2015\/09\/21\/volkswagen-accuse-de-tricherie-aux-etats-unis-et-18-milliards-de-damende\/","title":{"rendered":"Tricherie Volkswagen accus\u00e9 aux Etats-Unis"},"content":{"rendered":"<figure id=\"attachment_6696\" aria-describedby=\"caption-attachment-6696\" style=\"width: 290px\" class=\"wp-caption alignnone\"><a href=\"http:\/\/www.carideal.com\/blog\/wp-content\/uploads\/2015\/09\/Volkswagen_Passat_-_USA_carideal-blog-automobile.jpg\"><img loading=\"lazy\" decoding=\"async\" class=\"wp-image-6696 size-medium\" title=\"Tricherie Volkswagen est accus\u00e9 d'avoir trich\u00e9 sur les \u00e9missions polluantes r\u00e9elles de ses voitures aux Etats-Unis depuis 2008 et risque 18 Milliards de Dollards d'amende.\" src=\"http:\/\/www.carideal.com\/blog\/wp-content\/uploads\/2015\/09\/Volkswagen_Passat_-_USA_carideal-blog-automobile-300x200.jpg\" alt=\"Tricherie Volkswagen est accus\u00e9 d'avoir trich\u00e9 sur les \u00e9missions polluantes r\u00e9elles de ses voitures aux Etats-Unis depuis 2008 et risque 18 Milliards de Dollards d'amende.\" width=\"300\" height=\"200\" srcset=\"https:\/\/www.carideal.com\/blog\/wp-content\/uploads\/2015\/09\/Volkswagen_Passat_-_USA_carideal-blog-automobile-300x200.jpg 300w, https:\/\/www.carideal.com\/blog\/wp-content\/uploads\/2015\/09\/Volkswagen_Passat_-_USA_carideal-blog-automobile-624x417.jpg 624w, https:\/\/www.carideal.com\/blog\/wp-content\/uploads\/2015\/09\/Volkswagen_Passat_-_USA_carideal-blog-automobile.jpg 800w\" sizes=\"(max-width: 300px) 100vw, 300px\" \/><\/a><figcaption id=\"caption-attachment-6696\" class=\"wp-caption-text\">Tricherie Volkswagen est accus\u00e9 d'avoir trich\u00e9 sur les \u00e9missions polluantes r\u00e9elles de ses voitures aux Etats-Unis depuis 2008 et risque 18 Milliards de Dollards d'amende.<\/figcaption><\/figure>\n<h1><strong>Tricherie Volkswagen le groupe est accus\u00e9 d'avoir\u00a0trich\u00e9 sur les contr\u00f4les antipollution aux Etats-Unis<\/strong><\/h1>\n<p>Volkswagen\u00a0aurait dissimul\u00e9 un logiciel malveillant dans les calculateurs moteurs de ses voitures aux\u00a0Etats-Unis afin de minimiser les \u00e9missions de gaz polluants et de CO2.<br \/>\n<a href=\"http:\/\/www.carideal.com\/blog\/2015\/09\/22\/volkswagen-annonce-que-11-millions-de-voitures-sont-concernees-par-sa-tricherie-dans-le-monde\/\">Cette affaire, r\u00e9v\u00e9l\u00e9e vendredi, par l'agence environnementale am\u00e9ricaine EPA qui a d\u00e9clench\u00e9 toute l'affaire<\/a>, et qui pourrait co\u00fbter tr\u00e8s cher au groupe Allemand les am\u00e9ricains n'aime pas les tricheurs.<br \/>\nLes autorit\u00e9s am\u00e9ricaines, parlent de 482.000 Volkswagen\u00a0vendus aux Etats-Unis \u00e9quip\u00e9es de ce\u00a0logiciel qui\u00a0d\u00e9tecte automatiquement si la voiture est soumise \u00e0 un test de mesure anti-pollution.<br \/>\nLa tricherie Volkswagen utilisait le\u00a0logiciel dans ce cas mettait le calculateur en mode \"d\u00e9grad\u00e9\" coupait une partie de la puissance et donc baissait la consommation et les \u00e9missions polluantes ce qui permettait de passer le test sans aucun probl\u00e8me et pourra m\u00eame obtenir des gratifications.<br \/>\nUne fois le test termin\u00e9 le logiciel remettait le calculateur en mode normal capable de lib\u00e9rer toute sa puissance, ses consommations et ses \u00e9missions de CO2 et autres polluants.<\/p>\n<p>Cynthia Giles, une des responsables de l'EPA a d\u00e9clar\u00e9 \"Utiliser un appareil pour \u00e9chapper \u00e0 la l\u00e9gislation sur la qualit\u00e9 de l'air est ill\u00e9gal et constitue une menace pour la sant\u00e9 publique\",<\/p>\n<h2><strong>Tricherie Volkswagen ce n'est pas la premi\u00e8re fois<\/strong><\/h2>\n<p>On se souvient qu'il y a quelques ann\u00e9es en Europe, des bruits avaient couru pour certains constructeurs pour les m\u00eames motifs, les calculateurs auraient \u00e9t\u00e9 \u00e9quip\u00e9s de ce logiciel permettant de d\u00e9tecter un cycle homologation CEE.<\/p>\n<p>On se souviendra aussi qu'il y a une dizaine d'ann\u00e9e tous les journalistes et consommateurs vantaient les m\u00e9rites des moteurs TDI 130 de Volkswagen qui marchaient \"plus fort\" que la concurrence, et qui fumaient plus noir aussi, LOL, et pour cause la commission europ\u00e9enne s'\u00e9taient rendu compte que les TDI 130, homologu\u00e9s comme tel, affichaient en fait 140 ch au Dyno au bas mot ! Dans ce cas de Tricherie Volkswagen avait juste \u00e9t\u00e9 somm\u00e9 de tout remettre dans l'ordre sans sanction p\u00e9cuni\u00e8re \u00e0 l'\u00e9poque.<\/p>\n<p>Volkswagen devra t il rappeler l'ensemble de ces voitures\u00a0vendus depuis 2008 ? des <span style=\"text-decoration: underline;\">Golf<\/span>, des <span style=\"text-decoration: underline;\">Audi A3<\/span>, <span style=\"text-decoration: underline;\">Passat<\/span> et <span style=\"text-decoration: underline;\">Beetle<\/span>.<\/p>\n<p><strong>Volkswagen a viol\u00e9 la\u00a0loi sur l'air propre, Clean Air Act, et risque ainsi une amende de\u00a0plus de 18 milliards de dollars.<\/strong><\/p>\n","protected":false},"excerpt":{"rendered":"<p>Tricherie Volkswagen le groupe est accus\u00e9 d&rsquo;avoir\u00a0trich\u00e9 sur les contr\u00f4les antipollution aux Etats-Unis Volkswagen\u00a0aurait dissimul\u00e9 un logiciel malveillant dans les calculateurs moteurs de ses voitures aux\u00a0Etats-Unis afin de minimiser les \u00e9missions de gaz polluants et de CO2. Cette affaire, r\u00e9v\u00e9l\u00e9e vendredi, par l&rsquo;agence environnementale am\u00e9ricaine EPA qui a d\u00e9clench\u00e9 toute l&rsquo;affaire, et qui pourrait co\u00fbter &#8230; <a title=\"Tricherie Volkswagen accus\u00e9 aux Etats-Unis\" class=\"read-more\" href=\"https:\/\/www.carideal.com\/blog\/2015\/09\/21\/volkswagen-accuse-de-tricherie-aux-etats-unis-et-18-milliards-de-damende\/\" aria-label=\"En savoir plus sur Tricherie Volkswagen accus\u00e9 aux Etats-Unis\">Lire plus<\/a><\/p>\n","protected":false},"author":3,"featured_media":0,"comment_status":"open","ping_status":"open","sticky":false,"template":"","format":"standard","meta":{"_uag_custom_page_level_css":"","_themeisle_gutenberg_block_has_review":false,"footnotes":""},"categories":[5978,5944,3,5965,5949,5985,9,6,5962,10],"tags":[60,292,407],"class_list":["post-6692","post","type-post","status-publish","format-standard","hentry","category-audi","category-constructeur","category-actualites-financieres","category-seat","category-skoda","category-volkswagen","category-divers","category-ecologie","category-legislation","category-marche-automobile-voiture-neuve-occasion-4x4-suv","tag-co2","tag-etats-unis","tag-tdi"],"wppr_data":[],"yoast_head":"<!-- This site is optimized with the Yoast SEO plugin v24.8.1 - https:\/\/yoast.com\/wordpress\/plugins\/seo\/ -->\n<title>Tricherie Volkswagen accus\u00e9 aux Etats-Unis - Blog auto Carid\u00e9al<\/title>\n<meta name=\"description\" content=\"Tricherie Volkswagen est accus\u00e9 d&#039;avoir trich\u00e9 sur les \u00e9missions polluantes r\u00e9elles de ses voitures aux Etats-Unis et risque 18 Mds de Dollards d&#039;amende.\" \/>\n<meta name=\"robots\" content=\"index, follow, max-snippet:-1, max-image-preview:large, max-video-preview:-1\" \/>\n<link rel=\"canonical\" href=\"https:\/\/www.carideal.com\/blog\/2015\/09\/21\/volkswagen-accuse-de-tricherie-aux-etats-unis-et-18-milliards-de-damende\/\" \/>\n<meta property=\"og:locale\" content=\"fr_FR\" \/>\n<meta property=\"og:type\" content=\"article\" \/>\n<meta property=\"og:title\" content=\"Tricherie Volkswagen accus\u00e9 aux Etats-Unis - Blog auto Carid\u00e9al\" \/>\n<meta property=\"og:description\" content=\"Tricherie Volkswagen est accus\u00e9 d&#039;avoir trich\u00e9 sur les \u00e9missions polluantes r\u00e9elles de ses voitures aux Etats-Unis et risque 18 Mds de Dollards d&#039;amende.\" \/>\n<meta property=\"og:url\" content=\"https:\/\/www.carideal.com\/blog\/2015\/09\/21\/volkswagen-accuse-de-tricherie-aux-etats-unis-et-18-milliards-de-damende\/\" \/>\n<meta property=\"og:site_name\" content=\"Blog auto Carid\u00e9al\" \/>\n<meta property=\"article:publisher\" content=\"https:\/\/www.facebook.com\/Carideal.mandataire.automobile\" \/>\n<meta property=\"article:author\" content=\"https:\/\/www.facebook.com\/nicolas.schiavon.39\" \/>\n<meta property=\"article:published_time\" content=\"2015-09-21T08:10:58+00:00\" \/>\n<meta property=\"article:modified_time\" content=\"2020-03-07T21:41:54+00:00\" \/>\n<meta property=\"og:image\" content=\"http:\/\/www.carideal.com\/blog\/wp-content\/uploads\/2015\/09\/Volkswagen_Passat_-_USA_carideal-blog-automobile-300x200.jpg\" \/>\n<meta name=\"author\" content=\"Nicolas SCHIAVON\" \/>\n<meta name=\"twitter:card\" content=\"summary_large_image\" \/>\n<meta name=\"twitter:creator\" content=\"@caridealauto\" \/>\n<meta name=\"twitter:site\" content=\"@caridealauto\" \/>\n<meta name=\"twitter:label1\" content=\"\u00c9crit par\" \/>\n\t<meta name=\"twitter:data1\" content=\"Nicolas SCHIAVON\" \/>\n\t<meta name=\"twitter:label2\" content=\"Dur\u00e9e de lecture estim\u00e9e\" \/>\n\t<meta name=\"twitter:data2\" content=\"2 minutes\" \/>\n<script type=\"application\/ld+json\" class=\"yoast-schema-graph\">{\"@context\":\"https:\/\/schema.org\",\"@graph\":[{\"@type\":\"Article\",\"@id\":\"https:\/\/www.carideal.com\/blog\/2015\/09\/21\/volkswagen-accuse-de-tricherie-aux-etats-unis-et-18-milliards-de-damende\/#article\",\"isPartOf\":{\"@id\":\"https:\/\/www.carideal.com\/blog\/2015\/09\/21\/volkswagen-accuse-de-tricherie-aux-etats-unis-et-18-milliards-de-damende\/\"},\"author\":{\"name\":\"Nicolas SCHIAVON\",\"@id\":\"https:\/\/www.carideal.com\/blog\/#\/schema\/person\/cd95dc7919660de90d31b366f85be1ec\"},\"headline\":\"Tricherie Volkswagen accus\u00e9 aux Etats-Unis\",\"datePublished\":\"2015-09-21T08:10:58+00:00\",\"dateModified\":\"2020-03-07T21:41:54+00:00\",\"mainEntityOfPage\":{\"@id\":\"https:\/\/www.carideal.com\/blog\/2015\/09\/21\/volkswagen-accuse-de-tricherie-aux-etats-unis-et-18-milliards-de-damende\/\"},\"wordCount\":435,\"commentCount\":2,\"publisher\":{\"@id\":\"https:\/\/www.carideal.com\/blog\/#organization\"},\"image\":{\"@id\":\"https:\/\/www.carideal.com\/blog\/2015\/09\/21\/volkswagen-accuse-de-tricherie-aux-etats-unis-et-18-milliards-de-damende\/#primaryimage\"},\"thumbnailUrl\":\"http:\/\/www.carideal.com\/blog\/wp-content\/uploads\/2015\/09\/Volkswagen_Passat_-_USA_carideal-blog-automobile-300x200.jpg\",\"keywords\":[\"CO2 \u00e9mission de CO2\",\"Etats-Unis march\u00e9 automobile am\u00e9ricain\",\"TDI\"],\"articleSection\":[\"Actualit\u00e9 Audi\",\"Actualit\u00e9 Constructeur automobile\",\"Actualit\u00e9 Financi\u00e8re\",\"Actualit\u00e9 Seat\",\"Actualit\u00e9 Skoda\",\"Actualit\u00e9 Volkswagen\",\"Divers\",\"Ecologie\",\"L\u00e9gislation Automobile\",\"March\u00e9 automobile\"],\"inLanguage\":\"fr-FR\",\"potentialAction\":[{\"@type\":\"CommentAction\",\"name\":\"Comment\",\"target\":[\"https:\/\/www.carideal.com\/blog\/2015\/09\/21\/volkswagen-accuse-de-tricherie-aux-etats-unis-et-18-milliards-de-damende\/#respond\"]}]},{\"@type\":\"WebPage\",\"@id\":\"https:\/\/www.carideal.com\/blog\/2015\/09\/21\/volkswagen-accuse-de-tricherie-aux-etats-unis-et-18-milliards-de-damende\/\",\"url\":\"https:\/\/www.carideal.com\/blog\/2015\/09\/21\/volkswagen-accuse-de-tricherie-aux-etats-unis-et-18-milliards-de-damende\/\",\"name\":\"Tricherie Volkswagen accus\u00e9 aux Etats-Unis - Blog auto Carid\u00e9al\",\"isPartOf\":{\"@id\":\"https:\/\/www.carideal.com\/blog\/#website\"},\"primaryImageOfPage\":{\"@id\":\"https:\/\/www.carideal.com\/blog\/2015\/09\/21\/volkswagen-accuse-de-tricherie-aux-etats-unis-et-18-milliards-de-damende\/#primaryimage\"},\"image\":{\"@id\":\"https:\/\/www.carideal.com\/blog\/2015\/09\/21\/volkswagen-accuse-de-tricherie-aux-etats-unis-et-18-milliards-de-damende\/#primaryimage\"},\"thumbnailUrl\":\"http:\/\/www.carideal.com\/blog\/wp-content\/uploads\/2015\/09\/Volkswagen_Passat_-_USA_carideal-blog-automobile-300x200.jpg\",\"datePublished\":\"2015-09-21T08:10:58+00:00\",\"dateModified\":\"2020-03-07T21:41:54+00:00\",\"description\":\"Tricherie Volkswagen est accus\u00e9 d'avoir trich\u00e9 sur les \u00e9missions polluantes r\u00e9elles de ses voitures aux Etats-Unis et risque 18 Mds de Dollards d'amende.\",\"breadcrumb\":{\"@id\":\"https:\/\/www.carideal.com\/blog\/2015\/09\/21\/volkswagen-accuse-de-tricherie-aux-etats-unis-et-18-milliards-de-damende\/#breadcrumb\"},\"inLanguage\":\"fr-FR\",\"potentialAction\":[{\"@type\":\"ReadAction\",\"target\":[\"https:\/\/www.carideal.com\/blog\/2015\/09\/21\/volkswagen-accuse-de-tricherie-aux-etats-unis-et-18-milliards-de-damende\/\"]}]},{\"@type\":\"ImageObject\",\"inLanguage\":\"fr-FR\",\"@id\":\"https:\/\/www.carideal.com\/blog\/2015\/09\/21\/volkswagen-accuse-de-tricherie-aux-etats-unis-et-18-milliards-de-damende\/#primaryimage\",\"url\":\"http:\/\/www.carideal.com\/blog\/wp-content\/uploads\/2015\/09\/Volkswagen_Passat_-_USA_carideal-blog-automobile-300x200.jpg\",\"contentUrl\":\"http:\/\/www.carideal.com\/blog\/wp-content\/uploads\/2015\/09\/Volkswagen_Passat_-_USA_carideal-blog-automobile-300x200.jpg\"},{\"@type\":\"BreadcrumbList\",\"@id\":\"https:\/\/www.carideal.com\/blog\/2015\/09\/21\/volkswagen-accuse-de-tricherie-aux-etats-unis-et-18-milliards-de-damende\/#breadcrumb\",\"itemListElement\":[{\"@type\":\"ListItem\",\"position\":1,\"name\":\"Blog Carid\u00e9al\",\"item\":\"https:\/\/www.carideal.com\/blog\/\"},{\"@type\":\"ListItem\",\"position\":2,\"name\":\"Actualit\u00e9 constructeur automobile\",\"item\":\"https:\/\/www.carideal.com\/blog\/constructeur\/\"},{\"@type\":\"ListItem\",\"position\":3,\"name\":\"Actualit\u00e9 Audi\",\"item\":\"https:\/\/www.carideal.com\/blog\/constructeur\/audi\/\"},{\"@type\":\"ListItem\",\"position\":4,\"name\":\"Tricherie Volkswagen accus\u00e9 aux Etats-Unis\"}]},{\"@type\":\"WebSite\",\"@id\":\"https:\/\/www.carideal.com\/blog\/#website\",\"url\":\"https:\/\/www.carideal.com\/blog\/\",\"name\":\"Blog auto Carid\u00e9al\",\"description\":\"Actualit\u00e9 auto par des passionn\u00e9s\",\"publisher\":{\"@id\":\"https:\/\/www.carideal.com\/blog\/#organization\"},\"potentialAction\":[{\"@type\":\"SearchAction\",\"target\":{\"@type\":\"EntryPoint\",\"urlTemplate\":\"https:\/\/www.carideal.com\/blog\/?s={search_term_string}\"},\"query-input\":{\"@type\":\"PropertyValueSpecification\",\"valueRequired\":true,\"valueName\":\"search_term_string\"}}],\"inLanguage\":\"fr-FR\"},{\"@type\":\"Organization\",\"@id\":\"https:\/\/www.carideal.com\/blog\/#organization\",\"name\":\"Carideal\",\"url\":\"https:\/\/www.carideal.com\/blog\/\",\"logo\":{\"@type\":\"ImageObject\",\"inLanguage\":\"fr-FR\",\"@id\":\"https:\/\/www.carideal.com\/blog\/#\/schema\/logo\/image\/\",\"url\":\"http:\/\/www.carideal.com\/blog\/wp-content\/uploads\/2016\/03\/logo-carideal-mandataire-automobile.png\",\"contentUrl\":\"http:\/\/www.carideal.com\/blog\/wp-content\/uploads\/2016\/03\/logo-carideal-mandataire-automobile.png\",\"width\":300,\"height\":300,\"caption\":\"Carideal\"},\"image\":{\"@id\":\"https:\/\/www.carideal.com\/blog\/#\/schema\/logo\/image\/\"},\"sameAs\":[\"https:\/\/www.facebook.com\/Carideal.mandataire.automobile\",\"https:\/\/x.com\/caridealauto\",\"https:\/\/www.instagram.com\/carideal1\/\",\"https:\/\/www.linkedin.com\/company\/carideal.com\",\"https:\/\/fr.pinterest.com\/schiavonsas\/\",\"https:\/\/www.youtube.com\/user\/caridealsas\"]},{\"@type\":\"Person\",\"@id\":\"https:\/\/www.carideal.com\/blog\/#\/schema\/person\/cd95dc7919660de90d31b366f85be1ec\",\"name\":\"Nicolas SCHIAVON\",\"image\":{\"@type\":\"ImageObject\",\"inLanguage\":\"fr-FR\",\"@id\":\"https:\/\/www.carideal.com\/blog\/#\/schema\/person\/image\/\",\"url\":\"https:\/\/secure.gravatar.com\/avatar\/c17e55009e671d92cc7f5dc837dc418a?s=96&r=g\",\"contentUrl\":\"https:\/\/secure.gravatar.com\/avatar\/c17e55009e671d92cc7f5dc837dc418a?s=96&r=g\",\"caption\":\"Nicolas SCHIAVON\"},\"description\":\"Nicolas Schiavon est tomb\u00e9 tout petit dans la marmite automobile. Ayant eu un garage de marque automobile, mandataire automobile de la premi\u00e8re heure d\u00e8s 1999. Nicolas a cr\u00e9\u00e9 ces premiers sites de vente de voiture et blog automobile d\u00e8s 1994. Carideal est n\u00e9 le 15 d\u00e9cembre 2000 de la volont\u00e9 de vendre des voitures d'occasions en ligne puis des voitures neuves. Il a pu essayer beaucoup de voitures tr\u00e8s diff\u00e9rentes et ayant eu personnellement quelques belles autos, Subaru Impreza, Mitsubishi Lancer Evo 7, Porsche 911, Ferrari Testarrossa, Audi RS3, RS4 et j'en passe...\",\"sameAs\":[\"http:\/\/www.carideal.com\",\"https:\/\/www.facebook.com\/nicolas.schiavon.39\",\"https:\/\/www.instagram.com\/carideal1\/\",\"https:\/\/www.linkedin.com\/in\/nschiavon\/\",\"https:\/\/x.com\/caridealauto\",\"https:\/\/www.youtube.com\/user\/caridealsas\/\"],\"url\":\"https:\/\/www.carideal.com\/blog\/author\/nschiavon\/\"}]}<\/script>\n<!-- \/ Yoast SEO plugin. -->","yoast_head_json":{"title":"Tricherie Volkswagen accus\u00e9 aux Etats-Unis - Blog auto Carid\u00e9al","description":"Tricherie Volkswagen est accus\u00e9 d'avoir trich\u00e9 sur les \u00e9missions polluantes r\u00e9elles de ses voitures aux Etats-Unis et risque 18 Mds de Dollards d'amende.","robots":{"index":"index","follow":"follow","max-snippet":"max-snippet:-1","max-image-preview":"max-image-preview:large","max-video-preview":"max-video-preview:-1"},"canonical":"https:\/\/www.carideal.com\/blog\/2015\/09\/21\/volkswagen-accuse-de-tricherie-aux-etats-unis-et-18-milliards-de-damende\/","og_locale":"fr_FR","og_type":"article","og_title":"Tricherie Volkswagen accus\u00e9 aux Etats-Unis - Blog auto Carid\u00e9al","og_description":"Tricherie Volkswagen est accus\u00e9 d'avoir trich\u00e9 sur les \u00e9missions polluantes r\u00e9elles de ses voitures aux Etats-Unis et risque 18 Mds de Dollards d'amende.","og_url":"https:\/\/www.carideal.com\/blog\/2015\/09\/21\/volkswagen-accuse-de-tricherie-aux-etats-unis-et-18-milliards-de-damende\/","og_site_name":"Blog auto Carid\u00e9al","article_publisher":"https:\/\/www.facebook.com\/Carideal.mandataire.automobile","article_author":"https:\/\/www.facebook.com\/nicolas.schiavon.39","article_published_time":"2015-09-21T08:10:58+00:00","article_modified_time":"2020-03-07T21:41:54+00:00","og_image":[{"url":"http:\/\/www.carideal.com\/blog\/wp-content\/uploads\/2015\/09\/Volkswagen_Passat_-_USA_carideal-blog-automobile-300x200.jpg","type":"","width":"","height":""}],"author":"Nicolas SCHIAVON","twitter_card":"summary_large_image","twitter_creator":"@caridealauto","twitter_site":"@caridealauto","twitter_misc":{"\u00c9crit par":"Nicolas SCHIAVON","Dur\u00e9e de lecture estim\u00e9e":"2 minutes"},"schema":{"@context":"https:\/\/schema.org","@graph":[{"@type":"Article","@id":"https:\/\/www.carideal.com\/blog\/2015\/09\/21\/volkswagen-accuse-de-tricherie-aux-etats-unis-et-18-milliards-de-damende\/#article","isPartOf":{"@id":"https:\/\/www.carideal.com\/blog\/2015\/09\/21\/volkswagen-accuse-de-tricherie-aux-etats-unis-et-18-milliards-de-damende\/"},"author":{"name":"Nicolas SCHIAVON","@id":"https:\/\/www.carideal.com\/blog\/#\/schema\/person\/cd95dc7919660de90d31b366f85be1ec"},"headline":"Tricherie Volkswagen accus\u00e9 aux Etats-Unis","datePublished":"2015-09-21T08:10:58+00:00","dateModified":"2020-03-07T21:41:54+00:00","mainEntityOfPage":{"@id":"https:\/\/www.carideal.com\/blog\/2015\/09\/21\/volkswagen-accuse-de-tricherie-aux-etats-unis-et-18-milliards-de-damende\/"},"wordCount":435,"commentCount":2,"publisher":{"@id":"https:\/\/www.carideal.com\/blog\/#organization"},"image":{"@id":"https:\/\/www.carideal.com\/blog\/2015\/09\/21\/volkswagen-accuse-de-tricherie-aux-etats-unis-et-18-milliards-de-damende\/#primaryimage"},"thumbnailUrl":"http:\/\/www.carideal.com\/blog\/wp-content\/uploads\/2015\/09\/Volkswagen_Passat_-_USA_carideal-blog-automobile-300x200.jpg","keywords":["CO2 \u00e9mission de CO2","Etats-Unis march\u00e9 automobile am\u00e9ricain","TDI"],"articleSection":["Actualit\u00e9 Audi","Actualit\u00e9 Constructeur automobile","Actualit\u00e9 Financi\u00e8re","Actualit\u00e9 Seat","Actualit\u00e9 Skoda","Actualit\u00e9 Volkswagen","Divers","Ecologie","L\u00e9gislation Automobile","March\u00e9 automobile"],"inLanguage":"fr-FR","potentialAction":[{"@type":"CommentAction","name":"Comment","target":["https:\/\/www.carideal.com\/blog\/2015\/09\/21\/volkswagen-accuse-de-tricherie-aux-etats-unis-et-18-milliards-de-damende\/#respond"]}]},{"@type":"WebPage","@id":"https:\/\/www.carideal.com\/blog\/2015\/09\/21\/volkswagen-accuse-de-tricherie-aux-etats-unis-et-18-milliards-de-damende\/","url":"https:\/\/www.carideal.com\/blog\/2015\/09\/21\/volkswagen-accuse-de-tricherie-aux-etats-unis-et-18-milliards-de-damende\/","name":"Tricherie Volkswagen accus\u00e9 aux Etats-Unis - Blog auto Carid\u00e9al","isPartOf":{"@id":"https:\/\/www.carideal.com\/blog\/#website"},"primaryImageOfPage":{"@id":"https:\/\/www.carideal.com\/blog\/2015\/09\/21\/volkswagen-accuse-de-tricherie-aux-etats-unis-et-18-milliards-de-damende\/#primaryimage"},"image":{"@id":"https:\/\/www.carideal.com\/blog\/2015\/09\/21\/volkswagen-accuse-de-tricherie-aux-etats-unis-et-18-milliards-de-damende\/#primaryimage"},"thumbnailUrl":"http:\/\/www.carideal.com\/blog\/wp-content\/uploads\/2015\/09\/Volkswagen_Passat_-_USA_carideal-blog-automobile-300x200.jpg","datePublished":"2015-09-21T08:10:58+00:00","dateModified":"2020-03-07T21:41:54+00:00","description":"Tricherie Volkswagen est accus\u00e9 d'avoir trich\u00e9 sur les \u00e9missions polluantes r\u00e9elles de ses voitures aux Etats-Unis et risque 18 Mds de Dollards d'amende.","breadcrumb":{"@id":"https:\/\/www.carideal.com\/blog\/2015\/09\/21\/volkswagen-accuse-de-tricherie-aux-etats-unis-et-18-milliards-de-damende\/#breadcrumb"},"inLanguage":"fr-FR","potentialAction":[{"@type":"ReadAction","target":["https:\/\/www.carideal.com\/blog\/2015\/09\/21\/volkswagen-accuse-de-tricherie-aux-etats-unis-et-18-milliards-de-damende\/"]}]},{"@type":"ImageObject","inLanguage":"fr-FR","@id":"https:\/\/www.carideal.com\/blog\/2015\/09\/21\/volkswagen-accuse-de-tricherie-aux-etats-unis-et-18-milliards-de-damende\/#primaryimage","url":"http:\/\/www.carideal.com\/blog\/wp-content\/uploads\/2015\/09\/Volkswagen_Passat_-_USA_carideal-blog-automobile-300x200.jpg","contentUrl":"http:\/\/www.carideal.com\/blog\/wp-content\/uploads\/2015\/09\/Volkswagen_Passat_-_USA_carideal-blog-automobile-300x200.jpg"},{"@type":"BreadcrumbList","@id":"https:\/\/www.carideal.com\/blog\/2015\/09\/21\/volkswagen-accuse-de-tricherie-aux-etats-unis-et-18-milliards-de-damende\/#breadcrumb","itemListElement":[{"@type":"ListItem","position":1,"name":"Blog Carid\u00e9al","item":"https:\/\/www.carideal.com\/blog\/"},{"@type":"ListItem","position":2,"name":"Actualit\u00e9 constructeur automobile","item":"https:\/\/www.carideal.com\/blog\/constructeur\/"},{"@type":"ListItem","position":3,"name":"Actualit\u00e9 Audi","item":"https:\/\/www.carideal.com\/blog\/constructeur\/audi\/"},{"@type":"ListItem","position":4,"name":"Tricherie Volkswagen accus\u00e9 aux Etats-Unis"}]},{"@type":"WebSite","@id":"https:\/\/www.carideal.com\/blog\/#website","url":"https:\/\/www.carideal.com\/blog\/","name":"Blog auto Carid\u00e9al","description":"Actualit\u00e9 auto par des passionn\u00e9s","publisher":{"@id":"https:\/\/www.carideal.com\/blog\/#organization"},"potentialAction":[{"@type":"SearchAction","target":{"@type":"EntryPoint","urlTemplate":"https:\/\/www.carideal.com\/blog\/?s={search_term_string}"},"query-input":{"@type":"PropertyValueSpecification","valueRequired":true,"valueName":"search_term_string"}}],"inLanguage":"fr-FR"},{"@type":"Organization","@id":"https:\/\/www.carideal.com\/blog\/#organization","name":"Carideal","url":"https:\/\/www.carideal.com\/blog\/","logo":{"@type":"ImageObject","inLanguage":"fr-FR","@id":"https:\/\/www.carideal.com\/blog\/#\/schema\/logo\/image\/","url":"http:\/\/www.carideal.com\/blog\/wp-content\/uploads\/2016\/03\/logo-carideal-mandataire-automobile.png","contentUrl":"http:\/\/www.carideal.com\/blog\/wp-content\/uploads\/2016\/03\/logo-carideal-mandataire-automobile.png","width":300,"height":300,"caption":"Carideal"},"image":{"@id":"https:\/\/www.carideal.com\/blog\/#\/schema\/logo\/image\/"},"sameAs":["https:\/\/www.facebook.com\/Carideal.mandataire.automobile","https:\/\/x.com\/caridealauto","https:\/\/www.instagram.com\/carideal1\/","https:\/\/www.linkedin.com\/company\/carideal.com","https:\/\/fr.pinterest.com\/schiavonsas\/","https:\/\/www.youtube.com\/user\/caridealsas"]},{"@type":"Person","@id":"https:\/\/www.carideal.com\/blog\/#\/schema\/person\/cd95dc7919660de90d31b366f85be1ec","name":"Nicolas SCHIAVON","image":{"@type":"ImageObject","inLanguage":"fr-FR","@id":"https:\/\/www.carideal.com\/blog\/#\/schema\/person\/image\/","url":"https:\/\/secure.gravatar.com\/avatar\/c17e55009e671d92cc7f5dc837dc418a?s=96&r=g","contentUrl":"https:\/\/secure.gravatar.com\/avatar\/c17e55009e671d92cc7f5dc837dc418a?s=96&r=g","caption":"Nicolas SCHIAVON"},"description":"Nicolas Schiavon est tomb\u00e9 tout petit dans la marmite automobile. Ayant eu un garage de marque automobile, mandataire automobile de la premi\u00e8re heure d\u00e8s 1999. Nicolas a cr\u00e9\u00e9 ces premiers sites de vente de voiture et blog automobile d\u00e8s 1994. Carideal est n\u00e9 le 15 d\u00e9cembre 2000 de la volont\u00e9 de vendre des voitures d'occasions en ligne puis des voitures neuves. Il a pu essayer beaucoup de voitures tr\u00e8s diff\u00e9rentes et ayant eu personnellement quelques belles autos, Subaru Impreza, Mitsubishi Lancer Evo 7, Porsche 911, Ferrari Testarrossa, Audi RS3, RS4 et j'en passe...","sameAs":["http:\/\/www.carideal.com","https:\/\/www.facebook.com\/nicolas.schiavon.39","https:\/\/www.instagram.com\/carideal1\/","https:\/\/www.linkedin.com\/in\/nschiavon\/","https:\/\/x.com\/caridealauto","https:\/\/www.youtube.com\/user\/caridealsas\/"],"url":"https:\/\/www.carideal.com\/blog\/author\/nschiavon\/"}]}},"uagb_featured_image_src":{"full":false,"thumbnail":false,"medium":false,"medium_large":false,"large":false,"1536x1536":false,"2048x2048":false,"wppr-widget":false},"uagb_author_info":{"display_name":"Nicolas SCHIAVON","author_link":"https:\/\/www.carideal.com\/blog\/author\/nschiavon\/"},"uagb_comment_info":2,"uagb_excerpt":"Tricherie Volkswagen le groupe est accus\u00e9 d'avoir\u00a0trich\u00e9 sur les contr\u00f4les antipollution aux Etats-Unis Volkswagen\u00a0aurait dissimul\u00e9 un logiciel malveillant dans les calculateurs moteurs de ses voitures aux\u00a0Etats-Unis afin de minimiser les \u00e9missions de gaz polluants et de CO2. Cette affaire, r\u00e9v\u00e9l\u00e9e vendredi, par l'agence environnementale am\u00e9ricaine EPA qui a d\u00e9clench\u00e9 toute l'affaire, et qui pourrait co\u00fbter\u2026","_links":{"self":[{"href":"https:\/\/www.carideal.com\/blog\/wp-json\/wp\/v2\/posts\/6692"}],"collection":[{"href":"https:\/\/www.carideal.com\/blog\/wp-json\/wp\/v2\/posts"}],"about":[{"href":"https:\/\/www.carideal.com\/blog\/wp-json\/wp\/v2\/types\/post"}],"author":[{"embeddable":true,"href":"https:\/\/www.carideal.com\/blog\/wp-json\/wp\/v2\/users\/3"}],"replies":[{"embeddable":true,"href":"https:\/\/www.carideal.com\/blog\/wp-json\/wp\/v2\/comments?post=6692"}],"version-history":[{"count":0,"href":"https:\/\/www.carideal.com\/blog\/wp-json\/wp\/v2\/posts\/6692\/revisions"}],"wp:attachment":[{"href":"https:\/\/www.carideal.com\/blog\/wp-json\/wp\/v2\/media?parent=6692"}],"wp:term":[{"taxonomy":"category","embeddable":true,"href":"https:\/\/www.carideal.com\/blog\/wp-json\/wp\/v2\/categories?post=6692"},{"taxonomy":"post_tag","embeddable":true,"href":"https:\/\/www.carideal.com\/blog\/wp-json\/wp\/v2\/tags?post=6692"}],"curies":[{"name":"wp","href":"https:\/\/api.w.org\/{rel}","templated":true}]}}