{"id":6688,"date":"2015-09-20T20:12:47","date_gmt":"2015-09-20T18:12:47","guid":{"rendered":"http:\/\/www.carideal.com\/blog\/?p=6688"},"modified":"2020-03-08T07:35:29","modified_gmt":"2020-03-08T06:35:29","slug":"le-classement-de-lademe-des-emissions-de-co2-automobile","status":"publish","type":"post","link":"https:\/\/www.carideal.com\/blog\/2015\/09\/20\/le-classement-de-lademe-des-emissions-de-co2-automobile\/","title":{"rendered":"Classement Ademe des \u00e9missions de CO2 automobile"},"content":{"rendered":"<figure id=\"attachment_6689\" aria-describedby=\"caption-attachment-6689\" style=\"width: 290px\" class=\"wp-caption alignnone\"><a href=\"http:\/\/www.carideal.com\/blog\/wp-content\/uploads\/2015\/09\/gaz-CO2-ademe-europetauxco2-carideal-blog-auto.jpg\"><img loading=\"lazy\" decoding=\"async\" class=\"wp-image-6689 size-medium\" title=\"Le classement Ademe des \u00e9missions automobile de CO2 \" src=\"http:\/\/www.carideal.com\/blog\/wp-content\/uploads\/2015\/09\/gaz-CO2-ademe-europetauxco2-carideal-blog-auto-300x266.jpg\" alt=\"Le classement Ademe des \u00e9missions automobile de CO2 \" width=\"300\" height=\"266\" srcset=\"https:\/\/www.carideal.com\/blog\/wp-content\/uploads\/2015\/09\/gaz-CO2-ademe-europetauxco2-carideal-blog-auto-300x266.jpg 300w, https:\/\/www.carideal.com\/blog\/wp-content\/uploads\/2015\/09\/gaz-CO2-ademe-europetauxco2-carideal-blog-auto-624x554.jpg 624w, https:\/\/www.carideal.com\/blog\/wp-content\/uploads\/2015\/09\/gaz-CO2-ademe-europetauxco2-carideal-blog-auto.jpg 660w\" sizes=\"(max-width: 300px) 100vw, 300px\" \/><\/a><figcaption id=\"caption-attachment-6689\" class=\"wp-caption-text\">Le classement Ademe des \u00e9missions automobile de CO2<\/figcaption><\/figure>\n<h1>\u00a0Classement Ademe des \u00e9missions de CO2 automobile<\/h1>\n<p>Pour la troisi\u00e8me ann\u00e9e cons\u00e9cutive, 2013, 2014 et 2015 c'est le constructeur japonais <span style=\"text-decoration: underline;\">Toyota<\/span> qui arrive du classement Ademe.<\/p>\n<p>Tout les ans l'ADEME Chaque ann\u00e9e, fait son calcul en int\u00e9grant les valeurs de l\u2019Association auxiliaire des automobiles (AAA) et de l\u2019Union Technique de l\u2019Automobile, du motocycle et du cycle (UTAC) en se basant sur les ventes de voiture de l\u2019ann\u00e9e pr\u00e9c\u00e9dente et les classe fonction des \u00e9missions de CO2. pour le classement 2015, la marque Toyota \u00e9met en moyenne 105 g\/km de CO2 par v\u00e9hicule vendu en France en 2014, en baisse de 5g\/km \/ 2013.<\/p>\n<h2>La France\u00a0le meilleur \u00e9l\u00e8ve du classement Ademe<\/h2>\n<p>Toyota a tr\u00e8s bien ax\u00e9 son marketing en mettant en avant que sa <span style=\"text-decoration: underline;\">Yaris<\/span> est fabriqu\u00e9e en France \u00e0 Valencienne sous le label \"origine France garanti\", et que sa Yaris Hybrid n\u2019\u00e9met que 75 g\/km de CO2.<\/p>\n<p>PSA <span style=\"text-decoration: underline;\">Peugeot Citroen<\/span> prend la deuxi\u00e8me\u00a0place du classement Ademe pour le CO2 avec une moyenne de 109 g\/km et <span style=\"text-decoration: underline;\">Renault<\/span>, la troisi\u00e8me\u00a0place 110 g\/km. <span style=\"text-decoration: underline;\">Nissan<\/span> arrive quatri\u00e8me avec 112 g\/km.<\/p>\n<p>L\u2019Ademe a aussi class\u00e9 les pays europ\u00e9ens en fonction de la moyenne des \u00e9missions de CO2 des v\u00e9hicules vendus au sein de leur fronti\u00e8re. La\u00a0France finit quatri\u00e8me avec un taux d'\u00e9mission moyen de 114 g\/km en 2014.<\/p>\n<p>Pour les autres pays europ\u00e9ens, ce sont les Pays-Bas et la Gr\u00e8ce qui arrivent en t\u00eate\u00a0avec 108 g\/km puis le\u00a0Danemark en deuxi\u00e8me avec 110 g\/km et le Portugal avec 111 g\/km. La moyenne Europ\u00e9enne est de 122 g\/km. Il est \u00e0 noter qu'en 15 ans, la baisse atteint des \u00e9missions de CO2 est de 54 g\/km, \u00a0avec des nets progr\u00e8s au cours des quatre derni\u00e8res ann\u00e9es nottament avec une chute de 19 g\/km en moins sur cette p\u00e9riode,\u00a0ce qui est consid\u00e9rable<\/p>\n<p>Au classement Ademe, parmi les voitures \u00e9mettant le moins de CO2 on retrouve \u00e0 \u00e9galit\u00e9 avec 88 g\/km l\u2019<span style=\"text-decoration: underline;\">Alfa Romeo Mito<\/span>, la <span style=\"text-decoration: underline;\">Nouvelle Citro\u00ebn C1<\/span>, ses cousines la\u00a0<span style=\"text-decoration: underline;\">Peugeot 108<\/span> et la <span style=\"text-decoration: underline;\">Toyota Aygo<\/span>. En ce qui concerne les v\u00e9hicules diesel les plus sobre en CO2, sont les <span style=\"text-decoration: underline;\">Citro\u00ebn C3 BlueHDi<\/span> de 100 ch et <span style=\"text-decoration: underline;\">Citro\u00ebn DS3<\/span> BlueHDi 100 ch qui sont en premi\u00e8re place sur le podium avec seulement 79 g\/km. La pire diesel \u00e9tant la <span style=\"text-decoration: underline;\"><a href=\"http:\/\/www.carideal.com\/blog\/2015\/02\/26\/mercedes-g500-4x4%c2%b2-en-folie-lache-en-montagne-video\/\">Mercedes G<\/a><\/span> 350 BLUETEC Break Long BVA7 FAP avec 295 g\/km et en essence la <span style=\"text-decoration: underline;\"><a href=\"http:\/\/www.carideal.com\/blog\/2014\/03\/18\/lamborghini-huracan-lp610-4\/\">Lamborghini<\/a><\/span> Veneno avec 398 g\/km.<\/p>\n","protected":false},"excerpt":{"rendered":"<p>\u00a0Classement Ademe des \u00e9missions de CO2 automobile Pour la troisi\u00e8me ann\u00e9e cons\u00e9cutive, 2013, 2014 et 2015 c&rsquo;est le constructeur japonais Toyota qui arrive du classement Ademe. Tout les ans l&rsquo;ADEME Chaque ann\u00e9e, fait son calcul en int\u00e9grant les valeurs de l\u2019Association auxiliaire des automobiles (AAA) et de l\u2019Union Technique de l\u2019Automobile, du motocycle et du &#8230; <a title=\"Classement Ademe des \u00e9missions de CO2 automobile\" class=\"read-more\" href=\"https:\/\/www.carideal.com\/blog\/2015\/09\/20\/le-classement-de-lademe-des-emissions-de-co2-automobile\/\" aria-label=\"En savoir plus sur Classement Ademe des \u00e9missions de CO2 automobile\">Lire plus<\/a><\/p>\n","protected":false},"author":3,"featured_media":0,"comment_status":"open","ping_status":"open","sticky":false,"template":"","format":"standard","meta":{"_uag_custom_page_level_css":"","_themeisle_gutenberg_block_has_review":false,"footnotes":""},"categories":[9,6,10],"tags":[3689,60,35],"class_list":["post-6688","post","type-post","status-publish","format-standard","hentry","category-divers","category-ecologie","category-marche-automobile-voiture-neuve-occasion-4x4-suv","tag-bluehdi","tag-co2","tag-psa"],"wppr_data":[],"yoast_head":"<!-- This site is optimized with the Yoast SEO plugin v24.8.1 - https:\/\/yoast.com\/wordpress\/plugins\/seo\/ -->\n<title>Classement Ademe des \u00e9missions de CO2 automobile - Blog auto Carid\u00e9al<\/title>\n<meta name=\"description\" content=\"Le Classement Ademe des \u00e9missions de CO2 automobile, par pays, par marque et par mod\u00e8le. Les mod\u00e8les ont perdu 19 g\/km en quattre ans.\" \/>\n<meta name=\"robots\" content=\"index, follow, max-snippet:-1, max-image-preview:large, max-video-preview:-1\" \/>\n<link rel=\"canonical\" href=\"https:\/\/www.carideal.com\/blog\/2015\/09\/20\/le-classement-de-lademe-des-emissions-de-co2-automobile\/\" \/>\n<meta property=\"og:locale\" content=\"fr_FR\" \/>\n<meta property=\"og:type\" content=\"article\" \/>\n<meta property=\"og:title\" content=\"Classement Ademe des \u00e9missions de CO2 automobile - Blog auto Carid\u00e9al\" \/>\n<meta property=\"og:description\" content=\"Le Classement Ademe des \u00e9missions de CO2 automobile, par pays, par marque et par mod\u00e8le. Les mod\u00e8les ont perdu 19 g\/km en quattre ans.\" \/>\n<meta property=\"og:url\" content=\"https:\/\/www.carideal.com\/blog\/2015\/09\/20\/le-classement-de-lademe-des-emissions-de-co2-automobile\/\" \/>\n<meta property=\"og:site_name\" content=\"Blog auto Carid\u00e9al\" \/>\n<meta property=\"article:publisher\" content=\"https:\/\/www.facebook.com\/Carideal.mandataire.automobile\" \/>\n<meta property=\"article:author\" content=\"https:\/\/www.facebook.com\/nicolas.schiavon.39\" \/>\n<meta property=\"article:published_time\" content=\"2015-09-20T18:12:47+00:00\" \/>\n<meta property=\"article:modified_time\" content=\"2020-03-08T06:35:29+00:00\" \/>\n<meta property=\"og:image\" content=\"http:\/\/www.carideal.com\/blog\/wp-content\/uploads\/2015\/09\/gaz-CO2-ademe-europetauxco2-carideal-blog-auto-300x266.jpg\" \/>\n<meta name=\"author\" content=\"Nicolas SCHIAVON\" \/>\n<meta name=\"twitter:card\" content=\"summary_large_image\" \/>\n<meta name=\"twitter:creator\" content=\"@caridealauto\" \/>\n<meta name=\"twitter:site\" content=\"@caridealauto\" \/>\n<meta name=\"twitter:label1\" content=\"\u00c9crit par\" \/>\n\t<meta name=\"twitter:data1\" content=\"Nicolas SCHIAVON\" \/>\n\t<meta name=\"twitter:label2\" content=\"Dur\u00e9e de lecture estim\u00e9e\" \/>\n\t<meta name=\"twitter:data2\" content=\"2 minutes\" \/>\n<script type=\"application\/ld+json\" class=\"yoast-schema-graph\">{\"@context\":\"https:\/\/schema.org\",\"@graph\":[{\"@type\":\"Article\",\"@id\":\"https:\/\/www.carideal.com\/blog\/2015\/09\/20\/le-classement-de-lademe-des-emissions-de-co2-automobile\/#article\",\"isPartOf\":{\"@id\":\"https:\/\/www.carideal.com\/blog\/2015\/09\/20\/le-classement-de-lademe-des-emissions-de-co2-automobile\/\"},\"author\":{\"name\":\"Nicolas SCHIAVON\",\"@id\":\"https:\/\/www.carideal.com\/blog\/#\/schema\/person\/cd95dc7919660de90d31b366f85be1ec\"},\"headline\":\"Classement Ademe des \u00e9missions de CO2 automobile\",\"datePublished\":\"2015-09-20T18:12:47+00:00\",\"dateModified\":\"2020-03-08T06:35:29+00:00\",\"mainEntityOfPage\":{\"@id\":\"https:\/\/www.carideal.com\/blog\/2015\/09\/20\/le-classement-de-lademe-des-emissions-de-co2-automobile\/\"},\"wordCount\":448,\"commentCount\":0,\"publisher\":{\"@id\":\"https:\/\/www.carideal.com\/blog\/#organization\"},\"image\":{\"@id\":\"https:\/\/www.carideal.com\/blog\/2015\/09\/20\/le-classement-de-lademe-des-emissions-de-co2-automobile\/#primaryimage\"},\"thumbnailUrl\":\"http:\/\/www.carideal.com\/blog\/wp-content\/uploads\/2015\/09\/gaz-CO2-ademe-europetauxco2-carideal-blog-auto-300x266.jpg\",\"keywords\":[\"BlueHDI\",\"CO2 \u00e9mission de CO2\",\"PSA\"],\"articleSection\":[\"Divers\",\"Ecologie\",\"March\u00e9 automobile\"],\"inLanguage\":\"fr-FR\",\"potentialAction\":[{\"@type\":\"CommentAction\",\"name\":\"Comment\",\"target\":[\"https:\/\/www.carideal.com\/blog\/2015\/09\/20\/le-classement-de-lademe-des-emissions-de-co2-automobile\/#respond\"]}]},{\"@type\":\"WebPage\",\"@id\":\"https:\/\/www.carideal.com\/blog\/2015\/09\/20\/le-classement-de-lademe-des-emissions-de-co2-automobile\/\",\"url\":\"https:\/\/www.carideal.com\/blog\/2015\/09\/20\/le-classement-de-lademe-des-emissions-de-co2-automobile\/\",\"name\":\"Classement Ademe des \u00e9missions de CO2 automobile - Blog auto Carid\u00e9al\",\"isPartOf\":{\"@id\":\"https:\/\/www.carideal.com\/blog\/#website\"},\"primaryImageOfPage\":{\"@id\":\"https:\/\/www.carideal.com\/blog\/2015\/09\/20\/le-classement-de-lademe-des-emissions-de-co2-automobile\/#primaryimage\"},\"image\":{\"@id\":\"https:\/\/www.carideal.com\/blog\/2015\/09\/20\/le-classement-de-lademe-des-emissions-de-co2-automobile\/#primaryimage\"},\"thumbnailUrl\":\"http:\/\/www.carideal.com\/blog\/wp-content\/uploads\/2015\/09\/gaz-CO2-ademe-europetauxco2-carideal-blog-auto-300x266.jpg\",\"datePublished\":\"2015-09-20T18:12:47+00:00\",\"dateModified\":\"2020-03-08T06:35:29+00:00\",\"description\":\"Le Classement Ademe des \u00e9missions de CO2 automobile, par pays, par marque et par mod\u00e8le. Les mod\u00e8les ont perdu 19 g\/km en quattre ans.\",\"breadcrumb\":{\"@id\":\"https:\/\/www.carideal.com\/blog\/2015\/09\/20\/le-classement-de-lademe-des-emissions-de-co2-automobile\/#breadcrumb\"},\"inLanguage\":\"fr-FR\",\"potentialAction\":[{\"@type\":\"ReadAction\",\"target\":[\"https:\/\/www.carideal.com\/blog\/2015\/09\/20\/le-classement-de-lademe-des-emissions-de-co2-automobile\/\"]}]},{\"@type\":\"ImageObject\",\"inLanguage\":\"fr-FR\",\"@id\":\"https:\/\/www.carideal.com\/blog\/2015\/09\/20\/le-classement-de-lademe-des-emissions-de-co2-automobile\/#primaryimage\",\"url\":\"http:\/\/www.carideal.com\/blog\/wp-content\/uploads\/2015\/09\/gaz-CO2-ademe-europetauxco2-carideal-blog-auto-300x266.jpg\",\"contentUrl\":\"http:\/\/www.carideal.com\/blog\/wp-content\/uploads\/2015\/09\/gaz-CO2-ademe-europetauxco2-carideal-blog-auto-300x266.jpg\"},{\"@type\":\"BreadcrumbList\",\"@id\":\"https:\/\/www.carideal.com\/blog\/2015\/09\/20\/le-classement-de-lademe-des-emissions-de-co2-automobile\/#breadcrumb\",\"itemListElement\":[{\"@type\":\"ListItem\",\"position\":1,\"name\":\"Blog Carid\u00e9al\",\"item\":\"https:\/\/www.carideal.com\/blog\/\"},{\"@type\":\"ListItem\",\"position\":2,\"name\":\"Divers\",\"item\":\"https:\/\/www.carideal.com\/blog\/divers\/\"},{\"@type\":\"ListItem\",\"position\":3,\"name\":\"Classement Ademe des \u00e9missions de CO2 automobile\"}]},{\"@type\":\"WebSite\",\"@id\":\"https:\/\/www.carideal.com\/blog\/#website\",\"url\":\"https:\/\/www.carideal.com\/blog\/\",\"name\":\"Blog auto Carid\u00e9al\",\"description\":\"Actualit\u00e9 auto par des passionn\u00e9s\",\"publisher\":{\"@id\":\"https:\/\/www.carideal.com\/blog\/#organization\"},\"potentialAction\":[{\"@type\":\"SearchAction\",\"target\":{\"@type\":\"EntryPoint\",\"urlTemplate\":\"https:\/\/www.carideal.com\/blog\/?s={search_term_string}\"},\"query-input\":{\"@type\":\"PropertyValueSpecification\",\"valueRequired\":true,\"valueName\":\"search_term_string\"}}],\"inLanguage\":\"fr-FR\"},{\"@type\":\"Organization\",\"@id\":\"https:\/\/www.carideal.com\/blog\/#organization\",\"name\":\"Carideal\",\"url\":\"https:\/\/www.carideal.com\/blog\/\",\"logo\":{\"@type\":\"ImageObject\",\"inLanguage\":\"fr-FR\",\"@id\":\"https:\/\/www.carideal.com\/blog\/#\/schema\/logo\/image\/\",\"url\":\"http:\/\/www.carideal.com\/blog\/wp-content\/uploads\/2016\/03\/logo-carideal-mandataire-automobile.png\",\"contentUrl\":\"http:\/\/www.carideal.com\/blog\/wp-content\/uploads\/2016\/03\/logo-carideal-mandataire-automobile.png\",\"width\":300,\"height\":300,\"caption\":\"Carideal\"},\"image\":{\"@id\":\"https:\/\/www.carideal.com\/blog\/#\/schema\/logo\/image\/\"},\"sameAs\":[\"https:\/\/www.facebook.com\/Carideal.mandataire.automobile\",\"https:\/\/x.com\/caridealauto\",\"https:\/\/www.instagram.com\/carideal1\/\",\"https:\/\/www.linkedin.com\/company\/carideal.com\",\"https:\/\/fr.pinterest.com\/schiavonsas\/\",\"https:\/\/www.youtube.com\/user\/caridealsas\"]},{\"@type\":\"Person\",\"@id\":\"https:\/\/www.carideal.com\/blog\/#\/schema\/person\/cd95dc7919660de90d31b366f85be1ec\",\"name\":\"Nicolas SCHIAVON\",\"image\":{\"@type\":\"ImageObject\",\"inLanguage\":\"fr-FR\",\"@id\":\"https:\/\/www.carideal.com\/blog\/#\/schema\/person\/image\/\",\"url\":\"https:\/\/secure.gravatar.com\/avatar\/c17e55009e671d92cc7f5dc837dc418a?s=96&r=g\",\"contentUrl\":\"https:\/\/secure.gravatar.com\/avatar\/c17e55009e671d92cc7f5dc837dc418a?s=96&r=g\",\"caption\":\"Nicolas SCHIAVON\"},\"description\":\"Nicolas Schiavon est tomb\u00e9 tout petit dans la marmite automobile. Ayant eu un garage de marque automobile, mandataire automobile de la premi\u00e8re heure d\u00e8s 1999. Nicolas a cr\u00e9\u00e9 ces premiers sites de vente de voiture et blog automobile d\u00e8s 1994. Carideal est n\u00e9 le 15 d\u00e9cembre 2000 de la volont\u00e9 de vendre des voitures d'occasions en ligne puis des voitures neuves. Il a pu essayer beaucoup de voitures tr\u00e8s diff\u00e9rentes et ayant eu personnellement quelques belles autos, Subaru Impreza, Mitsubishi Lancer Evo 7, Porsche 911, Ferrari Testarrossa, Audi RS3, RS4 et j'en passe...\",\"sameAs\":[\"http:\/\/www.carideal.com\",\"https:\/\/www.facebook.com\/nicolas.schiavon.39\",\"https:\/\/www.instagram.com\/carideal1\/\",\"https:\/\/www.linkedin.com\/in\/nschiavon\/\",\"https:\/\/x.com\/caridealauto\",\"https:\/\/www.youtube.com\/user\/caridealsas\/\"],\"url\":\"https:\/\/www.carideal.com\/blog\/author\/nschiavon\/\"}]}<\/script>\n<!-- \/ Yoast SEO plugin. -->","yoast_head_json":{"title":"Classement Ademe des \u00e9missions de CO2 automobile - Blog auto Carid\u00e9al","description":"Le Classement Ademe des \u00e9missions de CO2 automobile, par pays, par marque et par mod\u00e8le. Les mod\u00e8les ont perdu 19 g\/km en quattre ans.","robots":{"index":"index","follow":"follow","max-snippet":"max-snippet:-1","max-image-preview":"max-image-preview:large","max-video-preview":"max-video-preview:-1"},"canonical":"https:\/\/www.carideal.com\/blog\/2015\/09\/20\/le-classement-de-lademe-des-emissions-de-co2-automobile\/","og_locale":"fr_FR","og_type":"article","og_title":"Classement Ademe des \u00e9missions de CO2 automobile - Blog auto Carid\u00e9al","og_description":"Le Classement Ademe des \u00e9missions de CO2 automobile, par pays, par marque et par mod\u00e8le. Les mod\u00e8les ont perdu 19 g\/km en quattre ans.","og_url":"https:\/\/www.carideal.com\/blog\/2015\/09\/20\/le-classement-de-lademe-des-emissions-de-co2-automobile\/","og_site_name":"Blog auto Carid\u00e9al","article_publisher":"https:\/\/www.facebook.com\/Carideal.mandataire.automobile","article_author":"https:\/\/www.facebook.com\/nicolas.schiavon.39","article_published_time":"2015-09-20T18:12:47+00:00","article_modified_time":"2020-03-08T06:35:29+00:00","og_image":[{"url":"http:\/\/www.carideal.com\/blog\/wp-content\/uploads\/2015\/09\/gaz-CO2-ademe-europetauxco2-carideal-blog-auto-300x266.jpg","type":"","width":"","height":""}],"author":"Nicolas SCHIAVON","twitter_card":"summary_large_image","twitter_creator":"@caridealauto","twitter_site":"@caridealauto","twitter_misc":{"\u00c9crit par":"Nicolas SCHIAVON","Dur\u00e9e de lecture estim\u00e9e":"2 minutes"},"schema":{"@context":"https:\/\/schema.org","@graph":[{"@type":"Article","@id":"https:\/\/www.carideal.com\/blog\/2015\/09\/20\/le-classement-de-lademe-des-emissions-de-co2-automobile\/#article","isPartOf":{"@id":"https:\/\/www.carideal.com\/blog\/2015\/09\/20\/le-classement-de-lademe-des-emissions-de-co2-automobile\/"},"author":{"name":"Nicolas SCHIAVON","@id":"https:\/\/www.carideal.com\/blog\/#\/schema\/person\/cd95dc7919660de90d31b366f85be1ec"},"headline":"Classement Ademe des \u00e9missions de CO2 automobile","datePublished":"2015-09-20T18:12:47+00:00","dateModified":"2020-03-08T06:35:29+00:00","mainEntityOfPage":{"@id":"https:\/\/www.carideal.com\/blog\/2015\/09\/20\/le-classement-de-lademe-des-emissions-de-co2-automobile\/"},"wordCount":448,"commentCount":0,"publisher":{"@id":"https:\/\/www.carideal.com\/blog\/#organization"},"image":{"@id":"https:\/\/www.carideal.com\/blog\/2015\/09\/20\/le-classement-de-lademe-des-emissions-de-co2-automobile\/#primaryimage"},"thumbnailUrl":"http:\/\/www.carideal.com\/blog\/wp-content\/uploads\/2015\/09\/gaz-CO2-ademe-europetauxco2-carideal-blog-auto-300x266.jpg","keywords":["BlueHDI","CO2 \u00e9mission de CO2","PSA"],"articleSection":["Divers","Ecologie","March\u00e9 automobile"],"inLanguage":"fr-FR","potentialAction":[{"@type":"CommentAction","name":"Comment","target":["https:\/\/www.carideal.com\/blog\/2015\/09\/20\/le-classement-de-lademe-des-emissions-de-co2-automobile\/#respond"]}]},{"@type":"WebPage","@id":"https:\/\/www.carideal.com\/blog\/2015\/09\/20\/le-classement-de-lademe-des-emissions-de-co2-automobile\/","url":"https:\/\/www.carideal.com\/blog\/2015\/09\/20\/le-classement-de-lademe-des-emissions-de-co2-automobile\/","name":"Classement Ademe des \u00e9missions de CO2 automobile - Blog auto Carid\u00e9al","isPartOf":{"@id":"https:\/\/www.carideal.com\/blog\/#website"},"primaryImageOfPage":{"@id":"https:\/\/www.carideal.com\/blog\/2015\/09\/20\/le-classement-de-lademe-des-emissions-de-co2-automobile\/#primaryimage"},"image":{"@id":"https:\/\/www.carideal.com\/blog\/2015\/09\/20\/le-classement-de-lademe-des-emissions-de-co2-automobile\/#primaryimage"},"thumbnailUrl":"http:\/\/www.carideal.com\/blog\/wp-content\/uploads\/2015\/09\/gaz-CO2-ademe-europetauxco2-carideal-blog-auto-300x266.jpg","datePublished":"2015-09-20T18:12:47+00:00","dateModified":"2020-03-08T06:35:29+00:00","description":"Le Classement Ademe des \u00e9missions de CO2 automobile, par pays, par marque et par mod\u00e8le. Les mod\u00e8les ont perdu 19 g\/km en quattre ans.","breadcrumb":{"@id":"https:\/\/www.carideal.com\/blog\/2015\/09\/20\/le-classement-de-lademe-des-emissions-de-co2-automobile\/#breadcrumb"},"inLanguage":"fr-FR","potentialAction":[{"@type":"ReadAction","target":["https:\/\/www.carideal.com\/blog\/2015\/09\/20\/le-classement-de-lademe-des-emissions-de-co2-automobile\/"]}]},{"@type":"ImageObject","inLanguage":"fr-FR","@id":"https:\/\/www.carideal.com\/blog\/2015\/09\/20\/le-classement-de-lademe-des-emissions-de-co2-automobile\/#primaryimage","url":"http:\/\/www.carideal.com\/blog\/wp-content\/uploads\/2015\/09\/gaz-CO2-ademe-europetauxco2-carideal-blog-auto-300x266.jpg","contentUrl":"http:\/\/www.carideal.com\/blog\/wp-content\/uploads\/2015\/09\/gaz-CO2-ademe-europetauxco2-carideal-blog-auto-300x266.jpg"},{"@type":"BreadcrumbList","@id":"https:\/\/www.carideal.com\/blog\/2015\/09\/20\/le-classement-de-lademe-des-emissions-de-co2-automobile\/#breadcrumb","itemListElement":[{"@type":"ListItem","position":1,"name":"Blog Carid\u00e9al","item":"https:\/\/www.carideal.com\/blog\/"},{"@type":"ListItem","position":2,"name":"Divers","item":"https:\/\/www.carideal.com\/blog\/divers\/"},{"@type":"ListItem","position":3,"name":"Classement Ademe des \u00e9missions de CO2 automobile"}]},{"@type":"WebSite","@id":"https:\/\/www.carideal.com\/blog\/#website","url":"https:\/\/www.carideal.com\/blog\/","name":"Blog auto Carid\u00e9al","description":"Actualit\u00e9 auto par des passionn\u00e9s","publisher":{"@id":"https:\/\/www.carideal.com\/blog\/#organization"},"potentialAction":[{"@type":"SearchAction","target":{"@type":"EntryPoint","urlTemplate":"https:\/\/www.carideal.com\/blog\/?s={search_term_string}"},"query-input":{"@type":"PropertyValueSpecification","valueRequired":true,"valueName":"search_term_string"}}],"inLanguage":"fr-FR"},{"@type":"Organization","@id":"https:\/\/www.carideal.com\/blog\/#organization","name":"Carideal","url":"https:\/\/www.carideal.com\/blog\/","logo":{"@type":"ImageObject","inLanguage":"fr-FR","@id":"https:\/\/www.carideal.com\/blog\/#\/schema\/logo\/image\/","url":"http:\/\/www.carideal.com\/blog\/wp-content\/uploads\/2016\/03\/logo-carideal-mandataire-automobile.png","contentUrl":"http:\/\/www.carideal.com\/blog\/wp-content\/uploads\/2016\/03\/logo-carideal-mandataire-automobile.png","width":300,"height":300,"caption":"Carideal"},"image":{"@id":"https:\/\/www.carideal.com\/blog\/#\/schema\/logo\/image\/"},"sameAs":["https:\/\/www.facebook.com\/Carideal.mandataire.automobile","https:\/\/x.com\/caridealauto","https:\/\/www.instagram.com\/carideal1\/","https:\/\/www.linkedin.com\/company\/carideal.com","https:\/\/fr.pinterest.com\/schiavonsas\/","https:\/\/www.youtube.com\/user\/caridealsas"]},{"@type":"Person","@id":"https:\/\/www.carideal.com\/blog\/#\/schema\/person\/cd95dc7919660de90d31b366f85be1ec","name":"Nicolas SCHIAVON","image":{"@type":"ImageObject","inLanguage":"fr-FR","@id":"https:\/\/www.carideal.com\/blog\/#\/schema\/person\/image\/","url":"https:\/\/secure.gravatar.com\/avatar\/c17e55009e671d92cc7f5dc837dc418a?s=96&r=g","contentUrl":"https:\/\/secure.gravatar.com\/avatar\/c17e55009e671d92cc7f5dc837dc418a?s=96&r=g","caption":"Nicolas SCHIAVON"},"description":"Nicolas Schiavon est tomb\u00e9 tout petit dans la marmite automobile. Ayant eu un garage de marque automobile, mandataire automobile de la premi\u00e8re heure d\u00e8s 1999. Nicolas a cr\u00e9\u00e9 ces premiers sites de vente de voiture et blog automobile d\u00e8s 1994. Carideal est n\u00e9 le 15 d\u00e9cembre 2000 de la volont\u00e9 de vendre des voitures d'occasions en ligne puis des voitures neuves. Il a pu essayer beaucoup de voitures tr\u00e8s diff\u00e9rentes et ayant eu personnellement quelques belles autos, Subaru Impreza, Mitsubishi Lancer Evo 7, Porsche 911, Ferrari Testarrossa, Audi RS3, RS4 et j'en passe...","sameAs":["http:\/\/www.carideal.com","https:\/\/www.facebook.com\/nicolas.schiavon.39","https:\/\/www.instagram.com\/carideal1\/","https:\/\/www.linkedin.com\/in\/nschiavon\/","https:\/\/x.com\/caridealauto","https:\/\/www.youtube.com\/user\/caridealsas\/"],"url":"https:\/\/www.carideal.com\/blog\/author\/nschiavon\/"}]}},"uagb_featured_image_src":{"full":false,"thumbnail":false,"medium":false,"medium_large":false,"large":false,"1536x1536":false,"2048x2048":false,"wppr-widget":false},"uagb_author_info":{"display_name":"Nicolas SCHIAVON","author_link":"https:\/\/www.carideal.com\/blog\/author\/nschiavon\/"},"uagb_comment_info":2,"uagb_excerpt":"\u00a0Classement Ademe des \u00e9missions de CO2 automobile Pour la troisi\u00e8me ann\u00e9e cons\u00e9cutive, 2013, 2014 et 2015 c'est le constructeur japonais Toyota qui arrive du classement Ademe. Tout les ans l'ADEME Chaque ann\u00e9e, fait son calcul en int\u00e9grant les valeurs de l\u2019Association auxiliaire des automobiles (AAA) et de l\u2019Union Technique de l\u2019Automobile, du motocycle et du\u2026","_links":{"self":[{"href":"https:\/\/www.carideal.com\/blog\/wp-json\/wp\/v2\/posts\/6688"}],"collection":[{"href":"https:\/\/www.carideal.com\/blog\/wp-json\/wp\/v2\/posts"}],"about":[{"href":"https:\/\/www.carideal.com\/blog\/wp-json\/wp\/v2\/types\/post"}],"author":[{"embeddable":true,"href":"https:\/\/www.carideal.com\/blog\/wp-json\/wp\/v2\/users\/3"}],"replies":[{"embeddable":true,"href":"https:\/\/www.carideal.com\/blog\/wp-json\/wp\/v2\/comments?post=6688"}],"version-history":[{"count":0,"href":"https:\/\/www.carideal.com\/blog\/wp-json\/wp\/v2\/posts\/6688\/revisions"}],"wp:attachment":[{"href":"https:\/\/www.carideal.com\/blog\/wp-json\/wp\/v2\/media?parent=6688"}],"wp:term":[{"taxonomy":"category","embeddable":true,"href":"https:\/\/www.carideal.com\/blog\/wp-json\/wp\/v2\/categories?post=6688"},{"taxonomy":"post_tag","embeddable":true,"href":"https:\/\/www.carideal.com\/blog\/wp-json\/wp\/v2\/tags?post=6688"}],"curies":[{"name":"wp","href":"https:\/\/api.w.org\/{rel}","templated":true}]}}