{"id":667,"date":"2008-12-02T14:41:15","date_gmt":"2008-12-02T14:41:15","guid":{"rendered":"http:\/\/carideal.com\/blog\/?p=667"},"modified":"2015-11-10T13:28:27","modified_gmt":"2015-11-10T12:28:27","slug":"automobile-lelysee-envisage-une-prime-a-la-casse-de-1-000-euros","status":"publish","type":"post","link":"https:\/\/www.carideal.com\/blog\/2008\/12\/02\/automobile-lelysee-envisage-une-prime-a-la-casse-de-1-000-euros\/","title":{"rendered":"Automobile: l&rsquo;Elys\u00e9e envisage une \u00ab\u00a0prime \u00e0 la casse\u00a0\u00bb de 1.000 euros"},"content":{"rendered":"<p><img decoding=\"async\" src=\"\/blog\/images\/nicolas_sarkozy_carideal.jpg\" alt=\"\" \/><\/p>\n<p>Automobile: l'Elys\u00e9e envisage une \"prime \u00e0 la casse\" de 1.000 euros<\/p>\n<p>Le pr\u00e9sident Sarkozy devrait annoncer le 4 D\u00e9cembre dans le cadre du plan de relance de l'\u00e9conomie une \"prime \u00e0 la casse\" de 1.000 euros pour soutenir le march\u00e9 automobile et encourager la mise au rebut des v\u00e9hicules anciens et polluants.<\/p>\n<p>Un syst\u00e8me de \"super-bonus\" a \u00e9t\u00e9 mis en place \u00e0 la suite du Grenelle de l'environnement pour encourager les Fran\u00e7ais \u00e0 se d\u00e9barrasser de leur vieille voiture, en plus du bonus-malus \u00e9cologique. Fiasco et gabegie financi\u00e8re puis que le syst\u00e8me mis en place co\u00fbte des centaines de millions d'Euros. D'un montant de 300 euros, ce \"super-bonus\" est vers\u00e9 \u00e0 tout acheteur d'un \"v\u00e9hicule \u00e9cologique\" qui accepte en parall\u00e8le la mise au rebut d'un v\u00e9hicule de plus 15 ans.<\/p>\n<p>Quand on sait que la moyenne des voitures neuves vendues aujourd'hui emettent 140g de CO2 par km, que le parc moyen automobile fran\u00e7ais a 8 ans d'age, que la moyenne des \u00e9missions de co2 il y a 8 ans \u00e9tait de 180 g, et donc \u00e0 ce jour avec l'usure on a largement d\u00e9pass\u00e9 les 200 g par kilom\u00e8tre, on se demande pourquoi le grenelle de l'environnement avait accouch\u00e9 d'une telle \u00e2nerie !<\/p>\n<p>La nouvelle prime \u00e0 la casse, dont le co\u00fbt global est estim\u00e9 \u00e0 200 millions d'euros, se combinerait avec le dispositif du bonus-malus, qui vise \u00e0 encourager l'achat de v\u00e9hicules respectueux de l'environnement. Reste \u00e0 savoir si cela concernera les voitures d'occasions aussi.<\/p>\n","protected":false},"excerpt":{"rendered":"<p>Automobile: l&rsquo;Elys\u00e9e envisage une \u00ab\u00a0prime \u00e0 la casse\u00a0\u00bb de 1.000 euros Le pr\u00e9sident Sarkozy devrait annoncer le 4 D\u00e9cembre dans le cadre du plan de relance de l&rsquo;\u00e9conomie une \u00ab\u00a0prime \u00e0 la casse\u00a0\u00bb de 1.000 euros pour soutenir le march\u00e9 automobile et encourager la mise au rebut des v\u00e9hicules anciens et polluants. Un syst\u00e8me de &#8230; <a title=\"Automobile: l&rsquo;Elys\u00e9e envisage une \u00ab\u00a0prime \u00e0 la casse\u00a0\u00bb de 1.000 euros\" class=\"read-more\" href=\"https:\/\/www.carideal.com\/blog\/2008\/12\/02\/automobile-lelysee-envisage-une-prime-a-la-casse-de-1-000-euros\/\" aria-label=\"En savoir plus sur Automobile: l&rsquo;Elys\u00e9e envisage une \u00ab\u00a0prime \u00e0 la casse\u00a0\u00bb de 1.000 euros\">Lire plus<\/a><\/p>\n","protected":false},"author":1,"featured_media":0,"comment_status":"open","ping_status":"open","sticky":false,"template":"","format":"standard","meta":{"_uag_custom_page_level_css":"","_themeisle_gutenberg_block_has_review":false,"footnotes":""},"categories":[10],"tags":[248,60,255],"class_list":["post-667","post","type-post","status-publish","format-standard","hentry","category-marche-automobile-voiture-neuve-occasion-4x4-suv","tag-bonus-malus","tag-co2","tag-prime-a-la-casse"],"wppr_data":[],"yoast_head":"<!-- This site is optimized with the Yoast SEO plugin v24.8.1 - https:\/\/yoast.com\/wordpress\/plugins\/seo\/ -->\n<title>Automobile: l&#039;Elys\u00e9e envisage une &quot;prime \u00e0 la casse&quot; de 1.000 euros - Blog auto Carid\u00e9al<\/title>\n<meta name=\"robots\" content=\"index, follow, max-snippet:-1, max-image-preview:large, max-video-preview:-1\" \/>\n<link rel=\"canonical\" href=\"https:\/\/www.carideal.com\/blog\/2008\/12\/02\/automobile-lelysee-envisage-une-prime-a-la-casse-de-1-000-euros\/\" \/>\n<meta property=\"og:locale\" content=\"fr_FR\" \/>\n<meta property=\"og:type\" content=\"article\" \/>\n<meta property=\"og:title\" content=\"Automobile: l&#039;Elys\u00e9e envisage une &quot;prime \u00e0 la casse&quot; de 1.000 euros - Blog auto Carid\u00e9al\" \/>\n<meta property=\"og:description\" content=\"Automobile: l&#039;Elys\u00e9e envisage une &quot;prime \u00e0 la casse&quot; de 1.000 euros Le pr\u00e9sident Sarkozy devrait annoncer le 4 D\u00e9cembre dans le cadre du plan de relance de l&#039;\u00e9conomie une &quot;prime \u00e0 la casse&quot; de 1.000 euros pour soutenir le march\u00e9 automobile et encourager la mise au rebut des v\u00e9hicules anciens et polluants. Un syst\u00e8me de ... Lire plus\" \/>\n<meta property=\"og:url\" content=\"https:\/\/www.carideal.com\/blog\/2008\/12\/02\/automobile-lelysee-envisage-une-prime-a-la-casse-de-1-000-euros\/\" \/>\n<meta property=\"og:site_name\" content=\"Blog auto Carid\u00e9al\" \/>\n<meta property=\"article:publisher\" content=\"https:\/\/www.facebook.com\/Carideal.mandataire.automobile\" \/>\n<meta property=\"article:author\" content=\"https:\/\/www.facebook.com\/Carideal.mandataire.automobile\/\" \/>\n<meta property=\"article:published_time\" content=\"2008-12-02T14:41:15+00:00\" \/>\n<meta property=\"article:modified_time\" content=\"2015-11-10T12:28:27+00:00\" \/>\n<meta property=\"og:image\" content=\"https:\/\/www.carideal.com\/blog\/wp-content\/uploads\/2016\/03\/logo-carideal-mandataire-automobile.png\" \/>\n\t<meta property=\"og:image:width\" content=\"300\" \/>\n\t<meta property=\"og:image:height\" content=\"300\" \/>\n\t<meta property=\"og:image:type\" content=\"image\/png\" \/>\n<meta name=\"author\" content=\"N.S Carideal\" \/>\n<meta name=\"twitter:card\" content=\"summary_large_image\" \/>\n<meta name=\"twitter:creator\" content=\"@caridealauto\" \/>\n<meta name=\"twitter:site\" content=\"@caridealauto\" \/>\n<meta name=\"twitter:label1\" content=\"\u00c9crit par\" \/>\n\t<meta name=\"twitter:data1\" content=\"N.S Carideal\" \/>\n\t<meta name=\"twitter:label2\" content=\"Dur\u00e9e de lecture estim\u00e9e\" \/>\n\t<meta name=\"twitter:data2\" content=\"1 minute\" \/>\n<script type=\"application\/ld+json\" class=\"yoast-schema-graph\">{\"@context\":\"https:\/\/schema.org\",\"@graph\":[{\"@type\":\"Article\",\"@id\":\"https:\/\/www.carideal.com\/blog\/2008\/12\/02\/automobile-lelysee-envisage-une-prime-a-la-casse-de-1-000-euros\/#article\",\"isPartOf\":{\"@id\":\"https:\/\/www.carideal.com\/blog\/2008\/12\/02\/automobile-lelysee-envisage-une-prime-a-la-casse-de-1-000-euros\/\"},\"author\":{\"name\":\"N.S Carideal\",\"@id\":\"https:\/\/www.carideal.com\/blog\/#\/schema\/person\/985c7e757d1042d647f21bfaf8d41ebc\"},\"headline\":\"Automobile: l&rsquo;Elys\u00e9e envisage une \u00ab\u00a0prime \u00e0 la casse\u00a0\u00bb de 1.000 euros\",\"datePublished\":\"2008-12-02T14:41:15+00:00\",\"dateModified\":\"2015-11-10T12:28:27+00:00\",\"mainEntityOfPage\":{\"@id\":\"https:\/\/www.carideal.com\/blog\/2008\/12\/02\/automobile-lelysee-envisage-une-prime-a-la-casse-de-1-000-euros\/\"},\"wordCount\":254,\"commentCount\":0,\"publisher\":{\"@id\":\"https:\/\/www.carideal.com\/blog\/#organization\"},\"keywords\":[\"Bonus malus\",\"CO2 \u00e9mission de CO2\",\"prime \u00e0 la casse\"],\"articleSection\":[\"March\u00e9 automobile\"],\"inLanguage\":\"fr-FR\",\"potentialAction\":[{\"@type\":\"CommentAction\",\"name\":\"Comment\",\"target\":[\"https:\/\/www.carideal.com\/blog\/2008\/12\/02\/automobile-lelysee-envisage-une-prime-a-la-casse-de-1-000-euros\/#respond\"]}]},{\"@type\":\"WebPage\",\"@id\":\"https:\/\/www.carideal.com\/blog\/2008\/12\/02\/automobile-lelysee-envisage-une-prime-a-la-casse-de-1-000-euros\/\",\"url\":\"https:\/\/www.carideal.com\/blog\/2008\/12\/02\/automobile-lelysee-envisage-une-prime-a-la-casse-de-1-000-euros\/\",\"name\":\"Automobile: l'Elys\u00e9e envisage une \\\"prime \u00e0 la casse\\\" de 1.000 euros - Blog auto Carid\u00e9al\",\"isPartOf\":{\"@id\":\"https:\/\/www.carideal.com\/blog\/#website\"},\"datePublished\":\"2008-12-02T14:41:15+00:00\",\"dateModified\":\"2015-11-10T12:28:27+00:00\",\"breadcrumb\":{\"@id\":\"https:\/\/www.carideal.com\/blog\/2008\/12\/02\/automobile-lelysee-envisage-une-prime-a-la-casse-de-1-000-euros\/#breadcrumb\"},\"inLanguage\":\"fr-FR\",\"potentialAction\":[{\"@type\":\"ReadAction\",\"target\":[\"https:\/\/www.carideal.com\/blog\/2008\/12\/02\/automobile-lelysee-envisage-une-prime-a-la-casse-de-1-000-euros\/\"]}]},{\"@type\":\"BreadcrumbList\",\"@id\":\"https:\/\/www.carideal.com\/blog\/2008\/12\/02\/automobile-lelysee-envisage-une-prime-a-la-casse-de-1-000-euros\/#breadcrumb\",\"itemListElement\":[{\"@type\":\"ListItem\",\"position\":1,\"name\":\"Blog Carid\u00e9al\",\"item\":\"https:\/\/www.carideal.com\/blog\/\"},{\"@type\":\"ListItem\",\"position\":2,\"name\":\"March\u00e9 automobile\",\"item\":\"https:\/\/www.carideal.com\/blog\/marche-automobile-voiture-neuve-occasion-4x4-suv\/\"},{\"@type\":\"ListItem\",\"position\":3,\"name\":\"Automobile: l&rsquo;Elys\u00e9e envisage une \u00ab\u00a0prime \u00e0 la casse\u00a0\u00bb de 1.000 euros\"}]},{\"@type\":\"WebSite\",\"@id\":\"https:\/\/www.carideal.com\/blog\/#website\",\"url\":\"https:\/\/www.carideal.com\/blog\/\",\"name\":\"Blog auto Carid\u00e9al\",\"description\":\"Actualit\u00e9 auto par des passionn\u00e9s\",\"publisher\":{\"@id\":\"https:\/\/www.carideal.com\/blog\/#organization\"},\"potentialAction\":[{\"@type\":\"SearchAction\",\"target\":{\"@type\":\"EntryPoint\",\"urlTemplate\":\"https:\/\/www.carideal.com\/blog\/?s={search_term_string}\"},\"query-input\":{\"@type\":\"PropertyValueSpecification\",\"valueRequired\":true,\"valueName\":\"search_term_string\"}}],\"inLanguage\":\"fr-FR\"},{\"@type\":\"Organization\",\"@id\":\"https:\/\/www.carideal.com\/blog\/#organization\",\"name\":\"Carideal\",\"url\":\"https:\/\/www.carideal.com\/blog\/\",\"logo\":{\"@type\":\"ImageObject\",\"inLanguage\":\"fr-FR\",\"@id\":\"https:\/\/www.carideal.com\/blog\/#\/schema\/logo\/image\/\",\"url\":\"http:\/\/www.carideal.com\/blog\/wp-content\/uploads\/2016\/03\/logo-carideal-mandataire-automobile.png\",\"contentUrl\":\"http:\/\/www.carideal.com\/blog\/wp-content\/uploads\/2016\/03\/logo-carideal-mandataire-automobile.png\",\"width\":300,\"height\":300,\"caption\":\"Carideal\"},\"image\":{\"@id\":\"https:\/\/www.carideal.com\/blog\/#\/schema\/logo\/image\/\"},\"sameAs\":[\"https:\/\/www.facebook.com\/Carideal.mandataire.automobile\",\"https:\/\/x.com\/caridealauto\",\"https:\/\/www.instagram.com\/carideal1\/\",\"https:\/\/www.linkedin.com\/company\/carideal.com\",\"https:\/\/fr.pinterest.com\/schiavonsas\/\",\"https:\/\/www.youtube.com\/user\/caridealsas\"]},{\"@type\":\"Person\",\"@id\":\"https:\/\/www.carideal.com\/blog\/#\/schema\/person\/985c7e757d1042d647f21bfaf8d41ebc\",\"name\":\"N.S Carideal\",\"image\":{\"@type\":\"ImageObject\",\"inLanguage\":\"fr-FR\",\"@id\":\"https:\/\/www.carideal.com\/blog\/#\/schema\/person\/image\/\",\"url\":\"https:\/\/secure.gravatar.com\/avatar\/edb7ccdf1a4e3d14aef967760d354d0e?s=96&r=g\",\"contentUrl\":\"https:\/\/secure.gravatar.com\/avatar\/edb7ccdf1a4e3d14aef967760d354d0e?s=96&r=g\",\"caption\":\"N.S Carideal\"},\"description\":\"Depuis tout petit fan d'automobile. Il est question d'essayer et de comparer toutes ces voitures qui nous ont fait r\u00e9ver, avant que celles-ci ne devient uniquement des voitures de collection.\",\"sameAs\":[\"http:\/\/www.carideal.com\/blog\",\"https:\/\/www.facebook.com\/Carideal.mandataire.automobile\/\",\"https:\/\/www.linkedin.com\/in\/nschiavon\/\",\"https:\/\/www.youtube.com\/user\/caridealsas\/\"],\"url\":\"https:\/\/www.carideal.com\/blog\/author\/admin_carideal\/\"}]}<\/script>\n<!-- \/ Yoast SEO plugin. -->","yoast_head_json":{"title":"Automobile: l'Elys\u00e9e envisage une \"prime \u00e0 la casse\" de 1.000 euros - Blog auto Carid\u00e9al","robots":{"index":"index","follow":"follow","max-snippet":"max-snippet:-1","max-image-preview":"max-image-preview:large","max-video-preview":"max-video-preview:-1"},"canonical":"https:\/\/www.carideal.com\/blog\/2008\/12\/02\/automobile-lelysee-envisage-une-prime-a-la-casse-de-1-000-euros\/","og_locale":"fr_FR","og_type":"article","og_title":"Automobile: l'Elys\u00e9e envisage une \"prime \u00e0 la casse\" de 1.000 euros - Blog auto Carid\u00e9al","og_description":"Automobile: l'Elys\u00e9e envisage une \"prime \u00e0 la casse\" de 1.000 euros Le pr\u00e9sident Sarkozy devrait annoncer le 4 D\u00e9cembre dans le cadre du plan de relance de l'\u00e9conomie une \"prime \u00e0 la casse\" de 1.000 euros pour soutenir le march\u00e9 automobile et encourager la mise au rebut des v\u00e9hicules anciens et polluants. Un syst\u00e8me de ... Lire plus","og_url":"https:\/\/www.carideal.com\/blog\/2008\/12\/02\/automobile-lelysee-envisage-une-prime-a-la-casse-de-1-000-euros\/","og_site_name":"Blog auto Carid\u00e9al","article_publisher":"https:\/\/www.facebook.com\/Carideal.mandataire.automobile","article_author":"https:\/\/www.facebook.com\/Carideal.mandataire.automobile\/","article_published_time":"2008-12-02T14:41:15+00:00","article_modified_time":"2015-11-10T12:28:27+00:00","og_image":[{"width":300,"height":300,"url":"https:\/\/www.carideal.com\/blog\/wp-content\/uploads\/2016\/03\/logo-carideal-mandataire-automobile.png","type":"image\/png"}],"author":"N.S Carideal","twitter_card":"summary_large_image","twitter_creator":"@caridealauto","twitter_site":"@caridealauto","twitter_misc":{"\u00c9crit par":"N.S Carideal","Dur\u00e9e de lecture estim\u00e9e":"1 minute"},"schema":{"@context":"https:\/\/schema.org","@graph":[{"@type":"Article","@id":"https:\/\/www.carideal.com\/blog\/2008\/12\/02\/automobile-lelysee-envisage-une-prime-a-la-casse-de-1-000-euros\/#article","isPartOf":{"@id":"https:\/\/www.carideal.com\/blog\/2008\/12\/02\/automobile-lelysee-envisage-une-prime-a-la-casse-de-1-000-euros\/"},"author":{"name":"N.S Carideal","@id":"https:\/\/www.carideal.com\/blog\/#\/schema\/person\/985c7e757d1042d647f21bfaf8d41ebc"},"headline":"Automobile: l&rsquo;Elys\u00e9e envisage une \u00ab\u00a0prime \u00e0 la casse\u00a0\u00bb de 1.000 euros","datePublished":"2008-12-02T14:41:15+00:00","dateModified":"2015-11-10T12:28:27+00:00","mainEntityOfPage":{"@id":"https:\/\/www.carideal.com\/blog\/2008\/12\/02\/automobile-lelysee-envisage-une-prime-a-la-casse-de-1-000-euros\/"},"wordCount":254,"commentCount":0,"publisher":{"@id":"https:\/\/www.carideal.com\/blog\/#organization"},"keywords":["Bonus malus","CO2 \u00e9mission de CO2","prime \u00e0 la casse"],"articleSection":["March\u00e9 automobile"],"inLanguage":"fr-FR","potentialAction":[{"@type":"CommentAction","name":"Comment","target":["https:\/\/www.carideal.com\/blog\/2008\/12\/02\/automobile-lelysee-envisage-une-prime-a-la-casse-de-1-000-euros\/#respond"]}]},{"@type":"WebPage","@id":"https:\/\/www.carideal.com\/blog\/2008\/12\/02\/automobile-lelysee-envisage-une-prime-a-la-casse-de-1-000-euros\/","url":"https:\/\/www.carideal.com\/blog\/2008\/12\/02\/automobile-lelysee-envisage-une-prime-a-la-casse-de-1-000-euros\/","name":"Automobile: l'Elys\u00e9e envisage une \"prime \u00e0 la casse\" de 1.000 euros - Blog auto Carid\u00e9al","isPartOf":{"@id":"https:\/\/www.carideal.com\/blog\/#website"},"datePublished":"2008-12-02T14:41:15+00:00","dateModified":"2015-11-10T12:28:27+00:00","breadcrumb":{"@id":"https:\/\/www.carideal.com\/blog\/2008\/12\/02\/automobile-lelysee-envisage-une-prime-a-la-casse-de-1-000-euros\/#breadcrumb"},"inLanguage":"fr-FR","potentialAction":[{"@type":"ReadAction","target":["https:\/\/www.carideal.com\/blog\/2008\/12\/02\/automobile-lelysee-envisage-une-prime-a-la-casse-de-1-000-euros\/"]}]},{"@type":"BreadcrumbList","@id":"https:\/\/www.carideal.com\/blog\/2008\/12\/02\/automobile-lelysee-envisage-une-prime-a-la-casse-de-1-000-euros\/#breadcrumb","itemListElement":[{"@type":"ListItem","position":1,"name":"Blog Carid\u00e9al","item":"https:\/\/www.carideal.com\/blog\/"},{"@type":"ListItem","position":2,"name":"March\u00e9 automobile","item":"https:\/\/www.carideal.com\/blog\/marche-automobile-voiture-neuve-occasion-4x4-suv\/"},{"@type":"ListItem","position":3,"name":"Automobile: l&rsquo;Elys\u00e9e envisage une \u00ab\u00a0prime \u00e0 la casse\u00a0\u00bb de 1.000 euros"}]},{"@type":"WebSite","@id":"https:\/\/www.carideal.com\/blog\/#website","url":"https:\/\/www.carideal.com\/blog\/","name":"Blog auto Carid\u00e9al","description":"Actualit\u00e9 auto par des passionn\u00e9s","publisher":{"@id":"https:\/\/www.carideal.com\/blog\/#organization"},"potentialAction":[{"@type":"SearchAction","target":{"@type":"EntryPoint","urlTemplate":"https:\/\/www.carideal.com\/blog\/?s={search_term_string}"},"query-input":{"@type":"PropertyValueSpecification","valueRequired":true,"valueName":"search_term_string"}}],"inLanguage":"fr-FR"},{"@type":"Organization","@id":"https:\/\/www.carideal.com\/blog\/#organization","name":"Carideal","url":"https:\/\/www.carideal.com\/blog\/","logo":{"@type":"ImageObject","inLanguage":"fr-FR","@id":"https:\/\/www.carideal.com\/blog\/#\/schema\/logo\/image\/","url":"http:\/\/www.carideal.com\/blog\/wp-content\/uploads\/2016\/03\/logo-carideal-mandataire-automobile.png","contentUrl":"http:\/\/www.carideal.com\/blog\/wp-content\/uploads\/2016\/03\/logo-carideal-mandataire-automobile.png","width":300,"height":300,"caption":"Carideal"},"image":{"@id":"https:\/\/www.carideal.com\/blog\/#\/schema\/logo\/image\/"},"sameAs":["https:\/\/www.facebook.com\/Carideal.mandataire.automobile","https:\/\/x.com\/caridealauto","https:\/\/www.instagram.com\/carideal1\/","https:\/\/www.linkedin.com\/company\/carideal.com","https:\/\/fr.pinterest.com\/schiavonsas\/","https:\/\/www.youtube.com\/user\/caridealsas"]},{"@type":"Person","@id":"https:\/\/www.carideal.com\/blog\/#\/schema\/person\/985c7e757d1042d647f21bfaf8d41ebc","name":"N.S Carideal","image":{"@type":"ImageObject","inLanguage":"fr-FR","@id":"https:\/\/www.carideal.com\/blog\/#\/schema\/person\/image\/","url":"https:\/\/secure.gravatar.com\/avatar\/edb7ccdf1a4e3d14aef967760d354d0e?s=96&r=g","contentUrl":"https:\/\/secure.gravatar.com\/avatar\/edb7ccdf1a4e3d14aef967760d354d0e?s=96&r=g","caption":"N.S Carideal"},"description":"Depuis tout petit fan d'automobile. Il est question d'essayer et de comparer toutes ces voitures qui nous ont fait r\u00e9ver, avant que celles-ci ne devient uniquement des voitures de collection.","sameAs":["http:\/\/www.carideal.com\/blog","https:\/\/www.facebook.com\/Carideal.mandataire.automobile\/","https:\/\/www.linkedin.com\/in\/nschiavon\/","https:\/\/www.youtube.com\/user\/caridealsas\/"],"url":"https:\/\/www.carideal.com\/blog\/author\/admin_carideal\/"}]}},"uagb_featured_image_src":{"full":false,"thumbnail":false,"medium":false,"medium_large":false,"large":false,"1536x1536":false,"2048x2048":false,"wppr-widget":false},"uagb_author_info":{"display_name":"N.S Carideal","author_link":"https:\/\/www.carideal.com\/blog\/author\/admin_carideal\/"},"uagb_comment_info":0,"uagb_excerpt":"Automobile: l'Elys\u00e9e envisage une \"prime \u00e0 la casse\" de 1.000 euros Le pr\u00e9sident Sarkozy devrait annoncer le 4 D\u00e9cembre dans le cadre du plan de relance de l'\u00e9conomie une \"prime \u00e0 la casse\" de 1.000 euros pour soutenir le march\u00e9 automobile et encourager la mise au rebut des v\u00e9hicules anciens et polluants. Un syst\u00e8me de\u2026","_links":{"self":[{"href":"https:\/\/www.carideal.com\/blog\/wp-json\/wp\/v2\/posts\/667"}],"collection":[{"href":"https:\/\/www.carideal.com\/blog\/wp-json\/wp\/v2\/posts"}],"about":[{"href":"https:\/\/www.carideal.com\/blog\/wp-json\/wp\/v2\/types\/post"}],"author":[{"embeddable":true,"href":"https:\/\/www.carideal.com\/blog\/wp-json\/wp\/v2\/users\/1"}],"replies":[{"embeddable":true,"href":"https:\/\/www.carideal.com\/blog\/wp-json\/wp\/v2\/comments?post=667"}],"version-history":[{"count":0,"href":"https:\/\/www.carideal.com\/blog\/wp-json\/wp\/v2\/posts\/667\/revisions"}],"wp:attachment":[{"href":"https:\/\/www.carideal.com\/blog\/wp-json\/wp\/v2\/media?parent=667"}],"wp:term":[{"taxonomy":"category","embeddable":true,"href":"https:\/\/www.carideal.com\/blog\/wp-json\/wp\/v2\/categories?post=667"},{"taxonomy":"post_tag","embeddable":true,"href":"https:\/\/www.carideal.com\/blog\/wp-json\/wp\/v2\/tags?post=667"}],"curies":[{"name":"wp","href":"https:\/\/api.w.org\/{rel}","templated":true}]}}