{"id":6661,"date":"2015-09-18T18:05:06","date_gmt":"2015-09-18T16:05:06","guid":{"rendered":"http:\/\/www.carideal.com\/blog\/?p=6661"},"modified":"2020-12-10T16:33:48","modified_gmt":"2020-12-10T15:33:48","slug":"nouveau-kia-sportage-2016","status":"publish","type":"post","link":"https:\/\/www.carideal.com\/blog\/2015\/09\/18\/nouveau-kia-sportage-2016\/","title":{"rendered":"Nouveau Kia Sportage 2016 : pr\u00e9sentation"},"content":{"rendered":"\n<h1 class=\"wp-block-heading\">Nouveau Kia Sportage 2016 au Salon de Francfort<\/h1>\n\n\n\n<p><a href=\"http:\/\/www.carideal.com\/blog\/marque-de-voiture-actualites-essais\/kia\/\">Kia<\/a> vient de d\u00e9voiler\u00a0son nouveau <strong>Kia Sportage 2016<\/strong> au <a href=\"http:\/\/www.carideal.com\/blog\/2009\/09\/22\/nouvelle-citroen-c3-3\/\">salon de Francfort<\/a>. Le mod\u00e8le a bien chang\u00e9 depuis 2010 la grosse diff\u00e9rence vient de sa grosse fa\u00e7ade avant. Il y aura aussi une version sportive nomm\u00e9e GT. Rien de surprenant qu'il soit pr\u00e9sent\u00e9 quasiment en m\u00eame temps que le Nouveau <a href=\"http:\/\/www.carideal.com\/blog\/marque-de-voiture-actualites-essais\/hyundai\/tucson\/\">Hyundai Tucson<\/a>, ils partagent tous les deux la m\u00eame plate\u00adforme technique et les moteurs. <\/p>\n\n\n\n<p>On pourra choisir\u00a0entre les essence 1.6 GDI de 132 ch et le 1.6 T-GDI de 177 ch avec la nouvelle boite de vitesse \u00e0 double embrayage DC17, en diesel on aura le choix entre le 1.7 CRDI de 115 ch, le 2.0 CRDI de 136 et le185 ch en\u00a0BVA. Il sera disponible en deux et quatre roues motrices selon la motorisation.<\/p>\n\n\n\n<h2 class=\"wp-block-heading\">La gamme du nouveau Kia Sportage 2016<\/h2>\n\n\n\n<div class=\"wp-block-image\"><figure class=\"alignleft size-full\"><a href=\"http:\/\/www.carideal.com\/blog\/wp-content\/uploads\/2015\/09\/kia-sportage-2016-int.jpg\"><img loading=\"lazy\" decoding=\"async\" width=\"438\" height=\"270\" src=\"http:\/\/www.carideal.com\/blog\/wp-content\/uploads\/2015\/09\/kia-sportage-2016-int.jpg\" alt=\"kia sportage 2016 int\u00e9rieur\" class=\"wp-image-11344\" srcset=\"https:\/\/www.carideal.com\/blog\/wp-content\/uploads\/2015\/09\/kia-sportage-2016-int.jpg 438w, https:\/\/www.carideal.com\/blog\/wp-content\/uploads\/2015\/09\/kia-sportage-2016-int-300x185.jpg 300w\" sizes=\"(max-width: 438px) 100vw, 438px\" \/><\/a><figcaption>kia sportage 2016 int\u00e9rieur<\/figcaption><\/figure><\/div>\n\n\n\n<p>Le nouveau Kia Sportage 2016 est disponible sur le march\u00e9 fran\u00e7ais autour d'une gamme \u00e9tendue : deux moteurs essences de 132 et 177 ch et de trois diesels de 115, 136 et 185 ch. Le Nouveau Kia Sportage 2016 sera aussi disponible en boite automatique et en transmission 4x4.<\/p>\n\n\n\n<p>Le nouveau Kia Sportage 2016 existe en quatre finitions :<\/p>\n\n\n\n<h3 class=\"wp-block-heading\">Kia Sportage Motion<\/h3>\n\n\n\n<p>La finition <strong>Motion<\/strong> est propos\u00e9e avec les moteurs les moins puissants en essence 1.6 GDI 132 et 1.7 CRDI 115. Les \u00e9quipements de cette version fran\u00e7aise sont la climatisation, les jantes alu le r\u00e9gulateur de vitesse etc. Les tarifs du Kia Sportage 2016 sont tr\u00e8s comp\u00e9titifs, dans cette version, le Sportage 1.7 CRDI Motion est propos\u00e9 au prix de 25000 \u20ac ce qui est moins cher que la concurrence. Un <a href=\"http:\/\/www.carideal.com\/blog\/2015\/03\/29\/renault-kadjar-2\/\">Renault Kadjar<\/a> sera vendu 27000 \u20ac soit 2000 \u20ac plus cher.<\/p>\n\n\n\n<h3 class=\"wp-block-heading\">Kia Sportage Active<\/h3>\n\n\n\n<p>Avec&nbsp;cette finition Active, le client aura le choix de la motorisation CRDI 136, de la boite automatique et de la transmission 4x4. La finition Active est factur\u00e9 3900 \u20ac de plus que la finition Motion. Pour ce prix, vous avez la climatisation automatique bi-zone, le GPS avec \u00e9cran tactile de 7 pouces, la cam\u00e9ra de recul, l'alerte de franchissement de ligne, la reconnaissance des panneaux etc. Soit un \u00e9quipement tr\u00e8s complet.<\/p>\n\n\n\n<p>Face \u00e0 la concurrence le Kia Sportage b\u00e9n\u00e9ficie toujours du <a href=\"http:\/\/www.carideal.com\/blog\/2020\/12\/10\/meilleur-rapport-qualite-prix-des-voitures\/\">meilleur rapport qualit\u00e9 prix<\/a>.<\/p>\n\n\n\n<ul class=\"wp-block-list\"><li>Trouvez votre voiture d'occasion sur Carideal <a href=\"http:\/\/www.carideal.com\/\">mandataire auto<\/a><\/li><\/ul>\n\n\n\n<h3 class=\"wp-block-heading\">Le haut de gamme Kia Sportage GT Line et premium<\/h3>\n\n\n\n<p>Le haut de gamme du Kia Sportage 2016 se divise en deux vision du SUV : Le <strong>Kia Sportage 2016 GT Line<\/strong>, la version sportive avec ses boucliers sp\u00e9cifiques et ses doubles sorties d'\u00e9chappement et le <strong>Sportage Premium.<\/strong>&nbsp;Le Kia Sportage 2016 Premium est \u00e9quip\u00e9 de la Hifi JBL, de l'\u00e9cran tactile 8\", des si\u00e8ges \u00e9lectriques et chauffants, des phares au x\u00e9non etc. le client pourra choisir le moteur CRDI 185 ch en sortant tout de m\u00eame presque 40000 \u20ac.<\/p>\n\n\n\n<h2 class=\"wp-block-heading\">Les prix du nouveau Kia Sportage 2016<\/h2>\n\n\n\n<p>Ci apr\u00e8s la liste des Prix du nouveau Kia Sportage 2016 en concession.<\/p>\n\n\n\n<pre class=\"wp-block-preformatted\">Trouvez le nouveau Kia Sportage 2016 sur Carideal.com mandataire Kia Sportage<\/pre>\n\n\n\n<h3 class=\"wp-block-heading\">Essence :<\/h3>\n\n\n\n<p>1.6 GDI 132* BVM6 4x2 Motion : 23.000\u20ac<br>1.6 GDI 132* BVM6 4x2 Active : 26.900\u20ac<\/p>\n\n\n\n<p>1.6 T-GDI 177 DCT7 4x4 GT Line : 34.400\u20ac<\/p>\n\n\n\n<h3 class=\"wp-block-heading\">Diesel :<\/h3>\n\n\n\n<p>1.7 CRDI 115* BVM6 4X2 Motion : 25.000\u20ac<br>1.7 CRDI 115* BVM6 4X2 Active : 28.900\u20ac<br>1.7 CRDI 115* BVM6 4X2 Premium : 33.500\u20ac<\/p>\n\n\n\n<p>2.0 CRDI 136* BVM6 4X2 Active : 30.900\u20ac<br>2.0 CRDI 136* BVM6 4X2 GT Line : 32.700\u20ac<br>2.0 CRDI 136* BVM6 4X2 Premium : 35.500\u20ac<\/p>\n\n\n\n<p>2.0 CRDI 136* BVM6 4X4 Active : 32.900\u20ac (BVA6 + 1500\u20ac)<br>2.0 CRDI 136* BVM6 4X4 GT Line : 34.700\u20ac (BVA6 + 1500\u20ac)<br>2.0 CRDI 136* BVM6 4X4 Premium : 37.500\u20ac (BVA6 + 1500\u20ac)<\/p>\n\n\n\n<p>2.0 CRDI 185 BVA6 4X4 GT Line : 37.700\u20ac<br>2.0 CRDI 185 BVA6 4X4 Premium : 40.500\u20ac<\/p>\n\n\n\n<p>Articles similaires<\/p>\n\n\n\n\n\n<h2 class=\"wp-block-heading\">Vid\u00e9o du nouveau Hyundai Tucson 2016<\/h2>\n\n\n\n<figure class=\"wp-block-embed is-type-rich is-provider-prise-en-charge-des-contenus-embarques wp-block-embed-prise-en-charge-des-contenus-embarques wp-embed-aspect-16-9 wp-has-aspect-ratio\"><div class=\"wp-block-embed__wrapper\">\n<iframe loading=\"lazy\" title=\"Kia Sportage 2016 [ESSAI VIDEO] : De plus en plus d\u00e9sirable ?\" width=\"1200\" height=\"675\" src=\"https:\/\/www.youtube.com\/embed\/gDzly2906uc?feature=oembed\" frameborder=\"0\" allow=\"accelerometer; autoplay; clipboard-write; encrypted-media; gyroscope; picture-in-picture; web-share\" allowfullscreen><\/iframe>\n<\/div><\/figure>\n","protected":false},"excerpt":{"rendered":"<p>Nouveau Kia Sportage 2016 au Salon de Francfort Kia vient de d\u00e9voiler\u00a0son nouveau Kia Sportage 2016 au salon de Francfort. Le mod\u00e8le a bien chang\u00e9 depuis 2010 la grosse diff\u00e9rence vient de sa grosse fa\u00e7ade avant. Il y aura aussi une version sportive nomm\u00e9e GT. Rien de surprenant qu&rsquo;il soit pr\u00e9sent\u00e9 quasiment en m\u00eame temps &#8230; <a title=\"Nouveau Kia Sportage 2016 : pr\u00e9sentation\" class=\"read-more\" href=\"https:\/\/www.carideal.com\/blog\/2015\/09\/18\/nouveau-kia-sportage-2016\/\" aria-label=\"En savoir plus sur Nouveau Kia Sportage 2016 : pr\u00e9sentation\">Lire plus<\/a><\/p>\n","protected":false},"author":3,"featured_media":6662,"comment_status":"open","ping_status":"open","sticky":false,"template":"","format":"standard","meta":{"_uag_custom_page_level_css":"","_themeisle_gutenberg_block_has_review":false,"footnotes":""},"categories":[2,5944,6053,5972,6054,6010,5974,18],"tags":[],"class_list":["post-6661","post","type-post","status-publish","format-standard","has-post-thumbnail","hentry","category-4x4-suv","category-constructeur","category-kia","category-salons","category-salon-de-francfort","category-suv","category-type-de-vehicule","category-videos"],"wppr_data":{"cwp_meta_box_check":"No"},"yoast_head":"<!-- This site is optimized with the Yoast SEO plugin v24.8.1 - https:\/\/yoast.com\/wordpress\/plugins\/seo\/ -->\n<title>Nouveau Kia Sportage 2016 : pr\u00e9sentation - Blog auto Carid\u00e9al<\/title>\n<meta name=\"description\" content=\"Le constructeur Co\u00e9en presente son nouveau Kia Sportage 2016 au salon de Francfort. Il y aura le choix entre des moteurs essences et diesels.\" \/>\n<meta name=\"robots\" content=\"index, follow, max-snippet:-1, max-image-preview:large, max-video-preview:-1\" \/>\n<link rel=\"canonical\" href=\"https:\/\/www.carideal.com\/blog\/2015\/09\/18\/nouveau-kia-sportage-2016\/\" \/>\n<meta property=\"og:locale\" content=\"fr_FR\" \/>\n<meta property=\"og:type\" content=\"article\" \/>\n<meta property=\"og:title\" content=\"Nouveau Kia Sportage 2016 : pr\u00e9sentation - Blog auto Carid\u00e9al\" \/>\n<meta property=\"og:description\" content=\"Le constructeur Co\u00e9en presente son nouveau Kia Sportage 2016 au salon de Francfort. Il y aura le choix entre des moteurs essences et diesels.\" \/>\n<meta property=\"og:url\" content=\"https:\/\/www.carideal.com\/blog\/2015\/09\/18\/nouveau-kia-sportage-2016\/\" \/>\n<meta property=\"og:site_name\" content=\"Blog auto Carid\u00e9al\" \/>\n<meta property=\"article:publisher\" content=\"https:\/\/www.facebook.com\/Carideal.mandataire.automobile\" \/>\n<meta property=\"article:author\" content=\"https:\/\/www.facebook.com\/nicolas.schiavon.39\" \/>\n<meta property=\"article:published_time\" content=\"2015-09-18T16:05:06+00:00\" \/>\n<meta property=\"article:modified_time\" content=\"2020-12-10T15:33:48+00:00\" \/>\n<meta property=\"og:image\" content=\"https:\/\/www.carideal.com\/blog\/wp-content\/uploads\/2015\/09\/kia-sportage-2016-carideal-blog-mandataire-automobile-e1538399286393.jpg\" \/>\n\t<meta property=\"og:image:width\" content=\"800\" \/>\n\t<meta property=\"og:image:height\" content=\"420\" \/>\n\t<meta property=\"og:image:type\" content=\"image\/jpeg\" \/>\n<meta name=\"author\" content=\"Nicolas SCHIAVON\" \/>\n<meta name=\"twitter:card\" content=\"summary_large_image\" \/>\n<meta name=\"twitter:creator\" content=\"@caridealauto\" \/>\n<meta name=\"twitter:site\" content=\"@caridealauto\" \/>\n<meta name=\"twitter:label1\" content=\"\u00c9crit par\" \/>\n\t<meta name=\"twitter:data1\" content=\"Nicolas SCHIAVON\" \/>\n\t<meta name=\"twitter:label2\" content=\"Dur\u00e9e de lecture estim\u00e9e\" \/>\n\t<meta name=\"twitter:data2\" content=\"3 minutes\" \/>\n<script type=\"application\/ld+json\" class=\"yoast-schema-graph\">{\"@context\":\"https:\/\/schema.org\",\"@graph\":[{\"@type\":\"Article\",\"@id\":\"https:\/\/www.carideal.com\/blog\/2015\/09\/18\/nouveau-kia-sportage-2016\/#article\",\"isPartOf\":{\"@id\":\"https:\/\/www.carideal.com\/blog\/2015\/09\/18\/nouveau-kia-sportage-2016\/\"},\"author\":{\"name\":\"Nicolas SCHIAVON\",\"@id\":\"https:\/\/www.carideal.com\/blog\/#\/schema\/person\/cd95dc7919660de90d31b366f85be1ec\"},\"headline\":\"Nouveau Kia Sportage 2016 : pr\u00e9sentation\",\"datePublished\":\"2015-09-18T16:05:06+00:00\",\"dateModified\":\"2020-12-10T15:33:48+00:00\",\"mainEntityOfPage\":{\"@id\":\"https:\/\/www.carideal.com\/blog\/2015\/09\/18\/nouveau-kia-sportage-2016\/\"},\"wordCount\":560,\"commentCount\":0,\"publisher\":{\"@id\":\"https:\/\/www.carideal.com\/blog\/#organization\"},\"image\":{\"@id\":\"https:\/\/www.carideal.com\/blog\/2015\/09\/18\/nouveau-kia-sportage-2016\/#primaryimage\"},\"thumbnailUrl\":\"https:\/\/www.carideal.com\/blog\/wp-content\/uploads\/2015\/09\/kia-sportage-2016-carideal-blog-mandataire-automobile-e1538399286393.jpg\",\"articleSection\":[\"4X4 Actualit\u00e9\",\"Actualit\u00e9 Constructeur automobile\",\"Actualit\u00e9 Kia\",\"Salon automobile\",\"Salon de Francfort\",\"SUV\",\"Type de v\u00e9hicule\",\"Vid\u00e9o voiture : vid\u00e9o automobile\"],\"inLanguage\":\"fr-FR\",\"potentialAction\":[{\"@type\":\"CommentAction\",\"name\":\"Comment\",\"target\":[\"https:\/\/www.carideal.com\/blog\/2015\/09\/18\/nouveau-kia-sportage-2016\/#respond\"]}]},{\"@type\":\"WebPage\",\"@id\":\"https:\/\/www.carideal.com\/blog\/2015\/09\/18\/nouveau-kia-sportage-2016\/\",\"url\":\"https:\/\/www.carideal.com\/blog\/2015\/09\/18\/nouveau-kia-sportage-2016\/\",\"name\":\"Nouveau Kia Sportage 2016 : pr\u00e9sentation - Blog auto Carid\u00e9al\",\"isPartOf\":{\"@id\":\"https:\/\/www.carideal.com\/blog\/#website\"},\"primaryImageOfPage\":{\"@id\":\"https:\/\/www.carideal.com\/blog\/2015\/09\/18\/nouveau-kia-sportage-2016\/#primaryimage\"},\"image\":{\"@id\":\"https:\/\/www.carideal.com\/blog\/2015\/09\/18\/nouveau-kia-sportage-2016\/#primaryimage\"},\"thumbnailUrl\":\"https:\/\/www.carideal.com\/blog\/wp-content\/uploads\/2015\/09\/kia-sportage-2016-carideal-blog-mandataire-automobile-e1538399286393.jpg\",\"datePublished\":\"2015-09-18T16:05:06+00:00\",\"dateModified\":\"2020-12-10T15:33:48+00:00\",\"description\":\"Le constructeur Co\u00e9en presente son nouveau Kia Sportage 2016 au salon de Francfort. Il y aura le choix entre des moteurs essences et diesels.\",\"breadcrumb\":{\"@id\":\"https:\/\/www.carideal.com\/blog\/2015\/09\/18\/nouveau-kia-sportage-2016\/#breadcrumb\"},\"inLanguage\":\"fr-FR\",\"potentialAction\":[{\"@type\":\"ReadAction\",\"target\":[\"https:\/\/www.carideal.com\/blog\/2015\/09\/18\/nouveau-kia-sportage-2016\/\"]}]},{\"@type\":\"ImageObject\",\"inLanguage\":\"fr-FR\",\"@id\":\"https:\/\/www.carideal.com\/blog\/2015\/09\/18\/nouveau-kia-sportage-2016\/#primaryimage\",\"url\":\"https:\/\/www.carideal.com\/blog\/wp-content\/uploads\/2015\/09\/kia-sportage-2016-carideal-blog-mandataire-automobile-e1538399286393.jpg\",\"contentUrl\":\"https:\/\/www.carideal.com\/blog\/wp-content\/uploads\/2015\/09\/kia-sportage-2016-carideal-blog-mandataire-automobile-e1538399286393.jpg\",\"width\":800,\"height\":420,\"caption\":\"Nouveau Kia Sportage 2016 IAA2015 Salon de l'auto de Francfort\"},{\"@type\":\"BreadcrumbList\",\"@id\":\"https:\/\/www.carideal.com\/blog\/2015\/09\/18\/nouveau-kia-sportage-2016\/#breadcrumb\",\"itemListElement\":[{\"@type\":\"ListItem\",\"position\":1,\"name\":\"Blog Carid\u00e9al\",\"item\":\"https:\/\/www.carideal.com\/blog\/\"},{\"@type\":\"ListItem\",\"position\":2,\"name\":\"Actualit\u00e9 constructeur automobile\",\"item\":\"https:\/\/www.carideal.com\/blog\/constructeur\/\"},{\"@type\":\"ListItem\",\"position\":3,\"name\":\"Nouveau Kia Sportage 2016 : pr\u00e9sentation\"}]},{\"@type\":\"WebSite\",\"@id\":\"https:\/\/www.carideal.com\/blog\/#website\",\"url\":\"https:\/\/www.carideal.com\/blog\/\",\"name\":\"Blog auto Carid\u00e9al\",\"description\":\"Actualit\u00e9 auto par des passionn\u00e9s\",\"publisher\":{\"@id\":\"https:\/\/www.carideal.com\/blog\/#organization\"},\"potentialAction\":[{\"@type\":\"SearchAction\",\"target\":{\"@type\":\"EntryPoint\",\"urlTemplate\":\"https:\/\/www.carideal.com\/blog\/?s={search_term_string}\"},\"query-input\":{\"@type\":\"PropertyValueSpecification\",\"valueRequired\":true,\"valueName\":\"search_term_string\"}}],\"inLanguage\":\"fr-FR\"},{\"@type\":\"Organization\",\"@id\":\"https:\/\/www.carideal.com\/blog\/#organization\",\"name\":\"Carideal\",\"url\":\"https:\/\/www.carideal.com\/blog\/\",\"logo\":{\"@type\":\"ImageObject\",\"inLanguage\":\"fr-FR\",\"@id\":\"https:\/\/www.carideal.com\/blog\/#\/schema\/logo\/image\/\",\"url\":\"http:\/\/www.carideal.com\/blog\/wp-content\/uploads\/2016\/03\/logo-carideal-mandataire-automobile.png\",\"contentUrl\":\"http:\/\/www.carideal.com\/blog\/wp-content\/uploads\/2016\/03\/logo-carideal-mandataire-automobile.png\",\"width\":300,\"height\":300,\"caption\":\"Carideal\"},\"image\":{\"@id\":\"https:\/\/www.carideal.com\/blog\/#\/schema\/logo\/image\/\"},\"sameAs\":[\"https:\/\/www.facebook.com\/Carideal.mandataire.automobile\",\"https:\/\/x.com\/caridealauto\",\"https:\/\/www.instagram.com\/carideal1\/\",\"https:\/\/www.linkedin.com\/company\/carideal.com\",\"https:\/\/fr.pinterest.com\/schiavonsas\/\",\"https:\/\/www.youtube.com\/user\/caridealsas\"]},{\"@type\":\"Person\",\"@id\":\"https:\/\/www.carideal.com\/blog\/#\/schema\/person\/cd95dc7919660de90d31b366f85be1ec\",\"name\":\"Nicolas SCHIAVON\",\"image\":{\"@type\":\"ImageObject\",\"inLanguage\":\"fr-FR\",\"@id\":\"https:\/\/www.carideal.com\/blog\/#\/schema\/person\/image\/\",\"url\":\"https:\/\/secure.gravatar.com\/avatar\/c17e55009e671d92cc7f5dc837dc418a?s=96&r=g\",\"contentUrl\":\"https:\/\/secure.gravatar.com\/avatar\/c17e55009e671d92cc7f5dc837dc418a?s=96&r=g\",\"caption\":\"Nicolas SCHIAVON\"},\"description\":\"Nicolas Schiavon est tomb\u00e9 tout petit dans la marmite automobile. Ayant eu un garage de marque automobile, mandataire automobile de la premi\u00e8re heure d\u00e8s 1999. Nicolas a cr\u00e9\u00e9 ces premiers sites de vente de voiture et blog automobile d\u00e8s 1994. Carideal est n\u00e9 le 15 d\u00e9cembre 2000 de la volont\u00e9 de vendre des voitures d'occasions en ligne puis des voitures neuves. Il a pu essayer beaucoup de voitures tr\u00e8s diff\u00e9rentes et ayant eu personnellement quelques belles autos, Subaru Impreza, Mitsubishi Lancer Evo 7, Porsche 911, Ferrari Testarrossa, Audi RS3, RS4 et j'en passe...\",\"sameAs\":[\"http:\/\/www.carideal.com\",\"https:\/\/www.facebook.com\/nicolas.schiavon.39\",\"https:\/\/www.instagram.com\/carideal1\/\",\"https:\/\/www.linkedin.com\/in\/nschiavon\/\",\"https:\/\/x.com\/caridealauto\",\"https:\/\/www.youtube.com\/user\/caridealsas\/\"],\"url\":\"https:\/\/www.carideal.com\/blog\/author\/nschiavon\/\"}]}<\/script>\n<!-- \/ Yoast SEO plugin. -->","yoast_head_json":{"title":"Nouveau Kia Sportage 2016 : pr\u00e9sentation - Blog auto Carid\u00e9al","description":"Le constructeur Co\u00e9en presente son nouveau Kia Sportage 2016 au salon de Francfort. Il y aura le choix entre des moteurs essences et diesels.","robots":{"index":"index","follow":"follow","max-snippet":"max-snippet:-1","max-image-preview":"max-image-preview:large","max-video-preview":"max-video-preview:-1"},"canonical":"https:\/\/www.carideal.com\/blog\/2015\/09\/18\/nouveau-kia-sportage-2016\/","og_locale":"fr_FR","og_type":"article","og_title":"Nouveau Kia Sportage 2016 : pr\u00e9sentation - Blog auto Carid\u00e9al","og_description":"Le constructeur Co\u00e9en presente son nouveau Kia Sportage 2016 au salon de Francfort. Il y aura le choix entre des moteurs essences et diesels.","og_url":"https:\/\/www.carideal.com\/blog\/2015\/09\/18\/nouveau-kia-sportage-2016\/","og_site_name":"Blog auto Carid\u00e9al","article_publisher":"https:\/\/www.facebook.com\/Carideal.mandataire.automobile","article_author":"https:\/\/www.facebook.com\/nicolas.schiavon.39","article_published_time":"2015-09-18T16:05:06+00:00","article_modified_time":"2020-12-10T15:33:48+00:00","og_image":[{"width":800,"height":420,"url":"https:\/\/www.carideal.com\/blog\/wp-content\/uploads\/2015\/09\/kia-sportage-2016-carideal-blog-mandataire-automobile-e1538399286393.jpg","type":"image\/jpeg"}],"author":"Nicolas SCHIAVON","twitter_card":"summary_large_image","twitter_creator":"@caridealauto","twitter_site":"@caridealauto","twitter_misc":{"\u00c9crit par":"Nicolas SCHIAVON","Dur\u00e9e de lecture estim\u00e9e":"3 minutes"},"schema":{"@context":"https:\/\/schema.org","@graph":[{"@type":"Article","@id":"https:\/\/www.carideal.com\/blog\/2015\/09\/18\/nouveau-kia-sportage-2016\/#article","isPartOf":{"@id":"https:\/\/www.carideal.com\/blog\/2015\/09\/18\/nouveau-kia-sportage-2016\/"},"author":{"name":"Nicolas SCHIAVON","@id":"https:\/\/www.carideal.com\/blog\/#\/schema\/person\/cd95dc7919660de90d31b366f85be1ec"},"headline":"Nouveau Kia Sportage 2016 : pr\u00e9sentation","datePublished":"2015-09-18T16:05:06+00:00","dateModified":"2020-12-10T15:33:48+00:00","mainEntityOfPage":{"@id":"https:\/\/www.carideal.com\/blog\/2015\/09\/18\/nouveau-kia-sportage-2016\/"},"wordCount":560,"commentCount":0,"publisher":{"@id":"https:\/\/www.carideal.com\/blog\/#organization"},"image":{"@id":"https:\/\/www.carideal.com\/blog\/2015\/09\/18\/nouveau-kia-sportage-2016\/#primaryimage"},"thumbnailUrl":"https:\/\/www.carideal.com\/blog\/wp-content\/uploads\/2015\/09\/kia-sportage-2016-carideal-blog-mandataire-automobile-e1538399286393.jpg","articleSection":["4X4 Actualit\u00e9","Actualit\u00e9 Constructeur automobile","Actualit\u00e9 Kia","Salon automobile","Salon de Francfort","SUV","Type de v\u00e9hicule","Vid\u00e9o voiture : vid\u00e9o automobile"],"inLanguage":"fr-FR","potentialAction":[{"@type":"CommentAction","name":"Comment","target":["https:\/\/www.carideal.com\/blog\/2015\/09\/18\/nouveau-kia-sportage-2016\/#respond"]}]},{"@type":"WebPage","@id":"https:\/\/www.carideal.com\/blog\/2015\/09\/18\/nouveau-kia-sportage-2016\/","url":"https:\/\/www.carideal.com\/blog\/2015\/09\/18\/nouveau-kia-sportage-2016\/","name":"Nouveau Kia Sportage 2016 : pr\u00e9sentation - Blog auto Carid\u00e9al","isPartOf":{"@id":"https:\/\/www.carideal.com\/blog\/#website"},"primaryImageOfPage":{"@id":"https:\/\/www.carideal.com\/blog\/2015\/09\/18\/nouveau-kia-sportage-2016\/#primaryimage"},"image":{"@id":"https:\/\/www.carideal.com\/blog\/2015\/09\/18\/nouveau-kia-sportage-2016\/#primaryimage"},"thumbnailUrl":"https:\/\/www.carideal.com\/blog\/wp-content\/uploads\/2015\/09\/kia-sportage-2016-carideal-blog-mandataire-automobile-e1538399286393.jpg","datePublished":"2015-09-18T16:05:06+00:00","dateModified":"2020-12-10T15:33:48+00:00","description":"Le constructeur Co\u00e9en presente son nouveau Kia Sportage 2016 au salon de Francfort. Il y aura le choix entre des moteurs essences et diesels.","breadcrumb":{"@id":"https:\/\/www.carideal.com\/blog\/2015\/09\/18\/nouveau-kia-sportage-2016\/#breadcrumb"},"inLanguage":"fr-FR","potentialAction":[{"@type":"ReadAction","target":["https:\/\/www.carideal.com\/blog\/2015\/09\/18\/nouveau-kia-sportage-2016\/"]}]},{"@type":"ImageObject","inLanguage":"fr-FR","@id":"https:\/\/www.carideal.com\/blog\/2015\/09\/18\/nouveau-kia-sportage-2016\/#primaryimage","url":"https:\/\/www.carideal.com\/blog\/wp-content\/uploads\/2015\/09\/kia-sportage-2016-carideal-blog-mandataire-automobile-e1538399286393.jpg","contentUrl":"https:\/\/www.carideal.com\/blog\/wp-content\/uploads\/2015\/09\/kia-sportage-2016-carideal-blog-mandataire-automobile-e1538399286393.jpg","width":800,"height":420,"caption":"Nouveau Kia Sportage 2016 IAA2015 Salon de l'auto de Francfort"},{"@type":"BreadcrumbList","@id":"https:\/\/www.carideal.com\/blog\/2015\/09\/18\/nouveau-kia-sportage-2016\/#breadcrumb","itemListElement":[{"@type":"ListItem","position":1,"name":"Blog Carid\u00e9al","item":"https:\/\/www.carideal.com\/blog\/"},{"@type":"ListItem","position":2,"name":"Actualit\u00e9 constructeur automobile","item":"https:\/\/www.carideal.com\/blog\/constructeur\/"},{"@type":"ListItem","position":3,"name":"Nouveau Kia Sportage 2016 : pr\u00e9sentation"}]},{"@type":"WebSite","@id":"https:\/\/www.carideal.com\/blog\/#website","url":"https:\/\/www.carideal.com\/blog\/","name":"Blog auto Carid\u00e9al","description":"Actualit\u00e9 auto par des passionn\u00e9s","publisher":{"@id":"https:\/\/www.carideal.com\/blog\/#organization"},"potentialAction":[{"@type":"SearchAction","target":{"@type":"EntryPoint","urlTemplate":"https:\/\/www.carideal.com\/blog\/?s={search_term_string}"},"query-input":{"@type":"PropertyValueSpecification","valueRequired":true,"valueName":"search_term_string"}}],"inLanguage":"fr-FR"},{"@type":"Organization","@id":"https:\/\/www.carideal.com\/blog\/#organization","name":"Carideal","url":"https:\/\/www.carideal.com\/blog\/","logo":{"@type":"ImageObject","inLanguage":"fr-FR","@id":"https:\/\/www.carideal.com\/blog\/#\/schema\/logo\/image\/","url":"http:\/\/www.carideal.com\/blog\/wp-content\/uploads\/2016\/03\/logo-carideal-mandataire-automobile.png","contentUrl":"http:\/\/www.carideal.com\/blog\/wp-content\/uploads\/2016\/03\/logo-carideal-mandataire-automobile.png","width":300,"height":300,"caption":"Carideal"},"image":{"@id":"https:\/\/www.carideal.com\/blog\/#\/schema\/logo\/image\/"},"sameAs":["https:\/\/www.facebook.com\/Carideal.mandataire.automobile","https:\/\/x.com\/caridealauto","https:\/\/www.instagram.com\/carideal1\/","https:\/\/www.linkedin.com\/company\/carideal.com","https:\/\/fr.pinterest.com\/schiavonsas\/","https:\/\/www.youtube.com\/user\/caridealsas"]},{"@type":"Person","@id":"https:\/\/www.carideal.com\/blog\/#\/schema\/person\/cd95dc7919660de90d31b366f85be1ec","name":"Nicolas SCHIAVON","image":{"@type":"ImageObject","inLanguage":"fr-FR","@id":"https:\/\/www.carideal.com\/blog\/#\/schema\/person\/image\/","url":"https:\/\/secure.gravatar.com\/avatar\/c17e55009e671d92cc7f5dc837dc418a?s=96&r=g","contentUrl":"https:\/\/secure.gravatar.com\/avatar\/c17e55009e671d92cc7f5dc837dc418a?s=96&r=g","caption":"Nicolas SCHIAVON"},"description":"Nicolas Schiavon est tomb\u00e9 tout petit dans la marmite automobile. Ayant eu un garage de marque automobile, mandataire automobile de la premi\u00e8re heure d\u00e8s 1999. Nicolas a cr\u00e9\u00e9 ces premiers sites de vente de voiture et blog automobile d\u00e8s 1994. Carideal est n\u00e9 le 15 d\u00e9cembre 2000 de la volont\u00e9 de vendre des voitures d'occasions en ligne puis des voitures neuves. Il a pu essayer beaucoup de voitures tr\u00e8s diff\u00e9rentes et ayant eu personnellement quelques belles autos, Subaru Impreza, Mitsubishi Lancer Evo 7, Porsche 911, Ferrari Testarrossa, Audi RS3, RS4 et j'en passe...","sameAs":["http:\/\/www.carideal.com","https:\/\/www.facebook.com\/nicolas.schiavon.39","https:\/\/www.instagram.com\/carideal1\/","https:\/\/www.linkedin.com\/in\/nschiavon\/","https:\/\/x.com\/caridealauto","https:\/\/www.youtube.com\/user\/caridealsas\/"],"url":"https:\/\/www.carideal.com\/blog\/author\/nschiavon\/"}]}},"uagb_featured_image_src":{"full":["https:\/\/www.carideal.com\/blog\/wp-content\/uploads\/2015\/09\/kia-sportage-2016-carideal-blog-mandataire-automobile-e1538399286393.jpg",800,420,false],"thumbnail":["https:\/\/www.carideal.com\/blog\/wp-content\/uploads\/2015\/09\/kia-sportage-2016-carideal-blog-mandataire-automobile-150x150.jpg",150,150,true],"medium":["https:\/\/www.carideal.com\/blog\/wp-content\/uploads\/2015\/09\/kia-sportage-2016-carideal-blog-mandataire-automobile-300x158.jpg",300,158,true],"medium_large":["https:\/\/www.carideal.com\/blog\/wp-content\/uploads\/2015\/09\/kia-sportage-2016-carideal-blog-mandataire-automobile-e1538399286393.jpg",768,403,false],"large":["https:\/\/www.carideal.com\/blog\/wp-content\/uploads\/2015\/09\/kia-sportage-2016-carideal-blog-mandataire-automobile-1024x538.jpg",1024,538,true],"1536x1536":["https:\/\/www.carideal.com\/blog\/wp-content\/uploads\/2015\/09\/kia-sportage-2016-carideal-blog-mandataire-automobile-e1538399286393.jpg",800,420,false],"2048x2048":["https:\/\/www.carideal.com\/blog\/wp-content\/uploads\/2015\/09\/kia-sportage-2016-carideal-blog-mandataire-automobile-e1538399286393.jpg",800,420,false],"wppr-widget":["https:\/\/www.carideal.com\/blog\/wp-content\/uploads\/2015\/09\/kia-sportage-2016-carideal-blog-mandataire-automobile-e1538399286393.jpg",50,26,false]},"uagb_author_info":{"display_name":"Nicolas SCHIAVON","author_link":"https:\/\/www.carideal.com\/blog\/author\/nschiavon\/"},"uagb_comment_info":1,"uagb_excerpt":"Nouveau Kia Sportage 2016 au Salon de Francfort Kia vient de d\u00e9voiler\u00a0son nouveau Kia Sportage 2016 au salon de Francfort. Le mod\u00e8le a bien chang\u00e9 depuis 2010 la grosse diff\u00e9rence vient de sa grosse fa\u00e7ade avant. Il y aura aussi une version sportive nomm\u00e9e GT. Rien de surprenant qu'il soit pr\u00e9sent\u00e9 quasiment en m\u00eame temps\u2026","_links":{"self":[{"href":"https:\/\/www.carideal.com\/blog\/wp-json\/wp\/v2\/posts\/6661"}],"collection":[{"href":"https:\/\/www.carideal.com\/blog\/wp-json\/wp\/v2\/posts"}],"about":[{"href":"https:\/\/www.carideal.com\/blog\/wp-json\/wp\/v2\/types\/post"}],"author":[{"embeddable":true,"href":"https:\/\/www.carideal.com\/blog\/wp-json\/wp\/v2\/users\/3"}],"replies":[{"embeddable":true,"href":"https:\/\/www.carideal.com\/blog\/wp-json\/wp\/v2\/comments?post=6661"}],"version-history":[{"count":0,"href":"https:\/\/www.carideal.com\/blog\/wp-json\/wp\/v2\/posts\/6661\/revisions"}],"wp:featuredmedia":[{"embeddable":true,"href":"https:\/\/www.carideal.com\/blog\/wp-json\/wp\/v2\/media\/6662"}],"wp:attachment":[{"href":"https:\/\/www.carideal.com\/blog\/wp-json\/wp\/v2\/media?parent=6661"}],"wp:term":[{"taxonomy":"category","embeddable":true,"href":"https:\/\/www.carideal.com\/blog\/wp-json\/wp\/v2\/categories?post=6661"},{"taxonomy":"post_tag","embeddable":true,"href":"https:\/\/www.carideal.com\/blog\/wp-json\/wp\/v2\/tags?post=6661"}],"curies":[{"name":"wp","href":"https:\/\/api.w.org\/{rel}","templated":true}]}}