{"id":6649,"date":"2015-09-18T16:20:43","date_gmt":"2015-09-18T14:20:43","guid":{"rendered":"http:\/\/www.carideal.com\/blog\/?p=6649"},"modified":"2020-03-08T18:02:10","modified_gmt":"2020-03-08T17:02:10","slug":"ciber-monday-carideal-mandataire-automobile","status":"publish","type":"post","link":"https:\/\/www.carideal.com\/blog\/2015\/09\/18\/ciber-monday-carideal-mandataire-automobile\/","title":{"rendered":"Cyber Monday automobile Carideal mandataire"},"content":{"rendered":"<figure id=\"attachment_6650\" aria-describedby=\"caption-attachment-6650\" style=\"width: 290px\" class=\"wp-caption alignnone\"><a href=\"http:\/\/www.carideal.com\/blog\/wp-content\/uploads\/2015\/09\/cyber-monday-carideal-mandataire-automobile.jpg\"><img loading=\"lazy\" decoding=\"async\" class=\"wp-image-6650 size-medium\" title=\"Cyber Monday automobile Les offres de Carideal Mandataire auto\" src=\"http:\/\/www.carideal.com\/blog\/wp-content\/uploads\/2015\/09\/cyber-monday-carideal-mandataire-automobile-300x225.jpg\" alt=\"Cyber Monday automobile Les offres de Carideal Mandataire auto\" width=\"300\" height=\"225\" srcset=\"https:\/\/www.carideal.com\/blog\/wp-content\/uploads\/2015\/09\/cyber-monday-carideal-mandataire-automobile-300x225.jpg 300w, https:\/\/www.carideal.com\/blog\/wp-content\/uploads\/2015\/09\/cyber-monday-carideal-mandataire-automobile-624x468.jpg 624w, https:\/\/www.carideal.com\/blog\/wp-content\/uploads\/2015\/09\/cyber-monday-carideal-mandataire-automobile.jpg 640w\" sizes=\"(max-width: 300px) 100vw, 300px\" \/><\/a><figcaption id=\"caption-attachment-6650\" class=\"wp-caption-text\">Cyber Monday automobile Les offres de Carideal Mandataire auto<\/figcaption><\/figure>\n<h1>Cyber Monday automobile Carideal mandataire auto<\/h1>\n<p>Le Cyber Monday automobile est le vendredi qui suit le <span style=\"text-decoration: underline;\"><a href=\"http:\/\/www.carideal.com\/blog\/2015\/09\/18\/black-friday-du-mandataire-automobile-carideal\/\">Black Friday<\/a><\/span> et aura lieu cette ann\u00e9e le 30 Novembre 2015, grand jour de braderie aux \u00e9tats-unis. Les offres automobiles avec des remises \u00e9normes pour l'achat de votre voiture :<\/p>\n<p><strong>Jusque 29 % de remise sur Citroen C4 neuve<\/strong>\u00a0http:\/\/www.carideal.com\/355-c4<\/p>\n<figure id=\"attachment_7072\" aria-describedby=\"caption-attachment-7072\" style=\"width: 290px\" class=\"wp-caption alignnone\"><a href=\"http:\/\/www.carideal.com\/blog\/wp-content\/uploads\/2015\/09\/citroen-nouvelle-gamme-c4-carideal-mandataire-automobile.jpg\"><img loading=\"lazy\" decoding=\"async\" class=\"size-medium wp-image-7072\" src=\"http:\/\/www.carideal.com\/blog\/wp-content\/uploads\/2015\/09\/citroen-nouvelle-gamme-c4-carideal-mandataire-automobile-300x167.jpg\" alt=\"Nouvelle Citroen C4 Avec des remise jusque -29 %\" width=\"300\" height=\"167\" srcset=\"https:\/\/www.carideal.com\/blog\/wp-content\/uploads\/2015\/09\/citroen-nouvelle-gamme-c4-carideal-mandataire-automobile-300x167.jpg 300w, https:\/\/www.carideal.com\/blog\/wp-content\/uploads\/2015\/09\/citroen-nouvelle-gamme-c4-carideal-mandataire-automobile-624x347.jpg 624w, https:\/\/www.carideal.com\/blog\/wp-content\/uploads\/2015\/09\/citroen-nouvelle-gamme-c4-carideal-mandataire-automobile.jpg 633w\" sizes=\"(max-width: 300px) 100vw, 300px\" \/><\/a><figcaption id=\"caption-attachment-7072\" class=\"wp-caption-text\">Nouvelle Citroen C4 Avec des remise jusque -29 %<\/figcaption><\/figure>\n<p><strong>Jusque 20 % de remise sur Renault Kadjar<\/strong>\u00a0http:\/\/www.carideal.com\/745-renault-kadjar<\/p>\n<figure id=\"attachment_7215\" aria-describedby=\"caption-attachment-7215\" style=\"width: 290px\" class=\"wp-caption alignnone\"><a href=\"http:\/\/www.carideal.com\/blog\/wp-content\/uploads\/2015\/09\/Renault-Kadjar-carideal-blog-automobile.jpg\"><img loading=\"lazy\" decoding=\"async\" class=\"size-medium wp-image-7215\" src=\"http:\/\/www.carideal.com\/blog\/wp-content\/uploads\/2015\/09\/Renault-Kadjar-carideal-blog-automobile-300x200.jpg\" alt=\"Le SUV Renault Kadjar avec 20 % de Remise\" width=\"300\" height=\"200\" srcset=\"https:\/\/www.carideal.com\/blog\/wp-content\/uploads\/2015\/09\/Renault-Kadjar-carideal-blog-automobile-300x200.jpg 300w, https:\/\/www.carideal.com\/blog\/wp-content\/uploads\/2015\/09\/Renault-Kadjar-carideal-blog-automobile-624x415.jpg 624w, https:\/\/www.carideal.com\/blog\/wp-content\/uploads\/2015\/09\/Renault-Kadjar-carideal-blog-automobile.jpg 633w\" sizes=\"(max-width: 300px) 100vw, 300px\" \/><\/a><figcaption id=\"caption-attachment-7215\" class=\"wp-caption-text\">Le SUV Renault Kadjar avec 20 % de Remise<\/figcaption><\/figure>\n<p>Offres Cyber \u200b\u200bMonday automobile de la Semaine : Offres en ligne chaque jour<br \/>\nMerci de votre visite pour Cyber \u200b\u200bMonday ! Nous esp\u00e9rons que vous avez profit\u00e9 de toutes les offres\u00a0Cyber \u200b\u200bMonday et sommes tr\u00e8s\u00a0excit\u00e9s pour le Cyber \u200b\u200bMonday 2015. Il y avait beaucoup de choix lors de notre \u00e9v\u00e9nement Cyber \u200b\u200bMonday, y compris des accessoires\u00a0pour votre voiture, des pneus, des attelages\u00a0avec des offres sp\u00e9ciales sur des accessoires tels que des tapis de sols des barres de toit etc.\u00a0Nous esp\u00e9rons que vous avez trouv\u00e9 de beaux\u00a0cadeaux pour les gens\u00a0de votre famille ou pour vous-m\u00eame, de sorte que vous pourriez faire plaisir \u00e0 vos amis et invit\u00e9s en cette p\u00e9riode de\u00a0vacances. Vous pouvez aussi faire de votre voiture\u00a0un endroit accueillant pour se divertir pendant les longs parcours\u00a0avec de nouveaux \u00e9quipements pour votre syst\u00e8me de divertissement hifi vid\u00e9o ou alarme. Il y a\u00a0beaucoup plus d'offres qui sont disponibles avec des remises Cyber \u200b\u200bMonday pour les rendre plus abordable que jamais.<\/p>\n<p>Si vous aimez \u00e9conomiser sur des produits automobiles pour votre voiture, le Cyber \u200b\u200bMonday automobile est le moment id\u00e9al pour profiter des offres saisonni\u00e8res et am\u00e9liorer vos v\u00e9hicules, y compris les syst\u00e8mes bluetooth, et plus encore. Les Accessoires automobiles\u00a0font d'excellents cadeaux de vacances, avec tout de souris sans fil pour les lecteurs flash compacts et sacoches pour ordinateurs portables durables. De plus, vous pourrez trouver , des produits\u00a0low-cost en stock pour vos amis technophiles et la famille.<\/p>\n<p>Cyber \u200b\u200bMonday apporte \u00e9galement des offres sp\u00e9ciales sur les miniatures de voitures sacs montres\u00a0pour faire du shopping plus facile pour les enfants, aussi. De v\u00e9hicules RC. Il ya quelque chose pour chaque groupe d'\u00e2ge et d'int\u00e9r\u00eat. Il suffit de ne pas oublier les piles ! Les\u00a0offre sp\u00e9ciales Cyber \u200b\u200bMonday Carideal.com pour rendre votre exp\u00e9rience d'achat\u00a0en ligne aussi pratique que possible.<\/p>\n<p>&nbsp;<\/p>\n","protected":false},"excerpt":{"rendered":"<p>Cyber Monday automobile Carideal mandataire auto Le Cyber Monday automobile est le vendredi qui suit le Black Friday et aura lieu cette ann\u00e9e le 30 Novembre 2015, grand jour de braderie aux \u00e9tats-unis. Les offres automobiles avec des remises \u00e9normes pour l&rsquo;achat de votre voiture : Jusque 29 % de remise sur Citroen C4 neuve\u00a0http:\/\/www.carideal.com\/355-c4 &#8230; <a title=\"Cyber Monday automobile Carideal mandataire\" class=\"read-more\" href=\"https:\/\/www.carideal.com\/blog\/2015\/09\/18\/ciber-monday-carideal-mandataire-automobile\/\" aria-label=\"En savoir plus sur Cyber Monday automobile Carideal mandataire\">Lire plus<\/a><\/p>\n","protected":false},"author":3,"featured_media":0,"comment_status":"open","ping_status":"open","sticky":false,"template":"","format":"standard","meta":{"_uag_custom_page_level_css":"","_themeisle_gutenberg_block_has_review":false,"footnotes":""},"categories":[21],"tags":[29],"class_list":["post-6649","post","type-post","status-publish","format-standard","hentry","category-actualites-auto","tag-remise"],"wppr_data":[],"yoast_head":"<!-- This site is optimized with the Yoast SEO plugin v24.8.1 - https:\/\/yoast.com\/wordpress\/plugins\/seo\/ -->\n<title>Cyber Monday automobile Carideal mandataire - Blog auto Carid\u00e9al<\/title>\n<meta name=\"description\" content=\"Cyber Monday automobile, le ph\u00e9nom\u00e8ne atteint maintenant le monde de l&#039;automobile avec des offres sp\u00e9cifiques qui peuvent reprendre le black friday.\" \/>\n<meta name=\"robots\" content=\"index, follow, max-snippet:-1, max-image-preview:large, max-video-preview:-1\" \/>\n<link rel=\"canonical\" href=\"https:\/\/www.carideal.com\/blog\/2015\/09\/18\/ciber-monday-carideal-mandataire-automobile\/\" \/>\n<meta property=\"og:locale\" content=\"fr_FR\" \/>\n<meta property=\"og:type\" content=\"article\" \/>\n<meta property=\"og:title\" content=\"Cyber Monday automobile Carideal mandataire - Blog auto Carid\u00e9al\" \/>\n<meta property=\"og:description\" content=\"Cyber Monday automobile, le ph\u00e9nom\u00e8ne atteint maintenant le monde de l&#039;automobile avec des offres sp\u00e9cifiques qui peuvent reprendre le black friday.\" \/>\n<meta property=\"og:url\" content=\"https:\/\/www.carideal.com\/blog\/2015\/09\/18\/ciber-monday-carideal-mandataire-automobile\/\" \/>\n<meta property=\"og:site_name\" content=\"Blog auto Carid\u00e9al\" \/>\n<meta property=\"article:publisher\" content=\"https:\/\/www.facebook.com\/Carideal.mandataire.automobile\" \/>\n<meta property=\"article:author\" content=\"https:\/\/www.facebook.com\/nicolas.schiavon.39\" \/>\n<meta property=\"article:published_time\" content=\"2015-09-18T14:20:43+00:00\" \/>\n<meta property=\"article:modified_time\" content=\"2020-03-08T17:02:10+00:00\" \/>\n<meta property=\"og:image\" content=\"http:\/\/www.carideal.com\/blog\/wp-content\/uploads\/2015\/09\/cyber-monday-carideal-mandataire-automobile-300x225.jpg\" \/>\n<meta name=\"author\" content=\"Nicolas SCHIAVON\" \/>\n<meta name=\"twitter:card\" content=\"summary_large_image\" \/>\n<meta name=\"twitter:creator\" content=\"@caridealauto\" \/>\n<meta name=\"twitter:site\" content=\"@caridealauto\" \/>\n<meta name=\"twitter:label1\" content=\"\u00c9crit par\" \/>\n\t<meta name=\"twitter:data1\" content=\"Nicolas SCHIAVON\" \/>\n\t<meta name=\"twitter:label2\" content=\"Dur\u00e9e de lecture estim\u00e9e\" \/>\n\t<meta name=\"twitter:data2\" content=\"2 minutes\" \/>\n<script type=\"application\/ld+json\" class=\"yoast-schema-graph\">{\"@context\":\"https:\/\/schema.org\",\"@graph\":[{\"@type\":\"Article\",\"@id\":\"https:\/\/www.carideal.com\/blog\/2015\/09\/18\/ciber-monday-carideal-mandataire-automobile\/#article\",\"isPartOf\":{\"@id\":\"https:\/\/www.carideal.com\/blog\/2015\/09\/18\/ciber-monday-carideal-mandataire-automobile\/\"},\"author\":{\"name\":\"Nicolas SCHIAVON\",\"@id\":\"https:\/\/www.carideal.com\/blog\/#\/schema\/person\/cd95dc7919660de90d31b366f85be1ec\"},\"headline\":\"Cyber Monday automobile Carideal mandataire\",\"datePublished\":\"2015-09-18T14:20:43+00:00\",\"dateModified\":\"2020-03-08T17:02:10+00:00\",\"mainEntityOfPage\":{\"@id\":\"https:\/\/www.carideal.com\/blog\/2015\/09\/18\/ciber-monday-carideal-mandataire-automobile\/\"},\"wordCount\":447,\"commentCount\":0,\"publisher\":{\"@id\":\"https:\/\/www.carideal.com\/blog\/#organization\"},\"image\":{\"@id\":\"https:\/\/www.carideal.com\/blog\/2015\/09\/18\/ciber-monday-carideal-mandataire-automobile\/#primaryimage\"},\"thumbnailUrl\":\"http:\/\/www.carideal.com\/blog\/wp-content\/uploads\/2015\/09\/cyber-monday-carideal-mandataire-automobile-300x225.jpg\",\"keywords\":[\"Remise voiture neuve\"],\"articleSection\":[\"Actualit\u00e9 automobile\"],\"inLanguage\":\"fr-FR\",\"potentialAction\":[{\"@type\":\"CommentAction\",\"name\":\"Comment\",\"target\":[\"https:\/\/www.carideal.com\/blog\/2015\/09\/18\/ciber-monday-carideal-mandataire-automobile\/#respond\"]}]},{\"@type\":\"WebPage\",\"@id\":\"https:\/\/www.carideal.com\/blog\/2015\/09\/18\/ciber-monday-carideal-mandataire-automobile\/\",\"url\":\"https:\/\/www.carideal.com\/blog\/2015\/09\/18\/ciber-monday-carideal-mandataire-automobile\/\",\"name\":\"Cyber Monday automobile Carideal mandataire - Blog auto Carid\u00e9al\",\"isPartOf\":{\"@id\":\"https:\/\/www.carideal.com\/blog\/#website\"},\"primaryImageOfPage\":{\"@id\":\"https:\/\/www.carideal.com\/blog\/2015\/09\/18\/ciber-monday-carideal-mandataire-automobile\/#primaryimage\"},\"image\":{\"@id\":\"https:\/\/www.carideal.com\/blog\/2015\/09\/18\/ciber-monday-carideal-mandataire-automobile\/#primaryimage\"},\"thumbnailUrl\":\"http:\/\/www.carideal.com\/blog\/wp-content\/uploads\/2015\/09\/cyber-monday-carideal-mandataire-automobile-300x225.jpg\",\"datePublished\":\"2015-09-18T14:20:43+00:00\",\"dateModified\":\"2020-03-08T17:02:10+00:00\",\"description\":\"Cyber Monday automobile, le ph\u00e9nom\u00e8ne atteint maintenant le monde de l'automobile avec des offres sp\u00e9cifiques qui peuvent reprendre le black friday.\",\"breadcrumb\":{\"@id\":\"https:\/\/www.carideal.com\/blog\/2015\/09\/18\/ciber-monday-carideal-mandataire-automobile\/#breadcrumb\"},\"inLanguage\":\"fr-FR\",\"potentialAction\":[{\"@type\":\"ReadAction\",\"target\":[\"https:\/\/www.carideal.com\/blog\/2015\/09\/18\/ciber-monday-carideal-mandataire-automobile\/\"]}]},{\"@type\":\"ImageObject\",\"inLanguage\":\"fr-FR\",\"@id\":\"https:\/\/www.carideal.com\/blog\/2015\/09\/18\/ciber-monday-carideal-mandataire-automobile\/#primaryimage\",\"url\":\"http:\/\/www.carideal.com\/blog\/wp-content\/uploads\/2015\/09\/cyber-monday-carideal-mandataire-automobile-300x225.jpg\",\"contentUrl\":\"http:\/\/www.carideal.com\/blog\/wp-content\/uploads\/2015\/09\/cyber-monday-carideal-mandataire-automobile-300x225.jpg\"},{\"@type\":\"BreadcrumbList\",\"@id\":\"https:\/\/www.carideal.com\/blog\/2015\/09\/18\/ciber-monday-carideal-mandataire-automobile\/#breadcrumb\",\"itemListElement\":[{\"@type\":\"ListItem\",\"position\":1,\"name\":\"Blog Carid\u00e9al\",\"item\":\"https:\/\/www.carideal.com\/blog\/\"},{\"@type\":\"ListItem\",\"position\":2,\"name\":\"Actualit\u00e9 automobile\",\"item\":\"https:\/\/www.carideal.com\/blog\/actualites-auto\/\"},{\"@type\":\"ListItem\",\"position\":3,\"name\":\"Cyber Monday automobile Carideal mandataire\"}]},{\"@type\":\"WebSite\",\"@id\":\"https:\/\/www.carideal.com\/blog\/#website\",\"url\":\"https:\/\/www.carideal.com\/blog\/\",\"name\":\"Blog auto Carid\u00e9al\",\"description\":\"Actualit\u00e9 auto par des passionn\u00e9s\",\"publisher\":{\"@id\":\"https:\/\/www.carideal.com\/blog\/#organization\"},\"potentialAction\":[{\"@type\":\"SearchAction\",\"target\":{\"@type\":\"EntryPoint\",\"urlTemplate\":\"https:\/\/www.carideal.com\/blog\/?s={search_term_string}\"},\"query-input\":{\"@type\":\"PropertyValueSpecification\",\"valueRequired\":true,\"valueName\":\"search_term_string\"}}],\"inLanguage\":\"fr-FR\"},{\"@type\":\"Organization\",\"@id\":\"https:\/\/www.carideal.com\/blog\/#organization\",\"name\":\"Carideal\",\"url\":\"https:\/\/www.carideal.com\/blog\/\",\"logo\":{\"@type\":\"ImageObject\",\"inLanguage\":\"fr-FR\",\"@id\":\"https:\/\/www.carideal.com\/blog\/#\/schema\/logo\/image\/\",\"url\":\"http:\/\/www.carideal.com\/blog\/wp-content\/uploads\/2016\/03\/logo-carideal-mandataire-automobile.png\",\"contentUrl\":\"http:\/\/www.carideal.com\/blog\/wp-content\/uploads\/2016\/03\/logo-carideal-mandataire-automobile.png\",\"width\":300,\"height\":300,\"caption\":\"Carideal\"},\"image\":{\"@id\":\"https:\/\/www.carideal.com\/blog\/#\/schema\/logo\/image\/\"},\"sameAs\":[\"https:\/\/www.facebook.com\/Carideal.mandataire.automobile\",\"https:\/\/x.com\/caridealauto\",\"https:\/\/www.instagram.com\/carideal1\/\",\"https:\/\/www.linkedin.com\/company\/carideal.com\",\"https:\/\/fr.pinterest.com\/schiavonsas\/\",\"https:\/\/www.youtube.com\/user\/caridealsas\"]},{\"@type\":\"Person\",\"@id\":\"https:\/\/www.carideal.com\/blog\/#\/schema\/person\/cd95dc7919660de90d31b366f85be1ec\",\"name\":\"Nicolas SCHIAVON\",\"image\":{\"@type\":\"ImageObject\",\"inLanguage\":\"fr-FR\",\"@id\":\"https:\/\/www.carideal.com\/blog\/#\/schema\/person\/image\/\",\"url\":\"https:\/\/secure.gravatar.com\/avatar\/c17e55009e671d92cc7f5dc837dc418a?s=96&r=g\",\"contentUrl\":\"https:\/\/secure.gravatar.com\/avatar\/c17e55009e671d92cc7f5dc837dc418a?s=96&r=g\",\"caption\":\"Nicolas SCHIAVON\"},\"description\":\"Nicolas Schiavon est tomb\u00e9 tout petit dans la marmite automobile. Ayant eu un garage de marque automobile, mandataire automobile de la premi\u00e8re heure d\u00e8s 1999. Nicolas a cr\u00e9\u00e9 ces premiers sites de vente de voiture et blog automobile d\u00e8s 1994. Carideal est n\u00e9 le 15 d\u00e9cembre 2000 de la volont\u00e9 de vendre des voitures d'occasions en ligne puis des voitures neuves. Il a pu essayer beaucoup de voitures tr\u00e8s diff\u00e9rentes et ayant eu personnellement quelques belles autos, Subaru Impreza, Mitsubishi Lancer Evo 7, Porsche 911, Ferrari Testarrossa, Audi RS3, RS4 et j'en passe...\",\"sameAs\":[\"http:\/\/www.carideal.com\",\"https:\/\/www.facebook.com\/nicolas.schiavon.39\",\"https:\/\/www.instagram.com\/carideal1\/\",\"https:\/\/www.linkedin.com\/in\/nschiavon\/\",\"https:\/\/x.com\/caridealauto\",\"https:\/\/www.youtube.com\/user\/caridealsas\/\"],\"url\":\"https:\/\/www.carideal.com\/blog\/author\/nschiavon\/\"}]}<\/script>\n<!-- \/ Yoast SEO plugin. -->","yoast_head_json":{"title":"Cyber Monday automobile Carideal mandataire - Blog auto Carid\u00e9al","description":"Cyber Monday automobile, le ph\u00e9nom\u00e8ne atteint maintenant le monde de l'automobile avec des offres sp\u00e9cifiques qui peuvent reprendre le black friday.","robots":{"index":"index","follow":"follow","max-snippet":"max-snippet:-1","max-image-preview":"max-image-preview:large","max-video-preview":"max-video-preview:-1"},"canonical":"https:\/\/www.carideal.com\/blog\/2015\/09\/18\/ciber-monday-carideal-mandataire-automobile\/","og_locale":"fr_FR","og_type":"article","og_title":"Cyber Monday automobile Carideal mandataire - Blog auto Carid\u00e9al","og_description":"Cyber Monday automobile, le ph\u00e9nom\u00e8ne atteint maintenant le monde de l'automobile avec des offres sp\u00e9cifiques qui peuvent reprendre le black friday.","og_url":"https:\/\/www.carideal.com\/blog\/2015\/09\/18\/ciber-monday-carideal-mandataire-automobile\/","og_site_name":"Blog auto Carid\u00e9al","article_publisher":"https:\/\/www.facebook.com\/Carideal.mandataire.automobile","article_author":"https:\/\/www.facebook.com\/nicolas.schiavon.39","article_published_time":"2015-09-18T14:20:43+00:00","article_modified_time":"2020-03-08T17:02:10+00:00","og_image":[{"url":"http:\/\/www.carideal.com\/blog\/wp-content\/uploads\/2015\/09\/cyber-monday-carideal-mandataire-automobile-300x225.jpg","type":"","width":"","height":""}],"author":"Nicolas SCHIAVON","twitter_card":"summary_large_image","twitter_creator":"@caridealauto","twitter_site":"@caridealauto","twitter_misc":{"\u00c9crit par":"Nicolas SCHIAVON","Dur\u00e9e de lecture estim\u00e9e":"2 minutes"},"schema":{"@context":"https:\/\/schema.org","@graph":[{"@type":"Article","@id":"https:\/\/www.carideal.com\/blog\/2015\/09\/18\/ciber-monday-carideal-mandataire-automobile\/#article","isPartOf":{"@id":"https:\/\/www.carideal.com\/blog\/2015\/09\/18\/ciber-monday-carideal-mandataire-automobile\/"},"author":{"name":"Nicolas SCHIAVON","@id":"https:\/\/www.carideal.com\/blog\/#\/schema\/person\/cd95dc7919660de90d31b366f85be1ec"},"headline":"Cyber Monday automobile Carideal mandataire","datePublished":"2015-09-18T14:20:43+00:00","dateModified":"2020-03-08T17:02:10+00:00","mainEntityOfPage":{"@id":"https:\/\/www.carideal.com\/blog\/2015\/09\/18\/ciber-monday-carideal-mandataire-automobile\/"},"wordCount":447,"commentCount":0,"publisher":{"@id":"https:\/\/www.carideal.com\/blog\/#organization"},"image":{"@id":"https:\/\/www.carideal.com\/blog\/2015\/09\/18\/ciber-monday-carideal-mandataire-automobile\/#primaryimage"},"thumbnailUrl":"http:\/\/www.carideal.com\/blog\/wp-content\/uploads\/2015\/09\/cyber-monday-carideal-mandataire-automobile-300x225.jpg","keywords":["Remise voiture neuve"],"articleSection":["Actualit\u00e9 automobile"],"inLanguage":"fr-FR","potentialAction":[{"@type":"CommentAction","name":"Comment","target":["https:\/\/www.carideal.com\/blog\/2015\/09\/18\/ciber-monday-carideal-mandataire-automobile\/#respond"]}]},{"@type":"WebPage","@id":"https:\/\/www.carideal.com\/blog\/2015\/09\/18\/ciber-monday-carideal-mandataire-automobile\/","url":"https:\/\/www.carideal.com\/blog\/2015\/09\/18\/ciber-monday-carideal-mandataire-automobile\/","name":"Cyber Monday automobile Carideal mandataire - Blog auto Carid\u00e9al","isPartOf":{"@id":"https:\/\/www.carideal.com\/blog\/#website"},"primaryImageOfPage":{"@id":"https:\/\/www.carideal.com\/blog\/2015\/09\/18\/ciber-monday-carideal-mandataire-automobile\/#primaryimage"},"image":{"@id":"https:\/\/www.carideal.com\/blog\/2015\/09\/18\/ciber-monday-carideal-mandataire-automobile\/#primaryimage"},"thumbnailUrl":"http:\/\/www.carideal.com\/blog\/wp-content\/uploads\/2015\/09\/cyber-monday-carideal-mandataire-automobile-300x225.jpg","datePublished":"2015-09-18T14:20:43+00:00","dateModified":"2020-03-08T17:02:10+00:00","description":"Cyber Monday automobile, le ph\u00e9nom\u00e8ne atteint maintenant le monde de l'automobile avec des offres sp\u00e9cifiques qui peuvent reprendre le black friday.","breadcrumb":{"@id":"https:\/\/www.carideal.com\/blog\/2015\/09\/18\/ciber-monday-carideal-mandataire-automobile\/#breadcrumb"},"inLanguage":"fr-FR","potentialAction":[{"@type":"ReadAction","target":["https:\/\/www.carideal.com\/blog\/2015\/09\/18\/ciber-monday-carideal-mandataire-automobile\/"]}]},{"@type":"ImageObject","inLanguage":"fr-FR","@id":"https:\/\/www.carideal.com\/blog\/2015\/09\/18\/ciber-monday-carideal-mandataire-automobile\/#primaryimage","url":"http:\/\/www.carideal.com\/blog\/wp-content\/uploads\/2015\/09\/cyber-monday-carideal-mandataire-automobile-300x225.jpg","contentUrl":"http:\/\/www.carideal.com\/blog\/wp-content\/uploads\/2015\/09\/cyber-monday-carideal-mandataire-automobile-300x225.jpg"},{"@type":"BreadcrumbList","@id":"https:\/\/www.carideal.com\/blog\/2015\/09\/18\/ciber-monday-carideal-mandataire-automobile\/#breadcrumb","itemListElement":[{"@type":"ListItem","position":1,"name":"Blog Carid\u00e9al","item":"https:\/\/www.carideal.com\/blog\/"},{"@type":"ListItem","position":2,"name":"Actualit\u00e9 automobile","item":"https:\/\/www.carideal.com\/blog\/actualites-auto\/"},{"@type":"ListItem","position":3,"name":"Cyber Monday automobile Carideal mandataire"}]},{"@type":"WebSite","@id":"https:\/\/www.carideal.com\/blog\/#website","url":"https:\/\/www.carideal.com\/blog\/","name":"Blog auto Carid\u00e9al","description":"Actualit\u00e9 auto par des passionn\u00e9s","publisher":{"@id":"https:\/\/www.carideal.com\/blog\/#organization"},"potentialAction":[{"@type":"SearchAction","target":{"@type":"EntryPoint","urlTemplate":"https:\/\/www.carideal.com\/blog\/?s={search_term_string}"},"query-input":{"@type":"PropertyValueSpecification","valueRequired":true,"valueName":"search_term_string"}}],"inLanguage":"fr-FR"},{"@type":"Organization","@id":"https:\/\/www.carideal.com\/blog\/#organization","name":"Carideal","url":"https:\/\/www.carideal.com\/blog\/","logo":{"@type":"ImageObject","inLanguage":"fr-FR","@id":"https:\/\/www.carideal.com\/blog\/#\/schema\/logo\/image\/","url":"http:\/\/www.carideal.com\/blog\/wp-content\/uploads\/2016\/03\/logo-carideal-mandataire-automobile.png","contentUrl":"http:\/\/www.carideal.com\/blog\/wp-content\/uploads\/2016\/03\/logo-carideal-mandataire-automobile.png","width":300,"height":300,"caption":"Carideal"},"image":{"@id":"https:\/\/www.carideal.com\/blog\/#\/schema\/logo\/image\/"},"sameAs":["https:\/\/www.facebook.com\/Carideal.mandataire.automobile","https:\/\/x.com\/caridealauto","https:\/\/www.instagram.com\/carideal1\/","https:\/\/www.linkedin.com\/company\/carideal.com","https:\/\/fr.pinterest.com\/schiavonsas\/","https:\/\/www.youtube.com\/user\/caridealsas"]},{"@type":"Person","@id":"https:\/\/www.carideal.com\/blog\/#\/schema\/person\/cd95dc7919660de90d31b366f85be1ec","name":"Nicolas SCHIAVON","image":{"@type":"ImageObject","inLanguage":"fr-FR","@id":"https:\/\/www.carideal.com\/blog\/#\/schema\/person\/image\/","url":"https:\/\/secure.gravatar.com\/avatar\/c17e55009e671d92cc7f5dc837dc418a?s=96&r=g","contentUrl":"https:\/\/secure.gravatar.com\/avatar\/c17e55009e671d92cc7f5dc837dc418a?s=96&r=g","caption":"Nicolas SCHIAVON"},"description":"Nicolas Schiavon est tomb\u00e9 tout petit dans la marmite automobile. Ayant eu un garage de marque automobile, mandataire automobile de la premi\u00e8re heure d\u00e8s 1999. Nicolas a cr\u00e9\u00e9 ces premiers sites de vente de voiture et blog automobile d\u00e8s 1994. Carideal est n\u00e9 le 15 d\u00e9cembre 2000 de la volont\u00e9 de vendre des voitures d'occasions en ligne puis des voitures neuves. Il a pu essayer beaucoup de voitures tr\u00e8s diff\u00e9rentes et ayant eu personnellement quelques belles autos, Subaru Impreza, Mitsubishi Lancer Evo 7, Porsche 911, Ferrari Testarrossa, Audi RS3, RS4 et j'en passe...","sameAs":["http:\/\/www.carideal.com","https:\/\/www.facebook.com\/nicolas.schiavon.39","https:\/\/www.instagram.com\/carideal1\/","https:\/\/www.linkedin.com\/in\/nschiavon\/","https:\/\/x.com\/caridealauto","https:\/\/www.youtube.com\/user\/caridealsas\/"],"url":"https:\/\/www.carideal.com\/blog\/author\/nschiavon\/"}]}},"uagb_featured_image_src":{"full":false,"thumbnail":false,"medium":false,"medium_large":false,"large":false,"1536x1536":false,"2048x2048":false,"wppr-widget":false},"uagb_author_info":{"display_name":"Nicolas SCHIAVON","author_link":"https:\/\/www.carideal.com\/blog\/author\/nschiavon\/"},"uagb_comment_info":0,"uagb_excerpt":"Cyber Monday automobile Carideal mandataire auto Le Cyber Monday automobile est le vendredi qui suit le Black Friday et aura lieu cette ann\u00e9e le 30 Novembre 2015, grand jour de braderie aux \u00e9tats-unis. Les offres automobiles avec des remises \u00e9normes pour l'achat de votre voiture : Jusque 29 % de remise sur Citroen C4 neuve\u00a0http:\/\/www.carideal.com\/355-c4\u2026","_links":{"self":[{"href":"https:\/\/www.carideal.com\/blog\/wp-json\/wp\/v2\/posts\/6649"}],"collection":[{"href":"https:\/\/www.carideal.com\/blog\/wp-json\/wp\/v2\/posts"}],"about":[{"href":"https:\/\/www.carideal.com\/blog\/wp-json\/wp\/v2\/types\/post"}],"author":[{"embeddable":true,"href":"https:\/\/www.carideal.com\/blog\/wp-json\/wp\/v2\/users\/3"}],"replies":[{"embeddable":true,"href":"https:\/\/www.carideal.com\/blog\/wp-json\/wp\/v2\/comments?post=6649"}],"version-history":[{"count":0,"href":"https:\/\/www.carideal.com\/blog\/wp-json\/wp\/v2\/posts\/6649\/revisions"}],"wp:attachment":[{"href":"https:\/\/www.carideal.com\/blog\/wp-json\/wp\/v2\/media?parent=6649"}],"wp:term":[{"taxonomy":"category","embeddable":true,"href":"https:\/\/www.carideal.com\/blog\/wp-json\/wp\/v2\/categories?post=6649"},{"taxonomy":"post_tag","embeddable":true,"href":"https:\/\/www.carideal.com\/blog\/wp-json\/wp\/v2\/tags?post=6649"}],"curies":[{"name":"wp","href":"https:\/\/api.w.org\/{rel}","templated":true}]}}