{"id":6640,"date":"2015-09-18T15:05:30","date_gmt":"2015-09-18T13:05:30","guid":{"rendered":"http:\/\/www.carideal.com\/blog\/?p=6640"},"modified":"2020-03-08T18:02:12","modified_gmt":"2020-03-08T17:02:12","slug":"black-friday-du-mandataire-automobile-carideal","status":"publish","type":"post","link":"https:\/\/www.carideal.com\/blog\/2015\/09\/18\/black-friday-du-mandataire-automobile-carideal\/","title":{"rendered":"Black Friday automobile 2016 Mandataire auto"},"content":{"rendered":"<h1>Black Friday 2016 automobile du Mandataire automobile Carideal<\/h1>\n<figure id=\"attachment_6641\" aria-describedby=\"caption-attachment-6641\" style=\"width: 630px\" class=\"wp-caption alignnone\"><a href=\"http:\/\/www.carideal.com\/blog\/wp-content\/uploads\/2015\/09\/black-friday-carideal-mandataire-automobile-chambery.jpeg\"><img loading=\"lazy\" decoding=\"async\" class=\"wp-image-6641 size-large\" title=\"Black Friday automobile deals de Carideal Mandataire automobile, pendant 3 jours des offres de fou pour votre voiture\" src=\"http:\/\/www.carideal.com\/blog\/wp-content\/uploads\/2015\/09\/black-friday-carideal-mandataire-automobile-chambery-1024x768.jpeg\" alt=\"Black Friday automobile deals de Carideal Mandataire automobile, pendant 3 jours des offres de fou pour votre voiture\" width=\"640\" height=\"480\" \/><\/a><figcaption id=\"caption-attachment-6641\" class=\"wp-caption-text\">Black Friday automobile deals de Carideal Mandataire automobile, pendant 3 jours des offres de fou pour votre voiture<\/figcaption><\/figure>\n<p>Le Black Friday automobile aura lieu cette\u00a0ann\u00e9e le vendredi 25 Novembre 2015. La date est fix\u00e9 d'avance, c'est toujours\u00a0le premier vendredi suivant\u00a0la f\u00eate am\u00e9ricaine de Thanksgiving. Aux Etats-Unis il s'agit d'un jour tr\u00e8s sp\u00e9cial et important, v\u00e9ritable institution pour les am\u00e9ricains comme pour les commer\u00e7ants. Tout est mis en oeuvre pour r\u00e9aliser des affaires exceptionnelles et CARIDEAL vous fera b\u00e9n\u00e9ficier d'offres inratables du 27 au 29 Novembre. Restez connect\u00e9 \u00e0 cette page internet que nous allons mettre \u00e0 jour en temps voulu et retrouvez le meilleur des promotions du web pour l'achat de votre voiture avec des \u00e9normes remises...... il n'y en aura pas pour tout le monde !<\/p>\n<p>Citroen C4 avec des remises jusque -29 % !<\/p>\n<figure id=\"attachment_7072\" aria-describedby=\"caption-attachment-7072\" style=\"width: 290px\" class=\"wp-caption alignnone\"><a href=\"http:\/\/www.carideal.com\/blog\/wp-content\/uploads\/2015\/09\/citroen-nouvelle-gamme-c4-carideal-mandataire-automobile.jpg\"><img loading=\"lazy\" decoding=\"async\" class=\"size-medium wp-image-7072\" src=\"http:\/\/www.carideal.com\/blog\/wp-content\/uploads\/2015\/09\/citroen-nouvelle-gamme-c4-carideal-mandataire-automobile-300x167.jpg\" alt=\"Nouvelle Citroen C4 Avec des remise jusque -29 %\" width=\"300\" height=\"167\" srcset=\"https:\/\/www.carideal.com\/blog\/wp-content\/uploads\/2015\/09\/citroen-nouvelle-gamme-c4-carideal-mandataire-automobile-300x167.jpg 300w, https:\/\/www.carideal.com\/blog\/wp-content\/uploads\/2015\/09\/citroen-nouvelle-gamme-c4-carideal-mandataire-automobile-624x347.jpg 624w, https:\/\/www.carideal.com\/blog\/wp-content\/uploads\/2015\/09\/citroen-nouvelle-gamme-c4-carideal-mandataire-automobile.jpg 633w\" sizes=\"(max-width: 300px) 100vw, 300px\" \/><\/a><figcaption id=\"caption-attachment-7072\" class=\"wp-caption-text\">Nouvelle Citroen C4 Avec des remise jusque -29 %<\/figcaption><\/figure>\n<p>Volkswagen Golf avec des remises jusque -27 % !!<\/p>\n<figure id=\"attachment_7073\" aria-describedby=\"caption-attachment-7073\" style=\"width: 290px\" class=\"wp-caption alignnone\"><a href=\"http:\/\/www.carideal.com\/blog\/wp-content\/uploads\/2015\/09\/volkswagen-golf-7-carideal-mandataire-automobile.jpg\"><img loading=\"lazy\" decoding=\"async\" class=\"size-medium wp-image-7073\" src=\"http:\/\/www.carideal.com\/blog\/wp-content\/uploads\/2015\/09\/volkswagen-golf-7-carideal-mandataire-automobile-300x225.jpg\" alt=\"Volkswagen Golf avec des remises jusque -27%\" width=\"300\" height=\"225\" srcset=\"https:\/\/www.carideal.com\/blog\/wp-content\/uploads\/2015\/09\/volkswagen-golf-7-carideal-mandataire-automobile-300x225.jpg 300w, https:\/\/www.carideal.com\/blog\/wp-content\/uploads\/2015\/09\/volkswagen-golf-7-carideal-mandataire-automobile-624x467.jpg 624w, https:\/\/www.carideal.com\/blog\/wp-content\/uploads\/2015\/09\/volkswagen-golf-7-carideal-mandataire-automobile.jpg 633w\" sizes=\"(max-width: 300px) 100vw, 300px\" \/><\/a><figcaption id=\"caption-attachment-7073\" class=\"wp-caption-text\">Volkswagen Golf avec des remises jusque -27%<\/figcaption><\/figure>\n<p><strong>Renault Kadjar avec des remises jusque 20 %<\/strong><\/p>\n<figure id=\"attachment_7215\" aria-describedby=\"caption-attachment-7215\" style=\"width: 290px\" class=\"wp-caption alignnone\"><a href=\"http:\/\/www.carideal.com\/blog\/wp-content\/uploads\/2015\/09\/Renault-Kadjar-carideal-blog-automobile.jpg\"><img loading=\"lazy\" decoding=\"async\" class=\"size-medium wp-image-7215\" src=\"http:\/\/www.carideal.com\/blog\/wp-content\/uploads\/2015\/09\/Renault-Kadjar-carideal-blog-automobile-300x200.jpg\" alt=\"Le SUV Renault Kadjar avec 20 % de Remise\" width=\"300\" height=\"200\" srcset=\"https:\/\/www.carideal.com\/blog\/wp-content\/uploads\/2015\/09\/Renault-Kadjar-carideal-blog-automobile-300x200.jpg 300w, https:\/\/www.carideal.com\/blog\/wp-content\/uploads\/2015\/09\/Renault-Kadjar-carideal-blog-automobile-624x415.jpg 624w, https:\/\/www.carideal.com\/blog\/wp-content\/uploads\/2015\/09\/Renault-Kadjar-carideal-blog-automobile.jpg 633w\" sizes=\"(max-width: 300px) 100vw, 300px\" \/><\/a><figcaption id=\"caption-attachment-7215\" class=\"wp-caption-text\">Le SUV Renault Kadjar avec 20 % de Remise<\/figcaption><\/figure>\n<p><!-- Begin MailChimp Signup Form --><\/p>\n<div id=\"mc_embed_signup\">\n<form id=\"mc-embedded-subscribe-form\" class=\"validate\" action=\"\/\/carideal.us4.list-manage.com\/subscribe\/post?u=4d445955f12f23590f8aed465&amp;id=186be9b4cb\" method=\"post\" name=\"mc-embedded-subscribe-form\" novalidate=\"\" target=\"_blank\">\n<div id=\"mc_embed_signup_scroll\">\n<h2>Profitez des offres avant les autres<\/h2>\n<div class=\"indicates-required\"><span class=\"asterisk\">*<\/span> indicates required<\/div>\n<div class=\"mc-field-group\"><label for=\"mce-EMAIL\">Email Address <span class=\"asterisk\">*<\/span><br \/>\n<\/label><br \/>\n<input id=\"mce-EMAIL\" class=\"required email\" name=\"EMAIL\" type=\"email\" value=\"\" \/><\/div>\n<div class=\"mc-field-group input-group\">\n<p><strong>Email Format <\/strong><\/p>\n<ul>\n<li><input id=\"mce-EMAILTYPE-0\" name=\"EMAILTYPE\" type=\"radio\" value=\"html\" \/><label for=\"mce-EMAILTYPE-0\">html<\/label><\/li>\n<li><input id=\"mce-EMAILTYPE-1\" name=\"EMAILTYPE\" type=\"radio\" value=\"text\" \/><label for=\"mce-EMAILTYPE-1\">text<\/label><\/li>\n<\/ul>\n<\/div>\n<div id=\"mce-responses\" class=\"clear\"><\/div>\n<p><!-- real people should not fill this in and expect good things - do not remove this or risk form bot signups--><\/p>\n<div style=\"position: absolute; left: -5000px;\"><input tabindex=\"-1\" name=\"b_4d445955f12f23590f8aed465_186be9b4cb\" type=\"text\" value=\"\" \/><\/div>\n<div class=\"clear\"><input id=\"mc-embedded-subscribe\" class=\"button\" name=\"subscribe\" type=\"submit\" value=\"Subscribe\" \/><\/div>\n<\/div>\n<\/form>\n<\/div>\n<p><!--End mc_embed_signup--><\/p>\n<figure id=\"attachment_6642\" aria-describedby=\"caption-attachment-6642\" style=\"width: 630px\" class=\"wp-caption alignnone\"><a href=\"http:\/\/www.carideal.com\/blog\/wp-content\/uploads\/2015\/09\/black_friday_offres-inratables-carideal.jpg\"><img loading=\"lazy\" decoding=\"async\" class=\"wp-image-6642 size-full\" title=\"Black Friday automobile Deals les Offres inratables de Carideal Mandataire Auto\" src=\"http:\/\/www.carideal.com\/blog\/wp-content\/uploads\/2015\/09\/black_friday_offres-inratables-carideal.jpg\" alt=\"Black Friday automobile Deals les Offres inratables de Carideal Mandataire Auto\" width=\"640\" height=\"360\" srcset=\"https:\/\/www.carideal.com\/blog\/wp-content\/uploads\/2015\/09\/black_friday_offres-inratables-carideal.jpg 640w, https:\/\/www.carideal.com\/blog\/wp-content\/uploads\/2015\/09\/black_friday_offres-inratables-carideal-300x169.jpg 300w, https:\/\/www.carideal.com\/blog\/wp-content\/uploads\/2015\/09\/black_friday_offres-inratables-carideal-624x351.jpg 624w\" sizes=\"(max-width: 640px) 100vw, 640px\" \/><\/a><figcaption id=\"caption-attachment-6642\" class=\"wp-caption-text\">Black Friday automobile Deals les Offres inratables de Carideal Mandataire Auto<\/figcaption><\/figure>\n<p>En France nous avons le 11 Novembre jour de recueillement, aux \u00e9tats unis ils ont Thanksgiving et sa dinde \u00e0 Partager en Famille pour g\u00e2ter ses proches. Le Black Friday aux Etats-Unis d\u2019Am\u00e9rique, tombe le premier vendredi apr\u00e8s Thanksgiving, qui a lieu le dernier jeudi du mois de Novembre. Les USA sont la patrie du Commerce, c'est bien connu, les grands magasins et les commer\u00e7ants en g\u00e9n\u00e9ral font des remises tr\u00e8s importantes\u00a0sur tous les produits, des soldes g\u00e9antes en somme. Il y a un cot\u00e9 Festif,\u00a0les am\u00e9ricains se font des cadeaux et d\u00e9pensent de l'argent et profite du Black Friday.<br \/>\nLe Black Friday, est aussi surnomm\u00e9 le\u00a0Crazy Friday (Vendredi Fou), on a vu des clients camper devant les magasins avant l\u2019ouverture et se battre\u00a0 dans les rayons pour repartir avec\u00a0le produit convoit\u00e9, ou proposant le meilleur rabais. Fou non ?<\/p>\n<p>On sait bien que le mois de Novembre n'est pas un mois extraordinaire pour les ventes de voiture mais pourtant selon les analystes la donne change aux Etats-Unis depuis 2010, pour devenir un des meilleurs mois de l'ann\u00e9e. En 2014, il s'est vendu deux fois plus de voitures, le week-end de la f\u00eate de Thanksgiving, que les autres weekends.<\/p>\n<p>Les vendeurs s'attendaient effectivement \u00e0 un gros weekend, selon les journalistes. Les clients b\u00e9n\u00e9ficieront d'offres sp\u00e9ciales, de remises mais pas uniquement. Il repartiront aussi avec des tablette informatique, des\u00a0Xbox, autre\u00a0Wii ou un bon d'achat de 350 dollars pour toute voiture achet\u00e9e vendredi ou samedi.<\/p>\n<figure id=\"attachment_6645\" aria-describedby=\"caption-attachment-6645\" style=\"width: 290px\" class=\"wp-caption alignnone\"><a href=\"http:\/\/www.carideal.com\/blog\/wp-content\/uploads\/2015\/09\/black-friday-jour-fou-carideal-mandataire-automobile.jpg\"><img loading=\"lazy\" decoding=\"async\" class=\"wp-image-6645 size-medium\" title=\"Le Jour Fou des offres du Black Friday automobile By Carideal Mandataire auto\" src=\"http:\/\/www.carideal.com\/blog\/wp-content\/uploads\/2015\/09\/black-friday-jour-fou-carideal-mandataire-automobile-300x150.jpg\" alt=\"Le Jour Fou des offres du Black Friday automobile By Carideal Mandataire auto\" width=\"300\" height=\"150\" \/><\/a><figcaption id=\"caption-attachment-6645\" class=\"wp-caption-text\">Le Jour Fou des offres du Black Friday automobile By Carideal Mandataire auto<\/figcaption><\/figure>\n","protected":false},"excerpt":{"rendered":"<p>Black Friday 2016 automobile du Mandataire automobile Carideal Le Black Friday automobile aura lieu cette\u00a0ann\u00e9e le vendredi 25 Novembre 2015. La date est fix\u00e9 d&rsquo;avance, c&rsquo;est toujours\u00a0le premier vendredi suivant\u00a0la f\u00eate am\u00e9ricaine de Thanksgiving. Aux Etats-Unis il s&rsquo;agit d&rsquo;un jour tr\u00e8s sp\u00e9cial et important, v\u00e9ritable institution pour les am\u00e9ricains comme pour les commer\u00e7ants. Tout est &#8230; <a title=\"Black Friday automobile 2016 Mandataire auto\" class=\"read-more\" href=\"https:\/\/www.carideal.com\/blog\/2015\/09\/18\/black-friday-du-mandataire-automobile-carideal\/\" aria-label=\"En savoir plus sur Black Friday automobile 2016 Mandataire auto\">Lire plus<\/a><\/p>\n","protected":false},"author":3,"featured_media":6642,"comment_status":"open","ping_status":"open","sticky":false,"template":"","format":"standard","meta":{"_uag_custom_page_level_css":"","_themeisle_gutenberg_block_has_review":false,"footnotes":""},"categories":[21,3],"tags":[4129,29],"class_list":["post-6640","post","type-post","status-publish","format-standard","has-post-thumbnail","hentry","category-actualites-auto","category-actualites-financieres","tag-offre","tag-remise"],"wppr_data":{"cwp_meta_box_check":"No"},"yoast_head":"<!-- This site is optimized with the Yoast SEO plugin v24.8.1 - https:\/\/yoast.com\/wordpress\/plugins\/seo\/ -->\n<title>Black Friday automobile 2016 Mandataire auto - Blog auto Carid\u00e9al<\/title>\n<meta name=\"description\" content=\"Black friday automobile prend place le premier vendredi suivant Thanksgiving. on se rend compte que les ventes de voitures sont en augmentation depuis 2010\" \/>\n<meta name=\"robots\" content=\"index, follow, max-snippet:-1, max-image-preview:large, max-video-preview:-1\" \/>\n<link rel=\"canonical\" href=\"https:\/\/www.carideal.com\/blog\/2015\/09\/18\/black-friday-du-mandataire-automobile-carideal\/\" \/>\n<meta property=\"og:locale\" content=\"fr_FR\" \/>\n<meta property=\"og:type\" content=\"article\" \/>\n<meta property=\"og:title\" content=\"Black Friday automobile 2016 Mandataire auto - Blog auto Carid\u00e9al\" \/>\n<meta property=\"og:description\" content=\"Black friday automobile prend place le premier vendredi suivant Thanksgiving. on se rend compte que les ventes de voitures sont en augmentation depuis 2010\" \/>\n<meta property=\"og:url\" content=\"https:\/\/www.carideal.com\/blog\/2015\/09\/18\/black-friday-du-mandataire-automobile-carideal\/\" \/>\n<meta property=\"og:site_name\" content=\"Blog auto Carid\u00e9al\" \/>\n<meta property=\"article:publisher\" content=\"https:\/\/www.facebook.com\/Carideal.mandataire.automobile\" \/>\n<meta property=\"article:author\" content=\"https:\/\/www.facebook.com\/nicolas.schiavon.39\" \/>\n<meta property=\"article:published_time\" content=\"2015-09-18T13:05:30+00:00\" \/>\n<meta property=\"article:modified_time\" content=\"2020-03-08T17:02:12+00:00\" \/>\n<meta property=\"og:image\" content=\"https:\/\/www.carideal.com\/blog\/wp-content\/uploads\/2015\/09\/black_friday_offres-inratables-carideal.jpg\" \/>\n\t<meta property=\"og:image:width\" content=\"640\" \/>\n\t<meta property=\"og:image:height\" content=\"360\" \/>\n\t<meta property=\"og:image:type\" content=\"image\/jpeg\" \/>\n<meta name=\"author\" content=\"Nicolas SCHIAVON\" \/>\n<meta name=\"twitter:card\" content=\"summary_large_image\" \/>\n<meta name=\"twitter:creator\" content=\"@caridealauto\" \/>\n<meta name=\"twitter:site\" content=\"@caridealauto\" \/>\n<meta name=\"twitter:label1\" content=\"\u00c9crit par\" \/>\n\t<meta name=\"twitter:data1\" content=\"Nicolas SCHIAVON\" \/>\n\t<meta name=\"twitter:label2\" content=\"Dur\u00e9e de lecture estim\u00e9e\" \/>\n\t<meta name=\"twitter:data2\" content=\"3 minutes\" \/>\n<script type=\"application\/ld+json\" class=\"yoast-schema-graph\">{\"@context\":\"https:\/\/schema.org\",\"@graph\":[{\"@type\":\"Article\",\"@id\":\"https:\/\/www.carideal.com\/blog\/2015\/09\/18\/black-friday-du-mandataire-automobile-carideal\/#article\",\"isPartOf\":{\"@id\":\"https:\/\/www.carideal.com\/blog\/2015\/09\/18\/black-friday-du-mandataire-automobile-carideal\/\"},\"author\":{\"name\":\"Nicolas SCHIAVON\",\"@id\":\"https:\/\/www.carideal.com\/blog\/#\/schema\/person\/cd95dc7919660de90d31b366f85be1ec\"},\"headline\":\"Black Friday automobile 2016 Mandataire auto\",\"datePublished\":\"2015-09-18T13:05:30+00:00\",\"dateModified\":\"2020-03-08T17:02:12+00:00\",\"mainEntityOfPage\":{\"@id\":\"https:\/\/www.carideal.com\/blog\/2015\/09\/18\/black-friday-du-mandataire-automobile-carideal\/\"},\"wordCount\":527,\"commentCount\":0,\"publisher\":{\"@id\":\"https:\/\/www.carideal.com\/blog\/#organization\"},\"image\":{\"@id\":\"https:\/\/www.carideal.com\/blog\/2015\/09\/18\/black-friday-du-mandataire-automobile-carideal\/#primaryimage\"},\"thumbnailUrl\":\"https:\/\/www.carideal.com\/blog\/wp-content\/uploads\/2015\/09\/black_friday_offres-inratables-carideal.jpg\",\"keywords\":[\"Offre Automobile\",\"Remise voiture neuve\"],\"articleSection\":[\"Actualit\u00e9 automobile\",\"Actualit\u00e9 Financi\u00e8re\"],\"inLanguage\":\"fr-FR\",\"potentialAction\":[{\"@type\":\"CommentAction\",\"name\":\"Comment\",\"target\":[\"https:\/\/www.carideal.com\/blog\/2015\/09\/18\/black-friday-du-mandataire-automobile-carideal\/#respond\"]}]},{\"@type\":\"WebPage\",\"@id\":\"https:\/\/www.carideal.com\/blog\/2015\/09\/18\/black-friday-du-mandataire-automobile-carideal\/\",\"url\":\"https:\/\/www.carideal.com\/blog\/2015\/09\/18\/black-friday-du-mandataire-automobile-carideal\/\",\"name\":\"Black Friday automobile 2016 Mandataire auto - Blog auto Carid\u00e9al\",\"isPartOf\":{\"@id\":\"https:\/\/www.carideal.com\/blog\/#website\"},\"primaryImageOfPage\":{\"@id\":\"https:\/\/www.carideal.com\/blog\/2015\/09\/18\/black-friday-du-mandataire-automobile-carideal\/#primaryimage\"},\"image\":{\"@id\":\"https:\/\/www.carideal.com\/blog\/2015\/09\/18\/black-friday-du-mandataire-automobile-carideal\/#primaryimage\"},\"thumbnailUrl\":\"https:\/\/www.carideal.com\/blog\/wp-content\/uploads\/2015\/09\/black_friday_offres-inratables-carideal.jpg\",\"datePublished\":\"2015-09-18T13:05:30+00:00\",\"dateModified\":\"2020-03-08T17:02:12+00:00\",\"description\":\"Black friday automobile prend place le premier vendredi suivant Thanksgiving. on se rend compte que les ventes de voitures sont en augmentation depuis 2010\",\"breadcrumb\":{\"@id\":\"https:\/\/www.carideal.com\/blog\/2015\/09\/18\/black-friday-du-mandataire-automobile-carideal\/#breadcrumb\"},\"inLanguage\":\"fr-FR\",\"potentialAction\":[{\"@type\":\"ReadAction\",\"target\":[\"https:\/\/www.carideal.com\/blog\/2015\/09\/18\/black-friday-du-mandataire-automobile-carideal\/\"]}]},{\"@type\":\"ImageObject\",\"inLanguage\":\"fr-FR\",\"@id\":\"https:\/\/www.carideal.com\/blog\/2015\/09\/18\/black-friday-du-mandataire-automobile-carideal\/#primaryimage\",\"url\":\"https:\/\/www.carideal.com\/blog\/wp-content\/uploads\/2015\/09\/black_friday_offres-inratables-carideal.jpg\",\"contentUrl\":\"https:\/\/www.carideal.com\/blog\/wp-content\/uploads\/2015\/09\/black_friday_offres-inratables-carideal.jpg\",\"width\":640,\"height\":360,\"caption\":\"Black Friday Deals les Offres inratables de Carideal Mandataire Automobile\"},{\"@type\":\"BreadcrumbList\",\"@id\":\"https:\/\/www.carideal.com\/blog\/2015\/09\/18\/black-friday-du-mandataire-automobile-carideal\/#breadcrumb\",\"itemListElement\":[{\"@type\":\"ListItem\",\"position\":1,\"name\":\"Blog Carid\u00e9al\",\"item\":\"https:\/\/www.carideal.com\/blog\/\"},{\"@type\":\"ListItem\",\"position\":2,\"name\":\"Actualit\u00e9 automobile\",\"item\":\"https:\/\/www.carideal.com\/blog\/actualites-auto\/\"},{\"@type\":\"ListItem\",\"position\":3,\"name\":\"Black Friday automobile 2016 Mandataire auto\"}]},{\"@type\":\"WebSite\",\"@id\":\"https:\/\/www.carideal.com\/blog\/#website\",\"url\":\"https:\/\/www.carideal.com\/blog\/\",\"name\":\"Blog auto Carid\u00e9al\",\"description\":\"Actualit\u00e9 auto par des passionn\u00e9s\",\"publisher\":{\"@id\":\"https:\/\/www.carideal.com\/blog\/#organization\"},\"potentialAction\":[{\"@type\":\"SearchAction\",\"target\":{\"@type\":\"EntryPoint\",\"urlTemplate\":\"https:\/\/www.carideal.com\/blog\/?s={search_term_string}\"},\"query-input\":{\"@type\":\"PropertyValueSpecification\",\"valueRequired\":true,\"valueName\":\"search_term_string\"}}],\"inLanguage\":\"fr-FR\"},{\"@type\":\"Organization\",\"@id\":\"https:\/\/www.carideal.com\/blog\/#organization\",\"name\":\"Carideal\",\"url\":\"https:\/\/www.carideal.com\/blog\/\",\"logo\":{\"@type\":\"ImageObject\",\"inLanguage\":\"fr-FR\",\"@id\":\"https:\/\/www.carideal.com\/blog\/#\/schema\/logo\/image\/\",\"url\":\"http:\/\/www.carideal.com\/blog\/wp-content\/uploads\/2016\/03\/logo-carideal-mandataire-automobile.png\",\"contentUrl\":\"http:\/\/www.carideal.com\/blog\/wp-content\/uploads\/2016\/03\/logo-carideal-mandataire-automobile.png\",\"width\":300,\"height\":300,\"caption\":\"Carideal\"},\"image\":{\"@id\":\"https:\/\/www.carideal.com\/blog\/#\/schema\/logo\/image\/\"},\"sameAs\":[\"https:\/\/www.facebook.com\/Carideal.mandataire.automobile\",\"https:\/\/x.com\/caridealauto\",\"https:\/\/www.instagram.com\/carideal1\/\",\"https:\/\/www.linkedin.com\/company\/carideal.com\",\"https:\/\/fr.pinterest.com\/schiavonsas\/\",\"https:\/\/www.youtube.com\/user\/caridealsas\"]},{\"@type\":\"Person\",\"@id\":\"https:\/\/www.carideal.com\/blog\/#\/schema\/person\/cd95dc7919660de90d31b366f85be1ec\",\"name\":\"Nicolas SCHIAVON\",\"image\":{\"@type\":\"ImageObject\",\"inLanguage\":\"fr-FR\",\"@id\":\"https:\/\/www.carideal.com\/blog\/#\/schema\/person\/image\/\",\"url\":\"https:\/\/secure.gravatar.com\/avatar\/c17e55009e671d92cc7f5dc837dc418a?s=96&r=g\",\"contentUrl\":\"https:\/\/secure.gravatar.com\/avatar\/c17e55009e671d92cc7f5dc837dc418a?s=96&r=g\",\"caption\":\"Nicolas SCHIAVON\"},\"description\":\"Nicolas Schiavon est tomb\u00e9 tout petit dans la marmite automobile. Ayant eu un garage de marque automobile, mandataire automobile de la premi\u00e8re heure d\u00e8s 1999. Nicolas a cr\u00e9\u00e9 ces premiers sites de vente de voiture et blog automobile d\u00e8s 1994. Carideal est n\u00e9 le 15 d\u00e9cembre 2000 de la volont\u00e9 de vendre des voitures d'occasions en ligne puis des voitures neuves. Il a pu essayer beaucoup de voitures tr\u00e8s diff\u00e9rentes et ayant eu personnellement quelques belles autos, Subaru Impreza, Mitsubishi Lancer Evo 7, Porsche 911, Ferrari Testarrossa, Audi RS3, RS4 et j'en passe...\",\"sameAs\":[\"http:\/\/www.carideal.com\",\"https:\/\/www.facebook.com\/nicolas.schiavon.39\",\"https:\/\/www.instagram.com\/carideal1\/\",\"https:\/\/www.linkedin.com\/in\/nschiavon\/\",\"https:\/\/x.com\/caridealauto\",\"https:\/\/www.youtube.com\/user\/caridealsas\/\"],\"url\":\"https:\/\/www.carideal.com\/blog\/author\/nschiavon\/\"}]}<\/script>\n<!-- \/ Yoast SEO plugin. -->","yoast_head_json":{"title":"Black Friday automobile 2016 Mandataire auto - Blog auto Carid\u00e9al","description":"Black friday automobile prend place le premier vendredi suivant Thanksgiving. on se rend compte que les ventes de voitures sont en augmentation depuis 2010","robots":{"index":"index","follow":"follow","max-snippet":"max-snippet:-1","max-image-preview":"max-image-preview:large","max-video-preview":"max-video-preview:-1"},"canonical":"https:\/\/www.carideal.com\/blog\/2015\/09\/18\/black-friday-du-mandataire-automobile-carideal\/","og_locale":"fr_FR","og_type":"article","og_title":"Black Friday automobile 2016 Mandataire auto - Blog auto Carid\u00e9al","og_description":"Black friday automobile prend place le premier vendredi suivant Thanksgiving. on se rend compte que les ventes de voitures sont en augmentation depuis 2010","og_url":"https:\/\/www.carideal.com\/blog\/2015\/09\/18\/black-friday-du-mandataire-automobile-carideal\/","og_site_name":"Blog auto Carid\u00e9al","article_publisher":"https:\/\/www.facebook.com\/Carideal.mandataire.automobile","article_author":"https:\/\/www.facebook.com\/nicolas.schiavon.39","article_published_time":"2015-09-18T13:05:30+00:00","article_modified_time":"2020-03-08T17:02:12+00:00","og_image":[{"width":640,"height":360,"url":"https:\/\/www.carideal.com\/blog\/wp-content\/uploads\/2015\/09\/black_friday_offres-inratables-carideal.jpg","type":"image\/jpeg"}],"author":"Nicolas SCHIAVON","twitter_card":"summary_large_image","twitter_creator":"@caridealauto","twitter_site":"@caridealauto","twitter_misc":{"\u00c9crit par":"Nicolas SCHIAVON","Dur\u00e9e de lecture estim\u00e9e":"3 minutes"},"schema":{"@context":"https:\/\/schema.org","@graph":[{"@type":"Article","@id":"https:\/\/www.carideal.com\/blog\/2015\/09\/18\/black-friday-du-mandataire-automobile-carideal\/#article","isPartOf":{"@id":"https:\/\/www.carideal.com\/blog\/2015\/09\/18\/black-friday-du-mandataire-automobile-carideal\/"},"author":{"name":"Nicolas SCHIAVON","@id":"https:\/\/www.carideal.com\/blog\/#\/schema\/person\/cd95dc7919660de90d31b366f85be1ec"},"headline":"Black Friday automobile 2016 Mandataire auto","datePublished":"2015-09-18T13:05:30+00:00","dateModified":"2020-03-08T17:02:12+00:00","mainEntityOfPage":{"@id":"https:\/\/www.carideal.com\/blog\/2015\/09\/18\/black-friday-du-mandataire-automobile-carideal\/"},"wordCount":527,"commentCount":0,"publisher":{"@id":"https:\/\/www.carideal.com\/blog\/#organization"},"image":{"@id":"https:\/\/www.carideal.com\/blog\/2015\/09\/18\/black-friday-du-mandataire-automobile-carideal\/#primaryimage"},"thumbnailUrl":"https:\/\/www.carideal.com\/blog\/wp-content\/uploads\/2015\/09\/black_friday_offres-inratables-carideal.jpg","keywords":["Offre Automobile","Remise voiture neuve"],"articleSection":["Actualit\u00e9 automobile","Actualit\u00e9 Financi\u00e8re"],"inLanguage":"fr-FR","potentialAction":[{"@type":"CommentAction","name":"Comment","target":["https:\/\/www.carideal.com\/blog\/2015\/09\/18\/black-friday-du-mandataire-automobile-carideal\/#respond"]}]},{"@type":"WebPage","@id":"https:\/\/www.carideal.com\/blog\/2015\/09\/18\/black-friday-du-mandataire-automobile-carideal\/","url":"https:\/\/www.carideal.com\/blog\/2015\/09\/18\/black-friday-du-mandataire-automobile-carideal\/","name":"Black Friday automobile 2016 Mandataire auto - Blog auto Carid\u00e9al","isPartOf":{"@id":"https:\/\/www.carideal.com\/blog\/#website"},"primaryImageOfPage":{"@id":"https:\/\/www.carideal.com\/blog\/2015\/09\/18\/black-friday-du-mandataire-automobile-carideal\/#primaryimage"},"image":{"@id":"https:\/\/www.carideal.com\/blog\/2015\/09\/18\/black-friday-du-mandataire-automobile-carideal\/#primaryimage"},"thumbnailUrl":"https:\/\/www.carideal.com\/blog\/wp-content\/uploads\/2015\/09\/black_friday_offres-inratables-carideal.jpg","datePublished":"2015-09-18T13:05:30+00:00","dateModified":"2020-03-08T17:02:12+00:00","description":"Black friday automobile prend place le premier vendredi suivant Thanksgiving. on se rend compte que les ventes de voitures sont en augmentation depuis 2010","breadcrumb":{"@id":"https:\/\/www.carideal.com\/blog\/2015\/09\/18\/black-friday-du-mandataire-automobile-carideal\/#breadcrumb"},"inLanguage":"fr-FR","potentialAction":[{"@type":"ReadAction","target":["https:\/\/www.carideal.com\/blog\/2015\/09\/18\/black-friday-du-mandataire-automobile-carideal\/"]}]},{"@type":"ImageObject","inLanguage":"fr-FR","@id":"https:\/\/www.carideal.com\/blog\/2015\/09\/18\/black-friday-du-mandataire-automobile-carideal\/#primaryimage","url":"https:\/\/www.carideal.com\/blog\/wp-content\/uploads\/2015\/09\/black_friday_offres-inratables-carideal.jpg","contentUrl":"https:\/\/www.carideal.com\/blog\/wp-content\/uploads\/2015\/09\/black_friday_offres-inratables-carideal.jpg","width":640,"height":360,"caption":"Black Friday Deals les Offres inratables de Carideal Mandataire Automobile"},{"@type":"BreadcrumbList","@id":"https:\/\/www.carideal.com\/blog\/2015\/09\/18\/black-friday-du-mandataire-automobile-carideal\/#breadcrumb","itemListElement":[{"@type":"ListItem","position":1,"name":"Blog Carid\u00e9al","item":"https:\/\/www.carideal.com\/blog\/"},{"@type":"ListItem","position":2,"name":"Actualit\u00e9 automobile","item":"https:\/\/www.carideal.com\/blog\/actualites-auto\/"},{"@type":"ListItem","position":3,"name":"Black Friday automobile 2016 Mandataire auto"}]},{"@type":"WebSite","@id":"https:\/\/www.carideal.com\/blog\/#website","url":"https:\/\/www.carideal.com\/blog\/","name":"Blog auto Carid\u00e9al","description":"Actualit\u00e9 auto par des passionn\u00e9s","publisher":{"@id":"https:\/\/www.carideal.com\/blog\/#organization"},"potentialAction":[{"@type":"SearchAction","target":{"@type":"EntryPoint","urlTemplate":"https:\/\/www.carideal.com\/blog\/?s={search_term_string}"},"query-input":{"@type":"PropertyValueSpecification","valueRequired":true,"valueName":"search_term_string"}}],"inLanguage":"fr-FR"},{"@type":"Organization","@id":"https:\/\/www.carideal.com\/blog\/#organization","name":"Carideal","url":"https:\/\/www.carideal.com\/blog\/","logo":{"@type":"ImageObject","inLanguage":"fr-FR","@id":"https:\/\/www.carideal.com\/blog\/#\/schema\/logo\/image\/","url":"http:\/\/www.carideal.com\/blog\/wp-content\/uploads\/2016\/03\/logo-carideal-mandataire-automobile.png","contentUrl":"http:\/\/www.carideal.com\/blog\/wp-content\/uploads\/2016\/03\/logo-carideal-mandataire-automobile.png","width":300,"height":300,"caption":"Carideal"},"image":{"@id":"https:\/\/www.carideal.com\/blog\/#\/schema\/logo\/image\/"},"sameAs":["https:\/\/www.facebook.com\/Carideal.mandataire.automobile","https:\/\/x.com\/caridealauto","https:\/\/www.instagram.com\/carideal1\/","https:\/\/www.linkedin.com\/company\/carideal.com","https:\/\/fr.pinterest.com\/schiavonsas\/","https:\/\/www.youtube.com\/user\/caridealsas"]},{"@type":"Person","@id":"https:\/\/www.carideal.com\/blog\/#\/schema\/person\/cd95dc7919660de90d31b366f85be1ec","name":"Nicolas SCHIAVON","image":{"@type":"ImageObject","inLanguage":"fr-FR","@id":"https:\/\/www.carideal.com\/blog\/#\/schema\/person\/image\/","url":"https:\/\/secure.gravatar.com\/avatar\/c17e55009e671d92cc7f5dc837dc418a?s=96&r=g","contentUrl":"https:\/\/secure.gravatar.com\/avatar\/c17e55009e671d92cc7f5dc837dc418a?s=96&r=g","caption":"Nicolas SCHIAVON"},"description":"Nicolas Schiavon est tomb\u00e9 tout petit dans la marmite automobile. Ayant eu un garage de marque automobile, mandataire automobile de la premi\u00e8re heure d\u00e8s 1999. Nicolas a cr\u00e9\u00e9 ces premiers sites de vente de voiture et blog automobile d\u00e8s 1994. Carideal est n\u00e9 le 15 d\u00e9cembre 2000 de la volont\u00e9 de vendre des voitures d'occasions en ligne puis des voitures neuves. Il a pu essayer beaucoup de voitures tr\u00e8s diff\u00e9rentes et ayant eu personnellement quelques belles autos, Subaru Impreza, Mitsubishi Lancer Evo 7, Porsche 911, Ferrari Testarrossa, Audi RS3, RS4 et j'en passe...","sameAs":["http:\/\/www.carideal.com","https:\/\/www.facebook.com\/nicolas.schiavon.39","https:\/\/www.instagram.com\/carideal1\/","https:\/\/www.linkedin.com\/in\/nschiavon\/","https:\/\/x.com\/caridealauto","https:\/\/www.youtube.com\/user\/caridealsas\/"],"url":"https:\/\/www.carideal.com\/blog\/author\/nschiavon\/"}]}},"uagb_featured_image_src":{"full":["https:\/\/www.carideal.com\/blog\/wp-content\/uploads\/2015\/09\/black_friday_offres-inratables-carideal.jpg",640,360,false],"thumbnail":["https:\/\/www.carideal.com\/blog\/wp-content\/uploads\/2015\/09\/black_friday_offres-inratables-carideal-150x150.jpg",150,150,true],"medium":["https:\/\/www.carideal.com\/blog\/wp-content\/uploads\/2015\/09\/black_friday_offres-inratables-carideal-300x169.jpg",300,169,true],"medium_large":["https:\/\/www.carideal.com\/blog\/wp-content\/uploads\/2015\/09\/black_friday_offres-inratables-carideal.jpg",640,360,false],"large":["https:\/\/www.carideal.com\/blog\/wp-content\/uploads\/2015\/09\/black_friday_offres-inratables-carideal.jpg",640,360,false],"1536x1536":["https:\/\/www.carideal.com\/blog\/wp-content\/uploads\/2015\/09\/black_friday_offres-inratables-carideal.jpg",640,360,false],"2048x2048":["https:\/\/www.carideal.com\/blog\/wp-content\/uploads\/2015\/09\/black_friday_offres-inratables-carideal.jpg",640,360,false],"wppr-widget":["https:\/\/www.carideal.com\/blog\/wp-content\/uploads\/2015\/09\/black_friday_offres-inratables-carideal.jpg",50,28,false]},"uagb_author_info":{"display_name":"Nicolas SCHIAVON","author_link":"https:\/\/www.carideal.com\/blog\/author\/nschiavon\/"},"uagb_comment_info":0,"uagb_excerpt":"Black Friday 2016 automobile du Mandataire automobile Carideal Le Black Friday automobile aura lieu cette\u00a0ann\u00e9e le vendredi 25 Novembre 2015. La date est fix\u00e9 d'avance, c'est toujours\u00a0le premier vendredi suivant\u00a0la f\u00eate am\u00e9ricaine de Thanksgiving. Aux Etats-Unis il s'agit d'un jour tr\u00e8s sp\u00e9cial et important, v\u00e9ritable institution pour les am\u00e9ricains comme pour les commer\u00e7ants. Tout est\u2026","_links":{"self":[{"href":"https:\/\/www.carideal.com\/blog\/wp-json\/wp\/v2\/posts\/6640"}],"collection":[{"href":"https:\/\/www.carideal.com\/blog\/wp-json\/wp\/v2\/posts"}],"about":[{"href":"https:\/\/www.carideal.com\/blog\/wp-json\/wp\/v2\/types\/post"}],"author":[{"embeddable":true,"href":"https:\/\/www.carideal.com\/blog\/wp-json\/wp\/v2\/users\/3"}],"replies":[{"embeddable":true,"href":"https:\/\/www.carideal.com\/blog\/wp-json\/wp\/v2\/comments?post=6640"}],"version-history":[{"count":0,"href":"https:\/\/www.carideal.com\/blog\/wp-json\/wp\/v2\/posts\/6640\/revisions"}],"wp:featuredmedia":[{"embeddable":true,"href":"https:\/\/www.carideal.com\/blog\/wp-json\/wp\/v2\/media\/6642"}],"wp:attachment":[{"href":"https:\/\/www.carideal.com\/blog\/wp-json\/wp\/v2\/media?parent=6640"}],"wp:term":[{"taxonomy":"category","embeddable":true,"href":"https:\/\/www.carideal.com\/blog\/wp-json\/wp\/v2\/categories?post=6640"},{"taxonomy":"post_tag","embeddable":true,"href":"https:\/\/www.carideal.com\/blog\/wp-json\/wp\/v2\/tags?post=6640"}],"curies":[{"name":"wp","href":"https:\/\/api.w.org\/{rel}","templated":true}]}}