{"id":664,"date":"2014-06-13T09:40:00","date_gmt":"2014-06-13T09:40:00","guid":{"rendered":"http:\/\/carideal.com\/blog\/?p=664"},"modified":"2020-03-07T16:54:39","modified_gmt":"2020-03-07T15:54:39","slug":"valeur-de-revente-des-vehicules-ecologiques","status":"publish","type":"post","link":"https:\/\/www.carideal.com\/blog\/2014\/06\/13\/valeur-de-revente-des-vehicules-ecologiques\/","title":{"rendered":"Valeur de revente des vehicules ecologiques"},"content":{"rendered":"<p>Les mesures des pouvoirs publics pour pousser vers les v\u00e9hicules \u00e0 \u00e9nergie alternative ont port\u00e9 leurs fruits. En effet, les \u00e9missions moyennes de Co2 ont diminu\u00e9 de 8 g\/km ceci gr\u00e2ce a la forte apparition des v\u00e9hicules hybrides et \u00e9lectriques. Ces \u00e9nergies alternatives repr\u00e9sentent 3.22 % du march\u00e9 en 2013.<br \/>\nL'hybride est pr\u00e9f\u00e9r\u00e9 \u00e0 l'\u00e9lectrique. En effet, elle parait le juste milieu des deux car dans l'\u00e9tat d\u2019esprit g\u00e9n\u00e9rale quand l\u2019\u00e9lectrique ne suit plus, le thermique prend le relais.<br \/>\nL\u2019int\u00e9r\u00eat pour la Cote Argus des v\u00e9hicules hybrides est en pleine \u00e9mergence. Les v\u00e9hicules \u00e9lectriques neufs n'ont d\u00e9j\u00e0 pas une bonne cote pour le public, il est donc logique que sa valeur \u00e0 la revente soit moindre. Quant \u00e0 l'hybride il ne g\u00e9n\u00e8re pas de rupture aux modes d'utilisation comme avec l\u2019\u00e9lectrique. Il est donc le plus pl\u00e9biscit\u00e9. La valeur r\u00e9siduelle est donc nettement sup\u00e9rieur \u00e0 celle des v\u00e9hicules thermiques.<\/p>\n","protected":false},"excerpt":{"rendered":"<p>Les mesures des pouvoirs publics pour pousser vers les v\u00e9hicules \u00e0 \u00e9nergie alternative ont port\u00e9 leurs fruits. En effet, les \u00e9missions moyennes de Co2 ont diminu\u00e9 de 8 g\/km ceci gr\u00e2ce a la forte apparition des v\u00e9hicules hybrides et \u00e9lectriques. Ces \u00e9nergies alternatives repr\u00e9sentent 3.22 % du march\u00e9 en 2013. L&rsquo;hybride est pr\u00e9f\u00e9r\u00e9 \u00e0 l&rsquo;\u00e9lectrique. &#8230; <a title=\"Valeur de revente des vehicules ecologiques\" class=\"read-more\" href=\"https:\/\/www.carideal.com\/blog\/2014\/06\/13\/valeur-de-revente-des-vehicules-ecologiques\/\" aria-label=\"En savoir plus sur Valeur de revente des vehicules ecologiques\">Lire plus<\/a><\/p>\n","protected":false},"author":1,"featured_media":0,"comment_status":"closed","ping_status":"open","sticky":false,"template":"","format":"standard","meta":{"_uag_custom_page_level_css":"","_themeisle_gutenberg_block_has_review":false,"footnotes":""},"categories":[9],"tags":[60],"class_list":["post-664","post","type-post","status-publish","format-standard","hentry","category-divers","tag-co2"],"wppr_data":[],"yoast_head":"<!-- This site is optimized with the Yoast SEO plugin v24.8.1 - https:\/\/yoast.com\/wordpress\/plugins\/seo\/ -->\n<title>Valeur de revente des vehicules ecologiques - Blog auto Carid\u00e9al<\/title>\n<meta name=\"robots\" content=\"index, follow, max-snippet:-1, max-image-preview:large, max-video-preview:-1\" \/>\n<link rel=\"canonical\" href=\"https:\/\/www.carideal.com\/blog\/2014\/06\/13\/valeur-de-revente-des-vehicules-ecologiques\/\" \/>\n<meta property=\"og:locale\" content=\"fr_FR\" \/>\n<meta property=\"og:type\" content=\"article\" \/>\n<meta property=\"og:title\" content=\"Valeur de revente des vehicules ecologiques - Blog auto Carid\u00e9al\" \/>\n<meta property=\"og:description\" content=\"Les mesures des pouvoirs publics pour pousser vers les v\u00e9hicules \u00e0 \u00e9nergie alternative ont port\u00e9 leurs fruits. En effet, les \u00e9missions moyennes de Co2 ont diminu\u00e9 de 8 g\/km ceci gr\u00e2ce a la forte apparition des v\u00e9hicules hybrides et \u00e9lectriques. Ces \u00e9nergies alternatives repr\u00e9sentent 3.22 % du march\u00e9 en 2013. L&#039;hybride est pr\u00e9f\u00e9r\u00e9 \u00e0 l&#039;\u00e9lectrique. ... Lire plus\" \/>\n<meta property=\"og:url\" content=\"https:\/\/www.carideal.com\/blog\/2014\/06\/13\/valeur-de-revente-des-vehicules-ecologiques\/\" \/>\n<meta property=\"og:site_name\" content=\"Blog auto Carid\u00e9al\" \/>\n<meta property=\"article:publisher\" content=\"https:\/\/www.facebook.com\/Carideal.mandataire.automobile\" \/>\n<meta property=\"article:author\" content=\"https:\/\/www.facebook.com\/Carideal.mandataire.automobile\/\" \/>\n<meta property=\"article:published_time\" content=\"2014-06-13T09:40:00+00:00\" \/>\n<meta property=\"article:modified_time\" content=\"2020-03-07T15:54:39+00:00\" \/>\n<meta property=\"og:image\" content=\"https:\/\/www.carideal.com\/blog\/wp-content\/uploads\/2016\/03\/logo-carideal-mandataire-automobile.png\" \/>\n\t<meta property=\"og:image:width\" content=\"300\" \/>\n\t<meta property=\"og:image:height\" content=\"300\" \/>\n\t<meta property=\"og:image:type\" content=\"image\/png\" \/>\n<meta name=\"author\" content=\"N.S Carideal\" \/>\n<meta name=\"twitter:card\" content=\"summary_large_image\" \/>\n<meta name=\"twitter:creator\" content=\"@caridealauto\" \/>\n<meta name=\"twitter:site\" content=\"@caridealauto\" \/>\n<meta name=\"twitter:label1\" content=\"\u00c9crit par\" \/>\n\t<meta name=\"twitter:data1\" content=\"N.S Carideal\" \/>\n\t<meta name=\"twitter:label2\" content=\"Dur\u00e9e de lecture estim\u00e9e\" \/>\n\t<meta name=\"twitter:data2\" content=\"1 minute\" \/>\n<script type=\"application\/ld+json\" class=\"yoast-schema-graph\">{\"@context\":\"https:\/\/schema.org\",\"@graph\":[{\"@type\":\"Article\",\"@id\":\"https:\/\/www.carideal.com\/blog\/2014\/06\/13\/valeur-de-revente-des-vehicules-ecologiques\/#article\",\"isPartOf\":{\"@id\":\"https:\/\/www.carideal.com\/blog\/2014\/06\/13\/valeur-de-revente-des-vehicules-ecologiques\/\"},\"author\":{\"name\":\"N.S Carideal\",\"@id\":\"https:\/\/www.carideal.com\/blog\/#\/schema\/person\/985c7e757d1042d647f21bfaf8d41ebc\"},\"headline\":\"Valeur de revente des vehicules ecologiques\",\"datePublished\":\"2014-06-13T09:40:00+00:00\",\"dateModified\":\"2020-03-07T15:54:39+00:00\",\"mainEntityOfPage\":{\"@id\":\"https:\/\/www.carideal.com\/blog\/2014\/06\/13\/valeur-de-revente-des-vehicules-ecologiques\/\"},\"wordCount\":172,\"publisher\":{\"@id\":\"https:\/\/www.carideal.com\/blog\/#organization\"},\"keywords\":[\"CO2 \u00e9mission de CO2\"],\"articleSection\":[\"Divers\"],\"inLanguage\":\"fr-FR\"},{\"@type\":\"WebPage\",\"@id\":\"https:\/\/www.carideal.com\/blog\/2014\/06\/13\/valeur-de-revente-des-vehicules-ecologiques\/\",\"url\":\"https:\/\/www.carideal.com\/blog\/2014\/06\/13\/valeur-de-revente-des-vehicules-ecologiques\/\",\"name\":\"Valeur de revente des vehicules ecologiques - Blog auto Carid\u00e9al\",\"isPartOf\":{\"@id\":\"https:\/\/www.carideal.com\/blog\/#website\"},\"datePublished\":\"2014-06-13T09:40:00+00:00\",\"dateModified\":\"2020-03-07T15:54:39+00:00\",\"breadcrumb\":{\"@id\":\"https:\/\/www.carideal.com\/blog\/2014\/06\/13\/valeur-de-revente-des-vehicules-ecologiques\/#breadcrumb\"},\"inLanguage\":\"fr-FR\",\"potentialAction\":[{\"@type\":\"ReadAction\",\"target\":[\"https:\/\/www.carideal.com\/blog\/2014\/06\/13\/valeur-de-revente-des-vehicules-ecologiques\/\"]}]},{\"@type\":\"BreadcrumbList\",\"@id\":\"https:\/\/www.carideal.com\/blog\/2014\/06\/13\/valeur-de-revente-des-vehicules-ecologiques\/#breadcrumb\",\"itemListElement\":[{\"@type\":\"ListItem\",\"position\":1,\"name\":\"Blog Carid\u00e9al\",\"item\":\"https:\/\/www.carideal.com\/blog\/\"},{\"@type\":\"ListItem\",\"position\":2,\"name\":\"Divers\",\"item\":\"https:\/\/www.carideal.com\/blog\/divers\/\"},{\"@type\":\"ListItem\",\"position\":3,\"name\":\"Valeur de revente des vehicules ecologiques\"}]},{\"@type\":\"WebSite\",\"@id\":\"https:\/\/www.carideal.com\/blog\/#website\",\"url\":\"https:\/\/www.carideal.com\/blog\/\",\"name\":\"Blog auto Carid\u00e9al\",\"description\":\"Actualit\u00e9 auto par des passionn\u00e9s\",\"publisher\":{\"@id\":\"https:\/\/www.carideal.com\/blog\/#organization\"},\"potentialAction\":[{\"@type\":\"SearchAction\",\"target\":{\"@type\":\"EntryPoint\",\"urlTemplate\":\"https:\/\/www.carideal.com\/blog\/?s={search_term_string}\"},\"query-input\":{\"@type\":\"PropertyValueSpecification\",\"valueRequired\":true,\"valueName\":\"search_term_string\"}}],\"inLanguage\":\"fr-FR\"},{\"@type\":\"Organization\",\"@id\":\"https:\/\/www.carideal.com\/blog\/#organization\",\"name\":\"Carideal\",\"url\":\"https:\/\/www.carideal.com\/blog\/\",\"logo\":{\"@type\":\"ImageObject\",\"inLanguage\":\"fr-FR\",\"@id\":\"https:\/\/www.carideal.com\/blog\/#\/schema\/logo\/image\/\",\"url\":\"http:\/\/www.carideal.com\/blog\/wp-content\/uploads\/2016\/03\/logo-carideal-mandataire-automobile.png\",\"contentUrl\":\"http:\/\/www.carideal.com\/blog\/wp-content\/uploads\/2016\/03\/logo-carideal-mandataire-automobile.png\",\"width\":300,\"height\":300,\"caption\":\"Carideal\"},\"image\":{\"@id\":\"https:\/\/www.carideal.com\/blog\/#\/schema\/logo\/image\/\"},\"sameAs\":[\"https:\/\/www.facebook.com\/Carideal.mandataire.automobile\",\"https:\/\/x.com\/caridealauto\",\"https:\/\/www.instagram.com\/carideal1\/\",\"https:\/\/www.linkedin.com\/company\/carideal.com\",\"https:\/\/fr.pinterest.com\/schiavonsas\/\",\"https:\/\/www.youtube.com\/user\/caridealsas\"]},{\"@type\":\"Person\",\"@id\":\"https:\/\/www.carideal.com\/blog\/#\/schema\/person\/985c7e757d1042d647f21bfaf8d41ebc\",\"name\":\"N.S Carideal\",\"image\":{\"@type\":\"ImageObject\",\"inLanguage\":\"fr-FR\",\"@id\":\"https:\/\/www.carideal.com\/blog\/#\/schema\/person\/image\/\",\"url\":\"https:\/\/secure.gravatar.com\/avatar\/edb7ccdf1a4e3d14aef967760d354d0e?s=96&r=g\",\"contentUrl\":\"https:\/\/secure.gravatar.com\/avatar\/edb7ccdf1a4e3d14aef967760d354d0e?s=96&r=g\",\"caption\":\"N.S Carideal\"},\"description\":\"Depuis tout petit fan d'automobile. Il est question d'essayer et de comparer toutes ces voitures qui nous ont fait r\u00e9ver, avant que celles-ci ne devient uniquement des voitures de collection.\",\"sameAs\":[\"http:\/\/www.carideal.com\/blog\",\"https:\/\/www.facebook.com\/Carideal.mandataire.automobile\/\",\"https:\/\/www.linkedin.com\/in\/nschiavon\/\",\"https:\/\/www.youtube.com\/user\/caridealsas\/\"],\"url\":\"https:\/\/www.carideal.com\/blog\/author\/admin_carideal\/\"}]}<\/script>\n<!-- \/ Yoast SEO plugin. -->","yoast_head_json":{"title":"Valeur de revente des vehicules ecologiques - Blog auto Carid\u00e9al","robots":{"index":"index","follow":"follow","max-snippet":"max-snippet:-1","max-image-preview":"max-image-preview:large","max-video-preview":"max-video-preview:-1"},"canonical":"https:\/\/www.carideal.com\/blog\/2014\/06\/13\/valeur-de-revente-des-vehicules-ecologiques\/","og_locale":"fr_FR","og_type":"article","og_title":"Valeur de revente des vehicules ecologiques - Blog auto Carid\u00e9al","og_description":"Les mesures des pouvoirs publics pour pousser vers les v\u00e9hicules \u00e0 \u00e9nergie alternative ont port\u00e9 leurs fruits. En effet, les \u00e9missions moyennes de Co2 ont diminu\u00e9 de 8 g\/km ceci gr\u00e2ce a la forte apparition des v\u00e9hicules hybrides et \u00e9lectriques. Ces \u00e9nergies alternatives repr\u00e9sentent 3.22 % du march\u00e9 en 2013. L'hybride est pr\u00e9f\u00e9r\u00e9 \u00e0 l'\u00e9lectrique. ... Lire plus","og_url":"https:\/\/www.carideal.com\/blog\/2014\/06\/13\/valeur-de-revente-des-vehicules-ecologiques\/","og_site_name":"Blog auto Carid\u00e9al","article_publisher":"https:\/\/www.facebook.com\/Carideal.mandataire.automobile","article_author":"https:\/\/www.facebook.com\/Carideal.mandataire.automobile\/","article_published_time":"2014-06-13T09:40:00+00:00","article_modified_time":"2020-03-07T15:54:39+00:00","og_image":[{"width":300,"height":300,"url":"https:\/\/www.carideal.com\/blog\/wp-content\/uploads\/2016\/03\/logo-carideal-mandataire-automobile.png","type":"image\/png"}],"author":"N.S Carideal","twitter_card":"summary_large_image","twitter_creator":"@caridealauto","twitter_site":"@caridealauto","twitter_misc":{"\u00c9crit par":"N.S Carideal","Dur\u00e9e de lecture estim\u00e9e":"1 minute"},"schema":{"@context":"https:\/\/schema.org","@graph":[{"@type":"Article","@id":"https:\/\/www.carideal.com\/blog\/2014\/06\/13\/valeur-de-revente-des-vehicules-ecologiques\/#article","isPartOf":{"@id":"https:\/\/www.carideal.com\/blog\/2014\/06\/13\/valeur-de-revente-des-vehicules-ecologiques\/"},"author":{"name":"N.S Carideal","@id":"https:\/\/www.carideal.com\/blog\/#\/schema\/person\/985c7e757d1042d647f21bfaf8d41ebc"},"headline":"Valeur de revente des vehicules ecologiques","datePublished":"2014-06-13T09:40:00+00:00","dateModified":"2020-03-07T15:54:39+00:00","mainEntityOfPage":{"@id":"https:\/\/www.carideal.com\/blog\/2014\/06\/13\/valeur-de-revente-des-vehicules-ecologiques\/"},"wordCount":172,"publisher":{"@id":"https:\/\/www.carideal.com\/blog\/#organization"},"keywords":["CO2 \u00e9mission de CO2"],"articleSection":["Divers"],"inLanguage":"fr-FR"},{"@type":"WebPage","@id":"https:\/\/www.carideal.com\/blog\/2014\/06\/13\/valeur-de-revente-des-vehicules-ecologiques\/","url":"https:\/\/www.carideal.com\/blog\/2014\/06\/13\/valeur-de-revente-des-vehicules-ecologiques\/","name":"Valeur de revente des vehicules ecologiques - Blog auto Carid\u00e9al","isPartOf":{"@id":"https:\/\/www.carideal.com\/blog\/#website"},"datePublished":"2014-06-13T09:40:00+00:00","dateModified":"2020-03-07T15:54:39+00:00","breadcrumb":{"@id":"https:\/\/www.carideal.com\/blog\/2014\/06\/13\/valeur-de-revente-des-vehicules-ecologiques\/#breadcrumb"},"inLanguage":"fr-FR","potentialAction":[{"@type":"ReadAction","target":["https:\/\/www.carideal.com\/blog\/2014\/06\/13\/valeur-de-revente-des-vehicules-ecologiques\/"]}]},{"@type":"BreadcrumbList","@id":"https:\/\/www.carideal.com\/blog\/2014\/06\/13\/valeur-de-revente-des-vehicules-ecologiques\/#breadcrumb","itemListElement":[{"@type":"ListItem","position":1,"name":"Blog Carid\u00e9al","item":"https:\/\/www.carideal.com\/blog\/"},{"@type":"ListItem","position":2,"name":"Divers","item":"https:\/\/www.carideal.com\/blog\/divers\/"},{"@type":"ListItem","position":3,"name":"Valeur de revente des vehicules ecologiques"}]},{"@type":"WebSite","@id":"https:\/\/www.carideal.com\/blog\/#website","url":"https:\/\/www.carideal.com\/blog\/","name":"Blog auto Carid\u00e9al","description":"Actualit\u00e9 auto par des passionn\u00e9s","publisher":{"@id":"https:\/\/www.carideal.com\/blog\/#organization"},"potentialAction":[{"@type":"SearchAction","target":{"@type":"EntryPoint","urlTemplate":"https:\/\/www.carideal.com\/blog\/?s={search_term_string}"},"query-input":{"@type":"PropertyValueSpecification","valueRequired":true,"valueName":"search_term_string"}}],"inLanguage":"fr-FR"},{"@type":"Organization","@id":"https:\/\/www.carideal.com\/blog\/#organization","name":"Carideal","url":"https:\/\/www.carideal.com\/blog\/","logo":{"@type":"ImageObject","inLanguage":"fr-FR","@id":"https:\/\/www.carideal.com\/blog\/#\/schema\/logo\/image\/","url":"http:\/\/www.carideal.com\/blog\/wp-content\/uploads\/2016\/03\/logo-carideal-mandataire-automobile.png","contentUrl":"http:\/\/www.carideal.com\/blog\/wp-content\/uploads\/2016\/03\/logo-carideal-mandataire-automobile.png","width":300,"height":300,"caption":"Carideal"},"image":{"@id":"https:\/\/www.carideal.com\/blog\/#\/schema\/logo\/image\/"},"sameAs":["https:\/\/www.facebook.com\/Carideal.mandataire.automobile","https:\/\/x.com\/caridealauto","https:\/\/www.instagram.com\/carideal1\/","https:\/\/www.linkedin.com\/company\/carideal.com","https:\/\/fr.pinterest.com\/schiavonsas\/","https:\/\/www.youtube.com\/user\/caridealsas"]},{"@type":"Person","@id":"https:\/\/www.carideal.com\/blog\/#\/schema\/person\/985c7e757d1042d647f21bfaf8d41ebc","name":"N.S Carideal","image":{"@type":"ImageObject","inLanguage":"fr-FR","@id":"https:\/\/www.carideal.com\/blog\/#\/schema\/person\/image\/","url":"https:\/\/secure.gravatar.com\/avatar\/edb7ccdf1a4e3d14aef967760d354d0e?s=96&r=g","contentUrl":"https:\/\/secure.gravatar.com\/avatar\/edb7ccdf1a4e3d14aef967760d354d0e?s=96&r=g","caption":"N.S Carideal"},"description":"Depuis tout petit fan d'automobile. Il est question d'essayer et de comparer toutes ces voitures qui nous ont fait r\u00e9ver, avant que celles-ci ne devient uniquement des voitures de collection.","sameAs":["http:\/\/www.carideal.com\/blog","https:\/\/www.facebook.com\/Carideal.mandataire.automobile\/","https:\/\/www.linkedin.com\/in\/nschiavon\/","https:\/\/www.youtube.com\/user\/caridealsas\/"],"url":"https:\/\/www.carideal.com\/blog\/author\/admin_carideal\/"}]}},"uagb_featured_image_src":{"full":false,"thumbnail":false,"medium":false,"medium_large":false,"large":false,"1536x1536":false,"2048x2048":false,"wppr-widget":false},"uagb_author_info":{"display_name":"N.S Carideal","author_link":"https:\/\/www.carideal.com\/blog\/author\/admin_carideal\/"},"uagb_comment_info":0,"uagb_excerpt":"Les mesures des pouvoirs publics pour pousser vers les v\u00e9hicules \u00e0 \u00e9nergie alternative ont port\u00e9 leurs fruits. En effet, les \u00e9missions moyennes de Co2 ont diminu\u00e9 de 8 g\/km ceci gr\u00e2ce a la forte apparition des v\u00e9hicules hybrides et \u00e9lectriques. Ces \u00e9nergies alternatives repr\u00e9sentent 3.22 % du march\u00e9 en 2013. L'hybride est pr\u00e9f\u00e9r\u00e9 \u00e0 l'\u00e9lectrique.\u2026","_links":{"self":[{"href":"https:\/\/www.carideal.com\/blog\/wp-json\/wp\/v2\/posts\/664"}],"collection":[{"href":"https:\/\/www.carideal.com\/blog\/wp-json\/wp\/v2\/posts"}],"about":[{"href":"https:\/\/www.carideal.com\/blog\/wp-json\/wp\/v2\/types\/post"}],"author":[{"embeddable":true,"href":"https:\/\/www.carideal.com\/blog\/wp-json\/wp\/v2\/users\/1"}],"replies":[{"embeddable":true,"href":"https:\/\/www.carideal.com\/blog\/wp-json\/wp\/v2\/comments?post=664"}],"version-history":[{"count":0,"href":"https:\/\/www.carideal.com\/blog\/wp-json\/wp\/v2\/posts\/664\/revisions"}],"wp:attachment":[{"href":"https:\/\/www.carideal.com\/blog\/wp-json\/wp\/v2\/media?parent=664"}],"wp:term":[{"taxonomy":"category","embeddable":true,"href":"https:\/\/www.carideal.com\/blog\/wp-json\/wp\/v2\/categories?post=664"},{"taxonomy":"post_tag","embeddable":true,"href":"https:\/\/www.carideal.com\/blog\/wp-json\/wp\/v2\/tags?post=664"}],"curies":[{"name":"wp","href":"https:\/\/api.w.org\/{rel}","templated":true}]}}