{"id":6612,"date":"2015-09-14T22:25:45","date_gmt":"2015-09-14T20:25:45","guid":{"rendered":"http:\/\/www.carideal.com\/blog\/?p=6612"},"modified":"2020-03-08T18:02:58","modified_gmt":"2020-03-08T17:02:58","slug":"renault-talisman-le-break","status":"publish","type":"post","link":"https:\/\/www.carideal.com\/blog\/2015\/09\/14\/renault-talisman-le-break\/","title":{"rendered":"Renault Talisman Break"},"content":{"rendered":"<figure id=\"attachment_6613\" aria-describedby=\"caption-attachment-6613\" style=\"width: 290px\" class=\"wp-caption alignnone\"><a href=\"http:\/\/www.carideal.com\/blog\/wp-content\/uploads\/2015\/09\/renault-talisman-2015-break-carideal-blog.jpg\"><img loading=\"lazy\" decoding=\"async\" class=\"wp-image-6613 size-medium\" title=\"Renault Talisman Break\" src=\"http:\/\/www.carideal.com\/blog\/wp-content\/uploads\/2015\/09\/renault-talisman-2015-break-carideal-blog-300x150.jpg\" alt=\"Renault Talisman Break\" width=\"300\" height=\"150\" srcset=\"https:\/\/www.carideal.com\/blog\/wp-content\/uploads\/2015\/09\/renault-talisman-2015-break-carideal-blog-300x150.jpg 300w, https:\/\/www.carideal.com\/blog\/wp-content\/uploads\/2015\/09\/renault-talisman-2015-break-carideal-blog-624x312.jpg 624w, https:\/\/www.carideal.com\/blog\/wp-content\/uploads\/2015\/09\/renault-talisman-2015-break-carideal-blog.jpg 800w\" sizes=\"(max-width: 300px) 100vw, 300px\" \/><\/a><figcaption id=\"caption-attachment-6613\" class=\"wp-caption-text\">Renault Talisman Break<\/figcaption><\/figure>\n<h1>Renault Talisman Break<\/h1>\n<p>Renault ne veut pas n\u00e9gliger le segment des break de ce segment qui repr\u00e9sente 500 000 ventes par an soit 54% et va donc lancer sa <span style=\"text-decoration: underline;\"><a href=\"http:\/\/www.carideal.com\/756-talisman-break\">Talisman Break<\/a><\/span> en Juin 2016.<br \/>\nTalisman nous pr\u00e9pare donc un grand break, plus grand que sa devanci\u00e8re la <span style=\"text-decoration: underline;\">Laguna<\/span>, et la <span style=\"text-decoration: underline;\">Citroen C5 Tourer<\/span> et la <span style=\"text-decoration: underline;\">Peugeot 508 SW<\/span> avec une longueur de 4.86 m et une capacit\u00e9 de chargement de 1700 litres banquette rabattue. Le style est consensuel avec une ligne dynamique, mais sachant aussi pr\u00e9server le confort des passagers arri\u00e8res avec une hauteur de toit plus haute de 3 cm pour les passagers arri\u00e8res.<\/p>\n<h2>Renault Talisman Break Multi-sense et 4Control<\/h2>\n<p>Comme la <span style=\"text-decoration: underline;\"><a href=\"http:\/\/www.carideal.com\/blog\/2015\/10\/30\/renault-communique-les-tarifs-et-la-gamme-de-sa-talisman\/\">berline<\/a><\/span>, le break sera \u00e9quip\u00e9 du syst\u00e8me Multisense m\u00ealant un ch\u00e2ssis \u00e0 quatre roues directrices et un amortissement pilot\u00e9.<br \/>\nLa voiture sera \u00e9quip\u00e9 de moteur es\u00adsence 1.6 TCe de 150 et de 200 ch accou\u00adpl\u00e9es \u00e0 la boite automatique EDC \u00e0 dou\u00adble embrayage et sept rapports. Le premier moteur diesel sera le 1.5 dCi 110 second\u00e9 par le 1.6 dCi de 130 ch et 160 ch. Les moteurs diesels de 110 et 130 ch qui \u00e9quiperont la Talisman Estate diesel laisseront le choix entre une bo\u00eete de vitesses manuelle et la boite automatique EDC \u00e0 six rapports. *<br \/>\nLe moteur de 160 ch ne sera qu'exclusivement livrable en EDC6.<\/p>\n","protected":false},"excerpt":{"rendered":"<p>Renault Talisman Break Renault ne veut pas n\u00e9gliger le segment des break de ce segment qui repr\u00e9sente 500 000 ventes par an soit 54% et va donc lancer sa Talisman Break en Juin 2016. Talisman nous pr\u00e9pare donc un grand break, plus grand que sa devanci\u00e8re la Laguna, et la Citroen C5 Tourer et la &#8230; <a title=\"Renault Talisman Break\" class=\"read-more\" href=\"https:\/\/www.carideal.com\/blog\/2015\/09\/14\/renault-talisman-le-break\/\" aria-label=\"En savoir plus sur Renault Talisman Break\">Lire plus<\/a><\/p>\n","protected":false},"author":3,"featured_media":0,"comment_status":"open","ping_status":"open","sticky":false,"template":"","format":"standard","meta":{"_uag_custom_page_level_css":"","_themeisle_gutenberg_block_has_review":false,"footnotes":""},"categories":[21,5944,5963,6013,10,5974],"tags":[],"class_list":["post-6612","post","type-post","status-publish","format-standard","hentry","category-actualites-auto","category-constructeur","category-renault","category-break","category-marche-automobile-voiture-neuve-occasion-4x4-suv","category-type-de-vehicule"],"wppr_data":[],"yoast_head":"<!-- This site is optimized with the Yoast SEO plugin v24.8.1 - https:\/\/yoast.com\/wordpress\/plugins\/seo\/ -->\n<title>Renault Talisman Break - Blog auto Carid\u00e9al<\/title>\n<meta name=\"description\" content=\"Renault Talisman Break en vente en juin 2016. renault ne veut pas n\u00e9glier le segment des break qui repr\u00e9sente 500 000 voitures encore.\" \/>\n<meta name=\"robots\" content=\"index, follow, max-snippet:-1, max-image-preview:large, max-video-preview:-1\" \/>\n<link rel=\"canonical\" href=\"https:\/\/www.carideal.com\/blog\/2015\/09\/14\/renault-talisman-le-break\/\" \/>\n<meta property=\"og:locale\" content=\"fr_FR\" \/>\n<meta property=\"og:type\" content=\"article\" \/>\n<meta property=\"og:title\" content=\"Renault Talisman Break - Blog auto Carid\u00e9al\" \/>\n<meta property=\"og:description\" content=\"Renault Talisman Break en vente en juin 2016. renault ne veut pas n\u00e9glier le segment des break qui repr\u00e9sente 500 000 voitures encore.\" \/>\n<meta property=\"og:url\" content=\"https:\/\/www.carideal.com\/blog\/2015\/09\/14\/renault-talisman-le-break\/\" \/>\n<meta property=\"og:site_name\" content=\"Blog auto Carid\u00e9al\" \/>\n<meta property=\"article:publisher\" content=\"https:\/\/www.facebook.com\/Carideal.mandataire.automobile\" \/>\n<meta property=\"article:author\" content=\"https:\/\/www.facebook.com\/nicolas.schiavon.39\" \/>\n<meta property=\"article:published_time\" content=\"2015-09-14T20:25:45+00:00\" \/>\n<meta property=\"article:modified_time\" content=\"2020-03-08T17:02:58+00:00\" \/>\n<meta property=\"og:image\" content=\"http:\/\/www.carideal.com\/blog\/wp-content\/uploads\/2015\/09\/renault-talisman-2015-break-carideal-blog-300x150.jpg\" \/>\n<meta name=\"author\" content=\"Nicolas SCHIAVON\" \/>\n<meta name=\"twitter:card\" content=\"summary_large_image\" \/>\n<meta name=\"twitter:creator\" content=\"@caridealauto\" \/>\n<meta name=\"twitter:site\" content=\"@caridealauto\" \/>\n<meta name=\"twitter:label1\" content=\"\u00c9crit par\" \/>\n\t<meta name=\"twitter:data1\" content=\"Nicolas SCHIAVON\" \/>\n\t<meta name=\"twitter:label2\" content=\"Dur\u00e9e de lecture estim\u00e9e\" \/>\n\t<meta name=\"twitter:data2\" content=\"1 minute\" \/>\n<script type=\"application\/ld+json\" class=\"yoast-schema-graph\">{\"@context\":\"https:\/\/schema.org\",\"@graph\":[{\"@type\":\"Article\",\"@id\":\"https:\/\/www.carideal.com\/blog\/2015\/09\/14\/renault-talisman-le-break\/#article\",\"isPartOf\":{\"@id\":\"https:\/\/www.carideal.com\/blog\/2015\/09\/14\/renault-talisman-le-break\/\"},\"author\":{\"name\":\"Nicolas SCHIAVON\",\"@id\":\"https:\/\/www.carideal.com\/blog\/#\/schema\/person\/cd95dc7919660de90d31b366f85be1ec\"},\"headline\":\"Renault Talisman Break\",\"datePublished\":\"2015-09-14T20:25:45+00:00\",\"dateModified\":\"2020-03-08T17:02:58+00:00\",\"mainEntityOfPage\":{\"@id\":\"https:\/\/www.carideal.com\/blog\/2015\/09\/14\/renault-talisman-le-break\/\"},\"wordCount\":226,\"commentCount\":0,\"publisher\":{\"@id\":\"https:\/\/www.carideal.com\/blog\/#organization\"},\"image\":{\"@id\":\"https:\/\/www.carideal.com\/blog\/2015\/09\/14\/renault-talisman-le-break\/#primaryimage\"},\"thumbnailUrl\":\"http:\/\/www.carideal.com\/blog\/wp-content\/uploads\/2015\/09\/renault-talisman-2015-break-carideal-blog-300x150.jpg\",\"articleSection\":[\"Actualit\u00e9 automobile\",\"Actualit\u00e9 Constructeur automobile\",\"Actualit\u00e9 Renault\",\"Break\",\"March\u00e9 automobile\",\"Type de v\u00e9hicule\"],\"inLanguage\":\"fr-FR\",\"potentialAction\":[{\"@type\":\"CommentAction\",\"name\":\"Comment\",\"target\":[\"https:\/\/www.carideal.com\/blog\/2015\/09\/14\/renault-talisman-le-break\/#respond\"]}]},{\"@type\":\"WebPage\",\"@id\":\"https:\/\/www.carideal.com\/blog\/2015\/09\/14\/renault-talisman-le-break\/\",\"url\":\"https:\/\/www.carideal.com\/blog\/2015\/09\/14\/renault-talisman-le-break\/\",\"name\":\"Renault Talisman Break - Blog auto Carid\u00e9al\",\"isPartOf\":{\"@id\":\"https:\/\/www.carideal.com\/blog\/#website\"},\"primaryImageOfPage\":{\"@id\":\"https:\/\/www.carideal.com\/blog\/2015\/09\/14\/renault-talisman-le-break\/#primaryimage\"},\"image\":{\"@id\":\"https:\/\/www.carideal.com\/blog\/2015\/09\/14\/renault-talisman-le-break\/#primaryimage\"},\"thumbnailUrl\":\"http:\/\/www.carideal.com\/blog\/wp-content\/uploads\/2015\/09\/renault-talisman-2015-break-carideal-blog-300x150.jpg\",\"datePublished\":\"2015-09-14T20:25:45+00:00\",\"dateModified\":\"2020-03-08T17:02:58+00:00\",\"description\":\"Renault Talisman Break en vente en juin 2016. renault ne veut pas n\u00e9glier le segment des break qui repr\u00e9sente 500 000 voitures encore.\",\"breadcrumb\":{\"@id\":\"https:\/\/www.carideal.com\/blog\/2015\/09\/14\/renault-talisman-le-break\/#breadcrumb\"},\"inLanguage\":\"fr-FR\",\"potentialAction\":[{\"@type\":\"ReadAction\",\"target\":[\"https:\/\/www.carideal.com\/blog\/2015\/09\/14\/renault-talisman-le-break\/\"]}]},{\"@type\":\"ImageObject\",\"inLanguage\":\"fr-FR\",\"@id\":\"https:\/\/www.carideal.com\/blog\/2015\/09\/14\/renault-talisman-le-break\/#primaryimage\",\"url\":\"http:\/\/www.carideal.com\/blog\/wp-content\/uploads\/2015\/09\/renault-talisman-2015-break-carideal-blog-300x150.jpg\",\"contentUrl\":\"http:\/\/www.carideal.com\/blog\/wp-content\/uploads\/2015\/09\/renault-talisman-2015-break-carideal-blog-300x150.jpg\"},{\"@type\":\"BreadcrumbList\",\"@id\":\"https:\/\/www.carideal.com\/blog\/2015\/09\/14\/renault-talisman-le-break\/#breadcrumb\",\"itemListElement\":[{\"@type\":\"ListItem\",\"position\":1,\"name\":\"Blog Carid\u00e9al\",\"item\":\"https:\/\/www.carideal.com\/blog\/\"},{\"@type\":\"ListItem\",\"position\":2,\"name\":\"Actualit\u00e9 constructeur automobile\",\"item\":\"https:\/\/www.carideal.com\/blog\/constructeur\/\"},{\"@type\":\"ListItem\",\"position\":3,\"name\":\"Actualit\u00e9 Renault\",\"item\":\"https:\/\/www.carideal.com\/blog\/constructeur\/renault\/\"},{\"@type\":\"ListItem\",\"position\":4,\"name\":\"Renault Talisman Break\"}]},{\"@type\":\"WebSite\",\"@id\":\"https:\/\/www.carideal.com\/blog\/#website\",\"url\":\"https:\/\/www.carideal.com\/blog\/\",\"name\":\"Blog auto Carid\u00e9al\",\"description\":\"Actualit\u00e9 auto par des passionn\u00e9s\",\"publisher\":{\"@id\":\"https:\/\/www.carideal.com\/blog\/#organization\"},\"potentialAction\":[{\"@type\":\"SearchAction\",\"target\":{\"@type\":\"EntryPoint\",\"urlTemplate\":\"https:\/\/www.carideal.com\/blog\/?s={search_term_string}\"},\"query-input\":{\"@type\":\"PropertyValueSpecification\",\"valueRequired\":true,\"valueName\":\"search_term_string\"}}],\"inLanguage\":\"fr-FR\"},{\"@type\":\"Organization\",\"@id\":\"https:\/\/www.carideal.com\/blog\/#organization\",\"name\":\"Carideal\",\"url\":\"https:\/\/www.carideal.com\/blog\/\",\"logo\":{\"@type\":\"ImageObject\",\"inLanguage\":\"fr-FR\",\"@id\":\"https:\/\/www.carideal.com\/blog\/#\/schema\/logo\/image\/\",\"url\":\"http:\/\/www.carideal.com\/blog\/wp-content\/uploads\/2016\/03\/logo-carideal-mandataire-automobile.png\",\"contentUrl\":\"http:\/\/www.carideal.com\/blog\/wp-content\/uploads\/2016\/03\/logo-carideal-mandataire-automobile.png\",\"width\":300,\"height\":300,\"caption\":\"Carideal\"},\"image\":{\"@id\":\"https:\/\/www.carideal.com\/blog\/#\/schema\/logo\/image\/\"},\"sameAs\":[\"https:\/\/www.facebook.com\/Carideal.mandataire.automobile\",\"https:\/\/x.com\/caridealauto\",\"https:\/\/www.instagram.com\/carideal1\/\",\"https:\/\/www.linkedin.com\/company\/carideal.com\",\"https:\/\/fr.pinterest.com\/schiavonsas\/\",\"https:\/\/www.youtube.com\/user\/caridealsas\"]},{\"@type\":\"Person\",\"@id\":\"https:\/\/www.carideal.com\/blog\/#\/schema\/person\/cd95dc7919660de90d31b366f85be1ec\",\"name\":\"Nicolas SCHIAVON\",\"image\":{\"@type\":\"ImageObject\",\"inLanguage\":\"fr-FR\",\"@id\":\"https:\/\/www.carideal.com\/blog\/#\/schema\/person\/image\/\",\"url\":\"https:\/\/secure.gravatar.com\/avatar\/c17e55009e671d92cc7f5dc837dc418a?s=96&r=g\",\"contentUrl\":\"https:\/\/secure.gravatar.com\/avatar\/c17e55009e671d92cc7f5dc837dc418a?s=96&r=g\",\"caption\":\"Nicolas SCHIAVON\"},\"description\":\"Nicolas Schiavon est tomb\u00e9 tout petit dans la marmite automobile. Ayant eu un garage de marque automobile, mandataire automobile de la premi\u00e8re heure d\u00e8s 1999. Nicolas a cr\u00e9\u00e9 ces premiers sites de vente de voiture et blog automobile d\u00e8s 1994. Carideal est n\u00e9 le 15 d\u00e9cembre 2000 de la volont\u00e9 de vendre des voitures d'occasions en ligne puis des voitures neuves. Il a pu essayer beaucoup de voitures tr\u00e8s diff\u00e9rentes et ayant eu personnellement quelques belles autos, Subaru Impreza, Mitsubishi Lancer Evo 7, Porsche 911, Ferrari Testarrossa, Audi RS3, RS4 et j'en passe...\",\"sameAs\":[\"http:\/\/www.carideal.com\",\"https:\/\/www.facebook.com\/nicolas.schiavon.39\",\"https:\/\/www.instagram.com\/carideal1\/\",\"https:\/\/www.linkedin.com\/in\/nschiavon\/\",\"https:\/\/x.com\/caridealauto\",\"https:\/\/www.youtube.com\/user\/caridealsas\/\"],\"url\":\"https:\/\/www.carideal.com\/blog\/author\/nschiavon\/\"}]}<\/script>\n<!-- \/ Yoast SEO plugin. -->","yoast_head_json":{"title":"Renault Talisman Break - Blog auto Carid\u00e9al","description":"Renault Talisman Break en vente en juin 2016. renault ne veut pas n\u00e9glier le segment des break qui repr\u00e9sente 500 000 voitures encore.","robots":{"index":"index","follow":"follow","max-snippet":"max-snippet:-1","max-image-preview":"max-image-preview:large","max-video-preview":"max-video-preview:-1"},"canonical":"https:\/\/www.carideal.com\/blog\/2015\/09\/14\/renault-talisman-le-break\/","og_locale":"fr_FR","og_type":"article","og_title":"Renault Talisman Break - Blog auto Carid\u00e9al","og_description":"Renault Talisman Break en vente en juin 2016. renault ne veut pas n\u00e9glier le segment des break qui repr\u00e9sente 500 000 voitures encore.","og_url":"https:\/\/www.carideal.com\/blog\/2015\/09\/14\/renault-talisman-le-break\/","og_site_name":"Blog auto Carid\u00e9al","article_publisher":"https:\/\/www.facebook.com\/Carideal.mandataire.automobile","article_author":"https:\/\/www.facebook.com\/nicolas.schiavon.39","article_published_time":"2015-09-14T20:25:45+00:00","article_modified_time":"2020-03-08T17:02:58+00:00","og_image":[{"url":"http:\/\/www.carideal.com\/blog\/wp-content\/uploads\/2015\/09\/renault-talisman-2015-break-carideal-blog-300x150.jpg","type":"","width":"","height":""}],"author":"Nicolas SCHIAVON","twitter_card":"summary_large_image","twitter_creator":"@caridealauto","twitter_site":"@caridealauto","twitter_misc":{"\u00c9crit par":"Nicolas SCHIAVON","Dur\u00e9e de lecture estim\u00e9e":"1 minute"},"schema":{"@context":"https:\/\/schema.org","@graph":[{"@type":"Article","@id":"https:\/\/www.carideal.com\/blog\/2015\/09\/14\/renault-talisman-le-break\/#article","isPartOf":{"@id":"https:\/\/www.carideal.com\/blog\/2015\/09\/14\/renault-talisman-le-break\/"},"author":{"name":"Nicolas SCHIAVON","@id":"https:\/\/www.carideal.com\/blog\/#\/schema\/person\/cd95dc7919660de90d31b366f85be1ec"},"headline":"Renault Talisman Break","datePublished":"2015-09-14T20:25:45+00:00","dateModified":"2020-03-08T17:02:58+00:00","mainEntityOfPage":{"@id":"https:\/\/www.carideal.com\/blog\/2015\/09\/14\/renault-talisman-le-break\/"},"wordCount":226,"commentCount":0,"publisher":{"@id":"https:\/\/www.carideal.com\/blog\/#organization"},"image":{"@id":"https:\/\/www.carideal.com\/blog\/2015\/09\/14\/renault-talisman-le-break\/#primaryimage"},"thumbnailUrl":"http:\/\/www.carideal.com\/blog\/wp-content\/uploads\/2015\/09\/renault-talisman-2015-break-carideal-blog-300x150.jpg","articleSection":["Actualit\u00e9 automobile","Actualit\u00e9 Constructeur automobile","Actualit\u00e9 Renault","Break","March\u00e9 automobile","Type de v\u00e9hicule"],"inLanguage":"fr-FR","potentialAction":[{"@type":"CommentAction","name":"Comment","target":["https:\/\/www.carideal.com\/blog\/2015\/09\/14\/renault-talisman-le-break\/#respond"]}]},{"@type":"WebPage","@id":"https:\/\/www.carideal.com\/blog\/2015\/09\/14\/renault-talisman-le-break\/","url":"https:\/\/www.carideal.com\/blog\/2015\/09\/14\/renault-talisman-le-break\/","name":"Renault Talisman Break - Blog auto Carid\u00e9al","isPartOf":{"@id":"https:\/\/www.carideal.com\/blog\/#website"},"primaryImageOfPage":{"@id":"https:\/\/www.carideal.com\/blog\/2015\/09\/14\/renault-talisman-le-break\/#primaryimage"},"image":{"@id":"https:\/\/www.carideal.com\/blog\/2015\/09\/14\/renault-talisman-le-break\/#primaryimage"},"thumbnailUrl":"http:\/\/www.carideal.com\/blog\/wp-content\/uploads\/2015\/09\/renault-talisman-2015-break-carideal-blog-300x150.jpg","datePublished":"2015-09-14T20:25:45+00:00","dateModified":"2020-03-08T17:02:58+00:00","description":"Renault Talisman Break en vente en juin 2016. renault ne veut pas n\u00e9glier le segment des break qui repr\u00e9sente 500 000 voitures encore.","breadcrumb":{"@id":"https:\/\/www.carideal.com\/blog\/2015\/09\/14\/renault-talisman-le-break\/#breadcrumb"},"inLanguage":"fr-FR","potentialAction":[{"@type":"ReadAction","target":["https:\/\/www.carideal.com\/blog\/2015\/09\/14\/renault-talisman-le-break\/"]}]},{"@type":"ImageObject","inLanguage":"fr-FR","@id":"https:\/\/www.carideal.com\/blog\/2015\/09\/14\/renault-talisman-le-break\/#primaryimage","url":"http:\/\/www.carideal.com\/blog\/wp-content\/uploads\/2015\/09\/renault-talisman-2015-break-carideal-blog-300x150.jpg","contentUrl":"http:\/\/www.carideal.com\/blog\/wp-content\/uploads\/2015\/09\/renault-talisman-2015-break-carideal-blog-300x150.jpg"},{"@type":"BreadcrumbList","@id":"https:\/\/www.carideal.com\/blog\/2015\/09\/14\/renault-talisman-le-break\/#breadcrumb","itemListElement":[{"@type":"ListItem","position":1,"name":"Blog Carid\u00e9al","item":"https:\/\/www.carideal.com\/blog\/"},{"@type":"ListItem","position":2,"name":"Actualit\u00e9 constructeur automobile","item":"https:\/\/www.carideal.com\/blog\/constructeur\/"},{"@type":"ListItem","position":3,"name":"Actualit\u00e9 Renault","item":"https:\/\/www.carideal.com\/blog\/constructeur\/renault\/"},{"@type":"ListItem","position":4,"name":"Renault Talisman Break"}]},{"@type":"WebSite","@id":"https:\/\/www.carideal.com\/blog\/#website","url":"https:\/\/www.carideal.com\/blog\/","name":"Blog auto Carid\u00e9al","description":"Actualit\u00e9 auto par des passionn\u00e9s","publisher":{"@id":"https:\/\/www.carideal.com\/blog\/#organization"},"potentialAction":[{"@type":"SearchAction","target":{"@type":"EntryPoint","urlTemplate":"https:\/\/www.carideal.com\/blog\/?s={search_term_string}"},"query-input":{"@type":"PropertyValueSpecification","valueRequired":true,"valueName":"search_term_string"}}],"inLanguage":"fr-FR"},{"@type":"Organization","@id":"https:\/\/www.carideal.com\/blog\/#organization","name":"Carideal","url":"https:\/\/www.carideal.com\/blog\/","logo":{"@type":"ImageObject","inLanguage":"fr-FR","@id":"https:\/\/www.carideal.com\/blog\/#\/schema\/logo\/image\/","url":"http:\/\/www.carideal.com\/blog\/wp-content\/uploads\/2016\/03\/logo-carideal-mandataire-automobile.png","contentUrl":"http:\/\/www.carideal.com\/blog\/wp-content\/uploads\/2016\/03\/logo-carideal-mandataire-automobile.png","width":300,"height":300,"caption":"Carideal"},"image":{"@id":"https:\/\/www.carideal.com\/blog\/#\/schema\/logo\/image\/"},"sameAs":["https:\/\/www.facebook.com\/Carideal.mandataire.automobile","https:\/\/x.com\/caridealauto","https:\/\/www.instagram.com\/carideal1\/","https:\/\/www.linkedin.com\/company\/carideal.com","https:\/\/fr.pinterest.com\/schiavonsas\/","https:\/\/www.youtube.com\/user\/caridealsas"]},{"@type":"Person","@id":"https:\/\/www.carideal.com\/blog\/#\/schema\/person\/cd95dc7919660de90d31b366f85be1ec","name":"Nicolas SCHIAVON","image":{"@type":"ImageObject","inLanguage":"fr-FR","@id":"https:\/\/www.carideal.com\/blog\/#\/schema\/person\/image\/","url":"https:\/\/secure.gravatar.com\/avatar\/c17e55009e671d92cc7f5dc837dc418a?s=96&r=g","contentUrl":"https:\/\/secure.gravatar.com\/avatar\/c17e55009e671d92cc7f5dc837dc418a?s=96&r=g","caption":"Nicolas SCHIAVON"},"description":"Nicolas Schiavon est tomb\u00e9 tout petit dans la marmite automobile. Ayant eu un garage de marque automobile, mandataire automobile de la premi\u00e8re heure d\u00e8s 1999. Nicolas a cr\u00e9\u00e9 ces premiers sites de vente de voiture et blog automobile d\u00e8s 1994. Carideal est n\u00e9 le 15 d\u00e9cembre 2000 de la volont\u00e9 de vendre des voitures d'occasions en ligne puis des voitures neuves. Il a pu essayer beaucoup de voitures tr\u00e8s diff\u00e9rentes et ayant eu personnellement quelques belles autos, Subaru Impreza, Mitsubishi Lancer Evo 7, Porsche 911, Ferrari Testarrossa, Audi RS3, RS4 et j'en passe...","sameAs":["http:\/\/www.carideal.com","https:\/\/www.facebook.com\/nicolas.schiavon.39","https:\/\/www.instagram.com\/carideal1\/","https:\/\/www.linkedin.com\/in\/nschiavon\/","https:\/\/x.com\/caridealauto","https:\/\/www.youtube.com\/user\/caridealsas\/"],"url":"https:\/\/www.carideal.com\/blog\/author\/nschiavon\/"}]}},"uagb_featured_image_src":{"full":false,"thumbnail":false,"medium":false,"medium_large":false,"large":false,"1536x1536":false,"2048x2048":false,"wppr-widget":false},"uagb_author_info":{"display_name":"Nicolas SCHIAVON","author_link":"https:\/\/www.carideal.com\/blog\/author\/nschiavon\/"},"uagb_comment_info":0,"uagb_excerpt":"Renault Talisman Break Renault ne veut pas n\u00e9gliger le segment des break de ce segment qui repr\u00e9sente 500 000 ventes par an soit 54% et va donc lancer sa Talisman Break en Juin 2016. Talisman nous pr\u00e9pare donc un grand break, plus grand que sa devanci\u00e8re la Laguna, et la Citroen C5 Tourer et la\u2026","_links":{"self":[{"href":"https:\/\/www.carideal.com\/blog\/wp-json\/wp\/v2\/posts\/6612"}],"collection":[{"href":"https:\/\/www.carideal.com\/blog\/wp-json\/wp\/v2\/posts"}],"about":[{"href":"https:\/\/www.carideal.com\/blog\/wp-json\/wp\/v2\/types\/post"}],"author":[{"embeddable":true,"href":"https:\/\/www.carideal.com\/blog\/wp-json\/wp\/v2\/users\/3"}],"replies":[{"embeddable":true,"href":"https:\/\/www.carideal.com\/blog\/wp-json\/wp\/v2\/comments?post=6612"}],"version-history":[{"count":0,"href":"https:\/\/www.carideal.com\/blog\/wp-json\/wp\/v2\/posts\/6612\/revisions"}],"wp:attachment":[{"href":"https:\/\/www.carideal.com\/blog\/wp-json\/wp\/v2\/media?parent=6612"}],"wp:term":[{"taxonomy":"category","embeddable":true,"href":"https:\/\/www.carideal.com\/blog\/wp-json\/wp\/v2\/categories?post=6612"},{"taxonomy":"post_tag","embeddable":true,"href":"https:\/\/www.carideal.com\/blog\/wp-json\/wp\/v2\/tags?post=6612"}],"curies":[{"name":"wp","href":"https:\/\/api.w.org\/{rel}","templated":true}]}}