{"id":6595,"date":"2015-09-13T19:23:54","date_gmt":"2015-09-13T17:23:54","guid":{"rendered":"http:\/\/www.carideal.com\/blog\/?p=6595"},"modified":"2016-06-21T16:28:03","modified_gmt":"2016-06-21T14:28:03","slug":"7-me-victoire-pour-jose-maria-pechito-lopez-avec-citroen-en-wtcc","status":"publish","type":"post","link":"https:\/\/www.carideal.com\/blog\/2015\/09\/13\/7-me-victoire-pour-jose-maria-pechito-lopez-avec-citroen-en-wtcc\/","title":{"rendered":"Jos\u00e9 Maria Pechito Lopez avec Citroen en WTCC"},"content":{"rendered":"<figure id=\"attachment_6596\" aria-describedby=\"caption-attachment-6596\" style=\"width: 290px\" class=\"wp-caption alignnone\"><a href=\"http:\/\/www.carideal.com\/blog\/wp-content\/uploads\/2015\/09\/twin-ring-motegi-wtcc-citroen-schiavon.jpg\"><img loading=\"lazy\" decoding=\"async\" class=\"wp-image-6596 size-medium\" title=\"Jos\u00e9 Maria Pechito Lopez\" src=\"http:\/\/www.carideal.com\/blog\/wp-content\/uploads\/2015\/09\/twin-ring-motegi-wtcc-citroen-schiavon-300x200.jpg\" alt=\"Septi\u00e8me victoire de la saison pour Jos\u00e9 Maria Pechito Lopez Il n'y a plus que deux pilotes qui peuvent l'emp\u00eacher de remporter le titre FIA WTCC : Yvan Muller et S\u00e9bastien Loeb..\" width=\"300\" height=\"200\" srcset=\"https:\/\/www.carideal.com\/blog\/wp-content\/uploads\/2015\/09\/twin-ring-motegi-wtcc-citroen-schiavon-300x200.jpg 300w, https:\/\/www.carideal.com\/blog\/wp-content\/uploads\/2015\/09\/twin-ring-motegi-wtcc-citroen-schiavon.jpg 1024w, https:\/\/www.carideal.com\/blog\/wp-content\/uploads\/2015\/09\/twin-ring-motegi-wtcc-citroen-schiavon-624x416.jpg 624w\" sizes=\"(max-width: 300px) 100vw, 300px\" \/><\/a><figcaption id=\"caption-attachment-6596\" class=\"wp-caption-text\">Septi\u00e8me victoire de la saison pour Jos\u00e9 Maria Pechito Lopez<\/figcaption><\/figure>\n<h1>7 \u00b0me Victoire pour Jos\u00e9 Maria Pechito Lopez avec Citroen en WTCC<\/h1>\n<p>Septi\u00e8me victoire de la saison pour Jos\u00e9 Maria \"Pechito\" Lopez Il n'y a plus que deux pilotes qui peuvent l'emp\u00eacher de remporter le titre <span style=\"text-decoration: underline;\"><a href=\"http:\/\/www.carideal.com\/blog\/2013\/12\/10\/yvan-muller-donne-un-cours-de-wtcc-a-sebastien-loeb\/\">FIA WTCC<\/a><\/span> : Yvan Muller et S\u00e9bastien Loeb..<\/p>\n<figure id=\"attachment_6597\" aria-describedby=\"caption-attachment-6597\" style=\"width: 290px\" class=\"wp-caption alignnone\"><a href=\"http:\/\/www.carideal.com\/blog\/wp-content\/uploads\/2015\/09\/twin-ring-motegi-wtcc-citroen-schiavon-2.jpg\"><img loading=\"lazy\" decoding=\"async\" class=\"size-medium wp-image-6597\" src=\"http:\/\/www.carideal.com\/blog\/wp-content\/uploads\/2015\/09\/twin-ring-motegi-wtcc-citroen-schiavon-2-300x200.jpg\" alt=\"Septi\u00e8me victoire de la saison pour Jose Maria &quot;Pechito&quot; Lopez ! Il n'y a plus que deux pilotes qui peuvent l'emp\u00eacher de remporter le titre FIA WTCC :\" width=\"300\" height=\"200\" srcset=\"https:\/\/www.carideal.com\/blog\/wp-content\/uploads\/2015\/09\/twin-ring-motegi-wtcc-citroen-schiavon-2-300x200.jpg 300w, https:\/\/www.carideal.com\/blog\/wp-content\/uploads\/2015\/09\/twin-ring-motegi-wtcc-citroen-schiavon-2.jpg 1024w, https:\/\/www.carideal.com\/blog\/wp-content\/uploads\/2015\/09\/twin-ring-motegi-wtcc-citroen-schiavon-2-624x416.jpg 624w\" sizes=\"(max-width: 300px) 100vw, 300px\" \/><\/a><figcaption id=\"caption-attachment-6597\" class=\"wp-caption-text\">Septi\u00e8me victoire de la saison pour Jose Maria \"Pechito\" Lopez ! Il n'y a plus que deux pilotes qui peuvent l'emp\u00eacher de remporter le titre FIA WTCC :<\/figcaption><\/figure>\n","protected":false},"excerpt":{"rendered":"<p>7 \u00b0me Victoire pour Jos\u00e9 Maria Pechito Lopez avec Citroen en WTCC Septi\u00e8me victoire de la saison pour Jos\u00e9 Maria \u00ab\u00a0Pechito\u00a0\u00bb Lopez Il n&rsquo;y a plus que deux pilotes qui peuvent l&#8217;emp\u00eacher de remporter le titre FIA WTCC : Yvan Muller et S\u00e9bastien Loeb..<\/p>\n","protected":false},"author":3,"featured_media":0,"comment_status":"open","ping_status":"open","sticky":false,"template":"","format":"standard","meta":{"_uag_custom_page_level_css":"","_themeisle_gutenberg_block_has_review":false,"footnotes":""},"categories":[5,5944,16,6056],"tags":[1284],"class_list":["post-6595","post","type-post","status-publish","format-standard","hentry","category-citroen","category-constructeur","category-sport-auto","category-wtcc","tag-sebastien-loeb"],"wppr_data":[],"yoast_head":"<!-- This site is optimized with the Yoast SEO plugin v24.8.1 - https:\/\/yoast.com\/wordpress\/plugins\/seo\/ -->\n<title>Jos\u00e9 Maria Pechito Lopez avec Citroen en WTCC - Blog auto Carid\u00e9al<\/title>\n<meta name=\"description\" content=\"Septi\u00e8me victoire de la saison pour Jos\u00e9 Maria Pechito Lopez, plus rien ne peut l&#039;emp\u00e8cher de remporter le titre WTCC, sauf Muller et Loeb\" \/>\n<meta name=\"robots\" content=\"index, follow, max-snippet:-1, max-image-preview:large, max-video-preview:-1\" \/>\n<link rel=\"canonical\" href=\"https:\/\/www.carideal.com\/blog\/2015\/09\/13\/7-me-victoire-pour-jose-maria-pechito-lopez-avec-citroen-en-wtcc\/\" \/>\n<meta property=\"og:locale\" content=\"fr_FR\" \/>\n<meta property=\"og:type\" content=\"article\" \/>\n<meta property=\"og:title\" content=\"Jos\u00e9 Maria Pechito Lopez avec Citroen en WTCC - Blog auto Carid\u00e9al\" \/>\n<meta property=\"og:description\" content=\"Septi\u00e8me victoire de la saison pour Jos\u00e9 Maria Pechito Lopez, plus rien ne peut l&#039;emp\u00e8cher de remporter le titre WTCC, sauf Muller et Loeb\" \/>\n<meta property=\"og:url\" content=\"https:\/\/www.carideal.com\/blog\/2015\/09\/13\/7-me-victoire-pour-jose-maria-pechito-lopez-avec-citroen-en-wtcc\/\" \/>\n<meta property=\"og:site_name\" content=\"Blog auto Carid\u00e9al\" \/>\n<meta property=\"article:publisher\" content=\"https:\/\/www.facebook.com\/Carideal.mandataire.automobile\" \/>\n<meta property=\"article:author\" content=\"https:\/\/www.facebook.com\/nicolas.schiavon.39\" \/>\n<meta property=\"article:published_time\" content=\"2015-09-13T17:23:54+00:00\" \/>\n<meta property=\"article:modified_time\" content=\"2016-06-21T14:28:03+00:00\" \/>\n<meta property=\"og:image\" content=\"http:\/\/www.carideal.com\/blog\/wp-content\/uploads\/2015\/09\/twin-ring-motegi-wtcc-citroen-schiavon-300x200.jpg\" \/>\n<meta name=\"author\" content=\"Nicolas SCHIAVON\" \/>\n<meta name=\"twitter:card\" content=\"summary_large_image\" \/>\n<meta name=\"twitter:creator\" content=\"@caridealauto\" \/>\n<meta name=\"twitter:site\" content=\"@caridealauto\" \/>\n<meta name=\"twitter:label1\" content=\"\u00c9crit par\" \/>\n\t<meta name=\"twitter:data1\" content=\"Nicolas SCHIAVON\" \/>\n<script type=\"application\/ld+json\" class=\"yoast-schema-graph\">{\"@context\":\"https:\/\/schema.org\",\"@graph\":[{\"@type\":\"Article\",\"@id\":\"https:\/\/www.carideal.com\/blog\/2015\/09\/13\/7-me-victoire-pour-jose-maria-pechito-lopez-avec-citroen-en-wtcc\/#article\",\"isPartOf\":{\"@id\":\"https:\/\/www.carideal.com\/blog\/2015\/09\/13\/7-me-victoire-pour-jose-maria-pechito-lopez-avec-citroen-en-wtcc\/\"},\"author\":{\"name\":\"Nicolas SCHIAVON\",\"@id\":\"https:\/\/www.carideal.com\/blog\/#\/schema\/person\/cd95dc7919660de90d31b366f85be1ec\"},\"headline\":\"Jos\u00e9 Maria Pechito Lopez avec Citroen en WTCC\",\"datePublished\":\"2015-09-13T17:23:54+00:00\",\"dateModified\":\"2016-06-21T14:28:03+00:00\",\"mainEntityOfPage\":{\"@id\":\"https:\/\/www.carideal.com\/blog\/2015\/09\/13\/7-me-victoire-pour-jose-maria-pechito-lopez-avec-citroen-en-wtcc\/\"},\"wordCount\":106,\"commentCount\":0,\"publisher\":{\"@id\":\"https:\/\/www.carideal.com\/blog\/#organization\"},\"image\":{\"@id\":\"https:\/\/www.carideal.com\/blog\/2015\/09\/13\/7-me-victoire-pour-jose-maria-pechito-lopez-avec-citroen-en-wtcc\/#primaryimage\"},\"thumbnailUrl\":\"http:\/\/www.carideal.com\/blog\/wp-content\/uploads\/2015\/09\/twin-ring-motegi-wtcc-citroen-schiavon-300x200.jpg\",\"keywords\":[\"Sebastien Loeb Champion du monde\"],\"articleSection\":[\"Actualit\u00e9 Citroen\",\"Actualit\u00e9 Constructeur automobile\",\"Sport Automobile\",\"WTCC\"],\"inLanguage\":\"fr-FR\",\"potentialAction\":[{\"@type\":\"CommentAction\",\"name\":\"Comment\",\"target\":[\"https:\/\/www.carideal.com\/blog\/2015\/09\/13\/7-me-victoire-pour-jose-maria-pechito-lopez-avec-citroen-en-wtcc\/#respond\"]}]},{\"@type\":\"WebPage\",\"@id\":\"https:\/\/www.carideal.com\/blog\/2015\/09\/13\/7-me-victoire-pour-jose-maria-pechito-lopez-avec-citroen-en-wtcc\/\",\"url\":\"https:\/\/www.carideal.com\/blog\/2015\/09\/13\/7-me-victoire-pour-jose-maria-pechito-lopez-avec-citroen-en-wtcc\/\",\"name\":\"Jos\u00e9 Maria Pechito Lopez avec Citroen en WTCC - Blog auto Carid\u00e9al\",\"isPartOf\":{\"@id\":\"https:\/\/www.carideal.com\/blog\/#website\"},\"primaryImageOfPage\":{\"@id\":\"https:\/\/www.carideal.com\/blog\/2015\/09\/13\/7-me-victoire-pour-jose-maria-pechito-lopez-avec-citroen-en-wtcc\/#primaryimage\"},\"image\":{\"@id\":\"https:\/\/www.carideal.com\/blog\/2015\/09\/13\/7-me-victoire-pour-jose-maria-pechito-lopez-avec-citroen-en-wtcc\/#primaryimage\"},\"thumbnailUrl\":\"http:\/\/www.carideal.com\/blog\/wp-content\/uploads\/2015\/09\/twin-ring-motegi-wtcc-citroen-schiavon-300x200.jpg\",\"datePublished\":\"2015-09-13T17:23:54+00:00\",\"dateModified\":\"2016-06-21T14:28:03+00:00\",\"description\":\"Septi\u00e8me victoire de la saison pour Jos\u00e9 Maria Pechito Lopez, plus rien ne peut l'emp\u00e8cher de remporter le titre WTCC, sauf Muller et Loeb\",\"breadcrumb\":{\"@id\":\"https:\/\/www.carideal.com\/blog\/2015\/09\/13\/7-me-victoire-pour-jose-maria-pechito-lopez-avec-citroen-en-wtcc\/#breadcrumb\"},\"inLanguage\":\"fr-FR\",\"potentialAction\":[{\"@type\":\"ReadAction\",\"target\":[\"https:\/\/www.carideal.com\/blog\/2015\/09\/13\/7-me-victoire-pour-jose-maria-pechito-lopez-avec-citroen-en-wtcc\/\"]}]},{\"@type\":\"ImageObject\",\"inLanguage\":\"fr-FR\",\"@id\":\"https:\/\/www.carideal.com\/blog\/2015\/09\/13\/7-me-victoire-pour-jose-maria-pechito-lopez-avec-citroen-en-wtcc\/#primaryimage\",\"url\":\"http:\/\/www.carideal.com\/blog\/wp-content\/uploads\/2015\/09\/twin-ring-motegi-wtcc-citroen-schiavon-300x200.jpg\",\"contentUrl\":\"http:\/\/www.carideal.com\/blog\/wp-content\/uploads\/2015\/09\/twin-ring-motegi-wtcc-citroen-schiavon-300x200.jpg\"},{\"@type\":\"BreadcrumbList\",\"@id\":\"https:\/\/www.carideal.com\/blog\/2015\/09\/13\/7-me-victoire-pour-jose-maria-pechito-lopez-avec-citroen-en-wtcc\/#breadcrumb\",\"itemListElement\":[{\"@type\":\"ListItem\",\"position\":1,\"name\":\"Blog Carid\u00e9al\",\"item\":\"https:\/\/www.carideal.com\/blog\/\"},{\"@type\":\"ListItem\",\"position\":2,\"name\":\"Actualit\u00e9 constructeur automobile\",\"item\":\"https:\/\/www.carideal.com\/blog\/constructeur\/\"},{\"@type\":\"ListItem\",\"position\":3,\"name\":\"Actualit\u00e9 Citroen\",\"item\":\"https:\/\/www.carideal.com\/blog\/constructeur\/citroen\/\"},{\"@type\":\"ListItem\",\"position\":4,\"name\":\"Jos\u00e9 Maria Pechito Lopez avec Citroen en WTCC\"}]},{\"@type\":\"WebSite\",\"@id\":\"https:\/\/www.carideal.com\/blog\/#website\",\"url\":\"https:\/\/www.carideal.com\/blog\/\",\"name\":\"Blog auto Carid\u00e9al\",\"description\":\"Actualit\u00e9 auto par des passionn\u00e9s\",\"publisher\":{\"@id\":\"https:\/\/www.carideal.com\/blog\/#organization\"},\"potentialAction\":[{\"@type\":\"SearchAction\",\"target\":{\"@type\":\"EntryPoint\",\"urlTemplate\":\"https:\/\/www.carideal.com\/blog\/?s={search_term_string}\"},\"query-input\":{\"@type\":\"PropertyValueSpecification\",\"valueRequired\":true,\"valueName\":\"search_term_string\"}}],\"inLanguage\":\"fr-FR\"},{\"@type\":\"Organization\",\"@id\":\"https:\/\/www.carideal.com\/blog\/#organization\",\"name\":\"Carideal\",\"url\":\"https:\/\/www.carideal.com\/blog\/\",\"logo\":{\"@type\":\"ImageObject\",\"inLanguage\":\"fr-FR\",\"@id\":\"https:\/\/www.carideal.com\/blog\/#\/schema\/logo\/image\/\",\"url\":\"http:\/\/www.carideal.com\/blog\/wp-content\/uploads\/2016\/03\/logo-carideal-mandataire-automobile.png\",\"contentUrl\":\"http:\/\/www.carideal.com\/blog\/wp-content\/uploads\/2016\/03\/logo-carideal-mandataire-automobile.png\",\"width\":300,\"height\":300,\"caption\":\"Carideal\"},\"image\":{\"@id\":\"https:\/\/www.carideal.com\/blog\/#\/schema\/logo\/image\/\"},\"sameAs\":[\"https:\/\/www.facebook.com\/Carideal.mandataire.automobile\",\"https:\/\/x.com\/caridealauto\",\"https:\/\/www.instagram.com\/carideal1\/\",\"https:\/\/www.linkedin.com\/company\/carideal.com\",\"https:\/\/fr.pinterest.com\/schiavonsas\/\",\"https:\/\/www.youtube.com\/user\/caridealsas\"]},{\"@type\":\"Person\",\"@id\":\"https:\/\/www.carideal.com\/blog\/#\/schema\/person\/cd95dc7919660de90d31b366f85be1ec\",\"name\":\"Nicolas SCHIAVON\",\"image\":{\"@type\":\"ImageObject\",\"inLanguage\":\"fr-FR\",\"@id\":\"https:\/\/www.carideal.com\/blog\/#\/schema\/person\/image\/\",\"url\":\"https:\/\/secure.gravatar.com\/avatar\/c17e55009e671d92cc7f5dc837dc418a?s=96&r=g\",\"contentUrl\":\"https:\/\/secure.gravatar.com\/avatar\/c17e55009e671d92cc7f5dc837dc418a?s=96&r=g\",\"caption\":\"Nicolas SCHIAVON\"},\"description\":\"Nicolas Schiavon est tomb\u00e9 tout petit dans la marmite automobile. Ayant eu un garage de marque automobile, mandataire automobile de la premi\u00e8re heure d\u00e8s 1999. Nicolas a cr\u00e9\u00e9 ces premiers sites de vente de voiture et blog automobile d\u00e8s 1994. Carideal est n\u00e9 le 15 d\u00e9cembre 2000 de la volont\u00e9 de vendre des voitures d'occasions en ligne puis des voitures neuves. Il a pu essayer beaucoup de voitures tr\u00e8s diff\u00e9rentes et ayant eu personnellement quelques belles autos, Subaru Impreza, Mitsubishi Lancer Evo 7, Porsche 911, Ferrari Testarrossa, Audi RS3, RS4 et j'en passe...\",\"sameAs\":[\"http:\/\/www.carideal.com\",\"https:\/\/www.facebook.com\/nicolas.schiavon.39\",\"https:\/\/www.instagram.com\/carideal1\/\",\"https:\/\/www.linkedin.com\/in\/nschiavon\/\",\"https:\/\/x.com\/caridealauto\",\"https:\/\/www.youtube.com\/user\/caridealsas\/\"],\"url\":\"https:\/\/www.carideal.com\/blog\/author\/nschiavon\/\"}]}<\/script>\n<!-- \/ Yoast SEO plugin. -->","yoast_head_json":{"title":"Jos\u00e9 Maria Pechito Lopez avec Citroen en WTCC - Blog auto Carid\u00e9al","description":"Septi\u00e8me victoire de la saison pour Jos\u00e9 Maria Pechito Lopez, plus rien ne peut l'emp\u00e8cher de remporter le titre WTCC, sauf Muller et Loeb","robots":{"index":"index","follow":"follow","max-snippet":"max-snippet:-1","max-image-preview":"max-image-preview:large","max-video-preview":"max-video-preview:-1"},"canonical":"https:\/\/www.carideal.com\/blog\/2015\/09\/13\/7-me-victoire-pour-jose-maria-pechito-lopez-avec-citroen-en-wtcc\/","og_locale":"fr_FR","og_type":"article","og_title":"Jos\u00e9 Maria Pechito Lopez avec Citroen en WTCC - Blog auto Carid\u00e9al","og_description":"Septi\u00e8me victoire de la saison pour Jos\u00e9 Maria Pechito Lopez, plus rien ne peut l'emp\u00e8cher de remporter le titre WTCC, sauf Muller et Loeb","og_url":"https:\/\/www.carideal.com\/blog\/2015\/09\/13\/7-me-victoire-pour-jose-maria-pechito-lopez-avec-citroen-en-wtcc\/","og_site_name":"Blog auto Carid\u00e9al","article_publisher":"https:\/\/www.facebook.com\/Carideal.mandataire.automobile","article_author":"https:\/\/www.facebook.com\/nicolas.schiavon.39","article_published_time":"2015-09-13T17:23:54+00:00","article_modified_time":"2016-06-21T14:28:03+00:00","og_image":[{"url":"http:\/\/www.carideal.com\/blog\/wp-content\/uploads\/2015\/09\/twin-ring-motegi-wtcc-citroen-schiavon-300x200.jpg","type":"","width":"","height":""}],"author":"Nicolas SCHIAVON","twitter_card":"summary_large_image","twitter_creator":"@caridealauto","twitter_site":"@caridealauto","twitter_misc":{"\u00c9crit par":"Nicolas SCHIAVON"},"schema":{"@context":"https:\/\/schema.org","@graph":[{"@type":"Article","@id":"https:\/\/www.carideal.com\/blog\/2015\/09\/13\/7-me-victoire-pour-jose-maria-pechito-lopez-avec-citroen-en-wtcc\/#article","isPartOf":{"@id":"https:\/\/www.carideal.com\/blog\/2015\/09\/13\/7-me-victoire-pour-jose-maria-pechito-lopez-avec-citroen-en-wtcc\/"},"author":{"name":"Nicolas SCHIAVON","@id":"https:\/\/www.carideal.com\/blog\/#\/schema\/person\/cd95dc7919660de90d31b366f85be1ec"},"headline":"Jos\u00e9 Maria Pechito Lopez avec Citroen en WTCC","datePublished":"2015-09-13T17:23:54+00:00","dateModified":"2016-06-21T14:28:03+00:00","mainEntityOfPage":{"@id":"https:\/\/www.carideal.com\/blog\/2015\/09\/13\/7-me-victoire-pour-jose-maria-pechito-lopez-avec-citroen-en-wtcc\/"},"wordCount":106,"commentCount":0,"publisher":{"@id":"https:\/\/www.carideal.com\/blog\/#organization"},"image":{"@id":"https:\/\/www.carideal.com\/blog\/2015\/09\/13\/7-me-victoire-pour-jose-maria-pechito-lopez-avec-citroen-en-wtcc\/#primaryimage"},"thumbnailUrl":"http:\/\/www.carideal.com\/blog\/wp-content\/uploads\/2015\/09\/twin-ring-motegi-wtcc-citroen-schiavon-300x200.jpg","keywords":["Sebastien Loeb Champion du monde"],"articleSection":["Actualit\u00e9 Citroen","Actualit\u00e9 Constructeur automobile","Sport Automobile","WTCC"],"inLanguage":"fr-FR","potentialAction":[{"@type":"CommentAction","name":"Comment","target":["https:\/\/www.carideal.com\/blog\/2015\/09\/13\/7-me-victoire-pour-jose-maria-pechito-lopez-avec-citroen-en-wtcc\/#respond"]}]},{"@type":"WebPage","@id":"https:\/\/www.carideal.com\/blog\/2015\/09\/13\/7-me-victoire-pour-jose-maria-pechito-lopez-avec-citroen-en-wtcc\/","url":"https:\/\/www.carideal.com\/blog\/2015\/09\/13\/7-me-victoire-pour-jose-maria-pechito-lopez-avec-citroen-en-wtcc\/","name":"Jos\u00e9 Maria Pechito Lopez avec Citroen en WTCC - Blog auto Carid\u00e9al","isPartOf":{"@id":"https:\/\/www.carideal.com\/blog\/#website"},"primaryImageOfPage":{"@id":"https:\/\/www.carideal.com\/blog\/2015\/09\/13\/7-me-victoire-pour-jose-maria-pechito-lopez-avec-citroen-en-wtcc\/#primaryimage"},"image":{"@id":"https:\/\/www.carideal.com\/blog\/2015\/09\/13\/7-me-victoire-pour-jose-maria-pechito-lopez-avec-citroen-en-wtcc\/#primaryimage"},"thumbnailUrl":"http:\/\/www.carideal.com\/blog\/wp-content\/uploads\/2015\/09\/twin-ring-motegi-wtcc-citroen-schiavon-300x200.jpg","datePublished":"2015-09-13T17:23:54+00:00","dateModified":"2016-06-21T14:28:03+00:00","description":"Septi\u00e8me victoire de la saison pour Jos\u00e9 Maria Pechito Lopez, plus rien ne peut l'emp\u00e8cher de remporter le titre WTCC, sauf Muller et Loeb","breadcrumb":{"@id":"https:\/\/www.carideal.com\/blog\/2015\/09\/13\/7-me-victoire-pour-jose-maria-pechito-lopez-avec-citroen-en-wtcc\/#breadcrumb"},"inLanguage":"fr-FR","potentialAction":[{"@type":"ReadAction","target":["https:\/\/www.carideal.com\/blog\/2015\/09\/13\/7-me-victoire-pour-jose-maria-pechito-lopez-avec-citroen-en-wtcc\/"]}]},{"@type":"ImageObject","inLanguage":"fr-FR","@id":"https:\/\/www.carideal.com\/blog\/2015\/09\/13\/7-me-victoire-pour-jose-maria-pechito-lopez-avec-citroen-en-wtcc\/#primaryimage","url":"http:\/\/www.carideal.com\/blog\/wp-content\/uploads\/2015\/09\/twin-ring-motegi-wtcc-citroen-schiavon-300x200.jpg","contentUrl":"http:\/\/www.carideal.com\/blog\/wp-content\/uploads\/2015\/09\/twin-ring-motegi-wtcc-citroen-schiavon-300x200.jpg"},{"@type":"BreadcrumbList","@id":"https:\/\/www.carideal.com\/blog\/2015\/09\/13\/7-me-victoire-pour-jose-maria-pechito-lopez-avec-citroen-en-wtcc\/#breadcrumb","itemListElement":[{"@type":"ListItem","position":1,"name":"Blog Carid\u00e9al","item":"https:\/\/www.carideal.com\/blog\/"},{"@type":"ListItem","position":2,"name":"Actualit\u00e9 constructeur automobile","item":"https:\/\/www.carideal.com\/blog\/constructeur\/"},{"@type":"ListItem","position":3,"name":"Actualit\u00e9 Citroen","item":"https:\/\/www.carideal.com\/blog\/constructeur\/citroen\/"},{"@type":"ListItem","position":4,"name":"Jos\u00e9 Maria Pechito Lopez avec Citroen en WTCC"}]},{"@type":"WebSite","@id":"https:\/\/www.carideal.com\/blog\/#website","url":"https:\/\/www.carideal.com\/blog\/","name":"Blog auto Carid\u00e9al","description":"Actualit\u00e9 auto par des passionn\u00e9s","publisher":{"@id":"https:\/\/www.carideal.com\/blog\/#organization"},"potentialAction":[{"@type":"SearchAction","target":{"@type":"EntryPoint","urlTemplate":"https:\/\/www.carideal.com\/blog\/?s={search_term_string}"},"query-input":{"@type":"PropertyValueSpecification","valueRequired":true,"valueName":"search_term_string"}}],"inLanguage":"fr-FR"},{"@type":"Organization","@id":"https:\/\/www.carideal.com\/blog\/#organization","name":"Carideal","url":"https:\/\/www.carideal.com\/blog\/","logo":{"@type":"ImageObject","inLanguage":"fr-FR","@id":"https:\/\/www.carideal.com\/blog\/#\/schema\/logo\/image\/","url":"http:\/\/www.carideal.com\/blog\/wp-content\/uploads\/2016\/03\/logo-carideal-mandataire-automobile.png","contentUrl":"http:\/\/www.carideal.com\/blog\/wp-content\/uploads\/2016\/03\/logo-carideal-mandataire-automobile.png","width":300,"height":300,"caption":"Carideal"},"image":{"@id":"https:\/\/www.carideal.com\/blog\/#\/schema\/logo\/image\/"},"sameAs":["https:\/\/www.facebook.com\/Carideal.mandataire.automobile","https:\/\/x.com\/caridealauto","https:\/\/www.instagram.com\/carideal1\/","https:\/\/www.linkedin.com\/company\/carideal.com","https:\/\/fr.pinterest.com\/schiavonsas\/","https:\/\/www.youtube.com\/user\/caridealsas"]},{"@type":"Person","@id":"https:\/\/www.carideal.com\/blog\/#\/schema\/person\/cd95dc7919660de90d31b366f85be1ec","name":"Nicolas SCHIAVON","image":{"@type":"ImageObject","inLanguage":"fr-FR","@id":"https:\/\/www.carideal.com\/blog\/#\/schema\/person\/image\/","url":"https:\/\/secure.gravatar.com\/avatar\/c17e55009e671d92cc7f5dc837dc418a?s=96&r=g","contentUrl":"https:\/\/secure.gravatar.com\/avatar\/c17e55009e671d92cc7f5dc837dc418a?s=96&r=g","caption":"Nicolas SCHIAVON"},"description":"Nicolas Schiavon est tomb\u00e9 tout petit dans la marmite automobile. Ayant eu un garage de marque automobile, mandataire automobile de la premi\u00e8re heure d\u00e8s 1999. Nicolas a cr\u00e9\u00e9 ces premiers sites de vente de voiture et blog automobile d\u00e8s 1994. Carideal est n\u00e9 le 15 d\u00e9cembre 2000 de la volont\u00e9 de vendre des voitures d'occasions en ligne puis des voitures neuves. Il a pu essayer beaucoup de voitures tr\u00e8s diff\u00e9rentes et ayant eu personnellement quelques belles autos, Subaru Impreza, Mitsubishi Lancer Evo 7, Porsche 911, Ferrari Testarrossa, Audi RS3, RS4 et j'en passe...","sameAs":["http:\/\/www.carideal.com","https:\/\/www.facebook.com\/nicolas.schiavon.39","https:\/\/www.instagram.com\/carideal1\/","https:\/\/www.linkedin.com\/in\/nschiavon\/","https:\/\/x.com\/caridealauto","https:\/\/www.youtube.com\/user\/caridealsas\/"],"url":"https:\/\/www.carideal.com\/blog\/author\/nschiavon\/"}]}},"uagb_featured_image_src":{"full":false,"thumbnail":false,"medium":false,"medium_large":false,"large":false,"1536x1536":false,"2048x2048":false,"wppr-widget":false},"uagb_author_info":{"display_name":"Nicolas SCHIAVON","author_link":"https:\/\/www.carideal.com\/blog\/author\/nschiavon\/"},"uagb_comment_info":0,"uagb_excerpt":"7 \u00b0me Victoire pour Jos\u00e9 Maria Pechito Lopez avec Citroen en WTCC Septi\u00e8me victoire de la saison pour Jos\u00e9 Maria \"Pechito\" Lopez Il n'y a plus que deux pilotes qui peuvent l'emp\u00eacher de remporter le titre FIA WTCC : Yvan Muller et S\u00e9bastien Loeb..","_links":{"self":[{"href":"https:\/\/www.carideal.com\/blog\/wp-json\/wp\/v2\/posts\/6595"}],"collection":[{"href":"https:\/\/www.carideal.com\/blog\/wp-json\/wp\/v2\/posts"}],"about":[{"href":"https:\/\/www.carideal.com\/blog\/wp-json\/wp\/v2\/types\/post"}],"author":[{"embeddable":true,"href":"https:\/\/www.carideal.com\/blog\/wp-json\/wp\/v2\/users\/3"}],"replies":[{"embeddable":true,"href":"https:\/\/www.carideal.com\/blog\/wp-json\/wp\/v2\/comments?post=6595"}],"version-history":[{"count":0,"href":"https:\/\/www.carideal.com\/blog\/wp-json\/wp\/v2\/posts\/6595\/revisions"}],"wp:attachment":[{"href":"https:\/\/www.carideal.com\/blog\/wp-json\/wp\/v2\/media?parent=6595"}],"wp:term":[{"taxonomy":"category","embeddable":true,"href":"https:\/\/www.carideal.com\/blog\/wp-json\/wp\/v2\/categories?post=6595"},{"taxonomy":"post_tag","embeddable":true,"href":"https:\/\/www.carideal.com\/blog\/wp-json\/wp\/v2\/tags?post=6595"}],"curies":[{"name":"wp","href":"https:\/\/api.w.org\/{rel}","templated":true}]}}