{"id":6548,"date":"2015-09-12T15:07:06","date_gmt":"2015-09-12T13:07:06","guid":{"rendered":"http:\/\/www.carideal.com\/blog\/?p=6548"},"modified":"2020-03-08T18:02:58","modified_gmt":"2020-03-08T17:02:58","slug":"nouvelle-audi-a4-2015","status":"publish","type":"post","link":"https:\/\/www.carideal.com\/blog\/2015\/09\/12\/nouvelle-audi-a4-2015\/","title":{"rendered":"Nouvelle Audi A4 2015"},"content":{"rendered":"<figure id=\"attachment_6549\" aria-describedby=\"caption-attachment-6549\" style=\"width: 290px\" class=\"wp-caption alignnone\"><a href=\"http:\/\/www.carideal.com\/blog\/wp-content\/uploads\/2015\/09\/nouvelle-audi-a4-2015-carideal-blog.jpg\"><img loading=\"lazy\" decoding=\"async\" class=\"size-medium wp-image-6549\" src=\"http:\/\/www.carideal.com\/blog\/wp-content\/uploads\/2015\/09\/nouvelle-audi-a4-2015-carideal-blog-300x200.jpg\" alt=\"Nouvelle Audi A4 2015 pr\u00e9sent\u00e9e \u00e0 Francfort\" width=\"300\" height=\"200\" srcset=\"https:\/\/www.carideal.com\/blog\/wp-content\/uploads\/2015\/09\/nouvelle-audi-a4-2015-carideal-blog-300x200.jpg 300w, https:\/\/www.carideal.com\/blog\/wp-content\/uploads\/2015\/09\/nouvelle-audi-a4-2015-carideal-blog.jpg 1024w, https:\/\/www.carideal.com\/blog\/wp-content\/uploads\/2015\/09\/nouvelle-audi-a4-2015-carideal-blog-624x416.jpg 624w\" sizes=\"(max-width: 300px) 100vw, 300px\" \/><\/a><figcaption id=\"caption-attachment-6549\" class=\"wp-caption-text\">Nouvelle Audi A4 2015 pr\u00e9sent\u00e9e \u00e0 Francfort<\/figcaption><\/figure>\n<h1>Nouvelle Audi A4 2015<\/h1>\n<p>Quatri\u00e8me g\u00e9n\u00e9ration pour la nouvelle Audi A4 2015 pr\u00e9sent\u00e9e au salon de Francfort en m\u00eame temps que sa version Break, Avant. La principale diff\u00e9rence esth\u00e9tique sont ses nouveaux phares \u00e0 LED. Le reste semble identique \u00e0 l'ancienne.<\/p>\n<h2><strong>Nouvelle Audi A4 2015 High-tech...<\/strong><\/h2>\n<p>C'est par contre assis derri\u00e8re le volant que l'on s'apper\u00e7oit de la diff\u00e9rence avec une planche de bord tr\u00e8s plate et horizontale et son \u00e9cran multim\u00e9dia de 7 ou 8,3 pouces selon les versions. L'affichage reprend le Vir\u00adtual cockpit, qui a \u00e9t\u00e9 lanc\u00e9 sur le <span style=\"text-decoration: underline;\">nouveau TT<\/span> en 2014. Vous pourrez configurer cet \u00e9cran HD \u00e0 l'envie, et il proposera aussi un affichage du GPS au zoom diff\u00e9rent de celui de l'\u00e9cran central. Cette <span style=\"text-decoration: underline;\">nouvelle A4<\/span> remprendra \u00e0 son compte la technologie du <span style=\"text-decoration: underline;\">Q7<\/span> et autre <span style=\"text-decoration: underline;\">Mercedes Classe S<\/span> et sera autonome dans les embouteillages. Elle pourra quasiment se conduire sans chauffeur.<\/p>\n<h2><strong>D\u00e9j\u00e0 la version Break de la\u00a0nouvelle Audi A4 2015<\/strong><\/h2>\n<p>Audi est la marque dont la version break se vend le mieux, il n'est donc pas \u00e9tonant que l'audi A4 Avant soit commercialis\u00e9 en m\u00eame temps que la berline.<\/p>\n<p><strong>Moteurs<\/strong><br \/>\nElle sera motoris\u00e9e par quatre diesels et trois moteurs essence. En diesel, nous aurons un 2.0 TDI 150 ( et d'une version Ultra homologu\u00e9e \u00e0 95 g\/km de CO2 en berline et \u00e0 99 g en break), d'un 2.0 TDI 190 et d'un 3.0 V6 TDI quattro de 272 ch. En essence, l'A4 disposera d'un 1.4 TFSI de 150 ch, d'un 2.0 TFSI de 170 ch<\/p>\n","protected":false},"excerpt":{"rendered":"<p>Nouvelle Audi A4 2015 Quatri\u00e8me g\u00e9n\u00e9ration pour la nouvelle Audi A4 2015 pr\u00e9sent\u00e9e au salon de Francfort en m\u00eame temps que sa version Break, Avant. La principale diff\u00e9rence esth\u00e9tique sont ses nouveaux phares \u00e0 LED. Le reste semble identique \u00e0 l&rsquo;ancienne. Nouvelle Audi A4 2015 High-tech&#8230; C&rsquo;est par contre assis derri\u00e8re le volant que l&rsquo;on &#8230; <a title=\"Nouvelle Audi A4 2015\" class=\"read-more\" href=\"https:\/\/www.carideal.com\/blog\/2015\/09\/12\/nouvelle-audi-a4-2015\/\" aria-label=\"En savoir plus sur Nouvelle Audi A4 2015\">Lire plus<\/a><\/p>\n","protected":false},"author":3,"featured_media":0,"comment_status":"open","ping_status":"open","sticky":false,"template":"","format":"standard","meta":{"_uag_custom_page_level_css":"","_themeisle_gutenberg_block_has_review":false,"footnotes":""},"categories":[5978,21,5944,6012,6013,5974],"tags":[407],"class_list":["post-6548","post","type-post","status-publish","format-standard","hentry","category-audi","category-actualites-auto","category-constructeur","category-berlines","category-break","category-type-de-vehicule","tag-tdi"],"wppr_data":[],"yoast_head":"<!-- This site is optimized with the Yoast SEO plugin v24.8.1 - https:\/\/yoast.com\/wordpress\/plugins\/seo\/ -->\n<title>Nouvelle Audi A4 2015 - Blog auto Carid\u00e9al<\/title>\n<meta name=\"robots\" content=\"index, follow, max-snippet:-1, max-image-preview:large, max-video-preview:-1\" \/>\n<link rel=\"canonical\" href=\"https:\/\/www.carideal.com\/blog\/2015\/09\/12\/nouvelle-audi-a4-2015\/\" \/>\n<meta property=\"og:locale\" content=\"fr_FR\" \/>\n<meta property=\"og:type\" content=\"article\" \/>\n<meta property=\"og:title\" content=\"Nouvelle Audi A4 2015 - Blog auto Carid\u00e9al\" \/>\n<meta property=\"og:description\" content=\"Nouvelle Audi A4 2015 Quatri\u00e8me g\u00e9n\u00e9ration pour la nouvelle Audi A4 2015 pr\u00e9sent\u00e9e au salon de Francfort en m\u00eame temps que sa version Break, Avant. La principale diff\u00e9rence esth\u00e9tique sont ses nouveaux phares \u00e0 LED. Le reste semble identique \u00e0 l&#039;ancienne. Nouvelle Audi A4 2015 High-tech... C&#039;est par contre assis derri\u00e8re le volant que l&#039;on ... Lire plus\" \/>\n<meta property=\"og:url\" content=\"https:\/\/www.carideal.com\/blog\/2015\/09\/12\/nouvelle-audi-a4-2015\/\" \/>\n<meta property=\"og:site_name\" content=\"Blog auto Carid\u00e9al\" \/>\n<meta property=\"article:publisher\" content=\"https:\/\/www.facebook.com\/Carideal.mandataire.automobile\" \/>\n<meta property=\"article:author\" content=\"https:\/\/www.facebook.com\/nicolas.schiavon.39\" \/>\n<meta property=\"article:published_time\" content=\"2015-09-12T13:07:06+00:00\" \/>\n<meta property=\"article:modified_time\" content=\"2020-03-08T17:02:58+00:00\" \/>\n<meta property=\"og:image\" content=\"http:\/\/www.carideal.com\/blog\/wp-content\/uploads\/2015\/09\/nouvelle-audi-a4-2015-carideal-blog-300x200.jpg\" \/>\n<meta name=\"author\" content=\"Nicolas SCHIAVON\" \/>\n<meta name=\"twitter:card\" content=\"summary_large_image\" \/>\n<meta name=\"twitter:creator\" content=\"@caridealauto\" \/>\n<meta name=\"twitter:site\" content=\"@caridealauto\" \/>\n<meta name=\"twitter:label1\" content=\"\u00c9crit par\" \/>\n\t<meta name=\"twitter:data1\" content=\"Nicolas SCHIAVON\" \/>\n\t<meta name=\"twitter:label2\" content=\"Dur\u00e9e de lecture estim\u00e9e\" \/>\n\t<meta name=\"twitter:data2\" content=\"1 minute\" \/>\n<script type=\"application\/ld+json\" class=\"yoast-schema-graph\">{\"@context\":\"https:\/\/schema.org\",\"@graph\":[{\"@type\":\"Article\",\"@id\":\"https:\/\/www.carideal.com\/blog\/2015\/09\/12\/nouvelle-audi-a4-2015\/#article\",\"isPartOf\":{\"@id\":\"https:\/\/www.carideal.com\/blog\/2015\/09\/12\/nouvelle-audi-a4-2015\/\"},\"author\":{\"name\":\"Nicolas SCHIAVON\",\"@id\":\"https:\/\/www.carideal.com\/blog\/#\/schema\/person\/cd95dc7919660de90d31b366f85be1ec\"},\"headline\":\"Nouvelle Audi A4 2015\",\"datePublished\":\"2015-09-12T13:07:06+00:00\",\"dateModified\":\"2020-03-08T17:02:58+00:00\",\"mainEntityOfPage\":{\"@id\":\"https:\/\/www.carideal.com\/blog\/2015\/09\/12\/nouvelle-audi-a4-2015\/\"},\"wordCount\":266,\"commentCount\":0,\"publisher\":{\"@id\":\"https:\/\/www.carideal.com\/blog\/#organization\"},\"image\":{\"@id\":\"https:\/\/www.carideal.com\/blog\/2015\/09\/12\/nouvelle-audi-a4-2015\/#primaryimage\"},\"thumbnailUrl\":\"http:\/\/www.carideal.com\/blog\/wp-content\/uploads\/2015\/09\/nouvelle-audi-a4-2015-carideal-blog-300x200.jpg\",\"keywords\":[\"TDI\"],\"articleSection\":[\"Actualit\u00e9 Audi\",\"Actualit\u00e9 automobile\",\"Actualit\u00e9 Constructeur automobile\",\"Berlines\",\"Break\",\"Type de v\u00e9hicule\"],\"inLanguage\":\"fr-FR\",\"potentialAction\":[{\"@type\":\"CommentAction\",\"name\":\"Comment\",\"target\":[\"https:\/\/www.carideal.com\/blog\/2015\/09\/12\/nouvelle-audi-a4-2015\/#respond\"]}]},{\"@type\":\"WebPage\",\"@id\":\"https:\/\/www.carideal.com\/blog\/2015\/09\/12\/nouvelle-audi-a4-2015\/\",\"url\":\"https:\/\/www.carideal.com\/blog\/2015\/09\/12\/nouvelle-audi-a4-2015\/\",\"name\":\"Nouvelle Audi A4 2015 - Blog auto Carid\u00e9al\",\"isPartOf\":{\"@id\":\"https:\/\/www.carideal.com\/blog\/#website\"},\"primaryImageOfPage\":{\"@id\":\"https:\/\/www.carideal.com\/blog\/2015\/09\/12\/nouvelle-audi-a4-2015\/#primaryimage\"},\"image\":{\"@id\":\"https:\/\/www.carideal.com\/blog\/2015\/09\/12\/nouvelle-audi-a4-2015\/#primaryimage\"},\"thumbnailUrl\":\"http:\/\/www.carideal.com\/blog\/wp-content\/uploads\/2015\/09\/nouvelle-audi-a4-2015-carideal-blog-300x200.jpg\",\"datePublished\":\"2015-09-12T13:07:06+00:00\",\"dateModified\":\"2020-03-08T17:02:58+00:00\",\"breadcrumb\":{\"@id\":\"https:\/\/www.carideal.com\/blog\/2015\/09\/12\/nouvelle-audi-a4-2015\/#breadcrumb\"},\"inLanguage\":\"fr-FR\",\"potentialAction\":[{\"@type\":\"ReadAction\",\"target\":[\"https:\/\/www.carideal.com\/blog\/2015\/09\/12\/nouvelle-audi-a4-2015\/\"]}]},{\"@type\":\"ImageObject\",\"inLanguage\":\"fr-FR\",\"@id\":\"https:\/\/www.carideal.com\/blog\/2015\/09\/12\/nouvelle-audi-a4-2015\/#primaryimage\",\"url\":\"http:\/\/www.carideal.com\/blog\/wp-content\/uploads\/2015\/09\/nouvelle-audi-a4-2015-carideal-blog-300x200.jpg\",\"contentUrl\":\"http:\/\/www.carideal.com\/blog\/wp-content\/uploads\/2015\/09\/nouvelle-audi-a4-2015-carideal-blog-300x200.jpg\"},{\"@type\":\"BreadcrumbList\",\"@id\":\"https:\/\/www.carideal.com\/blog\/2015\/09\/12\/nouvelle-audi-a4-2015\/#breadcrumb\",\"itemListElement\":[{\"@type\":\"ListItem\",\"position\":1,\"name\":\"Blog Carid\u00e9al\",\"item\":\"https:\/\/www.carideal.com\/blog\/\"},{\"@type\":\"ListItem\",\"position\":2,\"name\":\"Actualit\u00e9 constructeur automobile\",\"item\":\"https:\/\/www.carideal.com\/blog\/constructeur\/\"},{\"@type\":\"ListItem\",\"position\":3,\"name\":\"Actualit\u00e9 Audi\",\"item\":\"https:\/\/www.carideal.com\/blog\/constructeur\/audi\/\"},{\"@type\":\"ListItem\",\"position\":4,\"name\":\"Nouvelle Audi A4 2015\"}]},{\"@type\":\"WebSite\",\"@id\":\"https:\/\/www.carideal.com\/blog\/#website\",\"url\":\"https:\/\/www.carideal.com\/blog\/\",\"name\":\"Blog auto Carid\u00e9al\",\"description\":\"Actualit\u00e9 auto par des passionn\u00e9s\",\"publisher\":{\"@id\":\"https:\/\/www.carideal.com\/blog\/#organization\"},\"potentialAction\":[{\"@type\":\"SearchAction\",\"target\":{\"@type\":\"EntryPoint\",\"urlTemplate\":\"https:\/\/www.carideal.com\/blog\/?s={search_term_string}\"},\"query-input\":{\"@type\":\"PropertyValueSpecification\",\"valueRequired\":true,\"valueName\":\"search_term_string\"}}],\"inLanguage\":\"fr-FR\"},{\"@type\":\"Organization\",\"@id\":\"https:\/\/www.carideal.com\/blog\/#organization\",\"name\":\"Carideal\",\"url\":\"https:\/\/www.carideal.com\/blog\/\",\"logo\":{\"@type\":\"ImageObject\",\"inLanguage\":\"fr-FR\",\"@id\":\"https:\/\/www.carideal.com\/blog\/#\/schema\/logo\/image\/\",\"url\":\"http:\/\/www.carideal.com\/blog\/wp-content\/uploads\/2016\/03\/logo-carideal-mandataire-automobile.png\",\"contentUrl\":\"http:\/\/www.carideal.com\/blog\/wp-content\/uploads\/2016\/03\/logo-carideal-mandataire-automobile.png\",\"width\":300,\"height\":300,\"caption\":\"Carideal\"},\"image\":{\"@id\":\"https:\/\/www.carideal.com\/blog\/#\/schema\/logo\/image\/\"},\"sameAs\":[\"https:\/\/www.facebook.com\/Carideal.mandataire.automobile\",\"https:\/\/x.com\/caridealauto\",\"https:\/\/www.instagram.com\/carideal1\/\",\"https:\/\/www.linkedin.com\/company\/carideal.com\",\"https:\/\/fr.pinterest.com\/schiavonsas\/\",\"https:\/\/www.youtube.com\/user\/caridealsas\"]},{\"@type\":\"Person\",\"@id\":\"https:\/\/www.carideal.com\/blog\/#\/schema\/person\/cd95dc7919660de90d31b366f85be1ec\",\"name\":\"Nicolas SCHIAVON\",\"image\":{\"@type\":\"ImageObject\",\"inLanguage\":\"fr-FR\",\"@id\":\"https:\/\/www.carideal.com\/blog\/#\/schema\/person\/image\/\",\"url\":\"https:\/\/secure.gravatar.com\/avatar\/c17e55009e671d92cc7f5dc837dc418a?s=96&r=g\",\"contentUrl\":\"https:\/\/secure.gravatar.com\/avatar\/c17e55009e671d92cc7f5dc837dc418a?s=96&r=g\",\"caption\":\"Nicolas SCHIAVON\"},\"description\":\"Nicolas Schiavon est tomb\u00e9 tout petit dans la marmite automobile. Ayant eu un garage de marque automobile, mandataire automobile de la premi\u00e8re heure d\u00e8s 1999. Nicolas a cr\u00e9\u00e9 ces premiers sites de vente de voiture et blog automobile d\u00e8s 1994. Carideal est n\u00e9 le 15 d\u00e9cembre 2000 de la volont\u00e9 de vendre des voitures d'occasions en ligne puis des voitures neuves. Il a pu essayer beaucoup de voitures tr\u00e8s diff\u00e9rentes et ayant eu personnellement quelques belles autos, Subaru Impreza, Mitsubishi Lancer Evo 7, Porsche 911, Ferrari Testarrossa, Audi RS3, RS4 et j'en passe...\",\"sameAs\":[\"http:\/\/www.carideal.com\",\"https:\/\/www.facebook.com\/nicolas.schiavon.39\",\"https:\/\/www.instagram.com\/carideal1\/\",\"https:\/\/www.linkedin.com\/in\/nschiavon\/\",\"https:\/\/x.com\/caridealauto\",\"https:\/\/www.youtube.com\/user\/caridealsas\/\"],\"url\":\"https:\/\/www.carideal.com\/blog\/author\/nschiavon\/\"}]}<\/script>\n<!-- \/ Yoast SEO plugin. -->","yoast_head_json":{"title":"Nouvelle Audi A4 2015 - Blog auto Carid\u00e9al","robots":{"index":"index","follow":"follow","max-snippet":"max-snippet:-1","max-image-preview":"max-image-preview:large","max-video-preview":"max-video-preview:-1"},"canonical":"https:\/\/www.carideal.com\/blog\/2015\/09\/12\/nouvelle-audi-a4-2015\/","og_locale":"fr_FR","og_type":"article","og_title":"Nouvelle Audi A4 2015 - Blog auto Carid\u00e9al","og_description":"Nouvelle Audi A4 2015 Quatri\u00e8me g\u00e9n\u00e9ration pour la nouvelle Audi A4 2015 pr\u00e9sent\u00e9e au salon de Francfort en m\u00eame temps que sa version Break, Avant. La principale diff\u00e9rence esth\u00e9tique sont ses nouveaux phares \u00e0 LED. Le reste semble identique \u00e0 l'ancienne. Nouvelle Audi A4 2015 High-tech... C'est par contre assis derri\u00e8re le volant que l'on ... Lire plus","og_url":"https:\/\/www.carideal.com\/blog\/2015\/09\/12\/nouvelle-audi-a4-2015\/","og_site_name":"Blog auto Carid\u00e9al","article_publisher":"https:\/\/www.facebook.com\/Carideal.mandataire.automobile","article_author":"https:\/\/www.facebook.com\/nicolas.schiavon.39","article_published_time":"2015-09-12T13:07:06+00:00","article_modified_time":"2020-03-08T17:02:58+00:00","og_image":[{"url":"http:\/\/www.carideal.com\/blog\/wp-content\/uploads\/2015\/09\/nouvelle-audi-a4-2015-carideal-blog-300x200.jpg","type":"","width":"","height":""}],"author":"Nicolas SCHIAVON","twitter_card":"summary_large_image","twitter_creator":"@caridealauto","twitter_site":"@caridealauto","twitter_misc":{"\u00c9crit par":"Nicolas SCHIAVON","Dur\u00e9e de lecture estim\u00e9e":"1 minute"},"schema":{"@context":"https:\/\/schema.org","@graph":[{"@type":"Article","@id":"https:\/\/www.carideal.com\/blog\/2015\/09\/12\/nouvelle-audi-a4-2015\/#article","isPartOf":{"@id":"https:\/\/www.carideal.com\/blog\/2015\/09\/12\/nouvelle-audi-a4-2015\/"},"author":{"name":"Nicolas SCHIAVON","@id":"https:\/\/www.carideal.com\/blog\/#\/schema\/person\/cd95dc7919660de90d31b366f85be1ec"},"headline":"Nouvelle Audi A4 2015","datePublished":"2015-09-12T13:07:06+00:00","dateModified":"2020-03-08T17:02:58+00:00","mainEntityOfPage":{"@id":"https:\/\/www.carideal.com\/blog\/2015\/09\/12\/nouvelle-audi-a4-2015\/"},"wordCount":266,"commentCount":0,"publisher":{"@id":"https:\/\/www.carideal.com\/blog\/#organization"},"image":{"@id":"https:\/\/www.carideal.com\/blog\/2015\/09\/12\/nouvelle-audi-a4-2015\/#primaryimage"},"thumbnailUrl":"http:\/\/www.carideal.com\/blog\/wp-content\/uploads\/2015\/09\/nouvelle-audi-a4-2015-carideal-blog-300x200.jpg","keywords":["TDI"],"articleSection":["Actualit\u00e9 Audi","Actualit\u00e9 automobile","Actualit\u00e9 Constructeur automobile","Berlines","Break","Type de v\u00e9hicule"],"inLanguage":"fr-FR","potentialAction":[{"@type":"CommentAction","name":"Comment","target":["https:\/\/www.carideal.com\/blog\/2015\/09\/12\/nouvelle-audi-a4-2015\/#respond"]}]},{"@type":"WebPage","@id":"https:\/\/www.carideal.com\/blog\/2015\/09\/12\/nouvelle-audi-a4-2015\/","url":"https:\/\/www.carideal.com\/blog\/2015\/09\/12\/nouvelle-audi-a4-2015\/","name":"Nouvelle Audi A4 2015 - Blog auto Carid\u00e9al","isPartOf":{"@id":"https:\/\/www.carideal.com\/blog\/#website"},"primaryImageOfPage":{"@id":"https:\/\/www.carideal.com\/blog\/2015\/09\/12\/nouvelle-audi-a4-2015\/#primaryimage"},"image":{"@id":"https:\/\/www.carideal.com\/blog\/2015\/09\/12\/nouvelle-audi-a4-2015\/#primaryimage"},"thumbnailUrl":"http:\/\/www.carideal.com\/blog\/wp-content\/uploads\/2015\/09\/nouvelle-audi-a4-2015-carideal-blog-300x200.jpg","datePublished":"2015-09-12T13:07:06+00:00","dateModified":"2020-03-08T17:02:58+00:00","breadcrumb":{"@id":"https:\/\/www.carideal.com\/blog\/2015\/09\/12\/nouvelle-audi-a4-2015\/#breadcrumb"},"inLanguage":"fr-FR","potentialAction":[{"@type":"ReadAction","target":["https:\/\/www.carideal.com\/blog\/2015\/09\/12\/nouvelle-audi-a4-2015\/"]}]},{"@type":"ImageObject","inLanguage":"fr-FR","@id":"https:\/\/www.carideal.com\/blog\/2015\/09\/12\/nouvelle-audi-a4-2015\/#primaryimage","url":"http:\/\/www.carideal.com\/blog\/wp-content\/uploads\/2015\/09\/nouvelle-audi-a4-2015-carideal-blog-300x200.jpg","contentUrl":"http:\/\/www.carideal.com\/blog\/wp-content\/uploads\/2015\/09\/nouvelle-audi-a4-2015-carideal-blog-300x200.jpg"},{"@type":"BreadcrumbList","@id":"https:\/\/www.carideal.com\/blog\/2015\/09\/12\/nouvelle-audi-a4-2015\/#breadcrumb","itemListElement":[{"@type":"ListItem","position":1,"name":"Blog Carid\u00e9al","item":"https:\/\/www.carideal.com\/blog\/"},{"@type":"ListItem","position":2,"name":"Actualit\u00e9 constructeur automobile","item":"https:\/\/www.carideal.com\/blog\/constructeur\/"},{"@type":"ListItem","position":3,"name":"Actualit\u00e9 Audi","item":"https:\/\/www.carideal.com\/blog\/constructeur\/audi\/"},{"@type":"ListItem","position":4,"name":"Nouvelle Audi A4 2015"}]},{"@type":"WebSite","@id":"https:\/\/www.carideal.com\/blog\/#website","url":"https:\/\/www.carideal.com\/blog\/","name":"Blog auto Carid\u00e9al","description":"Actualit\u00e9 auto par des passionn\u00e9s","publisher":{"@id":"https:\/\/www.carideal.com\/blog\/#organization"},"potentialAction":[{"@type":"SearchAction","target":{"@type":"EntryPoint","urlTemplate":"https:\/\/www.carideal.com\/blog\/?s={search_term_string}"},"query-input":{"@type":"PropertyValueSpecification","valueRequired":true,"valueName":"search_term_string"}}],"inLanguage":"fr-FR"},{"@type":"Organization","@id":"https:\/\/www.carideal.com\/blog\/#organization","name":"Carideal","url":"https:\/\/www.carideal.com\/blog\/","logo":{"@type":"ImageObject","inLanguage":"fr-FR","@id":"https:\/\/www.carideal.com\/blog\/#\/schema\/logo\/image\/","url":"http:\/\/www.carideal.com\/blog\/wp-content\/uploads\/2016\/03\/logo-carideal-mandataire-automobile.png","contentUrl":"http:\/\/www.carideal.com\/blog\/wp-content\/uploads\/2016\/03\/logo-carideal-mandataire-automobile.png","width":300,"height":300,"caption":"Carideal"},"image":{"@id":"https:\/\/www.carideal.com\/blog\/#\/schema\/logo\/image\/"},"sameAs":["https:\/\/www.facebook.com\/Carideal.mandataire.automobile","https:\/\/x.com\/caridealauto","https:\/\/www.instagram.com\/carideal1\/","https:\/\/www.linkedin.com\/company\/carideal.com","https:\/\/fr.pinterest.com\/schiavonsas\/","https:\/\/www.youtube.com\/user\/caridealsas"]},{"@type":"Person","@id":"https:\/\/www.carideal.com\/blog\/#\/schema\/person\/cd95dc7919660de90d31b366f85be1ec","name":"Nicolas SCHIAVON","image":{"@type":"ImageObject","inLanguage":"fr-FR","@id":"https:\/\/www.carideal.com\/blog\/#\/schema\/person\/image\/","url":"https:\/\/secure.gravatar.com\/avatar\/c17e55009e671d92cc7f5dc837dc418a?s=96&r=g","contentUrl":"https:\/\/secure.gravatar.com\/avatar\/c17e55009e671d92cc7f5dc837dc418a?s=96&r=g","caption":"Nicolas SCHIAVON"},"description":"Nicolas Schiavon est tomb\u00e9 tout petit dans la marmite automobile. Ayant eu un garage de marque automobile, mandataire automobile de la premi\u00e8re heure d\u00e8s 1999. Nicolas a cr\u00e9\u00e9 ces premiers sites de vente de voiture et blog automobile d\u00e8s 1994. Carideal est n\u00e9 le 15 d\u00e9cembre 2000 de la volont\u00e9 de vendre des voitures d'occasions en ligne puis des voitures neuves. Il a pu essayer beaucoup de voitures tr\u00e8s diff\u00e9rentes et ayant eu personnellement quelques belles autos, Subaru Impreza, Mitsubishi Lancer Evo 7, Porsche 911, Ferrari Testarrossa, Audi RS3, RS4 et j'en passe...","sameAs":["http:\/\/www.carideal.com","https:\/\/www.facebook.com\/nicolas.schiavon.39","https:\/\/www.instagram.com\/carideal1\/","https:\/\/www.linkedin.com\/in\/nschiavon\/","https:\/\/x.com\/caridealauto","https:\/\/www.youtube.com\/user\/caridealsas\/"],"url":"https:\/\/www.carideal.com\/blog\/author\/nschiavon\/"}]}},"uagb_featured_image_src":{"full":false,"thumbnail":false,"medium":false,"medium_large":false,"large":false,"1536x1536":false,"2048x2048":false,"wppr-widget":false},"uagb_author_info":{"display_name":"Nicolas SCHIAVON","author_link":"https:\/\/www.carideal.com\/blog\/author\/nschiavon\/"},"uagb_comment_info":0,"uagb_excerpt":"Nouvelle Audi A4 2015 Quatri\u00e8me g\u00e9n\u00e9ration pour la nouvelle Audi A4 2015 pr\u00e9sent\u00e9e au salon de Francfort en m\u00eame temps que sa version Break, Avant. La principale diff\u00e9rence esth\u00e9tique sont ses nouveaux phares \u00e0 LED. Le reste semble identique \u00e0 l'ancienne. Nouvelle Audi A4 2015 High-tech... C'est par contre assis derri\u00e8re le volant que l'on\u2026","_links":{"self":[{"href":"https:\/\/www.carideal.com\/blog\/wp-json\/wp\/v2\/posts\/6548"}],"collection":[{"href":"https:\/\/www.carideal.com\/blog\/wp-json\/wp\/v2\/posts"}],"about":[{"href":"https:\/\/www.carideal.com\/blog\/wp-json\/wp\/v2\/types\/post"}],"author":[{"embeddable":true,"href":"https:\/\/www.carideal.com\/blog\/wp-json\/wp\/v2\/users\/3"}],"replies":[{"embeddable":true,"href":"https:\/\/www.carideal.com\/blog\/wp-json\/wp\/v2\/comments?post=6548"}],"version-history":[{"count":0,"href":"https:\/\/www.carideal.com\/blog\/wp-json\/wp\/v2\/posts\/6548\/revisions"}],"wp:attachment":[{"href":"https:\/\/www.carideal.com\/blog\/wp-json\/wp\/v2\/media?parent=6548"}],"wp:term":[{"taxonomy":"category","embeddable":true,"href":"https:\/\/www.carideal.com\/blog\/wp-json\/wp\/v2\/categories?post=6548"},{"taxonomy":"post_tag","embeddable":true,"href":"https:\/\/www.carideal.com\/blog\/wp-json\/wp\/v2\/tags?post=6548"}],"curies":[{"name":"wp","href":"https:\/\/api.w.org\/{rel}","templated":true}]}}