{"id":6534,"date":"2015-09-12T10:52:07","date_gmt":"2015-09-12T08:52:07","guid":{"rendered":"http:\/\/www.carideal.com\/blog\/?p=6534"},"modified":"2020-03-08T18:02:58","modified_gmt":"2020-03-08T17:02:58","slug":"tesla-sinteresse-a-une-invention-francaise","status":"publish","type":"post","link":"https:\/\/www.carideal.com\/blog\/2015\/09\/12\/tesla-sinteresse-a-une-invention-francaise\/","title":{"rendered":"Une invention fran\u00e7aise LLW9 int\u00e9resse Tesla"},"content":{"rendered":"<figure id=\"attachment_6535\" aria-describedby=\"caption-attachment-6535\" style=\"width: 290px\" class=\"wp-caption alignnone\"><a href=\"http:\/\/www.carideal.com\/blog\/wp-content\/uploads\/2015\/09\/convertisseur-electricite-llw9_carideal.jpg\"><img loading=\"lazy\" decoding=\"async\" class=\"size-medium wp-image-6535\" src=\"http:\/\/www.carideal.com\/blog\/wp-content\/uploads\/2015\/09\/convertisseur-electricite-llw9_carideal-300x146.jpg\" alt=\"Le constructeur de Voiture \u00e9lectrique Tesla est int\u00e9ress\u00e9 par cette invention LLW9\" width=\"300\" height=\"146\" srcset=\"https:\/\/www.carideal.com\/blog\/wp-content\/uploads\/2015\/09\/convertisseur-electricite-llw9_carideal-300x146.jpg 300w, https:\/\/www.carideal.com\/blog\/wp-content\/uploads\/2015\/09\/convertisseur-electricite-llw9_carideal.jpg 400w\" sizes=\"(max-width: 300px) 100vw, 300px\" \/><\/a><figcaption id=\"caption-attachment-6535\" class=\"wp-caption-text\">Les constructeur de Voiture \u00e9lectrique Tesla est int\u00e9ress\u00e9 par cette invention LLW9<\/figcaption><\/figure>\n<h1>Tesla s'int\u00e9resse \u00e0 une invention fran\u00e7aise LLW9<\/h1>\n<p>Luc Besan\u00e7on est le le patron de LMW9, une start-up \u00e0 Aubagne qui vient de d\u00e9velopper un prototype LLW9, qui intrigue les sp\u00e9cialistes les plus pointus en la mati\u00e8re : il recevra la visite le mois prochain de J\u00e9r\u00f4me Guillen, le vice-pr\u00e9sident de <span style=\"text-decoration: underline;\"><a href=\"http:\/\/www.carideal.com\/blog\/2015\/02\/03\/la-tesla-model-s-arrive-4-roues-motrices-2-moteurs-electriques\/\">TESLA MOTORS<\/a><\/span> en charge des ventes mondiales de sa marque, \u00e0 la demande de Elon Musk , le patron de <a href=\"http:\/\/www.carideal.com\/72-tesla\">Tesla Motors<\/a>, num\u00e9ro 1 mondial des <span style=\"text-decoration: underline;\"><a href=\"http:\/\/www.carideal.com\/blog\/2014\/08\/25\/la-voiture-electrique-patine-faute-d-infrastructures\/\">voitures \u00e9lectriques<\/a><\/span>, afin d'examiner le dispositif de Luc Besan\u00e7on.<\/p>\n<p>Cette machine se nomme LLW9. Le prototype du LLW9 est un un cylindre de 2 m\u00e8tres de long compos\u00e9 d'aimants permanent tr\u00e8s puissants. En alternant les ph\u00e9nom\u00e8nes d\u2019attraction et de r\u00e9pulsion, le m\u00e9canisme entre en rotation et entra\u00eene une g\u00e9n\u00e9ratrice. l'inventeur recherche des financements.<\/p>\n<p>On se souvient que le premier \u00e0 avoir d\u00e9couvert et mis au point la production d'\u00e9lectricit\u00e9 \"libre\" fut <span style=\"text-decoration: underline;\"><a href=\"https:\/\/fr.wikipedia.org\/wiki\/Nikola_Tesla\">Nicolas Tesla<\/a><\/span> le Fameux physicien Am\u00e9ricain, avant que les Autorit\u00e9s am\u00e9ricaines ne lui tombent dessus et qu'on n'en entende plus parler.<br \/>\nNikola Tesla (1856-1943) se sp\u00e9cialisa dans la recherches principalement dans l\u2019\u00e9lectricit\u00e9. C'est pendant l'\u00e9t\u00e9 1931, que Nikola Tesla effectua des essais sur route d\u2019une voiture haut de gamme \u00e9quip\u00e9e d'un <a href=\"http:\/\/www.carideal.com\/blog\/2015\/02\/03\/la-tesla-model-s-arrive-4-roues-motrices-2-moteurs-electriques\/\">m<span style=\"text-decoration: underline;\">oteur \u00e9lectrique<\/span><\/a> de son invention \u00e0 courant alternatif, tournant \u00e0 1.800 t\/m, sans moteur thermique. \u00ab Elle n\u2019avait pas de moteur \u00bb selon Tesla. Nicolas Tesla fut l\u2019auteur de plus de 900 brevets ayant pour th\u00e8me l\u2019\u00e9nergie \u00e9lectrique.<br \/>\nDepuis des tas d'autres chercheurs ont travaill\u00e9s sur le sujet et on eu les \"pattes coup\u00e9es\" la recherche sur l'\u00e9nergie gratuite ayant m\u00eame \u00e9t\u00e9 interdite.<\/p>\n<h2>Cette Invention LLW9 serait ellle du m\u00eame Genre que le moteur \u00e9lectrique de Nicolas Tesla et sa voiture Pierce Arrow ?<\/h2>\n<p><strong>Rappel :<\/strong> <span style=\"text-decoration: underline;\">Lester Hendershot<\/span> avait invent\u00e9 un moteur \u00e0 \u00e9nergie sans carburant, et en avait m\u00eame \u00e9quip\u00e9 l'avion de son ami Lindberg pour sa travers\u00e9 de l'atlantique. (Son avion n'avait pas les capacit\u00e9 d'emmener assez de carburant pour cette travers\u00e9e...)<\/p>\n<p>Comme par Hasard tous ces scientifiques ont \u00e9t\u00e9 r\u00e9duit au silence....<\/p>\n<p>D'un certain cot\u00e9, l'\u00e9nergie libre cr\u00e9\u00e9 par cette invention LLW9 serait une r\u00e9volution mais casserait tous les mod\u00e8les \u00e9conomiques...<\/p>\n","protected":false},"excerpt":{"rendered":"<p>Tesla s&rsquo;int\u00e9resse \u00e0 une invention fran\u00e7aise LLW9 Luc Besan\u00e7on est le le patron de LMW9, une start-up \u00e0 Aubagne qui vient de d\u00e9velopper un prototype LLW9, qui intrigue les sp\u00e9cialistes les plus pointus en la mati\u00e8re : il recevra la visite le mois prochain de J\u00e9r\u00f4me Guillen, le vice-pr\u00e9sident de TESLA MOTORS en charge des &#8230; <a title=\"Une invention fran\u00e7aise LLW9 int\u00e9resse Tesla\" class=\"read-more\" href=\"https:\/\/www.carideal.com\/blog\/2015\/09\/12\/tesla-sinteresse-a-une-invention-francaise\/\" aria-label=\"En savoir plus sur Une invention fran\u00e7aise LLW9 int\u00e9resse Tesla\">Lire plus<\/a><\/p>\n","protected":false},"author":3,"featured_media":13477,"comment_status":"open","ping_status":"open","sticky":false,"template":"","format":"standard","meta":{"_uag_custom_page_level_css":"","_themeisle_gutenberg_block_has_review":false,"footnotes":""},"categories":[5944,3,5986,9,6,6041,5080,5970],"tags":[],"class_list":["post-6534","post","type-post","status-publish","format-standard","has-post-thumbnail","hentry","category-constructeur","category-actualites-financieres","category-tesla","category-divers","category-ecologie","category-nouvelles-technologies","category-technologie-2","category-electrique-technologie-2"],"wppr_data":{"cwp_meta_box_check":"No"},"yoast_head":"<!-- This site is optimized with the Yoast SEO plugin v24.8.1 - https:\/\/yoast.com\/wordpress\/plugins\/seo\/ -->\n<title>Une invention fran\u00e7aise LLW9 int\u00e9resse Tesla - Blog auto Carid\u00e9al<\/title>\n<meta name=\"description\" content=\"Une Invention Fran\u00e7aise LLW9 de la Start up LMW9 int\u00e9resse le constructeur de voiture \u00e9lectrique am\u00e9ricain Tesla qui envoie son vice pr\u00e9sident en visite\" \/>\n<meta name=\"robots\" content=\"index, follow, max-snippet:-1, max-image-preview:large, max-video-preview:-1\" \/>\n<link rel=\"canonical\" href=\"https:\/\/www.carideal.com\/blog\/2015\/09\/12\/tesla-sinteresse-a-une-invention-francaise\/\" \/>\n<meta property=\"og:locale\" content=\"fr_FR\" \/>\n<meta property=\"og:type\" content=\"article\" \/>\n<meta property=\"og:title\" content=\"Une invention fran\u00e7aise LLW9 int\u00e9resse Tesla - Blog auto Carid\u00e9al\" \/>\n<meta property=\"og:description\" content=\"Une Invention Fran\u00e7aise LLW9 de la Start up LMW9 int\u00e9resse le constructeur de voiture \u00e9lectrique am\u00e9ricain Tesla qui envoie son vice pr\u00e9sident en visite\" \/>\n<meta property=\"og:url\" content=\"https:\/\/www.carideal.com\/blog\/2015\/09\/12\/tesla-sinteresse-a-une-invention-francaise\/\" \/>\n<meta property=\"og:site_name\" content=\"Blog auto Carid\u00e9al\" \/>\n<meta property=\"article:publisher\" content=\"https:\/\/www.facebook.com\/Carideal.mandataire.automobile\" \/>\n<meta property=\"article:author\" content=\"https:\/\/www.facebook.com\/nicolas.schiavon.39\" \/>\n<meta property=\"article:published_time\" content=\"2015-09-12T08:52:07+00:00\" \/>\n<meta property=\"article:modified_time\" content=\"2020-03-08T17:02:58+00:00\" \/>\n<meta property=\"og:image\" content=\"https:\/\/www.carideal.com\/blog\/wp-content\/uploads\/2015\/09\/moteur-energie-libre-LLW9.png\" \/>\n\t<meta property=\"og:image:width\" content=\"1000\" \/>\n\t<meta property=\"og:image:height\" content=\"546\" \/>\n\t<meta property=\"og:image:type\" content=\"image\/png\" \/>\n<meta name=\"author\" content=\"Nicolas SCHIAVON\" \/>\n<meta name=\"twitter:card\" content=\"summary_large_image\" \/>\n<meta name=\"twitter:creator\" content=\"@caridealauto\" \/>\n<meta name=\"twitter:site\" content=\"@caridealauto\" \/>\n<meta name=\"twitter:label1\" content=\"\u00c9crit par\" \/>\n\t<meta name=\"twitter:data1\" content=\"Nicolas SCHIAVON\" \/>\n\t<meta name=\"twitter:label2\" content=\"Dur\u00e9e de lecture estim\u00e9e\" \/>\n\t<meta name=\"twitter:data2\" content=\"2 minutes\" \/>\n<script type=\"application\/ld+json\" class=\"yoast-schema-graph\">{\"@context\":\"https:\/\/schema.org\",\"@graph\":[{\"@type\":\"Article\",\"@id\":\"https:\/\/www.carideal.com\/blog\/2015\/09\/12\/tesla-sinteresse-a-une-invention-francaise\/#article\",\"isPartOf\":{\"@id\":\"https:\/\/www.carideal.com\/blog\/2015\/09\/12\/tesla-sinteresse-a-une-invention-francaise\/\"},\"author\":{\"name\":\"Nicolas SCHIAVON\",\"@id\":\"https:\/\/www.carideal.com\/blog\/#\/schema\/person\/cd95dc7919660de90d31b366f85be1ec\"},\"headline\":\"Une invention fran\u00e7aise LLW9 int\u00e9resse Tesla\",\"datePublished\":\"2015-09-12T08:52:07+00:00\",\"dateModified\":\"2020-03-08T17:02:58+00:00\",\"mainEntityOfPage\":{\"@id\":\"https:\/\/www.carideal.com\/blog\/2015\/09\/12\/tesla-sinteresse-a-une-invention-francaise\/\"},\"wordCount\":409,\"commentCount\":1,\"publisher\":{\"@id\":\"https:\/\/www.carideal.com\/blog\/#organization\"},\"image\":{\"@id\":\"https:\/\/www.carideal.com\/blog\/2015\/09\/12\/tesla-sinteresse-a-une-invention-francaise\/#primaryimage\"},\"thumbnailUrl\":\"https:\/\/www.carideal.com\/blog\/wp-content\/uploads\/2015\/09\/moteur-energie-libre-LLW9.png\",\"articleSection\":[\"Actualit\u00e9 Constructeur automobile\",\"Actualit\u00e9 Financi\u00e8re\",\"Actualit\u00e9 Tesla\",\"Divers\",\"Ecologie\",\"Nouvelles Technologies automobile\",\"Technologie Automobile\",\"Voiture \u00e9lectrique\"],\"inLanguage\":\"fr-FR\",\"potentialAction\":[{\"@type\":\"CommentAction\",\"name\":\"Comment\",\"target\":[\"https:\/\/www.carideal.com\/blog\/2015\/09\/12\/tesla-sinteresse-a-une-invention-francaise\/#respond\"]}]},{\"@type\":\"WebPage\",\"@id\":\"https:\/\/www.carideal.com\/blog\/2015\/09\/12\/tesla-sinteresse-a-une-invention-francaise\/\",\"url\":\"https:\/\/www.carideal.com\/blog\/2015\/09\/12\/tesla-sinteresse-a-une-invention-francaise\/\",\"name\":\"Une invention fran\u00e7aise LLW9 int\u00e9resse Tesla - Blog auto Carid\u00e9al\",\"isPartOf\":{\"@id\":\"https:\/\/www.carideal.com\/blog\/#website\"},\"primaryImageOfPage\":{\"@id\":\"https:\/\/www.carideal.com\/blog\/2015\/09\/12\/tesla-sinteresse-a-une-invention-francaise\/#primaryimage\"},\"image\":{\"@id\":\"https:\/\/www.carideal.com\/blog\/2015\/09\/12\/tesla-sinteresse-a-une-invention-francaise\/#primaryimage\"},\"thumbnailUrl\":\"https:\/\/www.carideal.com\/blog\/wp-content\/uploads\/2015\/09\/moteur-energie-libre-LLW9.png\",\"datePublished\":\"2015-09-12T08:52:07+00:00\",\"dateModified\":\"2020-03-08T17:02:58+00:00\",\"description\":\"Une Invention Fran\u00e7aise LLW9 de la Start up LMW9 int\u00e9resse le constructeur de voiture \u00e9lectrique am\u00e9ricain Tesla qui envoie son vice pr\u00e9sident en visite\",\"breadcrumb\":{\"@id\":\"https:\/\/www.carideal.com\/blog\/2015\/09\/12\/tesla-sinteresse-a-une-invention-francaise\/#breadcrumb\"},\"inLanguage\":\"fr-FR\",\"potentialAction\":[{\"@type\":\"ReadAction\",\"target\":[\"https:\/\/www.carideal.com\/blog\/2015\/09\/12\/tesla-sinteresse-a-une-invention-francaise\/\"]}]},{\"@type\":\"ImageObject\",\"inLanguage\":\"fr-FR\",\"@id\":\"https:\/\/www.carideal.com\/blog\/2015\/09\/12\/tesla-sinteresse-a-une-invention-francaise\/#primaryimage\",\"url\":\"https:\/\/www.carideal.com\/blog\/wp-content\/uploads\/2015\/09\/moteur-energie-libre-LLW9.png\",\"contentUrl\":\"https:\/\/www.carideal.com\/blog\/wp-content\/uploads\/2015\/09\/moteur-energie-libre-LLW9.png\",\"width\":1000,\"height\":546,\"caption\":\"Moteur energie libre LLW9\"},{\"@type\":\"BreadcrumbList\",\"@id\":\"https:\/\/www.carideal.com\/blog\/2015\/09\/12\/tesla-sinteresse-a-une-invention-francaise\/#breadcrumb\",\"itemListElement\":[{\"@type\":\"ListItem\",\"position\":1,\"name\":\"Blog Carid\u00e9al\",\"item\":\"https:\/\/www.carideal.com\/blog\/\"},{\"@type\":\"ListItem\",\"position\":2,\"name\":\"Actualit\u00e9 Financi\u00e8re\",\"item\":\"https:\/\/www.carideal.com\/blog\/actualites-financieres\/\"},{\"@type\":\"ListItem\",\"position\":3,\"name\":\"Une invention fran\u00e7aise LLW9 int\u00e9resse Tesla\"}]},{\"@type\":\"WebSite\",\"@id\":\"https:\/\/www.carideal.com\/blog\/#website\",\"url\":\"https:\/\/www.carideal.com\/blog\/\",\"name\":\"Blog auto Carid\u00e9al\",\"description\":\"Actualit\u00e9 auto par des passionn\u00e9s\",\"publisher\":{\"@id\":\"https:\/\/www.carideal.com\/blog\/#organization\"},\"potentialAction\":[{\"@type\":\"SearchAction\",\"target\":{\"@type\":\"EntryPoint\",\"urlTemplate\":\"https:\/\/www.carideal.com\/blog\/?s={search_term_string}\"},\"query-input\":{\"@type\":\"PropertyValueSpecification\",\"valueRequired\":true,\"valueName\":\"search_term_string\"}}],\"inLanguage\":\"fr-FR\"},{\"@type\":\"Organization\",\"@id\":\"https:\/\/www.carideal.com\/blog\/#organization\",\"name\":\"Carideal\",\"url\":\"https:\/\/www.carideal.com\/blog\/\",\"logo\":{\"@type\":\"ImageObject\",\"inLanguage\":\"fr-FR\",\"@id\":\"https:\/\/www.carideal.com\/blog\/#\/schema\/logo\/image\/\",\"url\":\"http:\/\/www.carideal.com\/blog\/wp-content\/uploads\/2016\/03\/logo-carideal-mandataire-automobile.png\",\"contentUrl\":\"http:\/\/www.carideal.com\/blog\/wp-content\/uploads\/2016\/03\/logo-carideal-mandataire-automobile.png\",\"width\":300,\"height\":300,\"caption\":\"Carideal\"},\"image\":{\"@id\":\"https:\/\/www.carideal.com\/blog\/#\/schema\/logo\/image\/\"},\"sameAs\":[\"https:\/\/www.facebook.com\/Carideal.mandataire.automobile\",\"https:\/\/x.com\/caridealauto\",\"https:\/\/www.instagram.com\/carideal1\/\",\"https:\/\/www.linkedin.com\/company\/carideal.com\",\"https:\/\/fr.pinterest.com\/schiavonsas\/\",\"https:\/\/www.youtube.com\/user\/caridealsas\"]},{\"@type\":\"Person\",\"@id\":\"https:\/\/www.carideal.com\/blog\/#\/schema\/person\/cd95dc7919660de90d31b366f85be1ec\",\"name\":\"Nicolas SCHIAVON\",\"image\":{\"@type\":\"ImageObject\",\"inLanguage\":\"fr-FR\",\"@id\":\"https:\/\/www.carideal.com\/blog\/#\/schema\/person\/image\/\",\"url\":\"https:\/\/secure.gravatar.com\/avatar\/c17e55009e671d92cc7f5dc837dc418a?s=96&r=g\",\"contentUrl\":\"https:\/\/secure.gravatar.com\/avatar\/c17e55009e671d92cc7f5dc837dc418a?s=96&r=g\",\"caption\":\"Nicolas SCHIAVON\"},\"description\":\"Nicolas Schiavon est tomb\u00e9 tout petit dans la marmite automobile. Ayant eu un garage de marque automobile, mandataire automobile de la premi\u00e8re heure d\u00e8s 1999. Nicolas a cr\u00e9\u00e9 ces premiers sites de vente de voiture et blog automobile d\u00e8s 1994. Carideal est n\u00e9 le 15 d\u00e9cembre 2000 de la volont\u00e9 de vendre des voitures d'occasions en ligne puis des voitures neuves. Il a pu essayer beaucoup de voitures tr\u00e8s diff\u00e9rentes et ayant eu personnellement quelques belles autos, Subaru Impreza, Mitsubishi Lancer Evo 7, Porsche 911, Ferrari Testarrossa, Audi RS3, RS4 et j'en passe...\",\"sameAs\":[\"http:\/\/www.carideal.com\",\"https:\/\/www.facebook.com\/nicolas.schiavon.39\",\"https:\/\/www.instagram.com\/carideal1\/\",\"https:\/\/www.linkedin.com\/in\/nschiavon\/\",\"https:\/\/x.com\/caridealauto\",\"https:\/\/www.youtube.com\/user\/caridealsas\/\"],\"url\":\"https:\/\/www.carideal.com\/blog\/author\/nschiavon\/\"}]}<\/script>\n<!-- \/ Yoast SEO plugin. -->","yoast_head_json":{"title":"Une invention fran\u00e7aise LLW9 int\u00e9resse Tesla - Blog auto Carid\u00e9al","description":"Une Invention Fran\u00e7aise LLW9 de la Start up LMW9 int\u00e9resse le constructeur de voiture \u00e9lectrique am\u00e9ricain Tesla qui envoie son vice pr\u00e9sident en visite","robots":{"index":"index","follow":"follow","max-snippet":"max-snippet:-1","max-image-preview":"max-image-preview:large","max-video-preview":"max-video-preview:-1"},"canonical":"https:\/\/www.carideal.com\/blog\/2015\/09\/12\/tesla-sinteresse-a-une-invention-francaise\/","og_locale":"fr_FR","og_type":"article","og_title":"Une invention fran\u00e7aise LLW9 int\u00e9resse Tesla - Blog auto Carid\u00e9al","og_description":"Une Invention Fran\u00e7aise LLW9 de la Start up LMW9 int\u00e9resse le constructeur de voiture \u00e9lectrique am\u00e9ricain Tesla qui envoie son vice pr\u00e9sident en visite","og_url":"https:\/\/www.carideal.com\/blog\/2015\/09\/12\/tesla-sinteresse-a-une-invention-francaise\/","og_site_name":"Blog auto Carid\u00e9al","article_publisher":"https:\/\/www.facebook.com\/Carideal.mandataire.automobile","article_author":"https:\/\/www.facebook.com\/nicolas.schiavon.39","article_published_time":"2015-09-12T08:52:07+00:00","article_modified_time":"2020-03-08T17:02:58+00:00","og_image":[{"width":1000,"height":546,"url":"https:\/\/www.carideal.com\/blog\/wp-content\/uploads\/2015\/09\/moteur-energie-libre-LLW9.png","type":"image\/png"}],"author":"Nicolas SCHIAVON","twitter_card":"summary_large_image","twitter_creator":"@caridealauto","twitter_site":"@caridealauto","twitter_misc":{"\u00c9crit par":"Nicolas SCHIAVON","Dur\u00e9e de lecture estim\u00e9e":"2 minutes"},"schema":{"@context":"https:\/\/schema.org","@graph":[{"@type":"Article","@id":"https:\/\/www.carideal.com\/blog\/2015\/09\/12\/tesla-sinteresse-a-une-invention-francaise\/#article","isPartOf":{"@id":"https:\/\/www.carideal.com\/blog\/2015\/09\/12\/tesla-sinteresse-a-une-invention-francaise\/"},"author":{"name":"Nicolas SCHIAVON","@id":"https:\/\/www.carideal.com\/blog\/#\/schema\/person\/cd95dc7919660de90d31b366f85be1ec"},"headline":"Une invention fran\u00e7aise LLW9 int\u00e9resse Tesla","datePublished":"2015-09-12T08:52:07+00:00","dateModified":"2020-03-08T17:02:58+00:00","mainEntityOfPage":{"@id":"https:\/\/www.carideal.com\/blog\/2015\/09\/12\/tesla-sinteresse-a-une-invention-francaise\/"},"wordCount":409,"commentCount":1,"publisher":{"@id":"https:\/\/www.carideal.com\/blog\/#organization"},"image":{"@id":"https:\/\/www.carideal.com\/blog\/2015\/09\/12\/tesla-sinteresse-a-une-invention-francaise\/#primaryimage"},"thumbnailUrl":"https:\/\/www.carideal.com\/blog\/wp-content\/uploads\/2015\/09\/moteur-energie-libre-LLW9.png","articleSection":["Actualit\u00e9 Constructeur automobile","Actualit\u00e9 Financi\u00e8re","Actualit\u00e9 Tesla","Divers","Ecologie","Nouvelles Technologies automobile","Technologie Automobile","Voiture \u00e9lectrique"],"inLanguage":"fr-FR","potentialAction":[{"@type":"CommentAction","name":"Comment","target":["https:\/\/www.carideal.com\/blog\/2015\/09\/12\/tesla-sinteresse-a-une-invention-francaise\/#respond"]}]},{"@type":"WebPage","@id":"https:\/\/www.carideal.com\/blog\/2015\/09\/12\/tesla-sinteresse-a-une-invention-francaise\/","url":"https:\/\/www.carideal.com\/blog\/2015\/09\/12\/tesla-sinteresse-a-une-invention-francaise\/","name":"Une invention fran\u00e7aise LLW9 int\u00e9resse Tesla - Blog auto Carid\u00e9al","isPartOf":{"@id":"https:\/\/www.carideal.com\/blog\/#website"},"primaryImageOfPage":{"@id":"https:\/\/www.carideal.com\/blog\/2015\/09\/12\/tesla-sinteresse-a-une-invention-francaise\/#primaryimage"},"image":{"@id":"https:\/\/www.carideal.com\/blog\/2015\/09\/12\/tesla-sinteresse-a-une-invention-francaise\/#primaryimage"},"thumbnailUrl":"https:\/\/www.carideal.com\/blog\/wp-content\/uploads\/2015\/09\/moteur-energie-libre-LLW9.png","datePublished":"2015-09-12T08:52:07+00:00","dateModified":"2020-03-08T17:02:58+00:00","description":"Une Invention Fran\u00e7aise LLW9 de la Start up LMW9 int\u00e9resse le constructeur de voiture \u00e9lectrique am\u00e9ricain Tesla qui envoie son vice pr\u00e9sident en visite","breadcrumb":{"@id":"https:\/\/www.carideal.com\/blog\/2015\/09\/12\/tesla-sinteresse-a-une-invention-francaise\/#breadcrumb"},"inLanguage":"fr-FR","potentialAction":[{"@type":"ReadAction","target":["https:\/\/www.carideal.com\/blog\/2015\/09\/12\/tesla-sinteresse-a-une-invention-francaise\/"]}]},{"@type":"ImageObject","inLanguage":"fr-FR","@id":"https:\/\/www.carideal.com\/blog\/2015\/09\/12\/tesla-sinteresse-a-une-invention-francaise\/#primaryimage","url":"https:\/\/www.carideal.com\/blog\/wp-content\/uploads\/2015\/09\/moteur-energie-libre-LLW9.png","contentUrl":"https:\/\/www.carideal.com\/blog\/wp-content\/uploads\/2015\/09\/moteur-energie-libre-LLW9.png","width":1000,"height":546,"caption":"Moteur energie libre LLW9"},{"@type":"BreadcrumbList","@id":"https:\/\/www.carideal.com\/blog\/2015\/09\/12\/tesla-sinteresse-a-une-invention-francaise\/#breadcrumb","itemListElement":[{"@type":"ListItem","position":1,"name":"Blog Carid\u00e9al","item":"https:\/\/www.carideal.com\/blog\/"},{"@type":"ListItem","position":2,"name":"Actualit\u00e9 Financi\u00e8re","item":"https:\/\/www.carideal.com\/blog\/actualites-financieres\/"},{"@type":"ListItem","position":3,"name":"Une invention fran\u00e7aise LLW9 int\u00e9resse Tesla"}]},{"@type":"WebSite","@id":"https:\/\/www.carideal.com\/blog\/#website","url":"https:\/\/www.carideal.com\/blog\/","name":"Blog auto Carid\u00e9al","description":"Actualit\u00e9 auto par des passionn\u00e9s","publisher":{"@id":"https:\/\/www.carideal.com\/blog\/#organization"},"potentialAction":[{"@type":"SearchAction","target":{"@type":"EntryPoint","urlTemplate":"https:\/\/www.carideal.com\/blog\/?s={search_term_string}"},"query-input":{"@type":"PropertyValueSpecification","valueRequired":true,"valueName":"search_term_string"}}],"inLanguage":"fr-FR"},{"@type":"Organization","@id":"https:\/\/www.carideal.com\/blog\/#organization","name":"Carideal","url":"https:\/\/www.carideal.com\/blog\/","logo":{"@type":"ImageObject","inLanguage":"fr-FR","@id":"https:\/\/www.carideal.com\/blog\/#\/schema\/logo\/image\/","url":"http:\/\/www.carideal.com\/blog\/wp-content\/uploads\/2016\/03\/logo-carideal-mandataire-automobile.png","contentUrl":"http:\/\/www.carideal.com\/blog\/wp-content\/uploads\/2016\/03\/logo-carideal-mandataire-automobile.png","width":300,"height":300,"caption":"Carideal"},"image":{"@id":"https:\/\/www.carideal.com\/blog\/#\/schema\/logo\/image\/"},"sameAs":["https:\/\/www.facebook.com\/Carideal.mandataire.automobile","https:\/\/x.com\/caridealauto","https:\/\/www.instagram.com\/carideal1\/","https:\/\/www.linkedin.com\/company\/carideal.com","https:\/\/fr.pinterest.com\/schiavonsas\/","https:\/\/www.youtube.com\/user\/caridealsas"]},{"@type":"Person","@id":"https:\/\/www.carideal.com\/blog\/#\/schema\/person\/cd95dc7919660de90d31b366f85be1ec","name":"Nicolas SCHIAVON","image":{"@type":"ImageObject","inLanguage":"fr-FR","@id":"https:\/\/www.carideal.com\/blog\/#\/schema\/person\/image\/","url":"https:\/\/secure.gravatar.com\/avatar\/c17e55009e671d92cc7f5dc837dc418a?s=96&r=g","contentUrl":"https:\/\/secure.gravatar.com\/avatar\/c17e55009e671d92cc7f5dc837dc418a?s=96&r=g","caption":"Nicolas SCHIAVON"},"description":"Nicolas Schiavon est tomb\u00e9 tout petit dans la marmite automobile. Ayant eu un garage de marque automobile, mandataire automobile de la premi\u00e8re heure d\u00e8s 1999. Nicolas a cr\u00e9\u00e9 ces premiers sites de vente de voiture et blog automobile d\u00e8s 1994. Carideal est n\u00e9 le 15 d\u00e9cembre 2000 de la volont\u00e9 de vendre des voitures d'occasions en ligne puis des voitures neuves. Il a pu essayer beaucoup de voitures tr\u00e8s diff\u00e9rentes et ayant eu personnellement quelques belles autos, Subaru Impreza, Mitsubishi Lancer Evo 7, Porsche 911, Ferrari Testarrossa, Audi RS3, RS4 et j'en passe...","sameAs":["http:\/\/www.carideal.com","https:\/\/www.facebook.com\/nicolas.schiavon.39","https:\/\/www.instagram.com\/carideal1\/","https:\/\/www.linkedin.com\/in\/nschiavon\/","https:\/\/x.com\/caridealauto","https:\/\/www.youtube.com\/user\/caridealsas\/"],"url":"https:\/\/www.carideal.com\/blog\/author\/nschiavon\/"}]}},"uagb_featured_image_src":{"full":["https:\/\/www.carideal.com\/blog\/wp-content\/uploads\/2015\/09\/moteur-energie-libre-LLW9.png",1000,546,false],"thumbnail":["https:\/\/www.carideal.com\/blog\/wp-content\/uploads\/2015\/09\/moteur-energie-libre-LLW9-150x150.png",150,150,true],"medium":["https:\/\/www.carideal.com\/blog\/wp-content\/uploads\/2015\/09\/moteur-energie-libre-LLW9-300x164.png",300,164,true],"medium_large":["https:\/\/www.carideal.com\/blog\/wp-content\/uploads\/2015\/09\/moteur-energie-libre-LLW9-768x419.png",768,419,true],"large":["https:\/\/www.carideal.com\/blog\/wp-content\/uploads\/2015\/09\/moteur-energie-libre-LLW9.png",1000,546,false],"1536x1536":["https:\/\/www.carideal.com\/blog\/wp-content\/uploads\/2015\/09\/moteur-energie-libre-LLW9.png",1000,546,false],"2048x2048":["https:\/\/www.carideal.com\/blog\/wp-content\/uploads\/2015\/09\/moteur-energie-libre-LLW9.png",1000,546,false],"wppr-widget":["https:\/\/www.carideal.com\/blog\/wp-content\/uploads\/2015\/09\/moteur-energie-libre-LLW9.png",50,27,false]},"uagb_author_info":{"display_name":"Nicolas SCHIAVON","author_link":"https:\/\/www.carideal.com\/blog\/author\/nschiavon\/"},"uagb_comment_info":1,"uagb_excerpt":"Tesla s'int\u00e9resse \u00e0 une invention fran\u00e7aise LLW9 Luc Besan\u00e7on est le le patron de LMW9, une start-up \u00e0 Aubagne qui vient de d\u00e9velopper un prototype LLW9, qui intrigue les sp\u00e9cialistes les plus pointus en la mati\u00e8re : il recevra la visite le mois prochain de J\u00e9r\u00f4me Guillen, le vice-pr\u00e9sident de TESLA MOTORS en charge des\u2026","_links":{"self":[{"href":"https:\/\/www.carideal.com\/blog\/wp-json\/wp\/v2\/posts\/6534"}],"collection":[{"href":"https:\/\/www.carideal.com\/blog\/wp-json\/wp\/v2\/posts"}],"about":[{"href":"https:\/\/www.carideal.com\/blog\/wp-json\/wp\/v2\/types\/post"}],"author":[{"embeddable":true,"href":"https:\/\/www.carideal.com\/blog\/wp-json\/wp\/v2\/users\/3"}],"replies":[{"embeddable":true,"href":"https:\/\/www.carideal.com\/blog\/wp-json\/wp\/v2\/comments?post=6534"}],"version-history":[{"count":0,"href":"https:\/\/www.carideal.com\/blog\/wp-json\/wp\/v2\/posts\/6534\/revisions"}],"wp:featuredmedia":[{"embeddable":true,"href":"https:\/\/www.carideal.com\/blog\/wp-json\/wp\/v2\/media\/13477"}],"wp:attachment":[{"href":"https:\/\/www.carideal.com\/blog\/wp-json\/wp\/v2\/media?parent=6534"}],"wp:term":[{"taxonomy":"category","embeddable":true,"href":"https:\/\/www.carideal.com\/blog\/wp-json\/wp\/v2\/categories?post=6534"},{"taxonomy":"post_tag","embeddable":true,"href":"https:\/\/www.carideal.com\/blog\/wp-json\/wp\/v2\/tags?post=6534"}],"curies":[{"name":"wp","href":"https:\/\/api.w.org\/{rel}","templated":true}]}}