{"id":6528,"date":"2015-09-11T15:27:53","date_gmt":"2015-09-11T13:27:53","guid":{"rendered":"http:\/\/www.carideal.com\/blog\/?p=6528"},"modified":"2020-03-07T16:49:20","modified_gmt":"2020-03-07T15:49:20","slug":"du-nouveau-dans-la-gamme-peugeot","status":"publish","type":"post","link":"https:\/\/www.carideal.com\/blog\/2015\/09\/11\/du-nouveau-dans-la-gamme-peugeot\/","title":{"rendered":"Du nouveau dans la gamme Peugeot"},"content":{"rendered":"<h1>Gamme PEUGEOT : Des infos commerciales au regard des modifications produit qui seront effectu\u00e9e au d\u00e9part de la production de novembre 2015.<\/h1>\n<p>Mod\u00e8les\u00a0Peugeot Introduction des badges PURETECH<\/p>\n<figure id=\"attachment_6530\" aria-describedby=\"caption-attachment-6530\" style=\"width: 290px\" class=\"wp-caption alignnone\"><a href=\"http:\/\/www.carideal.com\/blog\/wp-content\/uploads\/2015\/09\/logo-puretech-peugeot-citroen-psa-carideal-mandataire-auto.jpg\"><img loading=\"lazy\" decoding=\"async\" class=\"wp-image-6530 size-medium\" title=\"Gamme Peugeot Moteurs essence Puretech Meilleur moteur ann\u00e9e 2015\" src=\"http:\/\/www.carideal.com\/blog\/wp-content\/uploads\/2015\/09\/logo-puretech-peugeot-citroen-psa-carideal-mandataire-auto-300x56.jpg\" alt=\"Gamme Peugeot Moteurs essence Puretech Meilleur moteur ann\u00e9e 2015\" width=\"300\" height=\"56\" srcset=\"https:\/\/www.carideal.com\/blog\/wp-content\/uploads\/2015\/09\/logo-puretech-peugeot-citroen-psa-carideal-mandataire-auto-300x56.jpg 300w, https:\/\/www.carideal.com\/blog\/wp-content\/uploads\/2015\/09\/logo-puretech-peugeot-citroen-psa-carideal-mandataire-auto-624x116.jpg 624w, https:\/\/www.carideal.com\/blog\/wp-content\/uploads\/2015\/09\/logo-puretech-peugeot-citroen-psa-carideal-mandataire-auto.jpg 678w\" sizes=\"(max-width: 300px) 100vw, 300px\" \/><\/a><figcaption id=\"caption-attachment-6530\" class=\"wp-caption-text\">Gamme Peugeot Moteurs essence Puretech Meilleur moteur ann\u00e9e 2015<\/figcaption><\/figure>\n<p>Les principales modification sur les mod\u00e8les de Peugeot sont :<br \/>\n<strong>Peugeot 208<\/strong><br \/>\n\u2022 nouvelle motorisation BLUEHDI 100<br \/>\n\u2022 ouverture commande de pour 208 GTI by PEUGEOT SPORT<\/p>\n<p><strong>Peugeot 2008<\/strong><br \/>\n\u2022 nouvelle motorisation BLUEHDI 100<br \/>\n\u2022 nouvelle motorisation PURETECH 110 EAT6<\/p>\n<p><strong>Peugeot 308<\/strong><br \/>\n\u2022 changement de code pour option navigation<br \/>\n\u2022 la roue de secours sera otion sur tous les modeles<\/p>\n<figure id=\"attachment_6002\" aria-describedby=\"caption-attachment-6002\" style=\"width: 290px\" class=\"wp-caption alignnone\"><a href=\"http:\/\/www.carideal.com\/blog\/wp-content\/uploads\/2015\/06\/moteur-de-lanee-2015-engine-year-2015-blog-carideal.jpg\"><img loading=\"lazy\" decoding=\"async\" class=\"size-medium wp-image-6002\" src=\"http:\/\/www.carideal.com\/blog\/wp-content\/uploads\/2015\/06\/moteur-de-lanee-2015-engine-year-2015-blog-carideal-300x146.jpg\" alt=\"Le moteur 1.2 Puretech Turbo de PSA Peugeot Citroen Sacr\u00e9 meilleur moteur de l'ann\u00e9e 2015\" width=\"300\" height=\"146\" srcset=\"https:\/\/www.carideal.com\/blog\/wp-content\/uploads\/2015\/06\/moteur-de-lanee-2015-engine-year-2015-blog-carideal-300x146.jpg 300w, https:\/\/www.carideal.com\/blog\/wp-content\/uploads\/2015\/06\/moteur-de-lanee-2015-engine-year-2015-blog-carideal.jpg 615w\" sizes=\"(max-width: 300px) 100vw, 300px\" \/><\/a><figcaption id=\"caption-attachment-6002\" class=\"wp-caption-text\">Le moteur 1.2 Puretech Turbo de PSA Peugeot Citroen Sacr\u00e9 meilleur moteur de l'ann\u00e9e 2015<\/figcaption><\/figure>\n","protected":false},"excerpt":{"rendered":"<p>Gamme PEUGEOT : Des infos commerciales au regard des modifications produit qui seront effectu\u00e9e au d\u00e9part de la production de novembre 2015. Mod\u00e8les\u00a0Peugeot Introduction des badges PURETECH Les principales modification sur les mod\u00e8les de Peugeot sont : Peugeot 208 \u2022 nouvelle motorisation BLUEHDI 100 \u2022 ouverture commande de pour 208 GTI by PEUGEOT SPORT Peugeot &#8230; <a title=\"Du nouveau dans la gamme Peugeot\" class=\"read-more\" href=\"https:\/\/www.carideal.com\/blog\/2015\/09\/11\/du-nouveau-dans-la-gamme-peugeot\/\" aria-label=\"En savoir plus sur Du nouveau dans la gamme Peugeot\">Lire plus<\/a><\/p>\n","protected":false},"author":3,"featured_media":0,"comment_status":"open","ping_status":"open","sticky":false,"template":"","format":"standard","meta":{"_uag_custom_page_level_css":"","_themeisle_gutenberg_block_has_review":false,"footnotes":""},"categories":[5944,5946,9],"tags":[3689],"class_list":["post-6528","post","type-post","status-publish","format-standard","hentry","category-constructeur","category-peugeot","category-divers","tag-bluehdi"],"wppr_data":[],"yoast_head":"<!-- This site is optimized with the Yoast SEO plugin v24.8.1 - https:\/\/yoast.com\/wordpress\/plugins\/seo\/ -->\n<title>Du nouveau dans la gamme Peugeot - Blog auto Carid\u00e9al<\/title>\n<meta name=\"description\" content=\"Gamme Peugeot les nouvelles informations commerciales sur les changement intervenu sur les mod\u00e8les de la marque Peugot \u00e0 partir de Novembre\" \/>\n<meta name=\"robots\" content=\"index, follow, max-snippet:-1, max-image-preview:large, max-video-preview:-1\" \/>\n<link rel=\"canonical\" href=\"https:\/\/www.carideal.com\/blog\/2015\/09\/11\/du-nouveau-dans-la-gamme-peugeot\/\" \/>\n<meta property=\"og:locale\" content=\"fr_FR\" \/>\n<meta property=\"og:type\" content=\"article\" \/>\n<meta property=\"og:title\" content=\"Du nouveau dans la gamme Peugeot - Blog auto Carid\u00e9al\" \/>\n<meta property=\"og:description\" content=\"Gamme Peugeot les nouvelles informations commerciales sur les changement intervenu sur les mod\u00e8les de la marque Peugot \u00e0 partir de Novembre\" \/>\n<meta property=\"og:url\" content=\"https:\/\/www.carideal.com\/blog\/2015\/09\/11\/du-nouveau-dans-la-gamme-peugeot\/\" \/>\n<meta property=\"og:site_name\" content=\"Blog auto Carid\u00e9al\" \/>\n<meta property=\"article:publisher\" content=\"https:\/\/www.facebook.com\/Carideal.mandataire.automobile\" \/>\n<meta property=\"article:author\" content=\"https:\/\/www.facebook.com\/nicolas.schiavon.39\" \/>\n<meta property=\"article:published_time\" content=\"2015-09-11T13:27:53+00:00\" \/>\n<meta property=\"article:modified_time\" content=\"2020-03-07T15:49:20+00:00\" \/>\n<meta property=\"og:image\" content=\"http:\/\/www.carideal.com\/blog\/wp-content\/uploads\/2015\/09\/logo-puretech-peugeot-citroen-psa-carideal-mandataire-auto-300x56.jpg\" \/>\n<meta name=\"author\" content=\"Nicolas SCHIAVON\" \/>\n<meta name=\"twitter:card\" content=\"summary_large_image\" \/>\n<meta name=\"twitter:creator\" content=\"@caridealauto\" \/>\n<meta name=\"twitter:site\" content=\"@caridealauto\" \/>\n<meta name=\"twitter:label1\" content=\"\u00c9crit par\" \/>\n\t<meta name=\"twitter:data1\" content=\"Nicolas SCHIAVON\" \/>\n\t<meta name=\"twitter:label2\" content=\"Dur\u00e9e de lecture estim\u00e9e\" \/>\n\t<meta name=\"twitter:data2\" content=\"1 minute\" \/>\n<script type=\"application\/ld+json\" class=\"yoast-schema-graph\">{\"@context\":\"https:\/\/schema.org\",\"@graph\":[{\"@type\":\"Article\",\"@id\":\"https:\/\/www.carideal.com\/blog\/2015\/09\/11\/du-nouveau-dans-la-gamme-peugeot\/#article\",\"isPartOf\":{\"@id\":\"https:\/\/www.carideal.com\/blog\/2015\/09\/11\/du-nouveau-dans-la-gamme-peugeot\/\"},\"author\":{\"name\":\"Nicolas SCHIAVON\",\"@id\":\"https:\/\/www.carideal.com\/blog\/#\/schema\/person\/cd95dc7919660de90d31b366f85be1ec\"},\"headline\":\"Du nouveau dans la gamme Peugeot\",\"datePublished\":\"2015-09-11T13:27:53+00:00\",\"dateModified\":\"2020-03-07T15:49:20+00:00\",\"mainEntityOfPage\":{\"@id\":\"https:\/\/www.carideal.com\/blog\/2015\/09\/11\/du-nouveau-dans-la-gamme-peugeot\/\"},\"wordCount\":119,\"commentCount\":0,\"publisher\":{\"@id\":\"https:\/\/www.carideal.com\/blog\/#organization\"},\"image\":{\"@id\":\"https:\/\/www.carideal.com\/blog\/2015\/09\/11\/du-nouveau-dans-la-gamme-peugeot\/#primaryimage\"},\"thumbnailUrl\":\"http:\/\/www.carideal.com\/blog\/wp-content\/uploads\/2015\/09\/logo-puretech-peugeot-citroen-psa-carideal-mandataire-auto-300x56.jpg\",\"keywords\":[\"BlueHDI\"],\"articleSection\":[\"Actualit\u00e9 Constructeur automobile\",\"Actualit\u00e9 Peugeot\",\"Divers\"],\"inLanguage\":\"fr-FR\",\"potentialAction\":[{\"@type\":\"CommentAction\",\"name\":\"Comment\",\"target\":[\"https:\/\/www.carideal.com\/blog\/2015\/09\/11\/du-nouveau-dans-la-gamme-peugeot\/#respond\"]}]},{\"@type\":\"WebPage\",\"@id\":\"https:\/\/www.carideal.com\/blog\/2015\/09\/11\/du-nouveau-dans-la-gamme-peugeot\/\",\"url\":\"https:\/\/www.carideal.com\/blog\/2015\/09\/11\/du-nouveau-dans-la-gamme-peugeot\/\",\"name\":\"Du nouveau dans la gamme Peugeot - Blog auto Carid\u00e9al\",\"isPartOf\":{\"@id\":\"https:\/\/www.carideal.com\/blog\/#website\"},\"primaryImageOfPage\":{\"@id\":\"https:\/\/www.carideal.com\/blog\/2015\/09\/11\/du-nouveau-dans-la-gamme-peugeot\/#primaryimage\"},\"image\":{\"@id\":\"https:\/\/www.carideal.com\/blog\/2015\/09\/11\/du-nouveau-dans-la-gamme-peugeot\/#primaryimage\"},\"thumbnailUrl\":\"http:\/\/www.carideal.com\/blog\/wp-content\/uploads\/2015\/09\/logo-puretech-peugeot-citroen-psa-carideal-mandataire-auto-300x56.jpg\",\"datePublished\":\"2015-09-11T13:27:53+00:00\",\"dateModified\":\"2020-03-07T15:49:20+00:00\",\"description\":\"Gamme Peugeot les nouvelles informations commerciales sur les changement intervenu sur les mod\u00e8les de la marque Peugot \u00e0 partir de Novembre\",\"breadcrumb\":{\"@id\":\"https:\/\/www.carideal.com\/blog\/2015\/09\/11\/du-nouveau-dans-la-gamme-peugeot\/#breadcrumb\"},\"inLanguage\":\"fr-FR\",\"potentialAction\":[{\"@type\":\"ReadAction\",\"target\":[\"https:\/\/www.carideal.com\/blog\/2015\/09\/11\/du-nouveau-dans-la-gamme-peugeot\/\"]}]},{\"@type\":\"ImageObject\",\"inLanguage\":\"fr-FR\",\"@id\":\"https:\/\/www.carideal.com\/blog\/2015\/09\/11\/du-nouveau-dans-la-gamme-peugeot\/#primaryimage\",\"url\":\"http:\/\/www.carideal.com\/blog\/wp-content\/uploads\/2015\/09\/logo-puretech-peugeot-citroen-psa-carideal-mandataire-auto-300x56.jpg\",\"contentUrl\":\"http:\/\/www.carideal.com\/blog\/wp-content\/uploads\/2015\/09\/logo-puretech-peugeot-citroen-psa-carideal-mandataire-auto-300x56.jpg\"},{\"@type\":\"BreadcrumbList\",\"@id\":\"https:\/\/www.carideal.com\/blog\/2015\/09\/11\/du-nouveau-dans-la-gamme-peugeot\/#breadcrumb\",\"itemListElement\":[{\"@type\":\"ListItem\",\"position\":1,\"name\":\"Blog Carid\u00e9al\",\"item\":\"https:\/\/www.carideal.com\/blog\/\"},{\"@type\":\"ListItem\",\"position\":2,\"name\":\"Actualit\u00e9 constructeur automobile\",\"item\":\"https:\/\/www.carideal.com\/blog\/constructeur\/\"},{\"@type\":\"ListItem\",\"position\":3,\"name\":\"Actualit\u00e9 Peugeot\",\"item\":\"https:\/\/www.carideal.com\/blog\/constructeur\/peugeot\/\"},{\"@type\":\"ListItem\",\"position\":4,\"name\":\"Du nouveau dans la gamme Peugeot\"}]},{\"@type\":\"WebSite\",\"@id\":\"https:\/\/www.carideal.com\/blog\/#website\",\"url\":\"https:\/\/www.carideal.com\/blog\/\",\"name\":\"Blog auto Carid\u00e9al\",\"description\":\"Actualit\u00e9 auto par des passionn\u00e9s\",\"publisher\":{\"@id\":\"https:\/\/www.carideal.com\/blog\/#organization\"},\"potentialAction\":[{\"@type\":\"SearchAction\",\"target\":{\"@type\":\"EntryPoint\",\"urlTemplate\":\"https:\/\/www.carideal.com\/blog\/?s={search_term_string}\"},\"query-input\":{\"@type\":\"PropertyValueSpecification\",\"valueRequired\":true,\"valueName\":\"search_term_string\"}}],\"inLanguage\":\"fr-FR\"},{\"@type\":\"Organization\",\"@id\":\"https:\/\/www.carideal.com\/blog\/#organization\",\"name\":\"Carideal\",\"url\":\"https:\/\/www.carideal.com\/blog\/\",\"logo\":{\"@type\":\"ImageObject\",\"inLanguage\":\"fr-FR\",\"@id\":\"https:\/\/www.carideal.com\/blog\/#\/schema\/logo\/image\/\",\"url\":\"http:\/\/www.carideal.com\/blog\/wp-content\/uploads\/2016\/03\/logo-carideal-mandataire-automobile.png\",\"contentUrl\":\"http:\/\/www.carideal.com\/blog\/wp-content\/uploads\/2016\/03\/logo-carideal-mandataire-automobile.png\",\"width\":300,\"height\":300,\"caption\":\"Carideal\"},\"image\":{\"@id\":\"https:\/\/www.carideal.com\/blog\/#\/schema\/logo\/image\/\"},\"sameAs\":[\"https:\/\/www.facebook.com\/Carideal.mandataire.automobile\",\"https:\/\/x.com\/caridealauto\",\"https:\/\/www.instagram.com\/carideal1\/\",\"https:\/\/www.linkedin.com\/company\/carideal.com\",\"https:\/\/fr.pinterest.com\/schiavonsas\/\",\"https:\/\/www.youtube.com\/user\/caridealsas\"]},{\"@type\":\"Person\",\"@id\":\"https:\/\/www.carideal.com\/blog\/#\/schema\/person\/cd95dc7919660de90d31b366f85be1ec\",\"name\":\"Nicolas SCHIAVON\",\"image\":{\"@type\":\"ImageObject\",\"inLanguage\":\"fr-FR\",\"@id\":\"https:\/\/www.carideal.com\/blog\/#\/schema\/person\/image\/\",\"url\":\"https:\/\/secure.gravatar.com\/avatar\/c17e55009e671d92cc7f5dc837dc418a?s=96&r=g\",\"contentUrl\":\"https:\/\/secure.gravatar.com\/avatar\/c17e55009e671d92cc7f5dc837dc418a?s=96&r=g\",\"caption\":\"Nicolas SCHIAVON\"},\"description\":\"Nicolas Schiavon est tomb\u00e9 tout petit dans la marmite automobile. Ayant eu un garage de marque automobile, mandataire automobile de la premi\u00e8re heure d\u00e8s 1999. Nicolas a cr\u00e9\u00e9 ces premiers sites de vente de voiture et blog automobile d\u00e8s 1994. Carideal est n\u00e9 le 15 d\u00e9cembre 2000 de la volont\u00e9 de vendre des voitures d'occasions en ligne puis des voitures neuves. Il a pu essayer beaucoup de voitures tr\u00e8s diff\u00e9rentes et ayant eu personnellement quelques belles autos, Subaru Impreza, Mitsubishi Lancer Evo 7, Porsche 911, Ferrari Testarrossa, Audi RS3, RS4 et j'en passe...\",\"sameAs\":[\"http:\/\/www.carideal.com\",\"https:\/\/www.facebook.com\/nicolas.schiavon.39\",\"https:\/\/www.instagram.com\/carideal1\/\",\"https:\/\/www.linkedin.com\/in\/nschiavon\/\",\"https:\/\/x.com\/caridealauto\",\"https:\/\/www.youtube.com\/user\/caridealsas\/\"],\"url\":\"https:\/\/www.carideal.com\/blog\/author\/nschiavon\/\"}]}<\/script>\n<!-- \/ Yoast SEO plugin. -->","yoast_head_json":{"title":"Du nouveau dans la gamme Peugeot - Blog auto Carid\u00e9al","description":"Gamme Peugeot les nouvelles informations commerciales sur les changement intervenu sur les mod\u00e8les de la marque Peugot \u00e0 partir de Novembre","robots":{"index":"index","follow":"follow","max-snippet":"max-snippet:-1","max-image-preview":"max-image-preview:large","max-video-preview":"max-video-preview:-1"},"canonical":"https:\/\/www.carideal.com\/blog\/2015\/09\/11\/du-nouveau-dans-la-gamme-peugeot\/","og_locale":"fr_FR","og_type":"article","og_title":"Du nouveau dans la gamme Peugeot - Blog auto Carid\u00e9al","og_description":"Gamme Peugeot les nouvelles informations commerciales sur les changement intervenu sur les mod\u00e8les de la marque Peugot \u00e0 partir de Novembre","og_url":"https:\/\/www.carideal.com\/blog\/2015\/09\/11\/du-nouveau-dans-la-gamme-peugeot\/","og_site_name":"Blog auto Carid\u00e9al","article_publisher":"https:\/\/www.facebook.com\/Carideal.mandataire.automobile","article_author":"https:\/\/www.facebook.com\/nicolas.schiavon.39","article_published_time":"2015-09-11T13:27:53+00:00","article_modified_time":"2020-03-07T15:49:20+00:00","og_image":[{"url":"http:\/\/www.carideal.com\/blog\/wp-content\/uploads\/2015\/09\/logo-puretech-peugeot-citroen-psa-carideal-mandataire-auto-300x56.jpg","type":"","width":"","height":""}],"author":"Nicolas SCHIAVON","twitter_card":"summary_large_image","twitter_creator":"@caridealauto","twitter_site":"@caridealauto","twitter_misc":{"\u00c9crit par":"Nicolas SCHIAVON","Dur\u00e9e de lecture estim\u00e9e":"1 minute"},"schema":{"@context":"https:\/\/schema.org","@graph":[{"@type":"Article","@id":"https:\/\/www.carideal.com\/blog\/2015\/09\/11\/du-nouveau-dans-la-gamme-peugeot\/#article","isPartOf":{"@id":"https:\/\/www.carideal.com\/blog\/2015\/09\/11\/du-nouveau-dans-la-gamme-peugeot\/"},"author":{"name":"Nicolas SCHIAVON","@id":"https:\/\/www.carideal.com\/blog\/#\/schema\/person\/cd95dc7919660de90d31b366f85be1ec"},"headline":"Du nouveau dans la gamme Peugeot","datePublished":"2015-09-11T13:27:53+00:00","dateModified":"2020-03-07T15:49:20+00:00","mainEntityOfPage":{"@id":"https:\/\/www.carideal.com\/blog\/2015\/09\/11\/du-nouveau-dans-la-gamme-peugeot\/"},"wordCount":119,"commentCount":0,"publisher":{"@id":"https:\/\/www.carideal.com\/blog\/#organization"},"image":{"@id":"https:\/\/www.carideal.com\/blog\/2015\/09\/11\/du-nouveau-dans-la-gamme-peugeot\/#primaryimage"},"thumbnailUrl":"http:\/\/www.carideal.com\/blog\/wp-content\/uploads\/2015\/09\/logo-puretech-peugeot-citroen-psa-carideal-mandataire-auto-300x56.jpg","keywords":["BlueHDI"],"articleSection":["Actualit\u00e9 Constructeur automobile","Actualit\u00e9 Peugeot","Divers"],"inLanguage":"fr-FR","potentialAction":[{"@type":"CommentAction","name":"Comment","target":["https:\/\/www.carideal.com\/blog\/2015\/09\/11\/du-nouveau-dans-la-gamme-peugeot\/#respond"]}]},{"@type":"WebPage","@id":"https:\/\/www.carideal.com\/blog\/2015\/09\/11\/du-nouveau-dans-la-gamme-peugeot\/","url":"https:\/\/www.carideal.com\/blog\/2015\/09\/11\/du-nouveau-dans-la-gamme-peugeot\/","name":"Du nouveau dans la gamme Peugeot - Blog auto Carid\u00e9al","isPartOf":{"@id":"https:\/\/www.carideal.com\/blog\/#website"},"primaryImageOfPage":{"@id":"https:\/\/www.carideal.com\/blog\/2015\/09\/11\/du-nouveau-dans-la-gamme-peugeot\/#primaryimage"},"image":{"@id":"https:\/\/www.carideal.com\/blog\/2015\/09\/11\/du-nouveau-dans-la-gamme-peugeot\/#primaryimage"},"thumbnailUrl":"http:\/\/www.carideal.com\/blog\/wp-content\/uploads\/2015\/09\/logo-puretech-peugeot-citroen-psa-carideal-mandataire-auto-300x56.jpg","datePublished":"2015-09-11T13:27:53+00:00","dateModified":"2020-03-07T15:49:20+00:00","description":"Gamme Peugeot les nouvelles informations commerciales sur les changement intervenu sur les mod\u00e8les de la marque Peugot \u00e0 partir de Novembre","breadcrumb":{"@id":"https:\/\/www.carideal.com\/blog\/2015\/09\/11\/du-nouveau-dans-la-gamme-peugeot\/#breadcrumb"},"inLanguage":"fr-FR","potentialAction":[{"@type":"ReadAction","target":["https:\/\/www.carideal.com\/blog\/2015\/09\/11\/du-nouveau-dans-la-gamme-peugeot\/"]}]},{"@type":"ImageObject","inLanguage":"fr-FR","@id":"https:\/\/www.carideal.com\/blog\/2015\/09\/11\/du-nouveau-dans-la-gamme-peugeot\/#primaryimage","url":"http:\/\/www.carideal.com\/blog\/wp-content\/uploads\/2015\/09\/logo-puretech-peugeot-citroen-psa-carideal-mandataire-auto-300x56.jpg","contentUrl":"http:\/\/www.carideal.com\/blog\/wp-content\/uploads\/2015\/09\/logo-puretech-peugeot-citroen-psa-carideal-mandataire-auto-300x56.jpg"},{"@type":"BreadcrumbList","@id":"https:\/\/www.carideal.com\/blog\/2015\/09\/11\/du-nouveau-dans-la-gamme-peugeot\/#breadcrumb","itemListElement":[{"@type":"ListItem","position":1,"name":"Blog Carid\u00e9al","item":"https:\/\/www.carideal.com\/blog\/"},{"@type":"ListItem","position":2,"name":"Actualit\u00e9 constructeur automobile","item":"https:\/\/www.carideal.com\/blog\/constructeur\/"},{"@type":"ListItem","position":3,"name":"Actualit\u00e9 Peugeot","item":"https:\/\/www.carideal.com\/blog\/constructeur\/peugeot\/"},{"@type":"ListItem","position":4,"name":"Du nouveau dans la gamme Peugeot"}]},{"@type":"WebSite","@id":"https:\/\/www.carideal.com\/blog\/#website","url":"https:\/\/www.carideal.com\/blog\/","name":"Blog auto Carid\u00e9al","description":"Actualit\u00e9 auto par des passionn\u00e9s","publisher":{"@id":"https:\/\/www.carideal.com\/blog\/#organization"},"potentialAction":[{"@type":"SearchAction","target":{"@type":"EntryPoint","urlTemplate":"https:\/\/www.carideal.com\/blog\/?s={search_term_string}"},"query-input":{"@type":"PropertyValueSpecification","valueRequired":true,"valueName":"search_term_string"}}],"inLanguage":"fr-FR"},{"@type":"Organization","@id":"https:\/\/www.carideal.com\/blog\/#organization","name":"Carideal","url":"https:\/\/www.carideal.com\/blog\/","logo":{"@type":"ImageObject","inLanguage":"fr-FR","@id":"https:\/\/www.carideal.com\/blog\/#\/schema\/logo\/image\/","url":"http:\/\/www.carideal.com\/blog\/wp-content\/uploads\/2016\/03\/logo-carideal-mandataire-automobile.png","contentUrl":"http:\/\/www.carideal.com\/blog\/wp-content\/uploads\/2016\/03\/logo-carideal-mandataire-automobile.png","width":300,"height":300,"caption":"Carideal"},"image":{"@id":"https:\/\/www.carideal.com\/blog\/#\/schema\/logo\/image\/"},"sameAs":["https:\/\/www.facebook.com\/Carideal.mandataire.automobile","https:\/\/x.com\/caridealauto","https:\/\/www.instagram.com\/carideal1\/","https:\/\/www.linkedin.com\/company\/carideal.com","https:\/\/fr.pinterest.com\/schiavonsas\/","https:\/\/www.youtube.com\/user\/caridealsas"]},{"@type":"Person","@id":"https:\/\/www.carideal.com\/blog\/#\/schema\/person\/cd95dc7919660de90d31b366f85be1ec","name":"Nicolas SCHIAVON","image":{"@type":"ImageObject","inLanguage":"fr-FR","@id":"https:\/\/www.carideal.com\/blog\/#\/schema\/person\/image\/","url":"https:\/\/secure.gravatar.com\/avatar\/c17e55009e671d92cc7f5dc837dc418a?s=96&r=g","contentUrl":"https:\/\/secure.gravatar.com\/avatar\/c17e55009e671d92cc7f5dc837dc418a?s=96&r=g","caption":"Nicolas SCHIAVON"},"description":"Nicolas Schiavon est tomb\u00e9 tout petit dans la marmite automobile. Ayant eu un garage de marque automobile, mandataire automobile de la premi\u00e8re heure d\u00e8s 1999. Nicolas a cr\u00e9\u00e9 ces premiers sites de vente de voiture et blog automobile d\u00e8s 1994. Carideal est n\u00e9 le 15 d\u00e9cembre 2000 de la volont\u00e9 de vendre des voitures d'occasions en ligne puis des voitures neuves. Il a pu essayer beaucoup de voitures tr\u00e8s diff\u00e9rentes et ayant eu personnellement quelques belles autos, Subaru Impreza, Mitsubishi Lancer Evo 7, Porsche 911, Ferrari Testarrossa, Audi RS3, RS4 et j'en passe...","sameAs":["http:\/\/www.carideal.com","https:\/\/www.facebook.com\/nicolas.schiavon.39","https:\/\/www.instagram.com\/carideal1\/","https:\/\/www.linkedin.com\/in\/nschiavon\/","https:\/\/x.com\/caridealauto","https:\/\/www.youtube.com\/user\/caridealsas\/"],"url":"https:\/\/www.carideal.com\/blog\/author\/nschiavon\/"}]}},"uagb_featured_image_src":{"full":false,"thumbnail":false,"medium":false,"medium_large":false,"large":false,"1536x1536":false,"2048x2048":false,"wppr-widget":false},"uagb_author_info":{"display_name":"Nicolas SCHIAVON","author_link":"https:\/\/www.carideal.com\/blog\/author\/nschiavon\/"},"uagb_comment_info":0,"uagb_excerpt":"Gamme PEUGEOT : Des infos commerciales au regard des modifications produit qui seront effectu\u00e9e au d\u00e9part de la production de novembre 2015. Mod\u00e8les\u00a0Peugeot Introduction des badges PURETECH Les principales modification sur les mod\u00e8les de Peugeot sont : Peugeot 208 \u2022 nouvelle motorisation BLUEHDI 100 \u2022 ouverture commande de pour 208 GTI by PEUGEOT SPORT Peugeot\u2026","_links":{"self":[{"href":"https:\/\/www.carideal.com\/blog\/wp-json\/wp\/v2\/posts\/6528"}],"collection":[{"href":"https:\/\/www.carideal.com\/blog\/wp-json\/wp\/v2\/posts"}],"about":[{"href":"https:\/\/www.carideal.com\/blog\/wp-json\/wp\/v2\/types\/post"}],"author":[{"embeddable":true,"href":"https:\/\/www.carideal.com\/blog\/wp-json\/wp\/v2\/users\/3"}],"replies":[{"embeddable":true,"href":"https:\/\/www.carideal.com\/blog\/wp-json\/wp\/v2\/comments?post=6528"}],"version-history":[{"count":0,"href":"https:\/\/www.carideal.com\/blog\/wp-json\/wp\/v2\/posts\/6528\/revisions"}],"wp:attachment":[{"href":"https:\/\/www.carideal.com\/blog\/wp-json\/wp\/v2\/media?parent=6528"}],"wp:term":[{"taxonomy":"category","embeddable":true,"href":"https:\/\/www.carideal.com\/blog\/wp-json\/wp\/v2\/categories?post=6528"},{"taxonomy":"post_tag","embeddable":true,"href":"https:\/\/www.carideal.com\/blog\/wp-json\/wp\/v2\/tags?post=6528"}],"curies":[{"name":"wp","href":"https:\/\/api.w.org\/{rel}","templated":true}]}}