{"id":651,"date":"2014-05-20T08:10:00","date_gmt":"2014-05-20T08:10:00","guid":{"rendered":"http:\/\/carideal.com\/blog\/?p=651"},"modified":"2020-03-07T16:54:35","modified_gmt":"2020-03-07T15:54:35","slug":"fausses-plaques-dimmatriculation","status":"publish","type":"post","link":"https:\/\/www.carideal.com\/blog\/2014\/05\/20\/fausses-plaques-dimmatriculation\/","title":{"rendered":"Fausses plaques d immatriculations en augmentation"},"content":{"rendered":"<h1><strong>L'utilisation de Fausses plaques d'immatriculations en augmentation<\/strong><\/h1>\n<\/p>\n<p>Augmentation de l'utilisation de Fausses plaques d'immatriculations<\/p>\n<p>\n<p>En 2012, pr\u00e8s de 17 500 victimes de fausses plaques d'immatriculation ont \u00e9t\u00e9 recens\u00e9 par le minist\u00e8re de l'Int\u00e9rieur. L'usurpation de plaque peut \u00eatre faite avec un v\u00e9hicule similaire ou diff\u00e9rent. Cette fraude est commun\u00e9ment appel\u00e9 la doublette.<br \/>\nLa cause de cette forte augmentation de doublette depuis 4 ans est due \u00e0 trop de r\u00e9pression autorouti\u00e8re. De ce fait, les gens fraudent pour conserver leurs points et leurs argents.<br \/>\nSi les victimes ne r\u00e9agissent pas \u00e0 temps elles seront contraintes d'engager des frais de justice importants, de plus la d\u00e9marche administrative sera plus longue et p\u00e9nible.<br \/>\nPour lutter contre l'augmentation de doublette il est recommand\u00e9 de mettre en place une proc\u00e9dure visant \u00e0 pr\u00e9senter sa carte grise et sa carte d'identit\u00e9 lorsque l'on d\u00e9sire faire ses plaques, mais aussi il est recommand\u00e9 aux professionnels de tenir un registre qui pourra \u00eatre consult\u00e9 par les autorit\u00e9s et d'apposer sur les plaques une pastille inalt\u00e9rable. Cela soul\u00e8ve un probl\u00e8me l\u00e9gislatif car une personne n'a pas \u00e0 justifier de la propri\u00e9t\u00e9 d'un v\u00e9hicule.<\/p>\n<p><ins><strong>Pour se d\u00e9fendre<\/strong><\/ins><\/p>\n<p>D\u00e8s la r\u00e9ception d'un PV vous laissant supposer \u00e0 une usurpation d'immatriculation il ne faut pas perdre de temps. En premier lieu, il faut r\u00e9clamer la photo de la contravention et prouver sa pr\u00e9sence dans un autre lieu. Ensuite, il faut porter plainte au commissariat puis se rendre en pr\u00e9fecture pour refaire une carte grise accompagn\u00e9e des papiers demand\u00e9s.<\/p>\n<p><ins><strong>T\u00e9moignage<\/strong><\/ins><\/p>\n<blockquote><p>\" Je me suis fait flasher dans le Sud alors que j'\u00e9tais en Savoie \u00e0 mon travail. J'ai directement demand\u00e9 une attestation de pr\u00e9sence \u00e0 mon employeur pour prouver qu'il m'\u00e9tait impossible de me trouver sur les lieux de l'infraction. J'ai rempli la case contestation et renvoy\u00e9 mon PV joint de toutes les pi\u00e8ces. Une \u00e0 deux semaine plus tard, j'ai re\u00e7u un papier m'indiquant qu'il fallait que j'aille porter plainte et que je pouvais refaire ma carte gratuitement en pr\u00e9fecture. \"<\/p><\/blockquote>\n<p>Ailleur sur le Blog \u00e0 Propos des <a href=\"http:\/\/www.carideal.com\/blog\/2009\/04\/20\/nouvelles-plaques-d-immatriculations\/\">nouvelles plaques d'immatriculations et SIV.<\/a><\/p>\n","protected":false},"excerpt":{"rendered":"<p>L&rsquo;utilisation de Fausses plaques d&rsquo;immatriculations en augmentation En 2012, pr\u00e8s de 17 500 victimes de fausses plaques d&rsquo;immatriculation ont \u00e9t\u00e9 recens\u00e9 par le minist\u00e8re de l&rsquo;Int\u00e9rieur. L&rsquo;usurpation de plaque peut \u00eatre faite avec un v\u00e9hicule similaire ou diff\u00e9rent. Cette fraude est commun\u00e9ment appel\u00e9 la doublette. La cause de cette forte augmentation de doublette depuis 4 &#8230; <a title=\"Fausses plaques d immatriculations en augmentation\" class=\"read-more\" href=\"https:\/\/www.carideal.com\/blog\/2014\/05\/20\/fausses-plaques-dimmatriculation\/\" aria-label=\"En savoir plus sur Fausses plaques d immatriculations en augmentation\">Lire plus<\/a><\/p>\n","protected":false},"author":1,"featured_media":0,"comment_status":"closed","ping_status":"open","sticky":false,"template":"","format":"standard","meta":{"_uag_custom_page_level_css":"","_themeisle_gutenberg_block_has_review":false,"footnotes":""},"categories":[9],"tags":[1935],"class_list":["post-651","post","type-post","status-publish","format-standard","hentry","category-divers","tag-plaques-d-immatriculation"],"wppr_data":{"cwp_meta_box_check":"No"},"yoast_head":"<!-- This site is optimized with the Yoast SEO plugin v24.8.1 - https:\/\/yoast.com\/wordpress\/plugins\/seo\/ -->\n<title>Fausses plaques d immatriculations en augmentation - Blog auto Carid\u00e9al<\/title>\n<meta name=\"robots\" content=\"index, follow, max-snippet:-1, max-image-preview:large, max-video-preview:-1\" \/>\n<link rel=\"canonical\" href=\"https:\/\/www.carideal.com\/blog\/2014\/05\/20\/fausses-plaques-dimmatriculation\/\" \/>\n<meta property=\"og:locale\" content=\"fr_FR\" \/>\n<meta property=\"og:type\" content=\"article\" \/>\n<meta property=\"og:title\" content=\"Fausses plaques d immatriculations en augmentation - Blog auto Carid\u00e9al\" \/>\n<meta property=\"og:description\" content=\"L&#039;utilisation de Fausses plaques d&#039;immatriculations en augmentation En 2012, pr\u00e8s de 17 500 victimes de fausses plaques d&#039;immatriculation ont \u00e9t\u00e9 recens\u00e9 par le minist\u00e8re de l&#039;Int\u00e9rieur. L&#039;usurpation de plaque peut \u00eatre faite avec un v\u00e9hicule similaire ou diff\u00e9rent. Cette fraude est commun\u00e9ment appel\u00e9 la doublette. La cause de cette forte augmentation de doublette depuis 4 ... Lire plus\" \/>\n<meta property=\"og:url\" content=\"https:\/\/www.carideal.com\/blog\/2014\/05\/20\/fausses-plaques-dimmatriculation\/\" \/>\n<meta property=\"og:site_name\" content=\"Blog auto Carid\u00e9al\" \/>\n<meta property=\"article:publisher\" content=\"https:\/\/www.facebook.com\/Carideal.mandataire.automobile\" \/>\n<meta property=\"article:author\" content=\"https:\/\/www.facebook.com\/Carideal.mandataire.automobile\/\" \/>\n<meta property=\"article:published_time\" content=\"2014-05-20T08:10:00+00:00\" \/>\n<meta property=\"article:modified_time\" content=\"2020-03-07T15:54:35+00:00\" \/>\n<meta property=\"og:image\" content=\"https:\/\/www.carideal.com\/blog\/wp-content\/uploads\/2016\/03\/logo-carideal-mandataire-automobile.png\" \/>\n\t<meta property=\"og:image:width\" content=\"300\" \/>\n\t<meta property=\"og:image:height\" content=\"300\" \/>\n\t<meta property=\"og:image:type\" content=\"image\/png\" \/>\n<meta name=\"author\" content=\"N.S Carideal\" \/>\n<meta name=\"twitter:card\" content=\"summary_large_image\" \/>\n<meta name=\"twitter:creator\" content=\"@caridealauto\" \/>\n<meta name=\"twitter:site\" content=\"@caridealauto\" \/>\n<meta name=\"twitter:label1\" content=\"\u00c9crit par\" \/>\n\t<meta name=\"twitter:data1\" content=\"N.S Carideal\" \/>\n\t<meta name=\"twitter:label2\" content=\"Dur\u00e9e de lecture estim\u00e9e\" \/>\n\t<meta name=\"twitter:data2\" content=\"2 minutes\" \/>\n<script type=\"application\/ld+json\" class=\"yoast-schema-graph\">{\"@context\":\"https:\/\/schema.org\",\"@graph\":[{\"@type\":\"Article\",\"@id\":\"https:\/\/www.carideal.com\/blog\/2014\/05\/20\/fausses-plaques-dimmatriculation\/#article\",\"isPartOf\":{\"@id\":\"https:\/\/www.carideal.com\/blog\/2014\/05\/20\/fausses-plaques-dimmatriculation\/\"},\"author\":{\"name\":\"N.S Carideal\",\"@id\":\"https:\/\/www.carideal.com\/blog\/#\/schema\/person\/985c7e757d1042d647f21bfaf8d41ebc\"},\"headline\":\"Fausses plaques d immatriculations en augmentation\",\"datePublished\":\"2014-05-20T08:10:00+00:00\",\"dateModified\":\"2020-03-07T15:54:35+00:00\",\"mainEntityOfPage\":{\"@id\":\"https:\/\/www.carideal.com\/blog\/2014\/05\/20\/fausses-plaques-dimmatriculation\/\"},\"wordCount\":374,\"publisher\":{\"@id\":\"https:\/\/www.carideal.com\/blog\/#organization\"},\"keywords\":[\"plaques d immatriculation\"],\"articleSection\":[\"Divers\"],\"inLanguage\":\"fr-FR\"},{\"@type\":\"WebPage\",\"@id\":\"https:\/\/www.carideal.com\/blog\/2014\/05\/20\/fausses-plaques-dimmatriculation\/\",\"url\":\"https:\/\/www.carideal.com\/blog\/2014\/05\/20\/fausses-plaques-dimmatriculation\/\",\"name\":\"Fausses plaques d immatriculations en augmentation - Blog auto Carid\u00e9al\",\"isPartOf\":{\"@id\":\"https:\/\/www.carideal.com\/blog\/#website\"},\"datePublished\":\"2014-05-20T08:10:00+00:00\",\"dateModified\":\"2020-03-07T15:54:35+00:00\",\"breadcrumb\":{\"@id\":\"https:\/\/www.carideal.com\/blog\/2014\/05\/20\/fausses-plaques-dimmatriculation\/#breadcrumb\"},\"inLanguage\":\"fr-FR\",\"potentialAction\":[{\"@type\":\"ReadAction\",\"target\":[\"https:\/\/www.carideal.com\/blog\/2014\/05\/20\/fausses-plaques-dimmatriculation\/\"]}]},{\"@type\":\"BreadcrumbList\",\"@id\":\"https:\/\/www.carideal.com\/blog\/2014\/05\/20\/fausses-plaques-dimmatriculation\/#breadcrumb\",\"itemListElement\":[{\"@type\":\"ListItem\",\"position\":1,\"name\":\"Blog Carid\u00e9al\",\"item\":\"https:\/\/www.carideal.com\/blog\/\"},{\"@type\":\"ListItem\",\"position\":2,\"name\":\"Divers\",\"item\":\"https:\/\/www.carideal.com\/blog\/divers\/\"},{\"@type\":\"ListItem\",\"position\":3,\"name\":\"Fausses plaques d immatriculations en augmentation\"}]},{\"@type\":\"WebSite\",\"@id\":\"https:\/\/www.carideal.com\/blog\/#website\",\"url\":\"https:\/\/www.carideal.com\/blog\/\",\"name\":\"Blog auto Carid\u00e9al\",\"description\":\"Actualit\u00e9 auto par des passionn\u00e9s\",\"publisher\":{\"@id\":\"https:\/\/www.carideal.com\/blog\/#organization\"},\"potentialAction\":[{\"@type\":\"SearchAction\",\"target\":{\"@type\":\"EntryPoint\",\"urlTemplate\":\"https:\/\/www.carideal.com\/blog\/?s={search_term_string}\"},\"query-input\":{\"@type\":\"PropertyValueSpecification\",\"valueRequired\":true,\"valueName\":\"search_term_string\"}}],\"inLanguage\":\"fr-FR\"},{\"@type\":\"Organization\",\"@id\":\"https:\/\/www.carideal.com\/blog\/#organization\",\"name\":\"Carideal\",\"url\":\"https:\/\/www.carideal.com\/blog\/\",\"logo\":{\"@type\":\"ImageObject\",\"inLanguage\":\"fr-FR\",\"@id\":\"https:\/\/www.carideal.com\/blog\/#\/schema\/logo\/image\/\",\"url\":\"http:\/\/www.carideal.com\/blog\/wp-content\/uploads\/2016\/03\/logo-carideal-mandataire-automobile.png\",\"contentUrl\":\"http:\/\/www.carideal.com\/blog\/wp-content\/uploads\/2016\/03\/logo-carideal-mandataire-automobile.png\",\"width\":300,\"height\":300,\"caption\":\"Carideal\"},\"image\":{\"@id\":\"https:\/\/www.carideal.com\/blog\/#\/schema\/logo\/image\/\"},\"sameAs\":[\"https:\/\/www.facebook.com\/Carideal.mandataire.automobile\",\"https:\/\/x.com\/caridealauto\",\"https:\/\/www.instagram.com\/carideal1\/\",\"https:\/\/www.linkedin.com\/company\/carideal.com\",\"https:\/\/fr.pinterest.com\/schiavonsas\/\",\"https:\/\/www.youtube.com\/user\/caridealsas\"]},{\"@type\":\"Person\",\"@id\":\"https:\/\/www.carideal.com\/blog\/#\/schema\/person\/985c7e757d1042d647f21bfaf8d41ebc\",\"name\":\"N.S Carideal\",\"image\":{\"@type\":\"ImageObject\",\"inLanguage\":\"fr-FR\",\"@id\":\"https:\/\/www.carideal.com\/blog\/#\/schema\/person\/image\/\",\"url\":\"https:\/\/secure.gravatar.com\/avatar\/edb7ccdf1a4e3d14aef967760d354d0e?s=96&r=g\",\"contentUrl\":\"https:\/\/secure.gravatar.com\/avatar\/edb7ccdf1a4e3d14aef967760d354d0e?s=96&r=g\",\"caption\":\"N.S Carideal\"},\"description\":\"Depuis tout petit fan d'automobile. Il est question d'essayer et de comparer toutes ces voitures qui nous ont fait r\u00e9ver, avant que celles-ci ne devient uniquement des voitures de collection.\",\"sameAs\":[\"http:\/\/www.carideal.com\/blog\",\"https:\/\/www.facebook.com\/Carideal.mandataire.automobile\/\",\"https:\/\/www.linkedin.com\/in\/nschiavon\/\",\"https:\/\/www.youtube.com\/user\/caridealsas\/\"],\"url\":\"https:\/\/www.carideal.com\/blog\/author\/admin_carideal\/\"}]}<\/script>\n<!-- \/ Yoast SEO plugin. -->","yoast_head_json":{"title":"Fausses plaques d immatriculations en augmentation - Blog auto Carid\u00e9al","robots":{"index":"index","follow":"follow","max-snippet":"max-snippet:-1","max-image-preview":"max-image-preview:large","max-video-preview":"max-video-preview:-1"},"canonical":"https:\/\/www.carideal.com\/blog\/2014\/05\/20\/fausses-plaques-dimmatriculation\/","og_locale":"fr_FR","og_type":"article","og_title":"Fausses plaques d immatriculations en augmentation - Blog auto Carid\u00e9al","og_description":"L'utilisation de Fausses plaques d'immatriculations en augmentation En 2012, pr\u00e8s de 17 500 victimes de fausses plaques d'immatriculation ont \u00e9t\u00e9 recens\u00e9 par le minist\u00e8re de l'Int\u00e9rieur. L'usurpation de plaque peut \u00eatre faite avec un v\u00e9hicule similaire ou diff\u00e9rent. Cette fraude est commun\u00e9ment appel\u00e9 la doublette. La cause de cette forte augmentation de doublette depuis 4 ... Lire plus","og_url":"https:\/\/www.carideal.com\/blog\/2014\/05\/20\/fausses-plaques-dimmatriculation\/","og_site_name":"Blog auto Carid\u00e9al","article_publisher":"https:\/\/www.facebook.com\/Carideal.mandataire.automobile","article_author":"https:\/\/www.facebook.com\/Carideal.mandataire.automobile\/","article_published_time":"2014-05-20T08:10:00+00:00","article_modified_time":"2020-03-07T15:54:35+00:00","og_image":[{"width":300,"height":300,"url":"https:\/\/www.carideal.com\/blog\/wp-content\/uploads\/2016\/03\/logo-carideal-mandataire-automobile.png","type":"image\/png"}],"author":"N.S Carideal","twitter_card":"summary_large_image","twitter_creator":"@caridealauto","twitter_site":"@caridealauto","twitter_misc":{"\u00c9crit par":"N.S Carideal","Dur\u00e9e de lecture estim\u00e9e":"2 minutes"},"schema":{"@context":"https:\/\/schema.org","@graph":[{"@type":"Article","@id":"https:\/\/www.carideal.com\/blog\/2014\/05\/20\/fausses-plaques-dimmatriculation\/#article","isPartOf":{"@id":"https:\/\/www.carideal.com\/blog\/2014\/05\/20\/fausses-plaques-dimmatriculation\/"},"author":{"name":"N.S Carideal","@id":"https:\/\/www.carideal.com\/blog\/#\/schema\/person\/985c7e757d1042d647f21bfaf8d41ebc"},"headline":"Fausses plaques d immatriculations en augmentation","datePublished":"2014-05-20T08:10:00+00:00","dateModified":"2020-03-07T15:54:35+00:00","mainEntityOfPage":{"@id":"https:\/\/www.carideal.com\/blog\/2014\/05\/20\/fausses-plaques-dimmatriculation\/"},"wordCount":374,"publisher":{"@id":"https:\/\/www.carideal.com\/blog\/#organization"},"keywords":["plaques d immatriculation"],"articleSection":["Divers"],"inLanguage":"fr-FR"},{"@type":"WebPage","@id":"https:\/\/www.carideal.com\/blog\/2014\/05\/20\/fausses-plaques-dimmatriculation\/","url":"https:\/\/www.carideal.com\/blog\/2014\/05\/20\/fausses-plaques-dimmatriculation\/","name":"Fausses plaques d immatriculations en augmentation - Blog auto Carid\u00e9al","isPartOf":{"@id":"https:\/\/www.carideal.com\/blog\/#website"},"datePublished":"2014-05-20T08:10:00+00:00","dateModified":"2020-03-07T15:54:35+00:00","breadcrumb":{"@id":"https:\/\/www.carideal.com\/blog\/2014\/05\/20\/fausses-plaques-dimmatriculation\/#breadcrumb"},"inLanguage":"fr-FR","potentialAction":[{"@type":"ReadAction","target":["https:\/\/www.carideal.com\/blog\/2014\/05\/20\/fausses-plaques-dimmatriculation\/"]}]},{"@type":"BreadcrumbList","@id":"https:\/\/www.carideal.com\/blog\/2014\/05\/20\/fausses-plaques-dimmatriculation\/#breadcrumb","itemListElement":[{"@type":"ListItem","position":1,"name":"Blog Carid\u00e9al","item":"https:\/\/www.carideal.com\/blog\/"},{"@type":"ListItem","position":2,"name":"Divers","item":"https:\/\/www.carideal.com\/blog\/divers\/"},{"@type":"ListItem","position":3,"name":"Fausses plaques d immatriculations en augmentation"}]},{"@type":"WebSite","@id":"https:\/\/www.carideal.com\/blog\/#website","url":"https:\/\/www.carideal.com\/blog\/","name":"Blog auto Carid\u00e9al","description":"Actualit\u00e9 auto par des passionn\u00e9s","publisher":{"@id":"https:\/\/www.carideal.com\/blog\/#organization"},"potentialAction":[{"@type":"SearchAction","target":{"@type":"EntryPoint","urlTemplate":"https:\/\/www.carideal.com\/blog\/?s={search_term_string}"},"query-input":{"@type":"PropertyValueSpecification","valueRequired":true,"valueName":"search_term_string"}}],"inLanguage":"fr-FR"},{"@type":"Organization","@id":"https:\/\/www.carideal.com\/blog\/#organization","name":"Carideal","url":"https:\/\/www.carideal.com\/blog\/","logo":{"@type":"ImageObject","inLanguage":"fr-FR","@id":"https:\/\/www.carideal.com\/blog\/#\/schema\/logo\/image\/","url":"http:\/\/www.carideal.com\/blog\/wp-content\/uploads\/2016\/03\/logo-carideal-mandataire-automobile.png","contentUrl":"http:\/\/www.carideal.com\/blog\/wp-content\/uploads\/2016\/03\/logo-carideal-mandataire-automobile.png","width":300,"height":300,"caption":"Carideal"},"image":{"@id":"https:\/\/www.carideal.com\/blog\/#\/schema\/logo\/image\/"},"sameAs":["https:\/\/www.facebook.com\/Carideal.mandataire.automobile","https:\/\/x.com\/caridealauto","https:\/\/www.instagram.com\/carideal1\/","https:\/\/www.linkedin.com\/company\/carideal.com","https:\/\/fr.pinterest.com\/schiavonsas\/","https:\/\/www.youtube.com\/user\/caridealsas"]},{"@type":"Person","@id":"https:\/\/www.carideal.com\/blog\/#\/schema\/person\/985c7e757d1042d647f21bfaf8d41ebc","name":"N.S Carideal","image":{"@type":"ImageObject","inLanguage":"fr-FR","@id":"https:\/\/www.carideal.com\/blog\/#\/schema\/person\/image\/","url":"https:\/\/secure.gravatar.com\/avatar\/edb7ccdf1a4e3d14aef967760d354d0e?s=96&r=g","contentUrl":"https:\/\/secure.gravatar.com\/avatar\/edb7ccdf1a4e3d14aef967760d354d0e?s=96&r=g","caption":"N.S Carideal"},"description":"Depuis tout petit fan d'automobile. Il est question d'essayer et de comparer toutes ces voitures qui nous ont fait r\u00e9ver, avant que celles-ci ne devient uniquement des voitures de collection.","sameAs":["http:\/\/www.carideal.com\/blog","https:\/\/www.facebook.com\/Carideal.mandataire.automobile\/","https:\/\/www.linkedin.com\/in\/nschiavon\/","https:\/\/www.youtube.com\/user\/caridealsas\/"],"url":"https:\/\/www.carideal.com\/blog\/author\/admin_carideal\/"}]}},"uagb_featured_image_src":{"full":false,"thumbnail":false,"medium":false,"medium_large":false,"large":false,"1536x1536":false,"2048x2048":false,"wppr-widget":false},"uagb_author_info":{"display_name":"N.S Carideal","author_link":"https:\/\/www.carideal.com\/blog\/author\/admin_carideal\/"},"uagb_comment_info":0,"uagb_excerpt":"L'utilisation de Fausses plaques d'immatriculations en augmentation En 2012, pr\u00e8s de 17 500 victimes de fausses plaques d'immatriculation ont \u00e9t\u00e9 recens\u00e9 par le minist\u00e8re de l'Int\u00e9rieur. L'usurpation de plaque peut \u00eatre faite avec un v\u00e9hicule similaire ou diff\u00e9rent. Cette fraude est commun\u00e9ment appel\u00e9 la doublette. La cause de cette forte augmentation de doublette depuis 4\u2026","_links":{"self":[{"href":"https:\/\/www.carideal.com\/blog\/wp-json\/wp\/v2\/posts\/651"}],"collection":[{"href":"https:\/\/www.carideal.com\/blog\/wp-json\/wp\/v2\/posts"}],"about":[{"href":"https:\/\/www.carideal.com\/blog\/wp-json\/wp\/v2\/types\/post"}],"author":[{"embeddable":true,"href":"https:\/\/www.carideal.com\/blog\/wp-json\/wp\/v2\/users\/1"}],"replies":[{"embeddable":true,"href":"https:\/\/www.carideal.com\/blog\/wp-json\/wp\/v2\/comments?post=651"}],"version-history":[{"count":0,"href":"https:\/\/www.carideal.com\/blog\/wp-json\/wp\/v2\/posts\/651\/revisions"}],"wp:attachment":[{"href":"https:\/\/www.carideal.com\/blog\/wp-json\/wp\/v2\/media?parent=651"}],"wp:term":[{"taxonomy":"category","embeddable":true,"href":"https:\/\/www.carideal.com\/blog\/wp-json\/wp\/v2\/categories?post=651"},{"taxonomy":"post_tag","embeddable":true,"href":"https:\/\/www.carideal.com\/blog\/wp-json\/wp\/v2\/tags?post=651"}],"curies":[{"name":"wp","href":"https:\/\/api.w.org\/{rel}","templated":true}]}}