{"id":650,"date":"2014-05-15T14:29:00","date_gmt":"2014-05-15T14:29:00","guid":{"rendered":"http:\/\/carideal.com\/blog\/?p=650"},"modified":"2017-01-31T18:50:56","modified_gmt":"2017-01-31T17:50:56","slug":"la-carte-grise-delaissee-par-letat","status":"publish","type":"post","link":"https:\/\/www.carideal.com\/blog\/2014\/05\/15\/la-carte-grise-delaissee-par-letat\/","title":{"rendered":"La carte grise d\u00e9laiss\u00e9e par l&rsquo;\u00c9tat"},"content":{"rendered":"<p><img decoding=\"async\" title=\"plaque, certificat, immatriculation, mai 2014\" src=\"\/blog\/public\/.carte-grise-2014-carideal-mandataire-automobile_m.jpg\" alt=\"plaque, certificat, immatriculation\" \/><\/p>\n<h1><strong>La carte grise d\u00e9laiss\u00e9e par l'\u00c9tat<\/strong><\/h1>\n<p>Depuis 2009, l\u2019\u00c9tat a d\u00e9l\u00e9gu\u00e9 la t\u00e2che de la d\u00e9livrance des cartes grises \u00e0 un tiers priv\u00e9. En effet, ce service gratuit dans le pass\u00e9 est en pleine \u00e9volution. La d\u00e9livrance d'une carte grise est devenue payante, moins d'une dizaine d'euro en pr\u00e9fecture alors que la facture peut s'\u00e9lever \u00e0 jusqu'\u00e0 une cinquantaine d'euro chez un priv\u00e9. La carte grise devient donc un business en expansion. Ce service pourra \u00eatre combin\u00e9 avec l'achat de plaques d'immatriculation.<br \/>\nCette \u00e9volution est due en partie \u00e0 une faiblesse des effectifs administratifs, seulement une \u00abcentaine\u00bb de sous-pr\u00e9fecture sur 240 devraient conserver leur capacit\u00e9 \u00e0 d\u00e9livrer ce titre.<br \/>\nN\u00e9anmoins, l'ouverture aux op\u00e9rateurs priv\u00e9s de la d\u00e9livrance de ce titre permet aux utilisateurs d'\u00e9viter les attentes en pr\u00e9fecture mais aussi \u00e0 avoir un interlocuteur en mesure de nous apporter des informations compl\u00e9mentaires comme le contr\u00f4le technique.<br \/>\nPour conclure, l'utilisateur du v\u00e9hicule va devoir sortir le portefeuille pour obtenir la carte grise. Cependant, les op\u00e9rateurs priv\u00e9s assurent un confort plus important que dans les pr\u00e9fectures comme l\u2019absence de file d'attente ou l'apport d'informations compl\u00e9mentaires. On peut tout de m\u00eame regretter le d\u00e9sengagement de l\u2019\u00c9tat qui r\u00e9duit l\u2019effectif administratif et augmente les co\u00fbts.<\/p>\n","protected":false},"excerpt":{"rendered":"<p>La carte grise d\u00e9laiss\u00e9e par l&rsquo;\u00c9tat Depuis 2009, l\u2019\u00c9tat a d\u00e9l\u00e9gu\u00e9 la t\u00e2che de la d\u00e9livrance des cartes grises \u00e0 un tiers priv\u00e9. En effet, ce service gratuit dans le pass\u00e9 est en pleine \u00e9volution. La d\u00e9livrance d&rsquo;une carte grise est devenue payante, moins d&rsquo;une dizaine d&rsquo;euro en pr\u00e9fecture alors que la facture peut s&rsquo;\u00e9lever &#8230; <a title=\"La carte grise d\u00e9laiss\u00e9e par l&rsquo;\u00c9tat\" class=\"read-more\" href=\"https:\/\/www.carideal.com\/blog\/2014\/05\/15\/la-carte-grise-delaissee-par-letat\/\" aria-label=\"En savoir plus sur La carte grise d\u00e9laiss\u00e9e par l&rsquo;\u00c9tat\">Lire plus<\/a><\/p>\n","protected":false},"author":1,"featured_media":15154,"comment_status":"closed","ping_status":"open","sticky":false,"template":"","format":"standard","meta":{"_uag_custom_page_level_css":"","_themeisle_gutenberg_block_has_review":false,"footnotes":""},"categories":[9,5962,10],"tags":[6227,1203,1935],"class_list":["post-650","post","type-post","status-publish","format-standard","has-post-thumbnail","hentry","category-divers","category-legislation","category-marche-automobile-voiture-neuve-occasion-4x4-suv","tag-carte-grise","tag-controle-technique","tag-plaques-d-immatriculation"],"wppr_data":{"cwp_meta_box_check":"No"},"yoast_head":"<!-- This site is optimized with the Yoast SEO plugin v24.8.1 - https:\/\/yoast.com\/wordpress\/plugins\/seo\/ -->\n<title>La carte grise d\u00e9laiss\u00e9e par l&#039;\u00c9tat - Blog auto Carid\u00e9al<\/title>\n<meta name=\"robots\" content=\"index, follow, max-snippet:-1, max-image-preview:large, max-video-preview:-1\" \/>\n<link rel=\"canonical\" href=\"https:\/\/www.carideal.com\/blog\/2014\/05\/15\/la-carte-grise-delaissee-par-letat\/\" \/>\n<meta property=\"og:locale\" content=\"fr_FR\" \/>\n<meta property=\"og:type\" content=\"article\" \/>\n<meta property=\"og:title\" content=\"La carte grise d\u00e9laiss\u00e9e par l&#039;\u00c9tat - Blog auto Carid\u00e9al\" \/>\n<meta property=\"og:description\" content=\"La carte grise d\u00e9laiss\u00e9e par l&#039;\u00c9tat Depuis 2009, l\u2019\u00c9tat a d\u00e9l\u00e9gu\u00e9 la t\u00e2che de la d\u00e9livrance des cartes grises \u00e0 un tiers priv\u00e9. En effet, ce service gratuit dans le pass\u00e9 est en pleine \u00e9volution. La d\u00e9livrance d&#039;une carte grise est devenue payante, moins d&#039;une dizaine d&#039;euro en pr\u00e9fecture alors que la facture peut s&#039;\u00e9lever ... Lire plus\" \/>\n<meta property=\"og:url\" content=\"https:\/\/www.carideal.com\/blog\/2014\/05\/15\/la-carte-grise-delaissee-par-letat\/\" \/>\n<meta property=\"og:site_name\" content=\"Blog auto Carid\u00e9al\" \/>\n<meta property=\"article:publisher\" content=\"https:\/\/www.facebook.com\/Carideal.mandataire.automobile\" \/>\n<meta property=\"article:author\" content=\"https:\/\/www.facebook.com\/Carideal.mandataire.automobile\/\" \/>\n<meta property=\"article:published_time\" content=\"2014-05-15T14:29:00+00:00\" \/>\n<meta property=\"article:modified_time\" content=\"2017-01-31T17:50:56+00:00\" \/>\n<meta property=\"og:image\" content=\"https:\/\/www.carideal.com\/blog\/wp-content\/uploads\/2014\/05\/carte-grise-2014-carideal-mandataire-automobile_m.jpg\" \/>\n\t<meta property=\"og:image:width\" content=\"448\" \/>\n\t<meta property=\"og:image:height\" content=\"298\" \/>\n\t<meta property=\"og:image:type\" content=\"image\/jpeg\" \/>\n<meta name=\"author\" content=\"N.S Carideal\" \/>\n<meta name=\"twitter:card\" content=\"summary_large_image\" \/>\n<meta name=\"twitter:creator\" content=\"@caridealauto\" \/>\n<meta name=\"twitter:site\" content=\"@caridealauto\" \/>\n<meta name=\"twitter:label1\" content=\"\u00c9crit par\" \/>\n\t<meta name=\"twitter:data1\" content=\"N.S Carideal\" \/>\n\t<meta name=\"twitter:label2\" content=\"Dur\u00e9e de lecture estim\u00e9e\" \/>\n\t<meta name=\"twitter:data2\" content=\"1 minute\" \/>\n<script type=\"application\/ld+json\" class=\"yoast-schema-graph\">{\"@context\":\"https:\/\/schema.org\",\"@graph\":[{\"@type\":\"Article\",\"@id\":\"https:\/\/www.carideal.com\/blog\/2014\/05\/15\/la-carte-grise-delaissee-par-letat\/#article\",\"isPartOf\":{\"@id\":\"https:\/\/www.carideal.com\/blog\/2014\/05\/15\/la-carte-grise-delaissee-par-letat\/\"},\"author\":{\"name\":\"N.S Carideal\",\"@id\":\"https:\/\/www.carideal.com\/blog\/#\/schema\/person\/985c7e757d1042d647f21bfaf8d41ebc\"},\"headline\":\"La carte grise d\u00e9laiss\u00e9e par l&rsquo;\u00c9tat\",\"datePublished\":\"2014-05-15T14:29:00+00:00\",\"dateModified\":\"2017-01-31T17:50:56+00:00\",\"mainEntityOfPage\":{\"@id\":\"https:\/\/www.carideal.com\/blog\/2014\/05\/15\/la-carte-grise-delaissee-par-letat\/\"},\"wordCount\":236,\"publisher\":{\"@id\":\"https:\/\/www.carideal.com\/blog\/#organization\"},\"image\":{\"@id\":\"https:\/\/www.carideal.com\/blog\/2014\/05\/15\/la-carte-grise-delaissee-par-letat\/#primaryimage\"},\"thumbnailUrl\":\"https:\/\/www.carideal.com\/blog\/wp-content\/uploads\/2014\/05\/carte-grise-2014-carideal-mandataire-automobile_m.jpg\",\"keywords\":[\"Carte Grise\",\"contr\u00f4le technique\",\"plaques d immatriculation\"],\"articleSection\":[\"Divers\",\"L\u00e9gislation Automobile\",\"March\u00e9 automobile\"],\"inLanguage\":\"fr-FR\"},{\"@type\":\"WebPage\",\"@id\":\"https:\/\/www.carideal.com\/blog\/2014\/05\/15\/la-carte-grise-delaissee-par-letat\/\",\"url\":\"https:\/\/www.carideal.com\/blog\/2014\/05\/15\/la-carte-grise-delaissee-par-letat\/\",\"name\":\"La carte grise d\u00e9laiss\u00e9e par l'\u00c9tat - Blog auto Carid\u00e9al\",\"isPartOf\":{\"@id\":\"https:\/\/www.carideal.com\/blog\/#website\"},\"primaryImageOfPage\":{\"@id\":\"https:\/\/www.carideal.com\/blog\/2014\/05\/15\/la-carte-grise-delaissee-par-letat\/#primaryimage\"},\"image\":{\"@id\":\"https:\/\/www.carideal.com\/blog\/2014\/05\/15\/la-carte-grise-delaissee-par-letat\/#primaryimage\"},\"thumbnailUrl\":\"https:\/\/www.carideal.com\/blog\/wp-content\/uploads\/2014\/05\/carte-grise-2014-carideal-mandataire-automobile_m.jpg\",\"datePublished\":\"2014-05-15T14:29:00+00:00\",\"dateModified\":\"2017-01-31T17:50:56+00:00\",\"breadcrumb\":{\"@id\":\"https:\/\/www.carideal.com\/blog\/2014\/05\/15\/la-carte-grise-delaissee-par-letat\/#breadcrumb\"},\"inLanguage\":\"fr-FR\",\"potentialAction\":[{\"@type\":\"ReadAction\",\"target\":[\"https:\/\/www.carideal.com\/blog\/2014\/05\/15\/la-carte-grise-delaissee-par-letat\/\"]}]},{\"@type\":\"ImageObject\",\"inLanguage\":\"fr-FR\",\"@id\":\"https:\/\/www.carideal.com\/blog\/2014\/05\/15\/la-carte-grise-delaissee-par-letat\/#primaryimage\",\"url\":\"https:\/\/www.carideal.com\/blog\/wp-content\/uploads\/2014\/05\/carte-grise-2014-carideal-mandataire-automobile_m.jpg\",\"contentUrl\":\"https:\/\/www.carideal.com\/blog\/wp-content\/uploads\/2014\/05\/carte-grise-2014-carideal-mandataire-automobile_m.jpg\",\"width\":448,\"height\":298,\"caption\":\"L'\u00e9tat d\u00e9laisse la d\u00e9livrance des cartes grises\"},{\"@type\":\"BreadcrumbList\",\"@id\":\"https:\/\/www.carideal.com\/blog\/2014\/05\/15\/la-carte-grise-delaissee-par-letat\/#breadcrumb\",\"itemListElement\":[{\"@type\":\"ListItem\",\"position\":1,\"name\":\"Blog Carid\u00e9al\",\"item\":\"https:\/\/www.carideal.com\/blog\/\"},{\"@type\":\"ListItem\",\"position\":2,\"name\":\"Divers\",\"item\":\"https:\/\/www.carideal.com\/blog\/divers\/\"},{\"@type\":\"ListItem\",\"position\":3,\"name\":\"La carte grise d\u00e9laiss\u00e9e par l&rsquo;\u00c9tat\"}]},{\"@type\":\"WebSite\",\"@id\":\"https:\/\/www.carideal.com\/blog\/#website\",\"url\":\"https:\/\/www.carideal.com\/blog\/\",\"name\":\"Blog auto Carid\u00e9al\",\"description\":\"Actualit\u00e9 auto par des passionn\u00e9s\",\"publisher\":{\"@id\":\"https:\/\/www.carideal.com\/blog\/#organization\"},\"potentialAction\":[{\"@type\":\"SearchAction\",\"target\":{\"@type\":\"EntryPoint\",\"urlTemplate\":\"https:\/\/www.carideal.com\/blog\/?s={search_term_string}\"},\"query-input\":{\"@type\":\"PropertyValueSpecification\",\"valueRequired\":true,\"valueName\":\"search_term_string\"}}],\"inLanguage\":\"fr-FR\"},{\"@type\":\"Organization\",\"@id\":\"https:\/\/www.carideal.com\/blog\/#organization\",\"name\":\"Carideal\",\"url\":\"https:\/\/www.carideal.com\/blog\/\",\"logo\":{\"@type\":\"ImageObject\",\"inLanguage\":\"fr-FR\",\"@id\":\"https:\/\/www.carideal.com\/blog\/#\/schema\/logo\/image\/\",\"url\":\"http:\/\/www.carideal.com\/blog\/wp-content\/uploads\/2016\/03\/logo-carideal-mandataire-automobile.png\",\"contentUrl\":\"http:\/\/www.carideal.com\/blog\/wp-content\/uploads\/2016\/03\/logo-carideal-mandataire-automobile.png\",\"width\":300,\"height\":300,\"caption\":\"Carideal\"},\"image\":{\"@id\":\"https:\/\/www.carideal.com\/blog\/#\/schema\/logo\/image\/\"},\"sameAs\":[\"https:\/\/www.facebook.com\/Carideal.mandataire.automobile\",\"https:\/\/x.com\/caridealauto\",\"https:\/\/www.instagram.com\/carideal1\/\",\"https:\/\/www.linkedin.com\/company\/carideal.com\",\"https:\/\/fr.pinterest.com\/schiavonsas\/\",\"https:\/\/www.youtube.com\/user\/caridealsas\"]},{\"@type\":\"Person\",\"@id\":\"https:\/\/www.carideal.com\/blog\/#\/schema\/person\/985c7e757d1042d647f21bfaf8d41ebc\",\"name\":\"N.S Carideal\",\"image\":{\"@type\":\"ImageObject\",\"inLanguage\":\"fr-FR\",\"@id\":\"https:\/\/www.carideal.com\/blog\/#\/schema\/person\/image\/\",\"url\":\"https:\/\/secure.gravatar.com\/avatar\/edb7ccdf1a4e3d14aef967760d354d0e?s=96&r=g\",\"contentUrl\":\"https:\/\/secure.gravatar.com\/avatar\/edb7ccdf1a4e3d14aef967760d354d0e?s=96&r=g\",\"caption\":\"N.S Carideal\"},\"description\":\"Depuis tout petit fan d'automobile. Il est question d'essayer et de comparer toutes ces voitures qui nous ont fait r\u00e9ver, avant que celles-ci ne devient uniquement des voitures de collection.\",\"sameAs\":[\"http:\/\/www.carideal.com\/blog\",\"https:\/\/www.facebook.com\/Carideal.mandataire.automobile\/\",\"https:\/\/www.linkedin.com\/in\/nschiavon\/\",\"https:\/\/www.youtube.com\/user\/caridealsas\/\"],\"url\":\"https:\/\/www.carideal.com\/blog\/author\/admin_carideal\/\"}]}<\/script>\n<!-- \/ Yoast SEO plugin. -->","yoast_head_json":{"title":"La carte grise d\u00e9laiss\u00e9e par l'\u00c9tat - Blog auto Carid\u00e9al","robots":{"index":"index","follow":"follow","max-snippet":"max-snippet:-1","max-image-preview":"max-image-preview:large","max-video-preview":"max-video-preview:-1"},"canonical":"https:\/\/www.carideal.com\/blog\/2014\/05\/15\/la-carte-grise-delaissee-par-letat\/","og_locale":"fr_FR","og_type":"article","og_title":"La carte grise d\u00e9laiss\u00e9e par l'\u00c9tat - Blog auto Carid\u00e9al","og_description":"La carte grise d\u00e9laiss\u00e9e par l'\u00c9tat Depuis 2009, l\u2019\u00c9tat a d\u00e9l\u00e9gu\u00e9 la t\u00e2che de la d\u00e9livrance des cartes grises \u00e0 un tiers priv\u00e9. En effet, ce service gratuit dans le pass\u00e9 est en pleine \u00e9volution. La d\u00e9livrance d'une carte grise est devenue payante, moins d'une dizaine d'euro en pr\u00e9fecture alors que la facture peut s'\u00e9lever ... Lire plus","og_url":"https:\/\/www.carideal.com\/blog\/2014\/05\/15\/la-carte-grise-delaissee-par-letat\/","og_site_name":"Blog auto Carid\u00e9al","article_publisher":"https:\/\/www.facebook.com\/Carideal.mandataire.automobile","article_author":"https:\/\/www.facebook.com\/Carideal.mandataire.automobile\/","article_published_time":"2014-05-15T14:29:00+00:00","article_modified_time":"2017-01-31T17:50:56+00:00","og_image":[{"width":448,"height":298,"url":"https:\/\/www.carideal.com\/blog\/wp-content\/uploads\/2014\/05\/carte-grise-2014-carideal-mandataire-automobile_m.jpg","type":"image\/jpeg"}],"author":"N.S Carideal","twitter_card":"summary_large_image","twitter_creator":"@caridealauto","twitter_site":"@caridealauto","twitter_misc":{"\u00c9crit par":"N.S Carideal","Dur\u00e9e de lecture estim\u00e9e":"1 minute"},"schema":{"@context":"https:\/\/schema.org","@graph":[{"@type":"Article","@id":"https:\/\/www.carideal.com\/blog\/2014\/05\/15\/la-carte-grise-delaissee-par-letat\/#article","isPartOf":{"@id":"https:\/\/www.carideal.com\/blog\/2014\/05\/15\/la-carte-grise-delaissee-par-letat\/"},"author":{"name":"N.S Carideal","@id":"https:\/\/www.carideal.com\/blog\/#\/schema\/person\/985c7e757d1042d647f21bfaf8d41ebc"},"headline":"La carte grise d\u00e9laiss\u00e9e par l&rsquo;\u00c9tat","datePublished":"2014-05-15T14:29:00+00:00","dateModified":"2017-01-31T17:50:56+00:00","mainEntityOfPage":{"@id":"https:\/\/www.carideal.com\/blog\/2014\/05\/15\/la-carte-grise-delaissee-par-letat\/"},"wordCount":236,"publisher":{"@id":"https:\/\/www.carideal.com\/blog\/#organization"},"image":{"@id":"https:\/\/www.carideal.com\/blog\/2014\/05\/15\/la-carte-grise-delaissee-par-letat\/#primaryimage"},"thumbnailUrl":"https:\/\/www.carideal.com\/blog\/wp-content\/uploads\/2014\/05\/carte-grise-2014-carideal-mandataire-automobile_m.jpg","keywords":["Carte Grise","contr\u00f4le technique","plaques d immatriculation"],"articleSection":["Divers","L\u00e9gislation Automobile","March\u00e9 automobile"],"inLanguage":"fr-FR"},{"@type":"WebPage","@id":"https:\/\/www.carideal.com\/blog\/2014\/05\/15\/la-carte-grise-delaissee-par-letat\/","url":"https:\/\/www.carideal.com\/blog\/2014\/05\/15\/la-carte-grise-delaissee-par-letat\/","name":"La carte grise d\u00e9laiss\u00e9e par l'\u00c9tat - Blog auto Carid\u00e9al","isPartOf":{"@id":"https:\/\/www.carideal.com\/blog\/#website"},"primaryImageOfPage":{"@id":"https:\/\/www.carideal.com\/blog\/2014\/05\/15\/la-carte-grise-delaissee-par-letat\/#primaryimage"},"image":{"@id":"https:\/\/www.carideal.com\/blog\/2014\/05\/15\/la-carte-grise-delaissee-par-letat\/#primaryimage"},"thumbnailUrl":"https:\/\/www.carideal.com\/blog\/wp-content\/uploads\/2014\/05\/carte-grise-2014-carideal-mandataire-automobile_m.jpg","datePublished":"2014-05-15T14:29:00+00:00","dateModified":"2017-01-31T17:50:56+00:00","breadcrumb":{"@id":"https:\/\/www.carideal.com\/blog\/2014\/05\/15\/la-carte-grise-delaissee-par-letat\/#breadcrumb"},"inLanguage":"fr-FR","potentialAction":[{"@type":"ReadAction","target":["https:\/\/www.carideal.com\/blog\/2014\/05\/15\/la-carte-grise-delaissee-par-letat\/"]}]},{"@type":"ImageObject","inLanguage":"fr-FR","@id":"https:\/\/www.carideal.com\/blog\/2014\/05\/15\/la-carte-grise-delaissee-par-letat\/#primaryimage","url":"https:\/\/www.carideal.com\/blog\/wp-content\/uploads\/2014\/05\/carte-grise-2014-carideal-mandataire-automobile_m.jpg","contentUrl":"https:\/\/www.carideal.com\/blog\/wp-content\/uploads\/2014\/05\/carte-grise-2014-carideal-mandataire-automobile_m.jpg","width":448,"height":298,"caption":"L'\u00e9tat d\u00e9laisse la d\u00e9livrance des cartes grises"},{"@type":"BreadcrumbList","@id":"https:\/\/www.carideal.com\/blog\/2014\/05\/15\/la-carte-grise-delaissee-par-letat\/#breadcrumb","itemListElement":[{"@type":"ListItem","position":1,"name":"Blog Carid\u00e9al","item":"https:\/\/www.carideal.com\/blog\/"},{"@type":"ListItem","position":2,"name":"Divers","item":"https:\/\/www.carideal.com\/blog\/divers\/"},{"@type":"ListItem","position":3,"name":"La carte grise d\u00e9laiss\u00e9e par l&rsquo;\u00c9tat"}]},{"@type":"WebSite","@id":"https:\/\/www.carideal.com\/blog\/#website","url":"https:\/\/www.carideal.com\/blog\/","name":"Blog auto Carid\u00e9al","description":"Actualit\u00e9 auto par des passionn\u00e9s","publisher":{"@id":"https:\/\/www.carideal.com\/blog\/#organization"},"potentialAction":[{"@type":"SearchAction","target":{"@type":"EntryPoint","urlTemplate":"https:\/\/www.carideal.com\/blog\/?s={search_term_string}"},"query-input":{"@type":"PropertyValueSpecification","valueRequired":true,"valueName":"search_term_string"}}],"inLanguage":"fr-FR"},{"@type":"Organization","@id":"https:\/\/www.carideal.com\/blog\/#organization","name":"Carideal","url":"https:\/\/www.carideal.com\/blog\/","logo":{"@type":"ImageObject","inLanguage":"fr-FR","@id":"https:\/\/www.carideal.com\/blog\/#\/schema\/logo\/image\/","url":"http:\/\/www.carideal.com\/blog\/wp-content\/uploads\/2016\/03\/logo-carideal-mandataire-automobile.png","contentUrl":"http:\/\/www.carideal.com\/blog\/wp-content\/uploads\/2016\/03\/logo-carideal-mandataire-automobile.png","width":300,"height":300,"caption":"Carideal"},"image":{"@id":"https:\/\/www.carideal.com\/blog\/#\/schema\/logo\/image\/"},"sameAs":["https:\/\/www.facebook.com\/Carideal.mandataire.automobile","https:\/\/x.com\/caridealauto","https:\/\/www.instagram.com\/carideal1\/","https:\/\/www.linkedin.com\/company\/carideal.com","https:\/\/fr.pinterest.com\/schiavonsas\/","https:\/\/www.youtube.com\/user\/caridealsas"]},{"@type":"Person","@id":"https:\/\/www.carideal.com\/blog\/#\/schema\/person\/985c7e757d1042d647f21bfaf8d41ebc","name":"N.S Carideal","image":{"@type":"ImageObject","inLanguage":"fr-FR","@id":"https:\/\/www.carideal.com\/blog\/#\/schema\/person\/image\/","url":"https:\/\/secure.gravatar.com\/avatar\/edb7ccdf1a4e3d14aef967760d354d0e?s=96&r=g","contentUrl":"https:\/\/secure.gravatar.com\/avatar\/edb7ccdf1a4e3d14aef967760d354d0e?s=96&r=g","caption":"N.S Carideal"},"description":"Depuis tout petit fan d'automobile. Il est question d'essayer et de comparer toutes ces voitures qui nous ont fait r\u00e9ver, avant que celles-ci ne devient uniquement des voitures de collection.","sameAs":["http:\/\/www.carideal.com\/blog","https:\/\/www.facebook.com\/Carideal.mandataire.automobile\/","https:\/\/www.linkedin.com\/in\/nschiavon\/","https:\/\/www.youtube.com\/user\/caridealsas\/"],"url":"https:\/\/www.carideal.com\/blog\/author\/admin_carideal\/"}]}},"uagb_featured_image_src":{"full":["https:\/\/www.carideal.com\/blog\/wp-content\/uploads\/2014\/05\/carte-grise-2014-carideal-mandataire-automobile_m.jpg",448,298,false],"thumbnail":["https:\/\/www.carideal.com\/blog\/wp-content\/uploads\/2014\/05\/carte-grise-2014-carideal-mandataire-automobile_m-150x150.jpg",150,150,true],"medium":["https:\/\/www.carideal.com\/blog\/wp-content\/uploads\/2014\/05\/carte-grise-2014-carideal-mandataire-automobile_m-300x200.jpg",300,200,true],"medium_large":["https:\/\/www.carideal.com\/blog\/wp-content\/uploads\/2014\/05\/carte-grise-2014-carideal-mandataire-automobile_m.jpg",448,298,false],"large":["https:\/\/www.carideal.com\/blog\/wp-content\/uploads\/2014\/05\/carte-grise-2014-carideal-mandataire-automobile_m.jpg",448,298,false],"1536x1536":["https:\/\/www.carideal.com\/blog\/wp-content\/uploads\/2014\/05\/carte-grise-2014-carideal-mandataire-automobile_m.jpg",448,298,false],"2048x2048":["https:\/\/www.carideal.com\/blog\/wp-content\/uploads\/2014\/05\/carte-grise-2014-carideal-mandataire-automobile_m.jpg",448,298,false],"wppr-widget":["https:\/\/www.carideal.com\/blog\/wp-content\/uploads\/2014\/05\/carte-grise-2014-carideal-mandataire-automobile_m.jpg",50,33,false]},"uagb_author_info":{"display_name":"N.S Carideal","author_link":"https:\/\/www.carideal.com\/blog\/author\/admin_carideal\/"},"uagb_comment_info":0,"uagb_excerpt":"La carte grise d\u00e9laiss\u00e9e par l'\u00c9tat Depuis 2009, l\u2019\u00c9tat a d\u00e9l\u00e9gu\u00e9 la t\u00e2che de la d\u00e9livrance des cartes grises \u00e0 un tiers priv\u00e9. En effet, ce service gratuit dans le pass\u00e9 est en pleine \u00e9volution. La d\u00e9livrance d'une carte grise est devenue payante, moins d'une dizaine d'euro en pr\u00e9fecture alors que la facture peut s'\u00e9lever\u2026","_links":{"self":[{"href":"https:\/\/www.carideal.com\/blog\/wp-json\/wp\/v2\/posts\/650"}],"collection":[{"href":"https:\/\/www.carideal.com\/blog\/wp-json\/wp\/v2\/posts"}],"about":[{"href":"https:\/\/www.carideal.com\/blog\/wp-json\/wp\/v2\/types\/post"}],"author":[{"embeddable":true,"href":"https:\/\/www.carideal.com\/blog\/wp-json\/wp\/v2\/users\/1"}],"replies":[{"embeddable":true,"href":"https:\/\/www.carideal.com\/blog\/wp-json\/wp\/v2\/comments?post=650"}],"version-history":[{"count":0,"href":"https:\/\/www.carideal.com\/blog\/wp-json\/wp\/v2\/posts\/650\/revisions"}],"wp:featuredmedia":[{"embeddable":true,"href":"https:\/\/www.carideal.com\/blog\/wp-json\/wp\/v2\/media\/15154"}],"wp:attachment":[{"href":"https:\/\/www.carideal.com\/blog\/wp-json\/wp\/v2\/media?parent=650"}],"wp:term":[{"taxonomy":"category","embeddable":true,"href":"https:\/\/www.carideal.com\/blog\/wp-json\/wp\/v2\/categories?post=650"},{"taxonomy":"post_tag","embeddable":true,"href":"https:\/\/www.carideal.com\/blog\/wp-json\/wp\/v2\/tags?post=650"}],"curies":[{"name":"wp","href":"https:\/\/api.w.org\/{rel}","templated":true}]}}