{"id":6480,"date":"2015-09-07T16:53:09","date_gmt":"2015-09-07T14:53:09","guid":{"rendered":"http:\/\/www.carideal.com\/blog\/?p=6480"},"modified":"2016-12-27T10:35:53","modified_gmt":"2016-12-27T09:35:53","slug":"nouvelle-porsche-911-carrera-a-moteur-turbo","status":"publish","type":"post","link":"https:\/\/www.carideal.com\/blog\/2015\/09\/07\/nouvelle-porsche-911-carrera-a-moteur-turbo\/","title":{"rendered":"Nouvelle Porsche 911 Carrera 2015"},"content":{"rendered":"<h1>Nouvelle Porsche 911 Carrera \u00e0 moteur Turbo<\/h1>\n<p><strong><a href=\"http:\/\/www.carideal.com\/blog\/marque-de-voiture-actualites-essais\/porsche\/\">Porsche<\/a> pr\u00e9sente la nouvelle Porsche\u00a0<span style=\"text-decoration: underline;\"><a href=\"http:\/\/www.carideal.com\/blog\/2015\/10\/09\/visite-a-un-atelier-de-preparation-de-porsche-de-course\/\">911<\/a><\/span> Carrera restyl\u00e9e<\/strong>. Elle est \u00e9quip\u00e9 comme tout le reste de la gamme maintenant d'un moteur turbo compress\u00e9. Sacril\u00e8ge pour certains... Mais la course aux consommations et la baisse des \u00e9missions de CO2 passe par le downsizing et le Turbo. Donc il est finit le temps des moteurs 3.4 et 3.8 L et place \u00e0 deux turbos sur un nouveau moteur de 3.0 L qui devient modulaire avec une cylindr\u00e9e unitaire de 500 cm3.<\/p>\n<figure id=\"attachment_6481\" aria-describedby=\"caption-attachment-6481\" style=\"width: 290px\" class=\"wp-caption alignnone\"><a href=\"http:\/\/www.carideal.com\/blog\/wp-content\/uploads\/2015\/09\/porsche-911-carrera.jpg\"><img loading=\"lazy\" decoding=\"async\" class=\"wp-image-6481 size-medium\" title=\"Nouvelle Porsche 911 Carrera \u00e0 moteur Turbo\" src=\"http:\/\/www.carideal.com\/blog\/wp-content\/uploads\/2015\/09\/porsche-911-carrera-300x169.jpg\" alt=\"Nouvelle Porsche 911 Carrera \u00e0 moteur Turbo\" width=\"300\" height=\"169\" \/><\/a><figcaption id=\"caption-attachment-6481\" class=\"wp-caption-text\">Nouvelle Porsche 911 Carrera \u00e0 moteur Turbo<\/figcaption><\/figure>\n<p>La puissance \u00e0 365 ch et 414 pour la version <span style=\"text-decoration: underline;\"><a href=\"http:\/\/www.carideal.com\/blog\/2012\/11\/28\/911-carrera-4-et-4s\/\">Carrera S<\/a><\/span>, ce qui met le 0 \u00e0 100 km\/h en 3.9 sec.<\/p>\n<h2>Y a-t-il d'autres changements pour la nouvelle g\u00e9n\u00e9ration ?<\/h2>\n<p>Le ch\u00e2ssis a \u00e9t\u00e9 re-travaill\u00e9 pour compenser le changement de poids. Le nouveau moteur est en fait un peu plus lourd que l'ancien, \u00e0 cause des turbos et des intercoolers, donc le poids est plus \u00e0 l'arri\u00e8re, et ils avaient besoin d'\u00e9largir les pneus arri\u00e8re d'une taille.<\/p>\n<p>Les amortisseurs ont \u00e9t\u00e9 r\u00e9gl\u00e9s et sont adapt\u00e9s en standard sur tous les mod\u00e8les. Un effet de la nouvelle motorisation\u00a0est de r\u00e9duire les oscillations de tangage.<\/p>\n<p>Vous pouvez \u00e9galement maintenant avoir quatre roues directrices, comme pour\u00a0les versions Turbo et GT3. Cela r\u00e9duit le rayon de braquage, ce qui est pratique. Il afute\u00a0la direction dans les virages serr\u00e9s, ce qui est exaltant. Sur les virages \u00e0 grande vitesse et les changements de voie, il stabilise la voiture, ce qui est rassurant. C'est une option \u00e0 2000 \u20ac\u00a0sur une\u00a0Carrera S \u00e0 90000 \u20ac.<\/p>\n<p>Le tout dans, un ch\u00e2ssis merveilleux est maintenant encore mieux, la voiture\u00a0vous \"parle\" plus clairement et r\u00e9agie plus fid\u00e8lement.<\/p>\n<p>Il ya aussi un nouveau syst\u00e8me de navigation et de connectivit\u00e9 en s\u00e9rie, avec des graphismes fins et un \u00e9cran tactile. Malheureusement, celui que nous avons pu voir confondait l'est et l'ouest....<\/p>\n<p>\u00c0 la fin de notre petite\u00a0promenade le Gps nous situait en pleine Mer alors que bon on \u00e9tait juste all\u00e9 nous promener dans le Massif des Bauges autour de Chamb\u00e9ry. LOL.<\/p>\n","protected":false},"excerpt":{"rendered":"<p>Nouvelle Porsche 911 Carrera \u00e0 moteur Turbo Porsche pr\u00e9sente la nouvelle Porsche\u00a0911 Carrera restyl\u00e9e. Elle est \u00e9quip\u00e9 comme tout le reste de la gamme maintenant d&rsquo;un moteur turbo compress\u00e9. Sacril\u00e8ge pour certains&#8230; Mais la course aux consommations et la baisse des \u00e9missions de CO2 passe par le downsizing et le Turbo. Donc il est finit &#8230; <a title=\"Nouvelle Porsche 911 Carrera 2015\" class=\"read-more\" href=\"https:\/\/www.carideal.com\/blog\/2015\/09\/07\/nouvelle-porsche-911-carrera-a-moteur-turbo\/\" aria-label=\"En savoir plus sur Nouvelle Porsche 911 Carrera 2015\">Lire plus<\/a><\/p>\n","protected":false},"author":3,"featured_media":6481,"comment_status":"open","ping_status":"open","sticky":false,"template":"","format":"standard","meta":{"_uag_custom_page_level_css":"","_themeisle_gutenberg_block_has_review":false,"footnotes":""},"categories":[21,5944,6062,6203,5998,5974],"tags":[],"class_list":["post-6480","post","type-post","status-publish","format-standard","has-post-thumbnail","hentry","category-actualites-auto","category-constructeur","category-porsche","category-essais-porsche","category-sportive","category-type-de-vehicule"],"wppr_data":{"cwp_meta_box_check":"No"},"yoast_head":"<!-- This site is optimized with the Yoast SEO plugin v24.8.1 - https:\/\/yoast.com\/wordpress\/plugins\/seo\/ -->\n<title>Nouvelle Porsche 911 Carrera 2015 - Blog auto Carid\u00e9al<\/title>\n<meta name=\"description\" content=\"Nouvelle Porsche 911 Carrera \u00e0 moteur turbo. Le constructeur de Stuttgart se met \u00e0 la mode downsizing pour cette nouvelle g\u00e9n\u00e9ration.\" \/>\n<meta name=\"robots\" content=\"index, follow, max-snippet:-1, max-image-preview:large, max-video-preview:-1\" \/>\n<link rel=\"canonical\" href=\"https:\/\/www.carideal.com\/blog\/2015\/09\/07\/nouvelle-porsche-911-carrera-a-moteur-turbo\/\" \/>\n<meta property=\"og:locale\" content=\"fr_FR\" \/>\n<meta property=\"og:type\" content=\"article\" \/>\n<meta property=\"og:title\" content=\"Nouvelle Porsche 911 Carrera 2015 - Blog auto Carid\u00e9al\" \/>\n<meta property=\"og:description\" content=\"Nouvelle Porsche 911 Carrera \u00e0 moteur turbo. Le constructeur de Stuttgart se met \u00e0 la mode downsizing pour cette nouvelle g\u00e9n\u00e9ration.\" \/>\n<meta property=\"og:url\" content=\"https:\/\/www.carideal.com\/blog\/2015\/09\/07\/nouvelle-porsche-911-carrera-a-moteur-turbo\/\" \/>\n<meta property=\"og:site_name\" content=\"Blog auto Carid\u00e9al\" \/>\n<meta property=\"article:publisher\" content=\"https:\/\/www.facebook.com\/Carideal.mandataire.automobile\" \/>\n<meta property=\"article:author\" content=\"https:\/\/www.facebook.com\/nicolas.schiavon.39\" \/>\n<meta property=\"article:published_time\" content=\"2015-09-07T14:53:09+00:00\" \/>\n<meta property=\"article:modified_time\" content=\"2016-12-27T09:35:53+00:00\" \/>\n<meta property=\"og:image\" content=\"https:\/\/www.carideal.com\/blog\/wp-content\/uploads\/2015\/09\/porsche-911-carrera-e1482827737246.jpg\" \/>\n\t<meta property=\"og:image:width\" content=\"800\" \/>\n\t<meta property=\"og:image:height\" content=\"449\" \/>\n\t<meta property=\"og:image:type\" content=\"image\/jpeg\" \/>\n<meta name=\"author\" content=\"Nicolas SCHIAVON\" \/>\n<meta name=\"twitter:card\" content=\"summary_large_image\" \/>\n<meta name=\"twitter:creator\" content=\"@caridealauto\" \/>\n<meta name=\"twitter:site\" content=\"@caridealauto\" \/>\n<meta name=\"twitter:label1\" content=\"\u00c9crit par\" \/>\n\t<meta name=\"twitter:data1\" content=\"Nicolas SCHIAVON\" \/>\n\t<meta name=\"twitter:label2\" content=\"Dur\u00e9e de lecture estim\u00e9e\" \/>\n\t<meta name=\"twitter:data2\" content=\"2 minutes\" \/>\n<script type=\"application\/ld+json\" class=\"yoast-schema-graph\">{\"@context\":\"https:\/\/schema.org\",\"@graph\":[{\"@type\":\"Article\",\"@id\":\"https:\/\/www.carideal.com\/blog\/2015\/09\/07\/nouvelle-porsche-911-carrera-a-moteur-turbo\/#article\",\"isPartOf\":{\"@id\":\"https:\/\/www.carideal.com\/blog\/2015\/09\/07\/nouvelle-porsche-911-carrera-a-moteur-turbo\/\"},\"author\":{\"name\":\"Nicolas SCHIAVON\",\"@id\":\"https:\/\/www.carideal.com\/blog\/#\/schema\/person\/cd95dc7919660de90d31b366f85be1ec\"},\"headline\":\"Nouvelle Porsche 911 Carrera 2015\",\"datePublished\":\"2015-09-07T14:53:09+00:00\",\"dateModified\":\"2016-12-27T09:35:53+00:00\",\"mainEntityOfPage\":{\"@id\":\"https:\/\/www.carideal.com\/blog\/2015\/09\/07\/nouvelle-porsche-911-carrera-a-moteur-turbo\/\"},\"wordCount\":358,\"commentCount\":0,\"publisher\":{\"@id\":\"https:\/\/www.carideal.com\/blog\/#organization\"},\"image\":{\"@id\":\"https:\/\/www.carideal.com\/blog\/2015\/09\/07\/nouvelle-porsche-911-carrera-a-moteur-turbo\/#primaryimage\"},\"thumbnailUrl\":\"https:\/\/www.carideal.com\/blog\/wp-content\/uploads\/2015\/09\/porsche-911-carrera-e1482827737246.jpg\",\"articleSection\":[\"Actualit\u00e9 automobile\",\"Actualit\u00e9 Constructeur automobile\",\"Actualit\u00e9 Porsche\",\"Essais Porsche\",\"Sportive\",\"Type de v\u00e9hicule\"],\"inLanguage\":\"fr-FR\",\"potentialAction\":[{\"@type\":\"CommentAction\",\"name\":\"Comment\",\"target\":[\"https:\/\/www.carideal.com\/blog\/2015\/09\/07\/nouvelle-porsche-911-carrera-a-moteur-turbo\/#respond\"]}]},{\"@type\":\"WebPage\",\"@id\":\"https:\/\/www.carideal.com\/blog\/2015\/09\/07\/nouvelle-porsche-911-carrera-a-moteur-turbo\/\",\"url\":\"https:\/\/www.carideal.com\/blog\/2015\/09\/07\/nouvelle-porsche-911-carrera-a-moteur-turbo\/\",\"name\":\"Nouvelle Porsche 911 Carrera 2015 - Blog auto Carid\u00e9al\",\"isPartOf\":{\"@id\":\"https:\/\/www.carideal.com\/blog\/#website\"},\"primaryImageOfPage\":{\"@id\":\"https:\/\/www.carideal.com\/blog\/2015\/09\/07\/nouvelle-porsche-911-carrera-a-moteur-turbo\/#primaryimage\"},\"image\":{\"@id\":\"https:\/\/www.carideal.com\/blog\/2015\/09\/07\/nouvelle-porsche-911-carrera-a-moteur-turbo\/#primaryimage\"},\"thumbnailUrl\":\"https:\/\/www.carideal.com\/blog\/wp-content\/uploads\/2015\/09\/porsche-911-carrera-e1482827737246.jpg\",\"datePublished\":\"2015-09-07T14:53:09+00:00\",\"dateModified\":\"2016-12-27T09:35:53+00:00\",\"description\":\"Nouvelle Porsche 911 Carrera \u00e0 moteur turbo. Le constructeur de Stuttgart se met \u00e0 la mode downsizing pour cette nouvelle g\u00e9n\u00e9ration.\",\"breadcrumb\":{\"@id\":\"https:\/\/www.carideal.com\/blog\/2015\/09\/07\/nouvelle-porsche-911-carrera-a-moteur-turbo\/#breadcrumb\"},\"inLanguage\":\"fr-FR\",\"potentialAction\":[{\"@type\":\"ReadAction\",\"target\":[\"https:\/\/www.carideal.com\/blog\/2015\/09\/07\/nouvelle-porsche-911-carrera-a-moteur-turbo\/\"]}]},{\"@type\":\"ImageObject\",\"inLanguage\":\"fr-FR\",\"@id\":\"https:\/\/www.carideal.com\/blog\/2015\/09\/07\/nouvelle-porsche-911-carrera-a-moteur-turbo\/#primaryimage\",\"url\":\"https:\/\/www.carideal.com\/blog\/wp-content\/uploads\/2015\/09\/porsche-911-carrera-e1482827737246.jpg\",\"contentUrl\":\"https:\/\/www.carideal.com\/blog\/wp-content\/uploads\/2015\/09\/porsche-911-carrera-e1482827737246.jpg\",\"width\":800,\"height\":449,\"caption\":\"Nouvelle Porsche Carrera \u00e0 moteur Turbo\"},{\"@type\":\"BreadcrumbList\",\"@id\":\"https:\/\/www.carideal.com\/blog\/2015\/09\/07\/nouvelle-porsche-911-carrera-a-moteur-turbo\/#breadcrumb\",\"itemListElement\":[{\"@type\":\"ListItem\",\"position\":1,\"name\":\"Blog Carid\u00e9al\",\"item\":\"https:\/\/www.carideal.com\/blog\/\"},{\"@type\":\"ListItem\",\"position\":2,\"name\":\"Actualit\u00e9 constructeur automobile\",\"item\":\"https:\/\/www.carideal.com\/blog\/constructeur\/\"},{\"@type\":\"ListItem\",\"position\":3,\"name\":\"Actualit\u00e9 Porsche\",\"item\":\"https:\/\/www.carideal.com\/blog\/constructeur\/porsche\/\"},{\"@type\":\"ListItem\",\"position\":4,\"name\":\"Nouvelle Porsche 911 Carrera 2015\"}]},{\"@type\":\"WebSite\",\"@id\":\"https:\/\/www.carideal.com\/blog\/#website\",\"url\":\"https:\/\/www.carideal.com\/blog\/\",\"name\":\"Blog auto Carid\u00e9al\",\"description\":\"Actualit\u00e9 auto par des passionn\u00e9s\",\"publisher\":{\"@id\":\"https:\/\/www.carideal.com\/blog\/#organization\"},\"potentialAction\":[{\"@type\":\"SearchAction\",\"target\":{\"@type\":\"EntryPoint\",\"urlTemplate\":\"https:\/\/www.carideal.com\/blog\/?s={search_term_string}\"},\"query-input\":{\"@type\":\"PropertyValueSpecification\",\"valueRequired\":true,\"valueName\":\"search_term_string\"}}],\"inLanguage\":\"fr-FR\"},{\"@type\":\"Organization\",\"@id\":\"https:\/\/www.carideal.com\/blog\/#organization\",\"name\":\"Carideal\",\"url\":\"https:\/\/www.carideal.com\/blog\/\",\"logo\":{\"@type\":\"ImageObject\",\"inLanguage\":\"fr-FR\",\"@id\":\"https:\/\/www.carideal.com\/blog\/#\/schema\/logo\/image\/\",\"url\":\"http:\/\/www.carideal.com\/blog\/wp-content\/uploads\/2016\/03\/logo-carideal-mandataire-automobile.png\",\"contentUrl\":\"http:\/\/www.carideal.com\/blog\/wp-content\/uploads\/2016\/03\/logo-carideal-mandataire-automobile.png\",\"width\":300,\"height\":300,\"caption\":\"Carideal\"},\"image\":{\"@id\":\"https:\/\/www.carideal.com\/blog\/#\/schema\/logo\/image\/\"},\"sameAs\":[\"https:\/\/www.facebook.com\/Carideal.mandataire.automobile\",\"https:\/\/x.com\/caridealauto\",\"https:\/\/www.instagram.com\/carideal1\/\",\"https:\/\/www.linkedin.com\/company\/carideal.com\",\"https:\/\/fr.pinterest.com\/schiavonsas\/\",\"https:\/\/www.youtube.com\/user\/caridealsas\"]},{\"@type\":\"Person\",\"@id\":\"https:\/\/www.carideal.com\/blog\/#\/schema\/person\/cd95dc7919660de90d31b366f85be1ec\",\"name\":\"Nicolas SCHIAVON\",\"image\":{\"@type\":\"ImageObject\",\"inLanguage\":\"fr-FR\",\"@id\":\"https:\/\/www.carideal.com\/blog\/#\/schema\/person\/image\/\",\"url\":\"https:\/\/secure.gravatar.com\/avatar\/c17e55009e671d92cc7f5dc837dc418a?s=96&r=g\",\"contentUrl\":\"https:\/\/secure.gravatar.com\/avatar\/c17e55009e671d92cc7f5dc837dc418a?s=96&r=g\",\"caption\":\"Nicolas SCHIAVON\"},\"description\":\"Nicolas Schiavon est tomb\u00e9 tout petit dans la marmite automobile. Ayant eu un garage de marque automobile, mandataire automobile de la premi\u00e8re heure d\u00e8s 1999. Nicolas a cr\u00e9\u00e9 ces premiers sites de vente de voiture et blog automobile d\u00e8s 1994. Carideal est n\u00e9 le 15 d\u00e9cembre 2000 de la volont\u00e9 de vendre des voitures d'occasions en ligne puis des voitures neuves. Il a pu essayer beaucoup de voitures tr\u00e8s diff\u00e9rentes et ayant eu personnellement quelques belles autos, Subaru Impreza, Mitsubishi Lancer Evo 7, Porsche 911, Ferrari Testarrossa, Audi RS3, RS4 et j'en passe...\",\"sameAs\":[\"http:\/\/www.carideal.com\",\"https:\/\/www.facebook.com\/nicolas.schiavon.39\",\"https:\/\/www.instagram.com\/carideal1\/\",\"https:\/\/www.linkedin.com\/in\/nschiavon\/\",\"https:\/\/x.com\/caridealauto\",\"https:\/\/www.youtube.com\/user\/caridealsas\/\"],\"url\":\"https:\/\/www.carideal.com\/blog\/author\/nschiavon\/\"}]}<\/script>\n<!-- \/ Yoast SEO plugin. -->","yoast_head_json":{"title":"Nouvelle Porsche 911 Carrera 2015 - Blog auto Carid\u00e9al","description":"Nouvelle Porsche 911 Carrera \u00e0 moteur turbo. Le constructeur de Stuttgart se met \u00e0 la mode downsizing pour cette nouvelle g\u00e9n\u00e9ration.","robots":{"index":"index","follow":"follow","max-snippet":"max-snippet:-1","max-image-preview":"max-image-preview:large","max-video-preview":"max-video-preview:-1"},"canonical":"https:\/\/www.carideal.com\/blog\/2015\/09\/07\/nouvelle-porsche-911-carrera-a-moteur-turbo\/","og_locale":"fr_FR","og_type":"article","og_title":"Nouvelle Porsche 911 Carrera 2015 - Blog auto Carid\u00e9al","og_description":"Nouvelle Porsche 911 Carrera \u00e0 moteur turbo. Le constructeur de Stuttgart se met \u00e0 la mode downsizing pour cette nouvelle g\u00e9n\u00e9ration.","og_url":"https:\/\/www.carideal.com\/blog\/2015\/09\/07\/nouvelle-porsche-911-carrera-a-moteur-turbo\/","og_site_name":"Blog auto Carid\u00e9al","article_publisher":"https:\/\/www.facebook.com\/Carideal.mandataire.automobile","article_author":"https:\/\/www.facebook.com\/nicolas.schiavon.39","article_published_time":"2015-09-07T14:53:09+00:00","article_modified_time":"2016-12-27T09:35:53+00:00","og_image":[{"width":800,"height":449,"url":"https:\/\/www.carideal.com\/blog\/wp-content\/uploads\/2015\/09\/porsche-911-carrera-e1482827737246.jpg","type":"image\/jpeg"}],"author":"Nicolas SCHIAVON","twitter_card":"summary_large_image","twitter_creator":"@caridealauto","twitter_site":"@caridealauto","twitter_misc":{"\u00c9crit par":"Nicolas SCHIAVON","Dur\u00e9e de lecture estim\u00e9e":"2 minutes"},"schema":{"@context":"https:\/\/schema.org","@graph":[{"@type":"Article","@id":"https:\/\/www.carideal.com\/blog\/2015\/09\/07\/nouvelle-porsche-911-carrera-a-moteur-turbo\/#article","isPartOf":{"@id":"https:\/\/www.carideal.com\/blog\/2015\/09\/07\/nouvelle-porsche-911-carrera-a-moteur-turbo\/"},"author":{"name":"Nicolas SCHIAVON","@id":"https:\/\/www.carideal.com\/blog\/#\/schema\/person\/cd95dc7919660de90d31b366f85be1ec"},"headline":"Nouvelle Porsche 911 Carrera 2015","datePublished":"2015-09-07T14:53:09+00:00","dateModified":"2016-12-27T09:35:53+00:00","mainEntityOfPage":{"@id":"https:\/\/www.carideal.com\/blog\/2015\/09\/07\/nouvelle-porsche-911-carrera-a-moteur-turbo\/"},"wordCount":358,"commentCount":0,"publisher":{"@id":"https:\/\/www.carideal.com\/blog\/#organization"},"image":{"@id":"https:\/\/www.carideal.com\/blog\/2015\/09\/07\/nouvelle-porsche-911-carrera-a-moteur-turbo\/#primaryimage"},"thumbnailUrl":"https:\/\/www.carideal.com\/blog\/wp-content\/uploads\/2015\/09\/porsche-911-carrera-e1482827737246.jpg","articleSection":["Actualit\u00e9 automobile","Actualit\u00e9 Constructeur automobile","Actualit\u00e9 Porsche","Essais Porsche","Sportive","Type de v\u00e9hicule"],"inLanguage":"fr-FR","potentialAction":[{"@type":"CommentAction","name":"Comment","target":["https:\/\/www.carideal.com\/blog\/2015\/09\/07\/nouvelle-porsche-911-carrera-a-moteur-turbo\/#respond"]}]},{"@type":"WebPage","@id":"https:\/\/www.carideal.com\/blog\/2015\/09\/07\/nouvelle-porsche-911-carrera-a-moteur-turbo\/","url":"https:\/\/www.carideal.com\/blog\/2015\/09\/07\/nouvelle-porsche-911-carrera-a-moteur-turbo\/","name":"Nouvelle Porsche 911 Carrera 2015 - Blog auto Carid\u00e9al","isPartOf":{"@id":"https:\/\/www.carideal.com\/blog\/#website"},"primaryImageOfPage":{"@id":"https:\/\/www.carideal.com\/blog\/2015\/09\/07\/nouvelle-porsche-911-carrera-a-moteur-turbo\/#primaryimage"},"image":{"@id":"https:\/\/www.carideal.com\/blog\/2015\/09\/07\/nouvelle-porsche-911-carrera-a-moteur-turbo\/#primaryimage"},"thumbnailUrl":"https:\/\/www.carideal.com\/blog\/wp-content\/uploads\/2015\/09\/porsche-911-carrera-e1482827737246.jpg","datePublished":"2015-09-07T14:53:09+00:00","dateModified":"2016-12-27T09:35:53+00:00","description":"Nouvelle Porsche 911 Carrera \u00e0 moteur turbo. Le constructeur de Stuttgart se met \u00e0 la mode downsizing pour cette nouvelle g\u00e9n\u00e9ration.","breadcrumb":{"@id":"https:\/\/www.carideal.com\/blog\/2015\/09\/07\/nouvelle-porsche-911-carrera-a-moteur-turbo\/#breadcrumb"},"inLanguage":"fr-FR","potentialAction":[{"@type":"ReadAction","target":["https:\/\/www.carideal.com\/blog\/2015\/09\/07\/nouvelle-porsche-911-carrera-a-moteur-turbo\/"]}]},{"@type":"ImageObject","inLanguage":"fr-FR","@id":"https:\/\/www.carideal.com\/blog\/2015\/09\/07\/nouvelle-porsche-911-carrera-a-moteur-turbo\/#primaryimage","url":"https:\/\/www.carideal.com\/blog\/wp-content\/uploads\/2015\/09\/porsche-911-carrera-e1482827737246.jpg","contentUrl":"https:\/\/www.carideal.com\/blog\/wp-content\/uploads\/2015\/09\/porsche-911-carrera-e1482827737246.jpg","width":800,"height":449,"caption":"Nouvelle Porsche Carrera \u00e0 moteur Turbo"},{"@type":"BreadcrumbList","@id":"https:\/\/www.carideal.com\/blog\/2015\/09\/07\/nouvelle-porsche-911-carrera-a-moteur-turbo\/#breadcrumb","itemListElement":[{"@type":"ListItem","position":1,"name":"Blog Carid\u00e9al","item":"https:\/\/www.carideal.com\/blog\/"},{"@type":"ListItem","position":2,"name":"Actualit\u00e9 constructeur automobile","item":"https:\/\/www.carideal.com\/blog\/constructeur\/"},{"@type":"ListItem","position":3,"name":"Actualit\u00e9 Porsche","item":"https:\/\/www.carideal.com\/blog\/constructeur\/porsche\/"},{"@type":"ListItem","position":4,"name":"Nouvelle Porsche 911 Carrera 2015"}]},{"@type":"WebSite","@id":"https:\/\/www.carideal.com\/blog\/#website","url":"https:\/\/www.carideal.com\/blog\/","name":"Blog auto Carid\u00e9al","description":"Actualit\u00e9 auto par des passionn\u00e9s","publisher":{"@id":"https:\/\/www.carideal.com\/blog\/#organization"},"potentialAction":[{"@type":"SearchAction","target":{"@type":"EntryPoint","urlTemplate":"https:\/\/www.carideal.com\/blog\/?s={search_term_string}"},"query-input":{"@type":"PropertyValueSpecification","valueRequired":true,"valueName":"search_term_string"}}],"inLanguage":"fr-FR"},{"@type":"Organization","@id":"https:\/\/www.carideal.com\/blog\/#organization","name":"Carideal","url":"https:\/\/www.carideal.com\/blog\/","logo":{"@type":"ImageObject","inLanguage":"fr-FR","@id":"https:\/\/www.carideal.com\/blog\/#\/schema\/logo\/image\/","url":"http:\/\/www.carideal.com\/blog\/wp-content\/uploads\/2016\/03\/logo-carideal-mandataire-automobile.png","contentUrl":"http:\/\/www.carideal.com\/blog\/wp-content\/uploads\/2016\/03\/logo-carideal-mandataire-automobile.png","width":300,"height":300,"caption":"Carideal"},"image":{"@id":"https:\/\/www.carideal.com\/blog\/#\/schema\/logo\/image\/"},"sameAs":["https:\/\/www.facebook.com\/Carideal.mandataire.automobile","https:\/\/x.com\/caridealauto","https:\/\/www.instagram.com\/carideal1\/","https:\/\/www.linkedin.com\/company\/carideal.com","https:\/\/fr.pinterest.com\/schiavonsas\/","https:\/\/www.youtube.com\/user\/caridealsas"]},{"@type":"Person","@id":"https:\/\/www.carideal.com\/blog\/#\/schema\/person\/cd95dc7919660de90d31b366f85be1ec","name":"Nicolas SCHIAVON","image":{"@type":"ImageObject","inLanguage":"fr-FR","@id":"https:\/\/www.carideal.com\/blog\/#\/schema\/person\/image\/","url":"https:\/\/secure.gravatar.com\/avatar\/c17e55009e671d92cc7f5dc837dc418a?s=96&r=g","contentUrl":"https:\/\/secure.gravatar.com\/avatar\/c17e55009e671d92cc7f5dc837dc418a?s=96&r=g","caption":"Nicolas SCHIAVON"},"description":"Nicolas Schiavon est tomb\u00e9 tout petit dans la marmite automobile. Ayant eu un garage de marque automobile, mandataire automobile de la premi\u00e8re heure d\u00e8s 1999. Nicolas a cr\u00e9\u00e9 ces premiers sites de vente de voiture et blog automobile d\u00e8s 1994. Carideal est n\u00e9 le 15 d\u00e9cembre 2000 de la volont\u00e9 de vendre des voitures d'occasions en ligne puis des voitures neuves. Il a pu essayer beaucoup de voitures tr\u00e8s diff\u00e9rentes et ayant eu personnellement quelques belles autos, Subaru Impreza, Mitsubishi Lancer Evo 7, Porsche 911, Ferrari Testarrossa, Audi RS3, RS4 et j'en passe...","sameAs":["http:\/\/www.carideal.com","https:\/\/www.facebook.com\/nicolas.schiavon.39","https:\/\/www.instagram.com\/carideal1\/","https:\/\/www.linkedin.com\/in\/nschiavon\/","https:\/\/x.com\/caridealauto","https:\/\/www.youtube.com\/user\/caridealsas\/"],"url":"https:\/\/www.carideal.com\/blog\/author\/nschiavon\/"}]}},"uagb_featured_image_src":{"full":["https:\/\/www.carideal.com\/blog\/wp-content\/uploads\/2015\/09\/porsche-911-carrera-e1482827737246.jpg",800,449,false],"thumbnail":["https:\/\/www.carideal.com\/blog\/wp-content\/uploads\/2015\/09\/porsche-911-carrera-150x150.jpg",150,150,true],"medium":["https:\/\/www.carideal.com\/blog\/wp-content\/uploads\/2015\/09\/porsche-911-carrera-300x169.jpg",300,169,true],"medium_large":["https:\/\/www.carideal.com\/blog\/wp-content\/uploads\/2015\/09\/porsche-911-carrera-e1482827737246.jpg",768,431,false],"large":["https:\/\/www.carideal.com\/blog\/wp-content\/uploads\/2015\/09\/porsche-911-carrera-1024x575.jpg",1024,575,true],"1536x1536":["https:\/\/www.carideal.com\/blog\/wp-content\/uploads\/2015\/09\/porsche-911-carrera-e1482827737246.jpg",800,449,false],"2048x2048":["https:\/\/www.carideal.com\/blog\/wp-content\/uploads\/2015\/09\/porsche-911-carrera-e1482827737246.jpg",800,449,false],"wppr-widget":["https:\/\/www.carideal.com\/blog\/wp-content\/uploads\/2015\/09\/porsche-911-carrera-e1482827737246.jpg",50,28,false]},"uagb_author_info":{"display_name":"Nicolas SCHIAVON","author_link":"https:\/\/www.carideal.com\/blog\/author\/nschiavon\/"},"uagb_comment_info":0,"uagb_excerpt":"Nouvelle Porsche 911 Carrera \u00e0 moteur Turbo Porsche pr\u00e9sente la nouvelle Porsche\u00a0911 Carrera restyl\u00e9e. Elle est \u00e9quip\u00e9 comme tout le reste de la gamme maintenant d'un moteur turbo compress\u00e9. Sacril\u00e8ge pour certains... Mais la course aux consommations et la baisse des \u00e9missions de CO2 passe par le downsizing et le Turbo. Donc il est finit\u2026","_links":{"self":[{"href":"https:\/\/www.carideal.com\/blog\/wp-json\/wp\/v2\/posts\/6480"}],"collection":[{"href":"https:\/\/www.carideal.com\/blog\/wp-json\/wp\/v2\/posts"}],"about":[{"href":"https:\/\/www.carideal.com\/blog\/wp-json\/wp\/v2\/types\/post"}],"author":[{"embeddable":true,"href":"https:\/\/www.carideal.com\/blog\/wp-json\/wp\/v2\/users\/3"}],"replies":[{"embeddable":true,"href":"https:\/\/www.carideal.com\/blog\/wp-json\/wp\/v2\/comments?post=6480"}],"version-history":[{"count":0,"href":"https:\/\/www.carideal.com\/blog\/wp-json\/wp\/v2\/posts\/6480\/revisions"}],"wp:featuredmedia":[{"embeddable":true,"href":"https:\/\/www.carideal.com\/blog\/wp-json\/wp\/v2\/media\/6481"}],"wp:attachment":[{"href":"https:\/\/www.carideal.com\/blog\/wp-json\/wp\/v2\/media?parent=6480"}],"wp:term":[{"taxonomy":"category","embeddable":true,"href":"https:\/\/www.carideal.com\/blog\/wp-json\/wp\/v2\/categories?post=6480"},{"taxonomy":"post_tag","embeddable":true,"href":"https:\/\/www.carideal.com\/blog\/wp-json\/wp\/v2\/tags?post=6480"}],"curies":[{"name":"wp","href":"https:\/\/api.w.org\/{rel}","templated":true}]}}