{"id":648,"date":"2014-04-24T10:57:00","date_gmt":"2014-04-24T10:57:00","guid":{"rendered":"http:\/\/carideal.com\/blog\/?p=648"},"modified":"2020-03-07T16:54:35","modified_gmt":"2020-03-07T15:54:35","slug":"jaguar-f-typ-r-acceleration-et-beau-bruit-moteur","status":"publish","type":"post","link":"https:\/\/www.carideal.com\/blog\/2014\/04\/24\/jaguar-f-typ-r-acceleration-et-beau-bruit-moteur\/","title":{"rendered":"Jaguar F TYPE R acc\u00e9l\u00e9ration bruit moteur vid\u00e9o"},"content":{"rendered":"<figure style=\"width: 438px\" class=\"wp-caption alignnone\"><img loading=\"lazy\" decoding=\"async\" title=\"Jaguar F Type R acc\u00e9l\u00e9ration son moteur et vid\u00e9o\" src=\"\/blog\/public\/.jaguar-f-type-r-coupe-carideal-blog-mandataire-automobile_m.jpg\" alt=\"Jaguar F Type R acc\u00e9l\u00e9ration son moteur et vid\u00e9o\" width=\"448\" height=\"252\" \/><figcaption class=\"wp-caption-text\">Jaguar F Type R acc\u00e9l\u00e9ration son moteur et vid\u00e9o<\/figcaption><\/figure>\n<h1><strong>Jaguar F-TYPE R acc\u00e9l\u00e9ration et beau bruit moteur<\/strong><\/h1>\n<p><strong>Jusqu'o\u00f9 pouvez-vous pousser la Jaguar F TYPE R en seulement 15 secondes ? Acc\u00e9l\u00e9ration avec le pouvoir de vous faire vibrer.<\/strong><br \/>\n<strong> Laisser vous enchanter par le bruit de son moteur un V8 suraliment\u00e9 de 550 ch.<\/strong><\/p>\n<figure id=\"attachment_12021\" aria-describedby=\"caption-attachment-12021\" style=\"width: 290px\" class=\"wp-caption alignleft\"><a href=\"http:\/\/www.carideal.com\/blog\/wp-content\/uploads\/2014\/04\/Jaguar-F-Type-R-2015.jpg\"><img loading=\"lazy\" decoding=\"async\" class=\"size-medium wp-image-12021\" src=\"http:\/\/www.carideal.com\/blog\/wp-content\/uploads\/2014\/04\/Jaguar-F-Type-R-2015-300x183.jpg\" alt=\"Jaguar F Type R 2015\" width=\"300\" height=\"183\" srcset=\"https:\/\/www.carideal.com\/blog\/wp-content\/uploads\/2014\/04\/Jaguar-F-Type-R-2015-300x183.jpg 300w, https:\/\/www.carideal.com\/blog\/wp-content\/uploads\/2014\/04\/Jaguar-F-Type-R-2015-768x470.jpg 768w, https:\/\/www.carideal.com\/blog\/wp-content\/uploads\/2014\/04\/Jaguar-F-Type-R-2015-624x382.jpg 624w, https:\/\/www.carideal.com\/blog\/wp-content\/uploads\/2014\/04\/Jaguar-F-Type-R-2015.jpg 986w\" sizes=\"(max-width: 300px) 100vw, 300px\" \/><\/a><figcaption id=\"caption-attachment-12021\" class=\"wp-caption-text\">Jaguar F Type R 2015<\/figcaption><\/figure>\n<p>\"Non ! Ce\u00a0n'est pas une voiture pour la femme du dentiste! LOL C'est ce que vont dire les anglais \ud83d\ude09 Ardent d\u00e9fenseur de leur patrimoine automobile. \"Vint la r\u00e9ponse incr\u00e9dule de mon compagnon de bar Britanique. J'\u00e9tais assis dans un pub, en station de ski,\u00a0il y a plusieurs ann\u00e9es, ayant eu quelques bi\u00e8res avec quelques Anglais en visite, lorsque le sujet de la Jaguar XK est venu sur le bar. Bon il se peut que j'ai un peu pouss\u00e9 l'anglais dans ses retranchement en \u00e9xag\u00e9rant mon avis sur la <span style=\"text-decoration: underline;\"><a href=\"http:\/\/www.carideal.com\/blog\/2011\/03\/12\/video-de-la-jaguar-xkr-s-publicite\/\">Jaguar XK<\/a><\/span> (la faute \u00e0 la bi\u00e8re), mais le coup de la femme du dentiste roulant en Jaguar F Type R, la pouss\u00e9 dans ses derniers retranchements. Le fait est que les gens ne voient pas vraiment la Jag XK comme un concurrent direct pour la <span style=\"text-decoration: underline;\">Porsche 911<\/span>, d'une <span style=\"text-decoration: underline;\">Mercedes Benz SL<\/span>, bien s\u00fbr, mais d'une 911 ? Nannnn.<\/p>\n<pre>Trouvez votre <span style=\"text-decoration: underline;\">Jaguar d'occasion<\/span> avec Carideal<\/pre>\n<figure id=\"attachment_12022\" aria-describedby=\"caption-attachment-12022\" style=\"width: 290px\" class=\"wp-caption alignleft\"><a href=\"http:\/\/www.carideal.com\/blog\/wp-content\/uploads\/2014\/04\/Jaguar-F-Type-R-2015-2.jpg\"><img loading=\"lazy\" decoding=\"async\" class=\"size-medium wp-image-12022\" src=\"http:\/\/www.carideal.com\/blog\/wp-content\/uploads\/2014\/04\/Jaguar-F-Type-R-2015-2-300x183.jpg\" alt=\"Jaguar F Type R 2015\" width=\"300\" height=\"183\" srcset=\"https:\/\/www.carideal.com\/blog\/wp-content\/uploads\/2014\/04\/Jaguar-F-Type-R-2015-2-300x183.jpg 300w, https:\/\/www.carideal.com\/blog\/wp-content\/uploads\/2014\/04\/Jaguar-F-Type-R-2015-2-768x470.jpg 768w, https:\/\/www.carideal.com\/blog\/wp-content\/uploads\/2014\/04\/Jaguar-F-Type-R-2015-2-624x382.jpg 624w, https:\/\/www.carideal.com\/blog\/wp-content\/uploads\/2014\/04\/Jaguar-F-Type-R-2015-2.jpg 986w\" sizes=\"(max-width: 300px) 100vw, 300px\" \/><\/a><figcaption id=\"caption-attachment-12022\" class=\"wp-caption-text\">Jaguar F Type R 2015 arri\u00e8re<\/figcaption><\/figure>\n<p>La\u00a0foule pr\u00e9sente s'en est mell\u00e9e et c'\u00e9tait pire, et il a fallu un Rosbif\u00a0d\u00e9localis\u00e9, qui se trouvait aussi \u00e0 travailler il y a longtemps\u00a0pour Jaguar en Angleterre, pour confirmer notre analyse avant que les choses ne se calment. Le groupe a ensuite commenc\u00e9 \u00e0 discuter de la diff\u00e9rence et de la fabrication entre les saucisses anglaises et les saucisses allemande, les britaniques \u00e9tant bien entendu \u00e9taient plus magnifiquement form\u00e9s que les allemande, un sujet sur lequel nous n'avions heureusement pas d'opinion.<\/p>\n<p>Eh bien, les gars( les rosbifs ndlr), <span style=\"text-decoration: underline;\">Jaguar<\/span> a finalement lui-m\u00eame rachet\u00e9 et confirm\u00e9 votre fiert\u00e9 nationale. Le coup\u00e9 Jaguar F type R est, dans tous les sens du terme, une concurrente l\u00e9gitime de la 911. Et oui, c'est la plus belle\u00a0des deux. Les gens se retourne litt\u00e9ralement face \u00e0\u00a0ce sexy, coup\u00e9. La fa\u00e7on dont le toit conique vient se d\u00e9poser sur ses\u00a0hanches. . . oh, d\u00e9sol\u00e9, nous nous \u00e9loignons.<\/p>\n<figure id=\"attachment_12030\" aria-describedby=\"caption-attachment-12030\" style=\"width: 290px\" class=\"wp-caption alignleft\"><a href=\"http:\/\/www.carideal.com\/blog\/wp-content\/uploads\/2014\/04\/Jaguar-F-Type-R-2015-10.jpg\"><img loading=\"lazy\" decoding=\"async\" class=\"size-medium wp-image-12030\" src=\"http:\/\/www.carideal.com\/blog\/wp-content\/uploads\/2014\/04\/Jaguar-F-Type-R-2015-10-300x183.jpg\" alt=\"Jaguar F Type R 2015\" width=\"300\" height=\"183\" srcset=\"https:\/\/www.carideal.com\/blog\/wp-content\/uploads\/2014\/04\/Jaguar-F-Type-R-2015-10-300x183.jpg 300w, https:\/\/www.carideal.com\/blog\/wp-content\/uploads\/2014\/04\/Jaguar-F-Type-R-2015-10-768x470.jpg 768w, https:\/\/www.carideal.com\/blog\/wp-content\/uploads\/2014\/04\/Jaguar-F-Type-R-2015-10-624x382.jpg 624w, https:\/\/www.carideal.com\/blog\/wp-content\/uploads\/2014\/04\/Jaguar-F-Type-R-2015-10.jpg 986w\" sizes=\"(max-width: 300px) 100vw, 300px\" \/><\/a><figcaption id=\"caption-attachment-12030\" class=\"wp-caption-text\">Jaguar F Type R 2015<\/figcaption><\/figure>\n<p>D'accord, la Jaguar F Type R n'est pas une exacte concurrente\u00a0pour la Porsche. Le coup\u00e9 R ne comporte pas de si\u00e8ges arri\u00e8res, et n'offre m\u00eame pas la possibilit\u00e9 de choisir son int\u00e9rieur\u00a0comme dans la 911. Et \u00e0 110 000 \u20ac, le coup\u00e9 F type R est \u00e9galement moins cher que les deux derni\u00e8res <span style=\"text-decoration: underline;\"><a href=\"http:\/\/www.carideal.com\/blog\/2012\/11\/28\/911-carrera-4-et-4s\/\" target=\"_blank\" rel=\"noopener noreferrer\">Carrera S<\/a><\/span>, d'environ 30 000\u00a0\u20ac\u00a0\u00e0\u00a045000 \u20ac suivant les versions. La Jaguar F Type R arrive\u00a0assez bien \u00e9quip\u00e9\u00a0pour son prix de base de 108000 \u20ac, et il y a peu d'options du type de celles qui plombent l'addition de la Porsche.\u00a0La Jaguar\u00a0est livr\u00e9e avec un syst\u00e8me radio\u00a0Meridian , un syst\u00e8me de navigation lent, et est full cuir avec des si\u00e8ges \u00e9lectriques. vous pouvez rajouter en option, les jantes noires pour 1000 \u20ac, le Pack Black, qui, pour 400 \u20ac, remplace\u00a0tous les\u00a0chromes par du noir,\u00a0et le\u00a0Pack Vision \u00e0 2100 \u20ac, ce qui porte la surveillance d'angle mort, les capteurs de stationnement avant et les phares adaptatifs.<\/p>\n<pre>Trouvez votre <span style=\"text-decoration: underline;\">Jaguar F Type d'occasion<\/span> avec Carideal<\/pre>\n<figure id=\"attachment_12035\" aria-describedby=\"caption-attachment-12035\" style=\"width: 290px\" class=\"wp-caption alignleft\"><a href=\"http:\/\/www.carideal.com\/blog\/wp-content\/uploads\/2014\/04\/Jaguar-F-Type-R-2015-15.jpg\"><img loading=\"lazy\" decoding=\"async\" class=\"size-medium wp-image-12035\" src=\"http:\/\/www.carideal.com\/blog\/wp-content\/uploads\/2014\/04\/Jaguar-F-Type-R-2015-15-300x183.jpg\" alt=\"Jaguar F Type R 2015\" width=\"300\" height=\"183\" srcset=\"https:\/\/www.carideal.com\/blog\/wp-content\/uploads\/2014\/04\/Jaguar-F-Type-R-2015-15-300x183.jpg 300w, https:\/\/www.carideal.com\/blog\/wp-content\/uploads\/2014\/04\/Jaguar-F-Type-R-2015-15-768x470.jpg 768w, https:\/\/www.carideal.com\/blog\/wp-content\/uploads\/2014\/04\/Jaguar-F-Type-R-2015-15-624x382.jpg 624w, https:\/\/www.carideal.com\/blog\/wp-content\/uploads\/2014\/04\/Jaguar-F-Type-R-2015-15.jpg 986w\" sizes=\"(max-width: 300px) 100vw, 300px\" \/><\/a><figcaption id=\"caption-attachment-12035\" class=\"wp-caption-text\">Jaguar F Type R 2015 V8 suraliment\u00e9 550 ch<\/figcaption><\/figure>\n<p>Le coup\u00e9 <strong>F-type R, aliment\u00e9 par un moteur V8 suraliment\u00e9 de 550 ch<\/strong>, est \u00e9galement plus rapide que n'importe quelle\u00a0de ces Porsche \u00e9quip\u00e9e de la boite PDK. \u00c0 3,5 secondes sur le 0 \u00e0 100 km\/h,\u00a0cette Jaguar est un dixi\u00e8me de seconde plus rapide que l'une des 911 et une demi-seconde plus vite que l'autre. Et il freine de 100 \u00e0 0 km\/h en 49.8 m\u00e8tres, seulement 1 m\u00e8tres et des bananes\u00a0de plus que la Carrera. Ce vigoureux\u00a0coup\u00e9 est tout autant dans la performance que l'est sa rivalle allemande.<\/p>\n<p>Et pourtant, on pourrait accuser la Jaguar de deux p\u00e9ch\u00e9s primordiaux de la voiture de sport. \u00c0 1780 kg, ce coup\u00e9 biplace est plus de 300\u00a0kg\u00a0plus lourd qu'une Carrera S de m\u00eame taille. Cela fait beaucoup d'aluminium, la mati\u00e8re premi\u00e8re de sa\u00a0structure. Le poids de la Jaguar coup\u00e9 est justifie l'adoption de deux cylindres supl\u00e9mentaires et d'un compresseur pour atteindre ses chiffres d'acc\u00e9l\u00e9ration sup\u00e9rieures. Le poids du moteur est le probl\u00e8me principal du constructeur.<\/p>\n<figure id=\"attachment_12033\" aria-describedby=\"caption-attachment-12033\" style=\"width: 290px\" class=\"wp-caption alignleft\"><a href=\"http:\/\/www.carideal.com\/blog\/wp-content\/uploads\/2014\/04\/Jaguar-F-Type-R-2015-13.jpg\"><img loading=\"lazy\" decoding=\"async\" class=\"size-medium wp-image-12033\" src=\"http:\/\/www.carideal.com\/blog\/wp-content\/uploads\/2014\/04\/Jaguar-F-Type-R-2015-13-300x183.jpg\" alt=\"Jaguar F Type R 2015\" width=\"300\" height=\"183\" srcset=\"https:\/\/www.carideal.com\/blog\/wp-content\/uploads\/2014\/04\/Jaguar-F-Type-R-2015-13-300x183.jpg 300w, https:\/\/www.carideal.com\/blog\/wp-content\/uploads\/2014\/04\/Jaguar-F-Type-R-2015-13-768x470.jpg 768w, https:\/\/www.carideal.com\/blog\/wp-content\/uploads\/2014\/04\/Jaguar-F-Type-R-2015-13-624x382.jpg 624w, https:\/\/www.carideal.com\/blog\/wp-content\/uploads\/2014\/04\/Jaguar-F-Type-R-2015-13.jpg 986w\" sizes=\"(max-width: 300px) 100vw, 300px\" \/><\/a><figcaption id=\"caption-attachment-12033\" class=\"wp-caption-text\">Jaguar F Type R 2015 Volant<\/figcaption><\/figure>\n<p>En outre, contrairement \u00e0 la Porsche, les Jaguar ne sont pas disponibles avec une transmission manuelle. Mais la boite de vitesse automatique \u00e0 huit rapports du coup\u00e9 Jaguar R , avec palettes au volant, est aussi rapide \u00e0 passer ses rapports qu'elle est douce : un vrai bijou. Elle\u00a0est magnifiquement adapt\u00e9 \u00e0 l'attitude de la coup\u00e9 F-Type R, qui balance\u00a0entre grand tourer et voiture sports \u00e9nergique. Tout pareil qu'une 911.<\/p>\n<p>Bien pos\u00e9e sur ses roues de 20 pouces, le coup\u00e9 R ne devrait pas se conduire aussi bien\u00a0qu'il ne le fait. La structure du coup\u00e9 ne subi aucun flex, elle ne bouge pas ! (le poids expliquant cela). M\u00eame avec des pneus \u00e0 flanc bas, la voiture est imperturbable,\u00a0m\u00eam sur route d\u00e9form\u00e9e. Elle est \u00e9quip\u00e9e de\u00a0ressorts et d'amortisseurs plus rigides que ceux du Roadster F Type V8. Vous pourriez facilement flaner et vous sentir bien au volant\u00a0et confortablement assis\u00a0m\u00eame avec cette\u00a0suspension. Seule l'habitacle\u00a0confortable de la voiture et le bruit ravageur des ses \u00e9chappement sugg\u00e8rent des penchants plus d\u00e9linquants pour ce\u00a0coup\u00e9. M\u00eame en mode dynamique, le trajet est loin d'\u00eatre dure ; il est simplement moins souple.<\/p>\n<figure id=\"attachment_12028\" aria-describedby=\"caption-attachment-12028\" style=\"width: 290px\" class=\"wp-caption alignleft\"><a href=\"http:\/\/www.carideal.com\/blog\/wp-content\/uploads\/2014\/04\/Jaguar-F-Type-R-2015-8.jpg\"><img loading=\"lazy\" decoding=\"async\" class=\"size-medium wp-image-12028\" src=\"http:\/\/www.carideal.com\/blog\/wp-content\/uploads\/2014\/04\/Jaguar-F-Type-R-2015-8-300x183.jpg\" alt=\"Jaguar F Type R 2015\" width=\"300\" height=\"183\" srcset=\"https:\/\/www.carideal.com\/blog\/wp-content\/uploads\/2014\/04\/Jaguar-F-Type-R-2015-8-300x183.jpg 300w, https:\/\/www.carideal.com\/blog\/wp-content\/uploads\/2014\/04\/Jaguar-F-Type-R-2015-8-768x470.jpg 768w, https:\/\/www.carideal.com\/blog\/wp-content\/uploads\/2014\/04\/Jaguar-F-Type-R-2015-8-624x382.jpg 624w, https:\/\/www.carideal.com\/blog\/wp-content\/uploads\/2014\/04\/Jaguar-F-Type-R-2015-8.jpg 986w\" sizes=\"(max-width: 300px) 100vw, 300px\" \/><\/a><figcaption id=\"caption-attachment-12028\" class=\"wp-caption-text\">Jaguar F Type R 2015 Grosses roues gros freins<\/figcaption><\/figure>\n<p>Mais \u00e9craser la p\u00e9dale d'acc\u00e9l\u00e9rateur d\u00e9clenchement et le coup\u00e9 F type R se transforme imm\u00e9diatement dans le grondement de ses \u00e9chappements, en une chose puissante que ses ailes arri\u00e8res\u00a0exorbit\u00e9s sugg\u00e8rent. Le moteur de 5.0 litres suraliment\u00e9 envoie un coup de pied\u00a0imm\u00e9diat dans votre arri\u00e8re train aussi bien que\u00a0la puissance aux roues arri\u00e8re, qui cherche du grip, tandis que le nez de la voiture cherche \u00e0 se cabrer.\u00a0Ya des trucs comme \u00e7a \u00e7a pourrait devenir un jeu et m\u00eame une addiction.<\/p>\n<h2>Galerie image Jaguar Type F R<\/h2>\n<div id='gallery-1' class='gallery galleryid-648 gallery-columns-3 gallery-size-medium'><figure class='gallery-item'>\n\t\t\t<div class='gallery-icon landscape'>\n\t\t\t\t<a href='https:\/\/www.carideal.com\/blog\/2014\/04\/24\/jaguar-f-typ-r-acceleration-et-beau-bruit-moteur\/jaguar-f-type-r-2015\/#main'><img loading=\"lazy\" decoding=\"async\" width=\"300\" height=\"183\" src=\"https:\/\/www.carideal.com\/blog\/wp-content\/uploads\/2014\/04\/Jaguar-F-Type-R-2015-300x183.jpg\" class=\"attachment-medium size-medium\" alt=\"Jaguar F Type R 2015\" aria-describedby=\"gallery-1-12021\" srcset=\"https:\/\/www.carideal.com\/blog\/wp-content\/uploads\/2014\/04\/Jaguar-F-Type-R-2015-300x183.jpg 300w, https:\/\/www.carideal.com\/blog\/wp-content\/uploads\/2014\/04\/Jaguar-F-Type-R-2015-768x470.jpg 768w, https:\/\/www.carideal.com\/blog\/wp-content\/uploads\/2014\/04\/Jaguar-F-Type-R-2015-624x382.jpg 624w, https:\/\/www.carideal.com\/blog\/wp-content\/uploads\/2014\/04\/Jaguar-F-Type-R-2015.jpg 986w\" sizes=\"(max-width: 300px) 100vw, 300px\" \/><\/a>\n\t\t\t<\/div>\n\t\t\t\t<figcaption class='wp-caption-text gallery-caption' id='gallery-1-12021'>\n\t\t\t\tJaguar F Type R 2015\n\t\t\t\t<\/figcaption><\/figure><figure class='gallery-item'>\n\t\t\t<div class='gallery-icon landscape'>\n\t\t\t\t<a href='https:\/\/www.carideal.com\/blog\/2014\/04\/24\/jaguar-f-typ-r-acceleration-et-beau-bruit-moteur\/jaguar-f-type-r-2015-2\/#main'><img loading=\"lazy\" decoding=\"async\" width=\"300\" height=\"183\" src=\"https:\/\/www.carideal.com\/blog\/wp-content\/uploads\/2014\/04\/Jaguar-F-Type-R-2015-2-300x183.jpg\" class=\"attachment-medium size-medium\" alt=\"Jaguar F Type R 2015\" aria-describedby=\"gallery-1-12022\" srcset=\"https:\/\/www.carideal.com\/blog\/wp-content\/uploads\/2014\/04\/Jaguar-F-Type-R-2015-2-300x183.jpg 300w, https:\/\/www.carideal.com\/blog\/wp-content\/uploads\/2014\/04\/Jaguar-F-Type-R-2015-2-768x470.jpg 768w, https:\/\/www.carideal.com\/blog\/wp-content\/uploads\/2014\/04\/Jaguar-F-Type-R-2015-2-624x382.jpg 624w, https:\/\/www.carideal.com\/blog\/wp-content\/uploads\/2014\/04\/Jaguar-F-Type-R-2015-2.jpg 986w\" sizes=\"(max-width: 300px) 100vw, 300px\" \/><\/a>\n\t\t\t<\/div>\n\t\t\t\t<figcaption class='wp-caption-text gallery-caption' id='gallery-1-12022'>\n\t\t\t\tJaguar F Type R 2015 arri\u00e8re\n\t\t\t\t<\/figcaption><\/figure><figure class='gallery-item'>\n\t\t\t<div class='gallery-icon landscape'>\n\t\t\t\t<a href='https:\/\/www.carideal.com\/blog\/2014\/04\/24\/jaguar-f-typ-r-acceleration-et-beau-bruit-moteur\/jaguar-f-type-r-2015-3\/#main'><img loading=\"lazy\" decoding=\"async\" width=\"300\" height=\"183\" src=\"https:\/\/www.carideal.com\/blog\/wp-content\/uploads\/2014\/04\/Jaguar-F-Type-R-2015-3-300x183.jpg\" class=\"attachment-medium size-medium\" alt=\"Jaguar F Type R 2015\" aria-describedby=\"gallery-1-12023\" srcset=\"https:\/\/www.carideal.com\/blog\/wp-content\/uploads\/2014\/04\/Jaguar-F-Type-R-2015-3-300x183.jpg 300w, https:\/\/www.carideal.com\/blog\/wp-content\/uploads\/2014\/04\/Jaguar-F-Type-R-2015-3-768x470.jpg 768w, https:\/\/www.carideal.com\/blog\/wp-content\/uploads\/2014\/04\/Jaguar-F-Type-R-2015-3-624x382.jpg 624w, https:\/\/www.carideal.com\/blog\/wp-content\/uploads\/2014\/04\/Jaguar-F-Type-R-2015-3.jpg 986w\" sizes=\"(max-width: 300px) 100vw, 300px\" \/><\/a>\n\t\t\t<\/div>\n\t\t\t\t<figcaption class='wp-caption-text gallery-caption' id='gallery-1-12023'>\n\t\t\t\tJaguar F Type R 2015\n\t\t\t\t<\/figcaption><\/figure><figure class='gallery-item'>\n\t\t\t<div class='gallery-icon landscape'>\n\t\t\t\t<a href='https:\/\/www.carideal.com\/blog\/2014\/04\/24\/jaguar-f-typ-r-acceleration-et-beau-bruit-moteur\/jaguar-f-type-r-2015-4\/#main'><img loading=\"lazy\" decoding=\"async\" width=\"300\" height=\"183\" src=\"https:\/\/www.carideal.com\/blog\/wp-content\/uploads\/2014\/04\/Jaguar-F-Type-R-2015-4-300x183.jpg\" class=\"attachment-medium size-medium\" alt=\"Jaguar F Type R 2015\" aria-describedby=\"gallery-1-12024\" srcset=\"https:\/\/www.carideal.com\/blog\/wp-content\/uploads\/2014\/04\/Jaguar-F-Type-R-2015-4-300x183.jpg 300w, https:\/\/www.carideal.com\/blog\/wp-content\/uploads\/2014\/04\/Jaguar-F-Type-R-2015-4-768x470.jpg 768w, https:\/\/www.carideal.com\/blog\/wp-content\/uploads\/2014\/04\/Jaguar-F-Type-R-2015-4-624x382.jpg 624w, https:\/\/www.carideal.com\/blog\/wp-content\/uploads\/2014\/04\/Jaguar-F-Type-R-2015-4.jpg 986w\" sizes=\"(max-width: 300px) 100vw, 300px\" \/><\/a>\n\t\t\t<\/div>\n\t\t\t\t<figcaption class='wp-caption-text gallery-caption' id='gallery-1-12024'>\n\t\t\t\tJaguar F Type R 2015 Le Logo R\n\t\t\t\t<\/figcaption><\/figure><figure class='gallery-item'>\n\t\t\t<div class='gallery-icon landscape'>\n\t\t\t\t<a href='https:\/\/www.carideal.com\/blog\/2014\/04\/24\/jaguar-f-typ-r-acceleration-et-beau-bruit-moteur\/jaguar-f-type-r-2015-5\/#main'><img loading=\"lazy\" decoding=\"async\" width=\"300\" height=\"183\" src=\"https:\/\/www.carideal.com\/blog\/wp-content\/uploads\/2014\/04\/Jaguar-F-Type-R-2015-5-300x183.jpg\" class=\"attachment-medium size-medium\" alt=\"Jaguar F Type R 2015\" aria-describedby=\"gallery-1-12025\" srcset=\"https:\/\/www.carideal.com\/blog\/wp-content\/uploads\/2014\/04\/Jaguar-F-Type-R-2015-5-300x183.jpg 300w, https:\/\/www.carideal.com\/blog\/wp-content\/uploads\/2014\/04\/Jaguar-F-Type-R-2015-5-768x470.jpg 768w, https:\/\/www.carideal.com\/blog\/wp-content\/uploads\/2014\/04\/Jaguar-F-Type-R-2015-5-624x382.jpg 624w, https:\/\/www.carideal.com\/blog\/wp-content\/uploads\/2014\/04\/Jaguar-F-Type-R-2015-5.jpg 986w\" sizes=\"(max-width: 300px) 100vw, 300px\" \/><\/a>\n\t\t\t<\/div>\n\t\t\t\t<figcaption class='wp-caption-text gallery-caption' id='gallery-1-12025'>\n\t\t\t\tJaguar F Type R 2015 4 sorties d&rsquo;\u00e9chappement\n\t\t\t\t<\/figcaption><\/figure><figure class='gallery-item'>\n\t\t\t<div class='gallery-icon landscape'>\n\t\t\t\t<a href='https:\/\/www.carideal.com\/blog\/2014\/04\/24\/jaguar-f-typ-r-acceleration-et-beau-bruit-moteur\/jaguar-f-type-r-2015-6\/#main'><img loading=\"lazy\" decoding=\"async\" width=\"300\" height=\"183\" src=\"https:\/\/www.carideal.com\/blog\/wp-content\/uploads\/2014\/04\/Jaguar-F-Type-R-2015-6-300x183.jpg\" class=\"attachment-medium size-medium\" alt=\"Jaguar F Type R 2015\" aria-describedby=\"gallery-1-12026\" srcset=\"https:\/\/www.carideal.com\/blog\/wp-content\/uploads\/2014\/04\/Jaguar-F-Type-R-2015-6-300x183.jpg 300w, https:\/\/www.carideal.com\/blog\/wp-content\/uploads\/2014\/04\/Jaguar-F-Type-R-2015-6-768x470.jpg 768w, https:\/\/www.carideal.com\/blog\/wp-content\/uploads\/2014\/04\/Jaguar-F-Type-R-2015-6-624x382.jpg 624w, https:\/\/www.carideal.com\/blog\/wp-content\/uploads\/2014\/04\/Jaguar-F-Type-R-2015-6.jpg 986w\" sizes=\"(max-width: 300px) 100vw, 300px\" \/><\/a>\n\t\t\t<\/div>\n\t\t\t\t<figcaption class='wp-caption-text gallery-caption' id='gallery-1-12026'>\n\t\t\t\tJaguar F Type R 2015\n\t\t\t\t<\/figcaption><\/figure><figure class='gallery-item'>\n\t\t\t<div class='gallery-icon landscape'>\n\t\t\t\t<a href='https:\/\/www.carideal.com\/blog\/2014\/04\/24\/jaguar-f-typ-r-acceleration-et-beau-bruit-moteur\/jaguar-f-type-r-2015-7\/#main'><img loading=\"lazy\" decoding=\"async\" width=\"300\" height=\"183\" src=\"https:\/\/www.carideal.com\/blog\/wp-content\/uploads\/2014\/04\/Jaguar-F-Type-R-2015-7-300x183.jpg\" class=\"attachment-medium size-medium\" alt=\"Jaguar F Type R 2015\" aria-describedby=\"gallery-1-12027\" srcset=\"https:\/\/www.carideal.com\/blog\/wp-content\/uploads\/2014\/04\/Jaguar-F-Type-R-2015-7-300x183.jpg 300w, https:\/\/www.carideal.com\/blog\/wp-content\/uploads\/2014\/04\/Jaguar-F-Type-R-2015-7-768x470.jpg 768w, https:\/\/www.carideal.com\/blog\/wp-content\/uploads\/2014\/04\/Jaguar-F-Type-R-2015-7-624x382.jpg 624w, https:\/\/www.carideal.com\/blog\/wp-content\/uploads\/2014\/04\/Jaguar-F-Type-R-2015-7.jpg 986w\" sizes=\"(max-width: 300px) 100vw, 300px\" \/><\/a>\n\t\t\t<\/div>\n\t\t\t\t<figcaption class='wp-caption-text gallery-caption' id='gallery-1-12027'>\n\t\t\t\tJaguar F Type R 2015\n\t\t\t\t<\/figcaption><\/figure><figure class='gallery-item'>\n\t\t\t<div class='gallery-icon landscape'>\n\t\t\t\t<a href='https:\/\/www.carideal.com\/blog\/2014\/04\/24\/jaguar-f-typ-r-acceleration-et-beau-bruit-moteur\/jaguar-f-type-r-2015-8\/#main'><img loading=\"lazy\" decoding=\"async\" width=\"300\" height=\"183\" src=\"https:\/\/www.carideal.com\/blog\/wp-content\/uploads\/2014\/04\/Jaguar-F-Type-R-2015-8-300x183.jpg\" class=\"attachment-medium size-medium\" alt=\"Jaguar F Type R 2015\" aria-describedby=\"gallery-1-12028\" srcset=\"https:\/\/www.carideal.com\/blog\/wp-content\/uploads\/2014\/04\/Jaguar-F-Type-R-2015-8-300x183.jpg 300w, https:\/\/www.carideal.com\/blog\/wp-content\/uploads\/2014\/04\/Jaguar-F-Type-R-2015-8-768x470.jpg 768w, https:\/\/www.carideal.com\/blog\/wp-content\/uploads\/2014\/04\/Jaguar-F-Type-R-2015-8-624x382.jpg 624w, https:\/\/www.carideal.com\/blog\/wp-content\/uploads\/2014\/04\/Jaguar-F-Type-R-2015-8.jpg 986w\" sizes=\"(max-width: 300px) 100vw, 300px\" \/><\/a>\n\t\t\t<\/div>\n\t\t\t\t<figcaption class='wp-caption-text gallery-caption' id='gallery-1-12028'>\n\t\t\t\tJaguar F Type R 2015 Grosses roues gros freins\n\t\t\t\t<\/figcaption><\/figure><figure class='gallery-item'>\n\t\t\t<div class='gallery-icon landscape'>\n\t\t\t\t<a href='https:\/\/www.carideal.com\/blog\/2014\/04\/24\/jaguar-f-typ-r-acceleration-et-beau-bruit-moteur\/jaguar-f-type-r-2015-9\/#main'><img loading=\"lazy\" decoding=\"async\" width=\"300\" height=\"183\" src=\"https:\/\/www.carideal.com\/blog\/wp-content\/uploads\/2014\/04\/Jaguar-F-Type-R-2015-9-300x183.jpg\" class=\"attachment-medium size-medium\" alt=\"Jaguar F Type R 2015\" aria-describedby=\"gallery-1-12029\" srcset=\"https:\/\/www.carideal.com\/blog\/wp-content\/uploads\/2014\/04\/Jaguar-F-Type-R-2015-9-300x183.jpg 300w, https:\/\/www.carideal.com\/blog\/wp-content\/uploads\/2014\/04\/Jaguar-F-Type-R-2015-9-768x470.jpg 768w, https:\/\/www.carideal.com\/blog\/wp-content\/uploads\/2014\/04\/Jaguar-F-Type-R-2015-9-624x382.jpg 624w, https:\/\/www.carideal.com\/blog\/wp-content\/uploads\/2014\/04\/Jaguar-F-Type-R-2015-9.jpg 986w\" sizes=\"(max-width: 300px) 100vw, 300px\" \/><\/a>\n\t\t\t<\/div>\n\t\t\t\t<figcaption class='wp-caption-text gallery-caption' id='gallery-1-12029'>\n\t\t\t\tJaguar F Type R 2015\n\t\t\t\t<\/figcaption><\/figure><figure class='gallery-item'>\n\t\t\t<div class='gallery-icon landscape'>\n\t\t\t\t<a href='https:\/\/www.carideal.com\/blog\/2014\/04\/24\/jaguar-f-typ-r-acceleration-et-beau-bruit-moteur\/jaguar-f-type-r-2015-10\/#main'><img loading=\"lazy\" decoding=\"async\" width=\"300\" height=\"183\" src=\"https:\/\/www.carideal.com\/blog\/wp-content\/uploads\/2014\/04\/Jaguar-F-Type-R-2015-10-300x183.jpg\" class=\"attachment-medium size-medium\" alt=\"Jaguar F Type R 2015\" aria-describedby=\"gallery-1-12030\" srcset=\"https:\/\/www.carideal.com\/blog\/wp-content\/uploads\/2014\/04\/Jaguar-F-Type-R-2015-10-300x183.jpg 300w, https:\/\/www.carideal.com\/blog\/wp-content\/uploads\/2014\/04\/Jaguar-F-Type-R-2015-10-768x470.jpg 768w, https:\/\/www.carideal.com\/blog\/wp-content\/uploads\/2014\/04\/Jaguar-F-Type-R-2015-10-624x382.jpg 624w, https:\/\/www.carideal.com\/blog\/wp-content\/uploads\/2014\/04\/Jaguar-F-Type-R-2015-10.jpg 986w\" sizes=\"(max-width: 300px) 100vw, 300px\" \/><\/a>\n\t\t\t<\/div>\n\t\t\t\t<figcaption class='wp-caption-text gallery-caption' id='gallery-1-12030'>\n\t\t\t\tJaguar F Type R 2015\n\t\t\t\t<\/figcaption><\/figure><figure class='gallery-item'>\n\t\t\t<div class='gallery-icon landscape'>\n\t\t\t\t<a href='https:\/\/www.carideal.com\/blog\/2014\/04\/24\/jaguar-f-typ-r-acceleration-et-beau-bruit-moteur\/jaguar-f-type-r-2015-11\/#main'><img loading=\"lazy\" decoding=\"async\" width=\"300\" height=\"183\" src=\"https:\/\/www.carideal.com\/blog\/wp-content\/uploads\/2014\/04\/Jaguar-F-Type-R-2015-11-300x183.jpg\" class=\"attachment-medium size-medium\" alt=\"Jaguar F Type R 2015\" aria-describedby=\"gallery-1-12031\" srcset=\"https:\/\/www.carideal.com\/blog\/wp-content\/uploads\/2014\/04\/Jaguar-F-Type-R-2015-11-300x183.jpg 300w, https:\/\/www.carideal.com\/blog\/wp-content\/uploads\/2014\/04\/Jaguar-F-Type-R-2015-11-768x470.jpg 768w, https:\/\/www.carideal.com\/blog\/wp-content\/uploads\/2014\/04\/Jaguar-F-Type-R-2015-11-624x382.jpg 624w, https:\/\/www.carideal.com\/blog\/wp-content\/uploads\/2014\/04\/Jaguar-F-Type-R-2015-11.jpg 986w\" sizes=\"(max-width: 300px) 100vw, 300px\" \/><\/a>\n\t\t\t<\/div>\n\t\t\t\t<figcaption class='wp-caption-text gallery-caption' id='gallery-1-12031'>\n\t\t\t\tJaguar F Type R 2015 Planche de Bord\n\t\t\t\t<\/figcaption><\/figure><figure class='gallery-item'>\n\t\t\t<div class='gallery-icon landscape'>\n\t\t\t\t<a href='https:\/\/www.carideal.com\/blog\/2014\/04\/24\/jaguar-f-typ-r-acceleration-et-beau-bruit-moteur\/jaguar-f-type-r-2015-12\/#main'><img loading=\"lazy\" decoding=\"async\" width=\"300\" height=\"183\" src=\"https:\/\/www.carideal.com\/blog\/wp-content\/uploads\/2014\/04\/Jaguar-F-Type-R-2015-12-300x183.jpg\" class=\"attachment-medium size-medium\" alt=\"Jaguar F Type R 2015\" aria-describedby=\"gallery-1-12032\" srcset=\"https:\/\/www.carideal.com\/blog\/wp-content\/uploads\/2014\/04\/Jaguar-F-Type-R-2015-12-300x183.jpg 300w, https:\/\/www.carideal.com\/blog\/wp-content\/uploads\/2014\/04\/Jaguar-F-Type-R-2015-12-768x470.jpg 768w, https:\/\/www.carideal.com\/blog\/wp-content\/uploads\/2014\/04\/Jaguar-F-Type-R-2015-12-624x382.jpg 624w, https:\/\/www.carideal.com\/blog\/wp-content\/uploads\/2014\/04\/Jaguar-F-Type-R-2015-12.jpg 986w\" sizes=\"(max-width: 300px) 100vw, 300px\" \/><\/a>\n\t\t\t<\/div>\n\t\t\t\t<figcaption class='wp-caption-text gallery-caption' id='gallery-1-12032'>\n\t\t\t\tJaguar F Type R 2015 poste de pilotage\n\t\t\t\t<\/figcaption><\/figure><figure class='gallery-item'>\n\t\t\t<div class='gallery-icon landscape'>\n\t\t\t\t<a href='https:\/\/www.carideal.com\/blog\/2014\/04\/24\/jaguar-f-typ-r-acceleration-et-beau-bruit-moteur\/jaguar-f-type-r-2015-13\/#main'><img loading=\"lazy\" decoding=\"async\" width=\"300\" height=\"183\" src=\"https:\/\/www.carideal.com\/blog\/wp-content\/uploads\/2014\/04\/Jaguar-F-Type-R-2015-13-300x183.jpg\" class=\"attachment-medium size-medium\" alt=\"Jaguar F Type R 2015\" aria-describedby=\"gallery-1-12033\" srcset=\"https:\/\/www.carideal.com\/blog\/wp-content\/uploads\/2014\/04\/Jaguar-F-Type-R-2015-13-300x183.jpg 300w, https:\/\/www.carideal.com\/blog\/wp-content\/uploads\/2014\/04\/Jaguar-F-Type-R-2015-13-768x470.jpg 768w, https:\/\/www.carideal.com\/blog\/wp-content\/uploads\/2014\/04\/Jaguar-F-Type-R-2015-13-624x382.jpg 624w, https:\/\/www.carideal.com\/blog\/wp-content\/uploads\/2014\/04\/Jaguar-F-Type-R-2015-13.jpg 986w\" sizes=\"(max-width: 300px) 100vw, 300px\" \/><\/a>\n\t\t\t<\/div>\n\t\t\t\t<figcaption class='wp-caption-text gallery-caption' id='gallery-1-12033'>\n\t\t\t\tJaguar F Type R 2015 Volant\n\t\t\t\t<\/figcaption><\/figure><figure class='gallery-item'>\n\t\t\t<div class='gallery-icon landscape'>\n\t\t\t\t<a href='https:\/\/www.carideal.com\/blog\/2014\/04\/24\/jaguar-f-typ-r-acceleration-et-beau-bruit-moteur\/jaguar-f-type-r-2015-14\/#main'><img loading=\"lazy\" decoding=\"async\" width=\"300\" height=\"183\" src=\"https:\/\/www.carideal.com\/blog\/wp-content\/uploads\/2014\/04\/Jaguar-F-Type-R-2015-14-300x183.jpg\" class=\"attachment-medium size-medium\" alt=\"Jaguar F Type R 2015\" aria-describedby=\"gallery-1-12034\" srcset=\"https:\/\/www.carideal.com\/blog\/wp-content\/uploads\/2014\/04\/Jaguar-F-Type-R-2015-14-300x183.jpg 300w, https:\/\/www.carideal.com\/blog\/wp-content\/uploads\/2014\/04\/Jaguar-F-Type-R-2015-14-768x470.jpg 768w, https:\/\/www.carideal.com\/blog\/wp-content\/uploads\/2014\/04\/Jaguar-F-Type-R-2015-14-624x382.jpg 624w, https:\/\/www.carideal.com\/blog\/wp-content\/uploads\/2014\/04\/Jaguar-F-Type-R-2015-14.jpg 986w\" sizes=\"(max-width: 300px) 100vw, 300px\" \/><\/a>\n\t\t\t<\/div>\n\t\t\t\t<figcaption class='wp-caption-text gallery-caption' id='gallery-1-12034'>\n\t\t\t\tJaguar F Type R 2015 Si\u00e8ges sports\n\t\t\t\t<\/figcaption><\/figure><figure class='gallery-item'>\n\t\t\t<div class='gallery-icon landscape'>\n\t\t\t\t<a href='https:\/\/www.carideal.com\/blog\/2014\/04\/24\/jaguar-f-typ-r-acceleration-et-beau-bruit-moteur\/jaguar-f-type-r-2015-15\/#main'><img loading=\"lazy\" decoding=\"async\" width=\"300\" height=\"183\" src=\"https:\/\/www.carideal.com\/blog\/wp-content\/uploads\/2014\/04\/Jaguar-F-Type-R-2015-15-300x183.jpg\" class=\"attachment-medium size-medium\" alt=\"Jaguar F Type R 2015\" aria-describedby=\"gallery-1-12035\" srcset=\"https:\/\/www.carideal.com\/blog\/wp-content\/uploads\/2014\/04\/Jaguar-F-Type-R-2015-15-300x183.jpg 300w, https:\/\/www.carideal.com\/blog\/wp-content\/uploads\/2014\/04\/Jaguar-F-Type-R-2015-15-768x470.jpg 768w, https:\/\/www.carideal.com\/blog\/wp-content\/uploads\/2014\/04\/Jaguar-F-Type-R-2015-15-624x382.jpg 624w, https:\/\/www.carideal.com\/blog\/wp-content\/uploads\/2014\/04\/Jaguar-F-Type-R-2015-15.jpg 986w\" sizes=\"(max-width: 300px) 100vw, 300px\" \/><\/a>\n\t\t\t<\/div>\n\t\t\t\t<figcaption class='wp-caption-text gallery-caption' id='gallery-1-12035'>\n\t\t\t\tJaguar F Type R 2015 V8 suraliment\u00e9 550 ch\n\t\t\t\t<\/figcaption><\/figure>\n\t\t<\/div>\n\n<figure id=\"attachment_12025\" aria-describedby=\"caption-attachment-12025\" style=\"width: 290px\" class=\"wp-caption alignleft\"><a href=\"http:\/\/www.carideal.com\/blog\/wp-content\/uploads\/2014\/04\/Jaguar-F-Type-R-2015-5.jpg\"><img loading=\"lazy\" decoding=\"async\" class=\"size-medium wp-image-12025\" src=\"http:\/\/www.carideal.com\/blog\/wp-content\/uploads\/2014\/04\/Jaguar-F-Type-R-2015-5-300x183.jpg\" alt=\"Jaguar F Type R 2015\" width=\"300\" height=\"183\" srcset=\"https:\/\/www.carideal.com\/blog\/wp-content\/uploads\/2014\/04\/Jaguar-F-Type-R-2015-5-300x183.jpg 300w, https:\/\/www.carideal.com\/blog\/wp-content\/uploads\/2014\/04\/Jaguar-F-Type-R-2015-5-768x470.jpg 768w, https:\/\/www.carideal.com\/blog\/wp-content\/uploads\/2014\/04\/Jaguar-F-Type-R-2015-5-624x382.jpg 624w, https:\/\/www.carideal.com\/blog\/wp-content\/uploads\/2014\/04\/Jaguar-F-Type-R-2015-5.jpg 986w\" sizes=\"(max-width: 300px) 100vw, 300px\" \/><\/a><figcaption id=\"caption-attachment-12025\" class=\"wp-caption-text\">Jaguar F Type R 2015 4 sorties d'\u00e9chappement<\/figcaption><\/figure>\n<p><strong>Mais aucun trait unique ne d\u00e9finit le coup\u00e9 Jaguar F Type R, ni d'ailleurs aucun des F-types, mieux que le bruit de ses \u00e9chappements d\u00e9chirant le mur du son<\/strong> ! Activez le bouton \"fort\" pour laisser parler les gaz d'\u00e9chappements &lt;3 . La voiture laisse dans son sillage les siflement\u00a0sonore \u00e9quivalent \u00e0100 \u00e9toiles de ninja. Ouvrez grand\u00a0la manette des gaz et les pots\u00a0d'\u00e9chappement vont cracher des feux d'artifices \u00e0 tout ce qui est derri\u00e8re vous. Bon on en rajoute juste un peu l\u00e0. c'est un retour en arri\u00e8re\u00a0nostalgique avant que l'injection de carburant et les \u00e9missions de polluants soient controll\u00e9es sur tous les moteurs. (merci aux <span style=\"text-decoration: underline;\"><a href=\"http:\/\/www.carideal.com\/blog\/2013\/12\/12\/les-nouvelles-normes-euro-6-font-faire-augmenter-le-prix-des-moteurs-diesels\/\">normes Euro<\/a><\/span>) Et de plus, bruler du\u00a0gaz de combustion \u00e0 l'ext\u00e9rieur d'un moteur est stupide. Mais, oh, mon dieu QUEL SON !\u00a0Ce son glorieux. Un son bestial, un vrai plaisir pour adultes adolescents.<\/p>\n<p>Mais il n'y a pas que la passion. Le 911 est la plus pratique des voitures de sport, avec un coffre\u00a0de bonne taille et une excellente visibilit\u00e9 vers l'ext\u00e9rieur. La Jaguar F Type\u00a0R coup\u00e9 souffre un peu de sa vsibilit\u00e9\u00a0arri\u00e8re, mais offre tr\u00e8s l\u00e9g\u00e8rement plus d'espace de chargement que la\u00a0911. <strong>Vraiment c'est une grande voiture.<\/strong><\/p>\n<h2>Vid\u00e9o acc\u00e9l\u00e9ration son moteur Jaguar F Type R<\/h2>\n<p><iframe loading=\"lazy\" src=\"\/\/www.youtube.com\/embed\/j9kqBV_d_o8\" width=\"560\" height=\"315\" frameborder=\"0\" allowfullscreen=\"allowfullscreen\"><\/iframe><\/p>\n","protected":false},"excerpt":{"rendered":"<p>Jaguar F-TYPE R acc\u00e9l\u00e9ration et beau bruit moteur Jusqu&rsquo;o\u00f9 pouvez-vous pousser la Jaguar F TYPE R en seulement 15 secondes ? Acc\u00e9l\u00e9ration avec le pouvoir de vous faire vibrer. Laisser vous enchanter par le bruit de son moteur un V8 suraliment\u00e9 de 550 ch. \u00ab\u00a0Non ! Ce\u00a0n&rsquo;est pas une voiture pour la femme du dentiste! &#8230; <a title=\"Jaguar F TYPE R acc\u00e9l\u00e9ration bruit moteur vid\u00e9o\" class=\"read-more\" href=\"https:\/\/www.carideal.com\/blog\/2014\/04\/24\/jaguar-f-typ-r-acceleration-et-beau-bruit-moteur\/\" aria-label=\"En savoir plus sur Jaguar F TYPE R acc\u00e9l\u00e9ration bruit moteur vid\u00e9o\">Lire plus<\/a><\/p>\n","protected":false},"author":1,"featured_media":0,"comment_status":"closed","ping_status":"open","sticky":false,"template":"","format":"standard","meta":{"_uag_custom_page_level_css":"","_themeisle_gutenberg_block_has_review":false,"footnotes":""},"categories":[5944,5987,9,5947,18],"tags":[6168,3120],"class_list":["post-648","post","type-post","status-publish","format-standard","hentry","category-constructeur","category-jaguar","category-divers","category-essai","category-videos","tag-bruit-de-voiture","tag-rivale-anglaise"],"wppr_data":[],"yoast_head":"<!-- This site is optimized with the Yoast SEO plugin v24.8.1 - https:\/\/yoast.com\/wordpress\/plugins\/seo\/ -->\n<title>Jaguar F TYPE R acc\u00e9l\u00e9ration bruit moteur vid\u00e9o - Blog auto Carid\u00e9al<\/title>\n<meta name=\"description\" content=\"Jusqu&#039;o\u00f9 pouvez-vous pousser la Jaguar F TYPE R en seulement 15 secondes ? Acc\u00e9l\u00e9ration avec le pouvoir de vous faire vibrer.\" \/>\n<meta name=\"robots\" content=\"index, follow, max-snippet:-1, max-image-preview:large, max-video-preview:-1\" \/>\n<link rel=\"canonical\" href=\"https:\/\/www.carideal.com\/blog\/2014\/04\/24\/jaguar-f-typ-r-acceleration-et-beau-bruit-moteur\/\" \/>\n<meta property=\"og:locale\" content=\"fr_FR\" \/>\n<meta property=\"og:type\" content=\"article\" \/>\n<meta property=\"og:title\" content=\"Jaguar F TYPE R acc\u00e9l\u00e9ration bruit moteur vid\u00e9o - Blog auto Carid\u00e9al\" \/>\n<meta property=\"og:description\" content=\"Jusqu&#039;o\u00f9 pouvez-vous pousser la Jaguar F TYPE R en seulement 15 secondes ? Acc\u00e9l\u00e9ration avec le pouvoir de vous faire vibrer.\" \/>\n<meta property=\"og:url\" content=\"https:\/\/www.carideal.com\/blog\/2014\/04\/24\/jaguar-f-typ-r-acceleration-et-beau-bruit-moteur\/\" \/>\n<meta property=\"og:site_name\" content=\"Blog auto Carid\u00e9al\" \/>\n<meta property=\"article:publisher\" content=\"https:\/\/www.facebook.com\/Carideal.mandataire.automobile\" \/>\n<meta property=\"article:author\" content=\"https:\/\/www.facebook.com\/Carideal.mandataire.automobile\/\" \/>\n<meta property=\"article:published_time\" content=\"2014-04-24T10:57:00+00:00\" \/>\n<meta property=\"article:modified_time\" content=\"2020-03-07T15:54:35+00:00\" \/>\n<meta property=\"og:image\" content=\"https:\/\/www.carideal.com\/blog\/wp-content\/uploads\/2014\/04\/Jaguar-F-Type-R-2015-300x183.jpg\" \/>\n<meta name=\"author\" content=\"N.S Carideal\" \/>\n<meta name=\"twitter:card\" content=\"summary_large_image\" \/>\n<meta name=\"twitter:creator\" content=\"@caridealauto\" \/>\n<meta name=\"twitter:site\" content=\"@caridealauto\" \/>\n<meta name=\"twitter:label1\" content=\"\u00c9crit par\" \/>\n\t<meta name=\"twitter:data1\" content=\"N.S Carideal\" \/>\n\t<meta name=\"twitter:label2\" content=\"Dur\u00e9e de lecture estim\u00e9e\" \/>\n\t<meta name=\"twitter:data2\" content=\"7 minutes\" \/>\n<script type=\"application\/ld+json\" class=\"yoast-schema-graph\">{\"@context\":\"https:\/\/schema.org\",\"@graph\":[{\"@type\":\"Article\",\"@id\":\"https:\/\/www.carideal.com\/blog\/2014\/04\/24\/jaguar-f-typ-r-acceleration-et-beau-bruit-moteur\/#article\",\"isPartOf\":{\"@id\":\"https:\/\/www.carideal.com\/blog\/2014\/04\/24\/jaguar-f-typ-r-acceleration-et-beau-bruit-moteur\/\"},\"author\":{\"name\":\"N.S Carideal\",\"@id\":\"https:\/\/www.carideal.com\/blog\/#\/schema\/person\/985c7e757d1042d647f21bfaf8d41ebc\"},\"headline\":\"Jaguar F TYPE R acc\u00e9l\u00e9ration bruit moteur vid\u00e9o\",\"datePublished\":\"2014-04-24T10:57:00+00:00\",\"dateModified\":\"2020-03-07T15:54:35+00:00\",\"mainEntityOfPage\":{\"@id\":\"https:\/\/www.carideal.com\/blog\/2014\/04\/24\/jaguar-f-typ-r-acceleration-et-beau-bruit-moteur\/\"},\"wordCount\":1331,\"publisher\":{\"@id\":\"https:\/\/www.carideal.com\/blog\/#organization\"},\"image\":{\"@id\":\"https:\/\/www.carideal.com\/blog\/2014\/04\/24\/jaguar-f-typ-r-acceleration-et-beau-bruit-moteur\/#primaryimage\"},\"thumbnailUrl\":\"http:\/\/www.carideal.com\/blog\/wp-content\/uploads\/2014\/04\/Jaguar-F-Type-R-2015-300x183.jpg\",\"keywords\":[\"Bruit de voiture son de voiture\",\"Voiture anglaise\"],\"articleSection\":[\"Actualit\u00e9 Constructeur automobile\",\"Actualit\u00e9s Jaguar\",\"Divers\",\"Essais automobile\",\"Vid\u00e9o voiture : vid\u00e9o automobile\"],\"inLanguage\":\"fr-FR\"},{\"@type\":\"WebPage\",\"@id\":\"https:\/\/www.carideal.com\/blog\/2014\/04\/24\/jaguar-f-typ-r-acceleration-et-beau-bruit-moteur\/\",\"url\":\"https:\/\/www.carideal.com\/blog\/2014\/04\/24\/jaguar-f-typ-r-acceleration-et-beau-bruit-moteur\/\",\"name\":\"Jaguar F TYPE R acc\u00e9l\u00e9ration bruit moteur vid\u00e9o - Blog auto Carid\u00e9al\",\"isPartOf\":{\"@id\":\"https:\/\/www.carideal.com\/blog\/#website\"},\"primaryImageOfPage\":{\"@id\":\"https:\/\/www.carideal.com\/blog\/2014\/04\/24\/jaguar-f-typ-r-acceleration-et-beau-bruit-moteur\/#primaryimage\"},\"image\":{\"@id\":\"https:\/\/www.carideal.com\/blog\/2014\/04\/24\/jaguar-f-typ-r-acceleration-et-beau-bruit-moteur\/#primaryimage\"},\"thumbnailUrl\":\"http:\/\/www.carideal.com\/blog\/wp-content\/uploads\/2014\/04\/Jaguar-F-Type-R-2015-300x183.jpg\",\"datePublished\":\"2014-04-24T10:57:00+00:00\",\"dateModified\":\"2020-03-07T15:54:35+00:00\",\"description\":\"Jusqu'o\u00f9 pouvez-vous pousser la Jaguar F TYPE R en seulement 15 secondes ? Acc\u00e9l\u00e9ration avec le pouvoir de vous faire vibrer.\",\"breadcrumb\":{\"@id\":\"https:\/\/www.carideal.com\/blog\/2014\/04\/24\/jaguar-f-typ-r-acceleration-et-beau-bruit-moteur\/#breadcrumb\"},\"inLanguage\":\"fr-FR\",\"potentialAction\":[{\"@type\":\"ReadAction\",\"target\":[\"https:\/\/www.carideal.com\/blog\/2014\/04\/24\/jaguar-f-typ-r-acceleration-et-beau-bruit-moteur\/\"]}]},{\"@type\":\"ImageObject\",\"inLanguage\":\"fr-FR\",\"@id\":\"https:\/\/www.carideal.com\/blog\/2014\/04\/24\/jaguar-f-typ-r-acceleration-et-beau-bruit-moteur\/#primaryimage\",\"url\":\"http:\/\/www.carideal.com\/blog\/wp-content\/uploads\/2014\/04\/Jaguar-F-Type-R-2015-300x183.jpg\",\"contentUrl\":\"http:\/\/www.carideal.com\/blog\/wp-content\/uploads\/2014\/04\/Jaguar-F-Type-R-2015-300x183.jpg\"},{\"@type\":\"BreadcrumbList\",\"@id\":\"https:\/\/www.carideal.com\/blog\/2014\/04\/24\/jaguar-f-typ-r-acceleration-et-beau-bruit-moteur\/#breadcrumb\",\"itemListElement\":[{\"@type\":\"ListItem\",\"position\":1,\"name\":\"Blog Carid\u00e9al\",\"item\":\"https:\/\/www.carideal.com\/blog\/\"},{\"@type\":\"ListItem\",\"position\":2,\"name\":\"Divers\",\"item\":\"https:\/\/www.carideal.com\/blog\/divers\/\"},{\"@type\":\"ListItem\",\"position\":3,\"name\":\"Jaguar F TYPE R acc\u00e9l\u00e9ration bruit moteur vid\u00e9o\"}]},{\"@type\":\"WebSite\",\"@id\":\"https:\/\/www.carideal.com\/blog\/#website\",\"url\":\"https:\/\/www.carideal.com\/blog\/\",\"name\":\"Blog auto Carid\u00e9al\",\"description\":\"Actualit\u00e9 auto par des passionn\u00e9s\",\"publisher\":{\"@id\":\"https:\/\/www.carideal.com\/blog\/#organization\"},\"potentialAction\":[{\"@type\":\"SearchAction\",\"target\":{\"@type\":\"EntryPoint\",\"urlTemplate\":\"https:\/\/www.carideal.com\/blog\/?s={search_term_string}\"},\"query-input\":{\"@type\":\"PropertyValueSpecification\",\"valueRequired\":true,\"valueName\":\"search_term_string\"}}],\"inLanguage\":\"fr-FR\"},{\"@type\":\"Organization\",\"@id\":\"https:\/\/www.carideal.com\/blog\/#organization\",\"name\":\"Carideal\",\"url\":\"https:\/\/www.carideal.com\/blog\/\",\"logo\":{\"@type\":\"ImageObject\",\"inLanguage\":\"fr-FR\",\"@id\":\"https:\/\/www.carideal.com\/blog\/#\/schema\/logo\/image\/\",\"url\":\"http:\/\/www.carideal.com\/blog\/wp-content\/uploads\/2016\/03\/logo-carideal-mandataire-automobile.png\",\"contentUrl\":\"http:\/\/www.carideal.com\/blog\/wp-content\/uploads\/2016\/03\/logo-carideal-mandataire-automobile.png\",\"width\":300,\"height\":300,\"caption\":\"Carideal\"},\"image\":{\"@id\":\"https:\/\/www.carideal.com\/blog\/#\/schema\/logo\/image\/\"},\"sameAs\":[\"https:\/\/www.facebook.com\/Carideal.mandataire.automobile\",\"https:\/\/x.com\/caridealauto\",\"https:\/\/www.instagram.com\/carideal1\/\",\"https:\/\/www.linkedin.com\/company\/carideal.com\",\"https:\/\/fr.pinterest.com\/schiavonsas\/\",\"https:\/\/www.youtube.com\/user\/caridealsas\"]},{\"@type\":\"Person\",\"@id\":\"https:\/\/www.carideal.com\/blog\/#\/schema\/person\/985c7e757d1042d647f21bfaf8d41ebc\",\"name\":\"N.S Carideal\",\"image\":{\"@type\":\"ImageObject\",\"inLanguage\":\"fr-FR\",\"@id\":\"https:\/\/www.carideal.com\/blog\/#\/schema\/person\/image\/\",\"url\":\"https:\/\/secure.gravatar.com\/avatar\/edb7ccdf1a4e3d14aef967760d354d0e?s=96&r=g\",\"contentUrl\":\"https:\/\/secure.gravatar.com\/avatar\/edb7ccdf1a4e3d14aef967760d354d0e?s=96&r=g\",\"caption\":\"N.S Carideal\"},\"description\":\"Depuis tout petit fan d'automobile. Il est question d'essayer et de comparer toutes ces voitures qui nous ont fait r\u00e9ver, avant que celles-ci ne devient uniquement des voitures de collection.\",\"sameAs\":[\"http:\/\/www.carideal.com\/blog\",\"https:\/\/www.facebook.com\/Carideal.mandataire.automobile\/\",\"https:\/\/www.linkedin.com\/in\/nschiavon\/\",\"https:\/\/www.youtube.com\/user\/caridealsas\/\"],\"url\":\"https:\/\/www.carideal.com\/blog\/author\/admin_carideal\/\"}]}<\/script>\n<!-- \/ Yoast SEO plugin. -->","yoast_head_json":{"title":"Jaguar F TYPE R acc\u00e9l\u00e9ration bruit moteur vid\u00e9o - Blog auto Carid\u00e9al","description":"Jusqu'o\u00f9 pouvez-vous pousser la Jaguar F TYPE R en seulement 15 secondes ? Acc\u00e9l\u00e9ration avec le pouvoir de vous faire vibrer.","robots":{"index":"index","follow":"follow","max-snippet":"max-snippet:-1","max-image-preview":"max-image-preview:large","max-video-preview":"max-video-preview:-1"},"canonical":"https:\/\/www.carideal.com\/blog\/2014\/04\/24\/jaguar-f-typ-r-acceleration-et-beau-bruit-moteur\/","og_locale":"fr_FR","og_type":"article","og_title":"Jaguar F TYPE R acc\u00e9l\u00e9ration bruit moteur vid\u00e9o - Blog auto Carid\u00e9al","og_description":"Jusqu'o\u00f9 pouvez-vous pousser la Jaguar F TYPE R en seulement 15 secondes ? Acc\u00e9l\u00e9ration avec le pouvoir de vous faire vibrer.","og_url":"https:\/\/www.carideal.com\/blog\/2014\/04\/24\/jaguar-f-typ-r-acceleration-et-beau-bruit-moteur\/","og_site_name":"Blog auto Carid\u00e9al","article_publisher":"https:\/\/www.facebook.com\/Carideal.mandataire.automobile","article_author":"https:\/\/www.facebook.com\/Carideal.mandataire.automobile\/","article_published_time":"2014-04-24T10:57:00+00:00","article_modified_time":"2020-03-07T15:54:35+00:00","og_image":[{"url":"https:\/\/www.carideal.com\/blog\/wp-content\/uploads\/2014\/04\/Jaguar-F-Type-R-2015-300x183.jpg","type":"","width":"","height":""}],"author":"N.S Carideal","twitter_card":"summary_large_image","twitter_creator":"@caridealauto","twitter_site":"@caridealauto","twitter_misc":{"\u00c9crit par":"N.S Carideal","Dur\u00e9e de lecture estim\u00e9e":"7 minutes"},"schema":{"@context":"https:\/\/schema.org","@graph":[{"@type":"Article","@id":"https:\/\/www.carideal.com\/blog\/2014\/04\/24\/jaguar-f-typ-r-acceleration-et-beau-bruit-moteur\/#article","isPartOf":{"@id":"https:\/\/www.carideal.com\/blog\/2014\/04\/24\/jaguar-f-typ-r-acceleration-et-beau-bruit-moteur\/"},"author":{"name":"N.S Carideal","@id":"https:\/\/www.carideal.com\/blog\/#\/schema\/person\/985c7e757d1042d647f21bfaf8d41ebc"},"headline":"Jaguar F TYPE R acc\u00e9l\u00e9ration bruit moteur vid\u00e9o","datePublished":"2014-04-24T10:57:00+00:00","dateModified":"2020-03-07T15:54:35+00:00","mainEntityOfPage":{"@id":"https:\/\/www.carideal.com\/blog\/2014\/04\/24\/jaguar-f-typ-r-acceleration-et-beau-bruit-moteur\/"},"wordCount":1331,"publisher":{"@id":"https:\/\/www.carideal.com\/blog\/#organization"},"image":{"@id":"https:\/\/www.carideal.com\/blog\/2014\/04\/24\/jaguar-f-typ-r-acceleration-et-beau-bruit-moteur\/#primaryimage"},"thumbnailUrl":"http:\/\/www.carideal.com\/blog\/wp-content\/uploads\/2014\/04\/Jaguar-F-Type-R-2015-300x183.jpg","keywords":["Bruit de voiture son de voiture","Voiture anglaise"],"articleSection":["Actualit\u00e9 Constructeur automobile","Actualit\u00e9s Jaguar","Divers","Essais automobile","Vid\u00e9o voiture : vid\u00e9o automobile"],"inLanguage":"fr-FR"},{"@type":"WebPage","@id":"https:\/\/www.carideal.com\/blog\/2014\/04\/24\/jaguar-f-typ-r-acceleration-et-beau-bruit-moteur\/","url":"https:\/\/www.carideal.com\/blog\/2014\/04\/24\/jaguar-f-typ-r-acceleration-et-beau-bruit-moteur\/","name":"Jaguar F TYPE R acc\u00e9l\u00e9ration bruit moteur vid\u00e9o - Blog auto Carid\u00e9al","isPartOf":{"@id":"https:\/\/www.carideal.com\/blog\/#website"},"primaryImageOfPage":{"@id":"https:\/\/www.carideal.com\/blog\/2014\/04\/24\/jaguar-f-typ-r-acceleration-et-beau-bruit-moteur\/#primaryimage"},"image":{"@id":"https:\/\/www.carideal.com\/blog\/2014\/04\/24\/jaguar-f-typ-r-acceleration-et-beau-bruit-moteur\/#primaryimage"},"thumbnailUrl":"http:\/\/www.carideal.com\/blog\/wp-content\/uploads\/2014\/04\/Jaguar-F-Type-R-2015-300x183.jpg","datePublished":"2014-04-24T10:57:00+00:00","dateModified":"2020-03-07T15:54:35+00:00","description":"Jusqu'o\u00f9 pouvez-vous pousser la Jaguar F TYPE R en seulement 15 secondes ? Acc\u00e9l\u00e9ration avec le pouvoir de vous faire vibrer.","breadcrumb":{"@id":"https:\/\/www.carideal.com\/blog\/2014\/04\/24\/jaguar-f-typ-r-acceleration-et-beau-bruit-moteur\/#breadcrumb"},"inLanguage":"fr-FR","potentialAction":[{"@type":"ReadAction","target":["https:\/\/www.carideal.com\/blog\/2014\/04\/24\/jaguar-f-typ-r-acceleration-et-beau-bruit-moteur\/"]}]},{"@type":"ImageObject","inLanguage":"fr-FR","@id":"https:\/\/www.carideal.com\/blog\/2014\/04\/24\/jaguar-f-typ-r-acceleration-et-beau-bruit-moteur\/#primaryimage","url":"http:\/\/www.carideal.com\/blog\/wp-content\/uploads\/2014\/04\/Jaguar-F-Type-R-2015-300x183.jpg","contentUrl":"http:\/\/www.carideal.com\/blog\/wp-content\/uploads\/2014\/04\/Jaguar-F-Type-R-2015-300x183.jpg"},{"@type":"BreadcrumbList","@id":"https:\/\/www.carideal.com\/blog\/2014\/04\/24\/jaguar-f-typ-r-acceleration-et-beau-bruit-moteur\/#breadcrumb","itemListElement":[{"@type":"ListItem","position":1,"name":"Blog Carid\u00e9al","item":"https:\/\/www.carideal.com\/blog\/"},{"@type":"ListItem","position":2,"name":"Divers","item":"https:\/\/www.carideal.com\/blog\/divers\/"},{"@type":"ListItem","position":3,"name":"Jaguar F TYPE R acc\u00e9l\u00e9ration bruit moteur vid\u00e9o"}]},{"@type":"WebSite","@id":"https:\/\/www.carideal.com\/blog\/#website","url":"https:\/\/www.carideal.com\/blog\/","name":"Blog auto Carid\u00e9al","description":"Actualit\u00e9 auto par des passionn\u00e9s","publisher":{"@id":"https:\/\/www.carideal.com\/blog\/#organization"},"potentialAction":[{"@type":"SearchAction","target":{"@type":"EntryPoint","urlTemplate":"https:\/\/www.carideal.com\/blog\/?s={search_term_string}"},"query-input":{"@type":"PropertyValueSpecification","valueRequired":true,"valueName":"search_term_string"}}],"inLanguage":"fr-FR"},{"@type":"Organization","@id":"https:\/\/www.carideal.com\/blog\/#organization","name":"Carideal","url":"https:\/\/www.carideal.com\/blog\/","logo":{"@type":"ImageObject","inLanguage":"fr-FR","@id":"https:\/\/www.carideal.com\/blog\/#\/schema\/logo\/image\/","url":"http:\/\/www.carideal.com\/blog\/wp-content\/uploads\/2016\/03\/logo-carideal-mandataire-automobile.png","contentUrl":"http:\/\/www.carideal.com\/blog\/wp-content\/uploads\/2016\/03\/logo-carideal-mandataire-automobile.png","width":300,"height":300,"caption":"Carideal"},"image":{"@id":"https:\/\/www.carideal.com\/blog\/#\/schema\/logo\/image\/"},"sameAs":["https:\/\/www.facebook.com\/Carideal.mandataire.automobile","https:\/\/x.com\/caridealauto","https:\/\/www.instagram.com\/carideal1\/","https:\/\/www.linkedin.com\/company\/carideal.com","https:\/\/fr.pinterest.com\/schiavonsas\/","https:\/\/www.youtube.com\/user\/caridealsas"]},{"@type":"Person","@id":"https:\/\/www.carideal.com\/blog\/#\/schema\/person\/985c7e757d1042d647f21bfaf8d41ebc","name":"N.S Carideal","image":{"@type":"ImageObject","inLanguage":"fr-FR","@id":"https:\/\/www.carideal.com\/blog\/#\/schema\/person\/image\/","url":"https:\/\/secure.gravatar.com\/avatar\/edb7ccdf1a4e3d14aef967760d354d0e?s=96&r=g","contentUrl":"https:\/\/secure.gravatar.com\/avatar\/edb7ccdf1a4e3d14aef967760d354d0e?s=96&r=g","caption":"N.S Carideal"},"description":"Depuis tout petit fan d'automobile. Il est question d'essayer et de comparer toutes ces voitures qui nous ont fait r\u00e9ver, avant que celles-ci ne devient uniquement des voitures de collection.","sameAs":["http:\/\/www.carideal.com\/blog","https:\/\/www.facebook.com\/Carideal.mandataire.automobile\/","https:\/\/www.linkedin.com\/in\/nschiavon\/","https:\/\/www.youtube.com\/user\/caridealsas\/"],"url":"https:\/\/www.carideal.com\/blog\/author\/admin_carideal\/"}]}},"uagb_featured_image_src":{"full":false,"thumbnail":false,"medium":false,"medium_large":false,"large":false,"1536x1536":false,"2048x2048":false,"wppr-widget":false},"uagb_author_info":{"display_name":"N.S Carideal","author_link":"https:\/\/www.carideal.com\/blog\/author\/admin_carideal\/"},"uagb_comment_info":0,"uagb_excerpt":"Jaguar F-TYPE R acc\u00e9l\u00e9ration et beau bruit moteur Jusqu'o\u00f9 pouvez-vous pousser la Jaguar F TYPE R en seulement 15 secondes ? Acc\u00e9l\u00e9ration avec le pouvoir de vous faire vibrer. Laisser vous enchanter par le bruit de son moteur un V8 suraliment\u00e9 de 550 ch. \"Non ! Ce\u00a0n'est pas une voiture pour la femme du dentiste!\u2026","_links":{"self":[{"href":"https:\/\/www.carideal.com\/blog\/wp-json\/wp\/v2\/posts\/648"}],"collection":[{"href":"https:\/\/www.carideal.com\/blog\/wp-json\/wp\/v2\/posts"}],"about":[{"href":"https:\/\/www.carideal.com\/blog\/wp-json\/wp\/v2\/types\/post"}],"author":[{"embeddable":true,"href":"https:\/\/www.carideal.com\/blog\/wp-json\/wp\/v2\/users\/1"}],"replies":[{"embeddable":true,"href":"https:\/\/www.carideal.com\/blog\/wp-json\/wp\/v2\/comments?post=648"}],"version-history":[{"count":0,"href":"https:\/\/www.carideal.com\/blog\/wp-json\/wp\/v2\/posts\/648\/revisions"}],"wp:attachment":[{"href":"https:\/\/www.carideal.com\/blog\/wp-json\/wp\/v2\/media?parent=648"}],"wp:term":[{"taxonomy":"category","embeddable":true,"href":"https:\/\/www.carideal.com\/blog\/wp-json\/wp\/v2\/categories?post=648"},{"taxonomy":"post_tag","embeddable":true,"href":"https:\/\/www.carideal.com\/blog\/wp-json\/wp\/v2\/tags?post=648"}],"curies":[{"name":"wp","href":"https:\/\/api.w.org\/{rel}","templated":true}]}}