{"id":6450,"date":"2015-09-04T18:34:00","date_gmt":"2015-09-04T16:34:00","guid":{"rendered":"http:\/\/www.carideal.com\/blog\/?p=6450"},"modified":"2023-08-21T21:55:34","modified_gmt":"2023-08-21T19:55:34","slug":"nouvelle-ds-4-berline-et-ds-4-crossback","status":"publish","type":"post","link":"https:\/\/www.carideal.com\/blog\/2015\/09\/04\/nouvelle-ds-4-berline-et-ds-4-crossback\/","title":{"rendered":"Nouvelle DS4 et DS 4 Crossback"},"content":{"rendered":"\n<h1 class=\"wp-block-heading\">Pr\u00e9sentation en photos de la nouvelle DS4&nbsp;2015<\/h1>\n\n\n\n<p><strong>Ce matin <a href=\"http:\/\/www.carideal.com\/blog\/marque-de-voiture-actualites-essais\/citroen\/\">Citroen<\/a> et sa nouvelle marque <a href=\"http:\/\/www.carideal.com\/blog\/marque-de-voiture-actualites-essais\/ds\/\">DS<\/a> publie les premi\u00e8res image de la nouvelle DS4&nbsp;qui adopte la nouvelle calandre DS Wings.<\/strong><\/p>\n\n\n\n<p>Elle adopte aussi les nouveaux phare \u00e0 LED Vision avec clignotant d\u00e9filant comme sur la DS3.<\/p>\n\n\n\n<p>La DS4 nouvelle est toujours trait\u00e9 avec le plus grand luxe et utilise les mat\u00e9riaux les plus raffin\u00e9s tel le cuir semi-aniline le plus luxueux dans le monde automobile.<\/p>\n\n\n\n<h2 class=\"wp-block-heading\">Nouvelle DS4 2015&nbsp;et DS4 Crossback<\/h2>\n\n\n\n<p>Vendue en France \u00e0 plus de 50 000 exemplaires depuis 2011, la DS4 nouvelle a bouscul\u00e9 les codes du segment des berlines&nbsp;compactes premium en affichant sa diff\u00e9rence avec des partis-pris forts en termes de style, de sensations, d\u2019architecture&nbsp;et de raffinement.<\/p>\n\n\n<div class=\"wp-block-image\">\n<figure class=\"alignleft\"><a href=\"http:\/\/www.carideal.com\/blog\/wp-content\/uploads\/2015\/09\/nouvelle_ds_4_2015-carideal-2.jpg\"><img loading=\"lazy\" decoding=\"async\" width=\"300\" height=\"172\" src=\"http:\/\/www.carideal.com\/blog\/wp-content\/uploads\/2015\/09\/nouvelle_ds_4_2015-carideal-2-300x172.jpg\" alt=\"DS4 nouvelle 2015 Calandre DS Wings\" class=\"wp-image-15801\" srcset=\"https:\/\/www.carideal.com\/blog\/wp-content\/uploads\/2015\/09\/nouvelle_ds_4_2015-carideal-2-300x172.jpg 300w, https:\/\/www.carideal.com\/blog\/wp-content\/uploads\/2015\/09\/nouvelle_ds_4_2015-carideal-2-110x63.jpg 110w, https:\/\/www.carideal.com\/blog\/wp-content\/uploads\/2015\/09\/nouvelle_ds_4_2015-carideal-2-420x240.jpg 420w, https:\/\/www.carideal.com\/blog\/wp-content\/uploads\/2015\/09\/nouvelle_ds_4_2015-carideal-2-50x29.jpg 50w, https:\/\/www.carideal.com\/blog\/wp-content\/uploads\/2015\/09\/nouvelle_ds_4_2015-carideal-2.jpg 458w\" sizes=\"(max-width: 300px) 100vw, 300px\" \/><\/a><figcaption class=\"wp-element-caption\">DS4 nouvelle 2015 Calandre DS Wings<\/figcaption><\/figure><\/div>\n\n\n<p>Aujourd\u2019hui, le lancement de la Nouvelle&nbsp;<strong>DS4<\/strong>&nbsp;2015 ouvre un nouveau chapitre pour ce mod\u00e8le \u00e0 fort pouvoir de s\u00e9duction.<br>Et afin de r\u00e9pondre aux attentes particuli\u00e8res de la client\u00e8le de ce segment, toujours en qu\u00eate d\u2019exclusivit\u00e9 et de plaisir<br>de conduite, la marque DS inaugure une silhouette in\u00e9dite : <strong>la nouvelle DS4 Crossback<\/strong>.<br>D\u00e9voil\u00e9es ce matin au grand public, la <strong>DS4 nouvelle et la DS4 Crossback<\/strong> seront disponibles \u00e0 la commande d\u00e8s<br>demain !<\/p>\n\n\n\n<h2 class=\"wp-block-heading\"><strong>DS4 nouvelle en 2015<\/strong><\/h2>\n\n\n\n<p>Avec une gamme d\u00e9clin\u00e9e sur <strong>quatre niveaux de finitions<\/strong> - Chic, Be Chic, So Chic et Sport Chic - et une nouvelle<br>finition Business pour les soci\u00e9t\u00e9s en compl\u00e9ment de la finition Executive, la nouvelle DS4 incarne \u00e0 la perfection les<br>nouveaux codes des automobiles DS. D\u00e8s la finition Chic, elle affirme sa nouvelle identit\u00e9 gr\u00e2ce \u00e0 sa face avant<br>\u00e9l\u00e9gante, arborant l\u2019embl\u00e8me DS au centre d\u2019une calandre noire laqu\u00e9e. V\u00e9ritable signature lumineuse de la Marque,<br>les nouveaux <strong>projecteurs DS LED Vision<\/strong>, de s\u00e9rie d\u00e8s la finition So Chic, viennent renforcer le pouvoir d\u2019attraction de<br>la nouvelle DS4 2015&nbsp;gr\u00e2ce \u00e0 l\u2019association de modules LED du plus bel effet et de projecteurs X\u00e9non directionnels soulign\u00e9s<br>par des indicateurs de direction d\u00e9filants \u00e0 LED.<\/p>\n\n\n<div class=\"wp-block-image\">\n<figure class=\"alignleft\"><a href=\"http:\/\/www.carideal.com\/blog\/wp-content\/uploads\/2015\/09\/nouvelle_ds_4_2015-carideal-3-1.jpg\"><img loading=\"lazy\" decoding=\"async\" width=\"300\" height=\"172\" src=\"http:\/\/www.carideal.com\/blog\/wp-content\/uploads\/2015\/09\/nouvelle_ds_4_2015-carideal-3-1-300x172.jpg\" alt=\"DS4 nouvelle 2015 Phare LED Vision\" class=\"wp-image-15802\" srcset=\"https:\/\/www.carideal.com\/blog\/wp-content\/uploads\/2015\/09\/nouvelle_ds_4_2015-carideal-3-1-300x172.jpg 300w, https:\/\/www.carideal.com\/blog\/wp-content\/uploads\/2015\/09\/nouvelle_ds_4_2015-carideal-3-1-110x63.jpg 110w, https:\/\/www.carideal.com\/blog\/wp-content\/uploads\/2015\/09\/nouvelle_ds_4_2015-carideal-3-1-420x240.jpg 420w, https:\/\/www.carideal.com\/blog\/wp-content\/uploads\/2015\/09\/nouvelle_ds_4_2015-carideal-3-1-50x29.jpg 50w, https:\/\/www.carideal.com\/blog\/wp-content\/uploads\/2015\/09\/nouvelle_ds_4_2015-carideal-3-1.jpg 458w\" sizes=\"(max-width: 300px) 100vw, 300px\" \/><\/a><figcaption class=\"wp-element-caption\">DS4 nouvelle 2015 Phare LED Vision<\/figcaption><\/figure><\/div>\n\n\n<p>Son style unique est \u00e9galement mis en valeur par les <strong>nouvelles teintes Gris Artense et Bleu Encre<\/strong>, et par le nouveau&nbsp;rev\u00eatement noir des jantes alliage diamant\u00e9es de s\u00e9rie d\u00e8s la finition So Chic. Enfin sur la finition Sport Chic, les&nbsp;baguettes lat\u00e9rales, d\u00e9sormais enti\u00e8rement habill\u00e9es de chrome, renforcent le dynamisme qu\u2019apporte <strong>la nouvelle&nbsp;garde au sol abaiss\u00e9e.<\/strong><\/p>\n\n\n\n<p>Afin de permettre aux clients de cr\u00e9er leur propre voiture, la DS4 nouvelle offre de nouvelles possibilit\u00e9s de&nbsp;personnalisation. \u00c0 l\u2019ext\u00e9rieur, les options de toit bi-ton \u00e9voluent avec une peinture qui <strong>s\u2019\u00e9tend dor\u00e9navant aux c\u00f4t\u00e9s&nbsp;du pavillon et \u00e0 tout le becquet arri\u00e8re.<\/strong> L\u2019int\u00e9rieur de la Nouvelle DS 4 renouvelle \u00e9galement son offre de&nbsp;personnalisation avec un <strong>nouveau garnissage Cuir bi-ton Noir \/ Bleu Saphir<\/strong>, disponible en option sur les finitions So&nbsp;Chic et Sport Chic. La personnalisation Cuir int\u00e9gral, quant \u00e0 elle, reste une exclusivit\u00e9 sur le segment. R\u00e9put\u00e9e pour sa&nbsp;qualit\u00e9 de finition et pour son raffinement, elle sublime la confection \u00ab bracelet \u00bb des si\u00e8ges en cuir semi-aniline en&nbsp;ajoutant la planche de bord et les panneaux de portes gain\u00e9s de cuir Nappa.<\/p>\n\n\n<div class=\"wp-block-image\">\n<figure class=\"alignleft\"><a href=\"http:\/\/www.carideal.com\/blog\/wp-content\/uploads\/2015\/09\/nouvelle_ds_4_2015-carideal-4.jpg\"><img loading=\"lazy\" decoding=\"async\" width=\"300\" height=\"129\" src=\"http:\/\/www.carideal.com\/blog\/wp-content\/uploads\/2015\/09\/nouvelle_ds_4_2015-carideal-4-300x129.jpg\" alt=\"Nouvelle DS4 2015\" class=\"wp-image-15803\" srcset=\"https:\/\/www.carideal.com\/blog\/wp-content\/uploads\/2015\/09\/nouvelle_ds_4_2015-carideal-4-300x129.jpg 300w, https:\/\/www.carideal.com\/blog\/wp-content\/uploads\/2015\/09\/nouvelle_ds_4_2015-carideal-4-110x47.jpg 110w, https:\/\/www.carideal.com\/blog\/wp-content\/uploads\/2015\/09\/nouvelle_ds_4_2015-carideal-4-50x22.jpg 50w, https:\/\/www.carideal.com\/blog\/wp-content\/uploads\/2015\/09\/nouvelle_ds_4_2015-carideal-4.jpg 408w\" sizes=\"(max-width: 300px) 100vw, 300px\" \/><\/a><figcaption class=\"wp-element-caption\">Nouvelle DS4 2015<\/figcaption><\/figure><\/div>\n\n\n<p>Dans un monde de plus en plus connect\u00e9, la nouvelle DS4 propose en option le <strong>Mirror Screen<\/strong> qui pour la premi\u00e8re&nbsp;fois int\u00e8gre le <strong>CarPlay\u00ae<\/strong>, seul protocole compatible avec les Apple iPhone les plus r\u00e9cents. Coupl\u00e9e \u00e0 la <strong>tablette&nbsp;<\/strong><strong>tactile 7\u2019\u2019<\/strong> <strong>de s\u00e9rie d\u00e8s la finition So Chic<\/strong>, cette technologie permet de dupliquer l\u2019\u00e9cran de son smartphone (Android&nbsp;ou iOS), simplement branch\u00e9 par un c\u00e2ble USB, afin de profiter de diff\u00e9rentes applications en toute s\u00e9r\u00e9nit\u00e9. (<a href=\"http:\/\/www.carideal.com\/blog\/2016\/03\/22\/citroen-connect-voiture-connectee\/\">Explications de la Connect Box<\/a>)<\/p>\n\n\n\n<p>Et pour rester serein dans tous les situations, la <strong>cam\u00e9ra de recul<\/strong> vient compl\u00e9ter les technologies remarquables qui&nbsp;\u00e9quipent la DS 4 (si\u00e8ges avant massants, acc\u00e8s et d\u00e9marrage mains libres, syst\u00e8me de surveillance d\u2019angle mort, alerte&nbsp;de franchissement involontaire de ligne\u2026).<\/p>\n\n\n\n<p>Avec une gamme de motorisations d\u00e9j\u00e0 largement renouvel\u00e9e d\u00e9but 2015, la nouvele DS4 2015\u00a0revendique des<br>prestations au meilleur niveau de la concurrence, en essence comme en Diesel. Nouveaut\u00e9 dans la gamme DS, la\u00a0motorisation <strong>THP 210 S&amp;S BVM6<\/strong> (production novembre 2015) vient compl\u00e9ter une offre vari\u00e9e qui propose \u00e0 la fois\u00a0dynamisme et efficience, avec des consommations et des \u00e9missions de CO2 particuli\u00e8rement r\u00e9duites. Par exemple :<br><strong>3,7 l\/100 km et 97 g\/km de CO2<\/strong> pour le <a href=\"http:\/\/www.carideal.com\/blog\/2014\/04\/25\/nouveaux-moteurs-bluehdi-1-6l-dv6f-euro6\/\">BlueHDi 120<\/a> S&amp;S BVM6, et 4,9 l\/100 km et 112 g\/km de CO2 pour le<br><a href=\"http:\/\/www.carideal.com\/blog\/2015\/06\/18\/les-moteurs-puretech-turbo-de-citroen-peugeot-meilleurs-moteurs-du-monde\/\">PureTech 130 S&amp;S BVM6<\/a>\u00a0moteur sacr\u00e9 meilleur dans sa cat\u00e9gorie au monde\u00a0(valeurs encore en am\u00e9lioration). Ces deux motorisations, ainsi que le BlueHDi 120 S&amp;S\u00a0EAT6, sont d\u00e9sormais disponibles sur la finition Sport Chic. Enfin, <strong>la gamme de v\u00e9hicules r\u00e9serv\u00e9s aux soci\u00e9t\u00e9s<\/strong><br>s\u2019enrichit d\u2019une version essence avec la motorisation PureTech 130 S&amp;S BVM6, disponible sur les finitions Business\u00a0et Executive.<\/p>\n\n\n\n<ul class=\"wp-block-list\">\n<li><a href=\"http:\/\/www.carideal.com\/blog\/2023\/08\/21\/essai-a-long-terme-de-la-ds-4-e-tense-225\/\">Essai \u00e0 long terme de la DS 4 E-Tense 225<\/a><\/li>\n<\/ul>\n\n\n<div class=\"wp-block-image\">\n<figure class=\"alignleft\"><a href=\"http:\/\/www.carideal.com\/blog\/wp-content\/uploads\/2015\/09\/nouvelle_ds_4_2015-carideal-5-1.jpg\"><img loading=\"lazy\" decoding=\"async\" width=\"300\" height=\"129\" src=\"http:\/\/www.carideal.com\/blog\/wp-content\/uploads\/2015\/09\/nouvelle_ds_4_2015-carideal-5-1-300x129.jpg\" alt=\"DS4 nouvelle 2015 Cuir semi aniline\" class=\"wp-image-15804\" srcset=\"https:\/\/www.carideal.com\/blog\/wp-content\/uploads\/2015\/09\/nouvelle_ds_4_2015-carideal-5-1-300x129.jpg 300w, https:\/\/www.carideal.com\/blog\/wp-content\/uploads\/2015\/09\/nouvelle_ds_4_2015-carideal-5-1-110x47.jpg 110w, https:\/\/www.carideal.com\/blog\/wp-content\/uploads\/2015\/09\/nouvelle_ds_4_2015-carideal-5-1-50x22.jpg 50w, https:\/\/www.carideal.com\/blog\/wp-content\/uploads\/2015\/09\/nouvelle_ds_4_2015-carideal-5-1.jpg 408w\" sizes=\"(max-width: 300px) 100vw, 300px\" \/><\/a><figcaption class=\"wp-element-caption\">DS4 nouvelle 2015 Cuir semi aniline<\/figcaption><\/figure><\/div>\n\n\n<p>La nouvelle DS4 2015&nbsp;est disponible \u00e0 partir de <strong>23 700 \u20ac TTC<\/strong> en essence et <strong>25 050 \u20ac TTC<\/strong> en Diesel.<br>Vous trouverez en annexe le d\u00e9tail des \u00e9volutions de la Nouvelle DS4 et des modifications de tarifs.<\/p>\n\n\n\n<h2 class=\"wp-block-heading\">Nouvelle DS4 Crossback<\/h2>\n\n\n\n<p>Arborant une silhouette de baroudeur, la nouvelle&nbsp;<strong>DS4 Crossback<\/strong> se distingue de la nouvelle DS4 gr\u00e2ce \u00e0 ses <strong>barres de toit<\/strong><br><strong> longitudinales<\/strong> <strong>couleur aluminium<\/strong> et \u00e0 ses <strong>nombreux \u00e9l\u00e9ments de style de couleur noire<\/strong> (jantes alliage, extensions<br>d'aile avant et arri\u00e8re, coques de r\u00e9troviseurs ext\u00e9rieurs, becquet arri\u00e8re ou bien encore bandeau de pare-chocs avant).<br>Un <strong>large monogramme CROSSBACK noir mat<\/strong>, appos\u00e9 sur le volet arri\u00e8re, apporte une derni\u00e8re touche d\u2019originalit\u00e9<br>\u00e0 la pr\u00e9sentation ext\u00e9rieure. \u00c0 l\u2019int\u00e9rieur, la nouvelle DS4 Crossback se pare de <strong>seuils de porte avant<\/strong> et de <strong>surtapis avant et<\/strong><br><strong> arri\u00e8re sp\u00e9cifiques.<\/strong><\/p>\n\n\n<div class=\"wp-block-image\">\n<figure class=\"alignleft\"><a href=\"http:\/\/www.carideal.com\/blog\/wp-content\/uploads\/2015\/09\/nouvelle_ds_4_2015-carideal-6-1.jpg\"><img loading=\"lazy\" decoding=\"async\" width=\"300\" height=\"129\" src=\"http:\/\/www.carideal.com\/blog\/wp-content\/uploads\/2015\/09\/nouvelle_ds_4_2015-carideal-6-1-300x129.jpg\" alt=\"DS4 nouvelle 2015 \u00e9cran tactile\" class=\"wp-image-15807\" srcset=\"https:\/\/www.carideal.com\/blog\/wp-content\/uploads\/2015\/09\/nouvelle_ds_4_2015-carideal-6-1-300x129.jpg 300w, https:\/\/www.carideal.com\/blog\/wp-content\/uploads\/2015\/09\/nouvelle_ds_4_2015-carideal-6-1-110x47.jpg 110w, https:\/\/www.carideal.com\/blog\/wp-content\/uploads\/2015\/09\/nouvelle_ds_4_2015-carideal-6-1-50x22.jpg 50w, https:\/\/www.carideal.com\/blog\/wp-content\/uploads\/2015\/09\/nouvelle_ds_4_2015-carideal-6-1.jpg 408w\" sizes=\"(max-width: 300px) 100vw, 300px\" \/><\/a><figcaption class=\"wp-element-caption\">DS4 nouvelle 2015 \u00e9cran tactile<\/figcaption><\/figure><\/div>\n\n\n<p>Disponible avec les <strong>nouvelles teintes Gris Artense et Bleu Encre<\/strong>, et \u00e9galement avec une teinte exclusive <strong>Orange<\/strong><br><strong> Tourmaline,<\/strong> la nouvelle DS4 Crossback affirme sans complexes sa forte personnalit\u00e9.<br>B\u00e9n\u00e9ficiant d\u2019une <strong>garde au sol rehauss\u00e9e<\/strong> par rapport \u00e0 la nouvelle DS4, la DS4 nouvelle Crossback est une alternative<br>originale et compl\u00e9mentaire pour s\u00e9duire un plus grand nombre de clients !<br>La gamme de nouvelle DS4 Crossback comprend deux finitions : une finition <strong>Be Chic<\/strong>, qui ajoute les jantes alliage 17\u2019\u2019 aux<br>\u00e9quipements de la berline <strong>Be Chic<\/strong>, et une finition <strong>Sport Chic<\/strong> qui reprend les \u00e9quipements de la berline Sport Chic \u00e0l\u2019exception du garnissage qui est le <strong>nouveau mixte Cuir grain\u00e9 \/ Tissu Dinamica.<\/strong><\/p>\n\n\n<div class=\"wp-block-image\">\n<figure class=\"alignleft\"><a href=\"http:\/\/www.carideal.com\/blog\/wp-content\/uploads\/2015\/09\/nouvelle_ds_4_2015-carideal-7.jpg\"><img loading=\"lazy\" decoding=\"async\" width=\"300\" height=\"169\" src=\"http:\/\/www.carideal.com\/blog\/wp-content\/uploads\/2015\/09\/nouvelle_ds_4_2015-carideal-7-300x169.jpg\" alt=\"DS4 nouvelle 2015 jantes aluminium\" class=\"wp-image-15806\" srcset=\"https:\/\/www.carideal.com\/blog\/wp-content\/uploads\/2015\/09\/nouvelle_ds_4_2015-carideal-7-300x169.jpg 300w, https:\/\/www.carideal.com\/blog\/wp-content\/uploads\/2015\/09\/nouvelle_ds_4_2015-carideal-7-110x62.jpg 110w, https:\/\/www.carideal.com\/blog\/wp-content\/uploads\/2015\/09\/nouvelle_ds_4_2015-carideal-7-420x237.jpg 420w, https:\/\/www.carideal.com\/blog\/wp-content\/uploads\/2015\/09\/nouvelle_ds_4_2015-carideal-7-50x28.jpg 50w, https:\/\/www.carideal.com\/blog\/wp-content\/uploads\/2015\/09\/nouvelle_ds_4_2015-carideal-7.jpg 630w\" sizes=\"(max-width: 300px) 100vw, 300px\" \/><\/a><figcaption class=\"wp-element-caption\">DS4 nouvelle 2015 jantes aluminium<\/figcaption><\/figure><\/div>\n\n\n<p>Disponible avec deux motorisations essence (PureTech 130 S&amp;S BVM6 et THP 165 S&amp;S EAT6) et trois motorisations<br>Diesel (BlueHDi 120 S&amp;S BVM6, BlueHDi 120 S&amp;S EAT6 et BlueHDi 180 S&amp;S EAT6), la DS 4 Crossback est<br>commercialis\u00e9e \u00e0 partir de <strong>27 200 \u20ac TTC<\/strong> en essence et <strong>28 550 \u20ac TTC<\/strong> en Diesel.<\/p>\n\n\n\n<h2 class=\"wp-block-heading\">Retrouvez toutes nos offres de DS DS4<\/h2>\n\n\n\n<ul class=\"wp-block-list\">\n<li><strong>Achetez une DS4<\/strong><\/li>\n<\/ul>\n\n\n\n<p><iframe loading=\"lazy\" src=\"https:\/\/www.youtube.com\/embed\/ZhHST2HkGDs\" width=\"560\" height=\"315\" frameborder=\"0\" allowfullscreen=\"allowfullscreen\"><\/iframe><\/p>\n","protected":false},"excerpt":{"rendered":"<p>Pr\u00e9sentation en photos de la nouvelle DS4&nbsp;2015 Ce matin Citroen et sa nouvelle marque DS publie les premi\u00e8res image de la nouvelle DS4&nbsp;qui adopte la nouvelle calandre DS Wings. Elle adopte aussi les nouveaux phare \u00e0 LED Vision avec clignotant d\u00e9filant comme sur la DS3. La DS4 nouvelle est toujours trait\u00e9 avec le plus grand &#8230; <a title=\"Nouvelle DS4 et DS 4 Crossback\" class=\"read-more\" href=\"https:\/\/www.carideal.com\/blog\/2015\/09\/04\/nouvelle-ds-4-berline-et-ds-4-crossback\/\" aria-label=\"En savoir plus sur Nouvelle DS4 et DS 4 Crossback\">Lire plus<\/a><\/p>\n","protected":false},"author":3,"featured_media":15800,"comment_status":"open","ping_status":"open","sticky":false,"template":"","format":"standard","meta":{"_uag_custom_page_level_css":"","_themeisle_gutenberg_block_has_review":false,"footnotes":""},"categories":[21,6001,6012,10,5972,6054,6010,5974],"tags":[],"class_list":["post-6450","post","type-post","status-publish","format-standard","has-post-thumbnail","hentry","category-actualites-auto","category-ds","category-berlines","category-marche-automobile-voiture-neuve-occasion-4x4-suv","category-salons","category-salon-de-francfort","category-suv","category-type-de-vehicule"],"wppr_data":{"cwp_meta_box_check":"No"},"yoast_head":"<!-- This site is optimized with the Yoast SEO plugin v24.8.1 - https:\/\/yoast.com\/wordpress\/plugins\/seo\/ -->\n<title>Nouvelle DS4 et DS 4 Crossback - Blog auto Carid\u00e9al<\/title>\n<meta name=\"description\" content=\"Nouvelle DS4 et DS 4 Crossback le constructeur profite du salon de Francfort pour pr\u00e9senter sa nouvelle berline et son SUV\" \/>\n<meta name=\"robots\" content=\"index, follow, max-snippet:-1, max-image-preview:large, max-video-preview:-1\" \/>\n<link rel=\"canonical\" href=\"https:\/\/www.carideal.com\/blog\/2015\/09\/04\/nouvelle-ds-4-berline-et-ds-4-crossback\/\" \/>\n<meta property=\"og:locale\" content=\"fr_FR\" \/>\n<meta property=\"og:type\" content=\"article\" \/>\n<meta property=\"og:title\" content=\"Nouvelle DS4 et DS 4 Crossback - Blog auto Carid\u00e9al\" \/>\n<meta property=\"og:description\" content=\"Nouvelle DS4 et DS 4 Crossback le constructeur profite du salon de Francfort pour pr\u00e9senter sa nouvelle berline et son SUV\" \/>\n<meta property=\"og:url\" content=\"https:\/\/www.carideal.com\/blog\/2015\/09\/04\/nouvelle-ds-4-berline-et-ds-4-crossback\/\" \/>\n<meta property=\"og:site_name\" content=\"Blog auto Carid\u00e9al\" \/>\n<meta property=\"article:publisher\" content=\"https:\/\/www.facebook.com\/Carideal.mandataire.automobile\" \/>\n<meta property=\"article:author\" content=\"https:\/\/www.facebook.com\/nicolas.schiavon.39\" \/>\n<meta property=\"article:published_time\" content=\"2015-09-04T16:34:00+00:00\" \/>\n<meta property=\"article:modified_time\" content=\"2023-08-21T19:55:34+00:00\" \/>\n<meta property=\"og:image\" content=\"https:\/\/www.carideal.com\/blog\/wp-content\/uploads\/2015\/09\/nouvelle_ds_4_2015-carideal-1-e1490622389511.jpg\" \/>\n\t<meta property=\"og:image:width\" content=\"800\" \/>\n\t<meta property=\"og:image:height\" content=\"303\" \/>\n\t<meta property=\"og:image:type\" content=\"image\/jpeg\" \/>\n<meta name=\"author\" content=\"Nicolas SCHIAVON\" \/>\n<meta name=\"twitter:card\" content=\"summary_large_image\" \/>\n<meta name=\"twitter:creator\" content=\"@caridealauto\" \/>\n<meta name=\"twitter:site\" content=\"@caridealauto\" \/>\n<meta name=\"twitter:label1\" content=\"\u00c9crit par\" \/>\n\t<meta name=\"twitter:data1\" content=\"Nicolas SCHIAVON\" \/>\n\t<meta name=\"twitter:label2\" content=\"Dur\u00e9e de lecture estim\u00e9e\" \/>\n\t<meta name=\"twitter:data2\" content=\"7 minutes\" \/>\n<script type=\"application\/ld+json\" class=\"yoast-schema-graph\">{\"@context\":\"https:\/\/schema.org\",\"@graph\":[{\"@type\":\"Article\",\"@id\":\"https:\/\/www.carideal.com\/blog\/2015\/09\/04\/nouvelle-ds-4-berline-et-ds-4-crossback\/#article\",\"isPartOf\":{\"@id\":\"https:\/\/www.carideal.com\/blog\/2015\/09\/04\/nouvelle-ds-4-berline-et-ds-4-crossback\/\"},\"author\":{\"name\":\"Nicolas SCHIAVON\",\"@id\":\"https:\/\/www.carideal.com\/blog\/#\/schema\/person\/cd95dc7919660de90d31b366f85be1ec\"},\"headline\":\"Nouvelle DS4 et DS 4 Crossback\",\"datePublished\":\"2015-09-04T16:34:00+00:00\",\"dateModified\":\"2023-08-21T19:55:34+00:00\",\"mainEntityOfPage\":{\"@id\":\"https:\/\/www.carideal.com\/blog\/2015\/09\/04\/nouvelle-ds-4-berline-et-ds-4-crossback\/\"},\"wordCount\":1221,\"commentCount\":0,\"publisher\":{\"@id\":\"https:\/\/www.carideal.com\/blog\/#organization\"},\"image\":{\"@id\":\"https:\/\/www.carideal.com\/blog\/2015\/09\/04\/nouvelle-ds-4-berline-et-ds-4-crossback\/#primaryimage\"},\"thumbnailUrl\":\"https:\/\/www.carideal.com\/blog\/wp-content\/uploads\/2015\/09\/nouvelle_ds_4_2015-carideal-1-e1490622389511.jpg\",\"articleSection\":[\"Actualit\u00e9 automobile\",\"Actualit\u00e9 DS\",\"Berlines\",\"March\u00e9 automobile\",\"Salon automobile\",\"Salon de Francfort\",\"SUV\",\"Type de v\u00e9hicule\"],\"inLanguage\":\"fr-FR\",\"potentialAction\":[{\"@type\":\"CommentAction\",\"name\":\"Comment\",\"target\":[\"https:\/\/www.carideal.com\/blog\/2015\/09\/04\/nouvelle-ds-4-berline-et-ds-4-crossback\/#respond\"]}]},{\"@type\":\"WebPage\",\"@id\":\"https:\/\/www.carideal.com\/blog\/2015\/09\/04\/nouvelle-ds-4-berline-et-ds-4-crossback\/\",\"url\":\"https:\/\/www.carideal.com\/blog\/2015\/09\/04\/nouvelle-ds-4-berline-et-ds-4-crossback\/\",\"name\":\"Nouvelle DS4 et DS 4 Crossback - Blog auto Carid\u00e9al\",\"isPartOf\":{\"@id\":\"https:\/\/www.carideal.com\/blog\/#website\"},\"primaryImageOfPage\":{\"@id\":\"https:\/\/www.carideal.com\/blog\/2015\/09\/04\/nouvelle-ds-4-berline-et-ds-4-crossback\/#primaryimage\"},\"image\":{\"@id\":\"https:\/\/www.carideal.com\/blog\/2015\/09\/04\/nouvelle-ds-4-berline-et-ds-4-crossback\/#primaryimage\"},\"thumbnailUrl\":\"https:\/\/www.carideal.com\/blog\/wp-content\/uploads\/2015\/09\/nouvelle_ds_4_2015-carideal-1-e1490622389511.jpg\",\"datePublished\":\"2015-09-04T16:34:00+00:00\",\"dateModified\":\"2023-08-21T19:55:34+00:00\",\"description\":\"Nouvelle DS4 et DS 4 Crossback le constructeur profite du salon de Francfort pour pr\u00e9senter sa nouvelle berline et son SUV\",\"breadcrumb\":{\"@id\":\"https:\/\/www.carideal.com\/blog\/2015\/09\/04\/nouvelle-ds-4-berline-et-ds-4-crossback\/#breadcrumb\"},\"inLanguage\":\"fr-FR\",\"potentialAction\":[{\"@type\":\"ReadAction\",\"target\":[\"https:\/\/www.carideal.com\/blog\/2015\/09\/04\/nouvelle-ds-4-berline-et-ds-4-crossback\/\"]}]},{\"@type\":\"ImageObject\",\"inLanguage\":\"fr-FR\",\"@id\":\"https:\/\/www.carideal.com\/blog\/2015\/09\/04\/nouvelle-ds-4-berline-et-ds-4-crossback\/#primaryimage\",\"url\":\"https:\/\/www.carideal.com\/blog\/wp-content\/uploads\/2015\/09\/nouvelle_ds_4_2015-carideal-1-e1490622389511.jpg\",\"contentUrl\":\"https:\/\/www.carideal.com\/blog\/wp-content\/uploads\/2015\/09\/nouvelle_ds_4_2015-carideal-1-e1490622389511.jpg\",\"width\":800,\"height\":303,\"caption\":\"DS4 nouvelle 2015\"},{\"@type\":\"BreadcrumbList\",\"@id\":\"https:\/\/www.carideal.com\/blog\/2015\/09\/04\/nouvelle-ds-4-berline-et-ds-4-crossback\/#breadcrumb\",\"itemListElement\":[{\"@type\":\"ListItem\",\"position\":1,\"name\":\"Blog Carid\u00e9al\",\"item\":\"https:\/\/www.carideal.com\/blog\/\"},{\"@type\":\"ListItem\",\"position\":2,\"name\":\"Actualit\u00e9 constructeur automobile\",\"item\":\"https:\/\/www.carideal.com\/blog\/constructeur\/\"},{\"@type\":\"ListItem\",\"position\":3,\"name\":\"Actualit\u00e9 DS\",\"item\":\"https:\/\/www.carideal.com\/blog\/constructeur\/ds\/\"},{\"@type\":\"ListItem\",\"position\":4,\"name\":\"Nouvelle DS4 et DS 4 Crossback\"}]},{\"@type\":\"WebSite\",\"@id\":\"https:\/\/www.carideal.com\/blog\/#website\",\"url\":\"https:\/\/www.carideal.com\/blog\/\",\"name\":\"Blog auto Carid\u00e9al\",\"description\":\"Actualit\u00e9 auto par des passionn\u00e9s\",\"publisher\":{\"@id\":\"https:\/\/www.carideal.com\/blog\/#organization\"},\"potentialAction\":[{\"@type\":\"SearchAction\",\"target\":{\"@type\":\"EntryPoint\",\"urlTemplate\":\"https:\/\/www.carideal.com\/blog\/?s={search_term_string}\"},\"query-input\":{\"@type\":\"PropertyValueSpecification\",\"valueRequired\":true,\"valueName\":\"search_term_string\"}}],\"inLanguage\":\"fr-FR\"},{\"@type\":\"Organization\",\"@id\":\"https:\/\/www.carideal.com\/blog\/#organization\",\"name\":\"Carideal\",\"url\":\"https:\/\/www.carideal.com\/blog\/\",\"logo\":{\"@type\":\"ImageObject\",\"inLanguage\":\"fr-FR\",\"@id\":\"https:\/\/www.carideal.com\/blog\/#\/schema\/logo\/image\/\",\"url\":\"http:\/\/www.carideal.com\/blog\/wp-content\/uploads\/2016\/03\/logo-carideal-mandataire-automobile.png\",\"contentUrl\":\"http:\/\/www.carideal.com\/blog\/wp-content\/uploads\/2016\/03\/logo-carideal-mandataire-automobile.png\",\"width\":300,\"height\":300,\"caption\":\"Carideal\"},\"image\":{\"@id\":\"https:\/\/www.carideal.com\/blog\/#\/schema\/logo\/image\/\"},\"sameAs\":[\"https:\/\/www.facebook.com\/Carideal.mandataire.automobile\",\"https:\/\/x.com\/caridealauto\",\"https:\/\/www.instagram.com\/carideal1\/\",\"https:\/\/www.linkedin.com\/company\/carideal.com\",\"https:\/\/fr.pinterest.com\/schiavonsas\/\",\"https:\/\/www.youtube.com\/user\/caridealsas\"]},{\"@type\":\"Person\",\"@id\":\"https:\/\/www.carideal.com\/blog\/#\/schema\/person\/cd95dc7919660de90d31b366f85be1ec\",\"name\":\"Nicolas SCHIAVON\",\"image\":{\"@type\":\"ImageObject\",\"inLanguage\":\"fr-FR\",\"@id\":\"https:\/\/www.carideal.com\/blog\/#\/schema\/person\/image\/\",\"url\":\"https:\/\/secure.gravatar.com\/avatar\/c17e55009e671d92cc7f5dc837dc418a?s=96&r=g\",\"contentUrl\":\"https:\/\/secure.gravatar.com\/avatar\/c17e55009e671d92cc7f5dc837dc418a?s=96&r=g\",\"caption\":\"Nicolas SCHIAVON\"},\"description\":\"Nicolas Schiavon est tomb\u00e9 tout petit dans la marmite automobile. Ayant eu un garage de marque automobile, mandataire automobile de la premi\u00e8re heure d\u00e8s 1999. Nicolas a cr\u00e9\u00e9 ces premiers sites de vente de voiture et blog automobile d\u00e8s 1994. Carideal est n\u00e9 le 15 d\u00e9cembre 2000 de la volont\u00e9 de vendre des voitures d'occasions en ligne puis des voitures neuves. Il a pu essayer beaucoup de voitures tr\u00e8s diff\u00e9rentes et ayant eu personnellement quelques belles autos, Subaru Impreza, Mitsubishi Lancer Evo 7, Porsche 911, Ferrari Testarrossa, Audi RS3, RS4 et j'en passe...\",\"sameAs\":[\"http:\/\/www.carideal.com\",\"https:\/\/www.facebook.com\/nicolas.schiavon.39\",\"https:\/\/www.instagram.com\/carideal1\/\",\"https:\/\/www.linkedin.com\/in\/nschiavon\/\",\"https:\/\/x.com\/caridealauto\",\"https:\/\/www.youtube.com\/user\/caridealsas\/\"],\"url\":\"https:\/\/www.carideal.com\/blog\/author\/nschiavon\/\"}]}<\/script>\n<!-- \/ Yoast SEO plugin. -->","yoast_head_json":{"title":"Nouvelle DS4 et DS 4 Crossback - Blog auto Carid\u00e9al","description":"Nouvelle DS4 et DS 4 Crossback le constructeur profite du salon de Francfort pour pr\u00e9senter sa nouvelle berline et son SUV","robots":{"index":"index","follow":"follow","max-snippet":"max-snippet:-1","max-image-preview":"max-image-preview:large","max-video-preview":"max-video-preview:-1"},"canonical":"https:\/\/www.carideal.com\/blog\/2015\/09\/04\/nouvelle-ds-4-berline-et-ds-4-crossback\/","og_locale":"fr_FR","og_type":"article","og_title":"Nouvelle DS4 et DS 4 Crossback - Blog auto Carid\u00e9al","og_description":"Nouvelle DS4 et DS 4 Crossback le constructeur profite du salon de Francfort pour pr\u00e9senter sa nouvelle berline et son SUV","og_url":"https:\/\/www.carideal.com\/blog\/2015\/09\/04\/nouvelle-ds-4-berline-et-ds-4-crossback\/","og_site_name":"Blog auto Carid\u00e9al","article_publisher":"https:\/\/www.facebook.com\/Carideal.mandataire.automobile","article_author":"https:\/\/www.facebook.com\/nicolas.schiavon.39","article_published_time":"2015-09-04T16:34:00+00:00","article_modified_time":"2023-08-21T19:55:34+00:00","og_image":[{"width":800,"height":303,"url":"https:\/\/www.carideal.com\/blog\/wp-content\/uploads\/2015\/09\/nouvelle_ds_4_2015-carideal-1-e1490622389511.jpg","type":"image\/jpeg"}],"author":"Nicolas SCHIAVON","twitter_card":"summary_large_image","twitter_creator":"@caridealauto","twitter_site":"@caridealauto","twitter_misc":{"\u00c9crit par":"Nicolas SCHIAVON","Dur\u00e9e de lecture estim\u00e9e":"7 minutes"},"schema":{"@context":"https:\/\/schema.org","@graph":[{"@type":"Article","@id":"https:\/\/www.carideal.com\/blog\/2015\/09\/04\/nouvelle-ds-4-berline-et-ds-4-crossback\/#article","isPartOf":{"@id":"https:\/\/www.carideal.com\/blog\/2015\/09\/04\/nouvelle-ds-4-berline-et-ds-4-crossback\/"},"author":{"name":"Nicolas SCHIAVON","@id":"https:\/\/www.carideal.com\/blog\/#\/schema\/person\/cd95dc7919660de90d31b366f85be1ec"},"headline":"Nouvelle DS4 et DS 4 Crossback","datePublished":"2015-09-04T16:34:00+00:00","dateModified":"2023-08-21T19:55:34+00:00","mainEntityOfPage":{"@id":"https:\/\/www.carideal.com\/blog\/2015\/09\/04\/nouvelle-ds-4-berline-et-ds-4-crossback\/"},"wordCount":1221,"commentCount":0,"publisher":{"@id":"https:\/\/www.carideal.com\/blog\/#organization"},"image":{"@id":"https:\/\/www.carideal.com\/blog\/2015\/09\/04\/nouvelle-ds-4-berline-et-ds-4-crossback\/#primaryimage"},"thumbnailUrl":"https:\/\/www.carideal.com\/blog\/wp-content\/uploads\/2015\/09\/nouvelle_ds_4_2015-carideal-1-e1490622389511.jpg","articleSection":["Actualit\u00e9 automobile","Actualit\u00e9 DS","Berlines","March\u00e9 automobile","Salon automobile","Salon de Francfort","SUV","Type de v\u00e9hicule"],"inLanguage":"fr-FR","potentialAction":[{"@type":"CommentAction","name":"Comment","target":["https:\/\/www.carideal.com\/blog\/2015\/09\/04\/nouvelle-ds-4-berline-et-ds-4-crossback\/#respond"]}]},{"@type":"WebPage","@id":"https:\/\/www.carideal.com\/blog\/2015\/09\/04\/nouvelle-ds-4-berline-et-ds-4-crossback\/","url":"https:\/\/www.carideal.com\/blog\/2015\/09\/04\/nouvelle-ds-4-berline-et-ds-4-crossback\/","name":"Nouvelle DS4 et DS 4 Crossback - Blog auto Carid\u00e9al","isPartOf":{"@id":"https:\/\/www.carideal.com\/blog\/#website"},"primaryImageOfPage":{"@id":"https:\/\/www.carideal.com\/blog\/2015\/09\/04\/nouvelle-ds-4-berline-et-ds-4-crossback\/#primaryimage"},"image":{"@id":"https:\/\/www.carideal.com\/blog\/2015\/09\/04\/nouvelle-ds-4-berline-et-ds-4-crossback\/#primaryimage"},"thumbnailUrl":"https:\/\/www.carideal.com\/blog\/wp-content\/uploads\/2015\/09\/nouvelle_ds_4_2015-carideal-1-e1490622389511.jpg","datePublished":"2015-09-04T16:34:00+00:00","dateModified":"2023-08-21T19:55:34+00:00","description":"Nouvelle DS4 et DS 4 Crossback le constructeur profite du salon de Francfort pour pr\u00e9senter sa nouvelle berline et son SUV","breadcrumb":{"@id":"https:\/\/www.carideal.com\/blog\/2015\/09\/04\/nouvelle-ds-4-berline-et-ds-4-crossback\/#breadcrumb"},"inLanguage":"fr-FR","potentialAction":[{"@type":"ReadAction","target":["https:\/\/www.carideal.com\/blog\/2015\/09\/04\/nouvelle-ds-4-berline-et-ds-4-crossback\/"]}]},{"@type":"ImageObject","inLanguage":"fr-FR","@id":"https:\/\/www.carideal.com\/blog\/2015\/09\/04\/nouvelle-ds-4-berline-et-ds-4-crossback\/#primaryimage","url":"https:\/\/www.carideal.com\/blog\/wp-content\/uploads\/2015\/09\/nouvelle_ds_4_2015-carideal-1-e1490622389511.jpg","contentUrl":"https:\/\/www.carideal.com\/blog\/wp-content\/uploads\/2015\/09\/nouvelle_ds_4_2015-carideal-1-e1490622389511.jpg","width":800,"height":303,"caption":"DS4 nouvelle 2015"},{"@type":"BreadcrumbList","@id":"https:\/\/www.carideal.com\/blog\/2015\/09\/04\/nouvelle-ds-4-berline-et-ds-4-crossback\/#breadcrumb","itemListElement":[{"@type":"ListItem","position":1,"name":"Blog Carid\u00e9al","item":"https:\/\/www.carideal.com\/blog\/"},{"@type":"ListItem","position":2,"name":"Actualit\u00e9 constructeur automobile","item":"https:\/\/www.carideal.com\/blog\/constructeur\/"},{"@type":"ListItem","position":3,"name":"Actualit\u00e9 DS","item":"https:\/\/www.carideal.com\/blog\/constructeur\/ds\/"},{"@type":"ListItem","position":4,"name":"Nouvelle DS4 et DS 4 Crossback"}]},{"@type":"WebSite","@id":"https:\/\/www.carideal.com\/blog\/#website","url":"https:\/\/www.carideal.com\/blog\/","name":"Blog auto Carid\u00e9al","description":"Actualit\u00e9 auto par des passionn\u00e9s","publisher":{"@id":"https:\/\/www.carideal.com\/blog\/#organization"},"potentialAction":[{"@type":"SearchAction","target":{"@type":"EntryPoint","urlTemplate":"https:\/\/www.carideal.com\/blog\/?s={search_term_string}"},"query-input":{"@type":"PropertyValueSpecification","valueRequired":true,"valueName":"search_term_string"}}],"inLanguage":"fr-FR"},{"@type":"Organization","@id":"https:\/\/www.carideal.com\/blog\/#organization","name":"Carideal","url":"https:\/\/www.carideal.com\/blog\/","logo":{"@type":"ImageObject","inLanguage":"fr-FR","@id":"https:\/\/www.carideal.com\/blog\/#\/schema\/logo\/image\/","url":"http:\/\/www.carideal.com\/blog\/wp-content\/uploads\/2016\/03\/logo-carideal-mandataire-automobile.png","contentUrl":"http:\/\/www.carideal.com\/blog\/wp-content\/uploads\/2016\/03\/logo-carideal-mandataire-automobile.png","width":300,"height":300,"caption":"Carideal"},"image":{"@id":"https:\/\/www.carideal.com\/blog\/#\/schema\/logo\/image\/"},"sameAs":["https:\/\/www.facebook.com\/Carideal.mandataire.automobile","https:\/\/x.com\/caridealauto","https:\/\/www.instagram.com\/carideal1\/","https:\/\/www.linkedin.com\/company\/carideal.com","https:\/\/fr.pinterest.com\/schiavonsas\/","https:\/\/www.youtube.com\/user\/caridealsas"]},{"@type":"Person","@id":"https:\/\/www.carideal.com\/blog\/#\/schema\/person\/cd95dc7919660de90d31b366f85be1ec","name":"Nicolas SCHIAVON","image":{"@type":"ImageObject","inLanguage":"fr-FR","@id":"https:\/\/www.carideal.com\/blog\/#\/schema\/person\/image\/","url":"https:\/\/secure.gravatar.com\/avatar\/c17e55009e671d92cc7f5dc837dc418a?s=96&r=g","contentUrl":"https:\/\/secure.gravatar.com\/avatar\/c17e55009e671d92cc7f5dc837dc418a?s=96&r=g","caption":"Nicolas SCHIAVON"},"description":"Nicolas Schiavon est tomb\u00e9 tout petit dans la marmite automobile. Ayant eu un garage de marque automobile, mandataire automobile de la premi\u00e8re heure d\u00e8s 1999. Nicolas a cr\u00e9\u00e9 ces premiers sites de vente de voiture et blog automobile d\u00e8s 1994. Carideal est n\u00e9 le 15 d\u00e9cembre 2000 de la volont\u00e9 de vendre des voitures d'occasions en ligne puis des voitures neuves. Il a pu essayer beaucoup de voitures tr\u00e8s diff\u00e9rentes et ayant eu personnellement quelques belles autos, Subaru Impreza, Mitsubishi Lancer Evo 7, Porsche 911, Ferrari Testarrossa, Audi RS3, RS4 et j'en passe...","sameAs":["http:\/\/www.carideal.com","https:\/\/www.facebook.com\/nicolas.schiavon.39","https:\/\/www.instagram.com\/carideal1\/","https:\/\/www.linkedin.com\/in\/nschiavon\/","https:\/\/x.com\/caridealauto","https:\/\/www.youtube.com\/user\/caridealsas\/"],"url":"https:\/\/www.carideal.com\/blog\/author\/nschiavon\/"}]}},"uagb_featured_image_src":{"full":["https:\/\/www.carideal.com\/blog\/wp-content\/uploads\/2015\/09\/nouvelle_ds_4_2015-carideal-1-e1490622389511.jpg",800,303,false],"thumbnail":["https:\/\/www.carideal.com\/blog\/wp-content\/uploads\/2015\/09\/nouvelle_ds_4_2015-carideal-1-150x150.jpg",150,150,true],"medium":["https:\/\/www.carideal.com\/blog\/wp-content\/uploads\/2015\/09\/nouvelle_ds_4_2015-carideal-1-300x114.jpg",300,114,true],"medium_large":["https:\/\/www.carideal.com\/blog\/wp-content\/uploads\/2015\/09\/nouvelle_ds_4_2015-carideal-1-768x291.jpg",768,291,true],"large":["https:\/\/www.carideal.com\/blog\/wp-content\/uploads\/2015\/09\/nouvelle_ds_4_2015-carideal-1-1024x388.jpg",1024,388,true],"1536x1536":["https:\/\/www.carideal.com\/blog\/wp-content\/uploads\/2015\/09\/nouvelle_ds_4_2015-carideal-1-e1490622389511.jpg",800,303,false],"2048x2048":["https:\/\/www.carideal.com\/blog\/wp-content\/uploads\/2015\/09\/nouvelle_ds_4_2015-carideal-1-e1490622389511.jpg",800,303,false],"wppr-widget":["https:\/\/www.carideal.com\/blog\/wp-content\/uploads\/2015\/09\/nouvelle_ds_4_2015-carideal-1-e1490622389511.jpg",50,19,false]},"uagb_author_info":{"display_name":"Nicolas SCHIAVON","author_link":"https:\/\/www.carideal.com\/blog\/author\/nschiavon\/"},"uagb_comment_info":0,"uagb_excerpt":"Pr\u00e9sentation en photos de la nouvelle DS4&nbsp;2015 Ce matin Citroen et sa nouvelle marque DS publie les premi\u00e8res image de la nouvelle DS4&nbsp;qui adopte la nouvelle calandre DS Wings. Elle adopte aussi les nouveaux phare \u00e0 LED Vision avec clignotant d\u00e9filant comme sur la DS3. La DS4 nouvelle est toujours trait\u00e9 avec le plus grand\u2026","_links":{"self":[{"href":"https:\/\/www.carideal.com\/blog\/wp-json\/wp\/v2\/posts\/6450"}],"collection":[{"href":"https:\/\/www.carideal.com\/blog\/wp-json\/wp\/v2\/posts"}],"about":[{"href":"https:\/\/www.carideal.com\/blog\/wp-json\/wp\/v2\/types\/post"}],"author":[{"embeddable":true,"href":"https:\/\/www.carideal.com\/blog\/wp-json\/wp\/v2\/users\/3"}],"replies":[{"embeddable":true,"href":"https:\/\/www.carideal.com\/blog\/wp-json\/wp\/v2\/comments?post=6450"}],"version-history":[{"count":0,"href":"https:\/\/www.carideal.com\/blog\/wp-json\/wp\/v2\/posts\/6450\/revisions"}],"wp:featuredmedia":[{"embeddable":true,"href":"https:\/\/www.carideal.com\/blog\/wp-json\/wp\/v2\/media\/15800"}],"wp:attachment":[{"href":"https:\/\/www.carideal.com\/blog\/wp-json\/wp\/v2\/media?parent=6450"}],"wp:term":[{"taxonomy":"category","embeddable":true,"href":"https:\/\/www.carideal.com\/blog\/wp-json\/wp\/v2\/categories?post=6450"},{"taxonomy":"post_tag","embeddable":true,"href":"https:\/\/www.carideal.com\/blog\/wp-json\/wp\/v2\/tags?post=6450"}],"curies":[{"name":"wp","href":"https:\/\/api.w.org\/{rel}","templated":true}]}}