{"id":6441,"date":"2015-09-03T09:41:43","date_gmt":"2015-09-03T07:41:43","guid":{"rendered":"http:\/\/www.carideal.com\/blog\/?p=6441"},"modified":"2020-03-08T07:35:32","modified_gmt":"2020-03-08T06:35:32","slug":"arrivage-daudi-a4-et-a6-avant-neuves-avec-plus-de-20-de-remise","status":"publish","type":"post","link":"https:\/\/www.carideal.com\/blog\/2015\/09\/03\/arrivage-daudi-a4-et-a6-avant-neuves-avec-plus-de-20-de-remise\/","title":{"rendered":"Achat Audi A4 et A6 Avant neuves"},"content":{"rendered":"<figure id=\"attachment_6442\" aria-describedby=\"caption-attachment-6442\" style=\"width: 290px\" class=\"wp-caption alignnone\"><a href=\"http:\/\/www.carideal.com\/blog\/wp-content\/uploads\/2015\/09\/audi-A6_Avant_BusinessLine_tdi-190-ultra-carideal.jpg\"><img loading=\"lazy\" decoding=\"async\" class=\"wp-image-6442 size-medium\" title=\"Achat Audi A6 Avant TDI 190 neuves avec Remise\" src=\"http:\/\/www.carideal.com\/blog\/wp-content\/uploads\/2015\/09\/audi-A6_Avant_BusinessLine_tdi-190-ultra-carideal-300x173.jpg\" alt=\"Achat Audi A6 Avant TDI 190 neuves avec Remise\" width=\"300\" height=\"173\" srcset=\"https:\/\/www.carideal.com\/blog\/wp-content\/uploads\/2015\/09\/audi-A6_Avant_BusinessLine_tdi-190-ultra-carideal-300x173.jpg 300w, https:\/\/www.carideal.com\/blog\/wp-content\/uploads\/2015\/09\/audi-A6_Avant_BusinessLine_tdi-190-ultra-carideal.jpg 581w\" sizes=\"(max-width: 300px) 100vw, 300px\" \/><\/a><figcaption id=\"caption-attachment-6442\" class=\"wp-caption-text\">Achat Audi A6 Avant TDI 190 neuves avec Remise<\/figcaption><\/figure>\n<h1>Achat Audi A4 et A6 Avant neuves avec plus de 20 % de remise en Arrivage<\/h1>\n<p><strong>Nous renouons avec les fortes remises pour l'achat de votre Audi break Avant neuves.<\/strong><\/p>\n<p>Nous allons rentrer des <span style=\"text-decoration: underline;\">Audi A6 Avant<\/span> TDI 190 Ultra S-tronic Quattro Business line et des Audi <span style=\"text-decoration: underline;\">A4 Avant<\/span> TDI 150 Clean Diesel. Les deux sont \u00e9quip\u00e9es du GPS des Xenon etc. Elles sont arrivage pour le mois d'octobre.<\/p>\n<figure id=\"attachment_6443\" aria-describedby=\"caption-attachment-6443\" style=\"width: 290px\" class=\"wp-caption alignnone\"><a href=\"http:\/\/www.carideal.com\/blog\/wp-content\/uploads\/2015\/09\/audi_a4-avant-carideal.png\"><img loading=\"lazy\" decoding=\"async\" class=\"wp-image-6443 size-medium\" title=\"Achat Audi A4 avant neuve avec Remise\" src=\"http:\/\/www.carideal.com\/blog\/wp-content\/uploads\/2015\/09\/audi_a4-avant-carideal-300x149.png\" alt=\"Achat Audi A4 avant neuve avec Remise\" width=\"300\" height=\"149\" srcset=\"https:\/\/www.carideal.com\/blog\/wp-content\/uploads\/2015\/09\/audi_a4-avant-carideal-300x149.png 300w, https:\/\/www.carideal.com\/blog\/wp-content\/uploads\/2015\/09\/audi_a4-avant-carideal.png 550w\" sizes=\"(max-width: 300px) 100vw, 300px\" \/><\/a><figcaption id=\"caption-attachment-6443\" class=\"wp-caption-text\">Achat Audi A4 avant neuve avec Remise<\/figcaption><\/figure>\n<p>Plus de 20 % de remise sur ces deux voitures, cela repr\u00e9sente dans certain cas plus de 10 000 \u20ac \u00e0 \u00e9conomiser par rapport au prix catalogue.<\/p>\n<p>Diff\u00e9rentes couleurs sont en arrivage, visitez\u00a0http:\/\/www.carideal.com\/11-audi et faites vous un devis gratuit ou <strong>contactez nous au\u00a004 79 33 83 95.<\/strong><\/p>\n<p>Les voitures arrivent \u00e0 Chamb\u00e9ry en Savoie et nous pouvons livrer <span style=\"text-decoration: underline;\"><a href=\"http:\/\/www.carideal.com\/content\/9-carideal-livraison-partout-en-france\">partout en France<\/a><\/span>, Paris et Marseille<\/p>\n<p>&nbsp;<\/p>\n","protected":false},"excerpt":{"rendered":"<p>Achat Audi A4 et A6 Avant neuves avec plus de 20 % de remise en Arrivage Nous renouons avec les fortes remises pour l&rsquo;achat de votre Audi break Avant neuves. Nous allons rentrer des Audi A6 Avant TDI 190 Ultra S-tronic Quattro Business line et des Audi A4 Avant TDI 150 Clean Diesel. Les deux &#8230; <a title=\"Achat Audi A4 et A6 Avant neuves\" class=\"read-more\" href=\"https:\/\/www.carideal.com\/blog\/2015\/09\/03\/arrivage-daudi-a4-et-a6-avant-neuves-avec-plus-de-20-de-remise\/\" aria-label=\"En savoir plus sur Achat Audi A4 et A6 Avant neuves\">Lire plus<\/a><\/p>\n","protected":false},"author":3,"featured_media":0,"comment_status":"open","ping_status":"open","sticky":false,"template":"","format":"standard","meta":{"_uag_custom_page_level_css":"","_themeisle_gutenberg_block_has_review":false,"footnotes":""},"categories":[5978,5944,6013,7,5974],"tags":[29,407],"class_list":["post-6441","post","type-post","status-publish","format-standard","hentry","category-audi","category-constructeur","category-break","category-voiture-arrivage-stocks","category-type-de-vehicule","tag-remise","tag-tdi"],"wppr_data":[],"yoast_head":"<!-- This site is optimized with the Yoast SEO plugin v24.8.1 - https:\/\/yoast.com\/wordpress\/plugins\/seo\/ -->\n<title>Achat Audi A4 et A6 Avant neuves - Blog auto Carid\u00e9al<\/title>\n<meta name=\"description\" content=\"Achat Audi A4 et Audi A6 avant neuves avec plus de 20 % de remise, des versions TDI et Quattro plusieurs mod\u00e8les disponibles\" \/>\n<meta name=\"robots\" content=\"index, follow, max-snippet:-1, max-image-preview:large, max-video-preview:-1\" \/>\n<link rel=\"canonical\" href=\"https:\/\/www.carideal.com\/blog\/2015\/09\/03\/arrivage-daudi-a4-et-a6-avant-neuves-avec-plus-de-20-de-remise\/\" \/>\n<meta property=\"og:locale\" content=\"fr_FR\" \/>\n<meta property=\"og:type\" content=\"article\" \/>\n<meta property=\"og:title\" content=\"Achat Audi A4 et A6 Avant neuves - Blog auto Carid\u00e9al\" \/>\n<meta property=\"og:description\" content=\"Achat Audi A4 et Audi A6 avant neuves avec plus de 20 % de remise, des versions TDI et Quattro plusieurs mod\u00e8les disponibles\" \/>\n<meta property=\"og:url\" content=\"https:\/\/www.carideal.com\/blog\/2015\/09\/03\/arrivage-daudi-a4-et-a6-avant-neuves-avec-plus-de-20-de-remise\/\" \/>\n<meta property=\"og:site_name\" content=\"Blog auto Carid\u00e9al\" \/>\n<meta property=\"article:publisher\" content=\"https:\/\/www.facebook.com\/Carideal.mandataire.automobile\" \/>\n<meta property=\"article:author\" content=\"https:\/\/www.facebook.com\/nicolas.schiavon.39\" \/>\n<meta property=\"article:published_time\" content=\"2015-09-03T07:41:43+00:00\" \/>\n<meta property=\"article:modified_time\" content=\"2020-03-08T06:35:32+00:00\" \/>\n<meta property=\"og:image\" content=\"http:\/\/www.carideal.com\/blog\/wp-content\/uploads\/2015\/09\/audi-A6_Avant_BusinessLine_tdi-190-ultra-carideal-300x173.jpg\" \/>\n<meta name=\"author\" content=\"Nicolas SCHIAVON\" \/>\n<meta name=\"twitter:card\" content=\"summary_large_image\" \/>\n<meta name=\"twitter:creator\" content=\"@caridealauto\" \/>\n<meta name=\"twitter:site\" content=\"@caridealauto\" \/>\n<meta name=\"twitter:label1\" content=\"\u00c9crit par\" \/>\n\t<meta name=\"twitter:data1\" content=\"Nicolas SCHIAVON\" \/>\n\t<meta name=\"twitter:label2\" content=\"Dur\u00e9e de lecture estim\u00e9e\" \/>\n\t<meta name=\"twitter:data2\" content=\"1 minute\" \/>\n<script type=\"application\/ld+json\" class=\"yoast-schema-graph\">{\"@context\":\"https:\/\/schema.org\",\"@graph\":[{\"@type\":\"Article\",\"@id\":\"https:\/\/www.carideal.com\/blog\/2015\/09\/03\/arrivage-daudi-a4-et-a6-avant-neuves-avec-plus-de-20-de-remise\/#article\",\"isPartOf\":{\"@id\":\"https:\/\/www.carideal.com\/blog\/2015\/09\/03\/arrivage-daudi-a4-et-a6-avant-neuves-avec-plus-de-20-de-remise\/\"},\"author\":{\"name\":\"Nicolas SCHIAVON\",\"@id\":\"https:\/\/www.carideal.com\/blog\/#\/schema\/person\/cd95dc7919660de90d31b366f85be1ec\"},\"headline\":\"Achat Audi A4 et A6 Avant neuves\",\"datePublished\":\"2015-09-03T07:41:43+00:00\",\"dateModified\":\"2020-03-08T06:35:32+00:00\",\"mainEntityOfPage\":{\"@id\":\"https:\/\/www.carideal.com\/blog\/2015\/09\/03\/arrivage-daudi-a4-et-a6-avant-neuves-avec-plus-de-20-de-remise\/\"},\"wordCount\":164,\"commentCount\":0,\"publisher\":{\"@id\":\"https:\/\/www.carideal.com\/blog\/#organization\"},\"image\":{\"@id\":\"https:\/\/www.carideal.com\/blog\/2015\/09\/03\/arrivage-daudi-a4-et-a6-avant-neuves-avec-plus-de-20-de-remise\/#primaryimage\"},\"thumbnailUrl\":\"http:\/\/www.carideal.com\/blog\/wp-content\/uploads\/2015\/09\/audi-A6_Avant_BusinessLine_tdi-190-ultra-carideal-300x173.jpg\",\"keywords\":[\"Remise voiture neuve\",\"TDI\"],\"articleSection\":[\"Actualit\u00e9 Audi\",\"Actualit\u00e9 Constructeur automobile\",\"Break\",\"D\u00e9stockage voiture\",\"Type de v\u00e9hicule\"],\"inLanguage\":\"fr-FR\",\"potentialAction\":[{\"@type\":\"CommentAction\",\"name\":\"Comment\",\"target\":[\"https:\/\/www.carideal.com\/blog\/2015\/09\/03\/arrivage-daudi-a4-et-a6-avant-neuves-avec-plus-de-20-de-remise\/#respond\"]}]},{\"@type\":\"WebPage\",\"@id\":\"https:\/\/www.carideal.com\/blog\/2015\/09\/03\/arrivage-daudi-a4-et-a6-avant-neuves-avec-plus-de-20-de-remise\/\",\"url\":\"https:\/\/www.carideal.com\/blog\/2015\/09\/03\/arrivage-daudi-a4-et-a6-avant-neuves-avec-plus-de-20-de-remise\/\",\"name\":\"Achat Audi A4 et A6 Avant neuves - Blog auto Carid\u00e9al\",\"isPartOf\":{\"@id\":\"https:\/\/www.carideal.com\/blog\/#website\"},\"primaryImageOfPage\":{\"@id\":\"https:\/\/www.carideal.com\/blog\/2015\/09\/03\/arrivage-daudi-a4-et-a6-avant-neuves-avec-plus-de-20-de-remise\/#primaryimage\"},\"image\":{\"@id\":\"https:\/\/www.carideal.com\/blog\/2015\/09\/03\/arrivage-daudi-a4-et-a6-avant-neuves-avec-plus-de-20-de-remise\/#primaryimage\"},\"thumbnailUrl\":\"http:\/\/www.carideal.com\/blog\/wp-content\/uploads\/2015\/09\/audi-A6_Avant_BusinessLine_tdi-190-ultra-carideal-300x173.jpg\",\"datePublished\":\"2015-09-03T07:41:43+00:00\",\"dateModified\":\"2020-03-08T06:35:32+00:00\",\"description\":\"Achat Audi A4 et Audi A6 avant neuves avec plus de 20 % de remise, des versions TDI et Quattro plusieurs mod\u00e8les disponibles\",\"breadcrumb\":{\"@id\":\"https:\/\/www.carideal.com\/blog\/2015\/09\/03\/arrivage-daudi-a4-et-a6-avant-neuves-avec-plus-de-20-de-remise\/#breadcrumb\"},\"inLanguage\":\"fr-FR\",\"potentialAction\":[{\"@type\":\"ReadAction\",\"target\":[\"https:\/\/www.carideal.com\/blog\/2015\/09\/03\/arrivage-daudi-a4-et-a6-avant-neuves-avec-plus-de-20-de-remise\/\"]}]},{\"@type\":\"ImageObject\",\"inLanguage\":\"fr-FR\",\"@id\":\"https:\/\/www.carideal.com\/blog\/2015\/09\/03\/arrivage-daudi-a4-et-a6-avant-neuves-avec-plus-de-20-de-remise\/#primaryimage\",\"url\":\"http:\/\/www.carideal.com\/blog\/wp-content\/uploads\/2015\/09\/audi-A6_Avant_BusinessLine_tdi-190-ultra-carideal-300x173.jpg\",\"contentUrl\":\"http:\/\/www.carideal.com\/blog\/wp-content\/uploads\/2015\/09\/audi-A6_Avant_BusinessLine_tdi-190-ultra-carideal-300x173.jpg\"},{\"@type\":\"BreadcrumbList\",\"@id\":\"https:\/\/www.carideal.com\/blog\/2015\/09\/03\/arrivage-daudi-a4-et-a6-avant-neuves-avec-plus-de-20-de-remise\/#breadcrumb\",\"itemListElement\":[{\"@type\":\"ListItem\",\"position\":1,\"name\":\"Blog Carid\u00e9al\",\"item\":\"https:\/\/www.carideal.com\/blog\/\"},{\"@type\":\"ListItem\",\"position\":2,\"name\":\"Actualit\u00e9 constructeur automobile\",\"item\":\"https:\/\/www.carideal.com\/blog\/constructeur\/\"},{\"@type\":\"ListItem\",\"position\":3,\"name\":\"Actualit\u00e9 Audi\",\"item\":\"https:\/\/www.carideal.com\/blog\/constructeur\/audi\/\"},{\"@type\":\"ListItem\",\"position\":4,\"name\":\"Achat Audi A4 et A6 Avant neuves\"}]},{\"@type\":\"WebSite\",\"@id\":\"https:\/\/www.carideal.com\/blog\/#website\",\"url\":\"https:\/\/www.carideal.com\/blog\/\",\"name\":\"Blog auto Carid\u00e9al\",\"description\":\"Actualit\u00e9 auto par des passionn\u00e9s\",\"publisher\":{\"@id\":\"https:\/\/www.carideal.com\/blog\/#organization\"},\"potentialAction\":[{\"@type\":\"SearchAction\",\"target\":{\"@type\":\"EntryPoint\",\"urlTemplate\":\"https:\/\/www.carideal.com\/blog\/?s={search_term_string}\"},\"query-input\":{\"@type\":\"PropertyValueSpecification\",\"valueRequired\":true,\"valueName\":\"search_term_string\"}}],\"inLanguage\":\"fr-FR\"},{\"@type\":\"Organization\",\"@id\":\"https:\/\/www.carideal.com\/blog\/#organization\",\"name\":\"Carideal\",\"url\":\"https:\/\/www.carideal.com\/blog\/\",\"logo\":{\"@type\":\"ImageObject\",\"inLanguage\":\"fr-FR\",\"@id\":\"https:\/\/www.carideal.com\/blog\/#\/schema\/logo\/image\/\",\"url\":\"http:\/\/www.carideal.com\/blog\/wp-content\/uploads\/2016\/03\/logo-carideal-mandataire-automobile.png\",\"contentUrl\":\"http:\/\/www.carideal.com\/blog\/wp-content\/uploads\/2016\/03\/logo-carideal-mandataire-automobile.png\",\"width\":300,\"height\":300,\"caption\":\"Carideal\"},\"image\":{\"@id\":\"https:\/\/www.carideal.com\/blog\/#\/schema\/logo\/image\/\"},\"sameAs\":[\"https:\/\/www.facebook.com\/Carideal.mandataire.automobile\",\"https:\/\/x.com\/caridealauto\",\"https:\/\/www.instagram.com\/carideal1\/\",\"https:\/\/www.linkedin.com\/company\/carideal.com\",\"https:\/\/fr.pinterest.com\/schiavonsas\/\",\"https:\/\/www.youtube.com\/user\/caridealsas\"]},{\"@type\":\"Person\",\"@id\":\"https:\/\/www.carideal.com\/blog\/#\/schema\/person\/cd95dc7919660de90d31b366f85be1ec\",\"name\":\"Nicolas SCHIAVON\",\"image\":{\"@type\":\"ImageObject\",\"inLanguage\":\"fr-FR\",\"@id\":\"https:\/\/www.carideal.com\/blog\/#\/schema\/person\/image\/\",\"url\":\"https:\/\/secure.gravatar.com\/avatar\/c17e55009e671d92cc7f5dc837dc418a?s=96&r=g\",\"contentUrl\":\"https:\/\/secure.gravatar.com\/avatar\/c17e55009e671d92cc7f5dc837dc418a?s=96&r=g\",\"caption\":\"Nicolas SCHIAVON\"},\"description\":\"Nicolas Schiavon est tomb\u00e9 tout petit dans la marmite automobile. Ayant eu un garage de marque automobile, mandataire automobile de la premi\u00e8re heure d\u00e8s 1999. Nicolas a cr\u00e9\u00e9 ces premiers sites de vente de voiture et blog automobile d\u00e8s 1994. Carideal est n\u00e9 le 15 d\u00e9cembre 2000 de la volont\u00e9 de vendre des voitures d'occasions en ligne puis des voitures neuves. Il a pu essayer beaucoup de voitures tr\u00e8s diff\u00e9rentes et ayant eu personnellement quelques belles autos, Subaru Impreza, Mitsubishi Lancer Evo 7, Porsche 911, Ferrari Testarrossa, Audi RS3, RS4 et j'en passe...\",\"sameAs\":[\"http:\/\/www.carideal.com\",\"https:\/\/www.facebook.com\/nicolas.schiavon.39\",\"https:\/\/www.instagram.com\/carideal1\/\",\"https:\/\/www.linkedin.com\/in\/nschiavon\/\",\"https:\/\/x.com\/caridealauto\",\"https:\/\/www.youtube.com\/user\/caridealsas\/\"],\"url\":\"https:\/\/www.carideal.com\/blog\/author\/nschiavon\/\"}]}<\/script>\n<!-- \/ Yoast SEO plugin. -->","yoast_head_json":{"title":"Achat Audi A4 et A6 Avant neuves - Blog auto Carid\u00e9al","description":"Achat Audi A4 et Audi A6 avant neuves avec plus de 20 % de remise, des versions TDI et Quattro plusieurs mod\u00e8les disponibles","robots":{"index":"index","follow":"follow","max-snippet":"max-snippet:-1","max-image-preview":"max-image-preview:large","max-video-preview":"max-video-preview:-1"},"canonical":"https:\/\/www.carideal.com\/blog\/2015\/09\/03\/arrivage-daudi-a4-et-a6-avant-neuves-avec-plus-de-20-de-remise\/","og_locale":"fr_FR","og_type":"article","og_title":"Achat Audi A4 et A6 Avant neuves - Blog auto Carid\u00e9al","og_description":"Achat Audi A4 et Audi A6 avant neuves avec plus de 20 % de remise, des versions TDI et Quattro plusieurs mod\u00e8les disponibles","og_url":"https:\/\/www.carideal.com\/blog\/2015\/09\/03\/arrivage-daudi-a4-et-a6-avant-neuves-avec-plus-de-20-de-remise\/","og_site_name":"Blog auto Carid\u00e9al","article_publisher":"https:\/\/www.facebook.com\/Carideal.mandataire.automobile","article_author":"https:\/\/www.facebook.com\/nicolas.schiavon.39","article_published_time":"2015-09-03T07:41:43+00:00","article_modified_time":"2020-03-08T06:35:32+00:00","og_image":[{"url":"http:\/\/www.carideal.com\/blog\/wp-content\/uploads\/2015\/09\/audi-A6_Avant_BusinessLine_tdi-190-ultra-carideal-300x173.jpg","type":"","width":"","height":""}],"author":"Nicolas SCHIAVON","twitter_card":"summary_large_image","twitter_creator":"@caridealauto","twitter_site":"@caridealauto","twitter_misc":{"\u00c9crit par":"Nicolas SCHIAVON","Dur\u00e9e de lecture estim\u00e9e":"1 minute"},"schema":{"@context":"https:\/\/schema.org","@graph":[{"@type":"Article","@id":"https:\/\/www.carideal.com\/blog\/2015\/09\/03\/arrivage-daudi-a4-et-a6-avant-neuves-avec-plus-de-20-de-remise\/#article","isPartOf":{"@id":"https:\/\/www.carideal.com\/blog\/2015\/09\/03\/arrivage-daudi-a4-et-a6-avant-neuves-avec-plus-de-20-de-remise\/"},"author":{"name":"Nicolas SCHIAVON","@id":"https:\/\/www.carideal.com\/blog\/#\/schema\/person\/cd95dc7919660de90d31b366f85be1ec"},"headline":"Achat Audi A4 et A6 Avant neuves","datePublished":"2015-09-03T07:41:43+00:00","dateModified":"2020-03-08T06:35:32+00:00","mainEntityOfPage":{"@id":"https:\/\/www.carideal.com\/blog\/2015\/09\/03\/arrivage-daudi-a4-et-a6-avant-neuves-avec-plus-de-20-de-remise\/"},"wordCount":164,"commentCount":0,"publisher":{"@id":"https:\/\/www.carideal.com\/blog\/#organization"},"image":{"@id":"https:\/\/www.carideal.com\/blog\/2015\/09\/03\/arrivage-daudi-a4-et-a6-avant-neuves-avec-plus-de-20-de-remise\/#primaryimage"},"thumbnailUrl":"http:\/\/www.carideal.com\/blog\/wp-content\/uploads\/2015\/09\/audi-A6_Avant_BusinessLine_tdi-190-ultra-carideal-300x173.jpg","keywords":["Remise voiture neuve","TDI"],"articleSection":["Actualit\u00e9 Audi","Actualit\u00e9 Constructeur automobile","Break","D\u00e9stockage voiture","Type de v\u00e9hicule"],"inLanguage":"fr-FR","potentialAction":[{"@type":"CommentAction","name":"Comment","target":["https:\/\/www.carideal.com\/blog\/2015\/09\/03\/arrivage-daudi-a4-et-a6-avant-neuves-avec-plus-de-20-de-remise\/#respond"]}]},{"@type":"WebPage","@id":"https:\/\/www.carideal.com\/blog\/2015\/09\/03\/arrivage-daudi-a4-et-a6-avant-neuves-avec-plus-de-20-de-remise\/","url":"https:\/\/www.carideal.com\/blog\/2015\/09\/03\/arrivage-daudi-a4-et-a6-avant-neuves-avec-plus-de-20-de-remise\/","name":"Achat Audi A4 et A6 Avant neuves - Blog auto Carid\u00e9al","isPartOf":{"@id":"https:\/\/www.carideal.com\/blog\/#website"},"primaryImageOfPage":{"@id":"https:\/\/www.carideal.com\/blog\/2015\/09\/03\/arrivage-daudi-a4-et-a6-avant-neuves-avec-plus-de-20-de-remise\/#primaryimage"},"image":{"@id":"https:\/\/www.carideal.com\/blog\/2015\/09\/03\/arrivage-daudi-a4-et-a6-avant-neuves-avec-plus-de-20-de-remise\/#primaryimage"},"thumbnailUrl":"http:\/\/www.carideal.com\/blog\/wp-content\/uploads\/2015\/09\/audi-A6_Avant_BusinessLine_tdi-190-ultra-carideal-300x173.jpg","datePublished":"2015-09-03T07:41:43+00:00","dateModified":"2020-03-08T06:35:32+00:00","description":"Achat Audi A4 et Audi A6 avant neuves avec plus de 20 % de remise, des versions TDI et Quattro plusieurs mod\u00e8les disponibles","breadcrumb":{"@id":"https:\/\/www.carideal.com\/blog\/2015\/09\/03\/arrivage-daudi-a4-et-a6-avant-neuves-avec-plus-de-20-de-remise\/#breadcrumb"},"inLanguage":"fr-FR","potentialAction":[{"@type":"ReadAction","target":["https:\/\/www.carideal.com\/blog\/2015\/09\/03\/arrivage-daudi-a4-et-a6-avant-neuves-avec-plus-de-20-de-remise\/"]}]},{"@type":"ImageObject","inLanguage":"fr-FR","@id":"https:\/\/www.carideal.com\/blog\/2015\/09\/03\/arrivage-daudi-a4-et-a6-avant-neuves-avec-plus-de-20-de-remise\/#primaryimage","url":"http:\/\/www.carideal.com\/blog\/wp-content\/uploads\/2015\/09\/audi-A6_Avant_BusinessLine_tdi-190-ultra-carideal-300x173.jpg","contentUrl":"http:\/\/www.carideal.com\/blog\/wp-content\/uploads\/2015\/09\/audi-A6_Avant_BusinessLine_tdi-190-ultra-carideal-300x173.jpg"},{"@type":"BreadcrumbList","@id":"https:\/\/www.carideal.com\/blog\/2015\/09\/03\/arrivage-daudi-a4-et-a6-avant-neuves-avec-plus-de-20-de-remise\/#breadcrumb","itemListElement":[{"@type":"ListItem","position":1,"name":"Blog Carid\u00e9al","item":"https:\/\/www.carideal.com\/blog\/"},{"@type":"ListItem","position":2,"name":"Actualit\u00e9 constructeur automobile","item":"https:\/\/www.carideal.com\/blog\/constructeur\/"},{"@type":"ListItem","position":3,"name":"Actualit\u00e9 Audi","item":"https:\/\/www.carideal.com\/blog\/constructeur\/audi\/"},{"@type":"ListItem","position":4,"name":"Achat Audi A4 et A6 Avant neuves"}]},{"@type":"WebSite","@id":"https:\/\/www.carideal.com\/blog\/#website","url":"https:\/\/www.carideal.com\/blog\/","name":"Blog auto Carid\u00e9al","description":"Actualit\u00e9 auto par des passionn\u00e9s","publisher":{"@id":"https:\/\/www.carideal.com\/blog\/#organization"},"potentialAction":[{"@type":"SearchAction","target":{"@type":"EntryPoint","urlTemplate":"https:\/\/www.carideal.com\/blog\/?s={search_term_string}"},"query-input":{"@type":"PropertyValueSpecification","valueRequired":true,"valueName":"search_term_string"}}],"inLanguage":"fr-FR"},{"@type":"Organization","@id":"https:\/\/www.carideal.com\/blog\/#organization","name":"Carideal","url":"https:\/\/www.carideal.com\/blog\/","logo":{"@type":"ImageObject","inLanguage":"fr-FR","@id":"https:\/\/www.carideal.com\/blog\/#\/schema\/logo\/image\/","url":"http:\/\/www.carideal.com\/blog\/wp-content\/uploads\/2016\/03\/logo-carideal-mandataire-automobile.png","contentUrl":"http:\/\/www.carideal.com\/blog\/wp-content\/uploads\/2016\/03\/logo-carideal-mandataire-automobile.png","width":300,"height":300,"caption":"Carideal"},"image":{"@id":"https:\/\/www.carideal.com\/blog\/#\/schema\/logo\/image\/"},"sameAs":["https:\/\/www.facebook.com\/Carideal.mandataire.automobile","https:\/\/x.com\/caridealauto","https:\/\/www.instagram.com\/carideal1\/","https:\/\/www.linkedin.com\/company\/carideal.com","https:\/\/fr.pinterest.com\/schiavonsas\/","https:\/\/www.youtube.com\/user\/caridealsas"]},{"@type":"Person","@id":"https:\/\/www.carideal.com\/blog\/#\/schema\/person\/cd95dc7919660de90d31b366f85be1ec","name":"Nicolas SCHIAVON","image":{"@type":"ImageObject","inLanguage":"fr-FR","@id":"https:\/\/www.carideal.com\/blog\/#\/schema\/person\/image\/","url":"https:\/\/secure.gravatar.com\/avatar\/c17e55009e671d92cc7f5dc837dc418a?s=96&r=g","contentUrl":"https:\/\/secure.gravatar.com\/avatar\/c17e55009e671d92cc7f5dc837dc418a?s=96&r=g","caption":"Nicolas SCHIAVON"},"description":"Nicolas Schiavon est tomb\u00e9 tout petit dans la marmite automobile. Ayant eu un garage de marque automobile, mandataire automobile de la premi\u00e8re heure d\u00e8s 1999. Nicolas a cr\u00e9\u00e9 ces premiers sites de vente de voiture et blog automobile d\u00e8s 1994. Carideal est n\u00e9 le 15 d\u00e9cembre 2000 de la volont\u00e9 de vendre des voitures d'occasions en ligne puis des voitures neuves. Il a pu essayer beaucoup de voitures tr\u00e8s diff\u00e9rentes et ayant eu personnellement quelques belles autos, Subaru Impreza, Mitsubishi Lancer Evo 7, Porsche 911, Ferrari Testarrossa, Audi RS3, RS4 et j'en passe...","sameAs":["http:\/\/www.carideal.com","https:\/\/www.facebook.com\/nicolas.schiavon.39","https:\/\/www.instagram.com\/carideal1\/","https:\/\/www.linkedin.com\/in\/nschiavon\/","https:\/\/x.com\/caridealauto","https:\/\/www.youtube.com\/user\/caridealsas\/"],"url":"https:\/\/www.carideal.com\/blog\/author\/nschiavon\/"}]}},"uagb_featured_image_src":{"full":false,"thumbnail":false,"medium":false,"medium_large":false,"large":false,"1536x1536":false,"2048x2048":false,"wppr-widget":false},"uagb_author_info":{"display_name":"Nicolas SCHIAVON","author_link":"https:\/\/www.carideal.com\/blog\/author\/nschiavon\/"},"uagb_comment_info":0,"uagb_excerpt":"Achat Audi A4 et A6 Avant neuves avec plus de 20 % de remise en Arrivage Nous renouons avec les fortes remises pour l'achat de votre Audi break Avant neuves. Nous allons rentrer des Audi A6 Avant TDI 190 Ultra S-tronic Quattro Business line et des Audi A4 Avant TDI 150 Clean Diesel. Les deux\u2026","_links":{"self":[{"href":"https:\/\/www.carideal.com\/blog\/wp-json\/wp\/v2\/posts\/6441"}],"collection":[{"href":"https:\/\/www.carideal.com\/blog\/wp-json\/wp\/v2\/posts"}],"about":[{"href":"https:\/\/www.carideal.com\/blog\/wp-json\/wp\/v2\/types\/post"}],"author":[{"embeddable":true,"href":"https:\/\/www.carideal.com\/blog\/wp-json\/wp\/v2\/users\/3"}],"replies":[{"embeddable":true,"href":"https:\/\/www.carideal.com\/blog\/wp-json\/wp\/v2\/comments?post=6441"}],"version-history":[{"count":0,"href":"https:\/\/www.carideal.com\/blog\/wp-json\/wp\/v2\/posts\/6441\/revisions"}],"wp:attachment":[{"href":"https:\/\/www.carideal.com\/blog\/wp-json\/wp\/v2\/media?parent=6441"}],"wp:term":[{"taxonomy":"category","embeddable":true,"href":"https:\/\/www.carideal.com\/blog\/wp-json\/wp\/v2\/categories?post=6441"},{"taxonomy":"post_tag","embeddable":true,"href":"https:\/\/www.carideal.com\/blog\/wp-json\/wp\/v2\/tags?post=6441"}],"curies":[{"name":"wp","href":"https:\/\/api.w.org\/{rel}","templated":true}]}}