{"id":633,"date":"2014-01-08T22:05:00","date_gmt":"2014-01-08T22:05:00","guid":{"rendered":"http:\/\/carideal.com\/blog\/?p=633"},"modified":"2024-02-11T13:10:45","modified_gmt":"2024-02-11T12:10:45","slug":"porsche-macan-2","status":"publish","type":"post","link":"https:\/\/www.carideal.com\/blog\/2014\/01\/08\/porsche-macan-2\/","title":{"rendered":"Porsche Macan 2014 &#8211; Pr\u00e9sentation"},"content":{"rendered":"\n<h1 class=\"wp-block-heading\" id=\"h-porsche-macan-2014-sera-commercialise-en-avril-a-partir-de-59873\"><strong>Porsche Macan 2014 sera commercialis\u00e9 en Avril \u00e0 Partir de 59873 \u20ac<\/strong><\/h1>\n\n\n\n<p>Le Porsche Macan 2014,&nbsp;petit fr\u00eare du <a href=\"http:\/\/www.carideal.com\/blog\/2010\/06\/22\/porsche-cayenne-2-plus-ecolo-mais-toujours-porsche\/\">Porsche Cayenne<\/a> est assembl\u00e9 sur une base d'<a href=\"http:\/\/www.carideal.com\/blog\/2016\/02\/10\/audi-q5-2016\/\">Audi Q5<\/a> et profitera de moteurs \u00e0 six cylindres et d'une transmission int\u00e9grale pour se position sur le march\u00e9 premium des SUV compacts de Luxe.<\/p>\n\n\n\n<p>Le <a href=\"https:\/\/www.carideal.com\/blog\/marque-de-voiture-actualites-essais\/porsche\/macan\/\">Porsche Macan<\/a> veut dire Tigre en indon\u00e9sien c'est dire des ambitions de <a href=\"http:\/\/www.carideal.com\/blog\/marque-de-voiture-actualites-essais\/porsche\/\">Porsche<\/a> qui veut en produire 50000 par an dans son usine de Leipzig en Allemagne ou le constructeur a investit 500 Millions d'euros. Porsche donne donc la vie \u00e0 une septi\u00e8me voiture apr\u00e8s quelques op\u00e9ration de restylage\u00a0: <a href=\"http:\/\/www.carideal.com\/blog\/2016\/11\/12\/panamera-porsche-ajoute-un-nouveau-turbo-v6\/\">Panam\u00e9ra<\/a> en 2009, <a href=\"http:\/\/www.carideal.com\/blog\/2012\/11\/30\/porsche-cayenne-s-diesel\/\">Cayenne<\/a> en 2010, 911 en 201, <a href=\"http:\/\/www.carideal.com\/blog\/2012\/04\/11\/porsche-boxster\/\">Boxster<\/a> en 2012, Cayman en 2013, et enfin la <a href=\"http:\/\/www.carideal.com\/blog\/2011\/02\/14\/porsche-918-rsr-hybride\/\">918<\/a> en 2014. La Porsche la plus vendu est le Cayenne.<\/p>\n\n\n\n<p>Bien qu'utilisant la plateforme de son cousin l'<a href=\"http:\/\/www.carideal.com\/blog\/marque-de-voiture-actualites-essais\/audi\/\">Audi<\/a> Q5, il est plus long de 5 cm \u00e0 4,63 m, mais plus bas aussi de 4 cm \u00e0 1,62 m. Il fait plus trapu.<\/p>\n\n\n\n<p>Pr\u00e9sentation du Porsche Macan 2014<\/p>\n\n\n\n<p>Il sera \u00e9quip\u00e9 de moteurs \u00e0 V6 aussi bien en essence avec 340 ch pour le Macan S ( 2997 cm3) et 400 ch pour le Macan Turbo (3605 cm3) ainsi que le diesel de 258 ch.<br>Toutes les motorisations seront \u00e9quip\u00e9s de la boite robotis\u00e9e \u00e0 double embrayage \u00e0 sept rapports PDK.<br>Ch\u00e8re&nbsp;! Le prix de d\u00e9part sera de 59873 \u20ac en model S aussi bien en essence qu'en diesel. A moteur \u00e9quivalent la concurrence Audi Q5 et <a href=\"http:\/\/www.carideal.com\/blog\/marque-de-voiture-actualites-essais\/bmw\/\">BMW<\/a> X3 commence 8000 \u20ac moins cher pourtant mieux \u00e9quip\u00e9s que le Macan qui ne va compter que sur son logo pour s'imposer.<\/p>\n\n\n\n<p>Il y a peu de chance que les motorisations essences ne s'imposent en France \u00e0 cause du malus. Une version hybride sera donc au programme ainsi qu'un moteur diesel plus puissant.<\/p>\n\n\n\n<p>L'ambiance \u00e0 bord est r\u00e9solument sportive avec des si\u00e8ges position\u00e9s tr\u00e8s bas, la cl\u00e9 de contact est plac\u00e9 \u00e0 gauche du volant, on note la pr\u00e9sence d'un chronom\u00e8tre au sommet du tableau de bord.<\/p>\n\n\n\n<p>La suspension pneumatique est une option et permetra d'augmenter la garde au sol de 40 mm. Il sera \u00e9quip\u00e9 du diff\u00e9rentiel actif , Porsche vectoring plus, et du ch\u00e2ssis pilot\u00e9, Porsche Active suspension Management, qui devraient lui donner d'excellentes prestations routi\u00e8res.<\/p>\n","protected":false},"excerpt":{"rendered":"<p>Porsche Macan 2014 sera commercialis\u00e9 en Avril \u00e0 Partir de 59873 \u20ac Le Porsche Macan 2014,&nbsp;petit fr\u00eare du Porsche Cayenne est assembl\u00e9 sur une base d&rsquo;Audi Q5 et profitera de moteurs \u00e0 six cylindres et d&rsquo;une transmission int\u00e9grale pour se position sur le march\u00e9 premium des SUV compacts de Luxe. Le Porsche Macan veut dire &#8230; <a title=\"Porsche Macan 2014 &#8211; Pr\u00e9sentation\" class=\"read-more\" href=\"https:\/\/www.carideal.com\/blog\/2014\/01\/08\/porsche-macan-2\/\" aria-label=\"En savoir plus sur Porsche Macan 2014 &#8211; Pr\u00e9sentation\">Lire plus<\/a><\/p>\n","protected":false},"author":1,"featured_media":14361,"comment_status":"open","ping_status":"open","sticky":false,"template":"","format":"standard","meta":{"_uag_custom_page_level_css":"","_themeisle_gutenberg_block_has_review":false,"footnotes":""},"categories":[2,5944,6062,6010,5974],"tags":[120],"class_list":["post-633","post","type-post","status-publish","format-standard","has-post-thumbnail","hentry","category-4x4-suv","category-constructeur","category-porsche","category-suv","category-type-de-vehicule","tag-cayenne"],"wppr_data":{"cwp_meta_box_check":"No"},"yoast_head":"<!-- This site is optimized with the Yoast SEO plugin v24.8.1 - https:\/\/yoast.com\/wordpress\/plugins\/seo\/ -->\n<title>Porsche Macan 2014 - Pr\u00e9sentation - Blog auto Carid\u00e9al<\/title>\n<meta name=\"description\" content=\"Le Porsche Macan 2014, petit fr\u00eare du Porsche Cayenne est assembl\u00e9 sur une base d&#039;Audi Q5 et profitera de moteurs \u00e0 six cylindres et d&#039;une transmission 4WD\" \/>\n<meta name=\"robots\" content=\"index, follow, max-snippet:-1, max-image-preview:large, max-video-preview:-1\" \/>\n<link rel=\"canonical\" href=\"https:\/\/www.carideal.com\/blog\/2014\/01\/08\/porsche-macan-2\/\" \/>\n<meta property=\"og:locale\" content=\"fr_FR\" \/>\n<meta property=\"og:type\" content=\"article\" \/>\n<meta property=\"og:title\" content=\"Porsche Macan 2014 - Pr\u00e9sentation - Blog auto Carid\u00e9al\" \/>\n<meta property=\"og:description\" content=\"Le Porsche Macan 2014, petit fr\u00eare du Porsche Cayenne est assembl\u00e9 sur une base d&#039;Audi Q5 et profitera de moteurs \u00e0 six cylindres et d&#039;une transmission 4WD\" \/>\n<meta property=\"og:url\" content=\"https:\/\/www.carideal.com\/blog\/2014\/01\/08\/porsche-macan-2\/\" \/>\n<meta property=\"og:site_name\" content=\"Blog auto Carid\u00e9al\" \/>\n<meta property=\"article:publisher\" content=\"https:\/\/www.facebook.com\/Carideal.mandataire.automobile\" \/>\n<meta property=\"article:author\" content=\"https:\/\/www.facebook.com\/Carideal.mandataire.automobile\/\" \/>\n<meta property=\"article:published_time\" content=\"2014-01-08T22:05:00+00:00\" \/>\n<meta property=\"article:modified_time\" content=\"2024-02-11T12:10:45+00:00\" \/>\n<meta property=\"og:image\" content=\"https:\/\/www.carideal.com\/blog\/wp-content\/uploads\/2014\/01\/porsche-macan-carideal-mandataire-automobile-1-e1482832709727.jpg\" \/>\n\t<meta property=\"og:image:width\" content=\"800\" \/>\n\t<meta property=\"og:image:height\" content=\"533\" \/>\n\t<meta property=\"og:image:type\" content=\"image\/jpeg\" \/>\n<meta name=\"author\" content=\"N.S Carideal\" \/>\n<meta name=\"twitter:card\" content=\"summary_large_image\" \/>\n<meta name=\"twitter:creator\" content=\"@caridealauto\" \/>\n<meta name=\"twitter:site\" content=\"@caridealauto\" \/>\n<meta name=\"twitter:label1\" content=\"\u00c9crit par\" \/>\n\t<meta name=\"twitter:data1\" content=\"N.S Carideal\" \/>\n\t<meta name=\"twitter:label2\" content=\"Dur\u00e9e de lecture estim\u00e9e\" \/>\n\t<meta name=\"twitter:data2\" content=\"3 minutes\" \/>\n<script type=\"application\/ld+json\" class=\"yoast-schema-graph\">{\"@context\":\"https:\/\/schema.org\",\"@graph\":[{\"@type\":\"Article\",\"@id\":\"https:\/\/www.carideal.com\/blog\/2014\/01\/08\/porsche-macan-2\/#article\",\"isPartOf\":{\"@id\":\"https:\/\/www.carideal.com\/blog\/2014\/01\/08\/porsche-macan-2\/\"},\"author\":{\"name\":\"N.S Carideal\",\"@id\":\"https:\/\/www.carideal.com\/blog\/#\/schema\/person\/985c7e757d1042d647f21bfaf8d41ebc\"},\"headline\":\"Porsche Macan 2014 &#8211; Pr\u00e9sentation\",\"datePublished\":\"2014-01-08T22:05:00+00:00\",\"dateModified\":\"2024-02-11T12:10:45+00:00\",\"mainEntityOfPage\":{\"@id\":\"https:\/\/www.carideal.com\/blog\/2014\/01\/08\/porsche-macan-2\/\"},\"wordCount\":363,\"commentCount\":0,\"publisher\":{\"@id\":\"https:\/\/www.carideal.com\/blog\/#organization\"},\"image\":{\"@id\":\"https:\/\/www.carideal.com\/blog\/2014\/01\/08\/porsche-macan-2\/#primaryimage\"},\"thumbnailUrl\":\"https:\/\/www.carideal.com\/blog\/wp-content\/uploads\/2014\/01\/porsche-macan-carideal-mandataire-automobile-1-e1482832709727.jpg\",\"keywords\":[\"Cayenne\"],\"articleSection\":[\"4X4 Actualit\u00e9\",\"Actualit\u00e9 Constructeur automobile\",\"Actualit\u00e9 Porsche\",\"SUV\",\"Type de v\u00e9hicule\"],\"inLanguage\":\"fr-FR\",\"potentialAction\":[{\"@type\":\"CommentAction\",\"name\":\"Comment\",\"target\":[\"https:\/\/www.carideal.com\/blog\/2014\/01\/08\/porsche-macan-2\/#respond\"]}]},{\"@type\":\"WebPage\",\"@id\":\"https:\/\/www.carideal.com\/blog\/2014\/01\/08\/porsche-macan-2\/\",\"url\":\"https:\/\/www.carideal.com\/blog\/2014\/01\/08\/porsche-macan-2\/\",\"name\":\"Porsche Macan 2014 - Pr\u00e9sentation - Blog auto Carid\u00e9al\",\"isPartOf\":{\"@id\":\"https:\/\/www.carideal.com\/blog\/#website\"},\"primaryImageOfPage\":{\"@id\":\"https:\/\/www.carideal.com\/blog\/2014\/01\/08\/porsche-macan-2\/#primaryimage\"},\"image\":{\"@id\":\"https:\/\/www.carideal.com\/blog\/2014\/01\/08\/porsche-macan-2\/#primaryimage\"},\"thumbnailUrl\":\"https:\/\/www.carideal.com\/blog\/wp-content\/uploads\/2014\/01\/porsche-macan-carideal-mandataire-automobile-1-e1482832709727.jpg\",\"datePublished\":\"2014-01-08T22:05:00+00:00\",\"dateModified\":\"2024-02-11T12:10:45+00:00\",\"description\":\"Le Porsche Macan 2014, petit fr\u00eare du Porsche Cayenne est assembl\u00e9 sur une base d'Audi Q5 et profitera de moteurs \u00e0 six cylindres et d'une transmission 4WD\",\"breadcrumb\":{\"@id\":\"https:\/\/www.carideal.com\/blog\/2014\/01\/08\/porsche-macan-2\/#breadcrumb\"},\"inLanguage\":\"fr-FR\",\"potentialAction\":[{\"@type\":\"ReadAction\",\"target\":[\"https:\/\/www.carideal.com\/blog\/2014\/01\/08\/porsche-macan-2\/\"]}]},{\"@type\":\"ImageObject\",\"inLanguage\":\"fr-FR\",\"@id\":\"https:\/\/www.carideal.com\/blog\/2014\/01\/08\/porsche-macan-2\/#primaryimage\",\"url\":\"https:\/\/www.carideal.com\/blog\/wp-content\/uploads\/2014\/01\/porsche-macan-carideal-mandataire-automobile-1-e1482832709727.jpg\",\"contentUrl\":\"https:\/\/www.carideal.com\/blog\/wp-content\/uploads\/2014\/01\/porsche-macan-carideal-mandataire-automobile-1-e1482832709727.jpg\",\"width\":800,\"height\":533,\"caption\":\"Porsche Macan 2014\"},{\"@type\":\"BreadcrumbList\",\"@id\":\"https:\/\/www.carideal.com\/blog\/2014\/01\/08\/porsche-macan-2\/#breadcrumb\",\"itemListElement\":[{\"@type\":\"ListItem\",\"position\":1,\"name\":\"Blog Carid\u00e9al\",\"item\":\"https:\/\/www.carideal.com\/blog\/\"},{\"@type\":\"ListItem\",\"position\":2,\"name\":\"Actualit\u00e9 constructeur automobile\",\"item\":\"https:\/\/www.carideal.com\/blog\/constructeur\/\"},{\"@type\":\"ListItem\",\"position\":3,\"name\":\"Actualit\u00e9 Porsche\",\"item\":\"https:\/\/www.carideal.com\/blog\/constructeur\/porsche\/\"},{\"@type\":\"ListItem\",\"position\":4,\"name\":\"Porsche Macan 2014 &#8211; Pr\u00e9sentation\"}]},{\"@type\":\"WebSite\",\"@id\":\"https:\/\/www.carideal.com\/blog\/#website\",\"url\":\"https:\/\/www.carideal.com\/blog\/\",\"name\":\"Blog auto Carid\u00e9al\",\"description\":\"Actualit\u00e9 auto par des passionn\u00e9s\",\"publisher\":{\"@id\":\"https:\/\/www.carideal.com\/blog\/#organization\"},\"potentialAction\":[{\"@type\":\"SearchAction\",\"target\":{\"@type\":\"EntryPoint\",\"urlTemplate\":\"https:\/\/www.carideal.com\/blog\/?s={search_term_string}\"},\"query-input\":{\"@type\":\"PropertyValueSpecification\",\"valueRequired\":true,\"valueName\":\"search_term_string\"}}],\"inLanguage\":\"fr-FR\"},{\"@type\":\"Organization\",\"@id\":\"https:\/\/www.carideal.com\/blog\/#organization\",\"name\":\"Carideal\",\"url\":\"https:\/\/www.carideal.com\/blog\/\",\"logo\":{\"@type\":\"ImageObject\",\"inLanguage\":\"fr-FR\",\"@id\":\"https:\/\/www.carideal.com\/blog\/#\/schema\/logo\/image\/\",\"url\":\"http:\/\/www.carideal.com\/blog\/wp-content\/uploads\/2016\/03\/logo-carideal-mandataire-automobile.png\",\"contentUrl\":\"http:\/\/www.carideal.com\/blog\/wp-content\/uploads\/2016\/03\/logo-carideal-mandataire-automobile.png\",\"width\":300,\"height\":300,\"caption\":\"Carideal\"},\"image\":{\"@id\":\"https:\/\/www.carideal.com\/blog\/#\/schema\/logo\/image\/\"},\"sameAs\":[\"https:\/\/www.facebook.com\/Carideal.mandataire.automobile\",\"https:\/\/x.com\/caridealauto\",\"https:\/\/www.instagram.com\/carideal1\/\",\"https:\/\/www.linkedin.com\/company\/carideal.com\",\"https:\/\/fr.pinterest.com\/schiavonsas\/\",\"https:\/\/www.youtube.com\/user\/caridealsas\"]},{\"@type\":\"Person\",\"@id\":\"https:\/\/www.carideal.com\/blog\/#\/schema\/person\/985c7e757d1042d647f21bfaf8d41ebc\",\"name\":\"N.S Carideal\",\"image\":{\"@type\":\"ImageObject\",\"inLanguage\":\"fr-FR\",\"@id\":\"https:\/\/www.carideal.com\/blog\/#\/schema\/person\/image\/\",\"url\":\"https:\/\/secure.gravatar.com\/avatar\/edb7ccdf1a4e3d14aef967760d354d0e?s=96&r=g\",\"contentUrl\":\"https:\/\/secure.gravatar.com\/avatar\/edb7ccdf1a4e3d14aef967760d354d0e?s=96&r=g\",\"caption\":\"N.S Carideal\"},\"description\":\"Depuis tout petit fan d'automobile. Il est question d'essayer et de comparer toutes ces voitures qui nous ont fait r\u00e9ver, avant que celles-ci ne devient uniquement des voitures de collection.\",\"sameAs\":[\"http:\/\/www.carideal.com\/blog\",\"https:\/\/www.facebook.com\/Carideal.mandataire.automobile\/\",\"https:\/\/www.linkedin.com\/in\/nschiavon\/\",\"https:\/\/www.youtube.com\/user\/caridealsas\/\"],\"url\":\"https:\/\/www.carideal.com\/blog\/author\/admin_carideal\/\"}]}<\/script>\n<!-- \/ Yoast SEO plugin. -->","yoast_head_json":{"title":"Porsche Macan 2014 - Pr\u00e9sentation - Blog auto Carid\u00e9al","description":"Le Porsche Macan 2014, petit fr\u00eare du Porsche Cayenne est assembl\u00e9 sur une base d'Audi Q5 et profitera de moteurs \u00e0 six cylindres et d'une transmission 4WD","robots":{"index":"index","follow":"follow","max-snippet":"max-snippet:-1","max-image-preview":"max-image-preview:large","max-video-preview":"max-video-preview:-1"},"canonical":"https:\/\/www.carideal.com\/blog\/2014\/01\/08\/porsche-macan-2\/","og_locale":"fr_FR","og_type":"article","og_title":"Porsche Macan 2014 - Pr\u00e9sentation - Blog auto Carid\u00e9al","og_description":"Le Porsche Macan 2014, petit fr\u00eare du Porsche Cayenne est assembl\u00e9 sur une base d'Audi Q5 et profitera de moteurs \u00e0 six cylindres et d'une transmission 4WD","og_url":"https:\/\/www.carideal.com\/blog\/2014\/01\/08\/porsche-macan-2\/","og_site_name":"Blog auto Carid\u00e9al","article_publisher":"https:\/\/www.facebook.com\/Carideal.mandataire.automobile","article_author":"https:\/\/www.facebook.com\/Carideal.mandataire.automobile\/","article_published_time":"2014-01-08T22:05:00+00:00","article_modified_time":"2024-02-11T12:10:45+00:00","og_image":[{"width":800,"height":533,"url":"https:\/\/www.carideal.com\/blog\/wp-content\/uploads\/2014\/01\/porsche-macan-carideal-mandataire-automobile-1-e1482832709727.jpg","type":"image\/jpeg"}],"author":"N.S Carideal","twitter_card":"summary_large_image","twitter_creator":"@caridealauto","twitter_site":"@caridealauto","twitter_misc":{"\u00c9crit par":"N.S Carideal","Dur\u00e9e de lecture estim\u00e9e":"3 minutes"},"schema":{"@context":"https:\/\/schema.org","@graph":[{"@type":"Article","@id":"https:\/\/www.carideal.com\/blog\/2014\/01\/08\/porsche-macan-2\/#article","isPartOf":{"@id":"https:\/\/www.carideal.com\/blog\/2014\/01\/08\/porsche-macan-2\/"},"author":{"name":"N.S Carideal","@id":"https:\/\/www.carideal.com\/blog\/#\/schema\/person\/985c7e757d1042d647f21bfaf8d41ebc"},"headline":"Porsche Macan 2014 &#8211; Pr\u00e9sentation","datePublished":"2014-01-08T22:05:00+00:00","dateModified":"2024-02-11T12:10:45+00:00","mainEntityOfPage":{"@id":"https:\/\/www.carideal.com\/blog\/2014\/01\/08\/porsche-macan-2\/"},"wordCount":363,"commentCount":0,"publisher":{"@id":"https:\/\/www.carideal.com\/blog\/#organization"},"image":{"@id":"https:\/\/www.carideal.com\/blog\/2014\/01\/08\/porsche-macan-2\/#primaryimage"},"thumbnailUrl":"https:\/\/www.carideal.com\/blog\/wp-content\/uploads\/2014\/01\/porsche-macan-carideal-mandataire-automobile-1-e1482832709727.jpg","keywords":["Cayenne"],"articleSection":["4X4 Actualit\u00e9","Actualit\u00e9 Constructeur automobile","Actualit\u00e9 Porsche","SUV","Type de v\u00e9hicule"],"inLanguage":"fr-FR","potentialAction":[{"@type":"CommentAction","name":"Comment","target":["https:\/\/www.carideal.com\/blog\/2014\/01\/08\/porsche-macan-2\/#respond"]}]},{"@type":"WebPage","@id":"https:\/\/www.carideal.com\/blog\/2014\/01\/08\/porsche-macan-2\/","url":"https:\/\/www.carideal.com\/blog\/2014\/01\/08\/porsche-macan-2\/","name":"Porsche Macan 2014 - Pr\u00e9sentation - Blog auto Carid\u00e9al","isPartOf":{"@id":"https:\/\/www.carideal.com\/blog\/#website"},"primaryImageOfPage":{"@id":"https:\/\/www.carideal.com\/blog\/2014\/01\/08\/porsche-macan-2\/#primaryimage"},"image":{"@id":"https:\/\/www.carideal.com\/blog\/2014\/01\/08\/porsche-macan-2\/#primaryimage"},"thumbnailUrl":"https:\/\/www.carideal.com\/blog\/wp-content\/uploads\/2014\/01\/porsche-macan-carideal-mandataire-automobile-1-e1482832709727.jpg","datePublished":"2014-01-08T22:05:00+00:00","dateModified":"2024-02-11T12:10:45+00:00","description":"Le Porsche Macan 2014, petit fr\u00eare du Porsche Cayenne est assembl\u00e9 sur une base d'Audi Q5 et profitera de moteurs \u00e0 six cylindres et d'une transmission 4WD","breadcrumb":{"@id":"https:\/\/www.carideal.com\/blog\/2014\/01\/08\/porsche-macan-2\/#breadcrumb"},"inLanguage":"fr-FR","potentialAction":[{"@type":"ReadAction","target":["https:\/\/www.carideal.com\/blog\/2014\/01\/08\/porsche-macan-2\/"]}]},{"@type":"ImageObject","inLanguage":"fr-FR","@id":"https:\/\/www.carideal.com\/blog\/2014\/01\/08\/porsche-macan-2\/#primaryimage","url":"https:\/\/www.carideal.com\/blog\/wp-content\/uploads\/2014\/01\/porsche-macan-carideal-mandataire-automobile-1-e1482832709727.jpg","contentUrl":"https:\/\/www.carideal.com\/blog\/wp-content\/uploads\/2014\/01\/porsche-macan-carideal-mandataire-automobile-1-e1482832709727.jpg","width":800,"height":533,"caption":"Porsche Macan 2014"},{"@type":"BreadcrumbList","@id":"https:\/\/www.carideal.com\/blog\/2014\/01\/08\/porsche-macan-2\/#breadcrumb","itemListElement":[{"@type":"ListItem","position":1,"name":"Blog Carid\u00e9al","item":"https:\/\/www.carideal.com\/blog\/"},{"@type":"ListItem","position":2,"name":"Actualit\u00e9 constructeur automobile","item":"https:\/\/www.carideal.com\/blog\/constructeur\/"},{"@type":"ListItem","position":3,"name":"Actualit\u00e9 Porsche","item":"https:\/\/www.carideal.com\/blog\/constructeur\/porsche\/"},{"@type":"ListItem","position":4,"name":"Porsche Macan 2014 &#8211; Pr\u00e9sentation"}]},{"@type":"WebSite","@id":"https:\/\/www.carideal.com\/blog\/#website","url":"https:\/\/www.carideal.com\/blog\/","name":"Blog auto Carid\u00e9al","description":"Actualit\u00e9 auto par des passionn\u00e9s","publisher":{"@id":"https:\/\/www.carideal.com\/blog\/#organization"},"potentialAction":[{"@type":"SearchAction","target":{"@type":"EntryPoint","urlTemplate":"https:\/\/www.carideal.com\/blog\/?s={search_term_string}"},"query-input":{"@type":"PropertyValueSpecification","valueRequired":true,"valueName":"search_term_string"}}],"inLanguage":"fr-FR"},{"@type":"Organization","@id":"https:\/\/www.carideal.com\/blog\/#organization","name":"Carideal","url":"https:\/\/www.carideal.com\/blog\/","logo":{"@type":"ImageObject","inLanguage":"fr-FR","@id":"https:\/\/www.carideal.com\/blog\/#\/schema\/logo\/image\/","url":"http:\/\/www.carideal.com\/blog\/wp-content\/uploads\/2016\/03\/logo-carideal-mandataire-automobile.png","contentUrl":"http:\/\/www.carideal.com\/blog\/wp-content\/uploads\/2016\/03\/logo-carideal-mandataire-automobile.png","width":300,"height":300,"caption":"Carideal"},"image":{"@id":"https:\/\/www.carideal.com\/blog\/#\/schema\/logo\/image\/"},"sameAs":["https:\/\/www.facebook.com\/Carideal.mandataire.automobile","https:\/\/x.com\/caridealauto","https:\/\/www.instagram.com\/carideal1\/","https:\/\/www.linkedin.com\/company\/carideal.com","https:\/\/fr.pinterest.com\/schiavonsas\/","https:\/\/www.youtube.com\/user\/caridealsas"]},{"@type":"Person","@id":"https:\/\/www.carideal.com\/blog\/#\/schema\/person\/985c7e757d1042d647f21bfaf8d41ebc","name":"N.S Carideal","image":{"@type":"ImageObject","inLanguage":"fr-FR","@id":"https:\/\/www.carideal.com\/blog\/#\/schema\/person\/image\/","url":"https:\/\/secure.gravatar.com\/avatar\/edb7ccdf1a4e3d14aef967760d354d0e?s=96&r=g","contentUrl":"https:\/\/secure.gravatar.com\/avatar\/edb7ccdf1a4e3d14aef967760d354d0e?s=96&r=g","caption":"N.S Carideal"},"description":"Depuis tout petit fan d'automobile. Il est question d'essayer et de comparer toutes ces voitures qui nous ont fait r\u00e9ver, avant que celles-ci ne devient uniquement des voitures de collection.","sameAs":["http:\/\/www.carideal.com\/blog","https:\/\/www.facebook.com\/Carideal.mandataire.automobile\/","https:\/\/www.linkedin.com\/in\/nschiavon\/","https:\/\/www.youtube.com\/user\/caridealsas\/"],"url":"https:\/\/www.carideal.com\/blog\/author\/admin_carideal\/"}]}},"uagb_featured_image_src":{"full":["https:\/\/www.carideal.com\/blog\/wp-content\/uploads\/2014\/01\/porsche-macan-carideal-mandataire-automobile-1-e1482832709727.jpg",800,533,false],"thumbnail":["https:\/\/www.carideal.com\/blog\/wp-content\/uploads\/2014\/01\/porsche-macan-carideal-mandataire-automobile-1-150x150.jpg",150,150,true],"medium":["https:\/\/www.carideal.com\/blog\/wp-content\/uploads\/2014\/01\/porsche-macan-carideal-mandataire-automobile-1-300x200.jpg",300,200,true],"medium_large":["https:\/\/www.carideal.com\/blog\/wp-content\/uploads\/2014\/01\/porsche-macan-carideal-mandataire-automobile-1-768x512.jpg",768,512,true],"large":["https:\/\/www.carideal.com\/blog\/wp-content\/uploads\/2014\/01\/porsche-macan-carideal-mandataire-automobile-1-e1482832709727.jpg",800,533,false],"1536x1536":["https:\/\/www.carideal.com\/blog\/wp-content\/uploads\/2014\/01\/porsche-macan-carideal-mandataire-automobile-1-e1482832709727.jpg",800,533,false],"2048x2048":["https:\/\/www.carideal.com\/blog\/wp-content\/uploads\/2014\/01\/porsche-macan-carideal-mandataire-automobile-1-e1482832709727.jpg",800,533,false],"wppr-widget":["https:\/\/www.carideal.com\/blog\/wp-content\/uploads\/2014\/01\/porsche-macan-carideal-mandataire-automobile-1-e1482832709727.jpg",50,33,false]},"uagb_author_info":{"display_name":"N.S Carideal","author_link":"https:\/\/www.carideal.com\/blog\/author\/admin_carideal\/"},"uagb_comment_info":0,"uagb_excerpt":"Porsche Macan 2014 sera commercialis\u00e9 en Avril \u00e0 Partir de 59873 \u20ac Le Porsche Macan 2014,&nbsp;petit fr\u00eare du Porsche Cayenne est assembl\u00e9 sur une base d'Audi Q5 et profitera de moteurs \u00e0 six cylindres et d'une transmission int\u00e9grale pour se position sur le march\u00e9 premium des SUV compacts de Luxe. Le Porsche Macan veut dire\u2026","_links":{"self":[{"href":"https:\/\/www.carideal.com\/blog\/wp-json\/wp\/v2\/posts\/633"}],"collection":[{"href":"https:\/\/www.carideal.com\/blog\/wp-json\/wp\/v2\/posts"}],"about":[{"href":"https:\/\/www.carideal.com\/blog\/wp-json\/wp\/v2\/types\/post"}],"author":[{"embeddable":true,"href":"https:\/\/www.carideal.com\/blog\/wp-json\/wp\/v2\/users\/1"}],"replies":[{"embeddable":true,"href":"https:\/\/www.carideal.com\/blog\/wp-json\/wp\/v2\/comments?post=633"}],"version-history":[{"count":0,"href":"https:\/\/www.carideal.com\/blog\/wp-json\/wp\/v2\/posts\/633\/revisions"}],"wp:featuredmedia":[{"embeddable":true,"href":"https:\/\/www.carideal.com\/blog\/wp-json\/wp\/v2\/media\/14361"}],"wp:attachment":[{"href":"https:\/\/www.carideal.com\/blog\/wp-json\/wp\/v2\/media?parent=633"}],"wp:term":[{"taxonomy":"category","embeddable":true,"href":"https:\/\/www.carideal.com\/blog\/wp-json\/wp\/v2\/categories?post=633"},{"taxonomy":"post_tag","embeddable":true,"href":"https:\/\/www.carideal.com\/blog\/wp-json\/wp\/v2\/tags?post=633"}],"curies":[{"name":"wp","href":"https:\/\/api.w.org\/{rel}","templated":true}]}}