{"id":632,"date":"2014-01-08T12:22:00","date_gmt":"2014-01-08T12:22:00","guid":{"rendered":"http:\/\/carideal.com\/blog\/?p=632"},"modified":"2020-03-07T16:53:41","modified_gmt":"2020-03-07T15:53:41","slug":"nouvelle-mini-2014-tout-change-mais-cela-ne-se-voit-pas","status":"publish","type":"post","link":"https:\/\/www.carideal.com\/blog\/2014\/01\/08\/nouvelle-mini-2014-tout-change-mais-cela-ne-se-voit-pas\/","title":{"rendered":"Nouvelle Mini 2014 Tout change mais cela ne se voit pas"},"content":{"rendered":"<p><img decoding=\"async\" title=\"mini-cooper-2014-achat-carideal-mandataire-automobile.jpg, janv. 2014\" src=\"\/blog\/public\/.mini-cooper-2014-achat-carideal-mandataire-automobile_m.jpg\" alt=\"mini-cooper-2014-achat-carideal-mandataire-automobile.jpg\" \/><\/p>\n<blockquote><p>Mini 2014 Tout Change elle sera commercialis\u00e9e en Mars 2014 \u00e0 partir de 19950 \u20ac<\/p><\/blockquote>\n<p><strong>Nouvelle Mini 2014 Tout change mais cela ne se voit pas<\/strong><\/p>\n<p>Vu de loin rien ne change sur cette nouvelle MINI de 2014 mais en fait il n'en est rien tout change, m\u00eame la plateforme qui est all\u00e9g\u00e9e, elle sera \u00e9quip\u00e9e des premiers moteurs \u00e0 trois cylindres de BMW et montera en gamme encore gr\u00e2ce \u00e0 une technologie embarqu\u00e9e haut de gamme, de Mini elle passe \u00e0 Grandi, en prenant 10 cm de longueur.<br \/>\nA la voir c'est la m\u00eame mais en regardant de plus pr\u00e8s et en la comparant avec les premi\u00e8re sortie en 2001, on se rend bien compte qu'elle a bien \u00e9volu\u00e9e.<br \/>\nLe capot est plus haut, les phares sont plus gros, et la calandre descend plus bas.<br \/>\nLe champ de manoeuvre des stylistes est compliqu\u00e9 car il est impossible de toucher au \"codes\" de la Mini. La mini fait des progr\u00e8s en terme de qualit\u00e9 per\u00e7ue, afin de correspondre aux attentes des clients de son segment premiun avec des plastiques moins \"cheap\" des surfaces mouss\u00e9es, mais ce n'est pas une Audi A1 ou une Citroen DS3.<br \/>\nLes ing\u00e9nieurs ont eu eux plus de champ de libert\u00e9 dans leurs manoeuvres, la plateforme a \u00e9t\u00e9 revue, avce des parties en aluminium, plus l\u00e9g\u00e8re, et avec une g\u00e9om\u00e9trie revue.<br \/>\n<img decoding=\"async\" title=\"Mini_Mini_2014_technologie-carideal-mandataire-automobile.jpg, janv. 2014\" src=\"\/blog\/public\/.Mini_Mini_2014_technologie-carideal-mandataire-automobile_m.jpg\" alt=\"Mini_Mini_2014_technologie-carideal-mandataire-automobile.jpg\" \/><\/p>\n<blockquote><p>Technologie embarqu\u00e9e en hausse sur la Mini 2014<\/p><\/blockquote>\n<p>La Mini 2014 s'\u00e9quipe de cam\u00e9ra et autres capteurs \u00e9lectroniques pour proposer une technologie digne du segment sup\u00e9rieur. Elle sera \u00e9quip\u00e9e d'un syst\u00e8me d'alerte anticollision pi\u00e9ton et v\u00e9hicule, avec freinage automatique \u00e0 basse vitesse en cas d'urgence. Elle pourra se stationner quasiment toute seule en g\u00e9rant la direction pour faire un cr\u00e9neau. Elle s'\u00e9quipe d'un r\u00e9gulateur actif qui maintient la distance avec le v\u00e9hicule de devant et l'affichage t\u00eate haute est d\u00e9sormais disponible. ce dernier se fait via un petit \u00e9cran escamotable derri\u00e8re les compteurs comme chez Peugeot....<br \/>\nFaut juste conna\u00eetre le prix de toutes ces options.<\/p>\n<p><strong>Habitabilit\u00e9 :<\/strong> On n'y fera pas de longs voyages, mais les places arri\u00e8re sont un peu plus spacieuses et l'assise plus profonde est b\u00e9n\u00e9fique au confort. Le coffre passe de ridicule \u00e0 acceptable en gagnant 51 litres et devient modulaire gr\u00e2ce \u00e0 une banquette 60\/40 au lieu de 50\/50. La planche de bord ne change pas la position de conduite est ultra basse.<br \/>\nMini se plie au \u00e9mission de CO2, la Cooper et la Cooper D n'y d\u00e9rogent pas avec m\u00eame des moteurs essences \u00e0 trois cylindres. Par contre la Cooper S reste un quatre cylindre avec une technologie TWIN TURBO pour offrir 192 ch !!<br \/>\nElle devrait rester \u00e9conomique et proposer une version boite automatique.<br \/>\nLa Mini est inimitable mais devient s\u00e9rieusement concurrenc\u00e9e, elle ne manquera sans doute pas de proposer un programme de personnalisation qui rendra votre Mini unique... mais ch\u00e8re.<\/p>\n<p>Il n'y a pas que Mini,\u00a0<a href=\"http:\/\/www.carideal.com\/blog\/2013\/02\/24\/le-groupe-bmw-euphorique\/\">le groupe BMW est euphorique<\/a><\/p>\n<p><iframe loading=\"lazy\" src=\"\/\/www.youtube.com\/embed\/EyaanCVvFO4\" width=\"560\" height=\"315\" frameborder=\"0\" allowfullscreen=\"allowfullscreen\"><\/iframe><\/p>\n","protected":false},"excerpt":{"rendered":"<p>Mini 2014 Tout Change elle sera commercialis\u00e9e en Mars 2014 \u00e0 partir de 19950 \u20ac Nouvelle Mini 2014 Tout change mais cela ne se voit pas Vu de loin rien ne change sur cette nouvelle MINI de 2014 mais en fait il n&rsquo;en est rien tout change, m\u00eame la plateforme qui est all\u00e9g\u00e9e, elle sera &#8230; <a title=\"Nouvelle Mini 2014 Tout change mais cela ne se voit pas\" class=\"read-more\" href=\"https:\/\/www.carideal.com\/blog\/2014\/01\/08\/nouvelle-mini-2014-tout-change-mais-cela-ne-se-voit-pas\/\" aria-label=\"En savoir plus sur Nouvelle Mini 2014 Tout change mais cela ne se voit pas\">Lire plus<\/a><\/p>\n","protected":false},"author":1,"featured_media":0,"comment_status":"open","ping_status":"open","sticky":false,"template":"","format":"standard","meta":{"_uag_custom_page_level_css":"","_themeisle_gutenberg_block_has_review":false,"footnotes":""},"categories":[9],"tags":[],"class_list":["post-632","post","type-post","status-publish","format-standard","hentry","category-divers"],"wppr_data":[],"yoast_head":"<!-- This site is optimized with the Yoast SEO plugin v24.8.1 - https:\/\/yoast.com\/wordpress\/plugins\/seo\/ -->\n<title>Nouvelle Mini 2014 Tout change mais cela ne se voit pas - Blog auto Carid\u00e9al<\/title>\n<meta name=\"robots\" content=\"index, follow, max-snippet:-1, max-image-preview:large, max-video-preview:-1\" \/>\n<link rel=\"canonical\" href=\"https:\/\/www.carideal.com\/blog\/2014\/01\/08\/nouvelle-mini-2014-tout-change-mais-cela-ne-se-voit-pas\/\" \/>\n<meta property=\"og:locale\" content=\"fr_FR\" \/>\n<meta property=\"og:type\" content=\"article\" \/>\n<meta property=\"og:title\" content=\"Nouvelle Mini 2014 Tout change mais cela ne se voit pas - Blog auto Carid\u00e9al\" \/>\n<meta property=\"og:description\" content=\"Mini 2014 Tout Change elle sera commercialis\u00e9e en Mars 2014 \u00e0 partir de 19950 \u20ac Nouvelle Mini 2014 Tout change mais cela ne se voit pas Vu de loin rien ne change sur cette nouvelle MINI de 2014 mais en fait il n&#039;en est rien tout change, m\u00eame la plateforme qui est all\u00e9g\u00e9e, elle sera ... Lire plus\" \/>\n<meta property=\"og:url\" content=\"https:\/\/www.carideal.com\/blog\/2014\/01\/08\/nouvelle-mini-2014-tout-change-mais-cela-ne-se-voit-pas\/\" \/>\n<meta property=\"og:site_name\" content=\"Blog auto Carid\u00e9al\" \/>\n<meta property=\"article:publisher\" content=\"https:\/\/www.facebook.com\/Carideal.mandataire.automobile\" \/>\n<meta property=\"article:author\" content=\"https:\/\/www.facebook.com\/Carideal.mandataire.automobile\/\" \/>\n<meta property=\"article:published_time\" content=\"2014-01-08T12:22:00+00:00\" \/>\n<meta property=\"article:modified_time\" content=\"2020-03-07T15:53:41+00:00\" \/>\n<meta property=\"og:image\" content=\"https:\/\/www.carideal.com\/blog\/wp-content\/uploads\/2016\/03\/logo-carideal-mandataire-automobile.png\" \/>\n\t<meta property=\"og:image:width\" content=\"300\" \/>\n\t<meta property=\"og:image:height\" content=\"300\" \/>\n\t<meta property=\"og:image:type\" content=\"image\/png\" \/>\n<meta name=\"author\" content=\"N.S Carideal\" \/>\n<meta name=\"twitter:card\" content=\"summary_large_image\" \/>\n<meta name=\"twitter:creator\" content=\"@caridealauto\" \/>\n<meta name=\"twitter:site\" content=\"@caridealauto\" \/>\n<meta name=\"twitter:label1\" content=\"\u00c9crit par\" \/>\n\t<meta name=\"twitter:data1\" content=\"N.S Carideal\" \/>\n\t<meta name=\"twitter:label2\" content=\"Dur\u00e9e de lecture estim\u00e9e\" \/>\n\t<meta name=\"twitter:data2\" content=\"3 minutes\" \/>\n<script type=\"application\/ld+json\" class=\"yoast-schema-graph\">{\"@context\":\"https:\/\/schema.org\",\"@graph\":[{\"@type\":\"Article\",\"@id\":\"https:\/\/www.carideal.com\/blog\/2014\/01\/08\/nouvelle-mini-2014-tout-change-mais-cela-ne-se-voit-pas\/#article\",\"isPartOf\":{\"@id\":\"https:\/\/www.carideal.com\/blog\/2014\/01\/08\/nouvelle-mini-2014-tout-change-mais-cela-ne-se-voit-pas\/\"},\"author\":{\"name\":\"N.S Carideal\",\"@id\":\"https:\/\/www.carideal.com\/blog\/#\/schema\/person\/985c7e757d1042d647f21bfaf8d41ebc\"},\"headline\":\"Nouvelle Mini 2014 Tout change mais cela ne se voit pas\",\"datePublished\":\"2014-01-08T12:22:00+00:00\",\"dateModified\":\"2020-03-07T15:53:41+00:00\",\"mainEntityOfPage\":{\"@id\":\"https:\/\/www.carideal.com\/blog\/2014\/01\/08\/nouvelle-mini-2014-tout-change-mais-cela-ne-se-voit-pas\/\"},\"wordCount\":515,\"commentCount\":0,\"publisher\":{\"@id\":\"https:\/\/www.carideal.com\/blog\/#organization\"},\"articleSection\":[\"Divers\"],\"inLanguage\":\"fr-FR\",\"potentialAction\":[{\"@type\":\"CommentAction\",\"name\":\"Comment\",\"target\":[\"https:\/\/www.carideal.com\/blog\/2014\/01\/08\/nouvelle-mini-2014-tout-change-mais-cela-ne-se-voit-pas\/#respond\"]}]},{\"@type\":\"WebPage\",\"@id\":\"https:\/\/www.carideal.com\/blog\/2014\/01\/08\/nouvelle-mini-2014-tout-change-mais-cela-ne-se-voit-pas\/\",\"url\":\"https:\/\/www.carideal.com\/blog\/2014\/01\/08\/nouvelle-mini-2014-tout-change-mais-cela-ne-se-voit-pas\/\",\"name\":\"Nouvelle Mini 2014 Tout change mais cela ne se voit pas - Blog auto Carid\u00e9al\",\"isPartOf\":{\"@id\":\"https:\/\/www.carideal.com\/blog\/#website\"},\"datePublished\":\"2014-01-08T12:22:00+00:00\",\"dateModified\":\"2020-03-07T15:53:41+00:00\",\"breadcrumb\":{\"@id\":\"https:\/\/www.carideal.com\/blog\/2014\/01\/08\/nouvelle-mini-2014-tout-change-mais-cela-ne-se-voit-pas\/#breadcrumb\"},\"inLanguage\":\"fr-FR\",\"potentialAction\":[{\"@type\":\"ReadAction\",\"target\":[\"https:\/\/www.carideal.com\/blog\/2014\/01\/08\/nouvelle-mini-2014-tout-change-mais-cela-ne-se-voit-pas\/\"]}]},{\"@type\":\"BreadcrumbList\",\"@id\":\"https:\/\/www.carideal.com\/blog\/2014\/01\/08\/nouvelle-mini-2014-tout-change-mais-cela-ne-se-voit-pas\/#breadcrumb\",\"itemListElement\":[{\"@type\":\"ListItem\",\"position\":1,\"name\":\"Blog Carid\u00e9al\",\"item\":\"https:\/\/www.carideal.com\/blog\/\"},{\"@type\":\"ListItem\",\"position\":2,\"name\":\"Divers\",\"item\":\"https:\/\/www.carideal.com\/blog\/divers\/\"},{\"@type\":\"ListItem\",\"position\":3,\"name\":\"Nouvelle Mini 2014 Tout change mais cela ne se voit pas\"}]},{\"@type\":\"WebSite\",\"@id\":\"https:\/\/www.carideal.com\/blog\/#website\",\"url\":\"https:\/\/www.carideal.com\/blog\/\",\"name\":\"Blog auto Carid\u00e9al\",\"description\":\"Actualit\u00e9 auto par des passionn\u00e9s\",\"publisher\":{\"@id\":\"https:\/\/www.carideal.com\/blog\/#organization\"},\"potentialAction\":[{\"@type\":\"SearchAction\",\"target\":{\"@type\":\"EntryPoint\",\"urlTemplate\":\"https:\/\/www.carideal.com\/blog\/?s={search_term_string}\"},\"query-input\":{\"@type\":\"PropertyValueSpecification\",\"valueRequired\":true,\"valueName\":\"search_term_string\"}}],\"inLanguage\":\"fr-FR\"},{\"@type\":\"Organization\",\"@id\":\"https:\/\/www.carideal.com\/blog\/#organization\",\"name\":\"Carideal\",\"url\":\"https:\/\/www.carideal.com\/blog\/\",\"logo\":{\"@type\":\"ImageObject\",\"inLanguage\":\"fr-FR\",\"@id\":\"https:\/\/www.carideal.com\/blog\/#\/schema\/logo\/image\/\",\"url\":\"http:\/\/www.carideal.com\/blog\/wp-content\/uploads\/2016\/03\/logo-carideal-mandataire-automobile.png\",\"contentUrl\":\"http:\/\/www.carideal.com\/blog\/wp-content\/uploads\/2016\/03\/logo-carideal-mandataire-automobile.png\",\"width\":300,\"height\":300,\"caption\":\"Carideal\"},\"image\":{\"@id\":\"https:\/\/www.carideal.com\/blog\/#\/schema\/logo\/image\/\"},\"sameAs\":[\"https:\/\/www.facebook.com\/Carideal.mandataire.automobile\",\"https:\/\/x.com\/caridealauto\",\"https:\/\/www.instagram.com\/carideal1\/\",\"https:\/\/www.linkedin.com\/company\/carideal.com\",\"https:\/\/fr.pinterest.com\/schiavonsas\/\",\"https:\/\/www.youtube.com\/user\/caridealsas\"]},{\"@type\":\"Person\",\"@id\":\"https:\/\/www.carideal.com\/blog\/#\/schema\/person\/985c7e757d1042d647f21bfaf8d41ebc\",\"name\":\"N.S Carideal\",\"image\":{\"@type\":\"ImageObject\",\"inLanguage\":\"fr-FR\",\"@id\":\"https:\/\/www.carideal.com\/blog\/#\/schema\/person\/image\/\",\"url\":\"https:\/\/secure.gravatar.com\/avatar\/edb7ccdf1a4e3d14aef967760d354d0e?s=96&r=g\",\"contentUrl\":\"https:\/\/secure.gravatar.com\/avatar\/edb7ccdf1a4e3d14aef967760d354d0e?s=96&r=g\",\"caption\":\"N.S Carideal\"},\"description\":\"Depuis tout petit fan d'automobile. Il est question d'essayer et de comparer toutes ces voitures qui nous ont fait r\u00e9ver, avant que celles-ci ne devient uniquement des voitures de collection.\",\"sameAs\":[\"http:\/\/www.carideal.com\/blog\",\"https:\/\/www.facebook.com\/Carideal.mandataire.automobile\/\",\"https:\/\/www.linkedin.com\/in\/nschiavon\/\",\"https:\/\/www.youtube.com\/user\/caridealsas\/\"],\"url\":\"https:\/\/www.carideal.com\/blog\/author\/admin_carideal\/\"}]}<\/script>\n<!-- \/ Yoast SEO plugin. -->","yoast_head_json":{"title":"Nouvelle Mini 2014 Tout change mais cela ne se voit pas - Blog auto Carid\u00e9al","robots":{"index":"index","follow":"follow","max-snippet":"max-snippet:-1","max-image-preview":"max-image-preview:large","max-video-preview":"max-video-preview:-1"},"canonical":"https:\/\/www.carideal.com\/blog\/2014\/01\/08\/nouvelle-mini-2014-tout-change-mais-cela-ne-se-voit-pas\/","og_locale":"fr_FR","og_type":"article","og_title":"Nouvelle Mini 2014 Tout change mais cela ne se voit pas - Blog auto Carid\u00e9al","og_description":"Mini 2014 Tout Change elle sera commercialis\u00e9e en Mars 2014 \u00e0 partir de 19950 \u20ac Nouvelle Mini 2014 Tout change mais cela ne se voit pas Vu de loin rien ne change sur cette nouvelle MINI de 2014 mais en fait il n'en est rien tout change, m\u00eame la plateforme qui est all\u00e9g\u00e9e, elle sera ... Lire plus","og_url":"https:\/\/www.carideal.com\/blog\/2014\/01\/08\/nouvelle-mini-2014-tout-change-mais-cela-ne-se-voit-pas\/","og_site_name":"Blog auto Carid\u00e9al","article_publisher":"https:\/\/www.facebook.com\/Carideal.mandataire.automobile","article_author":"https:\/\/www.facebook.com\/Carideal.mandataire.automobile\/","article_published_time":"2014-01-08T12:22:00+00:00","article_modified_time":"2020-03-07T15:53:41+00:00","og_image":[{"width":300,"height":300,"url":"https:\/\/www.carideal.com\/blog\/wp-content\/uploads\/2016\/03\/logo-carideal-mandataire-automobile.png","type":"image\/png"}],"author":"N.S Carideal","twitter_card":"summary_large_image","twitter_creator":"@caridealauto","twitter_site":"@caridealauto","twitter_misc":{"\u00c9crit par":"N.S Carideal","Dur\u00e9e de lecture estim\u00e9e":"3 minutes"},"schema":{"@context":"https:\/\/schema.org","@graph":[{"@type":"Article","@id":"https:\/\/www.carideal.com\/blog\/2014\/01\/08\/nouvelle-mini-2014-tout-change-mais-cela-ne-se-voit-pas\/#article","isPartOf":{"@id":"https:\/\/www.carideal.com\/blog\/2014\/01\/08\/nouvelle-mini-2014-tout-change-mais-cela-ne-se-voit-pas\/"},"author":{"name":"N.S Carideal","@id":"https:\/\/www.carideal.com\/blog\/#\/schema\/person\/985c7e757d1042d647f21bfaf8d41ebc"},"headline":"Nouvelle Mini 2014 Tout change mais cela ne se voit pas","datePublished":"2014-01-08T12:22:00+00:00","dateModified":"2020-03-07T15:53:41+00:00","mainEntityOfPage":{"@id":"https:\/\/www.carideal.com\/blog\/2014\/01\/08\/nouvelle-mini-2014-tout-change-mais-cela-ne-se-voit-pas\/"},"wordCount":515,"commentCount":0,"publisher":{"@id":"https:\/\/www.carideal.com\/blog\/#organization"},"articleSection":["Divers"],"inLanguage":"fr-FR","potentialAction":[{"@type":"CommentAction","name":"Comment","target":["https:\/\/www.carideal.com\/blog\/2014\/01\/08\/nouvelle-mini-2014-tout-change-mais-cela-ne-se-voit-pas\/#respond"]}]},{"@type":"WebPage","@id":"https:\/\/www.carideal.com\/blog\/2014\/01\/08\/nouvelle-mini-2014-tout-change-mais-cela-ne-se-voit-pas\/","url":"https:\/\/www.carideal.com\/blog\/2014\/01\/08\/nouvelle-mini-2014-tout-change-mais-cela-ne-se-voit-pas\/","name":"Nouvelle Mini 2014 Tout change mais cela ne se voit pas - Blog auto Carid\u00e9al","isPartOf":{"@id":"https:\/\/www.carideal.com\/blog\/#website"},"datePublished":"2014-01-08T12:22:00+00:00","dateModified":"2020-03-07T15:53:41+00:00","breadcrumb":{"@id":"https:\/\/www.carideal.com\/blog\/2014\/01\/08\/nouvelle-mini-2014-tout-change-mais-cela-ne-se-voit-pas\/#breadcrumb"},"inLanguage":"fr-FR","potentialAction":[{"@type":"ReadAction","target":["https:\/\/www.carideal.com\/blog\/2014\/01\/08\/nouvelle-mini-2014-tout-change-mais-cela-ne-se-voit-pas\/"]}]},{"@type":"BreadcrumbList","@id":"https:\/\/www.carideal.com\/blog\/2014\/01\/08\/nouvelle-mini-2014-tout-change-mais-cela-ne-se-voit-pas\/#breadcrumb","itemListElement":[{"@type":"ListItem","position":1,"name":"Blog Carid\u00e9al","item":"https:\/\/www.carideal.com\/blog\/"},{"@type":"ListItem","position":2,"name":"Divers","item":"https:\/\/www.carideal.com\/blog\/divers\/"},{"@type":"ListItem","position":3,"name":"Nouvelle Mini 2014 Tout change mais cela ne se voit pas"}]},{"@type":"WebSite","@id":"https:\/\/www.carideal.com\/blog\/#website","url":"https:\/\/www.carideal.com\/blog\/","name":"Blog auto Carid\u00e9al","description":"Actualit\u00e9 auto par des passionn\u00e9s","publisher":{"@id":"https:\/\/www.carideal.com\/blog\/#organization"},"potentialAction":[{"@type":"SearchAction","target":{"@type":"EntryPoint","urlTemplate":"https:\/\/www.carideal.com\/blog\/?s={search_term_string}"},"query-input":{"@type":"PropertyValueSpecification","valueRequired":true,"valueName":"search_term_string"}}],"inLanguage":"fr-FR"},{"@type":"Organization","@id":"https:\/\/www.carideal.com\/blog\/#organization","name":"Carideal","url":"https:\/\/www.carideal.com\/blog\/","logo":{"@type":"ImageObject","inLanguage":"fr-FR","@id":"https:\/\/www.carideal.com\/blog\/#\/schema\/logo\/image\/","url":"http:\/\/www.carideal.com\/blog\/wp-content\/uploads\/2016\/03\/logo-carideal-mandataire-automobile.png","contentUrl":"http:\/\/www.carideal.com\/blog\/wp-content\/uploads\/2016\/03\/logo-carideal-mandataire-automobile.png","width":300,"height":300,"caption":"Carideal"},"image":{"@id":"https:\/\/www.carideal.com\/blog\/#\/schema\/logo\/image\/"},"sameAs":["https:\/\/www.facebook.com\/Carideal.mandataire.automobile","https:\/\/x.com\/caridealauto","https:\/\/www.instagram.com\/carideal1\/","https:\/\/www.linkedin.com\/company\/carideal.com","https:\/\/fr.pinterest.com\/schiavonsas\/","https:\/\/www.youtube.com\/user\/caridealsas"]},{"@type":"Person","@id":"https:\/\/www.carideal.com\/blog\/#\/schema\/person\/985c7e757d1042d647f21bfaf8d41ebc","name":"N.S Carideal","image":{"@type":"ImageObject","inLanguage":"fr-FR","@id":"https:\/\/www.carideal.com\/blog\/#\/schema\/person\/image\/","url":"https:\/\/secure.gravatar.com\/avatar\/edb7ccdf1a4e3d14aef967760d354d0e?s=96&r=g","contentUrl":"https:\/\/secure.gravatar.com\/avatar\/edb7ccdf1a4e3d14aef967760d354d0e?s=96&r=g","caption":"N.S Carideal"},"description":"Depuis tout petit fan d'automobile. Il est question d'essayer et de comparer toutes ces voitures qui nous ont fait r\u00e9ver, avant que celles-ci ne devient uniquement des voitures de collection.","sameAs":["http:\/\/www.carideal.com\/blog","https:\/\/www.facebook.com\/Carideal.mandataire.automobile\/","https:\/\/www.linkedin.com\/in\/nschiavon\/","https:\/\/www.youtube.com\/user\/caridealsas\/"],"url":"https:\/\/www.carideal.com\/blog\/author\/admin_carideal\/"}]}},"uagb_featured_image_src":{"full":false,"thumbnail":false,"medium":false,"medium_large":false,"large":false,"1536x1536":false,"2048x2048":false,"wppr-widget":false},"uagb_author_info":{"display_name":"N.S Carideal","author_link":"https:\/\/www.carideal.com\/blog\/author\/admin_carideal\/"},"uagb_comment_info":0,"uagb_excerpt":"Mini 2014 Tout Change elle sera commercialis\u00e9e en Mars 2014 \u00e0 partir de 19950 \u20ac Nouvelle Mini 2014 Tout change mais cela ne se voit pas Vu de loin rien ne change sur cette nouvelle MINI de 2014 mais en fait il n'en est rien tout change, m\u00eame la plateforme qui est all\u00e9g\u00e9e, elle sera\u2026","_links":{"self":[{"href":"https:\/\/www.carideal.com\/blog\/wp-json\/wp\/v2\/posts\/632"}],"collection":[{"href":"https:\/\/www.carideal.com\/blog\/wp-json\/wp\/v2\/posts"}],"about":[{"href":"https:\/\/www.carideal.com\/blog\/wp-json\/wp\/v2\/types\/post"}],"author":[{"embeddable":true,"href":"https:\/\/www.carideal.com\/blog\/wp-json\/wp\/v2\/users\/1"}],"replies":[{"embeddable":true,"href":"https:\/\/www.carideal.com\/blog\/wp-json\/wp\/v2\/comments?post=632"}],"version-history":[{"count":0,"href":"https:\/\/www.carideal.com\/blog\/wp-json\/wp\/v2\/posts\/632\/revisions"}],"wp:attachment":[{"href":"https:\/\/www.carideal.com\/blog\/wp-json\/wp\/v2\/media?parent=632"}],"wp:term":[{"taxonomy":"category","embeddable":true,"href":"https:\/\/www.carideal.com\/blog\/wp-json\/wp\/v2\/categories?post=632"},{"taxonomy":"post_tag","embeddable":true,"href":"https:\/\/www.carideal.com\/blog\/wp-json\/wp\/v2\/tags?post=632"}],"curies":[{"name":"wp","href":"https:\/\/api.w.org\/{rel}","templated":true}]}}