{"id":622,"date":"2013-12-20T16:03:00","date_gmt":"2013-12-20T16:03:00","guid":{"rendered":"http:\/\/carideal.com\/blog\/?p=622"},"modified":"2020-03-07T16:46:57","modified_gmt":"2020-03-07T15:46:57","slug":"peugeot-308-r","status":"publish","type":"post","link":"https:\/\/www.carideal.com\/blog\/2013\/12\/20\/peugeot-308-r\/","title":{"rendered":"Peugeot 308 R : La m\u00e9chante !"},"content":{"rendered":"<h1>Pr\u00e9sentation de la Peugeot 308 R au salon de Francfort<\/h1>\n<p>Les 270 ch de la <strong>Peugeot 308 R<\/strong> pour bondir au salon de Francfort. Peugeot s'\u00e9mancipe apr\u00e8s la version GTI sur la <span style=\"text-decoration: underline;\">Peugeot 208<\/span> voila qu'il nous pr\u00e9pare une version R de 270 ch sur la Peugeot 308. Il parait qu'une version de s\u00e9rie est en pr\u00e9paration via le s\u00e9partement Peugeot Sport. La Peugeot 308 R sera \u00e9quip\u00e9 du moteur 1.6 THP de 270 ch du nouveau <span style=\"text-decoration: underline;\"><a href=\"http:\/\/www.carideal.com\/508-rcz\">Peugeot RCZ R<\/a><\/span> afin de devenir la voiture compact la plus puissante de la gamme Peugeot de tous les temps. 170 ch\/litre pour seulement 145 g de co2 \/km et une consommation de 6.3 l\/100 km.<\/p>\n<p><strong><span style=\"text-decoration: underline;\"><a href=\"http:\/\/www.carideal.com\/blog\/2013\/11\/11\/nouvelle-peugeot-308-essai\/\">Relisez l'essai de la nouvelle Peugeot 308<\/a><\/span><\/strong><\/p>\n<h2>Les Caract\u00e9ristiques techniques sur le papier de la Peugeot 308 R sont all\u00e9chantes<\/h2>\n<p>Le\u00a0ch\u00e2ssis de la Peugeot 308 R sera abaiss\u00e9e de 26 mm et le train avant sera equip\u00e9 d'un diff\u00e9rentiel a glissement limit\u00e9 torsen afin de passer la puissance au sol.<br \/>\nLes freins seront revus aussi.<\/p>\n<p>Il reste \u00e0 pourvoir essayer la belle, qui pour l'occasion rev\u00eat une peture sp\u00e9ciale bi-color, noir et rouge, qui lui va tr\u00e8s bien et superbement avec ses belles jantes aluminium sp\u00e9cifique. J'avoie que je suis un peu sceptique quant au passage de la puissance aux roues avant ?<\/p>\n<h2>La m\u00e9chante Peugeot 308 R<\/h2>\n<p>On a beau baisser le centre de gravit\u00e9 de la Peugeot 308 R de 2.6 cm, de lui adjoindre un ch\u00e2ssis plus ferme, et un excellent diff\u00e9rentiel \u00e0 glissement limit\u00e9 Torsen (le meilleur qui soit), 270 ch et surtout un couple de 330 Nm \u00e0 partir de 1900 tr\/min, une traction avant n'est pas faite pour cela. Alors \u00e0 quoi bon vous me direz d'avoir 270 ch ? Les cardans et les joints homocin\u00e9tiques vont souffrir\u00a0!<\/p>\n<p>Oui mais non en fait ! Car <a href=\"http:\/\/www.carideal.com\/blog\/marque-de-voiture-actualites-essais\/peugeot\/\">Peugeot<\/a>, comme <a href=\"http:\/\/www.carideal.com\/blog\/marque-de-voiture-actualites-essais\/renault\/\">Renault<\/a> avec sa <a href=\"http:\/\/www.carideal.com\/blog\/2012\/10\/25\/nouvelle-renault-megane-rs-red-bull-racing-2013-en-video\/\">M\u00e9gane RS<\/a> va jouer de l'antipatinage et de l'ESP pour maitriser l'arriv\u00e9 du couple et de la puissance sur sa Peugeot 308 R.<\/p>\n<p>Alors \u00e0 quoi bon disposer d'une traction avant de cette puissance ?<\/p>\n<p>&nbsp;<\/p>\n","protected":false},"excerpt":{"rendered":"<p>Pr\u00e9sentation de la Peugeot 308 R au salon de Francfort Les 270 ch de la Peugeot 308 R pour bondir au salon de Francfort. Peugeot s&rsquo;\u00e9mancipe apr\u00e8s la version GTI sur la Peugeot 208 voila qu&rsquo;il nous pr\u00e9pare une version R de 270 ch sur la Peugeot 308. Il parait qu&rsquo;une version de s\u00e9rie est &#8230; <a title=\"Peugeot 308 R : La m\u00e9chante !\" class=\"read-more\" href=\"https:\/\/www.carideal.com\/blog\/2013\/12\/20\/peugeot-308-r\/\" aria-label=\"En savoir plus sur Peugeot 308 R : La m\u00e9chante !\">Lire plus<\/a><\/p>\n","protected":false},"author":1,"featured_media":17549,"comment_status":"open","ping_status":"open","sticky":false,"template":"","format":"standard","meta":{"_uag_custom_page_level_css":"","_themeisle_gutenberg_block_has_review":false,"footnotes":""},"categories":[5944,5946,9,5972,6054,5998,5974],"tags":[],"class_list":["post-622","post","type-post","status-publish","format-standard","has-post-thumbnail","hentry","category-constructeur","category-peugeot","category-divers","category-salons","category-salon-de-francfort","category-sportive","category-type-de-vehicule"],"wppr_data":{"cwp_meta_box_check":"No"},"yoast_head":"<!-- This site is optimized with the Yoast SEO plugin v24.8.1 - https:\/\/yoast.com\/wordpress\/plugins\/seo\/ -->\n<title>Peugeot 308 R : La m\u00e9chante ! - Blog auto Carid\u00e9al<\/title>\n<meta name=\"description\" content=\"Pr\u00e9sentation de la Peugeot 308 R au salon de Francfort 270 ch pour bondir. Peugeot s&#039;\u00e9mancipe apr\u00e8s la version GTI. A quoi bon sur une traction ?\" \/>\n<meta name=\"robots\" content=\"index, follow, max-snippet:-1, max-image-preview:large, max-video-preview:-1\" \/>\n<link rel=\"canonical\" href=\"https:\/\/www.carideal.com\/blog\/2013\/12\/20\/peugeot-308-r\/\" \/>\n<meta property=\"og:locale\" content=\"fr_FR\" \/>\n<meta property=\"og:type\" content=\"article\" \/>\n<meta property=\"og:title\" content=\"Peugeot 308 R : La m\u00e9chante ! - Blog auto Carid\u00e9al\" \/>\n<meta property=\"og:description\" content=\"Pr\u00e9sentation de la Peugeot 308 R au salon de Francfort 270 ch pour bondir. Peugeot s&#039;\u00e9mancipe apr\u00e8s la version GTI. A quoi bon sur une traction ?\" \/>\n<meta property=\"og:url\" content=\"https:\/\/www.carideal.com\/blog\/2013\/12\/20\/peugeot-308-r\/\" \/>\n<meta property=\"og:site_name\" content=\"Blog auto Carid\u00e9al\" \/>\n<meta property=\"article:publisher\" content=\"https:\/\/www.facebook.com\/Carideal.mandataire.automobile\" \/>\n<meta property=\"article:author\" content=\"https:\/\/www.facebook.com\/Carideal.mandataire.automobile\/\" \/>\n<meta property=\"article:published_time\" content=\"2013-12-20T16:03:00+00:00\" \/>\n<meta property=\"article:modified_time\" content=\"2020-03-07T15:46:57+00:00\" \/>\n<meta property=\"og:image\" content=\"https:\/\/www.carideal.com\/blog\/wp-content\/uploads\/2013\/12\/peugeot-308-r-francfort-2018-e1538402142972.jpg\" \/>\n\t<meta property=\"og:image:width\" content=\"800\" \/>\n\t<meta property=\"og:image:height\" content=\"533\" \/>\n\t<meta property=\"og:image:type\" content=\"image\/jpeg\" \/>\n<meta name=\"author\" content=\"N.S Carideal\" \/>\n<meta name=\"twitter:card\" content=\"summary_large_image\" \/>\n<meta name=\"twitter:creator\" content=\"@caridealauto\" \/>\n<meta name=\"twitter:site\" content=\"@caridealauto\" \/>\n<meta name=\"twitter:label1\" content=\"\u00c9crit par\" \/>\n\t<meta name=\"twitter:data1\" content=\"N.S Carideal\" \/>\n\t<meta name=\"twitter:label2\" content=\"Dur\u00e9e de lecture estim\u00e9e\" \/>\n\t<meta name=\"twitter:data2\" content=\"2 minutes\" \/>\n<script type=\"application\/ld+json\" class=\"yoast-schema-graph\">{\"@context\":\"https:\/\/schema.org\",\"@graph\":[{\"@type\":\"Article\",\"@id\":\"https:\/\/www.carideal.com\/blog\/2013\/12\/20\/peugeot-308-r\/#article\",\"isPartOf\":{\"@id\":\"https:\/\/www.carideal.com\/blog\/2013\/12\/20\/peugeot-308-r\/\"},\"author\":{\"name\":\"N.S Carideal\",\"@id\":\"https:\/\/www.carideal.com\/blog\/#\/schema\/person\/985c7e757d1042d647f21bfaf8d41ebc\"},\"headline\":\"Peugeot 308 R : La m\u00e9chante !\",\"datePublished\":\"2013-12-20T16:03:00+00:00\",\"dateModified\":\"2020-03-07T15:46:57+00:00\",\"mainEntityOfPage\":{\"@id\":\"https:\/\/www.carideal.com\/blog\/2013\/12\/20\/peugeot-308-r\/\"},\"wordCount\":341,\"commentCount\":0,\"publisher\":{\"@id\":\"https:\/\/www.carideal.com\/blog\/#organization\"},\"image\":{\"@id\":\"https:\/\/www.carideal.com\/blog\/2013\/12\/20\/peugeot-308-r\/#primaryimage\"},\"thumbnailUrl\":\"https:\/\/www.carideal.com\/blog\/wp-content\/uploads\/2013\/12\/peugeot-308-r-francfort-2018-e1538402142972.jpg\",\"articleSection\":[\"Actualit\u00e9 Constructeur automobile\",\"Actualit\u00e9 Peugeot\",\"Divers\",\"Salon automobile\",\"Salon de Francfort\",\"Sportive\",\"Type de v\u00e9hicule\"],\"inLanguage\":\"fr-FR\",\"potentialAction\":[{\"@type\":\"CommentAction\",\"name\":\"Comment\",\"target\":[\"https:\/\/www.carideal.com\/blog\/2013\/12\/20\/peugeot-308-r\/#respond\"]}]},{\"@type\":\"WebPage\",\"@id\":\"https:\/\/www.carideal.com\/blog\/2013\/12\/20\/peugeot-308-r\/\",\"url\":\"https:\/\/www.carideal.com\/blog\/2013\/12\/20\/peugeot-308-r\/\",\"name\":\"Peugeot 308 R : La m\u00e9chante ! - Blog auto Carid\u00e9al\",\"isPartOf\":{\"@id\":\"https:\/\/www.carideal.com\/blog\/#website\"},\"primaryImageOfPage\":{\"@id\":\"https:\/\/www.carideal.com\/blog\/2013\/12\/20\/peugeot-308-r\/#primaryimage\"},\"image\":{\"@id\":\"https:\/\/www.carideal.com\/blog\/2013\/12\/20\/peugeot-308-r\/#primaryimage\"},\"thumbnailUrl\":\"https:\/\/www.carideal.com\/blog\/wp-content\/uploads\/2013\/12\/peugeot-308-r-francfort-2018-e1538402142972.jpg\",\"datePublished\":\"2013-12-20T16:03:00+00:00\",\"dateModified\":\"2020-03-07T15:46:57+00:00\",\"description\":\"Pr\u00e9sentation de la Peugeot 308 R au salon de Francfort 270 ch pour bondir. Peugeot s'\u00e9mancipe apr\u00e8s la version GTI. A quoi bon sur une traction ?\",\"breadcrumb\":{\"@id\":\"https:\/\/www.carideal.com\/blog\/2013\/12\/20\/peugeot-308-r\/#breadcrumb\"},\"inLanguage\":\"fr-FR\",\"potentialAction\":[{\"@type\":\"ReadAction\",\"target\":[\"https:\/\/www.carideal.com\/blog\/2013\/12\/20\/peugeot-308-r\/\"]}]},{\"@type\":\"ImageObject\",\"inLanguage\":\"fr-FR\",\"@id\":\"https:\/\/www.carideal.com\/blog\/2013\/12\/20\/peugeot-308-r\/#primaryimage\",\"url\":\"https:\/\/www.carideal.com\/blog\/wp-content\/uploads\/2013\/12\/peugeot-308-r-francfort-2018-e1538402142972.jpg\",\"contentUrl\":\"https:\/\/www.carideal.com\/blog\/wp-content\/uploads\/2013\/12\/peugeot-308-r-francfort-2018-e1538402142972.jpg\",\"width\":800,\"height\":533,\"caption\":\"Peugeot 308 R au salon de Francfort\"},{\"@type\":\"BreadcrumbList\",\"@id\":\"https:\/\/www.carideal.com\/blog\/2013\/12\/20\/peugeot-308-r\/#breadcrumb\",\"itemListElement\":[{\"@type\":\"ListItem\",\"position\":1,\"name\":\"Blog Carid\u00e9al\",\"item\":\"https:\/\/www.carideal.com\/blog\/\"},{\"@type\":\"ListItem\",\"position\":2,\"name\":\"Actualit\u00e9 constructeur automobile\",\"item\":\"https:\/\/www.carideal.com\/blog\/constructeur\/\"},{\"@type\":\"ListItem\",\"position\":3,\"name\":\"Actualit\u00e9 Peugeot\",\"item\":\"https:\/\/www.carideal.com\/blog\/constructeur\/peugeot\/\"},{\"@type\":\"ListItem\",\"position\":4,\"name\":\"Peugeot 308 R : La m\u00e9chante !\"}]},{\"@type\":\"WebSite\",\"@id\":\"https:\/\/www.carideal.com\/blog\/#website\",\"url\":\"https:\/\/www.carideal.com\/blog\/\",\"name\":\"Blog auto Carid\u00e9al\",\"description\":\"Actualit\u00e9 auto par des passionn\u00e9s\",\"publisher\":{\"@id\":\"https:\/\/www.carideal.com\/blog\/#organization\"},\"potentialAction\":[{\"@type\":\"SearchAction\",\"target\":{\"@type\":\"EntryPoint\",\"urlTemplate\":\"https:\/\/www.carideal.com\/blog\/?s={search_term_string}\"},\"query-input\":{\"@type\":\"PropertyValueSpecification\",\"valueRequired\":true,\"valueName\":\"search_term_string\"}}],\"inLanguage\":\"fr-FR\"},{\"@type\":\"Organization\",\"@id\":\"https:\/\/www.carideal.com\/blog\/#organization\",\"name\":\"Carideal\",\"url\":\"https:\/\/www.carideal.com\/blog\/\",\"logo\":{\"@type\":\"ImageObject\",\"inLanguage\":\"fr-FR\",\"@id\":\"https:\/\/www.carideal.com\/blog\/#\/schema\/logo\/image\/\",\"url\":\"http:\/\/www.carideal.com\/blog\/wp-content\/uploads\/2016\/03\/logo-carideal-mandataire-automobile.png\",\"contentUrl\":\"http:\/\/www.carideal.com\/blog\/wp-content\/uploads\/2016\/03\/logo-carideal-mandataire-automobile.png\",\"width\":300,\"height\":300,\"caption\":\"Carideal\"},\"image\":{\"@id\":\"https:\/\/www.carideal.com\/blog\/#\/schema\/logo\/image\/\"},\"sameAs\":[\"https:\/\/www.facebook.com\/Carideal.mandataire.automobile\",\"https:\/\/x.com\/caridealauto\",\"https:\/\/www.instagram.com\/carideal1\/\",\"https:\/\/www.linkedin.com\/company\/carideal.com\",\"https:\/\/fr.pinterest.com\/schiavonsas\/\",\"https:\/\/www.youtube.com\/user\/caridealsas\"]},{\"@type\":\"Person\",\"@id\":\"https:\/\/www.carideal.com\/blog\/#\/schema\/person\/985c7e757d1042d647f21bfaf8d41ebc\",\"name\":\"N.S Carideal\",\"image\":{\"@type\":\"ImageObject\",\"inLanguage\":\"fr-FR\",\"@id\":\"https:\/\/www.carideal.com\/blog\/#\/schema\/person\/image\/\",\"url\":\"https:\/\/secure.gravatar.com\/avatar\/edb7ccdf1a4e3d14aef967760d354d0e?s=96&r=g\",\"contentUrl\":\"https:\/\/secure.gravatar.com\/avatar\/edb7ccdf1a4e3d14aef967760d354d0e?s=96&r=g\",\"caption\":\"N.S Carideal\"},\"description\":\"Depuis tout petit fan d'automobile. Il est question d'essayer et de comparer toutes ces voitures qui nous ont fait r\u00e9ver, avant que celles-ci ne devient uniquement des voitures de collection.\",\"sameAs\":[\"http:\/\/www.carideal.com\/blog\",\"https:\/\/www.facebook.com\/Carideal.mandataire.automobile\/\",\"https:\/\/www.linkedin.com\/in\/nschiavon\/\",\"https:\/\/www.youtube.com\/user\/caridealsas\/\"],\"url\":\"https:\/\/www.carideal.com\/blog\/author\/admin_carideal\/\"}]}<\/script>\n<!-- \/ Yoast SEO plugin. -->","yoast_head_json":{"title":"Peugeot 308 R : La m\u00e9chante ! - Blog auto Carid\u00e9al","description":"Pr\u00e9sentation de la Peugeot 308 R au salon de Francfort 270 ch pour bondir. Peugeot s'\u00e9mancipe apr\u00e8s la version GTI. A quoi bon sur une traction ?","robots":{"index":"index","follow":"follow","max-snippet":"max-snippet:-1","max-image-preview":"max-image-preview:large","max-video-preview":"max-video-preview:-1"},"canonical":"https:\/\/www.carideal.com\/blog\/2013\/12\/20\/peugeot-308-r\/","og_locale":"fr_FR","og_type":"article","og_title":"Peugeot 308 R : La m\u00e9chante ! - Blog auto Carid\u00e9al","og_description":"Pr\u00e9sentation de la Peugeot 308 R au salon de Francfort 270 ch pour bondir. Peugeot s'\u00e9mancipe apr\u00e8s la version GTI. A quoi bon sur une traction ?","og_url":"https:\/\/www.carideal.com\/blog\/2013\/12\/20\/peugeot-308-r\/","og_site_name":"Blog auto Carid\u00e9al","article_publisher":"https:\/\/www.facebook.com\/Carideal.mandataire.automobile","article_author":"https:\/\/www.facebook.com\/Carideal.mandataire.automobile\/","article_published_time":"2013-12-20T16:03:00+00:00","article_modified_time":"2020-03-07T15:46:57+00:00","og_image":[{"width":800,"height":533,"url":"https:\/\/www.carideal.com\/blog\/wp-content\/uploads\/2013\/12\/peugeot-308-r-francfort-2018-e1538402142972.jpg","type":"image\/jpeg"}],"author":"N.S Carideal","twitter_card":"summary_large_image","twitter_creator":"@caridealauto","twitter_site":"@caridealauto","twitter_misc":{"\u00c9crit par":"N.S Carideal","Dur\u00e9e de lecture estim\u00e9e":"2 minutes"},"schema":{"@context":"https:\/\/schema.org","@graph":[{"@type":"Article","@id":"https:\/\/www.carideal.com\/blog\/2013\/12\/20\/peugeot-308-r\/#article","isPartOf":{"@id":"https:\/\/www.carideal.com\/blog\/2013\/12\/20\/peugeot-308-r\/"},"author":{"name":"N.S Carideal","@id":"https:\/\/www.carideal.com\/blog\/#\/schema\/person\/985c7e757d1042d647f21bfaf8d41ebc"},"headline":"Peugeot 308 R : La m\u00e9chante !","datePublished":"2013-12-20T16:03:00+00:00","dateModified":"2020-03-07T15:46:57+00:00","mainEntityOfPage":{"@id":"https:\/\/www.carideal.com\/blog\/2013\/12\/20\/peugeot-308-r\/"},"wordCount":341,"commentCount":0,"publisher":{"@id":"https:\/\/www.carideal.com\/blog\/#organization"},"image":{"@id":"https:\/\/www.carideal.com\/blog\/2013\/12\/20\/peugeot-308-r\/#primaryimage"},"thumbnailUrl":"https:\/\/www.carideal.com\/blog\/wp-content\/uploads\/2013\/12\/peugeot-308-r-francfort-2018-e1538402142972.jpg","articleSection":["Actualit\u00e9 Constructeur automobile","Actualit\u00e9 Peugeot","Divers","Salon automobile","Salon de Francfort","Sportive","Type de v\u00e9hicule"],"inLanguage":"fr-FR","potentialAction":[{"@type":"CommentAction","name":"Comment","target":["https:\/\/www.carideal.com\/blog\/2013\/12\/20\/peugeot-308-r\/#respond"]}]},{"@type":"WebPage","@id":"https:\/\/www.carideal.com\/blog\/2013\/12\/20\/peugeot-308-r\/","url":"https:\/\/www.carideal.com\/blog\/2013\/12\/20\/peugeot-308-r\/","name":"Peugeot 308 R : La m\u00e9chante ! - Blog auto Carid\u00e9al","isPartOf":{"@id":"https:\/\/www.carideal.com\/blog\/#website"},"primaryImageOfPage":{"@id":"https:\/\/www.carideal.com\/blog\/2013\/12\/20\/peugeot-308-r\/#primaryimage"},"image":{"@id":"https:\/\/www.carideal.com\/blog\/2013\/12\/20\/peugeot-308-r\/#primaryimage"},"thumbnailUrl":"https:\/\/www.carideal.com\/blog\/wp-content\/uploads\/2013\/12\/peugeot-308-r-francfort-2018-e1538402142972.jpg","datePublished":"2013-12-20T16:03:00+00:00","dateModified":"2020-03-07T15:46:57+00:00","description":"Pr\u00e9sentation de la Peugeot 308 R au salon de Francfort 270 ch pour bondir. Peugeot s'\u00e9mancipe apr\u00e8s la version GTI. A quoi bon sur une traction ?","breadcrumb":{"@id":"https:\/\/www.carideal.com\/blog\/2013\/12\/20\/peugeot-308-r\/#breadcrumb"},"inLanguage":"fr-FR","potentialAction":[{"@type":"ReadAction","target":["https:\/\/www.carideal.com\/blog\/2013\/12\/20\/peugeot-308-r\/"]}]},{"@type":"ImageObject","inLanguage":"fr-FR","@id":"https:\/\/www.carideal.com\/blog\/2013\/12\/20\/peugeot-308-r\/#primaryimage","url":"https:\/\/www.carideal.com\/blog\/wp-content\/uploads\/2013\/12\/peugeot-308-r-francfort-2018-e1538402142972.jpg","contentUrl":"https:\/\/www.carideal.com\/blog\/wp-content\/uploads\/2013\/12\/peugeot-308-r-francfort-2018-e1538402142972.jpg","width":800,"height":533,"caption":"Peugeot 308 R au salon de Francfort"},{"@type":"BreadcrumbList","@id":"https:\/\/www.carideal.com\/blog\/2013\/12\/20\/peugeot-308-r\/#breadcrumb","itemListElement":[{"@type":"ListItem","position":1,"name":"Blog Carid\u00e9al","item":"https:\/\/www.carideal.com\/blog\/"},{"@type":"ListItem","position":2,"name":"Actualit\u00e9 constructeur automobile","item":"https:\/\/www.carideal.com\/blog\/constructeur\/"},{"@type":"ListItem","position":3,"name":"Actualit\u00e9 Peugeot","item":"https:\/\/www.carideal.com\/blog\/constructeur\/peugeot\/"},{"@type":"ListItem","position":4,"name":"Peugeot 308 R : La m\u00e9chante !"}]},{"@type":"WebSite","@id":"https:\/\/www.carideal.com\/blog\/#website","url":"https:\/\/www.carideal.com\/blog\/","name":"Blog auto Carid\u00e9al","description":"Actualit\u00e9 auto par des passionn\u00e9s","publisher":{"@id":"https:\/\/www.carideal.com\/blog\/#organization"},"potentialAction":[{"@type":"SearchAction","target":{"@type":"EntryPoint","urlTemplate":"https:\/\/www.carideal.com\/blog\/?s={search_term_string}"},"query-input":{"@type":"PropertyValueSpecification","valueRequired":true,"valueName":"search_term_string"}}],"inLanguage":"fr-FR"},{"@type":"Organization","@id":"https:\/\/www.carideal.com\/blog\/#organization","name":"Carideal","url":"https:\/\/www.carideal.com\/blog\/","logo":{"@type":"ImageObject","inLanguage":"fr-FR","@id":"https:\/\/www.carideal.com\/blog\/#\/schema\/logo\/image\/","url":"http:\/\/www.carideal.com\/blog\/wp-content\/uploads\/2016\/03\/logo-carideal-mandataire-automobile.png","contentUrl":"http:\/\/www.carideal.com\/blog\/wp-content\/uploads\/2016\/03\/logo-carideal-mandataire-automobile.png","width":300,"height":300,"caption":"Carideal"},"image":{"@id":"https:\/\/www.carideal.com\/blog\/#\/schema\/logo\/image\/"},"sameAs":["https:\/\/www.facebook.com\/Carideal.mandataire.automobile","https:\/\/x.com\/caridealauto","https:\/\/www.instagram.com\/carideal1\/","https:\/\/www.linkedin.com\/company\/carideal.com","https:\/\/fr.pinterest.com\/schiavonsas\/","https:\/\/www.youtube.com\/user\/caridealsas"]},{"@type":"Person","@id":"https:\/\/www.carideal.com\/blog\/#\/schema\/person\/985c7e757d1042d647f21bfaf8d41ebc","name":"N.S Carideal","image":{"@type":"ImageObject","inLanguage":"fr-FR","@id":"https:\/\/www.carideal.com\/blog\/#\/schema\/person\/image\/","url":"https:\/\/secure.gravatar.com\/avatar\/edb7ccdf1a4e3d14aef967760d354d0e?s=96&r=g","contentUrl":"https:\/\/secure.gravatar.com\/avatar\/edb7ccdf1a4e3d14aef967760d354d0e?s=96&r=g","caption":"N.S Carideal"},"description":"Depuis tout petit fan d'automobile. Il est question d'essayer et de comparer toutes ces voitures qui nous ont fait r\u00e9ver, avant que celles-ci ne devient uniquement des voitures de collection.","sameAs":["http:\/\/www.carideal.com\/blog","https:\/\/www.facebook.com\/Carideal.mandataire.automobile\/","https:\/\/www.linkedin.com\/in\/nschiavon\/","https:\/\/www.youtube.com\/user\/caridealsas\/"],"url":"https:\/\/www.carideal.com\/blog\/author\/admin_carideal\/"}]}},"uagb_featured_image_src":{"full":["https:\/\/www.carideal.com\/blog\/wp-content\/uploads\/2013\/12\/peugeot-308-r-francfort-2018-e1538402142972.jpg",800,533,false],"thumbnail":["https:\/\/www.carideal.com\/blog\/wp-content\/uploads\/2013\/12\/peugeot-308-r-francfort-2018-150x150.jpg",150,150,true],"medium":["https:\/\/www.carideal.com\/blog\/wp-content\/uploads\/2013\/12\/peugeot-308-r-francfort-2018-300x200.jpg",300,200,true],"medium_large":["https:\/\/www.carideal.com\/blog\/wp-content\/uploads\/2013\/12\/peugeot-308-r-francfort-2018-768x512.jpg",768,512,true],"large":["https:\/\/www.carideal.com\/blog\/wp-content\/uploads\/2013\/12\/peugeot-308-r-francfort-2018-e1538402142972.jpg",800,533,false],"1536x1536":["https:\/\/www.carideal.com\/blog\/wp-content\/uploads\/2013\/12\/peugeot-308-r-francfort-2018-e1538402142972.jpg",800,533,false],"2048x2048":["https:\/\/www.carideal.com\/blog\/wp-content\/uploads\/2013\/12\/peugeot-308-r-francfort-2018-e1538402142972.jpg",800,533,false],"wppr-widget":["https:\/\/www.carideal.com\/blog\/wp-content\/uploads\/2013\/12\/peugeot-308-r-francfort-2018-50x33.jpg",50,33,true]},"uagb_author_info":{"display_name":"N.S Carideal","author_link":"https:\/\/www.carideal.com\/blog\/author\/admin_carideal\/"},"uagb_comment_info":0,"uagb_excerpt":"Pr\u00e9sentation de la Peugeot 308 R au salon de Francfort Les 270 ch de la Peugeot 308 R pour bondir au salon de Francfort. Peugeot s'\u00e9mancipe apr\u00e8s la version GTI sur la Peugeot 208 voila qu'il nous pr\u00e9pare une version R de 270 ch sur la Peugeot 308. Il parait qu'une version de s\u00e9rie est\u2026","_links":{"self":[{"href":"https:\/\/www.carideal.com\/blog\/wp-json\/wp\/v2\/posts\/622"}],"collection":[{"href":"https:\/\/www.carideal.com\/blog\/wp-json\/wp\/v2\/posts"}],"about":[{"href":"https:\/\/www.carideal.com\/blog\/wp-json\/wp\/v2\/types\/post"}],"author":[{"embeddable":true,"href":"https:\/\/www.carideal.com\/blog\/wp-json\/wp\/v2\/users\/1"}],"replies":[{"embeddable":true,"href":"https:\/\/www.carideal.com\/blog\/wp-json\/wp\/v2\/comments?post=622"}],"version-history":[{"count":0,"href":"https:\/\/www.carideal.com\/blog\/wp-json\/wp\/v2\/posts\/622\/revisions"}],"wp:featuredmedia":[{"embeddable":true,"href":"https:\/\/www.carideal.com\/blog\/wp-json\/wp\/v2\/media\/17549"}],"wp:attachment":[{"href":"https:\/\/www.carideal.com\/blog\/wp-json\/wp\/v2\/media?parent=622"}],"wp:term":[{"taxonomy":"category","embeddable":true,"href":"https:\/\/www.carideal.com\/blog\/wp-json\/wp\/v2\/categories?post=622"},{"taxonomy":"post_tag","embeddable":true,"href":"https:\/\/www.carideal.com\/blog\/wp-json\/wp\/v2\/tags?post=622"}],"curies":[{"name":"wp","href":"https:\/\/api.w.org\/{rel}","templated":true}]}}