{"id":6095,"date":"2015-07-01T14:35:46","date_gmt":"2015-07-01T12:35:46","guid":{"rendered":"http:\/\/www.carideal.com\/blog\/?p=6095"},"modified":"2020-03-12T08:27:05","modified_gmt":"2020-03-12T07:27:05","slug":"le-retour-de-lalpine-berlinette-celebration","status":"publish","type":"post","link":"https:\/\/www.carideal.com\/blog\/2015\/07\/01\/le-retour-de-lalpine-berlinette-celebration\/","title":{"rendered":"Le retour de l&rsquo;Alpine Berlinette : Celebration"},"content":{"rendered":"<figure id=\"attachment_6096\" aria-describedby=\"caption-attachment-6096\" style=\"width: 290px\" class=\"wp-caption alignnone\"><a href=\"http:\/\/www.carideal.com\/blog\/wp-content\/uploads\/2015\/07\/alpine_celebration-carideal-blog-automobile.jpg\"><img loading=\"lazy\" decoding=\"async\" class=\"size-medium wp-image-6096\" src=\"http:\/\/www.carideal.com\/blog\/wp-content\/uploads\/2015\/07\/alpine_celebration-carideal-blog-automobile-300x172.jpg\" alt=\"Le retour de l'Alpine Berlinette du 21\u00b0 si\u00e8cle\" width=\"300\" height=\"172\" srcset=\"https:\/\/www.carideal.com\/blog\/wp-content\/uploads\/2015\/07\/alpine_celebration-carideal-blog-automobile-300x172.jpg 300w, https:\/\/www.carideal.com\/blog\/wp-content\/uploads\/2015\/07\/alpine_celebration-carideal-blog-automobile.jpg 600w\" sizes=\"(max-width: 300px) 100vw, 300px\" \/><\/a><figcaption id=\"caption-attachment-6096\" class=\"wp-caption-text\">Le retour de l'Alpine Berlinette du 21\u00b0 si\u00e8cle<\/figcaption><\/figure>\n<h1>Le retour de l'Alpine Berlinette<\/h1>\n<p>La Ligne de la nouvelle Berlinette sera n\u00e9o r\u00e9tro en voyant ce prototype. L'originale devrait sortir fin 2016. En Octobre de cette ann\u00e9e ce sera l'anniversaire de la victoire de la Berlinette au tour de Corse 1973, pilot\u00e9e par Jean-Pierre Nicolas et d\u00e9croche le titre de championne du monde des rallyes.<\/p>\n<p>Carlos Ghosn avait annonc\u00e9 le retour d'<span style=\"text-decoration: underline;\">Alpine<\/span> en 2012, une marque au riche pass\u00e9 sportif.<br \/>\nR\u00e9solument sportif, la future Alpine embarquera un moteur en position centrale arri\u00e8re.<br \/>\nMais Bernard Ollivier le PDG de la soci\u00e9t\u00e9 des automobiles <span style=\"text-decoration: underline;\"><a href=\"http:\/\/www.carideal.com\/blog\/2013\/09\/07\/renault-peaufine-le-style-de-l-alpine\/\">Alpine<\/a><\/span> n'est pas press\u00e9. Il veut prendre son temps pour sortir un produit abouti et innovant pour sa renaissance.<\/p>\n","protected":false},"excerpt":{"rendered":"<p>Le retour de l&rsquo;Alpine Berlinette La Ligne de la nouvelle Berlinette sera n\u00e9o r\u00e9tro en voyant ce prototype. L&rsquo;originale devrait sortir fin 2016. En Octobre de cette ann\u00e9e ce sera l&rsquo;anniversaire de la victoire de la Berlinette au tour de Corse 1973, pilot\u00e9e par Jean-Pierre Nicolas et d\u00e9croche le titre de championne du monde des &#8230; <a title=\"Le retour de l&rsquo;Alpine Berlinette : Celebration\" class=\"read-more\" href=\"https:\/\/www.carideal.com\/blog\/2015\/07\/01\/le-retour-de-lalpine-berlinette-celebration\/\" aria-label=\"En savoir plus sur Le retour de l&rsquo;Alpine Berlinette : Celebration\">Lire plus<\/a><\/p>\n","protected":false},"author":3,"featured_media":0,"comment_status":"open","ping_status":"open","sticky":false,"template":"","format":"standard","meta":{"_uag_custom_page_level_css":"","_themeisle_gutenberg_block_has_review":false,"footnotes":""},"categories":[6068,21,5944,10,5983,5974],"tags":[],"class_list":["post-6095","post","type-post","status-publish","format-standard","hentry","category-alpine","category-actualites-auto","category-constructeur","category-marche-automobile-voiture-neuve-occasion-4x4-suv","category-protypes","category-type-de-vehicule"],"wppr_data":[],"yoast_head":"<!-- This site is optimized with the Yoast SEO plugin v24.8.1 - https:\/\/yoast.com\/wordpress\/plugins\/seo\/ -->\n<title>Le retour de l&#039;Alpine Berlinette : Celebration - Blog auto Carid\u00e9al<\/title>\n<meta name=\"description\" content=\"Le retour de l&#039;Alpine Berlinette devrait avoir lieu fait 2016. Son PDG Bernard Olivier n&#039;est pas forc\u00e9ment press\u00e9, il souhaite que sa voiture soit parfaite\" \/>\n<meta name=\"robots\" content=\"index, follow, max-snippet:-1, max-image-preview:large, max-video-preview:-1\" \/>\n<link rel=\"canonical\" href=\"https:\/\/www.carideal.com\/blog\/2015\/07\/01\/le-retour-de-lalpine-berlinette-celebration\/\" \/>\n<meta property=\"og:locale\" content=\"fr_FR\" \/>\n<meta property=\"og:type\" content=\"article\" \/>\n<meta property=\"og:title\" content=\"Le retour de l&#039;Alpine Berlinette : Celebration - Blog auto Carid\u00e9al\" \/>\n<meta property=\"og:description\" content=\"Le retour de l&#039;Alpine Berlinette devrait avoir lieu fait 2016. Son PDG Bernard Olivier n&#039;est pas forc\u00e9ment press\u00e9, il souhaite que sa voiture soit parfaite\" \/>\n<meta property=\"og:url\" content=\"https:\/\/www.carideal.com\/blog\/2015\/07\/01\/le-retour-de-lalpine-berlinette-celebration\/\" \/>\n<meta property=\"og:site_name\" content=\"Blog auto Carid\u00e9al\" \/>\n<meta property=\"article:publisher\" content=\"https:\/\/www.facebook.com\/Carideal.mandataire.automobile\" \/>\n<meta property=\"article:author\" content=\"https:\/\/www.facebook.com\/nicolas.schiavon.39\" \/>\n<meta property=\"article:published_time\" content=\"2015-07-01T12:35:46+00:00\" \/>\n<meta property=\"article:modified_time\" content=\"2020-03-12T07:27:05+00:00\" \/>\n<meta property=\"og:image\" content=\"http:\/\/www.carideal.com\/blog\/wp-content\/uploads\/2015\/07\/alpine_celebration-carideal-blog-automobile-300x172.jpg\" \/>\n<meta name=\"author\" content=\"Nicolas SCHIAVON\" \/>\n<meta name=\"twitter:card\" content=\"summary_large_image\" \/>\n<meta name=\"twitter:creator\" content=\"@caridealauto\" \/>\n<meta name=\"twitter:site\" content=\"@caridealauto\" \/>\n<meta name=\"twitter:label1\" content=\"\u00c9crit par\" \/>\n\t<meta name=\"twitter:data1\" content=\"Nicolas SCHIAVON\" \/>\n\t<meta name=\"twitter:label2\" content=\"Dur\u00e9e de lecture estim\u00e9e\" \/>\n\t<meta name=\"twitter:data2\" content=\"1 minute\" \/>\n<script type=\"application\/ld+json\" class=\"yoast-schema-graph\">{\"@context\":\"https:\/\/schema.org\",\"@graph\":[{\"@type\":\"Article\",\"@id\":\"https:\/\/www.carideal.com\/blog\/2015\/07\/01\/le-retour-de-lalpine-berlinette-celebration\/#article\",\"isPartOf\":{\"@id\":\"https:\/\/www.carideal.com\/blog\/2015\/07\/01\/le-retour-de-lalpine-berlinette-celebration\/\"},\"author\":{\"name\":\"Nicolas SCHIAVON\",\"@id\":\"https:\/\/www.carideal.com\/blog\/#\/schema\/person\/cd95dc7919660de90d31b366f85be1ec\"},\"headline\":\"Le retour de l&rsquo;Alpine Berlinette : Celebration\",\"datePublished\":\"2015-07-01T12:35:46+00:00\",\"dateModified\":\"2020-03-12T07:27:05+00:00\",\"mainEntityOfPage\":{\"@id\":\"https:\/\/www.carideal.com\/blog\/2015\/07\/01\/le-retour-de-lalpine-berlinette-celebration\/\"},\"wordCount\":138,\"commentCount\":0,\"publisher\":{\"@id\":\"https:\/\/www.carideal.com\/blog\/#organization\"},\"image\":{\"@id\":\"https:\/\/www.carideal.com\/blog\/2015\/07\/01\/le-retour-de-lalpine-berlinette-celebration\/#primaryimage\"},\"thumbnailUrl\":\"http:\/\/www.carideal.com\/blog\/wp-content\/uploads\/2015\/07\/alpine_celebration-carideal-blog-automobile-300x172.jpg\",\"articleSection\":[\"Actualit\u00e9 Alpine\",\"Actualit\u00e9 automobile\",\"Actualit\u00e9 Constructeur automobile\",\"March\u00e9 automobile\",\"Prototype voiture\",\"Type de v\u00e9hicule\"],\"inLanguage\":\"fr-FR\",\"potentialAction\":[{\"@type\":\"CommentAction\",\"name\":\"Comment\",\"target\":[\"https:\/\/www.carideal.com\/blog\/2015\/07\/01\/le-retour-de-lalpine-berlinette-celebration\/#respond\"]}]},{\"@type\":\"WebPage\",\"@id\":\"https:\/\/www.carideal.com\/blog\/2015\/07\/01\/le-retour-de-lalpine-berlinette-celebration\/\",\"url\":\"https:\/\/www.carideal.com\/blog\/2015\/07\/01\/le-retour-de-lalpine-berlinette-celebration\/\",\"name\":\"Le retour de l'Alpine Berlinette : Celebration - Blog auto Carid\u00e9al\",\"isPartOf\":{\"@id\":\"https:\/\/www.carideal.com\/blog\/#website\"},\"primaryImageOfPage\":{\"@id\":\"https:\/\/www.carideal.com\/blog\/2015\/07\/01\/le-retour-de-lalpine-berlinette-celebration\/#primaryimage\"},\"image\":{\"@id\":\"https:\/\/www.carideal.com\/blog\/2015\/07\/01\/le-retour-de-lalpine-berlinette-celebration\/#primaryimage\"},\"thumbnailUrl\":\"http:\/\/www.carideal.com\/blog\/wp-content\/uploads\/2015\/07\/alpine_celebration-carideal-blog-automobile-300x172.jpg\",\"datePublished\":\"2015-07-01T12:35:46+00:00\",\"dateModified\":\"2020-03-12T07:27:05+00:00\",\"description\":\"Le retour de l'Alpine Berlinette devrait avoir lieu fait 2016. Son PDG Bernard Olivier n'est pas forc\u00e9ment press\u00e9, il souhaite que sa voiture soit parfaite\",\"breadcrumb\":{\"@id\":\"https:\/\/www.carideal.com\/blog\/2015\/07\/01\/le-retour-de-lalpine-berlinette-celebration\/#breadcrumb\"},\"inLanguage\":\"fr-FR\",\"potentialAction\":[{\"@type\":\"ReadAction\",\"target\":[\"https:\/\/www.carideal.com\/blog\/2015\/07\/01\/le-retour-de-lalpine-berlinette-celebration\/\"]}]},{\"@type\":\"ImageObject\",\"inLanguage\":\"fr-FR\",\"@id\":\"https:\/\/www.carideal.com\/blog\/2015\/07\/01\/le-retour-de-lalpine-berlinette-celebration\/#primaryimage\",\"url\":\"http:\/\/www.carideal.com\/blog\/wp-content\/uploads\/2015\/07\/alpine_celebration-carideal-blog-automobile-300x172.jpg\",\"contentUrl\":\"http:\/\/www.carideal.com\/blog\/wp-content\/uploads\/2015\/07\/alpine_celebration-carideal-blog-automobile-300x172.jpg\"},{\"@type\":\"BreadcrumbList\",\"@id\":\"https:\/\/www.carideal.com\/blog\/2015\/07\/01\/le-retour-de-lalpine-berlinette-celebration\/#breadcrumb\",\"itemListElement\":[{\"@type\":\"ListItem\",\"position\":1,\"name\":\"Blog Carid\u00e9al\",\"item\":\"https:\/\/www.carideal.com\/blog\/\"},{\"@type\":\"ListItem\",\"position\":2,\"name\":\"Actualit\u00e9 constructeur automobile\",\"item\":\"https:\/\/www.carideal.com\/blog\/constructeur\/\"},{\"@type\":\"ListItem\",\"position\":3,\"name\":\"Actualit\u00e9 Alpine\",\"item\":\"https:\/\/www.carideal.com\/blog\/constructeur\/alpine\/\"},{\"@type\":\"ListItem\",\"position\":4,\"name\":\"Le retour de l&rsquo;Alpine Berlinette : Celebration\"}]},{\"@type\":\"WebSite\",\"@id\":\"https:\/\/www.carideal.com\/blog\/#website\",\"url\":\"https:\/\/www.carideal.com\/blog\/\",\"name\":\"Blog auto Carid\u00e9al\",\"description\":\"Actualit\u00e9 auto par des passionn\u00e9s\",\"publisher\":{\"@id\":\"https:\/\/www.carideal.com\/blog\/#organization\"},\"potentialAction\":[{\"@type\":\"SearchAction\",\"target\":{\"@type\":\"EntryPoint\",\"urlTemplate\":\"https:\/\/www.carideal.com\/blog\/?s={search_term_string}\"},\"query-input\":{\"@type\":\"PropertyValueSpecification\",\"valueRequired\":true,\"valueName\":\"search_term_string\"}}],\"inLanguage\":\"fr-FR\"},{\"@type\":\"Organization\",\"@id\":\"https:\/\/www.carideal.com\/blog\/#organization\",\"name\":\"Carideal\",\"url\":\"https:\/\/www.carideal.com\/blog\/\",\"logo\":{\"@type\":\"ImageObject\",\"inLanguage\":\"fr-FR\",\"@id\":\"https:\/\/www.carideal.com\/blog\/#\/schema\/logo\/image\/\",\"url\":\"http:\/\/www.carideal.com\/blog\/wp-content\/uploads\/2016\/03\/logo-carideal-mandataire-automobile.png\",\"contentUrl\":\"http:\/\/www.carideal.com\/blog\/wp-content\/uploads\/2016\/03\/logo-carideal-mandataire-automobile.png\",\"width\":300,\"height\":300,\"caption\":\"Carideal\"},\"image\":{\"@id\":\"https:\/\/www.carideal.com\/blog\/#\/schema\/logo\/image\/\"},\"sameAs\":[\"https:\/\/www.facebook.com\/Carideal.mandataire.automobile\",\"https:\/\/x.com\/caridealauto\",\"https:\/\/www.instagram.com\/carideal1\/\",\"https:\/\/www.linkedin.com\/company\/carideal.com\",\"https:\/\/fr.pinterest.com\/schiavonsas\/\",\"https:\/\/www.youtube.com\/user\/caridealsas\"]},{\"@type\":\"Person\",\"@id\":\"https:\/\/www.carideal.com\/blog\/#\/schema\/person\/cd95dc7919660de90d31b366f85be1ec\",\"name\":\"Nicolas SCHIAVON\",\"image\":{\"@type\":\"ImageObject\",\"inLanguage\":\"fr-FR\",\"@id\":\"https:\/\/www.carideal.com\/blog\/#\/schema\/person\/image\/\",\"url\":\"https:\/\/secure.gravatar.com\/avatar\/c17e55009e671d92cc7f5dc837dc418a?s=96&r=g\",\"contentUrl\":\"https:\/\/secure.gravatar.com\/avatar\/c17e55009e671d92cc7f5dc837dc418a?s=96&r=g\",\"caption\":\"Nicolas SCHIAVON\"},\"description\":\"Nicolas Schiavon est tomb\u00e9 tout petit dans la marmite automobile. Ayant eu un garage de marque automobile, mandataire automobile de la premi\u00e8re heure d\u00e8s 1999. Nicolas a cr\u00e9\u00e9 ces premiers sites de vente de voiture et blog automobile d\u00e8s 1994. Carideal est n\u00e9 le 15 d\u00e9cembre 2000 de la volont\u00e9 de vendre des voitures d'occasions en ligne puis des voitures neuves. Il a pu essayer beaucoup de voitures tr\u00e8s diff\u00e9rentes et ayant eu personnellement quelques belles autos, Subaru Impreza, Mitsubishi Lancer Evo 7, Porsche 911, Ferrari Testarrossa, Audi RS3, RS4 et j'en passe...\",\"sameAs\":[\"http:\/\/www.carideal.com\",\"https:\/\/www.facebook.com\/nicolas.schiavon.39\",\"https:\/\/www.instagram.com\/carideal1\/\",\"https:\/\/www.linkedin.com\/in\/nschiavon\/\",\"https:\/\/x.com\/caridealauto\",\"https:\/\/www.youtube.com\/user\/caridealsas\/\"],\"url\":\"https:\/\/www.carideal.com\/blog\/author\/nschiavon\/\"}]}<\/script>\n<!-- \/ Yoast SEO plugin. -->","yoast_head_json":{"title":"Le retour de l'Alpine Berlinette : Celebration - Blog auto Carid\u00e9al","description":"Le retour de l'Alpine Berlinette devrait avoir lieu fait 2016. Son PDG Bernard Olivier n'est pas forc\u00e9ment press\u00e9, il souhaite que sa voiture soit parfaite","robots":{"index":"index","follow":"follow","max-snippet":"max-snippet:-1","max-image-preview":"max-image-preview:large","max-video-preview":"max-video-preview:-1"},"canonical":"https:\/\/www.carideal.com\/blog\/2015\/07\/01\/le-retour-de-lalpine-berlinette-celebration\/","og_locale":"fr_FR","og_type":"article","og_title":"Le retour de l'Alpine Berlinette : Celebration - Blog auto Carid\u00e9al","og_description":"Le retour de l'Alpine Berlinette devrait avoir lieu fait 2016. Son PDG Bernard Olivier n'est pas forc\u00e9ment press\u00e9, il souhaite que sa voiture soit parfaite","og_url":"https:\/\/www.carideal.com\/blog\/2015\/07\/01\/le-retour-de-lalpine-berlinette-celebration\/","og_site_name":"Blog auto Carid\u00e9al","article_publisher":"https:\/\/www.facebook.com\/Carideal.mandataire.automobile","article_author":"https:\/\/www.facebook.com\/nicolas.schiavon.39","article_published_time":"2015-07-01T12:35:46+00:00","article_modified_time":"2020-03-12T07:27:05+00:00","og_image":[{"url":"http:\/\/www.carideal.com\/blog\/wp-content\/uploads\/2015\/07\/alpine_celebration-carideal-blog-automobile-300x172.jpg","type":"","width":"","height":""}],"author":"Nicolas SCHIAVON","twitter_card":"summary_large_image","twitter_creator":"@caridealauto","twitter_site":"@caridealauto","twitter_misc":{"\u00c9crit par":"Nicolas SCHIAVON","Dur\u00e9e de lecture estim\u00e9e":"1 minute"},"schema":{"@context":"https:\/\/schema.org","@graph":[{"@type":"Article","@id":"https:\/\/www.carideal.com\/blog\/2015\/07\/01\/le-retour-de-lalpine-berlinette-celebration\/#article","isPartOf":{"@id":"https:\/\/www.carideal.com\/blog\/2015\/07\/01\/le-retour-de-lalpine-berlinette-celebration\/"},"author":{"name":"Nicolas SCHIAVON","@id":"https:\/\/www.carideal.com\/blog\/#\/schema\/person\/cd95dc7919660de90d31b366f85be1ec"},"headline":"Le retour de l&rsquo;Alpine Berlinette : Celebration","datePublished":"2015-07-01T12:35:46+00:00","dateModified":"2020-03-12T07:27:05+00:00","mainEntityOfPage":{"@id":"https:\/\/www.carideal.com\/blog\/2015\/07\/01\/le-retour-de-lalpine-berlinette-celebration\/"},"wordCount":138,"commentCount":0,"publisher":{"@id":"https:\/\/www.carideal.com\/blog\/#organization"},"image":{"@id":"https:\/\/www.carideal.com\/blog\/2015\/07\/01\/le-retour-de-lalpine-berlinette-celebration\/#primaryimage"},"thumbnailUrl":"http:\/\/www.carideal.com\/blog\/wp-content\/uploads\/2015\/07\/alpine_celebration-carideal-blog-automobile-300x172.jpg","articleSection":["Actualit\u00e9 Alpine","Actualit\u00e9 automobile","Actualit\u00e9 Constructeur automobile","March\u00e9 automobile","Prototype voiture","Type de v\u00e9hicule"],"inLanguage":"fr-FR","potentialAction":[{"@type":"CommentAction","name":"Comment","target":["https:\/\/www.carideal.com\/blog\/2015\/07\/01\/le-retour-de-lalpine-berlinette-celebration\/#respond"]}]},{"@type":"WebPage","@id":"https:\/\/www.carideal.com\/blog\/2015\/07\/01\/le-retour-de-lalpine-berlinette-celebration\/","url":"https:\/\/www.carideal.com\/blog\/2015\/07\/01\/le-retour-de-lalpine-berlinette-celebration\/","name":"Le retour de l'Alpine Berlinette : Celebration - Blog auto Carid\u00e9al","isPartOf":{"@id":"https:\/\/www.carideal.com\/blog\/#website"},"primaryImageOfPage":{"@id":"https:\/\/www.carideal.com\/blog\/2015\/07\/01\/le-retour-de-lalpine-berlinette-celebration\/#primaryimage"},"image":{"@id":"https:\/\/www.carideal.com\/blog\/2015\/07\/01\/le-retour-de-lalpine-berlinette-celebration\/#primaryimage"},"thumbnailUrl":"http:\/\/www.carideal.com\/blog\/wp-content\/uploads\/2015\/07\/alpine_celebration-carideal-blog-automobile-300x172.jpg","datePublished":"2015-07-01T12:35:46+00:00","dateModified":"2020-03-12T07:27:05+00:00","description":"Le retour de l'Alpine Berlinette devrait avoir lieu fait 2016. Son PDG Bernard Olivier n'est pas forc\u00e9ment press\u00e9, il souhaite que sa voiture soit parfaite","breadcrumb":{"@id":"https:\/\/www.carideal.com\/blog\/2015\/07\/01\/le-retour-de-lalpine-berlinette-celebration\/#breadcrumb"},"inLanguage":"fr-FR","potentialAction":[{"@type":"ReadAction","target":["https:\/\/www.carideal.com\/blog\/2015\/07\/01\/le-retour-de-lalpine-berlinette-celebration\/"]}]},{"@type":"ImageObject","inLanguage":"fr-FR","@id":"https:\/\/www.carideal.com\/blog\/2015\/07\/01\/le-retour-de-lalpine-berlinette-celebration\/#primaryimage","url":"http:\/\/www.carideal.com\/blog\/wp-content\/uploads\/2015\/07\/alpine_celebration-carideal-blog-automobile-300x172.jpg","contentUrl":"http:\/\/www.carideal.com\/blog\/wp-content\/uploads\/2015\/07\/alpine_celebration-carideal-blog-automobile-300x172.jpg"},{"@type":"BreadcrumbList","@id":"https:\/\/www.carideal.com\/blog\/2015\/07\/01\/le-retour-de-lalpine-berlinette-celebration\/#breadcrumb","itemListElement":[{"@type":"ListItem","position":1,"name":"Blog Carid\u00e9al","item":"https:\/\/www.carideal.com\/blog\/"},{"@type":"ListItem","position":2,"name":"Actualit\u00e9 constructeur automobile","item":"https:\/\/www.carideal.com\/blog\/constructeur\/"},{"@type":"ListItem","position":3,"name":"Actualit\u00e9 Alpine","item":"https:\/\/www.carideal.com\/blog\/constructeur\/alpine\/"},{"@type":"ListItem","position":4,"name":"Le retour de l&rsquo;Alpine Berlinette : Celebration"}]},{"@type":"WebSite","@id":"https:\/\/www.carideal.com\/blog\/#website","url":"https:\/\/www.carideal.com\/blog\/","name":"Blog auto Carid\u00e9al","description":"Actualit\u00e9 auto par des passionn\u00e9s","publisher":{"@id":"https:\/\/www.carideal.com\/blog\/#organization"},"potentialAction":[{"@type":"SearchAction","target":{"@type":"EntryPoint","urlTemplate":"https:\/\/www.carideal.com\/blog\/?s={search_term_string}"},"query-input":{"@type":"PropertyValueSpecification","valueRequired":true,"valueName":"search_term_string"}}],"inLanguage":"fr-FR"},{"@type":"Organization","@id":"https:\/\/www.carideal.com\/blog\/#organization","name":"Carideal","url":"https:\/\/www.carideal.com\/blog\/","logo":{"@type":"ImageObject","inLanguage":"fr-FR","@id":"https:\/\/www.carideal.com\/blog\/#\/schema\/logo\/image\/","url":"http:\/\/www.carideal.com\/blog\/wp-content\/uploads\/2016\/03\/logo-carideal-mandataire-automobile.png","contentUrl":"http:\/\/www.carideal.com\/blog\/wp-content\/uploads\/2016\/03\/logo-carideal-mandataire-automobile.png","width":300,"height":300,"caption":"Carideal"},"image":{"@id":"https:\/\/www.carideal.com\/blog\/#\/schema\/logo\/image\/"},"sameAs":["https:\/\/www.facebook.com\/Carideal.mandataire.automobile","https:\/\/x.com\/caridealauto","https:\/\/www.instagram.com\/carideal1\/","https:\/\/www.linkedin.com\/company\/carideal.com","https:\/\/fr.pinterest.com\/schiavonsas\/","https:\/\/www.youtube.com\/user\/caridealsas"]},{"@type":"Person","@id":"https:\/\/www.carideal.com\/blog\/#\/schema\/person\/cd95dc7919660de90d31b366f85be1ec","name":"Nicolas SCHIAVON","image":{"@type":"ImageObject","inLanguage":"fr-FR","@id":"https:\/\/www.carideal.com\/blog\/#\/schema\/person\/image\/","url":"https:\/\/secure.gravatar.com\/avatar\/c17e55009e671d92cc7f5dc837dc418a?s=96&r=g","contentUrl":"https:\/\/secure.gravatar.com\/avatar\/c17e55009e671d92cc7f5dc837dc418a?s=96&r=g","caption":"Nicolas SCHIAVON"},"description":"Nicolas Schiavon est tomb\u00e9 tout petit dans la marmite automobile. Ayant eu un garage de marque automobile, mandataire automobile de la premi\u00e8re heure d\u00e8s 1999. Nicolas a cr\u00e9\u00e9 ces premiers sites de vente de voiture et blog automobile d\u00e8s 1994. Carideal est n\u00e9 le 15 d\u00e9cembre 2000 de la volont\u00e9 de vendre des voitures d'occasions en ligne puis des voitures neuves. Il a pu essayer beaucoup de voitures tr\u00e8s diff\u00e9rentes et ayant eu personnellement quelques belles autos, Subaru Impreza, Mitsubishi Lancer Evo 7, Porsche 911, Ferrari Testarrossa, Audi RS3, RS4 et j'en passe...","sameAs":["http:\/\/www.carideal.com","https:\/\/www.facebook.com\/nicolas.schiavon.39","https:\/\/www.instagram.com\/carideal1\/","https:\/\/www.linkedin.com\/in\/nschiavon\/","https:\/\/x.com\/caridealauto","https:\/\/www.youtube.com\/user\/caridealsas\/"],"url":"https:\/\/www.carideal.com\/blog\/author\/nschiavon\/"}]}},"uagb_featured_image_src":{"full":false,"thumbnail":false,"medium":false,"medium_large":false,"large":false,"1536x1536":false,"2048x2048":false,"wppr-widget":false},"uagb_author_info":{"display_name":"Nicolas SCHIAVON","author_link":"https:\/\/www.carideal.com\/blog\/author\/nschiavon\/"},"uagb_comment_info":10,"uagb_excerpt":"Le retour de l'Alpine Berlinette La Ligne de la nouvelle Berlinette sera n\u00e9o r\u00e9tro en voyant ce prototype. L'originale devrait sortir fin 2016. En Octobre de cette ann\u00e9e ce sera l'anniversaire de la victoire de la Berlinette au tour de Corse 1973, pilot\u00e9e par Jean-Pierre Nicolas et d\u00e9croche le titre de championne du monde des\u2026","_links":{"self":[{"href":"https:\/\/www.carideal.com\/blog\/wp-json\/wp\/v2\/posts\/6095"}],"collection":[{"href":"https:\/\/www.carideal.com\/blog\/wp-json\/wp\/v2\/posts"}],"about":[{"href":"https:\/\/www.carideal.com\/blog\/wp-json\/wp\/v2\/types\/post"}],"author":[{"embeddable":true,"href":"https:\/\/www.carideal.com\/blog\/wp-json\/wp\/v2\/users\/3"}],"replies":[{"embeddable":true,"href":"https:\/\/www.carideal.com\/blog\/wp-json\/wp\/v2\/comments?post=6095"}],"version-history":[{"count":0,"href":"https:\/\/www.carideal.com\/blog\/wp-json\/wp\/v2\/posts\/6095\/revisions"}],"wp:attachment":[{"href":"https:\/\/www.carideal.com\/blog\/wp-json\/wp\/v2\/media?parent=6095"}],"wp:term":[{"taxonomy":"category","embeddable":true,"href":"https:\/\/www.carideal.com\/blog\/wp-json\/wp\/v2\/categories?post=6095"},{"taxonomy":"post_tag","embeddable":true,"href":"https:\/\/www.carideal.com\/blog\/wp-json\/wp\/v2\/tags?post=6095"}],"curies":[{"name":"wp","href":"https:\/\/api.w.org\/{rel}","templated":true}]}}