{"id":6067,"date":"2015-06-29T20:59:50","date_gmt":"2015-06-29T18:59:50","guid":{"rendered":"http:\/\/www.carideal.com\/blog\/?p=6067"},"modified":"2016-01-28T22:49:21","modified_gmt":"2016-01-28T21:49:21","slug":"le-malus-2014-en-augmentation","status":"publish","type":"post","link":"https:\/\/www.carideal.com\/blog\/2015\/06\/29\/le-malus-2014-en-augmentation\/","title":{"rendered":"Le malus 2014 en augmentation"},"content":{"rendered":"<figure id=\"attachment_6068\" aria-describedby=\"caption-attachment-6068\" style=\"width: 290px\" class=\"wp-caption alignnone\"><a href=\"http:\/\/www.carideal.com\/blog\/wp-content\/uploads\/2015\/06\/bonus_malus_2014.jpg\"><img loading=\"lazy\" decoding=\"async\" class=\"wp-image-6068 size-medium\" title=\"Malus 2014\" src=\"http:\/\/www.carideal.com\/blog\/wp-content\/uploads\/2015\/06\/bonus_malus_2014-300x188.jpg\" alt=\"Malus 2014 en progression\" width=\"300\" height=\"188\" srcset=\"https:\/\/www.carideal.com\/blog\/wp-content\/uploads\/2015\/06\/bonus_malus_2014-300x188.jpg 300w, https:\/\/www.carideal.com\/blog\/wp-content\/uploads\/2015\/06\/bonus_malus_2014-624x391.jpg 624w, https:\/\/www.carideal.com\/blog\/wp-content\/uploads\/2015\/06\/bonus_malus_2014.jpg 805w\" sizes=\"(max-width: 300px) 100vw, 300px\" \/><\/a><figcaption id=\"caption-attachment-6068\" class=\"wp-caption-text\">Malus 2014 en progression<\/figcaption><\/figure>\n<h1>Le Malus 2014 augmente<\/h1>\n<p>La Cour des comptes a pr\u00e9sent\u00e9 sa \u00ab note d'analyse de l'ex\u00e9cution bud\u00adg\u00e9taire 2014 \u00bb du syst\u00e8me du <span style=\"text-decoration: underline;\"><a href=\"http:\/\/www.carideal.com\/blog\/2015\/10\/10\/les-bonus-2016-en-baisse-le-malus-reste-stable\/\">bonus malus<\/a><\/span> 2014. O\u00f9 l'on apprend que le super-bonus* demeure un flop et que le malus est une sacr\u00e9e r\u00e9ussite... pour l'\u00c9tat. \u00ab En 2014, 2 642 v\u00e9hicules ont b\u00e9n\u00e9fici\u00e9 du superbonus. Le nombre de b\u00e9n\u00e9fi\u00adciaires n'a jamais \u00e9t\u00e9 aussi faible depuis 2011. Son co\u00fbt a \u00e9t\u00e9 de 0,54 Me, soit un montant inf\u00e9rieur de 67 % au pr\u00e9vision\u00adnel \u00bb, \u00e9crit la Cour des comptes. Autre<\/p>\n<p>Une Donn\u00e9e int\u00e9ressante : le dynamisme du malus. \u00ab Le montant moyen de la taxe vers\u00e9e est sup\u00e9rieure au pr\u00e9visionnel pour un volume \u00e0 peu pr\u00e8s identique de contributeurs, ce qui signifie que les v\u00e9\u00adhicules malluss\u00e9s \u00e9mettaient en moyenne plus de CO2\/km que pr\u00e9vu, observe la Cour, qui indique aussi que \u00ab progression des recettes du malus entre 2013 et 2014 est de 21 % \u00bb<\/p>\n","protected":false},"excerpt":{"rendered":"<p>Le Malus 2014 augmente La Cour des comptes a pr\u00e9sent\u00e9 sa \u00ab note d&rsquo;analyse de l&rsquo;ex\u00e9cution bud\u00adg\u00e9taire 2014 \u00bb du syst\u00e8me du bonus malus 2014. O\u00f9 l&rsquo;on apprend que le super-bonus* demeure un flop et que le malus est une sacr\u00e9e r\u00e9ussite&#8230; pour l&rsquo;\u00c9tat. \u00ab En 2014, 2 642 v\u00e9hicules ont b\u00e9n\u00e9fici\u00e9 du superbonus. Le &#8230; <a title=\"Le malus 2014 en augmentation\" class=\"read-more\" href=\"https:\/\/www.carideal.com\/blog\/2015\/06\/29\/le-malus-2014-en-augmentation\/\" aria-label=\"En savoir plus sur Le malus 2014 en augmentation\">Lire plus<\/a><\/p>\n","protected":false},"author":3,"featured_media":0,"comment_status":"open","ping_status":"open","sticky":false,"template":"","format":"standard","meta":{"_uag_custom_page_level_css":"","_themeisle_gutenberg_block_has_review":false,"footnotes":""},"categories":[3,9],"tags":[],"class_list":["post-6067","post","type-post","status-publish","format-standard","hentry","category-actualites-financieres","category-divers"],"wppr_data":[],"yoast_head":"<!-- This site is optimized with the Yoast SEO plugin v24.8.1 - https:\/\/yoast.com\/wordpress\/plugins\/seo\/ -->\n<title>Le malus 2014 en augmentation - Blog auto Carid\u00e9al<\/title>\n<meta name=\"description\" content=\"Le Malus 2014 est en augmentation r\u00e9v\u00e8le la cours des comptes. Le montant moyen de la taxe est sup\u00e9rieur au pr\u00e9visionnel pour un m\u00eame volume.\" \/>\n<meta name=\"robots\" content=\"index, follow, max-snippet:-1, max-image-preview:large, max-video-preview:-1\" \/>\n<link rel=\"canonical\" href=\"https:\/\/www.carideal.com\/blog\/2015\/06\/29\/le-malus-2014-en-augmentation\/\" \/>\n<meta property=\"og:locale\" content=\"fr_FR\" \/>\n<meta property=\"og:type\" content=\"article\" \/>\n<meta property=\"og:title\" content=\"Le malus 2014 en augmentation - Blog auto Carid\u00e9al\" \/>\n<meta property=\"og:description\" content=\"Le Malus 2014 est en augmentation r\u00e9v\u00e8le la cours des comptes. Le montant moyen de la taxe est sup\u00e9rieur au pr\u00e9visionnel pour un m\u00eame volume.\" \/>\n<meta property=\"og:url\" content=\"https:\/\/www.carideal.com\/blog\/2015\/06\/29\/le-malus-2014-en-augmentation\/\" \/>\n<meta property=\"og:site_name\" content=\"Blog auto Carid\u00e9al\" \/>\n<meta property=\"article:publisher\" content=\"https:\/\/www.facebook.com\/Carideal.mandataire.automobile\" \/>\n<meta property=\"article:author\" content=\"https:\/\/www.facebook.com\/nicolas.schiavon.39\" \/>\n<meta property=\"article:published_time\" content=\"2015-06-29T18:59:50+00:00\" \/>\n<meta property=\"article:modified_time\" content=\"2016-01-28T21:49:21+00:00\" \/>\n<meta property=\"og:image\" content=\"http:\/\/www.carideal.com\/blog\/wp-content\/uploads\/2015\/06\/bonus_malus_2014-300x188.jpg\" \/>\n<meta name=\"author\" content=\"Nicolas SCHIAVON\" \/>\n<meta name=\"twitter:card\" content=\"summary_large_image\" \/>\n<meta name=\"twitter:creator\" content=\"@caridealauto\" \/>\n<meta name=\"twitter:site\" content=\"@caridealauto\" \/>\n<meta name=\"twitter:label1\" content=\"\u00c9crit par\" \/>\n\t<meta name=\"twitter:data1\" content=\"Nicolas SCHIAVON\" \/>\n\t<meta name=\"twitter:label2\" content=\"Dur\u00e9e de lecture estim\u00e9e\" \/>\n\t<meta name=\"twitter:data2\" content=\"1 minute\" \/>\n<script type=\"application\/ld+json\" class=\"yoast-schema-graph\">{\"@context\":\"https:\/\/schema.org\",\"@graph\":[{\"@type\":\"Article\",\"@id\":\"https:\/\/www.carideal.com\/blog\/2015\/06\/29\/le-malus-2014-en-augmentation\/#article\",\"isPartOf\":{\"@id\":\"https:\/\/www.carideal.com\/blog\/2015\/06\/29\/le-malus-2014-en-augmentation\/\"},\"author\":{\"name\":\"Nicolas SCHIAVON\",\"@id\":\"https:\/\/www.carideal.com\/blog\/#\/schema\/person\/cd95dc7919660de90d31b366f85be1ec\"},\"headline\":\"Le malus 2014 en augmentation\",\"datePublished\":\"2015-06-29T18:59:50+00:00\",\"dateModified\":\"2016-01-28T21:49:21+00:00\",\"mainEntityOfPage\":{\"@id\":\"https:\/\/www.carideal.com\/blog\/2015\/06\/29\/le-malus-2014-en-augmentation\/\"},\"wordCount\":173,\"commentCount\":0,\"publisher\":{\"@id\":\"https:\/\/www.carideal.com\/blog\/#organization\"},\"image\":{\"@id\":\"https:\/\/www.carideal.com\/blog\/2015\/06\/29\/le-malus-2014-en-augmentation\/#primaryimage\"},\"thumbnailUrl\":\"http:\/\/www.carideal.com\/blog\/wp-content\/uploads\/2015\/06\/bonus_malus_2014-300x188.jpg\",\"articleSection\":[\"Actualit\u00e9 Financi\u00e8re\",\"Divers\"],\"inLanguage\":\"fr-FR\",\"potentialAction\":[{\"@type\":\"CommentAction\",\"name\":\"Comment\",\"target\":[\"https:\/\/www.carideal.com\/blog\/2015\/06\/29\/le-malus-2014-en-augmentation\/#respond\"]}]},{\"@type\":\"WebPage\",\"@id\":\"https:\/\/www.carideal.com\/blog\/2015\/06\/29\/le-malus-2014-en-augmentation\/\",\"url\":\"https:\/\/www.carideal.com\/blog\/2015\/06\/29\/le-malus-2014-en-augmentation\/\",\"name\":\"Le malus 2014 en augmentation - Blog auto Carid\u00e9al\",\"isPartOf\":{\"@id\":\"https:\/\/www.carideal.com\/blog\/#website\"},\"primaryImageOfPage\":{\"@id\":\"https:\/\/www.carideal.com\/blog\/2015\/06\/29\/le-malus-2014-en-augmentation\/#primaryimage\"},\"image\":{\"@id\":\"https:\/\/www.carideal.com\/blog\/2015\/06\/29\/le-malus-2014-en-augmentation\/#primaryimage\"},\"thumbnailUrl\":\"http:\/\/www.carideal.com\/blog\/wp-content\/uploads\/2015\/06\/bonus_malus_2014-300x188.jpg\",\"datePublished\":\"2015-06-29T18:59:50+00:00\",\"dateModified\":\"2016-01-28T21:49:21+00:00\",\"description\":\"Le Malus 2014 est en augmentation r\u00e9v\u00e8le la cours des comptes. Le montant moyen de la taxe est sup\u00e9rieur au pr\u00e9visionnel pour un m\u00eame volume.\",\"breadcrumb\":{\"@id\":\"https:\/\/www.carideal.com\/blog\/2015\/06\/29\/le-malus-2014-en-augmentation\/#breadcrumb\"},\"inLanguage\":\"fr-FR\",\"potentialAction\":[{\"@type\":\"ReadAction\",\"target\":[\"https:\/\/www.carideal.com\/blog\/2015\/06\/29\/le-malus-2014-en-augmentation\/\"]}]},{\"@type\":\"ImageObject\",\"inLanguage\":\"fr-FR\",\"@id\":\"https:\/\/www.carideal.com\/blog\/2015\/06\/29\/le-malus-2014-en-augmentation\/#primaryimage\",\"url\":\"http:\/\/www.carideal.com\/blog\/wp-content\/uploads\/2015\/06\/bonus_malus_2014-300x188.jpg\",\"contentUrl\":\"http:\/\/www.carideal.com\/blog\/wp-content\/uploads\/2015\/06\/bonus_malus_2014-300x188.jpg\"},{\"@type\":\"BreadcrumbList\",\"@id\":\"https:\/\/www.carideal.com\/blog\/2015\/06\/29\/le-malus-2014-en-augmentation\/#breadcrumb\",\"itemListElement\":[{\"@type\":\"ListItem\",\"position\":1,\"name\":\"Blog Carid\u00e9al\",\"item\":\"https:\/\/www.carideal.com\/blog\/\"},{\"@type\":\"ListItem\",\"position\":2,\"name\":\"Actualit\u00e9 Financi\u00e8re\",\"item\":\"https:\/\/www.carideal.com\/blog\/actualites-financieres\/\"},{\"@type\":\"ListItem\",\"position\":3,\"name\":\"Le malus 2014 en augmentation\"}]},{\"@type\":\"WebSite\",\"@id\":\"https:\/\/www.carideal.com\/blog\/#website\",\"url\":\"https:\/\/www.carideal.com\/blog\/\",\"name\":\"Blog auto Carid\u00e9al\",\"description\":\"Actualit\u00e9 auto par des passionn\u00e9s\",\"publisher\":{\"@id\":\"https:\/\/www.carideal.com\/blog\/#organization\"},\"potentialAction\":[{\"@type\":\"SearchAction\",\"target\":{\"@type\":\"EntryPoint\",\"urlTemplate\":\"https:\/\/www.carideal.com\/blog\/?s={search_term_string}\"},\"query-input\":{\"@type\":\"PropertyValueSpecification\",\"valueRequired\":true,\"valueName\":\"search_term_string\"}}],\"inLanguage\":\"fr-FR\"},{\"@type\":\"Organization\",\"@id\":\"https:\/\/www.carideal.com\/blog\/#organization\",\"name\":\"Carideal\",\"url\":\"https:\/\/www.carideal.com\/blog\/\",\"logo\":{\"@type\":\"ImageObject\",\"inLanguage\":\"fr-FR\",\"@id\":\"https:\/\/www.carideal.com\/blog\/#\/schema\/logo\/image\/\",\"url\":\"http:\/\/www.carideal.com\/blog\/wp-content\/uploads\/2016\/03\/logo-carideal-mandataire-automobile.png\",\"contentUrl\":\"http:\/\/www.carideal.com\/blog\/wp-content\/uploads\/2016\/03\/logo-carideal-mandataire-automobile.png\",\"width\":300,\"height\":300,\"caption\":\"Carideal\"},\"image\":{\"@id\":\"https:\/\/www.carideal.com\/blog\/#\/schema\/logo\/image\/\"},\"sameAs\":[\"https:\/\/www.facebook.com\/Carideal.mandataire.automobile\",\"https:\/\/x.com\/caridealauto\",\"https:\/\/www.instagram.com\/carideal1\/\",\"https:\/\/www.linkedin.com\/company\/carideal.com\",\"https:\/\/fr.pinterest.com\/schiavonsas\/\",\"https:\/\/www.youtube.com\/user\/caridealsas\"]},{\"@type\":\"Person\",\"@id\":\"https:\/\/www.carideal.com\/blog\/#\/schema\/person\/cd95dc7919660de90d31b366f85be1ec\",\"name\":\"Nicolas SCHIAVON\",\"image\":{\"@type\":\"ImageObject\",\"inLanguage\":\"fr-FR\",\"@id\":\"https:\/\/www.carideal.com\/blog\/#\/schema\/person\/image\/\",\"url\":\"https:\/\/secure.gravatar.com\/avatar\/c17e55009e671d92cc7f5dc837dc418a?s=96&r=g\",\"contentUrl\":\"https:\/\/secure.gravatar.com\/avatar\/c17e55009e671d92cc7f5dc837dc418a?s=96&r=g\",\"caption\":\"Nicolas SCHIAVON\"},\"description\":\"Nicolas Schiavon est tomb\u00e9 tout petit dans la marmite automobile. Ayant eu un garage de marque automobile, mandataire automobile de la premi\u00e8re heure d\u00e8s 1999. Nicolas a cr\u00e9\u00e9 ces premiers sites de vente de voiture et blog automobile d\u00e8s 1994. Carideal est n\u00e9 le 15 d\u00e9cembre 2000 de la volont\u00e9 de vendre des voitures d'occasions en ligne puis des voitures neuves. Il a pu essayer beaucoup de voitures tr\u00e8s diff\u00e9rentes et ayant eu personnellement quelques belles autos, Subaru Impreza, Mitsubishi Lancer Evo 7, Porsche 911, Ferrari Testarrossa, Audi RS3, RS4 et j'en passe...\",\"sameAs\":[\"http:\/\/www.carideal.com\",\"https:\/\/www.facebook.com\/nicolas.schiavon.39\",\"https:\/\/www.instagram.com\/carideal1\/\",\"https:\/\/www.linkedin.com\/in\/nschiavon\/\",\"https:\/\/x.com\/caridealauto\",\"https:\/\/www.youtube.com\/user\/caridealsas\/\"],\"url\":\"https:\/\/www.carideal.com\/blog\/author\/nschiavon\/\"}]}<\/script>\n<!-- \/ Yoast SEO plugin. -->","yoast_head_json":{"title":"Le malus 2014 en augmentation - Blog auto Carid\u00e9al","description":"Le Malus 2014 est en augmentation r\u00e9v\u00e8le la cours des comptes. Le montant moyen de la taxe est sup\u00e9rieur au pr\u00e9visionnel pour un m\u00eame volume.","robots":{"index":"index","follow":"follow","max-snippet":"max-snippet:-1","max-image-preview":"max-image-preview:large","max-video-preview":"max-video-preview:-1"},"canonical":"https:\/\/www.carideal.com\/blog\/2015\/06\/29\/le-malus-2014-en-augmentation\/","og_locale":"fr_FR","og_type":"article","og_title":"Le malus 2014 en augmentation - Blog auto Carid\u00e9al","og_description":"Le Malus 2014 est en augmentation r\u00e9v\u00e8le la cours des comptes. Le montant moyen de la taxe est sup\u00e9rieur au pr\u00e9visionnel pour un m\u00eame volume.","og_url":"https:\/\/www.carideal.com\/blog\/2015\/06\/29\/le-malus-2014-en-augmentation\/","og_site_name":"Blog auto Carid\u00e9al","article_publisher":"https:\/\/www.facebook.com\/Carideal.mandataire.automobile","article_author":"https:\/\/www.facebook.com\/nicolas.schiavon.39","article_published_time":"2015-06-29T18:59:50+00:00","article_modified_time":"2016-01-28T21:49:21+00:00","og_image":[{"url":"http:\/\/www.carideal.com\/blog\/wp-content\/uploads\/2015\/06\/bonus_malus_2014-300x188.jpg","type":"","width":"","height":""}],"author":"Nicolas SCHIAVON","twitter_card":"summary_large_image","twitter_creator":"@caridealauto","twitter_site":"@caridealauto","twitter_misc":{"\u00c9crit par":"Nicolas SCHIAVON","Dur\u00e9e de lecture estim\u00e9e":"1 minute"},"schema":{"@context":"https:\/\/schema.org","@graph":[{"@type":"Article","@id":"https:\/\/www.carideal.com\/blog\/2015\/06\/29\/le-malus-2014-en-augmentation\/#article","isPartOf":{"@id":"https:\/\/www.carideal.com\/blog\/2015\/06\/29\/le-malus-2014-en-augmentation\/"},"author":{"name":"Nicolas SCHIAVON","@id":"https:\/\/www.carideal.com\/blog\/#\/schema\/person\/cd95dc7919660de90d31b366f85be1ec"},"headline":"Le malus 2014 en augmentation","datePublished":"2015-06-29T18:59:50+00:00","dateModified":"2016-01-28T21:49:21+00:00","mainEntityOfPage":{"@id":"https:\/\/www.carideal.com\/blog\/2015\/06\/29\/le-malus-2014-en-augmentation\/"},"wordCount":173,"commentCount":0,"publisher":{"@id":"https:\/\/www.carideal.com\/blog\/#organization"},"image":{"@id":"https:\/\/www.carideal.com\/blog\/2015\/06\/29\/le-malus-2014-en-augmentation\/#primaryimage"},"thumbnailUrl":"http:\/\/www.carideal.com\/blog\/wp-content\/uploads\/2015\/06\/bonus_malus_2014-300x188.jpg","articleSection":["Actualit\u00e9 Financi\u00e8re","Divers"],"inLanguage":"fr-FR","potentialAction":[{"@type":"CommentAction","name":"Comment","target":["https:\/\/www.carideal.com\/blog\/2015\/06\/29\/le-malus-2014-en-augmentation\/#respond"]}]},{"@type":"WebPage","@id":"https:\/\/www.carideal.com\/blog\/2015\/06\/29\/le-malus-2014-en-augmentation\/","url":"https:\/\/www.carideal.com\/blog\/2015\/06\/29\/le-malus-2014-en-augmentation\/","name":"Le malus 2014 en augmentation - Blog auto Carid\u00e9al","isPartOf":{"@id":"https:\/\/www.carideal.com\/blog\/#website"},"primaryImageOfPage":{"@id":"https:\/\/www.carideal.com\/blog\/2015\/06\/29\/le-malus-2014-en-augmentation\/#primaryimage"},"image":{"@id":"https:\/\/www.carideal.com\/blog\/2015\/06\/29\/le-malus-2014-en-augmentation\/#primaryimage"},"thumbnailUrl":"http:\/\/www.carideal.com\/blog\/wp-content\/uploads\/2015\/06\/bonus_malus_2014-300x188.jpg","datePublished":"2015-06-29T18:59:50+00:00","dateModified":"2016-01-28T21:49:21+00:00","description":"Le Malus 2014 est en augmentation r\u00e9v\u00e8le la cours des comptes. Le montant moyen de la taxe est sup\u00e9rieur au pr\u00e9visionnel pour un m\u00eame volume.","breadcrumb":{"@id":"https:\/\/www.carideal.com\/blog\/2015\/06\/29\/le-malus-2014-en-augmentation\/#breadcrumb"},"inLanguage":"fr-FR","potentialAction":[{"@type":"ReadAction","target":["https:\/\/www.carideal.com\/blog\/2015\/06\/29\/le-malus-2014-en-augmentation\/"]}]},{"@type":"ImageObject","inLanguage":"fr-FR","@id":"https:\/\/www.carideal.com\/blog\/2015\/06\/29\/le-malus-2014-en-augmentation\/#primaryimage","url":"http:\/\/www.carideal.com\/blog\/wp-content\/uploads\/2015\/06\/bonus_malus_2014-300x188.jpg","contentUrl":"http:\/\/www.carideal.com\/blog\/wp-content\/uploads\/2015\/06\/bonus_malus_2014-300x188.jpg"},{"@type":"BreadcrumbList","@id":"https:\/\/www.carideal.com\/blog\/2015\/06\/29\/le-malus-2014-en-augmentation\/#breadcrumb","itemListElement":[{"@type":"ListItem","position":1,"name":"Blog Carid\u00e9al","item":"https:\/\/www.carideal.com\/blog\/"},{"@type":"ListItem","position":2,"name":"Actualit\u00e9 Financi\u00e8re","item":"https:\/\/www.carideal.com\/blog\/actualites-financieres\/"},{"@type":"ListItem","position":3,"name":"Le malus 2014 en augmentation"}]},{"@type":"WebSite","@id":"https:\/\/www.carideal.com\/blog\/#website","url":"https:\/\/www.carideal.com\/blog\/","name":"Blog auto Carid\u00e9al","description":"Actualit\u00e9 auto par des passionn\u00e9s","publisher":{"@id":"https:\/\/www.carideal.com\/blog\/#organization"},"potentialAction":[{"@type":"SearchAction","target":{"@type":"EntryPoint","urlTemplate":"https:\/\/www.carideal.com\/blog\/?s={search_term_string}"},"query-input":{"@type":"PropertyValueSpecification","valueRequired":true,"valueName":"search_term_string"}}],"inLanguage":"fr-FR"},{"@type":"Organization","@id":"https:\/\/www.carideal.com\/blog\/#organization","name":"Carideal","url":"https:\/\/www.carideal.com\/blog\/","logo":{"@type":"ImageObject","inLanguage":"fr-FR","@id":"https:\/\/www.carideal.com\/blog\/#\/schema\/logo\/image\/","url":"http:\/\/www.carideal.com\/blog\/wp-content\/uploads\/2016\/03\/logo-carideal-mandataire-automobile.png","contentUrl":"http:\/\/www.carideal.com\/blog\/wp-content\/uploads\/2016\/03\/logo-carideal-mandataire-automobile.png","width":300,"height":300,"caption":"Carideal"},"image":{"@id":"https:\/\/www.carideal.com\/blog\/#\/schema\/logo\/image\/"},"sameAs":["https:\/\/www.facebook.com\/Carideal.mandataire.automobile","https:\/\/x.com\/caridealauto","https:\/\/www.instagram.com\/carideal1\/","https:\/\/www.linkedin.com\/company\/carideal.com","https:\/\/fr.pinterest.com\/schiavonsas\/","https:\/\/www.youtube.com\/user\/caridealsas"]},{"@type":"Person","@id":"https:\/\/www.carideal.com\/blog\/#\/schema\/person\/cd95dc7919660de90d31b366f85be1ec","name":"Nicolas SCHIAVON","image":{"@type":"ImageObject","inLanguage":"fr-FR","@id":"https:\/\/www.carideal.com\/blog\/#\/schema\/person\/image\/","url":"https:\/\/secure.gravatar.com\/avatar\/c17e55009e671d92cc7f5dc837dc418a?s=96&r=g","contentUrl":"https:\/\/secure.gravatar.com\/avatar\/c17e55009e671d92cc7f5dc837dc418a?s=96&r=g","caption":"Nicolas SCHIAVON"},"description":"Nicolas Schiavon est tomb\u00e9 tout petit dans la marmite automobile. Ayant eu un garage de marque automobile, mandataire automobile de la premi\u00e8re heure d\u00e8s 1999. Nicolas a cr\u00e9\u00e9 ces premiers sites de vente de voiture et blog automobile d\u00e8s 1994. Carideal est n\u00e9 le 15 d\u00e9cembre 2000 de la volont\u00e9 de vendre des voitures d'occasions en ligne puis des voitures neuves. Il a pu essayer beaucoup de voitures tr\u00e8s diff\u00e9rentes et ayant eu personnellement quelques belles autos, Subaru Impreza, Mitsubishi Lancer Evo 7, Porsche 911, Ferrari Testarrossa, Audi RS3, RS4 et j'en passe...","sameAs":["http:\/\/www.carideal.com","https:\/\/www.facebook.com\/nicolas.schiavon.39","https:\/\/www.instagram.com\/carideal1\/","https:\/\/www.linkedin.com\/in\/nschiavon\/","https:\/\/x.com\/caridealauto","https:\/\/www.youtube.com\/user\/caridealsas\/"],"url":"https:\/\/www.carideal.com\/blog\/author\/nschiavon\/"}]}},"uagb_featured_image_src":{"full":false,"thumbnail":false,"medium":false,"medium_large":false,"large":false,"1536x1536":false,"2048x2048":false,"wppr-widget":false},"uagb_author_info":{"display_name":"Nicolas SCHIAVON","author_link":"https:\/\/www.carideal.com\/blog\/author\/nschiavon\/"},"uagb_comment_info":0,"uagb_excerpt":"Le Malus 2014 augmente La Cour des comptes a pr\u00e9sent\u00e9 sa \u00ab note d'analyse de l'ex\u00e9cution bud\u00adg\u00e9taire 2014 \u00bb du syst\u00e8me du bonus malus 2014. O\u00f9 l'on apprend que le super-bonus* demeure un flop et que le malus est une sacr\u00e9e r\u00e9ussite... pour l'\u00c9tat. \u00ab En 2014, 2 642 v\u00e9hicules ont b\u00e9n\u00e9fici\u00e9 du superbonus. Le\u2026","_links":{"self":[{"href":"https:\/\/www.carideal.com\/blog\/wp-json\/wp\/v2\/posts\/6067"}],"collection":[{"href":"https:\/\/www.carideal.com\/blog\/wp-json\/wp\/v2\/posts"}],"about":[{"href":"https:\/\/www.carideal.com\/blog\/wp-json\/wp\/v2\/types\/post"}],"author":[{"embeddable":true,"href":"https:\/\/www.carideal.com\/blog\/wp-json\/wp\/v2\/users\/3"}],"replies":[{"embeddable":true,"href":"https:\/\/www.carideal.com\/blog\/wp-json\/wp\/v2\/comments?post=6067"}],"version-history":[{"count":0,"href":"https:\/\/www.carideal.com\/blog\/wp-json\/wp\/v2\/posts\/6067\/revisions"}],"wp:attachment":[{"href":"https:\/\/www.carideal.com\/blog\/wp-json\/wp\/v2\/media?parent=6067"}],"wp:term":[{"taxonomy":"category","embeddable":true,"href":"https:\/\/www.carideal.com\/blog\/wp-json\/wp\/v2\/categories?post=6067"},{"taxonomy":"post_tag","embeddable":true,"href":"https:\/\/www.carideal.com\/blog\/wp-json\/wp\/v2\/tags?post=6067"}],"curies":[{"name":"wp","href":"https:\/\/api.w.org\/{rel}","templated":true}]}}