{"id":606,"date":"2013-11-27T20:36:00","date_gmt":"2013-11-27T20:36:00","guid":{"rendered":"http:\/\/carideal.com\/blog\/?p=606"},"modified":"2020-02-08T15:52:36","modified_gmt":"2020-02-08T14:52:36","slug":"citroen-cactus-concept-car","status":"publish","type":"post","link":"https:\/\/www.carideal.com\/blog\/2013\/11\/27\/citroen-cactus-concept-car\/","title":{"rendered":"Citroen Cactus Concept car"},"content":{"rendered":"<p><img decoding=\"async\" title=\"citroen-cactus-concept-2013-carideal-mandataire-automobile.jpg, nov. 2013\" src=\"\/blog\/public\/.citroen-cactus-concept-2013-carideal-mandataire-automobile_m.jpg\" alt=\"citroen-cactus-concept-2013-carideal-mandataire-automobile.jpg\" \/><\/p>\n<h2>Citro\u00ebn Cactus Concept Car<\/h2>\n<p>Le prototype C-Cactus a \u00e9t\u00e9 pr\u00e9sent\u00e9 en 2007 comme un v\u00e9hicule essentiel. Aujourd'hui il se nomme Cactus avant sa commercialisation en juin 2014 certainement sous le nom de <a href=\"http:\/\/www.carideal.com\/blog\/marque-de-voiture-actualites-essais\/citroen\/c4-cactus\/\">C4 Cactus<\/a>.<\/p>\n<p>Il prend les formes actuelles et tendances d'un SUV sur la plateforme de la Peugeot 2008 et d'une longueur de 4.21 m, il sera fabriqu\u00e9 \u00e0 Madrid en Espagne. Le Cactus sera un nouveau mod\u00e8le qui s'intercalera entre le C3 Picasso et le C4 Picasso et ne remplacera aucun mod\u00e8le actuel.<\/p>\n<p>Il sera \u00e9quip\u00e9 des nouveau moteurs 1.2 THP de 110 et 130 ch et diesel 1.6 e-HDI 92 et BlueHDI de 120 ch.<\/p>\n","protected":false},"excerpt":{"rendered":"<p>Citro\u00ebn Cactus Concept Car Le prototype C-Cactus a \u00e9t\u00e9 pr\u00e9sent\u00e9 en 2007 comme un v\u00e9hicule essentiel. Aujourd&rsquo;hui il se nomme Cactus avant sa commercialisation en juin 2014 certainement sous le nom de C4 Cactus. Il prend les formes actuelles et tendances d&rsquo;un SUV sur la plateforme de la Peugeot 2008 et d&rsquo;une longueur de 4.21 &#8230; <a title=\"Citroen Cactus Concept car\" class=\"read-more\" href=\"https:\/\/www.carideal.com\/blog\/2013\/11\/27\/citroen-cactus-concept-car\/\" aria-label=\"En savoir plus sur Citroen Cactus Concept car\">Lire plus<\/a><\/p>\n","protected":false},"author":1,"featured_media":0,"comment_status":"open","ping_status":"open","sticky":false,"template":"","format":"standard","meta":{"_uag_custom_page_level_css":"","_themeisle_gutenberg_block_has_review":false,"footnotes":""},"categories":[17197],"tags":[],"class_list":["post-606","post","type-post","status-publish","format-standard","hentry","category-actualite-citroen-c4-cactus"],"wppr_data":{"cwp_meta_box_check":"No"},"yoast_head":"<!-- This site is optimized with the Yoast SEO plugin v24.8.1 - https:\/\/yoast.com\/wordpress\/plugins\/seo\/ -->\n<title>Citroen Cactus Concept car - Blog auto Carid\u00e9al<\/title>\n<meta name=\"robots\" content=\"index, follow, max-snippet:-1, max-image-preview:large, max-video-preview:-1\" \/>\n<link rel=\"canonical\" href=\"https:\/\/www.carideal.com\/blog\/2013\/11\/27\/citroen-cactus-concept-car\/\" \/>\n<meta property=\"og:locale\" content=\"fr_FR\" \/>\n<meta property=\"og:type\" content=\"article\" \/>\n<meta property=\"og:title\" content=\"Citroen Cactus Concept car - Blog auto Carid\u00e9al\" \/>\n<meta property=\"og:description\" content=\"Citro\u00ebn Cactus Concept Car Le prototype C-Cactus a \u00e9t\u00e9 pr\u00e9sent\u00e9 en 2007 comme un v\u00e9hicule essentiel. Aujourd&#039;hui il se nomme Cactus avant sa commercialisation en juin 2014 certainement sous le nom de C4 Cactus. Il prend les formes actuelles et tendances d&#039;un SUV sur la plateforme de la Peugeot 2008 et d&#039;une longueur de 4.21 ... Lire plus\" \/>\n<meta property=\"og:url\" content=\"https:\/\/www.carideal.com\/blog\/2013\/11\/27\/citroen-cactus-concept-car\/\" \/>\n<meta property=\"og:site_name\" content=\"Blog auto Carid\u00e9al\" \/>\n<meta property=\"article:publisher\" content=\"https:\/\/www.facebook.com\/Carideal.mandataire.automobile\" \/>\n<meta property=\"article:author\" content=\"https:\/\/www.facebook.com\/Carideal.mandataire.automobile\/\" \/>\n<meta property=\"article:published_time\" content=\"2013-11-27T20:36:00+00:00\" \/>\n<meta property=\"article:modified_time\" content=\"2020-02-08T14:52:36+00:00\" \/>\n<meta property=\"og:image\" content=\"https:\/\/www.carideal.com\/blog\/wp-content\/uploads\/2016\/03\/logo-carideal-mandataire-automobile.png\" \/>\n\t<meta property=\"og:image:width\" content=\"300\" \/>\n\t<meta property=\"og:image:height\" content=\"300\" \/>\n\t<meta property=\"og:image:type\" content=\"image\/png\" \/>\n<meta name=\"author\" content=\"N.S Carideal\" \/>\n<meta name=\"twitter:card\" content=\"summary_large_image\" \/>\n<meta name=\"twitter:creator\" content=\"@caridealauto\" \/>\n<meta name=\"twitter:site\" content=\"@caridealauto\" \/>\n<meta name=\"twitter:label1\" content=\"\u00c9crit par\" \/>\n\t<meta name=\"twitter:data1\" content=\"N.S Carideal\" \/>\n\t<meta name=\"twitter:label2\" content=\"Dur\u00e9e de lecture estim\u00e9e\" \/>\n\t<meta name=\"twitter:data2\" content=\"1 minute\" \/>\n<script type=\"application\/ld+json\" class=\"yoast-schema-graph\">{\"@context\":\"https:\/\/schema.org\",\"@graph\":[{\"@type\":\"Article\",\"@id\":\"https:\/\/www.carideal.com\/blog\/2013\/11\/27\/citroen-cactus-concept-car\/#article\",\"isPartOf\":{\"@id\":\"https:\/\/www.carideal.com\/blog\/2013\/11\/27\/citroen-cactus-concept-car\/\"},\"author\":{\"name\":\"N.S Carideal\",\"@id\":\"https:\/\/www.carideal.com\/blog\/#\/schema\/person\/985c7e757d1042d647f21bfaf8d41ebc\"},\"headline\":\"Citroen Cactus Concept car\",\"datePublished\":\"2013-11-27T20:36:00+00:00\",\"dateModified\":\"2020-02-08T14:52:36+00:00\",\"mainEntityOfPage\":{\"@id\":\"https:\/\/www.carideal.com\/blog\/2013\/11\/27\/citroen-cactus-concept-car\/\"},\"wordCount\":106,\"commentCount\":0,\"publisher\":{\"@id\":\"https:\/\/www.carideal.com\/blog\/#organization\"},\"articleSection\":[\"Actualit\u00e9 Citroen C4 Cactus\"],\"inLanguage\":\"fr-FR\",\"potentialAction\":[{\"@type\":\"CommentAction\",\"name\":\"Comment\",\"target\":[\"https:\/\/www.carideal.com\/blog\/2013\/11\/27\/citroen-cactus-concept-car\/#respond\"]}]},{\"@type\":\"WebPage\",\"@id\":\"https:\/\/www.carideal.com\/blog\/2013\/11\/27\/citroen-cactus-concept-car\/\",\"url\":\"https:\/\/www.carideal.com\/blog\/2013\/11\/27\/citroen-cactus-concept-car\/\",\"name\":\"Citroen Cactus Concept car - Blog auto Carid\u00e9al\",\"isPartOf\":{\"@id\":\"https:\/\/www.carideal.com\/blog\/#website\"},\"datePublished\":\"2013-11-27T20:36:00+00:00\",\"dateModified\":\"2020-02-08T14:52:36+00:00\",\"breadcrumb\":{\"@id\":\"https:\/\/www.carideal.com\/blog\/2013\/11\/27\/citroen-cactus-concept-car\/#breadcrumb\"},\"inLanguage\":\"fr-FR\",\"potentialAction\":[{\"@type\":\"ReadAction\",\"target\":[\"https:\/\/www.carideal.com\/blog\/2013\/11\/27\/citroen-cactus-concept-car\/\"]}]},{\"@type\":\"BreadcrumbList\",\"@id\":\"https:\/\/www.carideal.com\/blog\/2013\/11\/27\/citroen-cactus-concept-car\/#breadcrumb\",\"itemListElement\":[{\"@type\":\"ListItem\",\"position\":1,\"name\":\"Blog Carid\u00e9al\",\"item\":\"https:\/\/www.carideal.com\/blog\/\"},{\"@type\":\"ListItem\",\"position\":2,\"name\":\"Actualit\u00e9 constructeur automobile\",\"item\":\"https:\/\/www.carideal.com\/blog\/constructeur\/\"},{\"@type\":\"ListItem\",\"position\":3,\"name\":\"Actualit\u00e9 Citroen\",\"item\":\"https:\/\/www.carideal.com\/blog\/constructeur\/citroen\/\"},{\"@type\":\"ListItem\",\"position\":4,\"name\":\"Actualit\u00e9 Citroen C4 Cactus\",\"item\":\"https:\/\/www.carideal.com\/blog\/constructeur\/citroen\/actualite-citroen-c4-cactus\/\"},{\"@type\":\"ListItem\",\"position\":5,\"name\":\"Citroen Cactus Concept car\"}]},{\"@type\":\"WebSite\",\"@id\":\"https:\/\/www.carideal.com\/blog\/#website\",\"url\":\"https:\/\/www.carideal.com\/blog\/\",\"name\":\"Blog auto Carid\u00e9al\",\"description\":\"Actualit\u00e9 auto par des passionn\u00e9s\",\"publisher\":{\"@id\":\"https:\/\/www.carideal.com\/blog\/#organization\"},\"potentialAction\":[{\"@type\":\"SearchAction\",\"target\":{\"@type\":\"EntryPoint\",\"urlTemplate\":\"https:\/\/www.carideal.com\/blog\/?s={search_term_string}\"},\"query-input\":{\"@type\":\"PropertyValueSpecification\",\"valueRequired\":true,\"valueName\":\"search_term_string\"}}],\"inLanguage\":\"fr-FR\"},{\"@type\":\"Organization\",\"@id\":\"https:\/\/www.carideal.com\/blog\/#organization\",\"name\":\"Carideal\",\"url\":\"https:\/\/www.carideal.com\/blog\/\",\"logo\":{\"@type\":\"ImageObject\",\"inLanguage\":\"fr-FR\",\"@id\":\"https:\/\/www.carideal.com\/blog\/#\/schema\/logo\/image\/\",\"url\":\"http:\/\/www.carideal.com\/blog\/wp-content\/uploads\/2016\/03\/logo-carideal-mandataire-automobile.png\",\"contentUrl\":\"http:\/\/www.carideal.com\/blog\/wp-content\/uploads\/2016\/03\/logo-carideal-mandataire-automobile.png\",\"width\":300,\"height\":300,\"caption\":\"Carideal\"},\"image\":{\"@id\":\"https:\/\/www.carideal.com\/blog\/#\/schema\/logo\/image\/\"},\"sameAs\":[\"https:\/\/www.facebook.com\/Carideal.mandataire.automobile\",\"https:\/\/x.com\/caridealauto\",\"https:\/\/www.instagram.com\/carideal1\/\",\"https:\/\/www.linkedin.com\/company\/carideal.com\",\"https:\/\/fr.pinterest.com\/schiavonsas\/\",\"https:\/\/www.youtube.com\/user\/caridealsas\"]},{\"@type\":\"Person\",\"@id\":\"https:\/\/www.carideal.com\/blog\/#\/schema\/person\/985c7e757d1042d647f21bfaf8d41ebc\",\"name\":\"N.S Carideal\",\"image\":{\"@type\":\"ImageObject\",\"inLanguage\":\"fr-FR\",\"@id\":\"https:\/\/www.carideal.com\/blog\/#\/schema\/person\/image\/\",\"url\":\"https:\/\/secure.gravatar.com\/avatar\/edb7ccdf1a4e3d14aef967760d354d0e?s=96&r=g\",\"contentUrl\":\"https:\/\/secure.gravatar.com\/avatar\/edb7ccdf1a4e3d14aef967760d354d0e?s=96&r=g\",\"caption\":\"N.S Carideal\"},\"description\":\"Depuis tout petit fan d'automobile. Il est question d'essayer et de comparer toutes ces voitures qui nous ont fait r\u00e9ver, avant que celles-ci ne devient uniquement des voitures de collection.\",\"sameAs\":[\"http:\/\/www.carideal.com\/blog\",\"https:\/\/www.facebook.com\/Carideal.mandataire.automobile\/\",\"https:\/\/www.linkedin.com\/in\/nschiavon\/\",\"https:\/\/www.youtube.com\/user\/caridealsas\/\"],\"url\":\"https:\/\/www.carideal.com\/blog\/author\/admin_carideal\/\"}]}<\/script>\n<!-- \/ Yoast SEO plugin. -->","yoast_head_json":{"title":"Citroen Cactus Concept car - Blog auto Carid\u00e9al","robots":{"index":"index","follow":"follow","max-snippet":"max-snippet:-1","max-image-preview":"max-image-preview:large","max-video-preview":"max-video-preview:-1"},"canonical":"https:\/\/www.carideal.com\/blog\/2013\/11\/27\/citroen-cactus-concept-car\/","og_locale":"fr_FR","og_type":"article","og_title":"Citroen Cactus Concept car - Blog auto Carid\u00e9al","og_description":"Citro\u00ebn Cactus Concept Car Le prototype C-Cactus a \u00e9t\u00e9 pr\u00e9sent\u00e9 en 2007 comme un v\u00e9hicule essentiel. Aujourd'hui il se nomme Cactus avant sa commercialisation en juin 2014 certainement sous le nom de C4 Cactus. Il prend les formes actuelles et tendances d'un SUV sur la plateforme de la Peugeot 2008 et d'une longueur de 4.21 ... Lire plus","og_url":"https:\/\/www.carideal.com\/blog\/2013\/11\/27\/citroen-cactus-concept-car\/","og_site_name":"Blog auto Carid\u00e9al","article_publisher":"https:\/\/www.facebook.com\/Carideal.mandataire.automobile","article_author":"https:\/\/www.facebook.com\/Carideal.mandataire.automobile\/","article_published_time":"2013-11-27T20:36:00+00:00","article_modified_time":"2020-02-08T14:52:36+00:00","og_image":[{"width":300,"height":300,"url":"https:\/\/www.carideal.com\/blog\/wp-content\/uploads\/2016\/03\/logo-carideal-mandataire-automobile.png","type":"image\/png"}],"author":"N.S Carideal","twitter_card":"summary_large_image","twitter_creator":"@caridealauto","twitter_site":"@caridealauto","twitter_misc":{"\u00c9crit par":"N.S Carideal","Dur\u00e9e de lecture estim\u00e9e":"1 minute"},"schema":{"@context":"https:\/\/schema.org","@graph":[{"@type":"Article","@id":"https:\/\/www.carideal.com\/blog\/2013\/11\/27\/citroen-cactus-concept-car\/#article","isPartOf":{"@id":"https:\/\/www.carideal.com\/blog\/2013\/11\/27\/citroen-cactus-concept-car\/"},"author":{"name":"N.S Carideal","@id":"https:\/\/www.carideal.com\/blog\/#\/schema\/person\/985c7e757d1042d647f21bfaf8d41ebc"},"headline":"Citroen Cactus Concept car","datePublished":"2013-11-27T20:36:00+00:00","dateModified":"2020-02-08T14:52:36+00:00","mainEntityOfPage":{"@id":"https:\/\/www.carideal.com\/blog\/2013\/11\/27\/citroen-cactus-concept-car\/"},"wordCount":106,"commentCount":0,"publisher":{"@id":"https:\/\/www.carideal.com\/blog\/#organization"},"articleSection":["Actualit\u00e9 Citroen C4 Cactus"],"inLanguage":"fr-FR","potentialAction":[{"@type":"CommentAction","name":"Comment","target":["https:\/\/www.carideal.com\/blog\/2013\/11\/27\/citroen-cactus-concept-car\/#respond"]}]},{"@type":"WebPage","@id":"https:\/\/www.carideal.com\/blog\/2013\/11\/27\/citroen-cactus-concept-car\/","url":"https:\/\/www.carideal.com\/blog\/2013\/11\/27\/citroen-cactus-concept-car\/","name":"Citroen Cactus Concept car - Blog auto Carid\u00e9al","isPartOf":{"@id":"https:\/\/www.carideal.com\/blog\/#website"},"datePublished":"2013-11-27T20:36:00+00:00","dateModified":"2020-02-08T14:52:36+00:00","breadcrumb":{"@id":"https:\/\/www.carideal.com\/blog\/2013\/11\/27\/citroen-cactus-concept-car\/#breadcrumb"},"inLanguage":"fr-FR","potentialAction":[{"@type":"ReadAction","target":["https:\/\/www.carideal.com\/blog\/2013\/11\/27\/citroen-cactus-concept-car\/"]}]},{"@type":"BreadcrumbList","@id":"https:\/\/www.carideal.com\/blog\/2013\/11\/27\/citroen-cactus-concept-car\/#breadcrumb","itemListElement":[{"@type":"ListItem","position":1,"name":"Blog Carid\u00e9al","item":"https:\/\/www.carideal.com\/blog\/"},{"@type":"ListItem","position":2,"name":"Actualit\u00e9 constructeur automobile","item":"https:\/\/www.carideal.com\/blog\/constructeur\/"},{"@type":"ListItem","position":3,"name":"Actualit\u00e9 Citroen","item":"https:\/\/www.carideal.com\/blog\/constructeur\/citroen\/"},{"@type":"ListItem","position":4,"name":"Actualit\u00e9 Citroen C4 Cactus","item":"https:\/\/www.carideal.com\/blog\/constructeur\/citroen\/actualite-citroen-c4-cactus\/"},{"@type":"ListItem","position":5,"name":"Citroen Cactus Concept car"}]},{"@type":"WebSite","@id":"https:\/\/www.carideal.com\/blog\/#website","url":"https:\/\/www.carideal.com\/blog\/","name":"Blog auto Carid\u00e9al","description":"Actualit\u00e9 auto par des passionn\u00e9s","publisher":{"@id":"https:\/\/www.carideal.com\/blog\/#organization"},"potentialAction":[{"@type":"SearchAction","target":{"@type":"EntryPoint","urlTemplate":"https:\/\/www.carideal.com\/blog\/?s={search_term_string}"},"query-input":{"@type":"PropertyValueSpecification","valueRequired":true,"valueName":"search_term_string"}}],"inLanguage":"fr-FR"},{"@type":"Organization","@id":"https:\/\/www.carideal.com\/blog\/#organization","name":"Carideal","url":"https:\/\/www.carideal.com\/blog\/","logo":{"@type":"ImageObject","inLanguage":"fr-FR","@id":"https:\/\/www.carideal.com\/blog\/#\/schema\/logo\/image\/","url":"http:\/\/www.carideal.com\/blog\/wp-content\/uploads\/2016\/03\/logo-carideal-mandataire-automobile.png","contentUrl":"http:\/\/www.carideal.com\/blog\/wp-content\/uploads\/2016\/03\/logo-carideal-mandataire-automobile.png","width":300,"height":300,"caption":"Carideal"},"image":{"@id":"https:\/\/www.carideal.com\/blog\/#\/schema\/logo\/image\/"},"sameAs":["https:\/\/www.facebook.com\/Carideal.mandataire.automobile","https:\/\/x.com\/caridealauto","https:\/\/www.instagram.com\/carideal1\/","https:\/\/www.linkedin.com\/company\/carideal.com","https:\/\/fr.pinterest.com\/schiavonsas\/","https:\/\/www.youtube.com\/user\/caridealsas"]},{"@type":"Person","@id":"https:\/\/www.carideal.com\/blog\/#\/schema\/person\/985c7e757d1042d647f21bfaf8d41ebc","name":"N.S Carideal","image":{"@type":"ImageObject","inLanguage":"fr-FR","@id":"https:\/\/www.carideal.com\/blog\/#\/schema\/person\/image\/","url":"https:\/\/secure.gravatar.com\/avatar\/edb7ccdf1a4e3d14aef967760d354d0e?s=96&r=g","contentUrl":"https:\/\/secure.gravatar.com\/avatar\/edb7ccdf1a4e3d14aef967760d354d0e?s=96&r=g","caption":"N.S Carideal"},"description":"Depuis tout petit fan d'automobile. Il est question d'essayer et de comparer toutes ces voitures qui nous ont fait r\u00e9ver, avant que celles-ci ne devient uniquement des voitures de collection.","sameAs":["http:\/\/www.carideal.com\/blog","https:\/\/www.facebook.com\/Carideal.mandataire.automobile\/","https:\/\/www.linkedin.com\/in\/nschiavon\/","https:\/\/www.youtube.com\/user\/caridealsas\/"],"url":"https:\/\/www.carideal.com\/blog\/author\/admin_carideal\/"}]}},"uagb_featured_image_src":{"full":false,"thumbnail":false,"medium":false,"medium_large":false,"large":false,"1536x1536":false,"2048x2048":false,"wppr-widget":false},"uagb_author_info":{"display_name":"N.S Carideal","author_link":"https:\/\/www.carideal.com\/blog\/author\/admin_carideal\/"},"uagb_comment_info":0,"uagb_excerpt":"Citro\u00ebn Cactus Concept Car Le prototype C-Cactus a \u00e9t\u00e9 pr\u00e9sent\u00e9 en 2007 comme un v\u00e9hicule essentiel. Aujourd'hui il se nomme Cactus avant sa commercialisation en juin 2014 certainement sous le nom de C4 Cactus. Il prend les formes actuelles et tendances d'un SUV sur la plateforme de la Peugeot 2008 et d'une longueur de 4.21\u2026","_links":{"self":[{"href":"https:\/\/www.carideal.com\/blog\/wp-json\/wp\/v2\/posts\/606"}],"collection":[{"href":"https:\/\/www.carideal.com\/blog\/wp-json\/wp\/v2\/posts"}],"about":[{"href":"https:\/\/www.carideal.com\/blog\/wp-json\/wp\/v2\/types\/post"}],"author":[{"embeddable":true,"href":"https:\/\/www.carideal.com\/blog\/wp-json\/wp\/v2\/users\/1"}],"replies":[{"embeddable":true,"href":"https:\/\/www.carideal.com\/blog\/wp-json\/wp\/v2\/comments?post=606"}],"version-history":[{"count":0,"href":"https:\/\/www.carideal.com\/blog\/wp-json\/wp\/v2\/posts\/606\/revisions"}],"wp:attachment":[{"href":"https:\/\/www.carideal.com\/blog\/wp-json\/wp\/v2\/media?parent=606"}],"wp:term":[{"taxonomy":"category","embeddable":true,"href":"https:\/\/www.carideal.com\/blog\/wp-json\/wp\/v2\/categories?post=606"},{"taxonomy":"post_tag","embeddable":true,"href":"https:\/\/www.carideal.com\/blog\/wp-json\/wp\/v2\/tags?post=606"}],"curies":[{"name":"wp","href":"https:\/\/api.w.org\/{rel}","templated":true}]}}