{"id":6012,"date":"2015-06-20T10:58:42","date_gmt":"2015-06-20T08:58:42","guid":{"rendered":"http:\/\/www.carideal.com\/blog\/?p=6012"},"modified":"2021-07-21T12:03:18","modified_gmt":"2021-07-21T10:03:18","slug":"koenigseggs-one-explose-le-record-du-0-300-0-kmh-en-video","status":"publish","type":"post","link":"https:\/\/www.carideal.com\/blog\/2015\/06\/20\/koenigseggs-one-explose-le-record-du-0-300-0-kmh-en-video\/","title":{"rendered":"Koenigsegg One explose le record du 0-300-0 km\/h"},"content":{"rendered":"\n<div class=\"wp-block-image\"><figure class=\"aligncenter size-full\"><a href=\"http:\/\/www.carideal.com\/blog\/wp-content\/uploads\/2015\/06\/koenigsegg-one1-nouveau-record-monde-0-300-0-kmh-1795-sec-blog-carideal.jpg\"><img loading=\"lazy\" decoding=\"async\" width=\"515\" height=\"330\" src=\"http:\/\/www.carideal.com\/blog\/wp-content\/uploads\/2015\/06\/koenigsegg-one1-nouveau-record-monde-0-300-0-kmh-1795-sec-blog-carideal.jpg\" alt=\"La Koenigsegg One \u00e9tablie un nouveau record du monde sur le 0-300-0 en 17&quot;95\" class=\"wp-image-6013\" srcset=\"https:\/\/www.carideal.com\/blog\/wp-content\/uploads\/2015\/06\/koenigsegg-one1-nouveau-record-monde-0-300-0-kmh-1795-sec-blog-carideal.jpg 515w, https:\/\/www.carideal.com\/blog\/wp-content\/uploads\/2015\/06\/koenigsegg-one1-nouveau-record-monde-0-300-0-kmh-1795-sec-blog-carideal-300x192.jpg 300w\" sizes=\"(max-width: 515px) 100vw, 515px\" \/><\/a><figcaption>La Koenigsegg One \u00e9tablie un nouveau record du monde sur le 0-300-0 en 17\"95<\/figcaption><\/figure><\/div>\n\n\n\n<h1 class=\"wp-block-heading\">La Koenigsegg One explose le record du 0-300-0 km\/h en Vid\u00e9o<\/h1>\n\n\n\n<ul class=\"wp-block-list\"><li><a href=\"http:\/\/www.carideal.com\/blog\/2021\/07\/21\/comment-le-moteur-20-litres-sans-arbre-a-cames-de-koenigsegg-produit-600-chevaux\/\">Comment le moteur 2.0 sans arbre \u00e0 came de Koenigsegg produit 600 ch<\/a><\/li><\/ul>\n\n\n\n<p>La Koenigsegg One: 1340 ch pilot\u00e9e par le pilote d'usine Robert Serwanski, pose un nouveau record 0-300-0 km\/h en 17\" 95 sur la piste d'essai Koenigsegg \u00e0 \u00c4ngelholm, en Su\u00e8de. Le record 0-300-0 km\/h pr\u00e9c\u00e9dent avait \u00e9t\u00e9 \u00e9tabli par la Koenigsegg Agera R en 2011, \u00e0 21,19 secondes. Regardez la vid\u00e9o du record de la supercar Su\u00e9doise sur cette distance. Retrouvez une autre belle <span style=\"text-decoration: underline;\"><a href=\"http:\/\/www.carideal.com\/blog\/2015\/12\/31\/video-koenigsegg-les-meilleures-avec-le-bruit\/\">vid\u00e9o de Koenigsegg<\/a><\/span> avec leur merveilleux sons, elle regroupe toutes les voitures du constructeur de supercars Su\u00e9dois dans plein de situations diff\u00e9rentes, sur la route et circuit avec du SON !!<\/p>\n\n\n\n<p><iframe loading=\"lazy\" src=\"https:\/\/www.youtube.com\/embed\/02K1CaUpAJA\" width=\"560\" height=\"315\" frameborder=\"0\" allowfullscreen=\"allowfullscreen\"><\/iframe><\/p>\n","protected":false},"excerpt":{"rendered":"<p>La Koenigsegg One explose le record du 0-300-0 km\/h en Vid\u00e9o Comment le moteur 2.0 sans arbre \u00e0 came de Koenigsegg produit 600 ch La Koenigsegg One: 1340 ch pilot\u00e9e par le pilote d&rsquo;usine Robert Serwanski, pose un nouveau record 0-300-0 km\/h en 17&Prime; 95 sur la piste d&rsquo;essai Koenigsegg \u00e0 \u00c4ngelholm, en Su\u00e8de. Le &#8230; <a title=\"Koenigsegg One explose le record du 0-300-0 km\/h\" class=\"read-more\" href=\"https:\/\/www.carideal.com\/blog\/2015\/06\/20\/koenigseggs-one-explose-le-record-du-0-300-0-kmh-en-video\/\" aria-label=\"En savoir plus sur Koenigsegg One explose le record du 0-300-0 km\/h\">Lire plus<\/a><\/p>\n","protected":false},"author":3,"featured_media":6013,"comment_status":"open","ping_status":"open","sticky":false,"template":"","format":"standard","meta":{"_uag_custom_page_level_css":"","_themeisle_gutenberg_block_has_review":false,"footnotes":""},"categories":[21,5944,6034,6000,5974,18],"tags":[],"class_list":["post-6012","post","type-post","status-publish","format-standard","has-post-thumbnail","hentry","category-actualites-auto","category-constructeur","category-koenigsegg","category-supercar","category-type-de-vehicule","category-videos"],"wppr_data":{"cwp_meta_box_check":"No"},"yoast_head":"<!-- This site is optimized with the Yoast SEO plugin v24.8.1 - https:\/\/yoast.com\/wordpress\/plugins\/seo\/ -->\n<title>Koenigsegg One explose le record du 0-300-0 km\/h - Blog auto Carid\u00e9al<\/title>\n<meta name=\"description\" content=\"La Koenigsegg One de 1340 ch pilot\u00e9e par le pilote d&#039;usine Robert Serwanski, pose un nouveau record sur le 0-300-0 km\/h en 17&quot;\" \/>\n<meta name=\"robots\" content=\"index, follow, max-snippet:-1, max-image-preview:large, max-video-preview:-1\" \/>\n<link rel=\"canonical\" href=\"https:\/\/www.carideal.com\/blog\/2015\/06\/20\/koenigseggs-one-explose-le-record-du-0-300-0-kmh-en-video\/\" \/>\n<meta property=\"og:locale\" content=\"fr_FR\" \/>\n<meta property=\"og:type\" content=\"article\" \/>\n<meta property=\"og:title\" content=\"Koenigsegg One explose le record du 0-300-0 km\/h - Blog auto Carid\u00e9al\" \/>\n<meta property=\"og:description\" content=\"La Koenigsegg One de 1340 ch pilot\u00e9e par le pilote d&#039;usine Robert Serwanski, pose un nouveau record sur le 0-300-0 km\/h en 17&quot;\" \/>\n<meta property=\"og:url\" content=\"https:\/\/www.carideal.com\/blog\/2015\/06\/20\/koenigseggs-one-explose-le-record-du-0-300-0-kmh-en-video\/\" \/>\n<meta property=\"og:site_name\" content=\"Blog auto Carid\u00e9al\" \/>\n<meta property=\"article:publisher\" content=\"https:\/\/www.facebook.com\/Carideal.mandataire.automobile\" \/>\n<meta property=\"article:author\" content=\"https:\/\/www.facebook.com\/nicolas.schiavon.39\" \/>\n<meta property=\"article:published_time\" content=\"2015-06-20T08:58:42+00:00\" \/>\n<meta property=\"article:modified_time\" content=\"2021-07-21T10:03:18+00:00\" \/>\n<meta property=\"og:image\" content=\"https:\/\/www.carideal.com\/blog\/wp-content\/uploads\/2015\/06\/koenigsegg-one1-nouveau-record-monde-0-300-0-kmh-1795-sec-blog-carideal.jpg\" \/>\n\t<meta property=\"og:image:width\" content=\"515\" \/>\n\t<meta property=\"og:image:height\" content=\"330\" \/>\n\t<meta property=\"og:image:type\" content=\"image\/jpeg\" \/>\n<meta name=\"author\" content=\"Nicolas SCHIAVON\" \/>\n<meta name=\"twitter:card\" content=\"summary_large_image\" \/>\n<meta name=\"twitter:creator\" content=\"@caridealauto\" \/>\n<meta name=\"twitter:site\" content=\"@caridealauto\" \/>\n<meta name=\"twitter:label1\" content=\"\u00c9crit par\" \/>\n\t<meta name=\"twitter:data1\" content=\"Nicolas SCHIAVON\" \/>\n\t<meta name=\"twitter:label2\" content=\"Dur\u00e9e de lecture estim\u00e9e\" \/>\n\t<meta name=\"twitter:data2\" content=\"1 minute\" \/>\n<script type=\"application\/ld+json\" class=\"yoast-schema-graph\">{\"@context\":\"https:\/\/schema.org\",\"@graph\":[{\"@type\":\"Article\",\"@id\":\"https:\/\/www.carideal.com\/blog\/2015\/06\/20\/koenigseggs-one-explose-le-record-du-0-300-0-kmh-en-video\/#article\",\"isPartOf\":{\"@id\":\"https:\/\/www.carideal.com\/blog\/2015\/06\/20\/koenigseggs-one-explose-le-record-du-0-300-0-kmh-en-video\/\"},\"author\":{\"name\":\"Nicolas SCHIAVON\",\"@id\":\"https:\/\/www.carideal.com\/blog\/#\/schema\/person\/cd95dc7919660de90d31b366f85be1ec\"},\"headline\":\"Koenigsegg One explose le record du 0-300-0 km\/h\",\"datePublished\":\"2015-06-20T08:58:42+00:00\",\"dateModified\":\"2021-07-21T10:03:18+00:00\",\"mainEntityOfPage\":{\"@id\":\"https:\/\/www.carideal.com\/blog\/2015\/06\/20\/koenigseggs-one-explose-le-record-du-0-300-0-kmh-en-video\/\"},\"wordCount\":148,\"commentCount\":0,\"publisher\":{\"@id\":\"https:\/\/www.carideal.com\/blog\/#organization\"},\"image\":{\"@id\":\"https:\/\/www.carideal.com\/blog\/2015\/06\/20\/koenigseggs-one-explose-le-record-du-0-300-0-kmh-en-video\/#primaryimage\"},\"thumbnailUrl\":\"https:\/\/www.carideal.com\/blog\/wp-content\/uploads\/2015\/06\/koenigsegg-one1-nouveau-record-monde-0-300-0-kmh-1795-sec-blog-carideal.jpg\",\"articleSection\":[\"Actualit\u00e9 automobile\",\"Actualit\u00e9 Constructeur automobile\",\"Actualit\u00e9 Koenigsegg\",\"Supercar\",\"Type de v\u00e9hicule\",\"Vid\u00e9o voiture : vid\u00e9o automobile\"],\"inLanguage\":\"fr-FR\",\"potentialAction\":[{\"@type\":\"CommentAction\",\"name\":\"Comment\",\"target\":[\"https:\/\/www.carideal.com\/blog\/2015\/06\/20\/koenigseggs-one-explose-le-record-du-0-300-0-kmh-en-video\/#respond\"]}]},{\"@type\":\"WebPage\",\"@id\":\"https:\/\/www.carideal.com\/blog\/2015\/06\/20\/koenigseggs-one-explose-le-record-du-0-300-0-kmh-en-video\/\",\"url\":\"https:\/\/www.carideal.com\/blog\/2015\/06\/20\/koenigseggs-one-explose-le-record-du-0-300-0-kmh-en-video\/\",\"name\":\"Koenigsegg One explose le record du 0-300-0 km\/h - Blog auto Carid\u00e9al\",\"isPartOf\":{\"@id\":\"https:\/\/www.carideal.com\/blog\/#website\"},\"primaryImageOfPage\":{\"@id\":\"https:\/\/www.carideal.com\/blog\/2015\/06\/20\/koenigseggs-one-explose-le-record-du-0-300-0-kmh-en-video\/#primaryimage\"},\"image\":{\"@id\":\"https:\/\/www.carideal.com\/blog\/2015\/06\/20\/koenigseggs-one-explose-le-record-du-0-300-0-kmh-en-video\/#primaryimage\"},\"thumbnailUrl\":\"https:\/\/www.carideal.com\/blog\/wp-content\/uploads\/2015\/06\/koenigsegg-one1-nouveau-record-monde-0-300-0-kmh-1795-sec-blog-carideal.jpg\",\"datePublished\":\"2015-06-20T08:58:42+00:00\",\"dateModified\":\"2021-07-21T10:03:18+00:00\",\"description\":\"La Koenigsegg One de 1340 ch pilot\u00e9e par le pilote d'usine Robert Serwanski, pose un nouveau record sur le 0-300-0 km\/h en 17\\\"\",\"breadcrumb\":{\"@id\":\"https:\/\/www.carideal.com\/blog\/2015\/06\/20\/koenigseggs-one-explose-le-record-du-0-300-0-kmh-en-video\/#breadcrumb\"},\"inLanguage\":\"fr-FR\",\"potentialAction\":[{\"@type\":\"ReadAction\",\"target\":[\"https:\/\/www.carideal.com\/blog\/2015\/06\/20\/koenigseggs-one-explose-le-record-du-0-300-0-kmh-en-video\/\"]}]},{\"@type\":\"ImageObject\",\"inLanguage\":\"fr-FR\",\"@id\":\"https:\/\/www.carideal.com\/blog\/2015\/06\/20\/koenigseggs-one-explose-le-record-du-0-300-0-kmh-en-video\/#primaryimage\",\"url\":\"https:\/\/www.carideal.com\/blog\/wp-content\/uploads\/2015\/06\/koenigsegg-one1-nouveau-record-monde-0-300-0-kmh-1795-sec-blog-carideal.jpg\",\"contentUrl\":\"https:\/\/www.carideal.com\/blog\/wp-content\/uploads\/2015\/06\/koenigsegg-one1-nouveau-record-monde-0-300-0-kmh-1795-sec-blog-carideal.jpg\",\"width\":515,\"height\":330,\"caption\":\"La Koenigsegg One \u00e9tablie un nouveau record du monde sur le 0-300-0 en 17\\\"95\"},{\"@type\":\"BreadcrumbList\",\"@id\":\"https:\/\/www.carideal.com\/blog\/2015\/06\/20\/koenigseggs-one-explose-le-record-du-0-300-0-kmh-en-video\/#breadcrumb\",\"itemListElement\":[{\"@type\":\"ListItem\",\"position\":1,\"name\":\"Blog Carid\u00e9al\",\"item\":\"https:\/\/www.carideal.com\/blog\/\"},{\"@type\":\"ListItem\",\"position\":2,\"name\":\"Actualit\u00e9 automobile\",\"item\":\"https:\/\/www.carideal.com\/blog\/actualites-auto\/\"},{\"@type\":\"ListItem\",\"position\":3,\"name\":\"Koenigsegg One explose le record du 0-300-0 km\/h\"}]},{\"@type\":\"WebSite\",\"@id\":\"https:\/\/www.carideal.com\/blog\/#website\",\"url\":\"https:\/\/www.carideal.com\/blog\/\",\"name\":\"Blog auto Carid\u00e9al\",\"description\":\"Actualit\u00e9 auto par des passionn\u00e9s\",\"publisher\":{\"@id\":\"https:\/\/www.carideal.com\/blog\/#organization\"},\"potentialAction\":[{\"@type\":\"SearchAction\",\"target\":{\"@type\":\"EntryPoint\",\"urlTemplate\":\"https:\/\/www.carideal.com\/blog\/?s={search_term_string}\"},\"query-input\":{\"@type\":\"PropertyValueSpecification\",\"valueRequired\":true,\"valueName\":\"search_term_string\"}}],\"inLanguage\":\"fr-FR\"},{\"@type\":\"Organization\",\"@id\":\"https:\/\/www.carideal.com\/blog\/#organization\",\"name\":\"Carideal\",\"url\":\"https:\/\/www.carideal.com\/blog\/\",\"logo\":{\"@type\":\"ImageObject\",\"inLanguage\":\"fr-FR\",\"@id\":\"https:\/\/www.carideal.com\/blog\/#\/schema\/logo\/image\/\",\"url\":\"http:\/\/www.carideal.com\/blog\/wp-content\/uploads\/2016\/03\/logo-carideal-mandataire-automobile.png\",\"contentUrl\":\"http:\/\/www.carideal.com\/blog\/wp-content\/uploads\/2016\/03\/logo-carideal-mandataire-automobile.png\",\"width\":300,\"height\":300,\"caption\":\"Carideal\"},\"image\":{\"@id\":\"https:\/\/www.carideal.com\/blog\/#\/schema\/logo\/image\/\"},\"sameAs\":[\"https:\/\/www.facebook.com\/Carideal.mandataire.automobile\",\"https:\/\/x.com\/caridealauto\",\"https:\/\/www.instagram.com\/carideal1\/\",\"https:\/\/www.linkedin.com\/company\/carideal.com\",\"https:\/\/fr.pinterest.com\/schiavonsas\/\",\"https:\/\/www.youtube.com\/user\/caridealsas\"]},{\"@type\":\"Person\",\"@id\":\"https:\/\/www.carideal.com\/blog\/#\/schema\/person\/cd95dc7919660de90d31b366f85be1ec\",\"name\":\"Nicolas SCHIAVON\",\"image\":{\"@type\":\"ImageObject\",\"inLanguage\":\"fr-FR\",\"@id\":\"https:\/\/www.carideal.com\/blog\/#\/schema\/person\/image\/\",\"url\":\"https:\/\/secure.gravatar.com\/avatar\/c17e55009e671d92cc7f5dc837dc418a?s=96&r=g\",\"contentUrl\":\"https:\/\/secure.gravatar.com\/avatar\/c17e55009e671d92cc7f5dc837dc418a?s=96&r=g\",\"caption\":\"Nicolas SCHIAVON\"},\"description\":\"Nicolas Schiavon est tomb\u00e9 tout petit dans la marmite automobile. Ayant eu un garage de marque automobile, mandataire automobile de la premi\u00e8re heure d\u00e8s 1999. Nicolas a cr\u00e9\u00e9 ces premiers sites de vente de voiture et blog automobile d\u00e8s 1994. Carideal est n\u00e9 le 15 d\u00e9cembre 2000 de la volont\u00e9 de vendre des voitures d'occasions en ligne puis des voitures neuves. Il a pu essayer beaucoup de voitures tr\u00e8s diff\u00e9rentes et ayant eu personnellement quelques belles autos, Subaru Impreza, Mitsubishi Lancer Evo 7, Porsche 911, Ferrari Testarrossa, Audi RS3, RS4 et j'en passe...\",\"sameAs\":[\"http:\/\/www.carideal.com\",\"https:\/\/www.facebook.com\/nicolas.schiavon.39\",\"https:\/\/www.instagram.com\/carideal1\/\",\"https:\/\/www.linkedin.com\/in\/nschiavon\/\",\"https:\/\/x.com\/caridealauto\",\"https:\/\/www.youtube.com\/user\/caridealsas\/\"],\"url\":\"https:\/\/www.carideal.com\/blog\/author\/nschiavon\/\"}]}<\/script>\n<!-- \/ Yoast SEO plugin. -->","yoast_head_json":{"title":"Koenigsegg One explose le record du 0-300-0 km\/h - Blog auto Carid\u00e9al","description":"La Koenigsegg One de 1340 ch pilot\u00e9e par le pilote d'usine Robert Serwanski, pose un nouveau record sur le 0-300-0 km\/h en 17\"","robots":{"index":"index","follow":"follow","max-snippet":"max-snippet:-1","max-image-preview":"max-image-preview:large","max-video-preview":"max-video-preview:-1"},"canonical":"https:\/\/www.carideal.com\/blog\/2015\/06\/20\/koenigseggs-one-explose-le-record-du-0-300-0-kmh-en-video\/","og_locale":"fr_FR","og_type":"article","og_title":"Koenigsegg One explose le record du 0-300-0 km\/h - Blog auto Carid\u00e9al","og_description":"La Koenigsegg One de 1340 ch pilot\u00e9e par le pilote d'usine Robert Serwanski, pose un nouveau record sur le 0-300-0 km\/h en 17\"","og_url":"https:\/\/www.carideal.com\/blog\/2015\/06\/20\/koenigseggs-one-explose-le-record-du-0-300-0-kmh-en-video\/","og_site_name":"Blog auto Carid\u00e9al","article_publisher":"https:\/\/www.facebook.com\/Carideal.mandataire.automobile","article_author":"https:\/\/www.facebook.com\/nicolas.schiavon.39","article_published_time":"2015-06-20T08:58:42+00:00","article_modified_time":"2021-07-21T10:03:18+00:00","og_image":[{"width":515,"height":330,"url":"https:\/\/www.carideal.com\/blog\/wp-content\/uploads\/2015\/06\/koenigsegg-one1-nouveau-record-monde-0-300-0-kmh-1795-sec-blog-carideal.jpg","type":"image\/jpeg"}],"author":"Nicolas SCHIAVON","twitter_card":"summary_large_image","twitter_creator":"@caridealauto","twitter_site":"@caridealauto","twitter_misc":{"\u00c9crit par":"Nicolas SCHIAVON","Dur\u00e9e de lecture estim\u00e9e":"1 minute"},"schema":{"@context":"https:\/\/schema.org","@graph":[{"@type":"Article","@id":"https:\/\/www.carideal.com\/blog\/2015\/06\/20\/koenigseggs-one-explose-le-record-du-0-300-0-kmh-en-video\/#article","isPartOf":{"@id":"https:\/\/www.carideal.com\/blog\/2015\/06\/20\/koenigseggs-one-explose-le-record-du-0-300-0-kmh-en-video\/"},"author":{"name":"Nicolas SCHIAVON","@id":"https:\/\/www.carideal.com\/blog\/#\/schema\/person\/cd95dc7919660de90d31b366f85be1ec"},"headline":"Koenigsegg One explose le record du 0-300-0 km\/h","datePublished":"2015-06-20T08:58:42+00:00","dateModified":"2021-07-21T10:03:18+00:00","mainEntityOfPage":{"@id":"https:\/\/www.carideal.com\/blog\/2015\/06\/20\/koenigseggs-one-explose-le-record-du-0-300-0-kmh-en-video\/"},"wordCount":148,"commentCount":0,"publisher":{"@id":"https:\/\/www.carideal.com\/blog\/#organization"},"image":{"@id":"https:\/\/www.carideal.com\/blog\/2015\/06\/20\/koenigseggs-one-explose-le-record-du-0-300-0-kmh-en-video\/#primaryimage"},"thumbnailUrl":"https:\/\/www.carideal.com\/blog\/wp-content\/uploads\/2015\/06\/koenigsegg-one1-nouveau-record-monde-0-300-0-kmh-1795-sec-blog-carideal.jpg","articleSection":["Actualit\u00e9 automobile","Actualit\u00e9 Constructeur automobile","Actualit\u00e9 Koenigsegg","Supercar","Type de v\u00e9hicule","Vid\u00e9o voiture : vid\u00e9o automobile"],"inLanguage":"fr-FR","potentialAction":[{"@type":"CommentAction","name":"Comment","target":["https:\/\/www.carideal.com\/blog\/2015\/06\/20\/koenigseggs-one-explose-le-record-du-0-300-0-kmh-en-video\/#respond"]}]},{"@type":"WebPage","@id":"https:\/\/www.carideal.com\/blog\/2015\/06\/20\/koenigseggs-one-explose-le-record-du-0-300-0-kmh-en-video\/","url":"https:\/\/www.carideal.com\/blog\/2015\/06\/20\/koenigseggs-one-explose-le-record-du-0-300-0-kmh-en-video\/","name":"Koenigsegg One explose le record du 0-300-0 km\/h - Blog auto Carid\u00e9al","isPartOf":{"@id":"https:\/\/www.carideal.com\/blog\/#website"},"primaryImageOfPage":{"@id":"https:\/\/www.carideal.com\/blog\/2015\/06\/20\/koenigseggs-one-explose-le-record-du-0-300-0-kmh-en-video\/#primaryimage"},"image":{"@id":"https:\/\/www.carideal.com\/blog\/2015\/06\/20\/koenigseggs-one-explose-le-record-du-0-300-0-kmh-en-video\/#primaryimage"},"thumbnailUrl":"https:\/\/www.carideal.com\/blog\/wp-content\/uploads\/2015\/06\/koenigsegg-one1-nouveau-record-monde-0-300-0-kmh-1795-sec-blog-carideal.jpg","datePublished":"2015-06-20T08:58:42+00:00","dateModified":"2021-07-21T10:03:18+00:00","description":"La Koenigsegg One de 1340 ch pilot\u00e9e par le pilote d'usine Robert Serwanski, pose un nouveau record sur le 0-300-0 km\/h en 17\"","breadcrumb":{"@id":"https:\/\/www.carideal.com\/blog\/2015\/06\/20\/koenigseggs-one-explose-le-record-du-0-300-0-kmh-en-video\/#breadcrumb"},"inLanguage":"fr-FR","potentialAction":[{"@type":"ReadAction","target":["https:\/\/www.carideal.com\/blog\/2015\/06\/20\/koenigseggs-one-explose-le-record-du-0-300-0-kmh-en-video\/"]}]},{"@type":"ImageObject","inLanguage":"fr-FR","@id":"https:\/\/www.carideal.com\/blog\/2015\/06\/20\/koenigseggs-one-explose-le-record-du-0-300-0-kmh-en-video\/#primaryimage","url":"https:\/\/www.carideal.com\/blog\/wp-content\/uploads\/2015\/06\/koenigsegg-one1-nouveau-record-monde-0-300-0-kmh-1795-sec-blog-carideal.jpg","contentUrl":"https:\/\/www.carideal.com\/blog\/wp-content\/uploads\/2015\/06\/koenigsegg-one1-nouveau-record-monde-0-300-0-kmh-1795-sec-blog-carideal.jpg","width":515,"height":330,"caption":"La Koenigsegg One \u00e9tablie un nouveau record du monde sur le 0-300-0 en 17\"95"},{"@type":"BreadcrumbList","@id":"https:\/\/www.carideal.com\/blog\/2015\/06\/20\/koenigseggs-one-explose-le-record-du-0-300-0-kmh-en-video\/#breadcrumb","itemListElement":[{"@type":"ListItem","position":1,"name":"Blog Carid\u00e9al","item":"https:\/\/www.carideal.com\/blog\/"},{"@type":"ListItem","position":2,"name":"Actualit\u00e9 automobile","item":"https:\/\/www.carideal.com\/blog\/actualites-auto\/"},{"@type":"ListItem","position":3,"name":"Koenigsegg One explose le record du 0-300-0 km\/h"}]},{"@type":"WebSite","@id":"https:\/\/www.carideal.com\/blog\/#website","url":"https:\/\/www.carideal.com\/blog\/","name":"Blog auto Carid\u00e9al","description":"Actualit\u00e9 auto par des passionn\u00e9s","publisher":{"@id":"https:\/\/www.carideal.com\/blog\/#organization"},"potentialAction":[{"@type":"SearchAction","target":{"@type":"EntryPoint","urlTemplate":"https:\/\/www.carideal.com\/blog\/?s={search_term_string}"},"query-input":{"@type":"PropertyValueSpecification","valueRequired":true,"valueName":"search_term_string"}}],"inLanguage":"fr-FR"},{"@type":"Organization","@id":"https:\/\/www.carideal.com\/blog\/#organization","name":"Carideal","url":"https:\/\/www.carideal.com\/blog\/","logo":{"@type":"ImageObject","inLanguage":"fr-FR","@id":"https:\/\/www.carideal.com\/blog\/#\/schema\/logo\/image\/","url":"http:\/\/www.carideal.com\/blog\/wp-content\/uploads\/2016\/03\/logo-carideal-mandataire-automobile.png","contentUrl":"http:\/\/www.carideal.com\/blog\/wp-content\/uploads\/2016\/03\/logo-carideal-mandataire-automobile.png","width":300,"height":300,"caption":"Carideal"},"image":{"@id":"https:\/\/www.carideal.com\/blog\/#\/schema\/logo\/image\/"},"sameAs":["https:\/\/www.facebook.com\/Carideal.mandataire.automobile","https:\/\/x.com\/caridealauto","https:\/\/www.instagram.com\/carideal1\/","https:\/\/www.linkedin.com\/company\/carideal.com","https:\/\/fr.pinterest.com\/schiavonsas\/","https:\/\/www.youtube.com\/user\/caridealsas"]},{"@type":"Person","@id":"https:\/\/www.carideal.com\/blog\/#\/schema\/person\/cd95dc7919660de90d31b366f85be1ec","name":"Nicolas SCHIAVON","image":{"@type":"ImageObject","inLanguage":"fr-FR","@id":"https:\/\/www.carideal.com\/blog\/#\/schema\/person\/image\/","url":"https:\/\/secure.gravatar.com\/avatar\/c17e55009e671d92cc7f5dc837dc418a?s=96&r=g","contentUrl":"https:\/\/secure.gravatar.com\/avatar\/c17e55009e671d92cc7f5dc837dc418a?s=96&r=g","caption":"Nicolas SCHIAVON"},"description":"Nicolas Schiavon est tomb\u00e9 tout petit dans la marmite automobile. Ayant eu un garage de marque automobile, mandataire automobile de la premi\u00e8re heure d\u00e8s 1999. Nicolas a cr\u00e9\u00e9 ces premiers sites de vente de voiture et blog automobile d\u00e8s 1994. Carideal est n\u00e9 le 15 d\u00e9cembre 2000 de la volont\u00e9 de vendre des voitures d'occasions en ligne puis des voitures neuves. Il a pu essayer beaucoup de voitures tr\u00e8s diff\u00e9rentes et ayant eu personnellement quelques belles autos, Subaru Impreza, Mitsubishi Lancer Evo 7, Porsche 911, Ferrari Testarrossa, Audi RS3, RS4 et j'en passe...","sameAs":["http:\/\/www.carideal.com","https:\/\/www.facebook.com\/nicolas.schiavon.39","https:\/\/www.instagram.com\/carideal1\/","https:\/\/www.linkedin.com\/in\/nschiavon\/","https:\/\/x.com\/caridealauto","https:\/\/www.youtube.com\/user\/caridealsas\/"],"url":"https:\/\/www.carideal.com\/blog\/author\/nschiavon\/"}]}},"uagb_featured_image_src":{"full":["https:\/\/www.carideal.com\/blog\/wp-content\/uploads\/2015\/06\/koenigsegg-one1-nouveau-record-monde-0-300-0-kmh-1795-sec-blog-carideal.jpg",515,330,false],"thumbnail":["https:\/\/www.carideal.com\/blog\/wp-content\/uploads\/2015\/06\/koenigsegg-one1-nouveau-record-monde-0-300-0-kmh-1795-sec-blog-carideal-150x150.jpg",150,150,true],"medium":["https:\/\/www.carideal.com\/blog\/wp-content\/uploads\/2015\/06\/koenigsegg-one1-nouveau-record-monde-0-300-0-kmh-1795-sec-blog-carideal-300x192.jpg",300,192,true],"medium_large":["https:\/\/www.carideal.com\/blog\/wp-content\/uploads\/2015\/06\/koenigsegg-one1-nouveau-record-monde-0-300-0-kmh-1795-sec-blog-carideal.jpg",515,330,false],"large":["https:\/\/www.carideal.com\/blog\/wp-content\/uploads\/2015\/06\/koenigsegg-one1-nouveau-record-monde-0-300-0-kmh-1795-sec-blog-carideal.jpg",515,330,false],"1536x1536":["https:\/\/www.carideal.com\/blog\/wp-content\/uploads\/2015\/06\/koenigsegg-one1-nouveau-record-monde-0-300-0-kmh-1795-sec-blog-carideal.jpg",515,330,false],"2048x2048":["https:\/\/www.carideal.com\/blog\/wp-content\/uploads\/2015\/06\/koenigsegg-one1-nouveau-record-monde-0-300-0-kmh-1795-sec-blog-carideal.jpg",515,330,false],"wppr-widget":["https:\/\/www.carideal.com\/blog\/wp-content\/uploads\/2015\/06\/koenigsegg-one1-nouveau-record-monde-0-300-0-kmh-1795-sec-blog-carideal.jpg",50,32,false]},"uagb_author_info":{"display_name":"Nicolas SCHIAVON","author_link":"https:\/\/www.carideal.com\/blog\/author\/nschiavon\/"},"uagb_comment_info":0,"uagb_excerpt":"La Koenigsegg One explose le record du 0-300-0 km\/h en Vid\u00e9o Comment le moteur 2.0 sans arbre \u00e0 came de Koenigsegg produit 600 ch La Koenigsegg One: 1340 ch pilot\u00e9e par le pilote d'usine Robert Serwanski, pose un nouveau record 0-300-0 km\/h en 17\" 95 sur la piste d'essai Koenigsegg \u00e0 \u00c4ngelholm, en Su\u00e8de. Le\u2026","_links":{"self":[{"href":"https:\/\/www.carideal.com\/blog\/wp-json\/wp\/v2\/posts\/6012"}],"collection":[{"href":"https:\/\/www.carideal.com\/blog\/wp-json\/wp\/v2\/posts"}],"about":[{"href":"https:\/\/www.carideal.com\/blog\/wp-json\/wp\/v2\/types\/post"}],"author":[{"embeddable":true,"href":"https:\/\/www.carideal.com\/blog\/wp-json\/wp\/v2\/users\/3"}],"replies":[{"embeddable":true,"href":"https:\/\/www.carideal.com\/blog\/wp-json\/wp\/v2\/comments?post=6012"}],"version-history":[{"count":0,"href":"https:\/\/www.carideal.com\/blog\/wp-json\/wp\/v2\/posts\/6012\/revisions"}],"wp:featuredmedia":[{"embeddable":true,"href":"https:\/\/www.carideal.com\/blog\/wp-json\/wp\/v2\/media\/6013"}],"wp:attachment":[{"href":"https:\/\/www.carideal.com\/blog\/wp-json\/wp\/v2\/media?parent=6012"}],"wp:term":[{"taxonomy":"category","embeddable":true,"href":"https:\/\/www.carideal.com\/blog\/wp-json\/wp\/v2\/categories?post=6012"},{"taxonomy":"post_tag","embeddable":true,"href":"https:\/\/www.carideal.com\/blog\/wp-json\/wp\/v2\/tags?post=6012"}],"curies":[{"name":"wp","href":"https:\/\/api.w.org\/{rel}","templated":true}]}}