{"id":601,"date":"2013-11-24T13:36:00","date_gmt":"2013-11-24T13:36:00","guid":{"rendered":"http:\/\/carideal.com\/blog\/?p=601"},"modified":"2019-01-27T17:58:19","modified_gmt":"2019-01-27T16:58:19","slug":"la-nouvelle-audi-a8-restylee-arrive","status":"publish","type":"post","link":"https:\/\/www.carideal.com\/blog\/2013\/11\/24\/la-nouvelle-audi-a8-restylee-arrive\/","title":{"rendered":"La nouvelle Audi A8 restyl\u00e9e arrive"},"content":{"rendered":"<p><img decoding=\"async\" title=\"audi-a8-nouvelle-blog-carideal-mandataire-automobile.JPG, nov. 2013\" src=\"\/blog\/public\/.audi-a8-nouvelle-blog-carideal-mandataire-automobile_m.jpg\" alt=\"audi-a8-nouvelle-blog-carideal-mandataire-automobile.JPG\" \/><\/p>\n<blockquote><p>Audi A8 nouvelle &amp; restyl\u00e9e<\/p><\/blockquote>\n<p>Audi veut r\u00e9agir \u00e0 la nouvelle Mercedes Classe s et nous pr\u00e9pare une A8 l\u00e9g\u00e8rement restyl\u00e9e pour le mois de d\u00e9cembre pour un prix de d\u00e9part de 80000 \u20ac.<br \/>\nLes modifications sont mineures.<br \/>\nAudi l'a bard\u00e9 de technologie dont la plus surprenante semble \u00eatre ses nouveaux phares \u00e0 LED compos\u00e9s de 25 diodes avec un \u00e9clairage synchronis\u00e9 avec le GPS\u00a0: les feux r\u00e9agiront aux changements de route ou aux intersections avant m\u00eame d'y penser.<br \/>\nLa voiture sera \u00e9quip\u00e9e de moteur essence de 310, 435 et 520 ch sur la S8 et de deux diesels 258 et 385 ch.<\/p>\n<p>\/ Audi A8 Hybrid<\/p>\n","protected":false},"excerpt":{"rendered":"<p>Audi A8 nouvelle &amp; restyl\u00e9e Audi veut r\u00e9agir \u00e0 la nouvelle Mercedes Classe s et nous pr\u00e9pare une A8 l\u00e9g\u00e8rement restyl\u00e9e pour le mois de d\u00e9cembre pour un prix de d\u00e9part de 80000 \u20ac. Les modifications sont mineures. Audi l&rsquo;a bard\u00e9 de technologie dont la plus surprenante semble \u00eatre ses nouveaux phares \u00e0 LED compos\u00e9s &#8230; <a title=\"La nouvelle Audi A8 restyl\u00e9e arrive\" class=\"read-more\" href=\"https:\/\/www.carideal.com\/blog\/2013\/11\/24\/la-nouvelle-audi-a8-restylee-arrive\/\" aria-label=\"En savoir plus sur La nouvelle Audi A8 restyl\u00e9e arrive\">Lire plus<\/a><\/p>\n","protected":false},"author":1,"featured_media":0,"comment_status":"open","ping_status":"open","sticky":false,"template":"","format":"standard","meta":{"_uag_custom_page_level_css":"","_themeisle_gutenberg_block_has_review":false,"footnotes":""},"categories":[5978,5944,6012,5974],"tags":[6184],"class_list":["post-601","post","type-post","status-publish","format-standard","hentry","category-audi","category-constructeur","category-berlines","category-type-de-vehicule","tag-meilleur-voiture"],"wppr_data":{"cwp_meta_box_check":"No"},"yoast_head":"<!-- This site is optimized with the Yoast SEO plugin v24.8.1 - https:\/\/yoast.com\/wordpress\/plugins\/seo\/ -->\n<title>La nouvelle Audi A8 restyl\u00e9e arrive - Blog auto Carid\u00e9al<\/title>\n<meta name=\"robots\" content=\"noindex, follow\" \/>\n<meta property=\"og:locale\" content=\"fr_FR\" \/>\n<meta property=\"og:type\" content=\"article\" \/>\n<meta property=\"og:title\" content=\"La nouvelle Audi A8 restyl\u00e9e arrive - Blog auto Carid\u00e9al\" \/>\n<meta property=\"og:description\" content=\"Audi A8 nouvelle &amp; restyl\u00e9e Audi veut r\u00e9agir \u00e0 la nouvelle Mercedes Classe s et nous pr\u00e9pare une A8 l\u00e9g\u00e8rement restyl\u00e9e pour le mois de d\u00e9cembre pour un prix de d\u00e9part de 80000 \u20ac. Les modifications sont mineures. Audi l&#039;a bard\u00e9 de technologie dont la plus surprenante semble \u00eatre ses nouveaux phares \u00e0 LED compos\u00e9s ... Lire plus\" \/>\n<meta property=\"og:url\" content=\"https:\/\/www.carideal.com\/blog\/2013\/11\/24\/la-nouvelle-audi-a8-restylee-arrive\/\" \/>\n<meta property=\"og:site_name\" content=\"Blog auto Carid\u00e9al\" \/>\n<meta property=\"article:publisher\" content=\"https:\/\/www.facebook.com\/Carideal.mandataire.automobile\" \/>\n<meta property=\"article:author\" content=\"https:\/\/www.facebook.com\/Carideal.mandataire.automobile\/\" \/>\n<meta property=\"article:published_time\" content=\"2013-11-24T13:36:00+00:00\" \/>\n<meta property=\"article:modified_time\" content=\"2019-01-27T16:58:19+00:00\" \/>\n<meta property=\"og:image\" content=\"https:\/\/www.carideal.com\/blog\/wp-content\/uploads\/2016\/03\/logo-carideal-mandataire-automobile.png\" \/>\n\t<meta property=\"og:image:width\" content=\"300\" \/>\n\t<meta property=\"og:image:height\" content=\"300\" \/>\n\t<meta property=\"og:image:type\" content=\"image\/png\" \/>\n<meta name=\"author\" content=\"N.S Carideal\" \/>\n<meta name=\"twitter:card\" content=\"summary_large_image\" \/>\n<meta name=\"twitter:creator\" content=\"@caridealauto\" \/>\n<meta name=\"twitter:site\" content=\"@caridealauto\" \/>\n<meta name=\"twitter:label1\" content=\"\u00c9crit par\" \/>\n\t<meta name=\"twitter:data1\" content=\"N.S Carideal\" \/>\n\t<meta name=\"twitter:label2\" content=\"Dur\u00e9e de lecture estim\u00e9e\" \/>\n\t<meta name=\"twitter:data2\" content=\"1 minute\" \/>\n<script type=\"application\/ld+json\" class=\"yoast-schema-graph\">{\"@context\":\"https:\/\/schema.org\",\"@graph\":[{\"@type\":\"Article\",\"@id\":\"https:\/\/www.carideal.com\/blog\/2013\/11\/24\/la-nouvelle-audi-a8-restylee-arrive\/#article\",\"isPartOf\":{\"@id\":\"https:\/\/www.carideal.com\/blog\/2013\/11\/24\/la-nouvelle-audi-a8-restylee-arrive\/\"},\"author\":{\"name\":\"N.S Carideal\",\"@id\":\"https:\/\/www.carideal.com\/blog\/#\/schema\/person\/985c7e757d1042d647f21bfaf8d41ebc\"},\"headline\":\"La nouvelle Audi A8 restyl\u00e9e arrive\",\"datePublished\":\"2013-11-24T13:36:00+00:00\",\"dateModified\":\"2019-01-27T16:58:19+00:00\",\"mainEntityOfPage\":{\"@id\":\"https:\/\/www.carideal.com\/blog\/2013\/11\/24\/la-nouvelle-audi-a8-restylee-arrive\/\"},\"wordCount\":115,\"commentCount\":0,\"publisher\":{\"@id\":\"https:\/\/www.carideal.com\/blog\/#organization\"},\"keywords\":[\"Meilleure voiture\"],\"articleSection\":[\"Actualit\u00e9 Audi\",\"Actualit\u00e9 Constructeur automobile\",\"Berlines\",\"Type de v\u00e9hicule\"],\"inLanguage\":\"fr-FR\",\"potentialAction\":[{\"@type\":\"CommentAction\",\"name\":\"Comment\",\"target\":[\"https:\/\/www.carideal.com\/blog\/2013\/11\/24\/la-nouvelle-audi-a8-restylee-arrive\/#respond\"]}]},{\"@type\":\"WebPage\",\"@id\":\"https:\/\/www.carideal.com\/blog\/2013\/11\/24\/la-nouvelle-audi-a8-restylee-arrive\/\",\"url\":\"https:\/\/www.carideal.com\/blog\/2013\/11\/24\/la-nouvelle-audi-a8-restylee-arrive\/\",\"name\":\"La nouvelle Audi A8 restyl\u00e9e arrive - Blog auto Carid\u00e9al\",\"isPartOf\":{\"@id\":\"https:\/\/www.carideal.com\/blog\/#website\"},\"datePublished\":\"2013-11-24T13:36:00+00:00\",\"dateModified\":\"2019-01-27T16:58:19+00:00\",\"breadcrumb\":{\"@id\":\"https:\/\/www.carideal.com\/blog\/2013\/11\/24\/la-nouvelle-audi-a8-restylee-arrive\/#breadcrumb\"},\"inLanguage\":\"fr-FR\",\"potentialAction\":[{\"@type\":\"ReadAction\",\"target\":[\"https:\/\/www.carideal.com\/blog\/2013\/11\/24\/la-nouvelle-audi-a8-restylee-arrive\/\"]}]},{\"@type\":\"BreadcrumbList\",\"@id\":\"https:\/\/www.carideal.com\/blog\/2013\/11\/24\/la-nouvelle-audi-a8-restylee-arrive\/#breadcrumb\",\"itemListElement\":[{\"@type\":\"ListItem\",\"position\":1,\"name\":\"Blog Carid\u00e9al\",\"item\":\"https:\/\/www.carideal.com\/blog\/\"},{\"@type\":\"ListItem\",\"position\":2,\"name\":\"Actualit\u00e9 constructeur automobile\",\"item\":\"https:\/\/www.carideal.com\/blog\/constructeur\/\"},{\"@type\":\"ListItem\",\"position\":3,\"name\":\"Actualit\u00e9 Audi\",\"item\":\"https:\/\/www.carideal.com\/blog\/constructeur\/audi\/\"},{\"@type\":\"ListItem\",\"position\":4,\"name\":\"La nouvelle Audi A8 restyl\u00e9e arrive\"}]},{\"@type\":\"WebSite\",\"@id\":\"https:\/\/www.carideal.com\/blog\/#website\",\"url\":\"https:\/\/www.carideal.com\/blog\/\",\"name\":\"Blog auto Carid\u00e9al\",\"description\":\"Actualit\u00e9 auto par des passionn\u00e9s\",\"publisher\":{\"@id\":\"https:\/\/www.carideal.com\/blog\/#organization\"},\"potentialAction\":[{\"@type\":\"SearchAction\",\"target\":{\"@type\":\"EntryPoint\",\"urlTemplate\":\"https:\/\/www.carideal.com\/blog\/?s={search_term_string}\"},\"query-input\":{\"@type\":\"PropertyValueSpecification\",\"valueRequired\":true,\"valueName\":\"search_term_string\"}}],\"inLanguage\":\"fr-FR\"},{\"@type\":\"Organization\",\"@id\":\"https:\/\/www.carideal.com\/blog\/#organization\",\"name\":\"Carideal\",\"url\":\"https:\/\/www.carideal.com\/blog\/\",\"logo\":{\"@type\":\"ImageObject\",\"inLanguage\":\"fr-FR\",\"@id\":\"https:\/\/www.carideal.com\/blog\/#\/schema\/logo\/image\/\",\"url\":\"http:\/\/www.carideal.com\/blog\/wp-content\/uploads\/2016\/03\/logo-carideal-mandataire-automobile.png\",\"contentUrl\":\"http:\/\/www.carideal.com\/blog\/wp-content\/uploads\/2016\/03\/logo-carideal-mandataire-automobile.png\",\"width\":300,\"height\":300,\"caption\":\"Carideal\"},\"image\":{\"@id\":\"https:\/\/www.carideal.com\/blog\/#\/schema\/logo\/image\/\"},\"sameAs\":[\"https:\/\/www.facebook.com\/Carideal.mandataire.automobile\",\"https:\/\/x.com\/caridealauto\",\"https:\/\/www.instagram.com\/carideal1\/\",\"https:\/\/www.linkedin.com\/company\/carideal.com\",\"https:\/\/fr.pinterest.com\/schiavonsas\/\",\"https:\/\/www.youtube.com\/user\/caridealsas\"]},{\"@type\":\"Person\",\"@id\":\"https:\/\/www.carideal.com\/blog\/#\/schema\/person\/985c7e757d1042d647f21bfaf8d41ebc\",\"name\":\"N.S Carideal\",\"image\":{\"@type\":\"ImageObject\",\"inLanguage\":\"fr-FR\",\"@id\":\"https:\/\/www.carideal.com\/blog\/#\/schema\/person\/image\/\",\"url\":\"https:\/\/secure.gravatar.com\/avatar\/edb7ccdf1a4e3d14aef967760d354d0e?s=96&r=g\",\"contentUrl\":\"https:\/\/secure.gravatar.com\/avatar\/edb7ccdf1a4e3d14aef967760d354d0e?s=96&r=g\",\"caption\":\"N.S Carideal\"},\"description\":\"Depuis tout petit fan d'automobile. Il est question d'essayer et de comparer toutes ces voitures qui nous ont fait r\u00e9ver, avant que celles-ci ne devient uniquement des voitures de collection.\",\"sameAs\":[\"http:\/\/www.carideal.com\/blog\",\"https:\/\/www.facebook.com\/Carideal.mandataire.automobile\/\",\"https:\/\/www.linkedin.com\/in\/nschiavon\/\",\"https:\/\/www.youtube.com\/user\/caridealsas\/\"],\"url\":\"https:\/\/www.carideal.com\/blog\/author\/admin_carideal\/\"}]}<\/script>\n<!-- \/ Yoast SEO plugin. -->","yoast_head_json":{"title":"La nouvelle Audi A8 restyl\u00e9e arrive - Blog auto Carid\u00e9al","robots":{"index":"noindex","follow":"follow"},"og_locale":"fr_FR","og_type":"article","og_title":"La nouvelle Audi A8 restyl\u00e9e arrive - Blog auto Carid\u00e9al","og_description":"Audi A8 nouvelle &amp; restyl\u00e9e Audi veut r\u00e9agir \u00e0 la nouvelle Mercedes Classe s et nous pr\u00e9pare une A8 l\u00e9g\u00e8rement restyl\u00e9e pour le mois de d\u00e9cembre pour un prix de d\u00e9part de 80000 \u20ac. Les modifications sont mineures. Audi l'a bard\u00e9 de technologie dont la plus surprenante semble \u00eatre ses nouveaux phares \u00e0 LED compos\u00e9s ... Lire plus","og_url":"https:\/\/www.carideal.com\/blog\/2013\/11\/24\/la-nouvelle-audi-a8-restylee-arrive\/","og_site_name":"Blog auto Carid\u00e9al","article_publisher":"https:\/\/www.facebook.com\/Carideal.mandataire.automobile","article_author":"https:\/\/www.facebook.com\/Carideal.mandataire.automobile\/","article_published_time":"2013-11-24T13:36:00+00:00","article_modified_time":"2019-01-27T16:58:19+00:00","og_image":[{"width":300,"height":300,"url":"https:\/\/www.carideal.com\/blog\/wp-content\/uploads\/2016\/03\/logo-carideal-mandataire-automobile.png","type":"image\/png"}],"author":"N.S Carideal","twitter_card":"summary_large_image","twitter_creator":"@caridealauto","twitter_site":"@caridealauto","twitter_misc":{"\u00c9crit par":"N.S Carideal","Dur\u00e9e de lecture estim\u00e9e":"1 minute"},"schema":{"@context":"https:\/\/schema.org","@graph":[{"@type":"Article","@id":"https:\/\/www.carideal.com\/blog\/2013\/11\/24\/la-nouvelle-audi-a8-restylee-arrive\/#article","isPartOf":{"@id":"https:\/\/www.carideal.com\/blog\/2013\/11\/24\/la-nouvelle-audi-a8-restylee-arrive\/"},"author":{"name":"N.S Carideal","@id":"https:\/\/www.carideal.com\/blog\/#\/schema\/person\/985c7e757d1042d647f21bfaf8d41ebc"},"headline":"La nouvelle Audi A8 restyl\u00e9e arrive","datePublished":"2013-11-24T13:36:00+00:00","dateModified":"2019-01-27T16:58:19+00:00","mainEntityOfPage":{"@id":"https:\/\/www.carideal.com\/blog\/2013\/11\/24\/la-nouvelle-audi-a8-restylee-arrive\/"},"wordCount":115,"commentCount":0,"publisher":{"@id":"https:\/\/www.carideal.com\/blog\/#organization"},"keywords":["Meilleure voiture"],"articleSection":["Actualit\u00e9 Audi","Actualit\u00e9 Constructeur automobile","Berlines","Type de v\u00e9hicule"],"inLanguage":"fr-FR","potentialAction":[{"@type":"CommentAction","name":"Comment","target":["https:\/\/www.carideal.com\/blog\/2013\/11\/24\/la-nouvelle-audi-a8-restylee-arrive\/#respond"]}]},{"@type":"WebPage","@id":"https:\/\/www.carideal.com\/blog\/2013\/11\/24\/la-nouvelle-audi-a8-restylee-arrive\/","url":"https:\/\/www.carideal.com\/blog\/2013\/11\/24\/la-nouvelle-audi-a8-restylee-arrive\/","name":"La nouvelle Audi A8 restyl\u00e9e arrive - Blog auto Carid\u00e9al","isPartOf":{"@id":"https:\/\/www.carideal.com\/blog\/#website"},"datePublished":"2013-11-24T13:36:00+00:00","dateModified":"2019-01-27T16:58:19+00:00","breadcrumb":{"@id":"https:\/\/www.carideal.com\/blog\/2013\/11\/24\/la-nouvelle-audi-a8-restylee-arrive\/#breadcrumb"},"inLanguage":"fr-FR","potentialAction":[{"@type":"ReadAction","target":["https:\/\/www.carideal.com\/blog\/2013\/11\/24\/la-nouvelle-audi-a8-restylee-arrive\/"]}]},{"@type":"BreadcrumbList","@id":"https:\/\/www.carideal.com\/blog\/2013\/11\/24\/la-nouvelle-audi-a8-restylee-arrive\/#breadcrumb","itemListElement":[{"@type":"ListItem","position":1,"name":"Blog Carid\u00e9al","item":"https:\/\/www.carideal.com\/blog\/"},{"@type":"ListItem","position":2,"name":"Actualit\u00e9 constructeur automobile","item":"https:\/\/www.carideal.com\/blog\/constructeur\/"},{"@type":"ListItem","position":3,"name":"Actualit\u00e9 Audi","item":"https:\/\/www.carideal.com\/blog\/constructeur\/audi\/"},{"@type":"ListItem","position":4,"name":"La nouvelle Audi A8 restyl\u00e9e arrive"}]},{"@type":"WebSite","@id":"https:\/\/www.carideal.com\/blog\/#website","url":"https:\/\/www.carideal.com\/blog\/","name":"Blog auto Carid\u00e9al","description":"Actualit\u00e9 auto par des passionn\u00e9s","publisher":{"@id":"https:\/\/www.carideal.com\/blog\/#organization"},"potentialAction":[{"@type":"SearchAction","target":{"@type":"EntryPoint","urlTemplate":"https:\/\/www.carideal.com\/blog\/?s={search_term_string}"},"query-input":{"@type":"PropertyValueSpecification","valueRequired":true,"valueName":"search_term_string"}}],"inLanguage":"fr-FR"},{"@type":"Organization","@id":"https:\/\/www.carideal.com\/blog\/#organization","name":"Carideal","url":"https:\/\/www.carideal.com\/blog\/","logo":{"@type":"ImageObject","inLanguage":"fr-FR","@id":"https:\/\/www.carideal.com\/blog\/#\/schema\/logo\/image\/","url":"http:\/\/www.carideal.com\/blog\/wp-content\/uploads\/2016\/03\/logo-carideal-mandataire-automobile.png","contentUrl":"http:\/\/www.carideal.com\/blog\/wp-content\/uploads\/2016\/03\/logo-carideal-mandataire-automobile.png","width":300,"height":300,"caption":"Carideal"},"image":{"@id":"https:\/\/www.carideal.com\/blog\/#\/schema\/logo\/image\/"},"sameAs":["https:\/\/www.facebook.com\/Carideal.mandataire.automobile","https:\/\/x.com\/caridealauto","https:\/\/www.instagram.com\/carideal1\/","https:\/\/www.linkedin.com\/company\/carideal.com","https:\/\/fr.pinterest.com\/schiavonsas\/","https:\/\/www.youtube.com\/user\/caridealsas"]},{"@type":"Person","@id":"https:\/\/www.carideal.com\/blog\/#\/schema\/person\/985c7e757d1042d647f21bfaf8d41ebc","name":"N.S Carideal","image":{"@type":"ImageObject","inLanguage":"fr-FR","@id":"https:\/\/www.carideal.com\/blog\/#\/schema\/person\/image\/","url":"https:\/\/secure.gravatar.com\/avatar\/edb7ccdf1a4e3d14aef967760d354d0e?s=96&r=g","contentUrl":"https:\/\/secure.gravatar.com\/avatar\/edb7ccdf1a4e3d14aef967760d354d0e?s=96&r=g","caption":"N.S Carideal"},"description":"Depuis tout petit fan d'automobile. Il est question d'essayer et de comparer toutes ces voitures qui nous ont fait r\u00e9ver, avant que celles-ci ne devient uniquement des voitures de collection.","sameAs":["http:\/\/www.carideal.com\/blog","https:\/\/www.facebook.com\/Carideal.mandataire.automobile\/","https:\/\/www.linkedin.com\/in\/nschiavon\/","https:\/\/www.youtube.com\/user\/caridealsas\/"],"url":"https:\/\/www.carideal.com\/blog\/author\/admin_carideal\/"}]}},"uagb_featured_image_src":{"full":false,"thumbnail":false,"medium":false,"medium_large":false,"large":false,"1536x1536":false,"2048x2048":false,"wppr-widget":false},"uagb_author_info":{"display_name":"N.S Carideal","author_link":"https:\/\/www.carideal.com\/blog\/author\/admin_carideal\/"},"uagb_comment_info":0,"uagb_excerpt":"Audi A8 nouvelle &amp; restyl\u00e9e Audi veut r\u00e9agir \u00e0 la nouvelle Mercedes Classe s et nous pr\u00e9pare une A8 l\u00e9g\u00e8rement restyl\u00e9e pour le mois de d\u00e9cembre pour un prix de d\u00e9part de 80000 \u20ac. Les modifications sont mineures. Audi l'a bard\u00e9 de technologie dont la plus surprenante semble \u00eatre ses nouveaux phares \u00e0 LED compos\u00e9s\u2026","_links":{"self":[{"href":"https:\/\/www.carideal.com\/blog\/wp-json\/wp\/v2\/posts\/601"}],"collection":[{"href":"https:\/\/www.carideal.com\/blog\/wp-json\/wp\/v2\/posts"}],"about":[{"href":"https:\/\/www.carideal.com\/blog\/wp-json\/wp\/v2\/types\/post"}],"author":[{"embeddable":true,"href":"https:\/\/www.carideal.com\/blog\/wp-json\/wp\/v2\/users\/1"}],"replies":[{"embeddable":true,"href":"https:\/\/www.carideal.com\/blog\/wp-json\/wp\/v2\/comments?post=601"}],"version-history":[{"count":0,"href":"https:\/\/www.carideal.com\/blog\/wp-json\/wp\/v2\/posts\/601\/revisions"}],"wp:attachment":[{"href":"https:\/\/www.carideal.com\/blog\/wp-json\/wp\/v2\/media?parent=601"}],"wp:term":[{"taxonomy":"category","embeddable":true,"href":"https:\/\/www.carideal.com\/blog\/wp-json\/wp\/v2\/categories?post=601"},{"taxonomy":"post_tag","embeddable":true,"href":"https:\/\/www.carideal.com\/blog\/wp-json\/wp\/v2\/tags?post=601"}],"curies":[{"name":"wp","href":"https:\/\/api.w.org\/{rel}","templated":true}]}}