{"id":5987,"date":"2015-06-16T15:16:40","date_gmt":"2015-06-16T13:16:40","guid":{"rendered":"http:\/\/www.carideal.com\/blog\/?p=5987"},"modified":"2020-03-07T16:49:17","modified_gmt":"2020-03-07T15:49:17","slug":"nouvelle-serie-speciale-crossway-sur-la-peugeot-2008-sur-equipee","status":"publish","type":"post","link":"https:\/\/www.carideal.com\/blog\/2015\/06\/16\/nouvelle-serie-speciale-crossway-sur-la-peugeot-2008-sur-equipee\/","title":{"rendered":"Nouvelle S\u00e9rie sp\u00e9ciale Peugeot 2008 Crossway"},"content":{"rendered":"<figure id=\"attachment_5988\" aria-describedby=\"caption-attachment-5988\" style=\"width: 290px\" class=\"wp-caption alignnone\"><a href=\"http:\/\/www.carideal.com\/blog\/wp-content\/uploads\/2015\/06\/peugeot-2008-crossway-carideal-mandataire-automobile.jpg\"><img loading=\"lazy\" decoding=\"async\" class=\"wp-image-5988 size-medium\" title=\"Nouvelle Peugeot 2008 Crossway sur-\u00e9quip\u00e9e\" src=\"http:\/\/www.carideal.com\/blog\/wp-content\/uploads\/2015\/06\/peugeot-2008-crossway-carideal-mandataire-automobile-300x158.jpg\" alt=\"Nouvelle Peugeot 2008 Crossway sur-\u00e9quip\u00e9e\" width=\"300\" height=\"158\" srcset=\"https:\/\/www.carideal.com\/blog\/wp-content\/uploads\/2015\/06\/peugeot-2008-crossway-carideal-mandataire-automobile-300x158.jpg 300w, https:\/\/www.carideal.com\/blog\/wp-content\/uploads\/2015\/06\/peugeot-2008-crossway-carideal-mandataire-automobile.jpg 617w\" sizes=\"(max-width: 300px) 100vw, 300px\" \/><\/a><figcaption id=\"caption-attachment-5988\" class=\"wp-caption-text\">Nouvelle Peugeot 2008 Crossway sur-\u00e9quip\u00e9e<\/figcaption><\/figure>\n<h1><strong>Nouvelle S\u00e9rie sp\u00e9ciale Peugeot 2008 Crossway sur-\u00e9quip\u00e9e<\/strong><\/h1>\n<p>Notre\u00a0version de la <span style=\"text-decoration: underline;\"><a href=\"http:\/\/www.carideal.com\/blog\/2015\/05\/05\/promotions-du-mois-de-mai-peugeot-2008-rcz\/\">Peugeot 2008<\/a><\/span>, le fameux crossover de Peugeot, la s\u00e9rie sp\u00e9ciale<span style=\"text-decoration: underline;\"><strong> Crossway<\/strong><\/span> est sur-\u00e9quip\u00e9e, avec l'Alcantara, le toit panoramique, les radars avants, le Park assist, les jantes alu de 17\" Black et le <span style=\"text-decoration: underline;\"><a href=\"http:\/\/www.carideal.com\/blog\/2014\/02\/14\/on-a-teste-le-peugeot-2008-grip-control-sur-la-neige-surprenant\/\">grip control<\/a><\/span>. Vous la trouverez \u00e9quip\u00e9e de la nouvelle motorisation BlueHDI 120 aux performances et consommations \u00e9tonnantes. Une version luxueuse que les chemins ne rebuteront pas.<\/p>\n<p>Nouvelle Peugeot 2008 sur la base de finition haut de gamme du Crossover Peugeot. Je ne sais pas si le ventes de Peugeot 2008 avaient besoin de cette s\u00e9rie sp\u00e9ciale, ou si c'est pour mieux assoir son mod\u00e8le sur le cr\u00e9neau des ventes haut de gamme de SUV urbain.<\/p>\n<p>Avec cette Peugeot 2008 Crossway, le constructeur veut renforcer son SUV Urbain contre la concurrence du Renault Captur dans ce segment dynamique et tr\u00e8s porteur. Le Peugeot 2008 Crossway joue la carte du haut de gamme contre un Captur avec des finitions plastique en retrait par rapport \u00e0 la concurrence.<\/p>\n","protected":false},"excerpt":{"rendered":"<p>Nouvelle S\u00e9rie sp\u00e9ciale Peugeot 2008 Crossway sur-\u00e9quip\u00e9e Notre\u00a0version de la Peugeot 2008, le fameux crossover de Peugeot, la s\u00e9rie sp\u00e9ciale Crossway est sur-\u00e9quip\u00e9e, avec l&rsquo;Alcantara, le toit panoramique, les radars avants, le Park assist, les jantes alu de 17&Prime; Black et le grip control. Vous la trouverez \u00e9quip\u00e9e de la nouvelle motorisation BlueHDI 120 aux &#8230; <a title=\"Nouvelle S\u00e9rie sp\u00e9ciale Peugeot 2008 Crossway\" class=\"read-more\" href=\"https:\/\/www.carideal.com\/blog\/2015\/06\/16\/nouvelle-serie-speciale-crossway-sur-la-peugeot-2008-sur-equipee\/\" aria-label=\"En savoir plus sur Nouvelle S\u00e9rie sp\u00e9ciale Peugeot 2008 Crossway\">Lire plus<\/a><\/p>\n","protected":false},"author":3,"featured_media":0,"comment_status":"open","ping_status":"open","sticky":false,"template":"","format":"standard","meta":{"_uag_custom_page_level_css":"","_themeisle_gutenberg_block_has_review":false,"footnotes":""},"categories":[21,5944,5946,6021,5974],"tags":[3689,2723],"class_list":["post-5987","post","type-post","status-publish","format-standard","hentry","category-actualites-auto","category-constructeur","category-peugeot","category-crossovers","category-type-de-vehicule","tag-bluehdi","tag-serie-speciale"],"wppr_data":[],"yoast_head":"<!-- This site is optimized with the Yoast SEO plugin v24.8.1 - https:\/\/yoast.com\/wordpress\/plugins\/seo\/ -->\n<title>Nouvelle S\u00e9rie sp\u00e9ciale Peugeot 2008 Crossway - Blog auto Carid\u00e9al<\/title>\n<meta name=\"description\" content=\"Notre\u00a0version de la Peugeot 2008 Crossway le fameux crossover de Peugeot la s\u00e9rie sp\u00e9ciale\u00a0Crossway\u00a0est sur-\u00e9quip\u00e9e avec l&#039;Alcantara le toit panoramique etc\" \/>\n<meta name=\"robots\" content=\"index, follow, max-snippet:-1, max-image-preview:large, max-video-preview:-1\" \/>\n<link rel=\"canonical\" href=\"https:\/\/www.carideal.com\/blog\/2015\/06\/16\/nouvelle-serie-speciale-crossway-sur-la-peugeot-2008-sur-equipee\/\" \/>\n<meta property=\"og:locale\" content=\"fr_FR\" \/>\n<meta property=\"og:type\" content=\"article\" \/>\n<meta property=\"og:title\" content=\"Nouvelle S\u00e9rie sp\u00e9ciale Peugeot 2008 Crossway - Blog auto Carid\u00e9al\" \/>\n<meta property=\"og:description\" content=\"Notre\u00a0version de la Peugeot 2008 Crossway le fameux crossover de Peugeot la s\u00e9rie sp\u00e9ciale\u00a0Crossway\u00a0est sur-\u00e9quip\u00e9e avec l&#039;Alcantara le toit panoramique etc\" \/>\n<meta property=\"og:url\" content=\"https:\/\/www.carideal.com\/blog\/2015\/06\/16\/nouvelle-serie-speciale-crossway-sur-la-peugeot-2008-sur-equipee\/\" \/>\n<meta property=\"og:site_name\" content=\"Blog auto Carid\u00e9al\" \/>\n<meta property=\"article:publisher\" content=\"https:\/\/www.facebook.com\/Carideal.mandataire.automobile\" \/>\n<meta property=\"article:author\" content=\"https:\/\/www.facebook.com\/nicolas.schiavon.39\" \/>\n<meta property=\"article:published_time\" content=\"2015-06-16T13:16:40+00:00\" \/>\n<meta property=\"article:modified_time\" content=\"2020-03-07T15:49:17+00:00\" \/>\n<meta property=\"og:image\" content=\"http:\/\/www.carideal.com\/blog\/wp-content\/uploads\/2015\/06\/peugeot-2008-crossway-carideal-mandataire-automobile-300x158.jpg\" \/>\n<meta name=\"author\" content=\"Nicolas SCHIAVON\" \/>\n<meta name=\"twitter:card\" content=\"summary_large_image\" \/>\n<meta name=\"twitter:creator\" content=\"@caridealauto\" \/>\n<meta name=\"twitter:site\" content=\"@caridealauto\" \/>\n<meta name=\"twitter:label1\" content=\"\u00c9crit par\" \/>\n\t<meta name=\"twitter:data1\" content=\"Nicolas SCHIAVON\" \/>\n\t<meta name=\"twitter:label2\" content=\"Dur\u00e9e de lecture estim\u00e9e\" \/>\n\t<meta name=\"twitter:data2\" content=\"1 minute\" \/>\n<script type=\"application\/ld+json\" class=\"yoast-schema-graph\">{\"@context\":\"https:\/\/schema.org\",\"@graph\":[{\"@type\":\"Article\",\"@id\":\"https:\/\/www.carideal.com\/blog\/2015\/06\/16\/nouvelle-serie-speciale-crossway-sur-la-peugeot-2008-sur-equipee\/#article\",\"isPartOf\":{\"@id\":\"https:\/\/www.carideal.com\/blog\/2015\/06\/16\/nouvelle-serie-speciale-crossway-sur-la-peugeot-2008-sur-equipee\/\"},\"author\":{\"name\":\"Nicolas SCHIAVON\",\"@id\":\"https:\/\/www.carideal.com\/blog\/#\/schema\/person\/cd95dc7919660de90d31b366f85be1ec\"},\"headline\":\"Nouvelle S\u00e9rie sp\u00e9ciale Peugeot 2008 Crossway\",\"datePublished\":\"2015-06-16T13:16:40+00:00\",\"dateModified\":\"2020-03-07T15:49:17+00:00\",\"mainEntityOfPage\":{\"@id\":\"https:\/\/www.carideal.com\/blog\/2015\/06\/16\/nouvelle-serie-speciale-crossway-sur-la-peugeot-2008-sur-equipee\/\"},\"wordCount\":193,\"commentCount\":0,\"publisher\":{\"@id\":\"https:\/\/www.carideal.com\/blog\/#organization\"},\"image\":{\"@id\":\"https:\/\/www.carideal.com\/blog\/2015\/06\/16\/nouvelle-serie-speciale-crossway-sur-la-peugeot-2008-sur-equipee\/#primaryimage\"},\"thumbnailUrl\":\"http:\/\/www.carideal.com\/blog\/wp-content\/uploads\/2015\/06\/peugeot-2008-crossway-carideal-mandataire-automobile-300x158.jpg\",\"keywords\":[\"BlueHDI\",\"S\u00e9rie Sp\u00e9ciale\"],\"articleSection\":[\"Actualit\u00e9 automobile\",\"Actualit\u00e9 Constructeur automobile\",\"Actualit\u00e9 Peugeot\",\"Crossover\",\"Type de v\u00e9hicule\"],\"inLanguage\":\"fr-FR\",\"potentialAction\":[{\"@type\":\"CommentAction\",\"name\":\"Comment\",\"target\":[\"https:\/\/www.carideal.com\/blog\/2015\/06\/16\/nouvelle-serie-speciale-crossway-sur-la-peugeot-2008-sur-equipee\/#respond\"]}]},{\"@type\":\"WebPage\",\"@id\":\"https:\/\/www.carideal.com\/blog\/2015\/06\/16\/nouvelle-serie-speciale-crossway-sur-la-peugeot-2008-sur-equipee\/\",\"url\":\"https:\/\/www.carideal.com\/blog\/2015\/06\/16\/nouvelle-serie-speciale-crossway-sur-la-peugeot-2008-sur-equipee\/\",\"name\":\"Nouvelle S\u00e9rie sp\u00e9ciale Peugeot 2008 Crossway - Blog auto Carid\u00e9al\",\"isPartOf\":{\"@id\":\"https:\/\/www.carideal.com\/blog\/#website\"},\"primaryImageOfPage\":{\"@id\":\"https:\/\/www.carideal.com\/blog\/2015\/06\/16\/nouvelle-serie-speciale-crossway-sur-la-peugeot-2008-sur-equipee\/#primaryimage\"},\"image\":{\"@id\":\"https:\/\/www.carideal.com\/blog\/2015\/06\/16\/nouvelle-serie-speciale-crossway-sur-la-peugeot-2008-sur-equipee\/#primaryimage\"},\"thumbnailUrl\":\"http:\/\/www.carideal.com\/blog\/wp-content\/uploads\/2015\/06\/peugeot-2008-crossway-carideal-mandataire-automobile-300x158.jpg\",\"datePublished\":\"2015-06-16T13:16:40+00:00\",\"dateModified\":\"2020-03-07T15:49:17+00:00\",\"description\":\"Notre\u00a0version de la Peugeot 2008 Crossway le fameux crossover de Peugeot la s\u00e9rie sp\u00e9ciale\u00a0Crossway\u00a0est sur-\u00e9quip\u00e9e avec l'Alcantara le toit panoramique etc\",\"breadcrumb\":{\"@id\":\"https:\/\/www.carideal.com\/blog\/2015\/06\/16\/nouvelle-serie-speciale-crossway-sur-la-peugeot-2008-sur-equipee\/#breadcrumb\"},\"inLanguage\":\"fr-FR\",\"potentialAction\":[{\"@type\":\"ReadAction\",\"target\":[\"https:\/\/www.carideal.com\/blog\/2015\/06\/16\/nouvelle-serie-speciale-crossway-sur-la-peugeot-2008-sur-equipee\/\"]}]},{\"@type\":\"ImageObject\",\"inLanguage\":\"fr-FR\",\"@id\":\"https:\/\/www.carideal.com\/blog\/2015\/06\/16\/nouvelle-serie-speciale-crossway-sur-la-peugeot-2008-sur-equipee\/#primaryimage\",\"url\":\"http:\/\/www.carideal.com\/blog\/wp-content\/uploads\/2015\/06\/peugeot-2008-crossway-carideal-mandataire-automobile-300x158.jpg\",\"contentUrl\":\"http:\/\/www.carideal.com\/blog\/wp-content\/uploads\/2015\/06\/peugeot-2008-crossway-carideal-mandataire-automobile-300x158.jpg\"},{\"@type\":\"BreadcrumbList\",\"@id\":\"https:\/\/www.carideal.com\/blog\/2015\/06\/16\/nouvelle-serie-speciale-crossway-sur-la-peugeot-2008-sur-equipee\/#breadcrumb\",\"itemListElement\":[{\"@type\":\"ListItem\",\"position\":1,\"name\":\"Blog Carid\u00e9al\",\"item\":\"https:\/\/www.carideal.com\/blog\/\"},{\"@type\":\"ListItem\",\"position\":2,\"name\":\"Actualit\u00e9 automobile\",\"item\":\"https:\/\/www.carideal.com\/blog\/actualites-auto\/\"},{\"@type\":\"ListItem\",\"position\":3,\"name\":\"Nouvelle S\u00e9rie sp\u00e9ciale Peugeot 2008 Crossway\"}]},{\"@type\":\"WebSite\",\"@id\":\"https:\/\/www.carideal.com\/blog\/#website\",\"url\":\"https:\/\/www.carideal.com\/blog\/\",\"name\":\"Blog auto Carid\u00e9al\",\"description\":\"Actualit\u00e9 auto par des passionn\u00e9s\",\"publisher\":{\"@id\":\"https:\/\/www.carideal.com\/blog\/#organization\"},\"potentialAction\":[{\"@type\":\"SearchAction\",\"target\":{\"@type\":\"EntryPoint\",\"urlTemplate\":\"https:\/\/www.carideal.com\/blog\/?s={search_term_string}\"},\"query-input\":{\"@type\":\"PropertyValueSpecification\",\"valueRequired\":true,\"valueName\":\"search_term_string\"}}],\"inLanguage\":\"fr-FR\"},{\"@type\":\"Organization\",\"@id\":\"https:\/\/www.carideal.com\/blog\/#organization\",\"name\":\"Carideal\",\"url\":\"https:\/\/www.carideal.com\/blog\/\",\"logo\":{\"@type\":\"ImageObject\",\"inLanguage\":\"fr-FR\",\"@id\":\"https:\/\/www.carideal.com\/blog\/#\/schema\/logo\/image\/\",\"url\":\"http:\/\/www.carideal.com\/blog\/wp-content\/uploads\/2016\/03\/logo-carideal-mandataire-automobile.png\",\"contentUrl\":\"http:\/\/www.carideal.com\/blog\/wp-content\/uploads\/2016\/03\/logo-carideal-mandataire-automobile.png\",\"width\":300,\"height\":300,\"caption\":\"Carideal\"},\"image\":{\"@id\":\"https:\/\/www.carideal.com\/blog\/#\/schema\/logo\/image\/\"},\"sameAs\":[\"https:\/\/www.facebook.com\/Carideal.mandataire.automobile\",\"https:\/\/x.com\/caridealauto\",\"https:\/\/www.instagram.com\/carideal1\/\",\"https:\/\/www.linkedin.com\/company\/carideal.com\",\"https:\/\/fr.pinterest.com\/schiavonsas\/\",\"https:\/\/www.youtube.com\/user\/caridealsas\"]},{\"@type\":\"Person\",\"@id\":\"https:\/\/www.carideal.com\/blog\/#\/schema\/person\/cd95dc7919660de90d31b366f85be1ec\",\"name\":\"Nicolas SCHIAVON\",\"image\":{\"@type\":\"ImageObject\",\"inLanguage\":\"fr-FR\",\"@id\":\"https:\/\/www.carideal.com\/blog\/#\/schema\/person\/image\/\",\"url\":\"https:\/\/secure.gravatar.com\/avatar\/c17e55009e671d92cc7f5dc837dc418a?s=96&r=g\",\"contentUrl\":\"https:\/\/secure.gravatar.com\/avatar\/c17e55009e671d92cc7f5dc837dc418a?s=96&r=g\",\"caption\":\"Nicolas SCHIAVON\"},\"description\":\"Nicolas Schiavon est tomb\u00e9 tout petit dans la marmite automobile. Ayant eu un garage de marque automobile, mandataire automobile de la premi\u00e8re heure d\u00e8s 1999. Nicolas a cr\u00e9\u00e9 ces premiers sites de vente de voiture et blog automobile d\u00e8s 1994. Carideal est n\u00e9 le 15 d\u00e9cembre 2000 de la volont\u00e9 de vendre des voitures d'occasions en ligne puis des voitures neuves. Il a pu essayer beaucoup de voitures tr\u00e8s diff\u00e9rentes et ayant eu personnellement quelques belles autos, Subaru Impreza, Mitsubishi Lancer Evo 7, Porsche 911, Ferrari Testarrossa, Audi RS3, RS4 et j'en passe...\",\"sameAs\":[\"http:\/\/www.carideal.com\",\"https:\/\/www.facebook.com\/nicolas.schiavon.39\",\"https:\/\/www.instagram.com\/carideal1\/\",\"https:\/\/www.linkedin.com\/in\/nschiavon\/\",\"https:\/\/x.com\/caridealauto\",\"https:\/\/www.youtube.com\/user\/caridealsas\/\"],\"url\":\"https:\/\/www.carideal.com\/blog\/author\/nschiavon\/\"}]}<\/script>\n<!-- \/ Yoast SEO plugin. -->","yoast_head_json":{"title":"Nouvelle S\u00e9rie sp\u00e9ciale Peugeot 2008 Crossway - Blog auto Carid\u00e9al","description":"Notre\u00a0version de la Peugeot 2008 Crossway le fameux crossover de Peugeot la s\u00e9rie sp\u00e9ciale\u00a0Crossway\u00a0est sur-\u00e9quip\u00e9e avec l'Alcantara le toit panoramique etc","robots":{"index":"index","follow":"follow","max-snippet":"max-snippet:-1","max-image-preview":"max-image-preview:large","max-video-preview":"max-video-preview:-1"},"canonical":"https:\/\/www.carideal.com\/blog\/2015\/06\/16\/nouvelle-serie-speciale-crossway-sur-la-peugeot-2008-sur-equipee\/","og_locale":"fr_FR","og_type":"article","og_title":"Nouvelle S\u00e9rie sp\u00e9ciale Peugeot 2008 Crossway - Blog auto Carid\u00e9al","og_description":"Notre\u00a0version de la Peugeot 2008 Crossway le fameux crossover de Peugeot la s\u00e9rie sp\u00e9ciale\u00a0Crossway\u00a0est sur-\u00e9quip\u00e9e avec l'Alcantara le toit panoramique etc","og_url":"https:\/\/www.carideal.com\/blog\/2015\/06\/16\/nouvelle-serie-speciale-crossway-sur-la-peugeot-2008-sur-equipee\/","og_site_name":"Blog auto Carid\u00e9al","article_publisher":"https:\/\/www.facebook.com\/Carideal.mandataire.automobile","article_author":"https:\/\/www.facebook.com\/nicolas.schiavon.39","article_published_time":"2015-06-16T13:16:40+00:00","article_modified_time":"2020-03-07T15:49:17+00:00","og_image":[{"url":"http:\/\/www.carideal.com\/blog\/wp-content\/uploads\/2015\/06\/peugeot-2008-crossway-carideal-mandataire-automobile-300x158.jpg","type":"","width":"","height":""}],"author":"Nicolas SCHIAVON","twitter_card":"summary_large_image","twitter_creator":"@caridealauto","twitter_site":"@caridealauto","twitter_misc":{"\u00c9crit par":"Nicolas SCHIAVON","Dur\u00e9e de lecture estim\u00e9e":"1 minute"},"schema":{"@context":"https:\/\/schema.org","@graph":[{"@type":"Article","@id":"https:\/\/www.carideal.com\/blog\/2015\/06\/16\/nouvelle-serie-speciale-crossway-sur-la-peugeot-2008-sur-equipee\/#article","isPartOf":{"@id":"https:\/\/www.carideal.com\/blog\/2015\/06\/16\/nouvelle-serie-speciale-crossway-sur-la-peugeot-2008-sur-equipee\/"},"author":{"name":"Nicolas SCHIAVON","@id":"https:\/\/www.carideal.com\/blog\/#\/schema\/person\/cd95dc7919660de90d31b366f85be1ec"},"headline":"Nouvelle S\u00e9rie sp\u00e9ciale Peugeot 2008 Crossway","datePublished":"2015-06-16T13:16:40+00:00","dateModified":"2020-03-07T15:49:17+00:00","mainEntityOfPage":{"@id":"https:\/\/www.carideal.com\/blog\/2015\/06\/16\/nouvelle-serie-speciale-crossway-sur-la-peugeot-2008-sur-equipee\/"},"wordCount":193,"commentCount":0,"publisher":{"@id":"https:\/\/www.carideal.com\/blog\/#organization"},"image":{"@id":"https:\/\/www.carideal.com\/blog\/2015\/06\/16\/nouvelle-serie-speciale-crossway-sur-la-peugeot-2008-sur-equipee\/#primaryimage"},"thumbnailUrl":"http:\/\/www.carideal.com\/blog\/wp-content\/uploads\/2015\/06\/peugeot-2008-crossway-carideal-mandataire-automobile-300x158.jpg","keywords":["BlueHDI","S\u00e9rie Sp\u00e9ciale"],"articleSection":["Actualit\u00e9 automobile","Actualit\u00e9 Constructeur automobile","Actualit\u00e9 Peugeot","Crossover","Type de v\u00e9hicule"],"inLanguage":"fr-FR","potentialAction":[{"@type":"CommentAction","name":"Comment","target":["https:\/\/www.carideal.com\/blog\/2015\/06\/16\/nouvelle-serie-speciale-crossway-sur-la-peugeot-2008-sur-equipee\/#respond"]}]},{"@type":"WebPage","@id":"https:\/\/www.carideal.com\/blog\/2015\/06\/16\/nouvelle-serie-speciale-crossway-sur-la-peugeot-2008-sur-equipee\/","url":"https:\/\/www.carideal.com\/blog\/2015\/06\/16\/nouvelle-serie-speciale-crossway-sur-la-peugeot-2008-sur-equipee\/","name":"Nouvelle S\u00e9rie sp\u00e9ciale Peugeot 2008 Crossway - Blog auto Carid\u00e9al","isPartOf":{"@id":"https:\/\/www.carideal.com\/blog\/#website"},"primaryImageOfPage":{"@id":"https:\/\/www.carideal.com\/blog\/2015\/06\/16\/nouvelle-serie-speciale-crossway-sur-la-peugeot-2008-sur-equipee\/#primaryimage"},"image":{"@id":"https:\/\/www.carideal.com\/blog\/2015\/06\/16\/nouvelle-serie-speciale-crossway-sur-la-peugeot-2008-sur-equipee\/#primaryimage"},"thumbnailUrl":"http:\/\/www.carideal.com\/blog\/wp-content\/uploads\/2015\/06\/peugeot-2008-crossway-carideal-mandataire-automobile-300x158.jpg","datePublished":"2015-06-16T13:16:40+00:00","dateModified":"2020-03-07T15:49:17+00:00","description":"Notre\u00a0version de la Peugeot 2008 Crossway le fameux crossover de Peugeot la s\u00e9rie sp\u00e9ciale\u00a0Crossway\u00a0est sur-\u00e9quip\u00e9e avec l'Alcantara le toit panoramique etc","breadcrumb":{"@id":"https:\/\/www.carideal.com\/blog\/2015\/06\/16\/nouvelle-serie-speciale-crossway-sur-la-peugeot-2008-sur-equipee\/#breadcrumb"},"inLanguage":"fr-FR","potentialAction":[{"@type":"ReadAction","target":["https:\/\/www.carideal.com\/blog\/2015\/06\/16\/nouvelle-serie-speciale-crossway-sur-la-peugeot-2008-sur-equipee\/"]}]},{"@type":"ImageObject","inLanguage":"fr-FR","@id":"https:\/\/www.carideal.com\/blog\/2015\/06\/16\/nouvelle-serie-speciale-crossway-sur-la-peugeot-2008-sur-equipee\/#primaryimage","url":"http:\/\/www.carideal.com\/blog\/wp-content\/uploads\/2015\/06\/peugeot-2008-crossway-carideal-mandataire-automobile-300x158.jpg","contentUrl":"http:\/\/www.carideal.com\/blog\/wp-content\/uploads\/2015\/06\/peugeot-2008-crossway-carideal-mandataire-automobile-300x158.jpg"},{"@type":"BreadcrumbList","@id":"https:\/\/www.carideal.com\/blog\/2015\/06\/16\/nouvelle-serie-speciale-crossway-sur-la-peugeot-2008-sur-equipee\/#breadcrumb","itemListElement":[{"@type":"ListItem","position":1,"name":"Blog Carid\u00e9al","item":"https:\/\/www.carideal.com\/blog\/"},{"@type":"ListItem","position":2,"name":"Actualit\u00e9 automobile","item":"https:\/\/www.carideal.com\/blog\/actualites-auto\/"},{"@type":"ListItem","position":3,"name":"Nouvelle S\u00e9rie sp\u00e9ciale Peugeot 2008 Crossway"}]},{"@type":"WebSite","@id":"https:\/\/www.carideal.com\/blog\/#website","url":"https:\/\/www.carideal.com\/blog\/","name":"Blog auto Carid\u00e9al","description":"Actualit\u00e9 auto par des passionn\u00e9s","publisher":{"@id":"https:\/\/www.carideal.com\/blog\/#organization"},"potentialAction":[{"@type":"SearchAction","target":{"@type":"EntryPoint","urlTemplate":"https:\/\/www.carideal.com\/blog\/?s={search_term_string}"},"query-input":{"@type":"PropertyValueSpecification","valueRequired":true,"valueName":"search_term_string"}}],"inLanguage":"fr-FR"},{"@type":"Organization","@id":"https:\/\/www.carideal.com\/blog\/#organization","name":"Carideal","url":"https:\/\/www.carideal.com\/blog\/","logo":{"@type":"ImageObject","inLanguage":"fr-FR","@id":"https:\/\/www.carideal.com\/blog\/#\/schema\/logo\/image\/","url":"http:\/\/www.carideal.com\/blog\/wp-content\/uploads\/2016\/03\/logo-carideal-mandataire-automobile.png","contentUrl":"http:\/\/www.carideal.com\/blog\/wp-content\/uploads\/2016\/03\/logo-carideal-mandataire-automobile.png","width":300,"height":300,"caption":"Carideal"},"image":{"@id":"https:\/\/www.carideal.com\/blog\/#\/schema\/logo\/image\/"},"sameAs":["https:\/\/www.facebook.com\/Carideal.mandataire.automobile","https:\/\/x.com\/caridealauto","https:\/\/www.instagram.com\/carideal1\/","https:\/\/www.linkedin.com\/company\/carideal.com","https:\/\/fr.pinterest.com\/schiavonsas\/","https:\/\/www.youtube.com\/user\/caridealsas"]},{"@type":"Person","@id":"https:\/\/www.carideal.com\/blog\/#\/schema\/person\/cd95dc7919660de90d31b366f85be1ec","name":"Nicolas SCHIAVON","image":{"@type":"ImageObject","inLanguage":"fr-FR","@id":"https:\/\/www.carideal.com\/blog\/#\/schema\/person\/image\/","url":"https:\/\/secure.gravatar.com\/avatar\/c17e55009e671d92cc7f5dc837dc418a?s=96&r=g","contentUrl":"https:\/\/secure.gravatar.com\/avatar\/c17e55009e671d92cc7f5dc837dc418a?s=96&r=g","caption":"Nicolas SCHIAVON"},"description":"Nicolas Schiavon est tomb\u00e9 tout petit dans la marmite automobile. Ayant eu un garage de marque automobile, mandataire automobile de la premi\u00e8re heure d\u00e8s 1999. Nicolas a cr\u00e9\u00e9 ces premiers sites de vente de voiture et blog automobile d\u00e8s 1994. Carideal est n\u00e9 le 15 d\u00e9cembre 2000 de la volont\u00e9 de vendre des voitures d'occasions en ligne puis des voitures neuves. Il a pu essayer beaucoup de voitures tr\u00e8s diff\u00e9rentes et ayant eu personnellement quelques belles autos, Subaru Impreza, Mitsubishi Lancer Evo 7, Porsche 911, Ferrari Testarrossa, Audi RS3, RS4 et j'en passe...","sameAs":["http:\/\/www.carideal.com","https:\/\/www.facebook.com\/nicolas.schiavon.39","https:\/\/www.instagram.com\/carideal1\/","https:\/\/www.linkedin.com\/in\/nschiavon\/","https:\/\/x.com\/caridealauto","https:\/\/www.youtube.com\/user\/caridealsas\/"],"url":"https:\/\/www.carideal.com\/blog\/author\/nschiavon\/"}]}},"uagb_featured_image_src":{"full":false,"thumbnail":false,"medium":false,"medium_large":false,"large":false,"1536x1536":false,"2048x2048":false,"wppr-widget":false},"uagb_author_info":{"display_name":"Nicolas SCHIAVON","author_link":"https:\/\/www.carideal.com\/blog\/author\/nschiavon\/"},"uagb_comment_info":0,"uagb_excerpt":"Nouvelle S\u00e9rie sp\u00e9ciale Peugeot 2008 Crossway sur-\u00e9quip\u00e9e Notre\u00a0version de la Peugeot 2008, le fameux crossover de Peugeot, la s\u00e9rie sp\u00e9ciale Crossway est sur-\u00e9quip\u00e9e, avec l'Alcantara, le toit panoramique, les radars avants, le Park assist, les jantes alu de 17\" Black et le grip control. Vous la trouverez \u00e9quip\u00e9e de la nouvelle motorisation BlueHDI 120 aux\u2026","_links":{"self":[{"href":"https:\/\/www.carideal.com\/blog\/wp-json\/wp\/v2\/posts\/5987"}],"collection":[{"href":"https:\/\/www.carideal.com\/blog\/wp-json\/wp\/v2\/posts"}],"about":[{"href":"https:\/\/www.carideal.com\/blog\/wp-json\/wp\/v2\/types\/post"}],"author":[{"embeddable":true,"href":"https:\/\/www.carideal.com\/blog\/wp-json\/wp\/v2\/users\/3"}],"replies":[{"embeddable":true,"href":"https:\/\/www.carideal.com\/blog\/wp-json\/wp\/v2\/comments?post=5987"}],"version-history":[{"count":0,"href":"https:\/\/www.carideal.com\/blog\/wp-json\/wp\/v2\/posts\/5987\/revisions"}],"wp:attachment":[{"href":"https:\/\/www.carideal.com\/blog\/wp-json\/wp\/v2\/media?parent=5987"}],"wp:term":[{"taxonomy":"category","embeddable":true,"href":"https:\/\/www.carideal.com\/blog\/wp-json\/wp\/v2\/categories?post=5987"},{"taxonomy":"post_tag","embeddable":true,"href":"https:\/\/www.carideal.com\/blog\/wp-json\/wp\/v2\/tags?post=5987"}],"curies":[{"name":"wp","href":"https:\/\/api.w.org\/{rel}","templated":true}]}}