{"id":598,"date":"2013-11-24T08:22:00","date_gmt":"2013-11-24T08:22:00","guid":{"rendered":"http:\/\/carideal.com\/blog\/?p=598"},"modified":"2020-02-20T18:09:45","modified_gmt":"2020-02-20T17:09:45","slug":"la-qualite-percue-des-constructeurs-automobiles-francais","status":"publish","type":"post","link":"https:\/\/www.carideal.com\/blog\/2013\/11\/24\/la-qualite-percue-des-constructeurs-automobiles-francais\/","title":{"rendered":"La qualit\u00e9 per\u00e7ue des constructeurs automobiles fran\u00e7ais"},"content":{"rendered":"<h2>La qualit\u00e9 per\u00e7ue des constructeurs automobiles fran\u00e7ais<\/h2>\n<h2>Qu'est-ce que la qualit\u00e9 per\u00e7ue\u00a0?<\/h2>\n<p>La <strong>qualit\u00e9 per\u00e7ue<\/strong> est la premi\u00e8re impression d'ensemble que l'on a de la voiture, elle est globale et sur des points de d\u00e9tails. La qualit\u00e9 d'une voiture se d\u00e9finit \u00e0 la fois par des crit\u00e8res rationnels et \u00e9galement \u00e9motionnels.<\/p>\n<figure id=\"attachment_15364\" aria-describedby=\"caption-attachment-15364\" style=\"width: 388px\" class=\"wp-caption aligncenter\"><img loading=\"lazy\" decoding=\"async\" class=\"size-full wp-image-15364\" src=\"http:\/\/www.carideal.com\/blog\/wp-content\/uploads\/2013\/11\/Qualite-percue-automobile-blog-carideal-mandataire-automobile-2.jpg\" alt=\"La qualit\u00e9 per\u00e7ue des constructeurs automobiles fran\u00e7ais\" width=\"398\" height=\"302\" srcset=\"https:\/\/www.carideal.com\/blog\/wp-content\/uploads\/2013\/11\/Qualite-percue-automobile-blog-carideal-mandataire-automobile-2.jpg 398w, https:\/\/www.carideal.com\/blog\/wp-content\/uploads\/2013\/11\/Qualite-percue-automobile-blog-carideal-mandataire-automobile-2-300x228.jpg 300w, https:\/\/www.carideal.com\/blog\/wp-content\/uploads\/2013\/11\/Qualite-percue-automobile-blog-carideal-mandataire-automobile-2-110x83.jpg 110w, https:\/\/www.carideal.com\/blog\/wp-content\/uploads\/2013\/11\/Qualite-percue-automobile-blog-carideal-mandataire-automobile-2-50x38.jpg 50w\" sizes=\"(max-width: 398px) 100vw, 398px\" \/><figcaption id=\"caption-attachment-15364\" class=\"wp-caption-text\">La qualit\u00e9 per\u00e7ue des constructeurs automobiles fran\u00e7ais<\/figcaption><\/figure>\n<p><br \/>Elle est multisensorielle\u00a0: la vue, le toucher, l'ou\u00efe et l'odorat. Globalement, l'auto doit donner l'impression qu'elle est bien pens\u00e9e et bien faite.<\/p>\n<p>M\u00eame si les marques allemandes sont des expertes dans l'impression de qualit\u00e9 et de solidit\u00e9, les marques fran\u00e7aise ont l'ont toujours inscrit au cahier des charges de leurs mod\u00e8les, et encore plus aujourd'hui qu'hier.<\/p>\n<p>Lorsque l'on d\u00e9couvre quelque chose, ce sont les premi\u00e8res minutes qui comptent, la vue, le toucher, le confort, et les \u00e9quipements vous donnent l'impression de qualit\u00e9 ou pas. Le pris n'est pas tout, l'impression de qualit\u00e9 per\u00e7ue compte dans la d\u00e9cision d'achat.<\/p>\n<p>M\u00eame si les voitures premium Allemandes <a href=\"http:\/\/www.carideal.com\/blog\/marque-de-voiture-actualites-essais\/audi\/\">Audi<\/a>, <a href=\"http:\/\/www.carideal.com\/blog\/marque-de-voiture-actualites-essais\/bmw\/\">BMW<\/a> et <a href=\"http:\/\/www.carideal.com\/blog\/marque-de-voiture-actualites-essais\/bmw\/\">Mercedes<\/a> restent des r\u00e9f\u00e9rences dans ce domaine, <a href=\"http:\/\/www.carideal.com\/blog\/marque-de-voiture-actualites-essais\/volkswagen\/\">Volkswagen<\/a> et plus surprenant Kia servent d'exemple \u00e0 <a href=\"http:\/\/www.carideal.com\/blog\/marque-de-voiture-actualites-essais\/renault\/\">Renault<\/a> pour la construction de ses mod\u00e8les, ainsi la Rio et la Polo ont servi de mod\u00e8le d'\u00e9tude pour la conception de la Clio IV.<\/p>\n<figure style=\"width: 438px\" class=\"wp-caption alignnone\"><img loading=\"lazy\" decoding=\"async\" title=\"Qualit\u00e9 per\u00e7ue chez PSA\" src=\"\/blog\/public\/.Qualite-percue-automobile-blog-carideal-mandataire-automobile_m.jpg\" alt=\"Qualit\u00e9 per\u00e7ue chez PSA\" width=\"448\" height=\"298\" \/><figcaption class=\"wp-caption-text\">Qualit\u00e9 per\u00e7ue chez PSA<\/figcaption><\/figure>\n<h2><strong>La qualit\u00e9 per\u00e7ue des voitures fran\u00e7aises<\/strong><\/h2>\n<h3>Il faut que la qualit\u00e9 dure dans le temps<\/h3>\n<p>Il faut que la qualit\u00e9 dure dans le temps, c'est \u00e0 dire qu'elle aille au del\u00e0 des trois premi\u00e8res ann\u00e9es, et d\u00e9passe les 5 ans, car c'est \u00e0 partir de cette date que le consommateur accepte le vieillissement de sa voiture, qu'un si\u00e8ge se ternisse etc.<\/p>\n<h3>Il est plus difficile pour les constructeurs fran\u00e7ais de s'imposer dans certains domaines<\/h3>\n<p><a href=\"http:\/\/www.carideal.com\/blog\/tag\/psa\/\">PSA<\/a> y travaille, et a tout pris en compte lors de la conception de la nouvelle Peugeot 308. Par exemple, les ailes avant de l'ancienne \u00e9taient en plastique d\u00e9formable pour luter contre les petits chocs de la vie de tout les jours. Mais elles avaient un gros d\u00e9faut leur tenue dans le temps, les variations de temp\u00e9rature avec les diff\u00e9rences de coefficient de dilatation faisait varier les espaces entre les \u00e9l\u00e9ments de carrosserie, et les UV ternissaient le plastique. <a href=\"http:\/\/www.carideal.com\/blog\/marque-de-voiture-actualites-essais\/peugeot\/\">Peugeot<\/a> est donc revenu \u00e0 un alliage d'aluminium, l\u00e9ger, se tenant mieux avec les ann\u00e9es.<\/p>\n\n\n<p>La qualit\u00e9 per\u00e7ue est l\u2019un des facteurs les plus importants qui sous-entendent le succ\u00e8s des constructeurs automobiles aujourd\u2019hui. Il existe une quantit\u00e9 importante de documentations sur la qualit\u00e9 per\u00e7ue du point de vue de la recherche marketing, de la psychologie appliqu\u00e9e et de la recherche aupr\u00e8s des consommateurs. Du point de vue de l\u2019ing\u00e9nierie, la qualit\u00e9 per\u00e7ue est repr\u00e9sent\u00e9e dans la litt\u00e9rature principalement par le travail qui \u00e9value diff\u00e9rents aspects de la qualit\u00e9 per\u00e7ue afin de les \u00e9valuer dans les premi\u00e8res phases de conception. De ce fait, aucun cadre th\u00e9orique n\u2019a encore \u00e9t\u00e9 compil\u00e9 qui combine la perception du client sur la qualit\u00e9 per\u00e7ue et les perspectives d\u2019ing\u00e9nierie de ce terme g\u00e9n\u00e9ral.<\/p>\n\n\n\n<p>Par cons\u00e9quent, les termes relatifs aux composantes et aux \u00e9l\u00e9ments de qualit\u00e9 per\u00e7us ont souvent des significations multiples ou similaires entre eux. Il est n\u00e9cessaire de normaliser plus concr\u00e8tement la terminologie et les d\u00e9finitions relatives \u00e0 la qualit\u00e9 per\u00e7ue. Vous trouverez ci-apr\u00e8s la liste des articles traitant des&nbsp;diff\u00e9rents aspects de la qualit\u00e9 per\u00e7ue concernant les besoins de l\u2019industrie automobile et des consommateurs. Les constructeurs automobiles ont d\u2019\u00e9normes progr\u00e8s dans le domaine&nbsp;de la qualit\u00e9 per\u00e7ue.<br>La qualit\u00e9 per\u00e7ue&nbsp;est souvent associ\u00e9 \u00e0 : la qualit\u00e9 des produits; Qualit\u00e9 de fabrication.<\/p>\n","protected":false},"excerpt":{"rendered":"<p>La qualit\u00e9 per\u00e7ue des constructeurs automobiles fran\u00e7ais Qu&rsquo;est-ce que la qualit\u00e9 per\u00e7ue\u00a0? La qualit\u00e9 per\u00e7ue est la premi\u00e8re impression d&rsquo;ensemble que l&rsquo;on a de la voiture, elle est globale et sur des points de d\u00e9tails. La qualit\u00e9 d&rsquo;une voiture se d\u00e9finit \u00e0 la fois par des crit\u00e8res rationnels et \u00e9galement \u00e9motionnels. Elle est multisensorielle\u00a0: la &#8230; <a title=\"La qualit\u00e9 per\u00e7ue des constructeurs automobiles fran\u00e7ais\" class=\"read-more\" href=\"https:\/\/www.carideal.com\/blog\/2013\/11\/24\/la-qualite-percue-des-constructeurs-automobiles-francais\/\" aria-label=\"En savoir plus sur La qualit\u00e9 per\u00e7ue des constructeurs automobiles fran\u00e7ais\">Lire plus<\/a><\/p>\n","protected":false},"author":1,"featured_media":15364,"comment_status":"open","ping_status":"open","sticky":false,"template":"","format":"standard","meta":{"_uag_custom_page_level_css":"","_themeisle_gutenberg_block_has_review":false,"footnotes":""},"categories":[5944,10,5080],"tags":[35,3907],"class_list":["post-598","post","type-post","status-publish","format-standard","has-post-thumbnail","hentry","category-constructeur","category-marche-automobile-voiture-neuve-occasion-4x4-suv","category-technologie-2","tag-psa","tag-qualite-de-fabrication"],"wppr_data":{"cwp_meta_box_check":"No"},"yoast_head":"<!-- This site is optimized with the Yoast SEO plugin v24.8.1 - https:\/\/yoast.com\/wordpress\/plugins\/seo\/ -->\n<title>La qualit\u00e9 per\u00e7ue des constructeurs automobiles fran\u00e7ais - Blog auto Carid\u00e9al<\/title>\n<meta name=\"robots\" content=\"index, follow, max-snippet:-1, max-image-preview:large, max-video-preview:-1\" \/>\n<link rel=\"canonical\" href=\"https:\/\/www.carideal.com\/blog\/2013\/11\/24\/la-qualite-percue-des-constructeurs-automobiles-francais\/\" \/>\n<meta property=\"og:locale\" content=\"fr_FR\" \/>\n<meta property=\"og:type\" content=\"article\" \/>\n<meta property=\"og:title\" content=\"La qualit\u00e9 per\u00e7ue des constructeurs automobiles fran\u00e7ais - Blog auto Carid\u00e9al\" \/>\n<meta property=\"og:description\" content=\"La qualit\u00e9 per\u00e7ue des constructeurs automobiles fran\u00e7ais Qu&#039;est-ce que la qualit\u00e9 per\u00e7ue\u00a0? La qualit\u00e9 per\u00e7ue est la premi\u00e8re impression d&#039;ensemble que l&#039;on a de la voiture, elle est globale et sur des points de d\u00e9tails. La qualit\u00e9 d&#039;une voiture se d\u00e9finit \u00e0 la fois par des crit\u00e8res rationnels et \u00e9galement \u00e9motionnels. Elle est multisensorielle\u00a0: la ... Lire plus\" \/>\n<meta property=\"og:url\" content=\"https:\/\/www.carideal.com\/blog\/2013\/11\/24\/la-qualite-percue-des-constructeurs-automobiles-francais\/\" \/>\n<meta property=\"og:site_name\" content=\"Blog auto Carid\u00e9al\" \/>\n<meta property=\"article:publisher\" content=\"https:\/\/www.facebook.com\/Carideal.mandataire.automobile\" \/>\n<meta property=\"article:author\" content=\"https:\/\/www.facebook.com\/Carideal.mandataire.automobile\/\" \/>\n<meta property=\"article:published_time\" content=\"2013-11-24T08:22:00+00:00\" \/>\n<meta property=\"article:modified_time\" content=\"2020-02-20T17:09:45+00:00\" \/>\n<meta property=\"og:image\" content=\"https:\/\/www.carideal.com\/blog\/wp-content\/uploads\/2013\/11\/Qualite-percue-automobile-blog-carideal-mandataire-automobile-2.jpg\" \/>\n\t<meta property=\"og:image:width\" content=\"398\" \/>\n\t<meta property=\"og:image:height\" content=\"302\" \/>\n\t<meta property=\"og:image:type\" content=\"image\/jpeg\" \/>\n<meta name=\"author\" content=\"N.S Carideal\" \/>\n<meta name=\"twitter:card\" content=\"summary_large_image\" \/>\n<meta name=\"twitter:creator\" content=\"@caridealauto\" \/>\n<meta name=\"twitter:site\" content=\"@caridealauto\" \/>\n<meta name=\"twitter:label1\" content=\"\u00c9crit par\" \/>\n\t<meta name=\"twitter:data1\" content=\"N.S Carideal\" \/>\n\t<meta name=\"twitter:label2\" content=\"Dur\u00e9e de lecture estim\u00e9e\" \/>\n\t<meta name=\"twitter:data2\" content=\"3 minutes\" \/>\n<script type=\"application\/ld+json\" class=\"yoast-schema-graph\">{\"@context\":\"https:\/\/schema.org\",\"@graph\":[{\"@type\":\"Article\",\"@id\":\"https:\/\/www.carideal.com\/blog\/2013\/11\/24\/la-qualite-percue-des-constructeurs-automobiles-francais\/#article\",\"isPartOf\":{\"@id\":\"https:\/\/www.carideal.com\/blog\/2013\/11\/24\/la-qualite-percue-des-constructeurs-automobiles-francais\/\"},\"author\":{\"name\":\"N.S Carideal\",\"@id\":\"https:\/\/www.carideal.com\/blog\/#\/schema\/person\/985c7e757d1042d647f21bfaf8d41ebc\"},\"headline\":\"La qualit\u00e9 per\u00e7ue des constructeurs automobiles fran\u00e7ais\",\"datePublished\":\"2013-11-24T08:22:00+00:00\",\"dateModified\":\"2020-02-20T17:09:45+00:00\",\"mainEntityOfPage\":{\"@id\":\"https:\/\/www.carideal.com\/blog\/2013\/11\/24\/la-qualite-percue-des-constructeurs-automobiles-francais\/\"},\"wordCount\":673,\"commentCount\":0,\"publisher\":{\"@id\":\"https:\/\/www.carideal.com\/blog\/#organization\"},\"image\":{\"@id\":\"https:\/\/www.carideal.com\/blog\/2013\/11\/24\/la-qualite-percue-des-constructeurs-automobiles-francais\/#primaryimage\"},\"thumbnailUrl\":\"https:\/\/www.carideal.com\/blog\/wp-content\/uploads\/2013\/11\/Qualite-percue-automobile-blog-carideal-mandataire-automobile-2.jpg\",\"keywords\":[\"PSA\",\"Qualit\u00e9 Per\u00e7ue d'une voiture\"],\"articleSection\":[\"Actualit\u00e9 Constructeur automobile\",\"March\u00e9 automobile\",\"Technologie Automobile\"],\"inLanguage\":\"fr-FR\",\"potentialAction\":[{\"@type\":\"CommentAction\",\"name\":\"Comment\",\"target\":[\"https:\/\/www.carideal.com\/blog\/2013\/11\/24\/la-qualite-percue-des-constructeurs-automobiles-francais\/#respond\"]}]},{\"@type\":\"WebPage\",\"@id\":\"https:\/\/www.carideal.com\/blog\/2013\/11\/24\/la-qualite-percue-des-constructeurs-automobiles-francais\/\",\"url\":\"https:\/\/www.carideal.com\/blog\/2013\/11\/24\/la-qualite-percue-des-constructeurs-automobiles-francais\/\",\"name\":\"La qualit\u00e9 per\u00e7ue des constructeurs automobiles fran\u00e7ais - Blog auto Carid\u00e9al\",\"isPartOf\":{\"@id\":\"https:\/\/www.carideal.com\/blog\/#website\"},\"primaryImageOfPage\":{\"@id\":\"https:\/\/www.carideal.com\/blog\/2013\/11\/24\/la-qualite-percue-des-constructeurs-automobiles-francais\/#primaryimage\"},\"image\":{\"@id\":\"https:\/\/www.carideal.com\/blog\/2013\/11\/24\/la-qualite-percue-des-constructeurs-automobiles-francais\/#primaryimage\"},\"thumbnailUrl\":\"https:\/\/www.carideal.com\/blog\/wp-content\/uploads\/2013\/11\/Qualite-percue-automobile-blog-carideal-mandataire-automobile-2.jpg\",\"datePublished\":\"2013-11-24T08:22:00+00:00\",\"dateModified\":\"2020-02-20T17:09:45+00:00\",\"breadcrumb\":{\"@id\":\"https:\/\/www.carideal.com\/blog\/2013\/11\/24\/la-qualite-percue-des-constructeurs-automobiles-francais\/#breadcrumb\"},\"inLanguage\":\"fr-FR\",\"potentialAction\":[{\"@type\":\"ReadAction\",\"target\":[\"https:\/\/www.carideal.com\/blog\/2013\/11\/24\/la-qualite-percue-des-constructeurs-automobiles-francais\/\"]}]},{\"@type\":\"ImageObject\",\"inLanguage\":\"fr-FR\",\"@id\":\"https:\/\/www.carideal.com\/blog\/2013\/11\/24\/la-qualite-percue-des-constructeurs-automobiles-francais\/#primaryimage\",\"url\":\"https:\/\/www.carideal.com\/blog\/wp-content\/uploads\/2013\/11\/Qualite-percue-automobile-blog-carideal-mandataire-automobile-2.jpg\",\"contentUrl\":\"https:\/\/www.carideal.com\/blog\/wp-content\/uploads\/2013\/11\/Qualite-percue-automobile-blog-carideal-mandataire-automobile-2.jpg\",\"width\":398,\"height\":302,\"caption\":\"La qualit\u00e9 per\u00e7ue des constructeurs automobiles fran\u00e7ais\"},{\"@type\":\"BreadcrumbList\",\"@id\":\"https:\/\/www.carideal.com\/blog\/2013\/11\/24\/la-qualite-percue-des-constructeurs-automobiles-francais\/#breadcrumb\",\"itemListElement\":[{\"@type\":\"ListItem\",\"position\":1,\"name\":\"Blog Carid\u00e9al\",\"item\":\"https:\/\/www.carideal.com\/blog\/\"},{\"@type\":\"ListItem\",\"position\":2,\"name\":\"Actualit\u00e9 constructeur automobile\",\"item\":\"https:\/\/www.carideal.com\/blog\/constructeur\/\"},{\"@type\":\"ListItem\",\"position\":3,\"name\":\"La qualit\u00e9 per\u00e7ue des constructeurs automobiles fran\u00e7ais\"}]},{\"@type\":\"WebSite\",\"@id\":\"https:\/\/www.carideal.com\/blog\/#website\",\"url\":\"https:\/\/www.carideal.com\/blog\/\",\"name\":\"Blog auto Carid\u00e9al\",\"description\":\"Actualit\u00e9 auto par des passionn\u00e9s\",\"publisher\":{\"@id\":\"https:\/\/www.carideal.com\/blog\/#organization\"},\"potentialAction\":[{\"@type\":\"SearchAction\",\"target\":{\"@type\":\"EntryPoint\",\"urlTemplate\":\"https:\/\/www.carideal.com\/blog\/?s={search_term_string}\"},\"query-input\":{\"@type\":\"PropertyValueSpecification\",\"valueRequired\":true,\"valueName\":\"search_term_string\"}}],\"inLanguage\":\"fr-FR\"},{\"@type\":\"Organization\",\"@id\":\"https:\/\/www.carideal.com\/blog\/#organization\",\"name\":\"Carideal\",\"url\":\"https:\/\/www.carideal.com\/blog\/\",\"logo\":{\"@type\":\"ImageObject\",\"inLanguage\":\"fr-FR\",\"@id\":\"https:\/\/www.carideal.com\/blog\/#\/schema\/logo\/image\/\",\"url\":\"http:\/\/www.carideal.com\/blog\/wp-content\/uploads\/2016\/03\/logo-carideal-mandataire-automobile.png\",\"contentUrl\":\"http:\/\/www.carideal.com\/blog\/wp-content\/uploads\/2016\/03\/logo-carideal-mandataire-automobile.png\",\"width\":300,\"height\":300,\"caption\":\"Carideal\"},\"image\":{\"@id\":\"https:\/\/www.carideal.com\/blog\/#\/schema\/logo\/image\/\"},\"sameAs\":[\"https:\/\/www.facebook.com\/Carideal.mandataire.automobile\",\"https:\/\/x.com\/caridealauto\",\"https:\/\/www.instagram.com\/carideal1\/\",\"https:\/\/www.linkedin.com\/company\/carideal.com\",\"https:\/\/fr.pinterest.com\/schiavonsas\/\",\"https:\/\/www.youtube.com\/user\/caridealsas\"]},{\"@type\":\"Person\",\"@id\":\"https:\/\/www.carideal.com\/blog\/#\/schema\/person\/985c7e757d1042d647f21bfaf8d41ebc\",\"name\":\"N.S Carideal\",\"image\":{\"@type\":\"ImageObject\",\"inLanguage\":\"fr-FR\",\"@id\":\"https:\/\/www.carideal.com\/blog\/#\/schema\/person\/image\/\",\"url\":\"https:\/\/secure.gravatar.com\/avatar\/edb7ccdf1a4e3d14aef967760d354d0e?s=96&r=g\",\"contentUrl\":\"https:\/\/secure.gravatar.com\/avatar\/edb7ccdf1a4e3d14aef967760d354d0e?s=96&r=g\",\"caption\":\"N.S Carideal\"},\"description\":\"Depuis tout petit fan d'automobile. Il est question d'essayer et de comparer toutes ces voitures qui nous ont fait r\u00e9ver, avant que celles-ci ne devient uniquement des voitures de collection.\",\"sameAs\":[\"http:\/\/www.carideal.com\/blog\",\"https:\/\/www.facebook.com\/Carideal.mandataire.automobile\/\",\"https:\/\/www.linkedin.com\/in\/nschiavon\/\",\"https:\/\/www.youtube.com\/user\/caridealsas\/\"],\"url\":\"https:\/\/www.carideal.com\/blog\/author\/admin_carideal\/\"}]}<\/script>\n<!-- \/ Yoast SEO plugin. -->","yoast_head_json":{"title":"La qualit\u00e9 per\u00e7ue des constructeurs automobiles fran\u00e7ais - Blog auto Carid\u00e9al","robots":{"index":"index","follow":"follow","max-snippet":"max-snippet:-1","max-image-preview":"max-image-preview:large","max-video-preview":"max-video-preview:-1"},"canonical":"https:\/\/www.carideal.com\/blog\/2013\/11\/24\/la-qualite-percue-des-constructeurs-automobiles-francais\/","og_locale":"fr_FR","og_type":"article","og_title":"La qualit\u00e9 per\u00e7ue des constructeurs automobiles fran\u00e7ais - Blog auto Carid\u00e9al","og_description":"La qualit\u00e9 per\u00e7ue des constructeurs automobiles fran\u00e7ais Qu'est-ce que la qualit\u00e9 per\u00e7ue\u00a0? La qualit\u00e9 per\u00e7ue est la premi\u00e8re impression d'ensemble que l'on a de la voiture, elle est globale et sur des points de d\u00e9tails. La qualit\u00e9 d'une voiture se d\u00e9finit \u00e0 la fois par des crit\u00e8res rationnels et \u00e9galement \u00e9motionnels. Elle est multisensorielle\u00a0: la ... Lire plus","og_url":"https:\/\/www.carideal.com\/blog\/2013\/11\/24\/la-qualite-percue-des-constructeurs-automobiles-francais\/","og_site_name":"Blog auto Carid\u00e9al","article_publisher":"https:\/\/www.facebook.com\/Carideal.mandataire.automobile","article_author":"https:\/\/www.facebook.com\/Carideal.mandataire.automobile\/","article_published_time":"2013-11-24T08:22:00+00:00","article_modified_time":"2020-02-20T17:09:45+00:00","og_image":[{"width":398,"height":302,"url":"https:\/\/www.carideal.com\/blog\/wp-content\/uploads\/2013\/11\/Qualite-percue-automobile-blog-carideal-mandataire-automobile-2.jpg","type":"image\/jpeg"}],"author":"N.S Carideal","twitter_card":"summary_large_image","twitter_creator":"@caridealauto","twitter_site":"@caridealauto","twitter_misc":{"\u00c9crit par":"N.S Carideal","Dur\u00e9e de lecture estim\u00e9e":"3 minutes"},"schema":{"@context":"https:\/\/schema.org","@graph":[{"@type":"Article","@id":"https:\/\/www.carideal.com\/blog\/2013\/11\/24\/la-qualite-percue-des-constructeurs-automobiles-francais\/#article","isPartOf":{"@id":"https:\/\/www.carideal.com\/blog\/2013\/11\/24\/la-qualite-percue-des-constructeurs-automobiles-francais\/"},"author":{"name":"N.S Carideal","@id":"https:\/\/www.carideal.com\/blog\/#\/schema\/person\/985c7e757d1042d647f21bfaf8d41ebc"},"headline":"La qualit\u00e9 per\u00e7ue des constructeurs automobiles fran\u00e7ais","datePublished":"2013-11-24T08:22:00+00:00","dateModified":"2020-02-20T17:09:45+00:00","mainEntityOfPage":{"@id":"https:\/\/www.carideal.com\/blog\/2013\/11\/24\/la-qualite-percue-des-constructeurs-automobiles-francais\/"},"wordCount":673,"commentCount":0,"publisher":{"@id":"https:\/\/www.carideal.com\/blog\/#organization"},"image":{"@id":"https:\/\/www.carideal.com\/blog\/2013\/11\/24\/la-qualite-percue-des-constructeurs-automobiles-francais\/#primaryimage"},"thumbnailUrl":"https:\/\/www.carideal.com\/blog\/wp-content\/uploads\/2013\/11\/Qualite-percue-automobile-blog-carideal-mandataire-automobile-2.jpg","keywords":["PSA","Qualit\u00e9 Per\u00e7ue d'une voiture"],"articleSection":["Actualit\u00e9 Constructeur automobile","March\u00e9 automobile","Technologie Automobile"],"inLanguage":"fr-FR","potentialAction":[{"@type":"CommentAction","name":"Comment","target":["https:\/\/www.carideal.com\/blog\/2013\/11\/24\/la-qualite-percue-des-constructeurs-automobiles-francais\/#respond"]}]},{"@type":"WebPage","@id":"https:\/\/www.carideal.com\/blog\/2013\/11\/24\/la-qualite-percue-des-constructeurs-automobiles-francais\/","url":"https:\/\/www.carideal.com\/blog\/2013\/11\/24\/la-qualite-percue-des-constructeurs-automobiles-francais\/","name":"La qualit\u00e9 per\u00e7ue des constructeurs automobiles fran\u00e7ais - Blog auto Carid\u00e9al","isPartOf":{"@id":"https:\/\/www.carideal.com\/blog\/#website"},"primaryImageOfPage":{"@id":"https:\/\/www.carideal.com\/blog\/2013\/11\/24\/la-qualite-percue-des-constructeurs-automobiles-francais\/#primaryimage"},"image":{"@id":"https:\/\/www.carideal.com\/blog\/2013\/11\/24\/la-qualite-percue-des-constructeurs-automobiles-francais\/#primaryimage"},"thumbnailUrl":"https:\/\/www.carideal.com\/blog\/wp-content\/uploads\/2013\/11\/Qualite-percue-automobile-blog-carideal-mandataire-automobile-2.jpg","datePublished":"2013-11-24T08:22:00+00:00","dateModified":"2020-02-20T17:09:45+00:00","breadcrumb":{"@id":"https:\/\/www.carideal.com\/blog\/2013\/11\/24\/la-qualite-percue-des-constructeurs-automobiles-francais\/#breadcrumb"},"inLanguage":"fr-FR","potentialAction":[{"@type":"ReadAction","target":["https:\/\/www.carideal.com\/blog\/2013\/11\/24\/la-qualite-percue-des-constructeurs-automobiles-francais\/"]}]},{"@type":"ImageObject","inLanguage":"fr-FR","@id":"https:\/\/www.carideal.com\/blog\/2013\/11\/24\/la-qualite-percue-des-constructeurs-automobiles-francais\/#primaryimage","url":"https:\/\/www.carideal.com\/blog\/wp-content\/uploads\/2013\/11\/Qualite-percue-automobile-blog-carideal-mandataire-automobile-2.jpg","contentUrl":"https:\/\/www.carideal.com\/blog\/wp-content\/uploads\/2013\/11\/Qualite-percue-automobile-blog-carideal-mandataire-automobile-2.jpg","width":398,"height":302,"caption":"La qualit\u00e9 per\u00e7ue des constructeurs automobiles fran\u00e7ais"},{"@type":"BreadcrumbList","@id":"https:\/\/www.carideal.com\/blog\/2013\/11\/24\/la-qualite-percue-des-constructeurs-automobiles-francais\/#breadcrumb","itemListElement":[{"@type":"ListItem","position":1,"name":"Blog Carid\u00e9al","item":"https:\/\/www.carideal.com\/blog\/"},{"@type":"ListItem","position":2,"name":"Actualit\u00e9 constructeur automobile","item":"https:\/\/www.carideal.com\/blog\/constructeur\/"},{"@type":"ListItem","position":3,"name":"La qualit\u00e9 per\u00e7ue des constructeurs automobiles fran\u00e7ais"}]},{"@type":"WebSite","@id":"https:\/\/www.carideal.com\/blog\/#website","url":"https:\/\/www.carideal.com\/blog\/","name":"Blog auto Carid\u00e9al","description":"Actualit\u00e9 auto par des passionn\u00e9s","publisher":{"@id":"https:\/\/www.carideal.com\/blog\/#organization"},"potentialAction":[{"@type":"SearchAction","target":{"@type":"EntryPoint","urlTemplate":"https:\/\/www.carideal.com\/blog\/?s={search_term_string}"},"query-input":{"@type":"PropertyValueSpecification","valueRequired":true,"valueName":"search_term_string"}}],"inLanguage":"fr-FR"},{"@type":"Organization","@id":"https:\/\/www.carideal.com\/blog\/#organization","name":"Carideal","url":"https:\/\/www.carideal.com\/blog\/","logo":{"@type":"ImageObject","inLanguage":"fr-FR","@id":"https:\/\/www.carideal.com\/blog\/#\/schema\/logo\/image\/","url":"http:\/\/www.carideal.com\/blog\/wp-content\/uploads\/2016\/03\/logo-carideal-mandataire-automobile.png","contentUrl":"http:\/\/www.carideal.com\/blog\/wp-content\/uploads\/2016\/03\/logo-carideal-mandataire-automobile.png","width":300,"height":300,"caption":"Carideal"},"image":{"@id":"https:\/\/www.carideal.com\/blog\/#\/schema\/logo\/image\/"},"sameAs":["https:\/\/www.facebook.com\/Carideal.mandataire.automobile","https:\/\/x.com\/caridealauto","https:\/\/www.instagram.com\/carideal1\/","https:\/\/www.linkedin.com\/company\/carideal.com","https:\/\/fr.pinterest.com\/schiavonsas\/","https:\/\/www.youtube.com\/user\/caridealsas"]},{"@type":"Person","@id":"https:\/\/www.carideal.com\/blog\/#\/schema\/person\/985c7e757d1042d647f21bfaf8d41ebc","name":"N.S Carideal","image":{"@type":"ImageObject","inLanguage":"fr-FR","@id":"https:\/\/www.carideal.com\/blog\/#\/schema\/person\/image\/","url":"https:\/\/secure.gravatar.com\/avatar\/edb7ccdf1a4e3d14aef967760d354d0e?s=96&r=g","contentUrl":"https:\/\/secure.gravatar.com\/avatar\/edb7ccdf1a4e3d14aef967760d354d0e?s=96&r=g","caption":"N.S Carideal"},"description":"Depuis tout petit fan d'automobile. Il est question d'essayer et de comparer toutes ces voitures qui nous ont fait r\u00e9ver, avant que celles-ci ne devient uniquement des voitures de collection.","sameAs":["http:\/\/www.carideal.com\/blog","https:\/\/www.facebook.com\/Carideal.mandataire.automobile\/","https:\/\/www.linkedin.com\/in\/nschiavon\/","https:\/\/www.youtube.com\/user\/caridealsas\/"],"url":"https:\/\/www.carideal.com\/blog\/author\/admin_carideal\/"}]}},"uagb_featured_image_src":{"full":["https:\/\/www.carideal.com\/blog\/wp-content\/uploads\/2013\/11\/Qualite-percue-automobile-blog-carideal-mandataire-automobile-2.jpg",398,302,false],"thumbnail":["https:\/\/www.carideal.com\/blog\/wp-content\/uploads\/2013\/11\/Qualite-percue-automobile-blog-carideal-mandataire-automobile-2-150x150.jpg",150,150,true],"medium":["https:\/\/www.carideal.com\/blog\/wp-content\/uploads\/2013\/11\/Qualite-percue-automobile-blog-carideal-mandataire-automobile-2-300x228.jpg",300,228,true],"medium_large":["https:\/\/www.carideal.com\/blog\/wp-content\/uploads\/2013\/11\/Qualite-percue-automobile-blog-carideal-mandataire-automobile-2.jpg",398,302,false],"large":["https:\/\/www.carideal.com\/blog\/wp-content\/uploads\/2013\/11\/Qualite-percue-automobile-blog-carideal-mandataire-automobile-2.jpg",398,302,false],"1536x1536":["https:\/\/www.carideal.com\/blog\/wp-content\/uploads\/2013\/11\/Qualite-percue-automobile-blog-carideal-mandataire-automobile-2.jpg",398,302,false],"2048x2048":["https:\/\/www.carideal.com\/blog\/wp-content\/uploads\/2013\/11\/Qualite-percue-automobile-blog-carideal-mandataire-automobile-2.jpg",398,302,false],"wppr-widget":["https:\/\/www.carideal.com\/blog\/wp-content\/uploads\/2013\/11\/Qualite-percue-automobile-blog-carideal-mandataire-automobile-2.jpg",50,38,false]},"uagb_author_info":{"display_name":"N.S Carideal","author_link":"https:\/\/www.carideal.com\/blog\/author\/admin_carideal\/"},"uagb_comment_info":0,"uagb_excerpt":"La qualit\u00e9 per\u00e7ue des constructeurs automobiles fran\u00e7ais Qu'est-ce que la qualit\u00e9 per\u00e7ue\u00a0? La qualit\u00e9 per\u00e7ue est la premi\u00e8re impression d'ensemble que l'on a de la voiture, elle est globale et sur des points de d\u00e9tails. La qualit\u00e9 d'une voiture se d\u00e9finit \u00e0 la fois par des crit\u00e8res rationnels et \u00e9galement \u00e9motionnels. Elle est multisensorielle\u00a0: la\u2026","_links":{"self":[{"href":"https:\/\/www.carideal.com\/blog\/wp-json\/wp\/v2\/posts\/598"}],"collection":[{"href":"https:\/\/www.carideal.com\/blog\/wp-json\/wp\/v2\/posts"}],"about":[{"href":"https:\/\/www.carideal.com\/blog\/wp-json\/wp\/v2\/types\/post"}],"author":[{"embeddable":true,"href":"https:\/\/www.carideal.com\/blog\/wp-json\/wp\/v2\/users\/1"}],"replies":[{"embeddable":true,"href":"https:\/\/www.carideal.com\/blog\/wp-json\/wp\/v2\/comments?post=598"}],"version-history":[{"count":0,"href":"https:\/\/www.carideal.com\/blog\/wp-json\/wp\/v2\/posts\/598\/revisions"}],"wp:featuredmedia":[{"embeddable":true,"href":"https:\/\/www.carideal.com\/blog\/wp-json\/wp\/v2\/media\/15364"}],"wp:attachment":[{"href":"https:\/\/www.carideal.com\/blog\/wp-json\/wp\/v2\/media?parent=598"}],"wp:term":[{"taxonomy":"category","embeddable":true,"href":"https:\/\/www.carideal.com\/blog\/wp-json\/wp\/v2\/categories?post=598"},{"taxonomy":"post_tag","embeddable":true,"href":"https:\/\/www.carideal.com\/blog\/wp-json\/wp\/v2\/tags?post=598"}],"curies":[{"name":"wp","href":"https:\/\/api.w.org\/{rel}","templated":true}]}}