{"id":597,"date":"2013-11-21T20:13:00","date_gmt":"2013-11-21T20:13:00","guid":{"rendered":"http:\/\/carideal.com\/blog\/?p=597"},"modified":"2018-12-07T07:16:55","modified_gmt":"2018-12-07T06:16:55","slug":"calendrier-pirelli-2014-signe-helmut-newton","status":"publish","type":"post","link":"https:\/\/www.carideal.com\/blog\/2013\/11\/21\/calendrier-pirelli-2014-signe-helmut-newton\/","title":{"rendered":"Calendrier Pirelli 2014 sign\u00e9 Helmut Newton"},"content":{"rendered":"<h2>Le calendrier Pirelli 2014 est sign\u00e9 Helmut Newton<\/h2>\n<figure style=\"width: 307px\" class=\"wp-caption alignnone\"><img loading=\"lazy\" decoding=\"async\" title=\"calendrier-pirelli-2014-mai-002.jpg, nov. 2013\" src=\"\/blog\/public\/.calendrier-pirelli-2014-mai-002_m.jpg\" alt=\"calendrier-pirelli-2014-mai-002.jpg\" width=\"317\" height=\"448\" \/><figcaption class=\"wp-caption-text\">Le calendrier Pirelli 2014 Sign\u00e9 Helmut Newton<\/figcaption><\/figure>\n<blockquote><p>Le Calendrier Pirelli 2014<\/p><\/blockquote>\n<figure style=\"width: 309px\" class=\"wp-caption alignnone\"><img loading=\"lazy\" decoding=\"async\" title=\"calendrier-pirelli-2014-juin-006.jpg, nov. 2013\" src=\"\/blog\/public\/.calendrier-pirelli-2014-juin-006_m.jpg\" alt=\"calendrier-pirelli-2014-juin-006.jpg\" width=\"319\" height=\"448\" \/><figcaption class=\"wp-caption-text\">Le calendrier Pirelli 2014 avec des image in\u00e9dites d'Helmut Newton<\/figcaption><\/figure>\n<p>Le Calendrier Pirelli est une institution dans le paysage de la photographie, de l'art, du charme et de l'automobile. C'est ind\u00e9niable.<\/p>\n<blockquote><p>Calendrier Pirelli 2014<\/p><\/blockquote>\n<figure style=\"width: 308px\" class=\"wp-caption alignnone\"><img loading=\"lazy\" decoding=\"async\" title=\"calendrier-pirelli-2014-juillet-007.jpg, nov. 2013\" src=\"\/blog\/public\/.calendrier-pirelli-2014-juillet-007_m.jpg\" alt=\"calendrier-pirelli-2014-juillet-007.jpg\" width=\"318\" height=\"448\" \/><figcaption class=\"wp-caption-text\">Des photos in\u00e9dites d'Helmut Newton pour le Calendrier Pirelli 2014<\/figcaption><\/figure>\n<p>Pour ses 50 ans \"Le cal\" nous sort des photos in\u00e9dites du photographe Elmut Newton datant de 1986 et in\u00e9dites !<\/p>\n<blockquote><p>Calendrier Pirelli 2014<\/p><\/blockquote>\n<figure style=\"width: 308px\" class=\"wp-caption alignnone\"><img loading=\"lazy\" decoding=\"async\" title=\"calendrier-pirelli-2014-aout-008.jpg, nov. 2013\" src=\"\/blog\/public\/.calendrier-pirelli-2014-aout-008_m.jpg\" alt=\"calendrier-pirelli-2014-aout-008.jpg\" width=\"318\" height=\"448\" \/><figcaption class=\"wp-caption-text\">Le calendrier Pirelli 2014 les femmes et l'automobile la passion<\/figcaption><\/figure>\n<p>Car l'automobile est affaire de passion et de beaut\u00e9, comme la femme.<\/p>\n<blockquote><p>Calendrier Pirelli 2014<\/p><\/blockquote>\n<p>Le plaisir de conduire.... avec une belle femme \u00e0 ses cot\u00e9s.<br \/>\n<img decoding=\"async\" title=\"calendrier-pirelli-2014-001.jpg, nov. 2013\" src=\"\/blog\/public\/.calendrier-pirelli-2014-001_m.jpg\" alt=\"calendrier-pirelli-2014-001.jpg\" \/><\/p>\n<blockquote><p>Calendrier Pirelli 2014<\/p><\/blockquote>\n<p>Une belle voiture, une belle femme un bon restaurant, une bonne soir\u00e9e... what else ?<\/p>\n<h3>Tous les calendriers Pirelli<\/h3>\n<blockquote><p>&gt;\u00a0<a href=\"http:\/\/www.carideal.com\/blog\/2009\/11\/24\/calendrier-pirelli-2010-est-sorti\/\">Calendrier Pirelli 2010<\/a>\u00a0&gt;\u00a0<a href=\"http:\/\/www.carideal.com\/blog\/2010\/12\/02\/calendrier-pirelli-2011\/\">Calendrier Pirelli 2011<\/a>\u00a0&gt;\u00a0<a href=\"http:\/\/www.carideal.com\/blog\/2011\/12\/08\/calendrier-pirelli-2012\/\">Calendrier Pirelli 2012<\/a><\/p>\n<p>&gt;\u00a0<a href=\"http:\/\/www.carideal.com\/blog\/2013\/11\/21\/calendrier-pirelli-2014-signe-helmut-newton\/\">Calendrier Pirelli 2014<\/a>\u00a0&gt;\u00a0<a href=\"http:\/\/www.carideal.com\/blog\/2014\/11\/18\/le-calendrier-pirelli-2015-est-arrivee\/\">Calendrier Pirelli 2015<\/a>\u00a0&gt;\u00a0<a href=\"http:\/\/www.carideal.com\/blog\/2016\/12\/05\/calendrier-pirelli-2017\/\">Calendrier Pirelli 2017<\/a><\/p>\n<p>&gt; Calendrier Pirelli 2018\u00a0&gt;\u00a0<a href=\"http:\/\/www.carideal.com\/blog\/2018\/12\/06\/calendrier-pirelli-2019\/\">Calendrier Pirelli 2019<\/a><\/p>\n<p>&gt;\u00a0<a href=\"http:\/\/www.carideal.com\/blog\/tag\/calendrier-pirelli\/\">Tous les Calendriers Pirelli<\/a><\/p><\/blockquote>\n","protected":false},"excerpt":{"rendered":"<p>Le calendrier Pirelli 2014 est sign\u00e9 Helmut Newton Le Calendrier Pirelli 2014 Le Calendrier Pirelli est une institution dans le paysage de la photographie, de l&rsquo;art, du charme et de l&rsquo;automobile. C&rsquo;est ind\u00e9niable. Calendrier Pirelli 2014 Pour ses 50 ans \u00ab\u00a0Le cal\u00a0\u00bb nous sort des photos in\u00e9dites du photographe Elmut Newton datant de 1986 et &#8230; <a title=\"Calendrier Pirelli 2014 sign\u00e9 Helmut Newton\" class=\"read-more\" href=\"https:\/\/www.carideal.com\/blog\/2013\/11\/21\/calendrier-pirelli-2014-signe-helmut-newton\/\" aria-label=\"En savoir plus sur Calendrier Pirelli 2014 sign\u00e9 Helmut Newton\">Lire plus<\/a><\/p>\n","protected":false},"author":1,"featured_media":13283,"comment_status":"open","ping_status":"open","sticky":false,"template":"","format":"image","meta":{"_uag_custom_page_level_css":"","_themeisle_gutenberg_block_has_review":false,"footnotes":""},"categories":[5943,5994],"tags":[1236],"class_list":["post-597","post","type-post","status-publish","format-image","has-post-thumbnail","hentry","category-pirelli","category-fun","tag-calendrier-pirelli","post_format-post-format-image"],"wppr_data":{"cwp_meta_box_check":"No"},"yoast_head":"<!-- This site is optimized with the Yoast SEO plugin v24.8.1 - https:\/\/yoast.com\/wordpress\/plugins\/seo\/ -->\n<title>Calendrier Pirelli 2014 sign\u00e9 Helmut Newton - Blog auto Carid\u00e9al<\/title>\n<meta name=\"robots\" content=\"index, follow, max-snippet:-1, max-image-preview:large, max-video-preview:-1\" \/>\n<link rel=\"canonical\" href=\"https:\/\/www.carideal.com\/blog\/2013\/11\/21\/calendrier-pirelli-2014-signe-helmut-newton\/\" \/>\n<meta property=\"og:locale\" content=\"fr_FR\" \/>\n<meta property=\"og:type\" content=\"article\" \/>\n<meta property=\"og:title\" content=\"Calendrier Pirelli 2014 sign\u00e9 Helmut Newton - Blog auto Carid\u00e9al\" \/>\n<meta property=\"og:description\" content=\"Le calendrier Pirelli 2014 est sign\u00e9 Helmut Newton Le Calendrier Pirelli 2014 Le Calendrier Pirelli est une institution dans le paysage de la photographie, de l&#039;art, du charme et de l&#039;automobile. C&#039;est ind\u00e9niable. Calendrier Pirelli 2014 Pour ses 50 ans &quot;Le cal&quot; nous sort des photos in\u00e9dites du photographe Elmut Newton datant de 1986 et ... Lire plus\" \/>\n<meta property=\"og:url\" content=\"https:\/\/www.carideal.com\/blog\/2013\/11\/21\/calendrier-pirelli-2014-signe-helmut-newton\/\" \/>\n<meta property=\"og:site_name\" content=\"Blog auto Carid\u00e9al\" \/>\n<meta property=\"article:publisher\" content=\"https:\/\/www.facebook.com\/Carideal.mandataire.automobile\" \/>\n<meta property=\"article:author\" content=\"https:\/\/www.facebook.com\/Carideal.mandataire.automobile\/\" \/>\n<meta property=\"article:published_time\" content=\"2013-11-21T20:13:00+00:00\" \/>\n<meta property=\"article:modified_time\" content=\"2018-12-07T06:16:55+00:00\" \/>\n<meta property=\"og:image\" content=\"https:\/\/www.carideal.com\/blog\/wp-content\/uploads\/2013\/12\/calendrier-pirelli-2014-par-helmut-newton.jpg\" \/>\n\t<meta property=\"og:image:width\" content=\"640\" \/>\n\t<meta property=\"og:image:height\" content=\"358\" \/>\n\t<meta property=\"og:image:type\" content=\"image\/jpeg\" \/>\n<meta name=\"author\" content=\"N.S Carideal\" \/>\n<meta name=\"twitter:card\" content=\"summary_large_image\" \/>\n<meta name=\"twitter:creator\" content=\"@caridealauto\" \/>\n<meta name=\"twitter:site\" content=\"@caridealauto\" \/>\n<meta name=\"twitter:label1\" content=\"\u00c9crit par\" \/>\n\t<meta name=\"twitter:data1\" content=\"N.S Carideal\" \/>\n\t<meta name=\"twitter:label2\" content=\"Dur\u00e9e de lecture estim\u00e9e\" \/>\n\t<meta name=\"twitter:data2\" content=\"1 minute\" \/>\n<script type=\"application\/ld+json\" class=\"yoast-schema-graph\">{\"@context\":\"https:\/\/schema.org\",\"@graph\":[{\"@type\":\"Article\",\"@id\":\"https:\/\/www.carideal.com\/blog\/2013\/11\/21\/calendrier-pirelli-2014-signe-helmut-newton\/#article\",\"isPartOf\":{\"@id\":\"https:\/\/www.carideal.com\/blog\/2013\/11\/21\/calendrier-pirelli-2014-signe-helmut-newton\/\"},\"author\":{\"name\":\"N.S Carideal\",\"@id\":\"https:\/\/www.carideal.com\/blog\/#\/schema\/person\/985c7e757d1042d647f21bfaf8d41ebc\"},\"headline\":\"Calendrier Pirelli 2014 sign\u00e9 Helmut Newton\",\"datePublished\":\"2013-11-21T20:13:00+00:00\",\"dateModified\":\"2018-12-07T06:16:55+00:00\",\"mainEntityOfPage\":{\"@id\":\"https:\/\/www.carideal.com\/blog\/2013\/11\/21\/calendrier-pirelli-2014-signe-helmut-newton\/\"},\"wordCount\":195,\"commentCount\":0,\"publisher\":{\"@id\":\"https:\/\/www.carideal.com\/blog\/#organization\"},\"image\":{\"@id\":\"https:\/\/www.carideal.com\/blog\/2013\/11\/21\/calendrier-pirelli-2014-signe-helmut-newton\/#primaryimage\"},\"thumbnailUrl\":\"https:\/\/www.carideal.com\/blog\/wp-content\/uploads\/2013\/12\/calendrier-pirelli-2014-par-helmut-newton.jpg\",\"keywords\":[\"Calendrier Pirelli\"],\"articleSection\":[\"Actualit\u00e9 Pirelli\",\"Fun\"],\"inLanguage\":\"fr-FR\",\"potentialAction\":[{\"@type\":\"CommentAction\",\"name\":\"Comment\",\"target\":[\"https:\/\/www.carideal.com\/blog\/2013\/11\/21\/calendrier-pirelli-2014-signe-helmut-newton\/#respond\"]}]},{\"@type\":\"WebPage\",\"@id\":\"https:\/\/www.carideal.com\/blog\/2013\/11\/21\/calendrier-pirelli-2014-signe-helmut-newton\/\",\"url\":\"https:\/\/www.carideal.com\/blog\/2013\/11\/21\/calendrier-pirelli-2014-signe-helmut-newton\/\",\"name\":\"Calendrier Pirelli 2014 sign\u00e9 Helmut Newton - Blog auto Carid\u00e9al\",\"isPartOf\":{\"@id\":\"https:\/\/www.carideal.com\/blog\/#website\"},\"primaryImageOfPage\":{\"@id\":\"https:\/\/www.carideal.com\/blog\/2013\/11\/21\/calendrier-pirelli-2014-signe-helmut-newton\/#primaryimage\"},\"image\":{\"@id\":\"https:\/\/www.carideal.com\/blog\/2013\/11\/21\/calendrier-pirelli-2014-signe-helmut-newton\/#primaryimage\"},\"thumbnailUrl\":\"https:\/\/www.carideal.com\/blog\/wp-content\/uploads\/2013\/12\/calendrier-pirelli-2014-par-helmut-newton.jpg\",\"datePublished\":\"2013-11-21T20:13:00+00:00\",\"dateModified\":\"2018-12-07T06:16:55+00:00\",\"breadcrumb\":{\"@id\":\"https:\/\/www.carideal.com\/blog\/2013\/11\/21\/calendrier-pirelli-2014-signe-helmut-newton\/#breadcrumb\"},\"inLanguage\":\"fr-FR\",\"potentialAction\":[{\"@type\":\"ReadAction\",\"target\":[\"https:\/\/www.carideal.com\/blog\/2013\/11\/21\/calendrier-pirelli-2014-signe-helmut-newton\/\"]}]},{\"@type\":\"ImageObject\",\"inLanguage\":\"fr-FR\",\"@id\":\"https:\/\/www.carideal.com\/blog\/2013\/11\/21\/calendrier-pirelli-2014-signe-helmut-newton\/#primaryimage\",\"url\":\"https:\/\/www.carideal.com\/blog\/wp-content\/uploads\/2013\/12\/calendrier-pirelli-2014-par-helmut-newton.jpg\",\"contentUrl\":\"https:\/\/www.carideal.com\/blog\/wp-content\/uploads\/2013\/12\/calendrier-pirelli-2014-par-helmut-newton.jpg\",\"width\":640,\"height\":358,\"caption\":\"Calendrier Pirelli 2014 50 ans\"},{\"@type\":\"BreadcrumbList\",\"@id\":\"https:\/\/www.carideal.com\/blog\/2013\/11\/21\/calendrier-pirelli-2014-signe-helmut-newton\/#breadcrumb\",\"itemListElement\":[{\"@type\":\"ListItem\",\"position\":1,\"name\":\"Blog Carid\u00e9al\",\"item\":\"https:\/\/www.carideal.com\/blog\/\"},{\"@type\":\"ListItem\",\"position\":2,\"name\":\"Pneumatique\",\"item\":\"https:\/\/www.carideal.com\/blog\/pneumatique\/\"},{\"@type\":\"ListItem\",\"position\":3,\"name\":\"Actualit\u00e9 Pirelli\",\"item\":\"https:\/\/www.carideal.com\/blog\/pneumatique\/pirelli\/\"},{\"@type\":\"ListItem\",\"position\":4,\"name\":\"Calendrier Pirelli 2014 sign\u00e9 Helmut Newton\"}]},{\"@type\":\"WebSite\",\"@id\":\"https:\/\/www.carideal.com\/blog\/#website\",\"url\":\"https:\/\/www.carideal.com\/blog\/\",\"name\":\"Blog auto Carid\u00e9al\",\"description\":\"Actualit\u00e9 auto par des passionn\u00e9s\",\"publisher\":{\"@id\":\"https:\/\/www.carideal.com\/blog\/#organization\"},\"potentialAction\":[{\"@type\":\"SearchAction\",\"target\":{\"@type\":\"EntryPoint\",\"urlTemplate\":\"https:\/\/www.carideal.com\/blog\/?s={search_term_string}\"},\"query-input\":{\"@type\":\"PropertyValueSpecification\",\"valueRequired\":true,\"valueName\":\"search_term_string\"}}],\"inLanguage\":\"fr-FR\"},{\"@type\":\"Organization\",\"@id\":\"https:\/\/www.carideal.com\/blog\/#organization\",\"name\":\"Carideal\",\"url\":\"https:\/\/www.carideal.com\/blog\/\",\"logo\":{\"@type\":\"ImageObject\",\"inLanguage\":\"fr-FR\",\"@id\":\"https:\/\/www.carideal.com\/blog\/#\/schema\/logo\/image\/\",\"url\":\"http:\/\/www.carideal.com\/blog\/wp-content\/uploads\/2016\/03\/logo-carideal-mandataire-automobile.png\",\"contentUrl\":\"http:\/\/www.carideal.com\/blog\/wp-content\/uploads\/2016\/03\/logo-carideal-mandataire-automobile.png\",\"width\":300,\"height\":300,\"caption\":\"Carideal\"},\"image\":{\"@id\":\"https:\/\/www.carideal.com\/blog\/#\/schema\/logo\/image\/\"},\"sameAs\":[\"https:\/\/www.facebook.com\/Carideal.mandataire.automobile\",\"https:\/\/x.com\/caridealauto\",\"https:\/\/www.instagram.com\/carideal1\/\",\"https:\/\/www.linkedin.com\/company\/carideal.com\",\"https:\/\/fr.pinterest.com\/schiavonsas\/\",\"https:\/\/www.youtube.com\/user\/caridealsas\"]},{\"@type\":\"Person\",\"@id\":\"https:\/\/www.carideal.com\/blog\/#\/schema\/person\/985c7e757d1042d647f21bfaf8d41ebc\",\"name\":\"N.S Carideal\",\"image\":{\"@type\":\"ImageObject\",\"inLanguage\":\"fr-FR\",\"@id\":\"https:\/\/www.carideal.com\/blog\/#\/schema\/person\/image\/\",\"url\":\"https:\/\/secure.gravatar.com\/avatar\/edb7ccdf1a4e3d14aef967760d354d0e?s=96&r=g\",\"contentUrl\":\"https:\/\/secure.gravatar.com\/avatar\/edb7ccdf1a4e3d14aef967760d354d0e?s=96&r=g\",\"caption\":\"N.S Carideal\"},\"description\":\"Depuis tout petit fan d'automobile. Il est question d'essayer et de comparer toutes ces voitures qui nous ont fait r\u00e9ver, avant que celles-ci ne devient uniquement des voitures de collection.\",\"sameAs\":[\"http:\/\/www.carideal.com\/blog\",\"https:\/\/www.facebook.com\/Carideal.mandataire.automobile\/\",\"https:\/\/www.linkedin.com\/in\/nschiavon\/\",\"https:\/\/www.youtube.com\/user\/caridealsas\/\"],\"url\":\"https:\/\/www.carideal.com\/blog\/author\/admin_carideal\/\"}]}<\/script>\n<!-- \/ Yoast SEO plugin. -->","yoast_head_json":{"title":"Calendrier Pirelli 2014 sign\u00e9 Helmut Newton - Blog auto Carid\u00e9al","robots":{"index":"index","follow":"follow","max-snippet":"max-snippet:-1","max-image-preview":"max-image-preview:large","max-video-preview":"max-video-preview:-1"},"canonical":"https:\/\/www.carideal.com\/blog\/2013\/11\/21\/calendrier-pirelli-2014-signe-helmut-newton\/","og_locale":"fr_FR","og_type":"article","og_title":"Calendrier Pirelli 2014 sign\u00e9 Helmut Newton - Blog auto Carid\u00e9al","og_description":"Le calendrier Pirelli 2014 est sign\u00e9 Helmut Newton Le Calendrier Pirelli 2014 Le Calendrier Pirelli est une institution dans le paysage de la photographie, de l'art, du charme et de l'automobile. C'est ind\u00e9niable. Calendrier Pirelli 2014 Pour ses 50 ans \"Le cal\" nous sort des photos in\u00e9dites du photographe Elmut Newton datant de 1986 et ... Lire plus","og_url":"https:\/\/www.carideal.com\/blog\/2013\/11\/21\/calendrier-pirelli-2014-signe-helmut-newton\/","og_site_name":"Blog auto Carid\u00e9al","article_publisher":"https:\/\/www.facebook.com\/Carideal.mandataire.automobile","article_author":"https:\/\/www.facebook.com\/Carideal.mandataire.automobile\/","article_published_time":"2013-11-21T20:13:00+00:00","article_modified_time":"2018-12-07T06:16:55+00:00","og_image":[{"width":640,"height":358,"url":"https:\/\/www.carideal.com\/blog\/wp-content\/uploads\/2013\/12\/calendrier-pirelli-2014-par-helmut-newton.jpg","type":"image\/jpeg"}],"author":"N.S Carideal","twitter_card":"summary_large_image","twitter_creator":"@caridealauto","twitter_site":"@caridealauto","twitter_misc":{"\u00c9crit par":"N.S Carideal","Dur\u00e9e de lecture estim\u00e9e":"1 minute"},"schema":{"@context":"https:\/\/schema.org","@graph":[{"@type":"Article","@id":"https:\/\/www.carideal.com\/blog\/2013\/11\/21\/calendrier-pirelli-2014-signe-helmut-newton\/#article","isPartOf":{"@id":"https:\/\/www.carideal.com\/blog\/2013\/11\/21\/calendrier-pirelli-2014-signe-helmut-newton\/"},"author":{"name":"N.S Carideal","@id":"https:\/\/www.carideal.com\/blog\/#\/schema\/person\/985c7e757d1042d647f21bfaf8d41ebc"},"headline":"Calendrier Pirelli 2014 sign\u00e9 Helmut Newton","datePublished":"2013-11-21T20:13:00+00:00","dateModified":"2018-12-07T06:16:55+00:00","mainEntityOfPage":{"@id":"https:\/\/www.carideal.com\/blog\/2013\/11\/21\/calendrier-pirelli-2014-signe-helmut-newton\/"},"wordCount":195,"commentCount":0,"publisher":{"@id":"https:\/\/www.carideal.com\/blog\/#organization"},"image":{"@id":"https:\/\/www.carideal.com\/blog\/2013\/11\/21\/calendrier-pirelli-2014-signe-helmut-newton\/#primaryimage"},"thumbnailUrl":"https:\/\/www.carideal.com\/blog\/wp-content\/uploads\/2013\/12\/calendrier-pirelli-2014-par-helmut-newton.jpg","keywords":["Calendrier Pirelli"],"articleSection":["Actualit\u00e9 Pirelli","Fun"],"inLanguage":"fr-FR","potentialAction":[{"@type":"CommentAction","name":"Comment","target":["https:\/\/www.carideal.com\/blog\/2013\/11\/21\/calendrier-pirelli-2014-signe-helmut-newton\/#respond"]}]},{"@type":"WebPage","@id":"https:\/\/www.carideal.com\/blog\/2013\/11\/21\/calendrier-pirelli-2014-signe-helmut-newton\/","url":"https:\/\/www.carideal.com\/blog\/2013\/11\/21\/calendrier-pirelli-2014-signe-helmut-newton\/","name":"Calendrier Pirelli 2014 sign\u00e9 Helmut Newton - Blog auto Carid\u00e9al","isPartOf":{"@id":"https:\/\/www.carideal.com\/blog\/#website"},"primaryImageOfPage":{"@id":"https:\/\/www.carideal.com\/blog\/2013\/11\/21\/calendrier-pirelli-2014-signe-helmut-newton\/#primaryimage"},"image":{"@id":"https:\/\/www.carideal.com\/blog\/2013\/11\/21\/calendrier-pirelli-2014-signe-helmut-newton\/#primaryimage"},"thumbnailUrl":"https:\/\/www.carideal.com\/blog\/wp-content\/uploads\/2013\/12\/calendrier-pirelli-2014-par-helmut-newton.jpg","datePublished":"2013-11-21T20:13:00+00:00","dateModified":"2018-12-07T06:16:55+00:00","breadcrumb":{"@id":"https:\/\/www.carideal.com\/blog\/2013\/11\/21\/calendrier-pirelli-2014-signe-helmut-newton\/#breadcrumb"},"inLanguage":"fr-FR","potentialAction":[{"@type":"ReadAction","target":["https:\/\/www.carideal.com\/blog\/2013\/11\/21\/calendrier-pirelli-2014-signe-helmut-newton\/"]}]},{"@type":"ImageObject","inLanguage":"fr-FR","@id":"https:\/\/www.carideal.com\/blog\/2013\/11\/21\/calendrier-pirelli-2014-signe-helmut-newton\/#primaryimage","url":"https:\/\/www.carideal.com\/blog\/wp-content\/uploads\/2013\/12\/calendrier-pirelli-2014-par-helmut-newton.jpg","contentUrl":"https:\/\/www.carideal.com\/blog\/wp-content\/uploads\/2013\/12\/calendrier-pirelli-2014-par-helmut-newton.jpg","width":640,"height":358,"caption":"Calendrier Pirelli 2014 50 ans"},{"@type":"BreadcrumbList","@id":"https:\/\/www.carideal.com\/blog\/2013\/11\/21\/calendrier-pirelli-2014-signe-helmut-newton\/#breadcrumb","itemListElement":[{"@type":"ListItem","position":1,"name":"Blog Carid\u00e9al","item":"https:\/\/www.carideal.com\/blog\/"},{"@type":"ListItem","position":2,"name":"Pneumatique","item":"https:\/\/www.carideal.com\/blog\/pneumatique\/"},{"@type":"ListItem","position":3,"name":"Actualit\u00e9 Pirelli","item":"https:\/\/www.carideal.com\/blog\/pneumatique\/pirelli\/"},{"@type":"ListItem","position":4,"name":"Calendrier Pirelli 2014 sign\u00e9 Helmut Newton"}]},{"@type":"WebSite","@id":"https:\/\/www.carideal.com\/blog\/#website","url":"https:\/\/www.carideal.com\/blog\/","name":"Blog auto Carid\u00e9al","description":"Actualit\u00e9 auto par des passionn\u00e9s","publisher":{"@id":"https:\/\/www.carideal.com\/blog\/#organization"},"potentialAction":[{"@type":"SearchAction","target":{"@type":"EntryPoint","urlTemplate":"https:\/\/www.carideal.com\/blog\/?s={search_term_string}"},"query-input":{"@type":"PropertyValueSpecification","valueRequired":true,"valueName":"search_term_string"}}],"inLanguage":"fr-FR"},{"@type":"Organization","@id":"https:\/\/www.carideal.com\/blog\/#organization","name":"Carideal","url":"https:\/\/www.carideal.com\/blog\/","logo":{"@type":"ImageObject","inLanguage":"fr-FR","@id":"https:\/\/www.carideal.com\/blog\/#\/schema\/logo\/image\/","url":"http:\/\/www.carideal.com\/blog\/wp-content\/uploads\/2016\/03\/logo-carideal-mandataire-automobile.png","contentUrl":"http:\/\/www.carideal.com\/blog\/wp-content\/uploads\/2016\/03\/logo-carideal-mandataire-automobile.png","width":300,"height":300,"caption":"Carideal"},"image":{"@id":"https:\/\/www.carideal.com\/blog\/#\/schema\/logo\/image\/"},"sameAs":["https:\/\/www.facebook.com\/Carideal.mandataire.automobile","https:\/\/x.com\/caridealauto","https:\/\/www.instagram.com\/carideal1\/","https:\/\/www.linkedin.com\/company\/carideal.com","https:\/\/fr.pinterest.com\/schiavonsas\/","https:\/\/www.youtube.com\/user\/caridealsas"]},{"@type":"Person","@id":"https:\/\/www.carideal.com\/blog\/#\/schema\/person\/985c7e757d1042d647f21bfaf8d41ebc","name":"N.S Carideal","image":{"@type":"ImageObject","inLanguage":"fr-FR","@id":"https:\/\/www.carideal.com\/blog\/#\/schema\/person\/image\/","url":"https:\/\/secure.gravatar.com\/avatar\/edb7ccdf1a4e3d14aef967760d354d0e?s=96&r=g","contentUrl":"https:\/\/secure.gravatar.com\/avatar\/edb7ccdf1a4e3d14aef967760d354d0e?s=96&r=g","caption":"N.S Carideal"},"description":"Depuis tout petit fan d'automobile. Il est question d'essayer et de comparer toutes ces voitures qui nous ont fait r\u00e9ver, avant que celles-ci ne devient uniquement des voitures de collection.","sameAs":["http:\/\/www.carideal.com\/blog","https:\/\/www.facebook.com\/Carideal.mandataire.automobile\/","https:\/\/www.linkedin.com\/in\/nschiavon\/","https:\/\/www.youtube.com\/user\/caridealsas\/"],"url":"https:\/\/www.carideal.com\/blog\/author\/admin_carideal\/"}]}},"uagb_featured_image_src":{"full":["https:\/\/www.carideal.com\/blog\/wp-content\/uploads\/2013\/12\/calendrier-pirelli-2014-par-helmut-newton.jpg",640,358,false],"thumbnail":["https:\/\/www.carideal.com\/blog\/wp-content\/uploads\/2013\/12\/calendrier-pirelli-2014-par-helmut-newton-150x150.jpg",150,150,true],"medium":["https:\/\/www.carideal.com\/blog\/wp-content\/uploads\/2013\/12\/calendrier-pirelli-2014-par-helmut-newton-300x168.jpg",300,168,true],"medium_large":["https:\/\/www.carideal.com\/blog\/wp-content\/uploads\/2013\/12\/calendrier-pirelli-2014-par-helmut-newton.jpg",640,358,false],"large":["https:\/\/www.carideal.com\/blog\/wp-content\/uploads\/2013\/12\/calendrier-pirelli-2014-par-helmut-newton.jpg",640,358,false],"1536x1536":["https:\/\/www.carideal.com\/blog\/wp-content\/uploads\/2013\/12\/calendrier-pirelli-2014-par-helmut-newton.jpg",640,358,false],"2048x2048":["https:\/\/www.carideal.com\/blog\/wp-content\/uploads\/2013\/12\/calendrier-pirelli-2014-par-helmut-newton.jpg",640,358,false],"wppr-widget":["https:\/\/www.carideal.com\/blog\/wp-content\/uploads\/2013\/12\/calendrier-pirelli-2014-par-helmut-newton.jpg",50,28,false]},"uagb_author_info":{"display_name":"N.S Carideal","author_link":"https:\/\/www.carideal.com\/blog\/author\/admin_carideal\/"},"uagb_comment_info":0,"uagb_excerpt":"Le calendrier Pirelli 2014 est sign\u00e9 Helmut Newton Le Calendrier Pirelli 2014 Le Calendrier Pirelli est une institution dans le paysage de la photographie, de l'art, du charme et de l'automobile. C'est ind\u00e9niable. Calendrier Pirelli 2014 Pour ses 50 ans \"Le cal\" nous sort des photos in\u00e9dites du photographe Elmut Newton datant de 1986 et\u2026","_links":{"self":[{"href":"https:\/\/www.carideal.com\/blog\/wp-json\/wp\/v2\/posts\/597"}],"collection":[{"href":"https:\/\/www.carideal.com\/blog\/wp-json\/wp\/v2\/posts"}],"about":[{"href":"https:\/\/www.carideal.com\/blog\/wp-json\/wp\/v2\/types\/post"}],"author":[{"embeddable":true,"href":"https:\/\/www.carideal.com\/blog\/wp-json\/wp\/v2\/users\/1"}],"replies":[{"embeddable":true,"href":"https:\/\/www.carideal.com\/blog\/wp-json\/wp\/v2\/comments?post=597"}],"version-history":[{"count":0,"href":"https:\/\/www.carideal.com\/blog\/wp-json\/wp\/v2\/posts\/597\/revisions"}],"wp:featuredmedia":[{"embeddable":true,"href":"https:\/\/www.carideal.com\/blog\/wp-json\/wp\/v2\/media\/13283"}],"wp:attachment":[{"href":"https:\/\/www.carideal.com\/blog\/wp-json\/wp\/v2\/media?parent=597"}],"wp:term":[{"taxonomy":"category","embeddable":true,"href":"https:\/\/www.carideal.com\/blog\/wp-json\/wp\/v2\/categories?post=597"},{"taxonomy":"post_tag","embeddable":true,"href":"https:\/\/www.carideal.com\/blog\/wp-json\/wp\/v2\/tags?post=597"}],"curies":[{"name":"wp","href":"https:\/\/api.w.org\/{rel}","templated":true}]}}