{"id":5950,"date":"2015-06-08T21:13:57","date_gmt":"2015-06-08T19:13:57","guid":{"rendered":"http:\/\/www.carideal.com\/blog\/?p=5950"},"modified":"2020-03-08T18:02:21","modified_gmt":"2020-03-08T17:02:21","slug":"la-skoda-superbe-est-superbe","status":"publish","type":"post","link":"https:\/\/www.carideal.com\/blog\/2015\/06\/08\/la-skoda-superbe-est-superbe\/","title":{"rendered":"La Skoda Superb 2016 est &#8230;&#8230;superbe"},"content":{"rendered":"<figure id=\"attachment_5951\" aria-describedby=\"caption-attachment-5951\" style=\"width: 290px\" class=\"wp-caption alignnone\"><a href=\"http:\/\/www.carideal.com\/blog\/wp-content\/uploads\/2015\/06\/skoda_superb-2016-carideal-blog-automobile.jpg\"><img loading=\"lazy\" decoding=\"async\" class=\"wp-image-5951 size-medium\" title=\"Nouvelle Skoda Superb 2016\" src=\"http:\/\/www.carideal.com\/blog\/wp-content\/uploads\/2015\/06\/skoda_superb-2016-carideal-blog-automobile-300x158.jpg\" alt=\"Nouvelle Skoda Superb 2016\" width=\"300\" height=\"158\" srcset=\"https:\/\/www.carideal.com\/blog\/wp-content\/uploads\/2015\/06\/skoda_superb-2016-carideal-blog-automobile-300x158.jpg 300w, https:\/\/www.carideal.com\/blog\/wp-content\/uploads\/2015\/06\/skoda_superb-2016-carideal-blog-automobile.jpg 617w\" sizes=\"(max-width: 300px) 100vw, 300px\" \/><\/a><figcaption id=\"caption-attachment-5951\" class=\"wp-caption-text\">Nouvelle Skoda Superb 2016<\/figcaption><\/figure>\n<h1>La nouvelle Skoda Superb 2016 est superbe<\/h1>\n<p>La nouvelle <span style=\"text-decoration: underline;\">Skoda<\/span> Superb est superbe : elle passe enfin au hayon et reste tr\u00e8s longue avec 4.86 m. Sa fa\u00e7ade avant ressemble \u00e0 une <span style=\"text-decoration: underline;\">Seat<\/span> avec l'int\u00e9rieur et la partie arri\u00e8re d'une <span style=\"text-decoration: underline;\">Audi A4<\/span>.<br \/>\nTrop classique, pas de faute, ni dans les mat\u00e9riaux ni dans les assemblages. Mais le design de la planche de bord manque de modernit\u00e9. De s\u00e9rie ou en option, la <span style=\"text-decoration: underline;\">Skoda Superb<\/span> b\u00e9n\u00e9ficiera du syst\u00e8me Dynamic ch\u00e2ssis Control, DCC ou amortissement pilot\u00e9 avec Driving Mode Select \u00e0 cinq modes de fonctionnement.<br \/>\nLa longue chute du hayon gomme l'importance du porte-\u00e0-faux arri\u00e8re, ce que ne savait pas faire ses a\u00een\u00e9es.<br \/>\nComme un mal dans le groupe, la voiture est \u00e9quip\u00e9e de suspensions trop souples.<br \/>\nLe moteur 2.0 TDI 120 de cette Skoda Superb 2016 est trop bruyant.<br \/>\nLa nouvelle Skoda Superb 2016 ne sera lanc\u00e9 en France que le 4 juillet pour le tour de France cycliste dont elle sera la voiture officielle. Si Skoda est une marque de Prestige en Tchequie ce n'est pas le cas en France. Les amateurs de bonnes affaires y trouveront leur compte, ceux attach\u00e9s \u00e0 l'image de marque se dirigeront sur un autre mod\u00e8le.<\/p>\n","protected":false},"excerpt":{"rendered":"<p>La nouvelle Skoda Superb 2016 est superbe La nouvelle Skoda Superb est superbe : elle passe enfin au hayon et reste tr\u00e8s longue avec 4.86 m. Sa fa\u00e7ade avant ressemble \u00e0 une Seat avec l&rsquo;int\u00e9rieur et la partie arri\u00e8re d&rsquo;une Audi A4. Trop classique, pas de faute, ni dans les mat\u00e9riaux ni dans les assemblages. &#8230; <a title=\"La Skoda Superb 2016 est &#8230;&#8230;superbe\" class=\"read-more\" href=\"https:\/\/www.carideal.com\/blog\/2015\/06\/08\/la-skoda-superbe-est-superbe\/\" aria-label=\"En savoir plus sur La Skoda Superb 2016 est &#8230;&#8230;superbe\">Lire plus<\/a><\/p>\n","protected":false},"author":3,"featured_media":0,"comment_status":"open","ping_status":"open","sticky":false,"template":"","format":"standard","meta":{"_uag_custom_page_level_css":"","_themeisle_gutenberg_block_has_review":false,"footnotes":""},"categories":[5944,5949,6012,9,10,5974],"tags":[407],"class_list":["post-5950","post","type-post","status-publish","format-standard","hentry","category-constructeur","category-skoda","category-berlines","category-divers","category-marche-automobile-voiture-neuve-occasion-4x4-suv","category-type-de-vehicule","tag-tdi"],"wppr_data":[],"yoast_head":"<!-- This site is optimized with the Yoast SEO plugin v24.8.1 - https:\/\/yoast.com\/wordpress\/plugins\/seo\/ -->\n<title>La Skoda Superb 2016 est ......superbe - Blog auto Carid\u00e9al<\/title>\n<meta name=\"description\" content=\"La nouvelle Skoda Superb 2016 est superbe. Elle reprend des pices esth\u00e9tique du groupe avec l&#039;avant d&#039;une Seat et l&#039;arri\u00e8re d&#039;une Audi A4\" \/>\n<meta name=\"robots\" content=\"index, follow, max-snippet:-1, max-image-preview:large, max-video-preview:-1\" \/>\n<link rel=\"canonical\" href=\"https:\/\/www.carideal.com\/blog\/2015\/06\/08\/la-skoda-superbe-est-superbe\/\" \/>\n<meta property=\"og:locale\" content=\"fr_FR\" \/>\n<meta property=\"og:type\" content=\"article\" \/>\n<meta property=\"og:title\" content=\"La Skoda Superb 2016 est ......superbe - Blog auto Carid\u00e9al\" \/>\n<meta property=\"og:description\" content=\"La nouvelle Skoda Superb 2016 est superbe. Elle reprend des pices esth\u00e9tique du groupe avec l&#039;avant d&#039;une Seat et l&#039;arri\u00e8re d&#039;une Audi A4\" \/>\n<meta property=\"og:url\" content=\"https:\/\/www.carideal.com\/blog\/2015\/06\/08\/la-skoda-superbe-est-superbe\/\" \/>\n<meta property=\"og:site_name\" content=\"Blog auto Carid\u00e9al\" \/>\n<meta property=\"article:publisher\" content=\"https:\/\/www.facebook.com\/Carideal.mandataire.automobile\" \/>\n<meta property=\"article:author\" content=\"https:\/\/www.facebook.com\/nicolas.schiavon.39\" \/>\n<meta property=\"article:published_time\" content=\"2015-06-08T19:13:57+00:00\" \/>\n<meta property=\"article:modified_time\" content=\"2020-03-08T17:02:21+00:00\" \/>\n<meta property=\"og:image\" content=\"http:\/\/www.carideal.com\/blog\/wp-content\/uploads\/2015\/06\/skoda_superb-2016-carideal-blog-automobile-300x158.jpg\" \/>\n<meta name=\"author\" content=\"Nicolas SCHIAVON\" \/>\n<meta name=\"twitter:card\" content=\"summary_large_image\" \/>\n<meta name=\"twitter:creator\" content=\"@caridealauto\" \/>\n<meta name=\"twitter:site\" content=\"@caridealauto\" \/>\n<meta name=\"twitter:label1\" content=\"\u00c9crit par\" \/>\n\t<meta name=\"twitter:data1\" content=\"Nicolas SCHIAVON\" \/>\n\t<meta name=\"twitter:label2\" content=\"Dur\u00e9e de lecture estim\u00e9e\" \/>\n\t<meta name=\"twitter:data2\" content=\"1 minute\" \/>\n<script type=\"application\/ld+json\" class=\"yoast-schema-graph\">{\"@context\":\"https:\/\/schema.org\",\"@graph\":[{\"@type\":\"Article\",\"@id\":\"https:\/\/www.carideal.com\/blog\/2015\/06\/08\/la-skoda-superbe-est-superbe\/#article\",\"isPartOf\":{\"@id\":\"https:\/\/www.carideal.com\/blog\/2015\/06\/08\/la-skoda-superbe-est-superbe\/\"},\"author\":{\"name\":\"Nicolas SCHIAVON\",\"@id\":\"https:\/\/www.carideal.com\/blog\/#\/schema\/person\/cd95dc7919660de90d31b366f85be1ec\"},\"headline\":\"La Skoda Superb 2016 est &#8230;&#8230;superbe\",\"datePublished\":\"2015-06-08T19:13:57+00:00\",\"dateModified\":\"2020-03-08T17:02:21+00:00\",\"mainEntityOfPage\":{\"@id\":\"https:\/\/www.carideal.com\/blog\/2015\/06\/08\/la-skoda-superbe-est-superbe\/\"},\"wordCount\":222,\"commentCount\":0,\"publisher\":{\"@id\":\"https:\/\/www.carideal.com\/blog\/#organization\"},\"image\":{\"@id\":\"https:\/\/www.carideal.com\/blog\/2015\/06\/08\/la-skoda-superbe-est-superbe\/#primaryimage\"},\"thumbnailUrl\":\"http:\/\/www.carideal.com\/blog\/wp-content\/uploads\/2015\/06\/skoda_superb-2016-carideal-blog-automobile-300x158.jpg\",\"keywords\":[\"TDI\"],\"articleSection\":[\"Actualit\u00e9 Constructeur automobile\",\"Actualit\u00e9 Skoda\",\"Berlines\",\"Divers\",\"March\u00e9 automobile\",\"Type de v\u00e9hicule\"],\"inLanguage\":\"fr-FR\",\"potentialAction\":[{\"@type\":\"CommentAction\",\"name\":\"Comment\",\"target\":[\"https:\/\/www.carideal.com\/blog\/2015\/06\/08\/la-skoda-superbe-est-superbe\/#respond\"]}]},{\"@type\":\"WebPage\",\"@id\":\"https:\/\/www.carideal.com\/blog\/2015\/06\/08\/la-skoda-superbe-est-superbe\/\",\"url\":\"https:\/\/www.carideal.com\/blog\/2015\/06\/08\/la-skoda-superbe-est-superbe\/\",\"name\":\"La Skoda Superb 2016 est ......superbe - Blog auto Carid\u00e9al\",\"isPartOf\":{\"@id\":\"https:\/\/www.carideal.com\/blog\/#website\"},\"primaryImageOfPage\":{\"@id\":\"https:\/\/www.carideal.com\/blog\/2015\/06\/08\/la-skoda-superbe-est-superbe\/#primaryimage\"},\"image\":{\"@id\":\"https:\/\/www.carideal.com\/blog\/2015\/06\/08\/la-skoda-superbe-est-superbe\/#primaryimage\"},\"thumbnailUrl\":\"http:\/\/www.carideal.com\/blog\/wp-content\/uploads\/2015\/06\/skoda_superb-2016-carideal-blog-automobile-300x158.jpg\",\"datePublished\":\"2015-06-08T19:13:57+00:00\",\"dateModified\":\"2020-03-08T17:02:21+00:00\",\"description\":\"La nouvelle Skoda Superb 2016 est superbe. Elle reprend des pices esth\u00e9tique du groupe avec l'avant d'une Seat et l'arri\u00e8re d'une Audi A4\",\"breadcrumb\":{\"@id\":\"https:\/\/www.carideal.com\/blog\/2015\/06\/08\/la-skoda-superbe-est-superbe\/#breadcrumb\"},\"inLanguage\":\"fr-FR\",\"potentialAction\":[{\"@type\":\"ReadAction\",\"target\":[\"https:\/\/www.carideal.com\/blog\/2015\/06\/08\/la-skoda-superbe-est-superbe\/\"]}]},{\"@type\":\"ImageObject\",\"inLanguage\":\"fr-FR\",\"@id\":\"https:\/\/www.carideal.com\/blog\/2015\/06\/08\/la-skoda-superbe-est-superbe\/#primaryimage\",\"url\":\"http:\/\/www.carideal.com\/blog\/wp-content\/uploads\/2015\/06\/skoda_superb-2016-carideal-blog-automobile-300x158.jpg\",\"contentUrl\":\"http:\/\/www.carideal.com\/blog\/wp-content\/uploads\/2015\/06\/skoda_superb-2016-carideal-blog-automobile-300x158.jpg\"},{\"@type\":\"BreadcrumbList\",\"@id\":\"https:\/\/www.carideal.com\/blog\/2015\/06\/08\/la-skoda-superbe-est-superbe\/#breadcrumb\",\"itemListElement\":[{\"@type\":\"ListItem\",\"position\":1,\"name\":\"Blog Carid\u00e9al\",\"item\":\"https:\/\/www.carideal.com\/blog\/\"},{\"@type\":\"ListItem\",\"position\":2,\"name\":\"Actualit\u00e9 constructeur automobile\",\"item\":\"https:\/\/www.carideal.com\/blog\/constructeur\/\"},{\"@type\":\"ListItem\",\"position\":3,\"name\":\"Actualit\u00e9 Skoda\",\"item\":\"https:\/\/www.carideal.com\/blog\/constructeur\/skoda\/\"},{\"@type\":\"ListItem\",\"position\":4,\"name\":\"La Skoda Superb 2016 est &#8230;&#8230;superbe\"}]},{\"@type\":\"WebSite\",\"@id\":\"https:\/\/www.carideal.com\/blog\/#website\",\"url\":\"https:\/\/www.carideal.com\/blog\/\",\"name\":\"Blog auto Carid\u00e9al\",\"description\":\"Actualit\u00e9 auto par des passionn\u00e9s\",\"publisher\":{\"@id\":\"https:\/\/www.carideal.com\/blog\/#organization\"},\"potentialAction\":[{\"@type\":\"SearchAction\",\"target\":{\"@type\":\"EntryPoint\",\"urlTemplate\":\"https:\/\/www.carideal.com\/blog\/?s={search_term_string}\"},\"query-input\":{\"@type\":\"PropertyValueSpecification\",\"valueRequired\":true,\"valueName\":\"search_term_string\"}}],\"inLanguage\":\"fr-FR\"},{\"@type\":\"Organization\",\"@id\":\"https:\/\/www.carideal.com\/blog\/#organization\",\"name\":\"Carideal\",\"url\":\"https:\/\/www.carideal.com\/blog\/\",\"logo\":{\"@type\":\"ImageObject\",\"inLanguage\":\"fr-FR\",\"@id\":\"https:\/\/www.carideal.com\/blog\/#\/schema\/logo\/image\/\",\"url\":\"http:\/\/www.carideal.com\/blog\/wp-content\/uploads\/2016\/03\/logo-carideal-mandataire-automobile.png\",\"contentUrl\":\"http:\/\/www.carideal.com\/blog\/wp-content\/uploads\/2016\/03\/logo-carideal-mandataire-automobile.png\",\"width\":300,\"height\":300,\"caption\":\"Carideal\"},\"image\":{\"@id\":\"https:\/\/www.carideal.com\/blog\/#\/schema\/logo\/image\/\"},\"sameAs\":[\"https:\/\/www.facebook.com\/Carideal.mandataire.automobile\",\"https:\/\/x.com\/caridealauto\",\"https:\/\/www.instagram.com\/carideal1\/\",\"https:\/\/www.linkedin.com\/company\/carideal.com\",\"https:\/\/fr.pinterest.com\/schiavonsas\/\",\"https:\/\/www.youtube.com\/user\/caridealsas\"]},{\"@type\":\"Person\",\"@id\":\"https:\/\/www.carideal.com\/blog\/#\/schema\/person\/cd95dc7919660de90d31b366f85be1ec\",\"name\":\"Nicolas SCHIAVON\",\"image\":{\"@type\":\"ImageObject\",\"inLanguage\":\"fr-FR\",\"@id\":\"https:\/\/www.carideal.com\/blog\/#\/schema\/person\/image\/\",\"url\":\"https:\/\/secure.gravatar.com\/avatar\/c17e55009e671d92cc7f5dc837dc418a?s=96&r=g\",\"contentUrl\":\"https:\/\/secure.gravatar.com\/avatar\/c17e55009e671d92cc7f5dc837dc418a?s=96&r=g\",\"caption\":\"Nicolas SCHIAVON\"},\"description\":\"Nicolas Schiavon est tomb\u00e9 tout petit dans la marmite automobile. Ayant eu un garage de marque automobile, mandataire automobile de la premi\u00e8re heure d\u00e8s 1999. Nicolas a cr\u00e9\u00e9 ces premiers sites de vente de voiture et blog automobile d\u00e8s 1994. Carideal est n\u00e9 le 15 d\u00e9cembre 2000 de la volont\u00e9 de vendre des voitures d'occasions en ligne puis des voitures neuves. Il a pu essayer beaucoup de voitures tr\u00e8s diff\u00e9rentes et ayant eu personnellement quelques belles autos, Subaru Impreza, Mitsubishi Lancer Evo 7, Porsche 911, Ferrari Testarrossa, Audi RS3, RS4 et j'en passe...\",\"sameAs\":[\"http:\/\/www.carideal.com\",\"https:\/\/www.facebook.com\/nicolas.schiavon.39\",\"https:\/\/www.instagram.com\/carideal1\/\",\"https:\/\/www.linkedin.com\/in\/nschiavon\/\",\"https:\/\/x.com\/caridealauto\",\"https:\/\/www.youtube.com\/user\/caridealsas\/\"],\"url\":\"https:\/\/www.carideal.com\/blog\/author\/nschiavon\/\"}]}<\/script>\n<!-- \/ Yoast SEO plugin. -->","yoast_head_json":{"title":"La Skoda Superb 2016 est ......superbe - Blog auto Carid\u00e9al","description":"La nouvelle Skoda Superb 2016 est superbe. Elle reprend des pices esth\u00e9tique du groupe avec l'avant d'une Seat et l'arri\u00e8re d'une Audi A4","robots":{"index":"index","follow":"follow","max-snippet":"max-snippet:-1","max-image-preview":"max-image-preview:large","max-video-preview":"max-video-preview:-1"},"canonical":"https:\/\/www.carideal.com\/blog\/2015\/06\/08\/la-skoda-superbe-est-superbe\/","og_locale":"fr_FR","og_type":"article","og_title":"La Skoda Superb 2016 est ......superbe - Blog auto Carid\u00e9al","og_description":"La nouvelle Skoda Superb 2016 est superbe. Elle reprend des pices esth\u00e9tique du groupe avec l'avant d'une Seat et l'arri\u00e8re d'une Audi A4","og_url":"https:\/\/www.carideal.com\/blog\/2015\/06\/08\/la-skoda-superbe-est-superbe\/","og_site_name":"Blog auto Carid\u00e9al","article_publisher":"https:\/\/www.facebook.com\/Carideal.mandataire.automobile","article_author":"https:\/\/www.facebook.com\/nicolas.schiavon.39","article_published_time":"2015-06-08T19:13:57+00:00","article_modified_time":"2020-03-08T17:02:21+00:00","og_image":[{"url":"http:\/\/www.carideal.com\/blog\/wp-content\/uploads\/2015\/06\/skoda_superb-2016-carideal-blog-automobile-300x158.jpg","type":"","width":"","height":""}],"author":"Nicolas SCHIAVON","twitter_card":"summary_large_image","twitter_creator":"@caridealauto","twitter_site":"@caridealauto","twitter_misc":{"\u00c9crit par":"Nicolas SCHIAVON","Dur\u00e9e de lecture estim\u00e9e":"1 minute"},"schema":{"@context":"https:\/\/schema.org","@graph":[{"@type":"Article","@id":"https:\/\/www.carideal.com\/blog\/2015\/06\/08\/la-skoda-superbe-est-superbe\/#article","isPartOf":{"@id":"https:\/\/www.carideal.com\/blog\/2015\/06\/08\/la-skoda-superbe-est-superbe\/"},"author":{"name":"Nicolas SCHIAVON","@id":"https:\/\/www.carideal.com\/blog\/#\/schema\/person\/cd95dc7919660de90d31b366f85be1ec"},"headline":"La Skoda Superb 2016 est &#8230;&#8230;superbe","datePublished":"2015-06-08T19:13:57+00:00","dateModified":"2020-03-08T17:02:21+00:00","mainEntityOfPage":{"@id":"https:\/\/www.carideal.com\/blog\/2015\/06\/08\/la-skoda-superbe-est-superbe\/"},"wordCount":222,"commentCount":0,"publisher":{"@id":"https:\/\/www.carideal.com\/blog\/#organization"},"image":{"@id":"https:\/\/www.carideal.com\/blog\/2015\/06\/08\/la-skoda-superbe-est-superbe\/#primaryimage"},"thumbnailUrl":"http:\/\/www.carideal.com\/blog\/wp-content\/uploads\/2015\/06\/skoda_superb-2016-carideal-blog-automobile-300x158.jpg","keywords":["TDI"],"articleSection":["Actualit\u00e9 Constructeur automobile","Actualit\u00e9 Skoda","Berlines","Divers","March\u00e9 automobile","Type de v\u00e9hicule"],"inLanguage":"fr-FR","potentialAction":[{"@type":"CommentAction","name":"Comment","target":["https:\/\/www.carideal.com\/blog\/2015\/06\/08\/la-skoda-superbe-est-superbe\/#respond"]}]},{"@type":"WebPage","@id":"https:\/\/www.carideal.com\/blog\/2015\/06\/08\/la-skoda-superbe-est-superbe\/","url":"https:\/\/www.carideal.com\/blog\/2015\/06\/08\/la-skoda-superbe-est-superbe\/","name":"La Skoda Superb 2016 est ......superbe - Blog auto Carid\u00e9al","isPartOf":{"@id":"https:\/\/www.carideal.com\/blog\/#website"},"primaryImageOfPage":{"@id":"https:\/\/www.carideal.com\/blog\/2015\/06\/08\/la-skoda-superbe-est-superbe\/#primaryimage"},"image":{"@id":"https:\/\/www.carideal.com\/blog\/2015\/06\/08\/la-skoda-superbe-est-superbe\/#primaryimage"},"thumbnailUrl":"http:\/\/www.carideal.com\/blog\/wp-content\/uploads\/2015\/06\/skoda_superb-2016-carideal-blog-automobile-300x158.jpg","datePublished":"2015-06-08T19:13:57+00:00","dateModified":"2020-03-08T17:02:21+00:00","description":"La nouvelle Skoda Superb 2016 est superbe. Elle reprend des pices esth\u00e9tique du groupe avec l'avant d'une Seat et l'arri\u00e8re d'une Audi A4","breadcrumb":{"@id":"https:\/\/www.carideal.com\/blog\/2015\/06\/08\/la-skoda-superbe-est-superbe\/#breadcrumb"},"inLanguage":"fr-FR","potentialAction":[{"@type":"ReadAction","target":["https:\/\/www.carideal.com\/blog\/2015\/06\/08\/la-skoda-superbe-est-superbe\/"]}]},{"@type":"ImageObject","inLanguage":"fr-FR","@id":"https:\/\/www.carideal.com\/blog\/2015\/06\/08\/la-skoda-superbe-est-superbe\/#primaryimage","url":"http:\/\/www.carideal.com\/blog\/wp-content\/uploads\/2015\/06\/skoda_superb-2016-carideal-blog-automobile-300x158.jpg","contentUrl":"http:\/\/www.carideal.com\/blog\/wp-content\/uploads\/2015\/06\/skoda_superb-2016-carideal-blog-automobile-300x158.jpg"},{"@type":"BreadcrumbList","@id":"https:\/\/www.carideal.com\/blog\/2015\/06\/08\/la-skoda-superbe-est-superbe\/#breadcrumb","itemListElement":[{"@type":"ListItem","position":1,"name":"Blog Carid\u00e9al","item":"https:\/\/www.carideal.com\/blog\/"},{"@type":"ListItem","position":2,"name":"Actualit\u00e9 constructeur automobile","item":"https:\/\/www.carideal.com\/blog\/constructeur\/"},{"@type":"ListItem","position":3,"name":"Actualit\u00e9 Skoda","item":"https:\/\/www.carideal.com\/blog\/constructeur\/skoda\/"},{"@type":"ListItem","position":4,"name":"La Skoda Superb 2016 est &#8230;&#8230;superbe"}]},{"@type":"WebSite","@id":"https:\/\/www.carideal.com\/blog\/#website","url":"https:\/\/www.carideal.com\/blog\/","name":"Blog auto Carid\u00e9al","description":"Actualit\u00e9 auto par des passionn\u00e9s","publisher":{"@id":"https:\/\/www.carideal.com\/blog\/#organization"},"potentialAction":[{"@type":"SearchAction","target":{"@type":"EntryPoint","urlTemplate":"https:\/\/www.carideal.com\/blog\/?s={search_term_string}"},"query-input":{"@type":"PropertyValueSpecification","valueRequired":true,"valueName":"search_term_string"}}],"inLanguage":"fr-FR"},{"@type":"Organization","@id":"https:\/\/www.carideal.com\/blog\/#organization","name":"Carideal","url":"https:\/\/www.carideal.com\/blog\/","logo":{"@type":"ImageObject","inLanguage":"fr-FR","@id":"https:\/\/www.carideal.com\/blog\/#\/schema\/logo\/image\/","url":"http:\/\/www.carideal.com\/blog\/wp-content\/uploads\/2016\/03\/logo-carideal-mandataire-automobile.png","contentUrl":"http:\/\/www.carideal.com\/blog\/wp-content\/uploads\/2016\/03\/logo-carideal-mandataire-automobile.png","width":300,"height":300,"caption":"Carideal"},"image":{"@id":"https:\/\/www.carideal.com\/blog\/#\/schema\/logo\/image\/"},"sameAs":["https:\/\/www.facebook.com\/Carideal.mandataire.automobile","https:\/\/x.com\/caridealauto","https:\/\/www.instagram.com\/carideal1\/","https:\/\/www.linkedin.com\/company\/carideal.com","https:\/\/fr.pinterest.com\/schiavonsas\/","https:\/\/www.youtube.com\/user\/caridealsas"]},{"@type":"Person","@id":"https:\/\/www.carideal.com\/blog\/#\/schema\/person\/cd95dc7919660de90d31b366f85be1ec","name":"Nicolas SCHIAVON","image":{"@type":"ImageObject","inLanguage":"fr-FR","@id":"https:\/\/www.carideal.com\/blog\/#\/schema\/person\/image\/","url":"https:\/\/secure.gravatar.com\/avatar\/c17e55009e671d92cc7f5dc837dc418a?s=96&r=g","contentUrl":"https:\/\/secure.gravatar.com\/avatar\/c17e55009e671d92cc7f5dc837dc418a?s=96&r=g","caption":"Nicolas SCHIAVON"},"description":"Nicolas Schiavon est tomb\u00e9 tout petit dans la marmite automobile. Ayant eu un garage de marque automobile, mandataire automobile de la premi\u00e8re heure d\u00e8s 1999. Nicolas a cr\u00e9\u00e9 ces premiers sites de vente de voiture et blog automobile d\u00e8s 1994. Carideal est n\u00e9 le 15 d\u00e9cembre 2000 de la volont\u00e9 de vendre des voitures d'occasions en ligne puis des voitures neuves. Il a pu essayer beaucoup de voitures tr\u00e8s diff\u00e9rentes et ayant eu personnellement quelques belles autos, Subaru Impreza, Mitsubishi Lancer Evo 7, Porsche 911, Ferrari Testarrossa, Audi RS3, RS4 et j'en passe...","sameAs":["http:\/\/www.carideal.com","https:\/\/www.facebook.com\/nicolas.schiavon.39","https:\/\/www.instagram.com\/carideal1\/","https:\/\/www.linkedin.com\/in\/nschiavon\/","https:\/\/x.com\/caridealauto","https:\/\/www.youtube.com\/user\/caridealsas\/"],"url":"https:\/\/www.carideal.com\/blog\/author\/nschiavon\/"}]}},"uagb_featured_image_src":{"full":false,"thumbnail":false,"medium":false,"medium_large":false,"large":false,"1536x1536":false,"2048x2048":false,"wppr-widget":false},"uagb_author_info":{"display_name":"Nicolas SCHIAVON","author_link":"https:\/\/www.carideal.com\/blog\/author\/nschiavon\/"},"uagb_comment_info":0,"uagb_excerpt":"La nouvelle Skoda Superb 2016 est superbe La nouvelle Skoda Superb est superbe : elle passe enfin au hayon et reste tr\u00e8s longue avec 4.86 m. Sa fa\u00e7ade avant ressemble \u00e0 une Seat avec l'int\u00e9rieur et la partie arri\u00e8re d'une Audi A4. Trop classique, pas de faute, ni dans les mat\u00e9riaux ni dans les assemblages.\u2026","_links":{"self":[{"href":"https:\/\/www.carideal.com\/blog\/wp-json\/wp\/v2\/posts\/5950"}],"collection":[{"href":"https:\/\/www.carideal.com\/blog\/wp-json\/wp\/v2\/posts"}],"about":[{"href":"https:\/\/www.carideal.com\/blog\/wp-json\/wp\/v2\/types\/post"}],"author":[{"embeddable":true,"href":"https:\/\/www.carideal.com\/blog\/wp-json\/wp\/v2\/users\/3"}],"replies":[{"embeddable":true,"href":"https:\/\/www.carideal.com\/blog\/wp-json\/wp\/v2\/comments?post=5950"}],"version-history":[{"count":0,"href":"https:\/\/www.carideal.com\/blog\/wp-json\/wp\/v2\/posts\/5950\/revisions"}],"wp:attachment":[{"href":"https:\/\/www.carideal.com\/blog\/wp-json\/wp\/v2\/media?parent=5950"}],"wp:term":[{"taxonomy":"category","embeddable":true,"href":"https:\/\/www.carideal.com\/blog\/wp-json\/wp\/v2\/categories?post=5950"},{"taxonomy":"post_tag","embeddable":true,"href":"https:\/\/www.carideal.com\/blog\/wp-json\/wp\/v2\/tags?post=5950"}],"curies":[{"name":"wp","href":"https:\/\/api.w.org\/{rel}","templated":true}]}}