{"id":5941,"date":"2015-06-07T16:12:09","date_gmt":"2015-06-07T14:12:09","guid":{"rendered":"http:\/\/www.carideal.com\/blog\/?p=5941"},"modified":"2020-03-08T18:02:20","modified_gmt":"2020-03-08T17:02:20","slug":"nouveau-ford-galaxy","status":"publish","type":"post","link":"https:\/\/www.carideal.com\/blog\/2015\/06\/07\/nouveau-ford-galaxy\/","title":{"rendered":"Nouveau Ford Galaxy 2015"},"content":{"rendered":"<figure id=\"attachment_5942\" aria-describedby=\"caption-attachment-5942\" style=\"width: 290px\" class=\"wp-caption alignnone\"><a href=\"http:\/\/www.carideal.com\/blog\/wp-content\/uploads\/2015\/06\/ford_galaxy_2015_blog-carideal-automobile.jpg\"><img loading=\"lazy\" decoding=\"async\" class=\"size-medium wp-image-5942\" src=\"http:\/\/www.carideal.com\/blog\/wp-content\/uploads\/2015\/06\/ford_galaxy_2015_blog-carideal-automobile-300x186.jpg\" alt=\"Nouveau Ford Galaxy 2015\" width=\"300\" height=\"186\" srcset=\"https:\/\/www.carideal.com\/blog\/wp-content\/uploads\/2015\/06\/ford_galaxy_2015_blog-carideal-automobile-300x186.jpg 300w, https:\/\/www.carideal.com\/blog\/wp-content\/uploads\/2015\/06\/ford_galaxy_2015_blog-carideal-automobile.jpg 600w\" sizes=\"(max-width: 300px) 100vw, 300px\" \/><\/a><figcaption id=\"caption-attachment-5942\" class=\"wp-caption-text\">Nouveau Ford Galaxy 2015<\/figcaption><\/figure>\n<h1>Lancement du nouveau FORD GALAXY en Octobre 2015<\/h1>\n<p>On sait seulement que la gamme du nouveau <span style=\"text-decoration: underline;\">Ford<\/span> Galaxy d\u00e9butera \u00e0 partir de 37 100\u20ac, soit 3 500 \u20ac de plus que le S-Max. Elle sera compos\u00e9e de six motorisations diff\u00e9rentes 1.5 Eco\u00adBoost 160 ch, 2.0 EcoBoost 240 ch, 2.0 TDCi 120 ch, 150 ch, 180 ch et 210 ch biturbo avec trois ni\u00adveaux de finition dif\u00e9rentes Ambiente, Trend et Titanium. Le petit plus : Le <span style=\"text-decoration: underline;\">Ford Galaxy<\/span> sera disponible en option avec une transmission in\u00adt\u00e9grale 4x4 i-AWD sur les moteurs 2.0 TDCi 150 ch et 2.0 TDCi 180 ch. Il est toujours difficile au Galaxy de trouver sa client\u00e8le face \u00e0 son propre concurrent le <span style=\"text-decoration: underline;\">Ford S-Max<\/span>, ce qui fait beaucoup de Monospace dans la gamme Ford.<\/p>\n","protected":false},"excerpt":{"rendered":"<p>Lancement du nouveau FORD GALAXY en Octobre 2015 On sait seulement que la gamme du nouveau Ford Galaxy d\u00e9butera \u00e0 partir de 37 100\u20ac, soit 3 500 \u20ac de plus que le S-Max. Elle sera compos\u00e9e de six motorisations diff\u00e9rentes 1.5 Eco\u00adBoost 160 ch, 2.0 EcoBoost 240 ch, 2.0 TDCi 120 ch, 150 ch, 180 &#8230; <a title=\"Nouveau Ford Galaxy 2015\" class=\"read-more\" href=\"https:\/\/www.carideal.com\/blog\/2015\/06\/07\/nouveau-ford-galaxy\/\" aria-label=\"En savoir plus sur Nouveau Ford Galaxy 2015\">Lire plus<\/a><\/p>\n","protected":false},"author":3,"featured_media":0,"comment_status":"open","ping_status":"open","sticky":false,"template":"","format":"standard","meta":{"_uag_custom_page_level_css":"","_themeisle_gutenberg_block_has_review":false,"footnotes":""},"categories":[21,5944,5968,10,6023,5974],"tags":[],"class_list":["post-5941","post","type-post","status-publish","format-standard","hentry","category-actualites-auto","category-constructeur","category-ford","category-marche-automobile-voiture-neuve-occasion-4x4-suv","category-monospace","category-type-de-vehicule"],"wppr_data":[],"yoast_head":"<!-- This site is optimized with the Yoast SEO plugin v24.8.1 - https:\/\/yoast.com\/wordpress\/plugins\/seo\/ -->\n<title>Nouveau Ford Galaxy 2015 - Blog auto Carid\u00e9al<\/title>\n<meta name=\"description\" content=\"Le lancement du nouveau Ford Galaxy aura lieu en octobre 2015, on en sait pas plus pour le moment si ce n&#039;est que le prix de d\u00e9part sera de 37100\u20ac\" \/>\n<meta name=\"robots\" content=\"index, follow, max-snippet:-1, max-image-preview:large, max-video-preview:-1\" \/>\n<link rel=\"canonical\" href=\"https:\/\/www.carideal.com\/blog\/2015\/06\/07\/nouveau-ford-galaxy\/\" \/>\n<meta property=\"og:locale\" content=\"fr_FR\" \/>\n<meta property=\"og:type\" content=\"article\" \/>\n<meta property=\"og:title\" content=\"Nouveau Ford Galaxy 2015 - Blog auto Carid\u00e9al\" \/>\n<meta property=\"og:description\" content=\"Le lancement du nouveau Ford Galaxy aura lieu en octobre 2015, on en sait pas plus pour le moment si ce n&#039;est que le prix de d\u00e9part sera de 37100\u20ac\" \/>\n<meta property=\"og:url\" content=\"https:\/\/www.carideal.com\/blog\/2015\/06\/07\/nouveau-ford-galaxy\/\" \/>\n<meta property=\"og:site_name\" content=\"Blog auto Carid\u00e9al\" \/>\n<meta property=\"article:publisher\" content=\"https:\/\/www.facebook.com\/Carideal.mandataire.automobile\" \/>\n<meta property=\"article:author\" content=\"https:\/\/www.facebook.com\/nicolas.schiavon.39\" \/>\n<meta property=\"article:published_time\" content=\"2015-06-07T14:12:09+00:00\" \/>\n<meta property=\"article:modified_time\" content=\"2020-03-08T17:02:20+00:00\" \/>\n<meta property=\"og:image\" content=\"http:\/\/www.carideal.com\/blog\/wp-content\/uploads\/2015\/06\/ford_galaxy_2015_blog-carideal-automobile-300x186.jpg\" \/>\n<meta name=\"author\" content=\"Nicolas SCHIAVON\" \/>\n<meta name=\"twitter:card\" content=\"summary_large_image\" \/>\n<meta name=\"twitter:creator\" content=\"@caridealauto\" \/>\n<meta name=\"twitter:site\" content=\"@caridealauto\" \/>\n<meta name=\"twitter:label1\" content=\"\u00c9crit par\" \/>\n\t<meta name=\"twitter:data1\" content=\"Nicolas SCHIAVON\" \/>\n\t<meta name=\"twitter:label2\" content=\"Dur\u00e9e de lecture estim\u00e9e\" \/>\n\t<meta name=\"twitter:data2\" content=\"1 minute\" \/>\n<script type=\"application\/ld+json\" class=\"yoast-schema-graph\">{\"@context\":\"https:\/\/schema.org\",\"@graph\":[{\"@type\":\"Article\",\"@id\":\"https:\/\/www.carideal.com\/blog\/2015\/06\/07\/nouveau-ford-galaxy\/#article\",\"isPartOf\":{\"@id\":\"https:\/\/www.carideal.com\/blog\/2015\/06\/07\/nouveau-ford-galaxy\/\"},\"author\":{\"name\":\"Nicolas SCHIAVON\",\"@id\":\"https:\/\/www.carideal.com\/blog\/#\/schema\/person\/cd95dc7919660de90d31b366f85be1ec\"},\"headline\":\"Nouveau Ford Galaxy 2015\",\"datePublished\":\"2015-06-07T14:12:09+00:00\",\"dateModified\":\"2020-03-08T17:02:20+00:00\",\"mainEntityOfPage\":{\"@id\":\"https:\/\/www.carideal.com\/blog\/2015\/06\/07\/nouveau-ford-galaxy\/\"},\"wordCount\":127,\"commentCount\":0,\"publisher\":{\"@id\":\"https:\/\/www.carideal.com\/blog\/#organization\"},\"image\":{\"@id\":\"https:\/\/www.carideal.com\/blog\/2015\/06\/07\/nouveau-ford-galaxy\/#primaryimage\"},\"thumbnailUrl\":\"http:\/\/www.carideal.com\/blog\/wp-content\/uploads\/2015\/06\/ford_galaxy_2015_blog-carideal-automobile-300x186.jpg\",\"articleSection\":[\"Actualit\u00e9 automobile\",\"Actualit\u00e9 Constructeur automobile\",\"Actualit\u00e9 Ford\",\"March\u00e9 automobile\",\"Monospace\",\"Type de v\u00e9hicule\"],\"inLanguage\":\"fr-FR\",\"potentialAction\":[{\"@type\":\"CommentAction\",\"name\":\"Comment\",\"target\":[\"https:\/\/www.carideal.com\/blog\/2015\/06\/07\/nouveau-ford-galaxy\/#respond\"]}]},{\"@type\":\"WebPage\",\"@id\":\"https:\/\/www.carideal.com\/blog\/2015\/06\/07\/nouveau-ford-galaxy\/\",\"url\":\"https:\/\/www.carideal.com\/blog\/2015\/06\/07\/nouveau-ford-galaxy\/\",\"name\":\"Nouveau Ford Galaxy 2015 - Blog auto Carid\u00e9al\",\"isPartOf\":{\"@id\":\"https:\/\/www.carideal.com\/blog\/#website\"},\"primaryImageOfPage\":{\"@id\":\"https:\/\/www.carideal.com\/blog\/2015\/06\/07\/nouveau-ford-galaxy\/#primaryimage\"},\"image\":{\"@id\":\"https:\/\/www.carideal.com\/blog\/2015\/06\/07\/nouveau-ford-galaxy\/#primaryimage\"},\"thumbnailUrl\":\"http:\/\/www.carideal.com\/blog\/wp-content\/uploads\/2015\/06\/ford_galaxy_2015_blog-carideal-automobile-300x186.jpg\",\"datePublished\":\"2015-06-07T14:12:09+00:00\",\"dateModified\":\"2020-03-08T17:02:20+00:00\",\"description\":\"Le lancement du nouveau Ford Galaxy aura lieu en octobre 2015, on en sait pas plus pour le moment si ce n'est que le prix de d\u00e9part sera de 37100\u20ac\",\"breadcrumb\":{\"@id\":\"https:\/\/www.carideal.com\/blog\/2015\/06\/07\/nouveau-ford-galaxy\/#breadcrumb\"},\"inLanguage\":\"fr-FR\",\"potentialAction\":[{\"@type\":\"ReadAction\",\"target\":[\"https:\/\/www.carideal.com\/blog\/2015\/06\/07\/nouveau-ford-galaxy\/\"]}]},{\"@type\":\"ImageObject\",\"inLanguage\":\"fr-FR\",\"@id\":\"https:\/\/www.carideal.com\/blog\/2015\/06\/07\/nouveau-ford-galaxy\/#primaryimage\",\"url\":\"http:\/\/www.carideal.com\/blog\/wp-content\/uploads\/2015\/06\/ford_galaxy_2015_blog-carideal-automobile-300x186.jpg\",\"contentUrl\":\"http:\/\/www.carideal.com\/blog\/wp-content\/uploads\/2015\/06\/ford_galaxy_2015_blog-carideal-automobile-300x186.jpg\"},{\"@type\":\"BreadcrumbList\",\"@id\":\"https:\/\/www.carideal.com\/blog\/2015\/06\/07\/nouveau-ford-galaxy\/#breadcrumb\",\"itemListElement\":[{\"@type\":\"ListItem\",\"position\":1,\"name\":\"Blog Carid\u00e9al\",\"item\":\"https:\/\/www.carideal.com\/blog\/\"},{\"@type\":\"ListItem\",\"position\":2,\"name\":\"Actualit\u00e9 constructeur automobile\",\"item\":\"https:\/\/www.carideal.com\/blog\/constructeur\/\"},{\"@type\":\"ListItem\",\"position\":3,\"name\":\"Actualit\u00e9 Ford\",\"item\":\"https:\/\/www.carideal.com\/blog\/constructeur\/ford\/\"},{\"@type\":\"ListItem\",\"position\":4,\"name\":\"Nouveau Ford Galaxy 2015\"}]},{\"@type\":\"WebSite\",\"@id\":\"https:\/\/www.carideal.com\/blog\/#website\",\"url\":\"https:\/\/www.carideal.com\/blog\/\",\"name\":\"Blog auto Carid\u00e9al\",\"description\":\"Actualit\u00e9 auto par des passionn\u00e9s\",\"publisher\":{\"@id\":\"https:\/\/www.carideal.com\/blog\/#organization\"},\"potentialAction\":[{\"@type\":\"SearchAction\",\"target\":{\"@type\":\"EntryPoint\",\"urlTemplate\":\"https:\/\/www.carideal.com\/blog\/?s={search_term_string}\"},\"query-input\":{\"@type\":\"PropertyValueSpecification\",\"valueRequired\":true,\"valueName\":\"search_term_string\"}}],\"inLanguage\":\"fr-FR\"},{\"@type\":\"Organization\",\"@id\":\"https:\/\/www.carideal.com\/blog\/#organization\",\"name\":\"Carideal\",\"url\":\"https:\/\/www.carideal.com\/blog\/\",\"logo\":{\"@type\":\"ImageObject\",\"inLanguage\":\"fr-FR\",\"@id\":\"https:\/\/www.carideal.com\/blog\/#\/schema\/logo\/image\/\",\"url\":\"http:\/\/www.carideal.com\/blog\/wp-content\/uploads\/2016\/03\/logo-carideal-mandataire-automobile.png\",\"contentUrl\":\"http:\/\/www.carideal.com\/blog\/wp-content\/uploads\/2016\/03\/logo-carideal-mandataire-automobile.png\",\"width\":300,\"height\":300,\"caption\":\"Carideal\"},\"image\":{\"@id\":\"https:\/\/www.carideal.com\/blog\/#\/schema\/logo\/image\/\"},\"sameAs\":[\"https:\/\/www.facebook.com\/Carideal.mandataire.automobile\",\"https:\/\/x.com\/caridealauto\",\"https:\/\/www.instagram.com\/carideal1\/\",\"https:\/\/www.linkedin.com\/company\/carideal.com\",\"https:\/\/fr.pinterest.com\/schiavonsas\/\",\"https:\/\/www.youtube.com\/user\/caridealsas\"]},{\"@type\":\"Person\",\"@id\":\"https:\/\/www.carideal.com\/blog\/#\/schema\/person\/cd95dc7919660de90d31b366f85be1ec\",\"name\":\"Nicolas SCHIAVON\",\"image\":{\"@type\":\"ImageObject\",\"inLanguage\":\"fr-FR\",\"@id\":\"https:\/\/www.carideal.com\/blog\/#\/schema\/person\/image\/\",\"url\":\"https:\/\/secure.gravatar.com\/avatar\/c17e55009e671d92cc7f5dc837dc418a?s=96&r=g\",\"contentUrl\":\"https:\/\/secure.gravatar.com\/avatar\/c17e55009e671d92cc7f5dc837dc418a?s=96&r=g\",\"caption\":\"Nicolas SCHIAVON\"},\"description\":\"Nicolas Schiavon est tomb\u00e9 tout petit dans la marmite automobile. Ayant eu un garage de marque automobile, mandataire automobile de la premi\u00e8re heure d\u00e8s 1999. Nicolas a cr\u00e9\u00e9 ces premiers sites de vente de voiture et blog automobile d\u00e8s 1994. Carideal est n\u00e9 le 15 d\u00e9cembre 2000 de la volont\u00e9 de vendre des voitures d'occasions en ligne puis des voitures neuves. Il a pu essayer beaucoup de voitures tr\u00e8s diff\u00e9rentes et ayant eu personnellement quelques belles autos, Subaru Impreza, Mitsubishi Lancer Evo 7, Porsche 911, Ferrari Testarrossa, Audi RS3, RS4 et j'en passe...\",\"sameAs\":[\"http:\/\/www.carideal.com\",\"https:\/\/www.facebook.com\/nicolas.schiavon.39\",\"https:\/\/www.instagram.com\/carideal1\/\",\"https:\/\/www.linkedin.com\/in\/nschiavon\/\",\"https:\/\/x.com\/caridealauto\",\"https:\/\/www.youtube.com\/user\/caridealsas\/\"],\"url\":\"https:\/\/www.carideal.com\/blog\/author\/nschiavon\/\"}]}<\/script>\n<!-- \/ Yoast SEO plugin. -->","yoast_head_json":{"title":"Nouveau Ford Galaxy 2015 - Blog auto Carid\u00e9al","description":"Le lancement du nouveau Ford Galaxy aura lieu en octobre 2015, on en sait pas plus pour le moment si ce n'est que le prix de d\u00e9part sera de 37100\u20ac","robots":{"index":"index","follow":"follow","max-snippet":"max-snippet:-1","max-image-preview":"max-image-preview:large","max-video-preview":"max-video-preview:-1"},"canonical":"https:\/\/www.carideal.com\/blog\/2015\/06\/07\/nouveau-ford-galaxy\/","og_locale":"fr_FR","og_type":"article","og_title":"Nouveau Ford Galaxy 2015 - Blog auto Carid\u00e9al","og_description":"Le lancement du nouveau Ford Galaxy aura lieu en octobre 2015, on en sait pas plus pour le moment si ce n'est que le prix de d\u00e9part sera de 37100\u20ac","og_url":"https:\/\/www.carideal.com\/blog\/2015\/06\/07\/nouveau-ford-galaxy\/","og_site_name":"Blog auto Carid\u00e9al","article_publisher":"https:\/\/www.facebook.com\/Carideal.mandataire.automobile","article_author":"https:\/\/www.facebook.com\/nicolas.schiavon.39","article_published_time":"2015-06-07T14:12:09+00:00","article_modified_time":"2020-03-08T17:02:20+00:00","og_image":[{"url":"http:\/\/www.carideal.com\/blog\/wp-content\/uploads\/2015\/06\/ford_galaxy_2015_blog-carideal-automobile-300x186.jpg","type":"","width":"","height":""}],"author":"Nicolas SCHIAVON","twitter_card":"summary_large_image","twitter_creator":"@caridealauto","twitter_site":"@caridealauto","twitter_misc":{"\u00c9crit par":"Nicolas SCHIAVON","Dur\u00e9e de lecture estim\u00e9e":"1 minute"},"schema":{"@context":"https:\/\/schema.org","@graph":[{"@type":"Article","@id":"https:\/\/www.carideal.com\/blog\/2015\/06\/07\/nouveau-ford-galaxy\/#article","isPartOf":{"@id":"https:\/\/www.carideal.com\/blog\/2015\/06\/07\/nouveau-ford-galaxy\/"},"author":{"name":"Nicolas SCHIAVON","@id":"https:\/\/www.carideal.com\/blog\/#\/schema\/person\/cd95dc7919660de90d31b366f85be1ec"},"headline":"Nouveau Ford Galaxy 2015","datePublished":"2015-06-07T14:12:09+00:00","dateModified":"2020-03-08T17:02:20+00:00","mainEntityOfPage":{"@id":"https:\/\/www.carideal.com\/blog\/2015\/06\/07\/nouveau-ford-galaxy\/"},"wordCount":127,"commentCount":0,"publisher":{"@id":"https:\/\/www.carideal.com\/blog\/#organization"},"image":{"@id":"https:\/\/www.carideal.com\/blog\/2015\/06\/07\/nouveau-ford-galaxy\/#primaryimage"},"thumbnailUrl":"http:\/\/www.carideal.com\/blog\/wp-content\/uploads\/2015\/06\/ford_galaxy_2015_blog-carideal-automobile-300x186.jpg","articleSection":["Actualit\u00e9 automobile","Actualit\u00e9 Constructeur automobile","Actualit\u00e9 Ford","March\u00e9 automobile","Monospace","Type de v\u00e9hicule"],"inLanguage":"fr-FR","potentialAction":[{"@type":"CommentAction","name":"Comment","target":["https:\/\/www.carideal.com\/blog\/2015\/06\/07\/nouveau-ford-galaxy\/#respond"]}]},{"@type":"WebPage","@id":"https:\/\/www.carideal.com\/blog\/2015\/06\/07\/nouveau-ford-galaxy\/","url":"https:\/\/www.carideal.com\/blog\/2015\/06\/07\/nouveau-ford-galaxy\/","name":"Nouveau Ford Galaxy 2015 - Blog auto Carid\u00e9al","isPartOf":{"@id":"https:\/\/www.carideal.com\/blog\/#website"},"primaryImageOfPage":{"@id":"https:\/\/www.carideal.com\/blog\/2015\/06\/07\/nouveau-ford-galaxy\/#primaryimage"},"image":{"@id":"https:\/\/www.carideal.com\/blog\/2015\/06\/07\/nouveau-ford-galaxy\/#primaryimage"},"thumbnailUrl":"http:\/\/www.carideal.com\/blog\/wp-content\/uploads\/2015\/06\/ford_galaxy_2015_blog-carideal-automobile-300x186.jpg","datePublished":"2015-06-07T14:12:09+00:00","dateModified":"2020-03-08T17:02:20+00:00","description":"Le lancement du nouveau Ford Galaxy aura lieu en octobre 2015, on en sait pas plus pour le moment si ce n'est que le prix de d\u00e9part sera de 37100\u20ac","breadcrumb":{"@id":"https:\/\/www.carideal.com\/blog\/2015\/06\/07\/nouveau-ford-galaxy\/#breadcrumb"},"inLanguage":"fr-FR","potentialAction":[{"@type":"ReadAction","target":["https:\/\/www.carideal.com\/blog\/2015\/06\/07\/nouveau-ford-galaxy\/"]}]},{"@type":"ImageObject","inLanguage":"fr-FR","@id":"https:\/\/www.carideal.com\/blog\/2015\/06\/07\/nouveau-ford-galaxy\/#primaryimage","url":"http:\/\/www.carideal.com\/blog\/wp-content\/uploads\/2015\/06\/ford_galaxy_2015_blog-carideal-automobile-300x186.jpg","contentUrl":"http:\/\/www.carideal.com\/blog\/wp-content\/uploads\/2015\/06\/ford_galaxy_2015_blog-carideal-automobile-300x186.jpg"},{"@type":"BreadcrumbList","@id":"https:\/\/www.carideal.com\/blog\/2015\/06\/07\/nouveau-ford-galaxy\/#breadcrumb","itemListElement":[{"@type":"ListItem","position":1,"name":"Blog Carid\u00e9al","item":"https:\/\/www.carideal.com\/blog\/"},{"@type":"ListItem","position":2,"name":"Actualit\u00e9 constructeur automobile","item":"https:\/\/www.carideal.com\/blog\/constructeur\/"},{"@type":"ListItem","position":3,"name":"Actualit\u00e9 Ford","item":"https:\/\/www.carideal.com\/blog\/constructeur\/ford\/"},{"@type":"ListItem","position":4,"name":"Nouveau Ford Galaxy 2015"}]},{"@type":"WebSite","@id":"https:\/\/www.carideal.com\/blog\/#website","url":"https:\/\/www.carideal.com\/blog\/","name":"Blog auto Carid\u00e9al","description":"Actualit\u00e9 auto par des passionn\u00e9s","publisher":{"@id":"https:\/\/www.carideal.com\/blog\/#organization"},"potentialAction":[{"@type":"SearchAction","target":{"@type":"EntryPoint","urlTemplate":"https:\/\/www.carideal.com\/blog\/?s={search_term_string}"},"query-input":{"@type":"PropertyValueSpecification","valueRequired":true,"valueName":"search_term_string"}}],"inLanguage":"fr-FR"},{"@type":"Organization","@id":"https:\/\/www.carideal.com\/blog\/#organization","name":"Carideal","url":"https:\/\/www.carideal.com\/blog\/","logo":{"@type":"ImageObject","inLanguage":"fr-FR","@id":"https:\/\/www.carideal.com\/blog\/#\/schema\/logo\/image\/","url":"http:\/\/www.carideal.com\/blog\/wp-content\/uploads\/2016\/03\/logo-carideal-mandataire-automobile.png","contentUrl":"http:\/\/www.carideal.com\/blog\/wp-content\/uploads\/2016\/03\/logo-carideal-mandataire-automobile.png","width":300,"height":300,"caption":"Carideal"},"image":{"@id":"https:\/\/www.carideal.com\/blog\/#\/schema\/logo\/image\/"},"sameAs":["https:\/\/www.facebook.com\/Carideal.mandataire.automobile","https:\/\/x.com\/caridealauto","https:\/\/www.instagram.com\/carideal1\/","https:\/\/www.linkedin.com\/company\/carideal.com","https:\/\/fr.pinterest.com\/schiavonsas\/","https:\/\/www.youtube.com\/user\/caridealsas"]},{"@type":"Person","@id":"https:\/\/www.carideal.com\/blog\/#\/schema\/person\/cd95dc7919660de90d31b366f85be1ec","name":"Nicolas SCHIAVON","image":{"@type":"ImageObject","inLanguage":"fr-FR","@id":"https:\/\/www.carideal.com\/blog\/#\/schema\/person\/image\/","url":"https:\/\/secure.gravatar.com\/avatar\/c17e55009e671d92cc7f5dc837dc418a?s=96&r=g","contentUrl":"https:\/\/secure.gravatar.com\/avatar\/c17e55009e671d92cc7f5dc837dc418a?s=96&r=g","caption":"Nicolas SCHIAVON"},"description":"Nicolas Schiavon est tomb\u00e9 tout petit dans la marmite automobile. Ayant eu un garage de marque automobile, mandataire automobile de la premi\u00e8re heure d\u00e8s 1999. Nicolas a cr\u00e9\u00e9 ces premiers sites de vente de voiture et blog automobile d\u00e8s 1994. Carideal est n\u00e9 le 15 d\u00e9cembre 2000 de la volont\u00e9 de vendre des voitures d'occasions en ligne puis des voitures neuves. Il a pu essayer beaucoup de voitures tr\u00e8s diff\u00e9rentes et ayant eu personnellement quelques belles autos, Subaru Impreza, Mitsubishi Lancer Evo 7, Porsche 911, Ferrari Testarrossa, Audi RS3, RS4 et j'en passe...","sameAs":["http:\/\/www.carideal.com","https:\/\/www.facebook.com\/nicolas.schiavon.39","https:\/\/www.instagram.com\/carideal1\/","https:\/\/www.linkedin.com\/in\/nschiavon\/","https:\/\/x.com\/caridealauto","https:\/\/www.youtube.com\/user\/caridealsas\/"],"url":"https:\/\/www.carideal.com\/blog\/author\/nschiavon\/"}]}},"uagb_featured_image_src":{"full":false,"thumbnail":false,"medium":false,"medium_large":false,"large":false,"1536x1536":false,"2048x2048":false,"wppr-widget":false},"uagb_author_info":{"display_name":"Nicolas SCHIAVON","author_link":"https:\/\/www.carideal.com\/blog\/author\/nschiavon\/"},"uagb_comment_info":0,"uagb_excerpt":"Lancement du nouveau FORD GALAXY en Octobre 2015 On sait seulement que la gamme du nouveau Ford Galaxy d\u00e9butera \u00e0 partir de 37 100\u20ac, soit 3 500 \u20ac de plus que le S-Max. Elle sera compos\u00e9e de six motorisations diff\u00e9rentes 1.5 Eco\u00adBoost 160 ch, 2.0 EcoBoost 240 ch, 2.0 TDCi 120 ch, 150 ch, 180\u2026","_links":{"self":[{"href":"https:\/\/www.carideal.com\/blog\/wp-json\/wp\/v2\/posts\/5941"}],"collection":[{"href":"https:\/\/www.carideal.com\/blog\/wp-json\/wp\/v2\/posts"}],"about":[{"href":"https:\/\/www.carideal.com\/blog\/wp-json\/wp\/v2\/types\/post"}],"author":[{"embeddable":true,"href":"https:\/\/www.carideal.com\/blog\/wp-json\/wp\/v2\/users\/3"}],"replies":[{"embeddable":true,"href":"https:\/\/www.carideal.com\/blog\/wp-json\/wp\/v2\/comments?post=5941"}],"version-history":[{"count":0,"href":"https:\/\/www.carideal.com\/blog\/wp-json\/wp\/v2\/posts\/5941\/revisions"}],"wp:attachment":[{"href":"https:\/\/www.carideal.com\/blog\/wp-json\/wp\/v2\/media?parent=5941"}],"wp:term":[{"taxonomy":"category","embeddable":true,"href":"https:\/\/www.carideal.com\/blog\/wp-json\/wp\/v2\/categories?post=5941"},{"taxonomy":"post_tag","embeddable":true,"href":"https:\/\/www.carideal.com\/blog\/wp-json\/wp\/v2\/tags?post=5941"}],"curies":[{"name":"wp","href":"https:\/\/api.w.org\/{rel}","templated":true}]}}