{"id":594,"date":"2013-11-09T08:59:00","date_gmt":"2013-11-09T08:59:00","guid":{"rendered":"http:\/\/carideal.com\/blog\/?p=594"},"modified":"2017-04-02T18:10:52","modified_gmt":"2017-04-02T16:10:52","slug":"une-agence-de-com-invente-la-911ds","status":"publish","type":"post","link":"https:\/\/www.carideal.com\/blog\/2013\/11\/09\/une-agence-de-com-invente-la-911ds\/","title":{"rendered":"Une Agence de Com invente la 911DS"},"content":{"rendered":"<h1>911DS BrandPower une soci\u00e9t\u00e9 de communication a cr\u00e9\u00e9 une Porsche DS<\/h1>\n<p><strong>Brandpower<\/strong>, est une soci\u00e9t\u00e9 sp\u00e9cialis\u00e9e dans la communication visuelle, Ils viennent de fusionner virtuellement deux monstres automobiles, la <strong>Citroen DS<\/strong> et la sportive allemande <strong>Porsche 911<\/strong>. Ils ont choisis pour cela la <strong>Citroen DS de 1955<\/strong> et de l'autre la premi\u00e8re g\u00e9n\u00e9ration de <strong>Porsche 911 de 1963<\/strong>.<\/p>\n<p>Le D\u00e9fi: prenez les deux plus belles voitures jamais r\u00e9alis\u00e9es, les demoiselles\u00a0les plus sexy sur roues qui ont d\u00e9j\u00e0 affol\u00e9\u00a0la plan\u00e8te, et ils les ont juxtapos\u00e9es, litt\u00e9ralement. Si cela vous semble totalement fou, c'est certainement que ce projet\u00a0l'est. Personne n'avait jamais essay\u00e9 quelque chose de si compliqu\u00e9 avant. Les d\u00e9fis techniques sont \u00e9normes m\u00eame pour une \u00e9quipe technique, la plus qualifi\u00e9e soit-elle, et personne, il faut le dire, n'a jamais os\u00e9 toucher ces ic\u00f4nes sacr\u00e9es de la production automobile. Deux ch\u00e9ries qui se classent dans le <a href=\"https:\/\/en.wikipedia.org\/wiki\/Car_of_the_Century\">Top 26<\/a>\u00a0des voitures\u00a0du si\u00e8cle, un temple\u00a0de la renomm\u00e9e o\u00f9 Ferdinand Porsche, pas moins, figure comme le premier ing\u00e9nieur en automobile du si\u00e8cle. La Citro\u00ebn DS, con\u00e7u en 1955 par le designer et sculpteur italien Flaminio Bertoni, est toujours consid\u00e9r\u00e9 aujourd'hui comme la voiture la plus avanc\u00e9e jamais produite, pour la quantit\u00e9 d'innovation qu'elle proposait\u00a0dans tous ses d\u00e9tails.<\/p>\n<figure id=\"attachment_15893\" aria-describedby=\"caption-attachment-15893\" style=\"width: 390px\" class=\"wp-caption alignnone\"><a href=\"http:\/\/www.carideal.com\/blog\/wp-content\/uploads\/2013\/11\/911DS.jpe\"><img loading=\"lazy\" decoding=\"async\" class=\"size-full wp-image-15893\" src=\"http:\/\/www.carideal.com\/blog\/wp-content\/uploads\/2013\/11\/911DS.jpe\" alt=\"911DS\" width=\"400\" height=\"266\" srcset=\"https:\/\/www.carideal.com\/blog\/wp-content\/uploads\/2013\/11\/911DS.jpe 400w, https:\/\/www.carideal.com\/blog\/wp-content\/uploads\/2013\/11\/911DS-300x200.jpe 300w, https:\/\/www.carideal.com\/blog\/wp-content\/uploads\/2013\/11\/911DS-110x73.jpe 110w, https:\/\/www.carideal.com\/blog\/wp-content\/uploads\/2013\/11\/911DS-50x33.jpe 50w\" sizes=\"(max-width: 400px) 100vw, 400px\" \/><\/a><figcaption id=\"caption-attachment-15893\" class=\"wp-caption-text\">911DS<\/figcaption><\/figure>\n<p>Les graphistes ont commenc\u00e9s leur travail par des croquis, puis des mod\u00e8les en 3D, et enfin une r\u00e9alisation sur ch\u00e2ssis aluminium, la <strong>Porsche Citroen 911DS<\/strong>. On peut visualiser la voiture, le r\u00e9sultat de la fusion de l'avant et des roues de <a href=\"http:\/\/www.carideal.com\/blog\/marque-de-voiture-actualites-essais\/porsche\/\">Porsche<\/a> 911 avec le cot\u00e9 et l'arri\u00e8re de la <a href=\"http:\/\/www.carideal.com\/blog\/marque-de-voiture-actualites-essais\/citroen\/\">Citroen<\/a> DS.<br \/>\nLe r\u00e9sultat est criant de v\u00e9rit\u00e9 .... c'est dommage mais tout ceci n'est que fiction virtuelle sortie des ordinateurs de graphistes.<\/p>\n<h2>911 DS Tout est faux !<\/h2>\n<figure id=\"attachment_15894\" aria-describedby=\"caption-attachment-15894\" style=\"width: 390px\" class=\"wp-caption alignnone\"><a href=\"http:\/\/www.carideal.com\/blog\/wp-content\/uploads\/2013\/11\/911DS-2.jpe\"><img loading=\"lazy\" decoding=\"async\" class=\"size-full wp-image-15894\" src=\"http:\/\/www.carideal.com\/blog\/wp-content\/uploads\/2013\/11\/911DS-2.jpe\" alt=\"911DS\" width=\"400\" height=\"300\" srcset=\"https:\/\/www.carideal.com\/blog\/wp-content\/uploads\/2013\/11\/911DS-2.jpe 400w, https:\/\/www.carideal.com\/blog\/wp-content\/uploads\/2013\/11\/911DS-2-300x225.jpe 300w, https:\/\/www.carideal.com\/blog\/wp-content\/uploads\/2013\/11\/911DS-2-110x83.jpe 110w, https:\/\/www.carideal.com\/blog\/wp-content\/uploads\/2013\/11\/911DS-2-50x38.jpe 50w\" sizes=\"(max-width: 400px) 100vw, 400px\" \/><\/a><figcaption id=\"caption-attachment-15894\" class=\"wp-caption-text\">911DS<\/figcaption><\/figure>\n<p>Ces images de 911DS sont l'oeuvre de logiciels graphiques, et les communicants de Brandpowder se sont m\u00eame pay\u00e9s m\u00eame une fausse couverture d'un magazine \"car mag\" pour l'occasion.<\/p>\n<figure id=\"attachment_15895\" aria-describedby=\"caption-attachment-15895\" style=\"width: 390px\" class=\"wp-caption alignnone\"><a href=\"http:\/\/www.carideal.com\/blog\/wp-content\/uploads\/2013\/11\/911DS-3.jpe\"><img loading=\"lazy\" decoding=\"async\" class=\"size-full wp-image-15895\" src=\"http:\/\/www.carideal.com\/blog\/wp-content\/uploads\/2013\/11\/911DS-3.jpe\" alt=\"911DS\" width=\"400\" height=\"300\" srcset=\"https:\/\/www.carideal.com\/blog\/wp-content\/uploads\/2013\/11\/911DS-3.jpe 400w, https:\/\/www.carideal.com\/blog\/wp-content\/uploads\/2013\/11\/911DS-3-300x225.jpe 300w, https:\/\/www.carideal.com\/blog\/wp-content\/uploads\/2013\/11\/911DS-3-110x83.jpe 110w, https:\/\/www.carideal.com\/blog\/wp-content\/uploads\/2013\/11\/911DS-3-50x38.jpe 50w\" sizes=\"(max-width: 400px) 100vw, 400px\" \/><\/a><figcaption id=\"caption-attachment-15895\" class=\"wp-caption-text\">911DS<\/figcaption><\/figure>\n<p>Ils sont m\u00eame all\u00e9s beaucoup plus loin pour d\u00e9montrer leur savoir faire en cr\u00e9ant une fausse actualit\u00e9, des fausses citations de la chanceli\u00e8re allemande Angela Merkel qui aurait r\u00e9pondu \"Je ne suis pas trop course\" quand on lui aurait demand\u00e9 d'essayer la <strong>911DS<\/strong>, ou m\u00eame fausse info : Fran\u00e7ois Hollande, qui se serait fait conduire par son chauffeur sur le circuit de Hockenheim avec un bouteille de champagne Keller Riesling 2005. C'est rudement bien fait.<\/p>\n<figure id=\"attachment_15896\" aria-describedby=\"caption-attachment-15896\" style=\"width: 390px\" class=\"wp-caption alignnone\"><a href=\"http:\/\/www.carideal.com\/blog\/wp-content\/uploads\/2013\/11\/911DS-4.jpe\"><img loading=\"lazy\" decoding=\"async\" class=\"size-full wp-image-15896\" src=\"http:\/\/www.carideal.com\/blog\/wp-content\/uploads\/2013\/11\/911DS-4.jpe\" alt=\"911DS\" width=\"400\" height=\"255\" srcset=\"https:\/\/www.carideal.com\/blog\/wp-content\/uploads\/2013\/11\/911DS-4.jpe 400w, https:\/\/www.carideal.com\/blog\/wp-content\/uploads\/2013\/11\/911DS-4-300x191.jpe 300w, https:\/\/www.carideal.com\/blog\/wp-content\/uploads\/2013\/11\/911DS-4-110x70.jpe 110w, https:\/\/www.carideal.com\/blog\/wp-content\/uploads\/2013\/11\/911DS-4-50x32.jpe 50w\" sizes=\"(max-width: 400px) 100vw, 400px\" \/><\/a><figcaption id=\"caption-attachment-15896\" class=\"wp-caption-text\">911DS<\/figcaption><\/figure>\n<p>Bon nous \u00e7a nous a mis l'eau \u00e0 la bouche et on la veut cette Citroen Porsche 911DS ! Pas Vous ?<\/p>\n<p>source brandpower.com<\/p>\n","protected":false},"excerpt":{"rendered":"<p>911DS BrandPower une soci\u00e9t\u00e9 de communication a cr\u00e9\u00e9 une Porsche DS Brandpower, est une soci\u00e9t\u00e9 sp\u00e9cialis\u00e9e dans la communication visuelle, Ils viennent de fusionner virtuellement deux monstres automobiles, la Citroen DS et la sportive allemande Porsche 911. Ils ont choisis pour cela la Citroen DS de 1955 et de l&rsquo;autre la premi\u00e8re g\u00e9n\u00e9ration de Porsche &#8230; <a title=\"Une Agence de Com invente la 911DS\" class=\"read-more\" href=\"https:\/\/www.carideal.com\/blog\/2013\/11\/09\/une-agence-de-com-invente-la-911ds\/\" aria-label=\"En savoir plus sur Une Agence de Com invente la 911DS\">Lire plus<\/a><\/p>\n","protected":false},"author":1,"featured_media":15892,"comment_status":"open","ping_status":"open","sticky":false,"template":"","format":"standard","meta":{"_uag_custom_page_level_css":"","_themeisle_gutenberg_block_has_review":false,"footnotes":""},"categories":[5,5944,6062,5975,9,5974],"tags":[],"class_list":["post-594","post","type-post","status-publish","format-standard","has-post-thumbnail","hentry","category-citroen","category-constructeur","category-porsche","category-concept-car","category-divers","category-type-de-vehicule"],"wppr_data":{"cwp_meta_box_check":"No"},"yoast_head":"<!-- This site is optimized with the Yoast SEO plugin v24.8.1 - https:\/\/yoast.com\/wordpress\/plugins\/seo\/ -->\n<title>Une Agence de Com invente la 911DS - Blog auto Carid\u00e9al<\/title>\n<meta name=\"description\" content=\"Une agence de communication invente une 911DS, l&#039;avant d&#039;une Porsche et l&#039;arri\u00e8re d&#039;une DS La 911DS est n\u00e9e de l&#039;imagination d&#039;ing\u00e9nieurs.\" \/>\n<meta name=\"robots\" content=\"index, follow, max-snippet:-1, max-image-preview:large, max-video-preview:-1\" \/>\n<link rel=\"canonical\" href=\"https:\/\/www.carideal.com\/blog\/2013\/11\/09\/une-agence-de-com-invente-la-911ds\/\" \/>\n<meta property=\"og:locale\" content=\"fr_FR\" \/>\n<meta property=\"og:type\" content=\"article\" \/>\n<meta property=\"og:title\" content=\"Une Agence de Com invente la 911DS - Blog auto Carid\u00e9al\" \/>\n<meta property=\"og:description\" content=\"Une agence de communication invente une 911DS, l&#039;avant d&#039;une Porsche et l&#039;arri\u00e8re d&#039;une DS La 911DS est n\u00e9e de l&#039;imagination d&#039;ing\u00e9nieurs.\" \/>\n<meta property=\"og:url\" content=\"https:\/\/www.carideal.com\/blog\/2013\/11\/09\/une-agence-de-com-invente-la-911ds\/\" \/>\n<meta property=\"og:site_name\" content=\"Blog auto Carid\u00e9al\" \/>\n<meta property=\"article:publisher\" content=\"https:\/\/www.facebook.com\/Carideal.mandataire.automobile\" \/>\n<meta property=\"article:author\" content=\"https:\/\/www.facebook.com\/Carideal.mandataire.automobile\/\" \/>\n<meta property=\"article:published_time\" content=\"2013-11-09T08:59:00+00:00\" \/>\n<meta property=\"article:modified_time\" content=\"2017-04-02T16:10:52+00:00\" \/>\n<meta property=\"og:image\" content=\"https:\/\/www.carideal.com\/blog\/wp-content\/uploads\/2013\/11\/citroen-porsche-911ds-brandpowder-e1491147981882.jpg\" \/>\n\t<meta property=\"og:image:width\" content=\"800\" \/>\n\t<meta property=\"og:image:height\" content=\"542\" \/>\n\t<meta property=\"og:image:type\" content=\"image\/jpeg\" \/>\n<meta name=\"author\" content=\"N.S Carideal\" \/>\n<meta name=\"twitter:card\" content=\"summary_large_image\" \/>\n<meta name=\"twitter:creator\" content=\"@caridealauto\" \/>\n<meta name=\"twitter:site\" content=\"@caridealauto\" \/>\n<meta name=\"twitter:label1\" content=\"\u00c9crit par\" \/>\n\t<meta name=\"twitter:data1\" content=\"N.S Carideal\" \/>\n\t<meta name=\"twitter:label2\" content=\"Dur\u00e9e de lecture estim\u00e9e\" \/>\n\t<meta name=\"twitter:data2\" content=\"2 minutes\" \/>\n<script type=\"application\/ld+json\" class=\"yoast-schema-graph\">{\"@context\":\"https:\/\/schema.org\",\"@graph\":[{\"@type\":\"Article\",\"@id\":\"https:\/\/www.carideal.com\/blog\/2013\/11\/09\/une-agence-de-com-invente-la-911ds\/#article\",\"isPartOf\":{\"@id\":\"https:\/\/www.carideal.com\/blog\/2013\/11\/09\/une-agence-de-com-invente-la-911ds\/\"},\"author\":{\"name\":\"N.S Carideal\",\"@id\":\"https:\/\/www.carideal.com\/blog\/#\/schema\/person\/985c7e757d1042d647f21bfaf8d41ebc\"},\"headline\":\"Une Agence de Com invente la 911DS\",\"datePublished\":\"2013-11-09T08:59:00+00:00\",\"dateModified\":\"2017-04-02T16:10:52+00:00\",\"mainEntityOfPage\":{\"@id\":\"https:\/\/www.carideal.com\/blog\/2013\/11\/09\/une-agence-de-com-invente-la-911ds\/\"},\"wordCount\":487,\"commentCount\":0,\"publisher\":{\"@id\":\"https:\/\/www.carideal.com\/blog\/#organization\"},\"image\":{\"@id\":\"https:\/\/www.carideal.com\/blog\/2013\/11\/09\/une-agence-de-com-invente-la-911ds\/#primaryimage\"},\"thumbnailUrl\":\"https:\/\/www.carideal.com\/blog\/wp-content\/uploads\/2013\/11\/citroen-porsche-911ds-brandpowder-e1491147981882.jpg\",\"articleSection\":[\"Actualit\u00e9 Citroen\",\"Actualit\u00e9 Constructeur automobile\",\"Actualit\u00e9 Porsche\",\"Concept car\",\"Divers\",\"Type de v\u00e9hicule\"],\"inLanguage\":\"fr-FR\",\"potentialAction\":[{\"@type\":\"CommentAction\",\"name\":\"Comment\",\"target\":[\"https:\/\/www.carideal.com\/blog\/2013\/11\/09\/une-agence-de-com-invente-la-911ds\/#respond\"]}]},{\"@type\":\"WebPage\",\"@id\":\"https:\/\/www.carideal.com\/blog\/2013\/11\/09\/une-agence-de-com-invente-la-911ds\/\",\"url\":\"https:\/\/www.carideal.com\/blog\/2013\/11\/09\/une-agence-de-com-invente-la-911ds\/\",\"name\":\"Une Agence de Com invente la 911DS - Blog auto Carid\u00e9al\",\"isPartOf\":{\"@id\":\"https:\/\/www.carideal.com\/blog\/#website\"},\"primaryImageOfPage\":{\"@id\":\"https:\/\/www.carideal.com\/blog\/2013\/11\/09\/une-agence-de-com-invente-la-911ds\/#primaryimage\"},\"image\":{\"@id\":\"https:\/\/www.carideal.com\/blog\/2013\/11\/09\/une-agence-de-com-invente-la-911ds\/#primaryimage\"},\"thumbnailUrl\":\"https:\/\/www.carideal.com\/blog\/wp-content\/uploads\/2013\/11\/citroen-porsche-911ds-brandpowder-e1491147981882.jpg\",\"datePublished\":\"2013-11-09T08:59:00+00:00\",\"dateModified\":\"2017-04-02T16:10:52+00:00\",\"description\":\"Une agence de communication invente une 911DS, l'avant d'une Porsche et l'arri\u00e8re d'une DS La 911DS est n\u00e9e de l'imagination d'ing\u00e9nieurs.\",\"breadcrumb\":{\"@id\":\"https:\/\/www.carideal.com\/blog\/2013\/11\/09\/une-agence-de-com-invente-la-911ds\/#breadcrumb\"},\"inLanguage\":\"fr-FR\",\"potentialAction\":[{\"@type\":\"ReadAction\",\"target\":[\"https:\/\/www.carideal.com\/blog\/2013\/11\/09\/une-agence-de-com-invente-la-911ds\/\"]}]},{\"@type\":\"ImageObject\",\"inLanguage\":\"fr-FR\",\"@id\":\"https:\/\/www.carideal.com\/blog\/2013\/11\/09\/une-agence-de-com-invente-la-911ds\/#primaryimage\",\"url\":\"https:\/\/www.carideal.com\/blog\/wp-content\/uploads\/2013\/11\/citroen-porsche-911ds-brandpowder-e1491147981882.jpg\",\"contentUrl\":\"https:\/\/www.carideal.com\/blog\/wp-content\/uploads\/2013\/11\/citroen-porsche-911ds-brandpowder-e1491147981882.jpg\",\"width\":800,\"height\":542,\"caption\":\"911DS Citroen Porsche\"},{\"@type\":\"BreadcrumbList\",\"@id\":\"https:\/\/www.carideal.com\/blog\/2013\/11\/09\/une-agence-de-com-invente-la-911ds\/#breadcrumb\",\"itemListElement\":[{\"@type\":\"ListItem\",\"position\":1,\"name\":\"Blog Carid\u00e9al\",\"item\":\"https:\/\/www.carideal.com\/blog\/\"},{\"@type\":\"ListItem\",\"position\":2,\"name\":\"Actualit\u00e9 constructeur automobile\",\"item\":\"https:\/\/www.carideal.com\/blog\/constructeur\/\"},{\"@type\":\"ListItem\",\"position\":3,\"name\":\"Actualit\u00e9 Citroen\",\"item\":\"https:\/\/www.carideal.com\/blog\/constructeur\/citroen\/\"},{\"@type\":\"ListItem\",\"position\":4,\"name\":\"Une Agence de Com invente la 911DS\"}]},{\"@type\":\"WebSite\",\"@id\":\"https:\/\/www.carideal.com\/blog\/#website\",\"url\":\"https:\/\/www.carideal.com\/blog\/\",\"name\":\"Blog auto Carid\u00e9al\",\"description\":\"Actualit\u00e9 auto par des passionn\u00e9s\",\"publisher\":{\"@id\":\"https:\/\/www.carideal.com\/blog\/#organization\"},\"potentialAction\":[{\"@type\":\"SearchAction\",\"target\":{\"@type\":\"EntryPoint\",\"urlTemplate\":\"https:\/\/www.carideal.com\/blog\/?s={search_term_string}\"},\"query-input\":{\"@type\":\"PropertyValueSpecification\",\"valueRequired\":true,\"valueName\":\"search_term_string\"}}],\"inLanguage\":\"fr-FR\"},{\"@type\":\"Organization\",\"@id\":\"https:\/\/www.carideal.com\/blog\/#organization\",\"name\":\"Carideal\",\"url\":\"https:\/\/www.carideal.com\/blog\/\",\"logo\":{\"@type\":\"ImageObject\",\"inLanguage\":\"fr-FR\",\"@id\":\"https:\/\/www.carideal.com\/blog\/#\/schema\/logo\/image\/\",\"url\":\"http:\/\/www.carideal.com\/blog\/wp-content\/uploads\/2016\/03\/logo-carideal-mandataire-automobile.png\",\"contentUrl\":\"http:\/\/www.carideal.com\/blog\/wp-content\/uploads\/2016\/03\/logo-carideal-mandataire-automobile.png\",\"width\":300,\"height\":300,\"caption\":\"Carideal\"},\"image\":{\"@id\":\"https:\/\/www.carideal.com\/blog\/#\/schema\/logo\/image\/\"},\"sameAs\":[\"https:\/\/www.facebook.com\/Carideal.mandataire.automobile\",\"https:\/\/x.com\/caridealauto\",\"https:\/\/www.instagram.com\/carideal1\/\",\"https:\/\/www.linkedin.com\/company\/carideal.com\",\"https:\/\/fr.pinterest.com\/schiavonsas\/\",\"https:\/\/www.youtube.com\/user\/caridealsas\"]},{\"@type\":\"Person\",\"@id\":\"https:\/\/www.carideal.com\/blog\/#\/schema\/person\/985c7e757d1042d647f21bfaf8d41ebc\",\"name\":\"N.S Carideal\",\"image\":{\"@type\":\"ImageObject\",\"inLanguage\":\"fr-FR\",\"@id\":\"https:\/\/www.carideal.com\/blog\/#\/schema\/person\/image\/\",\"url\":\"https:\/\/secure.gravatar.com\/avatar\/edb7ccdf1a4e3d14aef967760d354d0e?s=96&r=g\",\"contentUrl\":\"https:\/\/secure.gravatar.com\/avatar\/edb7ccdf1a4e3d14aef967760d354d0e?s=96&r=g\",\"caption\":\"N.S Carideal\"},\"description\":\"Depuis tout petit fan d'automobile. Il est question d'essayer et de comparer toutes ces voitures qui nous ont fait r\u00e9ver, avant que celles-ci ne devient uniquement des voitures de collection.\",\"sameAs\":[\"http:\/\/www.carideal.com\/blog\",\"https:\/\/www.facebook.com\/Carideal.mandataire.automobile\/\",\"https:\/\/www.linkedin.com\/in\/nschiavon\/\",\"https:\/\/www.youtube.com\/user\/caridealsas\/\"],\"url\":\"https:\/\/www.carideal.com\/blog\/author\/admin_carideal\/\"}]}<\/script>\n<!-- \/ Yoast SEO plugin. -->","yoast_head_json":{"title":"Une Agence de Com invente la 911DS - Blog auto Carid\u00e9al","description":"Une agence de communication invente une 911DS, l'avant d'une Porsche et l'arri\u00e8re d'une DS La 911DS est n\u00e9e de l'imagination d'ing\u00e9nieurs.","robots":{"index":"index","follow":"follow","max-snippet":"max-snippet:-1","max-image-preview":"max-image-preview:large","max-video-preview":"max-video-preview:-1"},"canonical":"https:\/\/www.carideal.com\/blog\/2013\/11\/09\/une-agence-de-com-invente-la-911ds\/","og_locale":"fr_FR","og_type":"article","og_title":"Une Agence de Com invente la 911DS - Blog auto Carid\u00e9al","og_description":"Une agence de communication invente une 911DS, l'avant d'une Porsche et l'arri\u00e8re d'une DS La 911DS est n\u00e9e de l'imagination d'ing\u00e9nieurs.","og_url":"https:\/\/www.carideal.com\/blog\/2013\/11\/09\/une-agence-de-com-invente-la-911ds\/","og_site_name":"Blog auto Carid\u00e9al","article_publisher":"https:\/\/www.facebook.com\/Carideal.mandataire.automobile","article_author":"https:\/\/www.facebook.com\/Carideal.mandataire.automobile\/","article_published_time":"2013-11-09T08:59:00+00:00","article_modified_time":"2017-04-02T16:10:52+00:00","og_image":[{"width":800,"height":542,"url":"https:\/\/www.carideal.com\/blog\/wp-content\/uploads\/2013\/11\/citroen-porsche-911ds-brandpowder-e1491147981882.jpg","type":"image\/jpeg"}],"author":"N.S Carideal","twitter_card":"summary_large_image","twitter_creator":"@caridealauto","twitter_site":"@caridealauto","twitter_misc":{"\u00c9crit par":"N.S Carideal","Dur\u00e9e de lecture estim\u00e9e":"2 minutes"},"schema":{"@context":"https:\/\/schema.org","@graph":[{"@type":"Article","@id":"https:\/\/www.carideal.com\/blog\/2013\/11\/09\/une-agence-de-com-invente-la-911ds\/#article","isPartOf":{"@id":"https:\/\/www.carideal.com\/blog\/2013\/11\/09\/une-agence-de-com-invente-la-911ds\/"},"author":{"name":"N.S Carideal","@id":"https:\/\/www.carideal.com\/blog\/#\/schema\/person\/985c7e757d1042d647f21bfaf8d41ebc"},"headline":"Une Agence de Com invente la 911DS","datePublished":"2013-11-09T08:59:00+00:00","dateModified":"2017-04-02T16:10:52+00:00","mainEntityOfPage":{"@id":"https:\/\/www.carideal.com\/blog\/2013\/11\/09\/une-agence-de-com-invente-la-911ds\/"},"wordCount":487,"commentCount":0,"publisher":{"@id":"https:\/\/www.carideal.com\/blog\/#organization"},"image":{"@id":"https:\/\/www.carideal.com\/blog\/2013\/11\/09\/une-agence-de-com-invente-la-911ds\/#primaryimage"},"thumbnailUrl":"https:\/\/www.carideal.com\/blog\/wp-content\/uploads\/2013\/11\/citroen-porsche-911ds-brandpowder-e1491147981882.jpg","articleSection":["Actualit\u00e9 Citroen","Actualit\u00e9 Constructeur automobile","Actualit\u00e9 Porsche","Concept car","Divers","Type de v\u00e9hicule"],"inLanguage":"fr-FR","potentialAction":[{"@type":"CommentAction","name":"Comment","target":["https:\/\/www.carideal.com\/blog\/2013\/11\/09\/une-agence-de-com-invente-la-911ds\/#respond"]}]},{"@type":"WebPage","@id":"https:\/\/www.carideal.com\/blog\/2013\/11\/09\/une-agence-de-com-invente-la-911ds\/","url":"https:\/\/www.carideal.com\/blog\/2013\/11\/09\/une-agence-de-com-invente-la-911ds\/","name":"Une Agence de Com invente la 911DS - Blog auto Carid\u00e9al","isPartOf":{"@id":"https:\/\/www.carideal.com\/blog\/#website"},"primaryImageOfPage":{"@id":"https:\/\/www.carideal.com\/blog\/2013\/11\/09\/une-agence-de-com-invente-la-911ds\/#primaryimage"},"image":{"@id":"https:\/\/www.carideal.com\/blog\/2013\/11\/09\/une-agence-de-com-invente-la-911ds\/#primaryimage"},"thumbnailUrl":"https:\/\/www.carideal.com\/blog\/wp-content\/uploads\/2013\/11\/citroen-porsche-911ds-brandpowder-e1491147981882.jpg","datePublished":"2013-11-09T08:59:00+00:00","dateModified":"2017-04-02T16:10:52+00:00","description":"Une agence de communication invente une 911DS, l'avant d'une Porsche et l'arri\u00e8re d'une DS La 911DS est n\u00e9e de l'imagination d'ing\u00e9nieurs.","breadcrumb":{"@id":"https:\/\/www.carideal.com\/blog\/2013\/11\/09\/une-agence-de-com-invente-la-911ds\/#breadcrumb"},"inLanguage":"fr-FR","potentialAction":[{"@type":"ReadAction","target":["https:\/\/www.carideal.com\/blog\/2013\/11\/09\/une-agence-de-com-invente-la-911ds\/"]}]},{"@type":"ImageObject","inLanguage":"fr-FR","@id":"https:\/\/www.carideal.com\/blog\/2013\/11\/09\/une-agence-de-com-invente-la-911ds\/#primaryimage","url":"https:\/\/www.carideal.com\/blog\/wp-content\/uploads\/2013\/11\/citroen-porsche-911ds-brandpowder-e1491147981882.jpg","contentUrl":"https:\/\/www.carideal.com\/blog\/wp-content\/uploads\/2013\/11\/citroen-porsche-911ds-brandpowder-e1491147981882.jpg","width":800,"height":542,"caption":"911DS Citroen Porsche"},{"@type":"BreadcrumbList","@id":"https:\/\/www.carideal.com\/blog\/2013\/11\/09\/une-agence-de-com-invente-la-911ds\/#breadcrumb","itemListElement":[{"@type":"ListItem","position":1,"name":"Blog Carid\u00e9al","item":"https:\/\/www.carideal.com\/blog\/"},{"@type":"ListItem","position":2,"name":"Actualit\u00e9 constructeur automobile","item":"https:\/\/www.carideal.com\/blog\/constructeur\/"},{"@type":"ListItem","position":3,"name":"Actualit\u00e9 Citroen","item":"https:\/\/www.carideal.com\/blog\/constructeur\/citroen\/"},{"@type":"ListItem","position":4,"name":"Une Agence de Com invente la 911DS"}]},{"@type":"WebSite","@id":"https:\/\/www.carideal.com\/blog\/#website","url":"https:\/\/www.carideal.com\/blog\/","name":"Blog auto Carid\u00e9al","description":"Actualit\u00e9 auto par des passionn\u00e9s","publisher":{"@id":"https:\/\/www.carideal.com\/blog\/#organization"},"potentialAction":[{"@type":"SearchAction","target":{"@type":"EntryPoint","urlTemplate":"https:\/\/www.carideal.com\/blog\/?s={search_term_string}"},"query-input":{"@type":"PropertyValueSpecification","valueRequired":true,"valueName":"search_term_string"}}],"inLanguage":"fr-FR"},{"@type":"Organization","@id":"https:\/\/www.carideal.com\/blog\/#organization","name":"Carideal","url":"https:\/\/www.carideal.com\/blog\/","logo":{"@type":"ImageObject","inLanguage":"fr-FR","@id":"https:\/\/www.carideal.com\/blog\/#\/schema\/logo\/image\/","url":"http:\/\/www.carideal.com\/blog\/wp-content\/uploads\/2016\/03\/logo-carideal-mandataire-automobile.png","contentUrl":"http:\/\/www.carideal.com\/blog\/wp-content\/uploads\/2016\/03\/logo-carideal-mandataire-automobile.png","width":300,"height":300,"caption":"Carideal"},"image":{"@id":"https:\/\/www.carideal.com\/blog\/#\/schema\/logo\/image\/"},"sameAs":["https:\/\/www.facebook.com\/Carideal.mandataire.automobile","https:\/\/x.com\/caridealauto","https:\/\/www.instagram.com\/carideal1\/","https:\/\/www.linkedin.com\/company\/carideal.com","https:\/\/fr.pinterest.com\/schiavonsas\/","https:\/\/www.youtube.com\/user\/caridealsas"]},{"@type":"Person","@id":"https:\/\/www.carideal.com\/blog\/#\/schema\/person\/985c7e757d1042d647f21bfaf8d41ebc","name":"N.S Carideal","image":{"@type":"ImageObject","inLanguage":"fr-FR","@id":"https:\/\/www.carideal.com\/blog\/#\/schema\/person\/image\/","url":"https:\/\/secure.gravatar.com\/avatar\/edb7ccdf1a4e3d14aef967760d354d0e?s=96&r=g","contentUrl":"https:\/\/secure.gravatar.com\/avatar\/edb7ccdf1a4e3d14aef967760d354d0e?s=96&r=g","caption":"N.S Carideal"},"description":"Depuis tout petit fan d'automobile. Il est question d'essayer et de comparer toutes ces voitures qui nous ont fait r\u00e9ver, avant que celles-ci ne devient uniquement des voitures de collection.","sameAs":["http:\/\/www.carideal.com\/blog","https:\/\/www.facebook.com\/Carideal.mandataire.automobile\/","https:\/\/www.linkedin.com\/in\/nschiavon\/","https:\/\/www.youtube.com\/user\/caridealsas\/"],"url":"https:\/\/www.carideal.com\/blog\/author\/admin_carideal\/"}]}},"uagb_featured_image_src":{"full":["https:\/\/www.carideal.com\/blog\/wp-content\/uploads\/2013\/11\/citroen-porsche-911ds-brandpowder-e1491147981882.jpg",800,542,false],"thumbnail":["https:\/\/www.carideal.com\/blog\/wp-content\/uploads\/2013\/11\/citroen-porsche-911ds-brandpowder-150x150.jpg",150,150,true],"medium":["https:\/\/www.carideal.com\/blog\/wp-content\/uploads\/2013\/11\/citroen-porsche-911ds-brandpowder-300x203.jpg",300,203,true],"medium_large":["https:\/\/www.carideal.com\/blog\/wp-content\/uploads\/2013\/11\/citroen-porsche-911ds-brandpowder-768x521.jpg",768,521,true],"large":["https:\/\/www.carideal.com\/blog\/wp-content\/uploads\/2013\/11\/citroen-porsche-911ds-brandpowder-1024x694.jpg",1024,694,true],"1536x1536":["https:\/\/www.carideal.com\/blog\/wp-content\/uploads\/2013\/11\/citroen-porsche-911ds-brandpowder-e1491147981882.jpg",800,542,false],"2048x2048":["https:\/\/www.carideal.com\/blog\/wp-content\/uploads\/2013\/11\/citroen-porsche-911ds-brandpowder-e1491147981882.jpg",800,542,false],"wppr-widget":["https:\/\/www.carideal.com\/blog\/wp-content\/uploads\/2013\/11\/citroen-porsche-911ds-brandpowder-e1491147981882.jpg",50,34,false]},"uagb_author_info":{"display_name":"N.S Carideal","author_link":"https:\/\/www.carideal.com\/blog\/author\/admin_carideal\/"},"uagb_comment_info":0,"uagb_excerpt":"911DS BrandPower une soci\u00e9t\u00e9 de communication a cr\u00e9\u00e9 une Porsche DS Brandpower, est une soci\u00e9t\u00e9 sp\u00e9cialis\u00e9e dans la communication visuelle, Ils viennent de fusionner virtuellement deux monstres automobiles, la Citroen DS et la sportive allemande Porsche 911. Ils ont choisis pour cela la Citroen DS de 1955 et de l'autre la premi\u00e8re g\u00e9n\u00e9ration de Porsche\u2026","_links":{"self":[{"href":"https:\/\/www.carideal.com\/blog\/wp-json\/wp\/v2\/posts\/594"}],"collection":[{"href":"https:\/\/www.carideal.com\/blog\/wp-json\/wp\/v2\/posts"}],"about":[{"href":"https:\/\/www.carideal.com\/blog\/wp-json\/wp\/v2\/types\/post"}],"author":[{"embeddable":true,"href":"https:\/\/www.carideal.com\/blog\/wp-json\/wp\/v2\/users\/1"}],"replies":[{"embeddable":true,"href":"https:\/\/www.carideal.com\/blog\/wp-json\/wp\/v2\/comments?post=594"}],"version-history":[{"count":0,"href":"https:\/\/www.carideal.com\/blog\/wp-json\/wp\/v2\/posts\/594\/revisions"}],"wp:featuredmedia":[{"embeddable":true,"href":"https:\/\/www.carideal.com\/blog\/wp-json\/wp\/v2\/media\/15892"}],"wp:attachment":[{"href":"https:\/\/www.carideal.com\/blog\/wp-json\/wp\/v2\/media?parent=594"}],"wp:term":[{"taxonomy":"category","embeddable":true,"href":"https:\/\/www.carideal.com\/blog\/wp-json\/wp\/v2\/categories?post=594"},{"taxonomy":"post_tag","embeddable":true,"href":"https:\/\/www.carideal.com\/blog\/wp-json\/wp\/v2\/tags?post=594"}],"curies":[{"name":"wp","href":"https:\/\/api.w.org\/{rel}","templated":true}]}}